{"id":59147,"date":"2020-09-28T03:09:19","date_gmt":"2020-09-28T08:09:19","guid":{"rendered":"https:\/\/akunq.net\/tr\/?p=59147"},"modified":"2020-09-28T03:09:19","modified_gmt":"2020-09-28T08:09:19","slug":"abd-kogre-uyesi-adam-schiff-azerbaycani-cezalandirmaya-cagiriyor","status":"publish","type":"post","link":"https:\/\/akunq.net\/tr\/?p=59147","title":{"rendered":"ABD Kogre \u00fcyesi Adam Schiff Azerbaycan\u2019\u0131 cezaland\u0131rmaya \u00e7a\u011f\u0131r\u0131yor"},"content":{"rendered":"<p><img loading=\"lazy\" decoding=\"async\" class=\"alignleft size-medium wp-image-59148\" src=\"https:\/\/akunq.net\/tr\/wp-content\/uploads\/2020\/09\/Adam-Schiff-360x240.jpg\" alt=\"\" width=\"360\" height=\"240\" srcset=\"https:\/\/akunq.net\/tr\/wp-content\/uploads\/sites\/6\/2020\/09\/Adam-Schiff-360x240.jpg 360w, https:\/\/akunq.net\/tr\/wp-content\/uploads\/sites\/6\/2020\/09\/Adam-Schiff-768x512.jpg 768w, https:\/\/akunq.net\/tr\/wp-content\/uploads\/sites\/6\/2020\/09\/Adam-Schiff-1536x1024.jpg 1536w, https:\/\/akunq.net\/tr\/wp-content\/uploads\/sites\/6\/2020\/09\/Adam-Schiff-560x373.jpg 560w, https:\/\/akunq.net\/tr\/wp-content\/uploads\/sites\/6\/2020\/09\/Adam-Schiff-260x173.jpg 260w, https:\/\/akunq.net\/tr\/wp-content\/uploads\/sites\/6\/2020\/09\/Adam-Schiff-160x107.jpg 160w, https:\/\/akunq.net\/tr\/wp-content\/uploads\/sites\/6\/2020\/09\/Adam-Schiff.jpg 2048w\" sizes=\"auto, (max-width: 360px) 100vw, 360px\" \/><\/p>\n<p><em><strong>ABD Kongre \u00fcyesi Adam Schiff a\u00e7\u0131klamada bulunarak ABD istihbarat servisinden Karaba\u011f-Azerbaycan s\u0131n\u0131r hatt\u0131 boyunca devam eden \u00e7at\u0131\u015fmalar\u0131n kim taraf\u0131ndan ba\u015flat\u0131ld\u0131\u011f\u0131n\u0131 \u00f6\u011frenip cezaland\u0131r\u0131lmas\u0131n\u0131 talep etti.<\/strong><\/em><\/p>\n<p><em>Adam Schiff a\u00e7\u0131klamas\u0131nda \u015fu ifadeleri kulland\u0131:<\/em><\/p>\n<p>\u201cGece s\u0131ras\u0131nda Azerbaycan Artsakh\u2019a (Karaba\u011f) kar\u015f\u0131 son y\u0131llar\u0131n en b\u00fcy\u00fck sald\u0131r\u0131s\u0131n\u0131 ger\u00e7ekle\u015ftirdi ve gelen bilgilere g\u00f6re baya kay\u0131plar oldu. ABD acil bir \u015fekilde Minsk Grubu di\u011fer \u00fcyeleriyle birlikte bar\u0131\u015f\u0131n yeniden sa\u011flanmas\u0131 ve durumun k\u00f6t\u00fcle\u015fmesini \u00f6nlemek i\u00e7in \u00e7al\u0131\u015fmalar ba\u015flatmal\u0131.\u201d<\/p>\n<p>ABD Kongre \u00fcyesi Adam Schiff ayn\u0131 zamanda bir yasa tasar\u0131s\u0131 \u00f6ne s\u00fcrd\u00fc\u011f\u00fcn\u00fc, ABD istihbarat servislerinden kimin bu \u00e7at\u0131\u015fmalar\u0131 ba\u015flatt\u0131\u011f\u0131n\u0131 ortaya \u00e7\u0131kar\u0131p Azerbaycan\u2019a cezaland\u0131rmak i\u00e7in gereken ad\u0131mlar\u0131 atmaya \u00e7a\u011f\u0131rd\u0131\u011f\u0131n\u0131 belirtti.<\/p>\n<p><em><strong><a href=\"https:\/\/www.ermenihaber.am\/tr\/news\/2020\/09\/28\/ABD-Kogre-Adam-Schiff-Azerbaycan\/193649\">https:\/\/www.ermenihaber.am\/tr\/news\/2020\/09\/28\/ABD-Kogre-Adam-Schiff-Azerbaycan\/193649<\/a><\/strong><\/em><\/p>\n","protected":false},"excerpt":{"rendered":"<p>ABD Kongre \u00fcyesi Adam Schiff a\u00e7\u0131klamada bulunarak ABD istihbarat servisinden Karaba\u011f-Azerbaycan s\u0131n\u0131r hatt\u0131 boyunca devam eden \u00e7at\u0131\u015fmalar\u0131n kim taraf\u0131ndan ba\u015flat\u0131ld\u0131\u011f\u0131n\u0131 \u00f6\u011frenip cezaland\u0131r\u0131lmas\u0131n\u0131 talep etti. Adam Schiff a\u00e7\u0131klamas\u0131nda \u015fu ifadeleri kulland\u0131: \u201cGece s\u0131ras\u0131nda Azerbaycan Artsakh\u2019a (Karaba\u011f) kar\u015f\u0131 son y\u0131llar\u0131n en b\u00fcy\u00fck sald\u0131r\u0131s\u0131n\u0131 ger\u00e7ekle\u015ftirdi ve gelen bilgilere g\u00f6re baya kay\u0131plar oldu. ABD acil bir \u015fekilde Minsk Grubu [&hellip;]<\/p>\n","protected":false},"author":7,"featured_media":59148,"comment_status":"open","ping_status":"open","sticky":false,"template":"","format":"standard","meta":{"footnotes":""},"categories":[1],"tags":[],"class_list":["post-59147","post","type-post","status-publish","format-standard","has-post-thumbnail","hentry","category-haberler"],"yoast_head":"<!-- This site is optimized with the Yoast SEO plugin v27.4 - https:\/\/yoast.com\/product\/yoast-seo-wordpress\/ -->\n<title>ABD Kogre \u00fcyesi Adam Schiff Azerbaycan\u2019\u0131 cezaland\u0131rmaya \u00e7a\u011f\u0131r\u0131yor - Bati Ermenistan Ve Bati Ermenileri Sorunlari Ara\u015ftirmalar Merkezi<\/title>\n<meta name=\"robots\" content=\"index, follow, max-snippet:-1, max-image-preview:large, max-video-preview:-1\" \/>\n<link rel=\"canonical\" href=\"https:\/\/akunq.net\/tr\/?p=59147\" \/>\n<meta property=\"og:locale\" content=\"en_US\" \/>\n<meta property=\"og:type\" content=\"article\" \/>\n<meta property=\"og:title\" content=\"ABD Kogre \u00fcyesi Adam Schiff Azerbaycan\u2019\u0131 cezaland\u0131rmaya \u00e7a\u011f\u0131r\u0131yor - Bati Ermenistan Ve Bati Ermenileri Sorunlari Ara\u015ftirmalar Merkezi\" \/>\n<meta property=\"og:description\" content=\"ABD Kongre \u00fcyesi Adam Schiff a\u00e7\u0131klamada bulunarak ABD istihbarat servisinden Karaba\u011f-Azerbaycan s\u0131n\u0131r hatt\u0131 boyunca devam eden \u00e7at\u0131\u015fmalar\u0131n kim taraf\u0131ndan ba\u015flat\u0131ld\u0131\u011f\u0131n\u0131 \u00f6\u011frenip cezaland\u0131r\u0131lmas\u0131n\u0131 talep etti. Adam Schiff a\u00e7\u0131klamas\u0131nda \u015fu ifadeleri kulland\u0131: \u201cGece s\u0131ras\u0131nda Azerbaycan Artsakh\u2019a (Karaba\u011f) kar\u015f\u0131 son y\u0131llar\u0131n en b\u00fcy\u00fck sald\u0131r\u0131s\u0131n\u0131 ger\u00e7ekle\u015ftirdi ve gelen bilgilere g\u00f6re baya kay\u0131plar oldu. ABD acil bir \u015fekilde Minsk Grubu [&hellip;]\" \/>\n<meta property=\"og:url\" content=\"https:\/\/akunq.net\/tr\/?p=59147\" \/>\n<meta property=\"og:site_name\" content=\"Bati Ermenistan Ve Bati Ermenileri Sorunlari Ara\u015ftirmalar Merkezi\" \/>\n<meta property=\"article:published_time\" content=\"2020-09-28T08:09:19+00:00\" \/>\n<meta property=\"og:image\" content=\"https:\/\/akunq.net\/tr\/wp-content\/uploads\/sites\/6\/2020\/09\/Adam-Schiff.jpg\" \/>\n\t<meta property=\"og:image:width\" content=\"2048\" \/>\n\t<meta property=\"og:image:height\" content=\"1365\" \/>\n\t<meta property=\"og:image:type\" content=\"image\/jpeg\" \/>\n<meta name=\"author\" content=\"admin\" \/>\n<meta name=\"twitter:card\" content=\"summary_large_image\" \/>\n<meta name=\"twitter:label1\" content=\"Written by\" \/>\n\t<meta name=\"twitter:data1\" content=\"admin\" \/>\n\t<meta name=\"twitter:label2\" content=\"Est. reading time\" \/>\n\t<meta name=\"twitter:data2\" content=\"1 minute\" \/>\n<script type=\"application\/ld+json\" class=\"yoast-schema-graph\">{\"@context\":\"https:\\\/\\\/schema.org\",\"@graph\":[{\"@type\":\"Article\",\"@id\":\"https:\\\/\\\/akunq.net\\\/tr\\\/?p=59147#article\",\"isPartOf\":{\"@id\":\"https:\\\/\\\/akunq.net\\\/tr\\\/?p=59147\"},\"author\":{\"name\":\"admin\",\"@id\":\"https:\\\/\\\/akunq.net\\\/tr\\\/#\\\/schema\\\/person\\\/096f1d38a12cce57fb855b485ed24c9e\"},\"headline\":\"ABD Kogre \u00fcyesi Adam Schiff Azerbaycan\u2019\u0131 cezaland\u0131rmaya \u00e7a\u011f\u0131r\u0131yor\",\"datePublished\":\"2020-09-28T08:09:19+00:00\",\"mainEntityOfPage\":{\"@id\":\"https:\\\/\\\/akunq.net\\\/tr\\\/?p=59147\"},\"wordCount\":166,\"commentCount\":0,\"image\":{\"@id\":\"https:\\\/\\\/akunq.net\\\/tr\\\/?p=59147#primaryimage\"},\"thumbnailUrl\":\"https:\\\/\\\/akunq.net\\\/tr\\\/wp-content\\\/uploads\\\/sites\\\/6\\\/2020\\\/09\\\/Adam-Schiff.jpg\",\"articleSection\":[\"Haberler\"],\"inLanguage\":\"en-US\",\"potentialAction\":[{\"@type\":\"CommentAction\",\"name\":\"Comment\",\"target\":[\"https:\\\/\\\/akunq.net\\\/tr\\\/?p=59147#respond\"]}]},{\"@type\":\"WebPage\",\"@id\":\"https:\\\/\\\/akunq.net\\\/tr\\\/?p=59147\",\"url\":\"https:\\\/\\\/akunq.net\\\/tr\\\/?p=59147\",\"name\":\"ABD Kogre \u00fcyesi Adam Schiff Azerbaycan\u2019\u0131 cezaland\u0131rmaya \u00e7a\u011f\u0131r\u0131yor - Bati Ermenistan Ve Bati Ermenileri Sorunlari Ara\u015ftirmalar Merkezi\",\"isPartOf\":{\"@id\":\"https:\\\/\\\/akunq.net\\\/tr\\\/#website\"},\"primaryImageOfPage\":{\"@id\":\"https:\\\/\\\/akunq.net\\\/tr\\\/?p=59147#primaryimage\"},\"image\":{\"@id\":\"https:\\\/\\\/akunq.net\\\/tr\\\/?p=59147#primaryimage\"},\"thumbnailUrl\":\"https:\\\/\\\/akunq.net\\\/tr\\\/wp-content\\\/uploads\\\/sites\\\/6\\\/2020\\\/09\\\/Adam-Schiff.jpg\",\"datePublished\":\"2020-09-28T08:09:19+00:00\",\"author\":{\"@id\":\"https:\\\/\\\/akunq.net\\\/tr\\\/#\\\/schema\\\/person\\\/096f1d38a12cce57fb855b485ed24c9e\"},\"breadcrumb\":{\"@id\":\"https:\\\/\\\/akunq.net\\\/tr\\\/?p=59147#breadcrumb\"},\"inLanguage\":\"en-US\",\"potentialAction\":[{\"@type\":\"ReadAction\",\"target\":[\"https:\\\/\\\/akunq.net\\\/tr\\\/?p=59147\"]}]},{\"@type\":\"ImageObject\",\"inLanguage\":\"en-US\",\"@id\":\"https:\\\/\\\/akunq.net\\\/tr\\\/?p=59147#primaryimage\",\"url\":\"https:\\\/\\\/akunq.net\\\/tr\\\/wp-content\\\/uploads\\\/sites\\\/6\\\/2020\\\/09\\\/Adam-Schiff.jpg\",\"contentUrl\":\"https:\\\/\\\/akunq.net\\\/tr\\\/wp-content\\\/uploads\\\/sites\\\/6\\\/2020\\\/09\\\/Adam-Schiff.jpg\",\"width\":2048,\"height\":1365},{\"@type\":\"BreadcrumbList\",\"@id\":\"https:\\\/\\\/akunq.net\\\/tr\\\/?p=59147#breadcrumb\",\"itemListElement\":[{\"@type\":\"ListItem\",\"position\":1,\"name\":\"Home\",\"item\":\"https:\\\/\\\/akunq.net\\\/tr\"},{\"@type\":\"ListItem\",\"position\":2,\"name\":\"ABD Kogre \u00fcyesi Adam Schiff Azerbaycan\u2019\u0131 cezaland\u0131rmaya \u00e7a\u011f\u0131r\u0131yor\"}]},{\"@type\":\"WebSite\",\"@id\":\"https:\\\/\\\/akunq.net\\\/tr\\\/#website\",\"url\":\"https:\\\/\\\/akunq.net\\\/tr\\\/\",\"name\":\"Bati Ermenistan Ve Bati Ermenileri Sorunlari Ara\u015ftirmalar Merkezi\",\"description\":\"\",\"potentialAction\":[{\"@type\":\"SearchAction\",\"target\":{\"@type\":\"EntryPoint\",\"urlTemplate\":\"https:\\\/\\\/akunq.net\\\/tr\\\/?s={search_term_string}\"},\"query-input\":{\"@type\":\"PropertyValueSpecification\",\"valueRequired\":true,\"valueName\":\"search_term_string\"}}],\"inLanguage\":\"en-US\"},{\"@type\":\"Person\",\"@id\":\"https:\\\/\\\/akunq.net\\\/tr\\\/#\\\/schema\\\/person\\\/096f1d38a12cce57fb855b485ed24c9e\",\"name\":\"admin\",\"url\":\"https:\\\/\\\/akunq.net\\\/tr\\\/?author=7\"}]}<\/script>\n<!-- \/ Yoast SEO plugin. -->","yoast_head_json":{"title":"ABD Kogre \u00fcyesi Adam Schiff Azerbaycan\u2019\u0131 cezaland\u0131rmaya \u00e7a\u011f\u0131r\u0131yor - Bati Ermenistan Ve Bati Ermenileri Sorunlari Ara\u015ftirmalar Merkezi","robots":{"index":"index","follow":"follow","max-snippet":"max-snippet:-1","max-image-preview":"max-image-preview:large","max-video-preview":"max-video-preview:-1"},"canonical":"https:\/\/akunq.net\/tr\/?p=59147","og_locale":"en_US","og_type":"article","og_title":"ABD Kogre \u00fcyesi Adam Schiff Azerbaycan\u2019\u0131 cezaland\u0131rmaya \u00e7a\u011f\u0131r\u0131yor - Bati Ermenistan Ve Bati Ermenileri Sorunlari Ara\u015ftirmalar Merkezi","og_description":"ABD Kongre \u00fcyesi Adam Schiff a\u00e7\u0131klamada bulunarak ABD istihbarat servisinden Karaba\u011f-Azerbaycan s\u0131n\u0131r hatt\u0131 boyunca devam eden \u00e7at\u0131\u015fmalar\u0131n kim taraf\u0131ndan ba\u015flat\u0131ld\u0131\u011f\u0131n\u0131 \u00f6\u011frenip cezaland\u0131r\u0131lmas\u0131n\u0131 talep etti. Adam Schiff a\u00e7\u0131klamas\u0131nda \u015fu ifadeleri kulland\u0131: \u201cGece s\u0131ras\u0131nda Azerbaycan Artsakh\u2019a (Karaba\u011f) kar\u015f\u0131 son y\u0131llar\u0131n en b\u00fcy\u00fck sald\u0131r\u0131s\u0131n\u0131 ger\u00e7ekle\u015ftirdi ve gelen bilgilere g\u00f6re baya kay\u0131plar oldu. ABD acil bir \u015fekilde Minsk Grubu [&hellip;]","og_url":"https:\/\/akunq.net\/tr\/?p=59147","og_site_name":"Bati Ermenistan Ve Bati Ermenileri Sorunlari Ara\u015ftirmalar Merkezi","article_published_time":"2020-09-28T08:09:19+00:00","og_image":[{"width":2048,"height":1365,"url":"https:\/\/akunq.net\/tr\/wp-content\/uploads\/sites\/6\/2020\/09\/Adam-Schiff.jpg","type":"image\/jpeg"}],"author":"admin","twitter_card":"summary_large_image","twitter_misc":{"Written by":"admin","Est. reading time":"1 minute"},"schema":{"@context":"https:\/\/schema.org","@graph":[{"@type":"Article","@id":"https:\/\/akunq.net\/tr\/?p=59147#article","isPartOf":{"@id":"https:\/\/akunq.net\/tr\/?p=59147"},"author":{"name":"admin","@id":"https:\/\/akunq.net\/tr\/#\/schema\/person\/096f1d38a12cce57fb855b485ed24c9e"},"headline":"ABD Kogre \u00fcyesi Adam Schiff Azerbaycan\u2019\u0131 cezaland\u0131rmaya \u00e7a\u011f\u0131r\u0131yor","datePublished":"2020-09-28T08:09:19+00:00","mainEntityOfPage":{"@id":"https:\/\/akunq.net\/tr\/?p=59147"},"wordCount":166,"commentCount":0,"image":{"@id":"https:\/\/akunq.net\/tr\/?p=59147#primaryimage"},"thumbnailUrl":"https:\/\/akunq.net\/tr\/wp-content\/uploads\/sites\/6\/2020\/09\/Adam-Schiff.jpg","articleSection":["Haberler"],"inLanguage":"en-US","potentialAction":[{"@type":"CommentAction","name":"Comment","target":["https:\/\/akunq.net\/tr\/?p=59147#respond"]}]},{"@type":"WebPage","@id":"https:\/\/akunq.net\/tr\/?p=59147","url":"https:\/\/akunq.net\/tr\/?p=59147","name":"ABD Kogre \u00fcyesi Adam Schiff Azerbaycan\u2019\u0131 cezaland\u0131rmaya \u00e7a\u011f\u0131r\u0131yor - Bati Ermenistan Ve Bati Ermenileri Sorunlari Ara\u015ftirmalar Merkezi","isPartOf":{"@id":"https:\/\/akunq.net\/tr\/#website"},"primaryImageOfPage":{"@id":"https:\/\/akunq.net\/tr\/?p=59147#primaryimage"},"image":{"@id":"https:\/\/akunq.net\/tr\/?p=59147#primaryimage"},"thumbnailUrl":"https:\/\/akunq.net\/tr\/wp-content\/uploads\/sites\/6\/2020\/09\/Adam-Schiff.jpg","datePublished":"2020-09-28T08:09:19+00:00","author":{"@id":"https:\/\/akunq.net\/tr\/#\/schema\/person\/096f1d38a12cce57fb855b485ed24c9e"},"breadcrumb":{"@id":"https:\/\/akunq.net\/tr\/?p=59147#breadcrumb"},"inLanguage":"en-US","potentialAction":[{"@type":"ReadAction","target":["https:\/\/akunq.net\/tr\/?p=59147"]}]},{"@type":"ImageObject","inLanguage":"en-US","@id":"https:\/\/akunq.net\/tr\/?p=59147#primaryimage","url":"https:\/\/akunq.net\/tr\/wp-content\/uploads\/sites\/6\/2020\/09\/Adam-Schiff.jpg","contentUrl":"https:\/\/akunq.net\/tr\/wp-content\/uploads\/sites\/6\/2020\/09\/Adam-Schiff.jpg","width":2048,"height":1365},{"@type":"BreadcrumbList","@id":"https:\/\/akunq.net\/tr\/?p=59147#breadcrumb","itemListElement":[{"@type":"ListItem","position":1,"name":"Home","item":"https:\/\/akunq.net\/tr"},{"@type":"ListItem","position":2,"name":"ABD Kogre \u00fcyesi Adam Schiff Azerbaycan\u2019\u0131 cezaland\u0131rmaya \u00e7a\u011f\u0131r\u0131yor"}]},{"@type":"WebSite","@id":"https:\/\/akunq.net\/tr\/#website","url":"https:\/\/akunq.net\/tr\/","name":"Bati Ermenistan Ve Bati Ermenileri Sorunlari Ara\u015ftirmalar Merkezi","description":"","potentialAction":[{"@type":"SearchAction","target":{"@type":"EntryPoint","urlTemplate":"https:\/\/akunq.net\/tr\/?s={search_term_string}"},"query-input":{"@type":"PropertyValueSpecification","valueRequired":true,"valueName":"search_term_string"}}],"inLanguage":"en-US"},{"@type":"Person","@id":"https:\/\/akunq.net\/tr\/#\/schema\/person\/096f1d38a12cce57fb855b485ed24c9e","name":"admin","url":"https:\/\/akunq.net\/tr\/?author=7"}]}},"_links":{"self":[{"href":"https:\/\/akunq.net\/tr\/index.php?rest_route=\/wp\/v2\/posts\/59147","targetHints":{"allow":["GET"]}}],"collection":[{"href":"https:\/\/akunq.net\/tr\/index.php?rest_route=\/wp\/v2\/posts"}],"about":[{"href":"https:\/\/akunq.net\/tr\/index.php?rest_route=\/wp\/v2\/types\/post"}],"author":[{"embeddable":true,"href":"https:\/\/akunq.net\/tr\/index.php?rest_route=\/wp\/v2\/users\/7"}],"replies":[{"embeddable":true,"href":"https:\/\/akunq.net\/tr\/index.php?rest_route=%2Fwp%2Fv2%2Fcomments&post=59147"}],"version-history":[{"count":1,"href":"https:\/\/akunq.net\/tr\/index.php?rest_route=\/wp\/v2\/posts\/59147\/revisions"}],"predecessor-version":[{"id":59149,"href":"https:\/\/akunq.net\/tr\/index.php?rest_route=\/wp\/v2\/posts\/59147\/revisions\/59149"}],"wp:featuredmedia":[{"embeddable":true,"href":"https:\/\/akunq.net\/tr\/index.php?rest_route=\/wp\/v2\/media\/59148"}],"wp:attachment":[{"href":"https:\/\/akunq.net\/tr\/index.php?rest_route=%2Fwp%2Fv2%2Fmedia&parent=59147"}],"wp:term":[{"taxonomy":"category","embeddable":true,"href":"https:\/\/akunq.net\/tr\/index.php?rest_route=%2Fwp%2Fv2%2Fcategories&post=59147"},{"taxonomy":"post_tag","embeddable":true,"href":"https:\/\/akunq.net\/tr\/index.php?rest_route=%2Fwp%2Fv2%2Ftags&post=59147"}],"curies":[{"name":"wp","href":"https:\/\/api.w.org\/{rel}","templated":true}]}}