{"id":59036,"date":"2020-09-23T00:39:57","date_gmt":"2020-09-23T05:39:57","guid":{"rendered":"https:\/\/akunq.net\/tr\/?p=59036"},"modified":"2020-09-23T00:39:57","modified_gmt":"2020-09-23T05:39:57","slug":"karakoyde-amerikali-gazeteci-olu-bulundu","status":"publish","type":"post","link":"https:\/\/akunq.net\/tr\/?p=59036","title":{"rendered":"Karak\u00f6y&#8217;de Amerikal\u0131 gazeteci \u00f6l\u00fc bulundu"},"content":{"rendered":"<p><img loading=\"lazy\" decoding=\"async\" class=\"aligncenter size-medium wp-image-59037\" src=\"https:\/\/akunq.net\/tr\/wp-content\/uploads\/2020\/09\/\u0531\u0576\u0564\u0580\u0565-\u054e\u056c\u0569\u0579\u0565\u0584-360x270.jpg\" alt=\"\" width=\"360\" height=\"270\" srcset=\"https:\/\/akunq.net\/tr\/wp-content\/uploads\/sites\/6\/2020\/09\/\u0531\u0576\u0564\u0580\u0565-\u054e\u056c\u0569\u0579\u0565\u0584-360x270.jpg 360w, https:\/\/akunq.net\/tr\/wp-content\/uploads\/sites\/6\/2020\/09\/\u0531\u0576\u0564\u0580\u0565-\u054e\u056c\u0569\u0579\u0565\u0584-260x195.jpg 260w, https:\/\/akunq.net\/tr\/wp-content\/uploads\/sites\/6\/2020\/09\/\u0531\u0576\u0564\u0580\u0565-\u054e\u056c\u0569\u0579\u0565\u0584-160x120.jpg 160w, https:\/\/akunq.net\/tr\/wp-content\/uploads\/sites\/6\/2020\/09\/\u0531\u0576\u0564\u0580\u0565-\u054e\u056c\u0569\u0579\u0565\u0584.jpg 399w\" sizes=\"auto, (max-width: 360px) 100vw, 360px\" \/><\/p>\n<p class=\"spot selectionShareable\"><em><strong>Son dakika bilgisine g\u00f6re ABD&#8217;li gazeteci\u00a0<a class=\"tkktLnk\" href=\"https:\/\/www.sabah.com.tr\/haberleri\/andre-vltchek\" target=\"_blank\" rel=\"noopener tag noreferrer\">Andre Vltchek<\/a>, Karak\u00f6y&#8217;de arac\u0131n\u0131n i\u00e7inde \u00f6l\u00fc bulundu. Amerikal\u0131 gazeteci Andre Vlchek Beyo\u011flu Kemanke\u015f Sokak&#8217;ta bir otel \u00f6n\u00fcne geldikleri s\u0131rada ara\u00e7 i\u00e7erisinde hayat\u0131n\u0131 kaybetti. 9 g\u00fcn \u00f6nce u\u00e7akla gitti\u011fi Samsun&#8217;da e\u015fi ve iki \u015fof\u00f6r ile birlikte VIP ara\u00e7la gelen gazeteci Vlchek&#8217;in \u00f6l\u00fcm\u00fcyle ilgili \u00e7al\u0131\u015fmalar devam ediyor.<\/strong><\/em><\/p>\n<p>Amerikal\u0131 gazeteci Andre Vlchek Beyo\u011flu Kemanke\u015f Sokak&#8217;ta bir otel \u00f6n\u00fcne geldikleri s\u0131rada ara\u00e7 i\u00e7erisinde hayat\u0131n\u0131 kaybetti. 9 g\u00fcn \u00f6nce u\u00e7akla gitti\u011fi Samsun&#8217;da e\u015fi ve iki \u015fof\u00f6r ile birlikte VIP ara\u00e7la gelen gazeteci Vlchek&#8217;in \u00f6l\u00fcm\u00fcyle ilgili \u00e7al\u0131\u015fmalar devam ediyor.<\/p>\n<div class=\"wrapVideoIf\"><iframe class=\"videoIfV4 tmd-lazy lazyloaded\" src=\"https:\/\/www.sabah.com.tr\/video\/iframe\/yasam\/son-dakika-karakoyde-amerikali-gazeteci-olu-bulundu-video?w=600&amp;h=320\" scrolling=\"no\" allowfullscreen=\"allowfullscreen\" data-mce-fragment=\"1\"><\/iframe><\/div>\n<div class=\"ad-control-left\">\n<div data-wbzone-loaded=\"haberdetay_icerik\"><\/div>\n<\/div>\n<p><strong>E\u015e\u0130YLE B\u0130RL\u0130KTE SAMSUN&#8217;DAN \u0130STANBUL&#8217;A YOLA \u00c7IKMI\u015eTI<\/strong><\/p>\n<p>Olay, Kemanke\u015f Sokak \u00fczerinde bulunan bir otelin \u00f6n\u00fcnde meydana geldi. Edinilen bilgiye g\u00f6re Rusya do\u011fumlu Amerikal\u0131 gazeteci Andre Vltchek (57), e\u015fi Rossie \u0130ndira Vltchek ve iki \u015fof\u00f6rle birlikte 9 g\u00fcn kald\u0131\u011f\u0131 Samsun&#8217;dan kiralad\u0131\u011f\u0131 VIP ara\u00e7la \u0130stanbul&#8217;a yola \u00e7\u0131kt\u0131. Kalacaklar\u0131 otelin \u00f6n\u00fcne saat 05.30 s\u0131ralar\u0131nda geldiklerinde e\u015fi Vltchek&#8217;i uyand\u0131rmak istedi. Vltchek&#8217;i hareket etmedi\u011fini g\u00f6ren e\u015fi ve \u015fof\u00f6rler sa\u011fl\u0131k ekiplerine haber verdi. Olay yerine gelen sa\u011fl\u0131k ekipleri Vltchek&#8217;in \u00f6ld\u00fc\u011f\u00fcn\u00fc belirledi. Polis ekipleri soka\u011fa g\u00fcvenlik \u015feridi \u00e7ekti. \u0130stanbul polisi olayla ilgili \u015f\u00fcpheli bir durumun olup olmad\u0131\u011f\u0131n\u0131 ara\u015ft\u0131r\u0131yor.<\/p>\n<p><img decoding=\"async\" class=\" lazyloaded\" src=\"https:\/\/iasbh.tmgrup.com.tr\/3b5754\/0\/0\/0\/0\/1000\/522?u=https:\/\/isbh.tmgrup.com.tr\/sbh\/2020\/09\/22\/son-dakika-karakoyde-amerikali-gazeteci-olu-bulundu-1600765143673.jpeg&amp;mw=600\" alt=\"\" data-src=\"https:\/\/iasbh.tmgrup.com.tr\/3b5754\/0\/0\/0\/0\/1000\/522?u=https:\/\/isbh.tmgrup.com.tr\/sbh\/2020\/09\/22\/son-dakika-karakoyde-amerikali-gazeteci-olu-bulundu-1600765143673.jpeg&amp;mw=600\" \/><\/p>\n<p><strong>\u015e\u00dcPHEL\u0130 \u00d6L\u00dcM<\/strong><\/p>\n<p>Olay yeri inceleme ekipleri ise ara\u00e7ta inceleme yapt\u0131. Belgeselci ve ara\u015ft\u0131rmac\u0131 gazeteci Andre Vltchek&#8217;in \u00f6l\u00fcm\u00fcn\u00fc polis kay\u0131tlar\u0131na &#8220;\u015f\u00fcpheli \u00f6l\u00fcm&#8221; olarak ge\u00e7ti\u011fi \u00f6\u011ftrenilirken, cenaze Adli T\u0131p Kurumu Morgu&#8217;na kald\u0131r\u0131ld\u0131. Ara\u00e7 incelenmek \u00fczere emniyet otopark\u0131na \u00e7ekilirken Vltchek&#8217;in e\u015fi ve \u015fof\u00f6rlerin ifadesinin al\u0131naca\u011f\u0131 \u00f6\u011frenildi.<\/p>\n<p><img decoding=\"async\" class=\" lazyloaded\" src=\"https:\/\/iasbh.tmgrup.com.tr\/1409cc\/0\/0\/0\/0\/479\/317?u=https:\/\/isbh.tmgrup.com.tr\/sbh\/2020\/09\/22\/son-dakika-karakoyde-amerikali-gazeteci-olu-bulundu-1600768676709.jpg&amp;mw=600\" alt=\"\" data-src=\"https:\/\/iasbh.tmgrup.com.tr\/1409cc\/0\/0\/0\/0\/479\/317?u=https:\/\/isbh.tmgrup.com.tr\/sbh\/2020\/09\/22\/son-dakika-karakoyde-amerikali-gazeteci-olu-bulundu-1600768676709.jpg&amp;mw=600\" \/><\/p>\n<p><strong>SAKARYA&#8217;DA UYUYAKALDI<\/strong><\/p>\n<p>Rossie \u0130ndria Vlchek&#8217;in polise verdi\u011fi bilgiye g\u00f6re, \u00fcnl\u00fc gazeteci Sakarya&#8217;da uykuya dald\u0131. Ara\u00e7 \u0130stanbul&#8217;daki otelin \u00f6n\u00fcne gelince Rossie \u0130ndria Vlchek kocas\u0131n\u0131 uyand\u0131rmak istedi. Ancak \u00fcnl\u00fc gazeteci uyanmay\u0131nca durum sa\u011fl\u0131k ekiplerine bildirildi.<\/p>\n<p><img decoding=\"async\" class=\" lazyloaded\" src=\"https:\/\/iasbh.tmgrup.com.tr\/863a99\/0\/0\/0\/0\/750\/423?u=https:\/\/isbh.tmgrup.com.tr\/sbh\/2020\/09\/22\/son-dakika-karakoyde-amerikali-gazeteci-olu-bulundu-1600766365987.jpg&amp;mw=600\" alt=\"\" data-src=\"https:\/\/iasbh.tmgrup.com.tr\/863a99\/0\/0\/0\/0\/750\/423?u=https:\/\/isbh.tmgrup.com.tr\/sbh\/2020\/09\/22\/son-dakika-karakoyde-amerikali-gazeteci-olu-bulundu-1600766365987.jpg&amp;mw=600\" \/><\/p>\n<p><strong>AMBULANS \u00c7A\u011eIRILDI<\/strong><\/p>\n<p>Olay yerine \u00e7a\u011f\u0131r\u0131lan ambulans g\u00f6revlileri Andre Vlchek&#8217;in \u00f6ld\u00fc\u011f\u00fcn\u00fc tespit etti. \u015eeker hastas\u0131 oldu\u011fu belirtilen \u00fcnl\u00fc gazetecinin cesedi yap\u0131lan incelemelerin ard\u0131ndan Adli T\u0131p Kurumu Morgu&#8217;na g\u00f6nderildi.<\/p>\n<p><em><strong>https:\/\/www.sabah.com.tr\/yasam\/2020\/09\/22\/karakoyde-amerikali-gazeteci-olu-bulundu\u00a0<\/strong><\/em><\/p>\n","protected":false},"excerpt":{"rendered":"<p>Son dakika bilgisine g\u00f6re ABD&#8217;li gazeteci\u00a0Andre Vltchek, Karak\u00f6y&#8217;de arac\u0131n\u0131n i\u00e7inde \u00f6l\u00fc bulundu. Amerikal\u0131 gazeteci Andre Vlchek Beyo\u011flu Kemanke\u015f Sokak&#8217;ta bir otel \u00f6n\u00fcne geldikleri s\u0131rada ara\u00e7 i\u00e7erisinde hayat\u0131n\u0131 kaybetti. 9 g\u00fcn \u00f6nce u\u00e7akla gitti\u011fi Samsun&#8217;da e\u015fi ve iki \u015fof\u00f6r ile birlikte VIP ara\u00e7la gelen gazeteci Vlchek&#8217;in \u00f6l\u00fcm\u00fcyle ilgili \u00e7al\u0131\u015fmalar devam ediyor. Amerikal\u0131 gazeteci Andre Vlchek Beyo\u011flu [&hellip;]<\/p>\n","protected":false},"author":7,"featured_media":59037,"comment_status":"open","ping_status":"open","sticky":false,"template":"","format":"standard","meta":{"footnotes":""},"categories":[1],"tags":[],"class_list":["post-59036","post","type-post","status-publish","format-standard","has-post-thumbnail","hentry","category-haberler"],"yoast_head":"<!-- This site is optimized with the Yoast SEO plugin v27.4 - https:\/\/yoast.com\/product\/yoast-seo-wordpress\/ -->\n<title>Karak\u00f6y&#039;de Amerikal\u0131 gazeteci \u00f6l\u00fc bulundu - Bati Ermenistan Ve Bati Ermenileri Sorunlari Ara\u015ftirmalar Merkezi<\/title>\n<meta name=\"robots\" content=\"index, follow, max-snippet:-1, max-image-preview:large, max-video-preview:-1\" \/>\n<link rel=\"canonical\" href=\"https:\/\/akunq.net\/tr\/?p=59036\" \/>\n<meta property=\"og:locale\" content=\"en_US\" \/>\n<meta property=\"og:type\" content=\"article\" \/>\n<meta property=\"og:title\" content=\"Karak\u00f6y&#039;de Amerikal\u0131 gazeteci \u00f6l\u00fc bulundu - Bati Ermenistan Ve Bati Ermenileri Sorunlari Ara\u015ftirmalar Merkezi\" \/>\n<meta property=\"og:description\" content=\"Son dakika bilgisine g\u00f6re ABD&#8217;li gazeteci\u00a0Andre Vltchek, Karak\u00f6y&#8217;de arac\u0131n\u0131n i\u00e7inde \u00f6l\u00fc bulundu. Amerikal\u0131 gazeteci Andre Vlchek Beyo\u011flu Kemanke\u015f Sokak&#8217;ta bir otel \u00f6n\u00fcne geldikleri s\u0131rada ara\u00e7 i\u00e7erisinde hayat\u0131n\u0131 kaybetti. 9 g\u00fcn \u00f6nce u\u00e7akla gitti\u011fi Samsun&#8217;da e\u015fi ve iki \u015fof\u00f6r ile birlikte VIP ara\u00e7la gelen gazeteci Vlchek&#8217;in \u00f6l\u00fcm\u00fcyle ilgili \u00e7al\u0131\u015fmalar devam ediyor. Amerikal\u0131 gazeteci Andre Vlchek Beyo\u011flu [&hellip;]\" \/>\n<meta property=\"og:url\" content=\"https:\/\/akunq.net\/tr\/?p=59036\" \/>\n<meta property=\"og:site_name\" content=\"Bati Ermenistan Ve Bati Ermenileri Sorunlari Ara\u015ftirmalar Merkezi\" \/>\n<meta property=\"article:published_time\" content=\"2020-09-23T05:39:57+00:00\" \/>\n<meta property=\"og:image\" content=\"https:\/\/akunq.net\/tr\/wp-content\/uploads\/sites\/6\/2020\/09\/\u0531\u0576\u0564\u0580\u0565-\u054e\u056c\u0569\u0579\u0565\u0584.jpg\" \/>\n\t<meta property=\"og:image:width\" content=\"399\" \/>\n\t<meta property=\"og:image:height\" content=\"300\" \/>\n\t<meta property=\"og:image:type\" content=\"image\/jpeg\" \/>\n<meta name=\"author\" content=\"admin\" \/>\n<meta name=\"twitter:card\" content=\"summary_large_image\" \/>\n<meta name=\"twitter:label1\" content=\"Written by\" \/>\n\t<meta name=\"twitter:data1\" content=\"admin\" \/>\n\t<meta name=\"twitter:label2\" content=\"Est. reading time\" \/>\n\t<meta name=\"twitter:data2\" content=\"2 minutes\" \/>\n<script type=\"application\/ld+json\" class=\"yoast-schema-graph\">{\"@context\":\"https:\\\/\\\/schema.org\",\"@graph\":[{\"@type\":\"Article\",\"@id\":\"https:\\\/\\\/akunq.net\\\/tr\\\/?p=59036#article\",\"isPartOf\":{\"@id\":\"https:\\\/\\\/akunq.net\\\/tr\\\/?p=59036\"},\"author\":{\"name\":\"admin\",\"@id\":\"https:\\\/\\\/akunq.net\\\/tr\\\/#\\\/schema\\\/person\\\/096f1d38a12cce57fb855b485ed24c9e\"},\"headline\":\"Karak\u00f6y&#8217;de Amerikal\u0131 gazeteci \u00f6l\u00fc bulundu\",\"datePublished\":\"2020-09-23T05:39:57+00:00\",\"mainEntityOfPage\":{\"@id\":\"https:\\\/\\\/akunq.net\\\/tr\\\/?p=59036\"},\"wordCount\":390,\"commentCount\":0,\"image\":{\"@id\":\"https:\\\/\\\/akunq.net\\\/tr\\\/?p=59036#primaryimage\"},\"thumbnailUrl\":\"https:\\\/\\\/akunq.net\\\/tr\\\/wp-content\\\/uploads\\\/sites\\\/6\\\/2020\\\/09\\\/\u0531\u0576\u0564\u0580\u0565-\u054e\u056c\u0569\u0579\u0565\u0584.jpg\",\"articleSection\":[\"Haberler\"],\"inLanguage\":\"en-US\",\"potentialAction\":[{\"@type\":\"CommentAction\",\"name\":\"Comment\",\"target\":[\"https:\\\/\\\/akunq.net\\\/tr\\\/?p=59036#respond\"]}]},{\"@type\":\"WebPage\",\"@id\":\"https:\\\/\\\/akunq.net\\\/tr\\\/?p=59036\",\"url\":\"https:\\\/\\\/akunq.net\\\/tr\\\/?p=59036\",\"name\":\"Karak\u00f6y'de Amerikal\u0131 gazeteci \u00f6l\u00fc bulundu - Bati Ermenistan Ve Bati Ermenileri Sorunlari Ara\u015ftirmalar Merkezi\",\"isPartOf\":{\"@id\":\"https:\\\/\\\/akunq.net\\\/tr\\\/#website\"},\"primaryImageOfPage\":{\"@id\":\"https:\\\/\\\/akunq.net\\\/tr\\\/?p=59036#primaryimage\"},\"image\":{\"@id\":\"https:\\\/\\\/akunq.net\\\/tr\\\/?p=59036#primaryimage\"},\"thumbnailUrl\":\"https:\\\/\\\/akunq.net\\\/tr\\\/wp-content\\\/uploads\\\/sites\\\/6\\\/2020\\\/09\\\/\u0531\u0576\u0564\u0580\u0565-\u054e\u056c\u0569\u0579\u0565\u0584.jpg\",\"datePublished\":\"2020-09-23T05:39:57+00:00\",\"author\":{\"@id\":\"https:\\\/\\\/akunq.net\\\/tr\\\/#\\\/schema\\\/person\\\/096f1d38a12cce57fb855b485ed24c9e\"},\"breadcrumb\":{\"@id\":\"https:\\\/\\\/akunq.net\\\/tr\\\/?p=59036#breadcrumb\"},\"inLanguage\":\"en-US\",\"potentialAction\":[{\"@type\":\"ReadAction\",\"target\":[\"https:\\\/\\\/akunq.net\\\/tr\\\/?p=59036\"]}]},{\"@type\":\"ImageObject\",\"inLanguage\":\"en-US\",\"@id\":\"https:\\\/\\\/akunq.net\\\/tr\\\/?p=59036#primaryimage\",\"url\":\"https:\\\/\\\/akunq.net\\\/tr\\\/wp-content\\\/uploads\\\/sites\\\/6\\\/2020\\\/09\\\/\u0531\u0576\u0564\u0580\u0565-\u054e\u056c\u0569\u0579\u0565\u0584.jpg\",\"contentUrl\":\"https:\\\/\\\/akunq.net\\\/tr\\\/wp-content\\\/uploads\\\/sites\\\/6\\\/2020\\\/09\\\/\u0531\u0576\u0564\u0580\u0565-\u054e\u056c\u0569\u0579\u0565\u0584.jpg\",\"width\":399,\"height\":300},{\"@type\":\"BreadcrumbList\",\"@id\":\"https:\\\/\\\/akunq.net\\\/tr\\\/?p=59036#breadcrumb\",\"itemListElement\":[{\"@type\":\"ListItem\",\"position\":1,\"name\":\"Home\",\"item\":\"https:\\\/\\\/akunq.net\\\/tr\"},{\"@type\":\"ListItem\",\"position\":2,\"name\":\"Karak\u00f6y&#8217;de Amerikal\u0131 gazeteci \u00f6l\u00fc bulundu\"}]},{\"@type\":\"WebSite\",\"@id\":\"https:\\\/\\\/akunq.net\\\/tr\\\/#website\",\"url\":\"https:\\\/\\\/akunq.net\\\/tr\\\/\",\"name\":\"Bati Ermenistan Ve Bati Ermenileri Sorunlari Ara\u015ftirmalar Merkezi\",\"description\":\"\",\"potentialAction\":[{\"@type\":\"SearchAction\",\"target\":{\"@type\":\"EntryPoint\",\"urlTemplate\":\"https:\\\/\\\/akunq.net\\\/tr\\\/?s={search_term_string}\"},\"query-input\":{\"@type\":\"PropertyValueSpecification\",\"valueRequired\":true,\"valueName\":\"search_term_string\"}}],\"inLanguage\":\"en-US\"},{\"@type\":\"Person\",\"@id\":\"https:\\\/\\\/akunq.net\\\/tr\\\/#\\\/schema\\\/person\\\/096f1d38a12cce57fb855b485ed24c9e\",\"name\":\"admin\",\"url\":\"https:\\\/\\\/akunq.net\\\/tr\\\/?author=7\"}]}<\/script>\n<!-- \/ Yoast SEO plugin. -->","yoast_head_json":{"title":"Karak\u00f6y'de Amerikal\u0131 gazeteci \u00f6l\u00fc bulundu - Bati Ermenistan Ve Bati Ermenileri Sorunlari Ara\u015ftirmalar Merkezi","robots":{"index":"index","follow":"follow","max-snippet":"max-snippet:-1","max-image-preview":"max-image-preview:large","max-video-preview":"max-video-preview:-1"},"canonical":"https:\/\/akunq.net\/tr\/?p=59036","og_locale":"en_US","og_type":"article","og_title":"Karak\u00f6y'de Amerikal\u0131 gazeteci \u00f6l\u00fc bulundu - Bati Ermenistan Ve Bati Ermenileri Sorunlari Ara\u015ftirmalar Merkezi","og_description":"Son dakika bilgisine g\u00f6re ABD&#8217;li gazeteci\u00a0Andre Vltchek, Karak\u00f6y&#8217;de arac\u0131n\u0131n i\u00e7inde \u00f6l\u00fc bulundu. Amerikal\u0131 gazeteci Andre Vlchek Beyo\u011flu Kemanke\u015f Sokak&#8217;ta bir otel \u00f6n\u00fcne geldikleri s\u0131rada ara\u00e7 i\u00e7erisinde hayat\u0131n\u0131 kaybetti. 9 g\u00fcn \u00f6nce u\u00e7akla gitti\u011fi Samsun&#8217;da e\u015fi ve iki \u015fof\u00f6r ile birlikte VIP ara\u00e7la gelen gazeteci Vlchek&#8217;in \u00f6l\u00fcm\u00fcyle ilgili \u00e7al\u0131\u015fmalar devam ediyor. Amerikal\u0131 gazeteci Andre Vlchek Beyo\u011flu [&hellip;]","og_url":"https:\/\/akunq.net\/tr\/?p=59036","og_site_name":"Bati Ermenistan Ve Bati Ermenileri Sorunlari Ara\u015ftirmalar Merkezi","article_published_time":"2020-09-23T05:39:57+00:00","og_image":[{"width":399,"height":300,"url":"https:\/\/akunq.net\/tr\/wp-content\/uploads\/sites\/6\/2020\/09\/\u0531\u0576\u0564\u0580\u0565-\u054e\u056c\u0569\u0579\u0565\u0584.jpg","type":"image\/jpeg"}],"author":"admin","twitter_card":"summary_large_image","twitter_misc":{"Written by":"admin","Est. reading time":"2 minutes"},"schema":{"@context":"https:\/\/schema.org","@graph":[{"@type":"Article","@id":"https:\/\/akunq.net\/tr\/?p=59036#article","isPartOf":{"@id":"https:\/\/akunq.net\/tr\/?p=59036"},"author":{"name":"admin","@id":"https:\/\/akunq.net\/tr\/#\/schema\/person\/096f1d38a12cce57fb855b485ed24c9e"},"headline":"Karak\u00f6y&#8217;de Amerikal\u0131 gazeteci \u00f6l\u00fc bulundu","datePublished":"2020-09-23T05:39:57+00:00","mainEntityOfPage":{"@id":"https:\/\/akunq.net\/tr\/?p=59036"},"wordCount":390,"commentCount":0,"image":{"@id":"https:\/\/akunq.net\/tr\/?p=59036#primaryimage"},"thumbnailUrl":"https:\/\/akunq.net\/tr\/wp-content\/uploads\/sites\/6\/2020\/09\/\u0531\u0576\u0564\u0580\u0565-\u054e\u056c\u0569\u0579\u0565\u0584.jpg","articleSection":["Haberler"],"inLanguage":"en-US","potentialAction":[{"@type":"CommentAction","name":"Comment","target":["https:\/\/akunq.net\/tr\/?p=59036#respond"]}]},{"@type":"WebPage","@id":"https:\/\/akunq.net\/tr\/?p=59036","url":"https:\/\/akunq.net\/tr\/?p=59036","name":"Karak\u00f6y'de Amerikal\u0131 gazeteci \u00f6l\u00fc bulundu - Bati Ermenistan Ve Bati Ermenileri Sorunlari Ara\u015ftirmalar Merkezi","isPartOf":{"@id":"https:\/\/akunq.net\/tr\/#website"},"primaryImageOfPage":{"@id":"https:\/\/akunq.net\/tr\/?p=59036#primaryimage"},"image":{"@id":"https:\/\/akunq.net\/tr\/?p=59036#primaryimage"},"thumbnailUrl":"https:\/\/akunq.net\/tr\/wp-content\/uploads\/sites\/6\/2020\/09\/\u0531\u0576\u0564\u0580\u0565-\u054e\u056c\u0569\u0579\u0565\u0584.jpg","datePublished":"2020-09-23T05:39:57+00:00","author":{"@id":"https:\/\/akunq.net\/tr\/#\/schema\/person\/096f1d38a12cce57fb855b485ed24c9e"},"breadcrumb":{"@id":"https:\/\/akunq.net\/tr\/?p=59036#breadcrumb"},"inLanguage":"en-US","potentialAction":[{"@type":"ReadAction","target":["https:\/\/akunq.net\/tr\/?p=59036"]}]},{"@type":"ImageObject","inLanguage":"en-US","@id":"https:\/\/akunq.net\/tr\/?p=59036#primaryimage","url":"https:\/\/akunq.net\/tr\/wp-content\/uploads\/sites\/6\/2020\/09\/\u0531\u0576\u0564\u0580\u0565-\u054e\u056c\u0569\u0579\u0565\u0584.jpg","contentUrl":"https:\/\/akunq.net\/tr\/wp-content\/uploads\/sites\/6\/2020\/09\/\u0531\u0576\u0564\u0580\u0565-\u054e\u056c\u0569\u0579\u0565\u0584.jpg","width":399,"height":300},{"@type":"BreadcrumbList","@id":"https:\/\/akunq.net\/tr\/?p=59036#breadcrumb","itemListElement":[{"@type":"ListItem","position":1,"name":"Home","item":"https:\/\/akunq.net\/tr"},{"@type":"ListItem","position":2,"name":"Karak\u00f6y&#8217;de Amerikal\u0131 gazeteci \u00f6l\u00fc bulundu"}]},{"@type":"WebSite","@id":"https:\/\/akunq.net\/tr\/#website","url":"https:\/\/akunq.net\/tr\/","name":"Bati Ermenistan Ve Bati Ermenileri Sorunlari Ara\u015ftirmalar Merkezi","description":"","potentialAction":[{"@type":"SearchAction","target":{"@type":"EntryPoint","urlTemplate":"https:\/\/akunq.net\/tr\/?s={search_term_string}"},"query-input":{"@type":"PropertyValueSpecification","valueRequired":true,"valueName":"search_term_string"}}],"inLanguage":"en-US"},{"@type":"Person","@id":"https:\/\/akunq.net\/tr\/#\/schema\/person\/096f1d38a12cce57fb855b485ed24c9e","name":"admin","url":"https:\/\/akunq.net\/tr\/?author=7"}]}},"_links":{"self":[{"href":"https:\/\/akunq.net\/tr\/index.php?rest_route=\/wp\/v2\/posts\/59036","targetHints":{"allow":["GET"]}}],"collection":[{"href":"https:\/\/akunq.net\/tr\/index.php?rest_route=\/wp\/v2\/posts"}],"about":[{"href":"https:\/\/akunq.net\/tr\/index.php?rest_route=\/wp\/v2\/types\/post"}],"author":[{"embeddable":true,"href":"https:\/\/akunq.net\/tr\/index.php?rest_route=\/wp\/v2\/users\/7"}],"replies":[{"embeddable":true,"href":"https:\/\/akunq.net\/tr\/index.php?rest_route=%2Fwp%2Fv2%2Fcomments&post=59036"}],"version-history":[{"count":1,"href":"https:\/\/akunq.net\/tr\/index.php?rest_route=\/wp\/v2\/posts\/59036\/revisions"}],"predecessor-version":[{"id":59038,"href":"https:\/\/akunq.net\/tr\/index.php?rest_route=\/wp\/v2\/posts\/59036\/revisions\/59038"}],"wp:featuredmedia":[{"embeddable":true,"href":"https:\/\/akunq.net\/tr\/index.php?rest_route=\/wp\/v2\/media\/59037"}],"wp:attachment":[{"href":"https:\/\/akunq.net\/tr\/index.php?rest_route=%2Fwp%2Fv2%2Fmedia&parent=59036"}],"wp:term":[{"taxonomy":"category","embeddable":true,"href":"https:\/\/akunq.net\/tr\/index.php?rest_route=%2Fwp%2Fv2%2Fcategories&post=59036"},{"taxonomy":"post_tag","embeddable":true,"href":"https:\/\/akunq.net\/tr\/index.php?rest_route=%2Fwp%2Fv2%2Ftags&post=59036"}],"curies":[{"name":"wp","href":"https:\/\/api.w.org\/{rel}","templated":true}]}}