{"id":59020,"date":"2020-09-22T01:52:41","date_gmt":"2020-09-22T06:52:41","guid":{"rendered":"https:\/\/akunq.net\/tr\/?p=59020"},"modified":"2020-09-22T01:52:41","modified_gmt":"2020-09-22T06:52:41","slug":"hrant-dink-vakfina-tehdit-sorusturmasinda-2-saniga-da-tahliye","status":"publish","type":"post","link":"https:\/\/akunq.net\/tr\/?p=59020","title":{"rendered":"Hrant Dink Vakf\u0131\u2019na tehdit soru\u015fturmas\u0131nda 2 san\u0131\u011fa da tahliye"},"content":{"rendered":"<p><img loading=\"lazy\" decoding=\"async\" class=\"alignleft size-medium wp-image-59021\" src=\"https:\/\/akunq.net\/tr\/wp-content\/uploads\/2020\/09\/Hrant-Dink-360x238.jpg\" alt=\"\" width=\"360\" height=\"238\" srcset=\"https:\/\/akunq.net\/tr\/wp-content\/uploads\/sites\/6\/2020\/09\/Hrant-Dink-360x238.jpg 360w, https:\/\/akunq.net\/tr\/wp-content\/uploads\/sites\/6\/2020\/09\/Hrant-Dink-768x509.jpg 768w, https:\/\/akunq.net\/tr\/wp-content\/uploads\/sites\/6\/2020\/09\/Hrant-Dink-560x371.jpg 560w, https:\/\/akunq.net\/tr\/wp-content\/uploads\/sites\/6\/2020\/09\/Hrant-Dink-260x172.jpg 260w, https:\/\/akunq.net\/tr\/wp-content\/uploads\/sites\/6\/2020\/09\/Hrant-Dink-160x106.jpg 160w, https:\/\/akunq.net\/tr\/wp-content\/uploads\/sites\/6\/2020\/09\/Hrant-Dink.jpg 770w\" sizes=\"auto, (max-width: 360px) 100vw, 360px\" \/><\/p>\n<p><em><strong>Hrant Dink Vakf\u0131\u2019na e-posta yoluyla tehdit mesajlar\u0131 g\u00f6ndermek su\u00e7lamas\u0131yla tutuklanan iki ki\u015fi tutuksuz yarg\u0131lanmak \u00fczere serbest b\u0131rak\u0131ld\u0131.<\/strong><\/em><\/p>\n<p>Hrant Dink Vakf\u0131&#8217;na e-posta yoluyla tehdit mesajlar\u0131 g\u00f6nderen ve ba\u015flat\u0131lan soru\u015fturma kapsam\u0131nda tutuklanan iki ki\u015fi tutuksuz yarg\u0131lanmak \u00fczere serbest b\u0131rak\u0131ld\u0131.<\/p>\n<p>\u015e\u00fcpheli H\u00fcseyin Ate\u015f hakk\u0131nda zincirleme tehdit su\u00e7undan 7 y\u0131l 6 aydan 26 y\u0131l 3 aya, di\u011fer \u015f\u00fcpheli Ersin Ba\u015fkan hakk\u0131nda da yine zincirleme tehdit su\u00e7undan 2 y\u0131l 6 aydan 8 y\u0131l 9 aya kadar hapis cezas\u0131 istenen davan\u0131n ilk duru\u015fmas\u0131 \u0130stanbul \u00c7a\u011flayan Adliyesi\u2019nde 56. Asliye Ceza Mahkemesi&#8217;nde g\u00f6r\u00fcld\u00fc.<\/p>\n<p>Agos\u2019ta yer alan\u00a0<a href=\"http:\/\/www.agos.com.tr\/tr\/yazi\/24563\/hrant-dink-vakfi-na-tehdit-davasi-saniklar-tahliye-edildi\" target=\"_blank\" rel=\"noopener noreferrer\">habere<\/a>\u00a0g\u00f6re, duru\u015fmada ya\u015fananlar \u00f6zetle \u015f\u00f6yle:<\/p>\n<h2><strong>\u0130ki san\u0131k da tahliyelerini istedi<\/strong><\/h2>\n<p>* Duru\u015fmaya m\u00fc\u015fteki Fethiye \u00c7etin&#8217;in avukat\u0131 \u00dcmre Deniz Tuna Dink, m\u00fc\u015fteki avukatlar\u0131 Hakan Bak\u0131rc\u0131o\u011flu, Sabuh Aslangil ve Fatma Sa\u011flam kat\u0131ld\u0131.\u00a0 San\u0131klar ise CMK taraf\u0131ndan atanan bir avukatla temsil edildi.<\/p>\n<p>* \u0130lk olarak san\u0131klar H\u00fcseyin Ate\u015f ve Ersin Ba\u015fkan&#8217;a s\u00f6z verildi. Ersin Ba\u015fkan, g\u00f6nderilerinin tepki ama\u00e7l\u0131 oldu\u011funu \u00f6ne s\u00fcrerek beraatini istedi. H\u00fcseyin Ate\u015f de Karaba\u011f ile ilgili izledi\u011fi videolar y\u00fcz\u00fcnden sars\u0131ld\u0131\u011f\u0131n\u0131, ne yapt\u0131\u011f\u0131n\u0131 bilmedi\u011fini,\u00a0 internette a\u00e7\u0131klamalara rastlad\u0131\u011f\u0131n\u0131, Hrant Dink Vakf\u0131&#8217;n\u0131 bilgilendirmek i\u00e7in vakf\u0131 arad\u0131\u011f\u0131n\u0131, telefonu kimsenin a\u00e7mad\u0131\u011f\u0131n\u0131, bunun \u00fczerine mail yazd\u0131\u011f\u0131n\u0131 s\u00f6yledi. H\u00fcseyin Ate\u015f psikiyatrik ila\u00e7 kulland\u0131\u011f\u0131n\u0131 da ifade etti. \u0130ki san\u0131k da tahliyelerini istedi.<\/p>\n<p>* M\u00fc\u015fteki Fethiye \u00c7etin&#8217;in avukat\u0131 \u00dcmre Deniz Tuna Dink, san\u0131k H\u00fcseyin Ate\u015f&#8217;e internette hangi a\u00e7\u0131klamalar\u0131 g\u00f6rd\u00fc\u011f\u00fcn\u00fc, Fethiye \u00c7etin&#8217;in resmini nereden edindi\u011fini sordu. San\u0131k Ate\u015f \u0130nstagram&#8217;da rastlad\u0131\u011f\u0131n\u0131 s\u00f6yledi.<\/p>\n<h2><strong>San\u0131klar aras\u0131 ba\u011flant\u0131 ara\u015ft\u0131r\u0131l\u0131yor<\/strong><\/h2>\n<p>* M\u00fc\u015fteki avukatlar\u0131ndan Hakan Bak\u0131rc\u0131o\u011flu san\u0131klar aras\u0131nda bir ba\u011flant\u0131 olup olmad\u0131\u011f\u0131n\u0131 dair soru\u015fturman\u0131n dosyaya girip girmedi\u011fini sordu. Hakim ise konuya ilgili soru\u015fturman\u0131n ayr\u0131 bir dosya olarak halen s\u00fcrd\u00fc\u011f\u00fcn\u00fc s\u00f6yledi.\u00a0Bak\u0131rc\u0131o\u011flu san\u0131klar aras\u0131nda ba\u011flant\u0131 olup olmad\u0131\u011f\u0131na dair savc\u0131l\u0131ktan gelecek bilgiler do\u011frultusunda yeni beyanlarda bulunabileceklerini s\u00f6yledi.<\/p>\n<p>* Bak\u0131rc\u0131o\u011flu Hrant Dink Cinayeti \u00f6ncesinde de benzer tehditler geldi\u011fini, bir atmosfer olu\u015fturuldu\u011funu belirterek san\u0131klardan \u015fikayet\u00e7i olduklar\u0131n\u0131 ifade etti. Di\u011fer m\u00fc\u015fteki avukatlar\u0131 da san\u0131klardan \u015fikayet\u00e7i olduklar\u0131n\u0131 beyan ettiler.<\/p>\n<p>* Avukat Deniz Tuna Dink de bir avukata\u00a0 tehdit y\u00f6neltildi\u011fini hat\u0131rlatarak avukatlara tehdidin yasa gere\u011fi hakime tehdit olarak say\u0131lmas\u0131 gerekti\u011fini s\u00f6yledi ve &#8220;Bununla ilgili ek beyanda bulunaca\u011f\u0131z&#8221; dedi.<\/p>\n<h2><strong>24 \u015eubat\u2019a b\u0131rak\u0131ld\u0131<\/strong><\/h2>\n<p>* San\u0131klardan H\u00fcseyin Ate\u015f cezaevinde Hrant Dink Vakf\u0131&#8217;n\u0131n g\u00fczel i\u015fler yapt\u0131\u011f\u0131n\u0131 \u00f6\u011frendi\u011fini, \u00f6z\u00fcr dilemeye haz\u0131r oldu\u011funu, ayr\u0131ca Fethiye \u00c7etin&#8217;e de \u00f6z\u00fcr mektuplar\u0131 yazd\u0131\u011f\u0131n\u0131 s\u00f6yledi.<\/p>\n<p>* Mahkeme m\u00fc\u015fteki avukatlar\u0131n\u0131n kat\u0131l\u0131m\u0131na, san\u0131klar\u0131n ise tutuksuz yarg\u0131lanmak \u00fczere tahliyesine karar verdi. Mahkeme bir tehdit davas\u0131 oldu\u011fundan dosyan\u0131n uzla\u015ft\u0131rmaya g\u00f6nderilmesine de karar verdi.<\/p>\n<p>* San\u0131klar\u0131n ruh sa\u011fl\u0131\u011f\u0131n\u0131n yerinde olup olmad\u0131\u011f\u0131n\u0131 tespiti i\u00e7in Adli T\u0131p Kurumu\u2019na yaz\u0131 yaz\u0131lmas\u0131na h\u00fckmeden hakim duru\u015fmay\u0131 24 \u015eubat saat 14.30&#8217;a erteledi.<\/p>\n<h2><strong>Ne olmu\u015ftu?<\/strong><\/h2>\n<p>Hrant Dink Vakf\u0131\u2019n\u0131n internet sitesinden 29 May\u0131s\u2019ta yap\u0131lan duyuruda 27-28 May\u0131s tarihlerinde Vakfa \u00f6l\u00fcm tehdidi mesajlar\u0131 geldi\u011fi\u00a0<a href=\"https:\/\/m.bianet.org\/bianet\/insan-haklari\/224954-hrant-dink-vakfi-rakel-dink-ve-avukatlarimiz-olumle-tehdit-ediliyor\">belirtildi<\/a>.<\/p>\n<p>Tehdit mesajlar\u0131yla ilgili olarak H\u00fcseyin Ate\u015f 30 May\u0131s\u2019ta Konya\u2019da\u00a0<a href=\"http:\/\/bianet.org\/bianet\/azinliklar\/225005-hrant-dink-vakfi-ni-tehdit-eden-supheli-istanbul-a-getirildi\">g\u00f6zalt\u0131na al\u0131narak<\/a>\u00a0\u0130stanbul\u2019a g\u00f6t\u00fcr\u00fcld\u00fc. Ayn\u0131 g\u00fcn Ersin Ba\u015fkan da \u0130stanbul\u2019da\u00a0<a href=\"http:\/\/bianet.org\/bianet\/azinliklar\/225081-hrant-dink-vakfi-na-tehdit-sorusturmasinda-bir-kisi-daha-gozaltina-alindi\">g\u00f6zalt\u0131na al\u0131nd\u0131<\/a>.<\/p>\n<p>\u0130\u00e7i\u015fleri Bakan\u0131 S\u00fcleyman Soylu, tehdit mesajlar\u0131 i\u00e7in \u201cprovokasyon\u201d de\u011ferlendirmesinde bulunarak, \u015f\u00fcphelilerin yakaland\u0131\u011f\u0131n\u0131\u00a0<a href=\"http:\/\/m.bianet.org\/bianet\/nefret-soylemi\/224979-bakan-soylu-hrant-dink-vakfi-ni-tehdit-edenler-yakalandi\" target=\"_blank\" rel=\"noopener noreferrer\">duyurdu<\/a>.<\/p>\n<p>Hrant Dink Vakf\u0131 avukatlar\u0131ndan Fethiye \u00c7etin,\u00a0Rakel Dink ve vakfa y\u00f6nelik \u00f6l\u00fcm\u00a0<a href=\"https:\/\/bianet.org\/bianet\/insan-haklari\/224954-hrant-dink-vakfi-rakel-dink-ve-avukatlarimiz-olumle-tehdit-ediliyor\" target=\"_blank\" rel=\"noopener noreferrer\"><strong>tehditlerine\u00a0<\/strong><\/a>ili\u015fkin\u00a01 Haziran\u2019da bianet\u2019ten Hikmet Adal\u2019a verdi\u011fi r\u00f6portajda tehditlerin Hrant dink cinayeti \u00f6ncesinde ya\u015fananlarla benzerlik g\u00f6sterdi\u011fini belirterek &#8220;Olay yetkililerin a\u00e7\u0131klad\u0131\u011f\u0131 gibi m\u00fcnferit bir hadise de\u011fil&#8221; dedi ve ekledi:<\/p>\n<p>\u201cBu sald\u0131r\u0131lar\u0131n m\u00fcnferit olmad\u0131\u011f\u0131n\u0131n bir di\u011fer g\u00f6stergesi sald\u0131r\u0131lar\u0131n devam etmesidir. Vakf\u0131n mail adresine d\u00fcn gece yeni bir tehdit maili yolland\u0131.\u201d<\/p>\n<p><a href=\"https:\/\/m.bianet.org\/bianet\/insan-haklari\/225041-saldirilar-munferit-degil-vakfimiza-bir-tehdit-mesaji-daha-yollandi\">TIKLAYIN &#8211; &#8220;Sald\u0131r\u0131lar M\u00fcnferit De\u011fil, Vakf\u0131m\u0131za Bir Tehdit Mesaj\u0131 Daha Yolland\u0131&#8221;<\/a><\/p>\n<p>\u015e\u00fcphelilerden H\u00fcseyin Ate\u015f 31 May\u0131s\u2019ta, Ersin Ba\u015fkan ise 2 Haziran\u2019da\u00a0<a href=\"http:\/\/bianet.org\/bianet\/azinliklar\/225149-hrant-dink-vakfi-na-tehdit-sorusturmasinda-bir-kisi-daha-tutuklandi\">tutukland\u0131<\/a>.<\/p>\n<p>\u0130stanbul Cumhuriyet Ba\u015fsavc\u0131l\u0131\u011f\u0131nca y\u00fcr\u00fct\u00fclen soru\u015fturma kapsam\u0131nda, \u015f\u00fcpheliler hakk\u0131nda iddianame 12 Haziran\u2019da tamamland\u0131.<\/p>\n<p>Buna g\u00f6re \u015f\u00fcpheli H\u00fcseyin Ate\u015f hakk\u0131nda \u00fc\u00e7 kere olmak \u00fczere zincirleme halinde tehdit su\u00e7undan 7 y\u0131l 6 aydan 26 y\u0131l 3 aya kadar, di\u011fer \u015f\u00fcpheli Ersin Ba\u015fkan hakk\u0131nda da yine zincirleme halinde tehdit\u00a0su\u00e7undan 2 y\u0131l 6 aydan 8 y\u0131l 9 aya kadar hapis cezas\u0131\u00a0<a href=\"http:\/\/m.bianet.org\/bianet\/yasam\/225622-dink-vakfi-ni-tehdit-edenlere-26-yila-kadar-hapis-talebi\">istendi<\/a>.<\/p>\n<p>\u015e\u00fcpheliler hakk\u0131ndaki iddianame, \u0130stanbul 56. Asliye Ceza Mahkemesine g\u00f6nderildi.<\/p>\n<p>11 Eyl\u00fcl&#8217;de ba\u015flayan dava san\u0131klar\u0131n avukat\u0131 olmamas\u0131 \u00fczerine 21 Eyl\u00fcl&#8217;e ertelenmi\u015fti.<\/p>\n<p><em><strong>http:\/\/bianet.org\/bianet\/diger\/231301-hrant-dink-vakfi-na-tehdit-sorusturmasinda-2-saniga-da-tahliye\u00a0<\/strong><\/em><\/p>\n","protected":false},"excerpt":{"rendered":"<p>Hrant Dink Vakf\u0131\u2019na e-posta yoluyla tehdit mesajlar\u0131 g\u00f6ndermek su\u00e7lamas\u0131yla tutuklanan iki ki\u015fi tutuksuz yarg\u0131lanmak \u00fczere serbest b\u0131rak\u0131ld\u0131. Hrant Dink Vakf\u0131&#8217;na e-posta yoluyla tehdit mesajlar\u0131 g\u00f6nderen ve ba\u015flat\u0131lan soru\u015fturma kapsam\u0131nda tutuklanan iki ki\u015fi tutuksuz yarg\u0131lanmak \u00fczere serbest b\u0131rak\u0131ld\u0131. \u015e\u00fcpheli H\u00fcseyin Ate\u015f hakk\u0131nda zincirleme tehdit su\u00e7undan 7 y\u0131l 6 aydan 26 y\u0131l 3 aya, di\u011fer \u015f\u00fcpheli Ersin [&hellip;]<\/p>\n","protected":false},"author":7,"featured_media":59021,"comment_status":"open","ping_status":"open","sticky":false,"template":"","format":"standard","meta":{"footnotes":""},"categories":[1],"tags":[],"class_list":["post-59020","post","type-post","status-publish","format-standard","has-post-thumbnail","hentry","category-haberler"],"yoast_head":"<!-- This site is optimized with the Yoast SEO plugin v27.4 - https:\/\/yoast.com\/product\/yoast-seo-wordpress\/ -->\n<title>Hrant Dink Vakf\u0131\u2019na tehdit soru\u015fturmas\u0131nda 2 san\u0131\u011fa da tahliye - Bati Ermenistan Ve Bati Ermenileri Sorunlari Ara\u015ftirmalar Merkezi<\/title>\n<meta name=\"robots\" content=\"index, follow, max-snippet:-1, max-image-preview:large, max-video-preview:-1\" \/>\n<link rel=\"canonical\" href=\"https:\/\/akunq.net\/tr\/?p=59020\" \/>\n<meta property=\"og:locale\" content=\"en_US\" \/>\n<meta property=\"og:type\" content=\"article\" \/>\n<meta property=\"og:title\" content=\"Hrant Dink Vakf\u0131\u2019na tehdit soru\u015fturmas\u0131nda 2 san\u0131\u011fa da tahliye - Bati Ermenistan Ve Bati Ermenileri Sorunlari Ara\u015ftirmalar Merkezi\" \/>\n<meta property=\"og:description\" content=\"Hrant Dink Vakf\u0131\u2019na e-posta yoluyla tehdit mesajlar\u0131 g\u00f6ndermek su\u00e7lamas\u0131yla tutuklanan iki ki\u015fi tutuksuz yarg\u0131lanmak \u00fczere serbest b\u0131rak\u0131ld\u0131. Hrant Dink Vakf\u0131&#8217;na e-posta yoluyla tehdit mesajlar\u0131 g\u00f6nderen ve ba\u015flat\u0131lan soru\u015fturma kapsam\u0131nda tutuklanan iki ki\u015fi tutuksuz yarg\u0131lanmak \u00fczere serbest b\u0131rak\u0131ld\u0131. \u015e\u00fcpheli H\u00fcseyin Ate\u015f hakk\u0131nda zincirleme tehdit su\u00e7undan 7 y\u0131l 6 aydan 26 y\u0131l 3 aya, di\u011fer \u015f\u00fcpheli Ersin [&hellip;]\" \/>\n<meta property=\"og:url\" content=\"https:\/\/akunq.net\/tr\/?p=59020\" \/>\n<meta property=\"og:site_name\" content=\"Bati Ermenistan Ve Bati Ermenileri Sorunlari Ara\u015ftirmalar Merkezi\" \/>\n<meta property=\"article:published_time\" content=\"2020-09-22T06:52:41+00:00\" \/>\n<meta property=\"og:image\" content=\"https:\/\/akunq.net\/tr\/wp-content\/uploads\/sites\/6\/2020\/09\/Hrant-Dink.jpg\" \/>\n\t<meta property=\"og:image:width\" content=\"770\" \/>\n\t<meta property=\"og:image:height\" content=\"510\" \/>\n\t<meta property=\"og:image:type\" content=\"image\/jpeg\" \/>\n<meta name=\"author\" content=\"admin\" \/>\n<meta name=\"twitter:card\" content=\"summary_large_image\" \/>\n<meta name=\"twitter:label1\" content=\"Written by\" \/>\n\t<meta name=\"twitter:data1\" content=\"admin\" \/>\n\t<meta name=\"twitter:label2\" content=\"Est. reading time\" \/>\n\t<meta name=\"twitter:data2\" content=\"4 minutes\" \/>\n<script type=\"application\/ld+json\" class=\"yoast-schema-graph\">{\"@context\":\"https:\\\/\\\/schema.org\",\"@graph\":[{\"@type\":\"Article\",\"@id\":\"https:\\\/\\\/akunq.net\\\/tr\\\/?p=59020#article\",\"isPartOf\":{\"@id\":\"https:\\\/\\\/akunq.net\\\/tr\\\/?p=59020\"},\"author\":{\"name\":\"admin\",\"@id\":\"https:\\\/\\\/akunq.net\\\/tr\\\/#\\\/schema\\\/person\\\/096f1d38a12cce57fb855b485ed24c9e\"},\"headline\":\"Hrant Dink Vakf\u0131\u2019na tehdit soru\u015fturmas\u0131nda 2 san\u0131\u011fa da tahliye\",\"datePublished\":\"2020-09-22T06:52:41+00:00\",\"mainEntityOfPage\":{\"@id\":\"https:\\\/\\\/akunq.net\\\/tr\\\/?p=59020\"},\"wordCount\":885,\"commentCount\":0,\"image\":{\"@id\":\"https:\\\/\\\/akunq.net\\\/tr\\\/?p=59020#primaryimage\"},\"thumbnailUrl\":\"https:\\\/\\\/akunq.net\\\/tr\\\/wp-content\\\/uploads\\\/sites\\\/6\\\/2020\\\/09\\\/Hrant-Dink.jpg\",\"articleSection\":[\"Haberler\"],\"inLanguage\":\"en-US\",\"potentialAction\":[{\"@type\":\"CommentAction\",\"name\":\"Comment\",\"target\":[\"https:\\\/\\\/akunq.net\\\/tr\\\/?p=59020#respond\"]}]},{\"@type\":\"WebPage\",\"@id\":\"https:\\\/\\\/akunq.net\\\/tr\\\/?p=59020\",\"url\":\"https:\\\/\\\/akunq.net\\\/tr\\\/?p=59020\",\"name\":\"Hrant Dink Vakf\u0131\u2019na tehdit soru\u015fturmas\u0131nda 2 san\u0131\u011fa da tahliye - Bati Ermenistan Ve Bati Ermenileri Sorunlari Ara\u015ftirmalar Merkezi\",\"isPartOf\":{\"@id\":\"https:\\\/\\\/akunq.net\\\/tr\\\/#website\"},\"primaryImageOfPage\":{\"@id\":\"https:\\\/\\\/akunq.net\\\/tr\\\/?p=59020#primaryimage\"},\"image\":{\"@id\":\"https:\\\/\\\/akunq.net\\\/tr\\\/?p=59020#primaryimage\"},\"thumbnailUrl\":\"https:\\\/\\\/akunq.net\\\/tr\\\/wp-content\\\/uploads\\\/sites\\\/6\\\/2020\\\/09\\\/Hrant-Dink.jpg\",\"datePublished\":\"2020-09-22T06:52:41+00:00\",\"author\":{\"@id\":\"https:\\\/\\\/akunq.net\\\/tr\\\/#\\\/schema\\\/person\\\/096f1d38a12cce57fb855b485ed24c9e\"},\"breadcrumb\":{\"@id\":\"https:\\\/\\\/akunq.net\\\/tr\\\/?p=59020#breadcrumb\"},\"inLanguage\":\"en-US\",\"potentialAction\":[{\"@type\":\"ReadAction\",\"target\":[\"https:\\\/\\\/akunq.net\\\/tr\\\/?p=59020\"]}]},{\"@type\":\"ImageObject\",\"inLanguage\":\"en-US\",\"@id\":\"https:\\\/\\\/akunq.net\\\/tr\\\/?p=59020#primaryimage\",\"url\":\"https:\\\/\\\/akunq.net\\\/tr\\\/wp-content\\\/uploads\\\/sites\\\/6\\\/2020\\\/09\\\/Hrant-Dink.jpg\",\"contentUrl\":\"https:\\\/\\\/akunq.net\\\/tr\\\/wp-content\\\/uploads\\\/sites\\\/6\\\/2020\\\/09\\\/Hrant-Dink.jpg\",\"width\":770,\"height\":510},{\"@type\":\"BreadcrumbList\",\"@id\":\"https:\\\/\\\/akunq.net\\\/tr\\\/?p=59020#breadcrumb\",\"itemListElement\":[{\"@type\":\"ListItem\",\"position\":1,\"name\":\"Home\",\"item\":\"https:\\\/\\\/akunq.net\\\/tr\"},{\"@type\":\"ListItem\",\"position\":2,\"name\":\"Hrant Dink Vakf\u0131\u2019na tehdit soru\u015fturmas\u0131nda 2 san\u0131\u011fa da tahliye\"}]},{\"@type\":\"WebSite\",\"@id\":\"https:\\\/\\\/akunq.net\\\/tr\\\/#website\",\"url\":\"https:\\\/\\\/akunq.net\\\/tr\\\/\",\"name\":\"Bati Ermenistan Ve Bati Ermenileri Sorunlari Ara\u015ftirmalar Merkezi\",\"description\":\"\",\"potentialAction\":[{\"@type\":\"SearchAction\",\"target\":{\"@type\":\"EntryPoint\",\"urlTemplate\":\"https:\\\/\\\/akunq.net\\\/tr\\\/?s={search_term_string}\"},\"query-input\":{\"@type\":\"PropertyValueSpecification\",\"valueRequired\":true,\"valueName\":\"search_term_string\"}}],\"inLanguage\":\"en-US\"},{\"@type\":\"Person\",\"@id\":\"https:\\\/\\\/akunq.net\\\/tr\\\/#\\\/schema\\\/person\\\/096f1d38a12cce57fb855b485ed24c9e\",\"name\":\"admin\",\"url\":\"https:\\\/\\\/akunq.net\\\/tr\\\/?author=7\"}]}<\/script>\n<!-- \/ Yoast SEO plugin. -->","yoast_head_json":{"title":"Hrant Dink Vakf\u0131\u2019na tehdit soru\u015fturmas\u0131nda 2 san\u0131\u011fa da tahliye - Bati Ermenistan Ve Bati Ermenileri Sorunlari Ara\u015ftirmalar Merkezi","robots":{"index":"index","follow":"follow","max-snippet":"max-snippet:-1","max-image-preview":"max-image-preview:large","max-video-preview":"max-video-preview:-1"},"canonical":"https:\/\/akunq.net\/tr\/?p=59020","og_locale":"en_US","og_type":"article","og_title":"Hrant Dink Vakf\u0131\u2019na tehdit soru\u015fturmas\u0131nda 2 san\u0131\u011fa da tahliye - Bati Ermenistan Ve Bati Ermenileri Sorunlari Ara\u015ftirmalar Merkezi","og_description":"Hrant Dink Vakf\u0131\u2019na e-posta yoluyla tehdit mesajlar\u0131 g\u00f6ndermek su\u00e7lamas\u0131yla tutuklanan iki ki\u015fi tutuksuz yarg\u0131lanmak \u00fczere serbest b\u0131rak\u0131ld\u0131. Hrant Dink Vakf\u0131&#8217;na e-posta yoluyla tehdit mesajlar\u0131 g\u00f6nderen ve ba\u015flat\u0131lan soru\u015fturma kapsam\u0131nda tutuklanan iki ki\u015fi tutuksuz yarg\u0131lanmak \u00fczere serbest b\u0131rak\u0131ld\u0131. \u015e\u00fcpheli H\u00fcseyin Ate\u015f hakk\u0131nda zincirleme tehdit su\u00e7undan 7 y\u0131l 6 aydan 26 y\u0131l 3 aya, di\u011fer \u015f\u00fcpheli Ersin [&hellip;]","og_url":"https:\/\/akunq.net\/tr\/?p=59020","og_site_name":"Bati Ermenistan Ve Bati Ermenileri Sorunlari Ara\u015ftirmalar Merkezi","article_published_time":"2020-09-22T06:52:41+00:00","og_image":[{"width":770,"height":510,"url":"https:\/\/akunq.net\/tr\/wp-content\/uploads\/sites\/6\/2020\/09\/Hrant-Dink.jpg","type":"image\/jpeg"}],"author":"admin","twitter_card":"summary_large_image","twitter_misc":{"Written by":"admin","Est. reading time":"4 minutes"},"schema":{"@context":"https:\/\/schema.org","@graph":[{"@type":"Article","@id":"https:\/\/akunq.net\/tr\/?p=59020#article","isPartOf":{"@id":"https:\/\/akunq.net\/tr\/?p=59020"},"author":{"name":"admin","@id":"https:\/\/akunq.net\/tr\/#\/schema\/person\/096f1d38a12cce57fb855b485ed24c9e"},"headline":"Hrant Dink Vakf\u0131\u2019na tehdit soru\u015fturmas\u0131nda 2 san\u0131\u011fa da tahliye","datePublished":"2020-09-22T06:52:41+00:00","mainEntityOfPage":{"@id":"https:\/\/akunq.net\/tr\/?p=59020"},"wordCount":885,"commentCount":0,"image":{"@id":"https:\/\/akunq.net\/tr\/?p=59020#primaryimage"},"thumbnailUrl":"https:\/\/akunq.net\/tr\/wp-content\/uploads\/sites\/6\/2020\/09\/Hrant-Dink.jpg","articleSection":["Haberler"],"inLanguage":"en-US","potentialAction":[{"@type":"CommentAction","name":"Comment","target":["https:\/\/akunq.net\/tr\/?p=59020#respond"]}]},{"@type":"WebPage","@id":"https:\/\/akunq.net\/tr\/?p=59020","url":"https:\/\/akunq.net\/tr\/?p=59020","name":"Hrant Dink Vakf\u0131\u2019na tehdit soru\u015fturmas\u0131nda 2 san\u0131\u011fa da tahliye - Bati Ermenistan Ve Bati Ermenileri Sorunlari Ara\u015ftirmalar Merkezi","isPartOf":{"@id":"https:\/\/akunq.net\/tr\/#website"},"primaryImageOfPage":{"@id":"https:\/\/akunq.net\/tr\/?p=59020#primaryimage"},"image":{"@id":"https:\/\/akunq.net\/tr\/?p=59020#primaryimage"},"thumbnailUrl":"https:\/\/akunq.net\/tr\/wp-content\/uploads\/sites\/6\/2020\/09\/Hrant-Dink.jpg","datePublished":"2020-09-22T06:52:41+00:00","author":{"@id":"https:\/\/akunq.net\/tr\/#\/schema\/person\/096f1d38a12cce57fb855b485ed24c9e"},"breadcrumb":{"@id":"https:\/\/akunq.net\/tr\/?p=59020#breadcrumb"},"inLanguage":"en-US","potentialAction":[{"@type":"ReadAction","target":["https:\/\/akunq.net\/tr\/?p=59020"]}]},{"@type":"ImageObject","inLanguage":"en-US","@id":"https:\/\/akunq.net\/tr\/?p=59020#primaryimage","url":"https:\/\/akunq.net\/tr\/wp-content\/uploads\/sites\/6\/2020\/09\/Hrant-Dink.jpg","contentUrl":"https:\/\/akunq.net\/tr\/wp-content\/uploads\/sites\/6\/2020\/09\/Hrant-Dink.jpg","width":770,"height":510},{"@type":"BreadcrumbList","@id":"https:\/\/akunq.net\/tr\/?p=59020#breadcrumb","itemListElement":[{"@type":"ListItem","position":1,"name":"Home","item":"https:\/\/akunq.net\/tr"},{"@type":"ListItem","position":2,"name":"Hrant Dink Vakf\u0131\u2019na tehdit soru\u015fturmas\u0131nda 2 san\u0131\u011fa da tahliye"}]},{"@type":"WebSite","@id":"https:\/\/akunq.net\/tr\/#website","url":"https:\/\/akunq.net\/tr\/","name":"Bati Ermenistan Ve Bati Ermenileri Sorunlari Ara\u015ftirmalar Merkezi","description":"","potentialAction":[{"@type":"SearchAction","target":{"@type":"EntryPoint","urlTemplate":"https:\/\/akunq.net\/tr\/?s={search_term_string}"},"query-input":{"@type":"PropertyValueSpecification","valueRequired":true,"valueName":"search_term_string"}}],"inLanguage":"en-US"},{"@type":"Person","@id":"https:\/\/akunq.net\/tr\/#\/schema\/person\/096f1d38a12cce57fb855b485ed24c9e","name":"admin","url":"https:\/\/akunq.net\/tr\/?author=7"}]}},"_links":{"self":[{"href":"https:\/\/akunq.net\/tr\/index.php?rest_route=\/wp\/v2\/posts\/59020","targetHints":{"allow":["GET"]}}],"collection":[{"href":"https:\/\/akunq.net\/tr\/index.php?rest_route=\/wp\/v2\/posts"}],"about":[{"href":"https:\/\/akunq.net\/tr\/index.php?rest_route=\/wp\/v2\/types\/post"}],"author":[{"embeddable":true,"href":"https:\/\/akunq.net\/tr\/index.php?rest_route=\/wp\/v2\/users\/7"}],"replies":[{"embeddable":true,"href":"https:\/\/akunq.net\/tr\/index.php?rest_route=%2Fwp%2Fv2%2Fcomments&post=59020"}],"version-history":[{"count":1,"href":"https:\/\/akunq.net\/tr\/index.php?rest_route=\/wp\/v2\/posts\/59020\/revisions"}],"predecessor-version":[{"id":59022,"href":"https:\/\/akunq.net\/tr\/index.php?rest_route=\/wp\/v2\/posts\/59020\/revisions\/59022"}],"wp:featuredmedia":[{"embeddable":true,"href":"https:\/\/akunq.net\/tr\/index.php?rest_route=\/wp\/v2\/media\/59021"}],"wp:attachment":[{"href":"https:\/\/akunq.net\/tr\/index.php?rest_route=%2Fwp%2Fv2%2Fmedia&parent=59020"}],"wp:term":[{"taxonomy":"category","embeddable":true,"href":"https:\/\/akunq.net\/tr\/index.php?rest_route=%2Fwp%2Fv2%2Fcategories&post=59020"},{"taxonomy":"post_tag","embeddable":true,"href":"https:\/\/akunq.net\/tr\/index.php?rest_route=%2Fwp%2Fv2%2Ftags&post=59020"}],"curies":[{"name":"wp","href":"https:\/\/api.w.org\/{rel}","templated":true}]}}