{"id":58924,"date":"2020-09-16T02:12:43","date_gmt":"2020-09-16T07:12:43","guid":{"rendered":"https:\/\/akunq.net\/tr\/?p=58924"},"modified":"2020-09-16T02:12:43","modified_gmt":"2020-09-16T07:12:43","slug":"gorusmeci-araniyor-turkiye-yahudileri-ve-tarihsel-bellek-alessandro-porra","status":"publish","type":"post","link":"https:\/\/akunq.net\/tr\/?p=58924","title":{"rendered":"G\u00f6r\u00fc\u015fmeci Aran\u0131yor: T\u00fcrkiye Yahudileri ve Tarihsel Bellek \u2013 Alessandro Porr\u00e0"},"content":{"rendered":"<p><img loading=\"lazy\" decoding=\"async\" class=\"alignleft size-medium wp-image-58925\" src=\"https:\/\/akunq.net\/tr\/wp-content\/uploads\/2020\/09\/T\u00fcrkiye-Yahudileri-360x236.png\" alt=\"\" width=\"360\" height=\"236\" srcset=\"https:\/\/akunq.net\/tr\/wp-content\/uploads\/sites\/6\/2020\/09\/T\u00fcrkiye-Yahudileri-360x236.png 360w, https:\/\/akunq.net\/tr\/wp-content\/uploads\/sites\/6\/2020\/09\/T\u00fcrkiye-Yahudileri-768x503.png 768w, https:\/\/akunq.net\/tr\/wp-content\/uploads\/sites\/6\/2020\/09\/T\u00fcrkiye-Yahudileri-1536x1006.png 1536w, https:\/\/akunq.net\/tr\/wp-content\/uploads\/sites\/6\/2020\/09\/T\u00fcrkiye-Yahudileri-560x367.png 560w, https:\/\/akunq.net\/tr\/wp-content\/uploads\/sites\/6\/2020\/09\/T\u00fcrkiye-Yahudileri-260x170.png 260w, https:\/\/akunq.net\/tr\/wp-content\/uploads\/sites\/6\/2020\/09\/T\u00fcrkiye-Yahudileri-160x105.png 160w, https:\/\/akunq.net\/tr\/wp-content\/uploads\/sites\/6\/2020\/09\/T\u00fcrkiye-Yahudileri.png 2048w\" sizes=\"auto, (max-width: 360px) 100vw, 360px\" \/><\/p>\n<p><strong>Alessandro Porr\u00e0<\/strong><\/p>\n<p><em><strong>\u0130talya\u2019daki\u00a0<a href=\"https:\/\/www.unica.it\/unica\/en\/homepage.page\">Cagliari \u00dcniversitesi<\/a>\u2018nin Siyaset ve Sosyal Bilimler B\u00f6l\u00fcm\u00fc\u2019nde doktora yapmakta olan Alessandro Porr\u00e0 ara\u015ft\u0131rmas\u0131 i\u00e7in g\u00f6r\u00fc\u015fmeciler ar\u0131yor. Projesini\u00a0Avlaremoz\u2018a anlatt\u0131 anlat\u0131yor.<\/strong><\/em><\/p>\n<p>T\u00fcrkiye Yahudileri ve tarihsel bellek \u00fczerine olan doktora ara\u015ft\u0131rmam a\u015fa\u011f\u0131daki temel<br \/>\nsorunsallar etraf\u0131nda \u015fekilleniyor:<\/p>\n<p>1. T\u00fcrkiye Yahudilerinin ge\u00e7 Osmanl\u0131 ve erken Cumhuriyet d\u00f6nemlerini nas\u0131l hat\u0131rlad\u0131klar\u0131 ve s\u00f6z\u00fc ge\u00e7en ge\u00e7mi\u015f d\u00f6nemlere dair hat\u0131rlad\u0131klar\u0131n\u0131n bir t\u00fcr nostalji hissi olu\u015fturup olu\u015fturmad\u0131\u011f\u0131n\u0131 ara\u015ft\u0131r\u0131yorum.<\/p>\n<p>2. 2002-2020\u00a0iktidar d\u00f6neminin mevcut \u201cYeni Osmanl\u0131c\u0131l\u0131k\u201d olarak adland\u0131r\u0131lan nostaljik tutuma ili\u015fkin uygulamalar\u0131ndan T\u00fcrkiye Yahudilerinin nostalji alg\u0131s\u0131n\u0131n nas\u0131l etkilendi\u011fine bak\u0131yorum.<\/p>\n<p>Bu sorunsallar etraf\u0131nda, bu \u00e7al\u0131\u015fma, y\u00f6ntem olarak otobiyografik ve yar\u0131 yap\u0131land\u0131r\u0131lm\u0131\u015f g\u00f6r\u00fc\u015fmeler ger\u00e7ekle\u015ftirmeyi hedef al\u0131yor. Bu nedenle, farkl\u0131 sosyal gruplar ve farkl\u0131 ya\u015flardan \u0130zmir ve \u0130stanbul Yahudileri ile g\u00f6r\u00fc\u015fmeler ger\u00e7ekle\u015ftirmeyi \u00f6n g\u00f6r\u00fcyorum. Amac\u0131m onlardan ge\u00e7 Osmanl\u0131 ve erken Cumhuriyet d\u00f6nemlerine ait aile hikayeleri ve an\u0131lar\u0131n\u0131 toplayabilmek.<\/p>\n<p>Bu \u015fekilde, onlar\u0131n kendileri ile ge\u00e7mi\u015f aras\u0131nda kurduklar\u0131 ba\u011f\u0131 \u00e7\u00f6z\u00fcmlemek m\u00fcmk\u00fcn olacak; ba\u015fka bir deyi\u015fle, kendilerini Osmanl\u0131 ge\u00e7mi\u015fine mi, Kemalist d\u00f6neme mi, yoksa her ikisine birden mi daha ba\u011fl\u0131 hissettikleri yahut belki de hi\u00e7birine bir ba\u011fl\u0131l\u0131k hissetmedikleri anla\u015f\u0131lm\u0131\u015f olacak. Dahas\u0131, ge\u00e7mi\u015fin ve ge\u00e7mi\u015fin 2002 sonras\u0131 T\u00fcrkiye\u2019de yeniden yorumlanm\u0131\u015f halinin T\u00fcrkiye\u2019de Yahudi olman\u0131n ne anlama geldi\u011fini nas\u0131l etkiledi\u011fini g\u00f6rmek b\u00f6ylece m\u00fcmk\u00fcn olacakt\u0131r.<\/p>\n<p>G\u00f6r\u00fc\u015fmeler \u0130ngilizce veya \u0130talyanca olarak yap\u0131lacak ve fakat anketlerin i\u00e7eri\u011fi m\u00fcnasebetiyle baz\u0131 spesifik sorular daha sonra \u00e7evrilmek \u00fczere T\u00fcrk\u00e7e etraf\u0131nda \u015fekillenecektir.<\/p>\n<p>Siyasi bir ara\u015ft\u0131rma olmay\u0131p sadece antropolojik ve sosyal bir \u00e7al\u0131\u015fma olan bu projenin bir par\u00e7as\u0131 olmakla ilgileniyorsan\u0131z, bana<a href=\"mailto:alessandro.porra@unica.it\">\u00a0alessandro.porra@unica.it<\/a>\u00a0adresinden ula\u015fabilirsiniz.<\/p>\n<p>Zaman ay\u0131rd\u0131\u011f\u0131n\u0131z ve yard\u0131m\u0131n\u0131z i\u00e7in te\u015fekk\u00fcr ederim,<\/p>\n<p><em><strong><a href=\"https:\/\/www.avlaremoz.com\/2020\/09\/15\/gorusmeci-araniyor-turkiye-yahudileri-ve-tarihsel-bellek-alessandro-porra\/?utm_source=rss&amp;utm_medium=rss&amp;utm_campaign=gorusmeci-araniyor-turkiye-yahudileri-ve-tarihsel-bellek-alessandro-porra&amp;utm_source=rss&amp;utm_medium=rss&amp;utm_campaign=gorusmeci-araniyor-turkiye-yahudileri-ve-tarihsel-bellek-alessandro-porra\">https:\/\/www.avlaremoz.com\/2020\/09\/15\/gorusmeci-araniyor-turkiye-yahudileri-ve-tarihsel-bellek-alessandro-porra\/?utm_source=rss&amp;utm_medium=rss&amp;utm_campaign=gorusmeci-araniyor-turkiye-yahudileri-ve-tarihsel-bellek-alessandro-porra&amp;utm_source=rss&amp;utm_medium=rss&amp;utm_campaign=gorusmeci-araniyor-turkiye-yahudileri-ve-tarihsel-bellek-alessandro-porra<\/a><\/strong><\/em><\/p>\n","protected":false},"excerpt":{"rendered":"<p>Alessandro Porr\u00e0 \u0130talya\u2019daki\u00a0Cagliari \u00dcniversitesi\u2018nin Siyaset ve Sosyal Bilimler B\u00f6l\u00fcm\u00fc\u2019nde doktora yapmakta olan Alessandro Porr\u00e0 ara\u015ft\u0131rmas\u0131 i\u00e7in g\u00f6r\u00fc\u015fmeciler ar\u0131yor. Projesini\u00a0Avlaremoz\u2018a anlatt\u0131 anlat\u0131yor. T\u00fcrkiye Yahudileri ve tarihsel bellek \u00fczerine olan doktora ara\u015ft\u0131rmam a\u015fa\u011f\u0131daki temel sorunsallar etraf\u0131nda \u015fekilleniyor: 1. T\u00fcrkiye Yahudilerinin ge\u00e7 Osmanl\u0131 ve erken Cumhuriyet d\u00f6nemlerini nas\u0131l hat\u0131rlad\u0131klar\u0131 ve s\u00f6z\u00fc ge\u00e7en ge\u00e7mi\u015f d\u00f6nemlere dair hat\u0131rlad\u0131klar\u0131n\u0131n bir t\u00fcr [&hellip;]<\/p>\n","protected":false},"author":7,"featured_media":58925,"comment_status":"open","ping_status":"open","sticky":false,"template":"","format":"standard","meta":{"footnotes":""},"categories":[1,70,53],"tags":[],"class_list":["post-58924","post","type-post","status-publish","format-standard","has-post-thumbnail","hentry","category-haberler","category-makaleler","category-turkiyede-azinliklar"],"yoast_head":"<!-- This site is optimized with the Yoast SEO plugin v27.4 - https:\/\/yoast.com\/product\/yoast-seo-wordpress\/ -->\n<title>G\u00f6r\u00fc\u015fmeci Aran\u0131yor: T\u00fcrkiye Yahudileri ve Tarihsel Bellek \u2013 Alessandro Porr\u00e0 - Bati Ermenistan Ve Bati Ermenileri Sorunlari Ara\u015ftirmalar Merkezi<\/title>\n<meta name=\"robots\" content=\"index, follow, max-snippet:-1, max-image-preview:large, max-video-preview:-1\" \/>\n<link rel=\"canonical\" href=\"https:\/\/akunq.net\/tr\/?p=58924\" \/>\n<meta property=\"og:locale\" content=\"en_US\" \/>\n<meta property=\"og:type\" content=\"article\" \/>\n<meta property=\"og:title\" content=\"G\u00f6r\u00fc\u015fmeci Aran\u0131yor: T\u00fcrkiye Yahudileri ve Tarihsel Bellek \u2013 Alessandro Porr\u00e0 - Bati Ermenistan Ve Bati Ermenileri Sorunlari Ara\u015ftirmalar Merkezi\" \/>\n<meta property=\"og:description\" content=\"Alessandro Porr\u00e0 \u0130talya\u2019daki\u00a0Cagliari \u00dcniversitesi\u2018nin Siyaset ve Sosyal Bilimler B\u00f6l\u00fcm\u00fc\u2019nde doktora yapmakta olan Alessandro Porr\u00e0 ara\u015ft\u0131rmas\u0131 i\u00e7in g\u00f6r\u00fc\u015fmeciler ar\u0131yor. Projesini\u00a0Avlaremoz\u2018a anlatt\u0131 anlat\u0131yor. T\u00fcrkiye Yahudileri ve tarihsel bellek \u00fczerine olan doktora ara\u015ft\u0131rmam a\u015fa\u011f\u0131daki temel sorunsallar etraf\u0131nda \u015fekilleniyor: 1. T\u00fcrkiye Yahudilerinin ge\u00e7 Osmanl\u0131 ve erken Cumhuriyet d\u00f6nemlerini nas\u0131l hat\u0131rlad\u0131klar\u0131 ve s\u00f6z\u00fc ge\u00e7en ge\u00e7mi\u015f d\u00f6nemlere dair hat\u0131rlad\u0131klar\u0131n\u0131n bir t\u00fcr [&hellip;]\" \/>\n<meta property=\"og:url\" content=\"https:\/\/akunq.net\/tr\/?p=58924\" \/>\n<meta property=\"og:site_name\" content=\"Bati Ermenistan Ve Bati Ermenileri Sorunlari Ara\u015ftirmalar Merkezi\" \/>\n<meta property=\"article:published_time\" content=\"2020-09-16T07:12:43+00:00\" \/>\n<meta property=\"og:image\" content=\"https:\/\/akunq.net\/tr\/wp-content\/uploads\/sites\/6\/2020\/09\/T\u00fcrkiye-Yahudileri.png\" \/>\n\t<meta property=\"og:image:width\" content=\"2048\" \/>\n\t<meta property=\"og:image:height\" content=\"1341\" \/>\n\t<meta property=\"og:image:type\" content=\"image\/png\" \/>\n<meta name=\"author\" content=\"admin\" \/>\n<meta name=\"twitter:card\" content=\"summary_large_image\" \/>\n<meta name=\"twitter:label1\" content=\"Written by\" \/>\n\t<meta name=\"twitter:data1\" content=\"admin\" \/>\n\t<meta name=\"twitter:label2\" content=\"Est. reading time\" \/>\n\t<meta name=\"twitter:data2\" content=\"2 minutes\" \/>\n<script type=\"application\/ld+json\" class=\"yoast-schema-graph\">{\"@context\":\"https:\\\/\\\/schema.org\",\"@graph\":[{\"@type\":\"Article\",\"@id\":\"https:\\\/\\\/akunq.net\\\/tr\\\/?p=58924#article\",\"isPartOf\":{\"@id\":\"https:\\\/\\\/akunq.net\\\/tr\\\/?p=58924\"},\"author\":{\"name\":\"admin\",\"@id\":\"https:\\\/\\\/akunq.net\\\/tr\\\/#\\\/schema\\\/person\\\/096f1d38a12cce57fb855b485ed24c9e\"},\"headline\":\"G\u00f6r\u00fc\u015fmeci Aran\u0131yor: T\u00fcrkiye Yahudileri ve Tarihsel Bellek \u2013 Alessandro Porr\u00e0\",\"datePublished\":\"2020-09-16T07:12:43+00:00\",\"mainEntityOfPage\":{\"@id\":\"https:\\\/\\\/akunq.net\\\/tr\\\/?p=58924\"},\"wordCount\":414,\"commentCount\":0,\"image\":{\"@id\":\"https:\\\/\\\/akunq.net\\\/tr\\\/?p=58924#primaryimage\"},\"thumbnailUrl\":\"https:\\\/\\\/akunq.net\\\/tr\\\/wp-content\\\/uploads\\\/sites\\\/6\\\/2020\\\/09\\\/T\u00fcrkiye-Yahudileri.png\",\"articleSection\":[\"Haberler\",\"Makaleler\",\"T\u00fcrkiye\u2019de Az\u0131nl\u0131klar\"],\"inLanguage\":\"en-US\",\"potentialAction\":[{\"@type\":\"CommentAction\",\"name\":\"Comment\",\"target\":[\"https:\\\/\\\/akunq.net\\\/tr\\\/?p=58924#respond\"]}]},{\"@type\":\"WebPage\",\"@id\":\"https:\\\/\\\/akunq.net\\\/tr\\\/?p=58924\",\"url\":\"https:\\\/\\\/akunq.net\\\/tr\\\/?p=58924\",\"name\":\"G\u00f6r\u00fc\u015fmeci Aran\u0131yor: T\u00fcrkiye Yahudileri ve Tarihsel Bellek \u2013 Alessandro Porr\u00e0 - Bati Ermenistan Ve Bati Ermenileri Sorunlari Ara\u015ftirmalar Merkezi\",\"isPartOf\":{\"@id\":\"https:\\\/\\\/akunq.net\\\/tr\\\/#website\"},\"primaryImageOfPage\":{\"@id\":\"https:\\\/\\\/akunq.net\\\/tr\\\/?p=58924#primaryimage\"},\"image\":{\"@id\":\"https:\\\/\\\/akunq.net\\\/tr\\\/?p=58924#primaryimage\"},\"thumbnailUrl\":\"https:\\\/\\\/akunq.net\\\/tr\\\/wp-content\\\/uploads\\\/sites\\\/6\\\/2020\\\/09\\\/T\u00fcrkiye-Yahudileri.png\",\"datePublished\":\"2020-09-16T07:12:43+00:00\",\"author\":{\"@id\":\"https:\\\/\\\/akunq.net\\\/tr\\\/#\\\/schema\\\/person\\\/096f1d38a12cce57fb855b485ed24c9e\"},\"breadcrumb\":{\"@id\":\"https:\\\/\\\/akunq.net\\\/tr\\\/?p=58924#breadcrumb\"},\"inLanguage\":\"en-US\",\"potentialAction\":[{\"@type\":\"ReadAction\",\"target\":[\"https:\\\/\\\/akunq.net\\\/tr\\\/?p=58924\"]}]},{\"@type\":\"ImageObject\",\"inLanguage\":\"en-US\",\"@id\":\"https:\\\/\\\/akunq.net\\\/tr\\\/?p=58924#primaryimage\",\"url\":\"https:\\\/\\\/akunq.net\\\/tr\\\/wp-content\\\/uploads\\\/sites\\\/6\\\/2020\\\/09\\\/T\u00fcrkiye-Yahudileri.png\",\"contentUrl\":\"https:\\\/\\\/akunq.net\\\/tr\\\/wp-content\\\/uploads\\\/sites\\\/6\\\/2020\\\/09\\\/T\u00fcrkiye-Yahudileri.png\",\"width\":2048,\"height\":1341},{\"@type\":\"BreadcrumbList\",\"@id\":\"https:\\\/\\\/akunq.net\\\/tr\\\/?p=58924#breadcrumb\",\"itemListElement\":[{\"@type\":\"ListItem\",\"position\":1,\"name\":\"Home\",\"item\":\"https:\\\/\\\/akunq.net\\\/tr\"},{\"@type\":\"ListItem\",\"position\":2,\"name\":\"G\u00f6r\u00fc\u015fmeci Aran\u0131yor: T\u00fcrkiye Yahudileri ve Tarihsel Bellek \u2013 Alessandro Porr\u00e0\"}]},{\"@type\":\"WebSite\",\"@id\":\"https:\\\/\\\/akunq.net\\\/tr\\\/#website\",\"url\":\"https:\\\/\\\/akunq.net\\\/tr\\\/\",\"name\":\"Bati Ermenistan Ve Bati Ermenileri Sorunlari Ara\u015ftirmalar Merkezi\",\"description\":\"\",\"potentialAction\":[{\"@type\":\"SearchAction\",\"target\":{\"@type\":\"EntryPoint\",\"urlTemplate\":\"https:\\\/\\\/akunq.net\\\/tr\\\/?s={search_term_string}\"},\"query-input\":{\"@type\":\"PropertyValueSpecification\",\"valueRequired\":true,\"valueName\":\"search_term_string\"}}],\"inLanguage\":\"en-US\"},{\"@type\":\"Person\",\"@id\":\"https:\\\/\\\/akunq.net\\\/tr\\\/#\\\/schema\\\/person\\\/096f1d38a12cce57fb855b485ed24c9e\",\"name\":\"admin\",\"url\":\"https:\\\/\\\/akunq.net\\\/tr\\\/?author=7\"}]}<\/script>\n<!-- \/ Yoast SEO plugin. -->","yoast_head_json":{"title":"G\u00f6r\u00fc\u015fmeci Aran\u0131yor: T\u00fcrkiye Yahudileri ve Tarihsel Bellek \u2013 Alessandro Porr\u00e0 - Bati Ermenistan Ve Bati Ermenileri Sorunlari Ara\u015ftirmalar Merkezi","robots":{"index":"index","follow":"follow","max-snippet":"max-snippet:-1","max-image-preview":"max-image-preview:large","max-video-preview":"max-video-preview:-1"},"canonical":"https:\/\/akunq.net\/tr\/?p=58924","og_locale":"en_US","og_type":"article","og_title":"G\u00f6r\u00fc\u015fmeci Aran\u0131yor: T\u00fcrkiye Yahudileri ve Tarihsel Bellek \u2013 Alessandro Porr\u00e0 - Bati Ermenistan Ve Bati Ermenileri Sorunlari Ara\u015ftirmalar Merkezi","og_description":"Alessandro Porr\u00e0 \u0130talya\u2019daki\u00a0Cagliari \u00dcniversitesi\u2018nin Siyaset ve Sosyal Bilimler B\u00f6l\u00fcm\u00fc\u2019nde doktora yapmakta olan Alessandro Porr\u00e0 ara\u015ft\u0131rmas\u0131 i\u00e7in g\u00f6r\u00fc\u015fmeciler ar\u0131yor. Projesini\u00a0Avlaremoz\u2018a anlatt\u0131 anlat\u0131yor. T\u00fcrkiye Yahudileri ve tarihsel bellek \u00fczerine olan doktora ara\u015ft\u0131rmam a\u015fa\u011f\u0131daki temel sorunsallar etraf\u0131nda \u015fekilleniyor: 1. T\u00fcrkiye Yahudilerinin ge\u00e7 Osmanl\u0131 ve erken Cumhuriyet d\u00f6nemlerini nas\u0131l hat\u0131rlad\u0131klar\u0131 ve s\u00f6z\u00fc ge\u00e7en ge\u00e7mi\u015f d\u00f6nemlere dair hat\u0131rlad\u0131klar\u0131n\u0131n bir t\u00fcr [&hellip;]","og_url":"https:\/\/akunq.net\/tr\/?p=58924","og_site_name":"Bati Ermenistan Ve Bati Ermenileri Sorunlari Ara\u015ftirmalar Merkezi","article_published_time":"2020-09-16T07:12:43+00:00","og_image":[{"width":2048,"height":1341,"url":"https:\/\/akunq.net\/tr\/wp-content\/uploads\/sites\/6\/2020\/09\/T\u00fcrkiye-Yahudileri.png","type":"image\/png"}],"author":"admin","twitter_card":"summary_large_image","twitter_misc":{"Written by":"admin","Est. reading time":"2 minutes"},"schema":{"@context":"https:\/\/schema.org","@graph":[{"@type":"Article","@id":"https:\/\/akunq.net\/tr\/?p=58924#article","isPartOf":{"@id":"https:\/\/akunq.net\/tr\/?p=58924"},"author":{"name":"admin","@id":"https:\/\/akunq.net\/tr\/#\/schema\/person\/096f1d38a12cce57fb855b485ed24c9e"},"headline":"G\u00f6r\u00fc\u015fmeci Aran\u0131yor: T\u00fcrkiye Yahudileri ve Tarihsel Bellek \u2013 Alessandro Porr\u00e0","datePublished":"2020-09-16T07:12:43+00:00","mainEntityOfPage":{"@id":"https:\/\/akunq.net\/tr\/?p=58924"},"wordCount":414,"commentCount":0,"image":{"@id":"https:\/\/akunq.net\/tr\/?p=58924#primaryimage"},"thumbnailUrl":"https:\/\/akunq.net\/tr\/wp-content\/uploads\/sites\/6\/2020\/09\/T\u00fcrkiye-Yahudileri.png","articleSection":["Haberler","Makaleler","T\u00fcrkiye\u2019de Az\u0131nl\u0131klar"],"inLanguage":"en-US","potentialAction":[{"@type":"CommentAction","name":"Comment","target":["https:\/\/akunq.net\/tr\/?p=58924#respond"]}]},{"@type":"WebPage","@id":"https:\/\/akunq.net\/tr\/?p=58924","url":"https:\/\/akunq.net\/tr\/?p=58924","name":"G\u00f6r\u00fc\u015fmeci Aran\u0131yor: T\u00fcrkiye Yahudileri ve Tarihsel Bellek \u2013 Alessandro Porr\u00e0 - Bati Ermenistan Ve Bati Ermenileri Sorunlari Ara\u015ftirmalar Merkezi","isPartOf":{"@id":"https:\/\/akunq.net\/tr\/#website"},"primaryImageOfPage":{"@id":"https:\/\/akunq.net\/tr\/?p=58924#primaryimage"},"image":{"@id":"https:\/\/akunq.net\/tr\/?p=58924#primaryimage"},"thumbnailUrl":"https:\/\/akunq.net\/tr\/wp-content\/uploads\/sites\/6\/2020\/09\/T\u00fcrkiye-Yahudileri.png","datePublished":"2020-09-16T07:12:43+00:00","author":{"@id":"https:\/\/akunq.net\/tr\/#\/schema\/person\/096f1d38a12cce57fb855b485ed24c9e"},"breadcrumb":{"@id":"https:\/\/akunq.net\/tr\/?p=58924#breadcrumb"},"inLanguage":"en-US","potentialAction":[{"@type":"ReadAction","target":["https:\/\/akunq.net\/tr\/?p=58924"]}]},{"@type":"ImageObject","inLanguage":"en-US","@id":"https:\/\/akunq.net\/tr\/?p=58924#primaryimage","url":"https:\/\/akunq.net\/tr\/wp-content\/uploads\/sites\/6\/2020\/09\/T\u00fcrkiye-Yahudileri.png","contentUrl":"https:\/\/akunq.net\/tr\/wp-content\/uploads\/sites\/6\/2020\/09\/T\u00fcrkiye-Yahudileri.png","width":2048,"height":1341},{"@type":"BreadcrumbList","@id":"https:\/\/akunq.net\/tr\/?p=58924#breadcrumb","itemListElement":[{"@type":"ListItem","position":1,"name":"Home","item":"https:\/\/akunq.net\/tr"},{"@type":"ListItem","position":2,"name":"G\u00f6r\u00fc\u015fmeci Aran\u0131yor: T\u00fcrkiye Yahudileri ve Tarihsel Bellek \u2013 Alessandro Porr\u00e0"}]},{"@type":"WebSite","@id":"https:\/\/akunq.net\/tr\/#website","url":"https:\/\/akunq.net\/tr\/","name":"Bati Ermenistan Ve Bati Ermenileri Sorunlari Ara\u015ftirmalar Merkezi","description":"","potentialAction":[{"@type":"SearchAction","target":{"@type":"EntryPoint","urlTemplate":"https:\/\/akunq.net\/tr\/?s={search_term_string}"},"query-input":{"@type":"PropertyValueSpecification","valueRequired":true,"valueName":"search_term_string"}}],"inLanguage":"en-US"},{"@type":"Person","@id":"https:\/\/akunq.net\/tr\/#\/schema\/person\/096f1d38a12cce57fb855b485ed24c9e","name":"admin","url":"https:\/\/akunq.net\/tr\/?author=7"}]}},"_links":{"self":[{"href":"https:\/\/akunq.net\/tr\/index.php?rest_route=\/wp\/v2\/posts\/58924","targetHints":{"allow":["GET"]}}],"collection":[{"href":"https:\/\/akunq.net\/tr\/index.php?rest_route=\/wp\/v2\/posts"}],"about":[{"href":"https:\/\/akunq.net\/tr\/index.php?rest_route=\/wp\/v2\/types\/post"}],"author":[{"embeddable":true,"href":"https:\/\/akunq.net\/tr\/index.php?rest_route=\/wp\/v2\/users\/7"}],"replies":[{"embeddable":true,"href":"https:\/\/akunq.net\/tr\/index.php?rest_route=%2Fwp%2Fv2%2Fcomments&post=58924"}],"version-history":[{"count":1,"href":"https:\/\/akunq.net\/tr\/index.php?rest_route=\/wp\/v2\/posts\/58924\/revisions"}],"predecessor-version":[{"id":58926,"href":"https:\/\/akunq.net\/tr\/index.php?rest_route=\/wp\/v2\/posts\/58924\/revisions\/58926"}],"wp:featuredmedia":[{"embeddable":true,"href":"https:\/\/akunq.net\/tr\/index.php?rest_route=\/wp\/v2\/media\/58925"}],"wp:attachment":[{"href":"https:\/\/akunq.net\/tr\/index.php?rest_route=%2Fwp%2Fv2%2Fmedia&parent=58924"}],"wp:term":[{"taxonomy":"category","embeddable":true,"href":"https:\/\/akunq.net\/tr\/index.php?rest_route=%2Fwp%2Fv2%2Fcategories&post=58924"},{"taxonomy":"post_tag","embeddable":true,"href":"https:\/\/akunq.net\/tr\/index.php?rest_route=%2Fwp%2Fv2%2Ftags&post=58924"}],"curies":[{"name":"wp","href":"https:\/\/api.w.org\/{rel}","templated":true}]}}