{"id":58869,"date":"2020-09-14T05:13:00","date_gmt":"2020-09-14T10:13:00","guid":{"rendered":"https:\/\/akunq.net\/tr\/?p=58869"},"modified":"2020-09-14T05:13:00","modified_gmt":"2020-09-14T10:13:00","slug":"hrant-dink-vakfina-tehdit-davasinda-saniklarin-avukati-olmadigi-gerekcesiyle-durusma-ertelendi","status":"publish","type":"post","link":"https:\/\/akunq.net\/tr\/?p=58869","title":{"rendered":"Hrant Dink Vakf\u0131\u2019na tehdit davas\u0131nda san\u0131klar\u0131n avukat\u0131 olmad\u0131\u011f\u0131 gerek\u00e7esiyle duru\u015fma ertelendi"},"content":{"rendered":"<p><img loading=\"lazy\" decoding=\"async\" class=\"alignleft size-medium wp-image-58870\" src=\"https:\/\/akunq.net\/tr\/wp-content\/uploads\/2020\/09\/Agos-360x209.jpeg\" alt=\"\" width=\"360\" height=\"209\" srcset=\"https:\/\/akunq.net\/tr\/wp-content\/uploads\/sites\/6\/2020\/09\/Agos-360x209.jpeg 360w, https:\/\/akunq.net\/tr\/wp-content\/uploads\/sites\/6\/2020\/09\/Agos-768x445.jpeg 768w, https:\/\/akunq.net\/tr\/wp-content\/uploads\/sites\/6\/2020\/09\/Agos-560x325.jpeg 560w, https:\/\/akunq.net\/tr\/wp-content\/uploads\/sites\/6\/2020\/09\/Agos-260x151.jpeg 260w, https:\/\/akunq.net\/tr\/wp-content\/uploads\/sites\/6\/2020\/09\/Agos-160x93.jpeg 160w, https:\/\/akunq.net\/tr\/wp-content\/uploads\/sites\/6\/2020\/09\/Agos.jpeg 799w\" sizes=\"auto, (max-width: 360px) 100vw, 360px\" \/><\/p>\n<p><em><strong>\u0130stanbul 56\u2019\u0131nc\u0131 Adliye Ceza Mahkemesi\u2019ndeki ilk duru\u015fmaya, tutuklu san\u0131klar Ersin Ba\u015fkan ve H\u00fcseyin Ate\u015f bulunduklar\u0131 cezaevinden Ses ve G\u00f6r\u00fcnt\u00fcl\u00fc Bili\u015fim Sistemi (SEGB\u0130S) ile kat\u0131ld\u0131. \u015eik\u00e2yet\u00e7iler Hrant Dink Vakf\u0131 ve Fethiye \u00c7etin\u2019in avukatlar\u0131 da duru\u015fmada haz\u0131r bulundu.<\/strong><\/em><\/p>\n<p>H\u00e2kim, san\u0131klar\u0131n ceza ehliyeti olup olmad\u0131\u011f\u0131 konusunda Adli T\u0131p Kurumu\u2019ndan 5 Ekim 2020 tarihine randevu al\u0131nd\u0131\u011f\u0131n\u0131 belirtti. Kimlik sorgular\u0131nda san\u0131k H\u00fcseyin Ate\u015f bek\u00e2r, ortaokul mezunu oldu\u011funu ve fayans\u00e7\u0131l\u0131k yapt\u0131\u011f\u0131n\u0131 belirterek ayl\u0131k gelirinin 3-5 bin TL oldu\u011funu s\u00f6yledi. Bekar, ortaokul mezunu, araba tamircisi ve ayl\u0131k 3 bin TL geliri oldu\u011funu s\u00f6yleyen San\u0131k Ersin Ba\u015fkan ise kimlik sorgusunda \u201cFET\u00d6 ter\u00f6r \u00f6rg\u00fct\u00fcn\u00fc ara\u015ft\u0131rd\u0131m\u201d dedi.<\/p>\n<p>H\u00e2kim, \u00fczerlerine at\u0131l\u0131 su\u00e7u anlatarak avukatlar\u0131 bulunmayan san\u0131klara, avukat isteyip istemediklerini sordu. San\u0131klar ise savunmalar\u0131n\u0131 avukat e\u015fli\u011finde yapmak istediklerini s\u00f6yledi. Bunun \u00fczerine CMK\u2019ya avukat atanmas\u0131 i\u00e7in yaz\u0131 yaz\u0131ld\u0131. Duru\u015fmaya avukat beklenmesi i\u00e7in bir s\u00fcre ara verildi. Ancak g\u00f6revlendirmenin hemen yap\u0131lamamas\u0131 \u00fczerine duru\u015fmaya devam edildi. M\u00fc\u015fteki avukatlar\u0131, san\u0131klardan \u015fik\u00e2yet\u00e7i olduklar\u0131n\u0131 belirterek kat\u0131lma talebinde bulundu.<\/p>\n<p><strong>DURU\u015eMA 21 EYL\u00dcL\u2019E ERTELEND\u0130<\/strong><\/p>\n<p>Mahkeme, su\u00e7un vasf\u0131n\u0131, delil durumunu, ceza miktar\u0131n\u0131 dikkate alarak san\u0131klar\u0131n tutukluluk hallerinin devam\u0131na h\u00fckmetti. San\u0131klara avukat atanmas\u0131na karar verildi. Di\u011fer taleplerin savunmalar al\u0131nd\u0131ktan sonra de\u011ferlendirilmesine h\u00fckmeden mahkeme, duru\u015fmay\u0131 21 Eyl\u00fcl\u2019e b\u0131rakt\u0131.<\/p>\n<p><strong>\u0130DD\u0130ANAME<\/strong><\/p>\n<p>Hrant Dink Vakf\u0131\u2019na y\u00f6nelik ilki 27-28 May\u0131s\u2019ta e-posta yoluyla yap\u0131lan tehdit olay\u0131 \u00fczerine \u0130stanbul Cumhuriyet Ba\u015fsavc\u0131l\u0131\u011f\u0131\u2019nca re\u2019sen soru\u015fturma ba\u015flat\u0131lm\u0131\u015ft\u0131. Savc\u0131l\u0131k\u00e7a tamamlanan soru\u015fturma sonucunda 18 sayfal\u0131k iddianame haz\u0131rland\u0131. \u0130ddianamede Hrant Dink Vakf\u0131 y\u00f6neticileri, avukat Fethiye \u00c7etin aras\u0131nda bulundu\u011fu 9 m\u00fc\u015fteki yer ald\u0131.<\/p>\n<p>\u0130ddianamede, ilk tehdit olay\u0131yla ilgili Konya\u2019da yakalanarak \u0130stanbul\u2019da tutuklanan H\u00fcseyin Ate\u015f hakk\u0131nda 27-28 May\u0131s\u2019ta e-posta g\u00f6ndererek ve 23 May\u0131s\u2019ta Hrant Dink Foundation\u2019\u0131n Instagram hesab\u0131na yorum yaparak \u00fc\u00e7 ayr\u0131 tehdit eylemini ger\u00e7ekle\u015ftirdi\u011fini belirtildi. San\u0131k Ate\u015f\u2019in \u201cZincirleme \u015fekilde imzas\u0131z mektupla veya \u00f6zel i\u015faretlerle tehdit\u201d su\u00e7undan 7,5 y\u0131ldan 26 y\u0131l 3 aya kadar hapis talep edildi.<\/p>\n<p><strong>\u0130K\u0130NC\u0130 TEHD\u0130T OLAYI<\/strong><\/p>\n<p>\u0130kinci tehdit olay\u0131n\u0131 ger\u00e7ekle\u015ftiren san\u0131k Ersin Ba\u015fkan ise Hrant Dink Vakf\u0131\u2019n\u0131n e-posta adresine 30 May\u0131s tarihinde [email protected],&lt;mailto:[email protected]&gt; isimli e-posta adresinden tehdit mesaj\u0131 yollayarak \u201c\u0130mzas\u0131z mektupla veya \u00f6zel i\u015faretlerle tehdit\u201d su\u00e7undan tutuklanm\u0131\u015ft\u0131. \u0130ddianamede, san\u0131k Ba\u015fkan\u2019\u0131n 2,5 y\u0131ldan 8 y\u0131l 9 aya kadar hapsi istendi.<\/p>\n<p><em><strong>(DHA)<\/strong><\/em><\/p>\n<p><em><strong>https:\/\/artigercek.com\/haberler\/hrant-dink-vakfi-na-tehdit-davasinda-saniklarin-avukati-olmadigi-gerekcesiyle-durusma-ertelendi\u00a0<\/strong><\/em><\/p>\n","protected":false},"excerpt":{"rendered":"<p>\u0130stanbul 56\u2019\u0131nc\u0131 Adliye Ceza Mahkemesi\u2019ndeki ilk duru\u015fmaya, tutuklu san\u0131klar Ersin Ba\u015fkan ve H\u00fcseyin Ate\u015f bulunduklar\u0131 cezaevinden Ses ve G\u00f6r\u00fcnt\u00fcl\u00fc Bili\u015fim Sistemi (SEGB\u0130S) ile kat\u0131ld\u0131. \u015eik\u00e2yet\u00e7iler Hrant Dink Vakf\u0131 ve Fethiye \u00c7etin\u2019in avukatlar\u0131 da duru\u015fmada haz\u0131r bulundu. H\u00e2kim, san\u0131klar\u0131n ceza ehliyeti olup olmad\u0131\u011f\u0131 konusunda Adli T\u0131p Kurumu\u2019ndan 5 Ekim 2020 tarihine randevu al\u0131nd\u0131\u011f\u0131n\u0131 belirtti. Kimlik sorgular\u0131nda [&hellip;]<\/p>\n","protected":false},"author":7,"featured_media":58870,"comment_status":"open","ping_status":"open","sticky":false,"template":"","format":"standard","meta":{"footnotes":""},"categories":[1],"tags":[],"class_list":["post-58869","post","type-post","status-publish","format-standard","has-post-thumbnail","hentry","category-haberler"],"yoast_head":"<!-- This site is optimized with the Yoast SEO plugin v27.4 - https:\/\/yoast.com\/product\/yoast-seo-wordpress\/ -->\n<title>Hrant Dink Vakf\u0131\u2019na tehdit davas\u0131nda san\u0131klar\u0131n avukat\u0131 olmad\u0131\u011f\u0131 gerek\u00e7esiyle duru\u015fma ertelendi - Bati Ermenistan Ve Bati Ermenileri Sorunlari Ara\u015ftirmalar Merkezi<\/title>\n<meta name=\"robots\" content=\"index, follow, max-snippet:-1, max-image-preview:large, max-video-preview:-1\" \/>\n<link rel=\"canonical\" href=\"https:\/\/akunq.net\/tr\/?p=58869\" \/>\n<meta property=\"og:locale\" content=\"en_US\" \/>\n<meta property=\"og:type\" content=\"article\" \/>\n<meta property=\"og:title\" content=\"Hrant Dink Vakf\u0131\u2019na tehdit davas\u0131nda san\u0131klar\u0131n avukat\u0131 olmad\u0131\u011f\u0131 gerek\u00e7esiyle duru\u015fma ertelendi - Bati Ermenistan Ve Bati Ermenileri Sorunlari Ara\u015ftirmalar Merkezi\" \/>\n<meta property=\"og:description\" content=\"\u0130stanbul 56\u2019\u0131nc\u0131 Adliye Ceza Mahkemesi\u2019ndeki ilk duru\u015fmaya, tutuklu san\u0131klar Ersin Ba\u015fkan ve H\u00fcseyin Ate\u015f bulunduklar\u0131 cezaevinden Ses ve G\u00f6r\u00fcnt\u00fcl\u00fc Bili\u015fim Sistemi (SEGB\u0130S) ile kat\u0131ld\u0131. \u015eik\u00e2yet\u00e7iler Hrant Dink Vakf\u0131 ve Fethiye \u00c7etin\u2019in avukatlar\u0131 da duru\u015fmada haz\u0131r bulundu. H\u00e2kim, san\u0131klar\u0131n ceza ehliyeti olup olmad\u0131\u011f\u0131 konusunda Adli T\u0131p Kurumu\u2019ndan 5 Ekim 2020 tarihine randevu al\u0131nd\u0131\u011f\u0131n\u0131 belirtti. Kimlik sorgular\u0131nda [&hellip;]\" \/>\n<meta property=\"og:url\" content=\"https:\/\/akunq.net\/tr\/?p=58869\" \/>\n<meta property=\"og:site_name\" content=\"Bati Ermenistan Ve Bati Ermenileri Sorunlari Ara\u015ftirmalar Merkezi\" \/>\n<meta property=\"article:published_time\" content=\"2020-09-14T10:13:00+00:00\" \/>\n<meta property=\"og:image\" content=\"https:\/\/akunq.net\/tr\/wp-content\/uploads\/sites\/6\/2020\/09\/Agos.jpeg\" \/>\n\t<meta property=\"og:image:width\" content=\"799\" \/>\n\t<meta property=\"og:image:height\" content=\"463\" \/>\n\t<meta property=\"og:image:type\" content=\"image\/jpeg\" \/>\n<meta name=\"author\" content=\"admin\" \/>\n<meta name=\"twitter:card\" content=\"summary_large_image\" \/>\n<meta name=\"twitter:label1\" content=\"Written by\" \/>\n\t<meta name=\"twitter:data1\" content=\"admin\" \/>\n\t<meta name=\"twitter:label2\" content=\"Est. reading time\" \/>\n\t<meta name=\"twitter:data2\" content=\"2 minutes\" \/>\n<script type=\"application\/ld+json\" class=\"yoast-schema-graph\">{\"@context\":\"https:\\\/\\\/schema.org\",\"@graph\":[{\"@type\":\"Article\",\"@id\":\"https:\\\/\\\/akunq.net\\\/tr\\\/?p=58869#article\",\"isPartOf\":{\"@id\":\"https:\\\/\\\/akunq.net\\\/tr\\\/?p=58869\"},\"author\":{\"name\":\"admin\",\"@id\":\"https:\\\/\\\/akunq.net\\\/tr\\\/#\\\/schema\\\/person\\\/096f1d38a12cce57fb855b485ed24c9e\"},\"headline\":\"Hrant Dink Vakf\u0131\u2019na tehdit davas\u0131nda san\u0131klar\u0131n avukat\u0131 olmad\u0131\u011f\u0131 gerek\u00e7esiyle duru\u015fma ertelendi\",\"datePublished\":\"2020-09-14T10:13:00+00:00\",\"mainEntityOfPage\":{\"@id\":\"https:\\\/\\\/akunq.net\\\/tr\\\/?p=58869\"},\"wordCount\":494,\"commentCount\":0,\"image\":{\"@id\":\"https:\\\/\\\/akunq.net\\\/tr\\\/?p=58869#primaryimage\"},\"thumbnailUrl\":\"https:\\\/\\\/akunq.net\\\/tr\\\/wp-content\\\/uploads\\\/sites\\\/6\\\/2020\\\/09\\\/Agos.jpeg\",\"articleSection\":[\"Haberler\"],\"inLanguage\":\"en-US\",\"potentialAction\":[{\"@type\":\"CommentAction\",\"name\":\"Comment\",\"target\":[\"https:\\\/\\\/akunq.net\\\/tr\\\/?p=58869#respond\"]}]},{\"@type\":\"WebPage\",\"@id\":\"https:\\\/\\\/akunq.net\\\/tr\\\/?p=58869\",\"url\":\"https:\\\/\\\/akunq.net\\\/tr\\\/?p=58869\",\"name\":\"Hrant Dink Vakf\u0131\u2019na tehdit davas\u0131nda san\u0131klar\u0131n avukat\u0131 olmad\u0131\u011f\u0131 gerek\u00e7esiyle duru\u015fma ertelendi - Bati Ermenistan Ve Bati Ermenileri Sorunlari Ara\u015ftirmalar Merkezi\",\"isPartOf\":{\"@id\":\"https:\\\/\\\/akunq.net\\\/tr\\\/#website\"},\"primaryImageOfPage\":{\"@id\":\"https:\\\/\\\/akunq.net\\\/tr\\\/?p=58869#primaryimage\"},\"image\":{\"@id\":\"https:\\\/\\\/akunq.net\\\/tr\\\/?p=58869#primaryimage\"},\"thumbnailUrl\":\"https:\\\/\\\/akunq.net\\\/tr\\\/wp-content\\\/uploads\\\/sites\\\/6\\\/2020\\\/09\\\/Agos.jpeg\",\"datePublished\":\"2020-09-14T10:13:00+00:00\",\"author\":{\"@id\":\"https:\\\/\\\/akunq.net\\\/tr\\\/#\\\/schema\\\/person\\\/096f1d38a12cce57fb855b485ed24c9e\"},\"breadcrumb\":{\"@id\":\"https:\\\/\\\/akunq.net\\\/tr\\\/?p=58869#breadcrumb\"},\"inLanguage\":\"en-US\",\"potentialAction\":[{\"@type\":\"ReadAction\",\"target\":[\"https:\\\/\\\/akunq.net\\\/tr\\\/?p=58869\"]}]},{\"@type\":\"ImageObject\",\"inLanguage\":\"en-US\",\"@id\":\"https:\\\/\\\/akunq.net\\\/tr\\\/?p=58869#primaryimage\",\"url\":\"https:\\\/\\\/akunq.net\\\/tr\\\/wp-content\\\/uploads\\\/sites\\\/6\\\/2020\\\/09\\\/Agos.jpeg\",\"contentUrl\":\"https:\\\/\\\/akunq.net\\\/tr\\\/wp-content\\\/uploads\\\/sites\\\/6\\\/2020\\\/09\\\/Agos.jpeg\",\"width\":799,\"height\":463},{\"@type\":\"BreadcrumbList\",\"@id\":\"https:\\\/\\\/akunq.net\\\/tr\\\/?p=58869#breadcrumb\",\"itemListElement\":[{\"@type\":\"ListItem\",\"position\":1,\"name\":\"Home\",\"item\":\"https:\\\/\\\/akunq.net\\\/tr\"},{\"@type\":\"ListItem\",\"position\":2,\"name\":\"Hrant Dink Vakf\u0131\u2019na tehdit davas\u0131nda san\u0131klar\u0131n avukat\u0131 olmad\u0131\u011f\u0131 gerek\u00e7esiyle duru\u015fma ertelendi\"}]},{\"@type\":\"WebSite\",\"@id\":\"https:\\\/\\\/akunq.net\\\/tr\\\/#website\",\"url\":\"https:\\\/\\\/akunq.net\\\/tr\\\/\",\"name\":\"Bati Ermenistan Ve Bati Ermenileri Sorunlari Ara\u015ftirmalar Merkezi\",\"description\":\"\",\"potentialAction\":[{\"@type\":\"SearchAction\",\"target\":{\"@type\":\"EntryPoint\",\"urlTemplate\":\"https:\\\/\\\/akunq.net\\\/tr\\\/?s={search_term_string}\"},\"query-input\":{\"@type\":\"PropertyValueSpecification\",\"valueRequired\":true,\"valueName\":\"search_term_string\"}}],\"inLanguage\":\"en-US\"},{\"@type\":\"Person\",\"@id\":\"https:\\\/\\\/akunq.net\\\/tr\\\/#\\\/schema\\\/person\\\/096f1d38a12cce57fb855b485ed24c9e\",\"name\":\"admin\",\"url\":\"https:\\\/\\\/akunq.net\\\/tr\\\/?author=7\"}]}<\/script>\n<!-- \/ Yoast SEO plugin. -->","yoast_head_json":{"title":"Hrant Dink Vakf\u0131\u2019na tehdit davas\u0131nda san\u0131klar\u0131n avukat\u0131 olmad\u0131\u011f\u0131 gerek\u00e7esiyle duru\u015fma ertelendi - Bati Ermenistan Ve Bati Ermenileri Sorunlari Ara\u015ftirmalar Merkezi","robots":{"index":"index","follow":"follow","max-snippet":"max-snippet:-1","max-image-preview":"max-image-preview:large","max-video-preview":"max-video-preview:-1"},"canonical":"https:\/\/akunq.net\/tr\/?p=58869","og_locale":"en_US","og_type":"article","og_title":"Hrant Dink Vakf\u0131\u2019na tehdit davas\u0131nda san\u0131klar\u0131n avukat\u0131 olmad\u0131\u011f\u0131 gerek\u00e7esiyle duru\u015fma ertelendi - Bati Ermenistan Ve Bati Ermenileri Sorunlari Ara\u015ftirmalar Merkezi","og_description":"\u0130stanbul 56\u2019\u0131nc\u0131 Adliye Ceza Mahkemesi\u2019ndeki ilk duru\u015fmaya, tutuklu san\u0131klar Ersin Ba\u015fkan ve H\u00fcseyin Ate\u015f bulunduklar\u0131 cezaevinden Ses ve G\u00f6r\u00fcnt\u00fcl\u00fc Bili\u015fim Sistemi (SEGB\u0130S) ile kat\u0131ld\u0131. \u015eik\u00e2yet\u00e7iler Hrant Dink Vakf\u0131 ve Fethiye \u00c7etin\u2019in avukatlar\u0131 da duru\u015fmada haz\u0131r bulundu. H\u00e2kim, san\u0131klar\u0131n ceza ehliyeti olup olmad\u0131\u011f\u0131 konusunda Adli T\u0131p Kurumu\u2019ndan 5 Ekim 2020 tarihine randevu al\u0131nd\u0131\u011f\u0131n\u0131 belirtti. Kimlik sorgular\u0131nda [&hellip;]","og_url":"https:\/\/akunq.net\/tr\/?p=58869","og_site_name":"Bati Ermenistan Ve Bati Ermenileri Sorunlari Ara\u015ftirmalar Merkezi","article_published_time":"2020-09-14T10:13:00+00:00","og_image":[{"width":799,"height":463,"url":"https:\/\/akunq.net\/tr\/wp-content\/uploads\/sites\/6\/2020\/09\/Agos.jpeg","type":"image\/jpeg"}],"author":"admin","twitter_card":"summary_large_image","twitter_misc":{"Written by":"admin","Est. reading time":"2 minutes"},"schema":{"@context":"https:\/\/schema.org","@graph":[{"@type":"Article","@id":"https:\/\/akunq.net\/tr\/?p=58869#article","isPartOf":{"@id":"https:\/\/akunq.net\/tr\/?p=58869"},"author":{"name":"admin","@id":"https:\/\/akunq.net\/tr\/#\/schema\/person\/096f1d38a12cce57fb855b485ed24c9e"},"headline":"Hrant Dink Vakf\u0131\u2019na tehdit davas\u0131nda san\u0131klar\u0131n avukat\u0131 olmad\u0131\u011f\u0131 gerek\u00e7esiyle duru\u015fma ertelendi","datePublished":"2020-09-14T10:13:00+00:00","mainEntityOfPage":{"@id":"https:\/\/akunq.net\/tr\/?p=58869"},"wordCount":494,"commentCount":0,"image":{"@id":"https:\/\/akunq.net\/tr\/?p=58869#primaryimage"},"thumbnailUrl":"https:\/\/akunq.net\/tr\/wp-content\/uploads\/sites\/6\/2020\/09\/Agos.jpeg","articleSection":["Haberler"],"inLanguage":"en-US","potentialAction":[{"@type":"CommentAction","name":"Comment","target":["https:\/\/akunq.net\/tr\/?p=58869#respond"]}]},{"@type":"WebPage","@id":"https:\/\/akunq.net\/tr\/?p=58869","url":"https:\/\/akunq.net\/tr\/?p=58869","name":"Hrant Dink Vakf\u0131\u2019na tehdit davas\u0131nda san\u0131klar\u0131n avukat\u0131 olmad\u0131\u011f\u0131 gerek\u00e7esiyle duru\u015fma ertelendi - Bati Ermenistan Ve Bati Ermenileri Sorunlari Ara\u015ftirmalar Merkezi","isPartOf":{"@id":"https:\/\/akunq.net\/tr\/#website"},"primaryImageOfPage":{"@id":"https:\/\/akunq.net\/tr\/?p=58869#primaryimage"},"image":{"@id":"https:\/\/akunq.net\/tr\/?p=58869#primaryimage"},"thumbnailUrl":"https:\/\/akunq.net\/tr\/wp-content\/uploads\/sites\/6\/2020\/09\/Agos.jpeg","datePublished":"2020-09-14T10:13:00+00:00","author":{"@id":"https:\/\/akunq.net\/tr\/#\/schema\/person\/096f1d38a12cce57fb855b485ed24c9e"},"breadcrumb":{"@id":"https:\/\/akunq.net\/tr\/?p=58869#breadcrumb"},"inLanguage":"en-US","potentialAction":[{"@type":"ReadAction","target":["https:\/\/akunq.net\/tr\/?p=58869"]}]},{"@type":"ImageObject","inLanguage":"en-US","@id":"https:\/\/akunq.net\/tr\/?p=58869#primaryimage","url":"https:\/\/akunq.net\/tr\/wp-content\/uploads\/sites\/6\/2020\/09\/Agos.jpeg","contentUrl":"https:\/\/akunq.net\/tr\/wp-content\/uploads\/sites\/6\/2020\/09\/Agos.jpeg","width":799,"height":463},{"@type":"BreadcrumbList","@id":"https:\/\/akunq.net\/tr\/?p=58869#breadcrumb","itemListElement":[{"@type":"ListItem","position":1,"name":"Home","item":"https:\/\/akunq.net\/tr"},{"@type":"ListItem","position":2,"name":"Hrant Dink Vakf\u0131\u2019na tehdit davas\u0131nda san\u0131klar\u0131n avukat\u0131 olmad\u0131\u011f\u0131 gerek\u00e7esiyle duru\u015fma ertelendi"}]},{"@type":"WebSite","@id":"https:\/\/akunq.net\/tr\/#website","url":"https:\/\/akunq.net\/tr\/","name":"Bati Ermenistan Ve Bati Ermenileri Sorunlari Ara\u015ftirmalar Merkezi","description":"","potentialAction":[{"@type":"SearchAction","target":{"@type":"EntryPoint","urlTemplate":"https:\/\/akunq.net\/tr\/?s={search_term_string}"},"query-input":{"@type":"PropertyValueSpecification","valueRequired":true,"valueName":"search_term_string"}}],"inLanguage":"en-US"},{"@type":"Person","@id":"https:\/\/akunq.net\/tr\/#\/schema\/person\/096f1d38a12cce57fb855b485ed24c9e","name":"admin","url":"https:\/\/akunq.net\/tr\/?author=7"}]}},"_links":{"self":[{"href":"https:\/\/akunq.net\/tr\/index.php?rest_route=\/wp\/v2\/posts\/58869","targetHints":{"allow":["GET"]}}],"collection":[{"href":"https:\/\/akunq.net\/tr\/index.php?rest_route=\/wp\/v2\/posts"}],"about":[{"href":"https:\/\/akunq.net\/tr\/index.php?rest_route=\/wp\/v2\/types\/post"}],"author":[{"embeddable":true,"href":"https:\/\/akunq.net\/tr\/index.php?rest_route=\/wp\/v2\/users\/7"}],"replies":[{"embeddable":true,"href":"https:\/\/akunq.net\/tr\/index.php?rest_route=%2Fwp%2Fv2%2Fcomments&post=58869"}],"version-history":[{"count":1,"href":"https:\/\/akunq.net\/tr\/index.php?rest_route=\/wp\/v2\/posts\/58869\/revisions"}],"predecessor-version":[{"id":58871,"href":"https:\/\/akunq.net\/tr\/index.php?rest_route=\/wp\/v2\/posts\/58869\/revisions\/58871"}],"wp:featuredmedia":[{"embeddable":true,"href":"https:\/\/akunq.net\/tr\/index.php?rest_route=\/wp\/v2\/media\/58870"}],"wp:attachment":[{"href":"https:\/\/akunq.net\/tr\/index.php?rest_route=%2Fwp%2Fv2%2Fmedia&parent=58869"}],"wp:term":[{"taxonomy":"category","embeddable":true,"href":"https:\/\/akunq.net\/tr\/index.php?rest_route=%2Fwp%2Fv2%2Fcategories&post=58869"},{"taxonomy":"post_tag","embeddable":true,"href":"https:\/\/akunq.net\/tr\/index.php?rest_route=%2Fwp%2Fv2%2Ftags&post=58869"}],"curies":[{"name":"wp","href":"https:\/\/api.w.org\/{rel}","templated":true}]}}