{"id":58772,"date":"2020-09-09T02:04:06","date_gmt":"2020-09-09T07:04:06","guid":{"rendered":"https:\/\/akunq.net\/tr\/?p=58772"},"modified":"2020-09-09T02:04:06","modified_gmt":"2020-09-09T07:04:06","slug":"hasan-cemal-turkiye-insanini-yalanda-yasatmayi-gorev-bilmis-bir-devlet-anlayisi","status":"publish","type":"post","link":"https:\/\/akunq.net\/tr\/?p=58772","title":{"rendered":"Hasan Cemal: T\u00fcrkiye insan\u0131n\u0131 yalanda ya\u015fatmay\u0131 g\u00f6rev bilmi\u015f bir devlet anlay\u0131\u015f\u0131"},"content":{"rendered":"<p><img loading=\"lazy\" decoding=\"async\" class=\"alignleft size-medium wp-image-58774\" src=\"https:\/\/akunq.net\/tr\/wp-content\/uploads\/2020\/09\/Hasan-Cemal-360x208.jpeg\" alt=\"\" width=\"360\" height=\"208\" srcset=\"https:\/\/akunq.net\/tr\/wp-content\/uploads\/sites\/6\/2020\/09\/Hasan-Cemal-360x208.jpeg 360w, https:\/\/akunq.net\/tr\/wp-content\/uploads\/sites\/6\/2020\/09\/Hasan-Cemal-768x444.jpeg 768w, https:\/\/akunq.net\/tr\/wp-content\/uploads\/sites\/6\/2020\/09\/Hasan-Cemal-560x324.jpeg 560w, https:\/\/akunq.net\/tr\/wp-content\/uploads\/sites\/6\/2020\/09\/Hasan-Cemal-260x150.jpeg 260w, https:\/\/akunq.net\/tr\/wp-content\/uploads\/sites\/6\/2020\/09\/Hasan-Cemal-160x93.jpeg 160w, https:\/\/akunq.net\/tr\/wp-content\/uploads\/sites\/6\/2020\/09\/Hasan-Cemal.jpeg 800w\" sizes=\"auto, (max-width: 360px) 100vw, 360px\" \/><\/p>\n<p><em><strong>T24 yazar\u0131 Hasan Cemal, 6-7 Eyl\u00fcl 1955\u2019te Rum, Ermeni ve Yahudi yurtta\u015flara y\u00f6nelik yap\u0131lan sald\u0131r\u0131lar\u0131n y\u0131l d\u00f6n\u00fcmm\u00fc \u00fczerine bir yaz\u0131 kaleme ald\u0131. Cemal \u201cT\u00fcrkiye insan\u0131n\u0131 yalanda ya\u015fatmay\u0131 bir devlet g\u00f6revi olarak bellemi\u015f bu devlet anlay\u0131\u015f\u0131, bu topraklarda toplumsal ve siyasal bar\u0131\u015f\u0131, demokrasi ve hukuku d\u00fcn oldu\u011fu gibi bug\u00fcn de zehirlemeye devam ediyor.\u201d dedi.<\/strong><\/em><\/p>\n<p>Cemal\u2019in T24\u2019te \u201c6-7 Eyl\u00fcl ve T\u00fcrkiye insan\u0131n\u0131 yalanda ya\u015fatmay\u0131 g\u00f6rev bilmi\u015f bir devlet anlay\u0131\u015f\u0131\u2026\u201d ba\u015fl\u0131\u011f\u0131yla yay\u0131mlanan bug\u00fcnk\u00fc yaz\u0131s\u0131 \u015f\u00f6yle:<\/p>\n<p>Tomris Giritlio\u011flu\u2019nun G\u00fcz Sanc\u0131s\u0131 filmini izlerken<\/p>\n<p>hem i\u00e7im ac\u0131d\u0131, hem de bir iyimserlik dalgas\u0131 kabard\u0131 i\u00e7imde.<\/p>\n<p>\u0130\u00e7im ac\u0131d\u0131.<\/p>\n<p>\u00c7\u00fcnk\u00fc, tarihimizin kepaze sayfalar\u0131ndan biri olan 6-7 Eyl\u00fcl\u2019de<\/p>\n<p>gayrim\u00fcslim vatanda\u015flar\u0131m\u0131za, Rumlara, Ermenilere, Yahudilere y\u00f6nelik<\/p>\n<p>sald\u0131rganl\u0131\u011f\u0131 g\u00f6rd\u00fcm, onlar\u0131n ya\u015fad\u0131klar\u0131n\u0131 hissetmeye \u00e7al\u0131\u015ft\u0131m.<\/p>\n<p>\u0130yimserli\u011fe kap\u0131ld\u0131m.<\/p>\n<p>\u00c7\u00fcnk\u00fc, b\u00f6yle bir film art\u0131k bu \u00fclkede \u00e7ekilebiliyor,<\/p>\n<p>geni\u015f kitlelere ula\u015fabiliyor ve onlar\u0131 ge\u00e7mi\u015fin ac\u0131lar\u0131yla<\/p>\n<p>ba\u015fba\u015fa b\u0131rak\u0131p d\u00fc\u015f\u00fcnd\u00fcrebiliyordu.<\/p>\n<p>\u0130\u00e7im ac\u0131d\u0131.<\/p>\n<p>\u00c7\u00fcnk\u00fc, \u201cMilli menfaatler s\u00f6z konusu olunca, gerisi teferruatt\u0131r\u201d<\/p>\n<p>diyen devletin, nas\u0131l \u2018derin devlet\u2019 eliyle<\/p>\n<p>faili me\u00e7hul siyasi cinayetler i\u015fletebildi\u011fini g\u00f6rd\u00fcm.<\/p>\n<p>\u0130yimserli\u011fe kap\u0131ld\u0131m.<\/p>\n<p>\u00c7\u00fcnk\u00fc, aradan yar\u0131m y\u00fczy\u0131l ge\u00e7se bile<\/p>\n<p>insanl\u0131\u011f\u0131 hi\u00e7e sayan barbarl\u0131klar\u0131n<\/p>\n<p>art\u0131k resmi tarihin derinliklerinde gizlenemeyece\u011fini,<\/p>\n<p>er ge\u00e7 sergilenip sorgulanaca\u011f\u0131n\u0131 bir kez daha anlad\u0131m.<\/p>\n<p>\u0130\u00e7im ac\u0131d\u0131.<\/p>\n<p>\u00c7\u00fcnk\u00fc, 1980\u2019lerin sonunda Milli G\u00fcvenlik Kurulu Genel Sekreterli\u011fi yapan<\/p>\n<p>emekli Orgeneral Sabri Yirmibe\u015fo\u011flu\u2019nun 6-7 Eyl\u00fcl\u2019le ilgili,<\/p>\n<p>\u201cBir \u00d6zel Harp i\u015fidir. Muhte\u015fem bir \u00f6rg\u00fctlenmeydi,<\/p>\n<p>amac\u0131na da ula\u015ft\u0131\u201d s\u00f6zlerini an\u0131msad\u0131m.<\/p>\n<p>(Tempo dergisinin 9-15 Haziran 1991 tarihli 24. say\u0131s\u0131nda Fatih G\u00fcllapo\u011flu\u2019nun r\u00f6portaj\u0131).<\/p>\n<p>\u0130yimserli\u011fe kap\u0131ld\u0131m.<\/p>\n<p>\u00c7\u00fcnk\u00fc, \u2018derin devlet\u2019 eliyle d\u00fczenlenen k\u0131r\u0131mlar\u0131n,<\/p>\n<p>i\u015flenen cinayetlerin yar\u0131m y\u00fczy\u0131l sonra olsa bile, bug\u00fcn bir filmde ele al\u0131nabilmesi,<\/p>\n<p>T\u00fcrkiye\u2019de demokrasi ve hukukun yar\u0131nlar\u0131 a\u00e7\u0131s\u0131ndan umut vericiydi.<\/p>\n<p>\u0130\u00e7im ac\u0131d\u0131.<\/p>\n<p>\u00c7\u00fcnk\u00fc yar\u0131m y\u00fczy\u0131l \u00f6nce, \u201cMilli menfaatler s\u00f6z konusu olunca,<\/p>\n<p>gerisi teferruatt\u0131r\u201d diyerek katliam ve faili me\u00e7hul cinayetlere<\/p>\n<p>kap\u0131y\u0131 a\u00e7an derin devlet zihniyetinin, \u201cDevlet i\u00e7in kur\u015fun atan da,<\/p>\n<p>kur\u015fun yiyen de vatanseverdir\u201d s\u00f6z\u00fcyle Susurluk\u2019tan Ergenekon\u2019a kadar<\/p>\n<p>varl\u0131\u011f\u0131n\u0131 devam ettirdi\u011fini bir kez daha g\u00f6rd\u00fcm ve yar\u0131m y\u00fczy\u0131l \u00f6nce<\/p>\n<p>6-7 Eyl\u00fcl\u2019de oldu\u011fu gibi, yar\u0131m y\u00fczy\u0131l sonra da bas\u0131n\u0131n,<\/p>\n<p>gazetecilerin bazen derin devlet taraf\u0131ndan nas\u0131l kullan\u0131ld\u0131\u011f\u0131n\u0131 bir kez daha d\u00fc\u015f\u00fcnd\u00fcm.<\/p>\n<p>\u0130yimserli\u011fe kap\u0131ld\u0131m.<\/p>\n<p>\u00c7\u00fcnk\u00fc 6-7 Eyl\u00fcl\u2019den g\u00fcn\u00fcm\u00fcze, Susurluk ve Ergenekon\u2019a do\u011fru<\/p>\n<p>bir \u00e7izgi \u00e7ekti\u011fim zaman, art\u0131k bu \u00fclkenin de ufak ufak de\u011fi\u015fti\u011fi,<\/p>\n<p>demokrasi ad\u0131na, hukuk ad\u0131na faili me\u00e7hul cinayetlerden,<\/p>\n<p>derin devlet d\u00fczenlemelerinden hesap sorulmaya ba\u015flad\u0131\u011f\u0131 akl\u0131ma geldi.<\/p>\n<p>\u0130\u00e7im ac\u0131d\u0131.<\/p>\n<p>\u00c7\u00fcnk\u00fc, \u0130stanbul\u2019da gayrim\u00fcslim vatanda\u015flar\u0131m\u0131za,<\/p>\n<p>Rumlara, Ermenilere, Yahudilere yar\u0131m y\u00fczy\u0131l \u00f6nce<\/p>\n<p>milliyet\u00e7ilik ad\u0131na ya\u015fat\u0131lan, 400 kad\u0131na tecav\u00fcz edilen,<\/p>\n<p>o t\u00fcyler \u00fcrpertici, o korkun\u00e7 iki g\u00fcn\u00fcn (Sabanc\u0131 \u00dcniversitesi \u00f6\u011fretim \u00fcyesi Dilek G\u00fcven\u2019le r\u00f6portaj, Ecevit Y\u0131ld\u0131z, Sabah, 2 \u015eubat 2009)<\/p>\n<p>tarihimizde nas\u0131l bir kapkara leke oldu\u011funu bir kez d\u00fc\u015f\u00fcnd\u00fcm.<\/p>\n<p>\u0130yimserli\u011fe kap\u0131ld\u0131m.<\/p>\n<p>\u00c7\u00fcnk\u00fc, 6-7 Eyl\u00fcl dahil tarihimizdeki kepaze sayfalar\u0131n<\/p>\n<p>art\u0131k kar\u0131\u015ft\u0131r\u0131ld\u0131\u011f\u0131n\u0131, sorguland\u0131\u011f\u0131n\u0131, yeniden yaz\u0131ld\u0131\u011f\u0131n\u0131,<\/p>\n<p>b\u00f6ylece ge\u00e7mi\u015fle y\u00fczle\u015filerek kendi kendisiyle daha bar\u0131\u015f\u0131k,<\/p>\n<p>daha olgun bir T\u00fcrkiye\u2019ye kap\u0131 araland\u0131\u011f\u0131n\u0131 d\u00fc\u015f\u00fcnd\u00fcm,<\/p>\n<p>G\u00fcz Sanc\u0131s\u0131 filmini seyrederken\u2026<\/p>\n<hr \/>\n<p>Yukar\u0131daki yaz\u0131m yeni de\u011fil.<\/p>\n<p>11 y\u0131l \u00f6ncesinin bir k\u00f6\u015fe yaz\u0131s\u0131.<\/p>\n<p>8 \u015eubat 2009\u2019da Milliyet\u2019te \u00e7\u0131kt\u0131.<\/p>\n<p>\u0130yimser \u00e7izgileri biraz daha a\u011f\u0131r basan bir yaz\u0131.<\/p>\n<p>6-7 Eyl\u00fcl\u2019\u00fc 65 y\u0131l sonra bug\u00fcn yazsam bu iyimser \u00e7izgiler de silinip gidebilirdi.<\/p>\n<p>11 y\u0131l \u00f6ncesine g\u00f6re bug\u00fcn daha karanl\u0131k bir d\u00f6nemden ge\u00e7iyoruz \u00e7\u00fcnk\u00fc\u2026<\/p>\n<p>D\u00fcn 11 y\u0131l \u00f6ncesine ait sat\u0131rlar\u0131 okurken bu memleketin tarih kitaplar\u0131 akl\u0131ma tak\u0131ld\u0131,<\/p>\n<p>bir tak\u0131m ger\u00e7ekleri atlayan o resmi tarih kitaplar\u0131\u2026<\/p>\n<p>T\u00fcrkiye\u2019nin kapanmayan yaras\u0131d\u0131r resmi tarih,<\/p>\n<p>kapanmayan bir yarad\u0131r, \u00e7\u00fcnk\u00fc baz\u0131 ger\u00e7eklerin \u00fcst\u00fcn\u00fc \u00f6rten bir tarihtir.<\/p>\n<p>\u0130cat edilmi\u015f bir tarihtir.<\/p>\n<p>Tahrif edilmi\u015f bir tarihtir.<\/p>\n<p>K\u00fcrtler\u2019e K\u00fcrtl\u00fc\u011f\u00fcn\u00fcz\u00fc unutun diyen\u2026<\/p>\n<p>Aleviler\u2019e Alevili\u011finizi unutun diyen\u2026<\/p>\n<p>Ermeniler\u2019e ac\u0131lar\u0131n\u0131z\u0131 unutun diyen\u2026<\/p>\n<p>M\u00fcsl\u00fcmanlar\u2019a da dininizi, inanc\u0131n\u0131z\u0131 kendi vicdan\u0131n\u0131zda ya\u015fay\u0131n, kamuya ta\u015f\u0131may\u0131n diyen\u2026<\/p>\n<p>Bir \u201cmilliyet\u00e7ili\u011fi\u201dnin \u00fcr\u00fcn\u00fcd\u00fcr bu tarih kitaplar\u0131\u2026<\/p>\n<p>T\u00fcrkiye insan\u0131n\u0131 yalanda ya\u015fatmay\u0131 bir devlet g\u00f6revi olarak bellemi\u015f bu devlet anlay\u0131\u015f\u0131,<\/p>\n<p>bu topraklarda toplumsal ve siyasal bar\u0131\u015f\u0131, demokrasi ve hukuku<\/p>\n<p>d\u00fcn oldu\u011fu gibi bug\u00fcn de zehirlemeye devam ediyor.<\/p>\n<p>Ne yaz\u0131k ki \u00f6yle.<\/p>\n<p><em><strong>https:\/\/artigercek.com\/haberler\/hasan-cemal-turkiye-insanini-yalanda-yasatmayi-bir-devlet-gorevi-olarak-bellemis-bu-devlet-anlayisi<\/strong><\/em><\/p>\n<hr \/>\n<p>&nbsp;<\/p>\n","protected":false},"excerpt":{"rendered":"<p>T24 yazar\u0131 Hasan Cemal, 6-7 Eyl\u00fcl 1955\u2019te Rum, Ermeni ve Yahudi yurtta\u015flara y\u00f6nelik yap\u0131lan sald\u0131r\u0131lar\u0131n y\u0131l d\u00f6n\u00fcmm\u00fc \u00fczerine bir yaz\u0131 kaleme ald\u0131. Cemal \u201cT\u00fcrkiye insan\u0131n\u0131 yalanda ya\u015fatmay\u0131 bir devlet g\u00f6revi olarak bellemi\u015f bu devlet anlay\u0131\u015f\u0131, bu topraklarda toplumsal ve siyasal bar\u0131\u015f\u0131, demokrasi ve hukuku d\u00fcn oldu\u011fu gibi bug\u00fcn de zehirlemeye devam ediyor.\u201d dedi. Cemal\u2019in T24\u2019te [&hellip;]<\/p>\n","protected":false},"author":7,"featured_media":58774,"comment_status":"open","ping_status":"open","sticky":false,"template":"","format":"standard","meta":{"footnotes":""},"categories":[1,70,20,53],"tags":[],"class_list":["post-58772","post","type-post","status-publish","format-standard","has-post-thumbnail","hentry","category-haberler","category-makaleler","category-tarih-sayfalari","category-turkiyede-azinliklar"],"yoast_head":"<!-- This site is optimized with the Yoast SEO plugin v27.4 - https:\/\/yoast.com\/product\/yoast-seo-wordpress\/ -->\n<title>Hasan Cemal: T\u00fcrkiye insan\u0131n\u0131 yalanda ya\u015fatmay\u0131 g\u00f6rev bilmi\u015f bir devlet anlay\u0131\u015f\u0131 - Bati Ermenistan Ve Bati Ermenileri Sorunlari Ara\u015ftirmalar Merkezi<\/title>\n<meta name=\"robots\" content=\"index, follow, max-snippet:-1, max-image-preview:large, max-video-preview:-1\" \/>\n<link rel=\"canonical\" href=\"https:\/\/akunq.net\/tr\/?p=58772\" \/>\n<meta property=\"og:locale\" content=\"en_US\" \/>\n<meta property=\"og:type\" content=\"article\" \/>\n<meta property=\"og:title\" content=\"Hasan Cemal: T\u00fcrkiye insan\u0131n\u0131 yalanda ya\u015fatmay\u0131 g\u00f6rev bilmi\u015f bir devlet anlay\u0131\u015f\u0131 - Bati Ermenistan Ve Bati Ermenileri Sorunlari Ara\u015ftirmalar Merkezi\" \/>\n<meta property=\"og:description\" content=\"T24 yazar\u0131 Hasan Cemal, 6-7 Eyl\u00fcl 1955\u2019te Rum, Ermeni ve Yahudi yurtta\u015flara y\u00f6nelik yap\u0131lan sald\u0131r\u0131lar\u0131n y\u0131l d\u00f6n\u00fcmm\u00fc \u00fczerine bir yaz\u0131 kaleme ald\u0131. Cemal \u201cT\u00fcrkiye insan\u0131n\u0131 yalanda ya\u015fatmay\u0131 bir devlet g\u00f6revi olarak bellemi\u015f bu devlet anlay\u0131\u015f\u0131, bu topraklarda toplumsal ve siyasal bar\u0131\u015f\u0131, demokrasi ve hukuku d\u00fcn oldu\u011fu gibi bug\u00fcn de zehirlemeye devam ediyor.\u201d dedi. Cemal\u2019in T24\u2019te [&hellip;]\" \/>\n<meta property=\"og:url\" content=\"https:\/\/akunq.net\/tr\/?p=58772\" \/>\n<meta property=\"og:site_name\" content=\"Bati Ermenistan Ve Bati Ermenileri Sorunlari Ara\u015ftirmalar Merkezi\" \/>\n<meta property=\"article:published_time\" content=\"2020-09-09T07:04:06+00:00\" \/>\n<meta property=\"og:image\" content=\"https:\/\/akunq.net\/tr\/wp-content\/uploads\/sites\/6\/2020\/09\/Hasan-Cemal.jpeg\" \/>\n\t<meta property=\"og:image:width\" content=\"800\" \/>\n\t<meta property=\"og:image:height\" content=\"463\" \/>\n\t<meta property=\"og:image:type\" content=\"image\/jpeg\" \/>\n<meta name=\"author\" content=\"admin\" \/>\n<meta name=\"twitter:card\" content=\"summary_large_image\" \/>\n<meta name=\"twitter:label1\" content=\"Written by\" \/>\n\t<meta name=\"twitter:data1\" content=\"admin\" \/>\n\t<meta name=\"twitter:label2\" content=\"Est. reading time\" \/>\n\t<meta name=\"twitter:data2\" content=\"4 minutes\" \/>\n<script type=\"application\/ld+json\" class=\"yoast-schema-graph\">{\"@context\":\"https:\\\/\\\/schema.org\",\"@graph\":[{\"@type\":\"Article\",\"@id\":\"https:\\\/\\\/akunq.net\\\/tr\\\/?p=58772#article\",\"isPartOf\":{\"@id\":\"https:\\\/\\\/akunq.net\\\/tr\\\/?p=58772\"},\"author\":{\"name\":\"admin\",\"@id\":\"https:\\\/\\\/akunq.net\\\/tr\\\/#\\\/schema\\\/person\\\/096f1d38a12cce57fb855b485ed24c9e\"},\"headline\":\"Hasan Cemal: T\u00fcrkiye insan\u0131n\u0131 yalanda ya\u015fatmay\u0131 g\u00f6rev bilmi\u015f bir devlet anlay\u0131\u015f\u0131\",\"datePublished\":\"2020-09-09T07:04:06+00:00\",\"mainEntityOfPage\":{\"@id\":\"https:\\\/\\\/akunq.net\\\/tr\\\/?p=58772\"},\"wordCount\":904,\"commentCount\":0,\"image\":{\"@id\":\"https:\\\/\\\/akunq.net\\\/tr\\\/?p=58772#primaryimage\"},\"thumbnailUrl\":\"https:\\\/\\\/akunq.net\\\/tr\\\/wp-content\\\/uploads\\\/sites\\\/6\\\/2020\\\/09\\\/Hasan-Cemal.jpeg\",\"articleSection\":[\"Haberler\",\"Makaleler\",\"Tarih Sayfalar\u0131\",\"T\u00fcrkiye\u2019de Az\u0131nl\u0131klar\"],\"inLanguage\":\"en-US\",\"potentialAction\":[{\"@type\":\"CommentAction\",\"name\":\"Comment\",\"target\":[\"https:\\\/\\\/akunq.net\\\/tr\\\/?p=58772#respond\"]}]},{\"@type\":\"WebPage\",\"@id\":\"https:\\\/\\\/akunq.net\\\/tr\\\/?p=58772\",\"url\":\"https:\\\/\\\/akunq.net\\\/tr\\\/?p=58772\",\"name\":\"Hasan Cemal: T\u00fcrkiye insan\u0131n\u0131 yalanda ya\u015fatmay\u0131 g\u00f6rev bilmi\u015f bir devlet anlay\u0131\u015f\u0131 - Bati Ermenistan Ve Bati Ermenileri Sorunlari Ara\u015ftirmalar Merkezi\",\"isPartOf\":{\"@id\":\"https:\\\/\\\/akunq.net\\\/tr\\\/#website\"},\"primaryImageOfPage\":{\"@id\":\"https:\\\/\\\/akunq.net\\\/tr\\\/?p=58772#primaryimage\"},\"image\":{\"@id\":\"https:\\\/\\\/akunq.net\\\/tr\\\/?p=58772#primaryimage\"},\"thumbnailUrl\":\"https:\\\/\\\/akunq.net\\\/tr\\\/wp-content\\\/uploads\\\/sites\\\/6\\\/2020\\\/09\\\/Hasan-Cemal.jpeg\",\"datePublished\":\"2020-09-09T07:04:06+00:00\",\"author\":{\"@id\":\"https:\\\/\\\/akunq.net\\\/tr\\\/#\\\/schema\\\/person\\\/096f1d38a12cce57fb855b485ed24c9e\"},\"breadcrumb\":{\"@id\":\"https:\\\/\\\/akunq.net\\\/tr\\\/?p=58772#breadcrumb\"},\"inLanguage\":\"en-US\",\"potentialAction\":[{\"@type\":\"ReadAction\",\"target\":[\"https:\\\/\\\/akunq.net\\\/tr\\\/?p=58772\"]}]},{\"@type\":\"ImageObject\",\"inLanguage\":\"en-US\",\"@id\":\"https:\\\/\\\/akunq.net\\\/tr\\\/?p=58772#primaryimage\",\"url\":\"https:\\\/\\\/akunq.net\\\/tr\\\/wp-content\\\/uploads\\\/sites\\\/6\\\/2020\\\/09\\\/Hasan-Cemal.jpeg\",\"contentUrl\":\"https:\\\/\\\/akunq.net\\\/tr\\\/wp-content\\\/uploads\\\/sites\\\/6\\\/2020\\\/09\\\/Hasan-Cemal.jpeg\",\"width\":800,\"height\":463},{\"@type\":\"BreadcrumbList\",\"@id\":\"https:\\\/\\\/akunq.net\\\/tr\\\/?p=58772#breadcrumb\",\"itemListElement\":[{\"@type\":\"ListItem\",\"position\":1,\"name\":\"Home\",\"item\":\"https:\\\/\\\/akunq.net\\\/tr\"},{\"@type\":\"ListItem\",\"position\":2,\"name\":\"Hasan Cemal: T\u00fcrkiye insan\u0131n\u0131 yalanda ya\u015fatmay\u0131 g\u00f6rev bilmi\u015f bir devlet anlay\u0131\u015f\u0131\"}]},{\"@type\":\"WebSite\",\"@id\":\"https:\\\/\\\/akunq.net\\\/tr\\\/#website\",\"url\":\"https:\\\/\\\/akunq.net\\\/tr\\\/\",\"name\":\"Bati Ermenistan Ve Bati Ermenileri Sorunlari Ara\u015ftirmalar Merkezi\",\"description\":\"\",\"potentialAction\":[{\"@type\":\"SearchAction\",\"target\":{\"@type\":\"EntryPoint\",\"urlTemplate\":\"https:\\\/\\\/akunq.net\\\/tr\\\/?s={search_term_string}\"},\"query-input\":{\"@type\":\"PropertyValueSpecification\",\"valueRequired\":true,\"valueName\":\"search_term_string\"}}],\"inLanguage\":\"en-US\"},{\"@type\":\"Person\",\"@id\":\"https:\\\/\\\/akunq.net\\\/tr\\\/#\\\/schema\\\/person\\\/096f1d38a12cce57fb855b485ed24c9e\",\"name\":\"admin\",\"url\":\"https:\\\/\\\/akunq.net\\\/tr\\\/?author=7\"}]}<\/script>\n<!-- \/ Yoast SEO plugin. -->","yoast_head_json":{"title":"Hasan Cemal: T\u00fcrkiye insan\u0131n\u0131 yalanda ya\u015fatmay\u0131 g\u00f6rev bilmi\u015f bir devlet anlay\u0131\u015f\u0131 - Bati Ermenistan Ve Bati Ermenileri Sorunlari Ara\u015ftirmalar Merkezi","robots":{"index":"index","follow":"follow","max-snippet":"max-snippet:-1","max-image-preview":"max-image-preview:large","max-video-preview":"max-video-preview:-1"},"canonical":"https:\/\/akunq.net\/tr\/?p=58772","og_locale":"en_US","og_type":"article","og_title":"Hasan Cemal: T\u00fcrkiye insan\u0131n\u0131 yalanda ya\u015fatmay\u0131 g\u00f6rev bilmi\u015f bir devlet anlay\u0131\u015f\u0131 - Bati Ermenistan Ve Bati Ermenileri Sorunlari Ara\u015ftirmalar Merkezi","og_description":"T24 yazar\u0131 Hasan Cemal, 6-7 Eyl\u00fcl 1955\u2019te Rum, Ermeni ve Yahudi yurtta\u015flara y\u00f6nelik yap\u0131lan sald\u0131r\u0131lar\u0131n y\u0131l d\u00f6n\u00fcmm\u00fc \u00fczerine bir yaz\u0131 kaleme ald\u0131. Cemal \u201cT\u00fcrkiye insan\u0131n\u0131 yalanda ya\u015fatmay\u0131 bir devlet g\u00f6revi olarak bellemi\u015f bu devlet anlay\u0131\u015f\u0131, bu topraklarda toplumsal ve siyasal bar\u0131\u015f\u0131, demokrasi ve hukuku d\u00fcn oldu\u011fu gibi bug\u00fcn de zehirlemeye devam ediyor.\u201d dedi. Cemal\u2019in T24\u2019te [&hellip;]","og_url":"https:\/\/akunq.net\/tr\/?p=58772","og_site_name":"Bati Ermenistan Ve Bati Ermenileri Sorunlari Ara\u015ftirmalar Merkezi","article_published_time":"2020-09-09T07:04:06+00:00","og_image":[{"width":800,"height":463,"url":"https:\/\/akunq.net\/tr\/wp-content\/uploads\/sites\/6\/2020\/09\/Hasan-Cemal.jpeg","type":"image\/jpeg"}],"author":"admin","twitter_card":"summary_large_image","twitter_misc":{"Written by":"admin","Est. reading time":"4 minutes"},"schema":{"@context":"https:\/\/schema.org","@graph":[{"@type":"Article","@id":"https:\/\/akunq.net\/tr\/?p=58772#article","isPartOf":{"@id":"https:\/\/akunq.net\/tr\/?p=58772"},"author":{"name":"admin","@id":"https:\/\/akunq.net\/tr\/#\/schema\/person\/096f1d38a12cce57fb855b485ed24c9e"},"headline":"Hasan Cemal: T\u00fcrkiye insan\u0131n\u0131 yalanda ya\u015fatmay\u0131 g\u00f6rev bilmi\u015f bir devlet anlay\u0131\u015f\u0131","datePublished":"2020-09-09T07:04:06+00:00","mainEntityOfPage":{"@id":"https:\/\/akunq.net\/tr\/?p=58772"},"wordCount":904,"commentCount":0,"image":{"@id":"https:\/\/akunq.net\/tr\/?p=58772#primaryimage"},"thumbnailUrl":"https:\/\/akunq.net\/tr\/wp-content\/uploads\/sites\/6\/2020\/09\/Hasan-Cemal.jpeg","articleSection":["Haberler","Makaleler","Tarih Sayfalar\u0131","T\u00fcrkiye\u2019de Az\u0131nl\u0131klar"],"inLanguage":"en-US","potentialAction":[{"@type":"CommentAction","name":"Comment","target":["https:\/\/akunq.net\/tr\/?p=58772#respond"]}]},{"@type":"WebPage","@id":"https:\/\/akunq.net\/tr\/?p=58772","url":"https:\/\/akunq.net\/tr\/?p=58772","name":"Hasan Cemal: T\u00fcrkiye insan\u0131n\u0131 yalanda ya\u015fatmay\u0131 g\u00f6rev bilmi\u015f bir devlet anlay\u0131\u015f\u0131 - Bati Ermenistan Ve Bati Ermenileri Sorunlari Ara\u015ftirmalar Merkezi","isPartOf":{"@id":"https:\/\/akunq.net\/tr\/#website"},"primaryImageOfPage":{"@id":"https:\/\/akunq.net\/tr\/?p=58772#primaryimage"},"image":{"@id":"https:\/\/akunq.net\/tr\/?p=58772#primaryimage"},"thumbnailUrl":"https:\/\/akunq.net\/tr\/wp-content\/uploads\/sites\/6\/2020\/09\/Hasan-Cemal.jpeg","datePublished":"2020-09-09T07:04:06+00:00","author":{"@id":"https:\/\/akunq.net\/tr\/#\/schema\/person\/096f1d38a12cce57fb855b485ed24c9e"},"breadcrumb":{"@id":"https:\/\/akunq.net\/tr\/?p=58772#breadcrumb"},"inLanguage":"en-US","potentialAction":[{"@type":"ReadAction","target":["https:\/\/akunq.net\/tr\/?p=58772"]}]},{"@type":"ImageObject","inLanguage":"en-US","@id":"https:\/\/akunq.net\/tr\/?p=58772#primaryimage","url":"https:\/\/akunq.net\/tr\/wp-content\/uploads\/sites\/6\/2020\/09\/Hasan-Cemal.jpeg","contentUrl":"https:\/\/akunq.net\/tr\/wp-content\/uploads\/sites\/6\/2020\/09\/Hasan-Cemal.jpeg","width":800,"height":463},{"@type":"BreadcrumbList","@id":"https:\/\/akunq.net\/tr\/?p=58772#breadcrumb","itemListElement":[{"@type":"ListItem","position":1,"name":"Home","item":"https:\/\/akunq.net\/tr"},{"@type":"ListItem","position":2,"name":"Hasan Cemal: T\u00fcrkiye insan\u0131n\u0131 yalanda ya\u015fatmay\u0131 g\u00f6rev bilmi\u015f bir devlet anlay\u0131\u015f\u0131"}]},{"@type":"WebSite","@id":"https:\/\/akunq.net\/tr\/#website","url":"https:\/\/akunq.net\/tr\/","name":"Bati Ermenistan Ve Bati Ermenileri Sorunlari Ara\u015ftirmalar Merkezi","description":"","potentialAction":[{"@type":"SearchAction","target":{"@type":"EntryPoint","urlTemplate":"https:\/\/akunq.net\/tr\/?s={search_term_string}"},"query-input":{"@type":"PropertyValueSpecification","valueRequired":true,"valueName":"search_term_string"}}],"inLanguage":"en-US"},{"@type":"Person","@id":"https:\/\/akunq.net\/tr\/#\/schema\/person\/096f1d38a12cce57fb855b485ed24c9e","name":"admin","url":"https:\/\/akunq.net\/tr\/?author=7"}]}},"_links":{"self":[{"href":"https:\/\/akunq.net\/tr\/index.php?rest_route=\/wp\/v2\/posts\/58772","targetHints":{"allow":["GET"]}}],"collection":[{"href":"https:\/\/akunq.net\/tr\/index.php?rest_route=\/wp\/v2\/posts"}],"about":[{"href":"https:\/\/akunq.net\/tr\/index.php?rest_route=\/wp\/v2\/types\/post"}],"author":[{"embeddable":true,"href":"https:\/\/akunq.net\/tr\/index.php?rest_route=\/wp\/v2\/users\/7"}],"replies":[{"embeddable":true,"href":"https:\/\/akunq.net\/tr\/index.php?rest_route=%2Fwp%2Fv2%2Fcomments&post=58772"}],"version-history":[{"count":1,"href":"https:\/\/akunq.net\/tr\/index.php?rest_route=\/wp\/v2\/posts\/58772\/revisions"}],"predecessor-version":[{"id":58775,"href":"https:\/\/akunq.net\/tr\/index.php?rest_route=\/wp\/v2\/posts\/58772\/revisions\/58775"}],"wp:featuredmedia":[{"embeddable":true,"href":"https:\/\/akunq.net\/tr\/index.php?rest_route=\/wp\/v2\/media\/58774"}],"wp:attachment":[{"href":"https:\/\/akunq.net\/tr\/index.php?rest_route=%2Fwp%2Fv2%2Fmedia&parent=58772"}],"wp:term":[{"taxonomy":"category","embeddable":true,"href":"https:\/\/akunq.net\/tr\/index.php?rest_route=%2Fwp%2Fv2%2Fcategories&post=58772"},{"taxonomy":"post_tag","embeddable":true,"href":"https:\/\/akunq.net\/tr\/index.php?rest_route=%2Fwp%2Fv2%2Ftags&post=58772"}],"curies":[{"name":"wp","href":"https:\/\/api.w.org\/{rel}","templated":true}]}}