{"id":58708,"date":"2020-09-07T02:44:18","date_gmt":"2020-09-07T07:44:18","guid":{"rendered":"https:\/\/akunq.net\/tr\/?p=58708"},"modified":"2020-09-07T02:44:18","modified_gmt":"2020-09-07T07:44:18","slug":"vanin-surp-hac-ermeni-kilisesinde-sekizinci-yillik-ayin-gerceklesti","status":"publish","type":"post","link":"https:\/\/akunq.net\/tr\/?p=58708","title":{"rendered":"Van&#8217;\u0131n Surp Ha\u00e7 Ermeni Kilisesinde sekizinci y\u0131ll\u0131k ayin ger\u00e7ekle\u015fti"},"content":{"rendered":"<div class=\"html-content\">\n<p><img loading=\"lazy\" decoding=\"async\" class=\"alignleft size-medium wp-image-58709\" src=\"https:\/\/akunq.net\/tr\/wp-content\/uploads\/2020\/09\/Van-360x212.jpeg\" alt=\"\" width=\"360\" height=\"212\" srcset=\"https:\/\/akunq.net\/tr\/wp-content\/uploads\/sites\/6\/2020\/09\/Van-360x212.jpeg 360w, https:\/\/akunq.net\/tr\/wp-content\/uploads\/sites\/6\/2020\/09\/Van-560x330.jpeg 560w, https:\/\/akunq.net\/tr\/wp-content\/uploads\/sites\/6\/2020\/09\/Van-260x153.jpeg 260w, https:\/\/akunq.net\/tr\/wp-content\/uploads\/sites\/6\/2020\/09\/Van-160x94.jpeg 160w, https:\/\/akunq.net\/tr\/wp-content\/uploads\/sites\/6\/2020\/09\/Van.jpeg 574w\" sizes=\"auto, (max-width: 360px) 100vw, 360px\" \/><\/p>\n<p><em><strong>Van&#8217;\u0131n Akdamar (Akhtamar-&#8216;Akunq&#8217; web sitesi) Adas\u0131&#8217;ndaki Surp Ha\u00e7 Ermeni Kilisesi\u2019nde ilki 2010 y\u0131l\u0131nda yap\u0131lan ayinin sekizincisi 6 Eyl\u00fcl 2020\u2019de ger\u00e7ekle\u015fti. T\u00fcrkiye K\u00fclt\u00fcr ve Turizm Bakanl\u0131\u011f\u0131 taraf\u0131ndan verilen izinle 85. T\u00fcrkiye Ermeni Patri\u011fi Sahak Ma\u015falyan\u2019\u0131n y\u00f6netiminde ve 25 ki\u015finin kat\u0131l\u0131m\u0131yla yap\u0131lan ayin, yakla\u015f\u0131k bir saat s\u00fcrd\u00fc.<\/strong><\/em><\/p>\n<p>Van Valisi Mehmet Emin Bilmez, Vak\u0131flar Genel M\u00fcd\u00fcr\u00fc Burhan Ersoy ve Van Emniyet M\u00fcd\u00fcr\u00fc Ali Karaba\u011f\u2019\u0131n da izledi\u011fi ayinin ard\u0131ndan a\u00e7\u0131klamalarda bulunan Patrik Sahak Ma\u015falyan, \u201cBiz \u00fclkemizde inanc\u0131m\u0131z\u0131 kiliselerimizde ya\u015fayabiliyoruz. Evlerimizde ve okullar\u0131m\u0131zda ya\u015f\u0131yoruz. Bu anlamda mutluyuz. \u00c7\u00fcnk\u00fc her insan i\u00e7in inan\u00e7 d\u00fcnyas\u0131 hayat\u0131n en \u00f6nemli de\u011ferlerinden birisidir.<\/p>\n<p>\u0130nsanlar inan\u00e7lar\u0131 i\u00e7in ya\u015farlar. \u0130nan\u00e7lar\u0131 onlar\u0131n hayatlar\u0131na anlam verir ve gerekti\u011finde inan\u00e7lar\u0131 i\u00e7in canlar\u0131n\u0131 feda ederler. Van\u2019\u0131n bu g\u00fczel kilisesinde y\u0131ll\u0131k ibadetimizi yapt\u0131k. Bize bu imkan\u0131 sa\u011flayan devlet g\u00f6revlilerine te\u015fekk\u00fcrlerimizi sunuyoruz. Bize her t\u00fcrl\u00fc kolayl\u0131\u011f\u0131 g\u00f6steriyorlar. \u00d6yle ki Allah isterse gelecek y\u0131l halkla birlikte tekrar burada pandemiden kurtulmu\u015f olarak ibadetimizi yerine getirmeyi nasip eder bize\u201d ifadelerini kulland\u0131.<\/p>\n<\/div>\n<div class=\"current-author fl cb\"><em><strong>Kaynak: Haberturk.com<\/strong><\/em><\/div>\n<div><em><strong>https:\/\/www.ermenihaber.am\/tr\/news\/2020\/09\/07\/Van-Surp-Ha%C3%A7-Ermeni-Kilisesi\/191995<\/strong><\/em><\/div>\n<div class=\"cb\"><\/div>\n<div class=\"current-socials\">\n<div id=\"st-1\" class=\"sharethis-inline-share-buttons st-left  st-inline-share-buttons st-animated\">\n<div class=\"st-btn\" data-network=\"email\"><\/div>\n<\/div>\n<\/div>\n","protected":false},"excerpt":{"rendered":"<p>Van&#8217;\u0131n Akdamar (Akhtamar-&#8216;Akunq&#8217; web sitesi) Adas\u0131&#8217;ndaki Surp Ha\u00e7 Ermeni Kilisesi\u2019nde ilki 2010 y\u0131l\u0131nda yap\u0131lan ayinin sekizincisi 6 Eyl\u00fcl 2020\u2019de ger\u00e7ekle\u015fti. T\u00fcrkiye K\u00fclt\u00fcr ve Turizm Bakanl\u0131\u011f\u0131 taraf\u0131ndan verilen izinle 85. T\u00fcrkiye Ermeni Patri\u011fi Sahak Ma\u015falyan\u2019\u0131n y\u00f6netiminde ve 25 ki\u015finin kat\u0131l\u0131m\u0131yla yap\u0131lan ayin, yakla\u015f\u0131k bir saat s\u00fcrd\u00fc. Van Valisi Mehmet Emin Bilmez, Vak\u0131flar Genel M\u00fcd\u00fcr\u00fc Burhan Ersoy [&hellip;]<\/p>\n","protected":false},"author":7,"featured_media":58709,"comment_status":"open","ping_status":"open","sticky":false,"template":"","format":"standard","meta":{"footnotes":""},"categories":[1],"tags":[],"class_list":["post-58708","post","type-post","status-publish","format-standard","has-post-thumbnail","hentry","category-haberler"],"yoast_head":"<!-- This site is optimized with the Yoast SEO plugin v27.4 - https:\/\/yoast.com\/product\/yoast-seo-wordpress\/ -->\n<title>Van&#039;\u0131n Surp Ha\u00e7 Ermeni Kilisesinde sekizinci y\u0131ll\u0131k ayin ger\u00e7ekle\u015fti - Bati Ermenistan Ve Bati Ermenileri Sorunlari Ara\u015ftirmalar Merkezi<\/title>\n<meta name=\"robots\" content=\"index, follow, max-snippet:-1, max-image-preview:large, max-video-preview:-1\" \/>\n<link rel=\"canonical\" href=\"https:\/\/akunq.net\/tr\/?p=58708\" \/>\n<meta property=\"og:locale\" content=\"en_US\" \/>\n<meta property=\"og:type\" content=\"article\" \/>\n<meta property=\"og:title\" content=\"Van&#039;\u0131n Surp Ha\u00e7 Ermeni Kilisesinde sekizinci y\u0131ll\u0131k ayin ger\u00e7ekle\u015fti - Bati Ermenistan Ve Bati Ermenileri Sorunlari Ara\u015ftirmalar Merkezi\" \/>\n<meta property=\"og:description\" content=\"Van&#8217;\u0131n Akdamar (Akhtamar-&#8216;Akunq&#8217; web sitesi) Adas\u0131&#8217;ndaki Surp Ha\u00e7 Ermeni Kilisesi\u2019nde ilki 2010 y\u0131l\u0131nda yap\u0131lan ayinin sekizincisi 6 Eyl\u00fcl 2020\u2019de ger\u00e7ekle\u015fti. T\u00fcrkiye K\u00fclt\u00fcr ve Turizm Bakanl\u0131\u011f\u0131 taraf\u0131ndan verilen izinle 85. T\u00fcrkiye Ermeni Patri\u011fi Sahak Ma\u015falyan\u2019\u0131n y\u00f6netiminde ve 25 ki\u015finin kat\u0131l\u0131m\u0131yla yap\u0131lan ayin, yakla\u015f\u0131k bir saat s\u00fcrd\u00fc. Van Valisi Mehmet Emin Bilmez, Vak\u0131flar Genel M\u00fcd\u00fcr\u00fc Burhan Ersoy [&hellip;]\" \/>\n<meta property=\"og:url\" content=\"https:\/\/akunq.net\/tr\/?p=58708\" \/>\n<meta property=\"og:site_name\" content=\"Bati Ermenistan Ve Bati Ermenileri Sorunlari Ara\u015ftirmalar Merkezi\" \/>\n<meta property=\"article:published_time\" content=\"2020-09-07T07:44:18+00:00\" \/>\n<meta property=\"og:image\" content=\"https:\/\/akunq.net\/tr\/wp-content\/uploads\/sites\/6\/2020\/09\/Van.jpeg\" \/>\n\t<meta property=\"og:image:width\" content=\"574\" \/>\n\t<meta property=\"og:image:height\" content=\"338\" \/>\n\t<meta property=\"og:image:type\" content=\"image\/jpeg\" \/>\n<meta name=\"author\" content=\"admin\" \/>\n<meta name=\"twitter:card\" content=\"summary_large_image\" \/>\n<meta name=\"twitter:label1\" content=\"Written by\" \/>\n\t<meta name=\"twitter:data1\" content=\"admin\" \/>\n\t<meta name=\"twitter:label2\" content=\"Est. reading time\" \/>\n\t<meta name=\"twitter:data2\" content=\"1 minute\" \/>\n<script type=\"application\/ld+json\" class=\"yoast-schema-graph\">{\"@context\":\"https:\\\/\\\/schema.org\",\"@graph\":[{\"@type\":\"Article\",\"@id\":\"https:\\\/\\\/akunq.net\\\/tr\\\/?p=58708#article\",\"isPartOf\":{\"@id\":\"https:\\\/\\\/akunq.net\\\/tr\\\/?p=58708\"},\"author\":{\"name\":\"admin\",\"@id\":\"https:\\\/\\\/akunq.net\\\/tr\\\/#\\\/schema\\\/person\\\/096f1d38a12cce57fb855b485ed24c9e\"},\"headline\":\"Van&#8217;\u0131n Surp Ha\u00e7 Ermeni Kilisesinde sekizinci y\u0131ll\u0131k ayin ger\u00e7ekle\u015fti\",\"datePublished\":\"2020-09-07T07:44:18+00:00\",\"mainEntityOfPage\":{\"@id\":\"https:\\\/\\\/akunq.net\\\/tr\\\/?p=58708\"},\"wordCount\":240,\"commentCount\":0,\"image\":{\"@id\":\"https:\\\/\\\/akunq.net\\\/tr\\\/?p=58708#primaryimage\"},\"thumbnailUrl\":\"https:\\\/\\\/akunq.net\\\/tr\\\/wp-content\\\/uploads\\\/sites\\\/6\\\/2020\\\/09\\\/Van.jpeg\",\"articleSection\":[\"Haberler\"],\"inLanguage\":\"en-US\",\"potentialAction\":[{\"@type\":\"CommentAction\",\"name\":\"Comment\",\"target\":[\"https:\\\/\\\/akunq.net\\\/tr\\\/?p=58708#respond\"]}]},{\"@type\":\"WebPage\",\"@id\":\"https:\\\/\\\/akunq.net\\\/tr\\\/?p=58708\",\"url\":\"https:\\\/\\\/akunq.net\\\/tr\\\/?p=58708\",\"name\":\"Van'\u0131n Surp Ha\u00e7 Ermeni Kilisesinde sekizinci y\u0131ll\u0131k ayin ger\u00e7ekle\u015fti - Bati Ermenistan Ve Bati Ermenileri Sorunlari Ara\u015ftirmalar Merkezi\",\"isPartOf\":{\"@id\":\"https:\\\/\\\/akunq.net\\\/tr\\\/#website\"},\"primaryImageOfPage\":{\"@id\":\"https:\\\/\\\/akunq.net\\\/tr\\\/?p=58708#primaryimage\"},\"image\":{\"@id\":\"https:\\\/\\\/akunq.net\\\/tr\\\/?p=58708#primaryimage\"},\"thumbnailUrl\":\"https:\\\/\\\/akunq.net\\\/tr\\\/wp-content\\\/uploads\\\/sites\\\/6\\\/2020\\\/09\\\/Van.jpeg\",\"datePublished\":\"2020-09-07T07:44:18+00:00\",\"author\":{\"@id\":\"https:\\\/\\\/akunq.net\\\/tr\\\/#\\\/schema\\\/person\\\/096f1d38a12cce57fb855b485ed24c9e\"},\"breadcrumb\":{\"@id\":\"https:\\\/\\\/akunq.net\\\/tr\\\/?p=58708#breadcrumb\"},\"inLanguage\":\"en-US\",\"potentialAction\":[{\"@type\":\"ReadAction\",\"target\":[\"https:\\\/\\\/akunq.net\\\/tr\\\/?p=58708\"]}]},{\"@type\":\"ImageObject\",\"inLanguage\":\"en-US\",\"@id\":\"https:\\\/\\\/akunq.net\\\/tr\\\/?p=58708#primaryimage\",\"url\":\"https:\\\/\\\/akunq.net\\\/tr\\\/wp-content\\\/uploads\\\/sites\\\/6\\\/2020\\\/09\\\/Van.jpeg\",\"contentUrl\":\"https:\\\/\\\/akunq.net\\\/tr\\\/wp-content\\\/uploads\\\/sites\\\/6\\\/2020\\\/09\\\/Van.jpeg\",\"width\":574,\"height\":338},{\"@type\":\"BreadcrumbList\",\"@id\":\"https:\\\/\\\/akunq.net\\\/tr\\\/?p=58708#breadcrumb\",\"itemListElement\":[{\"@type\":\"ListItem\",\"position\":1,\"name\":\"Home\",\"item\":\"https:\\\/\\\/akunq.net\\\/tr\"},{\"@type\":\"ListItem\",\"position\":2,\"name\":\"Van&#8217;\u0131n Surp Ha\u00e7 Ermeni Kilisesinde sekizinci y\u0131ll\u0131k ayin ger\u00e7ekle\u015fti\"}]},{\"@type\":\"WebSite\",\"@id\":\"https:\\\/\\\/akunq.net\\\/tr\\\/#website\",\"url\":\"https:\\\/\\\/akunq.net\\\/tr\\\/\",\"name\":\"Bati Ermenistan Ve Bati Ermenileri Sorunlari Ara\u015ftirmalar Merkezi\",\"description\":\"\",\"potentialAction\":[{\"@type\":\"SearchAction\",\"target\":{\"@type\":\"EntryPoint\",\"urlTemplate\":\"https:\\\/\\\/akunq.net\\\/tr\\\/?s={search_term_string}\"},\"query-input\":{\"@type\":\"PropertyValueSpecification\",\"valueRequired\":true,\"valueName\":\"search_term_string\"}}],\"inLanguage\":\"en-US\"},{\"@type\":\"Person\",\"@id\":\"https:\\\/\\\/akunq.net\\\/tr\\\/#\\\/schema\\\/person\\\/096f1d38a12cce57fb855b485ed24c9e\",\"name\":\"admin\",\"url\":\"https:\\\/\\\/akunq.net\\\/tr\\\/?author=7\"}]}<\/script>\n<!-- \/ Yoast SEO plugin. -->","yoast_head_json":{"title":"Van'\u0131n Surp Ha\u00e7 Ermeni Kilisesinde sekizinci y\u0131ll\u0131k ayin ger\u00e7ekle\u015fti - Bati Ermenistan Ve Bati Ermenileri Sorunlari Ara\u015ftirmalar Merkezi","robots":{"index":"index","follow":"follow","max-snippet":"max-snippet:-1","max-image-preview":"max-image-preview:large","max-video-preview":"max-video-preview:-1"},"canonical":"https:\/\/akunq.net\/tr\/?p=58708","og_locale":"en_US","og_type":"article","og_title":"Van'\u0131n Surp Ha\u00e7 Ermeni Kilisesinde sekizinci y\u0131ll\u0131k ayin ger\u00e7ekle\u015fti - Bati Ermenistan Ve Bati Ermenileri Sorunlari Ara\u015ftirmalar Merkezi","og_description":"Van&#8217;\u0131n Akdamar (Akhtamar-&#8216;Akunq&#8217; web sitesi) Adas\u0131&#8217;ndaki Surp Ha\u00e7 Ermeni Kilisesi\u2019nde ilki 2010 y\u0131l\u0131nda yap\u0131lan ayinin sekizincisi 6 Eyl\u00fcl 2020\u2019de ger\u00e7ekle\u015fti. T\u00fcrkiye K\u00fclt\u00fcr ve Turizm Bakanl\u0131\u011f\u0131 taraf\u0131ndan verilen izinle 85. T\u00fcrkiye Ermeni Patri\u011fi Sahak Ma\u015falyan\u2019\u0131n y\u00f6netiminde ve 25 ki\u015finin kat\u0131l\u0131m\u0131yla yap\u0131lan ayin, yakla\u015f\u0131k bir saat s\u00fcrd\u00fc. Van Valisi Mehmet Emin Bilmez, Vak\u0131flar Genel M\u00fcd\u00fcr\u00fc Burhan Ersoy [&hellip;]","og_url":"https:\/\/akunq.net\/tr\/?p=58708","og_site_name":"Bati Ermenistan Ve Bati Ermenileri Sorunlari Ara\u015ftirmalar Merkezi","article_published_time":"2020-09-07T07:44:18+00:00","og_image":[{"width":574,"height":338,"url":"https:\/\/akunq.net\/tr\/wp-content\/uploads\/sites\/6\/2020\/09\/Van.jpeg","type":"image\/jpeg"}],"author":"admin","twitter_card":"summary_large_image","twitter_misc":{"Written by":"admin","Est. reading time":"1 minute"},"schema":{"@context":"https:\/\/schema.org","@graph":[{"@type":"Article","@id":"https:\/\/akunq.net\/tr\/?p=58708#article","isPartOf":{"@id":"https:\/\/akunq.net\/tr\/?p=58708"},"author":{"name":"admin","@id":"https:\/\/akunq.net\/tr\/#\/schema\/person\/096f1d38a12cce57fb855b485ed24c9e"},"headline":"Van&#8217;\u0131n Surp Ha\u00e7 Ermeni Kilisesinde sekizinci y\u0131ll\u0131k ayin ger\u00e7ekle\u015fti","datePublished":"2020-09-07T07:44:18+00:00","mainEntityOfPage":{"@id":"https:\/\/akunq.net\/tr\/?p=58708"},"wordCount":240,"commentCount":0,"image":{"@id":"https:\/\/akunq.net\/tr\/?p=58708#primaryimage"},"thumbnailUrl":"https:\/\/akunq.net\/tr\/wp-content\/uploads\/sites\/6\/2020\/09\/Van.jpeg","articleSection":["Haberler"],"inLanguage":"en-US","potentialAction":[{"@type":"CommentAction","name":"Comment","target":["https:\/\/akunq.net\/tr\/?p=58708#respond"]}]},{"@type":"WebPage","@id":"https:\/\/akunq.net\/tr\/?p=58708","url":"https:\/\/akunq.net\/tr\/?p=58708","name":"Van'\u0131n Surp Ha\u00e7 Ermeni Kilisesinde sekizinci y\u0131ll\u0131k ayin ger\u00e7ekle\u015fti - Bati Ermenistan Ve Bati Ermenileri Sorunlari Ara\u015ftirmalar Merkezi","isPartOf":{"@id":"https:\/\/akunq.net\/tr\/#website"},"primaryImageOfPage":{"@id":"https:\/\/akunq.net\/tr\/?p=58708#primaryimage"},"image":{"@id":"https:\/\/akunq.net\/tr\/?p=58708#primaryimage"},"thumbnailUrl":"https:\/\/akunq.net\/tr\/wp-content\/uploads\/sites\/6\/2020\/09\/Van.jpeg","datePublished":"2020-09-07T07:44:18+00:00","author":{"@id":"https:\/\/akunq.net\/tr\/#\/schema\/person\/096f1d38a12cce57fb855b485ed24c9e"},"breadcrumb":{"@id":"https:\/\/akunq.net\/tr\/?p=58708#breadcrumb"},"inLanguage":"en-US","potentialAction":[{"@type":"ReadAction","target":["https:\/\/akunq.net\/tr\/?p=58708"]}]},{"@type":"ImageObject","inLanguage":"en-US","@id":"https:\/\/akunq.net\/tr\/?p=58708#primaryimage","url":"https:\/\/akunq.net\/tr\/wp-content\/uploads\/sites\/6\/2020\/09\/Van.jpeg","contentUrl":"https:\/\/akunq.net\/tr\/wp-content\/uploads\/sites\/6\/2020\/09\/Van.jpeg","width":574,"height":338},{"@type":"BreadcrumbList","@id":"https:\/\/akunq.net\/tr\/?p=58708#breadcrumb","itemListElement":[{"@type":"ListItem","position":1,"name":"Home","item":"https:\/\/akunq.net\/tr"},{"@type":"ListItem","position":2,"name":"Van&#8217;\u0131n Surp Ha\u00e7 Ermeni Kilisesinde sekizinci y\u0131ll\u0131k ayin ger\u00e7ekle\u015fti"}]},{"@type":"WebSite","@id":"https:\/\/akunq.net\/tr\/#website","url":"https:\/\/akunq.net\/tr\/","name":"Bati Ermenistan Ve Bati Ermenileri Sorunlari Ara\u015ftirmalar Merkezi","description":"","potentialAction":[{"@type":"SearchAction","target":{"@type":"EntryPoint","urlTemplate":"https:\/\/akunq.net\/tr\/?s={search_term_string}"},"query-input":{"@type":"PropertyValueSpecification","valueRequired":true,"valueName":"search_term_string"}}],"inLanguage":"en-US"},{"@type":"Person","@id":"https:\/\/akunq.net\/tr\/#\/schema\/person\/096f1d38a12cce57fb855b485ed24c9e","name":"admin","url":"https:\/\/akunq.net\/tr\/?author=7"}]}},"_links":{"self":[{"href":"https:\/\/akunq.net\/tr\/index.php?rest_route=\/wp\/v2\/posts\/58708","targetHints":{"allow":["GET"]}}],"collection":[{"href":"https:\/\/akunq.net\/tr\/index.php?rest_route=\/wp\/v2\/posts"}],"about":[{"href":"https:\/\/akunq.net\/tr\/index.php?rest_route=\/wp\/v2\/types\/post"}],"author":[{"embeddable":true,"href":"https:\/\/akunq.net\/tr\/index.php?rest_route=\/wp\/v2\/users\/7"}],"replies":[{"embeddable":true,"href":"https:\/\/akunq.net\/tr\/index.php?rest_route=%2Fwp%2Fv2%2Fcomments&post=58708"}],"version-history":[{"count":1,"href":"https:\/\/akunq.net\/tr\/index.php?rest_route=\/wp\/v2\/posts\/58708\/revisions"}],"predecessor-version":[{"id":58710,"href":"https:\/\/akunq.net\/tr\/index.php?rest_route=\/wp\/v2\/posts\/58708\/revisions\/58710"}],"wp:featuredmedia":[{"embeddable":true,"href":"https:\/\/akunq.net\/tr\/index.php?rest_route=\/wp\/v2\/media\/58709"}],"wp:attachment":[{"href":"https:\/\/akunq.net\/tr\/index.php?rest_route=%2Fwp%2Fv2%2Fmedia&parent=58708"}],"wp:term":[{"taxonomy":"category","embeddable":true,"href":"https:\/\/akunq.net\/tr\/index.php?rest_route=%2Fwp%2Fv2%2Fcategories&post=58708"},{"taxonomy":"post_tag","embeddable":true,"href":"https:\/\/akunq.net\/tr\/index.php?rest_route=%2Fwp%2Fv2%2Ftags&post=58708"}],"curies":[{"name":"wp","href":"https:\/\/api.w.org\/{rel}","templated":true}]}}