{"id":58694,"date":"2020-09-04T03:37:53","date_gmt":"2020-09-04T08:37:53","guid":{"rendered":"https:\/\/akunq.net\/tr\/?p=58694"},"modified":"2020-09-04T03:38:14","modified_gmt":"2020-09-04T08:38:14","slug":"unicef-turkiyede-15-yasindaki-her-iki-cocuktan-biri-hayatindan-memnun-degil","status":"publish","type":"post","link":"https:\/\/akunq.net\/tr\/?p=58694","title":{"rendered":"UNICEF: T\u00fcrkiye&#8217;de 15 ya\u015f\u0131ndaki her iki \u00e7ocuktan biri hayat\u0131ndan memnun de\u011fil"},"content":{"rendered":"<p><img loading=\"lazy\" decoding=\"async\" class=\"alignleft size-medium wp-image-58695\" src=\"https:\/\/akunq.net\/tr\/wp-content\/uploads\/2020\/09\/Turkiyede-cocuklar-360x203.jpg\" alt=\"\" width=\"360\" height=\"203\" srcset=\"https:\/\/akunq.net\/tr\/wp-content\/uploads\/sites\/6\/2020\/09\/Turkiyede-cocuklar-360x203.jpg 360w, https:\/\/akunq.net\/tr\/wp-content\/uploads\/sites\/6\/2020\/09\/Turkiyede-cocuklar-560x315.jpg 560w, https:\/\/akunq.net\/tr\/wp-content\/uploads\/sites\/6\/2020\/09\/Turkiyede-cocuklar-260x146.jpg 260w, https:\/\/akunq.net\/tr\/wp-content\/uploads\/sites\/6\/2020\/09\/Turkiyede-cocuklar-160x90.jpg 160w, https:\/\/akunq.net\/tr\/wp-content\/uploads\/sites\/6\/2020\/09\/Turkiyede-cocuklar.jpg 736w\" sizes=\"auto, (max-width: 360px) 100vw, 360px\" \/><\/p>\n<p><em><strong>Birle\u015fmi\u015f Milletler \u00c7ocuklara Yard\u0131m Fonu, (UNICEF) bir ara\u015ft\u0131rma yaparak Avrupa Birli\u011fi (AB) ve Ekonomik \u0130\u015fbirli\u011fi \u00d6rg\u00fct\u00fc (OECD) \u00fclkelerindeki \u00e7ocuklar\u0131n ve gen\u00e7lerin huzurunu ve mutlulu\u011funu \u00f6l\u00e7t\u00fc.<\/strong><\/em><\/p>\n<p>Yap\u0131lan ara\u015ft\u0131rmaya g\u00f6re, T\u00fcrkiye memnuniyet s\u0131ralamas\u0131nda sonuncu \u00e7\u0131kt\u0131. Buna g\u00f6re y\u00fczde 47 oran\u0131 ile 15 ya\u015f\u0131ndaki T\u00fcrk \u00e7ocuklar\u0131n\u0131n yar\u0131s\u0131 hayatlar\u0131ndan memnun de\u011fil.<\/p>\n<p>\u0130lk s\u0131rada ise \u00e7ocuklar\u0131n en mutlu oldu\u011fu \u00fclke Hollanda oldu. Burada \u00e7ocuklar\u0131n y\u00fczde 90&#8217;\u0131 hayat\u0131ndan memnun oldu\u011funu ifade ediyor. Hollanda&#8217;y\u0131 Meksika ve Romanya izledi.<\/p>\n<p>UNICEF&#8217;e ba\u011fl\u0131 Innocenti Ara\u015ft\u0131rma Merkezi (IRC), geli\u015fmi\u015f ya da geli\u015fmekte olan \u00fclkelerde, 18 ya\u015f\u0131na kadar olan \u00e7ocuklar\u0131n refah\u0131n\u0131 belirleyen etkenleri ara\u015ft\u0131rd\u0131\u011f\u0131 \u00e7al\u0131\u015fmas\u0131nda, \u00e7ocuklar\u0131n e\u011fitim olanaklar\u0131, sosyal becerileri ile zihinsel ve fiziksel sa\u011fl\u0131\u011f\u0131 gibi konulara ili\u015fkin verilere de yer veriyor.<\/p>\n<p>Olu\u015fturulan rapora g\u00f6re, 18 ya\u015f\u0131na kadar olan grup i\u00e7erisinde en iyi \u015fartlarda b\u00fcy\u00fcyen \u00e7ocuklar Hollanda&#8217;da bulunuyor. Bu \u00fclkeyi Danimarka ve Norve\u00e7 takip ederken ABD, Bulgaristan ve \u015eili, en d\u00fc\u015f\u00fck puanlara sahip \u00fclkeler aras\u0131nda yer ald\u0131.<\/p>\n<h2>UNICEF: T\u00fcrkiye ile ilgili baz\u0131 veriler bulunamad\u0131<\/h2>\n<p>De\u011ferlendirmeyi i\u00e7eren baz\u0131 g\u00f6stergelerde ilgili veriler bulunmad\u0131\u011f\u0131 i\u00e7inse T\u00fcrkiye baz\u0131 kategorilerde listede yer alm\u0131yor.<\/p>\n<div class=\"widget widget--type-tweet widget--size-fullwidth widget--align-center\">\n<div class=\"widget__wrapper\">\n<div class=\"widget__ratio widget__ratio\u2014auto\">\n<div class=\"widget__contents\">\n<figure class=\"widget__figure\">\n<div class=\"widget__tweet\" data-tweet-id=\"1301417644239843328\">\n<div class=\"twitter-tweet twitter-tweet-rendered\"><iframe id=\"twitter-widget-0\" class=\"\" title=\"Twitter Tweet\" src=\"https:\/\/platform.twitter.com\/embed\/index.html?dnt=false&amp;embedId=twitter-widget-0&amp;frame=false&amp;hideCard=false&amp;hideThread=false&amp;id=1301417644239843328&amp;lang=en&amp;origin=https%3A%2F%2Ftr.euronews.com%2F2020%2F09%2F03%2Funcief-turkiye-de-15-yas-ndaki-her-iki-cocuktan-biri-hayat-ndan-memnun-degil&amp;siteScreenName=euronews&amp;theme=light&amp;widgetsVersion=219d021%3A1598982042171&amp;width=550px\" frameborder=\"0\" scrolling=\"no\" allowfullscreen=\"allowfullscreen\" data-tweet-id=\"1301417644239843328\" data-mce-fragment=\"1\"><\/iframe><\/div>\n<\/div>\n<\/figure>\n<\/div>\n<\/div>\n<\/div>\n<\/div>\n<p>Hayattan memnuniyet s\u0131ralamas\u0131nda y\u00fczde 62 ile T\u00fcrkiye&#8217;yi Japon \u00e7ocuklar ve y\u00fczde 64 ile \u0130ngiliz \u00e7ocuklar takip ediyor.<\/p>\n<h2>Yeditepe ara\u015ft\u0131rmas\u0131 da ayn\u0131 orana ula\u015fm\u0131\u015ft\u0131<\/h2>\n<p>Yeditepe \u00dcniversitesi ve MAK Dan\u0131\u015fmanl\u0131k i\u015f birli\u011fi ile 18-29 ya\u015f grubu aras\u0131nda ger\u00e7ekle\u015ftirilen \u015fimdiye kadarki en kapsaml\u0131 \u2018Gen\u00e7lik Ara\u015ft\u0131rmas\u0131&#8217;n\u0131n sonu\u00e7lar\u0131na g\u00f6re de T\u00fcrkiye&#8217;de her iki gen\u00e7ten biri mutlu olmad\u0131\u011f\u0131n\u0131 ifade ediyor.<\/p>\n<p>Ayn\u0131 ara\u015ft\u0131rmada gen\u00e7lerin y\u00fczde 76&#8217;s\u0131n\u0131n daha iyi bir gelecek i\u00e7in yurt d\u0131\u015f\u0131nda ya\u015famak istedi\u011fi de belirtildi. Raporda &#8220;T\u00fcrk gen\u00e7lerinin y\u00fczde 77&#8217;si torpilin yetenekten daha etkili oldu\u011funa inan\u0131yor&#8221; deniliyor.<\/p>\n<p><em><strong>https:\/\/tr.euronews.com\/2020\/09\/03\/uncief-turkiye-de-15-yas-ndaki-her-iki-cocuktan-biri-hayat-ndan-memnun-degil\u00a0<\/strong><\/em><\/p>\n","protected":false},"excerpt":{"rendered":"<p>Birle\u015fmi\u015f Milletler \u00c7ocuklara Yard\u0131m Fonu, (UNICEF) bir ara\u015ft\u0131rma yaparak Avrupa Birli\u011fi (AB) ve Ekonomik \u0130\u015fbirli\u011fi \u00d6rg\u00fct\u00fc (OECD) \u00fclkelerindeki \u00e7ocuklar\u0131n ve gen\u00e7lerin huzurunu ve mutlulu\u011funu \u00f6l\u00e7t\u00fc. Yap\u0131lan ara\u015ft\u0131rmaya g\u00f6re, T\u00fcrkiye memnuniyet s\u0131ralamas\u0131nda sonuncu \u00e7\u0131kt\u0131. Buna g\u00f6re y\u00fczde 47 oran\u0131 ile 15 ya\u015f\u0131ndaki T\u00fcrk \u00e7ocuklar\u0131n\u0131n yar\u0131s\u0131 hayatlar\u0131ndan memnun de\u011fil. \u0130lk s\u0131rada ise \u00e7ocuklar\u0131n en mutlu oldu\u011fu \u00fclke [&hellip;]<\/p>\n","protected":false},"author":7,"featured_media":58695,"comment_status":"open","ping_status":"open","sticky":false,"template":"","format":"standard","meta":{"footnotes":""},"categories":[1],"tags":[],"class_list":["post-58694","post","type-post","status-publish","format-standard","has-post-thumbnail","hentry","category-haberler"],"yoast_head":"<!-- This site is optimized with the Yoast SEO plugin v27.4 - https:\/\/yoast.com\/product\/yoast-seo-wordpress\/ -->\n<title>UNICEF: T\u00fcrkiye&#039;de 15 ya\u015f\u0131ndaki her iki \u00e7ocuktan biri hayat\u0131ndan memnun de\u011fil - Bati Ermenistan Ve Bati Ermenileri Sorunlari Ara\u015ftirmalar Merkezi<\/title>\n<meta name=\"robots\" content=\"index, follow, max-snippet:-1, max-image-preview:large, max-video-preview:-1\" \/>\n<link rel=\"canonical\" href=\"https:\/\/akunq.net\/tr\/?p=58694\" \/>\n<meta property=\"og:locale\" content=\"en_US\" \/>\n<meta property=\"og:type\" content=\"article\" \/>\n<meta property=\"og:title\" content=\"UNICEF: T\u00fcrkiye&#039;de 15 ya\u015f\u0131ndaki her iki \u00e7ocuktan biri hayat\u0131ndan memnun de\u011fil - Bati Ermenistan Ve Bati Ermenileri Sorunlari Ara\u015ftirmalar Merkezi\" \/>\n<meta property=\"og:description\" content=\"Birle\u015fmi\u015f Milletler \u00c7ocuklara Yard\u0131m Fonu, (UNICEF) bir ara\u015ft\u0131rma yaparak Avrupa Birli\u011fi (AB) ve Ekonomik \u0130\u015fbirli\u011fi \u00d6rg\u00fct\u00fc (OECD) \u00fclkelerindeki \u00e7ocuklar\u0131n ve gen\u00e7lerin huzurunu ve mutlulu\u011funu \u00f6l\u00e7t\u00fc. Yap\u0131lan ara\u015ft\u0131rmaya g\u00f6re, T\u00fcrkiye memnuniyet s\u0131ralamas\u0131nda sonuncu \u00e7\u0131kt\u0131. Buna g\u00f6re y\u00fczde 47 oran\u0131 ile 15 ya\u015f\u0131ndaki T\u00fcrk \u00e7ocuklar\u0131n\u0131n yar\u0131s\u0131 hayatlar\u0131ndan memnun de\u011fil. \u0130lk s\u0131rada ise \u00e7ocuklar\u0131n en mutlu oldu\u011fu \u00fclke [&hellip;]\" \/>\n<meta property=\"og:url\" content=\"https:\/\/akunq.net\/tr\/?p=58694\" \/>\n<meta property=\"og:site_name\" content=\"Bati Ermenistan Ve Bati Ermenileri Sorunlari Ara\u015ftirmalar Merkezi\" \/>\n<meta property=\"article:published_time\" content=\"2020-09-04T08:37:53+00:00\" \/>\n<meta property=\"article:modified_time\" content=\"2020-09-04T08:38:14+00:00\" \/>\n<meta property=\"og:image\" content=\"https:\/\/akunq.net\/tr\/wp-content\/uploads\/sites\/6\/2020\/09\/Turkiyede-cocuklar.jpg\" \/>\n\t<meta property=\"og:image:width\" content=\"736\" \/>\n\t<meta property=\"og:image:height\" content=\"414\" \/>\n\t<meta property=\"og:image:type\" content=\"image\/jpeg\" \/>\n<meta name=\"author\" content=\"admin\" \/>\n<meta name=\"twitter:card\" content=\"summary_large_image\" \/>\n<meta name=\"twitter:label1\" content=\"Written by\" \/>\n\t<meta name=\"twitter:data1\" content=\"admin\" \/>\n\t<meta name=\"twitter:label2\" content=\"Est. reading time\" \/>\n\t<meta name=\"twitter:data2\" content=\"2 minutes\" \/>\n<script type=\"application\/ld+json\" class=\"yoast-schema-graph\">{\"@context\":\"https:\\\/\\\/schema.org\",\"@graph\":[{\"@type\":\"Article\",\"@id\":\"https:\\\/\\\/akunq.net\\\/tr\\\/?p=58694#article\",\"isPartOf\":{\"@id\":\"https:\\\/\\\/akunq.net\\\/tr\\\/?p=58694\"},\"author\":{\"name\":\"admin\",\"@id\":\"https:\\\/\\\/akunq.net\\\/tr\\\/#\\\/schema\\\/person\\\/096f1d38a12cce57fb855b485ed24c9e\"},\"headline\":\"UNICEF: T\u00fcrkiye&#8217;de 15 ya\u015f\u0131ndaki her iki \u00e7ocuktan biri hayat\u0131ndan memnun de\u011fil\",\"datePublished\":\"2020-09-04T08:37:53+00:00\",\"dateModified\":\"2020-09-04T08:38:14+00:00\",\"mainEntityOfPage\":{\"@id\":\"https:\\\/\\\/akunq.net\\\/tr\\\/?p=58694\"},\"wordCount\":368,\"commentCount\":0,\"image\":{\"@id\":\"https:\\\/\\\/akunq.net\\\/tr\\\/?p=58694#primaryimage\"},\"thumbnailUrl\":\"https:\\\/\\\/akunq.net\\\/tr\\\/wp-content\\\/uploads\\\/sites\\\/6\\\/2020\\\/09\\\/Turkiyede-cocuklar.jpg\",\"articleSection\":[\"Haberler\"],\"inLanguage\":\"en-US\",\"potentialAction\":[{\"@type\":\"CommentAction\",\"name\":\"Comment\",\"target\":[\"https:\\\/\\\/akunq.net\\\/tr\\\/?p=58694#respond\"]}]},{\"@type\":\"WebPage\",\"@id\":\"https:\\\/\\\/akunq.net\\\/tr\\\/?p=58694\",\"url\":\"https:\\\/\\\/akunq.net\\\/tr\\\/?p=58694\",\"name\":\"UNICEF: T\u00fcrkiye'de 15 ya\u015f\u0131ndaki her iki \u00e7ocuktan biri hayat\u0131ndan memnun de\u011fil - Bati Ermenistan Ve Bati Ermenileri Sorunlari Ara\u015ftirmalar Merkezi\",\"isPartOf\":{\"@id\":\"https:\\\/\\\/akunq.net\\\/tr\\\/#website\"},\"primaryImageOfPage\":{\"@id\":\"https:\\\/\\\/akunq.net\\\/tr\\\/?p=58694#primaryimage\"},\"image\":{\"@id\":\"https:\\\/\\\/akunq.net\\\/tr\\\/?p=58694#primaryimage\"},\"thumbnailUrl\":\"https:\\\/\\\/akunq.net\\\/tr\\\/wp-content\\\/uploads\\\/sites\\\/6\\\/2020\\\/09\\\/Turkiyede-cocuklar.jpg\",\"datePublished\":\"2020-09-04T08:37:53+00:00\",\"dateModified\":\"2020-09-04T08:38:14+00:00\",\"author\":{\"@id\":\"https:\\\/\\\/akunq.net\\\/tr\\\/#\\\/schema\\\/person\\\/096f1d38a12cce57fb855b485ed24c9e\"},\"breadcrumb\":{\"@id\":\"https:\\\/\\\/akunq.net\\\/tr\\\/?p=58694#breadcrumb\"},\"inLanguage\":\"en-US\",\"potentialAction\":[{\"@type\":\"ReadAction\",\"target\":[\"https:\\\/\\\/akunq.net\\\/tr\\\/?p=58694\"]}]},{\"@type\":\"ImageObject\",\"inLanguage\":\"en-US\",\"@id\":\"https:\\\/\\\/akunq.net\\\/tr\\\/?p=58694#primaryimage\",\"url\":\"https:\\\/\\\/akunq.net\\\/tr\\\/wp-content\\\/uploads\\\/sites\\\/6\\\/2020\\\/09\\\/Turkiyede-cocuklar.jpg\",\"contentUrl\":\"https:\\\/\\\/akunq.net\\\/tr\\\/wp-content\\\/uploads\\\/sites\\\/6\\\/2020\\\/09\\\/Turkiyede-cocuklar.jpg\",\"width\":736,\"height\":414},{\"@type\":\"BreadcrumbList\",\"@id\":\"https:\\\/\\\/akunq.net\\\/tr\\\/?p=58694#breadcrumb\",\"itemListElement\":[{\"@type\":\"ListItem\",\"position\":1,\"name\":\"Home\",\"item\":\"https:\\\/\\\/akunq.net\\\/tr\"},{\"@type\":\"ListItem\",\"position\":2,\"name\":\"UNICEF: T\u00fcrkiye&#8217;de 15 ya\u015f\u0131ndaki her iki \u00e7ocuktan biri hayat\u0131ndan memnun de\u011fil\"}]},{\"@type\":\"WebSite\",\"@id\":\"https:\\\/\\\/akunq.net\\\/tr\\\/#website\",\"url\":\"https:\\\/\\\/akunq.net\\\/tr\\\/\",\"name\":\"Bati Ermenistan Ve Bati Ermenileri Sorunlari Ara\u015ftirmalar Merkezi\",\"description\":\"\",\"potentialAction\":[{\"@type\":\"SearchAction\",\"target\":{\"@type\":\"EntryPoint\",\"urlTemplate\":\"https:\\\/\\\/akunq.net\\\/tr\\\/?s={search_term_string}\"},\"query-input\":{\"@type\":\"PropertyValueSpecification\",\"valueRequired\":true,\"valueName\":\"search_term_string\"}}],\"inLanguage\":\"en-US\"},{\"@type\":\"Person\",\"@id\":\"https:\\\/\\\/akunq.net\\\/tr\\\/#\\\/schema\\\/person\\\/096f1d38a12cce57fb855b485ed24c9e\",\"name\":\"admin\",\"url\":\"https:\\\/\\\/akunq.net\\\/tr\\\/?author=7\"}]}<\/script>\n<!-- \/ Yoast SEO plugin. -->","yoast_head_json":{"title":"UNICEF: T\u00fcrkiye'de 15 ya\u015f\u0131ndaki her iki \u00e7ocuktan biri hayat\u0131ndan memnun de\u011fil - Bati Ermenistan Ve Bati Ermenileri Sorunlari Ara\u015ftirmalar Merkezi","robots":{"index":"index","follow":"follow","max-snippet":"max-snippet:-1","max-image-preview":"max-image-preview:large","max-video-preview":"max-video-preview:-1"},"canonical":"https:\/\/akunq.net\/tr\/?p=58694","og_locale":"en_US","og_type":"article","og_title":"UNICEF: T\u00fcrkiye'de 15 ya\u015f\u0131ndaki her iki \u00e7ocuktan biri hayat\u0131ndan memnun de\u011fil - Bati Ermenistan Ve Bati Ermenileri Sorunlari Ara\u015ftirmalar Merkezi","og_description":"Birle\u015fmi\u015f Milletler \u00c7ocuklara Yard\u0131m Fonu, (UNICEF) bir ara\u015ft\u0131rma yaparak Avrupa Birli\u011fi (AB) ve Ekonomik \u0130\u015fbirli\u011fi \u00d6rg\u00fct\u00fc (OECD) \u00fclkelerindeki \u00e7ocuklar\u0131n ve gen\u00e7lerin huzurunu ve mutlulu\u011funu \u00f6l\u00e7t\u00fc. Yap\u0131lan ara\u015ft\u0131rmaya g\u00f6re, T\u00fcrkiye memnuniyet s\u0131ralamas\u0131nda sonuncu \u00e7\u0131kt\u0131. Buna g\u00f6re y\u00fczde 47 oran\u0131 ile 15 ya\u015f\u0131ndaki T\u00fcrk \u00e7ocuklar\u0131n\u0131n yar\u0131s\u0131 hayatlar\u0131ndan memnun de\u011fil. \u0130lk s\u0131rada ise \u00e7ocuklar\u0131n en mutlu oldu\u011fu \u00fclke [&hellip;]","og_url":"https:\/\/akunq.net\/tr\/?p=58694","og_site_name":"Bati Ermenistan Ve Bati Ermenileri Sorunlari Ara\u015ftirmalar Merkezi","article_published_time":"2020-09-04T08:37:53+00:00","article_modified_time":"2020-09-04T08:38:14+00:00","og_image":[{"width":736,"height":414,"url":"https:\/\/akunq.net\/tr\/wp-content\/uploads\/sites\/6\/2020\/09\/Turkiyede-cocuklar.jpg","type":"image\/jpeg"}],"author":"admin","twitter_card":"summary_large_image","twitter_misc":{"Written by":"admin","Est. reading time":"2 minutes"},"schema":{"@context":"https:\/\/schema.org","@graph":[{"@type":"Article","@id":"https:\/\/akunq.net\/tr\/?p=58694#article","isPartOf":{"@id":"https:\/\/akunq.net\/tr\/?p=58694"},"author":{"name":"admin","@id":"https:\/\/akunq.net\/tr\/#\/schema\/person\/096f1d38a12cce57fb855b485ed24c9e"},"headline":"UNICEF: T\u00fcrkiye&#8217;de 15 ya\u015f\u0131ndaki her iki \u00e7ocuktan biri hayat\u0131ndan memnun de\u011fil","datePublished":"2020-09-04T08:37:53+00:00","dateModified":"2020-09-04T08:38:14+00:00","mainEntityOfPage":{"@id":"https:\/\/akunq.net\/tr\/?p=58694"},"wordCount":368,"commentCount":0,"image":{"@id":"https:\/\/akunq.net\/tr\/?p=58694#primaryimage"},"thumbnailUrl":"https:\/\/akunq.net\/tr\/wp-content\/uploads\/sites\/6\/2020\/09\/Turkiyede-cocuklar.jpg","articleSection":["Haberler"],"inLanguage":"en-US","potentialAction":[{"@type":"CommentAction","name":"Comment","target":["https:\/\/akunq.net\/tr\/?p=58694#respond"]}]},{"@type":"WebPage","@id":"https:\/\/akunq.net\/tr\/?p=58694","url":"https:\/\/akunq.net\/tr\/?p=58694","name":"UNICEF: T\u00fcrkiye'de 15 ya\u015f\u0131ndaki her iki \u00e7ocuktan biri hayat\u0131ndan memnun de\u011fil - Bati Ermenistan Ve Bati Ermenileri Sorunlari Ara\u015ftirmalar Merkezi","isPartOf":{"@id":"https:\/\/akunq.net\/tr\/#website"},"primaryImageOfPage":{"@id":"https:\/\/akunq.net\/tr\/?p=58694#primaryimage"},"image":{"@id":"https:\/\/akunq.net\/tr\/?p=58694#primaryimage"},"thumbnailUrl":"https:\/\/akunq.net\/tr\/wp-content\/uploads\/sites\/6\/2020\/09\/Turkiyede-cocuklar.jpg","datePublished":"2020-09-04T08:37:53+00:00","dateModified":"2020-09-04T08:38:14+00:00","author":{"@id":"https:\/\/akunq.net\/tr\/#\/schema\/person\/096f1d38a12cce57fb855b485ed24c9e"},"breadcrumb":{"@id":"https:\/\/akunq.net\/tr\/?p=58694#breadcrumb"},"inLanguage":"en-US","potentialAction":[{"@type":"ReadAction","target":["https:\/\/akunq.net\/tr\/?p=58694"]}]},{"@type":"ImageObject","inLanguage":"en-US","@id":"https:\/\/akunq.net\/tr\/?p=58694#primaryimage","url":"https:\/\/akunq.net\/tr\/wp-content\/uploads\/sites\/6\/2020\/09\/Turkiyede-cocuklar.jpg","contentUrl":"https:\/\/akunq.net\/tr\/wp-content\/uploads\/sites\/6\/2020\/09\/Turkiyede-cocuklar.jpg","width":736,"height":414},{"@type":"BreadcrumbList","@id":"https:\/\/akunq.net\/tr\/?p=58694#breadcrumb","itemListElement":[{"@type":"ListItem","position":1,"name":"Home","item":"https:\/\/akunq.net\/tr"},{"@type":"ListItem","position":2,"name":"UNICEF: T\u00fcrkiye&#8217;de 15 ya\u015f\u0131ndaki her iki \u00e7ocuktan biri hayat\u0131ndan memnun de\u011fil"}]},{"@type":"WebSite","@id":"https:\/\/akunq.net\/tr\/#website","url":"https:\/\/akunq.net\/tr\/","name":"Bati Ermenistan Ve Bati Ermenileri Sorunlari Ara\u015ftirmalar Merkezi","description":"","potentialAction":[{"@type":"SearchAction","target":{"@type":"EntryPoint","urlTemplate":"https:\/\/akunq.net\/tr\/?s={search_term_string}"},"query-input":{"@type":"PropertyValueSpecification","valueRequired":true,"valueName":"search_term_string"}}],"inLanguage":"en-US"},{"@type":"Person","@id":"https:\/\/akunq.net\/tr\/#\/schema\/person\/096f1d38a12cce57fb855b485ed24c9e","name":"admin","url":"https:\/\/akunq.net\/tr\/?author=7"}]}},"_links":{"self":[{"href":"https:\/\/akunq.net\/tr\/index.php?rest_route=\/wp\/v2\/posts\/58694","targetHints":{"allow":["GET"]}}],"collection":[{"href":"https:\/\/akunq.net\/tr\/index.php?rest_route=\/wp\/v2\/posts"}],"about":[{"href":"https:\/\/akunq.net\/tr\/index.php?rest_route=\/wp\/v2\/types\/post"}],"author":[{"embeddable":true,"href":"https:\/\/akunq.net\/tr\/index.php?rest_route=\/wp\/v2\/users\/7"}],"replies":[{"embeddable":true,"href":"https:\/\/akunq.net\/tr\/index.php?rest_route=%2Fwp%2Fv2%2Fcomments&post=58694"}],"version-history":[{"count":2,"href":"https:\/\/akunq.net\/tr\/index.php?rest_route=\/wp\/v2\/posts\/58694\/revisions"}],"predecessor-version":[{"id":58697,"href":"https:\/\/akunq.net\/tr\/index.php?rest_route=\/wp\/v2\/posts\/58694\/revisions\/58697"}],"wp:featuredmedia":[{"embeddable":true,"href":"https:\/\/akunq.net\/tr\/index.php?rest_route=\/wp\/v2\/media\/58695"}],"wp:attachment":[{"href":"https:\/\/akunq.net\/tr\/index.php?rest_route=%2Fwp%2Fv2%2Fmedia&parent=58694"}],"wp:term":[{"taxonomy":"category","embeddable":true,"href":"https:\/\/akunq.net\/tr\/index.php?rest_route=%2Fwp%2Fv2%2Fcategories&post=58694"},{"taxonomy":"post_tag","embeddable":true,"href":"https:\/\/akunq.net\/tr\/index.php?rest_route=%2Fwp%2Fv2%2Ftags&post=58694"}],"curies":[{"name":"wp","href":"https:\/\/api.w.org\/{rel}","templated":true}]}}