{"id":58672,"date":"2020-09-03T02:41:55","date_gmt":"2020-09-03T07:41:55","guid":{"rendered":"https:\/\/akunq.net\/tr\/?p=58672"},"modified":"2020-09-03T02:41:55","modified_gmt":"2020-09-03T07:41:55","slug":"diyarbakiri-ikiye-bolecek-duvar-askiya-alindi-kaynak-diyarbakiri-ikiye-bolecek-duvar-askiya-alindi","status":"publish","type":"post","link":"https:\/\/akunq.net\/tr\/?p=58672","title":{"rendered":"Diyarbak\u0131r&#8217;\u0131 ikiye b\u00f6lecek duvar ask\u0131ya al\u0131nd\u0131 Kaynak: Diyarbak\u0131r&#8217;\u0131 ikiye b\u00f6lecek duvar ask\u0131ya al\u0131nd\u0131"},"content":{"rendered":"<div>\n<p><img loading=\"lazy\" decoding=\"async\" class=\"alignleft size-medium wp-image-58673\" src=\"https:\/\/akunq.net\/tr\/wp-content\/uploads\/2020\/09\/Diyarbakir-360x180.jpg\" alt=\"\" width=\"360\" height=\"180\" srcset=\"https:\/\/akunq.net\/tr\/wp-content\/uploads\/sites\/6\/2020\/09\/Diyarbakir-360x180.jpg 360w, https:\/\/akunq.net\/tr\/wp-content\/uploads\/sites\/6\/2020\/09\/Diyarbakir-768x384.jpg 768w, https:\/\/akunq.net\/tr\/wp-content\/uploads\/sites\/6\/2020\/09\/Diyarbakir-560x280.jpg 560w, https:\/\/akunq.net\/tr\/wp-content\/uploads\/sites\/6\/2020\/09\/Diyarbakir-260x130.jpg 260w, https:\/\/akunq.net\/tr\/wp-content\/uploads\/sites\/6\/2020\/09\/Diyarbakir-160x80.jpg 160w, https:\/\/akunq.net\/tr\/wp-content\/uploads\/sites\/6\/2020\/09\/Diyarbakir.jpg 880w\" sizes=\"auto, (max-width: 360px) 100vw, 360px\" \/><\/p>\n<p><strong><em>Diyarbak\u0131r&#8217;\u0131 12 kilometrelik duvarla ikiye b\u00f6lecek \u00e7ift tarafl\u0131 duvar\u0131n yap\u0131m\u0131, yo\u011fun tepkiler \u00fczerine ask\u0131ya al\u0131nd\u0131.<\/em><\/strong><\/p>\n<\/div>\n<div>\n<p><strong><a href=\"https:\/\/www.tigrishaber.com\/\" target=\"_blank\" rel=\"nofollow noopener noreferrer\">T\u0130GR\u0130S HABER &#8211;<\/a>\u00a0<\/strong>Devlet Demiryollar\u0131, hafta ba\u015f\u0131nda, Diyarbak\u0131r\u2019da bulunan tren raylar\u0131 boyunca 2 metre y\u00fcksekli\u011finde 12 kilometre uzunlu\u011fundaki beton duvar\u0131n yap\u0131m\u0131na ba\u015flad\u0131. Duvar yap\u0131m\u0131na tepki g\u00f6steren kentteki 21 sivil toplum \u00f6rg\u00fct\u00fc, duvar ile kentin bat\u0131dan do\u011fuya ikiye b\u00f6l\u00fcnd\u00fc\u011f\u00fcn\u00fc belirterek projeden vazge\u00e7ilmesini istedi.<\/p>\n<p>21 ST\u00d6, yapt\u0131klar\u0131 yaz\u0131l\u0131 a\u00e7\u0131klamada, \u201c\u0130lgili proje b\u00fct\u00fcn\u00fcyle ele al\u0131nd\u0131\u011f\u0131nda, rayl\u0131 sistemin etraf\u0131nda planlanan ve ihalesi yap\u0131lan bu korkuluklar\u0131n fen, sanat ve sosyal hayat gibi olgular\u0131 dikkate almadan yap\u0131ld\u0131\u011f\u0131 g\u00f6r\u00fclmektedir. Yayalar, hayvanlar, ara\u00e7lar gibi kentin temel unsurlar\u0131 i\u00e7in hi\u00e7bir ge\u00e7i\u015fin g\u00f6zetilmedi\u011fi ve bununla ilgili herhangi bir \u00f6nlemin de al\u0131nmad\u0131\u011f\u0131 g\u00f6r\u00fclmektedir. \u00c7al\u0131\u015fmayla ilgili g\u00f6r\u00fc\u015ft\u00fc\u011f\u00fcm\u00fcz yetkililerin dile getirdikleri sorunlar, sunduklar\u0131 raporlar, alanda yapt\u0131\u011f\u0131m\u0131z ke\u015fifler ve teknik de\u011ferlendirmeler sonucunda; b\u00fct\u00fcn karar ve uygulamalar\u0131n bilim ve teknikten yoksun, herhangi bir \u00c7ED raporu olmaks\u0131z\u0131n haz\u0131rland\u0131\u011f\u0131 g\u00f6r\u00fclmektedir. Kamu yarar\u0131 ilkesinin hi\u00e7bir surette g\u00f6zetilmedi\u011fi de\u011ferlendirilmektedir\u201d denildi.<\/p>\n<p>Kent sakinleri de, tren ray\u0131 boyunca \u00e7ift tarafl\u0131 yap\u0131lacak duvarla, kom\u015fular\u0131ndan ayr\u0131 d\u00fc\u015feceklerini, yayalar\u0131n ge\u00e7i\u015finin engellenece\u011fini belirterek, tepkilerini dile getirdiler.<\/p>\n<p>Habert\u00fcrk TV Ankara Temsilcisi B\u00fclent Aydemir, Ula\u015ft\u0131rma Bakanl\u0131\u011f\u0131\u2019n\u0131n tepkiler nedeniyle projeyi ask\u0131ya ald\u0131\u011f\u0131n\u0131 duyurdu. Aydemir, Ula\u015ft\u0131rma Bakan\u0131 Adil Karaismailo\u011flu\u2019nun \u00f6n\u00fcm\u00fczdeki g\u00fcnlerde projeye ili\u015fkin nas\u0131l bir ad\u0131m at\u0131laca\u011f\u0131na karar verilece\u011fini s\u00f6yledi\u011fini aktard\u0131.<\/p>\n<\/div>\n<p><em><strong>https:\/\/www.tigrishaber.com\/diyarbakiri-ikiye-bolecek-duvar-askiya-alindi-65618h.htm\u00a0<\/strong><\/em><\/p>\n<p>&nbsp;<\/p>\n","protected":false},"excerpt":{"rendered":"<p>Diyarbak\u0131r&#8217;\u0131 12 kilometrelik duvarla ikiye b\u00f6lecek \u00e7ift tarafl\u0131 duvar\u0131n yap\u0131m\u0131, yo\u011fun tepkiler \u00fczerine ask\u0131ya al\u0131nd\u0131. T\u0130GR\u0130S HABER &#8211;\u00a0Devlet Demiryollar\u0131, hafta ba\u015f\u0131nda, Diyarbak\u0131r\u2019da bulunan tren raylar\u0131 boyunca 2 metre y\u00fcksekli\u011finde 12 kilometre uzunlu\u011fundaki beton duvar\u0131n yap\u0131m\u0131na ba\u015flad\u0131. Duvar yap\u0131m\u0131na tepki g\u00f6steren kentteki 21 sivil toplum \u00f6rg\u00fct\u00fc, duvar ile kentin bat\u0131dan do\u011fuya ikiye b\u00f6l\u00fcnd\u00fc\u011f\u00fcn\u00fc belirterek projeden vazge\u00e7ilmesini [&hellip;]<\/p>\n","protected":false},"author":7,"featured_media":58673,"comment_status":"open","ping_status":"open","sticky":false,"template":"","format":"standard","meta":{"footnotes":""},"categories":[22,1],"tags":[],"class_list":["post-58672","post","type-post","status-publish","format-standard","has-post-thumbnail","hentry","category-gunumuzde-bati-ermenistan","category-haberler"],"yoast_head":"<!-- This site is optimized with the Yoast SEO plugin v27.4 - https:\/\/yoast.com\/product\/yoast-seo-wordpress\/ -->\n<title>Diyarbak\u0131r&#039;\u0131 ikiye b\u00f6lecek duvar ask\u0131ya al\u0131nd\u0131 Kaynak: Diyarbak\u0131r&#039;\u0131 ikiye b\u00f6lecek duvar ask\u0131ya al\u0131nd\u0131 - Bati Ermenistan Ve Bati Ermenileri Sorunlari Ara\u015ftirmalar Merkezi<\/title>\n<meta name=\"robots\" content=\"index, follow, max-snippet:-1, max-image-preview:large, max-video-preview:-1\" \/>\n<link rel=\"canonical\" href=\"https:\/\/akunq.net\/tr\/?p=58672\" \/>\n<meta property=\"og:locale\" content=\"en_US\" \/>\n<meta property=\"og:type\" content=\"article\" \/>\n<meta property=\"og:title\" content=\"Diyarbak\u0131r&#039;\u0131 ikiye b\u00f6lecek duvar ask\u0131ya al\u0131nd\u0131 Kaynak: Diyarbak\u0131r&#039;\u0131 ikiye b\u00f6lecek duvar ask\u0131ya al\u0131nd\u0131 - Bati Ermenistan Ve Bati Ermenileri Sorunlari Ara\u015ftirmalar Merkezi\" \/>\n<meta property=\"og:description\" content=\"Diyarbak\u0131r&#8217;\u0131 12 kilometrelik duvarla ikiye b\u00f6lecek \u00e7ift tarafl\u0131 duvar\u0131n yap\u0131m\u0131, yo\u011fun tepkiler \u00fczerine ask\u0131ya al\u0131nd\u0131. T\u0130GR\u0130S HABER &#8211;\u00a0Devlet Demiryollar\u0131, hafta ba\u015f\u0131nda, Diyarbak\u0131r\u2019da bulunan tren raylar\u0131 boyunca 2 metre y\u00fcksekli\u011finde 12 kilometre uzunlu\u011fundaki beton duvar\u0131n yap\u0131m\u0131na ba\u015flad\u0131. Duvar yap\u0131m\u0131na tepki g\u00f6steren kentteki 21 sivil toplum \u00f6rg\u00fct\u00fc, duvar ile kentin bat\u0131dan do\u011fuya ikiye b\u00f6l\u00fcnd\u00fc\u011f\u00fcn\u00fc belirterek projeden vazge\u00e7ilmesini [&hellip;]\" \/>\n<meta property=\"og:url\" content=\"https:\/\/akunq.net\/tr\/?p=58672\" \/>\n<meta property=\"og:site_name\" content=\"Bati Ermenistan Ve Bati Ermenileri Sorunlari Ara\u015ftirmalar Merkezi\" \/>\n<meta property=\"article:published_time\" content=\"2020-09-03T07:41:55+00:00\" \/>\n<meta property=\"og:image\" content=\"https:\/\/akunq.net\/tr\/wp-content\/uploads\/sites\/6\/2020\/09\/Diyarbakir.jpg\" \/>\n\t<meta property=\"og:image:width\" content=\"880\" \/>\n\t<meta property=\"og:image:height\" content=\"440\" \/>\n\t<meta property=\"og:image:type\" content=\"image\/jpeg\" \/>\n<meta name=\"author\" content=\"admin\" \/>\n<meta name=\"twitter:card\" content=\"summary_large_image\" \/>\n<meta name=\"twitter:label1\" content=\"Written by\" \/>\n\t<meta name=\"twitter:data1\" content=\"admin\" \/>\n\t<meta name=\"twitter:label2\" content=\"Est. reading time\" \/>\n\t<meta name=\"twitter:data2\" content=\"2 minutes\" \/>\n<script type=\"application\/ld+json\" class=\"yoast-schema-graph\">{\"@context\":\"https:\\\/\\\/schema.org\",\"@graph\":[{\"@type\":\"Article\",\"@id\":\"https:\\\/\\\/akunq.net\\\/tr\\\/?p=58672#article\",\"isPartOf\":{\"@id\":\"https:\\\/\\\/akunq.net\\\/tr\\\/?p=58672\"},\"author\":{\"name\":\"admin\",\"@id\":\"https:\\\/\\\/akunq.net\\\/tr\\\/#\\\/schema\\\/person\\\/096f1d38a12cce57fb855b485ed24c9e\"},\"headline\":\"Diyarbak\u0131r&#8217;\u0131 ikiye b\u00f6lecek duvar ask\u0131ya al\u0131nd\u0131 Kaynak: Diyarbak\u0131r&#8217;\u0131 ikiye b\u00f6lecek duvar ask\u0131ya al\u0131nd\u0131\",\"datePublished\":\"2020-09-03T07:41:55+00:00\",\"mainEntityOfPage\":{\"@id\":\"https:\\\/\\\/akunq.net\\\/tr\\\/?p=58672\"},\"wordCount\":326,\"commentCount\":0,\"image\":{\"@id\":\"https:\\\/\\\/akunq.net\\\/tr\\\/?p=58672#primaryimage\"},\"thumbnailUrl\":\"https:\\\/\\\/akunq.net\\\/tr\\\/wp-content\\\/uploads\\\/sites\\\/6\\\/2020\\\/09\\\/Diyarbakir.jpg\",\"articleSection\":[\"G\u00fcn\u00fcm\u00fczde Bat\u0131 Ermenistan\",\"Haberler\"],\"inLanguage\":\"en-US\",\"potentialAction\":[{\"@type\":\"CommentAction\",\"name\":\"Comment\",\"target\":[\"https:\\\/\\\/akunq.net\\\/tr\\\/?p=58672#respond\"]}]},{\"@type\":\"WebPage\",\"@id\":\"https:\\\/\\\/akunq.net\\\/tr\\\/?p=58672\",\"url\":\"https:\\\/\\\/akunq.net\\\/tr\\\/?p=58672\",\"name\":\"Diyarbak\u0131r'\u0131 ikiye b\u00f6lecek duvar ask\u0131ya al\u0131nd\u0131 Kaynak: Diyarbak\u0131r'\u0131 ikiye b\u00f6lecek duvar ask\u0131ya al\u0131nd\u0131 - Bati Ermenistan Ve Bati Ermenileri Sorunlari Ara\u015ftirmalar Merkezi\",\"isPartOf\":{\"@id\":\"https:\\\/\\\/akunq.net\\\/tr\\\/#website\"},\"primaryImageOfPage\":{\"@id\":\"https:\\\/\\\/akunq.net\\\/tr\\\/?p=58672#primaryimage\"},\"image\":{\"@id\":\"https:\\\/\\\/akunq.net\\\/tr\\\/?p=58672#primaryimage\"},\"thumbnailUrl\":\"https:\\\/\\\/akunq.net\\\/tr\\\/wp-content\\\/uploads\\\/sites\\\/6\\\/2020\\\/09\\\/Diyarbakir.jpg\",\"datePublished\":\"2020-09-03T07:41:55+00:00\",\"author\":{\"@id\":\"https:\\\/\\\/akunq.net\\\/tr\\\/#\\\/schema\\\/person\\\/096f1d38a12cce57fb855b485ed24c9e\"},\"breadcrumb\":{\"@id\":\"https:\\\/\\\/akunq.net\\\/tr\\\/?p=58672#breadcrumb\"},\"inLanguage\":\"en-US\",\"potentialAction\":[{\"@type\":\"ReadAction\",\"target\":[\"https:\\\/\\\/akunq.net\\\/tr\\\/?p=58672\"]}]},{\"@type\":\"ImageObject\",\"inLanguage\":\"en-US\",\"@id\":\"https:\\\/\\\/akunq.net\\\/tr\\\/?p=58672#primaryimage\",\"url\":\"https:\\\/\\\/akunq.net\\\/tr\\\/wp-content\\\/uploads\\\/sites\\\/6\\\/2020\\\/09\\\/Diyarbakir.jpg\",\"contentUrl\":\"https:\\\/\\\/akunq.net\\\/tr\\\/wp-content\\\/uploads\\\/sites\\\/6\\\/2020\\\/09\\\/Diyarbakir.jpg\",\"width\":880,\"height\":440},{\"@type\":\"BreadcrumbList\",\"@id\":\"https:\\\/\\\/akunq.net\\\/tr\\\/?p=58672#breadcrumb\",\"itemListElement\":[{\"@type\":\"ListItem\",\"position\":1,\"name\":\"Home\",\"item\":\"https:\\\/\\\/akunq.net\\\/tr\"},{\"@type\":\"ListItem\",\"position\":2,\"name\":\"Diyarbak\u0131r&#8217;\u0131 ikiye b\u00f6lecek duvar ask\u0131ya al\u0131nd\u0131 Kaynak: Diyarbak\u0131r&#8217;\u0131 ikiye b\u00f6lecek duvar ask\u0131ya al\u0131nd\u0131\"}]},{\"@type\":\"WebSite\",\"@id\":\"https:\\\/\\\/akunq.net\\\/tr\\\/#website\",\"url\":\"https:\\\/\\\/akunq.net\\\/tr\\\/\",\"name\":\"Bati Ermenistan Ve Bati Ermenileri Sorunlari Ara\u015ftirmalar Merkezi\",\"description\":\"\",\"potentialAction\":[{\"@type\":\"SearchAction\",\"target\":{\"@type\":\"EntryPoint\",\"urlTemplate\":\"https:\\\/\\\/akunq.net\\\/tr\\\/?s={search_term_string}\"},\"query-input\":{\"@type\":\"PropertyValueSpecification\",\"valueRequired\":true,\"valueName\":\"search_term_string\"}}],\"inLanguage\":\"en-US\"},{\"@type\":\"Person\",\"@id\":\"https:\\\/\\\/akunq.net\\\/tr\\\/#\\\/schema\\\/person\\\/096f1d38a12cce57fb855b485ed24c9e\",\"name\":\"admin\",\"url\":\"https:\\\/\\\/akunq.net\\\/tr\\\/?author=7\"}]}<\/script>\n<!-- \/ Yoast SEO plugin. -->","yoast_head_json":{"title":"Diyarbak\u0131r'\u0131 ikiye b\u00f6lecek duvar ask\u0131ya al\u0131nd\u0131 Kaynak: Diyarbak\u0131r'\u0131 ikiye b\u00f6lecek duvar ask\u0131ya al\u0131nd\u0131 - Bati Ermenistan Ve Bati Ermenileri Sorunlari Ara\u015ftirmalar Merkezi","robots":{"index":"index","follow":"follow","max-snippet":"max-snippet:-1","max-image-preview":"max-image-preview:large","max-video-preview":"max-video-preview:-1"},"canonical":"https:\/\/akunq.net\/tr\/?p=58672","og_locale":"en_US","og_type":"article","og_title":"Diyarbak\u0131r'\u0131 ikiye b\u00f6lecek duvar ask\u0131ya al\u0131nd\u0131 Kaynak: Diyarbak\u0131r'\u0131 ikiye b\u00f6lecek duvar ask\u0131ya al\u0131nd\u0131 - Bati Ermenistan Ve Bati Ermenileri Sorunlari Ara\u015ftirmalar Merkezi","og_description":"Diyarbak\u0131r&#8217;\u0131 12 kilometrelik duvarla ikiye b\u00f6lecek \u00e7ift tarafl\u0131 duvar\u0131n yap\u0131m\u0131, yo\u011fun tepkiler \u00fczerine ask\u0131ya al\u0131nd\u0131. T\u0130GR\u0130S HABER &#8211;\u00a0Devlet Demiryollar\u0131, hafta ba\u015f\u0131nda, Diyarbak\u0131r\u2019da bulunan tren raylar\u0131 boyunca 2 metre y\u00fcksekli\u011finde 12 kilometre uzunlu\u011fundaki beton duvar\u0131n yap\u0131m\u0131na ba\u015flad\u0131. Duvar yap\u0131m\u0131na tepki g\u00f6steren kentteki 21 sivil toplum \u00f6rg\u00fct\u00fc, duvar ile kentin bat\u0131dan do\u011fuya ikiye b\u00f6l\u00fcnd\u00fc\u011f\u00fcn\u00fc belirterek projeden vazge\u00e7ilmesini [&hellip;]","og_url":"https:\/\/akunq.net\/tr\/?p=58672","og_site_name":"Bati Ermenistan Ve Bati Ermenileri Sorunlari Ara\u015ftirmalar Merkezi","article_published_time":"2020-09-03T07:41:55+00:00","og_image":[{"width":880,"height":440,"url":"https:\/\/akunq.net\/tr\/wp-content\/uploads\/sites\/6\/2020\/09\/Diyarbakir.jpg","type":"image\/jpeg"}],"author":"admin","twitter_card":"summary_large_image","twitter_misc":{"Written by":"admin","Est. reading time":"2 minutes"},"schema":{"@context":"https:\/\/schema.org","@graph":[{"@type":"Article","@id":"https:\/\/akunq.net\/tr\/?p=58672#article","isPartOf":{"@id":"https:\/\/akunq.net\/tr\/?p=58672"},"author":{"name":"admin","@id":"https:\/\/akunq.net\/tr\/#\/schema\/person\/096f1d38a12cce57fb855b485ed24c9e"},"headline":"Diyarbak\u0131r&#8217;\u0131 ikiye b\u00f6lecek duvar ask\u0131ya al\u0131nd\u0131 Kaynak: Diyarbak\u0131r&#8217;\u0131 ikiye b\u00f6lecek duvar ask\u0131ya al\u0131nd\u0131","datePublished":"2020-09-03T07:41:55+00:00","mainEntityOfPage":{"@id":"https:\/\/akunq.net\/tr\/?p=58672"},"wordCount":326,"commentCount":0,"image":{"@id":"https:\/\/akunq.net\/tr\/?p=58672#primaryimage"},"thumbnailUrl":"https:\/\/akunq.net\/tr\/wp-content\/uploads\/sites\/6\/2020\/09\/Diyarbakir.jpg","articleSection":["G\u00fcn\u00fcm\u00fczde Bat\u0131 Ermenistan","Haberler"],"inLanguage":"en-US","potentialAction":[{"@type":"CommentAction","name":"Comment","target":["https:\/\/akunq.net\/tr\/?p=58672#respond"]}]},{"@type":"WebPage","@id":"https:\/\/akunq.net\/tr\/?p=58672","url":"https:\/\/akunq.net\/tr\/?p=58672","name":"Diyarbak\u0131r'\u0131 ikiye b\u00f6lecek duvar ask\u0131ya al\u0131nd\u0131 Kaynak: Diyarbak\u0131r'\u0131 ikiye b\u00f6lecek duvar ask\u0131ya al\u0131nd\u0131 - Bati Ermenistan Ve Bati Ermenileri Sorunlari Ara\u015ftirmalar Merkezi","isPartOf":{"@id":"https:\/\/akunq.net\/tr\/#website"},"primaryImageOfPage":{"@id":"https:\/\/akunq.net\/tr\/?p=58672#primaryimage"},"image":{"@id":"https:\/\/akunq.net\/tr\/?p=58672#primaryimage"},"thumbnailUrl":"https:\/\/akunq.net\/tr\/wp-content\/uploads\/sites\/6\/2020\/09\/Diyarbakir.jpg","datePublished":"2020-09-03T07:41:55+00:00","author":{"@id":"https:\/\/akunq.net\/tr\/#\/schema\/person\/096f1d38a12cce57fb855b485ed24c9e"},"breadcrumb":{"@id":"https:\/\/akunq.net\/tr\/?p=58672#breadcrumb"},"inLanguage":"en-US","potentialAction":[{"@type":"ReadAction","target":["https:\/\/akunq.net\/tr\/?p=58672"]}]},{"@type":"ImageObject","inLanguage":"en-US","@id":"https:\/\/akunq.net\/tr\/?p=58672#primaryimage","url":"https:\/\/akunq.net\/tr\/wp-content\/uploads\/sites\/6\/2020\/09\/Diyarbakir.jpg","contentUrl":"https:\/\/akunq.net\/tr\/wp-content\/uploads\/sites\/6\/2020\/09\/Diyarbakir.jpg","width":880,"height":440},{"@type":"BreadcrumbList","@id":"https:\/\/akunq.net\/tr\/?p=58672#breadcrumb","itemListElement":[{"@type":"ListItem","position":1,"name":"Home","item":"https:\/\/akunq.net\/tr"},{"@type":"ListItem","position":2,"name":"Diyarbak\u0131r&#8217;\u0131 ikiye b\u00f6lecek duvar ask\u0131ya al\u0131nd\u0131 Kaynak: Diyarbak\u0131r&#8217;\u0131 ikiye b\u00f6lecek duvar ask\u0131ya al\u0131nd\u0131"}]},{"@type":"WebSite","@id":"https:\/\/akunq.net\/tr\/#website","url":"https:\/\/akunq.net\/tr\/","name":"Bati Ermenistan Ve Bati Ermenileri Sorunlari Ara\u015ftirmalar Merkezi","description":"","potentialAction":[{"@type":"SearchAction","target":{"@type":"EntryPoint","urlTemplate":"https:\/\/akunq.net\/tr\/?s={search_term_string}"},"query-input":{"@type":"PropertyValueSpecification","valueRequired":true,"valueName":"search_term_string"}}],"inLanguage":"en-US"},{"@type":"Person","@id":"https:\/\/akunq.net\/tr\/#\/schema\/person\/096f1d38a12cce57fb855b485ed24c9e","name":"admin","url":"https:\/\/akunq.net\/tr\/?author=7"}]}},"_links":{"self":[{"href":"https:\/\/akunq.net\/tr\/index.php?rest_route=\/wp\/v2\/posts\/58672","targetHints":{"allow":["GET"]}}],"collection":[{"href":"https:\/\/akunq.net\/tr\/index.php?rest_route=\/wp\/v2\/posts"}],"about":[{"href":"https:\/\/akunq.net\/tr\/index.php?rest_route=\/wp\/v2\/types\/post"}],"author":[{"embeddable":true,"href":"https:\/\/akunq.net\/tr\/index.php?rest_route=\/wp\/v2\/users\/7"}],"replies":[{"embeddable":true,"href":"https:\/\/akunq.net\/tr\/index.php?rest_route=%2Fwp%2Fv2%2Fcomments&post=58672"}],"version-history":[{"count":1,"href":"https:\/\/akunq.net\/tr\/index.php?rest_route=\/wp\/v2\/posts\/58672\/revisions"}],"predecessor-version":[{"id":58674,"href":"https:\/\/akunq.net\/tr\/index.php?rest_route=\/wp\/v2\/posts\/58672\/revisions\/58674"}],"wp:featuredmedia":[{"embeddable":true,"href":"https:\/\/akunq.net\/tr\/index.php?rest_route=\/wp\/v2\/media\/58673"}],"wp:attachment":[{"href":"https:\/\/akunq.net\/tr\/index.php?rest_route=%2Fwp%2Fv2%2Fmedia&parent=58672"}],"wp:term":[{"taxonomy":"category","embeddable":true,"href":"https:\/\/akunq.net\/tr\/index.php?rest_route=%2Fwp%2Fv2%2Fcategories&post=58672"},{"taxonomy":"post_tag","embeddable":true,"href":"https:\/\/akunq.net\/tr\/index.php?rest_route=%2Fwp%2Fv2%2Ftags&post=58672"}],"curies":[{"name":"wp","href":"https:\/\/api.w.org\/{rel}","templated":true}]}}