{"id":58669,"date":"2020-09-03T02:33:13","date_gmt":"2020-09-03T07:33:13","guid":{"rendered":"https:\/\/akunq.net\/tr\/?p=58669"},"modified":"2020-09-03T02:33:13","modified_gmt":"2020-09-03T07:33:13","slug":"bursada-ozluce-kilisesi-yikildi","status":"publish","type":"post","link":"https:\/\/akunq.net\/tr\/?p=58669","title":{"rendered":"Bursa\u2019da \u00d6zl\u00fcce Kilisesi y\u0131k\u0131ld\u0131!"},"content":{"rendered":"<p><em><strong>Bursa\u2019n\u0131n Nil\u00fcfer \u0130l\u00e7esine ba\u011fl\u0131 \u00d6zl\u00fcce Mahallesi\u2019nde bulunan \u00d6zl\u00fcce Kilisesi, gece yar\u0131s\u0131 \u00e7\u00f6kt\u00fc. Tarihi yap\u0131n\u0131n y\u0131k\u0131lmas\u0131 hakk\u0131nda a\u00e7\u0131klama yapan Ba\u015fkan Turgay Erdem, \u201c\u015eimdi buras\u0131 y\u0131k\u0131ld\u0131. Bunun sorumlusu kim? Dava a\u00e7aca\u011f\u0131z. Bu yap\u0131n\u0131n bir k\u0131sm\u0131 daha y\u0131k\u0131lacak illa ki. Biz bu yap\u0131y\u0131 tekrar aya\u011fa kald\u0131rmak istiyoruz \u201d dedi.<\/strong><\/em><\/p>\n<p><strong>G\u00dcLNAME PA\u00c7A \/ BURSADA BUG\u00dcN\u00a0<\/strong><\/p>\n<p><strong>Metruk\u00a0<\/strong>bir haldeyken<strong>\u00a0Nil\u00fcfer Belediyesi<\/strong>\u00a0taraf\u0131ndan restore edilerek<strong>\u00a0K\u00fclt\u00fcrevi<\/strong>\u2018ne d\u00f6n\u00fc\u015ft\u00fcr\u00fclen, ancak Vak\u0131flar B\u00f6lge M\u00fcd\u00fcrl\u00fc\u011f\u00fc\u2019n\u00fcn a\u00e7t\u0131\u011f\u0131 dava sonucu Vak\u0131flar B\u00f6lge M\u00fcd\u00fcrl\u00fc\u011f\u00fc\u2019ne ge\u00e7en \u00d6zl\u00fcce Kilisesi, bak\u0131ms\u0131zl\u0131ktan y\u0131k\u0131ld\u0131.<\/p>\n<p>1896 y\u0131l\u0131nda yap\u0131ld\u0131\u011f\u0131 tahmin edilen Aziz Georgios Rum Ortadoks Kilisesi, m\u00fcbadeleden sonra camiye d\u00f6n\u00fc\u015ft\u00fcr\u00fclm\u00fc\u015f ancak yeni \u00d6zl\u00fcce Camisi yap\u0131ld\u0131ktan sonra kullan\u0131lmad\u0131\u011f\u0131 i\u00e7in metruk bir hale gelmi\u015fti.<\/p>\n<figure class=\"wp-block-image\"><img loading=\"lazy\" decoding=\"async\" src=\"https:\/\/i1.wp.com\/images.bursadabugun.com\/editor\/haber\/02092020\/ozluce-kulturevi-2-5f4f786a9d582.jpg?ssl=1\" alt=\"\" width=\"900\" height=\"599\" \/><\/figure>\n<p>2006 y\u0131l\u0131nda metruk haldeki tarihi yap\u0131ya sahip \u00e7\u0131kan Nil\u00fcfer Belediyesi, K\u00fclt\u00fcr ve Tabiat Varl\u0131klar\u0131 Koruma Kurulu\u2019nca onaylanan proje kapsam\u0131nda binay\u0131 restore ederek, 2009 y\u0131l\u0131nda \u00d6zl\u00fcce K\u00fclt\u00fcrevi olarak hizmete a\u00e7m\u0131\u015ft\u0131.<\/p>\n<p>Ge\u00e7mi\u015fte hem kilise hem de cami olarak kullan\u0131ld\u0131\u011f\u0131 i\u00e7in \u201cBursa\u2019n\u0131n Ayasofya\u201ds\u0131 olarak an\u0131lan bu k\u00fclt\u00fcrel miras\u0131 korumak ve gelecek nesillere aktarmak isteyen Nil\u00fcfer Belediyesi, bu tarihi yap\u0131da \u00e7e\u015fitli k\u00fclt\u00fcrel etkinlikler organize etmi\u015fti. Ancak 2013 y\u0131l\u0131nda, Vak\u0131flar B\u00f6lge M\u00fcd\u00fcrl\u00fc\u011f\u00fc\u2019n\u00fcn a\u00e7t\u0131\u011f\u0131 dava sonucu \u00d6zl\u00fcce K\u00fclt\u00fcrevi belediyeden al\u0131narak, \u0130nesiye K\u00f6y\u00fc Cami Vakf\u0131\u2019na tescil ettirildi.<\/p>\n<p><img loading=\"lazy\" decoding=\"async\" src=\"https:\/\/i0.wp.com\/images.bursadabugun.com\/editor\/haber\/02092020\/whatsapp-image-2020-09-02-at-13-15-55-1-5f4f71298ef18.jpeg?ssl=1\" width=\"900\" height=\"672\" \/><\/p>\n<p>Kap\u0131s\u0131na kilit vurulan tarihi binaya y\u0131llarca hi\u00e7bir m\u00fcdahalede bulunulmay\u0131nca, yap\u0131da \u00e7atlaklar olu\u015fmaya ba\u015flad\u0131. Durumu Vak\u0131flar B\u00f6lge M\u00fcd\u00fcrl\u00fc\u011f\u00fc\u2019ne bildirerek y\u0131k\u0131lma tehlikesine dikkat \u00e7eken Nil\u00fcfer Belediyesi, 2016 y\u0131l\u0131nda tekrar giri\u015fimde bulundu ve binan\u0131n tadilat\u0131n\u0131 yapmak \u00fczere tekrar kendisine tahsis edilmesini talep etti. Ancak yap\u0131n\u0131n ibadethane d\u0131\u015f\u0131nda bir ama\u00e7la kullan\u0131lamayaca\u011f\u0131 ve buran\u0131n cami yap\u0131laca\u011f\u0131 ifade edildi.<\/p>\n<p>Yap\u0131daki \u00e7atlaklar her ge\u00e7en g\u00fcn derinle\u015fince 2019 y\u0131l\u0131nda\u00a0<strong>Nil\u00fcfer<\/strong>\u00a0<strong>Belediyesi<\/strong>, y\u0131k\u0131m uyar\u0131s\u0131nda bulunarak tekrar yap\u0131n\u0131n belediyeye kiralanmas\u0131n\u0131 talep etti. Ancak hep red cevab\u0131 ald\u0131. B\u00fct\u00fcn bu giri\u015fimlerin sonucunda 7 y\u0131l boyunca hep sahipsiz b\u0131rak\u0131lan tarihi mekanda d\u00fcn gece korkulan oldu ve bina geceyar\u0131s\u0131 y\u0131k\u0131ld\u0131.<\/p>\n<figure class=\"wp-block-image\"><img decoding=\"async\" src=\"https:\/\/i0.wp.com\/images.bursadabugun.com\/editor\/haber\/02092020\/2409f581-3488-42b3-882e-917a1279c294-5f4f70b97228f.jpg?ssl=1\" alt=\"\" data-recalc-dims=\"1\" \/><\/figure>\n<p><strong>\u00a0\u201cB\u0130Z BU YAPIYI TEKRAR AYA\u011eA KALDIRMAK \u0130ST\u0130YORUZ\u201d\u00a0<\/strong><\/p>\n<p>Tarihi yap\u0131n\u0131n ilgisiz b\u0131rak\u0131lmas\u0131na tepki g\u00f6steren Nil\u00fcfer Belediye Ba\u015fkan\u0131 Turgay Erdem, \u201d 2013 y\u0131l\u0131nda Vak\u0131flar B\u00f6lge M\u00fcd\u00fcrl\u00fc\u011f\u00fc bize dava a\u00e7t\u0131 ve tarihi yap\u0131 onlara verildi. Buras\u0131 bizim i\u00e7in \u00f6nemli bir merkezdi. Bursa\u2019n\u0131n Ayasofya\u2019s\u0131yd\u0131 buras\u0131. Mustafa Bozbey d\u00f6neminde 2 milyona yak\u0131n para harcad\u0131k. Uzmanlar getirdik. 2016 y\u0131l\u0131nda \u00e7atlaklar olu\u015ftu. Tekrar uzmanlar\u0131 \u00e7a\u011f\u0131rd\u0131k ve vak\u0131flardan onarmam\u0131z i\u00e7in rica ettik. Ama kabul etmediler. 2019 y\u0131l\u0131nda tekrar bize kiralay\u0131n, biz bu yap\u0131y\u0131 koruma alt\u0131na alal\u0131m, onaral\u0131m dedik ama yine kabul etmediler. \u015eimdi buras\u0131 y\u0131k\u0131ld\u0131. Bunun sorumlusu kim? Dava a\u00e7aca\u011f\u0131z. Bu yap\u0131n\u0131n bir k\u0131sm\u0131 daha y\u0131k\u0131lacak illa ki. Biz bu yap\u0131y\u0131 tekrar aya\u011fa kald\u0131rmak istiyoruz. Bu yap\u0131y\u0131 gelecek nesillere aktarmak istiyoruz. Yapmakta g\u00f6n\u00fcll\u00fcy\u00fcz\u201d ifadelerine yer verdi.<\/p>\n<figure class=\"wp-block-image\"><img decoding=\"async\" src=\"https:\/\/i2.wp.com\/images.bursadabugun.com\/editor\/haber\/02092020\/ozluce-kulturevi-1-5f4f7874e03c1.jpg?ssl=1\" alt=\"\" data-recalc-dims=\"1\" \/><\/figure>\n<figure class=\"wp-block-image\"><img decoding=\"async\" src=\"https:\/\/i1.wp.com\/images.bursadabugun.com\/editor\/haber\/02092020\/ozluce-kulturevi-3-5f4f787240ea6.jpg?ssl=1\" alt=\"\" data-recalc-dims=\"1\" \/><\/figure>\n<figure class=\"wp-block-image\"><img decoding=\"async\" src=\"https:\/\/i2.wp.com\/images.bursadabugun.com\/editor\/haber\/02092020\/eski-hali-ici-5f4f787c9d8a0.jpg?ssl=1\" alt=\"\" data-recalc-dims=\"1\" \/><\/figure>\n<figure class=\"wp-block-image\"><img decoding=\"async\" src=\"https:\/\/i2.wp.com\/images.bursadabugun.com\/editor\/haber\/02092020\/eski-hali-5f4f787a118b9.jpg?ssl=1\" alt=\"\" data-recalc-dims=\"1\" \/><\/figure>\n<p><em><strong><a href=\"http:\/\/www.bursadabugun.com\/haber\/bursa-da-ozluce-kilisesi-yikildi-1328000.html\">http:\/\/www.bursadabugun.com\/haber\/bursa-da-ozluce-kilisesi-yikildi-1328000.html<\/a><\/strong><\/em><\/p>\n","protected":false},"excerpt":{"rendered":"<p>Bursa\u2019n\u0131n Nil\u00fcfer \u0130l\u00e7esine ba\u011fl\u0131 \u00d6zl\u00fcce Mahallesi\u2019nde bulunan \u00d6zl\u00fcce Kilisesi, gece yar\u0131s\u0131 \u00e7\u00f6kt\u00fc. Tarihi yap\u0131n\u0131n y\u0131k\u0131lmas\u0131 hakk\u0131nda a\u00e7\u0131klama yapan Ba\u015fkan Turgay Erdem, \u201c\u015eimdi buras\u0131 y\u0131k\u0131ld\u0131. Bunun sorumlusu kim? Dava a\u00e7aca\u011f\u0131z. Bu yap\u0131n\u0131n bir k\u0131sm\u0131 daha y\u0131k\u0131lacak illa ki. Biz bu yap\u0131y\u0131 tekrar aya\u011fa kald\u0131rmak istiyoruz \u201d dedi. G\u00dcLNAME PA\u00c7A \/ BURSADA BUG\u00dcN\u00a0 Metruk\u00a0bir haldeyken\u00a0Nil\u00fcfer Belediyesi\u00a0taraf\u0131ndan restore [&hellip;]<\/p>\n","protected":false},"author":7,"featured_media":58670,"comment_status":"open","ping_status":"open","sticky":false,"template":"","format":"standard","meta":{"footnotes":""},"categories":[1],"tags":[],"class_list":["post-58669","post","type-post","status-publish","format-standard","has-post-thumbnail","hentry","category-haberler"],"yoast_head":"<!-- This site is optimized with the Yoast SEO plugin v27.4 - https:\/\/yoast.com\/product\/yoast-seo-wordpress\/ -->\n<title>Bursa\u2019da \u00d6zl\u00fcce Kilisesi y\u0131k\u0131ld\u0131! - Bati Ermenistan Ve Bati Ermenileri Sorunlari Ara\u015ftirmalar Merkezi<\/title>\n<meta name=\"robots\" content=\"index, follow, max-snippet:-1, max-image-preview:large, max-video-preview:-1\" \/>\n<link rel=\"canonical\" href=\"https:\/\/akunq.net\/tr\/?p=58669\" \/>\n<meta property=\"og:locale\" content=\"en_US\" \/>\n<meta property=\"og:type\" content=\"article\" \/>\n<meta property=\"og:title\" content=\"Bursa\u2019da \u00d6zl\u00fcce Kilisesi y\u0131k\u0131ld\u0131! - Bati Ermenistan Ve Bati Ermenileri Sorunlari Ara\u015ftirmalar Merkezi\" \/>\n<meta property=\"og:description\" content=\"Bursa\u2019n\u0131n Nil\u00fcfer \u0130l\u00e7esine ba\u011fl\u0131 \u00d6zl\u00fcce Mahallesi\u2019nde bulunan \u00d6zl\u00fcce Kilisesi, gece yar\u0131s\u0131 \u00e7\u00f6kt\u00fc. Tarihi yap\u0131n\u0131n y\u0131k\u0131lmas\u0131 hakk\u0131nda a\u00e7\u0131klama yapan Ba\u015fkan Turgay Erdem, \u201c\u015eimdi buras\u0131 y\u0131k\u0131ld\u0131. Bunun sorumlusu kim? Dava a\u00e7aca\u011f\u0131z. Bu yap\u0131n\u0131n bir k\u0131sm\u0131 daha y\u0131k\u0131lacak illa ki. Biz bu yap\u0131y\u0131 tekrar aya\u011fa kald\u0131rmak istiyoruz \u201d dedi. G\u00dcLNAME PA\u00c7A \/ BURSADA BUG\u00dcN\u00a0 Metruk\u00a0bir haldeyken\u00a0Nil\u00fcfer Belediyesi\u00a0taraf\u0131ndan restore [&hellip;]\" \/>\n<meta property=\"og:url\" content=\"https:\/\/akunq.net\/tr\/?p=58669\" \/>\n<meta property=\"og:site_name\" content=\"Bati Ermenistan Ve Bati Ermenileri Sorunlari Ara\u015ftirmalar Merkezi\" \/>\n<meta property=\"article:published_time\" content=\"2020-09-03T07:33:13+00:00\" \/>\n<meta property=\"og:image\" content=\"https:\/\/akunq.net\/tr\/wp-content\/uploads\/sites\/6\/2020\/09\/Bursa\u2019da-\u00d6zl\u00fcce-Kilisesi.jpg\" \/>\n\t<meta property=\"og:image:width\" content=\"900\" \/>\n\t<meta property=\"og:image:height\" content=\"599\" \/>\n\t<meta property=\"og:image:type\" content=\"image\/jpeg\" \/>\n<meta name=\"author\" content=\"admin\" \/>\n<meta name=\"twitter:card\" content=\"summary_large_image\" \/>\n<meta name=\"twitter:label1\" content=\"Written by\" \/>\n\t<meta name=\"twitter:data1\" content=\"admin\" \/>\n\t<meta name=\"twitter:label2\" content=\"Est. reading time\" \/>\n\t<meta name=\"twitter:data2\" content=\"3 minutes\" \/>\n<script type=\"application\/ld+json\" class=\"yoast-schema-graph\">{\"@context\":\"https:\\\/\\\/schema.org\",\"@graph\":[{\"@type\":\"Article\",\"@id\":\"https:\\\/\\\/akunq.net\\\/tr\\\/?p=58669#article\",\"isPartOf\":{\"@id\":\"https:\\\/\\\/akunq.net\\\/tr\\\/?p=58669\"},\"author\":{\"name\":\"admin\",\"@id\":\"https:\\\/\\\/akunq.net\\\/tr\\\/#\\\/schema\\\/person\\\/096f1d38a12cce57fb855b485ed24c9e\"},\"headline\":\"Bursa\u2019da \u00d6zl\u00fcce Kilisesi y\u0131k\u0131ld\u0131!\",\"datePublished\":\"2020-09-03T07:33:13+00:00\",\"mainEntityOfPage\":{\"@id\":\"https:\\\/\\\/akunq.net\\\/tr\\\/?p=58669\"},\"wordCount\":629,\"commentCount\":0,\"image\":{\"@id\":\"https:\\\/\\\/akunq.net\\\/tr\\\/?p=58669#primaryimage\"},\"thumbnailUrl\":\"https:\\\/\\\/akunq.net\\\/tr\\\/wp-content\\\/uploads\\\/sites\\\/6\\\/2020\\\/09\\\/Bursa\u2019da-\u00d6zl\u00fcce-Kilisesi.jpg\",\"articleSection\":[\"Haberler\"],\"inLanguage\":\"en-US\",\"potentialAction\":[{\"@type\":\"CommentAction\",\"name\":\"Comment\",\"target\":[\"https:\\\/\\\/akunq.net\\\/tr\\\/?p=58669#respond\"]}]},{\"@type\":\"WebPage\",\"@id\":\"https:\\\/\\\/akunq.net\\\/tr\\\/?p=58669\",\"url\":\"https:\\\/\\\/akunq.net\\\/tr\\\/?p=58669\",\"name\":\"Bursa\u2019da \u00d6zl\u00fcce Kilisesi y\u0131k\u0131ld\u0131! - Bati Ermenistan Ve Bati Ermenileri Sorunlari Ara\u015ftirmalar Merkezi\",\"isPartOf\":{\"@id\":\"https:\\\/\\\/akunq.net\\\/tr\\\/#website\"},\"primaryImageOfPage\":{\"@id\":\"https:\\\/\\\/akunq.net\\\/tr\\\/?p=58669#primaryimage\"},\"image\":{\"@id\":\"https:\\\/\\\/akunq.net\\\/tr\\\/?p=58669#primaryimage\"},\"thumbnailUrl\":\"https:\\\/\\\/akunq.net\\\/tr\\\/wp-content\\\/uploads\\\/sites\\\/6\\\/2020\\\/09\\\/Bursa\u2019da-\u00d6zl\u00fcce-Kilisesi.jpg\",\"datePublished\":\"2020-09-03T07:33:13+00:00\",\"author\":{\"@id\":\"https:\\\/\\\/akunq.net\\\/tr\\\/#\\\/schema\\\/person\\\/096f1d38a12cce57fb855b485ed24c9e\"},\"breadcrumb\":{\"@id\":\"https:\\\/\\\/akunq.net\\\/tr\\\/?p=58669#breadcrumb\"},\"inLanguage\":\"en-US\",\"potentialAction\":[{\"@type\":\"ReadAction\",\"target\":[\"https:\\\/\\\/akunq.net\\\/tr\\\/?p=58669\"]}]},{\"@type\":\"ImageObject\",\"inLanguage\":\"en-US\",\"@id\":\"https:\\\/\\\/akunq.net\\\/tr\\\/?p=58669#primaryimage\",\"url\":\"https:\\\/\\\/akunq.net\\\/tr\\\/wp-content\\\/uploads\\\/sites\\\/6\\\/2020\\\/09\\\/Bursa\u2019da-\u00d6zl\u00fcce-Kilisesi.jpg\",\"contentUrl\":\"https:\\\/\\\/akunq.net\\\/tr\\\/wp-content\\\/uploads\\\/sites\\\/6\\\/2020\\\/09\\\/Bursa\u2019da-\u00d6zl\u00fcce-Kilisesi.jpg\",\"width\":900,\"height\":599},{\"@type\":\"BreadcrumbList\",\"@id\":\"https:\\\/\\\/akunq.net\\\/tr\\\/?p=58669#breadcrumb\",\"itemListElement\":[{\"@type\":\"ListItem\",\"position\":1,\"name\":\"Home\",\"item\":\"https:\\\/\\\/akunq.net\\\/tr\"},{\"@type\":\"ListItem\",\"position\":2,\"name\":\"Bursa\u2019da \u00d6zl\u00fcce Kilisesi y\u0131k\u0131ld\u0131!\"}]},{\"@type\":\"WebSite\",\"@id\":\"https:\\\/\\\/akunq.net\\\/tr\\\/#website\",\"url\":\"https:\\\/\\\/akunq.net\\\/tr\\\/\",\"name\":\"Bati Ermenistan Ve Bati Ermenileri Sorunlari Ara\u015ftirmalar Merkezi\",\"description\":\"\",\"potentialAction\":[{\"@type\":\"SearchAction\",\"target\":{\"@type\":\"EntryPoint\",\"urlTemplate\":\"https:\\\/\\\/akunq.net\\\/tr\\\/?s={search_term_string}\"},\"query-input\":{\"@type\":\"PropertyValueSpecification\",\"valueRequired\":true,\"valueName\":\"search_term_string\"}}],\"inLanguage\":\"en-US\"},{\"@type\":\"Person\",\"@id\":\"https:\\\/\\\/akunq.net\\\/tr\\\/#\\\/schema\\\/person\\\/096f1d38a12cce57fb855b485ed24c9e\",\"name\":\"admin\",\"url\":\"https:\\\/\\\/akunq.net\\\/tr\\\/?author=7\"}]}<\/script>\n<!-- \/ Yoast SEO plugin. -->","yoast_head_json":{"title":"Bursa\u2019da \u00d6zl\u00fcce Kilisesi y\u0131k\u0131ld\u0131! - Bati Ermenistan Ve Bati Ermenileri Sorunlari Ara\u015ftirmalar Merkezi","robots":{"index":"index","follow":"follow","max-snippet":"max-snippet:-1","max-image-preview":"max-image-preview:large","max-video-preview":"max-video-preview:-1"},"canonical":"https:\/\/akunq.net\/tr\/?p=58669","og_locale":"en_US","og_type":"article","og_title":"Bursa\u2019da \u00d6zl\u00fcce Kilisesi y\u0131k\u0131ld\u0131! - Bati Ermenistan Ve Bati Ermenileri Sorunlari Ara\u015ftirmalar Merkezi","og_description":"Bursa\u2019n\u0131n Nil\u00fcfer \u0130l\u00e7esine ba\u011fl\u0131 \u00d6zl\u00fcce Mahallesi\u2019nde bulunan \u00d6zl\u00fcce Kilisesi, gece yar\u0131s\u0131 \u00e7\u00f6kt\u00fc. Tarihi yap\u0131n\u0131n y\u0131k\u0131lmas\u0131 hakk\u0131nda a\u00e7\u0131klama yapan Ba\u015fkan Turgay Erdem, \u201c\u015eimdi buras\u0131 y\u0131k\u0131ld\u0131. Bunun sorumlusu kim? Dava a\u00e7aca\u011f\u0131z. Bu yap\u0131n\u0131n bir k\u0131sm\u0131 daha y\u0131k\u0131lacak illa ki. Biz bu yap\u0131y\u0131 tekrar aya\u011fa kald\u0131rmak istiyoruz \u201d dedi. G\u00dcLNAME PA\u00c7A \/ BURSADA BUG\u00dcN\u00a0 Metruk\u00a0bir haldeyken\u00a0Nil\u00fcfer Belediyesi\u00a0taraf\u0131ndan restore [&hellip;]","og_url":"https:\/\/akunq.net\/tr\/?p=58669","og_site_name":"Bati Ermenistan Ve Bati Ermenileri Sorunlari Ara\u015ftirmalar Merkezi","article_published_time":"2020-09-03T07:33:13+00:00","og_image":[{"width":900,"height":599,"url":"https:\/\/akunq.net\/tr\/wp-content\/uploads\/sites\/6\/2020\/09\/Bursa\u2019da-\u00d6zl\u00fcce-Kilisesi.jpg","type":"image\/jpeg"}],"author":"admin","twitter_card":"summary_large_image","twitter_misc":{"Written by":"admin","Est. reading time":"3 minutes"},"schema":{"@context":"https:\/\/schema.org","@graph":[{"@type":"Article","@id":"https:\/\/akunq.net\/tr\/?p=58669#article","isPartOf":{"@id":"https:\/\/akunq.net\/tr\/?p=58669"},"author":{"name":"admin","@id":"https:\/\/akunq.net\/tr\/#\/schema\/person\/096f1d38a12cce57fb855b485ed24c9e"},"headline":"Bursa\u2019da \u00d6zl\u00fcce Kilisesi y\u0131k\u0131ld\u0131!","datePublished":"2020-09-03T07:33:13+00:00","mainEntityOfPage":{"@id":"https:\/\/akunq.net\/tr\/?p=58669"},"wordCount":629,"commentCount":0,"image":{"@id":"https:\/\/akunq.net\/tr\/?p=58669#primaryimage"},"thumbnailUrl":"https:\/\/akunq.net\/tr\/wp-content\/uploads\/sites\/6\/2020\/09\/Bursa\u2019da-\u00d6zl\u00fcce-Kilisesi.jpg","articleSection":["Haberler"],"inLanguage":"en-US","potentialAction":[{"@type":"CommentAction","name":"Comment","target":["https:\/\/akunq.net\/tr\/?p=58669#respond"]}]},{"@type":"WebPage","@id":"https:\/\/akunq.net\/tr\/?p=58669","url":"https:\/\/akunq.net\/tr\/?p=58669","name":"Bursa\u2019da \u00d6zl\u00fcce Kilisesi y\u0131k\u0131ld\u0131! - Bati Ermenistan Ve Bati Ermenileri Sorunlari Ara\u015ftirmalar Merkezi","isPartOf":{"@id":"https:\/\/akunq.net\/tr\/#website"},"primaryImageOfPage":{"@id":"https:\/\/akunq.net\/tr\/?p=58669#primaryimage"},"image":{"@id":"https:\/\/akunq.net\/tr\/?p=58669#primaryimage"},"thumbnailUrl":"https:\/\/akunq.net\/tr\/wp-content\/uploads\/sites\/6\/2020\/09\/Bursa\u2019da-\u00d6zl\u00fcce-Kilisesi.jpg","datePublished":"2020-09-03T07:33:13+00:00","author":{"@id":"https:\/\/akunq.net\/tr\/#\/schema\/person\/096f1d38a12cce57fb855b485ed24c9e"},"breadcrumb":{"@id":"https:\/\/akunq.net\/tr\/?p=58669#breadcrumb"},"inLanguage":"en-US","potentialAction":[{"@type":"ReadAction","target":["https:\/\/akunq.net\/tr\/?p=58669"]}]},{"@type":"ImageObject","inLanguage":"en-US","@id":"https:\/\/akunq.net\/tr\/?p=58669#primaryimage","url":"https:\/\/akunq.net\/tr\/wp-content\/uploads\/sites\/6\/2020\/09\/Bursa\u2019da-\u00d6zl\u00fcce-Kilisesi.jpg","contentUrl":"https:\/\/akunq.net\/tr\/wp-content\/uploads\/sites\/6\/2020\/09\/Bursa\u2019da-\u00d6zl\u00fcce-Kilisesi.jpg","width":900,"height":599},{"@type":"BreadcrumbList","@id":"https:\/\/akunq.net\/tr\/?p=58669#breadcrumb","itemListElement":[{"@type":"ListItem","position":1,"name":"Home","item":"https:\/\/akunq.net\/tr"},{"@type":"ListItem","position":2,"name":"Bursa\u2019da \u00d6zl\u00fcce Kilisesi y\u0131k\u0131ld\u0131!"}]},{"@type":"WebSite","@id":"https:\/\/akunq.net\/tr\/#website","url":"https:\/\/akunq.net\/tr\/","name":"Bati Ermenistan Ve Bati Ermenileri Sorunlari Ara\u015ftirmalar Merkezi","description":"","potentialAction":[{"@type":"SearchAction","target":{"@type":"EntryPoint","urlTemplate":"https:\/\/akunq.net\/tr\/?s={search_term_string}"},"query-input":{"@type":"PropertyValueSpecification","valueRequired":true,"valueName":"search_term_string"}}],"inLanguage":"en-US"},{"@type":"Person","@id":"https:\/\/akunq.net\/tr\/#\/schema\/person\/096f1d38a12cce57fb855b485ed24c9e","name":"admin","url":"https:\/\/akunq.net\/tr\/?author=7"}]}},"_links":{"self":[{"href":"https:\/\/akunq.net\/tr\/index.php?rest_route=\/wp\/v2\/posts\/58669","targetHints":{"allow":["GET"]}}],"collection":[{"href":"https:\/\/akunq.net\/tr\/index.php?rest_route=\/wp\/v2\/posts"}],"about":[{"href":"https:\/\/akunq.net\/tr\/index.php?rest_route=\/wp\/v2\/types\/post"}],"author":[{"embeddable":true,"href":"https:\/\/akunq.net\/tr\/index.php?rest_route=\/wp\/v2\/users\/7"}],"replies":[{"embeddable":true,"href":"https:\/\/akunq.net\/tr\/index.php?rest_route=%2Fwp%2Fv2%2Fcomments&post=58669"}],"version-history":[{"count":1,"href":"https:\/\/akunq.net\/tr\/index.php?rest_route=\/wp\/v2\/posts\/58669\/revisions"}],"predecessor-version":[{"id":58671,"href":"https:\/\/akunq.net\/tr\/index.php?rest_route=\/wp\/v2\/posts\/58669\/revisions\/58671"}],"wp:featuredmedia":[{"embeddable":true,"href":"https:\/\/akunq.net\/tr\/index.php?rest_route=\/wp\/v2\/media\/58670"}],"wp:attachment":[{"href":"https:\/\/akunq.net\/tr\/index.php?rest_route=%2Fwp%2Fv2%2Fmedia&parent=58669"}],"wp:term":[{"taxonomy":"category","embeddable":true,"href":"https:\/\/akunq.net\/tr\/index.php?rest_route=%2Fwp%2Fv2%2Fcategories&post=58669"},{"taxonomy":"post_tag","embeddable":true,"href":"https:\/\/akunq.net\/tr\/index.php?rest_route=%2Fwp%2Fv2%2Ftags&post=58669"}],"curies":[{"name":"wp","href":"https:\/\/api.w.org\/{rel}","templated":true}]}}