{"id":58663,"date":"2020-09-03T02:18:51","date_gmt":"2020-09-03T07:18:51","guid":{"rendered":"https:\/\/akunq.net\/tr\/?p=58663"},"modified":"2020-09-03T02:18:51","modified_gmt":"2020-09-03T07:18:51","slug":"isidin-sozde-emiri-ayasofyayi-hedef-almis","status":"publish","type":"post","link":"https:\/\/akunq.net\/tr\/?p=58663","title":{"rendered":"I\u015e\u0130D&#8217;in s\u00f6zde emiri Ayasofya&#8217;y\u0131 hedef alm\u0131\u015f"},"content":{"rendered":"<div class=\"entry-header\">\n<p><img loading=\"lazy\" decoding=\"async\" class=\"alignleft size-medium wp-image-58664\" src=\"https:\/\/akunq.net\/tr\/wp-content\/uploads\/2020\/09\/Ayasofya-360x203.jpg\" alt=\"\" width=\"360\" height=\"203\" srcset=\"https:\/\/akunq.net\/tr\/wp-content\/uploads\/sites\/6\/2020\/09\/Ayasofya-360x203.jpg 360w, https:\/\/akunq.net\/tr\/wp-content\/uploads\/sites\/6\/2020\/09\/Ayasofya-768x432.jpg 768w, https:\/\/akunq.net\/tr\/wp-content\/uploads\/sites\/6\/2020\/09\/Ayasofya-1536x864.jpg 1536w, https:\/\/akunq.net\/tr\/wp-content\/uploads\/sites\/6\/2020\/09\/Ayasofya-560x315.jpg 560w, https:\/\/akunq.net\/tr\/wp-content\/uploads\/sites\/6\/2020\/09\/Ayasofya-260x146.jpg 260w, https:\/\/akunq.net\/tr\/wp-content\/uploads\/sites\/6\/2020\/09\/Ayasofya-160x90.jpg 160w, https:\/\/akunq.net\/tr\/wp-content\/uploads\/sites\/6\/2020\/09\/Ayasofya.jpg 1600w\" sizes=\"auto, (max-width: 360px) 100vw, 360px\" \/><\/p>\n<p><em><strong>Adana&#8217;da tutuklanan I\u015e\u0130D&#8217;in s\u00f6zde T\u00fcrkiye emiri Mahmut \u00d6zden&#8217;in stratejik yerlere, siyaset\u00e7i ve devlet adamlar\u0131yla baz\u0131 ekonomik hedeflere y\u00f6nelik eylemleri planlad\u0131\u011f\u0131 \u00f6\u011frenildi.<\/strong><\/em><\/p>\n<\/div>\n<div class=\"post-content-area\">\n<div class=\"entry-content pt-4\">\n<p>Adana&#8217;da ter\u00f6r \u00f6rg\u00fct\u00fc I\u015e\u0130D&#8217;e y\u00f6nelik \u0130stanbul merkezli d\u00fczenlenen operasyonda g\u00f6zalt\u0131na al\u0131nan ve \u00e7\u0131kar\u0131ld\u0131\u011f\u0131 mahkemece d\u00fcn tutuklanan ter\u00f6r \u00f6rg\u00fct\u00fcn\u00fcn s\u00f6zde T\u00fcrkiye emiri Mahmut \u00d6zden&#8217;in, T\u00fcrkiye&#8217;deki stratejik yerlere, siyaset\u00e7i ve devlet adamlar\u0131yla baz\u0131 ekonomik hedeflere y\u00f6nelik sansasyonel eylemleri koordine etti\u011fi \u00f6\u011frenildi.<\/p>\n<p>\u0130\u00e7i\u015fleri Bakanl\u0131\u011f\u0131 kaynaklar\u0131ndan al\u0131nan bilgiye g\u00f6re, ter\u00f6r \u00f6rg\u00fct\u00fc I\u015e\u0130D&#8217;in Ayasofya-i Kebir Cami-i \u015eerifi ile baz\u0131 dernek, kurulu\u015f ve ki\u015filere y\u00f6nelik eylem aray\u0131\u015f\u0131 i\u00e7erisinde oldu\u011fu y\u00f6n\u00fcnde elde edilen istihbari bilgiler \u00fczerine \u0130stanbul Emniyet M\u00fcd\u00fcrl\u00fc\u011f\u00fcnce \u00e7al\u0131\u015fma ba\u015flat\u0131ld\u0131.<\/p>\n<p>Bu kapsamda \u00f6rg\u00fct \u00fcyesi H\u00fcseyin Sa\u011f\u0131r, AK-47 marka uzun namlulu silah ve 5 \u015farj\u00f6r ile \u0130stanbul&#8217;da kald\u0131\u011f\u0131 otelde yakaland\u0131.<\/p>\n<p>\u00c7\u0131kar\u0131ld\u0131\u011f\u0131 mahkemece 18 A\u011fustos&#8217;ta tutuklanan H\u00fcseyin Sa\u011f\u0131r&#8217;a eylem talimat\u0131 verdi\u011fi de\u011ferlendiren ve I\u015e\u0130D ad\u0131na \u00e7at\u0131\u015fma b\u00f6lgelerinde sorumlu d\u00fczeyde faaliyet g\u00f6steren, \u00fcst d\u00fczey \u00f6rg\u00fct mensuplar\u0131ndan \u015fifreli mesaj programlar\u0131 arac\u0131l\u0131\u011f\u0131yla ald\u0131\u011f\u0131 talimatlar do\u011frultusunda T\u00fcrkiye&#8217;deki stratejik yerlere, siyaset ve devlet adamlar\u0131yla baz\u0131 ekonomik hedeflere y\u00f6nelik sansasyonel eylemleri koordine eden I\u015e\u0130D&#8217;in s\u00f6zde T\u00fcrkiye emiri Mahmut \u00d6zden, Adana&#8217;da emniyet g\u00fc\u00e7lerince g\u00f6zalt\u0131na al\u0131nd\u0131.<\/p>\n<p>\u00d6zden&#8217;in kald\u0131\u011f\u0131 evde yap\u0131lan aramada \u00e7ok say\u0131da dijital materyale el koyuldu. Bahse konu zanl\u0131larla ba\u011flant\u0131l\u0131 oldu\u011fu de\u011ferlendirilen ki\u015filere y\u00f6nelik operasyonlar devam ediyor.<\/p>\n<p>\u0130stanbul&#8217;a 20 A\u011fustos&#8217;ta getirilen Mahmut \u00d6zden, d\u00fcn \u00e7\u0131kar\u0131ld\u0131\u011f\u0131 mahkemede tutuklan\u0131p Silivri Cezaevine g\u00f6nderildi.<\/p>\n<p><em><strong>https:\/\/www.ortadoguhaber.com\/haberler\/isid-in-sozde-emiri-ayasofya-yi-hedef-almis\u00a0<\/strong><\/em><\/p>\n<\/div>\n<\/div>\n","protected":false},"excerpt":{"rendered":"<p>Adana&#8217;da tutuklanan I\u015e\u0130D&#8217;in s\u00f6zde T\u00fcrkiye emiri Mahmut \u00d6zden&#8217;in stratejik yerlere, siyaset\u00e7i ve devlet adamlar\u0131yla baz\u0131 ekonomik hedeflere y\u00f6nelik eylemleri planlad\u0131\u011f\u0131 \u00f6\u011frenildi. Adana&#8217;da ter\u00f6r \u00f6rg\u00fct\u00fc I\u015e\u0130D&#8217;e y\u00f6nelik \u0130stanbul merkezli d\u00fczenlenen operasyonda g\u00f6zalt\u0131na al\u0131nan ve \u00e7\u0131kar\u0131ld\u0131\u011f\u0131 mahkemece d\u00fcn tutuklanan ter\u00f6r \u00f6rg\u00fct\u00fcn\u00fcn s\u00f6zde T\u00fcrkiye emiri Mahmut \u00d6zden&#8217;in, T\u00fcrkiye&#8217;deki stratejik yerlere, siyaset\u00e7i ve devlet adamlar\u0131yla baz\u0131 ekonomik hedeflere y\u00f6nelik [&hellip;]<\/p>\n","protected":false},"author":7,"featured_media":58664,"comment_status":"open","ping_status":"open","sticky":false,"template":"","format":"standard","meta":{"footnotes":""},"categories":[1],"tags":[],"class_list":["post-58663","post","type-post","status-publish","format-standard","has-post-thumbnail","hentry","category-haberler"],"yoast_head":"<!-- This site is optimized with the Yoast SEO plugin v27.4 - https:\/\/yoast.com\/product\/yoast-seo-wordpress\/ -->\n<title>I\u015e\u0130D&#039;in s\u00f6zde emiri Ayasofya&#039;y\u0131 hedef alm\u0131\u015f - Bati Ermenistan Ve Bati Ermenileri Sorunlari Ara\u015ftirmalar Merkezi<\/title>\n<meta name=\"robots\" content=\"index, follow, max-snippet:-1, max-image-preview:large, max-video-preview:-1\" \/>\n<link rel=\"canonical\" href=\"https:\/\/akunq.net\/tr\/?p=58663\" \/>\n<meta property=\"og:locale\" content=\"en_US\" \/>\n<meta property=\"og:type\" content=\"article\" \/>\n<meta property=\"og:title\" content=\"I\u015e\u0130D&#039;in s\u00f6zde emiri Ayasofya&#039;y\u0131 hedef alm\u0131\u015f - Bati Ermenistan Ve Bati Ermenileri Sorunlari Ara\u015ftirmalar Merkezi\" \/>\n<meta property=\"og:description\" content=\"Adana&#8217;da tutuklanan I\u015e\u0130D&#8217;in s\u00f6zde T\u00fcrkiye emiri Mahmut \u00d6zden&#8217;in stratejik yerlere, siyaset\u00e7i ve devlet adamlar\u0131yla baz\u0131 ekonomik hedeflere y\u00f6nelik eylemleri planlad\u0131\u011f\u0131 \u00f6\u011frenildi. Adana&#8217;da ter\u00f6r \u00f6rg\u00fct\u00fc I\u015e\u0130D&#8217;e y\u00f6nelik \u0130stanbul merkezli d\u00fczenlenen operasyonda g\u00f6zalt\u0131na al\u0131nan ve \u00e7\u0131kar\u0131ld\u0131\u011f\u0131 mahkemece d\u00fcn tutuklanan ter\u00f6r \u00f6rg\u00fct\u00fcn\u00fcn s\u00f6zde T\u00fcrkiye emiri Mahmut \u00d6zden&#8217;in, T\u00fcrkiye&#8217;deki stratejik yerlere, siyaset\u00e7i ve devlet adamlar\u0131yla baz\u0131 ekonomik hedeflere y\u00f6nelik [&hellip;]\" \/>\n<meta property=\"og:url\" content=\"https:\/\/akunq.net\/tr\/?p=58663\" \/>\n<meta property=\"og:site_name\" content=\"Bati Ermenistan Ve Bati Ermenileri Sorunlari Ara\u015ftirmalar Merkezi\" \/>\n<meta property=\"article:published_time\" content=\"2020-09-03T07:18:51+00:00\" \/>\n<meta property=\"og:image\" content=\"https:\/\/akunq.net\/tr\/wp-content\/uploads\/sites\/6\/2020\/09\/Ayasofya.jpg\" \/>\n\t<meta property=\"og:image:width\" content=\"1600\" \/>\n\t<meta property=\"og:image:height\" content=\"900\" \/>\n\t<meta property=\"og:image:type\" content=\"image\/jpeg\" \/>\n<meta name=\"author\" content=\"admin\" \/>\n<meta name=\"twitter:card\" content=\"summary_large_image\" \/>\n<meta name=\"twitter:label1\" content=\"Written by\" \/>\n\t<meta name=\"twitter:data1\" content=\"admin\" \/>\n\t<meta name=\"twitter:label2\" content=\"Est. reading time\" \/>\n\t<meta name=\"twitter:data2\" content=\"2 minutes\" \/>\n<script type=\"application\/ld+json\" class=\"yoast-schema-graph\">{\"@context\":\"https:\\\/\\\/schema.org\",\"@graph\":[{\"@type\":\"Article\",\"@id\":\"https:\\\/\\\/akunq.net\\\/tr\\\/?p=58663#article\",\"isPartOf\":{\"@id\":\"https:\\\/\\\/akunq.net\\\/tr\\\/?p=58663\"},\"author\":{\"name\":\"admin\",\"@id\":\"https:\\\/\\\/akunq.net\\\/tr\\\/#\\\/schema\\\/person\\\/096f1d38a12cce57fb855b485ed24c9e\"},\"headline\":\"I\u015e\u0130D&#8217;in s\u00f6zde emiri Ayasofya&#8217;y\u0131 hedef alm\u0131\u015f\",\"datePublished\":\"2020-09-03T07:18:51+00:00\",\"mainEntityOfPage\":{\"@id\":\"https:\\\/\\\/akunq.net\\\/tr\\\/?p=58663\"},\"wordCount\":309,\"commentCount\":0,\"image\":{\"@id\":\"https:\\\/\\\/akunq.net\\\/tr\\\/?p=58663#primaryimage\"},\"thumbnailUrl\":\"https:\\\/\\\/akunq.net\\\/tr\\\/wp-content\\\/uploads\\\/sites\\\/6\\\/2020\\\/09\\\/Ayasofya.jpg\",\"articleSection\":[\"Haberler\"],\"inLanguage\":\"en-US\",\"potentialAction\":[{\"@type\":\"CommentAction\",\"name\":\"Comment\",\"target\":[\"https:\\\/\\\/akunq.net\\\/tr\\\/?p=58663#respond\"]}]},{\"@type\":\"WebPage\",\"@id\":\"https:\\\/\\\/akunq.net\\\/tr\\\/?p=58663\",\"url\":\"https:\\\/\\\/akunq.net\\\/tr\\\/?p=58663\",\"name\":\"I\u015e\u0130D'in s\u00f6zde emiri Ayasofya'y\u0131 hedef alm\u0131\u015f - Bati Ermenistan Ve Bati Ermenileri Sorunlari Ara\u015ftirmalar Merkezi\",\"isPartOf\":{\"@id\":\"https:\\\/\\\/akunq.net\\\/tr\\\/#website\"},\"primaryImageOfPage\":{\"@id\":\"https:\\\/\\\/akunq.net\\\/tr\\\/?p=58663#primaryimage\"},\"image\":{\"@id\":\"https:\\\/\\\/akunq.net\\\/tr\\\/?p=58663#primaryimage\"},\"thumbnailUrl\":\"https:\\\/\\\/akunq.net\\\/tr\\\/wp-content\\\/uploads\\\/sites\\\/6\\\/2020\\\/09\\\/Ayasofya.jpg\",\"datePublished\":\"2020-09-03T07:18:51+00:00\",\"author\":{\"@id\":\"https:\\\/\\\/akunq.net\\\/tr\\\/#\\\/schema\\\/person\\\/096f1d38a12cce57fb855b485ed24c9e\"},\"breadcrumb\":{\"@id\":\"https:\\\/\\\/akunq.net\\\/tr\\\/?p=58663#breadcrumb\"},\"inLanguage\":\"en-US\",\"potentialAction\":[{\"@type\":\"ReadAction\",\"target\":[\"https:\\\/\\\/akunq.net\\\/tr\\\/?p=58663\"]}]},{\"@type\":\"ImageObject\",\"inLanguage\":\"en-US\",\"@id\":\"https:\\\/\\\/akunq.net\\\/tr\\\/?p=58663#primaryimage\",\"url\":\"https:\\\/\\\/akunq.net\\\/tr\\\/wp-content\\\/uploads\\\/sites\\\/6\\\/2020\\\/09\\\/Ayasofya.jpg\",\"contentUrl\":\"https:\\\/\\\/akunq.net\\\/tr\\\/wp-content\\\/uploads\\\/sites\\\/6\\\/2020\\\/09\\\/Ayasofya.jpg\",\"width\":1600,\"height\":900},{\"@type\":\"BreadcrumbList\",\"@id\":\"https:\\\/\\\/akunq.net\\\/tr\\\/?p=58663#breadcrumb\",\"itemListElement\":[{\"@type\":\"ListItem\",\"position\":1,\"name\":\"Home\",\"item\":\"https:\\\/\\\/akunq.net\\\/tr\"},{\"@type\":\"ListItem\",\"position\":2,\"name\":\"I\u015e\u0130D&#8217;in s\u00f6zde emiri Ayasofya&#8217;y\u0131 hedef alm\u0131\u015f\"}]},{\"@type\":\"WebSite\",\"@id\":\"https:\\\/\\\/akunq.net\\\/tr\\\/#website\",\"url\":\"https:\\\/\\\/akunq.net\\\/tr\\\/\",\"name\":\"Bati Ermenistan Ve Bati Ermenileri Sorunlari Ara\u015ftirmalar Merkezi\",\"description\":\"\",\"potentialAction\":[{\"@type\":\"SearchAction\",\"target\":{\"@type\":\"EntryPoint\",\"urlTemplate\":\"https:\\\/\\\/akunq.net\\\/tr\\\/?s={search_term_string}\"},\"query-input\":{\"@type\":\"PropertyValueSpecification\",\"valueRequired\":true,\"valueName\":\"search_term_string\"}}],\"inLanguage\":\"en-US\"},{\"@type\":\"Person\",\"@id\":\"https:\\\/\\\/akunq.net\\\/tr\\\/#\\\/schema\\\/person\\\/096f1d38a12cce57fb855b485ed24c9e\",\"name\":\"admin\",\"url\":\"https:\\\/\\\/akunq.net\\\/tr\\\/?author=7\"}]}<\/script>\n<!-- \/ Yoast SEO plugin. -->","yoast_head_json":{"title":"I\u015e\u0130D'in s\u00f6zde emiri Ayasofya'y\u0131 hedef alm\u0131\u015f - Bati Ermenistan Ve Bati Ermenileri Sorunlari Ara\u015ftirmalar Merkezi","robots":{"index":"index","follow":"follow","max-snippet":"max-snippet:-1","max-image-preview":"max-image-preview:large","max-video-preview":"max-video-preview:-1"},"canonical":"https:\/\/akunq.net\/tr\/?p=58663","og_locale":"en_US","og_type":"article","og_title":"I\u015e\u0130D'in s\u00f6zde emiri Ayasofya'y\u0131 hedef alm\u0131\u015f - Bati Ermenistan Ve Bati Ermenileri Sorunlari Ara\u015ftirmalar Merkezi","og_description":"Adana&#8217;da tutuklanan I\u015e\u0130D&#8217;in s\u00f6zde T\u00fcrkiye emiri Mahmut \u00d6zden&#8217;in stratejik yerlere, siyaset\u00e7i ve devlet adamlar\u0131yla baz\u0131 ekonomik hedeflere y\u00f6nelik eylemleri planlad\u0131\u011f\u0131 \u00f6\u011frenildi. Adana&#8217;da ter\u00f6r \u00f6rg\u00fct\u00fc I\u015e\u0130D&#8217;e y\u00f6nelik \u0130stanbul merkezli d\u00fczenlenen operasyonda g\u00f6zalt\u0131na al\u0131nan ve \u00e7\u0131kar\u0131ld\u0131\u011f\u0131 mahkemece d\u00fcn tutuklanan ter\u00f6r \u00f6rg\u00fct\u00fcn\u00fcn s\u00f6zde T\u00fcrkiye emiri Mahmut \u00d6zden&#8217;in, T\u00fcrkiye&#8217;deki stratejik yerlere, siyaset\u00e7i ve devlet adamlar\u0131yla baz\u0131 ekonomik hedeflere y\u00f6nelik [&hellip;]","og_url":"https:\/\/akunq.net\/tr\/?p=58663","og_site_name":"Bati Ermenistan Ve Bati Ermenileri Sorunlari Ara\u015ftirmalar Merkezi","article_published_time":"2020-09-03T07:18:51+00:00","og_image":[{"width":1600,"height":900,"url":"https:\/\/akunq.net\/tr\/wp-content\/uploads\/sites\/6\/2020\/09\/Ayasofya.jpg","type":"image\/jpeg"}],"author":"admin","twitter_card":"summary_large_image","twitter_misc":{"Written by":"admin","Est. reading time":"2 minutes"},"schema":{"@context":"https:\/\/schema.org","@graph":[{"@type":"Article","@id":"https:\/\/akunq.net\/tr\/?p=58663#article","isPartOf":{"@id":"https:\/\/akunq.net\/tr\/?p=58663"},"author":{"name":"admin","@id":"https:\/\/akunq.net\/tr\/#\/schema\/person\/096f1d38a12cce57fb855b485ed24c9e"},"headline":"I\u015e\u0130D&#8217;in s\u00f6zde emiri Ayasofya&#8217;y\u0131 hedef alm\u0131\u015f","datePublished":"2020-09-03T07:18:51+00:00","mainEntityOfPage":{"@id":"https:\/\/akunq.net\/tr\/?p=58663"},"wordCount":309,"commentCount":0,"image":{"@id":"https:\/\/akunq.net\/tr\/?p=58663#primaryimage"},"thumbnailUrl":"https:\/\/akunq.net\/tr\/wp-content\/uploads\/sites\/6\/2020\/09\/Ayasofya.jpg","articleSection":["Haberler"],"inLanguage":"en-US","potentialAction":[{"@type":"CommentAction","name":"Comment","target":["https:\/\/akunq.net\/tr\/?p=58663#respond"]}]},{"@type":"WebPage","@id":"https:\/\/akunq.net\/tr\/?p=58663","url":"https:\/\/akunq.net\/tr\/?p=58663","name":"I\u015e\u0130D'in s\u00f6zde emiri Ayasofya'y\u0131 hedef alm\u0131\u015f - Bati Ermenistan Ve Bati Ermenileri Sorunlari Ara\u015ftirmalar Merkezi","isPartOf":{"@id":"https:\/\/akunq.net\/tr\/#website"},"primaryImageOfPage":{"@id":"https:\/\/akunq.net\/tr\/?p=58663#primaryimage"},"image":{"@id":"https:\/\/akunq.net\/tr\/?p=58663#primaryimage"},"thumbnailUrl":"https:\/\/akunq.net\/tr\/wp-content\/uploads\/sites\/6\/2020\/09\/Ayasofya.jpg","datePublished":"2020-09-03T07:18:51+00:00","author":{"@id":"https:\/\/akunq.net\/tr\/#\/schema\/person\/096f1d38a12cce57fb855b485ed24c9e"},"breadcrumb":{"@id":"https:\/\/akunq.net\/tr\/?p=58663#breadcrumb"},"inLanguage":"en-US","potentialAction":[{"@type":"ReadAction","target":["https:\/\/akunq.net\/tr\/?p=58663"]}]},{"@type":"ImageObject","inLanguage":"en-US","@id":"https:\/\/akunq.net\/tr\/?p=58663#primaryimage","url":"https:\/\/akunq.net\/tr\/wp-content\/uploads\/sites\/6\/2020\/09\/Ayasofya.jpg","contentUrl":"https:\/\/akunq.net\/tr\/wp-content\/uploads\/sites\/6\/2020\/09\/Ayasofya.jpg","width":1600,"height":900},{"@type":"BreadcrumbList","@id":"https:\/\/akunq.net\/tr\/?p=58663#breadcrumb","itemListElement":[{"@type":"ListItem","position":1,"name":"Home","item":"https:\/\/akunq.net\/tr"},{"@type":"ListItem","position":2,"name":"I\u015e\u0130D&#8217;in s\u00f6zde emiri Ayasofya&#8217;y\u0131 hedef alm\u0131\u015f"}]},{"@type":"WebSite","@id":"https:\/\/akunq.net\/tr\/#website","url":"https:\/\/akunq.net\/tr\/","name":"Bati Ermenistan Ve Bati Ermenileri Sorunlari Ara\u015ftirmalar Merkezi","description":"","potentialAction":[{"@type":"SearchAction","target":{"@type":"EntryPoint","urlTemplate":"https:\/\/akunq.net\/tr\/?s={search_term_string}"},"query-input":{"@type":"PropertyValueSpecification","valueRequired":true,"valueName":"search_term_string"}}],"inLanguage":"en-US"},{"@type":"Person","@id":"https:\/\/akunq.net\/tr\/#\/schema\/person\/096f1d38a12cce57fb855b485ed24c9e","name":"admin","url":"https:\/\/akunq.net\/tr\/?author=7"}]}},"_links":{"self":[{"href":"https:\/\/akunq.net\/tr\/index.php?rest_route=\/wp\/v2\/posts\/58663","targetHints":{"allow":["GET"]}}],"collection":[{"href":"https:\/\/akunq.net\/tr\/index.php?rest_route=\/wp\/v2\/posts"}],"about":[{"href":"https:\/\/akunq.net\/tr\/index.php?rest_route=\/wp\/v2\/types\/post"}],"author":[{"embeddable":true,"href":"https:\/\/akunq.net\/tr\/index.php?rest_route=\/wp\/v2\/users\/7"}],"replies":[{"embeddable":true,"href":"https:\/\/akunq.net\/tr\/index.php?rest_route=%2Fwp%2Fv2%2Fcomments&post=58663"}],"version-history":[{"count":1,"href":"https:\/\/akunq.net\/tr\/index.php?rest_route=\/wp\/v2\/posts\/58663\/revisions"}],"predecessor-version":[{"id":58665,"href":"https:\/\/akunq.net\/tr\/index.php?rest_route=\/wp\/v2\/posts\/58663\/revisions\/58665"}],"wp:featuredmedia":[{"embeddable":true,"href":"https:\/\/akunq.net\/tr\/index.php?rest_route=\/wp\/v2\/media\/58664"}],"wp:attachment":[{"href":"https:\/\/akunq.net\/tr\/index.php?rest_route=%2Fwp%2Fv2%2Fmedia&parent=58663"}],"wp:term":[{"taxonomy":"category","embeddable":true,"href":"https:\/\/akunq.net\/tr\/index.php?rest_route=%2Fwp%2Fv2%2Fcategories&post=58663"},{"taxonomy":"post_tag","embeddable":true,"href":"https:\/\/akunq.net\/tr\/index.php?rest_route=%2Fwp%2Fv2%2Ftags&post=58663"}],"curies":[{"name":"wp","href":"https:\/\/api.w.org\/{rel}","templated":true}]}}