{"id":58639,"date":"2020-09-02T02:17:49","date_gmt":"2020-09-02T07:17:49","guid":{"rendered":"https:\/\/akunq.net\/tr\/?p=58639"},"modified":"2020-09-02T02:17:49","modified_gmt":"2020-09-02T07:17:49","slug":"ermeni-ve-fransiz-buyukelcileri-pariste-ermeni-soykirimi-kurbanlarinin-anisina-saygi-durusunda-bulundu","status":"publish","type":"post","link":"https:\/\/akunq.net\/tr\/?p=58639","title":{"rendered":"Ermeni ve Frans\u0131z B\u00fcy\u00fckel\u00e7ileri Paris&#8217;te Ermeni Soyk\u0131r\u0131m\u0131 kurbanlar\u0131n\u0131n an\u0131s\u0131na sayg\u0131 duru\u015funda bulundu"},"content":{"rendered":"<p><img loading=\"lazy\" decoding=\"async\" class=\"alignleft size-medium wp-image-58640\" src=\"https:\/\/akunq.net\/tr\/wp-content\/uploads\/2020\/09\/Fransa-Gomidas-360x242.jpg\" alt=\"\" width=\"360\" height=\"242\" srcset=\"https:\/\/akunq.net\/tr\/wp-content\/uploads\/sites\/6\/2020\/09\/Fransa-Gomidas-360x242.jpg 360w, https:\/\/akunq.net\/tr\/wp-content\/uploads\/sites\/6\/2020\/09\/Fransa-Gomidas-560x376.jpg 560w, https:\/\/akunq.net\/tr\/wp-content\/uploads\/sites\/6\/2020\/09\/Fransa-Gomidas-260x175.jpg 260w, https:\/\/akunq.net\/tr\/wp-content\/uploads\/sites\/6\/2020\/09\/Fransa-Gomidas-160x107.jpg 160w, https:\/\/akunq.net\/tr\/wp-content\/uploads\/sites\/6\/2020\/09\/Fransa-Gomidas.jpg 670w\" sizes=\"auto, (max-width: 360px) 100vw, 360px\" \/><\/p>\n<p><em><strong>1 Eyl\u00fcl&#8217;de Paris&#8217;te Ermenistan&#8217;\u0131n Fransa B\u00fcy\u00fckel\u00e7isi Hasmik Tolmacyan, Fransa&#8217;n\u0131n Ermenistan B\u00fcy\u00fckel\u00e7isi\u00a0Jonathan Lacote ve\u00a0Fransa Ermeni Kurulu\u015flar\u0131 Koordinasyon Konseyi (CCAF) e\u015f ba\u015fkanlar\u0131 Murat Papazyan ile Ara Toranyan\u00a0Komitas Vadapet\u2019in heykelini ziyaret edip\u00a0Ermeni Soyk\u0131r\u0131m\u0131\u2019n\u0131n masum kurbanlar\u0131n\u0131n an\u0131s\u0131na sayg\u0131 duru\u015funa bulundu.<\/strong><\/em><\/p>\n<p>Bununla ilgili Ermenistan&#8217;\u0131n Paris B\u00fcy\u00fckel\u00e7ili\u011fi Facebook sayfas\u0131 \u00fczerinden foto\u011fraf payla\u015f\u0131m\u0131 yapt\u0131.<\/p>\n<p>Ermeni Soyk\u0131r\u0131m\u0131&#8217;n\u0131n sembol\u00fc olan K\u00fctahya do\u011fumlu b\u00fcy\u00fck sanat\u00e7\u0131 ve din adam\u0131\u00a0Komitas Vadapet\u2019in heykeli bir ka\u00e7 g\u00fcn \u00f6nce belirsiz ki\u015filer taraf\u0131ndan vandal sald\u0131r\u0131ya u\u011frad\u0131.\u00a0Vandallar heykelin \u00fczerinde \u2018Sahtedir\u2019 diye yaz\u0131 yazd\u0131lar.<\/p>\n<p>Daha 1983 y\u0131l\u0131nda Paris\u2019teki Ermeni toplumu Komitas Vardapet\u2019in heykelini dikme ricas\u0131yla Paris Belediyesine ba\u015fvurmu\u015ftu.<\/p>\n<p>Bronzdan yap\u0131lm\u0131\u015f 4 metre uzunlu\u011fu olan heykel 2 metrelik kaide \u00fczerinde duruyor. Heykelin in\u015faat \u00e7al\u0131\u015fmalar\u0131 2002 y\u0131l\u0131n\u0131n Ocak ay\u0131nda ba\u015flad\u0131 ve 22 Nisan 2003 tarihinde tamamland\u0131.<\/p>\n<p>Heykelin \u00fczerinde \u201cKomitas Vardapet\u2019in ve Ermeni Soyk\u0131r\u0131m\u0131&#8217;n\u0131n 1.5 milyon kurbanlar\u0131n\u0131n an\u0131s\u0131na\u201d c\u00fcmlesi yer al\u0131yor.<\/p>\n<p><em><strong>https:\/\/www.ermenihaber.am\/tr\/news\/2020\/09\/01\/Ermeni-Frans%C4%B1z-Paris-Komitas\/191672\u00a0<\/strong><\/em><\/p>\n","protected":false},"excerpt":{"rendered":"<p>1 Eyl\u00fcl&#8217;de Paris&#8217;te Ermenistan&#8217;\u0131n Fransa B\u00fcy\u00fckel\u00e7isi Hasmik Tolmacyan, Fransa&#8217;n\u0131n Ermenistan B\u00fcy\u00fckel\u00e7isi\u00a0Jonathan Lacote ve\u00a0Fransa Ermeni Kurulu\u015flar\u0131 Koordinasyon Konseyi (CCAF) e\u015f ba\u015fkanlar\u0131 Murat Papazyan ile Ara Toranyan\u00a0Komitas Vadapet\u2019in heykelini ziyaret edip\u00a0Ermeni Soyk\u0131r\u0131m\u0131\u2019n\u0131n masum kurbanlar\u0131n\u0131n an\u0131s\u0131na sayg\u0131 duru\u015funa bulundu. Bununla ilgili Ermenistan&#8217;\u0131n Paris B\u00fcy\u00fckel\u00e7ili\u011fi Facebook sayfas\u0131 \u00fczerinden foto\u011fraf payla\u015f\u0131m\u0131 yapt\u0131. Ermeni Soyk\u0131r\u0131m\u0131&#8217;n\u0131n sembol\u00fc olan K\u00fctahya do\u011fumlu b\u00fcy\u00fck sanat\u00e7\u0131 [&hellip;]<\/p>\n","protected":false},"author":7,"featured_media":58640,"comment_status":"open","ping_status":"open","sticky":false,"template":"","format":"standard","meta":{"footnotes":""},"categories":[1],"tags":[],"class_list":["post-58639","post","type-post","status-publish","format-standard","has-post-thumbnail","hentry","category-haberler"],"yoast_head":"<!-- This site is optimized with the Yoast SEO plugin v27.4 - https:\/\/yoast.com\/product\/yoast-seo-wordpress\/ -->\n<title>Ermeni ve Frans\u0131z B\u00fcy\u00fckel\u00e7ileri Paris&#039;te Ermeni Soyk\u0131r\u0131m\u0131 kurbanlar\u0131n\u0131n an\u0131s\u0131na sayg\u0131 duru\u015funda bulundu - Bati Ermenistan Ve Bati Ermenileri Sorunlari Ara\u015ftirmalar Merkezi<\/title>\n<meta name=\"robots\" content=\"index, follow, max-snippet:-1, max-image-preview:large, max-video-preview:-1\" \/>\n<link rel=\"canonical\" href=\"https:\/\/akunq.net\/tr\/?p=58639\" \/>\n<meta property=\"og:locale\" content=\"en_US\" \/>\n<meta property=\"og:type\" content=\"article\" \/>\n<meta property=\"og:title\" content=\"Ermeni ve Frans\u0131z B\u00fcy\u00fckel\u00e7ileri Paris&#039;te Ermeni Soyk\u0131r\u0131m\u0131 kurbanlar\u0131n\u0131n an\u0131s\u0131na sayg\u0131 duru\u015funda bulundu - Bati Ermenistan Ve Bati Ermenileri Sorunlari Ara\u015ftirmalar Merkezi\" \/>\n<meta property=\"og:description\" content=\"1 Eyl\u00fcl&#8217;de Paris&#8217;te Ermenistan&#8217;\u0131n Fransa B\u00fcy\u00fckel\u00e7isi Hasmik Tolmacyan, Fransa&#8217;n\u0131n Ermenistan B\u00fcy\u00fckel\u00e7isi\u00a0Jonathan Lacote ve\u00a0Fransa Ermeni Kurulu\u015flar\u0131 Koordinasyon Konseyi (CCAF) e\u015f ba\u015fkanlar\u0131 Murat Papazyan ile Ara Toranyan\u00a0Komitas Vadapet\u2019in heykelini ziyaret edip\u00a0Ermeni Soyk\u0131r\u0131m\u0131\u2019n\u0131n masum kurbanlar\u0131n\u0131n an\u0131s\u0131na sayg\u0131 duru\u015funa bulundu. Bununla ilgili Ermenistan&#8217;\u0131n Paris B\u00fcy\u00fckel\u00e7ili\u011fi Facebook sayfas\u0131 \u00fczerinden foto\u011fraf payla\u015f\u0131m\u0131 yapt\u0131. Ermeni Soyk\u0131r\u0131m\u0131&#8217;n\u0131n sembol\u00fc olan K\u00fctahya do\u011fumlu b\u00fcy\u00fck sanat\u00e7\u0131 [&hellip;]\" \/>\n<meta property=\"og:url\" content=\"https:\/\/akunq.net\/tr\/?p=58639\" \/>\n<meta property=\"og:site_name\" content=\"Bati Ermenistan Ve Bati Ermenileri Sorunlari Ara\u015ftirmalar Merkezi\" \/>\n<meta property=\"article:published_time\" content=\"2020-09-02T07:17:49+00:00\" \/>\n<meta property=\"og:image\" content=\"https:\/\/akunq.net\/tr\/wp-content\/uploads\/sites\/6\/2020\/09\/Fransa-Gomidas.jpg\" \/>\n\t<meta property=\"og:image:width\" content=\"670\" \/>\n\t<meta property=\"og:image:height\" content=\"450\" \/>\n\t<meta property=\"og:image:type\" content=\"image\/jpeg\" \/>\n<meta name=\"author\" content=\"admin\" \/>\n<meta name=\"twitter:card\" content=\"summary_large_image\" \/>\n<meta name=\"twitter:label1\" content=\"Written by\" \/>\n\t<meta name=\"twitter:data1\" content=\"admin\" \/>\n\t<meta name=\"twitter:label2\" content=\"Est. reading time\" \/>\n\t<meta name=\"twitter:data2\" content=\"1 minute\" \/>\n<script type=\"application\/ld+json\" class=\"yoast-schema-graph\">{\"@context\":\"https:\\\/\\\/schema.org\",\"@graph\":[{\"@type\":\"Article\",\"@id\":\"https:\\\/\\\/akunq.net\\\/tr\\\/?p=58639#article\",\"isPartOf\":{\"@id\":\"https:\\\/\\\/akunq.net\\\/tr\\\/?p=58639\"},\"author\":{\"name\":\"admin\",\"@id\":\"https:\\\/\\\/akunq.net\\\/tr\\\/#\\\/schema\\\/person\\\/096f1d38a12cce57fb855b485ed24c9e\"},\"headline\":\"Ermeni ve Frans\u0131z B\u00fcy\u00fckel\u00e7ileri Paris&#8217;te Ermeni Soyk\u0131r\u0131m\u0131 kurbanlar\u0131n\u0131n an\u0131s\u0131na sayg\u0131 duru\u015funda bulundu\",\"datePublished\":\"2020-09-02T07:17:49+00:00\",\"mainEntityOfPage\":{\"@id\":\"https:\\\/\\\/akunq.net\\\/tr\\\/?p=58639\"},\"wordCount\":232,\"commentCount\":0,\"image\":{\"@id\":\"https:\\\/\\\/akunq.net\\\/tr\\\/?p=58639#primaryimage\"},\"thumbnailUrl\":\"https:\\\/\\\/akunq.net\\\/tr\\\/wp-content\\\/uploads\\\/sites\\\/6\\\/2020\\\/09\\\/Fransa-Gomidas.jpg\",\"articleSection\":[\"Haberler\"],\"inLanguage\":\"en-US\",\"potentialAction\":[{\"@type\":\"CommentAction\",\"name\":\"Comment\",\"target\":[\"https:\\\/\\\/akunq.net\\\/tr\\\/?p=58639#respond\"]}]},{\"@type\":\"WebPage\",\"@id\":\"https:\\\/\\\/akunq.net\\\/tr\\\/?p=58639\",\"url\":\"https:\\\/\\\/akunq.net\\\/tr\\\/?p=58639\",\"name\":\"Ermeni ve Frans\u0131z B\u00fcy\u00fckel\u00e7ileri Paris'te Ermeni Soyk\u0131r\u0131m\u0131 kurbanlar\u0131n\u0131n an\u0131s\u0131na sayg\u0131 duru\u015funda bulundu - Bati Ermenistan Ve Bati Ermenileri Sorunlari Ara\u015ftirmalar Merkezi\",\"isPartOf\":{\"@id\":\"https:\\\/\\\/akunq.net\\\/tr\\\/#website\"},\"primaryImageOfPage\":{\"@id\":\"https:\\\/\\\/akunq.net\\\/tr\\\/?p=58639#primaryimage\"},\"image\":{\"@id\":\"https:\\\/\\\/akunq.net\\\/tr\\\/?p=58639#primaryimage\"},\"thumbnailUrl\":\"https:\\\/\\\/akunq.net\\\/tr\\\/wp-content\\\/uploads\\\/sites\\\/6\\\/2020\\\/09\\\/Fransa-Gomidas.jpg\",\"datePublished\":\"2020-09-02T07:17:49+00:00\",\"author\":{\"@id\":\"https:\\\/\\\/akunq.net\\\/tr\\\/#\\\/schema\\\/person\\\/096f1d38a12cce57fb855b485ed24c9e\"},\"breadcrumb\":{\"@id\":\"https:\\\/\\\/akunq.net\\\/tr\\\/?p=58639#breadcrumb\"},\"inLanguage\":\"en-US\",\"potentialAction\":[{\"@type\":\"ReadAction\",\"target\":[\"https:\\\/\\\/akunq.net\\\/tr\\\/?p=58639\"]}]},{\"@type\":\"ImageObject\",\"inLanguage\":\"en-US\",\"@id\":\"https:\\\/\\\/akunq.net\\\/tr\\\/?p=58639#primaryimage\",\"url\":\"https:\\\/\\\/akunq.net\\\/tr\\\/wp-content\\\/uploads\\\/sites\\\/6\\\/2020\\\/09\\\/Fransa-Gomidas.jpg\",\"contentUrl\":\"https:\\\/\\\/akunq.net\\\/tr\\\/wp-content\\\/uploads\\\/sites\\\/6\\\/2020\\\/09\\\/Fransa-Gomidas.jpg\",\"width\":670,\"height\":450},{\"@type\":\"BreadcrumbList\",\"@id\":\"https:\\\/\\\/akunq.net\\\/tr\\\/?p=58639#breadcrumb\",\"itemListElement\":[{\"@type\":\"ListItem\",\"position\":1,\"name\":\"Home\",\"item\":\"https:\\\/\\\/akunq.net\\\/tr\"},{\"@type\":\"ListItem\",\"position\":2,\"name\":\"Ermeni ve Frans\u0131z B\u00fcy\u00fckel\u00e7ileri Paris&#8217;te Ermeni Soyk\u0131r\u0131m\u0131 kurbanlar\u0131n\u0131n an\u0131s\u0131na sayg\u0131 duru\u015funda bulundu\"}]},{\"@type\":\"WebSite\",\"@id\":\"https:\\\/\\\/akunq.net\\\/tr\\\/#website\",\"url\":\"https:\\\/\\\/akunq.net\\\/tr\\\/\",\"name\":\"Bati Ermenistan Ve Bati Ermenileri Sorunlari Ara\u015ftirmalar Merkezi\",\"description\":\"\",\"potentialAction\":[{\"@type\":\"SearchAction\",\"target\":{\"@type\":\"EntryPoint\",\"urlTemplate\":\"https:\\\/\\\/akunq.net\\\/tr\\\/?s={search_term_string}\"},\"query-input\":{\"@type\":\"PropertyValueSpecification\",\"valueRequired\":true,\"valueName\":\"search_term_string\"}}],\"inLanguage\":\"en-US\"},{\"@type\":\"Person\",\"@id\":\"https:\\\/\\\/akunq.net\\\/tr\\\/#\\\/schema\\\/person\\\/096f1d38a12cce57fb855b485ed24c9e\",\"name\":\"admin\",\"url\":\"https:\\\/\\\/akunq.net\\\/tr\\\/?author=7\"}]}<\/script>\n<!-- \/ Yoast SEO plugin. -->","yoast_head_json":{"title":"Ermeni ve Frans\u0131z B\u00fcy\u00fckel\u00e7ileri Paris'te Ermeni Soyk\u0131r\u0131m\u0131 kurbanlar\u0131n\u0131n an\u0131s\u0131na sayg\u0131 duru\u015funda bulundu - Bati Ermenistan Ve Bati Ermenileri Sorunlari Ara\u015ftirmalar Merkezi","robots":{"index":"index","follow":"follow","max-snippet":"max-snippet:-1","max-image-preview":"max-image-preview:large","max-video-preview":"max-video-preview:-1"},"canonical":"https:\/\/akunq.net\/tr\/?p=58639","og_locale":"en_US","og_type":"article","og_title":"Ermeni ve Frans\u0131z B\u00fcy\u00fckel\u00e7ileri Paris'te Ermeni Soyk\u0131r\u0131m\u0131 kurbanlar\u0131n\u0131n an\u0131s\u0131na sayg\u0131 duru\u015funda bulundu - Bati Ermenistan Ve Bati Ermenileri Sorunlari Ara\u015ftirmalar Merkezi","og_description":"1 Eyl\u00fcl&#8217;de Paris&#8217;te Ermenistan&#8217;\u0131n Fransa B\u00fcy\u00fckel\u00e7isi Hasmik Tolmacyan, Fransa&#8217;n\u0131n Ermenistan B\u00fcy\u00fckel\u00e7isi\u00a0Jonathan Lacote ve\u00a0Fransa Ermeni Kurulu\u015flar\u0131 Koordinasyon Konseyi (CCAF) e\u015f ba\u015fkanlar\u0131 Murat Papazyan ile Ara Toranyan\u00a0Komitas Vadapet\u2019in heykelini ziyaret edip\u00a0Ermeni Soyk\u0131r\u0131m\u0131\u2019n\u0131n masum kurbanlar\u0131n\u0131n an\u0131s\u0131na sayg\u0131 duru\u015funa bulundu. Bununla ilgili Ermenistan&#8217;\u0131n Paris B\u00fcy\u00fckel\u00e7ili\u011fi Facebook sayfas\u0131 \u00fczerinden foto\u011fraf payla\u015f\u0131m\u0131 yapt\u0131. Ermeni Soyk\u0131r\u0131m\u0131&#8217;n\u0131n sembol\u00fc olan K\u00fctahya do\u011fumlu b\u00fcy\u00fck sanat\u00e7\u0131 [&hellip;]","og_url":"https:\/\/akunq.net\/tr\/?p=58639","og_site_name":"Bati Ermenistan Ve Bati Ermenileri Sorunlari Ara\u015ftirmalar Merkezi","article_published_time":"2020-09-02T07:17:49+00:00","og_image":[{"width":670,"height":450,"url":"https:\/\/akunq.net\/tr\/wp-content\/uploads\/sites\/6\/2020\/09\/Fransa-Gomidas.jpg","type":"image\/jpeg"}],"author":"admin","twitter_card":"summary_large_image","twitter_misc":{"Written by":"admin","Est. reading time":"1 minute"},"schema":{"@context":"https:\/\/schema.org","@graph":[{"@type":"Article","@id":"https:\/\/akunq.net\/tr\/?p=58639#article","isPartOf":{"@id":"https:\/\/akunq.net\/tr\/?p=58639"},"author":{"name":"admin","@id":"https:\/\/akunq.net\/tr\/#\/schema\/person\/096f1d38a12cce57fb855b485ed24c9e"},"headline":"Ermeni ve Frans\u0131z B\u00fcy\u00fckel\u00e7ileri Paris&#8217;te Ermeni Soyk\u0131r\u0131m\u0131 kurbanlar\u0131n\u0131n an\u0131s\u0131na sayg\u0131 duru\u015funda bulundu","datePublished":"2020-09-02T07:17:49+00:00","mainEntityOfPage":{"@id":"https:\/\/akunq.net\/tr\/?p=58639"},"wordCount":232,"commentCount":0,"image":{"@id":"https:\/\/akunq.net\/tr\/?p=58639#primaryimage"},"thumbnailUrl":"https:\/\/akunq.net\/tr\/wp-content\/uploads\/sites\/6\/2020\/09\/Fransa-Gomidas.jpg","articleSection":["Haberler"],"inLanguage":"en-US","potentialAction":[{"@type":"CommentAction","name":"Comment","target":["https:\/\/akunq.net\/tr\/?p=58639#respond"]}]},{"@type":"WebPage","@id":"https:\/\/akunq.net\/tr\/?p=58639","url":"https:\/\/akunq.net\/tr\/?p=58639","name":"Ermeni ve Frans\u0131z B\u00fcy\u00fckel\u00e7ileri Paris'te Ermeni Soyk\u0131r\u0131m\u0131 kurbanlar\u0131n\u0131n an\u0131s\u0131na sayg\u0131 duru\u015funda bulundu - Bati Ermenistan Ve Bati Ermenileri Sorunlari Ara\u015ftirmalar Merkezi","isPartOf":{"@id":"https:\/\/akunq.net\/tr\/#website"},"primaryImageOfPage":{"@id":"https:\/\/akunq.net\/tr\/?p=58639#primaryimage"},"image":{"@id":"https:\/\/akunq.net\/tr\/?p=58639#primaryimage"},"thumbnailUrl":"https:\/\/akunq.net\/tr\/wp-content\/uploads\/sites\/6\/2020\/09\/Fransa-Gomidas.jpg","datePublished":"2020-09-02T07:17:49+00:00","author":{"@id":"https:\/\/akunq.net\/tr\/#\/schema\/person\/096f1d38a12cce57fb855b485ed24c9e"},"breadcrumb":{"@id":"https:\/\/akunq.net\/tr\/?p=58639#breadcrumb"},"inLanguage":"en-US","potentialAction":[{"@type":"ReadAction","target":["https:\/\/akunq.net\/tr\/?p=58639"]}]},{"@type":"ImageObject","inLanguage":"en-US","@id":"https:\/\/akunq.net\/tr\/?p=58639#primaryimage","url":"https:\/\/akunq.net\/tr\/wp-content\/uploads\/sites\/6\/2020\/09\/Fransa-Gomidas.jpg","contentUrl":"https:\/\/akunq.net\/tr\/wp-content\/uploads\/sites\/6\/2020\/09\/Fransa-Gomidas.jpg","width":670,"height":450},{"@type":"BreadcrumbList","@id":"https:\/\/akunq.net\/tr\/?p=58639#breadcrumb","itemListElement":[{"@type":"ListItem","position":1,"name":"Home","item":"https:\/\/akunq.net\/tr"},{"@type":"ListItem","position":2,"name":"Ermeni ve Frans\u0131z B\u00fcy\u00fckel\u00e7ileri Paris&#8217;te Ermeni Soyk\u0131r\u0131m\u0131 kurbanlar\u0131n\u0131n an\u0131s\u0131na sayg\u0131 duru\u015funda bulundu"}]},{"@type":"WebSite","@id":"https:\/\/akunq.net\/tr\/#website","url":"https:\/\/akunq.net\/tr\/","name":"Bati Ermenistan Ve Bati Ermenileri Sorunlari Ara\u015ftirmalar Merkezi","description":"","potentialAction":[{"@type":"SearchAction","target":{"@type":"EntryPoint","urlTemplate":"https:\/\/akunq.net\/tr\/?s={search_term_string}"},"query-input":{"@type":"PropertyValueSpecification","valueRequired":true,"valueName":"search_term_string"}}],"inLanguage":"en-US"},{"@type":"Person","@id":"https:\/\/akunq.net\/tr\/#\/schema\/person\/096f1d38a12cce57fb855b485ed24c9e","name":"admin","url":"https:\/\/akunq.net\/tr\/?author=7"}]}},"_links":{"self":[{"href":"https:\/\/akunq.net\/tr\/index.php?rest_route=\/wp\/v2\/posts\/58639","targetHints":{"allow":["GET"]}}],"collection":[{"href":"https:\/\/akunq.net\/tr\/index.php?rest_route=\/wp\/v2\/posts"}],"about":[{"href":"https:\/\/akunq.net\/tr\/index.php?rest_route=\/wp\/v2\/types\/post"}],"author":[{"embeddable":true,"href":"https:\/\/akunq.net\/tr\/index.php?rest_route=\/wp\/v2\/users\/7"}],"replies":[{"embeddable":true,"href":"https:\/\/akunq.net\/tr\/index.php?rest_route=%2Fwp%2Fv2%2Fcomments&post=58639"}],"version-history":[{"count":1,"href":"https:\/\/akunq.net\/tr\/index.php?rest_route=\/wp\/v2\/posts\/58639\/revisions"}],"predecessor-version":[{"id":58641,"href":"https:\/\/akunq.net\/tr\/index.php?rest_route=\/wp\/v2\/posts\/58639\/revisions\/58641"}],"wp:featuredmedia":[{"embeddable":true,"href":"https:\/\/akunq.net\/tr\/index.php?rest_route=\/wp\/v2\/media\/58640"}],"wp:attachment":[{"href":"https:\/\/akunq.net\/tr\/index.php?rest_route=%2Fwp%2Fv2%2Fmedia&parent=58639"}],"wp:term":[{"taxonomy":"category","embeddable":true,"href":"https:\/\/akunq.net\/tr\/index.php?rest_route=%2Fwp%2Fv2%2Fcategories&post=58639"},{"taxonomy":"post_tag","embeddable":true,"href":"https:\/\/akunq.net\/tr\/index.php?rest_route=%2Fwp%2Fv2%2Ftags&post=58639"}],"curies":[{"name":"wp","href":"https:\/\/api.w.org\/{rel}","templated":true}]}}