{"id":58636,"date":"2020-09-02T02:10:21","date_gmt":"2020-09-02T07:10:21","guid":{"rendered":"https:\/\/akunq.net\/tr\/?p=58636"},"modified":"2020-09-02T02:10:21","modified_gmt":"2020-09-02T07:10:21","slug":"avusturyadan-turkiyeye-casusluk-suclamasi","status":"publish","type":"post","link":"https:\/\/akunq.net\/tr\/?p=58636","title":{"rendered":"Avusturya\u2019dan T\u00fcrkiye\u2019ye casusluk su\u00e7lamas\u0131"},"content":{"rendered":"<p><img loading=\"lazy\" decoding=\"async\" class=\"alignleft size-medium wp-image-58637\" src=\"https:\/\/akunq.net\/tr\/wp-content\/uploads\/2020\/09\/Avusturya-360x237.jpeg\" alt=\"\" width=\"360\" height=\"237\" srcset=\"https:\/\/akunq.net\/tr\/wp-content\/uploads\/sites\/6\/2020\/09\/Avusturya-360x237.jpeg 360w, https:\/\/akunq.net\/tr\/wp-content\/uploads\/sites\/6\/2020\/09\/Avusturya-768x506.jpeg 768w, https:\/\/akunq.net\/tr\/wp-content\/uploads\/sites\/6\/2020\/09\/Avusturya-1536x1012.jpeg 1536w, https:\/\/akunq.net\/tr\/wp-content\/uploads\/sites\/6\/2020\/09\/Avusturya-560x369.jpeg 560w, https:\/\/akunq.net\/tr\/wp-content\/uploads\/sites\/6\/2020\/09\/Avusturya-260x171.jpeg 260w, https:\/\/akunq.net\/tr\/wp-content\/uploads\/sites\/6\/2020\/09\/Avusturya-160x105.jpeg 160w, https:\/\/akunq.net\/tr\/wp-content\/uploads\/sites\/6\/2020\/09\/Avusturya.jpeg 1920w\" sizes=\"auto, (max-width: 360px) 100vw, 360px\" \/><\/p>\n<p class=\"intro\"><em><strong>Avusturya \u0130\u00e7i\u015fleri Bakan\u0131, Avusturya\u2019da T\u00fcrk h\u00fck\u00fcmeti kar\u015f\u0131t\u0131 ki\u015filerle ilgili bilgileri T\u00fcrkiye\u2019ye s\u0131zd\u0131ran bir casus yakalad\u0131klar\u0131n\u0131 a\u00e7\u0131klad\u0131. Uyum Bakan\u0131 Raab da &#8220;T\u00fcrkiye, Avusturya\u2019y\u0131 b\u00f6lmek istiyor&#8221; dedi.<\/strong><\/em><\/p>\n<div id=\"sharing-bar\" class=\"min\"><span dir=\"ltr\">\u00a0<\/span> <span style=\"letter-spacing: 0.05em;\">Avusturya, T\u00fcrkiye i\u00e7in casusluk yapan bir \u015f\u00fcpheliyi yakalad\u0131klar\u0131n\u0131 a\u00e7\u0131klad\u0131.<\/span><\/div>\n<div class=\"group\">\n<div class=\"longText\">\n<p>\u0130\u00e7i\u015fleri Bakan\u0131 Karl Nehammer, Sal\u0131 g\u00fcn\u00fc yapt\u0131\u011f\u0131 a\u00e7\u0131klamada s\u00f6z konusu ki\u015finin Ankara&#8217;ya Avusturya&#8217;da ya\u015fayan T\u00fcrk h\u00fck\u00fcmeti kar\u015f\u0131tlar\u0131yla ilgili bilgiler aktard\u0131\u011f\u0131n\u0131 s\u00f6yledi. Nehammer, &#8220;T\u00fcrkiye casuslu\u011funun Avusturya&#8217;da yeri yoktur. Bu faaliyet bi\u00e7imine m\u00fcsamaha g\u00f6stermeyece\u011fimiz bilinmelidir&#8221; diye konu\u015ftu.<\/p>\n<p>Avusturya&#8217;n\u0131n \u015fimdi diplomatik s\u00fcre\u00e7lerin devreye girece\u011fini\u00a0s\u00f6yleyen Bakan, yarg\u0131n\u0131n da casusluk su\u00e7lamas\u0131yla soru\u015fturma ba\u015flataca\u011f\u0131n\u0131 belirtti.<\/p>\n<p>Nehammer, \u015f\u00fcphelinin birka\u00e7 hafta \u00f6nce Viyana&#8217;da K\u00fcrt ve T\u00fcrk milliyet\u00e7iler aras\u0131nda ya\u015fanan \u00e7at\u0131\u015fmalara ili\u015fkin y\u00fcr\u00fct\u00fclen soru\u015fturmalar kapsam\u0131nda tespit edildi\u011fini vurgulad\u0131.<\/p>\n<h2><strong>Daha \u00f6nce T\u00fcrkiye&#8217;de tutuklanm\u0131\u015f<\/strong><\/h2>\n<p>Bakan Nehammer, \u015f\u00fcphelinin daha \u00f6nce T\u00fcrkiye&#8217;de tutuklanm\u0131\u015f bir ki\u015fi oldu\u011fu bilgisini de aktard\u0131.<\/p>\n<p>Bakan, T\u00fcrkiye&#8217;de daha sonra serbest b\u0131rak\u0131lan \u015f\u00fcphelinin Milli \u0130stihbarat Te\u015fkilat\u0131 (M\u0130T) taraf\u0131ndan muhbir olarak kullan\u0131ld\u0131\u011f\u0131n\u0131 ve casusluk yapmak \u00fczere Avusturya&#8217;ya g\u00f6nderildi\u011fini ifade etti. Nehammer, \u015f\u00fcphelinin kimli\u011fine ili\u015fkin bir bilgi vermedi.<\/p>\n<h2><strong>&#8220;T\u00fcrkiye Avusturya&#8217;<\/strong><strong>y\u0131\u00a0<\/strong><strong>b\u00f6lmek istiyor&#8221;<\/strong><\/h2>\n<p>Avusturya Uyum\u00a0Bakan\u0131 Susanne Raab da geli\u015fmelere ili\u015fkin bir a\u00e7\u0131klamada bulundu. Raab, T\u00fcrkiye Cumhurba\u015fkan\u0131 Recep Tayyip Erdo\u011fan&#8217;\u0131n kolunun Viyana&#8217;ya kadar uzand\u0131\u011f\u0131n\u0131 s\u00f6yledi.<\/p>\n<p>Ankara&#8217;n\u0131n dernekler ve camiler arac\u0131l\u0131\u011f\u0131yla Avusturya&#8217;da ya\u015fayan T\u00fcrkiye k\u00f6kenlileri etki alan\u0131na ald\u0131\u011f\u0131n\u0131 kaydeden Raab, T\u00fcrkiye&#8217;nin Avusturya toplumunu b\u00f6lmeyi ama\u00e7lad\u0131\u011f\u0131n\u0131 savundu. Raab, &#8220;T\u00fcrkiye&#8217;nin etkisinin \u00f6n\u00fcne ge\u00e7mek i\u00e7in elimizden gelen her \u015feyi yapmal\u0131y\u0131z. \u00c7\u00fcnk\u00fc bu etki, entegrasyon i\u00e7in bir zehirdir&#8221; diye konu\u015ftu.<\/p>\n<p><em><strong>Reuters\/B\u00dc,HS<\/strong><\/em><\/p>\n<p><em><strong>https:\/\/www.dw.com\/tr\/avusturyadan-t%C3%BCrkiyeye-casusluk-su%C3%A7lamas%C4%B1\/a-54781115\u00a0<\/strong><\/em><\/p>\n<\/div>\n<\/div>\n","protected":false},"excerpt":{"rendered":"<p>Avusturya \u0130\u00e7i\u015fleri Bakan\u0131, Avusturya\u2019da T\u00fcrk h\u00fck\u00fcmeti kar\u015f\u0131t\u0131 ki\u015filerle ilgili bilgileri T\u00fcrkiye\u2019ye s\u0131zd\u0131ran bir casus yakalad\u0131klar\u0131n\u0131 a\u00e7\u0131klad\u0131. Uyum Bakan\u0131 Raab da &#8220;T\u00fcrkiye, Avusturya\u2019y\u0131 b\u00f6lmek istiyor&#8221; dedi. \u00a0 Avusturya, T\u00fcrkiye i\u00e7in casusluk yapan bir \u015f\u00fcpheliyi yakalad\u0131klar\u0131n\u0131 a\u00e7\u0131klad\u0131. \u0130\u00e7i\u015fleri Bakan\u0131 Karl Nehammer, Sal\u0131 g\u00fcn\u00fc yapt\u0131\u011f\u0131 a\u00e7\u0131klamada s\u00f6z konusu ki\u015finin Ankara&#8217;ya Avusturya&#8217;da ya\u015fayan T\u00fcrk h\u00fck\u00fcmeti kar\u015f\u0131tlar\u0131yla ilgili bilgiler aktard\u0131\u011f\u0131n\u0131 [&hellip;]<\/p>\n","protected":false},"author":7,"featured_media":58637,"comment_status":"open","ping_status":"open","sticky":false,"template":"","format":"standard","meta":{"footnotes":""},"categories":[1],"tags":[],"class_list":["post-58636","post","type-post","status-publish","format-standard","has-post-thumbnail","hentry","category-haberler"],"yoast_head":"<!-- This site is optimized with the Yoast SEO plugin v27.4 - https:\/\/yoast.com\/product\/yoast-seo-wordpress\/ -->\n<title>Avusturya\u2019dan T\u00fcrkiye\u2019ye casusluk su\u00e7lamas\u0131 - Bati Ermenistan Ve Bati Ermenileri Sorunlari Ara\u015ftirmalar Merkezi<\/title>\n<meta name=\"robots\" content=\"index, follow, max-snippet:-1, max-image-preview:large, max-video-preview:-1\" \/>\n<link rel=\"canonical\" href=\"https:\/\/akunq.net\/tr\/?p=58636\" \/>\n<meta property=\"og:locale\" content=\"en_US\" \/>\n<meta property=\"og:type\" content=\"article\" \/>\n<meta property=\"og:title\" content=\"Avusturya\u2019dan T\u00fcrkiye\u2019ye casusluk su\u00e7lamas\u0131 - Bati Ermenistan Ve Bati Ermenileri Sorunlari Ara\u015ftirmalar Merkezi\" \/>\n<meta property=\"og:description\" content=\"Avusturya \u0130\u00e7i\u015fleri Bakan\u0131, Avusturya\u2019da T\u00fcrk h\u00fck\u00fcmeti kar\u015f\u0131t\u0131 ki\u015filerle ilgili bilgileri T\u00fcrkiye\u2019ye s\u0131zd\u0131ran bir casus yakalad\u0131klar\u0131n\u0131 a\u00e7\u0131klad\u0131. Uyum Bakan\u0131 Raab da &#8220;T\u00fcrkiye, Avusturya\u2019y\u0131 b\u00f6lmek istiyor&#8221; dedi. \u00a0 Avusturya, T\u00fcrkiye i\u00e7in casusluk yapan bir \u015f\u00fcpheliyi yakalad\u0131klar\u0131n\u0131 a\u00e7\u0131klad\u0131. \u0130\u00e7i\u015fleri Bakan\u0131 Karl Nehammer, Sal\u0131 g\u00fcn\u00fc yapt\u0131\u011f\u0131 a\u00e7\u0131klamada s\u00f6z konusu ki\u015finin Ankara&#8217;ya Avusturya&#8217;da ya\u015fayan T\u00fcrk h\u00fck\u00fcmeti kar\u015f\u0131tlar\u0131yla ilgili bilgiler aktard\u0131\u011f\u0131n\u0131 [&hellip;]\" \/>\n<meta property=\"og:url\" content=\"https:\/\/akunq.net\/tr\/?p=58636\" \/>\n<meta property=\"og:site_name\" content=\"Bati Ermenistan Ve Bati Ermenileri Sorunlari Ara\u015ftirmalar Merkezi\" \/>\n<meta property=\"article:published_time\" content=\"2020-09-02T07:10:21+00:00\" \/>\n<meta property=\"og:image\" content=\"https:\/\/akunq.net\/tr\/wp-content\/uploads\/sites\/6\/2020\/09\/Avusturya.jpeg\" \/>\n\t<meta property=\"og:image:width\" content=\"1920\" \/>\n\t<meta property=\"og:image:height\" content=\"1265\" \/>\n\t<meta property=\"og:image:type\" content=\"image\/jpeg\" \/>\n<meta name=\"author\" content=\"admin\" \/>\n<meta name=\"twitter:card\" content=\"summary_large_image\" \/>\n<meta name=\"twitter:label1\" content=\"Written by\" \/>\n\t<meta name=\"twitter:data1\" content=\"admin\" \/>\n\t<meta name=\"twitter:label2\" content=\"Est. reading time\" \/>\n\t<meta name=\"twitter:data2\" content=\"2 minutes\" \/>\n<script type=\"application\/ld+json\" class=\"yoast-schema-graph\">{\"@context\":\"https:\\\/\\\/schema.org\",\"@graph\":[{\"@type\":\"Article\",\"@id\":\"https:\\\/\\\/akunq.net\\\/tr\\\/?p=58636#article\",\"isPartOf\":{\"@id\":\"https:\\\/\\\/akunq.net\\\/tr\\\/?p=58636\"},\"author\":{\"name\":\"admin\",\"@id\":\"https:\\\/\\\/akunq.net\\\/tr\\\/#\\\/schema\\\/person\\\/096f1d38a12cce57fb855b485ed24c9e\"},\"headline\":\"Avusturya\u2019dan T\u00fcrkiye\u2019ye casusluk su\u00e7lamas\u0131\",\"datePublished\":\"2020-09-02T07:10:21+00:00\",\"mainEntityOfPage\":{\"@id\":\"https:\\\/\\\/akunq.net\\\/tr\\\/?p=58636\"},\"wordCount\":357,\"commentCount\":0,\"image\":{\"@id\":\"https:\\\/\\\/akunq.net\\\/tr\\\/?p=58636#primaryimage\"},\"thumbnailUrl\":\"https:\\\/\\\/akunq.net\\\/tr\\\/wp-content\\\/uploads\\\/sites\\\/6\\\/2020\\\/09\\\/Avusturya.jpeg\",\"articleSection\":[\"Haberler\"],\"inLanguage\":\"en-US\",\"potentialAction\":[{\"@type\":\"CommentAction\",\"name\":\"Comment\",\"target\":[\"https:\\\/\\\/akunq.net\\\/tr\\\/?p=58636#respond\"]}]},{\"@type\":\"WebPage\",\"@id\":\"https:\\\/\\\/akunq.net\\\/tr\\\/?p=58636\",\"url\":\"https:\\\/\\\/akunq.net\\\/tr\\\/?p=58636\",\"name\":\"Avusturya\u2019dan T\u00fcrkiye\u2019ye casusluk su\u00e7lamas\u0131 - Bati Ermenistan Ve Bati Ermenileri Sorunlari Ara\u015ftirmalar Merkezi\",\"isPartOf\":{\"@id\":\"https:\\\/\\\/akunq.net\\\/tr\\\/#website\"},\"primaryImageOfPage\":{\"@id\":\"https:\\\/\\\/akunq.net\\\/tr\\\/?p=58636#primaryimage\"},\"image\":{\"@id\":\"https:\\\/\\\/akunq.net\\\/tr\\\/?p=58636#primaryimage\"},\"thumbnailUrl\":\"https:\\\/\\\/akunq.net\\\/tr\\\/wp-content\\\/uploads\\\/sites\\\/6\\\/2020\\\/09\\\/Avusturya.jpeg\",\"datePublished\":\"2020-09-02T07:10:21+00:00\",\"author\":{\"@id\":\"https:\\\/\\\/akunq.net\\\/tr\\\/#\\\/schema\\\/person\\\/096f1d38a12cce57fb855b485ed24c9e\"},\"breadcrumb\":{\"@id\":\"https:\\\/\\\/akunq.net\\\/tr\\\/?p=58636#breadcrumb\"},\"inLanguage\":\"en-US\",\"potentialAction\":[{\"@type\":\"ReadAction\",\"target\":[\"https:\\\/\\\/akunq.net\\\/tr\\\/?p=58636\"]}]},{\"@type\":\"ImageObject\",\"inLanguage\":\"en-US\",\"@id\":\"https:\\\/\\\/akunq.net\\\/tr\\\/?p=58636#primaryimage\",\"url\":\"https:\\\/\\\/akunq.net\\\/tr\\\/wp-content\\\/uploads\\\/sites\\\/6\\\/2020\\\/09\\\/Avusturya.jpeg\",\"contentUrl\":\"https:\\\/\\\/akunq.net\\\/tr\\\/wp-content\\\/uploads\\\/sites\\\/6\\\/2020\\\/09\\\/Avusturya.jpeg\",\"width\":1920,\"height\":1265},{\"@type\":\"BreadcrumbList\",\"@id\":\"https:\\\/\\\/akunq.net\\\/tr\\\/?p=58636#breadcrumb\",\"itemListElement\":[{\"@type\":\"ListItem\",\"position\":1,\"name\":\"Home\",\"item\":\"https:\\\/\\\/akunq.net\\\/tr\"},{\"@type\":\"ListItem\",\"position\":2,\"name\":\"Avusturya\u2019dan T\u00fcrkiye\u2019ye casusluk su\u00e7lamas\u0131\"}]},{\"@type\":\"WebSite\",\"@id\":\"https:\\\/\\\/akunq.net\\\/tr\\\/#website\",\"url\":\"https:\\\/\\\/akunq.net\\\/tr\\\/\",\"name\":\"Bati Ermenistan Ve Bati Ermenileri Sorunlari Ara\u015ftirmalar Merkezi\",\"description\":\"\",\"potentialAction\":[{\"@type\":\"SearchAction\",\"target\":{\"@type\":\"EntryPoint\",\"urlTemplate\":\"https:\\\/\\\/akunq.net\\\/tr\\\/?s={search_term_string}\"},\"query-input\":{\"@type\":\"PropertyValueSpecification\",\"valueRequired\":true,\"valueName\":\"search_term_string\"}}],\"inLanguage\":\"en-US\"},{\"@type\":\"Person\",\"@id\":\"https:\\\/\\\/akunq.net\\\/tr\\\/#\\\/schema\\\/person\\\/096f1d38a12cce57fb855b485ed24c9e\",\"name\":\"admin\",\"url\":\"https:\\\/\\\/akunq.net\\\/tr\\\/?author=7\"}]}<\/script>\n<!-- \/ Yoast SEO plugin. -->","yoast_head_json":{"title":"Avusturya\u2019dan T\u00fcrkiye\u2019ye casusluk su\u00e7lamas\u0131 - Bati Ermenistan Ve Bati Ermenileri Sorunlari Ara\u015ftirmalar Merkezi","robots":{"index":"index","follow":"follow","max-snippet":"max-snippet:-1","max-image-preview":"max-image-preview:large","max-video-preview":"max-video-preview:-1"},"canonical":"https:\/\/akunq.net\/tr\/?p=58636","og_locale":"en_US","og_type":"article","og_title":"Avusturya\u2019dan T\u00fcrkiye\u2019ye casusluk su\u00e7lamas\u0131 - Bati Ermenistan Ve Bati Ermenileri Sorunlari Ara\u015ftirmalar Merkezi","og_description":"Avusturya \u0130\u00e7i\u015fleri Bakan\u0131, Avusturya\u2019da T\u00fcrk h\u00fck\u00fcmeti kar\u015f\u0131t\u0131 ki\u015filerle ilgili bilgileri T\u00fcrkiye\u2019ye s\u0131zd\u0131ran bir casus yakalad\u0131klar\u0131n\u0131 a\u00e7\u0131klad\u0131. Uyum Bakan\u0131 Raab da &#8220;T\u00fcrkiye, Avusturya\u2019y\u0131 b\u00f6lmek istiyor&#8221; dedi. \u00a0 Avusturya, T\u00fcrkiye i\u00e7in casusluk yapan bir \u015f\u00fcpheliyi yakalad\u0131klar\u0131n\u0131 a\u00e7\u0131klad\u0131. \u0130\u00e7i\u015fleri Bakan\u0131 Karl Nehammer, Sal\u0131 g\u00fcn\u00fc yapt\u0131\u011f\u0131 a\u00e7\u0131klamada s\u00f6z konusu ki\u015finin Ankara&#8217;ya Avusturya&#8217;da ya\u015fayan T\u00fcrk h\u00fck\u00fcmeti kar\u015f\u0131tlar\u0131yla ilgili bilgiler aktard\u0131\u011f\u0131n\u0131 [&hellip;]","og_url":"https:\/\/akunq.net\/tr\/?p=58636","og_site_name":"Bati Ermenistan Ve Bati Ermenileri Sorunlari Ara\u015ftirmalar Merkezi","article_published_time":"2020-09-02T07:10:21+00:00","og_image":[{"width":1920,"height":1265,"url":"https:\/\/akunq.net\/tr\/wp-content\/uploads\/sites\/6\/2020\/09\/Avusturya.jpeg","type":"image\/jpeg"}],"author":"admin","twitter_card":"summary_large_image","twitter_misc":{"Written by":"admin","Est. reading time":"2 minutes"},"schema":{"@context":"https:\/\/schema.org","@graph":[{"@type":"Article","@id":"https:\/\/akunq.net\/tr\/?p=58636#article","isPartOf":{"@id":"https:\/\/akunq.net\/tr\/?p=58636"},"author":{"name":"admin","@id":"https:\/\/akunq.net\/tr\/#\/schema\/person\/096f1d38a12cce57fb855b485ed24c9e"},"headline":"Avusturya\u2019dan T\u00fcrkiye\u2019ye casusluk su\u00e7lamas\u0131","datePublished":"2020-09-02T07:10:21+00:00","mainEntityOfPage":{"@id":"https:\/\/akunq.net\/tr\/?p=58636"},"wordCount":357,"commentCount":0,"image":{"@id":"https:\/\/akunq.net\/tr\/?p=58636#primaryimage"},"thumbnailUrl":"https:\/\/akunq.net\/tr\/wp-content\/uploads\/sites\/6\/2020\/09\/Avusturya.jpeg","articleSection":["Haberler"],"inLanguage":"en-US","potentialAction":[{"@type":"CommentAction","name":"Comment","target":["https:\/\/akunq.net\/tr\/?p=58636#respond"]}]},{"@type":"WebPage","@id":"https:\/\/akunq.net\/tr\/?p=58636","url":"https:\/\/akunq.net\/tr\/?p=58636","name":"Avusturya\u2019dan T\u00fcrkiye\u2019ye casusluk su\u00e7lamas\u0131 - Bati Ermenistan Ve Bati Ermenileri Sorunlari Ara\u015ftirmalar Merkezi","isPartOf":{"@id":"https:\/\/akunq.net\/tr\/#website"},"primaryImageOfPage":{"@id":"https:\/\/akunq.net\/tr\/?p=58636#primaryimage"},"image":{"@id":"https:\/\/akunq.net\/tr\/?p=58636#primaryimage"},"thumbnailUrl":"https:\/\/akunq.net\/tr\/wp-content\/uploads\/sites\/6\/2020\/09\/Avusturya.jpeg","datePublished":"2020-09-02T07:10:21+00:00","author":{"@id":"https:\/\/akunq.net\/tr\/#\/schema\/person\/096f1d38a12cce57fb855b485ed24c9e"},"breadcrumb":{"@id":"https:\/\/akunq.net\/tr\/?p=58636#breadcrumb"},"inLanguage":"en-US","potentialAction":[{"@type":"ReadAction","target":["https:\/\/akunq.net\/tr\/?p=58636"]}]},{"@type":"ImageObject","inLanguage":"en-US","@id":"https:\/\/akunq.net\/tr\/?p=58636#primaryimage","url":"https:\/\/akunq.net\/tr\/wp-content\/uploads\/sites\/6\/2020\/09\/Avusturya.jpeg","contentUrl":"https:\/\/akunq.net\/tr\/wp-content\/uploads\/sites\/6\/2020\/09\/Avusturya.jpeg","width":1920,"height":1265},{"@type":"BreadcrumbList","@id":"https:\/\/akunq.net\/tr\/?p=58636#breadcrumb","itemListElement":[{"@type":"ListItem","position":1,"name":"Home","item":"https:\/\/akunq.net\/tr"},{"@type":"ListItem","position":2,"name":"Avusturya\u2019dan T\u00fcrkiye\u2019ye casusluk su\u00e7lamas\u0131"}]},{"@type":"WebSite","@id":"https:\/\/akunq.net\/tr\/#website","url":"https:\/\/akunq.net\/tr\/","name":"Bati Ermenistan Ve Bati Ermenileri Sorunlari Ara\u015ftirmalar Merkezi","description":"","potentialAction":[{"@type":"SearchAction","target":{"@type":"EntryPoint","urlTemplate":"https:\/\/akunq.net\/tr\/?s={search_term_string}"},"query-input":{"@type":"PropertyValueSpecification","valueRequired":true,"valueName":"search_term_string"}}],"inLanguage":"en-US"},{"@type":"Person","@id":"https:\/\/akunq.net\/tr\/#\/schema\/person\/096f1d38a12cce57fb855b485ed24c9e","name":"admin","url":"https:\/\/akunq.net\/tr\/?author=7"}]}},"_links":{"self":[{"href":"https:\/\/akunq.net\/tr\/index.php?rest_route=\/wp\/v2\/posts\/58636","targetHints":{"allow":["GET"]}}],"collection":[{"href":"https:\/\/akunq.net\/tr\/index.php?rest_route=\/wp\/v2\/posts"}],"about":[{"href":"https:\/\/akunq.net\/tr\/index.php?rest_route=\/wp\/v2\/types\/post"}],"author":[{"embeddable":true,"href":"https:\/\/akunq.net\/tr\/index.php?rest_route=\/wp\/v2\/users\/7"}],"replies":[{"embeddable":true,"href":"https:\/\/akunq.net\/tr\/index.php?rest_route=%2Fwp%2Fv2%2Fcomments&post=58636"}],"version-history":[{"count":1,"href":"https:\/\/akunq.net\/tr\/index.php?rest_route=\/wp\/v2\/posts\/58636\/revisions"}],"predecessor-version":[{"id":58638,"href":"https:\/\/akunq.net\/tr\/index.php?rest_route=\/wp\/v2\/posts\/58636\/revisions\/58638"}],"wp:featuredmedia":[{"embeddable":true,"href":"https:\/\/akunq.net\/tr\/index.php?rest_route=\/wp\/v2\/media\/58637"}],"wp:attachment":[{"href":"https:\/\/akunq.net\/tr\/index.php?rest_route=%2Fwp%2Fv2%2Fmedia&parent=58636"}],"wp:term":[{"taxonomy":"category","embeddable":true,"href":"https:\/\/akunq.net\/tr\/index.php?rest_route=%2Fwp%2Fv2%2Fcategories&post=58636"},{"taxonomy":"post_tag","embeddable":true,"href":"https:\/\/akunq.net\/tr\/index.php?rest_route=%2Fwp%2Fv2%2Ftags&post=58636"}],"curies":[{"name":"wp","href":"https:\/\/api.w.org\/{rel}","templated":true}]}}