{"id":58626,"date":"2020-09-01T01:56:18","date_gmt":"2020-09-01T06:56:18","guid":{"rendered":"https:\/\/akunq.net\/tr\/?p=58626"},"modified":"2020-09-01T01:56:18","modified_gmt":"2020-09-01T06:56:18","slug":"ermenistandaki-dali-ve-picasso-sergisine-10-gunde-10-bin-ziyaretci","status":"publish","type":"post","link":"https:\/\/akunq.net\/tr\/?p=58626","title":{"rendered":"Ermenistan&#8217;daki &#8216;Dali ve Picasso&#8217; sergisine 10 g\u00fcnde 10 bin ziyaret\u00e7i"},"content":{"rendered":"<p><img loading=\"lazy\" decoding=\"async\" class=\"alignleft size-medium wp-image-58627\" src=\"https:\/\/akunq.net\/tr\/wp-content\/uploads\/2020\/09\/Dali-360x212.jpg\" alt=\"\" width=\"360\" height=\"212\" srcset=\"https:\/\/akunq.net\/tr\/wp-content\/uploads\/sites\/6\/2020\/09\/Dali-360x212.jpg 360w, https:\/\/akunq.net\/tr\/wp-content\/uploads\/sites\/6\/2020\/09\/Dali-768x452.jpg 768w, https:\/\/akunq.net\/tr\/wp-content\/uploads\/sites\/6\/2020\/09\/Dali-560x329.jpg 560w, https:\/\/akunq.net\/tr\/wp-content\/uploads\/sites\/6\/2020\/09\/Dali-260x153.jpg 260w, https:\/\/akunq.net\/tr\/wp-content\/uploads\/sites\/6\/2020\/09\/Dali-160x94.jpg 160w, https:\/\/akunq.net\/tr\/wp-content\/uploads\/sites\/6\/2020\/09\/Dali.jpg 850w\" sizes=\"auto, (max-width: 360px) 100vw, 360px\" \/><\/p>\n<p><em><strong>Yerevan\u2019da bulunan &#8216;Ermenistan Milli Galerisi&#8217;nde&#8217; Katalan s\u00fcrrealist ressam Salvador Dal\u00ed ve\u00a0 \u0130spanyol ressam ve heykelt\u0131ra\u015f Pablo Picasso\u2019nun eserleri sergilendi.<\/strong><\/em><\/p>\n<p>&#8216;Ermenistan Milli Galerisi&#8217;nin facebook sayfas\u0131ndan yap\u0131lan payla\u015f\u0131mda yer alan bilgiye g\u00f6re serginin 10 g\u00fcnde 10 bin ziyaret\u00e7isi oldu.<\/p>\n<p>Daha \u00f6nce Ermenistan&#8217;da &#8216;Dali ve Picasso&#8217; sergisi\u00a0&#8216;Ermenistan Milli Galerisi&#8217;nin eski m\u00fcd\u00fcr\u00fc Arman Tsaturyan taraf\u0131ndan Mart ay\u0131nda a\u00e7\u0131lmi\u015fti. Ancak koronavir\u00fcs salg\u0131n\u0131 nedeniyle sergi bir s\u00fcreli\u011fine kapat\u0131ld\u0131 ve 20 A\u011fustos g\u00fcn\u00fc yeniden a\u00e7\u0131ld\u0131.<\/p>\n<p>20-30 A\u011fustos tarihleri aras\u0131nda Salvador Dali ve Pablo Picasso&#8217;nun yakla\u015f\u0131k\u00a0300 eseri segilendi. Bu eserler \u00fcnl\u00fc koleksyoner Alexander Shadrin\u2019in \u00f6zel koleksiyonunda yer al\u0131yor.<\/p>\n<p><em><strong>https:\/\/www.ermenihaber.am\/tr\/news\/2020\/08\/31\/Ermenistan-Dali-Picasso\/191550\u00a0<\/strong><\/em><\/p>\n","protected":false},"excerpt":{"rendered":"<p>Yerevan\u2019da bulunan &#8216;Ermenistan Milli Galerisi&#8217;nde&#8217; Katalan s\u00fcrrealist ressam Salvador Dal\u00ed ve\u00a0 \u0130spanyol ressam ve heykelt\u0131ra\u015f Pablo Picasso\u2019nun eserleri sergilendi. &#8216;Ermenistan Milli Galerisi&#8217;nin facebook sayfas\u0131ndan yap\u0131lan payla\u015f\u0131mda yer alan bilgiye g\u00f6re serginin 10 g\u00fcnde 10 bin ziyaret\u00e7isi oldu. Daha \u00f6nce Ermenistan&#8217;da &#8216;Dali ve Picasso&#8217; sergisi\u00a0&#8216;Ermenistan Milli Galerisi&#8217;nin eski m\u00fcd\u00fcr\u00fc Arman Tsaturyan taraf\u0131ndan Mart ay\u0131nda a\u00e7\u0131lmi\u015fti. Ancak [&hellip;]<\/p>\n","protected":false},"author":7,"featured_media":58627,"comment_status":"open","ping_status":"open","sticky":false,"template":"","format":"standard","meta":{"footnotes":""},"categories":[1],"tags":[],"class_list":["post-58626","post","type-post","status-publish","format-standard","has-post-thumbnail","hentry","category-haberler"],"yoast_head":"<!-- This site is optimized with the Yoast SEO plugin v27.4 - https:\/\/yoast.com\/product\/yoast-seo-wordpress\/ -->\n<title>Ermenistan&#039;daki &#039;Dali ve Picasso&#039; sergisine 10 g\u00fcnde 10 bin ziyaret\u00e7i - Bati Ermenistan Ve Bati Ermenileri Sorunlari Ara\u015ftirmalar Merkezi<\/title>\n<meta name=\"robots\" content=\"index, follow, max-snippet:-1, max-image-preview:large, max-video-preview:-1\" \/>\n<link rel=\"canonical\" href=\"https:\/\/akunq.net\/tr\/?p=58626\" \/>\n<meta property=\"og:locale\" content=\"en_US\" \/>\n<meta property=\"og:type\" content=\"article\" \/>\n<meta property=\"og:title\" content=\"Ermenistan&#039;daki &#039;Dali ve Picasso&#039; sergisine 10 g\u00fcnde 10 bin ziyaret\u00e7i - Bati Ermenistan Ve Bati Ermenileri Sorunlari Ara\u015ftirmalar Merkezi\" \/>\n<meta property=\"og:description\" content=\"Yerevan\u2019da bulunan &#8216;Ermenistan Milli Galerisi&#8217;nde&#8217; Katalan s\u00fcrrealist ressam Salvador Dal\u00ed ve\u00a0 \u0130spanyol ressam ve heykelt\u0131ra\u015f Pablo Picasso\u2019nun eserleri sergilendi. &#8216;Ermenistan Milli Galerisi&#8217;nin facebook sayfas\u0131ndan yap\u0131lan payla\u015f\u0131mda yer alan bilgiye g\u00f6re serginin 10 g\u00fcnde 10 bin ziyaret\u00e7isi oldu. Daha \u00f6nce Ermenistan&#8217;da &#8216;Dali ve Picasso&#8217; sergisi\u00a0&#8216;Ermenistan Milli Galerisi&#8217;nin eski m\u00fcd\u00fcr\u00fc Arman Tsaturyan taraf\u0131ndan Mart ay\u0131nda a\u00e7\u0131lmi\u015fti. Ancak [&hellip;]\" \/>\n<meta property=\"og:url\" content=\"https:\/\/akunq.net\/tr\/?p=58626\" \/>\n<meta property=\"og:site_name\" content=\"Bati Ermenistan Ve Bati Ermenileri Sorunlari Ara\u015ftirmalar Merkezi\" \/>\n<meta property=\"article:published_time\" content=\"2020-09-01T06:56:18+00:00\" \/>\n<meta property=\"og:image\" content=\"https:\/\/akunq.net\/tr\/wp-content\/uploads\/sites\/6\/2020\/09\/Dali.jpg\" \/>\n\t<meta property=\"og:image:width\" content=\"850\" \/>\n\t<meta property=\"og:image:height\" content=\"500\" \/>\n\t<meta property=\"og:image:type\" content=\"image\/jpeg\" \/>\n<meta name=\"author\" content=\"admin\" \/>\n<meta name=\"twitter:card\" content=\"summary_large_image\" \/>\n<meta name=\"twitter:label1\" content=\"Written by\" \/>\n\t<meta name=\"twitter:data1\" content=\"admin\" \/>\n\t<meta name=\"twitter:label2\" content=\"Est. reading time\" \/>\n\t<meta name=\"twitter:data2\" content=\"1 minute\" \/>\n<script type=\"application\/ld+json\" class=\"yoast-schema-graph\">{\"@context\":\"https:\\\/\\\/schema.org\",\"@graph\":[{\"@type\":\"Article\",\"@id\":\"https:\\\/\\\/akunq.net\\\/tr\\\/?p=58626#article\",\"isPartOf\":{\"@id\":\"https:\\\/\\\/akunq.net\\\/tr\\\/?p=58626\"},\"author\":{\"name\":\"admin\",\"@id\":\"https:\\\/\\\/akunq.net\\\/tr\\\/#\\\/schema\\\/person\\\/096f1d38a12cce57fb855b485ed24c9e\"},\"headline\":\"Ermenistan&#8217;daki &#8216;Dali ve Picasso&#8217; sergisine 10 g\u00fcnde 10 bin ziyaret\u00e7i\",\"datePublished\":\"2020-09-01T06:56:18+00:00\",\"mainEntityOfPage\":{\"@id\":\"https:\\\/\\\/akunq.net\\\/tr\\\/?p=58626\"},\"wordCount\":134,\"commentCount\":0,\"image\":{\"@id\":\"https:\\\/\\\/akunq.net\\\/tr\\\/?p=58626#primaryimage\"},\"thumbnailUrl\":\"https:\\\/\\\/akunq.net\\\/tr\\\/wp-content\\\/uploads\\\/sites\\\/6\\\/2020\\\/09\\\/Dali.jpg\",\"articleSection\":[\"Haberler\"],\"inLanguage\":\"en-US\",\"potentialAction\":[{\"@type\":\"CommentAction\",\"name\":\"Comment\",\"target\":[\"https:\\\/\\\/akunq.net\\\/tr\\\/?p=58626#respond\"]}]},{\"@type\":\"WebPage\",\"@id\":\"https:\\\/\\\/akunq.net\\\/tr\\\/?p=58626\",\"url\":\"https:\\\/\\\/akunq.net\\\/tr\\\/?p=58626\",\"name\":\"Ermenistan'daki 'Dali ve Picasso' sergisine 10 g\u00fcnde 10 bin ziyaret\u00e7i - Bati Ermenistan Ve Bati Ermenileri Sorunlari Ara\u015ftirmalar Merkezi\",\"isPartOf\":{\"@id\":\"https:\\\/\\\/akunq.net\\\/tr\\\/#website\"},\"primaryImageOfPage\":{\"@id\":\"https:\\\/\\\/akunq.net\\\/tr\\\/?p=58626#primaryimage\"},\"image\":{\"@id\":\"https:\\\/\\\/akunq.net\\\/tr\\\/?p=58626#primaryimage\"},\"thumbnailUrl\":\"https:\\\/\\\/akunq.net\\\/tr\\\/wp-content\\\/uploads\\\/sites\\\/6\\\/2020\\\/09\\\/Dali.jpg\",\"datePublished\":\"2020-09-01T06:56:18+00:00\",\"author\":{\"@id\":\"https:\\\/\\\/akunq.net\\\/tr\\\/#\\\/schema\\\/person\\\/096f1d38a12cce57fb855b485ed24c9e\"},\"breadcrumb\":{\"@id\":\"https:\\\/\\\/akunq.net\\\/tr\\\/?p=58626#breadcrumb\"},\"inLanguage\":\"en-US\",\"potentialAction\":[{\"@type\":\"ReadAction\",\"target\":[\"https:\\\/\\\/akunq.net\\\/tr\\\/?p=58626\"]}]},{\"@type\":\"ImageObject\",\"inLanguage\":\"en-US\",\"@id\":\"https:\\\/\\\/akunq.net\\\/tr\\\/?p=58626#primaryimage\",\"url\":\"https:\\\/\\\/akunq.net\\\/tr\\\/wp-content\\\/uploads\\\/sites\\\/6\\\/2020\\\/09\\\/Dali.jpg\",\"contentUrl\":\"https:\\\/\\\/akunq.net\\\/tr\\\/wp-content\\\/uploads\\\/sites\\\/6\\\/2020\\\/09\\\/Dali.jpg\",\"width\":850,\"height\":500},{\"@type\":\"BreadcrumbList\",\"@id\":\"https:\\\/\\\/akunq.net\\\/tr\\\/?p=58626#breadcrumb\",\"itemListElement\":[{\"@type\":\"ListItem\",\"position\":1,\"name\":\"Home\",\"item\":\"https:\\\/\\\/akunq.net\\\/tr\"},{\"@type\":\"ListItem\",\"position\":2,\"name\":\"Ermenistan&#8217;daki &#8216;Dali ve Picasso&#8217; sergisine 10 g\u00fcnde 10 bin ziyaret\u00e7i\"}]},{\"@type\":\"WebSite\",\"@id\":\"https:\\\/\\\/akunq.net\\\/tr\\\/#website\",\"url\":\"https:\\\/\\\/akunq.net\\\/tr\\\/\",\"name\":\"Bati Ermenistan Ve Bati Ermenileri Sorunlari Ara\u015ftirmalar Merkezi\",\"description\":\"\",\"potentialAction\":[{\"@type\":\"SearchAction\",\"target\":{\"@type\":\"EntryPoint\",\"urlTemplate\":\"https:\\\/\\\/akunq.net\\\/tr\\\/?s={search_term_string}\"},\"query-input\":{\"@type\":\"PropertyValueSpecification\",\"valueRequired\":true,\"valueName\":\"search_term_string\"}}],\"inLanguage\":\"en-US\"},{\"@type\":\"Person\",\"@id\":\"https:\\\/\\\/akunq.net\\\/tr\\\/#\\\/schema\\\/person\\\/096f1d38a12cce57fb855b485ed24c9e\",\"name\":\"admin\",\"url\":\"https:\\\/\\\/akunq.net\\\/tr\\\/?author=7\"}]}<\/script>\n<!-- \/ Yoast SEO plugin. -->","yoast_head_json":{"title":"Ermenistan'daki 'Dali ve Picasso' sergisine 10 g\u00fcnde 10 bin ziyaret\u00e7i - Bati Ermenistan Ve Bati Ermenileri Sorunlari Ara\u015ftirmalar Merkezi","robots":{"index":"index","follow":"follow","max-snippet":"max-snippet:-1","max-image-preview":"max-image-preview:large","max-video-preview":"max-video-preview:-1"},"canonical":"https:\/\/akunq.net\/tr\/?p=58626","og_locale":"en_US","og_type":"article","og_title":"Ermenistan'daki 'Dali ve Picasso' sergisine 10 g\u00fcnde 10 bin ziyaret\u00e7i - Bati Ermenistan Ve Bati Ermenileri Sorunlari Ara\u015ftirmalar Merkezi","og_description":"Yerevan\u2019da bulunan &#8216;Ermenistan Milli Galerisi&#8217;nde&#8217; Katalan s\u00fcrrealist ressam Salvador Dal\u00ed ve\u00a0 \u0130spanyol ressam ve heykelt\u0131ra\u015f Pablo Picasso\u2019nun eserleri sergilendi. &#8216;Ermenistan Milli Galerisi&#8217;nin facebook sayfas\u0131ndan yap\u0131lan payla\u015f\u0131mda yer alan bilgiye g\u00f6re serginin 10 g\u00fcnde 10 bin ziyaret\u00e7isi oldu. Daha \u00f6nce Ermenistan&#8217;da &#8216;Dali ve Picasso&#8217; sergisi\u00a0&#8216;Ermenistan Milli Galerisi&#8217;nin eski m\u00fcd\u00fcr\u00fc Arman Tsaturyan taraf\u0131ndan Mart ay\u0131nda a\u00e7\u0131lmi\u015fti. Ancak [&hellip;]","og_url":"https:\/\/akunq.net\/tr\/?p=58626","og_site_name":"Bati Ermenistan Ve Bati Ermenileri Sorunlari Ara\u015ftirmalar Merkezi","article_published_time":"2020-09-01T06:56:18+00:00","og_image":[{"width":850,"height":500,"url":"https:\/\/akunq.net\/tr\/wp-content\/uploads\/sites\/6\/2020\/09\/Dali.jpg","type":"image\/jpeg"}],"author":"admin","twitter_card":"summary_large_image","twitter_misc":{"Written by":"admin","Est. reading time":"1 minute"},"schema":{"@context":"https:\/\/schema.org","@graph":[{"@type":"Article","@id":"https:\/\/akunq.net\/tr\/?p=58626#article","isPartOf":{"@id":"https:\/\/akunq.net\/tr\/?p=58626"},"author":{"name":"admin","@id":"https:\/\/akunq.net\/tr\/#\/schema\/person\/096f1d38a12cce57fb855b485ed24c9e"},"headline":"Ermenistan&#8217;daki &#8216;Dali ve Picasso&#8217; sergisine 10 g\u00fcnde 10 bin ziyaret\u00e7i","datePublished":"2020-09-01T06:56:18+00:00","mainEntityOfPage":{"@id":"https:\/\/akunq.net\/tr\/?p=58626"},"wordCount":134,"commentCount":0,"image":{"@id":"https:\/\/akunq.net\/tr\/?p=58626#primaryimage"},"thumbnailUrl":"https:\/\/akunq.net\/tr\/wp-content\/uploads\/sites\/6\/2020\/09\/Dali.jpg","articleSection":["Haberler"],"inLanguage":"en-US","potentialAction":[{"@type":"CommentAction","name":"Comment","target":["https:\/\/akunq.net\/tr\/?p=58626#respond"]}]},{"@type":"WebPage","@id":"https:\/\/akunq.net\/tr\/?p=58626","url":"https:\/\/akunq.net\/tr\/?p=58626","name":"Ermenistan'daki 'Dali ve Picasso' sergisine 10 g\u00fcnde 10 bin ziyaret\u00e7i - Bati Ermenistan Ve Bati Ermenileri Sorunlari Ara\u015ftirmalar Merkezi","isPartOf":{"@id":"https:\/\/akunq.net\/tr\/#website"},"primaryImageOfPage":{"@id":"https:\/\/akunq.net\/tr\/?p=58626#primaryimage"},"image":{"@id":"https:\/\/akunq.net\/tr\/?p=58626#primaryimage"},"thumbnailUrl":"https:\/\/akunq.net\/tr\/wp-content\/uploads\/sites\/6\/2020\/09\/Dali.jpg","datePublished":"2020-09-01T06:56:18+00:00","author":{"@id":"https:\/\/akunq.net\/tr\/#\/schema\/person\/096f1d38a12cce57fb855b485ed24c9e"},"breadcrumb":{"@id":"https:\/\/akunq.net\/tr\/?p=58626#breadcrumb"},"inLanguage":"en-US","potentialAction":[{"@type":"ReadAction","target":["https:\/\/akunq.net\/tr\/?p=58626"]}]},{"@type":"ImageObject","inLanguage":"en-US","@id":"https:\/\/akunq.net\/tr\/?p=58626#primaryimage","url":"https:\/\/akunq.net\/tr\/wp-content\/uploads\/sites\/6\/2020\/09\/Dali.jpg","contentUrl":"https:\/\/akunq.net\/tr\/wp-content\/uploads\/sites\/6\/2020\/09\/Dali.jpg","width":850,"height":500},{"@type":"BreadcrumbList","@id":"https:\/\/akunq.net\/tr\/?p=58626#breadcrumb","itemListElement":[{"@type":"ListItem","position":1,"name":"Home","item":"https:\/\/akunq.net\/tr"},{"@type":"ListItem","position":2,"name":"Ermenistan&#8217;daki &#8216;Dali ve Picasso&#8217; sergisine 10 g\u00fcnde 10 bin ziyaret\u00e7i"}]},{"@type":"WebSite","@id":"https:\/\/akunq.net\/tr\/#website","url":"https:\/\/akunq.net\/tr\/","name":"Bati Ermenistan Ve Bati Ermenileri Sorunlari Ara\u015ftirmalar Merkezi","description":"","potentialAction":[{"@type":"SearchAction","target":{"@type":"EntryPoint","urlTemplate":"https:\/\/akunq.net\/tr\/?s={search_term_string}"},"query-input":{"@type":"PropertyValueSpecification","valueRequired":true,"valueName":"search_term_string"}}],"inLanguage":"en-US"},{"@type":"Person","@id":"https:\/\/akunq.net\/tr\/#\/schema\/person\/096f1d38a12cce57fb855b485ed24c9e","name":"admin","url":"https:\/\/akunq.net\/tr\/?author=7"}]}},"_links":{"self":[{"href":"https:\/\/akunq.net\/tr\/index.php?rest_route=\/wp\/v2\/posts\/58626","targetHints":{"allow":["GET"]}}],"collection":[{"href":"https:\/\/akunq.net\/tr\/index.php?rest_route=\/wp\/v2\/posts"}],"about":[{"href":"https:\/\/akunq.net\/tr\/index.php?rest_route=\/wp\/v2\/types\/post"}],"author":[{"embeddable":true,"href":"https:\/\/akunq.net\/tr\/index.php?rest_route=\/wp\/v2\/users\/7"}],"replies":[{"embeddable":true,"href":"https:\/\/akunq.net\/tr\/index.php?rest_route=%2Fwp%2Fv2%2Fcomments&post=58626"}],"version-history":[{"count":1,"href":"https:\/\/akunq.net\/tr\/index.php?rest_route=\/wp\/v2\/posts\/58626\/revisions"}],"predecessor-version":[{"id":58628,"href":"https:\/\/akunq.net\/tr\/index.php?rest_route=\/wp\/v2\/posts\/58626\/revisions\/58628"}],"wp:featuredmedia":[{"embeddable":true,"href":"https:\/\/akunq.net\/tr\/index.php?rest_route=\/wp\/v2\/media\/58627"}],"wp:attachment":[{"href":"https:\/\/akunq.net\/tr\/index.php?rest_route=%2Fwp%2Fv2%2Fmedia&parent=58626"}],"wp:term":[{"taxonomy":"category","embeddable":true,"href":"https:\/\/akunq.net\/tr\/index.php?rest_route=%2Fwp%2Fv2%2Fcategories&post=58626"},{"taxonomy":"post_tag","embeddable":true,"href":"https:\/\/akunq.net\/tr\/index.php?rest_route=%2Fwp%2Fv2%2Ftags&post=58626"}],"curies":[{"name":"wp","href":"https:\/\/api.w.org\/{rel}","templated":true}]}}