{"id":58612,"date":"2020-08-31T09:39:27","date_gmt":"2020-08-31T14:39:27","guid":{"rendered":"https:\/\/akunq.net\/tr\/?p=58612"},"modified":"2020-08-31T09:39:36","modified_gmt":"2020-08-31T14:39:36","slug":"dinki-katletmenin-cezasi-13-yilda-bitti","status":"publish","type":"post","link":"https:\/\/akunq.net\/tr\/?p=58612","title":{"rendered":"Dink\u2019i katletmenin cezas\u0131 13 y\u0131lda bitti"},"content":{"rendered":"<p><img loading=\"lazy\" decoding=\"async\" class=\"size-medium wp-image-58613 alignright\" src=\"https:\/\/akunq.net\/tr\/wp-content\/uploads\/2020\/08\/Nedim-Sener-268x270.png\" alt=\"\" width=\"268\" height=\"270\" srcset=\"https:\/\/akunq.net\/tr\/wp-content\/uploads\/sites\/6\/2020\/08\/Nedim-Sener-268x270.png 268w, https:\/\/akunq.net\/tr\/wp-content\/uploads\/sites\/6\/2020\/08\/Nedim-Sener-150x150.png 150w, https:\/\/akunq.net\/tr\/wp-content\/uploads\/sites\/6\/2020\/08\/Nedim-Sener-260x262.png 260w, https:\/\/akunq.net\/tr\/wp-content\/uploads\/sites\/6\/2020\/08\/Nedim-Sener-160x161.png 160w, https:\/\/akunq.net\/tr\/wp-content\/uploads\/sites\/6\/2020\/08\/Nedim-Sener.png 444w\" sizes=\"auto, (max-width: 268px) 100vw, 268px\" \/><\/p>\n<p><strong><a href=\"https:\/\/www.hurriyet.com.tr\/yazarlar\/nedim-sener\/\">Nedim \u015eener<\/a><\/strong><\/p>\n<p><em><strong>Hafta i\u00e7inde ald\u0131\u011f\u0131m bir telefonla \u015fok oldum. Arayan Hrant Dink\u2019in karde\u015fi Hosrof Dink\u2019ti. \u201cNedim, Og\u00fcn Samast tahliye oluyormu\u015f\u201d dedi. \u201cNas\u0131l?\u201d \u201cCezas\u0131 bitmi\u015f, tahliye edilecekmi\u015f.\u201d G\u00fcn\u00fc kula\u011f\u0131m telefona yap\u0131\u015f\u0131k ge\u00e7irdim desem abart\u0131 olmaz.<\/strong><\/em><\/p>\n<p><strong>2007<\/strong>\u2019den beri bu davay\u0131 takip ediyor, hakikatin ortaya \u00e7\u0131kmas\u0131 i\u00e7in her \u015feyi yap\u0131yordum. \u00c7\u00fcnk\u00fc<strong>\u00a0Hrant Dink\u00a0<\/strong>cinayeti, bir d\u00f6nemin t\u00fcm karanl\u0131\u011f\u0131n\u0131 i\u00e7inde bar\u0131nd\u0131ran; tehdit edilmesinden \u00f6ld\u00fcr\u00fclmesine, \u00fcst\u00fcn\u00fcn \u00f6rt\u00fclmesinden yarg\u0131lanmas\u0131na kadar devlet i\u00e7inde ve medyada kirli unsurlar\u0131n yer ald\u0131\u011f\u0131 bir suikastt\u0131. Bu yap\u0131lar\u0131n i\u00e7inde elbette Fetullah\u00e7\u0131 Ter\u00f6r \u00d6rg\u00fct\u00fc\u2019n\u00fcn istihbarat\u00e7\u0131lar\u0131, savc\u0131lar\u0131, h\u00e2kimleri, m\u00fcfetti\u015fleri, gazetecileri ba\u015f\u0131 \u00e7ekiyordu.<\/p>\n<p><strong>SANTORO, D\u0130NK C\u0130NAYET\u0130N\u0130N PROVASIDIR<\/strong><\/p>\n<p>Trabzon\u2019da 5 \u015eubat 2006 g\u00fcn\u00fc \u00f6ld\u00fcr\u00fclen\u00a0<strong>Rahip Santoro\u00a0<\/strong>cinayeti, bug\u00fcn 14 A\u011f\u0131r Ceza Mahkemesi\u2019nde yarg\u0131lanan FET\u00d6 \u00fcyesi istihbarat\u00e7\u0131lar\u0131n tezg\u00e2hlad\u0131\u011f\u0131, 19 Ocak 2007 g\u00fcn\u00fc \u0130stanbul\u2019da katledilen\u00a0<strong>Hrant Dink<\/strong>\u2019in cinayetinin provas\u0131yd\u0131.<\/p>\n<p><img decoding=\"async\" src=\"https:\/\/i4.hurimg.com\/i\/hurriyet\/75\/310x466\/5f4c1950d3806c09a08eda9e\" alt=\"Dink\u2019i katletmenin cezas\u0131 13 y\u0131lda bitti\" \/><\/p>\n<p>\u0130ki katil de Trabzonlu ve 18 ya\u015f\u0131ndan k\u00fc\u00e7\u00fckt\u00fc.<\/p>\n<p>Her iki katil de hedef ald\u0131klar\u0131 masum insanlar\u0131 tan\u0131m\u0131yordu. Onlara d\u00fc\u015fmanl\u0131k beslemeleri i\u00e7in hi\u00e7bir nedenleri yoktu.\u00a0<strong>Og\u00fcn Samast<\/strong>,\u00a0<strong>\u201cT\u00fcrkl\u00fc\u011fe hakaret etti\u011fi i\u00e7in \u00f6ld\u00fcrd\u00fcm\u201d<\/strong>\u00a0demesine ra\u011fmen daha sonra\u00a0<strong>Dink<\/strong>\u2019in tek bir yaz\u0131s\u0131n\u0131 bile okumad\u0131\u011f\u0131n\u0131 itiraf edecekti.<\/p>\n<p><img decoding=\"async\" src=\"https:\/\/i4.hurimg.com\/i\/hurriyet\/75\/312x562\/5f4c1986d3806c09a08edaa0\" alt=\"Dink\u2019i katletmenin cezas\u0131 13 y\u0131lda bitti\" \/><\/p>\n<p>Karanl\u0131k eller, \u00fclkeyi b\u00fcy\u00fck bir kumpas dalgas\u0131n\u0131n i\u00e7ine sokmak i\u00e7in katillerin eline silah\u0131 tutu\u015fturmu\u015f, cinayetleri de ba\u015fkalar\u0131n\u0131n \u00fczerine y\u0131kmay\u0131 ama\u00e7lam\u0131\u015flard\u0131.<\/p>\n<p>Her iki suikastta da silah\u0131n men\u015fei me\u00e7huld\u00fc.<\/p>\n<p>Her iki cinayette de \u00f6ld\u00fcr\u00fclenler FET\u00d6\u2019n\u00fcn operasyon merkezi Emniyet \u0130stihbarat taraf\u0131ndan takip alt\u0131ndayd\u0131.<\/p>\n<p>Her iki cinayetin de planland\u0131\u011f\u0131 d\u00f6nemde FET\u00d6\u2019c\u00fc istihbarat\u00e7\u0131\u00a0<strong>Ramazan Aky\u00fcrek,\u00a0<\/strong>Trabzon Emniyet M\u00fcd\u00fcr\u00fc,\u00a0<strong>Ali Fuat Y\u0131lmazer \u201csa\u011f ter\u00f6r ve az\u0131nl\u0131klar masas\u0131\u201d\u00a0<\/strong>olarak adland\u0131r\u0131lan Emniyet \u0130stihbarat Dairesi C \u015eube M\u00fcd\u00fcr\u00fc idi. FET\u00d6\u2019c\u00fcler hem hedef al\u0131nan ki\u015fileri, hem de onlar\u0131 hedef alan katilleri ve \u00f6rg\u00fct \u00fcyelerini takip ediyordu. Cinayetin i\u015flenece\u011fini g\u00f6r\u00fcyor, b\u0131rak\u0131n \u00f6nlemeyi, yol veriyorlard\u0131.<\/p>\n<p>Nitekim her iki cinayetin \u00fczeri FET\u00d6\u2019c\u00fc istihbarat\u00e7\u0131lar taraf\u0131ndan \u00f6rt\u00fclmeye \u00e7al\u0131\u015f\u0131ld\u0131.<\/p>\n<p>FET\u00d6\u2019n\u00fcn istihbarat\u00e7\u0131lar\u0131 gibi savc\u0131lar\u0131, h\u00e2kimleri ve gazetecileri cinayetin \u00fczerinin \u00f6rt\u00fclmesinde rol oynad\u0131.<\/p>\n<p>Ama ba\u015faramad\u0131lar, 2007\u2019den beri yazd\u0131\u011f\u0131m ger\u00e7ekler bug\u00fcn FET\u00d6 \u00fcyelerinin yarg\u0131land\u0131\u011f\u0131 davada karanl\u0131\u011f\u0131 ayd\u0131nlat\u0131yor. Bir zamanlar<strong>\u00a0\u201cdevlet olan\u201d<\/strong>\u00a0FET\u00d6\u2019n\u00fcn t\u00fcm unsurlar\u0131 14 A\u011f\u0131r Ceza Mahkemesi\u2019nde yarg\u0131lan\u0131yor.<\/p>\n<p><strong>\u2018SU\u00c7A S\u00dcR\u00dcKLENM\u0130\u015e KAT\u0130LLER\u2019<\/strong><\/p>\n<p><strong>Rahip Santoro<\/strong>\u2019nun katili 16 ya\u015f\u0131ndaki\u00a0<strong>O\u011fuzhan Akdin<\/strong>,\u00a0<strong>Hrant Dink<\/strong>\u2019i katleden ise 17 ya\u015f\u0131ndaki\u00a0<strong>Og\u00fcn Samast<\/strong>\u00a0idi. Her iki suikast da bir istihbarat operasyonuydu. Cinayetin arkas\u0131nda olan \u00f6rg\u00fct, bunu \u00f6zel olarak hesaplam\u0131\u015ft\u0131. Nitekim o hesap tuttu,<strong>\u00a0\u201csu\u00e7a s\u00fcr\u00fcklenmi\u015f \u00e7ocuk\u201d<\/strong>\u00a0say\u0131ld\u0131\u011f\u0131 i\u00e7in\u00a0<strong>Santoro<\/strong>\u2019nun katili<strong>\u00a0O\u011fuzhan Akdin\u00a0<\/strong>birka\u00e7 y\u0131l \u00f6nce tahliye oldu, \u015fimdi s\u0131ra\u00a0<strong>Dink<\/strong>\u2019in katili\u00a0<strong>Og\u00fcn Samast<\/strong>\u2019\u0131n sal\u0131verilmesinde.<\/p>\n<p>Ve sonunda beklenen g\u00fcn geldi, gazeteci\u00a0<strong>Hrant Dink<\/strong>\u2019i 19 Ocak 2007 g\u00fcn\u00fc, \u015ei\u015fli\u2019de sahibi oldu\u011fu Agos gazetesinin \u00f6n\u00fcnde s\u0131rt\u0131ndan ate\u015f ederek katleden\u00a0<strong>Og\u00fcn Samast<\/strong>\u2019\u0131n cezas\u0131 6 A\u011fustos\u2019ta bitti.<\/p>\n<p><img decoding=\"async\" src=\"https:\/\/i4.hurimg.com\/i\/hurriyet\/75\/517x703\/5f4c1a12d3806c09a08edaa4\" alt=\"Dink\u2019i katletmenin cezas\u0131 13 y\u0131lda bitti\" \/><\/p>\n<p>Yarg\u0131lama s\u00fcrerken ya\u015f\u0131 18\u2019den k\u00fc\u00e7\u00fck oldu\u011fu i\u00e7in dosyas\u0131 ayr\u0131larak 2. \u00c7ocuk Mahkemesi\u2019ne g\u00f6nderildi. 25 Temmuz 2011 g\u00fcn\u00fc\u00a0<strong>\u201ckasten adam \u00f6ld\u00fcrme\u201d<\/strong>su\u00e7undan 22 y\u0131l 10 ay hapis cezas\u0131 verildi. \u00d6rg\u00fct \u00fcyeli\u011fi dosyas\u0131 ise 14. A\u011f\u0131r Ceza Mahkemesi\u2019ne yolland\u0131.<\/p>\n<p>Katil\u00a0<strong>Og\u00fcn Samast<\/strong>\u00a0ve onu cinayete azmettiren Trabzon Emniyeti\u2019nin yard\u0131mc\u0131 istihbarat eleman\u0131\u00a0<strong>Erhan Tuncel<\/strong>,\u00a0<strong>Yasin Hayal<\/strong>\u00a0gibi isimler, mahkemenin 17 Temmuz 2019 tarihli karar\u0131 ile\u00a0<strong>\u201cter\u00f6r \u00f6rg\u00fct\u00fc \u00fcyeli\u011finden\u201d<\/strong>\u00a0de\u011fil,\u00a0<strong>\u201csu\u00e7 i\u015flemek amac\u0131yla \u00f6rg\u00fct kurmak ve \u00fcye olmaktan\u201d\u00a0<\/strong>cezaland\u0131r\u0131ld\u0131.<\/p>\n<p><strong>Erhan Tuncel<\/strong>\u2019e 24 Ekim 2004\u2019te alt\u0131 ki\u015finin yaraland\u0131\u011f\u0131 McDonald\u2019s patlamas\u0131ndan dolay\u0131\u00a0<strong>\u201ctasarlayarak ve bomba kullanmak suretiyle kasten adam \u00f6ld\u00fcrmeye te\u015febb\u00fcs\u201d\u00a0<\/strong>su\u00e7undan 6 kez a\u011f\u0131rla\u015ft\u0131r\u0131lm\u0131\u015f m\u00fcebbet, eylemin te\u015febb\u00fcs a\u015famas\u0131nda kalmas\u0131ndan dolay\u0131 6 kez 13 y\u0131l hapis cezas\u0131, ma\u011fdurlardan birinin arac\u0131na zarar verdi\u011fi gerek\u00e7esiyle 1 y\u0131l hapis ve 450 TL adli para cezas\u0131 verildi.\u00a0<strong>Hrant Dink<\/strong>\u2019in \u00f6ld\u00fcr\u00fclmesine ili\u015fkin olarak ise\u00a0<strong>\u201cyard\u0131m etmek\u201d<\/strong>\u00a0su\u00e7undan a\u011f\u0131rla\u015ft\u0131r\u0131lm\u0131\u015f m\u00fcebbet cezas\u0131 ald\u0131. H\u00fck\u00fcmde indirime giden mahkeme, bu su\u00e7tan dolay\u0131\u00a0<strong>Tuncel<\/strong>\u2019i 18 y\u0131l ile cezaland\u0131rd\u0131. Ayr\u0131ca\u00a0<strong>\u201csilahl\u0131 su\u00e7 \u00f6rg\u00fct\u00fcne \u00fcye olma\u201d<\/strong>su\u00e7unu i\u015fledi\u011fi gerek\u00e7esiyle de 2 y\u0131l hapis cezas\u0131, \u00f6rg\u00fct\u00fcn silahl\u0131 olmas\u0131 nedeniyle cezada artt\u0131r\u0131m uygulanarak 2 y\u0131l 6 ay hapis cezas\u0131 ald\u0131.\u00a0<strong>Tuncel<\/strong>\u2019in toplam hapis cezas\u0131 99 y\u0131l 6 ay olarak kay\u0131tlara ge\u00e7ti.\u00a0<strong>Yasin Hayal<\/strong>\u2019e 7 y\u0131l 6 ay hapis cezas\u0131 verilirken, katil\u00a0<strong>Og\u00fcn Samast<\/strong>\u00a0ise\u00a0<strong>\u201csilahl\u0131 su\u00e7 \u00f6rg\u00fct\u00fcne \u00fcye olmaktan\u201d\u00a0<\/strong>yaln\u0131zca 2 y\u0131l 6 ay hapis cezas\u0131na \u00e7arpt\u0131r\u0131ld\u0131.<\/p>\n<p><strong>Samast<\/strong>\u00a0bu su\u00e7tan tutuklu de\u011fil. Sadece\u00a0<strong>\u201ckasten adam \u00f6ld\u00fcrmek\u201d<\/strong>ten ald\u0131\u011f\u0131 22 y\u0131l 10 ay hapis cezas\u0131, infaz yasas\u0131 ve denetimli serbestlik dahil edildi\u011finde 6 A\u011fustos 2020 g\u00fcn\u00fc tahliyesi i\u00e7in gereken s\u00fcre doldu.<\/p>\n<p><strong>CEZAEV\u0130NDE KARI\u015eTI\u011eI SU\u00c7LARDAN HAP\u0130STE<\/strong><\/p>\n<p><strong>Og\u00fcn Samast\u00a0<\/strong>tam sal\u0131verilecekti ki kald\u0131\u011f\u0131 cezaevlerinde \u00e7\u0131kard\u0131\u011f\u0131 olaylar, gardiyanlara hakaret ve tehdit su\u00e7lar\u0131yla a\u00e7\u0131lan dava sonu\u00e7land\u0131. Toplamda 5 y\u0131l 20 ay hapis cezas\u0131 ald\u0131. \u015eimdi bu su\u00e7lardan dolay\u0131 4 y\u0131l civar\u0131nda hapis yatacak. Cinayeti i\u015fledi\u011fi tarihte 17 ya\u015f\u0131nda olan katil\u00a0<strong>Samast<\/strong>, e\u011fer cezaevinde i\u015fledi\u011fi su\u00e7lardan ald\u0131\u011f\u0131 cezalar olmasayd\u0131 art\u0131k elini kolunu sallaya sallaya aram\u0131zda olacakt\u0131.<\/p>\n<p><strong>DOSYA YARGITAY\u2019DA BEKL\u0130YOR<\/strong><\/p>\n<p>Hrant<strong>\u00a0Dink<\/strong>\u00a0cinayetiyle ilgili kamu g\u00f6revlilerinin yarg\u0131land\u0131\u011f\u0131 Fetullah\u00e7\u0131 Ter\u00f6r \u00d6rg\u00fct\u00fc davas\u0131 devam ediyor. Ancak katil ve onu azmettirenlere,\u00a0<strong>\u201csu\u00e7 i\u015flemek amac\u0131yla kurulan \u00f6rg\u00fcte yard\u0131m\u201d<\/strong>\u00a0gibi basit bir su\u00e7tan; su\u00e7 \u00f6rg\u00fct\u00fc \u00fcyesi olmaktan 2 y\u0131l 6 ay gibi k\u00fc\u00e7\u00fck bir ceza verildi. Oysa bu cinayete yol veren, g\u00f6z yuman, azmettiren FET\u00d6\u2019c\u00fcler gibi katil de ayn\u0131 \u00f6rg\u00fctsel ama\u00e7 i\u00e7in<strong>\u00a0Hrant Dink<\/strong>\u2019i katletti. Cinayetin arkas\u0131ndakiler\u00a0<strong>\u201cter\u00f6rden\u201d<\/strong>\u00a0yarg\u0131lan\u0131yorsa, cinayeti i\u015fleyenlerin\u00a0<strong>\u201cbasit su\u00e7 \u00f6rg\u00fct\u00fcne yard\u0131m\u201d<\/strong>\u00a0ile yarg\u0131lanmas\u0131 ve cezaland\u0131r\u0131lmas\u0131 tutars\u0131zl\u0131k gibi g\u00f6r\u00fcn\u00fcyor. Nitekim\u00a0<strong>Dink<\/strong>\u00a0<strong>Ailesi<\/strong>\u2019nin avukat\u0131\u00a0<strong>Hakan Bak\u0131rc\u0131o\u011flu<\/strong>\u00a0ile g\u00f6r\u00fc\u015ft\u00fc\u011f\u00fcmde bu \u00e7eli\u015fkiye dikkat \u00e7ekiyor. Yarg\u0131tay\u2019daki temyiz dilek\u00e7esinde yaz\u0131l\u0131 \u015fu talebi yineliyor:\u00a0<strong>\u201cHrant Dink\u2019i \u00f6ld\u00fcrmeye karar veren, cinayeti tasarlayan ve nihayetinde de ger\u00e7ekle\u015ftiren \u00f6rg\u00fct, cebir ve \u015fiddet kullanarak, T\u00fcrkiye Cumhuriyeti Anayasas\u0131\u2019n\u0131n \u00f6ng\u00f6rd\u00fc\u011f\u00fc d\u00fczenin fiilen uygulanmas\u0131n\u0131 \u00f6nlemeye te\u015febb\u00fcs etmi\u015ftir.\ufffd<\/strong><\/p>\n<p><strong>Hrant Dink cinayetini tasarlayan ve ger\u00e7ekle\u015ftiren bu \u00f6rg\u00fct, Ceza Kanunu\u2019nun 309\/1 maddesinde d\u00fczenlenen, su\u00e7a y\u00f6nelik 3713 say\u0131l\u0131 Ter\u00f6rle M\u00fccadele Kanunu\u2019nun 1. maddesinde tarif edilen, Ceza Kanunu\u2019nun 314. maddesinde tan\u0131mlanan bir \u00f6rg\u00fct olarak de\u011ferlendirilmeli ve san\u0131klar\u0131n bu yasalar uyar\u0131nca cezaland\u0131r\u0131lmas\u0131na karar verilmelidir.\u201d<\/strong><\/p>\n<p>Hukuk\u00e7ulara g\u00f6re, Yarg\u0131tay bunu dikkate al\u0131r ve karar\u0131 bozarsa, yeniden yarg\u0131lama g\u00fcndeme gelir ve katil dahil herkes\u00a0<strong>\u201cter\u00f6r \u00f6rg\u00fct\u00fc \u00fcyesi olmaktan\u201d<\/strong>\u00a0tekrar yarg\u0131lan\u0131r. O zaman, dosya tekrar 14. A\u011f\u0131r Ceza Mahkemesi\u2019ne d\u00f6ner, katile yeniden tutuklama verilebilir, bu cinayetin arkas\u0131ndaki \u00f6rg\u00fct\u00fcn, katilin ve azmettirenlerin hesab\u0131 bozulur.<\/p>\n<p><em><strong><a href=\"https:\/\/www.hurriyet.com.tr\/yazarlar\/nedim-sener\/dinki-katletmenin-cezasi-13-yilda-bitti-41599273\">https:\/\/www.hurriyet.com.tr\/yazarlar\/nedim-sener\/dinki-katletmenin-cezasi-13-yilda-bitti-41599273<\/a><\/strong><\/em><\/p>\n","protected":false},"excerpt":{"rendered":"<p>Nedim \u015eener Hafta i\u00e7inde ald\u0131\u011f\u0131m bir telefonla \u015fok oldum. Arayan Hrant Dink\u2019in karde\u015fi Hosrof Dink\u2019ti. \u201cNedim, Og\u00fcn Samast tahliye oluyormu\u015f\u201d dedi. \u201cNas\u0131l?\u201d \u201cCezas\u0131 bitmi\u015f, tahliye edilecekmi\u015f.\u201d G\u00fcn\u00fc kula\u011f\u0131m telefona yap\u0131\u015f\u0131k ge\u00e7irdim desem abart\u0131 olmaz. 2007\u2019den beri bu davay\u0131 takip ediyor, hakikatin ortaya \u00e7\u0131kmas\u0131 i\u00e7in her \u015feyi yap\u0131yordum. \u00c7\u00fcnk\u00fc\u00a0Hrant Dink\u00a0cinayeti, bir d\u00f6nemin t\u00fcm karanl\u0131\u011f\u0131n\u0131 i\u00e7inde bar\u0131nd\u0131ran; [&hellip;]<\/p>\n","protected":false},"author":7,"featured_media":58613,"comment_status":"open","ping_status":"open","sticky":false,"template":"","format":"standard","meta":{"footnotes":""},"categories":[1,70],"tags":[],"class_list":["post-58612","post","type-post","status-publish","format-standard","has-post-thumbnail","hentry","category-haberler","category-makaleler"],"yoast_head":"<!-- This site is optimized with the Yoast SEO plugin v27.4 - https:\/\/yoast.com\/product\/yoast-seo-wordpress\/ -->\n<title>Dink\u2019i katletmenin cezas\u0131 13 y\u0131lda bitti - Bati Ermenistan Ve Bati Ermenileri Sorunlari Ara\u015ftirmalar Merkezi<\/title>\n<meta name=\"robots\" content=\"index, follow, max-snippet:-1, max-image-preview:large, max-video-preview:-1\" \/>\n<link rel=\"canonical\" href=\"https:\/\/akunq.net\/tr\/?p=58612\" \/>\n<meta property=\"og:locale\" content=\"en_US\" \/>\n<meta property=\"og:type\" content=\"article\" \/>\n<meta property=\"og:title\" content=\"Dink\u2019i katletmenin cezas\u0131 13 y\u0131lda bitti - Bati Ermenistan Ve Bati Ermenileri Sorunlari Ara\u015ftirmalar Merkezi\" \/>\n<meta property=\"og:description\" content=\"Nedim \u015eener Hafta i\u00e7inde ald\u0131\u011f\u0131m bir telefonla \u015fok oldum. Arayan Hrant Dink\u2019in karde\u015fi Hosrof Dink\u2019ti. \u201cNedim, Og\u00fcn Samast tahliye oluyormu\u015f\u201d dedi. \u201cNas\u0131l?\u201d \u201cCezas\u0131 bitmi\u015f, tahliye edilecekmi\u015f.\u201d G\u00fcn\u00fc kula\u011f\u0131m telefona yap\u0131\u015f\u0131k ge\u00e7irdim desem abart\u0131 olmaz. 2007\u2019den beri bu davay\u0131 takip ediyor, hakikatin ortaya \u00e7\u0131kmas\u0131 i\u00e7in her \u015feyi yap\u0131yordum. \u00c7\u00fcnk\u00fc\u00a0Hrant Dink\u00a0cinayeti, bir d\u00f6nemin t\u00fcm karanl\u0131\u011f\u0131n\u0131 i\u00e7inde bar\u0131nd\u0131ran; [&hellip;]\" \/>\n<meta property=\"og:url\" content=\"https:\/\/akunq.net\/tr\/?p=58612\" \/>\n<meta property=\"og:site_name\" content=\"Bati Ermenistan Ve Bati Ermenileri Sorunlari Ara\u015ftirmalar Merkezi\" \/>\n<meta property=\"article:published_time\" content=\"2020-08-31T14:39:27+00:00\" \/>\n<meta property=\"article:modified_time\" content=\"2020-08-31T14:39:36+00:00\" \/>\n<meta property=\"og:image\" content=\"https:\/\/akunq.net\/tr\/wp-content\/uploads\/sites\/6\/2020\/08\/Nedim-Sener.png\" \/>\n\t<meta property=\"og:image:width\" content=\"444\" \/>\n\t<meta property=\"og:image:height\" content=\"447\" \/>\n\t<meta property=\"og:image:type\" content=\"image\/png\" \/>\n<meta name=\"author\" content=\"admin\" \/>\n<meta name=\"twitter:card\" content=\"summary_large_image\" \/>\n<meta name=\"twitter:label1\" content=\"Written by\" \/>\n\t<meta name=\"twitter:data1\" content=\"admin\" \/>\n\t<meta name=\"twitter:label2\" content=\"Est. reading time\" \/>\n\t<meta name=\"twitter:data2\" content=\"6 minutes\" \/>\n<script type=\"application\/ld+json\" class=\"yoast-schema-graph\">{\"@context\":\"https:\\\/\\\/schema.org\",\"@graph\":[{\"@type\":\"Article\",\"@id\":\"https:\\\/\\\/akunq.net\\\/tr\\\/?p=58612#article\",\"isPartOf\":{\"@id\":\"https:\\\/\\\/akunq.net\\\/tr\\\/?p=58612\"},\"author\":{\"name\":\"admin\",\"@id\":\"https:\\\/\\\/akunq.net\\\/tr\\\/#\\\/schema\\\/person\\\/096f1d38a12cce57fb855b485ed24c9e\"},\"headline\":\"Dink\u2019i katletmenin cezas\u0131 13 y\u0131lda bitti\",\"datePublished\":\"2020-08-31T14:39:27+00:00\",\"dateModified\":\"2020-08-31T14:39:36+00:00\",\"mainEntityOfPage\":{\"@id\":\"https:\\\/\\\/akunq.net\\\/tr\\\/?p=58612\"},\"wordCount\":1297,\"commentCount\":0,\"image\":{\"@id\":\"https:\\\/\\\/akunq.net\\\/tr\\\/?p=58612#primaryimage\"},\"thumbnailUrl\":\"https:\\\/\\\/akunq.net\\\/tr\\\/wp-content\\\/uploads\\\/sites\\\/6\\\/2020\\\/08\\\/Nedim-Sener.png\",\"articleSection\":[\"Haberler\",\"Makaleler\"],\"inLanguage\":\"en-US\",\"potentialAction\":[{\"@type\":\"CommentAction\",\"name\":\"Comment\",\"target\":[\"https:\\\/\\\/akunq.net\\\/tr\\\/?p=58612#respond\"]}]},{\"@type\":\"WebPage\",\"@id\":\"https:\\\/\\\/akunq.net\\\/tr\\\/?p=58612\",\"url\":\"https:\\\/\\\/akunq.net\\\/tr\\\/?p=58612\",\"name\":\"Dink\u2019i katletmenin cezas\u0131 13 y\u0131lda bitti - Bati Ermenistan Ve Bati Ermenileri Sorunlari Ara\u015ftirmalar Merkezi\",\"isPartOf\":{\"@id\":\"https:\\\/\\\/akunq.net\\\/tr\\\/#website\"},\"primaryImageOfPage\":{\"@id\":\"https:\\\/\\\/akunq.net\\\/tr\\\/?p=58612#primaryimage\"},\"image\":{\"@id\":\"https:\\\/\\\/akunq.net\\\/tr\\\/?p=58612#primaryimage\"},\"thumbnailUrl\":\"https:\\\/\\\/akunq.net\\\/tr\\\/wp-content\\\/uploads\\\/sites\\\/6\\\/2020\\\/08\\\/Nedim-Sener.png\",\"datePublished\":\"2020-08-31T14:39:27+00:00\",\"dateModified\":\"2020-08-31T14:39:36+00:00\",\"author\":{\"@id\":\"https:\\\/\\\/akunq.net\\\/tr\\\/#\\\/schema\\\/person\\\/096f1d38a12cce57fb855b485ed24c9e\"},\"breadcrumb\":{\"@id\":\"https:\\\/\\\/akunq.net\\\/tr\\\/?p=58612#breadcrumb\"},\"inLanguage\":\"en-US\",\"potentialAction\":[{\"@type\":\"ReadAction\",\"target\":[\"https:\\\/\\\/akunq.net\\\/tr\\\/?p=58612\"]}]},{\"@type\":\"ImageObject\",\"inLanguage\":\"en-US\",\"@id\":\"https:\\\/\\\/akunq.net\\\/tr\\\/?p=58612#primaryimage\",\"url\":\"https:\\\/\\\/akunq.net\\\/tr\\\/wp-content\\\/uploads\\\/sites\\\/6\\\/2020\\\/08\\\/Nedim-Sener.png\",\"contentUrl\":\"https:\\\/\\\/akunq.net\\\/tr\\\/wp-content\\\/uploads\\\/sites\\\/6\\\/2020\\\/08\\\/Nedim-Sener.png\",\"width\":444,\"height\":447},{\"@type\":\"BreadcrumbList\",\"@id\":\"https:\\\/\\\/akunq.net\\\/tr\\\/?p=58612#breadcrumb\",\"itemListElement\":[{\"@type\":\"ListItem\",\"position\":1,\"name\":\"Home\",\"item\":\"https:\\\/\\\/akunq.net\\\/tr\"},{\"@type\":\"ListItem\",\"position\":2,\"name\":\"Dink\u2019i katletmenin cezas\u0131 13 y\u0131lda bitti\"}]},{\"@type\":\"WebSite\",\"@id\":\"https:\\\/\\\/akunq.net\\\/tr\\\/#website\",\"url\":\"https:\\\/\\\/akunq.net\\\/tr\\\/\",\"name\":\"Bati Ermenistan Ve Bati Ermenileri Sorunlari Ara\u015ftirmalar Merkezi\",\"description\":\"\",\"potentialAction\":[{\"@type\":\"SearchAction\",\"target\":{\"@type\":\"EntryPoint\",\"urlTemplate\":\"https:\\\/\\\/akunq.net\\\/tr\\\/?s={search_term_string}\"},\"query-input\":{\"@type\":\"PropertyValueSpecification\",\"valueRequired\":true,\"valueName\":\"search_term_string\"}}],\"inLanguage\":\"en-US\"},{\"@type\":\"Person\",\"@id\":\"https:\\\/\\\/akunq.net\\\/tr\\\/#\\\/schema\\\/person\\\/096f1d38a12cce57fb855b485ed24c9e\",\"name\":\"admin\",\"url\":\"https:\\\/\\\/akunq.net\\\/tr\\\/?author=7\"}]}<\/script>\n<!-- \/ Yoast SEO plugin. -->","yoast_head_json":{"title":"Dink\u2019i katletmenin cezas\u0131 13 y\u0131lda bitti - Bati Ermenistan Ve Bati Ermenileri Sorunlari Ara\u015ftirmalar Merkezi","robots":{"index":"index","follow":"follow","max-snippet":"max-snippet:-1","max-image-preview":"max-image-preview:large","max-video-preview":"max-video-preview:-1"},"canonical":"https:\/\/akunq.net\/tr\/?p=58612","og_locale":"en_US","og_type":"article","og_title":"Dink\u2019i katletmenin cezas\u0131 13 y\u0131lda bitti - Bati Ermenistan Ve Bati Ermenileri Sorunlari Ara\u015ftirmalar Merkezi","og_description":"Nedim \u015eener Hafta i\u00e7inde ald\u0131\u011f\u0131m bir telefonla \u015fok oldum. Arayan Hrant Dink\u2019in karde\u015fi Hosrof Dink\u2019ti. \u201cNedim, Og\u00fcn Samast tahliye oluyormu\u015f\u201d dedi. \u201cNas\u0131l?\u201d \u201cCezas\u0131 bitmi\u015f, tahliye edilecekmi\u015f.\u201d G\u00fcn\u00fc kula\u011f\u0131m telefona yap\u0131\u015f\u0131k ge\u00e7irdim desem abart\u0131 olmaz. 2007\u2019den beri bu davay\u0131 takip ediyor, hakikatin ortaya \u00e7\u0131kmas\u0131 i\u00e7in her \u015feyi yap\u0131yordum. \u00c7\u00fcnk\u00fc\u00a0Hrant Dink\u00a0cinayeti, bir d\u00f6nemin t\u00fcm karanl\u0131\u011f\u0131n\u0131 i\u00e7inde bar\u0131nd\u0131ran; [&hellip;]","og_url":"https:\/\/akunq.net\/tr\/?p=58612","og_site_name":"Bati Ermenistan Ve Bati Ermenileri Sorunlari Ara\u015ftirmalar Merkezi","article_published_time":"2020-08-31T14:39:27+00:00","article_modified_time":"2020-08-31T14:39:36+00:00","og_image":[{"width":444,"height":447,"url":"https:\/\/akunq.net\/tr\/wp-content\/uploads\/sites\/6\/2020\/08\/Nedim-Sener.png","type":"image\/png"}],"author":"admin","twitter_card":"summary_large_image","twitter_misc":{"Written by":"admin","Est. reading time":"6 minutes"},"schema":{"@context":"https:\/\/schema.org","@graph":[{"@type":"Article","@id":"https:\/\/akunq.net\/tr\/?p=58612#article","isPartOf":{"@id":"https:\/\/akunq.net\/tr\/?p=58612"},"author":{"name":"admin","@id":"https:\/\/akunq.net\/tr\/#\/schema\/person\/096f1d38a12cce57fb855b485ed24c9e"},"headline":"Dink\u2019i katletmenin cezas\u0131 13 y\u0131lda bitti","datePublished":"2020-08-31T14:39:27+00:00","dateModified":"2020-08-31T14:39:36+00:00","mainEntityOfPage":{"@id":"https:\/\/akunq.net\/tr\/?p=58612"},"wordCount":1297,"commentCount":0,"image":{"@id":"https:\/\/akunq.net\/tr\/?p=58612#primaryimage"},"thumbnailUrl":"https:\/\/akunq.net\/tr\/wp-content\/uploads\/sites\/6\/2020\/08\/Nedim-Sener.png","articleSection":["Haberler","Makaleler"],"inLanguage":"en-US","potentialAction":[{"@type":"CommentAction","name":"Comment","target":["https:\/\/akunq.net\/tr\/?p=58612#respond"]}]},{"@type":"WebPage","@id":"https:\/\/akunq.net\/tr\/?p=58612","url":"https:\/\/akunq.net\/tr\/?p=58612","name":"Dink\u2019i katletmenin cezas\u0131 13 y\u0131lda bitti - Bati Ermenistan Ve Bati Ermenileri Sorunlari Ara\u015ftirmalar Merkezi","isPartOf":{"@id":"https:\/\/akunq.net\/tr\/#website"},"primaryImageOfPage":{"@id":"https:\/\/akunq.net\/tr\/?p=58612#primaryimage"},"image":{"@id":"https:\/\/akunq.net\/tr\/?p=58612#primaryimage"},"thumbnailUrl":"https:\/\/akunq.net\/tr\/wp-content\/uploads\/sites\/6\/2020\/08\/Nedim-Sener.png","datePublished":"2020-08-31T14:39:27+00:00","dateModified":"2020-08-31T14:39:36+00:00","author":{"@id":"https:\/\/akunq.net\/tr\/#\/schema\/person\/096f1d38a12cce57fb855b485ed24c9e"},"breadcrumb":{"@id":"https:\/\/akunq.net\/tr\/?p=58612#breadcrumb"},"inLanguage":"en-US","potentialAction":[{"@type":"ReadAction","target":["https:\/\/akunq.net\/tr\/?p=58612"]}]},{"@type":"ImageObject","inLanguage":"en-US","@id":"https:\/\/akunq.net\/tr\/?p=58612#primaryimage","url":"https:\/\/akunq.net\/tr\/wp-content\/uploads\/sites\/6\/2020\/08\/Nedim-Sener.png","contentUrl":"https:\/\/akunq.net\/tr\/wp-content\/uploads\/sites\/6\/2020\/08\/Nedim-Sener.png","width":444,"height":447},{"@type":"BreadcrumbList","@id":"https:\/\/akunq.net\/tr\/?p=58612#breadcrumb","itemListElement":[{"@type":"ListItem","position":1,"name":"Home","item":"https:\/\/akunq.net\/tr"},{"@type":"ListItem","position":2,"name":"Dink\u2019i katletmenin cezas\u0131 13 y\u0131lda bitti"}]},{"@type":"WebSite","@id":"https:\/\/akunq.net\/tr\/#website","url":"https:\/\/akunq.net\/tr\/","name":"Bati Ermenistan Ve Bati Ermenileri Sorunlari Ara\u015ftirmalar Merkezi","description":"","potentialAction":[{"@type":"SearchAction","target":{"@type":"EntryPoint","urlTemplate":"https:\/\/akunq.net\/tr\/?s={search_term_string}"},"query-input":{"@type":"PropertyValueSpecification","valueRequired":true,"valueName":"search_term_string"}}],"inLanguage":"en-US"},{"@type":"Person","@id":"https:\/\/akunq.net\/tr\/#\/schema\/person\/096f1d38a12cce57fb855b485ed24c9e","name":"admin","url":"https:\/\/akunq.net\/tr\/?author=7"}]}},"_links":{"self":[{"href":"https:\/\/akunq.net\/tr\/index.php?rest_route=\/wp\/v2\/posts\/58612","targetHints":{"allow":["GET"]}}],"collection":[{"href":"https:\/\/akunq.net\/tr\/index.php?rest_route=\/wp\/v2\/posts"}],"about":[{"href":"https:\/\/akunq.net\/tr\/index.php?rest_route=\/wp\/v2\/types\/post"}],"author":[{"embeddable":true,"href":"https:\/\/akunq.net\/tr\/index.php?rest_route=\/wp\/v2\/users\/7"}],"replies":[{"embeddable":true,"href":"https:\/\/akunq.net\/tr\/index.php?rest_route=%2Fwp%2Fv2%2Fcomments&post=58612"}],"version-history":[{"count":2,"href":"https:\/\/akunq.net\/tr\/index.php?rest_route=\/wp\/v2\/posts\/58612\/revisions"}],"predecessor-version":[{"id":58615,"href":"https:\/\/akunq.net\/tr\/index.php?rest_route=\/wp\/v2\/posts\/58612\/revisions\/58615"}],"wp:featuredmedia":[{"embeddable":true,"href":"https:\/\/akunq.net\/tr\/index.php?rest_route=\/wp\/v2\/media\/58613"}],"wp:attachment":[{"href":"https:\/\/akunq.net\/tr\/index.php?rest_route=%2Fwp%2Fv2%2Fmedia&parent=58612"}],"wp:term":[{"taxonomy":"category","embeddable":true,"href":"https:\/\/akunq.net\/tr\/index.php?rest_route=%2Fwp%2Fv2%2Fcategories&post=58612"},{"taxonomy":"post_tag","embeddable":true,"href":"https:\/\/akunq.net\/tr\/index.php?rest_route=%2Fwp%2Fv2%2Ftags&post=58612"}],"curies":[{"name":"wp","href":"https:\/\/api.w.org\/{rel}","templated":true}]}}