{"id":58594,"date":"2020-08-31T02:06:23","date_gmt":"2020-08-31T07:06:23","guid":{"rendered":"https:\/\/akunq.net\/tr\/?p=58594"},"modified":"2020-08-31T02:06:23","modified_gmt":"2020-08-31T07:06:23","slug":"samast-gardiyanlara-saldirinca-tahliye-edilmedi","status":"publish","type":"post","link":"https:\/\/akunq.net\/tr\/?p=58594","title":{"rendered":"Samast gardiyanlara sald\u0131r\u0131nca tahliye edilmedi"},"content":{"rendered":"<p><img loading=\"lazy\" decoding=\"async\" class=\"alignleft size-medium wp-image-58595\" src=\"https:\/\/akunq.net\/tr\/wp-content\/uploads\/2020\/08\/Samast-360x203.jpg\" alt=\"\" width=\"360\" height=\"203\" srcset=\"https:\/\/akunq.net\/tr\/wp-content\/uploads\/sites\/6\/2020\/08\/Samast-360x203.jpg 360w, https:\/\/akunq.net\/tr\/wp-content\/uploads\/sites\/6\/2020\/08\/Samast-560x315.jpg 560w, https:\/\/akunq.net\/tr\/wp-content\/uploads\/sites\/6\/2020\/08\/Samast-260x146.jpg 260w, https:\/\/akunq.net\/tr\/wp-content\/uploads\/sites\/6\/2020\/08\/Samast-160x90.jpg 160w, https:\/\/akunq.net\/tr\/wp-content\/uploads\/sites\/6\/2020\/08\/Samast.jpg 736w\" sizes=\"auto, (max-width: 360px) 100vw, 360px\" \/><\/p>\n<p><em><strong>Hrant Dink\u2019in katili Og\u00fcn Samast cezas\u0131n\u0131 doldurunca tahliyesi g\u00fcndeme geldi. Ancak gardiyanlarla olan bir kavgadan dolay\u0131 hakk\u0131nda tutuklama karar\u0131 verilince serbest b\u0131rak\u0131lmad\u0131.<\/strong><\/em><\/p>\n<p>DUVAR \u2013 Gazeteci Hrant Dink\u2019i \u00f6ld\u00fcren Og\u00fcn Samast cezaevinden tahliye edilmeyi beklerken, ald\u0131\u011f\u0131 ba\u015fka cezalar nedeniyle serbest b\u0131rak\u0131lmad\u0131. Samast Agos gazetesi Genel Yay\u0131n Y\u00f6netmeni Hrant Dink\u2019i 2007 y\u0131l\u0131nda \u015ei\u015fli Osmanbey\u2019de \u00f6ld\u00fcrm\u00fc\u015ft\u00fc. Og\u00fcn Samast hakk\u0131nda cinayet tarihinde 17 ya\u015f\u0131nda oldu\u011fu i\u00e7in 22 y\u0131l 10 ay hapis cezas\u0131 verilmi\u015fti. Dink\u2019i \u00f6ld\u00fcren Samast\u2019\u0131n infaz kanununa g\u00f6re su\u00e7un \u00fc\u00e7te ikisine denk gelen 15 y\u0131l 2 ay cezaevinde yatmas\u0131 gerekiyordu. Ancak 13 y\u0131l 8 ayd\u0131r cezaevinde olan Samast\u2019\u0131n infaz kanununda sonradan yap\u0131lan de\u011fi\u015fikliklerle tahliyesi g\u00fcndeme geldi.<\/p>\n<p>Samast\u2019\u0131n e\u015fi Selma Samast\u2019a tahliye edilme tarihi olan 6 A\u011fustos tarihli bir m\u00fcddetname verildi\u011fi iddia edildi. Ancak Samast\u2019\u0131n iki y\u0131l \u00f6nce cezaevinde gardiyanlar ile ya\u015fad\u0131\u011f\u0131 bir kavga bu tahliyeyi engelledi. Gardiyanlara b\u0131\u00e7ak \u00e7ekti\u011fi iddia edilen Samast, a\u00e7\u0131lan davada 4.5 y\u0131l hapis cezas\u0131 ald\u0131. Dosyas\u0131 istinaf mahkemesinde bekleyen Samast hakk\u0131nda ayr\u0131ca bu davadan dolay\u0131 tutuklama karar\u0131 \u00e7\u0131kart\u0131ld\u0131. Bu nedenle Samast\u2019\u0131n ald\u0131\u011f\u0131 bu ceza ve bir ba\u015fka dosyadan ald\u0131\u011f\u0131 hapis cezas\u0131ndan dolay\u0131 cezaevinden tahliyesi s\u00f6z konusu de\u011fil. Dink davas\u0131 avukatlar\u0131ndan Hakan Bak\u0131rc\u0131o\u011flu, Samast\u2019\u0131n hukuki durumu hakk\u0131nda \u015fu bilgileri verdi: \u201c\u015eu anda Og\u00fcn Samast\u2019\u0131n \u00f6rg\u00fct \u00fcyeli\u011finden dolay\u0131 Yarg\u0131tay\u2019da bekleyen 2.5 y\u0131l hapis cezas\u0131 var. Ayr\u0131ca cezaevinde gardiyanlara sald\u0131rmaktan dolay\u0131 4. 5 y\u0131ll\u0131k bir ceza alm\u0131\u015f vaziyette. Bu cezadan dolay\u0131 hakk\u0131nda verilmi\u015f bir tutuklama karar\u0131 var. E\u011fer bu konuda tutuklamaya istinaf mahkemesine itiraz yap\u0131lm\u0131\u015f ise ve karar onan\u0131rsa tahliyesi s\u00f6z konusu de\u011fil.\u201d<\/p>\n<hr \/>\n<p><em><strong>https:\/\/www.gazeteduvar.com.tr\/gundem\/2020\/08\/28\/ogun-samast-gardiyanlara-saldirinca-tahliye-edilmedi\/\u00a0<\/strong><\/em><\/p>\n","protected":false},"excerpt":{"rendered":"<p>Hrant Dink\u2019in katili Og\u00fcn Samast cezas\u0131n\u0131 doldurunca tahliyesi g\u00fcndeme geldi. Ancak gardiyanlarla olan bir kavgadan dolay\u0131 hakk\u0131nda tutuklama karar\u0131 verilince serbest b\u0131rak\u0131lmad\u0131. DUVAR \u2013 Gazeteci Hrant Dink\u2019i \u00f6ld\u00fcren Og\u00fcn Samast cezaevinden tahliye edilmeyi beklerken, ald\u0131\u011f\u0131 ba\u015fka cezalar nedeniyle serbest b\u0131rak\u0131lmad\u0131. Samast Agos gazetesi Genel Yay\u0131n Y\u00f6netmeni Hrant Dink\u2019i 2007 y\u0131l\u0131nda \u015ei\u015fli Osmanbey\u2019de \u00f6ld\u00fcrm\u00fc\u015ft\u00fc. Og\u00fcn Samast [&hellip;]<\/p>\n","protected":false},"author":7,"featured_media":58595,"comment_status":"open","ping_status":"open","sticky":false,"template":"","format":"standard","meta":{"footnotes":""},"categories":[1],"tags":[],"class_list":["post-58594","post","type-post","status-publish","format-standard","has-post-thumbnail","hentry","category-haberler"],"yoast_head":"<!-- This site is optimized with the Yoast SEO plugin v27.4 - https:\/\/yoast.com\/product\/yoast-seo-wordpress\/ -->\n<title>Samast gardiyanlara sald\u0131r\u0131nca tahliye edilmedi - Bati Ermenistan Ve Bati Ermenileri Sorunlari Ara\u015ftirmalar Merkezi<\/title>\n<meta name=\"robots\" content=\"index, follow, max-snippet:-1, max-image-preview:large, max-video-preview:-1\" \/>\n<link rel=\"canonical\" href=\"https:\/\/akunq.net\/tr\/?p=58594\" \/>\n<meta property=\"og:locale\" content=\"en_US\" \/>\n<meta property=\"og:type\" content=\"article\" \/>\n<meta property=\"og:title\" content=\"Samast gardiyanlara sald\u0131r\u0131nca tahliye edilmedi - Bati Ermenistan Ve Bati Ermenileri Sorunlari Ara\u015ftirmalar Merkezi\" \/>\n<meta property=\"og:description\" content=\"Hrant Dink\u2019in katili Og\u00fcn Samast cezas\u0131n\u0131 doldurunca tahliyesi g\u00fcndeme geldi. Ancak gardiyanlarla olan bir kavgadan dolay\u0131 hakk\u0131nda tutuklama karar\u0131 verilince serbest b\u0131rak\u0131lmad\u0131. DUVAR \u2013 Gazeteci Hrant Dink\u2019i \u00f6ld\u00fcren Og\u00fcn Samast cezaevinden tahliye edilmeyi beklerken, ald\u0131\u011f\u0131 ba\u015fka cezalar nedeniyle serbest b\u0131rak\u0131lmad\u0131. Samast Agos gazetesi Genel Yay\u0131n Y\u00f6netmeni Hrant Dink\u2019i 2007 y\u0131l\u0131nda \u015ei\u015fli Osmanbey\u2019de \u00f6ld\u00fcrm\u00fc\u015ft\u00fc. Og\u00fcn Samast [&hellip;]\" \/>\n<meta property=\"og:url\" content=\"https:\/\/akunq.net\/tr\/?p=58594\" \/>\n<meta property=\"og:site_name\" content=\"Bati Ermenistan Ve Bati Ermenileri Sorunlari Ara\u015ftirmalar Merkezi\" \/>\n<meta property=\"article:published_time\" content=\"2020-08-31T07:06:23+00:00\" \/>\n<meta property=\"og:image\" content=\"https:\/\/akunq.net\/tr\/wp-content\/uploads\/sites\/6\/2020\/08\/Samast.jpg\" \/>\n\t<meta property=\"og:image:width\" content=\"736\" \/>\n\t<meta property=\"og:image:height\" content=\"414\" \/>\n\t<meta property=\"og:image:type\" content=\"image\/jpeg\" \/>\n<meta name=\"author\" content=\"admin\" \/>\n<meta name=\"twitter:card\" content=\"summary_large_image\" \/>\n<meta name=\"twitter:label1\" content=\"Written by\" \/>\n\t<meta name=\"twitter:data1\" content=\"admin\" \/>\n\t<meta name=\"twitter:label2\" content=\"Est. reading time\" \/>\n\t<meta name=\"twitter:data2\" content=\"2 minutes\" \/>\n<script type=\"application\/ld+json\" class=\"yoast-schema-graph\">{\"@context\":\"https:\\\/\\\/schema.org\",\"@graph\":[{\"@type\":\"Article\",\"@id\":\"https:\\\/\\\/akunq.net\\\/tr\\\/?p=58594#article\",\"isPartOf\":{\"@id\":\"https:\\\/\\\/akunq.net\\\/tr\\\/?p=58594\"},\"author\":{\"name\":\"admin\",\"@id\":\"https:\\\/\\\/akunq.net\\\/tr\\\/#\\\/schema\\\/person\\\/096f1d38a12cce57fb855b485ed24c9e\"},\"headline\":\"Samast gardiyanlara sald\u0131r\u0131nca tahliye edilmedi\",\"datePublished\":\"2020-08-31T07:06:23+00:00\",\"mainEntityOfPage\":{\"@id\":\"https:\\\/\\\/akunq.net\\\/tr\\\/?p=58594\"},\"wordCount\":327,\"commentCount\":0,\"image\":{\"@id\":\"https:\\\/\\\/akunq.net\\\/tr\\\/?p=58594#primaryimage\"},\"thumbnailUrl\":\"https:\\\/\\\/akunq.net\\\/tr\\\/wp-content\\\/uploads\\\/sites\\\/6\\\/2020\\\/08\\\/Samast.jpg\",\"articleSection\":[\"Haberler\"],\"inLanguage\":\"en-US\",\"potentialAction\":[{\"@type\":\"CommentAction\",\"name\":\"Comment\",\"target\":[\"https:\\\/\\\/akunq.net\\\/tr\\\/?p=58594#respond\"]}]},{\"@type\":\"WebPage\",\"@id\":\"https:\\\/\\\/akunq.net\\\/tr\\\/?p=58594\",\"url\":\"https:\\\/\\\/akunq.net\\\/tr\\\/?p=58594\",\"name\":\"Samast gardiyanlara sald\u0131r\u0131nca tahliye edilmedi - Bati Ermenistan Ve Bati Ermenileri Sorunlari Ara\u015ftirmalar Merkezi\",\"isPartOf\":{\"@id\":\"https:\\\/\\\/akunq.net\\\/tr\\\/#website\"},\"primaryImageOfPage\":{\"@id\":\"https:\\\/\\\/akunq.net\\\/tr\\\/?p=58594#primaryimage\"},\"image\":{\"@id\":\"https:\\\/\\\/akunq.net\\\/tr\\\/?p=58594#primaryimage\"},\"thumbnailUrl\":\"https:\\\/\\\/akunq.net\\\/tr\\\/wp-content\\\/uploads\\\/sites\\\/6\\\/2020\\\/08\\\/Samast.jpg\",\"datePublished\":\"2020-08-31T07:06:23+00:00\",\"author\":{\"@id\":\"https:\\\/\\\/akunq.net\\\/tr\\\/#\\\/schema\\\/person\\\/096f1d38a12cce57fb855b485ed24c9e\"},\"breadcrumb\":{\"@id\":\"https:\\\/\\\/akunq.net\\\/tr\\\/?p=58594#breadcrumb\"},\"inLanguage\":\"en-US\",\"potentialAction\":[{\"@type\":\"ReadAction\",\"target\":[\"https:\\\/\\\/akunq.net\\\/tr\\\/?p=58594\"]}]},{\"@type\":\"ImageObject\",\"inLanguage\":\"en-US\",\"@id\":\"https:\\\/\\\/akunq.net\\\/tr\\\/?p=58594#primaryimage\",\"url\":\"https:\\\/\\\/akunq.net\\\/tr\\\/wp-content\\\/uploads\\\/sites\\\/6\\\/2020\\\/08\\\/Samast.jpg\",\"contentUrl\":\"https:\\\/\\\/akunq.net\\\/tr\\\/wp-content\\\/uploads\\\/sites\\\/6\\\/2020\\\/08\\\/Samast.jpg\",\"width\":736,\"height\":414},{\"@type\":\"BreadcrumbList\",\"@id\":\"https:\\\/\\\/akunq.net\\\/tr\\\/?p=58594#breadcrumb\",\"itemListElement\":[{\"@type\":\"ListItem\",\"position\":1,\"name\":\"Home\",\"item\":\"https:\\\/\\\/akunq.net\\\/tr\"},{\"@type\":\"ListItem\",\"position\":2,\"name\":\"Samast gardiyanlara sald\u0131r\u0131nca tahliye edilmedi\"}]},{\"@type\":\"WebSite\",\"@id\":\"https:\\\/\\\/akunq.net\\\/tr\\\/#website\",\"url\":\"https:\\\/\\\/akunq.net\\\/tr\\\/\",\"name\":\"Bati Ermenistan Ve Bati Ermenileri Sorunlari Ara\u015ftirmalar Merkezi\",\"description\":\"\",\"potentialAction\":[{\"@type\":\"SearchAction\",\"target\":{\"@type\":\"EntryPoint\",\"urlTemplate\":\"https:\\\/\\\/akunq.net\\\/tr\\\/?s={search_term_string}\"},\"query-input\":{\"@type\":\"PropertyValueSpecification\",\"valueRequired\":true,\"valueName\":\"search_term_string\"}}],\"inLanguage\":\"en-US\"},{\"@type\":\"Person\",\"@id\":\"https:\\\/\\\/akunq.net\\\/tr\\\/#\\\/schema\\\/person\\\/096f1d38a12cce57fb855b485ed24c9e\",\"name\":\"admin\",\"url\":\"https:\\\/\\\/akunq.net\\\/tr\\\/?author=7\"}]}<\/script>\n<!-- \/ Yoast SEO plugin. -->","yoast_head_json":{"title":"Samast gardiyanlara sald\u0131r\u0131nca tahliye edilmedi - Bati Ermenistan Ve Bati Ermenileri Sorunlari Ara\u015ftirmalar Merkezi","robots":{"index":"index","follow":"follow","max-snippet":"max-snippet:-1","max-image-preview":"max-image-preview:large","max-video-preview":"max-video-preview:-1"},"canonical":"https:\/\/akunq.net\/tr\/?p=58594","og_locale":"en_US","og_type":"article","og_title":"Samast gardiyanlara sald\u0131r\u0131nca tahliye edilmedi - Bati Ermenistan Ve Bati Ermenileri Sorunlari Ara\u015ftirmalar Merkezi","og_description":"Hrant Dink\u2019in katili Og\u00fcn Samast cezas\u0131n\u0131 doldurunca tahliyesi g\u00fcndeme geldi. Ancak gardiyanlarla olan bir kavgadan dolay\u0131 hakk\u0131nda tutuklama karar\u0131 verilince serbest b\u0131rak\u0131lmad\u0131. DUVAR \u2013 Gazeteci Hrant Dink\u2019i \u00f6ld\u00fcren Og\u00fcn Samast cezaevinden tahliye edilmeyi beklerken, ald\u0131\u011f\u0131 ba\u015fka cezalar nedeniyle serbest b\u0131rak\u0131lmad\u0131. Samast Agos gazetesi Genel Yay\u0131n Y\u00f6netmeni Hrant Dink\u2019i 2007 y\u0131l\u0131nda \u015ei\u015fli Osmanbey\u2019de \u00f6ld\u00fcrm\u00fc\u015ft\u00fc. Og\u00fcn Samast [&hellip;]","og_url":"https:\/\/akunq.net\/tr\/?p=58594","og_site_name":"Bati Ermenistan Ve Bati Ermenileri Sorunlari Ara\u015ftirmalar Merkezi","article_published_time":"2020-08-31T07:06:23+00:00","og_image":[{"width":736,"height":414,"url":"https:\/\/akunq.net\/tr\/wp-content\/uploads\/sites\/6\/2020\/08\/Samast.jpg","type":"image\/jpeg"}],"author":"admin","twitter_card":"summary_large_image","twitter_misc":{"Written by":"admin","Est. reading time":"2 minutes"},"schema":{"@context":"https:\/\/schema.org","@graph":[{"@type":"Article","@id":"https:\/\/akunq.net\/tr\/?p=58594#article","isPartOf":{"@id":"https:\/\/akunq.net\/tr\/?p=58594"},"author":{"name":"admin","@id":"https:\/\/akunq.net\/tr\/#\/schema\/person\/096f1d38a12cce57fb855b485ed24c9e"},"headline":"Samast gardiyanlara sald\u0131r\u0131nca tahliye edilmedi","datePublished":"2020-08-31T07:06:23+00:00","mainEntityOfPage":{"@id":"https:\/\/akunq.net\/tr\/?p=58594"},"wordCount":327,"commentCount":0,"image":{"@id":"https:\/\/akunq.net\/tr\/?p=58594#primaryimage"},"thumbnailUrl":"https:\/\/akunq.net\/tr\/wp-content\/uploads\/sites\/6\/2020\/08\/Samast.jpg","articleSection":["Haberler"],"inLanguage":"en-US","potentialAction":[{"@type":"CommentAction","name":"Comment","target":["https:\/\/akunq.net\/tr\/?p=58594#respond"]}]},{"@type":"WebPage","@id":"https:\/\/akunq.net\/tr\/?p=58594","url":"https:\/\/akunq.net\/tr\/?p=58594","name":"Samast gardiyanlara sald\u0131r\u0131nca tahliye edilmedi - Bati Ermenistan Ve Bati Ermenileri Sorunlari Ara\u015ftirmalar Merkezi","isPartOf":{"@id":"https:\/\/akunq.net\/tr\/#website"},"primaryImageOfPage":{"@id":"https:\/\/akunq.net\/tr\/?p=58594#primaryimage"},"image":{"@id":"https:\/\/akunq.net\/tr\/?p=58594#primaryimage"},"thumbnailUrl":"https:\/\/akunq.net\/tr\/wp-content\/uploads\/sites\/6\/2020\/08\/Samast.jpg","datePublished":"2020-08-31T07:06:23+00:00","author":{"@id":"https:\/\/akunq.net\/tr\/#\/schema\/person\/096f1d38a12cce57fb855b485ed24c9e"},"breadcrumb":{"@id":"https:\/\/akunq.net\/tr\/?p=58594#breadcrumb"},"inLanguage":"en-US","potentialAction":[{"@type":"ReadAction","target":["https:\/\/akunq.net\/tr\/?p=58594"]}]},{"@type":"ImageObject","inLanguage":"en-US","@id":"https:\/\/akunq.net\/tr\/?p=58594#primaryimage","url":"https:\/\/akunq.net\/tr\/wp-content\/uploads\/sites\/6\/2020\/08\/Samast.jpg","contentUrl":"https:\/\/akunq.net\/tr\/wp-content\/uploads\/sites\/6\/2020\/08\/Samast.jpg","width":736,"height":414},{"@type":"BreadcrumbList","@id":"https:\/\/akunq.net\/tr\/?p=58594#breadcrumb","itemListElement":[{"@type":"ListItem","position":1,"name":"Home","item":"https:\/\/akunq.net\/tr"},{"@type":"ListItem","position":2,"name":"Samast gardiyanlara sald\u0131r\u0131nca tahliye edilmedi"}]},{"@type":"WebSite","@id":"https:\/\/akunq.net\/tr\/#website","url":"https:\/\/akunq.net\/tr\/","name":"Bati Ermenistan Ve Bati Ermenileri Sorunlari Ara\u015ftirmalar Merkezi","description":"","potentialAction":[{"@type":"SearchAction","target":{"@type":"EntryPoint","urlTemplate":"https:\/\/akunq.net\/tr\/?s={search_term_string}"},"query-input":{"@type":"PropertyValueSpecification","valueRequired":true,"valueName":"search_term_string"}}],"inLanguage":"en-US"},{"@type":"Person","@id":"https:\/\/akunq.net\/tr\/#\/schema\/person\/096f1d38a12cce57fb855b485ed24c9e","name":"admin","url":"https:\/\/akunq.net\/tr\/?author=7"}]}},"_links":{"self":[{"href":"https:\/\/akunq.net\/tr\/index.php?rest_route=\/wp\/v2\/posts\/58594","targetHints":{"allow":["GET"]}}],"collection":[{"href":"https:\/\/akunq.net\/tr\/index.php?rest_route=\/wp\/v2\/posts"}],"about":[{"href":"https:\/\/akunq.net\/tr\/index.php?rest_route=\/wp\/v2\/types\/post"}],"author":[{"embeddable":true,"href":"https:\/\/akunq.net\/tr\/index.php?rest_route=\/wp\/v2\/users\/7"}],"replies":[{"embeddable":true,"href":"https:\/\/akunq.net\/tr\/index.php?rest_route=%2Fwp%2Fv2%2Fcomments&post=58594"}],"version-history":[{"count":1,"href":"https:\/\/akunq.net\/tr\/index.php?rest_route=\/wp\/v2\/posts\/58594\/revisions"}],"predecessor-version":[{"id":58596,"href":"https:\/\/akunq.net\/tr\/index.php?rest_route=\/wp\/v2\/posts\/58594\/revisions\/58596"}],"wp:featuredmedia":[{"embeddable":true,"href":"https:\/\/akunq.net\/tr\/index.php?rest_route=\/wp\/v2\/media\/58595"}],"wp:attachment":[{"href":"https:\/\/akunq.net\/tr\/index.php?rest_route=%2Fwp%2Fv2%2Fmedia&parent=58594"}],"wp:term":[{"taxonomy":"category","embeddable":true,"href":"https:\/\/akunq.net\/tr\/index.php?rest_route=%2Fwp%2Fv2%2Fcategories&post=58594"},{"taxonomy":"post_tag","embeddable":true,"href":"https:\/\/akunq.net\/tr\/index.php?rest_route=%2Fwp%2Fv2%2Ftags&post=58594"}],"curies":[{"name":"wp","href":"https:\/\/api.w.org\/{rel}","templated":true}]}}