{"id":58580,"date":"2020-08-28T06:21:48","date_gmt":"2020-08-28T11:21:48","guid":{"rendered":"https:\/\/akunq.net\/tr\/?p=58580"},"modified":"2020-08-28T06:24:29","modified_gmt":"2020-08-28T11:24:29","slug":"eceabatta-tunc-cagini-cikariyorlar","status":"publish","type":"post","link":"https:\/\/akunq.net\/tr\/?p=58580","title":{"rendered":"Eceabat\u2019ta \u2018Tun\u00e7 \u00c7a\u011f\u0131\u2019n\u0131 \u00e7\u0131kar\u0131yorlar"},"content":{"rendered":"<p><img loading=\"lazy\" decoding=\"async\" class=\"size-medium wp-image-58581\" src=\"https:\/\/akunq.net\/tr\/wp-content\/uploads\/2020\/08\/Eceabat-360x203.jpg\" alt=\"\" width=\"360\" height=\"203\" srcset=\"https:\/\/akunq.net\/tr\/wp-content\/uploads\/sites\/6\/2020\/08\/Eceabat-360x203.jpg 360w, https:\/\/akunq.net\/tr\/wp-content\/uploads\/sites\/6\/2020\/08\/Eceabat-560x315.jpg 560w, https:\/\/akunq.net\/tr\/wp-content\/uploads\/sites\/6\/2020\/08\/Eceabat-260x146.jpg 260w, https:\/\/akunq.net\/tr\/wp-content\/uploads\/sites\/6\/2020\/08\/Eceabat-160x90.jpg 160w, https:\/\/akunq.net\/tr\/wp-content\/uploads\/sites\/6\/2020\/08\/Eceabat.jpg 736w\" sizes=\"auto, (max-width: 360px) 100vw, 360px\" \/><\/p>\n<p><em><strong>Tun\u00e7 \u00c7a\u011f\u0131 yerle\u015fimi Maydos Kilisetepe H\u00f6y\u00fc\u011f\u00fc\u2019nde korona vir\u00fcs\u00fc salg\u0131n\u0131 nedeniyle ge\u00e7mi\u015f y\u0131llara g\u00f6re daha s\u0131n\u0131rl\u0131 yap\u0131lan kaz\u0131 \u00e7al\u0131\u015fmalar\u0131nda \u00f6nemli buluntular ortaya \u00e7\u0131kar\u0131ld\u0131.<\/strong><\/em><\/p>\n<p>DUVAR \u2013 \u00c7anakkale\u2019nin Eceabat il\u00e7esindeki Maydos Kilisetepe H\u00f6y\u00fc\u011f\u00fc\u2019nde devam eden arkeolojik kaz\u0131da, Tun\u00e7 \u00c7a\u011f\u0131\u2019n\u0131n farkl\u0131 d\u00f6nemlerine ait kal\u0131nt\u0131lar bulundu.<\/p>\n<p>\u00c7anakkale Onsekiz Mart \u00dcniversitesi (\u00c7OM\u00dc) Arkeoloji B\u00f6l\u00fcm\u00fc \u00d6\u011fretim \u00dcyesi Do\u00e7. Dr. G\u00f6ksel Sazc\u0131 ba\u015fkanl\u0131\u011f\u0131ndaki ekip, il\u00e7e merkezinde denize yak\u0131n bir b\u00f6l\u00fcmdeki kaz\u0131lar\u0131n 11\u2019inci y\u0131l\u0131nda \u00f6nemli ipu\u00e7lar\u0131na ula\u015ft\u0131. Tarihi Gelibolu Yar\u0131madas\u0131\u2019ndaki il\u00e7ede y\u00fcr\u00fct\u00fclen \u00e7al\u0131\u015fmalara ili\u015fkin, bilgi veren Do\u00e7. Dr. Sazc\u0131, 10 ki\u015fiden olu\u015fan ekibin y\u00fcr\u00fctt\u00fc\u011f\u00fc kaz\u0131da 7 i\u015f\u00e7inin de yer ald\u0131\u011f\u0131n\u0131 s\u00f6yledi.<\/p>\n<p>Kaz\u0131ya temmuz ay\u0131 ba\u015f\u0131nda ba\u015flad\u0131klar\u0131n\u0131 belirten Sazc\u0131, s\u00f6zlerini \u015f\u00f6yle s\u00fcrd\u00fcrd\u00fc:<\/p>\n<p>\u201cEkibimizi pandemi dolay\u0131s\u0131yla s\u0131n\u0131rl\u0131 tuttuk. O y\u00fczden k\u0131s\u0131tl\u0131 alanlarda k\u0131s\u0131tl\u0131 personel ile \u00e7al\u0131\u015f\u0131yoruz. Bu y\u0131l her y\u0131ldan farkl\u0131 bir d\u00f6nem. Daha dikkatli, daha mesafeli \u00e7al\u0131\u015f\u0131yoruz. O y\u00fczden \u00f6nceki y\u0131llardaki h\u0131z\u0131m\u0131zla \u00e7al\u0131\u015fmam\u0131z m\u00fcmk\u00fcn de\u011fil ama yine de \u00e7al\u0131\u015fmalara ara vermeden devam etmek \u00f6nemli bir durum. \u00d6nceki y\u0131llarda daha geni\u015f alanlarda \u00e7al\u0131\u015fm\u0131\u015ft\u0131k, bu sene iki ayr\u0131 alanda \u00e7al\u0131\u015f\u0131yoruz.\u201d<\/p>\n<p>Sazc\u0131, kaz\u0131n\u0131n son 15-20 g\u00fcn\u00fcnde, \u00e7al\u0131\u015ft\u0131klar\u0131 alanlardan birinde ula\u015ft\u0131klar\u0131 Demir \u00c7a\u011f\u0131 tabakalar\u0131n\u0131n detaylar\u0131n\u0131 ara\u015ft\u0131racaklar\u0131n\u0131 aktard\u0131. Do\u00e7. Dr. Sazc\u0131, di\u011fer \u00e7al\u0131\u015fma alan\u0131nda ise bat\u0131 kesitinde g\u00f6r\u00fclen savunma sistemleriyle ilgili duvarlara ula\u015fmay\u0131 ama\u00e7lad\u0131klar\u0131n\u0131 anlatt\u0131.<\/p>\n<p><strong>FARKLI D\u00d6NEMLERDEN ESERLER VAR<\/strong><\/p>\n<p>\u00dcstten teknik bir bi\u00e7imde inmeleri gerekti\u011fi i\u00e7in farkl\u0131 d\u00f6nemlere ait buluntularla kar\u015f\u0131la\u015ft\u0131klar\u0131n\u0131 aktaran Sazc\u0131, \u015funlar\u0131 kaydetti:<\/p>\n<p>\u201cBurada Ge\u00e7 Tun\u00e7 \u00c7a\u011f\u0131\u2019ndan hatta daha da yak\u0131n d\u00f6nemlerden yani Geometrik D\u00f6nem\u2019den \u0130lk (Erken) Tun\u00e7 \u00c7a\u011f\u0131\u2019na kadar yap\u0131lar kar\u015f\u0131m\u0131za \u00e7\u0131kt\u0131. Yap\u0131lar\u0131n i\u00e7inde ocak yerleri, g\u00fcndelik hayatta kullan\u0131lan seramikler, a\u011f\u0131r\u015fak, ta\u015f baltalar gibi buluntular ele ge\u00e7ti. Bir de \u00fczeri bezemeli kemikten idol bulduk. Ayr\u0131ca Son Tun\u00e7 \u00c7a\u011f\u0131\u2019na tarihledi\u011fimiz yap\u0131lar\u0131n d\u0131\u015f\u0131nda ise etraf\u0131 kal\u0131n kire\u00e7le s\u0131val\u0131 \u00e7ukurlara rastlad\u0131k. Bu \u00e7ukurlar\u0131n benzerlerini burada daha \u00f6nce de tespit etmi\u015ftik. \u0130\u00e7inde yo\u011fun miktarda kire\u00e7 bulunmas\u0131 ve etraf\u0131n\u0131n 5-10 santimetre kal\u0131nl\u0131\u011f\u0131nda kire\u00e7 tabakas\u0131yla kapl\u0131 olmas\u0131, bize burada deri tabaklama i\u015f\u00e7ili\u011finin yap\u0131ld\u0131\u011f\u0131n\u0131 g\u00f6steriyor.<\/p>\n<p>\u00c7al\u0131\u015ft\u0131\u011f\u0131m\u0131z alan yerle\u015fmenin karaya bakan bat\u0131 k\u0131sm\u0131nda. Bu alanda ortaya \u00e7\u0131kard\u0131\u011f\u0131m\u0131z yap\u0131lar\u0131n i\u00e7inde ve etraf\u0131nda genelde Balkanlar\u2019dan bilinen buluntular, \u00fczeri Balkanlar\u2019dan bilinen motiflerle s\u00fcslenmi\u015f kaplar ele ge\u00e7ti. Bu sebeple de yerle\u015fmenin bat\u0131 k\u0131sm\u0131nda daha \u00e7ok Balkanlar\u2019dan gelmi\u015f ailelerin ikamet etmi\u015f olabilece\u011fini d\u00fc\u015f\u00fcn\u00fcyoruz.\u201d<\/p>\n<p><strong>SURLARIN \u0130\u00c7\u0130NDE ZENG\u0130NLER OTURUYORDU<\/strong><\/p>\n<p>Sazc\u0131, Orta Tun\u00e7 \u00c7a\u011f\u0131\u2019nda milattan \u00f6nce 1800-1700\u2019l\u00fc y\u0131llarda yap\u0131lm\u0131\u015f Maydos Kale yerle\u015fimini \u00e7evreleyen surlar\u0131n d\u0131\u015f\u0131nda \u00e7ift\u00e7i, t\u00fcccar, denizci gibi kesimlerin, surlar\u0131n i\u00e7inde ise y\u00f6netici s\u0131n\u0131f\u0131n, zengin ve varl\u0131kl\u0131 insanlar\u0131n ya\u015fad\u0131\u011f\u0131n\u0131 tahmin ettiklerini bildirdi.<\/p>\n<p>Ayr\u0131ca, milattan \u00f6nce 6\u2019nc\u0131 y\u00fczy\u0131la ait oldu\u011funu d\u00fc\u015f\u00fcnd\u00fckleri Arkaik d\u00f6neme ait ke\u00e7i fig\u00fcrl\u00fc seramikler bulduklar\u0131n\u0131 ifade eden Sazc\u0131, s\u00f6zlerini \u015f\u00f6yle tamamlad\u0131:<\/p>\n<p>\u201c\u00c7al\u0131\u015fmalarda as\u0131l bu y\u0131l\u0131n bizim a\u00e7\u0131m\u0131zdan en \u00f6nemli neticesi ise eyl\u00fcl ay\u0131nda yay\u0131nlayaca\u011f\u0131m\u0131z kitap olacak. Kitab\u0131m\u0131z\u0131 haz\u0131rlad\u0131k. \u015eimdiye kadar ger\u00e7ekle\u015ftirdi\u011fimiz \u00e7al\u0131\u015fmalarda tamamlanm\u0131\u015f olanlar\u0131 makaleye d\u00f6n\u00fc\u015ft\u00fcr\u00fcp bu kitapta okuyuculara sunduk.\u201d<\/p>\n<p><em><strong>https:\/\/www.gazeteduvar.com.tr\/kultur-sanat\/2020\/08\/27\/eceabatta-tunc-cagini-cikariyorlar\/\u00a0<\/strong><\/em><\/p>\n<hr \/>\n<p>&nbsp;<\/p>\n","protected":false},"excerpt":{"rendered":"<p>Tun\u00e7 \u00c7a\u011f\u0131 yerle\u015fimi Maydos Kilisetepe H\u00f6y\u00fc\u011f\u00fc\u2019nde korona vir\u00fcs\u00fc salg\u0131n\u0131 nedeniyle ge\u00e7mi\u015f y\u0131llara g\u00f6re daha s\u0131n\u0131rl\u0131 yap\u0131lan kaz\u0131 \u00e7al\u0131\u015fmalar\u0131nda \u00f6nemli buluntular ortaya \u00e7\u0131kar\u0131ld\u0131. DUVAR \u2013 \u00c7anakkale\u2019nin Eceabat il\u00e7esindeki Maydos Kilisetepe H\u00f6y\u00fc\u011f\u00fc\u2019nde devam eden arkeolojik kaz\u0131da, Tun\u00e7 \u00c7a\u011f\u0131\u2019n\u0131n farkl\u0131 d\u00f6nemlerine ait kal\u0131nt\u0131lar bulundu. \u00c7anakkale Onsekiz Mart \u00dcniversitesi (\u00c7OM\u00dc) Arkeoloji B\u00f6l\u00fcm\u00fc \u00d6\u011fretim \u00dcyesi Do\u00e7. Dr. G\u00f6ksel Sazc\u0131 ba\u015fkanl\u0131\u011f\u0131ndaki [&hellip;]<\/p>\n","protected":false},"author":7,"featured_media":58581,"comment_status":"open","ping_status":"open","sticky":false,"template":"","format":"standard","meta":{"footnotes":""},"categories":[1],"tags":[],"class_list":["post-58580","post","type-post","status-publish","format-standard","has-post-thumbnail","hentry","category-haberler"],"yoast_head":"<!-- This site is optimized with the Yoast SEO plugin v27.4 - https:\/\/yoast.com\/product\/yoast-seo-wordpress\/ -->\n<title>Eceabat\u2019ta \u2018Tun\u00e7 \u00c7a\u011f\u0131\u2019n\u0131 \u00e7\u0131kar\u0131yorlar - Bati Ermenistan Ve Bati Ermenileri Sorunlari Ara\u015ftirmalar Merkezi<\/title>\n<meta name=\"robots\" content=\"index, follow, max-snippet:-1, max-image-preview:large, max-video-preview:-1\" \/>\n<link rel=\"canonical\" href=\"https:\/\/akunq.net\/tr\/?p=58580\" \/>\n<meta property=\"og:locale\" content=\"en_US\" \/>\n<meta property=\"og:type\" content=\"article\" \/>\n<meta property=\"og:title\" content=\"Eceabat\u2019ta \u2018Tun\u00e7 \u00c7a\u011f\u0131\u2019n\u0131 \u00e7\u0131kar\u0131yorlar - Bati Ermenistan Ve Bati Ermenileri Sorunlari Ara\u015ftirmalar Merkezi\" \/>\n<meta property=\"og:description\" content=\"Tun\u00e7 \u00c7a\u011f\u0131 yerle\u015fimi Maydos Kilisetepe H\u00f6y\u00fc\u011f\u00fc\u2019nde korona vir\u00fcs\u00fc salg\u0131n\u0131 nedeniyle ge\u00e7mi\u015f y\u0131llara g\u00f6re daha s\u0131n\u0131rl\u0131 yap\u0131lan kaz\u0131 \u00e7al\u0131\u015fmalar\u0131nda \u00f6nemli buluntular ortaya \u00e7\u0131kar\u0131ld\u0131. DUVAR \u2013 \u00c7anakkale\u2019nin Eceabat il\u00e7esindeki Maydos Kilisetepe H\u00f6y\u00fc\u011f\u00fc\u2019nde devam eden arkeolojik kaz\u0131da, Tun\u00e7 \u00c7a\u011f\u0131\u2019n\u0131n farkl\u0131 d\u00f6nemlerine ait kal\u0131nt\u0131lar bulundu. \u00c7anakkale Onsekiz Mart \u00dcniversitesi (\u00c7OM\u00dc) Arkeoloji B\u00f6l\u00fcm\u00fc \u00d6\u011fretim \u00dcyesi Do\u00e7. Dr. G\u00f6ksel Sazc\u0131 ba\u015fkanl\u0131\u011f\u0131ndaki [&hellip;]\" \/>\n<meta property=\"og:url\" content=\"https:\/\/akunq.net\/tr\/?p=58580\" \/>\n<meta property=\"og:site_name\" content=\"Bati Ermenistan Ve Bati Ermenileri Sorunlari Ara\u015ftirmalar Merkezi\" \/>\n<meta property=\"article:published_time\" content=\"2020-08-28T11:21:48+00:00\" \/>\n<meta property=\"article:modified_time\" content=\"2020-08-28T11:24:29+00:00\" \/>\n<meta property=\"og:image\" content=\"https:\/\/akunq.net\/tr\/wp-content\/uploads\/sites\/6\/2020\/08\/Eceabat.jpg\" \/>\n\t<meta property=\"og:image:width\" content=\"736\" \/>\n\t<meta property=\"og:image:height\" content=\"414\" \/>\n\t<meta property=\"og:image:type\" content=\"image\/jpeg\" \/>\n<meta name=\"author\" content=\"admin\" \/>\n<meta name=\"twitter:card\" content=\"summary_large_image\" \/>\n<meta name=\"twitter:label1\" content=\"Written by\" \/>\n\t<meta name=\"twitter:data1\" content=\"admin\" \/>\n\t<meta name=\"twitter:label2\" content=\"Est. reading time\" \/>\n\t<meta name=\"twitter:data2\" content=\"3 minutes\" \/>\n<script type=\"application\/ld+json\" class=\"yoast-schema-graph\">{\"@context\":\"https:\\\/\\\/schema.org\",\"@graph\":[{\"@type\":\"Article\",\"@id\":\"https:\\\/\\\/akunq.net\\\/tr\\\/?p=58580#article\",\"isPartOf\":{\"@id\":\"https:\\\/\\\/akunq.net\\\/tr\\\/?p=58580\"},\"author\":{\"name\":\"admin\",\"@id\":\"https:\\\/\\\/akunq.net\\\/tr\\\/#\\\/schema\\\/person\\\/096f1d38a12cce57fb855b485ed24c9e\"},\"headline\":\"Eceabat\u2019ta \u2018Tun\u00e7 \u00c7a\u011f\u0131\u2019n\u0131 \u00e7\u0131kar\u0131yorlar\",\"datePublished\":\"2020-08-28T11:21:48+00:00\",\"dateModified\":\"2020-08-28T11:24:29+00:00\",\"mainEntityOfPage\":{\"@id\":\"https:\\\/\\\/akunq.net\\\/tr\\\/?p=58580\"},\"wordCount\":680,\"commentCount\":0,\"image\":{\"@id\":\"https:\\\/\\\/akunq.net\\\/tr\\\/?p=58580#primaryimage\"},\"thumbnailUrl\":\"https:\\\/\\\/akunq.net\\\/tr\\\/wp-content\\\/uploads\\\/sites\\\/6\\\/2020\\\/08\\\/Eceabat.jpg\",\"articleSection\":[\"Haberler\"],\"inLanguage\":\"en-US\",\"potentialAction\":[{\"@type\":\"CommentAction\",\"name\":\"Comment\",\"target\":[\"https:\\\/\\\/akunq.net\\\/tr\\\/?p=58580#respond\"]}]},{\"@type\":\"WebPage\",\"@id\":\"https:\\\/\\\/akunq.net\\\/tr\\\/?p=58580\",\"url\":\"https:\\\/\\\/akunq.net\\\/tr\\\/?p=58580\",\"name\":\"Eceabat\u2019ta \u2018Tun\u00e7 \u00c7a\u011f\u0131\u2019n\u0131 \u00e7\u0131kar\u0131yorlar - Bati Ermenistan Ve Bati Ermenileri Sorunlari Ara\u015ftirmalar Merkezi\",\"isPartOf\":{\"@id\":\"https:\\\/\\\/akunq.net\\\/tr\\\/#website\"},\"primaryImageOfPage\":{\"@id\":\"https:\\\/\\\/akunq.net\\\/tr\\\/?p=58580#primaryimage\"},\"image\":{\"@id\":\"https:\\\/\\\/akunq.net\\\/tr\\\/?p=58580#primaryimage\"},\"thumbnailUrl\":\"https:\\\/\\\/akunq.net\\\/tr\\\/wp-content\\\/uploads\\\/sites\\\/6\\\/2020\\\/08\\\/Eceabat.jpg\",\"datePublished\":\"2020-08-28T11:21:48+00:00\",\"dateModified\":\"2020-08-28T11:24:29+00:00\",\"author\":{\"@id\":\"https:\\\/\\\/akunq.net\\\/tr\\\/#\\\/schema\\\/person\\\/096f1d38a12cce57fb855b485ed24c9e\"},\"breadcrumb\":{\"@id\":\"https:\\\/\\\/akunq.net\\\/tr\\\/?p=58580#breadcrumb\"},\"inLanguage\":\"en-US\",\"potentialAction\":[{\"@type\":\"ReadAction\",\"target\":[\"https:\\\/\\\/akunq.net\\\/tr\\\/?p=58580\"]}]},{\"@type\":\"ImageObject\",\"inLanguage\":\"en-US\",\"@id\":\"https:\\\/\\\/akunq.net\\\/tr\\\/?p=58580#primaryimage\",\"url\":\"https:\\\/\\\/akunq.net\\\/tr\\\/wp-content\\\/uploads\\\/sites\\\/6\\\/2020\\\/08\\\/Eceabat.jpg\",\"contentUrl\":\"https:\\\/\\\/akunq.net\\\/tr\\\/wp-content\\\/uploads\\\/sites\\\/6\\\/2020\\\/08\\\/Eceabat.jpg\",\"width\":736,\"height\":414,\"caption\":\"\u00c7anakkale'nin Eceabat il\u00e7esindeki Maydos Kilisetepe H\u00f6y\u00fc\u011f\u00fc'nde devam eden arkeolojik kaz\u0131da, Tun\u00e7 \u00c7a\u011f\u0131'n\u0131n farkl\u0131 d\u00f6nemlerine ait kal\u0131nt\u0131lar bulundu. ( B\u00fclent Ers\u00f6z - Anadolu Ajans\u0131 )\"},{\"@type\":\"BreadcrumbList\",\"@id\":\"https:\\\/\\\/akunq.net\\\/tr\\\/?p=58580#breadcrumb\",\"itemListElement\":[{\"@type\":\"ListItem\",\"position\":1,\"name\":\"Home\",\"item\":\"https:\\\/\\\/akunq.net\\\/tr\"},{\"@type\":\"ListItem\",\"position\":2,\"name\":\"Eceabat\u2019ta \u2018Tun\u00e7 \u00c7a\u011f\u0131\u2019n\u0131 \u00e7\u0131kar\u0131yorlar\"}]},{\"@type\":\"WebSite\",\"@id\":\"https:\\\/\\\/akunq.net\\\/tr\\\/#website\",\"url\":\"https:\\\/\\\/akunq.net\\\/tr\\\/\",\"name\":\"Bati Ermenistan Ve Bati Ermenileri Sorunlari Ara\u015ftirmalar Merkezi\",\"description\":\"\",\"potentialAction\":[{\"@type\":\"SearchAction\",\"target\":{\"@type\":\"EntryPoint\",\"urlTemplate\":\"https:\\\/\\\/akunq.net\\\/tr\\\/?s={search_term_string}\"},\"query-input\":{\"@type\":\"PropertyValueSpecification\",\"valueRequired\":true,\"valueName\":\"search_term_string\"}}],\"inLanguage\":\"en-US\"},{\"@type\":\"Person\",\"@id\":\"https:\\\/\\\/akunq.net\\\/tr\\\/#\\\/schema\\\/person\\\/096f1d38a12cce57fb855b485ed24c9e\",\"name\":\"admin\",\"url\":\"https:\\\/\\\/akunq.net\\\/tr\\\/?author=7\"}]}<\/script>\n<!-- \/ Yoast SEO plugin. -->","yoast_head_json":{"title":"Eceabat\u2019ta \u2018Tun\u00e7 \u00c7a\u011f\u0131\u2019n\u0131 \u00e7\u0131kar\u0131yorlar - Bati Ermenistan Ve Bati Ermenileri Sorunlari Ara\u015ftirmalar Merkezi","robots":{"index":"index","follow":"follow","max-snippet":"max-snippet:-1","max-image-preview":"max-image-preview:large","max-video-preview":"max-video-preview:-1"},"canonical":"https:\/\/akunq.net\/tr\/?p=58580","og_locale":"en_US","og_type":"article","og_title":"Eceabat\u2019ta \u2018Tun\u00e7 \u00c7a\u011f\u0131\u2019n\u0131 \u00e7\u0131kar\u0131yorlar - Bati Ermenistan Ve Bati Ermenileri Sorunlari Ara\u015ftirmalar Merkezi","og_description":"Tun\u00e7 \u00c7a\u011f\u0131 yerle\u015fimi Maydos Kilisetepe H\u00f6y\u00fc\u011f\u00fc\u2019nde korona vir\u00fcs\u00fc salg\u0131n\u0131 nedeniyle ge\u00e7mi\u015f y\u0131llara g\u00f6re daha s\u0131n\u0131rl\u0131 yap\u0131lan kaz\u0131 \u00e7al\u0131\u015fmalar\u0131nda \u00f6nemli buluntular ortaya \u00e7\u0131kar\u0131ld\u0131. DUVAR \u2013 \u00c7anakkale\u2019nin Eceabat il\u00e7esindeki Maydos Kilisetepe H\u00f6y\u00fc\u011f\u00fc\u2019nde devam eden arkeolojik kaz\u0131da, Tun\u00e7 \u00c7a\u011f\u0131\u2019n\u0131n farkl\u0131 d\u00f6nemlerine ait kal\u0131nt\u0131lar bulundu. \u00c7anakkale Onsekiz Mart \u00dcniversitesi (\u00c7OM\u00dc) Arkeoloji B\u00f6l\u00fcm\u00fc \u00d6\u011fretim \u00dcyesi Do\u00e7. Dr. G\u00f6ksel Sazc\u0131 ba\u015fkanl\u0131\u011f\u0131ndaki [&hellip;]","og_url":"https:\/\/akunq.net\/tr\/?p=58580","og_site_name":"Bati Ermenistan Ve Bati Ermenileri Sorunlari Ara\u015ftirmalar Merkezi","article_published_time":"2020-08-28T11:21:48+00:00","article_modified_time":"2020-08-28T11:24:29+00:00","og_image":[{"width":736,"height":414,"url":"https:\/\/akunq.net\/tr\/wp-content\/uploads\/sites\/6\/2020\/08\/Eceabat.jpg","type":"image\/jpeg"}],"author":"admin","twitter_card":"summary_large_image","twitter_misc":{"Written by":"admin","Est. reading time":"3 minutes"},"schema":{"@context":"https:\/\/schema.org","@graph":[{"@type":"Article","@id":"https:\/\/akunq.net\/tr\/?p=58580#article","isPartOf":{"@id":"https:\/\/akunq.net\/tr\/?p=58580"},"author":{"name":"admin","@id":"https:\/\/akunq.net\/tr\/#\/schema\/person\/096f1d38a12cce57fb855b485ed24c9e"},"headline":"Eceabat\u2019ta \u2018Tun\u00e7 \u00c7a\u011f\u0131\u2019n\u0131 \u00e7\u0131kar\u0131yorlar","datePublished":"2020-08-28T11:21:48+00:00","dateModified":"2020-08-28T11:24:29+00:00","mainEntityOfPage":{"@id":"https:\/\/akunq.net\/tr\/?p=58580"},"wordCount":680,"commentCount":0,"image":{"@id":"https:\/\/akunq.net\/tr\/?p=58580#primaryimage"},"thumbnailUrl":"https:\/\/akunq.net\/tr\/wp-content\/uploads\/sites\/6\/2020\/08\/Eceabat.jpg","articleSection":["Haberler"],"inLanguage":"en-US","potentialAction":[{"@type":"CommentAction","name":"Comment","target":["https:\/\/akunq.net\/tr\/?p=58580#respond"]}]},{"@type":"WebPage","@id":"https:\/\/akunq.net\/tr\/?p=58580","url":"https:\/\/akunq.net\/tr\/?p=58580","name":"Eceabat\u2019ta \u2018Tun\u00e7 \u00c7a\u011f\u0131\u2019n\u0131 \u00e7\u0131kar\u0131yorlar - Bati Ermenistan Ve Bati Ermenileri Sorunlari Ara\u015ftirmalar Merkezi","isPartOf":{"@id":"https:\/\/akunq.net\/tr\/#website"},"primaryImageOfPage":{"@id":"https:\/\/akunq.net\/tr\/?p=58580#primaryimage"},"image":{"@id":"https:\/\/akunq.net\/tr\/?p=58580#primaryimage"},"thumbnailUrl":"https:\/\/akunq.net\/tr\/wp-content\/uploads\/sites\/6\/2020\/08\/Eceabat.jpg","datePublished":"2020-08-28T11:21:48+00:00","dateModified":"2020-08-28T11:24:29+00:00","author":{"@id":"https:\/\/akunq.net\/tr\/#\/schema\/person\/096f1d38a12cce57fb855b485ed24c9e"},"breadcrumb":{"@id":"https:\/\/akunq.net\/tr\/?p=58580#breadcrumb"},"inLanguage":"en-US","potentialAction":[{"@type":"ReadAction","target":["https:\/\/akunq.net\/tr\/?p=58580"]}]},{"@type":"ImageObject","inLanguage":"en-US","@id":"https:\/\/akunq.net\/tr\/?p=58580#primaryimage","url":"https:\/\/akunq.net\/tr\/wp-content\/uploads\/sites\/6\/2020\/08\/Eceabat.jpg","contentUrl":"https:\/\/akunq.net\/tr\/wp-content\/uploads\/sites\/6\/2020\/08\/Eceabat.jpg","width":736,"height":414,"caption":"\u00c7anakkale'nin Eceabat il\u00e7esindeki Maydos Kilisetepe H\u00f6y\u00fc\u011f\u00fc'nde devam eden arkeolojik kaz\u0131da, Tun\u00e7 \u00c7a\u011f\u0131'n\u0131n farkl\u0131 d\u00f6nemlerine ait kal\u0131nt\u0131lar bulundu. ( B\u00fclent Ers\u00f6z - Anadolu Ajans\u0131 )"},{"@type":"BreadcrumbList","@id":"https:\/\/akunq.net\/tr\/?p=58580#breadcrumb","itemListElement":[{"@type":"ListItem","position":1,"name":"Home","item":"https:\/\/akunq.net\/tr"},{"@type":"ListItem","position":2,"name":"Eceabat\u2019ta \u2018Tun\u00e7 \u00c7a\u011f\u0131\u2019n\u0131 \u00e7\u0131kar\u0131yorlar"}]},{"@type":"WebSite","@id":"https:\/\/akunq.net\/tr\/#website","url":"https:\/\/akunq.net\/tr\/","name":"Bati Ermenistan Ve Bati Ermenileri Sorunlari Ara\u015ftirmalar Merkezi","description":"","potentialAction":[{"@type":"SearchAction","target":{"@type":"EntryPoint","urlTemplate":"https:\/\/akunq.net\/tr\/?s={search_term_string}"},"query-input":{"@type":"PropertyValueSpecification","valueRequired":true,"valueName":"search_term_string"}}],"inLanguage":"en-US"},{"@type":"Person","@id":"https:\/\/akunq.net\/tr\/#\/schema\/person\/096f1d38a12cce57fb855b485ed24c9e","name":"admin","url":"https:\/\/akunq.net\/tr\/?author=7"}]}},"_links":{"self":[{"href":"https:\/\/akunq.net\/tr\/index.php?rest_route=\/wp\/v2\/posts\/58580","targetHints":{"allow":["GET"]}}],"collection":[{"href":"https:\/\/akunq.net\/tr\/index.php?rest_route=\/wp\/v2\/posts"}],"about":[{"href":"https:\/\/akunq.net\/tr\/index.php?rest_route=\/wp\/v2\/types\/post"}],"author":[{"embeddable":true,"href":"https:\/\/akunq.net\/tr\/index.php?rest_route=\/wp\/v2\/users\/7"}],"replies":[{"embeddable":true,"href":"https:\/\/akunq.net\/tr\/index.php?rest_route=%2Fwp%2Fv2%2Fcomments&post=58580"}],"version-history":[{"count":2,"href":"https:\/\/akunq.net\/tr\/index.php?rest_route=\/wp\/v2\/posts\/58580\/revisions"}],"predecessor-version":[{"id":58583,"href":"https:\/\/akunq.net\/tr\/index.php?rest_route=\/wp\/v2\/posts\/58580\/revisions\/58583"}],"wp:featuredmedia":[{"embeddable":true,"href":"https:\/\/akunq.net\/tr\/index.php?rest_route=\/wp\/v2\/media\/58581"}],"wp:attachment":[{"href":"https:\/\/akunq.net\/tr\/index.php?rest_route=%2Fwp%2Fv2%2Fmedia&parent=58580"}],"wp:term":[{"taxonomy":"category","embeddable":true,"href":"https:\/\/akunq.net\/tr\/index.php?rest_route=%2Fwp%2Fv2%2Fcategories&post=58580"},{"taxonomy":"post_tag","embeddable":true,"href":"https:\/\/akunq.net\/tr\/index.php?rest_route=%2Fwp%2Fv2%2Ftags&post=58580"}],"curies":[{"name":"wp","href":"https:\/\/api.w.org\/{rel}","templated":true}]}}