{"id":58570,"date":"2020-08-28T04:22:56","date_gmt":"2020-08-28T09:22:56","guid":{"rendered":"https:\/\/akunq.net\/tr\/?p=58570"},"modified":"2020-08-28T04:22:56","modified_gmt":"2020-08-28T09:22:56","slug":"patrikhanede-ekonomik-gundemle-toplanti","status":"publish","type":"post","link":"https:\/\/akunq.net\/tr\/?p=58570","title":{"rendered":"Patrikhane&#8217;de ekonomik g\u00fcndemle toplant\u0131"},"content":{"rendered":"<div class=\"post-content\">\n<p><img loading=\"lazy\" decoding=\"async\" class=\"alignleft size-medium wp-image-58571\" src=\"https:\/\/akunq.net\/tr\/wp-content\/uploads\/2020\/08\/\u054a\u0531\u054f\u0550\u053b\u0531\u0550\u0554\u0531\u0550\u0531\u0546-360x270.jpg\" alt=\"\" width=\"360\" height=\"270\" srcset=\"https:\/\/akunq.net\/tr\/wp-content\/uploads\/sites\/6\/2020\/08\/\u054a\u0531\u054f\u0550\u053b\u0531\u0550\u0554\u0531\u0550\u0531\u0546-360x270.jpg 360w, https:\/\/akunq.net\/tr\/wp-content\/uploads\/sites\/6\/2020\/08\/\u054a\u0531\u054f\u0550\u053b\u0531\u0550\u0554\u0531\u0550\u0531\u0546-768x576.jpg 768w, https:\/\/akunq.net\/tr\/wp-content\/uploads\/sites\/6\/2020\/08\/\u054a\u0531\u054f\u0550\u053b\u0531\u0550\u0554\u0531\u0550\u0531\u0546-560x420.jpg 560w, https:\/\/akunq.net\/tr\/wp-content\/uploads\/sites\/6\/2020\/08\/\u054a\u0531\u054f\u0550\u053b\u0531\u0550\u0554\u0531\u0550\u0531\u0546-260x195.jpg 260w, https:\/\/akunq.net\/tr\/wp-content\/uploads\/sites\/6\/2020\/08\/\u054a\u0531\u054f\u0550\u053b\u0531\u0550\u0554\u0531\u0550\u0531\u0546-160x120.jpg 160w, https:\/\/akunq.net\/tr\/wp-content\/uploads\/sites\/6\/2020\/08\/\u054a\u0531\u054f\u0550\u053b\u0531\u0550\u0554\u0531\u0550\u0531\u0546.jpg 1440w\" sizes=\"auto, (max-width: 360px) 100vw, 360px\" \/><\/p>\n<p><em><strong>Kadasetli Patrik Sahak II. Hazretleri\u2019nin ba\u015fkanl\u0131\u011f\u0131nda, 27 A\u011fustos 2020, Per\u015fembe, Patriklik kabul salonunda, ekonomik g\u00fcndemle bir toplant\u0131 ger\u00e7ekle\u015fti. Toplant\u0131ya, S. P\u0131rgi\u00e7 Ermeni Hastanesi Vakf\u0131\u2019ndan Mihran Onur, Karag\u00f6zyan Okulu Vakf\u0131\u2019ndan Karun Kovan, S. Ha\u00e7 T\u0131brevank Lisesi Vakf\u0131\u2019ndan Varujan Bulgan, Kad\u0131k\u00f6y S. Takavor Kilisesi Vakf\u0131\u2019ndan Sarven Sert\u015fim\u015fek, Beykoz S. Nigo\u011fayos Kilisesi Vakf\u0131\u2019ndan Aret \u00c7i\u00e7ekeker, Aret Ferahyan ba\u015fkanl\u0131\u011f\u0131nda bir araya gelen gen\u00e7 ekonomistlerden bir grup ve Ermeni Vak\u0131flar Birli\u011fi (ERVAB) koordinat\u00f6r\u00fc Hosrov K\u00f6letavito\u011flu kat\u0131ld\u0131lar.<\/strong><\/em><br \/>\nToplant\u0131 Patrik Hazretleri\u2019nin a\u00e7\u0131l\u0131\u015f duas\u0131 ve iyi dilekleriyle ba\u015flad\u0131. Patrik Hazretleri, toplant\u0131n\u0131n g\u00fcndemine de\u011finerek, cemaat kurumlar\u0131m\u0131z aras\u0131nda yard\u0131mla\u015fman\u0131n daha da \u00f6nem kazand\u0131\u011f\u0131n\u0131n alt\u0131n\u0131 \u00e7izdi. Bu ba\u011flamda, maddi yard\u0131mla\u015fmay\u0131 daha verimli hale getirmek i\u00e7in, ERVAB taraf\u0131ndan \u00e7al\u0131\u015fma gruplar\u0131n\u0131n kurulmas\u0131 \u00f6nerilmi\u015fti. Bu do\u011frultuda gerekli \u00f6n \u00e7al\u0131\u015fmalar yap\u0131lm\u0131\u015ft\u0131 ve biri y\u00f6neticilerden di\u011feri ise ekonomistlerden olu\u015fan iki \u00e7al\u0131\u015fma grubu \u00e7al\u0131\u015fmaya haz\u0131rd\u0131. B\u00f6ylece cemaatimizdeki ekonomik tablo biraz daha belirginle\u015fecek ve gerekli tasarruflar\u0131n yap\u0131lmas\u0131 daha kolayla\u015facakt\u0131.<br \/>\nPatrik Hazretleri toplant\u0131da haz\u0131r bulunan gen\u00e7ler i\u00e7in de bir parantez a\u00e7t\u0131. Onlar\u0131n cemaat ya\u015fant\u0131s\u0131nda ald\u0131klar\u0131 bu yeni sorumluluk ger\u00e7ekten takdire lay\u0131kt\u0131. Onlar\u0131n kat\u0131l\u0131mlar\u0131yla gen\u00e7 ve dinamik bir g\u00fc\u00e7 cemaat ya\u015fant\u0131s\u0131nda olumlu etkiler g\u00f6sterecekti. Bu proje sayesinde onlar kendi bilgilerini sunma olana\u011f\u0131 bulacaklard\u0131. Patrik Hazretleri, gen\u00e7lerin gelecekte de cemaatin y\u00f6netim kademesinde yer almas\u0131n\u0131 diledi.<br \/>\n\u0130lk olarak, Patrikhane Mali Komisyonu \u00fcyelerinden Arek Ferahyan\u2019\u0131n ba\u015fkanl\u0131\u011f\u0131nda, Murat Berbero\u011flu ve Vartavar Cavak g\u00f6zetiminde olu\u015fturulan ekonomik \u00e7al\u0131\u015fma grubunun \u00fcyeleri tan\u0131t\u0131ld\u0131. Bu \u00e7al\u0131\u015fma grubunda \u015fu isimler yer al\u0131yor: Agop Agopo\u011flu, Aksel \u015eahing\u00f6z, Ara Kurto\u011flu, Ararat D\u00f6nel, Aren Sa\u011f\u0131ro\u011flu, Ari Delgi, Ari T\u00fct\u00fcnc\u00fco\u011flu, Arman \u00c7i\u00e7eko\u011flu, Arman Kendirli, Artun Odaba\u015fyan, Burak \u00d6zagazar, Garbis Bo\u011fazl\u0131, Liana Mara\u015fl\u0131yan, Nora Sabah, Nora \u015eirino\u011flu, Noreg \u015een, Sevan \u00c7orluo\u011flu, Sevan Muradyan, Tara D\u00f6kmeci ve Vahan Alyanakyan. \u00c7al\u0131\u015fma grubunun \u00fcyeleri, Patrikhane Mali Komisyonu\u2019yla koordineli olarak \u00e7al\u0131\u015facak ve kilise vak\u0131f y\u00f6netim kurullar\u0131 taraf\u0131ndan haz\u0131rlanan ve Patrikhane\u2019ye sunulan y\u0131ll\u0131k bilan\u00e7olar\u0131 analiz edecekler. Grubun t\u00fcm \u00fcyeleri \u00f6zel \u015firketlerde \u00e7al\u0131\u015fmaktalar ve ekonomist s\u0131fat\u0131yla kendi bilgileriyle bu projede hizmet edecekler. Kendi \u00e7al\u0131\u015fmalar\u0131, ayn\u0131 zamanda y\u00f6netim kurullar\u0131 i\u00e7in dan\u0131\u015fmanl\u0131k mahiyeti ta\u015f\u0131yacak. Toplant\u0131da haz\u0131r bulunan gen\u00e7ler daha sonra, kendilerini tan\u0131tt\u0131lar ve cemaatimizin y\u00f6netimsel mekanizmas\u0131 hakk\u0131nda bilgi edindiler.<br \/>\nDaha sonra, S. P\u0131rgi\u00e7 Ermeni Hastanesi Vakf\u0131, Karag\u00f6zyan Okulu Vakf\u0131, S. Ha\u00e7 T\u0131brevank Lisesi Vakf\u0131, Kad\u0131k\u00f6y S. Takavor Kilisesi Vakf\u0131, Ortak\u00f6y S. Asdvadzadzin Kilisesi Vakf\u0131 ve Beykoz S. Nigo\u011fayos Kilisesi Vakf\u0131 temsilcilerinden olu\u015fan ikinci \u00e7al\u0131\u015fma grubu tan\u0131t\u0131ld\u0131. Vak\u0131f y\u00f6neticilerinden m\u00fcte\u015fekkil bu grup, mali komisyonun haz\u0131rlayaca\u011f\u0131 analiz raporlar\u0131n\u0131 ve \u00f6nerilerini derleyip ERVAB\u2019\u0131n g\u00fcndemine sunacak.<br \/>\nDan\u0131\u015fmanl\u0131k mahiyeti ta\u015f\u0131yan bu \u00e7al\u0131\u015fman\u0131n \u00f6ncelikli g\u00fcndemi 2020-2021 e\u011fitim ve \u00f6\u011fretim y\u0131l\u0131 ba\u015f\u0131nda okullar\u0131m\u0131z\u0131n y\u0131ll\u0131k a\u00e7\u0131klar\u0131d\u0131r. Bu ba\u011flamda, ge\u00e7mi\u015f y\u0131llardaki bilan\u00e7olar da g\u00f6z \u00f6n\u00fcnde bulundurulacak ve ortaya \u00e7\u0131kan tablo do\u011frultusunda gelecek i\u00e7in gerekli d\u00fczenlemeler yap\u0131lacakt\u0131r.<\/p>\n<p><em><strong><a href=\"https:\/\/www.facebook.com\/TRArmenianPatriarchate\/photos\/a.437146606445228\/1617487148411162\/\">https:\/\/www.facebook.com\/TRArmenianPatriarchate\/photos\/a.437146606445228\/1617487148411162\/<\/a><\/strong><\/em><\/p>\n<\/div>\n","protected":false},"excerpt":{"rendered":"<p>Kadasetli Patrik Sahak II. Hazretleri\u2019nin ba\u015fkanl\u0131\u011f\u0131nda, 27 A\u011fustos 2020, Per\u015fembe, Patriklik kabul salonunda, ekonomik g\u00fcndemle bir toplant\u0131 ger\u00e7ekle\u015fti. Toplant\u0131ya, S. P\u0131rgi\u00e7 Ermeni Hastanesi Vakf\u0131\u2019ndan Mihran Onur, Karag\u00f6zyan Okulu Vakf\u0131\u2019ndan Karun Kovan, S. Ha\u00e7 T\u0131brevank Lisesi Vakf\u0131\u2019ndan Varujan Bulgan, Kad\u0131k\u00f6y S. Takavor Kilisesi Vakf\u0131\u2019ndan Sarven Sert\u015fim\u015fek, Beykoz S. Nigo\u011fayos Kilisesi Vakf\u0131\u2019ndan Aret \u00c7i\u00e7ekeker, Aret Ferahyan ba\u015fkanl\u0131\u011f\u0131nda [&hellip;]<\/p>\n","protected":false},"author":7,"featured_media":58571,"comment_status":"open","ping_status":"open","sticky":false,"template":"","format":"standard","meta":{"footnotes":""},"categories":[1],"tags":[],"class_list":["post-58570","post","type-post","status-publish","format-standard","has-post-thumbnail","hentry","category-haberler"],"yoast_head":"<!-- This site is optimized with the Yoast SEO plugin v27.4 - https:\/\/yoast.com\/product\/yoast-seo-wordpress\/ -->\n<title>Patrikhane&#039;de ekonomik g\u00fcndemle toplant\u0131 - Bati Ermenistan Ve Bati Ermenileri Sorunlari Ara\u015ftirmalar Merkezi<\/title>\n<meta name=\"robots\" content=\"index, follow, max-snippet:-1, max-image-preview:large, max-video-preview:-1\" \/>\n<link rel=\"canonical\" href=\"https:\/\/akunq.net\/tr\/?p=58570\" \/>\n<meta property=\"og:locale\" content=\"en_US\" \/>\n<meta property=\"og:type\" content=\"article\" \/>\n<meta property=\"og:title\" content=\"Patrikhane&#039;de ekonomik g\u00fcndemle toplant\u0131 - Bati Ermenistan Ve Bati Ermenileri Sorunlari Ara\u015ftirmalar Merkezi\" \/>\n<meta property=\"og:description\" content=\"Kadasetli Patrik Sahak II. Hazretleri\u2019nin ba\u015fkanl\u0131\u011f\u0131nda, 27 A\u011fustos 2020, Per\u015fembe, Patriklik kabul salonunda, ekonomik g\u00fcndemle bir toplant\u0131 ger\u00e7ekle\u015fti. Toplant\u0131ya, S. P\u0131rgi\u00e7 Ermeni Hastanesi Vakf\u0131\u2019ndan Mihran Onur, Karag\u00f6zyan Okulu Vakf\u0131\u2019ndan Karun Kovan, S. Ha\u00e7 T\u0131brevank Lisesi Vakf\u0131\u2019ndan Varujan Bulgan, Kad\u0131k\u00f6y S. Takavor Kilisesi Vakf\u0131\u2019ndan Sarven Sert\u015fim\u015fek, Beykoz S. Nigo\u011fayos Kilisesi Vakf\u0131\u2019ndan Aret \u00c7i\u00e7ekeker, Aret Ferahyan ba\u015fkanl\u0131\u011f\u0131nda [&hellip;]\" \/>\n<meta property=\"og:url\" content=\"https:\/\/akunq.net\/tr\/?p=58570\" \/>\n<meta property=\"og:site_name\" content=\"Bati Ermenistan Ve Bati Ermenileri Sorunlari Ara\u015ftirmalar Merkezi\" \/>\n<meta property=\"article:published_time\" content=\"2020-08-28T09:22:56+00:00\" \/>\n<meta property=\"og:image\" content=\"https:\/\/akunq.net\/tr\/wp-content\/uploads\/sites\/6\/2020\/08\/\u054a\u0531\u054f\u0550\u053b\u0531\u0550\u0554\u0531\u0550\u0531\u0546.jpg\" \/>\n\t<meta property=\"og:image:width\" content=\"1440\" \/>\n\t<meta property=\"og:image:height\" content=\"1080\" \/>\n\t<meta property=\"og:image:type\" content=\"image\/jpeg\" \/>\n<meta name=\"author\" content=\"admin\" \/>\n<meta name=\"twitter:card\" content=\"summary_large_image\" \/>\n<meta name=\"twitter:label1\" content=\"Written by\" \/>\n\t<meta name=\"twitter:data1\" content=\"admin\" \/>\n\t<meta name=\"twitter:label2\" content=\"Est. reading time\" \/>\n\t<meta name=\"twitter:data2\" content=\"3 minutes\" \/>\n<script type=\"application\/ld+json\" class=\"yoast-schema-graph\">{\"@context\":\"https:\\\/\\\/schema.org\",\"@graph\":[{\"@type\":\"Article\",\"@id\":\"https:\\\/\\\/akunq.net\\\/tr\\\/?p=58570#article\",\"isPartOf\":{\"@id\":\"https:\\\/\\\/akunq.net\\\/tr\\\/?p=58570\"},\"author\":{\"name\":\"admin\",\"@id\":\"https:\\\/\\\/akunq.net\\\/tr\\\/#\\\/schema\\\/person\\\/096f1d38a12cce57fb855b485ed24c9e\"},\"headline\":\"Patrikhane&#8217;de ekonomik g\u00fcndemle toplant\u0131\",\"datePublished\":\"2020-08-28T09:22:56+00:00\",\"mainEntityOfPage\":{\"@id\":\"https:\\\/\\\/akunq.net\\\/tr\\\/?p=58570\"},\"wordCount\":624,\"commentCount\":0,\"image\":{\"@id\":\"https:\\\/\\\/akunq.net\\\/tr\\\/?p=58570#primaryimage\"},\"thumbnailUrl\":\"https:\\\/\\\/akunq.net\\\/tr\\\/wp-content\\\/uploads\\\/sites\\\/6\\\/2020\\\/08\\\/\u054a\u0531\u054f\u0550\u053b\u0531\u0550\u0554\u0531\u0550\u0531\u0546.jpg\",\"articleSection\":[\"Haberler\"],\"inLanguage\":\"en-US\",\"potentialAction\":[{\"@type\":\"CommentAction\",\"name\":\"Comment\",\"target\":[\"https:\\\/\\\/akunq.net\\\/tr\\\/?p=58570#respond\"]}]},{\"@type\":\"WebPage\",\"@id\":\"https:\\\/\\\/akunq.net\\\/tr\\\/?p=58570\",\"url\":\"https:\\\/\\\/akunq.net\\\/tr\\\/?p=58570\",\"name\":\"Patrikhane'de ekonomik g\u00fcndemle toplant\u0131 - Bati Ermenistan Ve Bati Ermenileri Sorunlari Ara\u015ftirmalar Merkezi\",\"isPartOf\":{\"@id\":\"https:\\\/\\\/akunq.net\\\/tr\\\/#website\"},\"primaryImageOfPage\":{\"@id\":\"https:\\\/\\\/akunq.net\\\/tr\\\/?p=58570#primaryimage\"},\"image\":{\"@id\":\"https:\\\/\\\/akunq.net\\\/tr\\\/?p=58570#primaryimage\"},\"thumbnailUrl\":\"https:\\\/\\\/akunq.net\\\/tr\\\/wp-content\\\/uploads\\\/sites\\\/6\\\/2020\\\/08\\\/\u054a\u0531\u054f\u0550\u053b\u0531\u0550\u0554\u0531\u0550\u0531\u0546.jpg\",\"datePublished\":\"2020-08-28T09:22:56+00:00\",\"author\":{\"@id\":\"https:\\\/\\\/akunq.net\\\/tr\\\/#\\\/schema\\\/person\\\/096f1d38a12cce57fb855b485ed24c9e\"},\"breadcrumb\":{\"@id\":\"https:\\\/\\\/akunq.net\\\/tr\\\/?p=58570#breadcrumb\"},\"inLanguage\":\"en-US\",\"potentialAction\":[{\"@type\":\"ReadAction\",\"target\":[\"https:\\\/\\\/akunq.net\\\/tr\\\/?p=58570\"]}]},{\"@type\":\"ImageObject\",\"inLanguage\":\"en-US\",\"@id\":\"https:\\\/\\\/akunq.net\\\/tr\\\/?p=58570#primaryimage\",\"url\":\"https:\\\/\\\/akunq.net\\\/tr\\\/wp-content\\\/uploads\\\/sites\\\/6\\\/2020\\\/08\\\/\u054a\u0531\u054f\u0550\u053b\u0531\u0550\u0554\u0531\u0550\u0531\u0546.jpg\",\"contentUrl\":\"https:\\\/\\\/akunq.net\\\/tr\\\/wp-content\\\/uploads\\\/sites\\\/6\\\/2020\\\/08\\\/\u054a\u0531\u054f\u0550\u053b\u0531\u0550\u0554\u0531\u0550\u0531\u0546.jpg\",\"width\":1440,\"height\":1080},{\"@type\":\"BreadcrumbList\",\"@id\":\"https:\\\/\\\/akunq.net\\\/tr\\\/?p=58570#breadcrumb\",\"itemListElement\":[{\"@type\":\"ListItem\",\"position\":1,\"name\":\"Home\",\"item\":\"https:\\\/\\\/akunq.net\\\/tr\"},{\"@type\":\"ListItem\",\"position\":2,\"name\":\"Patrikhane&#8217;de ekonomik g\u00fcndemle toplant\u0131\"}]},{\"@type\":\"WebSite\",\"@id\":\"https:\\\/\\\/akunq.net\\\/tr\\\/#website\",\"url\":\"https:\\\/\\\/akunq.net\\\/tr\\\/\",\"name\":\"Bati Ermenistan Ve Bati Ermenileri Sorunlari Ara\u015ftirmalar Merkezi\",\"description\":\"\",\"potentialAction\":[{\"@type\":\"SearchAction\",\"target\":{\"@type\":\"EntryPoint\",\"urlTemplate\":\"https:\\\/\\\/akunq.net\\\/tr\\\/?s={search_term_string}\"},\"query-input\":{\"@type\":\"PropertyValueSpecification\",\"valueRequired\":true,\"valueName\":\"search_term_string\"}}],\"inLanguage\":\"en-US\"},{\"@type\":\"Person\",\"@id\":\"https:\\\/\\\/akunq.net\\\/tr\\\/#\\\/schema\\\/person\\\/096f1d38a12cce57fb855b485ed24c9e\",\"name\":\"admin\",\"url\":\"https:\\\/\\\/akunq.net\\\/tr\\\/?author=7\"}]}<\/script>\n<!-- \/ Yoast SEO plugin. -->","yoast_head_json":{"title":"Patrikhane'de ekonomik g\u00fcndemle toplant\u0131 - Bati Ermenistan Ve Bati Ermenileri Sorunlari Ara\u015ftirmalar Merkezi","robots":{"index":"index","follow":"follow","max-snippet":"max-snippet:-1","max-image-preview":"max-image-preview:large","max-video-preview":"max-video-preview:-1"},"canonical":"https:\/\/akunq.net\/tr\/?p=58570","og_locale":"en_US","og_type":"article","og_title":"Patrikhane'de ekonomik g\u00fcndemle toplant\u0131 - Bati Ermenistan Ve Bati Ermenileri Sorunlari Ara\u015ftirmalar Merkezi","og_description":"Kadasetli Patrik Sahak II. Hazretleri\u2019nin ba\u015fkanl\u0131\u011f\u0131nda, 27 A\u011fustos 2020, Per\u015fembe, Patriklik kabul salonunda, ekonomik g\u00fcndemle bir toplant\u0131 ger\u00e7ekle\u015fti. Toplant\u0131ya, S. P\u0131rgi\u00e7 Ermeni Hastanesi Vakf\u0131\u2019ndan Mihran Onur, Karag\u00f6zyan Okulu Vakf\u0131\u2019ndan Karun Kovan, S. Ha\u00e7 T\u0131brevank Lisesi Vakf\u0131\u2019ndan Varujan Bulgan, Kad\u0131k\u00f6y S. Takavor Kilisesi Vakf\u0131\u2019ndan Sarven Sert\u015fim\u015fek, Beykoz S. Nigo\u011fayos Kilisesi Vakf\u0131\u2019ndan Aret \u00c7i\u00e7ekeker, Aret Ferahyan ba\u015fkanl\u0131\u011f\u0131nda [&hellip;]","og_url":"https:\/\/akunq.net\/tr\/?p=58570","og_site_name":"Bati Ermenistan Ve Bati Ermenileri Sorunlari Ara\u015ftirmalar Merkezi","article_published_time":"2020-08-28T09:22:56+00:00","og_image":[{"width":1440,"height":1080,"url":"https:\/\/akunq.net\/tr\/wp-content\/uploads\/sites\/6\/2020\/08\/\u054a\u0531\u054f\u0550\u053b\u0531\u0550\u0554\u0531\u0550\u0531\u0546.jpg","type":"image\/jpeg"}],"author":"admin","twitter_card":"summary_large_image","twitter_misc":{"Written by":"admin","Est. reading time":"3 minutes"},"schema":{"@context":"https:\/\/schema.org","@graph":[{"@type":"Article","@id":"https:\/\/akunq.net\/tr\/?p=58570#article","isPartOf":{"@id":"https:\/\/akunq.net\/tr\/?p=58570"},"author":{"name":"admin","@id":"https:\/\/akunq.net\/tr\/#\/schema\/person\/096f1d38a12cce57fb855b485ed24c9e"},"headline":"Patrikhane&#8217;de ekonomik g\u00fcndemle toplant\u0131","datePublished":"2020-08-28T09:22:56+00:00","mainEntityOfPage":{"@id":"https:\/\/akunq.net\/tr\/?p=58570"},"wordCount":624,"commentCount":0,"image":{"@id":"https:\/\/akunq.net\/tr\/?p=58570#primaryimage"},"thumbnailUrl":"https:\/\/akunq.net\/tr\/wp-content\/uploads\/sites\/6\/2020\/08\/\u054a\u0531\u054f\u0550\u053b\u0531\u0550\u0554\u0531\u0550\u0531\u0546.jpg","articleSection":["Haberler"],"inLanguage":"en-US","potentialAction":[{"@type":"CommentAction","name":"Comment","target":["https:\/\/akunq.net\/tr\/?p=58570#respond"]}]},{"@type":"WebPage","@id":"https:\/\/akunq.net\/tr\/?p=58570","url":"https:\/\/akunq.net\/tr\/?p=58570","name":"Patrikhane'de ekonomik g\u00fcndemle toplant\u0131 - Bati Ermenistan Ve Bati Ermenileri Sorunlari Ara\u015ftirmalar Merkezi","isPartOf":{"@id":"https:\/\/akunq.net\/tr\/#website"},"primaryImageOfPage":{"@id":"https:\/\/akunq.net\/tr\/?p=58570#primaryimage"},"image":{"@id":"https:\/\/akunq.net\/tr\/?p=58570#primaryimage"},"thumbnailUrl":"https:\/\/akunq.net\/tr\/wp-content\/uploads\/sites\/6\/2020\/08\/\u054a\u0531\u054f\u0550\u053b\u0531\u0550\u0554\u0531\u0550\u0531\u0546.jpg","datePublished":"2020-08-28T09:22:56+00:00","author":{"@id":"https:\/\/akunq.net\/tr\/#\/schema\/person\/096f1d38a12cce57fb855b485ed24c9e"},"breadcrumb":{"@id":"https:\/\/akunq.net\/tr\/?p=58570#breadcrumb"},"inLanguage":"en-US","potentialAction":[{"@type":"ReadAction","target":["https:\/\/akunq.net\/tr\/?p=58570"]}]},{"@type":"ImageObject","inLanguage":"en-US","@id":"https:\/\/akunq.net\/tr\/?p=58570#primaryimage","url":"https:\/\/akunq.net\/tr\/wp-content\/uploads\/sites\/6\/2020\/08\/\u054a\u0531\u054f\u0550\u053b\u0531\u0550\u0554\u0531\u0550\u0531\u0546.jpg","contentUrl":"https:\/\/akunq.net\/tr\/wp-content\/uploads\/sites\/6\/2020\/08\/\u054a\u0531\u054f\u0550\u053b\u0531\u0550\u0554\u0531\u0550\u0531\u0546.jpg","width":1440,"height":1080},{"@type":"BreadcrumbList","@id":"https:\/\/akunq.net\/tr\/?p=58570#breadcrumb","itemListElement":[{"@type":"ListItem","position":1,"name":"Home","item":"https:\/\/akunq.net\/tr"},{"@type":"ListItem","position":2,"name":"Patrikhane&#8217;de ekonomik g\u00fcndemle toplant\u0131"}]},{"@type":"WebSite","@id":"https:\/\/akunq.net\/tr\/#website","url":"https:\/\/akunq.net\/tr\/","name":"Bati Ermenistan Ve Bati Ermenileri Sorunlari Ara\u015ftirmalar Merkezi","description":"","potentialAction":[{"@type":"SearchAction","target":{"@type":"EntryPoint","urlTemplate":"https:\/\/akunq.net\/tr\/?s={search_term_string}"},"query-input":{"@type":"PropertyValueSpecification","valueRequired":true,"valueName":"search_term_string"}}],"inLanguage":"en-US"},{"@type":"Person","@id":"https:\/\/akunq.net\/tr\/#\/schema\/person\/096f1d38a12cce57fb855b485ed24c9e","name":"admin","url":"https:\/\/akunq.net\/tr\/?author=7"}]}},"_links":{"self":[{"href":"https:\/\/akunq.net\/tr\/index.php?rest_route=\/wp\/v2\/posts\/58570","targetHints":{"allow":["GET"]}}],"collection":[{"href":"https:\/\/akunq.net\/tr\/index.php?rest_route=\/wp\/v2\/posts"}],"about":[{"href":"https:\/\/akunq.net\/tr\/index.php?rest_route=\/wp\/v2\/types\/post"}],"author":[{"embeddable":true,"href":"https:\/\/akunq.net\/tr\/index.php?rest_route=\/wp\/v2\/users\/7"}],"replies":[{"embeddable":true,"href":"https:\/\/akunq.net\/tr\/index.php?rest_route=%2Fwp%2Fv2%2Fcomments&post=58570"}],"version-history":[{"count":1,"href":"https:\/\/akunq.net\/tr\/index.php?rest_route=\/wp\/v2\/posts\/58570\/revisions"}],"predecessor-version":[{"id":58572,"href":"https:\/\/akunq.net\/tr\/index.php?rest_route=\/wp\/v2\/posts\/58570\/revisions\/58572"}],"wp:featuredmedia":[{"embeddable":true,"href":"https:\/\/akunq.net\/tr\/index.php?rest_route=\/wp\/v2\/media\/58571"}],"wp:attachment":[{"href":"https:\/\/akunq.net\/tr\/index.php?rest_route=%2Fwp%2Fv2%2Fmedia&parent=58570"}],"wp:term":[{"taxonomy":"category","embeddable":true,"href":"https:\/\/akunq.net\/tr\/index.php?rest_route=%2Fwp%2Fv2%2Fcategories&post=58570"},{"taxonomy":"post_tag","embeddable":true,"href":"https:\/\/akunq.net\/tr\/index.php?rest_route=%2Fwp%2Fv2%2Ftags&post=58570"}],"curies":[{"name":"wp","href":"https:\/\/api.w.org\/{rel}","templated":true}]}}