{"id":58559,"date":"2020-08-28T03:53:41","date_gmt":"2020-08-28T08:53:41","guid":{"rendered":"https:\/\/akunq.net\/tr\/?p=58559"},"modified":"2020-08-28T03:53:41","modified_gmt":"2020-08-28T08:53:41","slug":"kariyenin-yolu-anadoluda-dosenmis","status":"publish","type":"post","link":"https:\/\/akunq.net\/tr\/?p=58559","title":{"rendered":"Kariye\u2019nin yolu Anadolu\u2019da d\u00f6\u015fenmi\u015f"},"content":{"rendered":"<p><img loading=\"lazy\" decoding=\"async\" class=\"alignleft size-medium wp-image-58560\" src=\"https:\/\/akunq.net\/tr\/wp-content\/uploads\/2020\/08\/Feyzi-A\u00e7\u0131kal\u0131n-360x220.jpeg\" alt=\"\" width=\"360\" height=\"220\" srcset=\"https:\/\/akunq.net\/tr\/wp-content\/uploads\/sites\/6\/2020\/08\/Feyzi-A\u00e7\u0131kal\u0131n-360x220.jpeg 360w, https:\/\/akunq.net\/tr\/wp-content\/uploads\/sites\/6\/2020\/08\/Feyzi-A\u00e7\u0131kal\u0131n-768x469.jpeg 768w, https:\/\/akunq.net\/tr\/wp-content\/uploads\/sites\/6\/2020\/08\/Feyzi-A\u00e7\u0131kal\u0131n-560x342.jpeg 560w, https:\/\/akunq.net\/tr\/wp-content\/uploads\/sites\/6\/2020\/08\/Feyzi-A\u00e7\u0131kal\u0131n-260x159.jpeg 260w, https:\/\/akunq.net\/tr\/wp-content\/uploads\/sites\/6\/2020\/08\/Feyzi-A\u00e7\u0131kal\u0131n-160x98.jpeg 160w, https:\/\/akunq.net\/tr\/wp-content\/uploads\/sites\/6\/2020\/08\/Feyzi-A\u00e7\u0131kal\u0131n.jpeg 1440w\" sizes=\"auto, (max-width: 360px) 100vw, 360px\" \/><\/p>\n<p><strong><a href=\"https:\/\/www.cumhuriyet.com.tr\/yazarlar\/feyzi-acikalin\">Feyzi A\u00e7\u0131kal\u0131n<\/a><\/strong><\/p>\n<p><em><strong>M\u00fcbadelede terk edilmi\u015f bir Orta Anadolu Rum k\u00f6y\u00fcndeyim. Sarp bir yama\u00e7ta in\u015fa edilmi\u015f olan korunakl\u0131 kilisesini g\u00f6rmeye gidiyorum.<\/strong><\/em><\/p>\n<p>K\u00f6y\u00fcn kahvesini i\u015fleten(!) 13 ya\u015flar\u0131ndaki k\u0131z\u0131l sa\u00e7l\u0131 delikanl\u0131 beni gezdirmeye niyetleniyor. Akrep, y\u0131lan, \u00e7\u0131yan sokmas\u0131n diye bana e\u015flik edece\u011fini s\u00f6yl\u00fcyor. Terlikli \u00e7\u0131plak aya\u011f\u0131n\u0131 hat\u0131rlatt\u0131\u011f\u0131mda, onu sokmayacaklar\u0131n\u0131 belirtiyor!<\/p>\n<p>Kiliseye y\u00f6neldi\u011fimizde a\u00e7\u0131k olmad\u0131\u011f\u0131n\u0131 s\u00f6yl\u00fcyor. Delikanl\u0131ya g\u00f6re i\u00e7erde g\u00f6r\u00fclecek pek matah bir \u015fey yoktur. Duvarlardaki s\u00fcslemelerin \u00fcst\u00fcn\u00fc de zaten kendileri \u00e7izmi\u015flerdir! Ona te\u015fekk\u00fcr edip yan\u0131mdan uzakla\u015ft\u0131r\u0131yorum\u2026<\/p>\n<p>Kiliseye yakla\u015ft\u0131k\u00e7a evlerin kap\u0131lar\u0131 a\u00e7\u0131l\u0131yor. \u00dcstteki kap\u0131dan \u00e7\u0131kan ya\u015fl\u0131ca bir adam beni yaln\u0131zca s\u00fcz\u00fcyor, konu\u015fmak yok. Hemen yan\u0131mdaki kap\u0131dan se\u011firten mavi g\u00f6zl\u00fc, y\u0131pranm\u0131\u015f usta \u015fapkas\u0131 giyen k\u00f6yl\u00fcye niyetimi s\u00f6yl\u00fcyorum.<\/p>\n<p>Anahtar\u0131n muhtarda oldu\u011funu belirtip, bir yerlere telefon ediyor. Onu beklerken, yapmakta oldu\u011fu kaya oteli gezdiriyor. Kaynatas\u0131ndan miras kalm\u0131\u015f. 1980 sonras\u0131nda, devlet el koymas\u0131n diye kap\u0131lar\u0131n \u00fcst\u00fcndeki \u015fahane bezemeleri kaz\u0131yan kaynatas\u0131ndan. Evin eski sahibi kilisenin papaz\u0131\u2026<\/p>\n<p>Biraz sonra muhtar geliyor. Uzaktan duyuyorum, kim oldu\u011fumu soruyor. Hafif arkaya gerilip, yana do\u011fru geni\u015f ad\u0131mlar at\u0131p, sallanarak yan\u0131ma geliyor. Merhabala\u015f\u0131yoruz. Beni yanl\u0131\u015fl\u0131kla \u201c<strong><em>merhaba<\/em><\/strong>\u201d diye yan\u0131tlad\u0131ktan sonra, \u201c<strong><em>selam\u00fcnaleyk\u00fcm<\/em><\/strong>\u201d demeyi de ihmal etmiyor.<\/p>\n<p>Elinde tuttu\u011fu anahtar\u0131 asma kilide sokuyor, a\u00e7am\u0131yor. Ad\u0131n\u0131 hat\u0131rlayamad\u0131\u011f\u0131 bir k\u00f6yl\u00fcye anahtar\u0131 vermi\u015f, bulam\u0131yor. Derken bizim mavi g\u00f6zl\u00fcye bir \u00e7eki\u00e7 getirmesini s\u00f6yl\u00fcyor. Onun getirdi\u011fi balyoz k\u0131l\u0131kl\u0131 \u00e7eki\u00e7 ile anahtara vurmaya ba\u015fl\u0131yorlar. Kilit havalara u\u00e7arken muhtar s\u0131r\u0131tarak, \u201c<strong><em>Yeni birisini takars\u0131n art\u0131k<\/em><\/strong>\u201d diyor.<\/p>\n<p>B\u00f6lgenin en b\u00fcy\u00fck 19. Y\u00fczy\u0131l kilisesi; harap olmu\u015f. 1980\u2019lere kadar a\u00e7\u0131k kalm\u0131\u015f. Herkes i\u00e7inden bir \u015fey (\u00e7)al\u0131p g\u00f6t\u00fcrm\u00fc\u015f. Cemaat\u0131n tahta oturma s\u0131ralar\u0131n\u0131 k\u00f6y\u00fcn kahvesine ta\u015f\u0131m\u0131\u015flar. Sonras\u0131nda kap\u0131s\u0131na kilit vurulmu\u015f.<\/p>\n<p>K\u00f6y\u00fcn eski ad\u0131n\u0131 bilmedi\u011fini s\u00f6yleyen muhtar, bak\u0131ms\u0131zl\u0131ktan, ilgisizlikten yak\u0131n\u0131yor gibi g\u00f6r\u00fcn\u00fcyor. \u00c7ok s\u00f6ylemi\u015fler ama kendileri bile(!) konunun \u00fcst\u00fcne gitmemi\u015f. Fener Rum Patri\u011fi bile gelip burada ayin yapm\u0131\u015f; sonras\u0131 fos \u00e7\u0131km\u0131\u015f\u2026<\/p>\n<p>Muhtar kilise i\u00e7inde verdi\u011fi k\u0131sa s\u00f6ylevde, asl\u0131nda b\u00fct\u00fcn dinlerin \u00e7\u0131k\u0131\u015f\u0131n\u0131n ayn\u0131 oldu\u011fundan yola \u00e7\u0131karak kiliselerin camiye \u00e7evrilmesini yerinde buluyor. Ona g\u00f6re, kilise camiye \u00e7evrildi\u011finde hi\u00e7 olmazsa bak\u0131m g\u00f6rmektedir!<\/p>\n<p>Orada d\u00fc\u015f\u00fcn\u00fcyorsun; y\u0131llar boyunca bir devlet politikas\u0131 gere\u011fince bu t\u00fcr yerle\u015fkeler kaderine terk edilmi\u015f. Belki sistemli bir yok edi\u015f de\u011fil ama y\u00f6re halk\u0131n\u0131n insaf\u0131na b\u0131rak\u0131lm\u0131\u015f; bir anlamda kontrol\u00fc sa\u011flanmayarak beldenin yeni ahalisine tahribat i\u00e7in yol verilmi\u015f.<\/p>\n<p>Anadoluyu inceleyince Bizans d\u00f6neminin en \u00f6nemli eserlerinden, mozaik ve freskleri ile \u00fcnl\u00fc\u00a0<strong>Kariye M\u00fcze<\/strong>\u2019sinin camiye \u00e7evrilme \u00e7abas\u0131n\u0131n asl\u0131nda bir sonu\u00e7 oldu\u011fu anla\u015f\u0131l\u0131yor. \u00dclkeyi y\u00f6neten siyasal \u0130slamc\u0131 rejimin halkla uzla\u015fmas\u0131ndan, al\u0131\u015fveri\u015finden, kar\u015f\u0131l\u0131kl\u0131 r\u0131zas\u0131ndan do\u011fan bir sonu\u00e7\u2026<\/p>\n<p>\u00d6nce yoksunla\u015ft\u0131r\u0131p, sonras\u0131nda da te\u015fvikler, ba\u011f\u0131\u015flar, hibeler ile kendine ba\u011flay\u0131p, olurunu ald\u0131\u011f\u0131 ve sayesinde iktidar\u0131 elde etti\u011fi Anadolu halk\u0131ndan bahsediyoruz. \u00dcst\u00fcnden g\u00fc\u00e7 dev\u015firilen, iktidar onay\u0131 al\u0131nan ama uygar d\u00fcnyadan kopar\u0131lmakta oldu\u011funu anlayamayan g\u00fczelim Anadolu halk\u0131ndan\u2026<\/p>\n<p><em><strong><a href=\"https:\/\/www.cumhuriyet.com.tr\/yazarlar\/feyzi-acikalin\/kariyenin-yolu-anadoluda-dosenmis-1761638\">https:\/\/www.cumhuriyet.com.tr\/yazarlar\/feyzi-acikalin\/kariyenin-yolu-anadoluda-dosenmis-1761638<\/a><\/strong><\/em><\/p>\n","protected":false},"excerpt":{"rendered":"<p>Feyzi A\u00e7\u0131kal\u0131n M\u00fcbadelede terk edilmi\u015f bir Orta Anadolu Rum k\u00f6y\u00fcndeyim. Sarp bir yama\u00e7ta in\u015fa edilmi\u015f olan korunakl\u0131 kilisesini g\u00f6rmeye gidiyorum. K\u00f6y\u00fcn kahvesini i\u015fleten(!) 13 ya\u015flar\u0131ndaki k\u0131z\u0131l sa\u00e7l\u0131 delikanl\u0131 beni gezdirmeye niyetleniyor. Akrep, y\u0131lan, \u00e7\u0131yan sokmas\u0131n diye bana e\u015flik edece\u011fini s\u00f6yl\u00fcyor. Terlikli \u00e7\u0131plak aya\u011f\u0131n\u0131 hat\u0131rlatt\u0131\u011f\u0131mda, onu sokmayacaklar\u0131n\u0131 belirtiyor! Kiliseye y\u00f6neldi\u011fimizde a\u00e7\u0131k olmad\u0131\u011f\u0131n\u0131 s\u00f6yl\u00fcyor. Delikanl\u0131ya g\u00f6re i\u00e7erde [&hellip;]<\/p>\n","protected":false},"author":7,"featured_media":58560,"comment_status":"open","ping_status":"open","sticky":false,"template":"","format":"standard","meta":{"footnotes":""},"categories":[1,70],"tags":[],"class_list":["post-58559","post","type-post","status-publish","format-standard","has-post-thumbnail","hentry","category-haberler","category-makaleler"],"yoast_head":"<!-- This site is optimized with the Yoast SEO plugin v27.4 - https:\/\/yoast.com\/product\/yoast-seo-wordpress\/ -->\n<title>Kariye\u2019nin yolu Anadolu\u2019da d\u00f6\u015fenmi\u015f - Bati Ermenistan Ve Bati Ermenileri Sorunlari Ara\u015ftirmalar Merkezi<\/title>\n<meta name=\"robots\" content=\"index, follow, max-snippet:-1, max-image-preview:large, max-video-preview:-1\" \/>\n<link rel=\"canonical\" href=\"https:\/\/akunq.net\/tr\/?p=58559\" \/>\n<meta property=\"og:locale\" content=\"en_US\" \/>\n<meta property=\"og:type\" content=\"article\" \/>\n<meta property=\"og:title\" content=\"Kariye\u2019nin yolu Anadolu\u2019da d\u00f6\u015fenmi\u015f - Bati Ermenistan Ve Bati Ermenileri Sorunlari Ara\u015ftirmalar Merkezi\" \/>\n<meta property=\"og:description\" content=\"Feyzi A\u00e7\u0131kal\u0131n M\u00fcbadelede terk edilmi\u015f bir Orta Anadolu Rum k\u00f6y\u00fcndeyim. Sarp bir yama\u00e7ta in\u015fa edilmi\u015f olan korunakl\u0131 kilisesini g\u00f6rmeye gidiyorum. K\u00f6y\u00fcn kahvesini i\u015fleten(!) 13 ya\u015flar\u0131ndaki k\u0131z\u0131l sa\u00e7l\u0131 delikanl\u0131 beni gezdirmeye niyetleniyor. Akrep, y\u0131lan, \u00e7\u0131yan sokmas\u0131n diye bana e\u015flik edece\u011fini s\u00f6yl\u00fcyor. Terlikli \u00e7\u0131plak aya\u011f\u0131n\u0131 hat\u0131rlatt\u0131\u011f\u0131mda, onu sokmayacaklar\u0131n\u0131 belirtiyor! Kiliseye y\u00f6neldi\u011fimizde a\u00e7\u0131k olmad\u0131\u011f\u0131n\u0131 s\u00f6yl\u00fcyor. Delikanl\u0131ya g\u00f6re i\u00e7erde [&hellip;]\" \/>\n<meta property=\"og:url\" content=\"https:\/\/akunq.net\/tr\/?p=58559\" \/>\n<meta property=\"og:site_name\" content=\"Bati Ermenistan Ve Bati Ermenileri Sorunlari Ara\u015ftirmalar Merkezi\" \/>\n<meta property=\"article:published_time\" content=\"2020-08-28T08:53:41+00:00\" \/>\n<meta property=\"og:image\" content=\"https:\/\/akunq.net\/tr\/wp-content\/uploads\/sites\/6\/2020\/08\/Feyzi-A\u00e7\u0131kal\u0131n.jpeg\" \/>\n\t<meta property=\"og:image:width\" content=\"1440\" \/>\n\t<meta property=\"og:image:height\" content=\"880\" \/>\n\t<meta property=\"og:image:type\" content=\"image\/jpeg\" \/>\n<meta name=\"author\" content=\"admin\" \/>\n<meta name=\"twitter:card\" content=\"summary_large_image\" \/>\n<meta name=\"twitter:label1\" content=\"Written by\" \/>\n\t<meta name=\"twitter:data1\" content=\"admin\" \/>\n\t<meta name=\"twitter:label2\" content=\"Est. reading time\" \/>\n\t<meta name=\"twitter:data2\" content=\"3 minutes\" \/>\n<script type=\"application\/ld+json\" class=\"yoast-schema-graph\">{\"@context\":\"https:\\\/\\\/schema.org\",\"@graph\":[{\"@type\":\"Article\",\"@id\":\"https:\\\/\\\/akunq.net\\\/tr\\\/?p=58559#article\",\"isPartOf\":{\"@id\":\"https:\\\/\\\/akunq.net\\\/tr\\\/?p=58559\"},\"author\":{\"name\":\"admin\",\"@id\":\"https:\\\/\\\/akunq.net\\\/tr\\\/#\\\/schema\\\/person\\\/096f1d38a12cce57fb855b485ed24c9e\"},\"headline\":\"Kariye\u2019nin yolu Anadolu\u2019da d\u00f6\u015fenmi\u015f\",\"datePublished\":\"2020-08-28T08:53:41+00:00\",\"mainEntityOfPage\":{\"@id\":\"https:\\\/\\\/akunq.net\\\/tr\\\/?p=58559\"},\"wordCount\":631,\"commentCount\":0,\"image\":{\"@id\":\"https:\\\/\\\/akunq.net\\\/tr\\\/?p=58559#primaryimage\"},\"thumbnailUrl\":\"https:\\\/\\\/akunq.net\\\/tr\\\/wp-content\\\/uploads\\\/sites\\\/6\\\/2020\\\/08\\\/Feyzi-A\u00e7\u0131kal\u0131n.jpeg\",\"articleSection\":[\"Haberler\",\"Makaleler\"],\"inLanguage\":\"en-US\",\"potentialAction\":[{\"@type\":\"CommentAction\",\"name\":\"Comment\",\"target\":[\"https:\\\/\\\/akunq.net\\\/tr\\\/?p=58559#respond\"]}]},{\"@type\":\"WebPage\",\"@id\":\"https:\\\/\\\/akunq.net\\\/tr\\\/?p=58559\",\"url\":\"https:\\\/\\\/akunq.net\\\/tr\\\/?p=58559\",\"name\":\"Kariye\u2019nin yolu Anadolu\u2019da d\u00f6\u015fenmi\u015f - Bati Ermenistan Ve Bati Ermenileri Sorunlari Ara\u015ftirmalar Merkezi\",\"isPartOf\":{\"@id\":\"https:\\\/\\\/akunq.net\\\/tr\\\/#website\"},\"primaryImageOfPage\":{\"@id\":\"https:\\\/\\\/akunq.net\\\/tr\\\/?p=58559#primaryimage\"},\"image\":{\"@id\":\"https:\\\/\\\/akunq.net\\\/tr\\\/?p=58559#primaryimage\"},\"thumbnailUrl\":\"https:\\\/\\\/akunq.net\\\/tr\\\/wp-content\\\/uploads\\\/sites\\\/6\\\/2020\\\/08\\\/Feyzi-A\u00e7\u0131kal\u0131n.jpeg\",\"datePublished\":\"2020-08-28T08:53:41+00:00\",\"author\":{\"@id\":\"https:\\\/\\\/akunq.net\\\/tr\\\/#\\\/schema\\\/person\\\/096f1d38a12cce57fb855b485ed24c9e\"},\"breadcrumb\":{\"@id\":\"https:\\\/\\\/akunq.net\\\/tr\\\/?p=58559#breadcrumb\"},\"inLanguage\":\"en-US\",\"potentialAction\":[{\"@type\":\"ReadAction\",\"target\":[\"https:\\\/\\\/akunq.net\\\/tr\\\/?p=58559\"]}]},{\"@type\":\"ImageObject\",\"inLanguage\":\"en-US\",\"@id\":\"https:\\\/\\\/akunq.net\\\/tr\\\/?p=58559#primaryimage\",\"url\":\"https:\\\/\\\/akunq.net\\\/tr\\\/wp-content\\\/uploads\\\/sites\\\/6\\\/2020\\\/08\\\/Feyzi-A\u00e7\u0131kal\u0131n.jpeg\",\"contentUrl\":\"https:\\\/\\\/akunq.net\\\/tr\\\/wp-content\\\/uploads\\\/sites\\\/6\\\/2020\\\/08\\\/Feyzi-A\u00e7\u0131kal\u0131n.jpeg\",\"width\":1440,\"height\":880},{\"@type\":\"BreadcrumbList\",\"@id\":\"https:\\\/\\\/akunq.net\\\/tr\\\/?p=58559#breadcrumb\",\"itemListElement\":[{\"@type\":\"ListItem\",\"position\":1,\"name\":\"Home\",\"item\":\"https:\\\/\\\/akunq.net\\\/tr\"},{\"@type\":\"ListItem\",\"position\":2,\"name\":\"Kariye\u2019nin yolu Anadolu\u2019da d\u00f6\u015fenmi\u015f\"}]},{\"@type\":\"WebSite\",\"@id\":\"https:\\\/\\\/akunq.net\\\/tr\\\/#website\",\"url\":\"https:\\\/\\\/akunq.net\\\/tr\\\/\",\"name\":\"Bati Ermenistan Ve Bati Ermenileri Sorunlari Ara\u015ftirmalar Merkezi\",\"description\":\"\",\"potentialAction\":[{\"@type\":\"SearchAction\",\"target\":{\"@type\":\"EntryPoint\",\"urlTemplate\":\"https:\\\/\\\/akunq.net\\\/tr\\\/?s={search_term_string}\"},\"query-input\":{\"@type\":\"PropertyValueSpecification\",\"valueRequired\":true,\"valueName\":\"search_term_string\"}}],\"inLanguage\":\"en-US\"},{\"@type\":\"Person\",\"@id\":\"https:\\\/\\\/akunq.net\\\/tr\\\/#\\\/schema\\\/person\\\/096f1d38a12cce57fb855b485ed24c9e\",\"name\":\"admin\",\"url\":\"https:\\\/\\\/akunq.net\\\/tr\\\/?author=7\"}]}<\/script>\n<!-- \/ Yoast SEO plugin. -->","yoast_head_json":{"title":"Kariye\u2019nin yolu Anadolu\u2019da d\u00f6\u015fenmi\u015f - Bati Ermenistan Ve Bati Ermenileri Sorunlari Ara\u015ftirmalar Merkezi","robots":{"index":"index","follow":"follow","max-snippet":"max-snippet:-1","max-image-preview":"max-image-preview:large","max-video-preview":"max-video-preview:-1"},"canonical":"https:\/\/akunq.net\/tr\/?p=58559","og_locale":"en_US","og_type":"article","og_title":"Kariye\u2019nin yolu Anadolu\u2019da d\u00f6\u015fenmi\u015f - Bati Ermenistan Ve Bati Ermenileri Sorunlari Ara\u015ftirmalar Merkezi","og_description":"Feyzi A\u00e7\u0131kal\u0131n M\u00fcbadelede terk edilmi\u015f bir Orta Anadolu Rum k\u00f6y\u00fcndeyim. Sarp bir yama\u00e7ta in\u015fa edilmi\u015f olan korunakl\u0131 kilisesini g\u00f6rmeye gidiyorum. K\u00f6y\u00fcn kahvesini i\u015fleten(!) 13 ya\u015flar\u0131ndaki k\u0131z\u0131l sa\u00e7l\u0131 delikanl\u0131 beni gezdirmeye niyetleniyor. Akrep, y\u0131lan, \u00e7\u0131yan sokmas\u0131n diye bana e\u015flik edece\u011fini s\u00f6yl\u00fcyor. Terlikli \u00e7\u0131plak aya\u011f\u0131n\u0131 hat\u0131rlatt\u0131\u011f\u0131mda, onu sokmayacaklar\u0131n\u0131 belirtiyor! Kiliseye y\u00f6neldi\u011fimizde a\u00e7\u0131k olmad\u0131\u011f\u0131n\u0131 s\u00f6yl\u00fcyor. Delikanl\u0131ya g\u00f6re i\u00e7erde [&hellip;]","og_url":"https:\/\/akunq.net\/tr\/?p=58559","og_site_name":"Bati Ermenistan Ve Bati Ermenileri Sorunlari Ara\u015ftirmalar Merkezi","article_published_time":"2020-08-28T08:53:41+00:00","og_image":[{"width":1440,"height":880,"url":"https:\/\/akunq.net\/tr\/wp-content\/uploads\/sites\/6\/2020\/08\/Feyzi-A\u00e7\u0131kal\u0131n.jpeg","type":"image\/jpeg"}],"author":"admin","twitter_card":"summary_large_image","twitter_misc":{"Written by":"admin","Est. reading time":"3 minutes"},"schema":{"@context":"https:\/\/schema.org","@graph":[{"@type":"Article","@id":"https:\/\/akunq.net\/tr\/?p=58559#article","isPartOf":{"@id":"https:\/\/akunq.net\/tr\/?p=58559"},"author":{"name":"admin","@id":"https:\/\/akunq.net\/tr\/#\/schema\/person\/096f1d38a12cce57fb855b485ed24c9e"},"headline":"Kariye\u2019nin yolu Anadolu\u2019da d\u00f6\u015fenmi\u015f","datePublished":"2020-08-28T08:53:41+00:00","mainEntityOfPage":{"@id":"https:\/\/akunq.net\/tr\/?p=58559"},"wordCount":631,"commentCount":0,"image":{"@id":"https:\/\/akunq.net\/tr\/?p=58559#primaryimage"},"thumbnailUrl":"https:\/\/akunq.net\/tr\/wp-content\/uploads\/sites\/6\/2020\/08\/Feyzi-A\u00e7\u0131kal\u0131n.jpeg","articleSection":["Haberler","Makaleler"],"inLanguage":"en-US","potentialAction":[{"@type":"CommentAction","name":"Comment","target":["https:\/\/akunq.net\/tr\/?p=58559#respond"]}]},{"@type":"WebPage","@id":"https:\/\/akunq.net\/tr\/?p=58559","url":"https:\/\/akunq.net\/tr\/?p=58559","name":"Kariye\u2019nin yolu Anadolu\u2019da d\u00f6\u015fenmi\u015f - Bati Ermenistan Ve Bati Ermenileri Sorunlari Ara\u015ftirmalar Merkezi","isPartOf":{"@id":"https:\/\/akunq.net\/tr\/#website"},"primaryImageOfPage":{"@id":"https:\/\/akunq.net\/tr\/?p=58559#primaryimage"},"image":{"@id":"https:\/\/akunq.net\/tr\/?p=58559#primaryimage"},"thumbnailUrl":"https:\/\/akunq.net\/tr\/wp-content\/uploads\/sites\/6\/2020\/08\/Feyzi-A\u00e7\u0131kal\u0131n.jpeg","datePublished":"2020-08-28T08:53:41+00:00","author":{"@id":"https:\/\/akunq.net\/tr\/#\/schema\/person\/096f1d38a12cce57fb855b485ed24c9e"},"breadcrumb":{"@id":"https:\/\/akunq.net\/tr\/?p=58559#breadcrumb"},"inLanguage":"en-US","potentialAction":[{"@type":"ReadAction","target":["https:\/\/akunq.net\/tr\/?p=58559"]}]},{"@type":"ImageObject","inLanguage":"en-US","@id":"https:\/\/akunq.net\/tr\/?p=58559#primaryimage","url":"https:\/\/akunq.net\/tr\/wp-content\/uploads\/sites\/6\/2020\/08\/Feyzi-A\u00e7\u0131kal\u0131n.jpeg","contentUrl":"https:\/\/akunq.net\/tr\/wp-content\/uploads\/sites\/6\/2020\/08\/Feyzi-A\u00e7\u0131kal\u0131n.jpeg","width":1440,"height":880},{"@type":"BreadcrumbList","@id":"https:\/\/akunq.net\/tr\/?p=58559#breadcrumb","itemListElement":[{"@type":"ListItem","position":1,"name":"Home","item":"https:\/\/akunq.net\/tr"},{"@type":"ListItem","position":2,"name":"Kariye\u2019nin yolu Anadolu\u2019da d\u00f6\u015fenmi\u015f"}]},{"@type":"WebSite","@id":"https:\/\/akunq.net\/tr\/#website","url":"https:\/\/akunq.net\/tr\/","name":"Bati Ermenistan Ve Bati Ermenileri Sorunlari Ara\u015ftirmalar Merkezi","description":"","potentialAction":[{"@type":"SearchAction","target":{"@type":"EntryPoint","urlTemplate":"https:\/\/akunq.net\/tr\/?s={search_term_string}"},"query-input":{"@type":"PropertyValueSpecification","valueRequired":true,"valueName":"search_term_string"}}],"inLanguage":"en-US"},{"@type":"Person","@id":"https:\/\/akunq.net\/tr\/#\/schema\/person\/096f1d38a12cce57fb855b485ed24c9e","name":"admin","url":"https:\/\/akunq.net\/tr\/?author=7"}]}},"_links":{"self":[{"href":"https:\/\/akunq.net\/tr\/index.php?rest_route=\/wp\/v2\/posts\/58559","targetHints":{"allow":["GET"]}}],"collection":[{"href":"https:\/\/akunq.net\/tr\/index.php?rest_route=\/wp\/v2\/posts"}],"about":[{"href":"https:\/\/akunq.net\/tr\/index.php?rest_route=\/wp\/v2\/types\/post"}],"author":[{"embeddable":true,"href":"https:\/\/akunq.net\/tr\/index.php?rest_route=\/wp\/v2\/users\/7"}],"replies":[{"embeddable":true,"href":"https:\/\/akunq.net\/tr\/index.php?rest_route=%2Fwp%2Fv2%2Fcomments&post=58559"}],"version-history":[{"count":1,"href":"https:\/\/akunq.net\/tr\/index.php?rest_route=\/wp\/v2\/posts\/58559\/revisions"}],"predecessor-version":[{"id":58561,"href":"https:\/\/akunq.net\/tr\/index.php?rest_route=\/wp\/v2\/posts\/58559\/revisions\/58561"}],"wp:featuredmedia":[{"embeddable":true,"href":"https:\/\/akunq.net\/tr\/index.php?rest_route=\/wp\/v2\/media\/58560"}],"wp:attachment":[{"href":"https:\/\/akunq.net\/tr\/index.php?rest_route=%2Fwp%2Fv2%2Fmedia&parent=58559"}],"wp:term":[{"taxonomy":"category","embeddable":true,"href":"https:\/\/akunq.net\/tr\/index.php?rest_route=%2Fwp%2Fv2%2Fcategories&post=58559"},{"taxonomy":"post_tag","embeddable":true,"href":"https:\/\/akunq.net\/tr\/index.php?rest_route=%2Fwp%2Fv2%2Ftags&post=58559"}],"curies":[{"name":"wp","href":"https:\/\/api.w.org\/{rel}","templated":true}]}}