{"id":58391,"date":"2020-08-21T02:03:00","date_gmt":"2020-08-21T07:03:00","guid":{"rendered":"https:\/\/akunq.net\/tr\/?p=58391"},"modified":"2020-08-21T02:03:00","modified_gmt":"2020-08-21T07:03:00","slug":"kariye-muzesi-de-cami-oldu","status":"publish","type":"post","link":"https:\/\/akunq.net\/tr\/?p=58391","title":{"rendered":"Kariye M\u00fczesi de cami oldu"},"content":{"rendered":"<h4><img loading=\"lazy\" decoding=\"async\" class=\"alignleft size-medium wp-image-58392\" src=\"https:\/\/akunq.net\/tr\/wp-content\/uploads\/2020\/08\/Kariye-M\u00fczesi-360x206.jpg\" alt=\"\" width=\"360\" height=\"206\" srcset=\"https:\/\/akunq.net\/tr\/wp-content\/uploads\/sites\/6\/2020\/08\/Kariye-M\u00fczesi-360x206.jpg 360w, https:\/\/akunq.net\/tr\/wp-content\/uploads\/sites\/6\/2020\/08\/Kariye-M\u00fczesi-560x321.jpg 560w, https:\/\/akunq.net\/tr\/wp-content\/uploads\/sites\/6\/2020\/08\/Kariye-M\u00fczesi-260x149.jpg 260w, https:\/\/akunq.net\/tr\/wp-content\/uploads\/sites\/6\/2020\/08\/Kariye-M\u00fczesi-160x92.jpg 160w, https:\/\/akunq.net\/tr\/wp-content\/uploads\/sites\/6\/2020\/08\/Kariye-M\u00fczesi.jpg 700w\" sizes=\"auto, (max-width: 360px) 100vw, 360px\" \/><\/h4>\n<h4><em>Bizans d\u00f6neminden kalan tarihi \u00f6zelli\u011fe sahip kiliselerden Kariye de camiye d\u00f6n\u00fc\u015ft\u00fcr\u00fcld\u00fc. Kariye ayn\u0131 Ayasofya gibi m\u00fcze olarak hizmet vermekteydi.<\/em><\/h4>\n<p>Resmi Gazete&#8217;nin bug\u00fcnk\u00fc say\u0131s\u0131nda yer alan Cumhurba\u015fkan\u0131 karar\u0131na g\u00f6re, &#8220;Kariye Camii&#8217;nin m\u00fcze ve m\u00fcze deposu olarak kullan\u0131lmas\u0131na y\u00f6nelik 1945 y\u0131l\u0131na ait Bakanlar Kurulu karar\u0131n\u0131n Dan\u0131\u015ftay 19&#8217;uncu Dairesi karar\u0131 ile iptal edilmesi \u00fczerine Kariye Camii&#8217;nin Diyanet \u0130\u015fleri Ba\u015fkanl\u0131\u011f\u0131&#8217;na devredilerek ibadete a\u00e7\u0131lmas\u0131na&#8221; karar verildi.<\/p>\n<p>Bizans \u0130mparatorlu\u011fu d\u00f6neminde 6&#8217;nc\u0131 y\u00fczy\u0131lda kilise olarak in\u015fa edilen yap\u0131, \u0130stanbul&#8217;un al\u0131nmas\u0131ndan\u00a0 sonra 1511 y\u0131l\u0131nda II. Bayezid&#8217;in sadrazamlar\u0131ndan olan Atik Ali Pa\u015fa taraf\u0131ndan camiye \u00e7evrilerek &#8216;Atik Ali Pa\u015fa Camii&#8217; veya &#8216;Kariye Camii&#8217; olarak an\u0131lmaya ba\u015flad\u0131. Bakanlar Kurulu&#8217;nun 2 A\u011fustos 1945 tarihinde ald\u0131\u011f\u0131 kararla m\u00fczeye \u00e7evrilen yap\u0131, Dan\u0131\u015ftay 19&#8217;uncu Dairesi&#8217;nin 2019 y\u0131l\u0131nda ald\u0131\u011f\u0131 karar \u00e7er\u00e7evesinde\u00a0 camiye d\u00f6n\u00fc\u015ft\u00fcr\u00fcl\u00fcyor.<\/p>\n<p>\u0130n\u015fa edildikten sonra Bizans d\u00f6neminde \u00e7e\u015fitli kereler tamir edilen kilisedeki fresk ve mozaiklerin saray ileri gelenlerinden Teodoros Metohites taraf\u0131ndan 1320&#8217;lerde yapt\u0131r\u0131ld\u0131\u011f\u0131 d\u00fc\u015f\u00fcn\u00fcl\u00fcyor. Kiliseyi Bizans sanat\u0131 bak\u0131m\u0131ndan \u00f6nemli k\u0131lan da i\u00e7indeki mozaiklerdir. \u0130sa Mesih ve Meryem Ana&#8217;n\u0131n yan\u0131s\u0131ra bir\u00e7ok H\u0131ristiyan aziz ve \u0130ncil&#8217;den al\u0131nm\u0131\u015f sahneler kilisenin duvarlar\u0131nda ve tavan\u0131nda mozaik haline getirilmi\u015ftir.<\/p>\n<p>Uzmanlara g\u00f6re Kariye resimlerinin ba\u015fta gelen \u00f6zelli\u011fi ilk\u00e7a\u011f\u0131n Helenistik d\u00f6neminin resim gelene\u011finin bilgilerinden faydalan\u0131lm\u0131\u015f olmas\u0131, v\u00fccutlar\u0131n plastik de\u011ferlerinin belirtilmesi ve \u00fc\u00e7 boyutlulu\u011fu dikkat edilmi\u015f olmas\u0131. Bu a\u00e7\u0131lardan Kariye&#8217;deki resim sanat\u0131n\u0131n, R\u00f6nesans ak\u0131m\u0131n\u0131n paralelinde Bizans&#8217;ta da yeni bir sanat anlay\u0131\u015f\u0131n\u0131n ba\u015flad\u0131\u011f\u0131na i\u015faret etti\u011fi d\u00fc\u015f\u00fcn\u00fcl\u00fcr. Kap\u0131n\u0131n \u00fcst\u00fcnde \u0130sa Mesih&#8217;e kilisenin bir modelini sunan Teodoros Metohites tasvir edilmi\u015ftir.<\/p>\n<p><em><strong>http:\/\/www.agos.com.tr\/tr\/yazi\/24459\/kariye-muzesi-de-cami-oldu\u00a0<\/strong><\/em><\/p>\n","protected":false},"excerpt":{"rendered":"<p>Bizans d\u00f6neminden kalan tarihi \u00f6zelli\u011fe sahip kiliselerden Kariye de camiye d\u00f6n\u00fc\u015ft\u00fcr\u00fcld\u00fc. Kariye ayn\u0131 Ayasofya gibi m\u00fcze olarak hizmet vermekteydi. Resmi Gazete&#8217;nin bug\u00fcnk\u00fc say\u0131s\u0131nda yer alan Cumhurba\u015fkan\u0131 karar\u0131na g\u00f6re, &#8220;Kariye Camii&#8217;nin m\u00fcze ve m\u00fcze deposu olarak kullan\u0131lmas\u0131na y\u00f6nelik 1945 y\u0131l\u0131na ait Bakanlar Kurulu karar\u0131n\u0131n Dan\u0131\u015ftay 19&#8217;uncu Dairesi karar\u0131 ile iptal edilmesi \u00fczerine Kariye Camii&#8217;nin Diyanet \u0130\u015fleri [&hellip;]<\/p>\n","protected":false},"author":7,"featured_media":58392,"comment_status":"open","ping_status":"open","sticky":false,"template":"","format":"standard","meta":{"footnotes":""},"categories":[1],"tags":[],"class_list":["post-58391","post","type-post","status-publish","format-standard","has-post-thumbnail","hentry","category-haberler"],"yoast_head":"<!-- This site is optimized with the Yoast SEO plugin v27.4 - https:\/\/yoast.com\/product\/yoast-seo-wordpress\/ -->\n<title>Kariye M\u00fczesi de cami oldu - Bati Ermenistan Ve Bati Ermenileri Sorunlari Ara\u015ftirmalar Merkezi<\/title>\n<meta name=\"robots\" content=\"index, follow, max-snippet:-1, max-image-preview:large, max-video-preview:-1\" \/>\n<link rel=\"canonical\" href=\"https:\/\/akunq.net\/tr\/?p=58391\" \/>\n<meta property=\"og:locale\" content=\"en_US\" \/>\n<meta property=\"og:type\" content=\"article\" \/>\n<meta property=\"og:title\" content=\"Kariye M\u00fczesi de cami oldu - Bati Ermenistan Ve Bati Ermenileri Sorunlari Ara\u015ftirmalar Merkezi\" \/>\n<meta property=\"og:description\" content=\"Bizans d\u00f6neminden kalan tarihi \u00f6zelli\u011fe sahip kiliselerden Kariye de camiye d\u00f6n\u00fc\u015ft\u00fcr\u00fcld\u00fc. Kariye ayn\u0131 Ayasofya gibi m\u00fcze olarak hizmet vermekteydi. Resmi Gazete&#8217;nin bug\u00fcnk\u00fc say\u0131s\u0131nda yer alan Cumhurba\u015fkan\u0131 karar\u0131na g\u00f6re, &#8220;Kariye Camii&#8217;nin m\u00fcze ve m\u00fcze deposu olarak kullan\u0131lmas\u0131na y\u00f6nelik 1945 y\u0131l\u0131na ait Bakanlar Kurulu karar\u0131n\u0131n Dan\u0131\u015ftay 19&#8217;uncu Dairesi karar\u0131 ile iptal edilmesi \u00fczerine Kariye Camii&#8217;nin Diyanet \u0130\u015fleri [&hellip;]\" \/>\n<meta property=\"og:url\" content=\"https:\/\/akunq.net\/tr\/?p=58391\" \/>\n<meta property=\"og:site_name\" content=\"Bati Ermenistan Ve Bati Ermenileri Sorunlari Ara\u015ftirmalar Merkezi\" \/>\n<meta property=\"article:published_time\" content=\"2020-08-21T07:03:00+00:00\" \/>\n<meta property=\"og:image\" content=\"https:\/\/akunq.net\/tr\/wp-content\/uploads\/sites\/6\/2020\/08\/Kariye-M\u00fczesi.jpg\" \/>\n\t<meta property=\"og:image:width\" content=\"700\" \/>\n\t<meta property=\"og:image:height\" content=\"401\" \/>\n\t<meta property=\"og:image:type\" content=\"image\/jpeg\" \/>\n<meta name=\"author\" content=\"admin\" \/>\n<meta name=\"twitter:card\" content=\"summary_large_image\" \/>\n<meta name=\"twitter:label1\" content=\"Written by\" \/>\n\t<meta name=\"twitter:data1\" content=\"admin\" \/>\n\t<meta name=\"twitter:label2\" content=\"Est. reading time\" \/>\n\t<meta name=\"twitter:data2\" content=\"2 minutes\" \/>\n<script type=\"application\/ld+json\" class=\"yoast-schema-graph\">{\"@context\":\"https:\\\/\\\/schema.org\",\"@graph\":[{\"@type\":\"Article\",\"@id\":\"https:\\\/\\\/akunq.net\\\/tr\\\/?p=58391#article\",\"isPartOf\":{\"@id\":\"https:\\\/\\\/akunq.net\\\/tr\\\/?p=58391\"},\"author\":{\"name\":\"admin\",\"@id\":\"https:\\\/\\\/akunq.net\\\/tr\\\/#\\\/schema\\\/person\\\/096f1d38a12cce57fb855b485ed24c9e\"},\"headline\":\"Kariye M\u00fczesi de cami oldu\",\"datePublished\":\"2020-08-21T07:03:00+00:00\",\"mainEntityOfPage\":{\"@id\":\"https:\\\/\\\/akunq.net\\\/tr\\\/?p=58391\"},\"wordCount\":338,\"commentCount\":0,\"image\":{\"@id\":\"https:\\\/\\\/akunq.net\\\/tr\\\/?p=58391#primaryimage\"},\"thumbnailUrl\":\"https:\\\/\\\/akunq.net\\\/tr\\\/wp-content\\\/uploads\\\/sites\\\/6\\\/2020\\\/08\\\/Kariye-M\u00fczesi.jpg\",\"articleSection\":[\"Haberler\"],\"inLanguage\":\"en-US\",\"potentialAction\":[{\"@type\":\"CommentAction\",\"name\":\"Comment\",\"target\":[\"https:\\\/\\\/akunq.net\\\/tr\\\/?p=58391#respond\"]}]},{\"@type\":\"WebPage\",\"@id\":\"https:\\\/\\\/akunq.net\\\/tr\\\/?p=58391\",\"url\":\"https:\\\/\\\/akunq.net\\\/tr\\\/?p=58391\",\"name\":\"Kariye M\u00fczesi de cami oldu - Bati Ermenistan Ve Bati Ermenileri Sorunlari Ara\u015ftirmalar Merkezi\",\"isPartOf\":{\"@id\":\"https:\\\/\\\/akunq.net\\\/tr\\\/#website\"},\"primaryImageOfPage\":{\"@id\":\"https:\\\/\\\/akunq.net\\\/tr\\\/?p=58391#primaryimage\"},\"image\":{\"@id\":\"https:\\\/\\\/akunq.net\\\/tr\\\/?p=58391#primaryimage\"},\"thumbnailUrl\":\"https:\\\/\\\/akunq.net\\\/tr\\\/wp-content\\\/uploads\\\/sites\\\/6\\\/2020\\\/08\\\/Kariye-M\u00fczesi.jpg\",\"datePublished\":\"2020-08-21T07:03:00+00:00\",\"author\":{\"@id\":\"https:\\\/\\\/akunq.net\\\/tr\\\/#\\\/schema\\\/person\\\/096f1d38a12cce57fb855b485ed24c9e\"},\"breadcrumb\":{\"@id\":\"https:\\\/\\\/akunq.net\\\/tr\\\/?p=58391#breadcrumb\"},\"inLanguage\":\"en-US\",\"potentialAction\":[{\"@type\":\"ReadAction\",\"target\":[\"https:\\\/\\\/akunq.net\\\/tr\\\/?p=58391\"]}]},{\"@type\":\"ImageObject\",\"inLanguage\":\"en-US\",\"@id\":\"https:\\\/\\\/akunq.net\\\/tr\\\/?p=58391#primaryimage\",\"url\":\"https:\\\/\\\/akunq.net\\\/tr\\\/wp-content\\\/uploads\\\/sites\\\/6\\\/2020\\\/08\\\/Kariye-M\u00fczesi.jpg\",\"contentUrl\":\"https:\\\/\\\/akunq.net\\\/tr\\\/wp-content\\\/uploads\\\/sites\\\/6\\\/2020\\\/08\\\/Kariye-M\u00fczesi.jpg\",\"width\":700,\"height\":401},{\"@type\":\"BreadcrumbList\",\"@id\":\"https:\\\/\\\/akunq.net\\\/tr\\\/?p=58391#breadcrumb\",\"itemListElement\":[{\"@type\":\"ListItem\",\"position\":1,\"name\":\"Home\",\"item\":\"https:\\\/\\\/akunq.net\\\/tr\"},{\"@type\":\"ListItem\",\"position\":2,\"name\":\"Kariye M\u00fczesi de cami oldu\"}]},{\"@type\":\"WebSite\",\"@id\":\"https:\\\/\\\/akunq.net\\\/tr\\\/#website\",\"url\":\"https:\\\/\\\/akunq.net\\\/tr\\\/\",\"name\":\"Bati Ermenistan Ve Bati Ermenileri Sorunlari Ara\u015ftirmalar Merkezi\",\"description\":\"\",\"potentialAction\":[{\"@type\":\"SearchAction\",\"target\":{\"@type\":\"EntryPoint\",\"urlTemplate\":\"https:\\\/\\\/akunq.net\\\/tr\\\/?s={search_term_string}\"},\"query-input\":{\"@type\":\"PropertyValueSpecification\",\"valueRequired\":true,\"valueName\":\"search_term_string\"}}],\"inLanguage\":\"en-US\"},{\"@type\":\"Person\",\"@id\":\"https:\\\/\\\/akunq.net\\\/tr\\\/#\\\/schema\\\/person\\\/096f1d38a12cce57fb855b485ed24c9e\",\"name\":\"admin\",\"url\":\"https:\\\/\\\/akunq.net\\\/tr\\\/?author=7\"}]}<\/script>\n<!-- \/ Yoast SEO plugin. -->","yoast_head_json":{"title":"Kariye M\u00fczesi de cami oldu - Bati Ermenistan Ve Bati Ermenileri Sorunlari Ara\u015ftirmalar Merkezi","robots":{"index":"index","follow":"follow","max-snippet":"max-snippet:-1","max-image-preview":"max-image-preview:large","max-video-preview":"max-video-preview:-1"},"canonical":"https:\/\/akunq.net\/tr\/?p=58391","og_locale":"en_US","og_type":"article","og_title":"Kariye M\u00fczesi de cami oldu - Bati Ermenistan Ve Bati Ermenileri Sorunlari Ara\u015ftirmalar Merkezi","og_description":"Bizans d\u00f6neminden kalan tarihi \u00f6zelli\u011fe sahip kiliselerden Kariye de camiye d\u00f6n\u00fc\u015ft\u00fcr\u00fcld\u00fc. Kariye ayn\u0131 Ayasofya gibi m\u00fcze olarak hizmet vermekteydi. Resmi Gazete&#8217;nin bug\u00fcnk\u00fc say\u0131s\u0131nda yer alan Cumhurba\u015fkan\u0131 karar\u0131na g\u00f6re, &#8220;Kariye Camii&#8217;nin m\u00fcze ve m\u00fcze deposu olarak kullan\u0131lmas\u0131na y\u00f6nelik 1945 y\u0131l\u0131na ait Bakanlar Kurulu karar\u0131n\u0131n Dan\u0131\u015ftay 19&#8217;uncu Dairesi karar\u0131 ile iptal edilmesi \u00fczerine Kariye Camii&#8217;nin Diyanet \u0130\u015fleri [&hellip;]","og_url":"https:\/\/akunq.net\/tr\/?p=58391","og_site_name":"Bati Ermenistan Ve Bati Ermenileri Sorunlari Ara\u015ftirmalar Merkezi","article_published_time":"2020-08-21T07:03:00+00:00","og_image":[{"width":700,"height":401,"url":"https:\/\/akunq.net\/tr\/wp-content\/uploads\/sites\/6\/2020\/08\/Kariye-M\u00fczesi.jpg","type":"image\/jpeg"}],"author":"admin","twitter_card":"summary_large_image","twitter_misc":{"Written by":"admin","Est. reading time":"2 minutes"},"schema":{"@context":"https:\/\/schema.org","@graph":[{"@type":"Article","@id":"https:\/\/akunq.net\/tr\/?p=58391#article","isPartOf":{"@id":"https:\/\/akunq.net\/tr\/?p=58391"},"author":{"name":"admin","@id":"https:\/\/akunq.net\/tr\/#\/schema\/person\/096f1d38a12cce57fb855b485ed24c9e"},"headline":"Kariye M\u00fczesi de cami oldu","datePublished":"2020-08-21T07:03:00+00:00","mainEntityOfPage":{"@id":"https:\/\/akunq.net\/tr\/?p=58391"},"wordCount":338,"commentCount":0,"image":{"@id":"https:\/\/akunq.net\/tr\/?p=58391#primaryimage"},"thumbnailUrl":"https:\/\/akunq.net\/tr\/wp-content\/uploads\/sites\/6\/2020\/08\/Kariye-M\u00fczesi.jpg","articleSection":["Haberler"],"inLanguage":"en-US","potentialAction":[{"@type":"CommentAction","name":"Comment","target":["https:\/\/akunq.net\/tr\/?p=58391#respond"]}]},{"@type":"WebPage","@id":"https:\/\/akunq.net\/tr\/?p=58391","url":"https:\/\/akunq.net\/tr\/?p=58391","name":"Kariye M\u00fczesi de cami oldu - Bati Ermenistan Ve Bati Ermenileri Sorunlari Ara\u015ftirmalar Merkezi","isPartOf":{"@id":"https:\/\/akunq.net\/tr\/#website"},"primaryImageOfPage":{"@id":"https:\/\/akunq.net\/tr\/?p=58391#primaryimage"},"image":{"@id":"https:\/\/akunq.net\/tr\/?p=58391#primaryimage"},"thumbnailUrl":"https:\/\/akunq.net\/tr\/wp-content\/uploads\/sites\/6\/2020\/08\/Kariye-M\u00fczesi.jpg","datePublished":"2020-08-21T07:03:00+00:00","author":{"@id":"https:\/\/akunq.net\/tr\/#\/schema\/person\/096f1d38a12cce57fb855b485ed24c9e"},"breadcrumb":{"@id":"https:\/\/akunq.net\/tr\/?p=58391#breadcrumb"},"inLanguage":"en-US","potentialAction":[{"@type":"ReadAction","target":["https:\/\/akunq.net\/tr\/?p=58391"]}]},{"@type":"ImageObject","inLanguage":"en-US","@id":"https:\/\/akunq.net\/tr\/?p=58391#primaryimage","url":"https:\/\/akunq.net\/tr\/wp-content\/uploads\/sites\/6\/2020\/08\/Kariye-M\u00fczesi.jpg","contentUrl":"https:\/\/akunq.net\/tr\/wp-content\/uploads\/sites\/6\/2020\/08\/Kariye-M\u00fczesi.jpg","width":700,"height":401},{"@type":"BreadcrumbList","@id":"https:\/\/akunq.net\/tr\/?p=58391#breadcrumb","itemListElement":[{"@type":"ListItem","position":1,"name":"Home","item":"https:\/\/akunq.net\/tr"},{"@type":"ListItem","position":2,"name":"Kariye M\u00fczesi de cami oldu"}]},{"@type":"WebSite","@id":"https:\/\/akunq.net\/tr\/#website","url":"https:\/\/akunq.net\/tr\/","name":"Bati Ermenistan Ve Bati Ermenileri Sorunlari Ara\u015ftirmalar Merkezi","description":"","potentialAction":[{"@type":"SearchAction","target":{"@type":"EntryPoint","urlTemplate":"https:\/\/akunq.net\/tr\/?s={search_term_string}"},"query-input":{"@type":"PropertyValueSpecification","valueRequired":true,"valueName":"search_term_string"}}],"inLanguage":"en-US"},{"@type":"Person","@id":"https:\/\/akunq.net\/tr\/#\/schema\/person\/096f1d38a12cce57fb855b485ed24c9e","name":"admin","url":"https:\/\/akunq.net\/tr\/?author=7"}]}},"_links":{"self":[{"href":"https:\/\/akunq.net\/tr\/index.php?rest_route=\/wp\/v2\/posts\/58391","targetHints":{"allow":["GET"]}}],"collection":[{"href":"https:\/\/akunq.net\/tr\/index.php?rest_route=\/wp\/v2\/posts"}],"about":[{"href":"https:\/\/akunq.net\/tr\/index.php?rest_route=\/wp\/v2\/types\/post"}],"author":[{"embeddable":true,"href":"https:\/\/akunq.net\/tr\/index.php?rest_route=\/wp\/v2\/users\/7"}],"replies":[{"embeddable":true,"href":"https:\/\/akunq.net\/tr\/index.php?rest_route=%2Fwp%2Fv2%2Fcomments&post=58391"}],"version-history":[{"count":1,"href":"https:\/\/akunq.net\/tr\/index.php?rest_route=\/wp\/v2\/posts\/58391\/revisions"}],"predecessor-version":[{"id":58393,"href":"https:\/\/akunq.net\/tr\/index.php?rest_route=\/wp\/v2\/posts\/58391\/revisions\/58393"}],"wp:featuredmedia":[{"embeddable":true,"href":"https:\/\/akunq.net\/tr\/index.php?rest_route=\/wp\/v2\/media\/58392"}],"wp:attachment":[{"href":"https:\/\/akunq.net\/tr\/index.php?rest_route=%2Fwp%2Fv2%2Fmedia&parent=58391"}],"wp:term":[{"taxonomy":"category","embeddable":true,"href":"https:\/\/akunq.net\/tr\/index.php?rest_route=%2Fwp%2Fv2%2Fcategories&post=58391"},{"taxonomy":"post_tag","embeddable":true,"href":"https:\/\/akunq.net\/tr\/index.php?rest_route=%2Fwp%2Fv2%2Ftags&post=58391"}],"curies":[{"name":"wp","href":"https:\/\/api.w.org\/{rel}","templated":true}]}}