{"id":58183,"date":"2020-08-11T08:15:41","date_gmt":"2020-08-11T13:15:41","guid":{"rendered":"https:\/\/akunq.net\/tr\/?p=58183"},"modified":"2020-08-11T08:17:28","modified_gmt":"2020-08-11T13:17:28","slug":"kurt-alevi-ve-ermeni-olduklari-icin-kislada-olduruluyorlar","status":"publish","type":"post","link":"https:\/\/akunq.net\/tr\/?p=58183","title":{"rendered":"\u2018K\u00fcrt, Alevi ve Ermeni olduklar\u0131 i\u00e7in k\u0131\u015flada \u00f6ld\u00fcr\u00fcl\u00fcyorlar\u2019"},"content":{"rendered":"<p><img loading=\"lazy\" decoding=\"async\" class=\"alignnone size-medium wp-image-58185\" src=\"https:\/\/akunq.net\/tr\/wp-content\/uploads\/2020\/08\/K\u00fcrt-Alevi-ve-Ermeni-360x220.jpg\" alt=\"\" width=\"360\" height=\"220\" srcset=\"https:\/\/akunq.net\/tr\/wp-content\/uploads\/sites\/6\/2020\/08\/K\u00fcrt-Alevi-ve-Ermeni-360x220.jpg 360w, https:\/\/akunq.net\/tr\/wp-content\/uploads\/sites\/6\/2020\/08\/K\u00fcrt-Alevi-ve-Ermeni-560x341.jpg 560w, https:\/\/akunq.net\/tr\/wp-content\/uploads\/sites\/6\/2020\/08\/K\u00fcrt-Alevi-ve-Ermeni-260x159.jpg 260w, https:\/\/akunq.net\/tr\/wp-content\/uploads\/sites\/6\/2020\/08\/K\u00fcrt-Alevi-ve-Ermeni-160x98.jpg 160w, https:\/\/akunq.net\/tr\/wp-content\/uploads\/sites\/6\/2020\/08\/K\u00fcrt-Alevi-ve-Ermeni.jpg 656w\" sizes=\"auto, (max-width: 360px) 100vw, 360px\" \/><\/p>\n<p><em><strong>Jandarma Er Osman \u00d6z\u00e7al\u0131ml\u0131\u2019n\u0131n \u015f\u00fcpheli bir \u015fekilde ya\u015fam\u0131n\u0131 yitirmesiyle bir kez daha k\u0131\u015fladaki asker \u00f6l\u00fcmleri g\u00fcndeme geldi.<\/strong><\/em><\/p>\n<p>K\u0131\u015fladaki \u015f\u00fcpheli\u00a0<strong>asker<\/strong>\u00a0\u00f6l\u00fcmleri g\u00fcndemdeki yerinin korurken,\u00a0<strong>Vicdani Ret Derne\u011fi<\/strong>\u00a0Y\u00f6netim Kurulu \u00dcyesi\u00a0 ve Demokrat Haber yazar\u0131\u00a0<strong>Ercan Akta\u015f<\/strong>, K\u00fcrt,\u00a0<strong>Alevi<\/strong>, Ermeni ve\u00a0<strong>sosyalist<\/strong>gen\u00e7lerin hedefte olduklar\u0131n\u0131 belirterek, ailelere \u00e7ocuklar\u0131n\u0131 askere g\u00f6ndermeme \u00e7a\u011fr\u0131s\u0131 yapt\u0131<\/p>\n<p>T\u00fcrkiye\u2019de 1992 ile 2002 y\u0131llar\u0131 aras\u0131nda 2 bin 220 \u015f\u00fcpheli asker \u00f6l\u00fcm\u00fc, \u201cintihar\u201d vakas\u0131 olarak kay\u0131tlara ge\u00e7ti. AKP\u2019nin iktidara geldi\u011fi 2002\u2019den 2020\u2019ye kadar ge\u00e7en s\u00fcrede k\u0131\u015fladaki asker \u00f6l\u00fcmlerinin verileri olmasa da konunun s\u0131k s\u0131k g\u00fcndem olmas\u0131yla rakamlar\u0131n \u00e7ok y\u00fcksek oldu\u011fu belirtiliyor. Son d\u00f6nemde askeriye i\u00e7inde rutin bir hal alan \u015f\u00fcpheli asker \u00f6l\u00fcmleri, \u201cintihar\u201d, \u201ckaza kur\u015funu\u201d ve \u201ckalp krizi\u201d denilerek \u00f6rtbas ediliyor. Ya\u015fananlar\u0131n \u00f6l\u00fcmlerin sorumlular\u0131na ili\u015fkin etkin bir soru\u015fturma y\u00fcr\u00fct\u00fclmezken, ailelerin adalet talebi, yarg\u0131 ve b\u00fcrokrasi k\u0131skac\u0131 alt\u0131nda g\u00f6rmezden geliniyor.<\/p>\n<p>\u0130zmir Alia\u011fa Kapal\u0131 Cezaevi\u2019nde askerlik yaparken tehdit edilen Jandarma Er\u00a0<strong>Osman \u00d6z\u00e7al\u0131ml\u0131<\/strong>\u2018n\u0131n \u015f\u00fcpheli bir \u015fekilde ya\u015fam\u0131n\u0131 yitirmesiyle bir kez daha k\u0131\u015fladaki asker \u00f6l\u00fcmleri g\u00fcndeme geldi.<br \/>\n<strong>\u00a0<\/strong><br \/>\n<strong>\u2018M\u0130L\u0130TAR\u0130ZM \u00d6L\u00dcMD\u00dcR\u2019<\/strong><\/p>\n<p>Cahit \u00d6zbek\u2019in Mezopotamya Ajans\u0131\u2019nda yer alan haberine g\u00f6re, aArtan \u015f\u00fcpheli asker \u00f6l\u00fcmlerini de\u011ferlendiren Vicdani Ret Derne\u011fi g\u00f6n\u00fcll\u00fcs\u00fc Ercan Akta\u015f, K\u00fcrt, Alevi, Ermeni, sosyalist gen\u00e7lerin, me\u015fruiyeti kalmam\u0131\u015f askeri k\u0131\u015flalardan i\u00e7eriye ad\u0131m atmamalar\u0131 gerekti\u011fini ifade etti. \u201cAileler \u00e7ocuklar\u0131n\u0131 askeriyeye teslim etmemelidirler\u201d diyen Akta\u015f, uzun y\u0131llard\u0131r zorunlu askerli\u011fe kar\u015f\u0131 m\u00fccadele eden vicdani ret\u00e7iler olarak, zorunlu askerli\u011fin militarizm; militarizmin ise \u00f6l\u00fcm oldu\u011funu dile getirdiklerini belirtti.<\/p>\n<p>\u0130zmir \u015eakran Cezaevi\u2019nde \u015f\u00fcpheli bir \u015fekilde ya\u015fam\u0131n\u0131 yitiren Osman \u00d6z\u00e7al\u0131ml\u0131\u2019n\u0131n babas\u0131n\u0131n, \u201cO\u011flumla daha \u00f6nce telefonla defalarca K\u00fcrt\u00e7e konu\u015ftum. K\u00fcrt oldu\u011fu i\u00e7in \u2018ter\u00f6rist\u2019 gibi tacizlere maruz kalm\u0131\u015f\u2026\u201d \u015feklindeki a\u00e7\u0131klamas\u0131n\u0131 an\u0131msatan Akta\u015f, bu beyan\u0131n b\u00fct\u00fcn ger\u00e7ekli\u011fi g\u00f6zler \u00f6n\u00fcne serdi\u011fini kaydetti.<\/p>\n<p><strong>\u2018KI\u015eLA B\u0130R \u015e\u0130DDET ALANIDIR\u2019<\/strong><\/p>\n<p>\u201cMilitarizm i\u00e7in d\u00fc\u015fman yaratmak kadar kolay bir \u015fey varsa, o da yarat\u0131lan bu d\u00fc\u015fman\u0131 \u00f6ld\u00fcrmektir\u201d diyen Akta\u015f, k\u0131\u015flan\u0131n \u015fiddet alan\u0131 oldu\u011funu belirtti. \u201cTerhisine d\u00f6rt saat kalan bir insan neden intihar eder? Daha ka\u00e7 gen\u00e7, \u2018arkada\u015f\u0131n\u0131n silah\u0131ndan \u00e7\u0131kan kur\u015funla hayat\u0131n\u0131 kaybedecek?\u201d diye soran Akta\u015f, \u201cA\u00e7\u0131k ve net: U\u011fur Kantar, K\u00fcrt ve Alevi; Sevag \u015eahin Bal\u0131k\u00e7\u0131, Ermeni; Deniz Yurtsever, sosyalist; Osman \u00d6z\u00e7elimli, K\u00fcrt oldu\u011fu i\u00e7in k\u0131\u015flada akranlar\u0131 ve komutanlar\u0131 taraf\u0131ndan \u00f6ld\u00fcr\u00fcld\u00fc\u201d dedi.<\/p>\n<p><strong>\u2018VATAN\u0130 G\u00d6REV SATIN ALINAB\u0130L\u0130R\u2019<\/strong><\/p>\n<p>Ya\u015fanan \u015f\u00fcpheli asker \u00f6l\u00fcmlerinin zorunlu askerlik ba\u011flam\u0131nda de\u011ferlendirilmesi gerekti\u011finin alt\u0131n\u0131 \u00e7izen Akta\u015f, T\u00fcrkiye gibi \u0131rk\u00e7\u0131\/militer \u00fclkelerin d\u0131\u015f\u0131nda zorunlu askerlik uygulamas\u0131n\u0131n \u00e7ok az \u00fclkede mevcut oldu\u011funu aktard\u0131. Akta\u015f, \u201cZaten T\u00fcrkiye\u2019de paras\u0131 olan o \u00e7ok\u00e7a \u2018kutsal\u2019 dedikleri \u2018vatan g\u00f6revi\u2019ni sat\u0131n alabilmektedir. Toplumun bunu kabul etmemesi laz\u0131m. Bug\u00fcn d\u00fcnya zorunlu askerlikle ilgili bamba\u015fka bir boyuttad\u0131r. T\u00fcrkiye, Yunanistan gibi istisnalar d\u0131\u015f\u0131nda zorunlu askerlik uygulamas\u0131 \u00e7ok az \u00fclkede mevcuttur. Fakat bizdeki mantalite o kadar geride kald\u0131 ki, zorunlu askerli\u011fi, insanlar\u0131 k\u0131\u015flaya sokup, militarist e\u011fitim vererek, milli \u015fuur a\u015f\u0131layabilecekleri bir ara\u00e7 san\u0131yorlar. Bu d\u00fcnyada uzun zaman \u00f6nce vazge\u00e7ilmi\u015f bir uygulamad\u0131r. Ancak T\u00fcrkiye\u2019de hala \u0131srarla uygulanmaktad\u0131r\u201d dedi.<\/p>\n<p>Tarih\u00e7i Michael Howard\u2019\u0131n \u201cMilitarizm, askeri alt k\u00fclt\u00fcre ait de\u011ferlerin, toplumun egemen de\u011ferleri olarak alg\u0131lanmas\u0131d\u0131r\u201d s\u00f6z\u00fcn\u00fc an\u0131msatan Akta\u015f, \u201c\u0130fade biraz daha geni\u015fletilirse militarizm, askeri de\u011fer ve pratiklerin y\u00fcceltilmesi ve sivil alan\u0131n \u015fekillendirilmesi olarak tan\u0131mlanabilir. K\u0131\u015fla i\u00e7inde 20 ila 21 ya\u015flar\u0131nda gen\u00e7ler \u00f6l\u00fcyor. \u2018\u015eehit oldu mu olmad\u0131 m\u0131?\u2019, \u2018D\u00f6vmesi vard\u0131, namaz\u0131 k\u0131l\u0131n\u0131r m\u0131 k\u0131l\u0131nmaz m\u0131\u2019 tart\u0131\u015fmalar\u0131n\u0131 y\u00fcr\u00fcten bir toplum, \u00e7\u00fcr\u00fcm\u00fc\u015ft\u00fcr. Militer bu ruh, ya\u015fanan korkun\u00e7 ac\u0131lar ile y\u00fczle\u015filmesi ve de \u015fiddetin, bask\u0131n\u0131n, sava\u015f\u0131n olmad\u0131\u011f\u0131 bir \u00fclkede ya\u015famam\u0131z \u00f6n\u00fcndeki en b\u00fcy\u00fck engellerden biridir. Bu nedenle kimi tart\u0131\u015fmalar\u0131 daha boyutlu ve derinlikli y\u00fcr\u00fctmek gerekmektedir. D\u00fcn k\u0131\u015flada \u00f6len \u0130smail Ak\u00e7a\u2019y\u0131, Osman Bulut\u2019u, Y\u0131lmaz K\u00f6se\u2019yi unuttu\u011fumuz gibi Osman \u00d6z\u00e7elimli\u2019yi de unutacak m\u0131y\u0131z? Ya\u015fanan a\u00e7\u0131k \u015fekilde \u0131rk\u00e7\u0131l\u0131k\/milliyet\u00e7ilik ile beslenen militarizmdir. K\u00fcrt, Alevi, sosyalist, Ermeni gen\u00e7lerinin, me\u015fruiyeti kalmam\u0131\u015f bu k\u0131\u015flalardan i\u00e7eriye ad\u0131m atmamalar\u0131 gerekiyor. Aileler \u00e7ocuklar\u0131n\u0131 buraya teslim etmemelidirler. HDP ya\u015fanan her k\u0131\u015fla \u00f6l\u00fcm\u00fcn\u00fc meclise ta\u015f\u0131man\u0131n \u00f6tesinden daha etkin bir politik \u00e7al\u0131\u015fman\u0131n i\u00e7inde olmal\u0131d\u0131r\u201d ifadelerini kulland\u0131.<\/p>\n<p><strong>\u2018BU DURUMA ALI\u015eMAYACA\u011eIZ\u2019<\/strong><\/p>\n<p>Akta\u015f, militarizm y\u0131llardan beri gencecik insanlar\u0131n katledilmesini milliyet\u00e7i politikalarla do\u011falla\u015ft\u0131rmakta olduk\u00e7a ba\u015far\u0131l\u0131 g\u00f6r\u00fcnse de vicdani ret\u00e7iler, sava\u015f kar\u015f\u0131tlar\u0131 ve anti-militaristlerin, bu duruma al\u0131\u015fmayaca\u011f\u0131n\u0131 s\u00f6yledi. Akta\u015f, insanlar\u0131n da bu duruma al\u0131\u015fmamas\u0131 i\u00e7in Osman \u00d6z\u00e7elimli\u2019nin hayat\u0131n\u0131 neden kaybetti\u011fini sormaya devam edeceklerini kaydetti.<\/p>\n<p><em><strong><a href=\"https:\/\/www.demokrathaber.org\/guncel\/kurt-alevi-ve-ermeni-olduklari-icin-kislada-olduruluyorlar-h132424.html\">https:\/\/www.demokrathaber.org\/guncel\/kurt-alevi-ve-ermeni-olduklari-icin-kislada-olduruluyorlar-h132424.html<\/a><\/strong><\/em><\/p>\n","protected":false},"excerpt":{"rendered":"<p>Jandarma Er Osman \u00d6z\u00e7al\u0131ml\u0131\u2019n\u0131n \u015f\u00fcpheli bir \u015fekilde ya\u015fam\u0131n\u0131 yitirmesiyle bir kez daha k\u0131\u015fladaki asker \u00f6l\u00fcmleri g\u00fcndeme geldi. K\u0131\u015fladaki \u015f\u00fcpheli\u00a0asker\u00a0\u00f6l\u00fcmleri g\u00fcndemdeki yerinin korurken,\u00a0Vicdani Ret Derne\u011fi\u00a0Y\u00f6netim Kurulu \u00dcyesi\u00a0 ve Demokrat Haber yazar\u0131\u00a0Ercan Akta\u015f, K\u00fcrt,\u00a0Alevi, Ermeni ve\u00a0sosyalistgen\u00e7lerin hedefte olduklar\u0131n\u0131 belirterek, ailelere \u00e7ocuklar\u0131n\u0131 askere g\u00f6ndermeme \u00e7a\u011fr\u0131s\u0131 yapt\u0131 T\u00fcrkiye\u2019de 1992 ile 2002 y\u0131llar\u0131 aras\u0131nda 2 bin 220 \u015f\u00fcpheli asker \u00f6l\u00fcm\u00fc, [&hellip;]<\/p>\n","protected":false},"author":7,"featured_media":58185,"comment_status":"open","ping_status":"open","sticky":false,"template":"","format":"standard","meta":{"footnotes":""},"categories":[1,53],"tags":[],"class_list":["post-58183","post","type-post","status-publish","format-standard","has-post-thumbnail","hentry","category-haberler","category-turkiyede-azinliklar"],"yoast_head":"<!-- This site is optimized with the Yoast SEO plugin v27.4 - https:\/\/yoast.com\/product\/yoast-seo-wordpress\/ -->\n<title>\u2018K\u00fcrt, Alevi ve Ermeni olduklar\u0131 i\u00e7in k\u0131\u015flada \u00f6ld\u00fcr\u00fcl\u00fcyorlar\u2019 - Bati Ermenistan Ve Bati Ermenileri Sorunlari Ara\u015ftirmalar Merkezi<\/title>\n<meta name=\"robots\" content=\"index, follow, max-snippet:-1, max-image-preview:large, max-video-preview:-1\" \/>\n<link rel=\"canonical\" href=\"https:\/\/akunq.net\/tr\/?p=58183\" \/>\n<meta property=\"og:locale\" content=\"en_US\" \/>\n<meta property=\"og:type\" content=\"article\" \/>\n<meta property=\"og:title\" content=\"\u2018K\u00fcrt, Alevi ve Ermeni olduklar\u0131 i\u00e7in k\u0131\u015flada \u00f6ld\u00fcr\u00fcl\u00fcyorlar\u2019 - Bati Ermenistan Ve Bati Ermenileri Sorunlari Ara\u015ftirmalar Merkezi\" \/>\n<meta property=\"og:description\" content=\"Jandarma Er Osman \u00d6z\u00e7al\u0131ml\u0131\u2019n\u0131n \u015f\u00fcpheli bir \u015fekilde ya\u015fam\u0131n\u0131 yitirmesiyle bir kez daha k\u0131\u015fladaki asker \u00f6l\u00fcmleri g\u00fcndeme geldi. K\u0131\u015fladaki \u015f\u00fcpheli\u00a0asker\u00a0\u00f6l\u00fcmleri g\u00fcndemdeki yerinin korurken,\u00a0Vicdani Ret Derne\u011fi\u00a0Y\u00f6netim Kurulu \u00dcyesi\u00a0 ve Demokrat Haber yazar\u0131\u00a0Ercan Akta\u015f, K\u00fcrt,\u00a0Alevi, Ermeni ve\u00a0sosyalistgen\u00e7lerin hedefte olduklar\u0131n\u0131 belirterek, ailelere \u00e7ocuklar\u0131n\u0131 askere g\u00f6ndermeme \u00e7a\u011fr\u0131s\u0131 yapt\u0131 T\u00fcrkiye\u2019de 1992 ile 2002 y\u0131llar\u0131 aras\u0131nda 2 bin 220 \u015f\u00fcpheli asker \u00f6l\u00fcm\u00fc, [&hellip;]\" \/>\n<meta property=\"og:url\" content=\"https:\/\/akunq.net\/tr\/?p=58183\" \/>\n<meta property=\"og:site_name\" content=\"Bati Ermenistan Ve Bati Ermenileri Sorunlari Ara\u015ftirmalar Merkezi\" \/>\n<meta property=\"article:published_time\" content=\"2020-08-11T13:15:41+00:00\" \/>\n<meta property=\"article:modified_time\" content=\"2020-08-11T13:17:28+00:00\" \/>\n<meta property=\"og:image\" content=\"https:\/\/akunq.net\/tr\/wp-content\/uploads\/sites\/6\/2020\/08\/K\u00fcrt-Alevi-ve-Ermeni.jpg\" \/>\n\t<meta property=\"og:image:width\" content=\"656\" \/>\n\t<meta property=\"og:image:height\" content=\"400\" \/>\n\t<meta property=\"og:image:type\" content=\"image\/jpeg\" \/>\n<meta name=\"author\" content=\"admin\" \/>\n<meta name=\"twitter:card\" content=\"summary_large_image\" \/>\n<meta name=\"twitter:label1\" content=\"Written by\" \/>\n\t<meta name=\"twitter:data1\" content=\"admin\" \/>\n\t<meta name=\"twitter:label2\" content=\"Est. reading time\" \/>\n\t<meta name=\"twitter:data2\" content=\"5 minutes\" \/>\n<script type=\"application\/ld+json\" class=\"yoast-schema-graph\">{\"@context\":\"https:\\\/\\\/schema.org\",\"@graph\":[{\"@type\":\"Article\",\"@id\":\"https:\\\/\\\/akunq.net\\\/tr\\\/?p=58183#article\",\"isPartOf\":{\"@id\":\"https:\\\/\\\/akunq.net\\\/tr\\\/?p=58183\"},\"author\":{\"name\":\"admin\",\"@id\":\"https:\\\/\\\/akunq.net\\\/tr\\\/#\\\/schema\\\/person\\\/096f1d38a12cce57fb855b485ed24c9e\"},\"headline\":\"\u2018K\u00fcrt, Alevi ve Ermeni olduklar\u0131 i\u00e7in k\u0131\u015flada \u00f6ld\u00fcr\u00fcl\u00fcyorlar\u2019\",\"datePublished\":\"2020-08-11T13:15:41+00:00\",\"dateModified\":\"2020-08-11T13:17:28+00:00\",\"mainEntityOfPage\":{\"@id\":\"https:\\\/\\\/akunq.net\\\/tr\\\/?p=58183\"},\"wordCount\":947,\"commentCount\":0,\"image\":{\"@id\":\"https:\\\/\\\/akunq.net\\\/tr\\\/?p=58183#primaryimage\"},\"thumbnailUrl\":\"https:\\\/\\\/akunq.net\\\/tr\\\/wp-content\\\/uploads\\\/sites\\\/6\\\/2020\\\/08\\\/K\u00fcrt-Alevi-ve-Ermeni.jpg\",\"articleSection\":[\"Haberler\",\"T\u00fcrkiye\u2019de Az\u0131nl\u0131klar\"],\"inLanguage\":\"en-US\",\"potentialAction\":[{\"@type\":\"CommentAction\",\"name\":\"Comment\",\"target\":[\"https:\\\/\\\/akunq.net\\\/tr\\\/?p=58183#respond\"]}]},{\"@type\":\"WebPage\",\"@id\":\"https:\\\/\\\/akunq.net\\\/tr\\\/?p=58183\",\"url\":\"https:\\\/\\\/akunq.net\\\/tr\\\/?p=58183\",\"name\":\"\u2018K\u00fcrt, Alevi ve Ermeni olduklar\u0131 i\u00e7in k\u0131\u015flada \u00f6ld\u00fcr\u00fcl\u00fcyorlar\u2019 - Bati Ermenistan Ve Bati Ermenileri Sorunlari Ara\u015ftirmalar Merkezi\",\"isPartOf\":{\"@id\":\"https:\\\/\\\/akunq.net\\\/tr\\\/#website\"},\"primaryImageOfPage\":{\"@id\":\"https:\\\/\\\/akunq.net\\\/tr\\\/?p=58183#primaryimage\"},\"image\":{\"@id\":\"https:\\\/\\\/akunq.net\\\/tr\\\/?p=58183#primaryimage\"},\"thumbnailUrl\":\"https:\\\/\\\/akunq.net\\\/tr\\\/wp-content\\\/uploads\\\/sites\\\/6\\\/2020\\\/08\\\/K\u00fcrt-Alevi-ve-Ermeni.jpg\",\"datePublished\":\"2020-08-11T13:15:41+00:00\",\"dateModified\":\"2020-08-11T13:17:28+00:00\",\"author\":{\"@id\":\"https:\\\/\\\/akunq.net\\\/tr\\\/#\\\/schema\\\/person\\\/096f1d38a12cce57fb855b485ed24c9e\"},\"breadcrumb\":{\"@id\":\"https:\\\/\\\/akunq.net\\\/tr\\\/?p=58183#breadcrumb\"},\"inLanguage\":\"en-US\",\"potentialAction\":[{\"@type\":\"ReadAction\",\"target\":[\"https:\\\/\\\/akunq.net\\\/tr\\\/?p=58183\"]}]},{\"@type\":\"ImageObject\",\"inLanguage\":\"en-US\",\"@id\":\"https:\\\/\\\/akunq.net\\\/tr\\\/?p=58183#primaryimage\",\"url\":\"https:\\\/\\\/akunq.net\\\/tr\\\/wp-content\\\/uploads\\\/sites\\\/6\\\/2020\\\/08\\\/K\u00fcrt-Alevi-ve-Ermeni.jpg\",\"contentUrl\":\"https:\\\/\\\/akunq.net\\\/tr\\\/wp-content\\\/uploads\\\/sites\\\/6\\\/2020\\\/08\\\/K\u00fcrt-Alevi-ve-Ermeni.jpg\",\"width\":656,\"height\":400},{\"@type\":\"BreadcrumbList\",\"@id\":\"https:\\\/\\\/akunq.net\\\/tr\\\/?p=58183#breadcrumb\",\"itemListElement\":[{\"@type\":\"ListItem\",\"position\":1,\"name\":\"Home\",\"item\":\"https:\\\/\\\/akunq.net\\\/tr\"},{\"@type\":\"ListItem\",\"position\":2,\"name\":\"\u2018K\u00fcrt, Alevi ve Ermeni olduklar\u0131 i\u00e7in k\u0131\u015flada \u00f6ld\u00fcr\u00fcl\u00fcyorlar\u2019\"}]},{\"@type\":\"WebSite\",\"@id\":\"https:\\\/\\\/akunq.net\\\/tr\\\/#website\",\"url\":\"https:\\\/\\\/akunq.net\\\/tr\\\/\",\"name\":\"Bati Ermenistan Ve Bati Ermenileri Sorunlari Ara\u015ftirmalar Merkezi\",\"description\":\"\",\"potentialAction\":[{\"@type\":\"SearchAction\",\"target\":{\"@type\":\"EntryPoint\",\"urlTemplate\":\"https:\\\/\\\/akunq.net\\\/tr\\\/?s={search_term_string}\"},\"query-input\":{\"@type\":\"PropertyValueSpecification\",\"valueRequired\":true,\"valueName\":\"search_term_string\"}}],\"inLanguage\":\"en-US\"},{\"@type\":\"Person\",\"@id\":\"https:\\\/\\\/akunq.net\\\/tr\\\/#\\\/schema\\\/person\\\/096f1d38a12cce57fb855b485ed24c9e\",\"name\":\"admin\",\"url\":\"https:\\\/\\\/akunq.net\\\/tr\\\/?author=7\"}]}<\/script>\n<!-- \/ Yoast SEO plugin. -->","yoast_head_json":{"title":"\u2018K\u00fcrt, Alevi ve Ermeni olduklar\u0131 i\u00e7in k\u0131\u015flada \u00f6ld\u00fcr\u00fcl\u00fcyorlar\u2019 - Bati Ermenistan Ve Bati Ermenileri Sorunlari Ara\u015ftirmalar Merkezi","robots":{"index":"index","follow":"follow","max-snippet":"max-snippet:-1","max-image-preview":"max-image-preview:large","max-video-preview":"max-video-preview:-1"},"canonical":"https:\/\/akunq.net\/tr\/?p=58183","og_locale":"en_US","og_type":"article","og_title":"\u2018K\u00fcrt, Alevi ve Ermeni olduklar\u0131 i\u00e7in k\u0131\u015flada \u00f6ld\u00fcr\u00fcl\u00fcyorlar\u2019 - Bati Ermenistan Ve Bati Ermenileri Sorunlari Ara\u015ftirmalar Merkezi","og_description":"Jandarma Er Osman \u00d6z\u00e7al\u0131ml\u0131\u2019n\u0131n \u015f\u00fcpheli bir \u015fekilde ya\u015fam\u0131n\u0131 yitirmesiyle bir kez daha k\u0131\u015fladaki asker \u00f6l\u00fcmleri g\u00fcndeme geldi. K\u0131\u015fladaki \u015f\u00fcpheli\u00a0asker\u00a0\u00f6l\u00fcmleri g\u00fcndemdeki yerinin korurken,\u00a0Vicdani Ret Derne\u011fi\u00a0Y\u00f6netim Kurulu \u00dcyesi\u00a0 ve Demokrat Haber yazar\u0131\u00a0Ercan Akta\u015f, K\u00fcrt,\u00a0Alevi, Ermeni ve\u00a0sosyalistgen\u00e7lerin hedefte olduklar\u0131n\u0131 belirterek, ailelere \u00e7ocuklar\u0131n\u0131 askere g\u00f6ndermeme \u00e7a\u011fr\u0131s\u0131 yapt\u0131 T\u00fcrkiye\u2019de 1992 ile 2002 y\u0131llar\u0131 aras\u0131nda 2 bin 220 \u015f\u00fcpheli asker \u00f6l\u00fcm\u00fc, [&hellip;]","og_url":"https:\/\/akunq.net\/tr\/?p=58183","og_site_name":"Bati Ermenistan Ve Bati Ermenileri Sorunlari Ara\u015ftirmalar Merkezi","article_published_time":"2020-08-11T13:15:41+00:00","article_modified_time":"2020-08-11T13:17:28+00:00","og_image":[{"width":656,"height":400,"url":"https:\/\/akunq.net\/tr\/wp-content\/uploads\/sites\/6\/2020\/08\/K\u00fcrt-Alevi-ve-Ermeni.jpg","type":"image\/jpeg"}],"author":"admin","twitter_card":"summary_large_image","twitter_misc":{"Written by":"admin","Est. reading time":"5 minutes"},"schema":{"@context":"https:\/\/schema.org","@graph":[{"@type":"Article","@id":"https:\/\/akunq.net\/tr\/?p=58183#article","isPartOf":{"@id":"https:\/\/akunq.net\/tr\/?p=58183"},"author":{"name":"admin","@id":"https:\/\/akunq.net\/tr\/#\/schema\/person\/096f1d38a12cce57fb855b485ed24c9e"},"headline":"\u2018K\u00fcrt, Alevi ve Ermeni olduklar\u0131 i\u00e7in k\u0131\u015flada \u00f6ld\u00fcr\u00fcl\u00fcyorlar\u2019","datePublished":"2020-08-11T13:15:41+00:00","dateModified":"2020-08-11T13:17:28+00:00","mainEntityOfPage":{"@id":"https:\/\/akunq.net\/tr\/?p=58183"},"wordCount":947,"commentCount":0,"image":{"@id":"https:\/\/akunq.net\/tr\/?p=58183#primaryimage"},"thumbnailUrl":"https:\/\/akunq.net\/tr\/wp-content\/uploads\/sites\/6\/2020\/08\/K\u00fcrt-Alevi-ve-Ermeni.jpg","articleSection":["Haberler","T\u00fcrkiye\u2019de Az\u0131nl\u0131klar"],"inLanguage":"en-US","potentialAction":[{"@type":"CommentAction","name":"Comment","target":["https:\/\/akunq.net\/tr\/?p=58183#respond"]}]},{"@type":"WebPage","@id":"https:\/\/akunq.net\/tr\/?p=58183","url":"https:\/\/akunq.net\/tr\/?p=58183","name":"\u2018K\u00fcrt, Alevi ve Ermeni olduklar\u0131 i\u00e7in k\u0131\u015flada \u00f6ld\u00fcr\u00fcl\u00fcyorlar\u2019 - Bati Ermenistan Ve Bati Ermenileri Sorunlari Ara\u015ftirmalar Merkezi","isPartOf":{"@id":"https:\/\/akunq.net\/tr\/#website"},"primaryImageOfPage":{"@id":"https:\/\/akunq.net\/tr\/?p=58183#primaryimage"},"image":{"@id":"https:\/\/akunq.net\/tr\/?p=58183#primaryimage"},"thumbnailUrl":"https:\/\/akunq.net\/tr\/wp-content\/uploads\/sites\/6\/2020\/08\/K\u00fcrt-Alevi-ve-Ermeni.jpg","datePublished":"2020-08-11T13:15:41+00:00","dateModified":"2020-08-11T13:17:28+00:00","author":{"@id":"https:\/\/akunq.net\/tr\/#\/schema\/person\/096f1d38a12cce57fb855b485ed24c9e"},"breadcrumb":{"@id":"https:\/\/akunq.net\/tr\/?p=58183#breadcrumb"},"inLanguage":"en-US","potentialAction":[{"@type":"ReadAction","target":["https:\/\/akunq.net\/tr\/?p=58183"]}]},{"@type":"ImageObject","inLanguage":"en-US","@id":"https:\/\/akunq.net\/tr\/?p=58183#primaryimage","url":"https:\/\/akunq.net\/tr\/wp-content\/uploads\/sites\/6\/2020\/08\/K\u00fcrt-Alevi-ve-Ermeni.jpg","contentUrl":"https:\/\/akunq.net\/tr\/wp-content\/uploads\/sites\/6\/2020\/08\/K\u00fcrt-Alevi-ve-Ermeni.jpg","width":656,"height":400},{"@type":"BreadcrumbList","@id":"https:\/\/akunq.net\/tr\/?p=58183#breadcrumb","itemListElement":[{"@type":"ListItem","position":1,"name":"Home","item":"https:\/\/akunq.net\/tr"},{"@type":"ListItem","position":2,"name":"\u2018K\u00fcrt, Alevi ve Ermeni olduklar\u0131 i\u00e7in k\u0131\u015flada \u00f6ld\u00fcr\u00fcl\u00fcyorlar\u2019"}]},{"@type":"WebSite","@id":"https:\/\/akunq.net\/tr\/#website","url":"https:\/\/akunq.net\/tr\/","name":"Bati Ermenistan Ve Bati Ermenileri Sorunlari Ara\u015ftirmalar Merkezi","description":"","potentialAction":[{"@type":"SearchAction","target":{"@type":"EntryPoint","urlTemplate":"https:\/\/akunq.net\/tr\/?s={search_term_string}"},"query-input":{"@type":"PropertyValueSpecification","valueRequired":true,"valueName":"search_term_string"}}],"inLanguage":"en-US"},{"@type":"Person","@id":"https:\/\/akunq.net\/tr\/#\/schema\/person\/096f1d38a12cce57fb855b485ed24c9e","name":"admin","url":"https:\/\/akunq.net\/tr\/?author=7"}]}},"_links":{"self":[{"href":"https:\/\/akunq.net\/tr\/index.php?rest_route=\/wp\/v2\/posts\/58183","targetHints":{"allow":["GET"]}}],"collection":[{"href":"https:\/\/akunq.net\/tr\/index.php?rest_route=\/wp\/v2\/posts"}],"about":[{"href":"https:\/\/akunq.net\/tr\/index.php?rest_route=\/wp\/v2\/types\/post"}],"author":[{"embeddable":true,"href":"https:\/\/akunq.net\/tr\/index.php?rest_route=\/wp\/v2\/users\/7"}],"replies":[{"embeddable":true,"href":"https:\/\/akunq.net\/tr\/index.php?rest_route=%2Fwp%2Fv2%2Fcomments&post=58183"}],"version-history":[{"count":2,"href":"https:\/\/akunq.net\/tr\/index.php?rest_route=\/wp\/v2\/posts\/58183\/revisions"}],"predecessor-version":[{"id":58186,"href":"https:\/\/akunq.net\/tr\/index.php?rest_route=\/wp\/v2\/posts\/58183\/revisions\/58186"}],"wp:featuredmedia":[{"embeddable":true,"href":"https:\/\/akunq.net\/tr\/index.php?rest_route=\/wp\/v2\/media\/58185"}],"wp:attachment":[{"href":"https:\/\/akunq.net\/tr\/index.php?rest_route=%2Fwp%2Fv2%2Fmedia&parent=58183"}],"wp:term":[{"taxonomy":"category","embeddable":true,"href":"https:\/\/akunq.net\/tr\/index.php?rest_route=%2Fwp%2Fv2%2Fcategories&post=58183"},{"taxonomy":"post_tag","embeddable":true,"href":"https:\/\/akunq.net\/tr\/index.php?rest_route=%2Fwp%2Fv2%2Ftags&post=58183"}],"curies":[{"name":"wp","href":"https:\/\/api.w.org\/{rel}","templated":true}]}}