{"id":57388,"date":"2020-05-20T02:00:02","date_gmt":"2020-05-20T07:00:02","guid":{"rendered":"https:\/\/akunq.net\/tr\/?p=57388"},"modified":"2020-05-20T02:00:02","modified_gmt":"2020-05-20T07:00:02","slug":"diril-cifti-sirtini-devlete-dayayanlarca-kacirildi","status":"publish","type":"post","link":"https:\/\/akunq.net\/tr\/?p=57388","title":{"rendered":"&#8220;Diril \u00e7ifti s\u0131rt\u0131n\u0131 devlete dayayanlarca ka\u00e7\u0131r\u0131ld\u0131&#8221;"},"content":{"rendered":"<p><img loading=\"lazy\" decoding=\"async\" class=\"alignnone size-medium wp-image-57389\" src=\"https:\/\/akunq.net\/tr\/wp-content\/uploads\/2020\/05\/Diril-\u00e7ifti-360x208.jpeg\" alt=\"\" width=\"360\" height=\"208\" srcset=\"https:\/\/akunq.net\/tr\/wp-content\/uploads\/sites\/6\/2020\/05\/Diril-\u00e7ifti-360x208.jpeg 360w, https:\/\/akunq.net\/tr\/wp-content\/uploads\/sites\/6\/2020\/05\/Diril-\u00e7ifti-768x444.jpeg 768w, https:\/\/akunq.net\/tr\/wp-content\/uploads\/sites\/6\/2020\/05\/Diril-\u00e7ifti-560x324.jpeg 560w, https:\/\/akunq.net\/tr\/wp-content\/uploads\/sites\/6\/2020\/05\/Diril-\u00e7ifti-260x150.jpeg 260w, https:\/\/akunq.net\/tr\/wp-content\/uploads\/sites\/6\/2020\/05\/Diril-\u00e7ifti-160x93.jpeg 160w, https:\/\/akunq.net\/tr\/wp-content\/uploads\/sites\/6\/2020\/05\/Diril-\u00e7ifti.jpeg 800w\" sizes=\"auto, (max-width: 360px) 100vw, 360px\" \/><\/p>\n<p><a href=\"http:\/\/www.agos.com.tr\/tr\/yazar\/40\/pakrat-estukyan\"><strong>Pakrat Estukyan<\/strong><\/a><strong>\u00a0 <\/strong><\/p>\n<p><strong><em>HDP Mardin Milletvekili Tuma \u00c7elik kendilerinden 11 Ocak&#8217;tan beri haber al\u0131namayan Keldani Diril \u00e7ifti ile ilgili on-line bas\u0131n toplant\u0131s\u0131 d\u00fczenledi. \u00c7iftten \u015eimuni Diril&#8217;in cesedi kaybolduktan 70 g\u00fcn sonra evinin yak\u0131nlar\u0131nda bulunmu\u015ftu. Ancak H\u00fcrm\u00fcz Diril&#8217;den hala haber yok.<\/em><\/strong><\/p>\n<p>\u015e\u0131rnak Beyt\u00fc\u015f\u015febap\u2019a ba\u011fl\u0131 Mehri (Kovankaya) k\u00f6y\u00fcnde ya\u015fayan Diril \u00e7iftinden 11 Ocak&#8217;dan sonra haber al\u0131namam\u0131\u015ft\u0131.<\/p>\n<p>\u015eimuni Diril\u2019in cesedi 70 g\u00fcn sonra evlerinin yak\u0131nlar\u0131ndaki dere kenar\u0131nda bulundu. Ancak Hurm\u00fcz Diril&#8217;den hala haber al\u0131nabilmi\u015f de\u011fil.<\/p>\n<p>Aramalar\u0131n yo\u011funla\u015ft\u0131r\u0131lmas\u0131 ve sis perdesinin ayd\u0131nlat\u0131lmas\u0131 i\u00e7in hak savunucular\u0131, S\u00fcryani toplumu ve Diril \u00e7iftinin yak\u0131nlar\u0131 haftalard\u0131r kamuoyuna \u00e7a\u011fr\u0131 yap\u0131yor. Halklar\u0131n Demokratik Partisi (HDP) Mardin Milletvekili Tuma \u00c7elik de, Diril \u00e7iftinin kaybolmas\u0131na ili\u015fkin haz\u0131rlad\u0131\u011f\u0131 raporu on-line bas\u0131n toplant\u0131s\u0131 ile gazetecilerle payla\u015ft\u0131.<\/p>\n<p>\u00c7elik \u015funlar\u0131 s\u00f6yledi:<\/p>\n<p>&#8220;Elde etti\u011fimiz bilgilerden yola \u00e7\u0131karak \u015funu net s\u00f6yleyebiliyorum, kesinlikle \u00f6rg\u00fct\u00fcn i\u015fi oldu\u011funu d\u00fc\u015f\u00fcnm\u00fcyorum; devletin talimat\u0131yla yap\u0131ld\u0131\u011f\u0131na da inanm\u0131yorum ama devletin 24 saat h\u00e2kim oldu\u011fu bir alanda b\u00f6yle bir olay\u0131n meydana gelmesi ve sonraki geli\u015fmeler, bir \u015fekilde s\u0131rt\u0131n\u0131 devlete veya devletteki kesimlere dayayan ki\u015filerle birlikte yap\u0131lan bir ka\u00e7\u0131rma olay\u0131 oldu\u011funu d\u00fc\u015f\u00fcnd\u00fcr\u00fcyor.&#8221;<\/p>\n<p><strong>\u0130stenirse ortaya \u00e7\u0131kar<\/strong><\/p>\n<p>&#8220;Devlet, oradaki yetkililer isterse bu olay\u0131 net bi\u00e7imde ortaya \u00e7\u0131karabilir. E\u011fer \u00e7\u0131karmak i\u00e7in gerekli \u00e7abay\u0131 sarf etmiyorsa o zaman ortada farkl\u0131 bir durum s\u00f6z konusu olur. Ne y\u00fcr\u00fct\u00fclen soru\u015fturma ne de yap\u0131lan a\u00e7\u0131klamalar bizleri tatmin etmi\u015ftir. Diril \u00e7iftinin ak\u0131beti sonuna kadar ara\u015ft\u0131rmal\u0131d\u0131r. Bu kay\u0131p vakas\u0131, karanl\u0131k dehlizlerde kaybolmamal\u0131d\u0131r.&#8221;<\/p>\n<p>&#8220;T\u00fcrkiye, kay\u0131plar, kaybedilmeler, faili me\u00e7huller konusunda sab\u0131kal\u0131. Son ya\u015fananlar bizlere 90&#8217;l\u0131 y\u0131llar\u0131 hat\u0131rlat\u0131yor. Bu kay\u0131p vakas\u0131nda iddia edilen kontra faaliyetler, al\u0131nan gizlilik kararlar\u0131, kapa\u011f\u0131 a\u00e7\u0131lmayan soru\u015fturmalar, \u00e7eli\u015fkili tan\u0131k ifadelerinin t\u00fcm\u00fc soru i\u015fareti bar\u0131nd\u0131rmaktad\u0131r.&#8221;<\/p>\n<p><strong>Geri d\u00f6n\u00fc\u015fler engellenmek isteniyor<\/strong><\/p>\n<p>\u00c7elik yurtd\u0131\u015f\u0131nda ya\u015fayan S\u00fcryanilerden b\u00f6lgeye geri d\u00f6nmek isteyenler oldu\u011funu, ancak devletin bunu engellemek istedi\u011fini s\u00f6yledi:<\/p>\n<p>&#8220;B\u00f6lge S\u00fcryanilerin ya\u015fand\u0131\u011f\u0131 bir b\u00f6lge. Hakkari \u015e\u0131rnak Beyt\u00fc\u015f\u015febap\u2019ta S\u00fcryani k\u00f6yleri var. Bu k\u00f6yler \u00e7at\u0131\u015fmal\u0131 d\u00f6nemde hemen hemen hepsi devlet taraf\u0131ndan bo\u015falt\u0131lm\u0131\u015f k\u00f6yler. \u00c7at\u0131\u015fmas\u0131zl\u0131k d\u00f6neminin ba\u015flamas\u0131ndan, bar\u0131\u015f s\u00fcrecinin ortaya \u00e7\u0131kmas\u0131ndan sonra S\u00fcryaniler kendi yerle\u015fim birimlerine d\u00f6nme \u00e7abas\u0131na giri\u015ftiler, bu y\u00f6nde ad\u0131mlar att\u0131lar.&#8221;<\/p>\n<p>&#8220;Devletin i\u00e7inde g\u00fc\u00e7l\u00fc oldu\u011funu d\u00fc\u015f\u00fcnd\u00fc\u011f\u00fcm\u00fcz birilerinin bunu engelledi\u011fi d\u00fc\u015f\u00fcncesi olu\u015fuyor bizde. Yine orada aralar\u0131nda rahibin de bulundu\u011fu k\u00f6yl\u00fcler, insanlar\u0131m\u0131z g\u00f6z alt\u0131na al\u0131nd\u0131 ve tutukland\u0131. Bunlar\u0131n da bu politikan\u0131n \u00fcr\u00fcn\u00fc oldu\u011funu d\u00fc\u015f\u00fcn\u00fcyoruz. S\u00fcryanilerin kendi ya\u015fam alanlar\u0131na d\u00f6nmesi engellenmeye \u00e7al\u0131\u015f\u0131l\u0131yor.&#8221;<\/p>\n<p>Ayn\u0131 k\u00f6yde ya\u015fayan Diril ailesinin di\u011fer \u00fcyeleri 90&#8217;l\u0131 y\u0131llarda devlet ve korucu bask\u0131s\u0131na maruz\u00a0<a href=\"http:\/\/www.agos.com.tr\/tr\/yazi\/4754\/tek-dilegim-var-koyumun-kilisesinde-dua-edebilmek\">kalm\u0131\u015flard\u0131<\/a>.<\/p>\n<p><strong><em><a href=\"http:\/\/www.agos.com.tr\/tr\/yazi\/24047\/diril-cifti-sirtini-devlete-dayayanlarca-kacirildi\">http:\/\/www.agos.com.tr\/tr\/yazi\/24047\/diril-cifti-sirtini-devlete-dayayanlarca-kacirildi<\/a>\u00a0<\/em><\/strong><\/p>\n","protected":false},"excerpt":{"rendered":"<p>Pakrat Estukyan\u00a0 HDP Mardin Milletvekili Tuma \u00c7elik kendilerinden 11 Ocak&#8217;tan beri haber al\u0131namayan Keldani Diril \u00e7ifti ile ilgili on-line bas\u0131n toplant\u0131s\u0131 d\u00fczenledi. \u00c7iftten \u015eimuni Diril&#8217;in cesedi kaybolduktan 70 g\u00fcn sonra evinin yak\u0131nlar\u0131nda bulunmu\u015ftu. Ancak H\u00fcrm\u00fcz Diril&#8217;den hala haber yok. \u015e\u0131rnak Beyt\u00fc\u015f\u015febap\u2019a ba\u011fl\u0131 Mehri (Kovankaya) k\u00f6y\u00fcnde ya\u015fayan Diril \u00e7iftinden 11 Ocak&#8217;dan sonra haber al\u0131namam\u0131\u015ft\u0131. \u015eimuni Diril\u2019in [&hellip;]<\/p>\n","protected":false},"author":7,"featured_media":57389,"comment_status":"open","ping_status":"open","sticky":false,"template":"","format":"standard","meta":{"footnotes":""},"categories":[1,70,53],"tags":[],"class_list":["post-57388","post","type-post","status-publish","format-standard","has-post-thumbnail","hentry","category-haberler","category-makaleler","category-turkiyede-azinliklar"],"yoast_head":"<!-- This site is optimized with the Yoast SEO plugin v27.4 - https:\/\/yoast.com\/product\/yoast-seo-wordpress\/ -->\n<title>&quot;Diril \u00e7ifti s\u0131rt\u0131n\u0131 devlete dayayanlarca ka\u00e7\u0131r\u0131ld\u0131&quot; - Bati Ermenistan Ve Bati Ermenileri Sorunlari Ara\u015ftirmalar Merkezi<\/title>\n<meta name=\"robots\" content=\"index, follow, max-snippet:-1, max-image-preview:large, max-video-preview:-1\" \/>\n<link rel=\"canonical\" href=\"https:\/\/akunq.net\/tr\/?p=57388\" \/>\n<meta property=\"og:locale\" content=\"en_US\" \/>\n<meta property=\"og:type\" content=\"article\" \/>\n<meta property=\"og:title\" content=\"&quot;Diril \u00e7ifti s\u0131rt\u0131n\u0131 devlete dayayanlarca ka\u00e7\u0131r\u0131ld\u0131&quot; - Bati Ermenistan Ve Bati Ermenileri Sorunlari Ara\u015ftirmalar Merkezi\" \/>\n<meta property=\"og:description\" content=\"Pakrat Estukyan\u00a0 HDP Mardin Milletvekili Tuma \u00c7elik kendilerinden 11 Ocak&#8217;tan beri haber al\u0131namayan Keldani Diril \u00e7ifti ile ilgili on-line bas\u0131n toplant\u0131s\u0131 d\u00fczenledi. \u00c7iftten \u015eimuni Diril&#8217;in cesedi kaybolduktan 70 g\u00fcn sonra evinin yak\u0131nlar\u0131nda bulunmu\u015ftu. Ancak H\u00fcrm\u00fcz Diril&#8217;den hala haber yok. \u015e\u0131rnak Beyt\u00fc\u015f\u015febap\u2019a ba\u011fl\u0131 Mehri (Kovankaya) k\u00f6y\u00fcnde ya\u015fayan Diril \u00e7iftinden 11 Ocak&#8217;dan sonra haber al\u0131namam\u0131\u015ft\u0131. \u015eimuni Diril\u2019in [&hellip;]\" \/>\n<meta property=\"og:url\" content=\"https:\/\/akunq.net\/tr\/?p=57388\" \/>\n<meta property=\"og:site_name\" content=\"Bati Ermenistan Ve Bati Ermenileri Sorunlari Ara\u015ftirmalar Merkezi\" \/>\n<meta property=\"article:published_time\" content=\"2020-05-20T07:00:02+00:00\" \/>\n<meta property=\"og:image\" content=\"https:\/\/akunq.net\/tr\/wp-content\/uploads\/sites\/6\/2020\/05\/Diril-\u00e7ifti.jpeg\" \/>\n\t<meta property=\"og:image:width\" content=\"800\" \/>\n\t<meta property=\"og:image:height\" content=\"463\" \/>\n\t<meta property=\"og:image:type\" content=\"image\/jpeg\" \/>\n<meta name=\"author\" content=\"admin\" \/>\n<meta name=\"twitter:card\" content=\"summary_large_image\" \/>\n<meta name=\"twitter:label1\" content=\"Written by\" \/>\n\t<meta name=\"twitter:data1\" content=\"admin\" \/>\n\t<meta name=\"twitter:label2\" content=\"Est. reading time\" \/>\n\t<meta name=\"twitter:data2\" content=\"3 minutes\" \/>\n<script type=\"application\/ld+json\" class=\"yoast-schema-graph\">{\"@context\":\"https:\\\/\\\/schema.org\",\"@graph\":[{\"@type\":\"Article\",\"@id\":\"https:\\\/\\\/akunq.net\\\/tr\\\/?p=57388#article\",\"isPartOf\":{\"@id\":\"https:\\\/\\\/akunq.net\\\/tr\\\/?p=57388\"},\"author\":{\"name\":\"admin\",\"@id\":\"https:\\\/\\\/akunq.net\\\/tr\\\/#\\\/schema\\\/person\\\/096f1d38a12cce57fb855b485ed24c9e\"},\"headline\":\"&#8220;Diril \u00e7ifti s\u0131rt\u0131n\u0131 devlete dayayanlarca ka\u00e7\u0131r\u0131ld\u0131&#8221;\",\"datePublished\":\"2020-05-20T07:00:02+00:00\",\"mainEntityOfPage\":{\"@id\":\"https:\\\/\\\/akunq.net\\\/tr\\\/?p=57388\"},\"wordCount\":565,\"commentCount\":0,\"image\":{\"@id\":\"https:\\\/\\\/akunq.net\\\/tr\\\/?p=57388#primaryimage\"},\"thumbnailUrl\":\"https:\\\/\\\/akunq.net\\\/tr\\\/wp-content\\\/uploads\\\/sites\\\/6\\\/2020\\\/05\\\/Diril-\u00e7ifti.jpeg\",\"articleSection\":[\"Haberler\",\"Makaleler\",\"T\u00fcrkiye\u2019de Az\u0131nl\u0131klar\"],\"inLanguage\":\"en-US\",\"potentialAction\":[{\"@type\":\"CommentAction\",\"name\":\"Comment\",\"target\":[\"https:\\\/\\\/akunq.net\\\/tr\\\/?p=57388#respond\"]}]},{\"@type\":\"WebPage\",\"@id\":\"https:\\\/\\\/akunq.net\\\/tr\\\/?p=57388\",\"url\":\"https:\\\/\\\/akunq.net\\\/tr\\\/?p=57388\",\"name\":\"\\\"Diril \u00e7ifti s\u0131rt\u0131n\u0131 devlete dayayanlarca ka\u00e7\u0131r\u0131ld\u0131\\\" - Bati Ermenistan Ve Bati Ermenileri Sorunlari Ara\u015ftirmalar Merkezi\",\"isPartOf\":{\"@id\":\"https:\\\/\\\/akunq.net\\\/tr\\\/#website\"},\"primaryImageOfPage\":{\"@id\":\"https:\\\/\\\/akunq.net\\\/tr\\\/?p=57388#primaryimage\"},\"image\":{\"@id\":\"https:\\\/\\\/akunq.net\\\/tr\\\/?p=57388#primaryimage\"},\"thumbnailUrl\":\"https:\\\/\\\/akunq.net\\\/tr\\\/wp-content\\\/uploads\\\/sites\\\/6\\\/2020\\\/05\\\/Diril-\u00e7ifti.jpeg\",\"datePublished\":\"2020-05-20T07:00:02+00:00\",\"author\":{\"@id\":\"https:\\\/\\\/akunq.net\\\/tr\\\/#\\\/schema\\\/person\\\/096f1d38a12cce57fb855b485ed24c9e\"},\"breadcrumb\":{\"@id\":\"https:\\\/\\\/akunq.net\\\/tr\\\/?p=57388#breadcrumb\"},\"inLanguage\":\"en-US\",\"potentialAction\":[{\"@type\":\"ReadAction\",\"target\":[\"https:\\\/\\\/akunq.net\\\/tr\\\/?p=57388\"]}]},{\"@type\":\"ImageObject\",\"inLanguage\":\"en-US\",\"@id\":\"https:\\\/\\\/akunq.net\\\/tr\\\/?p=57388#primaryimage\",\"url\":\"https:\\\/\\\/akunq.net\\\/tr\\\/wp-content\\\/uploads\\\/sites\\\/6\\\/2020\\\/05\\\/Diril-\u00e7ifti.jpeg\",\"contentUrl\":\"https:\\\/\\\/akunq.net\\\/tr\\\/wp-content\\\/uploads\\\/sites\\\/6\\\/2020\\\/05\\\/Diril-\u00e7ifti.jpeg\",\"width\":800,\"height\":463},{\"@type\":\"BreadcrumbList\",\"@id\":\"https:\\\/\\\/akunq.net\\\/tr\\\/?p=57388#breadcrumb\",\"itemListElement\":[{\"@type\":\"ListItem\",\"position\":1,\"name\":\"Home\",\"item\":\"https:\\\/\\\/akunq.net\\\/tr\"},{\"@type\":\"ListItem\",\"position\":2,\"name\":\"&#8220;Diril \u00e7ifti s\u0131rt\u0131n\u0131 devlete dayayanlarca ka\u00e7\u0131r\u0131ld\u0131&#8221;\"}]},{\"@type\":\"WebSite\",\"@id\":\"https:\\\/\\\/akunq.net\\\/tr\\\/#website\",\"url\":\"https:\\\/\\\/akunq.net\\\/tr\\\/\",\"name\":\"Bati Ermenistan Ve Bati Ermenileri Sorunlari Ara\u015ftirmalar Merkezi\",\"description\":\"\",\"potentialAction\":[{\"@type\":\"SearchAction\",\"target\":{\"@type\":\"EntryPoint\",\"urlTemplate\":\"https:\\\/\\\/akunq.net\\\/tr\\\/?s={search_term_string}\"},\"query-input\":{\"@type\":\"PropertyValueSpecification\",\"valueRequired\":true,\"valueName\":\"search_term_string\"}}],\"inLanguage\":\"en-US\"},{\"@type\":\"Person\",\"@id\":\"https:\\\/\\\/akunq.net\\\/tr\\\/#\\\/schema\\\/person\\\/096f1d38a12cce57fb855b485ed24c9e\",\"name\":\"admin\",\"url\":\"https:\\\/\\\/akunq.net\\\/tr\\\/?author=7\"}]}<\/script>\n<!-- \/ Yoast SEO plugin. -->","yoast_head_json":{"title":"\"Diril \u00e7ifti s\u0131rt\u0131n\u0131 devlete dayayanlarca ka\u00e7\u0131r\u0131ld\u0131\" - Bati Ermenistan Ve Bati Ermenileri Sorunlari Ara\u015ftirmalar Merkezi","robots":{"index":"index","follow":"follow","max-snippet":"max-snippet:-1","max-image-preview":"max-image-preview:large","max-video-preview":"max-video-preview:-1"},"canonical":"https:\/\/akunq.net\/tr\/?p=57388","og_locale":"en_US","og_type":"article","og_title":"\"Diril \u00e7ifti s\u0131rt\u0131n\u0131 devlete dayayanlarca ka\u00e7\u0131r\u0131ld\u0131\" - Bati Ermenistan Ve Bati Ermenileri Sorunlari Ara\u015ftirmalar Merkezi","og_description":"Pakrat Estukyan\u00a0 HDP Mardin Milletvekili Tuma \u00c7elik kendilerinden 11 Ocak&#8217;tan beri haber al\u0131namayan Keldani Diril \u00e7ifti ile ilgili on-line bas\u0131n toplant\u0131s\u0131 d\u00fczenledi. \u00c7iftten \u015eimuni Diril&#8217;in cesedi kaybolduktan 70 g\u00fcn sonra evinin yak\u0131nlar\u0131nda bulunmu\u015ftu. Ancak H\u00fcrm\u00fcz Diril&#8217;den hala haber yok. \u015e\u0131rnak Beyt\u00fc\u015f\u015febap\u2019a ba\u011fl\u0131 Mehri (Kovankaya) k\u00f6y\u00fcnde ya\u015fayan Diril \u00e7iftinden 11 Ocak&#8217;dan sonra haber al\u0131namam\u0131\u015ft\u0131. \u015eimuni Diril\u2019in [&hellip;]","og_url":"https:\/\/akunq.net\/tr\/?p=57388","og_site_name":"Bati Ermenistan Ve Bati Ermenileri Sorunlari Ara\u015ftirmalar Merkezi","article_published_time":"2020-05-20T07:00:02+00:00","og_image":[{"width":800,"height":463,"url":"https:\/\/akunq.net\/tr\/wp-content\/uploads\/sites\/6\/2020\/05\/Diril-\u00e7ifti.jpeg","type":"image\/jpeg"}],"author":"admin","twitter_card":"summary_large_image","twitter_misc":{"Written by":"admin","Est. reading time":"3 minutes"},"schema":{"@context":"https:\/\/schema.org","@graph":[{"@type":"Article","@id":"https:\/\/akunq.net\/tr\/?p=57388#article","isPartOf":{"@id":"https:\/\/akunq.net\/tr\/?p=57388"},"author":{"name":"admin","@id":"https:\/\/akunq.net\/tr\/#\/schema\/person\/096f1d38a12cce57fb855b485ed24c9e"},"headline":"&#8220;Diril \u00e7ifti s\u0131rt\u0131n\u0131 devlete dayayanlarca ka\u00e7\u0131r\u0131ld\u0131&#8221;","datePublished":"2020-05-20T07:00:02+00:00","mainEntityOfPage":{"@id":"https:\/\/akunq.net\/tr\/?p=57388"},"wordCount":565,"commentCount":0,"image":{"@id":"https:\/\/akunq.net\/tr\/?p=57388#primaryimage"},"thumbnailUrl":"https:\/\/akunq.net\/tr\/wp-content\/uploads\/sites\/6\/2020\/05\/Diril-\u00e7ifti.jpeg","articleSection":["Haberler","Makaleler","T\u00fcrkiye\u2019de Az\u0131nl\u0131klar"],"inLanguage":"en-US","potentialAction":[{"@type":"CommentAction","name":"Comment","target":["https:\/\/akunq.net\/tr\/?p=57388#respond"]}]},{"@type":"WebPage","@id":"https:\/\/akunq.net\/tr\/?p=57388","url":"https:\/\/akunq.net\/tr\/?p=57388","name":"\"Diril \u00e7ifti s\u0131rt\u0131n\u0131 devlete dayayanlarca ka\u00e7\u0131r\u0131ld\u0131\" - Bati Ermenistan Ve Bati Ermenileri Sorunlari Ara\u015ftirmalar Merkezi","isPartOf":{"@id":"https:\/\/akunq.net\/tr\/#website"},"primaryImageOfPage":{"@id":"https:\/\/akunq.net\/tr\/?p=57388#primaryimage"},"image":{"@id":"https:\/\/akunq.net\/tr\/?p=57388#primaryimage"},"thumbnailUrl":"https:\/\/akunq.net\/tr\/wp-content\/uploads\/sites\/6\/2020\/05\/Diril-\u00e7ifti.jpeg","datePublished":"2020-05-20T07:00:02+00:00","author":{"@id":"https:\/\/akunq.net\/tr\/#\/schema\/person\/096f1d38a12cce57fb855b485ed24c9e"},"breadcrumb":{"@id":"https:\/\/akunq.net\/tr\/?p=57388#breadcrumb"},"inLanguage":"en-US","potentialAction":[{"@type":"ReadAction","target":["https:\/\/akunq.net\/tr\/?p=57388"]}]},{"@type":"ImageObject","inLanguage":"en-US","@id":"https:\/\/akunq.net\/tr\/?p=57388#primaryimage","url":"https:\/\/akunq.net\/tr\/wp-content\/uploads\/sites\/6\/2020\/05\/Diril-\u00e7ifti.jpeg","contentUrl":"https:\/\/akunq.net\/tr\/wp-content\/uploads\/sites\/6\/2020\/05\/Diril-\u00e7ifti.jpeg","width":800,"height":463},{"@type":"BreadcrumbList","@id":"https:\/\/akunq.net\/tr\/?p=57388#breadcrumb","itemListElement":[{"@type":"ListItem","position":1,"name":"Home","item":"https:\/\/akunq.net\/tr"},{"@type":"ListItem","position":2,"name":"&#8220;Diril \u00e7ifti s\u0131rt\u0131n\u0131 devlete dayayanlarca ka\u00e7\u0131r\u0131ld\u0131&#8221;"}]},{"@type":"WebSite","@id":"https:\/\/akunq.net\/tr\/#website","url":"https:\/\/akunq.net\/tr\/","name":"Bati Ermenistan Ve Bati Ermenileri Sorunlari Ara\u015ftirmalar Merkezi","description":"","potentialAction":[{"@type":"SearchAction","target":{"@type":"EntryPoint","urlTemplate":"https:\/\/akunq.net\/tr\/?s={search_term_string}"},"query-input":{"@type":"PropertyValueSpecification","valueRequired":true,"valueName":"search_term_string"}}],"inLanguage":"en-US"},{"@type":"Person","@id":"https:\/\/akunq.net\/tr\/#\/schema\/person\/096f1d38a12cce57fb855b485ed24c9e","name":"admin","url":"https:\/\/akunq.net\/tr\/?author=7"}]}},"_links":{"self":[{"href":"https:\/\/akunq.net\/tr\/index.php?rest_route=\/wp\/v2\/posts\/57388","targetHints":{"allow":["GET"]}}],"collection":[{"href":"https:\/\/akunq.net\/tr\/index.php?rest_route=\/wp\/v2\/posts"}],"about":[{"href":"https:\/\/akunq.net\/tr\/index.php?rest_route=\/wp\/v2\/types\/post"}],"author":[{"embeddable":true,"href":"https:\/\/akunq.net\/tr\/index.php?rest_route=\/wp\/v2\/users\/7"}],"replies":[{"embeddable":true,"href":"https:\/\/akunq.net\/tr\/index.php?rest_route=%2Fwp%2Fv2%2Fcomments&post=57388"}],"version-history":[{"count":1,"href":"https:\/\/akunq.net\/tr\/index.php?rest_route=\/wp\/v2\/posts\/57388\/revisions"}],"predecessor-version":[{"id":57390,"href":"https:\/\/akunq.net\/tr\/index.php?rest_route=\/wp\/v2\/posts\/57388\/revisions\/57390"}],"wp:featuredmedia":[{"embeddable":true,"href":"https:\/\/akunq.net\/tr\/index.php?rest_route=\/wp\/v2\/media\/57389"}],"wp:attachment":[{"href":"https:\/\/akunq.net\/tr\/index.php?rest_route=%2Fwp%2Fv2%2Fmedia&parent=57388"}],"wp:term":[{"taxonomy":"category","embeddable":true,"href":"https:\/\/akunq.net\/tr\/index.php?rest_route=%2Fwp%2Fv2%2Fcategories&post=57388"},{"taxonomy":"post_tag","embeddable":true,"href":"https:\/\/akunq.net\/tr\/index.php?rest_route=%2Fwp%2Fv2%2Ftags&post=57388"}],"curies":[{"name":"wp","href":"https:\/\/api.w.org\/{rel}","templated":true}]}}