{"id":57243,"date":"2020-05-05T08:46:55","date_gmt":"2020-05-05T13:46:55","guid":{"rendered":"https:\/\/akunq.net\/tr\/?p=57243"},"modified":"2020-05-05T08:46:55","modified_gmt":"2020-05-05T13:46:55","slug":"dersim-katliaminin-83uncu-yil-donumu-yuzlesilmeden-acilar-son-bulmayacak","status":"publish","type":"post","link":"https:\/\/akunq.net\/tr\/?p=57243","title":{"rendered":"Dersim Katliam\u0131\u2019n\u0131n 83\u2019\u00fcnc\u00fc y\u0131l d\u00f6n\u00fcm\u00fc: Y\u00fczle\u015filmeden ac\u0131lar son bulmayacak!"},"content":{"rendered":"<p><img loading=\"lazy\" decoding=\"async\" class=\"alignleft size-medium wp-image-57244\" src=\"https:\/\/akunq.net\/tr\/wp-content\/uploads\/2020\/05\/Dersim-360x188.jpg\" alt=\"\" width=\"360\" height=\"188\" srcset=\"https:\/\/akunq.net\/tr\/wp-content\/uploads\/sites\/6\/2020\/05\/Dersim-360x188.jpg 360w, https:\/\/akunq.net\/tr\/wp-content\/uploads\/sites\/6\/2020\/05\/Dersim-768x402.jpg 768w, https:\/\/akunq.net\/tr\/wp-content\/uploads\/sites\/6\/2020\/05\/Dersim-560x293.jpg 560w, https:\/\/akunq.net\/tr\/wp-content\/uploads\/sites\/6\/2020\/05\/Dersim-260x136.jpg 260w, https:\/\/akunq.net\/tr\/wp-content\/uploads\/sites\/6\/2020\/05\/Dersim-160x84.jpg 160w, https:\/\/akunq.net\/tr\/wp-content\/uploads\/sites\/6\/2020\/05\/Dersim.jpg 1200w\" sizes=\"auto, (max-width: 360px) 100vw, 360px\" \/><\/p>\n<p><strong>Orhan KURUL<\/strong><\/p>\n<p><strong>Dersim<\/strong><\/p>\n<p><strong><em>Tarihe Dersim Katliam\u0131 olarak ge\u00e7en ve 4 May\u0131s 1937 y\u0131l\u0131nda TBMM\u2019de Bakanlar Kurulunun \u00e7\u0131kard\u0131\u011f\u0131 \u2018Dersim Tenkil Kararlar\u0131\u2019 adl\u0131 kararname sonucu ba\u015flayan katliam\u0131n bug\u00fcn 83. y\u0131l d\u00f6n\u00fcm\u00fc. Katliamda resmi a\u00e7\u0131klamalara g\u00f6re 16 bin, Dersim halk\u0131n\u0131n anlat\u0131mlar\u0131na ve tan\u0131klara g\u00f6re 70 bin insan, \u00e7o\u011fu ya\u015fl\u0131, kad\u0131n ve \u00e7ocuk olmak \u00fczere k\u00f6ylerde, ma\u011faralarda, dere kenarlar\u0131nda; bombalanarak, kur\u015funa dizilerek, yak\u0131larak, kimyasal gaz kullan\u0131larak, u\u00e7urumlardan at\u0131larak \u00f6ld\u00fcr\u00fcld\u00fc. Katliam\u0131n 83. y\u0131l d\u00f6n\u00fcm\u00fcnde Halklar\u0131n Demokratik Partisi (HDP) Dersim Milletvekili Alican \u00d6nl\u00fc ve Emek Partisi (EMEP) GYK \u00fcyesi Mustafa Ta\u015fkale ile konu\u015ftuk.<\/em><\/strong><\/p>\n<p><strong>\u201cBU TRAJED\u0130Y\u0130 UNUTMAK M\u00dcMK\u00dcN DE\u011e\u0130L\u201d<\/strong><\/p>\n<p>EMEP GYK \u00dcyesi Mustafa Ta\u015fkale Dersim Katliam\u0131\u2019n\u0131n cumhuriyet tarihinin yak\u0131n katliamlar\u0131ndan biri oldu\u011funu vurgulayarak, \u201cAc\u0131 ve trajik olaylardan biridir. Aradan 83 y\u0131l ge\u00e7mesine ra\u011fmen Dersimlilerin yan yana geldi\u011finde en \u00e7ok konu\u015ftu\u011fu meselelerden biridir\u201d dedi. Ta\u015fkale, bunun nedenini \u201c\u00c7\u00fcnk\u00fc ya\u015fanan olaylar\u0131n yak\u0131n tan\u0131klar\u0131 halen aram\u0131zda ya\u015f\u0131yor. Kiminin babas\u0131, kiminin dedesi, nenesi ya da karde\u015fi\u2026 Tan\u0131kl\u0131klar var ve bu trajediyi unutmak m\u00fcmk\u00fcn de\u011fil\u201d diye a\u00e7\u0131klad\u0131.<\/p>\n<p><strong>ON B\u0130NLERCE \u0130NSAN ETK\u0130LEND\u0130<\/strong><\/p>\n<p>Dersimlilerin b\u00fcy\u00fcklerinin anlatt\u0131\u011f\u0131 ve tarihi kitaplara yans\u0131m\u0131\u015f bilgilerden hareketle ya\u015fananlar\u0131n \u201csoyk\u0131r\u0131m\u201d olarak ifade edilece\u011fini belirten Ta\u015fkale, \u201cDersim Katliam\u0131\u2019n\u0131, katliam ba\u015flamadan \u00f6nce \u00f6zellikle Osmanl\u0131\u2019dan bu yana ba\u015flayan bir s\u00fcre\u00e7 olarak de\u011ferlendirmek gerekiyor. S\u00fcrekli Dersim bir \u2018\u00e7\u0131banba\u015f\u0131\u2019 olarak g\u00f6r\u00fclm\u00fc\u015ft\u00fcr. B\u00f6lgeye g\u00f6nderilen m\u00fcfetti\u015flerin yazd\u0131\u011f\u0131 raporlarda da Dersim\u2019in tebdil ve tenkil yoluyla bast\u0131r\u0131lmas\u0131 vurgusu yap\u0131lm\u0131\u015f, kopar\u0131lmas\u0131 gereken bir yara olarak g\u00f6r\u00fclm\u00fc\u015ft\u00fcr\u201d dedi.<\/p>\n<p>25 Aral\u0131k 1935\u2019te ilk olarak Tunceli vilayetinin idaresi hakk\u0131ndaki raporun haz\u0131rland\u0131\u011f\u0131n\u0131 hat\u0131rlatan Ta\u015fkale, \u201c4 May\u0131s 1937\u2019de askeri operasyona ba\u015flan\u0131yor. Bu karardan sonra on binlerce insan \u00f6ld\u00fcr\u00fcl\u00fcyor, kad\u0131n, erkek, \u00e7ocuk, ya\u015fl\u0131, demeden insanlar yak\u0131l\u0131yor. On binlerce insan s\u00fcrg\u00fcn ediliyor, topra\u011f\u0131ndan ediliyor. K\u0131z \u00e7ocuklar\u0131 evlatl\u0131k verilerek, erkek \u00e7ocuklar\u0131 da Y\u0130BO\u2019larda asimilasyon politikas\u0131n\u0131n ara\u00e7lar\u0131 haline getiriliyor\u201d dedi.<\/p>\n<p><strong>\u201cY\u00dcREKLERE SU SERP\u0130LECEKSE TALEPLER KAR\u015eILANMALI\u201d<\/strong><\/p>\n<p>Ar\u015fivlerin tam olarak a\u00e7\u0131lmas\u0131 gerekti\u011fini belirten Ta\u015fkale, Erdo\u011fan\u2019\u0131n 2011 y\u0131l\u0131nda \u2018E\u011fer devlet ad\u0131na \u00f6z\u00fcr dilemek gerekiyorsa ben dilerim.\u2019 s\u00f6ylemlerini hat\u0131rlatarak \u201cCHP\u2019yi daha \u00e7ok bask\u0131lamak i\u00e7in, CHP ile aras\u0131ndaki yar\u0131\u015fa malzeme edildi Dersim Katliam\u0131. Dersim Katliam\u0131\u2019n\u0131 bir kez daha g\u00fcndeme getirerek bu b\u00fcy\u00fck katliam\u0131 malzeme olarak kulland\u0131\u201d diye konu\u015ftu. \u00d6z\u00fcr dilemenin gere\u011finin yerine getirilmedi\u011fini belirten Ta\u015fkale, \u201cAs\u0131l temel taleplerden bir tanesi de Seyit R\u0131za ve arkada\u015flar\u0131n\u0131n mezar yerlerinin a\u00e7\u0131klanmas\u0131. Bug\u00fcn bu talepler Dersimliler a\u00e7\u0131s\u0131ndan h\u00e2l\u00e2 ge\u00e7erlili\u011fini koruyor. Dersimlilerin ya\u015fad\u0131\u011f\u0131 bu b\u00fcy\u00fck katliam\u0131, ya\u015fanan bu vah\u015feti elbette ki unutmas\u0131 m\u00fcmk\u00fcn de\u011fildir ama y\u00fcreklere biraz su serpilecekse en az\u0131ndan bu temel taleplerin devlet taraf\u0131ndan yerine getirilmesi ve bunlar\u0131n gere\u011finin yap\u0131lmas\u0131 gerekmektedir\u201d dedi.<\/p>\n<p><strong>KARA B\u0130R UTAN\u00c7 OLARAK DURMAKTA<\/strong><\/p>\n<p>Katliam ile ilgili meclise soru \u00f6nergesi veren HDP Dersim Milletvekili Alican \u00d6nl\u00fc, Dersim halk\u0131n\u0131n 37-38\u2019e Tertele ad\u0131n\u0131 verdi\u011fini ve Tertele\u2019nin b\u00fcy\u00fck tufan, y\u0131k\u0131m ve yok olu\u015f anlam\u0131na geldi\u011fini belirterek, \u201cRoza \u015eaye yani \u2018kara g\u00fcn\u2019 olarak tarihe ge\u00e7en bu b\u00fcy\u00fck katliam, Ermeni Soyk\u0131r\u0131m\u0131\u2019ndan sonra T\u00fcrkiye\u2019de ya\u015fanm\u0131\u015f en b\u00fcy\u00fck katliam olarak h\u00e2l\u00e2 T\u00fcrkiye tarihinin orta yerinde kara bir utan\u00e7la durmaktad\u0131r. O g\u00fcn ya\u015fanan ac\u0131lardan hala ders \u00e7\u0131kar\u0131lmam\u0131\u015f bu kara g\u00fcnlerle y\u00fczle\u015fme ger\u00e7ekle\u015fmemi\u015ftir\u201d dedi. O d\u00f6nem, Dersim\u2019in, toplumun kendini y\u00f6netti\u011fi, devlet-iktidar-egemen g\u00fc\u00e7 ili\u015fkisine girmeden varl\u0131\u011f\u0131n\u0131 s\u00fcrd\u00fcrd\u00fc\u011f\u00fc bir yer oldu\u011funu aktaran \u00d6nl\u00fc \u201c\u00c7ok say\u0131da raporda Dersim\u2019in co\u011frafyas\u0131n\u0131n b\u00f6l\u00fcnerek, sosyal yap\u0131s\u0131n\u0131n da\u011f\u0131t\u0131lmas\u0131, k\u00f6ylerin birbiriyle ba\u011flar\u0131n\u0131n kopar\u0131lmas\u0131 i\u00e7in barajlar ve blok havuzlar\u0131n yap\u0131lmas\u0131 \u00f6nerilmi\u015ftir\u201d diye belirtti.<\/p>\n<p>\u00d6nl\u00fc, \u015f\u00f6yle devam etti: \u201cDersim\u2019in t\u00fcm tarihsel arka plan\u0131yla, gasbedilen haklar\u0131, dili, inanc\u0131 ve k\u00fclt\u00fcr\u00fcyle y\u00fczle\u015filmeli ve Dersim halk\u0131ndan \u00f6z\u00fcr dilenmelidir. 4 May\u0131s\u2019\u0131n Tertele ve anma g\u00fcn\u00fc olarak kabul edilmesi ve bir an \u00f6nce hakikat komisyonun kurularak, Dersim\u2019in RayeHaq inanc\u0131, k\u00fclt\u00fcr\u00fc ve dili tan\u0131n\u0131p, yasal g\u00fcvenceye kavu\u015fturulmal\u0131d\u0131r. Ge\u00e7mi\u015fte oldu\u011fu gibi Dersim\u2019in k\u00fclt\u00fcrel s\u0131n\u0131rlar\u0131 yeniden idari bir yap\u0131ya kavu\u015fturulmal\u0131 ve ba\u015fta Seyid R\u0131za ve idam edilenlerin mezarlar\u0131 olmak \u00fczere, toplu katliam ve mezarl\u0131klar ortaya \u00e7\u0131kar\u0131lmal\u0131d\u0131r. Ne yaz\u0131k ki bunlar yap\u0131lmadan Dersim halk\u0131n\u0131n ac\u0131s\u0131 son bulmayacakt\u0131r.\u201d<\/p>\n<p>DEDEF\u2019ten 38\u2019de yitirilenler i\u00e7in evlerde anma \u00e7a\u011fr\u0131s\u0131<\/p>\n<p>Erdo\u011fan\u2019a Dersim Katliam\u0131 tepkisi: Samimiyseler Dersim ismi iade edilmeli<\/p>\n<p>Dersim\u2019de \u2018Tun\u00e7 Eli\u2019 k\u0131r\u0131m\u0131<\/p>\n<p><a href=\"https:\/\/www.evrensel.net\/haber\/403835\/dersim-katliaminin-83uncu-yil-donumu-yuzlesilmeden-acilar-son-bulmayacak\"><strong><em>Evrensel Gazetesi<\/em><\/strong><\/a><\/p>\n<p>&nbsp;<\/p>\n","protected":false},"excerpt":{"rendered":"<p>Orhan KURUL Dersim Tarihe Dersim Katliam\u0131 olarak ge\u00e7en ve 4 May\u0131s 1937 y\u0131l\u0131nda TBMM\u2019de Bakanlar Kurulunun \u00e7\u0131kard\u0131\u011f\u0131 \u2018Dersim Tenkil Kararlar\u0131\u2019 adl\u0131 kararname sonucu ba\u015flayan katliam\u0131n bug\u00fcn 83. y\u0131l d\u00f6n\u00fcm\u00fc. Katliamda resmi a\u00e7\u0131klamalara g\u00f6re 16 bin, Dersim halk\u0131n\u0131n anlat\u0131mlar\u0131na ve tan\u0131klara g\u00f6re 70 bin insan, \u00e7o\u011fu ya\u015fl\u0131, kad\u0131n ve \u00e7ocuk olmak \u00fczere k\u00f6ylerde, ma\u011faralarda, dere kenarlar\u0131nda; [&hellip;]<\/p>\n","protected":false},"author":7,"featured_media":57244,"comment_status":"open","ping_status":"open","sticky":false,"template":"","format":"standard","meta":{"footnotes":""},"categories":[1,70,20,53],"tags":[],"class_list":["post-57243","post","type-post","status-publish","format-standard","has-post-thumbnail","hentry","category-haberler","category-makaleler","category-tarih-sayfalari","category-turkiyede-azinliklar"],"yoast_head":"<!-- This site is optimized with the Yoast SEO plugin v27.4 - https:\/\/yoast.com\/product\/yoast-seo-wordpress\/ -->\n<title>Dersim Katliam\u0131\u2019n\u0131n 83\u2019\u00fcnc\u00fc y\u0131l d\u00f6n\u00fcm\u00fc: Y\u00fczle\u015filmeden ac\u0131lar son bulmayacak! - Bati Ermenistan Ve Bati Ermenileri Sorunlari Ara\u015ftirmalar Merkezi<\/title>\n<meta name=\"robots\" content=\"index, follow, max-snippet:-1, max-image-preview:large, max-video-preview:-1\" \/>\n<link rel=\"canonical\" href=\"https:\/\/akunq.net\/tr\/?p=57243\" \/>\n<meta property=\"og:locale\" content=\"en_US\" \/>\n<meta property=\"og:type\" content=\"article\" \/>\n<meta property=\"og:title\" content=\"Dersim Katliam\u0131\u2019n\u0131n 83\u2019\u00fcnc\u00fc y\u0131l d\u00f6n\u00fcm\u00fc: Y\u00fczle\u015filmeden ac\u0131lar son bulmayacak! - Bati Ermenistan Ve Bati Ermenileri Sorunlari Ara\u015ftirmalar Merkezi\" \/>\n<meta property=\"og:description\" content=\"Orhan KURUL Dersim Tarihe Dersim Katliam\u0131 olarak ge\u00e7en ve 4 May\u0131s 1937 y\u0131l\u0131nda TBMM\u2019de Bakanlar Kurulunun \u00e7\u0131kard\u0131\u011f\u0131 \u2018Dersim Tenkil Kararlar\u0131\u2019 adl\u0131 kararname sonucu ba\u015flayan katliam\u0131n bug\u00fcn 83. y\u0131l d\u00f6n\u00fcm\u00fc. Katliamda resmi a\u00e7\u0131klamalara g\u00f6re 16 bin, Dersim halk\u0131n\u0131n anlat\u0131mlar\u0131na ve tan\u0131klara g\u00f6re 70 bin insan, \u00e7o\u011fu ya\u015fl\u0131, kad\u0131n ve \u00e7ocuk olmak \u00fczere k\u00f6ylerde, ma\u011faralarda, dere kenarlar\u0131nda; [&hellip;]\" \/>\n<meta property=\"og:url\" content=\"https:\/\/akunq.net\/tr\/?p=57243\" \/>\n<meta property=\"og:site_name\" content=\"Bati Ermenistan Ve Bati Ermenileri Sorunlari Ara\u015ftirmalar Merkezi\" \/>\n<meta property=\"article:published_time\" content=\"2020-05-05T13:46:55+00:00\" \/>\n<meta property=\"og:image\" content=\"https:\/\/akunq.net\/tr\/wp-content\/uploads\/sites\/6\/2020\/05\/Dersim.jpg\" \/>\n\t<meta property=\"og:image:width\" content=\"1200\" \/>\n\t<meta property=\"og:image:height\" content=\"628\" \/>\n\t<meta property=\"og:image:type\" content=\"image\/jpeg\" \/>\n<meta name=\"author\" content=\"admin\" \/>\n<meta name=\"twitter:card\" content=\"summary_large_image\" \/>\n<meta name=\"twitter:label1\" content=\"Written by\" \/>\n\t<meta name=\"twitter:data1\" content=\"admin\" \/>\n\t<meta name=\"twitter:label2\" content=\"Est. reading time\" \/>\n\t<meta name=\"twitter:data2\" content=\"5 minutes\" \/>\n<script type=\"application\/ld+json\" class=\"yoast-schema-graph\">{\"@context\":\"https:\\\/\\\/schema.org\",\"@graph\":[{\"@type\":\"Article\",\"@id\":\"https:\\\/\\\/akunq.net\\\/tr\\\/?p=57243#article\",\"isPartOf\":{\"@id\":\"https:\\\/\\\/akunq.net\\\/tr\\\/?p=57243\"},\"author\":{\"name\":\"admin\",\"@id\":\"https:\\\/\\\/akunq.net\\\/tr\\\/#\\\/schema\\\/person\\\/096f1d38a12cce57fb855b485ed24c9e\"},\"headline\":\"Dersim Katliam\u0131\u2019n\u0131n 83\u2019\u00fcnc\u00fc y\u0131l d\u00f6n\u00fcm\u00fc: Y\u00fczle\u015filmeden ac\u0131lar son bulmayacak!\",\"datePublished\":\"2020-05-05T13:46:55+00:00\",\"mainEntityOfPage\":{\"@id\":\"https:\\\/\\\/akunq.net\\\/tr\\\/?p=57243\"},\"wordCount\":922,\"commentCount\":0,\"image\":{\"@id\":\"https:\\\/\\\/akunq.net\\\/tr\\\/?p=57243#primaryimage\"},\"thumbnailUrl\":\"https:\\\/\\\/akunq.net\\\/tr\\\/wp-content\\\/uploads\\\/sites\\\/6\\\/2020\\\/05\\\/Dersim.jpg\",\"articleSection\":[\"Haberler\",\"Makaleler\",\"Tarih Sayfalar\u0131\",\"T\u00fcrkiye\u2019de Az\u0131nl\u0131klar\"],\"inLanguage\":\"en-US\",\"potentialAction\":[{\"@type\":\"CommentAction\",\"name\":\"Comment\",\"target\":[\"https:\\\/\\\/akunq.net\\\/tr\\\/?p=57243#respond\"]}]},{\"@type\":\"WebPage\",\"@id\":\"https:\\\/\\\/akunq.net\\\/tr\\\/?p=57243\",\"url\":\"https:\\\/\\\/akunq.net\\\/tr\\\/?p=57243\",\"name\":\"Dersim Katliam\u0131\u2019n\u0131n 83\u2019\u00fcnc\u00fc y\u0131l d\u00f6n\u00fcm\u00fc: Y\u00fczle\u015filmeden ac\u0131lar son bulmayacak! - Bati Ermenistan Ve Bati Ermenileri Sorunlari Ara\u015ftirmalar Merkezi\",\"isPartOf\":{\"@id\":\"https:\\\/\\\/akunq.net\\\/tr\\\/#website\"},\"primaryImageOfPage\":{\"@id\":\"https:\\\/\\\/akunq.net\\\/tr\\\/?p=57243#primaryimage\"},\"image\":{\"@id\":\"https:\\\/\\\/akunq.net\\\/tr\\\/?p=57243#primaryimage\"},\"thumbnailUrl\":\"https:\\\/\\\/akunq.net\\\/tr\\\/wp-content\\\/uploads\\\/sites\\\/6\\\/2020\\\/05\\\/Dersim.jpg\",\"datePublished\":\"2020-05-05T13:46:55+00:00\",\"author\":{\"@id\":\"https:\\\/\\\/akunq.net\\\/tr\\\/#\\\/schema\\\/person\\\/096f1d38a12cce57fb855b485ed24c9e\"},\"breadcrumb\":{\"@id\":\"https:\\\/\\\/akunq.net\\\/tr\\\/?p=57243#breadcrumb\"},\"inLanguage\":\"en-US\",\"potentialAction\":[{\"@type\":\"ReadAction\",\"target\":[\"https:\\\/\\\/akunq.net\\\/tr\\\/?p=57243\"]}]},{\"@type\":\"ImageObject\",\"inLanguage\":\"en-US\",\"@id\":\"https:\\\/\\\/akunq.net\\\/tr\\\/?p=57243#primaryimage\",\"url\":\"https:\\\/\\\/akunq.net\\\/tr\\\/wp-content\\\/uploads\\\/sites\\\/6\\\/2020\\\/05\\\/Dersim.jpg\",\"contentUrl\":\"https:\\\/\\\/akunq.net\\\/tr\\\/wp-content\\\/uploads\\\/sites\\\/6\\\/2020\\\/05\\\/Dersim.jpg\",\"width\":1200,\"height\":628},{\"@type\":\"BreadcrumbList\",\"@id\":\"https:\\\/\\\/akunq.net\\\/tr\\\/?p=57243#breadcrumb\",\"itemListElement\":[{\"@type\":\"ListItem\",\"position\":1,\"name\":\"Home\",\"item\":\"https:\\\/\\\/akunq.net\\\/tr\"},{\"@type\":\"ListItem\",\"position\":2,\"name\":\"Dersim Katliam\u0131\u2019n\u0131n 83\u2019\u00fcnc\u00fc y\u0131l d\u00f6n\u00fcm\u00fc: Y\u00fczle\u015filmeden ac\u0131lar son bulmayacak!\"}]},{\"@type\":\"WebSite\",\"@id\":\"https:\\\/\\\/akunq.net\\\/tr\\\/#website\",\"url\":\"https:\\\/\\\/akunq.net\\\/tr\\\/\",\"name\":\"Bati Ermenistan Ve Bati Ermenileri Sorunlari Ara\u015ftirmalar Merkezi\",\"description\":\"\",\"potentialAction\":[{\"@type\":\"SearchAction\",\"target\":{\"@type\":\"EntryPoint\",\"urlTemplate\":\"https:\\\/\\\/akunq.net\\\/tr\\\/?s={search_term_string}\"},\"query-input\":{\"@type\":\"PropertyValueSpecification\",\"valueRequired\":true,\"valueName\":\"search_term_string\"}}],\"inLanguage\":\"en-US\"},{\"@type\":\"Person\",\"@id\":\"https:\\\/\\\/akunq.net\\\/tr\\\/#\\\/schema\\\/person\\\/096f1d38a12cce57fb855b485ed24c9e\",\"name\":\"admin\",\"url\":\"https:\\\/\\\/akunq.net\\\/tr\\\/?author=7\"}]}<\/script>\n<!-- \/ Yoast SEO plugin. -->","yoast_head_json":{"title":"Dersim Katliam\u0131\u2019n\u0131n 83\u2019\u00fcnc\u00fc y\u0131l d\u00f6n\u00fcm\u00fc: Y\u00fczle\u015filmeden ac\u0131lar son bulmayacak! - Bati Ermenistan Ve Bati Ermenileri Sorunlari Ara\u015ftirmalar Merkezi","robots":{"index":"index","follow":"follow","max-snippet":"max-snippet:-1","max-image-preview":"max-image-preview:large","max-video-preview":"max-video-preview:-1"},"canonical":"https:\/\/akunq.net\/tr\/?p=57243","og_locale":"en_US","og_type":"article","og_title":"Dersim Katliam\u0131\u2019n\u0131n 83\u2019\u00fcnc\u00fc y\u0131l d\u00f6n\u00fcm\u00fc: Y\u00fczle\u015filmeden ac\u0131lar son bulmayacak! - Bati Ermenistan Ve Bati Ermenileri Sorunlari Ara\u015ftirmalar Merkezi","og_description":"Orhan KURUL Dersim Tarihe Dersim Katliam\u0131 olarak ge\u00e7en ve 4 May\u0131s 1937 y\u0131l\u0131nda TBMM\u2019de Bakanlar Kurulunun \u00e7\u0131kard\u0131\u011f\u0131 \u2018Dersim Tenkil Kararlar\u0131\u2019 adl\u0131 kararname sonucu ba\u015flayan katliam\u0131n bug\u00fcn 83. y\u0131l d\u00f6n\u00fcm\u00fc. Katliamda resmi a\u00e7\u0131klamalara g\u00f6re 16 bin, Dersim halk\u0131n\u0131n anlat\u0131mlar\u0131na ve tan\u0131klara g\u00f6re 70 bin insan, \u00e7o\u011fu ya\u015fl\u0131, kad\u0131n ve \u00e7ocuk olmak \u00fczere k\u00f6ylerde, ma\u011faralarda, dere kenarlar\u0131nda; [&hellip;]","og_url":"https:\/\/akunq.net\/tr\/?p=57243","og_site_name":"Bati Ermenistan Ve Bati Ermenileri Sorunlari Ara\u015ftirmalar Merkezi","article_published_time":"2020-05-05T13:46:55+00:00","og_image":[{"width":1200,"height":628,"url":"https:\/\/akunq.net\/tr\/wp-content\/uploads\/sites\/6\/2020\/05\/Dersim.jpg","type":"image\/jpeg"}],"author":"admin","twitter_card":"summary_large_image","twitter_misc":{"Written by":"admin","Est. reading time":"5 minutes"},"schema":{"@context":"https:\/\/schema.org","@graph":[{"@type":"Article","@id":"https:\/\/akunq.net\/tr\/?p=57243#article","isPartOf":{"@id":"https:\/\/akunq.net\/tr\/?p=57243"},"author":{"name":"admin","@id":"https:\/\/akunq.net\/tr\/#\/schema\/person\/096f1d38a12cce57fb855b485ed24c9e"},"headline":"Dersim Katliam\u0131\u2019n\u0131n 83\u2019\u00fcnc\u00fc y\u0131l d\u00f6n\u00fcm\u00fc: Y\u00fczle\u015filmeden ac\u0131lar son bulmayacak!","datePublished":"2020-05-05T13:46:55+00:00","mainEntityOfPage":{"@id":"https:\/\/akunq.net\/tr\/?p=57243"},"wordCount":922,"commentCount":0,"image":{"@id":"https:\/\/akunq.net\/tr\/?p=57243#primaryimage"},"thumbnailUrl":"https:\/\/akunq.net\/tr\/wp-content\/uploads\/sites\/6\/2020\/05\/Dersim.jpg","articleSection":["Haberler","Makaleler","Tarih Sayfalar\u0131","T\u00fcrkiye\u2019de Az\u0131nl\u0131klar"],"inLanguage":"en-US","potentialAction":[{"@type":"CommentAction","name":"Comment","target":["https:\/\/akunq.net\/tr\/?p=57243#respond"]}]},{"@type":"WebPage","@id":"https:\/\/akunq.net\/tr\/?p=57243","url":"https:\/\/akunq.net\/tr\/?p=57243","name":"Dersim Katliam\u0131\u2019n\u0131n 83\u2019\u00fcnc\u00fc y\u0131l d\u00f6n\u00fcm\u00fc: Y\u00fczle\u015filmeden ac\u0131lar son bulmayacak! - Bati Ermenistan Ve Bati Ermenileri Sorunlari Ara\u015ftirmalar Merkezi","isPartOf":{"@id":"https:\/\/akunq.net\/tr\/#website"},"primaryImageOfPage":{"@id":"https:\/\/akunq.net\/tr\/?p=57243#primaryimage"},"image":{"@id":"https:\/\/akunq.net\/tr\/?p=57243#primaryimage"},"thumbnailUrl":"https:\/\/akunq.net\/tr\/wp-content\/uploads\/sites\/6\/2020\/05\/Dersim.jpg","datePublished":"2020-05-05T13:46:55+00:00","author":{"@id":"https:\/\/akunq.net\/tr\/#\/schema\/person\/096f1d38a12cce57fb855b485ed24c9e"},"breadcrumb":{"@id":"https:\/\/akunq.net\/tr\/?p=57243#breadcrumb"},"inLanguage":"en-US","potentialAction":[{"@type":"ReadAction","target":["https:\/\/akunq.net\/tr\/?p=57243"]}]},{"@type":"ImageObject","inLanguage":"en-US","@id":"https:\/\/akunq.net\/tr\/?p=57243#primaryimage","url":"https:\/\/akunq.net\/tr\/wp-content\/uploads\/sites\/6\/2020\/05\/Dersim.jpg","contentUrl":"https:\/\/akunq.net\/tr\/wp-content\/uploads\/sites\/6\/2020\/05\/Dersim.jpg","width":1200,"height":628},{"@type":"BreadcrumbList","@id":"https:\/\/akunq.net\/tr\/?p=57243#breadcrumb","itemListElement":[{"@type":"ListItem","position":1,"name":"Home","item":"https:\/\/akunq.net\/tr"},{"@type":"ListItem","position":2,"name":"Dersim Katliam\u0131\u2019n\u0131n 83\u2019\u00fcnc\u00fc y\u0131l d\u00f6n\u00fcm\u00fc: Y\u00fczle\u015filmeden ac\u0131lar son bulmayacak!"}]},{"@type":"WebSite","@id":"https:\/\/akunq.net\/tr\/#website","url":"https:\/\/akunq.net\/tr\/","name":"Bati Ermenistan Ve Bati Ermenileri Sorunlari Ara\u015ftirmalar Merkezi","description":"","potentialAction":[{"@type":"SearchAction","target":{"@type":"EntryPoint","urlTemplate":"https:\/\/akunq.net\/tr\/?s={search_term_string}"},"query-input":{"@type":"PropertyValueSpecification","valueRequired":true,"valueName":"search_term_string"}}],"inLanguage":"en-US"},{"@type":"Person","@id":"https:\/\/akunq.net\/tr\/#\/schema\/person\/096f1d38a12cce57fb855b485ed24c9e","name":"admin","url":"https:\/\/akunq.net\/tr\/?author=7"}]}},"_links":{"self":[{"href":"https:\/\/akunq.net\/tr\/index.php?rest_route=\/wp\/v2\/posts\/57243","targetHints":{"allow":["GET"]}}],"collection":[{"href":"https:\/\/akunq.net\/tr\/index.php?rest_route=\/wp\/v2\/posts"}],"about":[{"href":"https:\/\/akunq.net\/tr\/index.php?rest_route=\/wp\/v2\/types\/post"}],"author":[{"embeddable":true,"href":"https:\/\/akunq.net\/tr\/index.php?rest_route=\/wp\/v2\/users\/7"}],"replies":[{"embeddable":true,"href":"https:\/\/akunq.net\/tr\/index.php?rest_route=%2Fwp%2Fv2%2Fcomments&post=57243"}],"version-history":[{"count":1,"href":"https:\/\/akunq.net\/tr\/index.php?rest_route=\/wp\/v2\/posts\/57243\/revisions"}],"predecessor-version":[{"id":57245,"href":"https:\/\/akunq.net\/tr\/index.php?rest_route=\/wp\/v2\/posts\/57243\/revisions\/57245"}],"wp:featuredmedia":[{"embeddable":true,"href":"https:\/\/akunq.net\/tr\/index.php?rest_route=\/wp\/v2\/media\/57244"}],"wp:attachment":[{"href":"https:\/\/akunq.net\/tr\/index.php?rest_route=%2Fwp%2Fv2%2Fmedia&parent=57243"}],"wp:term":[{"taxonomy":"category","embeddable":true,"href":"https:\/\/akunq.net\/tr\/index.php?rest_route=%2Fwp%2Fv2%2Fcategories&post=57243"},{"taxonomy":"post_tag","embeddable":true,"href":"https:\/\/akunq.net\/tr\/index.php?rest_route=%2Fwp%2Fv2%2Ftags&post=57243"}],"curies":[{"name":"wp","href":"https:\/\/api.w.org\/{rel}","templated":true}]}}