{"id":56934,"date":"2020-02-21T02:48:07","date_gmt":"2020-02-21T07:48:07","guid":{"rendered":"http:\/\/akunq.net\/tr\/?p=56934"},"modified":"2020-02-21T02:48:07","modified_gmt":"2020-02-21T07:48:07","slug":"dunya-anadil-gunu","status":"publish","type":"post","link":"https:\/\/akunq.net\/tr\/?p=56934","title":{"rendered":"D\u00fcnya Anadil G\u00fcn\u00fc!"},"content":{"rendered":"<p><img loading=\"lazy\" decoding=\"async\" class=\"alignleft size-medium wp-image-56935\" src=\"http:\/\/akunq.net\/tr\/wp-content\/uploads\/2020\/02\/Demir-Celik-360x192.jpg\" alt=\"\" width=\"360\" height=\"192\" srcset=\"https:\/\/akunq.net\/tr\/wp-content\/uploads\/sites\/6\/2020\/02\/Demir-Celik-360x192.jpg 360w, https:\/\/akunq.net\/tr\/wp-content\/uploads\/sites\/6\/2020\/02\/Demir-Celik-560x299.jpg 560w, https:\/\/akunq.net\/tr\/wp-content\/uploads\/sites\/6\/2020\/02\/Demir-Celik-260x139.jpg 260w, https:\/\/akunq.net\/tr\/wp-content\/uploads\/sites\/6\/2020\/02\/Demir-Celik-160x85.jpg 160w, https:\/\/akunq.net\/tr\/wp-content\/uploads\/sites\/6\/2020\/02\/Demir-Celik.jpg 600w\" sizes=\"auto, (max-width: 360px) 100vw, 360px\" \/><\/p>\n<p><strong>Demir \u00c7elik <\/strong><\/p>\n<p><strong><em>D\u00fcnya Anadili G\u00fcn\u00fc UNESCO taraf\u0131ndan 17 Kas\u0131m 1999\u2019da 21 \u015eubat olarak ilan edilir. Uluslararas\u0131 Anadili G\u00fcn\u00fc\u2019n\u00fcn as\u0131l ad\u0131 Anadili Hareketi G\u00fcn\u00fc\u2019d\u00fcr. Bug\u00fcn i\u00e7in d\u00fcnyada yakla\u015f\u0131k olarak 7.000\u2019in \u00fczerinde dil konu\u015fulmaktad\u0131r. Ulus devletin jenosit ve asimilasyon politikalar\u0131na ra\u011fmen ortadan kald\u0131ramad\u0131\u011f\u0131 anadillerimiz hem insan toplumsall\u0131\u011f\u0131n\u0131n hakikati, hem de insanl\u0131k onuru olmaktad\u0131r. UNESCO kay\u0131tlar\u0131na g\u00f6re her ortalama on dil ortadan kalkmaktad\u0131r. Bu h\u0131zda ve bu duyars\u0131zl\u0131kla yakla\u015fmaya devam etti\u011fimizde K\u00fcrt\u00e7e dilimizin Dim\u00eel\u00ee\/Kirmanck\u00ee leh\u00e7esi \u00f6n\u00fcm\u00fczdeki on y\u0131llarda kaybolma riskiyle kar\u015f\u0131 kar\u015f\u0131ya.<\/em><\/strong><\/p>\n<p>K\u00fcrt dili onbinlerce y\u0131l \u00f6nceden beri varolan kadim dillerden biridir. Tarihin on binlerce y\u0131ll\u0131k yap\u0131m ve yarat\u0131m faaliyetlerinde iz b\u0131rakan K\u00fcrt dili, egemen ulus dillerin ku\u015fat\u0131c\u0131l\u0131\u011f\u0131nda b\u00fcy\u00fck risklerle kar\u015f\u0131 kar\u015f\u0131yad\u0131r. G\u00f6beklitepe, Nevala \u00c7or\u00ee, \u00c7ay \u00d6n\u00fc ve \u00c7em\u00ea Xalan\u2018da tarihlenen dilimiz Yukar\u0131 ve A\u015fa\u011f\u0131 Hassunna k\u00fclt\u00fcrleri ba\u015fta olmak \u00fczere Alt\u0131n Hilal\u2019de insan\u0131n toplumsall\u0131\u011f\u0131n\u0131n hakikati olarak ya\u015fanm\u0131\u015ft\u0131r. Bu hakikat bug\u00fcn biz K\u00fcrtler taraf\u0131ndan g\u00f6r\u00fclmek istenmiyor. Anadilden ka\u00e7\u0131\u015f, tarihin hakikat\u0131ndan ka\u00e7\u0131\u015ft\u0131r. Anadilinden ka\u00e7\u0131\u015f anadan ve onun ahlaki, politik de\u011ferlerinden ka\u00e7\u0131\u015ft\u0131r. \u0130nsan\u0131 di\u011fer canl\u0131lardan farkl\u0131 k\u0131lan \u00f6zelliklerden biride dildir. Dil insan\u0131n siyasal, sosyal, k\u00fclt\u00fcrel, ekonomik, sanatsal, edebiyat, sinema, felsefe, bilimsel faaliyetlerinin t\u00fcm\u00fcd\u00fcr. Dil olmazsa halk olmaz. Dil olmazsa ulus olmaz. Ulusal stat\u00fc olmaz. Ulus devletin ulus\u00e7uluk dini bizden b\u00fct\u00fcn bu de\u011ferleri \u00e7almak istiyor. Yanl\u0131\u015f evrensellik ve t\u00fcme var\u0131m anlay\u0131\u015f\u0131 sonucu dilini konu\u015famaz, okuyup yazamaz olmu\u015f, kendi k\u00fclt\u00fcr\u00fcm\u00fcz\u00fc ya\u015fayaca\u011f\u0131m\u0131za egemen k\u00fclt\u00fcre \u00f6yk\u00fcn\u00fcyoruz. \u00c7ocuklar\u0131m\u0131z anadilini ya hi\u00e7 bilmiyor, ya da konu\u015famayacak kadar az biliyor. \u015eimdi K\u00fcrt Stat\u00fcs\u00fc ve \u00d6zg\u00fcr K\u00fcrdistan i\u00e7in m\u00fccadele eden bizlerin \u015fapkam\u0131z\u0131 \u00f6n\u00fcm\u00fcze koymam\u0131z\u0131n zaman\u0131d\u0131r. Birey olabiliriz. Parti, hareket ya da sivil toplum \u00f6rg\u00fct\u00fc olabiliriz. Her birimizin yapabileceklerinin duyarl\u0131l\u0131\u011f\u0131yla hareket edilmelidir.<\/p>\n<p>Yurtseverlik; topra\u011f\u0131n\u0131, dilini, k\u00fclt\u00fcr\u00fcn\u00fc, do\u011fan\u0131 ve do\u011fadaki de\u011ferleri sevmektir. Yurtseverlik topra\u011f\u0131na, diline, k\u00fclt\u00fcr\u00fcne ve do\u011fana sahip olmakt\u0131r. O nedenle biz tek tek bireyler dilimizi, topra\u011f\u0131m\u0131z\u0131, k\u00fclt\u00fcr\u00fcm\u00fcz\u00fc ve do\u011fam\u0131z\u0131 sevmek ve sahiplenmekle ba\u015flayaca\u011f\u0131z. Hareket \u00f6rg\u00fctlerde kendilerine ba\u011fl\u0131 kurumlardan ba\u015flayarak anadilde konu\u015fmay\u0131 ilke edinmelidirler. Yetmez anadilde kre\u015f, anaokulu a\u00e7mal\u0131, anadilde e\u011fitim ko\u015fullar\u0131n\u0131 sa\u011flamal\u0131d\u0131rlar.<\/p>\n<p>Avrupa\u2019da d\u00f6rt par\u00e7a K\u00fcrdistan\u2019dan onlarca yap\u0131 ve hareket \u00fc\u00e7 milyonu a\u015fk\u0131n halk\u0131m\u0131z ya\u015famaktad\u0131r. Bu b\u00fcy\u00fck g\u00fcc\u00fc ve kitleyi harekete ge\u00e7irmenin asgari yolu stat\u00fcs\u00fc ise onun yolu da dilden ge\u00e7iyor. Avrupa\u2019da K\u00fcrtler ar\u0131n yay\u0131n yapan televizyon kalanlar\u0131 \u00fczerinden herg\u00fcn milyonlar\u0131n evine ula\u015fmaktay\u0131z. Bilindik yay\u0131n politikalar\u0131n\u0131 a\u015fan, televizyonu okul gibi akademi gibi k\u00fclt\u00fcr ve sanat merkezi gibi yeniden konumland\u0131ran olmal\u0131y\u0131z. Elimizde y\u00fczlerce dil bilimci, y\u00fczlerce akademisyen, y\u00fczlerce siyaset\u00e7i ve milyonlarca g\u00f6n\u00fcll\u00fc varken dilde. Kimlikte ve k\u00fclt\u00fcrde devrimsel hamleleri yapamamak biz b\u00fcy\u00fck kaybeder, ancak e\u011fer inan\u0131rsak ve ba\u015far\u0131rsak b\u00fcy\u00fck kazand\u0131racakt\u0131r. K\u00fcrt ayd\u0131n\u0131 ve yurtseverinin entelekt\u00fcel, ahlaki ve politik g\u00f6revi 50 milyon K\u00fcrt\u2019\u00fcn stat\u00fcs\u00fczl\u00fc\u011f\u00fcne seyirci kalmamakt\u0131r.<\/p>\n<p><strong><em><a href=\"http:\/\/yeniozgurpolitika.net\/dunya-anadil-gunu\/\">http:\/\/yeniozgurpolitika.net\/dunya-anadil-gunu\/<\/a>\u00a0<\/em><\/strong><\/p>\n","protected":false},"excerpt":{"rendered":"<p>Demir \u00c7elik D\u00fcnya Anadili G\u00fcn\u00fc UNESCO taraf\u0131ndan 17 Kas\u0131m 1999\u2019da 21 \u015eubat olarak ilan edilir. Uluslararas\u0131 Anadili G\u00fcn\u00fc\u2019n\u00fcn as\u0131l ad\u0131 Anadili Hareketi G\u00fcn\u00fc\u2019d\u00fcr. Bug\u00fcn i\u00e7in d\u00fcnyada yakla\u015f\u0131k olarak 7.000\u2019in \u00fczerinde dil konu\u015fulmaktad\u0131r. Ulus devletin jenosit ve asimilasyon politikalar\u0131na ra\u011fmen ortadan kald\u0131ramad\u0131\u011f\u0131 anadillerimiz hem insan toplumsall\u0131\u011f\u0131n\u0131n hakikati, hem de insanl\u0131k onuru olmaktad\u0131r. UNESCO kay\u0131tlar\u0131na g\u00f6re her [&hellip;]<\/p>\n","protected":false},"author":7,"featured_media":56935,"comment_status":"open","ping_status":"open","sticky":false,"template":"","format":"standard","meta":{"footnotes":""},"categories":[1,70,53],"tags":[],"class_list":["post-56934","post","type-post","status-publish","format-standard","has-post-thumbnail","hentry","category-haberler","category-makaleler","category-turkiyede-azinliklar"],"yoast_head":"<!-- This site is optimized with the Yoast SEO plugin v27.4 - https:\/\/yoast.com\/product\/yoast-seo-wordpress\/ -->\n<title>D\u00fcnya Anadil G\u00fcn\u00fc! - Bati Ermenistan Ve Bati Ermenileri Sorunlari Ara\u015ftirmalar Merkezi<\/title>\n<meta name=\"robots\" content=\"index, follow, max-snippet:-1, max-image-preview:large, max-video-preview:-1\" \/>\n<link rel=\"canonical\" href=\"https:\/\/akunq.net\/tr\/?p=56934\" \/>\n<meta property=\"og:locale\" content=\"en_US\" \/>\n<meta property=\"og:type\" content=\"article\" \/>\n<meta property=\"og:title\" content=\"D\u00fcnya Anadil G\u00fcn\u00fc! - Bati Ermenistan Ve Bati Ermenileri Sorunlari Ara\u015ftirmalar Merkezi\" \/>\n<meta property=\"og:description\" content=\"Demir \u00c7elik D\u00fcnya Anadili G\u00fcn\u00fc UNESCO taraf\u0131ndan 17 Kas\u0131m 1999\u2019da 21 \u015eubat olarak ilan edilir. Uluslararas\u0131 Anadili G\u00fcn\u00fc\u2019n\u00fcn as\u0131l ad\u0131 Anadili Hareketi G\u00fcn\u00fc\u2019d\u00fcr. Bug\u00fcn i\u00e7in d\u00fcnyada yakla\u015f\u0131k olarak 7.000\u2019in \u00fczerinde dil konu\u015fulmaktad\u0131r. Ulus devletin jenosit ve asimilasyon politikalar\u0131na ra\u011fmen ortadan kald\u0131ramad\u0131\u011f\u0131 anadillerimiz hem insan toplumsall\u0131\u011f\u0131n\u0131n hakikati, hem de insanl\u0131k onuru olmaktad\u0131r. UNESCO kay\u0131tlar\u0131na g\u00f6re her [&hellip;]\" \/>\n<meta property=\"og:url\" content=\"https:\/\/akunq.net\/tr\/?p=56934\" \/>\n<meta property=\"og:site_name\" content=\"Bati Ermenistan Ve Bati Ermenileri Sorunlari Ara\u015ftirmalar Merkezi\" \/>\n<meta property=\"article:published_time\" content=\"2020-02-21T07:48:07+00:00\" \/>\n<meta property=\"og:image\" content=\"https:\/\/akunq.net\/tr\/wp-content\/uploads\/sites\/6\/2020\/02\/Demir-Celik.jpg\" \/>\n\t<meta property=\"og:image:width\" content=\"600\" \/>\n\t<meta property=\"og:image:height\" content=\"320\" \/>\n\t<meta property=\"og:image:type\" content=\"image\/jpeg\" \/>\n<meta name=\"author\" content=\"admin\" \/>\n<meta name=\"twitter:card\" content=\"summary_large_image\" \/>\n<meta name=\"twitter:label1\" content=\"Written by\" \/>\n\t<meta name=\"twitter:data1\" content=\"admin\" \/>\n\t<meta name=\"twitter:label2\" content=\"Est. reading time\" \/>\n\t<meta name=\"twitter:data2\" content=\"3 minutes\" \/>\n<script type=\"application\/ld+json\" class=\"yoast-schema-graph\">{\"@context\":\"https:\\\/\\\/schema.org\",\"@graph\":[{\"@type\":\"Article\",\"@id\":\"https:\\\/\\\/akunq.net\\\/tr\\\/?p=56934#article\",\"isPartOf\":{\"@id\":\"https:\\\/\\\/akunq.net\\\/tr\\\/?p=56934\"},\"author\":{\"name\":\"admin\",\"@id\":\"https:\\\/\\\/akunq.net\\\/tr\\\/#\\\/schema\\\/person\\\/096f1d38a12cce57fb855b485ed24c9e\"},\"headline\":\"D\u00fcnya Anadil G\u00fcn\u00fc!\",\"datePublished\":\"2020-02-21T07:48:07+00:00\",\"mainEntityOfPage\":{\"@id\":\"https:\\\/\\\/akunq.net\\\/tr\\\/?p=56934\"},\"wordCount\":639,\"commentCount\":0,\"image\":{\"@id\":\"https:\\\/\\\/akunq.net\\\/tr\\\/?p=56934#primaryimage\"},\"thumbnailUrl\":\"https:\\\/\\\/akunq.net\\\/tr\\\/wp-content\\\/uploads\\\/sites\\\/6\\\/2020\\\/02\\\/Demir-Celik.jpg\",\"articleSection\":[\"Haberler\",\"Makaleler\",\"T\u00fcrkiye\u2019de Az\u0131nl\u0131klar\"],\"inLanguage\":\"en-US\",\"potentialAction\":[{\"@type\":\"CommentAction\",\"name\":\"Comment\",\"target\":[\"https:\\\/\\\/akunq.net\\\/tr\\\/?p=56934#respond\"]}]},{\"@type\":\"WebPage\",\"@id\":\"https:\\\/\\\/akunq.net\\\/tr\\\/?p=56934\",\"url\":\"https:\\\/\\\/akunq.net\\\/tr\\\/?p=56934\",\"name\":\"D\u00fcnya Anadil G\u00fcn\u00fc! - Bati Ermenistan Ve Bati Ermenileri Sorunlari Ara\u015ftirmalar Merkezi\",\"isPartOf\":{\"@id\":\"https:\\\/\\\/akunq.net\\\/tr\\\/#website\"},\"primaryImageOfPage\":{\"@id\":\"https:\\\/\\\/akunq.net\\\/tr\\\/?p=56934#primaryimage\"},\"image\":{\"@id\":\"https:\\\/\\\/akunq.net\\\/tr\\\/?p=56934#primaryimage\"},\"thumbnailUrl\":\"https:\\\/\\\/akunq.net\\\/tr\\\/wp-content\\\/uploads\\\/sites\\\/6\\\/2020\\\/02\\\/Demir-Celik.jpg\",\"datePublished\":\"2020-02-21T07:48:07+00:00\",\"author\":{\"@id\":\"https:\\\/\\\/akunq.net\\\/tr\\\/#\\\/schema\\\/person\\\/096f1d38a12cce57fb855b485ed24c9e\"},\"breadcrumb\":{\"@id\":\"https:\\\/\\\/akunq.net\\\/tr\\\/?p=56934#breadcrumb\"},\"inLanguage\":\"en-US\",\"potentialAction\":[{\"@type\":\"ReadAction\",\"target\":[\"https:\\\/\\\/akunq.net\\\/tr\\\/?p=56934\"]}]},{\"@type\":\"ImageObject\",\"inLanguage\":\"en-US\",\"@id\":\"https:\\\/\\\/akunq.net\\\/tr\\\/?p=56934#primaryimage\",\"url\":\"https:\\\/\\\/akunq.net\\\/tr\\\/wp-content\\\/uploads\\\/sites\\\/6\\\/2020\\\/02\\\/Demir-Celik.jpg\",\"contentUrl\":\"https:\\\/\\\/akunq.net\\\/tr\\\/wp-content\\\/uploads\\\/sites\\\/6\\\/2020\\\/02\\\/Demir-Celik.jpg\",\"width\":600,\"height\":320},{\"@type\":\"BreadcrumbList\",\"@id\":\"https:\\\/\\\/akunq.net\\\/tr\\\/?p=56934#breadcrumb\",\"itemListElement\":[{\"@type\":\"ListItem\",\"position\":1,\"name\":\"Home\",\"item\":\"https:\\\/\\\/akunq.net\\\/tr\"},{\"@type\":\"ListItem\",\"position\":2,\"name\":\"D\u00fcnya Anadil G\u00fcn\u00fc!\"}]},{\"@type\":\"WebSite\",\"@id\":\"https:\\\/\\\/akunq.net\\\/tr\\\/#website\",\"url\":\"https:\\\/\\\/akunq.net\\\/tr\\\/\",\"name\":\"Bati Ermenistan Ve Bati Ermenileri Sorunlari Ara\u015ftirmalar Merkezi\",\"description\":\"\",\"potentialAction\":[{\"@type\":\"SearchAction\",\"target\":{\"@type\":\"EntryPoint\",\"urlTemplate\":\"https:\\\/\\\/akunq.net\\\/tr\\\/?s={search_term_string}\"},\"query-input\":{\"@type\":\"PropertyValueSpecification\",\"valueRequired\":true,\"valueName\":\"search_term_string\"}}],\"inLanguage\":\"en-US\"},{\"@type\":\"Person\",\"@id\":\"https:\\\/\\\/akunq.net\\\/tr\\\/#\\\/schema\\\/person\\\/096f1d38a12cce57fb855b485ed24c9e\",\"name\":\"admin\",\"url\":\"https:\\\/\\\/akunq.net\\\/tr\\\/?author=7\"}]}<\/script>\n<!-- \/ Yoast SEO plugin. -->","yoast_head_json":{"title":"D\u00fcnya Anadil G\u00fcn\u00fc! - Bati Ermenistan Ve Bati Ermenileri Sorunlari Ara\u015ftirmalar Merkezi","robots":{"index":"index","follow":"follow","max-snippet":"max-snippet:-1","max-image-preview":"max-image-preview:large","max-video-preview":"max-video-preview:-1"},"canonical":"https:\/\/akunq.net\/tr\/?p=56934","og_locale":"en_US","og_type":"article","og_title":"D\u00fcnya Anadil G\u00fcn\u00fc! - Bati Ermenistan Ve Bati Ermenileri Sorunlari Ara\u015ftirmalar Merkezi","og_description":"Demir \u00c7elik D\u00fcnya Anadili G\u00fcn\u00fc UNESCO taraf\u0131ndan 17 Kas\u0131m 1999\u2019da 21 \u015eubat olarak ilan edilir. Uluslararas\u0131 Anadili G\u00fcn\u00fc\u2019n\u00fcn as\u0131l ad\u0131 Anadili Hareketi G\u00fcn\u00fc\u2019d\u00fcr. Bug\u00fcn i\u00e7in d\u00fcnyada yakla\u015f\u0131k olarak 7.000\u2019in \u00fczerinde dil konu\u015fulmaktad\u0131r. Ulus devletin jenosit ve asimilasyon politikalar\u0131na ra\u011fmen ortadan kald\u0131ramad\u0131\u011f\u0131 anadillerimiz hem insan toplumsall\u0131\u011f\u0131n\u0131n hakikati, hem de insanl\u0131k onuru olmaktad\u0131r. UNESCO kay\u0131tlar\u0131na g\u00f6re her [&hellip;]","og_url":"https:\/\/akunq.net\/tr\/?p=56934","og_site_name":"Bati Ermenistan Ve Bati Ermenileri Sorunlari Ara\u015ftirmalar Merkezi","article_published_time":"2020-02-21T07:48:07+00:00","og_image":[{"width":600,"height":320,"url":"https:\/\/akunq.net\/tr\/wp-content\/uploads\/sites\/6\/2020\/02\/Demir-Celik.jpg","type":"image\/jpeg"}],"author":"admin","twitter_card":"summary_large_image","twitter_misc":{"Written by":"admin","Est. reading time":"3 minutes"},"schema":{"@context":"https:\/\/schema.org","@graph":[{"@type":"Article","@id":"https:\/\/akunq.net\/tr\/?p=56934#article","isPartOf":{"@id":"https:\/\/akunq.net\/tr\/?p=56934"},"author":{"name":"admin","@id":"https:\/\/akunq.net\/tr\/#\/schema\/person\/096f1d38a12cce57fb855b485ed24c9e"},"headline":"D\u00fcnya Anadil G\u00fcn\u00fc!","datePublished":"2020-02-21T07:48:07+00:00","mainEntityOfPage":{"@id":"https:\/\/akunq.net\/tr\/?p=56934"},"wordCount":639,"commentCount":0,"image":{"@id":"https:\/\/akunq.net\/tr\/?p=56934#primaryimage"},"thumbnailUrl":"https:\/\/akunq.net\/tr\/wp-content\/uploads\/sites\/6\/2020\/02\/Demir-Celik.jpg","articleSection":["Haberler","Makaleler","T\u00fcrkiye\u2019de Az\u0131nl\u0131klar"],"inLanguage":"en-US","potentialAction":[{"@type":"CommentAction","name":"Comment","target":["https:\/\/akunq.net\/tr\/?p=56934#respond"]}]},{"@type":"WebPage","@id":"https:\/\/akunq.net\/tr\/?p=56934","url":"https:\/\/akunq.net\/tr\/?p=56934","name":"D\u00fcnya Anadil G\u00fcn\u00fc! - Bati Ermenistan Ve Bati Ermenileri Sorunlari Ara\u015ftirmalar Merkezi","isPartOf":{"@id":"https:\/\/akunq.net\/tr\/#website"},"primaryImageOfPage":{"@id":"https:\/\/akunq.net\/tr\/?p=56934#primaryimage"},"image":{"@id":"https:\/\/akunq.net\/tr\/?p=56934#primaryimage"},"thumbnailUrl":"https:\/\/akunq.net\/tr\/wp-content\/uploads\/sites\/6\/2020\/02\/Demir-Celik.jpg","datePublished":"2020-02-21T07:48:07+00:00","author":{"@id":"https:\/\/akunq.net\/tr\/#\/schema\/person\/096f1d38a12cce57fb855b485ed24c9e"},"breadcrumb":{"@id":"https:\/\/akunq.net\/tr\/?p=56934#breadcrumb"},"inLanguage":"en-US","potentialAction":[{"@type":"ReadAction","target":["https:\/\/akunq.net\/tr\/?p=56934"]}]},{"@type":"ImageObject","inLanguage":"en-US","@id":"https:\/\/akunq.net\/tr\/?p=56934#primaryimage","url":"https:\/\/akunq.net\/tr\/wp-content\/uploads\/sites\/6\/2020\/02\/Demir-Celik.jpg","contentUrl":"https:\/\/akunq.net\/tr\/wp-content\/uploads\/sites\/6\/2020\/02\/Demir-Celik.jpg","width":600,"height":320},{"@type":"BreadcrumbList","@id":"https:\/\/akunq.net\/tr\/?p=56934#breadcrumb","itemListElement":[{"@type":"ListItem","position":1,"name":"Home","item":"https:\/\/akunq.net\/tr"},{"@type":"ListItem","position":2,"name":"D\u00fcnya Anadil G\u00fcn\u00fc!"}]},{"@type":"WebSite","@id":"https:\/\/akunq.net\/tr\/#website","url":"https:\/\/akunq.net\/tr\/","name":"Bati Ermenistan Ve Bati Ermenileri Sorunlari Ara\u015ftirmalar Merkezi","description":"","potentialAction":[{"@type":"SearchAction","target":{"@type":"EntryPoint","urlTemplate":"https:\/\/akunq.net\/tr\/?s={search_term_string}"},"query-input":{"@type":"PropertyValueSpecification","valueRequired":true,"valueName":"search_term_string"}}],"inLanguage":"en-US"},{"@type":"Person","@id":"https:\/\/akunq.net\/tr\/#\/schema\/person\/096f1d38a12cce57fb855b485ed24c9e","name":"admin","url":"https:\/\/akunq.net\/tr\/?author=7"}]}},"_links":{"self":[{"href":"https:\/\/akunq.net\/tr\/index.php?rest_route=\/wp\/v2\/posts\/56934","targetHints":{"allow":["GET"]}}],"collection":[{"href":"https:\/\/akunq.net\/tr\/index.php?rest_route=\/wp\/v2\/posts"}],"about":[{"href":"https:\/\/akunq.net\/tr\/index.php?rest_route=\/wp\/v2\/types\/post"}],"author":[{"embeddable":true,"href":"https:\/\/akunq.net\/tr\/index.php?rest_route=\/wp\/v2\/users\/7"}],"replies":[{"embeddable":true,"href":"https:\/\/akunq.net\/tr\/index.php?rest_route=%2Fwp%2Fv2%2Fcomments&post=56934"}],"version-history":[{"count":1,"href":"https:\/\/akunq.net\/tr\/index.php?rest_route=\/wp\/v2\/posts\/56934\/revisions"}],"predecessor-version":[{"id":56936,"href":"https:\/\/akunq.net\/tr\/index.php?rest_route=\/wp\/v2\/posts\/56934\/revisions\/56936"}],"wp:featuredmedia":[{"embeddable":true,"href":"https:\/\/akunq.net\/tr\/index.php?rest_route=\/wp\/v2\/media\/56935"}],"wp:attachment":[{"href":"https:\/\/akunq.net\/tr\/index.php?rest_route=%2Fwp%2Fv2%2Fmedia&parent=56934"}],"wp:term":[{"taxonomy":"category","embeddable":true,"href":"https:\/\/akunq.net\/tr\/index.php?rest_route=%2Fwp%2Fv2%2Fcategories&post=56934"},{"taxonomy":"post_tag","embeddable":true,"href":"https:\/\/akunq.net\/tr\/index.php?rest_route=%2Fwp%2Fv2%2Ftags&post=56934"}],"curies":[{"name":"wp","href":"https:\/\/api.w.org\/{rel}","templated":true}]}}