{"id":56219,"date":"2019-12-23T04:11:21","date_gmt":"2019-12-23T09:11:21","guid":{"rendered":"http:\/\/akunq.net\/tr\/?p=56219"},"modified":"2019-12-23T04:11:21","modified_gmt":"2019-12-23T09:11:21","slug":"giresunlu-topal-osman-aganin-isleri","status":"publish","type":"post","link":"https:\/\/akunq.net\/tr\/?p=56219","title":{"rendered":"Giresunlu Topal Osman A\u011fa\u2019n\u0131n \u0130\u015fleri"},"content":{"rendered":"<p><img loading=\"lazy\" decoding=\"async\" class=\"alignleft size-full wp-image-56221\" src=\"http:\/\/akunq.net\/tr\/wp-content\/uploads\/2019\/12\/maras.jpg\" alt=\"\" width=\"100\" height=\"100\" \/>Recep Mara\u015fl\u0131<\/p>\n<p>Trabzon\u2019un i\u015fgalinden 4,5 y\u00fczy\u0131l sonra i\u015fler pek de\u011fi\u015fmedi.<\/p>\n<p>\u0130mparatorluktan, T\u00fcrk ulus-devletine ge\u00e7i\u015fte de Karadeniz Rumlar\u0131n\u0131n pay\u0131na d\u00fc\u015fen yine s\u00fcrg\u00fcn ve soyk\u0131r\u0131m oldu.<\/p>\n<p>1919-22 T\u00fcrk Milli M\u00fccadelesi\u2019nin \u201cKahraman\u201dlar\u0131ndan ve Pontus soyk\u0131r\u0131m\u0131n\u0131n icrac\u0131 \u00e7etelerinin reislerinden Topal Osman A\u011fa\u2019n\u0131n bir ka\u00e7 marifetini bizzat kendi ye\u011feninin \u00f6vg\u00fc dolu anlat\u0131mlar\u0131ndan okuyal\u0131m:<\/p>\n<p>\u201cDay\u0131m da 94. alay efrad\u0131 olup Narman\u2019a kadar gittikten sonra bu 94 \u00fcnc\u00fc alay Narman\u2019da Karap\u0131nar isminde bir tepeyi Ruslardan ald\u0131lar. Bu tepeye 94 tepesi ismini verdiler.<\/p>\n<p><img loading=\"lazy\" decoding=\"async\" class=\"alignleft size-medium wp-image-56220\" src=\"http:\/\/akunq.net\/tr\/wp-content\/uploads\/2019\/12\/marasli-360x150.png\" alt=\"\" width=\"360\" height=\"150\" srcset=\"https:\/\/akunq.net\/tr\/wp-content\/uploads\/sites\/6\/2019\/12\/marasli-360x150.png 360w, https:\/\/akunq.net\/tr\/wp-content\/uploads\/sites\/6\/2019\/12\/marasli.png 768w, https:\/\/akunq.net\/tr\/wp-content\/uploads\/sites\/6\/2019\/12\/marasli-560x233.png 560w, https:\/\/akunq.net\/tr\/wp-content\/uploads\/sites\/6\/2019\/12\/marasli-260x108.png 260w, https:\/\/akunq.net\/tr\/wp-content\/uploads\/sites\/6\/2019\/12\/marasli-160x66.png 160w\" sizes=\"auto, (max-width: 360px) 100vw, 360px\" \/><\/p>\n<p>\u0130\u015fte bu s\u0131ralarda \u0130di. Ermenller de ayaklanm\u0131\u015f, onlar da h\u00fck\u00fcmet kurmak \u00fczere bir beylik istiyorlard\u0131 ve i\u00e7imizdeki Giresun Ermenileri de haz\u0131rl\u0131klar\u0131n\u0131 gizliden yap\u0131yorlard\u0131. Fakat tez duyuldu.. Ermeniler tehcire t\u00e2bi tutuldu. Giresun\u2019daki Ermeniler de s\u00fcrg\u00fcn edildiler.<\/p>\n<p>Bu Ermenilerden ya\u011fc\u0131 \u015eerik isminde bir Ermeni, k\u0131z\u0131 ile Ku\u011fara\u2019da arkada\u015f\u0131 olan bir Rumun evine sakian\u0131p kalm\u0131\u015ft\u0131. Bu Ermeni\u2019yi Osman A\u011fa\u2019ya bir Rum gelip haber verdi. A\u011fa yan\u0131na \u015fu arkada\u015fiar\u0131n\u0131 al\u0131p gece do\u011fru bu Rum\u2019un evine gitti. Arkada\u015flar\u0131 \u015funlard\u0131; Bulamo\u011flu Mehmet A\u011fa, Bekir\u00e7avu\u015fun Bekir A\u011fa, Yusuf A\u011fa Zade Mehmet A\u011fa idi.<\/p>\n<p>Ermeni\u2019yi evinden ald\u0131lar. K\u0131z\u0131n\u0131 ayn\u0131 Rum\u2019un evinde b\u0131rak\u0131p Ermeni\u2019yi bir kay\u0131\u011fa koyup B\u00fcy\u00fck Ada istikametine g\u00f6t\u00fcr\u00fcp Ermeni\u2019nin aya\u011f\u0131na bir ta\u015f ba\u011flay\u0131p denize att\u0131lar. \u015eerik denizin dibine inerken, Osman A\u011fa arkada\u015fiar\u0131na \u201cyakamoza bak\u0131n!\u201d diye denizin dibinden yukar\u0131 \u00e7\u0131kan k\u00f6p\u00fckieri. g\u00f6steriyordu.<\/p>\n<p>Osman A\u011fa sonra bu Ermeni\u2019nin k\u0131z\u0131n\u0131 sorgu h\u00e2kiminin k\u00e2tibi ile nik\u00e2h ettirip evlendirdi.\u201d<\/p>\n<p>\u0130NSANLAR G\u0130TT\u0130 K\u0130L\u0130SELER\u0130 KALIR MI?<\/p>\n<p>\u201c(Bir g\u00fcn Osman A\u011fa) Ke\u015fan\u2019\u0131n Tekke k\u00f6y\u00fcne gitti. Daha sonra da \u00e7eteyi al\u0131p D\u00fczk\u00f6y\u2019e ge\u00e7ti. Buraya giderken Yola\u011fz\u0131 pazar\u0131na u\u011frad\u0131. Yola\u011fz\u0131\u2019nda bir Rum kilisesi vard\u0131. Osman a\u011fa, Tomo\u011flu \u0130smail a\u011faya,<\/p>\n<p>-\u0130smail a\u011fa bu kilise burada ne duruyor? diye sordu.<\/p>\n<p>Tomo\u011flu \u0130smail a\u011fa, Osman\u2019 A\u011fa\u2019n\u0131n ne istedi\u011fini anlad\u0131 ve \u2018hemen y\u0131kal\u0131m\u2019\u2019 dedi.<\/p>\n<p>Hemen yak\u0131ndaki kay\u0131klardan kal\u0131n halatlar al\u0131nd\u0131. Kad\u0131\u2019n\u0131n Cemal efendi ve birka\u00e7 ki\u015fi kilisenin kubbesine \u00e7\u0131karken Yola\u011fz\u0131\u2019nda n\u00fckteli konu\u015fan biri vard\u0131. Bifrino\u011fiu \u0130smail, Osman a\u011faya, \u00abA\u011fa day\u0131 \u00e7ar\u0131ks\u0131z Gire\u011fi \u00e7\u0131ks\u0131n\u00bb dedi.. Maksat Giregi Rum oldu\u011fu i\u00e7in halatlar\u0131 O ba\u011flay\u0131p kendi ibadet yerlerini ona y\u0131kt\u0131rma m\u00e2nas\u0131na idi.<\/p>\n<p>Yukar\u0131da sayd\u0131\u011f\u0131m\u0131z arkada\u015flar kubbeye \u00e7\u0131kt\u0131lar, halatlar tak\u0131ld\u0131, U\u015fak hep birden halatlara as\u0131l\u0131nca halatlar koptu. U\u015fak bir kere yere d\u00fc\u015ft\u00fc, halatlar kesilmi\u015fti. Tekrar kubbeye \u00e7\u0131k\u0131ld\u0131, ek halatlarda ba\u011fland\u0131ktan sonra, hep birden u\u015fak bu halata as\u0131l\u0131nca kubbe u\u00e7tu, Osman a\u011fa ise keyfinden bay\u0131ld\u0131.\u201d<\/p>\n<p>PONTUS BAYRA\u011eINI G\u00d6NDERE \u00c7EKEN BALABAN\u0130<\/p>\n<p>\u201cOsman a\u011fa Pundust bayra\u011f\u0131n\u0131 Ta\u015fk\u0131\u015fLa\u2019ya (Rum Okuluna) \u00e7eken marangoz ustas\u0131 Rum Balabani\u2019yi. \u201caletlerini als\u0131n gelsin!\u201d diye \u00e7a\u011f\u0131rtt\u0131. Balabani geldi.<\/p>\n<p>Bunun geldi\u011finde, arka tarafta ipler ellerinde haz\u0131r bekieyen\u2019 iki ki\u015fi, vardi; Osman a\u011fa Balabani\u2019ye sordu: \u00abBalabani, Ta\u015fk\u0131\u015fla\u2019ya Pundust bayra\u011f\u0131n\u0131 sen mi \u00e7ektin?\u00bb deyince, bu Rumun elinden \u00e2let.zembili d\u00fc\u015ft\u00fc.<\/p>\n<p>Arka tarafta ellerinde ip bekleyen Dadmano\u011fiu Mehmet a\u011fa ve Saffet Demiralp hemen Balabani\u2019nin bo\u011faz\u0131na ipi takt\u0131lar. Uzunboylu olan bu Rum b\u00fcy\u00fck bir kavla\u011fan a\u011fam gibi devrildi.<\/p>\n<p>Osman a\u011fa o\u011flu \u0130smail\u2019e, \u201c\u015funa bir iki b\u0131\u00e7ak da sen at!\u00bb dedi. \u0130smail, babas\u0131n\u0131n s\u00f6z\u00fcn\u00fc severek kabul, etti..<\/p>\n<p>*<\/p>\n<p>\u0130slam\u2019\u0131n fetih k\u0131l\u0131c\u0131 T\u00fcrk devletinin elinde b\u00f6yle i\u015fledi\u2026<\/p>\n<p>[Kaynak: Mehmet \u015eakir SARIBAYRAKTARO\u011eLU, \u201cOSMAN A\u011eA ve Giresun U\u015faklar\u0131 Konu\u015fuyor\u201d, Fisko Birlik Yay\u0131n\u0131, 1975]<\/p>\n","protected":false},"excerpt":{"rendered":"<p>Recep Mara\u015fl\u0131 Trabzon\u2019un i\u015fgalinden 4,5 y\u00fczy\u0131l sonra i\u015fler pek de\u011fi\u015fmedi. \u0130mparatorluktan, T\u00fcrk ulus-devletine ge\u00e7i\u015fte de Karadeniz Rumlar\u0131n\u0131n pay\u0131na d\u00fc\u015fen yine s\u00fcrg\u00fcn ve soyk\u0131r\u0131m oldu. 1919-22 T\u00fcrk Milli M\u00fccadelesi\u2019nin \u201cKahraman\u201dlar\u0131ndan ve Pontus soyk\u0131r\u0131m\u0131n\u0131n icrac\u0131 \u00e7etelerinin reislerinden Topal Osman A\u011fa\u2019n\u0131n bir ka\u00e7 marifetini bizzat kendi ye\u011feninin \u00f6vg\u00fc dolu anlat\u0131mlar\u0131ndan okuyal\u0131m: \u201cDay\u0131m da 94. alay efrad\u0131 olup Narman\u2019a [&hellip;]<\/p>\n","protected":false},"author":7,"featured_media":56221,"comment_status":"open","ping_status":"open","sticky":false,"template":"","format":"standard","meta":{"footnotes":""},"categories":[20,53],"tags":[],"class_list":["post-56219","post","type-post","status-publish","format-standard","has-post-thumbnail","hentry","category-tarih-sayfalari","category-turkiyede-azinliklar"],"yoast_head":"<!-- This site is optimized with the Yoast SEO plugin v27.4 - https:\/\/yoast.com\/product\/yoast-seo-wordpress\/ -->\n<title>Giresunlu Topal Osman A\u011fa\u2019n\u0131n \u0130\u015fleri - Bati Ermenistan Ve Bati Ermenileri Sorunlari Ara\u015ftirmalar Merkezi<\/title>\n<meta name=\"robots\" content=\"index, follow, max-snippet:-1, max-image-preview:large, max-video-preview:-1\" \/>\n<link rel=\"canonical\" href=\"https:\/\/akunq.net\/tr\/?p=56219\" \/>\n<meta property=\"og:locale\" content=\"en_US\" \/>\n<meta property=\"og:type\" content=\"article\" \/>\n<meta property=\"og:title\" content=\"Giresunlu Topal Osman A\u011fa\u2019n\u0131n \u0130\u015fleri - Bati Ermenistan Ve Bati Ermenileri Sorunlari Ara\u015ftirmalar Merkezi\" \/>\n<meta property=\"og:description\" content=\"Recep Mara\u015fl\u0131 Trabzon\u2019un i\u015fgalinden 4,5 y\u00fczy\u0131l sonra i\u015fler pek de\u011fi\u015fmedi. \u0130mparatorluktan, T\u00fcrk ulus-devletine ge\u00e7i\u015fte de Karadeniz Rumlar\u0131n\u0131n pay\u0131na d\u00fc\u015fen yine s\u00fcrg\u00fcn ve soyk\u0131r\u0131m oldu. 1919-22 T\u00fcrk Milli M\u00fccadelesi\u2019nin \u201cKahraman\u201dlar\u0131ndan ve Pontus soyk\u0131r\u0131m\u0131n\u0131n icrac\u0131 \u00e7etelerinin reislerinden Topal Osman A\u011fa\u2019n\u0131n bir ka\u00e7 marifetini bizzat kendi ye\u011feninin \u00f6vg\u00fc dolu anlat\u0131mlar\u0131ndan okuyal\u0131m: \u201cDay\u0131m da 94. alay efrad\u0131 olup Narman\u2019a [&hellip;]\" \/>\n<meta property=\"og:url\" content=\"https:\/\/akunq.net\/tr\/?p=56219\" \/>\n<meta property=\"og:site_name\" content=\"Bati Ermenistan Ve Bati Ermenileri Sorunlari Ara\u015ftirmalar Merkezi\" \/>\n<meta property=\"article:published_time\" content=\"2019-12-23T09:11:21+00:00\" \/>\n<meta property=\"og:image\" content=\"https:\/\/akunq.net\/tr\/wp-content\/uploads\/sites\/6\/2019\/12\/maras.jpg\" \/>\n\t<meta property=\"og:image:width\" content=\"100\" \/>\n\t<meta property=\"og:image:height\" content=\"100\" \/>\n\t<meta property=\"og:image:type\" content=\"image\/jpeg\" \/>\n<meta name=\"author\" content=\"admin\" \/>\n<meta name=\"twitter:card\" content=\"summary_large_image\" \/>\n<meta name=\"twitter:label1\" content=\"Written by\" \/>\n\t<meta name=\"twitter:data1\" content=\"admin\" \/>\n\t<meta name=\"twitter:label2\" content=\"Est. reading time\" \/>\n\t<meta name=\"twitter:data2\" content=\"4 minutes\" \/>\n<script type=\"application\/ld+json\" class=\"yoast-schema-graph\">{\"@context\":\"https:\\\/\\\/schema.org\",\"@graph\":[{\"@type\":\"Article\",\"@id\":\"https:\\\/\\\/akunq.net\\\/tr\\\/?p=56219#article\",\"isPartOf\":{\"@id\":\"https:\\\/\\\/akunq.net\\\/tr\\\/?p=56219\"},\"author\":{\"name\":\"admin\",\"@id\":\"https:\\\/\\\/akunq.net\\\/tr\\\/#\\\/schema\\\/person\\\/096f1d38a12cce57fb855b485ed24c9e\"},\"headline\":\"Giresunlu Topal Osman A\u011fa\u2019n\u0131n \u0130\u015fleri\",\"datePublished\":\"2019-12-23T09:11:21+00:00\",\"mainEntityOfPage\":{\"@id\":\"https:\\\/\\\/akunq.net\\\/tr\\\/?p=56219\"},\"wordCount\":714,\"commentCount\":0,\"image\":{\"@id\":\"https:\\\/\\\/akunq.net\\\/tr\\\/?p=56219#primaryimage\"},\"thumbnailUrl\":\"https:\\\/\\\/akunq.net\\\/tr\\\/wp-content\\\/uploads\\\/sites\\\/6\\\/2019\\\/12\\\/maras.jpg\",\"articleSection\":[\"Tarih Sayfalar\u0131\",\"T\u00fcrkiye\u2019de Az\u0131nl\u0131klar\"],\"inLanguage\":\"en-US\",\"potentialAction\":[{\"@type\":\"CommentAction\",\"name\":\"Comment\",\"target\":[\"https:\\\/\\\/akunq.net\\\/tr\\\/?p=56219#respond\"]}]},{\"@type\":\"WebPage\",\"@id\":\"https:\\\/\\\/akunq.net\\\/tr\\\/?p=56219\",\"url\":\"https:\\\/\\\/akunq.net\\\/tr\\\/?p=56219\",\"name\":\"Giresunlu Topal Osman A\u011fa\u2019n\u0131n \u0130\u015fleri - Bati Ermenistan Ve Bati Ermenileri Sorunlari Ara\u015ftirmalar Merkezi\",\"isPartOf\":{\"@id\":\"https:\\\/\\\/akunq.net\\\/tr\\\/#website\"},\"primaryImageOfPage\":{\"@id\":\"https:\\\/\\\/akunq.net\\\/tr\\\/?p=56219#primaryimage\"},\"image\":{\"@id\":\"https:\\\/\\\/akunq.net\\\/tr\\\/?p=56219#primaryimage\"},\"thumbnailUrl\":\"https:\\\/\\\/akunq.net\\\/tr\\\/wp-content\\\/uploads\\\/sites\\\/6\\\/2019\\\/12\\\/maras.jpg\",\"datePublished\":\"2019-12-23T09:11:21+00:00\",\"author\":{\"@id\":\"https:\\\/\\\/akunq.net\\\/tr\\\/#\\\/schema\\\/person\\\/096f1d38a12cce57fb855b485ed24c9e\"},\"breadcrumb\":{\"@id\":\"https:\\\/\\\/akunq.net\\\/tr\\\/?p=56219#breadcrumb\"},\"inLanguage\":\"en-US\",\"potentialAction\":[{\"@type\":\"ReadAction\",\"target\":[\"https:\\\/\\\/akunq.net\\\/tr\\\/?p=56219\"]}]},{\"@type\":\"ImageObject\",\"inLanguage\":\"en-US\",\"@id\":\"https:\\\/\\\/akunq.net\\\/tr\\\/?p=56219#primaryimage\",\"url\":\"https:\\\/\\\/akunq.net\\\/tr\\\/wp-content\\\/uploads\\\/sites\\\/6\\\/2019\\\/12\\\/maras.jpg\",\"contentUrl\":\"https:\\\/\\\/akunq.net\\\/tr\\\/wp-content\\\/uploads\\\/sites\\\/6\\\/2019\\\/12\\\/maras.jpg\",\"width\":100,\"height\":100},{\"@type\":\"BreadcrumbList\",\"@id\":\"https:\\\/\\\/akunq.net\\\/tr\\\/?p=56219#breadcrumb\",\"itemListElement\":[{\"@type\":\"ListItem\",\"position\":1,\"name\":\"Home\",\"item\":\"https:\\\/\\\/akunq.net\\\/tr\"},{\"@type\":\"ListItem\",\"position\":2,\"name\":\"Giresunlu Topal Osman A\u011fa\u2019n\u0131n \u0130\u015fleri\"}]},{\"@type\":\"WebSite\",\"@id\":\"https:\\\/\\\/akunq.net\\\/tr\\\/#website\",\"url\":\"https:\\\/\\\/akunq.net\\\/tr\\\/\",\"name\":\"Bati Ermenistan Ve Bati Ermenileri Sorunlari Ara\u015ftirmalar Merkezi\",\"description\":\"\",\"potentialAction\":[{\"@type\":\"SearchAction\",\"target\":{\"@type\":\"EntryPoint\",\"urlTemplate\":\"https:\\\/\\\/akunq.net\\\/tr\\\/?s={search_term_string}\"},\"query-input\":{\"@type\":\"PropertyValueSpecification\",\"valueRequired\":true,\"valueName\":\"search_term_string\"}}],\"inLanguage\":\"en-US\"},{\"@type\":\"Person\",\"@id\":\"https:\\\/\\\/akunq.net\\\/tr\\\/#\\\/schema\\\/person\\\/096f1d38a12cce57fb855b485ed24c9e\",\"name\":\"admin\",\"url\":\"https:\\\/\\\/akunq.net\\\/tr\\\/?author=7\"}]}<\/script>\n<!-- \/ Yoast SEO plugin. -->","yoast_head_json":{"title":"Giresunlu Topal Osman A\u011fa\u2019n\u0131n \u0130\u015fleri - Bati Ermenistan Ve Bati Ermenileri Sorunlari Ara\u015ftirmalar Merkezi","robots":{"index":"index","follow":"follow","max-snippet":"max-snippet:-1","max-image-preview":"max-image-preview:large","max-video-preview":"max-video-preview:-1"},"canonical":"https:\/\/akunq.net\/tr\/?p=56219","og_locale":"en_US","og_type":"article","og_title":"Giresunlu Topal Osman A\u011fa\u2019n\u0131n \u0130\u015fleri - Bati Ermenistan Ve Bati Ermenileri Sorunlari Ara\u015ftirmalar Merkezi","og_description":"Recep Mara\u015fl\u0131 Trabzon\u2019un i\u015fgalinden 4,5 y\u00fczy\u0131l sonra i\u015fler pek de\u011fi\u015fmedi. \u0130mparatorluktan, T\u00fcrk ulus-devletine ge\u00e7i\u015fte de Karadeniz Rumlar\u0131n\u0131n pay\u0131na d\u00fc\u015fen yine s\u00fcrg\u00fcn ve soyk\u0131r\u0131m oldu. 1919-22 T\u00fcrk Milli M\u00fccadelesi\u2019nin \u201cKahraman\u201dlar\u0131ndan ve Pontus soyk\u0131r\u0131m\u0131n\u0131n icrac\u0131 \u00e7etelerinin reislerinden Topal Osman A\u011fa\u2019n\u0131n bir ka\u00e7 marifetini bizzat kendi ye\u011feninin \u00f6vg\u00fc dolu anlat\u0131mlar\u0131ndan okuyal\u0131m: \u201cDay\u0131m da 94. alay efrad\u0131 olup Narman\u2019a [&hellip;]","og_url":"https:\/\/akunq.net\/tr\/?p=56219","og_site_name":"Bati Ermenistan Ve Bati Ermenileri Sorunlari Ara\u015ftirmalar Merkezi","article_published_time":"2019-12-23T09:11:21+00:00","og_image":[{"width":100,"height":100,"url":"https:\/\/akunq.net\/tr\/wp-content\/uploads\/sites\/6\/2019\/12\/maras.jpg","type":"image\/jpeg"}],"author":"admin","twitter_card":"summary_large_image","twitter_misc":{"Written by":"admin","Est. reading time":"4 minutes"},"schema":{"@context":"https:\/\/schema.org","@graph":[{"@type":"Article","@id":"https:\/\/akunq.net\/tr\/?p=56219#article","isPartOf":{"@id":"https:\/\/akunq.net\/tr\/?p=56219"},"author":{"name":"admin","@id":"https:\/\/akunq.net\/tr\/#\/schema\/person\/096f1d38a12cce57fb855b485ed24c9e"},"headline":"Giresunlu Topal Osman A\u011fa\u2019n\u0131n \u0130\u015fleri","datePublished":"2019-12-23T09:11:21+00:00","mainEntityOfPage":{"@id":"https:\/\/akunq.net\/tr\/?p=56219"},"wordCount":714,"commentCount":0,"image":{"@id":"https:\/\/akunq.net\/tr\/?p=56219#primaryimage"},"thumbnailUrl":"https:\/\/akunq.net\/tr\/wp-content\/uploads\/sites\/6\/2019\/12\/maras.jpg","articleSection":["Tarih Sayfalar\u0131","T\u00fcrkiye\u2019de Az\u0131nl\u0131klar"],"inLanguage":"en-US","potentialAction":[{"@type":"CommentAction","name":"Comment","target":["https:\/\/akunq.net\/tr\/?p=56219#respond"]}]},{"@type":"WebPage","@id":"https:\/\/akunq.net\/tr\/?p=56219","url":"https:\/\/akunq.net\/tr\/?p=56219","name":"Giresunlu Topal Osman A\u011fa\u2019n\u0131n \u0130\u015fleri - Bati Ermenistan Ve Bati Ermenileri Sorunlari Ara\u015ftirmalar Merkezi","isPartOf":{"@id":"https:\/\/akunq.net\/tr\/#website"},"primaryImageOfPage":{"@id":"https:\/\/akunq.net\/tr\/?p=56219#primaryimage"},"image":{"@id":"https:\/\/akunq.net\/tr\/?p=56219#primaryimage"},"thumbnailUrl":"https:\/\/akunq.net\/tr\/wp-content\/uploads\/sites\/6\/2019\/12\/maras.jpg","datePublished":"2019-12-23T09:11:21+00:00","author":{"@id":"https:\/\/akunq.net\/tr\/#\/schema\/person\/096f1d38a12cce57fb855b485ed24c9e"},"breadcrumb":{"@id":"https:\/\/akunq.net\/tr\/?p=56219#breadcrumb"},"inLanguage":"en-US","potentialAction":[{"@type":"ReadAction","target":["https:\/\/akunq.net\/tr\/?p=56219"]}]},{"@type":"ImageObject","inLanguage":"en-US","@id":"https:\/\/akunq.net\/tr\/?p=56219#primaryimage","url":"https:\/\/akunq.net\/tr\/wp-content\/uploads\/sites\/6\/2019\/12\/maras.jpg","contentUrl":"https:\/\/akunq.net\/tr\/wp-content\/uploads\/sites\/6\/2019\/12\/maras.jpg","width":100,"height":100},{"@type":"BreadcrumbList","@id":"https:\/\/akunq.net\/tr\/?p=56219#breadcrumb","itemListElement":[{"@type":"ListItem","position":1,"name":"Home","item":"https:\/\/akunq.net\/tr"},{"@type":"ListItem","position":2,"name":"Giresunlu Topal Osman A\u011fa\u2019n\u0131n \u0130\u015fleri"}]},{"@type":"WebSite","@id":"https:\/\/akunq.net\/tr\/#website","url":"https:\/\/akunq.net\/tr\/","name":"Bati Ermenistan Ve Bati Ermenileri Sorunlari Ara\u015ftirmalar Merkezi","description":"","potentialAction":[{"@type":"SearchAction","target":{"@type":"EntryPoint","urlTemplate":"https:\/\/akunq.net\/tr\/?s={search_term_string}"},"query-input":{"@type":"PropertyValueSpecification","valueRequired":true,"valueName":"search_term_string"}}],"inLanguage":"en-US"},{"@type":"Person","@id":"https:\/\/akunq.net\/tr\/#\/schema\/person\/096f1d38a12cce57fb855b485ed24c9e","name":"admin","url":"https:\/\/akunq.net\/tr\/?author=7"}]}},"_links":{"self":[{"href":"https:\/\/akunq.net\/tr\/index.php?rest_route=\/wp\/v2\/posts\/56219","targetHints":{"allow":["GET"]}}],"collection":[{"href":"https:\/\/akunq.net\/tr\/index.php?rest_route=\/wp\/v2\/posts"}],"about":[{"href":"https:\/\/akunq.net\/tr\/index.php?rest_route=\/wp\/v2\/types\/post"}],"author":[{"embeddable":true,"href":"https:\/\/akunq.net\/tr\/index.php?rest_route=\/wp\/v2\/users\/7"}],"replies":[{"embeddable":true,"href":"https:\/\/akunq.net\/tr\/index.php?rest_route=%2Fwp%2Fv2%2Fcomments&post=56219"}],"version-history":[{"count":2,"href":"https:\/\/akunq.net\/tr\/index.php?rest_route=\/wp\/v2\/posts\/56219\/revisions"}],"predecessor-version":[{"id":56223,"href":"https:\/\/akunq.net\/tr\/index.php?rest_route=\/wp\/v2\/posts\/56219\/revisions\/56223"}],"wp:featuredmedia":[{"embeddable":true,"href":"https:\/\/akunq.net\/tr\/index.php?rest_route=\/wp\/v2\/media\/56221"}],"wp:attachment":[{"href":"https:\/\/akunq.net\/tr\/index.php?rest_route=%2Fwp%2Fv2%2Fmedia&parent=56219"}],"wp:term":[{"taxonomy":"category","embeddable":true,"href":"https:\/\/akunq.net\/tr\/index.php?rest_route=%2Fwp%2Fv2%2Fcategories&post=56219"},{"taxonomy":"post_tag","embeddable":true,"href":"https:\/\/akunq.net\/tr\/index.php?rest_route=%2Fwp%2Fv2%2Ftags&post=56219"}],"curies":[{"name":"wp","href":"https:\/\/api.w.org\/{rel}","templated":true}]}}