{"id":56185,"date":"2019-12-20T02:41:11","date_gmt":"2019-12-20T07:41:11","guid":{"rendered":"http:\/\/akunq.net\/tr\/?p=56185"},"modified":"2019-12-20T02:41:11","modified_gmt":"2019-12-20T07:41:11","slug":"maras-katliaminin-41-yili-olaylar-nasil-basladi-neler-yasandi","status":"publish","type":"post","link":"https:\/\/akunq.net\/tr\/?p=56185","title":{"rendered":"Mara\u015f Katliam\u0131&#8217;n\u0131n 41. y\u0131l\u0131: Olaylar nas\u0131l ba\u015flad\u0131, neler ya\u015fand\u0131?"},"content":{"rendered":"<p><img loading=\"lazy\" decoding=\"async\" class=\"alignleft size-medium wp-image-56186\" src=\"http:\/\/akunq.net\/tr\/wp-content\/uploads\/2019\/12\/Mara\u015f-Katliam\u0131-360x203.jpg\" alt=\"\" width=\"360\" height=\"203\" srcset=\"https:\/\/akunq.net\/tr\/wp-content\/uploads\/sites\/6\/2019\/12\/Mara\u015f-Katliam\u0131-360x203.jpg 360w, https:\/\/akunq.net\/tr\/wp-content\/uploads\/sites\/6\/2019\/12\/Mara\u015f-Katliam\u0131-768x432.jpg 768w, https:\/\/akunq.net\/tr\/wp-content\/uploads\/sites\/6\/2019\/12\/Mara\u015f-Katliam\u0131-560x315.jpg 560w, https:\/\/akunq.net\/tr\/wp-content\/uploads\/sites\/6\/2019\/12\/Mara\u015f-Katliam\u0131-260x146.jpg 260w, https:\/\/akunq.net\/tr\/wp-content\/uploads\/sites\/6\/2019\/12\/Mara\u015f-Katliam\u0131-160x90.jpg 160w, https:\/\/akunq.net\/tr\/wp-content\/uploads\/sites\/6\/2019\/12\/Mara\u015f-Katliam\u0131.jpg 773w\" sizes=\"auto, (max-width: 360px) 100vw, 360px\" \/><\/p>\n<p><strong><em>Kahramanmara\u015f&#8217;ta 1978&#8217;de ya\u015fanan ve 100&#8217;den fazla ki\u015finin hayat\u0131n\u0131 kaybetmesine, y\u00fczlerce ki\u015fininse yaralanmas\u0131na sebep olan &#8216;Mara\u015f katliam\u0131n\u0131n&#8217; \u00fczerinden 41 y\u0131l ge\u00e7ti.<\/em><\/strong><\/p>\n<p>12 Eyl\u00fcl darbesine yol a\u00e7an olaylardan biri olarak g\u00f6r\u00fclen Mara\u015f katliam\u0131nda genellikle Alevi k\u00f6kenliler hedef al\u0131nd\u0131. Y\u0131llarca s\u00fcren yarg\u0131lamalarda 29 idam ve 7 m\u00fcebbet karar\u0131 verildi. Bundan tam 41 y\u0131l \u00f6nce 19 Aral\u0131k 1978&#8217;de ba\u015flayan ve 7 g\u00fcn s\u00fcren Mara\u015f olaylar\u0131nda neler ya\u015fand\u0131?<\/p>\n<p><strong>Mara\u015f Katliam\u0131&#8217;nda neler olmu\u015ftu?<\/strong><\/p>\n<p>1978&#8217;de Mara\u015f&#8217;ta ya\u015fanan olaylarda resmi rakamlara g\u00f6re 100&#8217;den fazla ki\u015fi \u00f6ld\u00fc, y\u00fczlerce ki\u015fi yaraland\u0131, 210 ev, 70 i\u015fyeri tahrip edildi. Resmi olmayan beyanlara g\u00f6re ise hayat\u0131n\u0131 kaybedenlerin say\u0131s\u0131 500\u2019\u00fcn \u00fczerindeydi. Katliamla ilgili 804 ki\u015fi hakk\u0131nda dava a\u00e7\u0131ld\u0131; san\u0131klardan 29\u2019u idam, 7\u2019si m\u00fcebbet hapisle, 321 ki\u015fi de 1-24 y\u0131l aras\u0131nda hapisle cezaland\u0131r\u0131ld\u0131.<\/p>\n<p>Mara\u015f Katliam\u0131, 19 Aral\u0131k ile 26 Aral\u0131k 1978&#8217;de Kahramanmara\u015f&#8217;ta vuku bulmu\u015f ve sald\u0131r\u0131lar genel itibariyle Alevilere y\u00f6nelik yap\u0131lm\u0131\u015ft\u0131r.<\/p>\n<p>Olaylarda Alevilere ait 200&#8217;\u00fcn \u00fczerinde ev yak\u0131ld\u0131, Y\u00fcze yak\u0131n i\u015fyeri tahrip edildi. Yirmi \u00fc\u00e7 y\u0131l s\u00fcren davalar sonunda 22 ki\u015fi idam, 7 ki\u015fi m\u00fcebbet hapis, 321 ki\u015fi de 1\u201324 y\u0131l aras\u0131nda ceza ald\u0131. Katliamda \u00f6nemli rol oynayan 68 ki\u015fiye ise ula\u015f\u0131lamad\u0131.<\/p>\n<p>Mara\u015f&#8217;ta ya\u015fanan katliam 12 Eyl\u00fcl darbesine sebep olan olaylardan biri olarak g\u00f6r\u00fcld\u00fc. Mill\u00ee \u0130stihbarat Te\u015fkilat\u0131&#8217;na g\u00f6re olaylar\u0131n ba\u015flamas\u0131nda &#8220;T\u00fcrk-K\u00fcrt meselesi&#8221; de etken olmu\u015ftur.<\/p>\n<p><strong>Olaylar nas\u0131l ba\u015flad\u0131?<\/strong><\/p>\n<p>Siyasi nedenlerle k\u00f6r\u00fcklenen Alevi-S\u00fcnni tart\u0131\u015fmas\u0131n\u0131n Kahramanmara\u015f&#8217;ta gerginli\u011fi t\u0131rmand\u0131rd\u0131\u011f\u0131 bir d\u00f6nemde, 19 Aral\u0131k&#8217;ta kentteki \u00c7i\u00e7ek Sinemas\u0131&#8217;na, o d\u00f6nemin ender milliyet\u00e7i filmlerinden biri olan, C\u00fcneyt Ark\u0131n&#8217;\u0131n ba\u015frol oynad\u0131\u011f\u0131 G\u00fcne\u015f Ne Zaman Do\u011facak&#8217;\u0131n g\u00f6steriminde, saat 21:00&#8217;de patlay\u0131c\u0131 madde at\u0131lmas\u0131 olaylar\u0131n fitilini ate\u015fledi.<\/p>\n<p>Bu bomban\u0131n \u00dclk\u00fcc\u00fc Gen\u00e7lik Derne\u011fi Kahramanmara\u015f \u015fube ba\u015fkan\u0131 Mehmet Leblebici ve ikinci ba\u015fkan Mustafa Kanl\u0131dere&#8217;nin talimatlar\u0131 ile \u00fclk\u00fcc\u00fc bir gen\u00e7 olan \u00d6kke\u015f Kenger taraf\u0131ndan at\u0131ld\u0131\u011f\u0131 iddia edildi.<\/p>\n<p>Bunun \u00fczerine kalabal\u0131k sa\u011fc\u0131 bir grup ile T\u00fcrko\u011flu il\u00e7esinden gelen bir grup \u00fclk\u00fcc\u00fc Cumhuriyet Halk Partisi il merkezine, PTT ve T\u00fcm \u00d6\u011fretmenler Birle\u015fme ve Dayan\u0131\u015fma Derne\u011fi (T\u00d6B-DER) binalar\u0131na sald\u0131rd\u0131.<\/p>\n<p>Olaylar\u0131n b\u00fcy\u00fcmesi \u00fczerine o zamanki Kahramanmara\u015f valisi Tahsin Soylu kente askeri g\u00fc\u00e7 g\u00f6nderilmesini istemi\u015f, ancak talebi uygun g\u00f6r\u00fclmemi\u015ftir.<\/p>\n<p>24 Aral\u0131k&#8217;ta sald\u0131r\u0131lar\u0131n g\u00fcvenlik g\u00f6revlilerine y\u00f6nelmesi \u00fczerine, halkla \u00e7at\u0131\u015fmay\u0131 \u00f6nlemek gerek\u00e7esiyle kentteki b\u00fct\u00fcn polisler g\u00f6rev d\u0131\u015f\u0131 b\u0131rak\u0131ld\u0131. S\u00fcnni kesim bundan istifade ederek Aleviler \u00fczerindeki bask\u0131lar\u0131n\u0131 artt\u0131rd\u0131. Kentte durum kontrolden \u00e7\u0131karken, il genelinde kaos ortam\u0131 olu\u015ftu.<\/p>\n<p>Bir hafta s\u00fcren kar\u015f\u0131l\u0131kl\u0131 sald\u0131r\u0131lar\u0131 \u00f6nlemek amac\u0131 ile kente, Kayseri ve Gaziantep&#8217;ten askeri birlikler g\u00f6nderildi.<\/p>\n<p><strong>Yarg\u0131lama s\u00fcreci nas\u0131l oldu?<\/strong><\/p>\n<p>\u00c7o\u011funlukla sa\u011f ve a\u015f\u0131r\u0131 sa\u011f g\u00f6r\u00fc\u015fl\u00fc olarak nitelenen toplam 804 ki\u015fi hakk\u0131nda dava a\u00e7\u0131ld\u0131. S\u0131k\u0131y\u00f6netim mahkemelerinde a\u00e7\u0131lan davalar 1991 y\u0131l\u0131na kadar s\u00fcrd\u00fc. San\u0131klardan 29&#8217;u idam, 7&#8217;si m\u00fcebbet, 321&#8217;i de 1-24 y\u0131l aras\u0131nda hapis cezalar\u0131na \u00e7arpt\u0131r\u0131ld\u0131.<\/p>\n<p>\u0130dam ve m\u00fcebbet d\u0131\u015f\u0131nda hapse mahkum edilenlere 1\/6 oran\u0131nda indirim uygulanarak cezalar azalt\u0131ld\u0131. S\u0131k\u0131 y\u00f6netim mahkemesinin idam kararlar\u0131 da Yarg\u0131tay taraf\u0131ndan bozuldu.<\/p>\n<p><strong>\u00dc\u00e7 m\u00fcdahil avukat \u00f6ld\u00fcr\u00fcld\u00fc<\/strong><\/p>\n<p>Katliam\u0131n m\u00fcdahil avukatlar\u0131 Ceyhun Can 10 Eyl\u00fcl 1979&#8217;da, Halil S\u0131tk\u0131 G\u00fcll\u00fco\u011flu 3 \u015eubat 1980&#8217;de ve Ahmet Albay 3 May\u0131s 1980&#8217;de \u00f6ld\u00fcr\u00fcld\u00fc.<\/p>\n<p>Hapse mahkum edilenlerin cezalar\u0131 ise 1991 y\u0131l\u0131nda \u00e7\u0131kar\u0131lan Ter\u00f6rle M\u00fccadele Kanunu ile ertelendi. H\u00fck\u00fcml\u00fclerin cezalar\u0131n\u0131n ertelenmesinin ard\u0131ndan serbest b\u0131rak\u0131ld\u0131.<\/p>\n<p><strong><em><a href=\"https:\/\/tr.euronews.com\/2019\/12\/19\/maras-katliam-nedir-olaylar-nasil-basladi-neler-yasandi\">https:\/\/tr.euronews.com\/2019\/12\/19\/maras-katliam-nedir-olaylar-nasil-basladi-neler-yasandi<\/a>\u00a0<\/em><\/strong><\/p>\n","protected":false},"excerpt":{"rendered":"<p>Kahramanmara\u015f&#8217;ta 1978&#8217;de ya\u015fanan ve 100&#8217;den fazla ki\u015finin hayat\u0131n\u0131 kaybetmesine, y\u00fczlerce ki\u015fininse yaralanmas\u0131na sebep olan &#8216;Mara\u015f katliam\u0131n\u0131n&#8217; \u00fczerinden 41 y\u0131l ge\u00e7ti. 12 Eyl\u00fcl darbesine yol a\u00e7an olaylardan biri olarak g\u00f6r\u00fclen Mara\u015f katliam\u0131nda genellikle Alevi k\u00f6kenliler hedef al\u0131nd\u0131. Y\u0131llarca s\u00fcren yarg\u0131lamalarda 29 idam ve 7 m\u00fcebbet karar\u0131 verildi. Bundan tam 41 y\u0131l \u00f6nce 19 Aral\u0131k 1978&#8217;de ba\u015flayan [&hellip;]<\/p>\n","protected":false},"author":7,"featured_media":56186,"comment_status":"open","ping_status":"open","sticky":false,"template":"","format":"standard","meta":{"footnotes":""},"categories":[1,20,53],"tags":[],"class_list":["post-56185","post","type-post","status-publish","format-standard","has-post-thumbnail","hentry","category-haberler","category-tarih-sayfalari","category-turkiyede-azinliklar"],"yoast_head":"<!-- This site is optimized with the Yoast SEO plugin v27.4 - https:\/\/yoast.com\/product\/yoast-seo-wordpress\/ -->\n<title>Mara\u015f Katliam\u0131&#039;n\u0131n 41. y\u0131l\u0131: Olaylar nas\u0131l ba\u015flad\u0131, neler ya\u015fand\u0131? - Bati Ermenistan Ve Bati Ermenileri Sorunlari Ara\u015ftirmalar Merkezi<\/title>\n<meta name=\"robots\" content=\"index, follow, max-snippet:-1, max-image-preview:large, max-video-preview:-1\" \/>\n<link rel=\"canonical\" href=\"https:\/\/akunq.net\/tr\/?p=56185\" \/>\n<meta property=\"og:locale\" content=\"en_US\" \/>\n<meta property=\"og:type\" content=\"article\" \/>\n<meta property=\"og:title\" content=\"Mara\u015f Katliam\u0131&#039;n\u0131n 41. y\u0131l\u0131: Olaylar nas\u0131l ba\u015flad\u0131, neler ya\u015fand\u0131? - Bati Ermenistan Ve Bati Ermenileri Sorunlari Ara\u015ftirmalar Merkezi\" \/>\n<meta property=\"og:description\" content=\"Kahramanmara\u015f&#8217;ta 1978&#8217;de ya\u015fanan ve 100&#8217;den fazla ki\u015finin hayat\u0131n\u0131 kaybetmesine, y\u00fczlerce ki\u015fininse yaralanmas\u0131na sebep olan &#8216;Mara\u015f katliam\u0131n\u0131n&#8217; \u00fczerinden 41 y\u0131l ge\u00e7ti. 12 Eyl\u00fcl darbesine yol a\u00e7an olaylardan biri olarak g\u00f6r\u00fclen Mara\u015f katliam\u0131nda genellikle Alevi k\u00f6kenliler hedef al\u0131nd\u0131. Y\u0131llarca s\u00fcren yarg\u0131lamalarda 29 idam ve 7 m\u00fcebbet karar\u0131 verildi. Bundan tam 41 y\u0131l \u00f6nce 19 Aral\u0131k 1978&#8217;de ba\u015flayan [&hellip;]\" \/>\n<meta property=\"og:url\" content=\"https:\/\/akunq.net\/tr\/?p=56185\" \/>\n<meta property=\"og:site_name\" content=\"Bati Ermenistan Ve Bati Ermenileri Sorunlari Ara\u015ftirmalar Merkezi\" \/>\n<meta property=\"article:published_time\" content=\"2019-12-20T07:41:11+00:00\" \/>\n<meta property=\"og:image\" content=\"https:\/\/akunq.net\/tr\/wp-content\/uploads\/sites\/6\/2019\/12\/Mara\u015f-Katliam\u0131.jpg\" \/>\n\t<meta property=\"og:image:width\" content=\"773\" \/>\n\t<meta property=\"og:image:height\" content=\"435\" \/>\n\t<meta property=\"og:image:type\" content=\"image\/jpeg\" \/>\n<meta name=\"author\" content=\"admin\" \/>\n<meta name=\"twitter:card\" content=\"summary_large_image\" \/>\n<meta name=\"twitter:label1\" content=\"Written by\" \/>\n\t<meta name=\"twitter:data1\" content=\"admin\" \/>\n\t<meta name=\"twitter:label2\" content=\"Est. reading time\" \/>\n\t<meta name=\"twitter:data2\" content=\"3 minutes\" \/>\n<script type=\"application\/ld+json\" class=\"yoast-schema-graph\">{\"@context\":\"https:\\\/\\\/schema.org\",\"@graph\":[{\"@type\":\"Article\",\"@id\":\"https:\\\/\\\/akunq.net\\\/tr\\\/?p=56185#article\",\"isPartOf\":{\"@id\":\"https:\\\/\\\/akunq.net\\\/tr\\\/?p=56185\"},\"author\":{\"name\":\"admin\",\"@id\":\"https:\\\/\\\/akunq.net\\\/tr\\\/#\\\/schema\\\/person\\\/096f1d38a12cce57fb855b485ed24c9e\"},\"headline\":\"Mara\u015f Katliam\u0131&#8217;n\u0131n 41. y\u0131l\u0131: Olaylar nas\u0131l ba\u015flad\u0131, neler ya\u015fand\u0131?\",\"datePublished\":\"2019-12-20T07:41:11+00:00\",\"mainEntityOfPage\":{\"@id\":\"https:\\\/\\\/akunq.net\\\/tr\\\/?p=56185\"},\"wordCount\":692,\"commentCount\":0,\"image\":{\"@id\":\"https:\\\/\\\/akunq.net\\\/tr\\\/?p=56185#primaryimage\"},\"thumbnailUrl\":\"https:\\\/\\\/akunq.net\\\/tr\\\/wp-content\\\/uploads\\\/sites\\\/6\\\/2019\\\/12\\\/Mara\u015f-Katliam\u0131.jpg\",\"articleSection\":[\"Haberler\",\"Tarih Sayfalar\u0131\",\"T\u00fcrkiye\u2019de Az\u0131nl\u0131klar\"],\"inLanguage\":\"en-US\",\"potentialAction\":[{\"@type\":\"CommentAction\",\"name\":\"Comment\",\"target\":[\"https:\\\/\\\/akunq.net\\\/tr\\\/?p=56185#respond\"]}]},{\"@type\":\"WebPage\",\"@id\":\"https:\\\/\\\/akunq.net\\\/tr\\\/?p=56185\",\"url\":\"https:\\\/\\\/akunq.net\\\/tr\\\/?p=56185\",\"name\":\"Mara\u015f Katliam\u0131'n\u0131n 41. y\u0131l\u0131: Olaylar nas\u0131l ba\u015flad\u0131, neler ya\u015fand\u0131? - Bati Ermenistan Ve Bati Ermenileri Sorunlari Ara\u015ftirmalar Merkezi\",\"isPartOf\":{\"@id\":\"https:\\\/\\\/akunq.net\\\/tr\\\/#website\"},\"primaryImageOfPage\":{\"@id\":\"https:\\\/\\\/akunq.net\\\/tr\\\/?p=56185#primaryimage\"},\"image\":{\"@id\":\"https:\\\/\\\/akunq.net\\\/tr\\\/?p=56185#primaryimage\"},\"thumbnailUrl\":\"https:\\\/\\\/akunq.net\\\/tr\\\/wp-content\\\/uploads\\\/sites\\\/6\\\/2019\\\/12\\\/Mara\u015f-Katliam\u0131.jpg\",\"datePublished\":\"2019-12-20T07:41:11+00:00\",\"author\":{\"@id\":\"https:\\\/\\\/akunq.net\\\/tr\\\/#\\\/schema\\\/person\\\/096f1d38a12cce57fb855b485ed24c9e\"},\"breadcrumb\":{\"@id\":\"https:\\\/\\\/akunq.net\\\/tr\\\/?p=56185#breadcrumb\"},\"inLanguage\":\"en-US\",\"potentialAction\":[{\"@type\":\"ReadAction\",\"target\":[\"https:\\\/\\\/akunq.net\\\/tr\\\/?p=56185\"]}]},{\"@type\":\"ImageObject\",\"inLanguage\":\"en-US\",\"@id\":\"https:\\\/\\\/akunq.net\\\/tr\\\/?p=56185#primaryimage\",\"url\":\"https:\\\/\\\/akunq.net\\\/tr\\\/wp-content\\\/uploads\\\/sites\\\/6\\\/2019\\\/12\\\/Mara\u015f-Katliam\u0131.jpg\",\"contentUrl\":\"https:\\\/\\\/akunq.net\\\/tr\\\/wp-content\\\/uploads\\\/sites\\\/6\\\/2019\\\/12\\\/Mara\u015f-Katliam\u0131.jpg\",\"width\":773,\"height\":435},{\"@type\":\"BreadcrumbList\",\"@id\":\"https:\\\/\\\/akunq.net\\\/tr\\\/?p=56185#breadcrumb\",\"itemListElement\":[{\"@type\":\"ListItem\",\"position\":1,\"name\":\"Home\",\"item\":\"https:\\\/\\\/akunq.net\\\/tr\"},{\"@type\":\"ListItem\",\"position\":2,\"name\":\"Mara\u015f Katliam\u0131&#8217;n\u0131n 41. y\u0131l\u0131: Olaylar nas\u0131l ba\u015flad\u0131, neler ya\u015fand\u0131?\"}]},{\"@type\":\"WebSite\",\"@id\":\"https:\\\/\\\/akunq.net\\\/tr\\\/#website\",\"url\":\"https:\\\/\\\/akunq.net\\\/tr\\\/\",\"name\":\"Bati Ermenistan Ve Bati Ermenileri Sorunlari Ara\u015ftirmalar Merkezi\",\"description\":\"\",\"potentialAction\":[{\"@type\":\"SearchAction\",\"target\":{\"@type\":\"EntryPoint\",\"urlTemplate\":\"https:\\\/\\\/akunq.net\\\/tr\\\/?s={search_term_string}\"},\"query-input\":{\"@type\":\"PropertyValueSpecification\",\"valueRequired\":true,\"valueName\":\"search_term_string\"}}],\"inLanguage\":\"en-US\"},{\"@type\":\"Person\",\"@id\":\"https:\\\/\\\/akunq.net\\\/tr\\\/#\\\/schema\\\/person\\\/096f1d38a12cce57fb855b485ed24c9e\",\"name\":\"admin\",\"url\":\"https:\\\/\\\/akunq.net\\\/tr\\\/?author=7\"}]}<\/script>\n<!-- \/ Yoast SEO plugin. -->","yoast_head_json":{"title":"Mara\u015f Katliam\u0131'n\u0131n 41. y\u0131l\u0131: Olaylar nas\u0131l ba\u015flad\u0131, neler ya\u015fand\u0131? - Bati Ermenistan Ve Bati Ermenileri Sorunlari Ara\u015ftirmalar Merkezi","robots":{"index":"index","follow":"follow","max-snippet":"max-snippet:-1","max-image-preview":"max-image-preview:large","max-video-preview":"max-video-preview:-1"},"canonical":"https:\/\/akunq.net\/tr\/?p=56185","og_locale":"en_US","og_type":"article","og_title":"Mara\u015f Katliam\u0131'n\u0131n 41. y\u0131l\u0131: Olaylar nas\u0131l ba\u015flad\u0131, neler ya\u015fand\u0131? - Bati Ermenistan Ve Bati Ermenileri Sorunlari Ara\u015ftirmalar Merkezi","og_description":"Kahramanmara\u015f&#8217;ta 1978&#8217;de ya\u015fanan ve 100&#8217;den fazla ki\u015finin hayat\u0131n\u0131 kaybetmesine, y\u00fczlerce ki\u015fininse yaralanmas\u0131na sebep olan &#8216;Mara\u015f katliam\u0131n\u0131n&#8217; \u00fczerinden 41 y\u0131l ge\u00e7ti. 12 Eyl\u00fcl darbesine yol a\u00e7an olaylardan biri olarak g\u00f6r\u00fclen Mara\u015f katliam\u0131nda genellikle Alevi k\u00f6kenliler hedef al\u0131nd\u0131. Y\u0131llarca s\u00fcren yarg\u0131lamalarda 29 idam ve 7 m\u00fcebbet karar\u0131 verildi. Bundan tam 41 y\u0131l \u00f6nce 19 Aral\u0131k 1978&#8217;de ba\u015flayan [&hellip;]","og_url":"https:\/\/akunq.net\/tr\/?p=56185","og_site_name":"Bati Ermenistan Ve Bati Ermenileri Sorunlari Ara\u015ftirmalar Merkezi","article_published_time":"2019-12-20T07:41:11+00:00","og_image":[{"width":773,"height":435,"url":"https:\/\/akunq.net\/tr\/wp-content\/uploads\/sites\/6\/2019\/12\/Mara\u015f-Katliam\u0131.jpg","type":"image\/jpeg"}],"author":"admin","twitter_card":"summary_large_image","twitter_misc":{"Written by":"admin","Est. reading time":"3 minutes"},"schema":{"@context":"https:\/\/schema.org","@graph":[{"@type":"Article","@id":"https:\/\/akunq.net\/tr\/?p=56185#article","isPartOf":{"@id":"https:\/\/akunq.net\/tr\/?p=56185"},"author":{"name":"admin","@id":"https:\/\/akunq.net\/tr\/#\/schema\/person\/096f1d38a12cce57fb855b485ed24c9e"},"headline":"Mara\u015f Katliam\u0131&#8217;n\u0131n 41. y\u0131l\u0131: Olaylar nas\u0131l ba\u015flad\u0131, neler ya\u015fand\u0131?","datePublished":"2019-12-20T07:41:11+00:00","mainEntityOfPage":{"@id":"https:\/\/akunq.net\/tr\/?p=56185"},"wordCount":692,"commentCount":0,"image":{"@id":"https:\/\/akunq.net\/tr\/?p=56185#primaryimage"},"thumbnailUrl":"https:\/\/akunq.net\/tr\/wp-content\/uploads\/sites\/6\/2019\/12\/Mara\u015f-Katliam\u0131.jpg","articleSection":["Haberler","Tarih Sayfalar\u0131","T\u00fcrkiye\u2019de Az\u0131nl\u0131klar"],"inLanguage":"en-US","potentialAction":[{"@type":"CommentAction","name":"Comment","target":["https:\/\/akunq.net\/tr\/?p=56185#respond"]}]},{"@type":"WebPage","@id":"https:\/\/akunq.net\/tr\/?p=56185","url":"https:\/\/akunq.net\/tr\/?p=56185","name":"Mara\u015f Katliam\u0131'n\u0131n 41. y\u0131l\u0131: Olaylar nas\u0131l ba\u015flad\u0131, neler ya\u015fand\u0131? - Bati Ermenistan Ve Bati Ermenileri Sorunlari Ara\u015ftirmalar Merkezi","isPartOf":{"@id":"https:\/\/akunq.net\/tr\/#website"},"primaryImageOfPage":{"@id":"https:\/\/akunq.net\/tr\/?p=56185#primaryimage"},"image":{"@id":"https:\/\/akunq.net\/tr\/?p=56185#primaryimage"},"thumbnailUrl":"https:\/\/akunq.net\/tr\/wp-content\/uploads\/sites\/6\/2019\/12\/Mara\u015f-Katliam\u0131.jpg","datePublished":"2019-12-20T07:41:11+00:00","author":{"@id":"https:\/\/akunq.net\/tr\/#\/schema\/person\/096f1d38a12cce57fb855b485ed24c9e"},"breadcrumb":{"@id":"https:\/\/akunq.net\/tr\/?p=56185#breadcrumb"},"inLanguage":"en-US","potentialAction":[{"@type":"ReadAction","target":["https:\/\/akunq.net\/tr\/?p=56185"]}]},{"@type":"ImageObject","inLanguage":"en-US","@id":"https:\/\/akunq.net\/tr\/?p=56185#primaryimage","url":"https:\/\/akunq.net\/tr\/wp-content\/uploads\/sites\/6\/2019\/12\/Mara\u015f-Katliam\u0131.jpg","contentUrl":"https:\/\/akunq.net\/tr\/wp-content\/uploads\/sites\/6\/2019\/12\/Mara\u015f-Katliam\u0131.jpg","width":773,"height":435},{"@type":"BreadcrumbList","@id":"https:\/\/akunq.net\/tr\/?p=56185#breadcrumb","itemListElement":[{"@type":"ListItem","position":1,"name":"Home","item":"https:\/\/akunq.net\/tr"},{"@type":"ListItem","position":2,"name":"Mara\u015f Katliam\u0131&#8217;n\u0131n 41. y\u0131l\u0131: Olaylar nas\u0131l ba\u015flad\u0131, neler ya\u015fand\u0131?"}]},{"@type":"WebSite","@id":"https:\/\/akunq.net\/tr\/#website","url":"https:\/\/akunq.net\/tr\/","name":"Bati Ermenistan Ve Bati Ermenileri Sorunlari Ara\u015ftirmalar Merkezi","description":"","potentialAction":[{"@type":"SearchAction","target":{"@type":"EntryPoint","urlTemplate":"https:\/\/akunq.net\/tr\/?s={search_term_string}"},"query-input":{"@type":"PropertyValueSpecification","valueRequired":true,"valueName":"search_term_string"}}],"inLanguage":"en-US"},{"@type":"Person","@id":"https:\/\/akunq.net\/tr\/#\/schema\/person\/096f1d38a12cce57fb855b485ed24c9e","name":"admin","url":"https:\/\/akunq.net\/tr\/?author=7"}]}},"_links":{"self":[{"href":"https:\/\/akunq.net\/tr\/index.php?rest_route=\/wp\/v2\/posts\/56185","targetHints":{"allow":["GET"]}}],"collection":[{"href":"https:\/\/akunq.net\/tr\/index.php?rest_route=\/wp\/v2\/posts"}],"about":[{"href":"https:\/\/akunq.net\/tr\/index.php?rest_route=\/wp\/v2\/types\/post"}],"author":[{"embeddable":true,"href":"https:\/\/akunq.net\/tr\/index.php?rest_route=\/wp\/v2\/users\/7"}],"replies":[{"embeddable":true,"href":"https:\/\/akunq.net\/tr\/index.php?rest_route=%2Fwp%2Fv2%2Fcomments&post=56185"}],"version-history":[{"count":1,"href":"https:\/\/akunq.net\/tr\/index.php?rest_route=\/wp\/v2\/posts\/56185\/revisions"}],"predecessor-version":[{"id":56187,"href":"https:\/\/akunq.net\/tr\/index.php?rest_route=\/wp\/v2\/posts\/56185\/revisions\/56187"}],"wp:featuredmedia":[{"embeddable":true,"href":"https:\/\/akunq.net\/tr\/index.php?rest_route=\/wp\/v2\/media\/56186"}],"wp:attachment":[{"href":"https:\/\/akunq.net\/tr\/index.php?rest_route=%2Fwp%2Fv2%2Fmedia&parent=56185"}],"wp:term":[{"taxonomy":"category","embeddable":true,"href":"https:\/\/akunq.net\/tr\/index.php?rest_route=%2Fwp%2Fv2%2Fcategories&post=56185"},{"taxonomy":"post_tag","embeddable":true,"href":"https:\/\/akunq.net\/tr\/index.php?rest_route=%2Fwp%2Fv2%2Ftags&post=56185"}],"curies":[{"name":"wp","href":"https:\/\/api.w.org\/{rel}","templated":true}]}}