{"id":55440,"date":"2019-10-29T03:09:53","date_gmt":"2019-10-29T08:09:53","guid":{"rendered":"http:\/\/akunq.net\/tr\/?p=55440"},"modified":"2019-10-29T03:09:53","modified_gmt":"2019-10-29T08:09:53","slug":"96-yillik-yalanlar-ve-29-ekim","status":"publish","type":"post","link":"https:\/\/akunq.net\/tr\/?p=55440","title":{"rendered":"96 y\u0131ll\u0131k yalanlar ve 29 Ekim"},"content":{"rendered":"<p><img loading=\"lazy\" decoding=\"async\" class=\"alignleft size-medium wp-image-55441\" src=\"http:\/\/akunq.net\/tr\/wp-content\/uploads\/2019\/10\/29-Ekim-360x208.jpeg\" alt=\"\" width=\"360\" height=\"208\" srcset=\"https:\/\/akunq.net\/tr\/wp-content\/uploads\/sites\/6\/2019\/10\/29-Ekim-360x208.jpeg 360w, https:\/\/akunq.net\/tr\/wp-content\/uploads\/sites\/6\/2019\/10\/29-Ekim-768x444.jpeg 768w, https:\/\/akunq.net\/tr\/wp-content\/uploads\/sites\/6\/2019\/10\/29-Ekim-560x324.jpeg 560w, https:\/\/akunq.net\/tr\/wp-content\/uploads\/sites\/6\/2019\/10\/29-Ekim-260x150.jpeg 260w, https:\/\/akunq.net\/tr\/wp-content\/uploads\/sites\/6\/2019\/10\/29-Ekim-160x93.jpeg 160w, https:\/\/akunq.net\/tr\/wp-content\/uploads\/sites\/6\/2019\/10\/29-Ekim.jpeg 800w\" sizes=\"auto, (max-width: 360px) 100vw, 360px\" \/><\/p>\n<p><strong>Tamer \u00c7\u0130L\u0130NG\u0130R<\/strong><\/p>\n<p><strong><em>Ulusal bayramlara y\u00fcklenen anlam genel olarak karanl\u0131k bir devrenin sona erdirilip ayd\u0131nl\u0131k bir s\u00fcrecin ba\u015flad\u0131\u011f\u0131 \u00f6nemli tarihlerin hat\u0131rlanmas\u0131d\u0131r.<\/em><\/strong><\/p>\n<p>T\u00fcrkiye Cumhuriyeti Devleti a\u00e7\u0131s\u0131ndan ayn\u0131 anlam\u0131 ta\u015f\u0131yan birden fazla g\u00fcn vard\u0131r. Bug\u00fcne kadar kutlanmaya devam eden 23 Nisan (1920\u2019de Ankara Meclisinin a\u00e7\u0131l\u0131\u015f\u0131), 30 A\u011fustos (1922\u2019de Yunan ordusunun yenilgiye u\u011frat\u0131lmas\u0131) ve 29 Ekim (1923\u2019de cumhuriyetin ilan edilmesi) bunlar\u0131n en \u00f6nemlileridir.<\/p>\n<p>Bug\u00fcnlerde yeniden ve yeniden anlat\u0131lan hikaye ise ger\u00e7eklerden de\u011fil tamamen kurgulardan ve yalandan ibaret hamasettir.<\/p>\n<p>Osmanl\u0131\u2019n\u0131n son y\u00fcz y\u0131l\u0131 ve cumhuriyet tarihi de\u011fi\u015fik etnik ve inan\u00e7tan uluslara y\u00f6nelik soyk\u0131r\u0131mlar ve katliamlar tarihi olarak \u00f6zetlenebilece\u011fi gibi ayn\u0131 zamanda bir darbeler tarihidir de.<\/p>\n<p>Padi\u015fahlar\u0131n darbelerle tahttan indirilip tahta \u00e7\u0131kar\u0131ld\u0131\u011f\u0131 Osmanl\u0131\u2019n\u0131n son y\u00fczy\u0131l\u0131, 1. ve 2. Me\u015frutiyetlerin ilan\u0131, 1920 y\u0131l\u0131nda Ankara Meclisi\u2019nin a\u00e7\u0131l\u0131\u015f\u0131 ile devam ederken cumhuriyetten sonra da ilk meclisteki muhalif milletvekillerine y\u00f6nelik uygulamalar, 1960, 1971, 1980, 28 \u015eubat ile ve neredeyse yap\u0131lan her se\u00e7im, milletvekilliklerinin ve belediye ba\u015fkanl\u0131klar\u0131n iptali ve \u015fimdilerde s\u0131k s\u0131k g\u00fcndeme gelen kayy\u0131m atamalar\u0131 ile birbirini takip edecek darbeler zincirinin en \u00f6nemli halkalar\u0131ndan biri de 29 Ekim 1923 y\u0131l\u0131nda ilan edilen cumhuriyettir.<\/p>\n<p><strong>YARIN CUMHUR\u0130YET\u0130 \u0130LAN EDECE\u011e\u0130Z<\/strong><\/p>\n<p>27 Ekim 1923\u2019te \u0130cra Vekilleri Heyeti\u2019nin istifas\u0131 ve Meclis\u2019in g\u00fcvenini kazanacak bir kabine listesinin olu\u015fturulamamas\u0131 \u00fczerine 28 Ekim 1923 g\u00fcn\u00fc yeni bir h\u00fck\u00fcmet kurulmas\u0131 i\u00e7in giri\u015filen \u00e7abalar da sonu\u00e7 vermez. Yani asl\u0131nda b\u00fcy\u00fck bir krizle kar\u015f\u0131 kar\u015f\u0131yad\u0131r Meclis.<\/p>\n<p>Mustafa Kemal kendisine yak\u0131n birka\u00e7 milletvekilini \u00c7ankaya\u2019da ak\u015fam yeme\u011fine davet eder ve yemek esnas\u0131nda \u2018Yar\u0131n cumhuriyeti ilan edece\u011fiz\u2019 der. O ana kadar kimsenin bu durumdan haberi yoktur.<\/p>\n<p>Mustafa Kemal cumhuriyetin ilan\u0131 ile ilgili geli\u015fmeleri Nutuk\u2019ta anlat\u0131rken, \u2018\u2019 Cumhuriyet ilan\u0131na karar vermek i\u00e7in Ankara\u2019da bulunan b\u00fct\u00fcn arkada\u015flar\u0131m\u0131 davet ederek onlarla g\u00f6r\u00fc\u015f\u00fcp tart\u0131\u015fmaya asla l\u00fczum ve ihtiya\u00e7 g\u00f6rmedim. \u00c7\u00fcnk\u00fc, onlar\u0131n da asl\u0131nda ve tabii olarak benim gibi d\u00fc\u015f\u00fcnd\u00fcklerinden \u015f\u00fcphe etmiyordum. Halbuki o s\u0131rada Ankara\u2019da bulunmayan baz\u0131 ki\u015filer, yetkileri olmad\u0131\u011f\u0131 halde, kendilerine haber verilmeden, d\u00fc\u015f\u00fcnce ve r\u0131zalar\u0131 al\u0131nmadan Cumhuriyet\u2019in ilan edilmi\u015f olmas\u0131n\u0131 bize g\u00fccenme ve bizden ayr\u0131lma sebebi sayd\u0131lar\u201d diyecektir.<\/p>\n<p>Egemenlik hakk\u0131n\u0131n belli bir ki\u015fi veya aileye ait oldu\u011fu monar\u015fi ve oligar\u015fi kavramlar\u0131n\u0131n kar\u015f\u0131t\u0131 olarak Cumhuriyet, h\u00fck\u00fcmet ba\u015fkan\u0131n\u0131n, halk taraf\u0131ndan belli bir s\u00fcre i\u00e7in ve belirli yetkilerle se\u00e7ildi\u011fi y\u00f6netim bi\u00e7imi olarak tan\u0131mlan\u0131r. Cumhuriyet kavram\u0131 genel olarak temsili demokrasinin uygulanmas\u0131n\u0131 ifade eder.<\/p>\n<p>Anla\u015f\u0131ld\u0131\u011f\u0131 \u00fczere cumhuriyetin kurulmas\u0131 bile bu tan\u0131mlar\u0131n hi\u00e7 birine uymuyor. Mustafa Kemal kimsenin haberi olmaks\u0131z\u0131n \u00fcstelik de b\u00fcy\u00fck bir krizin orta yerinde (belli ki ayn\u0131 zamanda bu krizi atlatmak i\u00e7in) tek ba\u015f\u0131na karar vererek cumhuriyeti ilan ediyor. \u00c7\u00fcnk\u00fc yasa da, yarg\u0131 da, y\u00fcr\u00fctme de kendisi. Ona ya da kararlar\u0131na ili\u015fkin itiraz edilebilecek herhangi bir kurum yok. En \u00e7ok g\u00fccenebilmi\u015f ve partilerinden ayr\u0131labilmi\u015fler hepsi bu.<\/p>\n<p><strong>YALANLARLA, MASALLARLA B\u00dcY\u00dcD\u00dcK<\/strong><\/p>\n<p>29 Ekim 1923\u2019ten 29 Ekim 2019\u2019a ilkokuldan ba\u015flayarak bize \u00f6\u011fretilen resmi tarihte \u2018emperyalizme kar\u015f\u0131 oldu\u011fu s\u00f6ylenen bir sava\u015f\u0131, i\u00e7 ve d\u0131\u015f d\u00fc\u015fmanlar\u0131n yok edili\u015fi MASALINI ANLATTILAR.<\/p>\n<p>Talat Pa\u015fa\u2019dan, Enver Pa\u015fa\u2019dan devrald\u0131\u011f\u0131 soyk\u0131r\u0131m bayra\u011f\u0131n\u0131 \u00f6lene kadar dalgaland\u0131ran, Hitler\u2019e \u2018\u00f6rnek\u2019 olabilecek derecede su\u00e7lu olan Mustafa Kemal\u2019in ger\u00e7ek y\u00fcz\u00fcn\u00fc B\u0130ZDEN G\u0130ZLED\u0130LER.<\/p>\n<p>\u2018Yedi d\u00fcvele kar\u015f\u0131 sava\u015ft\u0131k\u2019, \u2018antiemperyalist m\u00fccadele verdik\u2019 MASALINI ANLATTILAR.<\/p>\n<p>\u201cKurtulu\u015f sava\u015f\u0131\u201d olarak adland\u0131r\u0131lan bu s\u00fcrecin asl\u0131nda 1. Emperyalist Payla\u015f\u0131m Sava\u015f\u0131\u2019n\u0131n diplomatik d\u00fczeyde devam ettirilmesi, yani Osmanl\u0131\u2019n\u0131n da i\u00e7inde bulundu\u011fu iki emperyalist cephenin bu topraklarda kar\u015f\u0131la\u015fmas\u0131 oldu\u011funu B\u0130ZDEN G\u0130ZLED\u0130LER.<\/p>\n<p>\u2018Yunan i\u015fgaline kar\u015f\u0131 vatan\u0131 savunduk\u2019 MASALINI ANLATTILAR.<\/p>\n<p>\u0130zmir\u2019e asker \u00e7\u0131karan Yunanistan\u2019\u0131n elini kolunu sallayarak Eski\u015fehir\u2019e kadar geldi\u011fini emperyalistler aras\u0131 \u00e7\u0131karlar de\u011fi\u015fince sadece bu orduyla iki cephe sava\u015f\u0131 d\u0131\u015f\u0131nda ba\u015fka bir sava\u015f ya\u015fanmad\u0131\u011f\u0131n\u0131 ya\u015fanan \u00e7at\u0131\u015fmalar\u0131n da \u00a0bir ordu ile de\u011fil, \u00e7eteler taraf\u0131ndan s\u00fcrd\u00fcr\u00fcld\u00fc\u011f\u00fcn\u00fc; m\u00fcdafaa-i hukuk cemiyetlerinin Kemalistlere destek vermesini sa\u011flayan\u0131n vatan sevgisi de\u011fil de 1915 Ermeni, S\u00fcryani ve 1919 Rum soyk\u0131r\u0131mlar\u0131n\u0131n ard\u0131ndan gasp edilen mal ve m\u00fclk\u00fc koruma derdi oldu\u011funu ve ba\u015fta \u0130zmir olmak \u00fczere Ankara ve Pontos\u2019un bir\u00e7ok \u015fehir, kasaba ve k\u00f6ylerini yakt\u0131klar\u0131n\u0131 B\u0130ZDEN G\u0130ZLED\u0130LER.<\/p>\n<p>\u2018Yurtta Sulh Cihanda Sulh\u2019 MASALINI ANLATTILAR.<\/p>\n<p>\u0130ttihat ve Terakki\u2019den ba\u015flayarak Cumhuriyet\u2019in kurulu\u015f s\u00fcrecine kadar ve devam\u0131nda \u00fclkenin kendi i\u00e7inde Ermeni, Rum, K\u00fcrt, S\u00fcryani, Asuri uluslar\u0131ndan milyonlarca ki\u015finin kan\u0131na girdiklerini B\u0130ZDEN G\u0130ZLED\u0130LER.<\/p>\n<p>Halifeli\u011fi kald\u0131rd\u0131k MASALINI ANLATTILAR.<\/p>\n<p>Di\u011fer b\u00fct\u00fcn din ve mezheplerin Alevilerin, Hristiyanlar\u0131n ve Yahudilerin inan\u00e7 \u00f6zg\u00fcrl\u00fc\u011f\u00fcn\u00fc nas\u0131l engellediklerini; yerine S\u00fcnni inanc\u0131n\u0131n dayat\u0131ld\u0131\u011f\u0131 bir \u00fclke in\u015fa ettiklerini B\u0130ZDEN G\u0130ZLED\u0130LER.<\/p>\n<p>Padi\u015fahl\u0131k sistemine son verdik MASALINI ANLATTILAR.<\/p>\n<p>Devletin kurulu\u015funda \u00f6nemli rolleri olan bir\u00e7ok ismin su\u00e7lular ordusu haline d\u00f6n\u00fc\u015ft\u00fc\u011f\u00fcn\u00fc, suikastler, \u0130stiklal Mahkemeleri gibi ortamlarda tasfiye edildiklerini, Mustafa Kemal\u2019in \u2018tek adam\u2019l\u0131kla yeni Padi\u015fah oldu\u011funu B\u0130ZDEN G\u0130ZLED\u0130LER.<\/p>\n<p>Arap alfabesini kald\u0131r\u0131p Latin alfabesini getirdikleri MASALINI ANLATTILAR.<\/p>\n<p>\u00c7ok dillilikten tek dillili\u011fe ge\u00e7i\u015f yap\u0131ld\u0131\u011f\u0131n\u0131, bu \u00fclkede binlerce y\u0131ld\u0131r ya\u015fayan Rumca, Lazca, Ermenice, K\u00fcrt\u00e7e, S\u00fcryanice\u2019nin yok edilme maksad\u0131n\u0131, hatta o d\u00f6nem Arap alfabesini kullanan Irak ve Suriye toplumlar\u0131nda okur yazar oran\u0131n\u0131n neden daha fazla oldu\u011funu B\u0130ZDEN G\u0130ZLED\u0130LER.<\/p>\n<p>Kad\u0131na se\u00e7me ve se\u00e7ilme se\u00e7ilme hakk\u0131n\u0131n verilmesinin ilk defa bu \u00fclkede oldu\u011fu MASALINI ANLATTILAR.<\/p>\n<p>Kad\u0131nlar\u0131n kurdu\u011fu ilk parti Kad\u0131nlar Halk F\u0131rkas\u0131n\u0131n bizzat Mustafa Kemal taraf\u0131ndan kapat\u0131ld\u0131\u011f\u0131n\u0131, kad\u0131nlar\u0131n se\u00e7me ve se\u00e7ilme hakk\u0131n\u0131 elde edebilmek i\u00e7in 9 y\u0131l m\u00fccadele verdi\u011fini B\u0130ZDEN G\u0130ZLED\u0130LER.<\/p>\n<p>Cumhuriyet\u2019in ezilen uluslar\u0131n, emek\u00e7ilerin d\u00fc\u015fmanl\u0131\u011f\u0131n\u0131 Osmanl\u0131\u2019dan \u0130ttihat ve Terakki\u2019ye bir miras\u0131 devralarak yapan Mustafa Kemal ve onun varisi Kemalistler himayesinde y\u00fckseldi\u011fini B\u0130ZDEN G\u0130ZLED\u0130LER \u2026<\/p>\n<p>1914-1923 y\u0131llar\u0131 aras\u0131nda 353 Bin Pontoslu Rum\u2019un, 300 Binin \u00fczerinde S\u00fcryani\u2019nin, 1,5 milyon Ermeni\u2019nin soyk\u0131r\u0131ma u\u011frat\u0131ld\u0131\u011f\u0131, 800 bin K\u00fc\u00e7\u00fck Asyal\u0131 Rum\u2019un kayboldu\u011funu B\u0130ZDEN G\u0130ZLED\u0130LER.<\/p>\n<p>Geride kalanlara T\u00fcrkl\u00fc\u011f\u00fc ve S\u00fcnni M\u00fcsl\u00fcmanl\u0131\u011f\u0131 dayat\u0131p k\u00fclt\u00fcrlerini, inan\u00e7lar\u0131n\u0131, kimliklerini, ge\u00e7mi\u015flerini, ya\u015fad\u0131klar\u0131n\u0131 B\u0130ZDEN G\u0130ZLED\u0130LER.<\/p>\n<p>Haks\u0131z olan\u0131n Rum, Laz, S\u00fcryani, Ermeni, Arap, K\u00fcrt, \u00c7erkes, G\u00fcrc\u00fc, T\u00fcrk ulusundan, M\u00fcsl\u00fcman, Hristiyan, Yahudi, Alevi inanc\u0131ndan insanlar de\u011fil; Talat Pa\u015fa\u2019dan Mustafa Kemal\u2019e, \u0130n\u00f6n\u00fc\u2019den Menderes\u2019e, Evren\u2019den \u00c7iller\u2019e, A\u011far\u2019dan Erdo\u011fan\u2019a bir grup kan emici ve onlara hizmet eden asalak g\u00fcruhtan ibaret oldu\u011funu B\u0130ZDEN G\u0130ZLED\u0130LER.<\/p>\n<p>Ve<br \/>\n\u2013 1923\u2019te Lozan\u2019da 1 milyon 250 bin Rumun m\u00fcbadeleye tabii tutulup do\u011fduklar\u0131 topraklardan s\u00fcrg\u00fcn edildi\u011fini,<br \/>\n\u2013 Mustafa Kemal\u2019in emri ile 1924\u2019te Hakkari\u2019de 20 bin S\u00fcryani\u2019nin zorla g\u00f6\u00e7 ettirildi\u011fini,<br \/>\n\u2013 1930\u2019da A\u011fr\u0131 Zilan\u2019da 15 bin K\u00fcrd\u00fcn vah\u015fice \u00f6ld\u00fcr\u00fcld\u00fc\u011f\u00fcn\u00fc,<br \/>\n\u2013 1934\u2019te Trakya b\u00f6lgesinde 15 bin Yahudi\u2019nin bask\u0131, \u015fiddet ve tecav\u00fczle zorla g\u00f6\u00e7 ettirilip mallar\u0131na el konuldu\u011funu,<br \/>\n\u2013 1938\u2019de Dersim\u2019de 30 bin Alevi-Zaza-K\u00fcrtlerin zul\u00fcmle, bombalarla yok edildi\u011fini,<br \/>\n\u2013 1942-1944 y\u0131llar\u0131 aras\u0131nda \u00e7\u0131kar\u0131lan Varl\u0131k Vergisi ile y\u00fczy\u0131llard\u0131r bu \u00fclkede ya\u015fayan halklar\u0131n mallar\u0131na el konuldu\u011funda, s\u00fcrg\u00fcnde yokluktan, \u00e7aresizlikten \u00f6lmelerine g\u00f6z yumuldu\u011funu,<br \/>\n\u2013 1955 y\u0131l\u0131nda ya\u015fanan 6-7 Eyl\u00fcl progromunda Rum ve Ermenilerin i\u015fyerleri, evleri bas\u0131l\u0131p talan edildi\u011fini, kad\u0131nlar\u0131n hayatlar\u0131n\u0131n tecav\u00fczlerle karart\u0131ld\u0131\u011f\u0131n\u0131,<br \/>\n\u2013 12 Mart 1971 muht\u0131ras\u0131n\u0131n ard\u0131ndan Mahir \u00c7ayan, Deniz Gezmi\u015f ve \u0130brahim Kaypakkaya ba\u015fta olmak \u00fczere, devrimci gen\u00e7lerinin katledildi\u011fini,<br \/>\n\u2013 20 Temmuz 1974\u2019te K\u0131br\u0131s\u0131 i\u015fgal ederek, bar\u0131\u015f g\u00f6t\u00fcr\u00fcyoruz yalan\u0131 ile binlerce Rum\u2019un katledildi\u011fini,<br \/>\n\u2013 1 May\u0131s 1977\u2019de \u0130stanbul Taksim\u2019de, Ankara Bah\u00e7elievler\u2019de, Mara\u015f\u2019ta, \u00c7orum\u2019da kontrgerillan\u0131n karanl\u0131k eliyle p\u0131r\u0131l p\u0131r\u0131l gen\u00e7lerin, kad\u0131nlar\u0131n, erkeklerin \u00f6ld\u00fcr\u00fcld\u00fcklerini,<br \/>\n\u2013 1980\u2019de yap\u0131lan fa\u015fist darbeyle \u00fclke bir hapishaneye d\u00f6n\u00fc\u015ft\u00fcr\u00fcld\u00fc\u011f\u00fcnde, ba\u015fta Diyarbak\u0131r, Metris, Mamak ve Sa\u011fmalc\u0131lar olmak \u00fczere bir\u00e7ok cezaevinin i\u015fkencehane gibi i\u015fletildi\u011fini,<br \/>\n\u2013 1990\u2019larda sokaklarda, evlere yap\u0131lan bask\u0131nlarda devrimcilerin katledildi\u011fini, g\u00f6zalt\u0131nda kaybedildi\u011fini,<br \/>\n\u2013 Sivas\u2019ta ayd\u0131nlar\u0131n diri diri yak\u0131ld\u0131\u011f\u0131n\u0131, Gazi\u2019de halk\u0131n sokak ortas\u0131nda tarand\u0131\u011f\u0131n\u0131, 19 Aral\u0131k 2000\u2019de devrimcilerin hapishanelerde diri diri yak\u0131l\u0131p, kur\u015funlan\u0131p, bombalan\u0131p vah\u015fice \u00f6ld\u00fcr\u00fcld\u00fc\u011f\u00fcn\u00fc,<br \/>\n\u2013 Roboski\u2019de 34 K\u00fcrt k\u00f6yl\u00fc gencin devletin eliyle bombalarla parampar\u00e7a edildi\u011fini,<\/p>\n<p>Bug\u00fcn hala d\u00f6rt devletin i\u015fgali alt\u0131nda olan K\u00fcrt \u015fehirlerinde, kasabalar\u0131nda ve k\u00f6ylerinde ya\u015fayan K\u00fcrtlerin \u00f6zg\u00fcrl\u00fck, hak, adalet aray\u0131\u015f\u0131 m\u00fccadelelerini ter\u00f6rizmle e\u015f say\u0131p, K\u00fcrt kimli\u011fini inkar ederek hala i\u015fkence, s\u00fcrg\u00fcn ve katliamlarla yok etmeye \u00e7al\u0131\u015ft\u0131klar\u0131n\u0131 B\u0130ZDEN G\u0130ZLED\u0130LER.<\/p>\n<p>96 y\u0131ll\u0131k cumhuriyetin bug\u00fcn Suriye topraklar\u0131n\u0131 i\u015fgal ederken, Suriye\u2019nin toprak b\u00fct\u00fcnl\u00fc\u011f\u00fcn\u00fc savunduklar\u0131n\u0131, DAE\u015e adl\u0131 cihat\u00e7\u0131 ter\u00f6r \u00f6rg\u00fct\u00fcne destek vermediklerini, K\u00fcrtlerle sorunlar\u0131 olmad\u0131\u011f\u0131 MASALINI ANLATMAYA DEVAM ED\u0130YORLAR.<\/p>\n<p><a href=\"https:\/\/www.artigercek.com\/haberler\/96-yillik-yalanlar-ve-29-ekim\"><strong><em>https:\/\/www.artigercek.com\/haberler\/96-yillik-yalanlar-ve-29-ekim<\/em><\/strong><\/a><\/p>\n<p>&nbsp;<\/p>\n","protected":false},"excerpt":{"rendered":"<p>Tamer \u00c7\u0130L\u0130NG\u0130R Ulusal bayramlara y\u00fcklenen anlam genel olarak karanl\u0131k bir devrenin sona erdirilip ayd\u0131nl\u0131k bir s\u00fcrecin ba\u015flad\u0131\u011f\u0131 \u00f6nemli tarihlerin hat\u0131rlanmas\u0131d\u0131r. T\u00fcrkiye Cumhuriyeti Devleti a\u00e7\u0131s\u0131ndan ayn\u0131 anlam\u0131 ta\u015f\u0131yan birden fazla g\u00fcn vard\u0131r. Bug\u00fcne kadar kutlanmaya devam eden 23 Nisan (1920\u2019de Ankara Meclisinin a\u00e7\u0131l\u0131\u015f\u0131), 30 A\u011fustos (1922\u2019de Yunan ordusunun yenilgiye u\u011frat\u0131lmas\u0131) ve 29 Ekim (1923\u2019de cumhuriyetin ilan [&hellip;]<\/p>\n","protected":false},"author":7,"featured_media":55441,"comment_status":"open","ping_status":"open","sticky":false,"template":"","format":"standard","meta":{"footnotes":""},"categories":[1,70,20,53],"tags":[],"class_list":["post-55440","post","type-post","status-publish","format-standard","has-post-thumbnail","hentry","category-haberler","category-makaleler","category-tarih-sayfalari","category-turkiyede-azinliklar"],"yoast_head":"<!-- This site is optimized with the Yoast SEO plugin v27.4 - https:\/\/yoast.com\/product\/yoast-seo-wordpress\/ -->\n<title>96 y\u0131ll\u0131k yalanlar ve 29 Ekim - Bati Ermenistan Ve Bati Ermenileri Sorunlari Ara\u015ftirmalar Merkezi<\/title>\n<meta name=\"robots\" content=\"index, follow, max-snippet:-1, max-image-preview:large, max-video-preview:-1\" \/>\n<link rel=\"canonical\" href=\"https:\/\/akunq.net\/tr\/?p=55440\" \/>\n<meta property=\"og:locale\" content=\"en_US\" \/>\n<meta property=\"og:type\" content=\"article\" \/>\n<meta property=\"og:title\" content=\"96 y\u0131ll\u0131k yalanlar ve 29 Ekim - Bati Ermenistan Ve Bati Ermenileri Sorunlari Ara\u015ftirmalar Merkezi\" \/>\n<meta property=\"og:description\" content=\"Tamer \u00c7\u0130L\u0130NG\u0130R Ulusal bayramlara y\u00fcklenen anlam genel olarak karanl\u0131k bir devrenin sona erdirilip ayd\u0131nl\u0131k bir s\u00fcrecin ba\u015flad\u0131\u011f\u0131 \u00f6nemli tarihlerin hat\u0131rlanmas\u0131d\u0131r. T\u00fcrkiye Cumhuriyeti Devleti a\u00e7\u0131s\u0131ndan ayn\u0131 anlam\u0131 ta\u015f\u0131yan birden fazla g\u00fcn vard\u0131r. Bug\u00fcne kadar kutlanmaya devam eden 23 Nisan (1920\u2019de Ankara Meclisinin a\u00e7\u0131l\u0131\u015f\u0131), 30 A\u011fustos (1922\u2019de Yunan ordusunun yenilgiye u\u011frat\u0131lmas\u0131) ve 29 Ekim (1923\u2019de cumhuriyetin ilan [&hellip;]\" \/>\n<meta property=\"og:url\" content=\"https:\/\/akunq.net\/tr\/?p=55440\" \/>\n<meta property=\"og:site_name\" content=\"Bati Ermenistan Ve Bati Ermenileri Sorunlari Ara\u015ftirmalar Merkezi\" \/>\n<meta property=\"article:published_time\" content=\"2019-10-29T08:09:53+00:00\" \/>\n<meta property=\"og:image\" content=\"https:\/\/akunq.net\/tr\/wp-content\/uploads\/sites\/6\/2019\/10\/29-Ekim.jpeg\" \/>\n\t<meta property=\"og:image:width\" content=\"800\" \/>\n\t<meta property=\"og:image:height\" content=\"463\" \/>\n\t<meta property=\"og:image:type\" content=\"image\/jpeg\" \/>\n<meta name=\"author\" content=\"admin\" \/>\n<meta name=\"twitter:card\" content=\"summary_large_image\" \/>\n<meta name=\"twitter:label1\" content=\"Written by\" \/>\n\t<meta name=\"twitter:data1\" content=\"admin\" \/>\n\t<meta name=\"twitter:label2\" content=\"Est. reading time\" \/>\n\t<meta name=\"twitter:data2\" content=\"9 minutes\" \/>\n<script type=\"application\/ld+json\" class=\"yoast-schema-graph\">{\"@context\":\"https:\\\/\\\/schema.org\",\"@graph\":[{\"@type\":\"Article\",\"@id\":\"https:\\\/\\\/akunq.net\\\/tr\\\/?p=55440#article\",\"isPartOf\":{\"@id\":\"https:\\\/\\\/akunq.net\\\/tr\\\/?p=55440\"},\"author\":{\"name\":\"admin\",\"@id\":\"https:\\\/\\\/akunq.net\\\/tr\\\/#\\\/schema\\\/person\\\/096f1d38a12cce57fb855b485ed24c9e\"},\"headline\":\"96 y\u0131ll\u0131k yalanlar ve 29 Ekim\",\"datePublished\":\"2019-10-29T08:09:53+00:00\",\"mainEntityOfPage\":{\"@id\":\"https:\\\/\\\/akunq.net\\\/tr\\\/?p=55440\"},\"wordCount\":1711,\"commentCount\":0,\"image\":{\"@id\":\"https:\\\/\\\/akunq.net\\\/tr\\\/?p=55440#primaryimage\"},\"thumbnailUrl\":\"https:\\\/\\\/akunq.net\\\/tr\\\/wp-content\\\/uploads\\\/sites\\\/6\\\/2019\\\/10\\\/29-Ekim.jpeg\",\"articleSection\":[\"Haberler\",\"Makaleler\",\"Tarih Sayfalar\u0131\",\"T\u00fcrkiye\u2019de Az\u0131nl\u0131klar\"],\"inLanguage\":\"en-US\",\"potentialAction\":[{\"@type\":\"CommentAction\",\"name\":\"Comment\",\"target\":[\"https:\\\/\\\/akunq.net\\\/tr\\\/?p=55440#respond\"]}]},{\"@type\":\"WebPage\",\"@id\":\"https:\\\/\\\/akunq.net\\\/tr\\\/?p=55440\",\"url\":\"https:\\\/\\\/akunq.net\\\/tr\\\/?p=55440\",\"name\":\"96 y\u0131ll\u0131k yalanlar ve 29 Ekim - Bati Ermenistan Ve Bati Ermenileri Sorunlari Ara\u015ftirmalar Merkezi\",\"isPartOf\":{\"@id\":\"https:\\\/\\\/akunq.net\\\/tr\\\/#website\"},\"primaryImageOfPage\":{\"@id\":\"https:\\\/\\\/akunq.net\\\/tr\\\/?p=55440#primaryimage\"},\"image\":{\"@id\":\"https:\\\/\\\/akunq.net\\\/tr\\\/?p=55440#primaryimage\"},\"thumbnailUrl\":\"https:\\\/\\\/akunq.net\\\/tr\\\/wp-content\\\/uploads\\\/sites\\\/6\\\/2019\\\/10\\\/29-Ekim.jpeg\",\"datePublished\":\"2019-10-29T08:09:53+00:00\",\"author\":{\"@id\":\"https:\\\/\\\/akunq.net\\\/tr\\\/#\\\/schema\\\/person\\\/096f1d38a12cce57fb855b485ed24c9e\"},\"breadcrumb\":{\"@id\":\"https:\\\/\\\/akunq.net\\\/tr\\\/?p=55440#breadcrumb\"},\"inLanguage\":\"en-US\",\"potentialAction\":[{\"@type\":\"ReadAction\",\"target\":[\"https:\\\/\\\/akunq.net\\\/tr\\\/?p=55440\"]}]},{\"@type\":\"ImageObject\",\"inLanguage\":\"en-US\",\"@id\":\"https:\\\/\\\/akunq.net\\\/tr\\\/?p=55440#primaryimage\",\"url\":\"https:\\\/\\\/akunq.net\\\/tr\\\/wp-content\\\/uploads\\\/sites\\\/6\\\/2019\\\/10\\\/29-Ekim.jpeg\",\"contentUrl\":\"https:\\\/\\\/akunq.net\\\/tr\\\/wp-content\\\/uploads\\\/sites\\\/6\\\/2019\\\/10\\\/29-Ekim.jpeg\",\"width\":800,\"height\":463},{\"@type\":\"BreadcrumbList\",\"@id\":\"https:\\\/\\\/akunq.net\\\/tr\\\/?p=55440#breadcrumb\",\"itemListElement\":[{\"@type\":\"ListItem\",\"position\":1,\"name\":\"Home\",\"item\":\"https:\\\/\\\/akunq.net\\\/tr\"},{\"@type\":\"ListItem\",\"position\":2,\"name\":\"96 y\u0131ll\u0131k yalanlar ve 29 Ekim\"}]},{\"@type\":\"WebSite\",\"@id\":\"https:\\\/\\\/akunq.net\\\/tr\\\/#website\",\"url\":\"https:\\\/\\\/akunq.net\\\/tr\\\/\",\"name\":\"Bati Ermenistan Ve Bati Ermenileri Sorunlari Ara\u015ftirmalar Merkezi\",\"description\":\"\",\"potentialAction\":[{\"@type\":\"SearchAction\",\"target\":{\"@type\":\"EntryPoint\",\"urlTemplate\":\"https:\\\/\\\/akunq.net\\\/tr\\\/?s={search_term_string}\"},\"query-input\":{\"@type\":\"PropertyValueSpecification\",\"valueRequired\":true,\"valueName\":\"search_term_string\"}}],\"inLanguage\":\"en-US\"},{\"@type\":\"Person\",\"@id\":\"https:\\\/\\\/akunq.net\\\/tr\\\/#\\\/schema\\\/person\\\/096f1d38a12cce57fb855b485ed24c9e\",\"name\":\"admin\",\"url\":\"https:\\\/\\\/akunq.net\\\/tr\\\/?author=7\"}]}<\/script>\n<!-- \/ Yoast SEO plugin. -->","yoast_head_json":{"title":"96 y\u0131ll\u0131k yalanlar ve 29 Ekim - Bati Ermenistan Ve Bati Ermenileri Sorunlari Ara\u015ftirmalar Merkezi","robots":{"index":"index","follow":"follow","max-snippet":"max-snippet:-1","max-image-preview":"max-image-preview:large","max-video-preview":"max-video-preview:-1"},"canonical":"https:\/\/akunq.net\/tr\/?p=55440","og_locale":"en_US","og_type":"article","og_title":"96 y\u0131ll\u0131k yalanlar ve 29 Ekim - Bati Ermenistan Ve Bati Ermenileri Sorunlari Ara\u015ftirmalar Merkezi","og_description":"Tamer \u00c7\u0130L\u0130NG\u0130R Ulusal bayramlara y\u00fcklenen anlam genel olarak karanl\u0131k bir devrenin sona erdirilip ayd\u0131nl\u0131k bir s\u00fcrecin ba\u015flad\u0131\u011f\u0131 \u00f6nemli tarihlerin hat\u0131rlanmas\u0131d\u0131r. T\u00fcrkiye Cumhuriyeti Devleti a\u00e7\u0131s\u0131ndan ayn\u0131 anlam\u0131 ta\u015f\u0131yan birden fazla g\u00fcn vard\u0131r. Bug\u00fcne kadar kutlanmaya devam eden 23 Nisan (1920\u2019de Ankara Meclisinin a\u00e7\u0131l\u0131\u015f\u0131), 30 A\u011fustos (1922\u2019de Yunan ordusunun yenilgiye u\u011frat\u0131lmas\u0131) ve 29 Ekim (1923\u2019de cumhuriyetin ilan [&hellip;]","og_url":"https:\/\/akunq.net\/tr\/?p=55440","og_site_name":"Bati Ermenistan Ve Bati Ermenileri Sorunlari Ara\u015ftirmalar Merkezi","article_published_time":"2019-10-29T08:09:53+00:00","og_image":[{"width":800,"height":463,"url":"https:\/\/akunq.net\/tr\/wp-content\/uploads\/sites\/6\/2019\/10\/29-Ekim.jpeg","type":"image\/jpeg"}],"author":"admin","twitter_card":"summary_large_image","twitter_misc":{"Written by":"admin","Est. reading time":"9 minutes"},"schema":{"@context":"https:\/\/schema.org","@graph":[{"@type":"Article","@id":"https:\/\/akunq.net\/tr\/?p=55440#article","isPartOf":{"@id":"https:\/\/akunq.net\/tr\/?p=55440"},"author":{"name":"admin","@id":"https:\/\/akunq.net\/tr\/#\/schema\/person\/096f1d38a12cce57fb855b485ed24c9e"},"headline":"96 y\u0131ll\u0131k yalanlar ve 29 Ekim","datePublished":"2019-10-29T08:09:53+00:00","mainEntityOfPage":{"@id":"https:\/\/akunq.net\/tr\/?p=55440"},"wordCount":1711,"commentCount":0,"image":{"@id":"https:\/\/akunq.net\/tr\/?p=55440#primaryimage"},"thumbnailUrl":"https:\/\/akunq.net\/tr\/wp-content\/uploads\/sites\/6\/2019\/10\/29-Ekim.jpeg","articleSection":["Haberler","Makaleler","Tarih Sayfalar\u0131","T\u00fcrkiye\u2019de Az\u0131nl\u0131klar"],"inLanguage":"en-US","potentialAction":[{"@type":"CommentAction","name":"Comment","target":["https:\/\/akunq.net\/tr\/?p=55440#respond"]}]},{"@type":"WebPage","@id":"https:\/\/akunq.net\/tr\/?p=55440","url":"https:\/\/akunq.net\/tr\/?p=55440","name":"96 y\u0131ll\u0131k yalanlar ve 29 Ekim - Bati Ermenistan Ve Bati Ermenileri Sorunlari Ara\u015ftirmalar Merkezi","isPartOf":{"@id":"https:\/\/akunq.net\/tr\/#website"},"primaryImageOfPage":{"@id":"https:\/\/akunq.net\/tr\/?p=55440#primaryimage"},"image":{"@id":"https:\/\/akunq.net\/tr\/?p=55440#primaryimage"},"thumbnailUrl":"https:\/\/akunq.net\/tr\/wp-content\/uploads\/sites\/6\/2019\/10\/29-Ekim.jpeg","datePublished":"2019-10-29T08:09:53+00:00","author":{"@id":"https:\/\/akunq.net\/tr\/#\/schema\/person\/096f1d38a12cce57fb855b485ed24c9e"},"breadcrumb":{"@id":"https:\/\/akunq.net\/tr\/?p=55440#breadcrumb"},"inLanguage":"en-US","potentialAction":[{"@type":"ReadAction","target":["https:\/\/akunq.net\/tr\/?p=55440"]}]},{"@type":"ImageObject","inLanguage":"en-US","@id":"https:\/\/akunq.net\/tr\/?p=55440#primaryimage","url":"https:\/\/akunq.net\/tr\/wp-content\/uploads\/sites\/6\/2019\/10\/29-Ekim.jpeg","contentUrl":"https:\/\/akunq.net\/tr\/wp-content\/uploads\/sites\/6\/2019\/10\/29-Ekim.jpeg","width":800,"height":463},{"@type":"BreadcrumbList","@id":"https:\/\/akunq.net\/tr\/?p=55440#breadcrumb","itemListElement":[{"@type":"ListItem","position":1,"name":"Home","item":"https:\/\/akunq.net\/tr"},{"@type":"ListItem","position":2,"name":"96 y\u0131ll\u0131k yalanlar ve 29 Ekim"}]},{"@type":"WebSite","@id":"https:\/\/akunq.net\/tr\/#website","url":"https:\/\/akunq.net\/tr\/","name":"Bati Ermenistan Ve Bati Ermenileri Sorunlari Ara\u015ftirmalar Merkezi","description":"","potentialAction":[{"@type":"SearchAction","target":{"@type":"EntryPoint","urlTemplate":"https:\/\/akunq.net\/tr\/?s={search_term_string}"},"query-input":{"@type":"PropertyValueSpecification","valueRequired":true,"valueName":"search_term_string"}}],"inLanguage":"en-US"},{"@type":"Person","@id":"https:\/\/akunq.net\/tr\/#\/schema\/person\/096f1d38a12cce57fb855b485ed24c9e","name":"admin","url":"https:\/\/akunq.net\/tr\/?author=7"}]}},"_links":{"self":[{"href":"https:\/\/akunq.net\/tr\/index.php?rest_route=\/wp\/v2\/posts\/55440","targetHints":{"allow":["GET"]}}],"collection":[{"href":"https:\/\/akunq.net\/tr\/index.php?rest_route=\/wp\/v2\/posts"}],"about":[{"href":"https:\/\/akunq.net\/tr\/index.php?rest_route=\/wp\/v2\/types\/post"}],"author":[{"embeddable":true,"href":"https:\/\/akunq.net\/tr\/index.php?rest_route=\/wp\/v2\/users\/7"}],"replies":[{"embeddable":true,"href":"https:\/\/akunq.net\/tr\/index.php?rest_route=%2Fwp%2Fv2%2Fcomments&post=55440"}],"version-history":[{"count":1,"href":"https:\/\/akunq.net\/tr\/index.php?rest_route=\/wp\/v2\/posts\/55440\/revisions"}],"predecessor-version":[{"id":55442,"href":"https:\/\/akunq.net\/tr\/index.php?rest_route=\/wp\/v2\/posts\/55440\/revisions\/55442"}],"wp:featuredmedia":[{"embeddable":true,"href":"https:\/\/akunq.net\/tr\/index.php?rest_route=\/wp\/v2\/media\/55441"}],"wp:attachment":[{"href":"https:\/\/akunq.net\/tr\/index.php?rest_route=%2Fwp%2Fv2%2Fmedia&parent=55440"}],"wp:term":[{"taxonomy":"category","embeddable":true,"href":"https:\/\/akunq.net\/tr\/index.php?rest_route=%2Fwp%2Fv2%2Fcategories&post=55440"},{"taxonomy":"post_tag","embeddable":true,"href":"https:\/\/akunq.net\/tr\/index.php?rest_route=%2Fwp%2Fv2%2Ftags&post=55440"}],"curies":[{"name":"wp","href":"https:\/\/api.w.org\/{rel}","templated":true}]}}