{"id":53644,"date":"2019-06-21T03:32:55","date_gmt":"2019-06-21T08:32:55","guid":{"rendered":"http:\/\/akunq.net\/tr\/?p=53644"},"modified":"2019-06-21T03:32:55","modified_gmt":"2019-06-21T08:32:55","slug":"sosyalistler-64-rum-surgununu-ne-zaman-anacak","status":"publish","type":"post","link":"https:\/\/akunq.net\/tr\/?p=53644","title":{"rendered":"Sosyalistler 64 Rum s\u00fcrg\u00fcn\u00fcn\u00fc ne zaman anacak"},"content":{"rendered":"<p><a href=\"http:\/\/akunq.net\/tr\/?attachment_id=53645\" rel=\"attachment wp-att-53645\"><img loading=\"lazy\" decoding=\"async\" class=\"aligncenter size-medium wp-image-53645\" src=\"http:\/\/akunq.net\/tr\/wp-content\/uploads\/2019\/06\/64-RUM-S\u00dcRG\u00dcN\u00dc-360x203.jpg\" alt=\"\" width=\"360\" height=\"203\" srcset=\"https:\/\/akunq.net\/tr\/wp-content\/uploads\/sites\/6\/2019\/06\/64-RUM-S\u00dcRG\u00dcN\u00dc-360x203.jpg 360w, https:\/\/akunq.net\/tr\/wp-content\/uploads\/sites\/6\/2019\/06\/64-RUM-S\u00dcRG\u00dcN\u00dc-260x147.jpg 260w, https:\/\/akunq.net\/tr\/wp-content\/uploads\/sites\/6\/2019\/06\/64-RUM-S\u00dcRG\u00dcN\u00dc-160x90.jpg 160w, https:\/\/akunq.net\/tr\/wp-content\/uploads\/sites\/6\/2019\/06\/64-RUM-S\u00dcRG\u00dcN\u00dc.jpg 454w\" sizes=\"auto, (max-width: 360px) 100vw, 360px\" \/><\/a><\/p>\n<p><strong>Rag\u0131p Zarakolu<\/strong><\/p>\n<p><strong><em>Tam Gezi G\u00fcnleri, Paramaz ve H\u0131n\u00e7ak Partisi \u00fcyelerinin idam edildi\u011fi Beyaz\u0131d Meydan\u0131nda onlar\u0131 anaca\u011f\u0131z ilk kez.<\/em><\/strong><\/p>\n<p>Yolda giderken, vazge\u00e7ildi\u011fi haberi geliyor. Sald\u0131r\u0131 olabilir diye. Anmay\u0131 daha g\u00fcvenli sayd\u0131klar\u0131 Taksim\u2019e almak istiyorlar. \u201cBen gidiyorum!\u201d diyorum, birka\u00e7 arkada\u015f daha kat\u0131l\u0131nca, Taksim\u2019den vazge\u00e7iliyor.<\/p>\n<p>Sald\u0131r\u0131 falan da olmuyor!<\/p>\n<p>Bu y\u0131l Paramaz ve arkada\u015flar\u0131, g\u00f6m\u00fcld\u00fckleri Ermeni Ermeni Mezarl\u0131\u011f\u0131nda an\u0131ld\u0131lar.<\/p>\n<p>Sarkis Usta\u2019dan (\u00c7ekezyan) dinlemi\u015ftim bu hikayeyi ilk kez. Edirnekap\u0131\u2019da g\u00f6m\u00fcld\u00fckleri yerden al\u0131n\u0131p gizlice, Ermeni Mezarl\u0131\u011f\u0131nda 1908 Anayasal Devriminden sonra, tiranl\u0131k d\u00f6nemi 1895-96 kurbanlar\u0131 an\u0131s\u0131na dikilen obeliskin alt\u0131na g\u00f6m\u00fcld\u00fcklerini s\u00f6ylemi\u015fti. Belki de Bolis efsanelerinden biri. Mesela bu Konstantiniye efsanelerden biri de, Fatih Sultan Mehmed\u2019in Rum olan annesinin, inanc\u0131nda devam etti\u011fi i\u00e7in, Fatih Camiinin alt\u0131nda gizli bir mahfile, Ortodoks rit\u00fcellerine g\u00f6re g\u00f6m\u00fcld\u00fc\u011f\u00fc idi.<\/p>\n<p>Bu y\u0131l anman\u0131n Ermeni Mezarl\u0131\u011f\u0131nda yap\u0131lmas\u0131 \u00e7ok anlaml\u0131 oldu.<\/p>\n<p>Sarkis Ustan\u0131n anlatt\u0131klar\u0131na bir yaz\u0131m da yer verdikten sonra 2010 y\u0131l\u0131nda Beyrut\u2019ta Haygazyan \u00dcniversitesinde bir konferansa kat\u0131ld\u0131\u011f\u0131mda L\u00fcbnan parlamentosunda mebus olan H\u0131n\u00e7aklardan biri gelip g\u00f6m\u00fclmeleri ile ilgili bu bilgiyi bana soracakt\u0131. Art\u0131k H\u0131n\u00e7aklar i\u00e7in bile bu, sis perdesinde kalm\u0131\u015f bir olguydu.<\/p>\n<p>15-16 Haziran i\u015f\u00e7i ba\u015fkald\u0131r\u0131s\u0131n\u0131n bu tarihe gelmesi ne kadar anlaml\u0131. Ermeni sosyalistlerinin as\u0131ld\u0131\u011f\u0131 tarihle \u00e7ak\u0131\u015fmas\u0131.<\/p>\n<p>Bu g\u00fcn \u0130stanbul \u00dcniversitesinin yer ald\u0131\u011f\u0131\u00a0\u00a0binalarda o zamanlar Harbiye Nezareti (Sava\u015f Ba\u015fanl\u0131\u011f\u0131) bulunmaktayd\u0131. Bug\u00fcn Siyasal Bilgiler Fak\u00fcltesinin bulundu\u011fu yer ise askeri cezaevi idi. \u0130\u015fkencesi ile de \u00fcnl\u00fc Bekira\u011fa B\u00f6l\u00fc\u011f\u00fc. Kimler ge\u00e7emedi ki oradan?<\/p>\n<p>Paramaz ve arkada\u015flar\u0131, Beyaz\u0131d\u2019da Merkez Binada yer alan odalardan birinde kurulan askeri mahkemede yarg\u0131land\u0131lar. Bekira\u011fa B\u00f6l\u00fc\u011f\u00fcnde tutulduktan sonra Beyaz\u0131d Meydan\u0131nda as\u0131ld\u0131lar.<\/p>\n<p>Herhalde Merkez Binan\u0131n \u00f6n\u00fcndeki yoldan ge\u00e7tiler.<\/p>\n<p>1968 de Deniz Gezmi\u015f, bu yoldan Rekt\u00f6rl\u00fck Binas\u0131na arkada\u015flar\u0131 y\u00fcr\u00fcterek ba\u015flatm\u0131\u015ft\u0131 daha sonra b\u00fct\u00fcn T\u00fcrkiye\u2019ye yay\u0131lacak olan \u00fcniversite i\u015fgallerini. Me\u015faleyi orada tutu\u015fturmu\u015ftu.<\/p>\n<p>Onun kaderi de Paramaz ve arkada\u015flar\u0131ndan farkl\u0131 olmad\u0131.<\/p>\n<p>O zamanlar \u00f6n kap\u0131ya kadar olan alan bo\u015ftu, \u00fcniversite olduktan sonra a\u011fa\u00e7land\u0131r\u0131ld\u0131.<\/p>\n<p>Az cenaze kald\u0131rmad\u0131k Merkez binan\u0131n ortas\u0131ndaki i\u00e7 avludan.<\/p>\n<p>Doktora hocam Cahit Orhan T\u00fctengil\u2019in cenazesi de bu i\u00e7 avludan kald\u0131r\u0131lm\u0131\u015ft\u0131. ANZ Merkez binadaki Maliye Enstit\u00fcs\u00fc K\u00fct\u00fcphanesi y\u00f6neticisi iken, son b\u00fcy\u00fck i\u015fgal olay\u0131 ya\u015fanm\u0131\u015ft\u0131. 1975 Oca\u011f\u0131nda Kerim Yaman\u2019\u0131n cenazesi i\u00e7 avluda tutulmu\u015f, cenazesine onbinler kat\u0131lm\u0131\u015ft\u0131. 2 ay sonra 1. Milliyet\u00e7i Cephe H\u00fck\u00fcmeti kurulacakt\u0131.<\/p>\n<p>Hrant Dink\u2019in \u00f6ld\u00fcr\u00fclmesi gibi b\u00fcy\u00fck bir infial yaratm\u0131\u015ft\u0131, salt solcu diye Kerim Yaman\u2019\u0131n \u00f6ld\u00fcr\u00fclmesi.<\/p>\n<p>BekirA\u011fa b\u00f6l\u00fc\u011f\u00fcnde M\u00fctakere\u2019den sonra 1919 y\u0131l\u0131nda 1915 felaketinden sorumlu \u0130ttihat\u00e7\u0131 liderler de tutuldu. Daha do\u011frusu misafir edildiler. Otel gibi evlerine gidip gelmelerine izin verildi. Hatta Diyarbak\u0131r valisi Dr. Re\u015fit Beyin ka\u00e7mas\u0131na da olanak sa\u011fland\u0131.<\/p>\n<p>T\u00fcrkiye solu kendi tarihini nas\u0131l adeta modern arkeoloji yap\u0131p kazarak \u00f6\u011frendi ise, di\u011fer milliyetlerden devrimci ve sosyalistleri de \u00e7ok ge\u00e7 farketti.<\/p>\n<p>Belki bu bir bi\u00e7imde anla\u015f\u0131labilir.<\/p>\n<p>Ama T\u00fcrkiye solunun hala \u00f6zele\u015ftiri vermedi\u011fi bir olay var ki, bu da 1965 \u0130stanbul Rumlar\u0131n\u0131n tehciridir.<\/p>\n<p>Ki o zaman T\u0130P, solun y\u00fckselen partisi idi. Sosyalist bas\u0131nda tek bir ele\u015ftiri olsun \u00e7\u0131kmad\u0131.<\/p>\n<p>Yine 1965 y\u0131l\u0131nda \u00fcstelik sosyalist Ermenistan\u2019da soyk\u0131r\u0131m\u0131n 50. Y\u0131l\u0131 anmas\u0131n\u0131n g\u00f6r\u00fclmezden gelinmesi gibi.<\/p>\n<p>T\u00fcrkiye\u2019deki bask\u0131 rejimi yurtta\u015flar\u0131n belle\u011finde temizlik yapmada \u00e7ok mahirdir.<\/p>\n<p>Bunlardan biri de Varl\u0131k Vergisi olay\u0131 idi. Unutulup gitmi\u015fti. Gen\u00e7 bir ara\u015ft\u0131rmac\u0131, R\u0131dvan Akar bana Varl\u0131k Vergisine ili\u015fkin master \u00f6devini getirdi\u011finde \u00e7ok heyecanlanm\u0131\u015ft\u0131m. Nihayet diyerek. Belge hemen bunu kitapla\u015ft\u0131racakt\u0131. Y\u0131l 1990. K\u00fcrt tabusu ve Dersim Jenosidi tabusunu de\u015fmeye ba\u015flad\u0131\u011f\u0131m\u0131z y\u0131l.<\/p>\n<p>4 y\u0131l sonra, R\u0131dvan Akar ve H\u00fclya Demir\u2019in 1964 tehcirine ili\u015fkin, \u201c\u0130stanbul\u2019un Son S\u00fcrg\u00fcnleri\u201d adl\u0131 T\u00fcrkiye\u2019deki ilk ara\u015ft\u0131rmay\u0131\u00a0\u00a0yay\u0131nlayacaklard\u0131. (1994 \u0130leti\u015fim, 1999 Belge Yay\u0131nlar\u0131)<\/p>\n<p>T\u0130P\u2019in, Herk\u00fcl Millas gibi Rum \u00fcyeleri de vard\u0131. Ya da Zaven Biberyan gibi Ermeni \u00fcyeleri vard\u0131. Yada Moris Gabay gibi Yahudi \u00fcyeleri.<\/p>\n<p>T\u0130P\u2019in g\u00fcndemine ise o d\u00f6nem, ne 1915 anmas\u0131, ne 1964 \u0130stanbul Rumlar\u0131 s\u00fcrg\u00fcn\u00fc girebilmi\u015fti.<\/p>\n<p>K\u0131br\u0131s sorunu, ABD\u2019nin engellemeleri \u00f6fke yaratm\u0131\u015f, ABD kar\u015f\u0131tl\u0131\u011f\u0131 antiemperyalizm san\u0131lm\u0131\u015ft\u0131. Ulusalc\u0131 dalgan\u0131n y\u00fckseli\u015finden sol da nemalanm\u0131\u015ft\u0131.<\/p>\n<p>1996 y\u0131l\u0131nda \u0130stanbullu Rum gazetecilerin, Bakanlar Kurulu karar\u0131 ile yurtta\u015fl\u0131ktan at\u0131l\u0131p, Kap\u0131kule\u2019den dehlenmesi de, hadi b\u00fcy\u00fck bas\u0131n\u0131 anlad\u0131k, sosyalist bas\u0131nda bile yer almayacakt\u0131.<\/p>\n<p>90 k\u00fcs\u00fcr y\u0131l sonra \u00e7ok ge\u00e7 olsa da, Paramaz art\u0131k an\u0131labiliyor.<\/p>\n<p>Bakal\u0131m 64 Rum s\u00fcrg\u00fcn\u00fc ne zaman hat\u0131rlanacak?<\/p>\n<p><strong><em><a href=\"https:\/\/hyetert.org\/2019\/06\/19\/sosyalistler-64-rum-surgununu-ne-zaman-anacak\/\">https:\/\/hyetert.org\/2019\/06\/19\/sosyalistler-64-rum-surgununu-ne-zaman-anacak\/<\/a>\u00a0<\/em><\/strong><\/p>\n","protected":false},"excerpt":{"rendered":"<p>Rag\u0131p Zarakolu Tam Gezi G\u00fcnleri, Paramaz ve H\u0131n\u00e7ak Partisi \u00fcyelerinin idam edildi\u011fi Beyaz\u0131d Meydan\u0131nda onlar\u0131 anaca\u011f\u0131z ilk kez. Yolda giderken, vazge\u00e7ildi\u011fi haberi geliyor. Sald\u0131r\u0131 olabilir diye. Anmay\u0131 daha g\u00fcvenli sayd\u0131klar\u0131 Taksim\u2019e almak istiyorlar. \u201cBen gidiyorum!\u201d diyorum, birka\u00e7 arkada\u015f daha kat\u0131l\u0131nca, Taksim\u2019den vazge\u00e7iliyor. Sald\u0131r\u0131 falan da olmuyor! Bu y\u0131l Paramaz ve arkada\u015flar\u0131, g\u00f6m\u00fcld\u00fckleri Ermeni Ermeni Mezarl\u0131\u011f\u0131nda [&hellip;]<\/p>\n","protected":false},"author":7,"featured_media":53645,"comment_status":"open","ping_status":"open","sticky":false,"template":"","format":"standard","meta":{"footnotes":""},"categories":[1,70,20,53],"tags":[],"class_list":["post-53644","post","type-post","status-publish","format-standard","has-post-thumbnail","hentry","category-haberler","category-makaleler","category-tarih-sayfalari","category-turkiyede-azinliklar"],"yoast_head":"<!-- This site is optimized with the Yoast SEO plugin v27.4 - https:\/\/yoast.com\/product\/yoast-seo-wordpress\/ -->\n<title>Sosyalistler 64 Rum s\u00fcrg\u00fcn\u00fcn\u00fc ne zaman anacak - Bati Ermenistan Ve Bati Ermenileri Sorunlari Ara\u015ftirmalar Merkezi<\/title>\n<meta name=\"robots\" content=\"index, follow, max-snippet:-1, max-image-preview:large, max-video-preview:-1\" \/>\n<link rel=\"canonical\" href=\"https:\/\/akunq.net\/tr\/?p=53644\" \/>\n<meta property=\"og:locale\" content=\"en_US\" \/>\n<meta property=\"og:type\" content=\"article\" \/>\n<meta property=\"og:title\" content=\"Sosyalistler 64 Rum s\u00fcrg\u00fcn\u00fcn\u00fc ne zaman anacak - Bati Ermenistan Ve Bati Ermenileri Sorunlari Ara\u015ftirmalar Merkezi\" \/>\n<meta property=\"og:description\" content=\"Rag\u0131p Zarakolu Tam Gezi G\u00fcnleri, Paramaz ve H\u0131n\u00e7ak Partisi \u00fcyelerinin idam edildi\u011fi Beyaz\u0131d Meydan\u0131nda onlar\u0131 anaca\u011f\u0131z ilk kez. Yolda giderken, vazge\u00e7ildi\u011fi haberi geliyor. Sald\u0131r\u0131 olabilir diye. Anmay\u0131 daha g\u00fcvenli sayd\u0131klar\u0131 Taksim\u2019e almak istiyorlar. \u201cBen gidiyorum!\u201d diyorum, birka\u00e7 arkada\u015f daha kat\u0131l\u0131nca, Taksim\u2019den vazge\u00e7iliyor. Sald\u0131r\u0131 falan da olmuyor! Bu y\u0131l Paramaz ve arkada\u015flar\u0131, g\u00f6m\u00fcld\u00fckleri Ermeni Ermeni Mezarl\u0131\u011f\u0131nda [&hellip;]\" \/>\n<meta property=\"og:url\" content=\"https:\/\/akunq.net\/tr\/?p=53644\" \/>\n<meta property=\"og:site_name\" content=\"Bati Ermenistan Ve Bati Ermenileri Sorunlari Ara\u015ftirmalar Merkezi\" \/>\n<meta property=\"article:published_time\" content=\"2019-06-21T08:32:55+00:00\" \/>\n<meta property=\"og:image\" content=\"https:\/\/akunq.net\/tr\/wp-content\/uploads\/sites\/6\/2019\/06\/64-RUM-S\u00dcRG\u00dcN\u00dc.jpg\" \/>\n\t<meta property=\"og:image:width\" content=\"454\" \/>\n\t<meta property=\"og:image:height\" content=\"256\" \/>\n\t<meta property=\"og:image:type\" content=\"image\/jpeg\" \/>\n<meta name=\"author\" content=\"admin\" \/>\n<meta name=\"twitter:card\" content=\"summary_large_image\" \/>\n<meta name=\"twitter:label1\" content=\"Written by\" \/>\n\t<meta name=\"twitter:data1\" content=\"admin\" \/>\n\t<meta name=\"twitter:label2\" content=\"Est. reading time\" \/>\n\t<meta name=\"twitter:data2\" content=\"4 minutes\" \/>\n<script type=\"application\/ld+json\" class=\"yoast-schema-graph\">{\"@context\":\"https:\\\/\\\/schema.org\",\"@graph\":[{\"@type\":\"Article\",\"@id\":\"https:\\\/\\\/akunq.net\\\/tr\\\/?p=53644#article\",\"isPartOf\":{\"@id\":\"https:\\\/\\\/akunq.net\\\/tr\\\/?p=53644\"},\"author\":{\"name\":\"admin\",\"@id\":\"https:\\\/\\\/akunq.net\\\/tr\\\/#\\\/schema\\\/person\\\/096f1d38a12cce57fb855b485ed24c9e\"},\"headline\":\"Sosyalistler 64 Rum s\u00fcrg\u00fcn\u00fcn\u00fc ne zaman anacak\",\"datePublished\":\"2019-06-21T08:32:55+00:00\",\"mainEntityOfPage\":{\"@id\":\"https:\\\/\\\/akunq.net\\\/tr\\\/?p=53644\"},\"wordCount\":900,\"commentCount\":0,\"image\":{\"@id\":\"https:\\\/\\\/akunq.net\\\/tr\\\/?p=53644#primaryimage\"},\"thumbnailUrl\":\"https:\\\/\\\/akunq.net\\\/tr\\\/wp-content\\\/uploads\\\/sites\\\/6\\\/2019\\\/06\\\/64-RUM-S\u00dcRG\u00dcN\u00dc.jpg\",\"articleSection\":[\"Haberler\",\"Makaleler\",\"Tarih Sayfalar\u0131\",\"T\u00fcrkiye\u2019de Az\u0131nl\u0131klar\"],\"inLanguage\":\"en-US\",\"potentialAction\":[{\"@type\":\"CommentAction\",\"name\":\"Comment\",\"target\":[\"https:\\\/\\\/akunq.net\\\/tr\\\/?p=53644#respond\"]}]},{\"@type\":\"WebPage\",\"@id\":\"https:\\\/\\\/akunq.net\\\/tr\\\/?p=53644\",\"url\":\"https:\\\/\\\/akunq.net\\\/tr\\\/?p=53644\",\"name\":\"Sosyalistler 64 Rum s\u00fcrg\u00fcn\u00fcn\u00fc ne zaman anacak - Bati Ermenistan Ve Bati Ermenileri Sorunlari Ara\u015ftirmalar Merkezi\",\"isPartOf\":{\"@id\":\"https:\\\/\\\/akunq.net\\\/tr\\\/#website\"},\"primaryImageOfPage\":{\"@id\":\"https:\\\/\\\/akunq.net\\\/tr\\\/?p=53644#primaryimage\"},\"image\":{\"@id\":\"https:\\\/\\\/akunq.net\\\/tr\\\/?p=53644#primaryimage\"},\"thumbnailUrl\":\"https:\\\/\\\/akunq.net\\\/tr\\\/wp-content\\\/uploads\\\/sites\\\/6\\\/2019\\\/06\\\/64-RUM-S\u00dcRG\u00dcN\u00dc.jpg\",\"datePublished\":\"2019-06-21T08:32:55+00:00\",\"author\":{\"@id\":\"https:\\\/\\\/akunq.net\\\/tr\\\/#\\\/schema\\\/person\\\/096f1d38a12cce57fb855b485ed24c9e\"},\"breadcrumb\":{\"@id\":\"https:\\\/\\\/akunq.net\\\/tr\\\/?p=53644#breadcrumb\"},\"inLanguage\":\"en-US\",\"potentialAction\":[{\"@type\":\"ReadAction\",\"target\":[\"https:\\\/\\\/akunq.net\\\/tr\\\/?p=53644\"]}]},{\"@type\":\"ImageObject\",\"inLanguage\":\"en-US\",\"@id\":\"https:\\\/\\\/akunq.net\\\/tr\\\/?p=53644#primaryimage\",\"url\":\"https:\\\/\\\/akunq.net\\\/tr\\\/wp-content\\\/uploads\\\/sites\\\/6\\\/2019\\\/06\\\/64-RUM-S\u00dcRG\u00dcN\u00dc.jpg\",\"contentUrl\":\"https:\\\/\\\/akunq.net\\\/tr\\\/wp-content\\\/uploads\\\/sites\\\/6\\\/2019\\\/06\\\/64-RUM-S\u00dcRG\u00dcN\u00dc.jpg\",\"width\":454,\"height\":256},{\"@type\":\"BreadcrumbList\",\"@id\":\"https:\\\/\\\/akunq.net\\\/tr\\\/?p=53644#breadcrumb\",\"itemListElement\":[{\"@type\":\"ListItem\",\"position\":1,\"name\":\"Home\",\"item\":\"https:\\\/\\\/akunq.net\\\/tr\"},{\"@type\":\"ListItem\",\"position\":2,\"name\":\"Sosyalistler 64 Rum s\u00fcrg\u00fcn\u00fcn\u00fc ne zaman anacak\"}]},{\"@type\":\"WebSite\",\"@id\":\"https:\\\/\\\/akunq.net\\\/tr\\\/#website\",\"url\":\"https:\\\/\\\/akunq.net\\\/tr\\\/\",\"name\":\"Bati Ermenistan Ve Bati Ermenileri Sorunlari Ara\u015ftirmalar Merkezi\",\"description\":\"\",\"potentialAction\":[{\"@type\":\"SearchAction\",\"target\":{\"@type\":\"EntryPoint\",\"urlTemplate\":\"https:\\\/\\\/akunq.net\\\/tr\\\/?s={search_term_string}\"},\"query-input\":{\"@type\":\"PropertyValueSpecification\",\"valueRequired\":true,\"valueName\":\"search_term_string\"}}],\"inLanguage\":\"en-US\"},{\"@type\":\"Person\",\"@id\":\"https:\\\/\\\/akunq.net\\\/tr\\\/#\\\/schema\\\/person\\\/096f1d38a12cce57fb855b485ed24c9e\",\"name\":\"admin\",\"url\":\"https:\\\/\\\/akunq.net\\\/tr\\\/?author=7\"}]}<\/script>\n<!-- \/ Yoast SEO plugin. -->","yoast_head_json":{"title":"Sosyalistler 64 Rum s\u00fcrg\u00fcn\u00fcn\u00fc ne zaman anacak - Bati Ermenistan Ve Bati Ermenileri Sorunlari Ara\u015ftirmalar Merkezi","robots":{"index":"index","follow":"follow","max-snippet":"max-snippet:-1","max-image-preview":"max-image-preview:large","max-video-preview":"max-video-preview:-1"},"canonical":"https:\/\/akunq.net\/tr\/?p=53644","og_locale":"en_US","og_type":"article","og_title":"Sosyalistler 64 Rum s\u00fcrg\u00fcn\u00fcn\u00fc ne zaman anacak - Bati Ermenistan Ve Bati Ermenileri Sorunlari Ara\u015ftirmalar Merkezi","og_description":"Rag\u0131p Zarakolu Tam Gezi G\u00fcnleri, Paramaz ve H\u0131n\u00e7ak Partisi \u00fcyelerinin idam edildi\u011fi Beyaz\u0131d Meydan\u0131nda onlar\u0131 anaca\u011f\u0131z ilk kez. Yolda giderken, vazge\u00e7ildi\u011fi haberi geliyor. Sald\u0131r\u0131 olabilir diye. Anmay\u0131 daha g\u00fcvenli sayd\u0131klar\u0131 Taksim\u2019e almak istiyorlar. \u201cBen gidiyorum!\u201d diyorum, birka\u00e7 arkada\u015f daha kat\u0131l\u0131nca, Taksim\u2019den vazge\u00e7iliyor. Sald\u0131r\u0131 falan da olmuyor! Bu y\u0131l Paramaz ve arkada\u015flar\u0131, g\u00f6m\u00fcld\u00fckleri Ermeni Ermeni Mezarl\u0131\u011f\u0131nda [&hellip;]","og_url":"https:\/\/akunq.net\/tr\/?p=53644","og_site_name":"Bati Ermenistan Ve Bati Ermenileri Sorunlari Ara\u015ftirmalar Merkezi","article_published_time":"2019-06-21T08:32:55+00:00","og_image":[{"width":454,"height":256,"url":"https:\/\/akunq.net\/tr\/wp-content\/uploads\/sites\/6\/2019\/06\/64-RUM-S\u00dcRG\u00dcN\u00dc.jpg","type":"image\/jpeg"}],"author":"admin","twitter_card":"summary_large_image","twitter_misc":{"Written by":"admin","Est. reading time":"4 minutes"},"schema":{"@context":"https:\/\/schema.org","@graph":[{"@type":"Article","@id":"https:\/\/akunq.net\/tr\/?p=53644#article","isPartOf":{"@id":"https:\/\/akunq.net\/tr\/?p=53644"},"author":{"name":"admin","@id":"https:\/\/akunq.net\/tr\/#\/schema\/person\/096f1d38a12cce57fb855b485ed24c9e"},"headline":"Sosyalistler 64 Rum s\u00fcrg\u00fcn\u00fcn\u00fc ne zaman anacak","datePublished":"2019-06-21T08:32:55+00:00","mainEntityOfPage":{"@id":"https:\/\/akunq.net\/tr\/?p=53644"},"wordCount":900,"commentCount":0,"image":{"@id":"https:\/\/akunq.net\/tr\/?p=53644#primaryimage"},"thumbnailUrl":"https:\/\/akunq.net\/tr\/wp-content\/uploads\/sites\/6\/2019\/06\/64-RUM-S\u00dcRG\u00dcN\u00dc.jpg","articleSection":["Haberler","Makaleler","Tarih Sayfalar\u0131","T\u00fcrkiye\u2019de Az\u0131nl\u0131klar"],"inLanguage":"en-US","potentialAction":[{"@type":"CommentAction","name":"Comment","target":["https:\/\/akunq.net\/tr\/?p=53644#respond"]}]},{"@type":"WebPage","@id":"https:\/\/akunq.net\/tr\/?p=53644","url":"https:\/\/akunq.net\/tr\/?p=53644","name":"Sosyalistler 64 Rum s\u00fcrg\u00fcn\u00fcn\u00fc ne zaman anacak - Bati Ermenistan Ve Bati Ermenileri Sorunlari Ara\u015ftirmalar Merkezi","isPartOf":{"@id":"https:\/\/akunq.net\/tr\/#website"},"primaryImageOfPage":{"@id":"https:\/\/akunq.net\/tr\/?p=53644#primaryimage"},"image":{"@id":"https:\/\/akunq.net\/tr\/?p=53644#primaryimage"},"thumbnailUrl":"https:\/\/akunq.net\/tr\/wp-content\/uploads\/sites\/6\/2019\/06\/64-RUM-S\u00dcRG\u00dcN\u00dc.jpg","datePublished":"2019-06-21T08:32:55+00:00","author":{"@id":"https:\/\/akunq.net\/tr\/#\/schema\/person\/096f1d38a12cce57fb855b485ed24c9e"},"breadcrumb":{"@id":"https:\/\/akunq.net\/tr\/?p=53644#breadcrumb"},"inLanguage":"en-US","potentialAction":[{"@type":"ReadAction","target":["https:\/\/akunq.net\/tr\/?p=53644"]}]},{"@type":"ImageObject","inLanguage":"en-US","@id":"https:\/\/akunq.net\/tr\/?p=53644#primaryimage","url":"https:\/\/akunq.net\/tr\/wp-content\/uploads\/sites\/6\/2019\/06\/64-RUM-S\u00dcRG\u00dcN\u00dc.jpg","contentUrl":"https:\/\/akunq.net\/tr\/wp-content\/uploads\/sites\/6\/2019\/06\/64-RUM-S\u00dcRG\u00dcN\u00dc.jpg","width":454,"height":256},{"@type":"BreadcrumbList","@id":"https:\/\/akunq.net\/tr\/?p=53644#breadcrumb","itemListElement":[{"@type":"ListItem","position":1,"name":"Home","item":"https:\/\/akunq.net\/tr"},{"@type":"ListItem","position":2,"name":"Sosyalistler 64 Rum s\u00fcrg\u00fcn\u00fcn\u00fc ne zaman anacak"}]},{"@type":"WebSite","@id":"https:\/\/akunq.net\/tr\/#website","url":"https:\/\/akunq.net\/tr\/","name":"Bati Ermenistan Ve Bati Ermenileri Sorunlari Ara\u015ftirmalar Merkezi","description":"","potentialAction":[{"@type":"SearchAction","target":{"@type":"EntryPoint","urlTemplate":"https:\/\/akunq.net\/tr\/?s={search_term_string}"},"query-input":{"@type":"PropertyValueSpecification","valueRequired":true,"valueName":"search_term_string"}}],"inLanguage":"en-US"},{"@type":"Person","@id":"https:\/\/akunq.net\/tr\/#\/schema\/person\/096f1d38a12cce57fb855b485ed24c9e","name":"admin","url":"https:\/\/akunq.net\/tr\/?author=7"}]}},"_links":{"self":[{"href":"https:\/\/akunq.net\/tr\/index.php?rest_route=\/wp\/v2\/posts\/53644","targetHints":{"allow":["GET"]}}],"collection":[{"href":"https:\/\/akunq.net\/tr\/index.php?rest_route=\/wp\/v2\/posts"}],"about":[{"href":"https:\/\/akunq.net\/tr\/index.php?rest_route=\/wp\/v2\/types\/post"}],"author":[{"embeddable":true,"href":"https:\/\/akunq.net\/tr\/index.php?rest_route=\/wp\/v2\/users\/7"}],"replies":[{"embeddable":true,"href":"https:\/\/akunq.net\/tr\/index.php?rest_route=%2Fwp%2Fv2%2Fcomments&post=53644"}],"version-history":[{"count":1,"href":"https:\/\/akunq.net\/tr\/index.php?rest_route=\/wp\/v2\/posts\/53644\/revisions"}],"predecessor-version":[{"id":53646,"href":"https:\/\/akunq.net\/tr\/index.php?rest_route=\/wp\/v2\/posts\/53644\/revisions\/53646"}],"wp:featuredmedia":[{"embeddable":true,"href":"https:\/\/akunq.net\/tr\/index.php?rest_route=\/wp\/v2\/media\/53645"}],"wp:attachment":[{"href":"https:\/\/akunq.net\/tr\/index.php?rest_route=%2Fwp%2Fv2%2Fmedia&parent=53644"}],"wp:term":[{"taxonomy":"category","embeddable":true,"href":"https:\/\/akunq.net\/tr\/index.php?rest_route=%2Fwp%2Fv2%2Fcategories&post=53644"},{"taxonomy":"post_tag","embeddable":true,"href":"https:\/\/akunq.net\/tr\/index.php?rest_route=%2Fwp%2Fv2%2Ftags&post=53644"}],"curies":[{"name":"wp","href":"https:\/\/api.w.org\/{rel}","templated":true}]}}