{"id":53090,"date":"2019-05-22T09:26:25","date_gmt":"2019-05-22T14:26:25","guid":{"rendered":"http:\/\/akunq.net\/tr\/?p=53090"},"modified":"2019-05-22T09:26:25","modified_gmt":"2019-05-22T14:26:25","slug":"pontos-soykiriminin-100-yil-donumu","status":"publish","type":"post","link":"https:\/\/akunq.net\/tr\/?p=53090","title":{"rendered":"Pontos Soyk\u0131r\u0131m\u0131n\u0131n 100. y\u0131l d\u00f6n\u00fcm\u00fc"},"content":{"rendered":"<p><a href=\"http:\/\/akunq.net\/tr\/?attachment_id=53091\" rel=\"attachment wp-att-53091\"><img loading=\"lazy\" decoding=\"async\" class=\"alignright size-medium wp-image-53091\" src=\"http:\/\/akunq.net\/tr\/wp-content\/uploads\/2019\/05\/Pontos-Soyk\u0131r\u0131m\u0131-360x189.jpg\" alt=\"\" width=\"360\" height=\"189\" srcset=\"https:\/\/akunq.net\/tr\/wp-content\/uploads\/sites\/6\/2019\/05\/Pontos-Soyk\u0131r\u0131m\u0131-360x189.jpg 360w, https:\/\/akunq.net\/tr\/wp-content\/uploads\/sites\/6\/2019\/05\/Pontos-Soyk\u0131r\u0131m\u0131-768x404.jpg 768w, https:\/\/akunq.net\/tr\/wp-content\/uploads\/sites\/6\/2019\/05\/Pontos-Soyk\u0131r\u0131m\u0131-560x294.jpg 560w, https:\/\/akunq.net\/tr\/wp-content\/uploads\/sites\/6\/2019\/05\/Pontos-Soyk\u0131r\u0131m\u0131-260x137.jpg 260w, https:\/\/akunq.net\/tr\/wp-content\/uploads\/sites\/6\/2019\/05\/Pontos-Soyk\u0131r\u0131m\u0131-160x84.jpg 160w, https:\/\/akunq.net\/tr\/wp-content\/uploads\/sites\/6\/2019\/05\/Pontos-Soyk\u0131r\u0131m\u0131.jpg 1024w\" sizes=\"auto, (max-width: 360px) 100vw, 360px\" \/><\/a><\/p>\n<p><strong>Cengiz Aktar<\/strong><\/p>\n<p><strong><em>Pontos Soyk\u0131r\u0131m\u0131\u2019n\u0131n y\u0131llara yay\u0131lm\u0131\u015f ama irad\u00ee bir yok etme s\u00fcreci oldu\u011fu bug\u00fcne kadar a\u011f\u0131rl\u0131kl\u0131 olarak yurtd\u0131\u015f\u0131nda yap\u0131lm\u0131\u015f \u00e7al\u0131\u015fmalardan anla\u015f\u0131l\u0131yor. Memlekette ise konu ink\u00e2r ediliyor; ya hi\u00e7 bilinmiyor ya resm\u00ee tarihin tahrifat\u0131 sonucunda yanl\u0131\u015f biliniyor.<\/em><\/strong><\/p>\n<p>Akademinin ilgisi s\u0131f\u0131r, kanaat \u00f6nderlerinde g\u00f6zle g\u00f6r\u00fcl\u00fcr bir \u00e7aba yok. \u00dcstelik rejimin bunalt\u0131c\u0131 bask\u0131s\u0131 19 May\u0131s\u2019a rejim kar\u015f\u0131t\u0131 ola\u011fan\u00fcst\u00fc bir anlam y\u00fcklemi\u015fken kimsenin di\u011fer 19 May\u0131s\u2019\u0131 g\u00f6recek niyeti yok, rejim var olduk\u00e7a da olmayacak.<\/p>\n<p>Ermeni Soyk\u0131r\u0131m\u0131 ve Seyfo yani S\u00fcryani Soyk\u0131r\u0131m\u0131 s\u0131n\u0131rl\u0131 da olsa ara\u015ft\u0131r\u0131l\u0131rken Pontos Soyk\u0131r\u0131m\u0131 \u00fczerine \u00e7ok az do\u011fru bilgi var. (\u00c7ilingir\u2019in \u201cPontos Ger\u00e7e\u011fi\u201d kitab\u0131na il\u00e2veten Serdar Korucu ve Emre Can Da\u011fl\u0131o\u011flu\u2019nun ge\u00e7en y\u0131l bu zamanlar Agos\u2019ta \u00e7\u0131kan makalesini \u00f6neririm).<\/p>\n<p>Karadeniz k\u0131y\u0131lar\u0131n\u0131n Rum ge\u00e7mi\u015fi ve bug\u00fcn\u00fc, b\u0131rak\u0131n tart\u0131\u015fmay\u0131, alenen k\u00fcf\u00fcr, hakaret ve lin\u00e7 vesilesi. Taptaze \u00f6rne\u011fi bir AKP\u2019linin Rumluk \u00fczerinden etti\u011fi hakarete verilen cevaplar\u0131n en az o hakaret kadar hakaretamiz olmas\u0131yd\u0131. Bu aralar pek \u00e7ok demokrat\u0131n bel ba\u011flad\u0131\u011f\u0131 \u201cDemokrasi \u0130ttifak\u0131\u201dn\u0131n bile\u015feni \u0130Y\u0130 Parti vekili L\u00fctfi T\u00fcrkkan\u2019\u0131n utan\u00e7 verici payla\u015f\u0131m\u0131 \u015furada.<\/p>\n<p>Pontos, resm\u00ee T\u00fcrkiye\u2019nin duymak dah\u00ee istemedi\u011fi bir konu. Cumartesi Ankara\u2019da D\u00fc\u015f\u00fcnceye \u00d6zg\u00fcrl\u00fck Giri\u015fimi\u2019nin Pontos toplant\u0131s\u0131 vil\u00e2yet\u00e7e yasaklan\u0131verdi. D\u0131\u015fi\u015flerinin 11 May\u0131s 2006 tarihli \u201cS\u00f6zde Pontus Helenizmi Soyk\u0131r\u0131m\u0131 An\u0131t\u0131\u201d ba\u015fl\u0131kl\u0131 ayar\u0131 bu \u201ctam siper\u201d savunmay\u0131 \u00f6zetliyor:<\/p>\n<p>\u201c(\u2026) S\u00f6zde \u2018Pontus soyk\u0131r\u0131m\u0131\u2019 iddialar\u0131n\u0131n hi\u00e7bir tarih\u00ee ve bilimsel temeli mevcut olmay\u0131p, tarihsel ger\u00e7eklerin sapt\u0131r\u0131lmas\u0131ndan ibarettir. Yunanl\u0131 yetkililere ve akademisyenlere iki \u00fclke ili\u015fkilerine zarar verecek bu t\u00fcr s\u00f6ylemlerle ortaya \u00e7\u0131kmalar\u0131 yerine tarih\u00ee olaylar\u0131 objektif \u015fekilde de\u011ferlendirmelerini \u00f6neririz. (\u2026) Hi\u00e7bir dayana\u011f\u0131 olmayan iddialara konu olan bu ad\u0131m\u0131n T\u00fcrkiye ile Yunanistan aras\u0131nda geli\u015ftirmeye \u00e7al\u0131\u015ft\u0131\u011f\u0131m\u0131z i\u015fbirli\u011fi ve diyalog ruhuyla uyu\u015fmad\u0131\u011f\u0131 y\u00f6n\u00fcndeki g\u00f6r\u00fc\u015f\u00fcm\u00fcz\u00fc bu vesileyle bir kez daha yinelemek istiyoruz.\u201d<\/p>\n<p>Memleketteki k\u00f6rk\u00fct\u00fck ink\u00e2ra ra\u011fmen konu yurtd\u0131\u015f\u0131nda epeydir g\u00fcndemde. Bug\u00fcne dek neler yap\u0131ld\u0131\u011f\u0131n\u0131 \u00f6\u011frenmek i\u00e7in tarih\u00e7i Taner Ak\u00e7am\u2019a dan\u0131\u015ft\u0131m.<\/p>\n<p>19. y\u00fczy\u0131l sonundan itibaren Rumlar ve S\u00fcryanilere yap\u0131lanlar\u0131 Ermenilere yap\u0131lan soyk\u0131r\u0131m ile birlikte ele alma \u00e7abalar\u0131 yeni de\u011fil. ABD\u2019de 2000\u2019lerin ortas\u0131nda ba\u015fl\u0131yor. 2011\u2019de Chicago\u2019da Ermeni Zoryan Enstit\u00fcs\u00fc model olarak al\u0131narak kurulan \u201cThe Asia Minor and Pontus Hellenic Research Center\u201d bir d\u00f6n\u00fcm noktas\u0131. Merkezi kurmada yo\u011fun \u00e7aba harcayan George Mavropoulos.<\/p>\n<p>En hayat\u00ee deste\u011fi de h\u00e2liyle Zoryan Enstit\u00fcs\u00fc ve direkt\u00f6r\u00fc George Shrinian veriyor. Mavropoulos i\u015fe bir\u00e7ok konferans d\u00fczenleyerek ba\u015fl\u0131yor. \u0130lk konferans 2008\u2019de, ikincisi 2009\u2019da yap\u0131l\u0131yor. Akabinde \u00fc\u00e7 konferans daha organize ediliyor. Konferanslar kitap olarak yay\u0131mlan\u0131yor. \u0130lk kitap, \u201cThe Asia Minor Catastrophe and the Ottoman Greek Genocide\u201d ba\u015fl\u0131\u011f\u0131 ile 2012 y\u0131l\u0131nda \u00e7\u0131k\u0131yor. \u0130kincisi 2017\u2019de \u201cGenocide in the Ottoman Empire: Armenians, Assyrians, and Greeks\u201d ba\u015fl\u0131\u011f\u0131 ile yay\u0131mlan\u0131yor.<\/p>\n<p>Osmanl\u0131 Soyk\u0131r\u0131m \u00e7al\u0131\u015fmalar\u0131 b\u00e2b\u0131nda ayba\u015f\u0131nda Sel\u00e2nik\u2019te bir ilk ya\u015fand\u0131. Aristoteles \u00dcniversitesi \u201cOsmanl\u0131 \u0130mparatorlu\u011fu\u2019nun Hristiyan N\u00fcfusunun Soyk\u0131r\u0131m\u0131 ve Sonras\u0131, 1908-1923\u201d ba\u015fl\u0131kl\u0131 bir konferansa evsahipli\u011fi yapt\u0131. Bir ilk, zira 2008\u2019den beri akademinin bu konuya el atmas\u0131 i\u00e7in u\u011fra\u015f\u0131l\u0131yor. \u00c7al\u0131\u015fmalar\u0131n akademi b\u00fcnyesinde devam edecek olmas\u0131 \u00e7ok \u00f6nemli bir d\u00f6n\u00fcm noktas\u0131. \u00dcstelik eskiden herkes kendi mahallesinde kendi soyk\u0131r\u0131m\u0131n\u0131 konu\u015furdu, bundan b\u00f6yle Osmanl\u0131n\u0131n Gayrim\u00fcslim n\u00fcfusunun yok edilme s\u00fcre\u00e7leri giderek daha bariz bi\u00e7imde ve dolay\u0131s\u0131yla daha bilimsel bir yakla\u015f\u0131mla, birlikte ele al\u0131naca\u011fa benziyor.<\/p>\n<p>T\u00fcrkiye, y\u00fczy\u0131ll\u0131k d\u00f6n\u00fcmler sayesinde hat\u0131rlama, \u00f6\u011frenme, anlama, irdeleme, y\u00fczle\u015fme ve iyile\u015fme f\u0131rsat\u0131n\u0131 ka\u00e7\u0131rd\u0131. H\u00e2lbuki bug\u00fcn\u00fcm\u00fcz a\u011f\u0131rl\u0131kl\u0131 olarak 1908\u2019den itibaren \u015fekillenmeye ba\u015flad\u0131. \u0130kinci Me\u015frutiyet, Balkan Harbi, B\u00e2b-\u0131 \u00c2li Bask\u0131n\u0131, Cihan Harbi, Soyk\u0131r\u0131mlar, Sevr Antla\u015fmas\u0131 ve \u00f6n\u00fcm\u00fczdeki y\u0131llarda idrak edilecek y\u00fczy\u0131l d\u00f6n\u00fcmleri ne toplumun ne akademinin ne kanaat \u00f6nderlerinin umurunda. Mill\u00ee, yerli ve resm\u00ee ezberler herkese yetiyor. D\u00fcnyada yap\u0131lan \u00e7al\u0131\u015fma ve ara\u015ft\u0131rmalar da tezvirat olarak a\u015fa\u011f\u0131lan\u0131yor. \u00d6yle olunca da kronik hastal\u0131klar n\u00fcksedip duruyor.<\/p>\n<p>Bu d\u00f6n\u00fcmlerden biri olan 1919 Pontos Soyk\u0131r\u0131m\u0131 m\u00fcnasebetiyle, Gayrim\u00fcslimlerin tamamen yok edildi\u011fi T\u00fcrkiye\u2019nin, bulundu\u011fu b\u00f6lgede dinen en homojen ve ayn\u0131 zamanda en steril memleket h\u00e2line geldi\u011fini hat\u0131rlatay\u0131m. Keza Cumhuriyetin bu temel \u00fczerinde y\u00fckseldi\u011fini. Hakeza bu dev\u00e2sa medeniyet kay\u0131plar\u0131n\u0131 idrak etmedik\u00e7e kat\u2019iyen normalle\u015femeyece\u011fimizi\u2026<\/p>\n<p><a href=\"https:\/\/ahval.me\/tr\/pontus-soykirimi\/pontos-soykiriminin-100-yil-donumu\"><strong><em>Ahval News<\/em><\/strong><\/a><\/p>\n<p>&nbsp;<\/p>\n","protected":false},"excerpt":{"rendered":"<p>Cengiz Aktar Pontos Soyk\u0131r\u0131m\u0131\u2019n\u0131n y\u0131llara yay\u0131lm\u0131\u015f ama irad\u00ee bir yok etme s\u00fcreci oldu\u011fu bug\u00fcne kadar a\u011f\u0131rl\u0131kl\u0131 olarak yurtd\u0131\u015f\u0131nda yap\u0131lm\u0131\u015f \u00e7al\u0131\u015fmalardan anla\u015f\u0131l\u0131yor. Memlekette ise konu ink\u00e2r ediliyor; ya hi\u00e7 bilinmiyor ya resm\u00ee tarihin tahrifat\u0131 sonucunda yanl\u0131\u015f biliniyor. Akademinin ilgisi s\u0131f\u0131r, kanaat \u00f6nderlerinde g\u00f6zle g\u00f6r\u00fcl\u00fcr bir \u00e7aba yok. \u00dcstelik rejimin bunalt\u0131c\u0131 bask\u0131s\u0131 19 May\u0131s\u2019a rejim kar\u015f\u0131t\u0131 ola\u011fan\u00fcst\u00fc [&hellip;]<\/p>\n","protected":false},"author":7,"featured_media":53092,"comment_status":"open","ping_status":"open","sticky":false,"template":"","format":"standard","meta":{"footnotes":""},"categories":[1,70,53],"tags":[],"class_list":["post-53090","post","type-post","status-publish","format-standard","has-post-thumbnail","hentry","category-haberler","category-makaleler","category-turkiyede-azinliklar"],"yoast_head":"<!-- This site is optimized with the Yoast SEO plugin v27.4 - https:\/\/yoast.com\/product\/yoast-seo-wordpress\/ -->\n<title>Pontos Soyk\u0131r\u0131m\u0131n\u0131n 100. y\u0131l d\u00f6n\u00fcm\u00fc - Bati Ermenistan Ve Bati Ermenileri Sorunlari Ara\u015ftirmalar Merkezi<\/title>\n<meta name=\"robots\" content=\"index, follow, max-snippet:-1, max-image-preview:large, max-video-preview:-1\" \/>\n<link rel=\"canonical\" href=\"https:\/\/akunq.net\/tr\/?p=53090\" \/>\n<meta property=\"og:locale\" content=\"en_US\" \/>\n<meta property=\"og:type\" content=\"article\" \/>\n<meta property=\"og:title\" content=\"Pontos Soyk\u0131r\u0131m\u0131n\u0131n 100. y\u0131l d\u00f6n\u00fcm\u00fc - Bati Ermenistan Ve Bati Ermenileri Sorunlari Ara\u015ftirmalar Merkezi\" \/>\n<meta property=\"og:description\" content=\"Cengiz Aktar Pontos Soyk\u0131r\u0131m\u0131\u2019n\u0131n y\u0131llara yay\u0131lm\u0131\u015f ama irad\u00ee bir yok etme s\u00fcreci oldu\u011fu bug\u00fcne kadar a\u011f\u0131rl\u0131kl\u0131 olarak yurtd\u0131\u015f\u0131nda yap\u0131lm\u0131\u015f \u00e7al\u0131\u015fmalardan anla\u015f\u0131l\u0131yor. Memlekette ise konu ink\u00e2r ediliyor; ya hi\u00e7 bilinmiyor ya resm\u00ee tarihin tahrifat\u0131 sonucunda yanl\u0131\u015f biliniyor. Akademinin ilgisi s\u0131f\u0131r, kanaat \u00f6nderlerinde g\u00f6zle g\u00f6r\u00fcl\u00fcr bir \u00e7aba yok. \u00dcstelik rejimin bunalt\u0131c\u0131 bask\u0131s\u0131 19 May\u0131s\u2019a rejim kar\u015f\u0131t\u0131 ola\u011fan\u00fcst\u00fc [&hellip;]\" \/>\n<meta property=\"og:url\" content=\"https:\/\/akunq.net\/tr\/?p=53090\" \/>\n<meta property=\"og:site_name\" content=\"Bati Ermenistan Ve Bati Ermenileri Sorunlari Ara\u015ftirmalar Merkezi\" \/>\n<meta property=\"article:published_time\" content=\"2019-05-22T14:26:25+00:00\" \/>\n<meta property=\"og:image\" content=\"https:\/\/akunq.net\/tr\/wp-content\/uploads\/sites\/6\/2019\/05\/Pontos-Soyk\u0131r\u0131m\u0131-1.jpg\" \/>\n\t<meta property=\"og:image:width\" content=\"1024\" \/>\n\t<meta property=\"og:image:height\" content=\"538\" \/>\n\t<meta property=\"og:image:type\" content=\"image\/jpeg\" \/>\n<meta name=\"author\" content=\"admin\" \/>\n<meta name=\"twitter:card\" content=\"summary_large_image\" \/>\n<meta name=\"twitter:label1\" content=\"Written by\" \/>\n\t<meta name=\"twitter:data1\" content=\"admin\" \/>\n\t<meta name=\"twitter:label2\" content=\"Est. reading time\" \/>\n\t<meta name=\"twitter:data2\" content=\"4 minutes\" \/>\n<script type=\"application\/ld+json\" class=\"yoast-schema-graph\">{\"@context\":\"https:\\\/\\\/schema.org\",\"@graph\":[{\"@type\":\"Article\",\"@id\":\"https:\\\/\\\/akunq.net\\\/tr\\\/?p=53090#article\",\"isPartOf\":{\"@id\":\"https:\\\/\\\/akunq.net\\\/tr\\\/?p=53090\"},\"author\":{\"name\":\"admin\",\"@id\":\"https:\\\/\\\/akunq.net\\\/tr\\\/#\\\/schema\\\/person\\\/096f1d38a12cce57fb855b485ed24c9e\"},\"headline\":\"Pontos Soyk\u0131r\u0131m\u0131n\u0131n 100. y\u0131l d\u00f6n\u00fcm\u00fc\",\"datePublished\":\"2019-05-22T14:26:25+00:00\",\"mainEntityOfPage\":{\"@id\":\"https:\\\/\\\/akunq.net\\\/tr\\\/?p=53090\"},\"wordCount\":889,\"commentCount\":0,\"image\":{\"@id\":\"https:\\\/\\\/akunq.net\\\/tr\\\/?p=53090#primaryimage\"},\"thumbnailUrl\":\"https:\\\/\\\/akunq.net\\\/tr\\\/wp-content\\\/uploads\\\/sites\\\/6\\\/2019\\\/05\\\/Pontos-Soyk\u0131r\u0131m\u0131-1.jpg\",\"articleSection\":[\"Haberler\",\"Makaleler\",\"T\u00fcrkiye\u2019de Az\u0131nl\u0131klar\"],\"inLanguage\":\"en-US\",\"potentialAction\":[{\"@type\":\"CommentAction\",\"name\":\"Comment\",\"target\":[\"https:\\\/\\\/akunq.net\\\/tr\\\/?p=53090#respond\"]}]},{\"@type\":\"WebPage\",\"@id\":\"https:\\\/\\\/akunq.net\\\/tr\\\/?p=53090\",\"url\":\"https:\\\/\\\/akunq.net\\\/tr\\\/?p=53090\",\"name\":\"Pontos Soyk\u0131r\u0131m\u0131n\u0131n 100. y\u0131l d\u00f6n\u00fcm\u00fc - Bati Ermenistan Ve Bati Ermenileri Sorunlari Ara\u015ftirmalar Merkezi\",\"isPartOf\":{\"@id\":\"https:\\\/\\\/akunq.net\\\/tr\\\/#website\"},\"primaryImageOfPage\":{\"@id\":\"https:\\\/\\\/akunq.net\\\/tr\\\/?p=53090#primaryimage\"},\"image\":{\"@id\":\"https:\\\/\\\/akunq.net\\\/tr\\\/?p=53090#primaryimage\"},\"thumbnailUrl\":\"https:\\\/\\\/akunq.net\\\/tr\\\/wp-content\\\/uploads\\\/sites\\\/6\\\/2019\\\/05\\\/Pontos-Soyk\u0131r\u0131m\u0131-1.jpg\",\"datePublished\":\"2019-05-22T14:26:25+00:00\",\"author\":{\"@id\":\"https:\\\/\\\/akunq.net\\\/tr\\\/#\\\/schema\\\/person\\\/096f1d38a12cce57fb855b485ed24c9e\"},\"breadcrumb\":{\"@id\":\"https:\\\/\\\/akunq.net\\\/tr\\\/?p=53090#breadcrumb\"},\"inLanguage\":\"en-US\",\"potentialAction\":[{\"@type\":\"ReadAction\",\"target\":[\"https:\\\/\\\/akunq.net\\\/tr\\\/?p=53090\"]}]},{\"@type\":\"ImageObject\",\"inLanguage\":\"en-US\",\"@id\":\"https:\\\/\\\/akunq.net\\\/tr\\\/?p=53090#primaryimage\",\"url\":\"https:\\\/\\\/akunq.net\\\/tr\\\/wp-content\\\/uploads\\\/sites\\\/6\\\/2019\\\/05\\\/Pontos-Soyk\u0131r\u0131m\u0131-1.jpg\",\"contentUrl\":\"https:\\\/\\\/akunq.net\\\/tr\\\/wp-content\\\/uploads\\\/sites\\\/6\\\/2019\\\/05\\\/Pontos-Soyk\u0131r\u0131m\u0131-1.jpg\",\"width\":1024,\"height\":538},{\"@type\":\"BreadcrumbList\",\"@id\":\"https:\\\/\\\/akunq.net\\\/tr\\\/?p=53090#breadcrumb\",\"itemListElement\":[{\"@type\":\"ListItem\",\"position\":1,\"name\":\"Home\",\"item\":\"https:\\\/\\\/akunq.net\\\/tr\"},{\"@type\":\"ListItem\",\"position\":2,\"name\":\"Pontos Soyk\u0131r\u0131m\u0131n\u0131n 100. y\u0131l d\u00f6n\u00fcm\u00fc\"}]},{\"@type\":\"WebSite\",\"@id\":\"https:\\\/\\\/akunq.net\\\/tr\\\/#website\",\"url\":\"https:\\\/\\\/akunq.net\\\/tr\\\/\",\"name\":\"Bati Ermenistan Ve Bati Ermenileri Sorunlari Ara\u015ftirmalar Merkezi\",\"description\":\"\",\"potentialAction\":[{\"@type\":\"SearchAction\",\"target\":{\"@type\":\"EntryPoint\",\"urlTemplate\":\"https:\\\/\\\/akunq.net\\\/tr\\\/?s={search_term_string}\"},\"query-input\":{\"@type\":\"PropertyValueSpecification\",\"valueRequired\":true,\"valueName\":\"search_term_string\"}}],\"inLanguage\":\"en-US\"},{\"@type\":\"Person\",\"@id\":\"https:\\\/\\\/akunq.net\\\/tr\\\/#\\\/schema\\\/person\\\/096f1d38a12cce57fb855b485ed24c9e\",\"name\":\"admin\",\"url\":\"https:\\\/\\\/akunq.net\\\/tr\\\/?author=7\"}]}<\/script>\n<!-- \/ Yoast SEO plugin. -->","yoast_head_json":{"title":"Pontos Soyk\u0131r\u0131m\u0131n\u0131n 100. y\u0131l d\u00f6n\u00fcm\u00fc - Bati Ermenistan Ve Bati Ermenileri Sorunlari Ara\u015ftirmalar Merkezi","robots":{"index":"index","follow":"follow","max-snippet":"max-snippet:-1","max-image-preview":"max-image-preview:large","max-video-preview":"max-video-preview:-1"},"canonical":"https:\/\/akunq.net\/tr\/?p=53090","og_locale":"en_US","og_type":"article","og_title":"Pontos Soyk\u0131r\u0131m\u0131n\u0131n 100. y\u0131l d\u00f6n\u00fcm\u00fc - Bati Ermenistan Ve Bati Ermenileri Sorunlari Ara\u015ftirmalar Merkezi","og_description":"Cengiz Aktar Pontos Soyk\u0131r\u0131m\u0131\u2019n\u0131n y\u0131llara yay\u0131lm\u0131\u015f ama irad\u00ee bir yok etme s\u00fcreci oldu\u011fu bug\u00fcne kadar a\u011f\u0131rl\u0131kl\u0131 olarak yurtd\u0131\u015f\u0131nda yap\u0131lm\u0131\u015f \u00e7al\u0131\u015fmalardan anla\u015f\u0131l\u0131yor. Memlekette ise konu ink\u00e2r ediliyor; ya hi\u00e7 bilinmiyor ya resm\u00ee tarihin tahrifat\u0131 sonucunda yanl\u0131\u015f biliniyor. Akademinin ilgisi s\u0131f\u0131r, kanaat \u00f6nderlerinde g\u00f6zle g\u00f6r\u00fcl\u00fcr bir \u00e7aba yok. \u00dcstelik rejimin bunalt\u0131c\u0131 bask\u0131s\u0131 19 May\u0131s\u2019a rejim kar\u015f\u0131t\u0131 ola\u011fan\u00fcst\u00fc [&hellip;]","og_url":"https:\/\/akunq.net\/tr\/?p=53090","og_site_name":"Bati Ermenistan Ve Bati Ermenileri Sorunlari Ara\u015ftirmalar Merkezi","article_published_time":"2019-05-22T14:26:25+00:00","og_image":[{"width":1024,"height":538,"url":"https:\/\/akunq.net\/tr\/wp-content\/uploads\/sites\/6\/2019\/05\/Pontos-Soyk\u0131r\u0131m\u0131-1.jpg","type":"image\/jpeg"}],"author":"admin","twitter_card":"summary_large_image","twitter_misc":{"Written by":"admin","Est. reading time":"4 minutes"},"schema":{"@context":"https:\/\/schema.org","@graph":[{"@type":"Article","@id":"https:\/\/akunq.net\/tr\/?p=53090#article","isPartOf":{"@id":"https:\/\/akunq.net\/tr\/?p=53090"},"author":{"name":"admin","@id":"https:\/\/akunq.net\/tr\/#\/schema\/person\/096f1d38a12cce57fb855b485ed24c9e"},"headline":"Pontos Soyk\u0131r\u0131m\u0131n\u0131n 100. y\u0131l d\u00f6n\u00fcm\u00fc","datePublished":"2019-05-22T14:26:25+00:00","mainEntityOfPage":{"@id":"https:\/\/akunq.net\/tr\/?p=53090"},"wordCount":889,"commentCount":0,"image":{"@id":"https:\/\/akunq.net\/tr\/?p=53090#primaryimage"},"thumbnailUrl":"https:\/\/akunq.net\/tr\/wp-content\/uploads\/sites\/6\/2019\/05\/Pontos-Soyk\u0131r\u0131m\u0131-1.jpg","articleSection":["Haberler","Makaleler","T\u00fcrkiye\u2019de Az\u0131nl\u0131klar"],"inLanguage":"en-US","potentialAction":[{"@type":"CommentAction","name":"Comment","target":["https:\/\/akunq.net\/tr\/?p=53090#respond"]}]},{"@type":"WebPage","@id":"https:\/\/akunq.net\/tr\/?p=53090","url":"https:\/\/akunq.net\/tr\/?p=53090","name":"Pontos Soyk\u0131r\u0131m\u0131n\u0131n 100. y\u0131l d\u00f6n\u00fcm\u00fc - Bati Ermenistan Ve Bati Ermenileri Sorunlari Ara\u015ftirmalar Merkezi","isPartOf":{"@id":"https:\/\/akunq.net\/tr\/#website"},"primaryImageOfPage":{"@id":"https:\/\/akunq.net\/tr\/?p=53090#primaryimage"},"image":{"@id":"https:\/\/akunq.net\/tr\/?p=53090#primaryimage"},"thumbnailUrl":"https:\/\/akunq.net\/tr\/wp-content\/uploads\/sites\/6\/2019\/05\/Pontos-Soyk\u0131r\u0131m\u0131-1.jpg","datePublished":"2019-05-22T14:26:25+00:00","author":{"@id":"https:\/\/akunq.net\/tr\/#\/schema\/person\/096f1d38a12cce57fb855b485ed24c9e"},"breadcrumb":{"@id":"https:\/\/akunq.net\/tr\/?p=53090#breadcrumb"},"inLanguage":"en-US","potentialAction":[{"@type":"ReadAction","target":["https:\/\/akunq.net\/tr\/?p=53090"]}]},{"@type":"ImageObject","inLanguage":"en-US","@id":"https:\/\/akunq.net\/tr\/?p=53090#primaryimage","url":"https:\/\/akunq.net\/tr\/wp-content\/uploads\/sites\/6\/2019\/05\/Pontos-Soyk\u0131r\u0131m\u0131-1.jpg","contentUrl":"https:\/\/akunq.net\/tr\/wp-content\/uploads\/sites\/6\/2019\/05\/Pontos-Soyk\u0131r\u0131m\u0131-1.jpg","width":1024,"height":538},{"@type":"BreadcrumbList","@id":"https:\/\/akunq.net\/tr\/?p=53090#breadcrumb","itemListElement":[{"@type":"ListItem","position":1,"name":"Home","item":"https:\/\/akunq.net\/tr"},{"@type":"ListItem","position":2,"name":"Pontos Soyk\u0131r\u0131m\u0131n\u0131n 100. y\u0131l d\u00f6n\u00fcm\u00fc"}]},{"@type":"WebSite","@id":"https:\/\/akunq.net\/tr\/#website","url":"https:\/\/akunq.net\/tr\/","name":"Bati Ermenistan Ve Bati Ermenileri Sorunlari Ara\u015ftirmalar Merkezi","description":"","potentialAction":[{"@type":"SearchAction","target":{"@type":"EntryPoint","urlTemplate":"https:\/\/akunq.net\/tr\/?s={search_term_string}"},"query-input":{"@type":"PropertyValueSpecification","valueRequired":true,"valueName":"search_term_string"}}],"inLanguage":"en-US"},{"@type":"Person","@id":"https:\/\/akunq.net\/tr\/#\/schema\/person\/096f1d38a12cce57fb855b485ed24c9e","name":"admin","url":"https:\/\/akunq.net\/tr\/?author=7"}]}},"_links":{"self":[{"href":"https:\/\/akunq.net\/tr\/index.php?rest_route=\/wp\/v2\/posts\/53090","targetHints":{"allow":["GET"]}}],"collection":[{"href":"https:\/\/akunq.net\/tr\/index.php?rest_route=\/wp\/v2\/posts"}],"about":[{"href":"https:\/\/akunq.net\/tr\/index.php?rest_route=\/wp\/v2\/types\/post"}],"author":[{"embeddable":true,"href":"https:\/\/akunq.net\/tr\/index.php?rest_route=\/wp\/v2\/users\/7"}],"replies":[{"embeddable":true,"href":"https:\/\/akunq.net\/tr\/index.php?rest_route=%2Fwp%2Fv2%2Fcomments&post=53090"}],"version-history":[{"count":1,"href":"https:\/\/akunq.net\/tr\/index.php?rest_route=\/wp\/v2\/posts\/53090\/revisions"}],"predecessor-version":[{"id":53093,"href":"https:\/\/akunq.net\/tr\/index.php?rest_route=\/wp\/v2\/posts\/53090\/revisions\/53093"}],"wp:featuredmedia":[{"embeddable":true,"href":"https:\/\/akunq.net\/tr\/index.php?rest_route=\/wp\/v2\/media\/53092"}],"wp:attachment":[{"href":"https:\/\/akunq.net\/tr\/index.php?rest_route=%2Fwp%2Fv2%2Fmedia&parent=53090"}],"wp:term":[{"taxonomy":"category","embeddable":true,"href":"https:\/\/akunq.net\/tr\/index.php?rest_route=%2Fwp%2Fv2%2Fcategories&post=53090"},{"taxonomy":"post_tag","embeddable":true,"href":"https:\/\/akunq.net\/tr\/index.php?rest_route=%2Fwp%2Fv2%2Ftags&post=53090"}],"curies":[{"name":"wp","href":"https:\/\/api.w.org\/{rel}","templated":true}]}}