{"id":51665,"date":"2019-03-04T03:11:56","date_gmt":"2019-03-04T08:11:56","guid":{"rendered":"http:\/\/akunq.net\/tr\/?p=51665"},"modified":"2019-03-04T03:11:56","modified_gmt":"2019-03-04T08:11:56","slug":"pontos-rum-soykiriminin-asil-kurbani-kadinlardi-tamer-cilingir","status":"publish","type":"post","link":"https:\/\/akunq.net\/tr\/?p=51665","title":{"rendered":"Pontos Rum Soyk\u0131r\u0131m\u0131&#8217;n\u0131n as\u0131l kurban\u0131 kad\u0131nlard\u0131 &#8211; Tamer \u00c7ilingir"},"content":{"rendered":"<p><a href=\"http:\/\/akunq.net\/tr\/?attachment_id=51666\" rel=\"attachment wp-att-51666\"><img loading=\"lazy\" decoding=\"async\" class=\"aligncenter size-full wp-image-51666\" src=\"http:\/\/akunq.net\/tr\/wp-content\/uploads\/2019\/03\/Pontos-Rum-Soyk\u0131r\u0131m\u0131.jpg\" alt=\"\" width=\"1456\" height=\"1162\" srcset=\"https:\/\/akunq.net\/tr\/wp-content\/uploads\/sites\/6\/2019\/03\/Pontos-Rum-Soyk\u0131r\u0131m\u0131.jpg 1456w, https:\/\/akunq.net\/tr\/wp-content\/uploads\/sites\/6\/2019\/03\/Pontos-Rum-Soyk\u0131r\u0131m\u0131-338x270.jpg 338w, https:\/\/akunq.net\/tr\/wp-content\/uploads\/sites\/6\/2019\/03\/Pontos-Rum-Soyk\u0131r\u0131m\u0131-768x613.jpg 768w, https:\/\/akunq.net\/tr\/wp-content\/uploads\/sites\/6\/2019\/03\/Pontos-Rum-Soyk\u0131r\u0131m\u0131-560x447.jpg 560w, https:\/\/akunq.net\/tr\/wp-content\/uploads\/sites\/6\/2019\/03\/Pontos-Rum-Soyk\u0131r\u0131m\u0131-260x208.jpg 260w, https:\/\/akunq.net\/tr\/wp-content\/uploads\/sites\/6\/2019\/03\/Pontos-Rum-Soyk\u0131r\u0131m\u0131-160x128.jpg 160w\" sizes=\"auto, (max-width: 1456px) 100vw, 1456px\" \/><\/a><\/p>\n<p><strong><em>Vah\u015fi katliamlarla yok olan on binlerce y\u00fcre\u011fi Pontos, sevdas\u0131 Pontos, ad\u0131 Pontos Rumu\/Helen olan 353 bin insan\u0131n neredeyse yar\u0131s\u0131 kad\u0131nd\u0131.\u00a0<\/em><\/strong><\/p>\n<p>Hasreti burnumuzda t\u00fcten Karadeniz\u2019e at\u0131larak bo\u011fularak \u00f6ld\u00fcr\u00fclenlerin yar\u0131s\u0131 kad\u0131nd\u0131.<\/p>\n<p>\u00d6l\u00fcm y\u00fcr\u00fcy\u00fc\u015flerinde a\u00e7l\u0131ktan, susuzluktan, dayaktan, zul\u00fcmden \u00f6lenler kad\u0131nd\u0131.<\/p>\n<p>E\u015flerinin, karde\u015flerinin g\u00f6zleri \u00f6n\u00fcnde tecav\u00fcze u\u011frayanlar kad\u0131nd\u0131.<\/p>\n<p>\u00c7ocuklar\u0131 kollar\u0131ndan kopar\u0131lanlar, haf\u0131zas\u0131z bir hayatla ya\u015famaya zorlananlar kad\u0131nd\u0131.<\/p>\n<p>Ya\u015fad\u0131klar\u0131 i\u00e7in dinlerini, dilleri de\u011fi\u015ftirmeleri dayat\u0131lanlar kad\u0131nd\u0131.<\/p>\n<p>Sa\u011f kalmaya bile \u015f\u00fckredecek derman\u0131, takati kalmayanlar kad\u0131nd\u0131.<\/p>\n<p>Ya\u015fad\u0131klar\u0131 s\u00fcre boyunca g\u00f6zya\u015flar\u0131n\u0131 gizli gizli ak\u0131tanlar, ibadetlerini gizli yapanlar, kaybettikleri yak\u0131nlar\u0131 i\u00e7in yas tutanlar kad\u0131nlard\u0131.<\/p>\n<p><strong>&#8216;RUMLAR YILANDIR. BU YILANLARIN ZEH\u0130RLER\u0130 KADINLARDIR&#8217;<\/strong><\/p>\n<p>9 Aral\u0131k 1920\u2019de Amasya\u2019da Pontoslu Rumlar\u0131 \/ Helenleri imha amac\u0131yla kurulan Merkez Ordusu\u2019nun komutan\u0131 Nurettin Pa\u015fa hakk\u0131nda Meclis taraf\u0131ndan a\u00e7\u0131lan soru\u015fturmada 3 Ocak 1922 tarihinde mecliste kendisini savundu\u011fu &#8220;izahnamesi&#8221;nde 3. maddeye yani &#8220;Rum sevki s\u0131ras\u0131nda herkesin g\u00f6z\u00fc \u00f6n\u00fcnde ya\u011fmac\u0131l\u0131\u011f\u0131n yap\u0131lmas\u0131&#8221; su\u00e7lamas\u0131na y\u00f6nelik &#8220;izahlar\u0131n\u0131n&#8221; bir b\u00f6l\u00fcm\u00fcnde kad\u0131nlardan ve ya\u015fl\u0131lardan s\u00f6z ediyor. Kad\u0131nlara, \u00e7ocuklara ve ya\u015fl\u0131lara y\u00f6nelik zalim tutumunu \u015fu c\u00fcmlelerle savunuyordu:<\/p>\n<p>&#8220;Kad\u0131nlara gelince: Pontusculukla me\u015fbu, erkeklerine fikren, bedenen, malen muavenet ettikleri hakikattir. Yatakl\u0131k, muhbirlik, cinayete te\u015fkar kad\u0131nlar da mahkemelere sevk edildiler. Fikrimizce, memleketimizdeki Rumlar bir y\u0131land\u0131r. Bu y\u0131lanlar\u0131n zehirleri kad\u0131nlard\u0131r. Bu y\u00fczden erkeklerle ayn\u0131 \u015feyi yapt\u0131k. \u00c7ocuklar\u0131ndan da ay\u0131rmad\u0131k\u2026&#8221;<\/p>\n<p><strong>AYDINLANMANIN \u00d6NC\u00dcS\u00dc KADINLAR<\/strong><\/p>\n<p>1846 y\u0131l\u0131nda kurulan Trabzon K\u0131z Okulu, 1873 y\u0131l\u0131nda kurulan G\u00fcm\u00fc\u015fhane K\u0131z Okulu\u2019nun ard\u0131ndan, Sinop, Amasya, Ordu, Safranbolu, Giresun \u015fehirlerinde kurulan k\u0131z okullar\u0131nda ekonomi, matematik, fizik, tarih, co\u011frafya ve Frans\u0131zca dersleri g\u00f6ren Pontoslu Rum\/Helen kad\u0131nlar ayd\u0131nlanman\u0131n \u00f6nc\u00fcl\u00fc\u011f\u00fcn\u00fc yap\u0131yorlard\u0131.\u00a0 \u0130stanbul\u2019a \u00fcniversite okumaya giden kad\u0131nlar, sanatla edebiyatla ilgilenen kad\u0131nlar modern d\u00fcnyan\u0131n Pontos\u2019taki y\u00fcz\u00fcyd\u00fcler. Trabzon\u2019da 1904 y\u0131l\u0131nda\u00a0 Vassino Aslanidou taraf\u0131ndan kurulan ilk kad\u0131n derne\u011fi\u00a0 &#8220;\u039c\u03ad\u03c1\u03b9\u03bc\u03bd\u03b1 \u03a0\u03bf\u03bd\u03c4\u03af\u03c9\u03bd \u039a\u03c5\u03c1\u03b9\u03ce\u03bd&#8221; kad\u0131n dayan\u0131\u015fmas\u0131n\u0131n Pontos\u2019taki ilk \u00f6rneklerini hayata ge\u00e7irecekti.<\/p>\n<p><strong>PONTOS RUM SOYKIRIMI\u2019NIN ASIL KURBANI KADINLARDI<\/strong><\/p>\n<p>Kad\u0131nlar\u0131n varl\u0131\u011f\u0131n\u0131 \u00f6ld\u00fcrmek, a\u015fa\u011f\u0131lamak ve k\u00fc\u00e7\u00fck d\u00fc\u015f\u00fcrmek i\u00e7in her \u015feyi yapt\u0131lar.<\/p>\n<p>Kim \u015fansl\u0131yd\u0131? Tecav\u00fcze u\u011frayarak, kiliselerde diri diri yak\u0131larak \u00f6ld\u00fcr\u00fclenler mi, hayatta kalarak son nefeslerini verinceye kadar y\u0131llarca ba\u015fka bir dinde, sevmedikleri bir erke\u011fin tecav\u00fcz\u00fcne u\u011frayarak, sevmedikleri bir hayat\u0131 ya\u015famaya zorlananlar m\u0131?<\/p>\n<p>Y\u00fczlerce kad\u0131n M\u00fcsl\u00fcman olmaya zorland\u0131. Erkeklerin haremlerine kapat\u0131ld\u0131.<\/p>\n<p>\u00c7ocuklar\u0131ndan ayr\u0131 d\u00fc\u015ft\u00fcler. E\u015flerinin, babalar\u0131n\u0131n, karde\u015flerinin katledili\u015flerine tan\u0131k oldular.<\/p>\n<p>Ancak sevdiklerinin \u00f6l\u00fcm\u00fc Pontos kad\u0131nlar\u0131n\u0131 korkutmak yerine, e\u015fi benzeri olmayan bir cesaret ve fedakarl\u0131kla ate\u015fledi.<\/p>\n<p>Kad\u0131nlar silahlar\u0131n\u0131 ku\u015fand\u0131lar, da\u011flara \u00e7\u0131kt\u0131lar. K\u00fc\u00e7\u00fck \u00e7ocuklar\u0131n\u0131 s\u0131rtlar\u0131na ba\u011flay\u0131p sava\u015ft\u0131lar.<\/p>\n<p>Ve bundan 100 y\u0131l \u00f6nce da\u011flarda soyk\u0131r\u0131ma direnen, Osmanl\u0131 ve Mustafa Kemal\u2019in askerlerine kar\u015f\u0131 sava\u015fan partizanlar\u0131n ve komutanlar\u0131 olan kaptanlar\u0131n yar\u0131s\u0131n\u0131n kad\u0131n olmas\u0131 bir tesad\u00fcf de\u011fildir.<\/p>\n<p>Son partizan\u0131n bir kad\u0131n olmas\u0131 tesad\u00fcf de\u011fildir.<\/p>\n<p><strong>ELEN\u0130 \u00c7AVU\u015e<\/strong><\/p>\n<p>G\u00f6zleri \u00f6n\u00fcnde bir Osmanl\u0131 \u00e7avu\u015fu taraf\u0131ndan o\u011flu \u00f6ld\u00fcr\u00fclen Eleni adl\u0131 bir k\u00f6yl\u00fc kad\u0131n\u0131n\u0131n, o \u00e7avu\u015fu \u00f6ld\u00fcr\u00fcp da\u011fa bir partizan olarak \u00e7\u0131kmas\u0131 tesad\u00fcf de\u011fil, cesaret ve fedakarl\u0131kla ilgilidir.<\/p>\n<p>Ve i\u015fte bu y\u00fczden 1923 y\u0131l\u0131nda M\u00fcbadele Anla\u015fmas\u0131 imzalan\u0131p Hristiyan olan Rumlar\u0131n binlerce y\u0131ll\u0131k topraklar\u0131n\u0131 terk etmeleri istendi\u011finde da\u011flardan y\u00fckselen tek bir \u201chay\u0131r\u201d \u00e7\u0131\u011fl\u0131\u011f\u0131n\u0131n bir kad\u0131na ait olmas\u0131 tesad\u00fcf de\u011fildir.<\/p>\n<p>&#8220;Ben Rum\u2019um, ne dilimi ne dinimi de\u011fi\u015ftirece\u011fim ve topraklar\u0131mdan gitmeyece\u011fim&#8221; diyen o kad\u0131n\u0131n, Partizanlar\u0131n Kaptan\u0131 Eleni \u00c7avu\u015f\u2019un 1924 y\u0131l\u0131n\u0131n Aral\u0131k ay\u0131nda bir ma\u011farada son kur\u015fununa kadar \u00e7arp\u0131\u015f\u0131p hayat\u0131n\u0131 kaybetmesi bir tesad\u00fcf de\u011fildir.<\/p>\n<p>Eleni \u00c7avu\u015f Pontos Rum soyk\u0131r\u0131m\u0131 s\u00fcrecinde ve sonras\u0131nda hayatlar\u0131n\u0131 kaybeden, kimlikleri elinden al\u0131nan ama son ana kadar pes etmeyen kad\u0131nlar\u0131n sesidir.<\/p>\n<p>Erkeklerin d\u00fcnyas\u0131nda sava\u015fmay\u0131, g\u00fc\u00e7l\u00fc olmay\u0131 bize g\u00f6steren; cesareti ve fedakarl\u0131\u011f\u0131yla hepimize \u00f6rnek olan Eleni \u00c7avu\u015f miras\u0131m\u0131zd\u0131r, \u00f6nderimizdir, korumam\u0131z gereken de\u011ferimizdir.<\/p>\n<p>Bug\u00fcn Karadeniz diye adland\u0131r\u0131lan co\u011frafyada cesur, ne\u015feli, enerjisi y\u00fcksek, \u00e7al\u0131\u015fkan, tutkulu ve fedakar kad\u0131nlar diye c\u00fcmleler kurabiliyorsak, bunu Pontos Rum Soyk\u0131r\u0131m\u0131\u2019nda direnen kad\u0131nlara bor\u00e7luyuz.<\/p>\n<p>100 y\u0131ll\u0131k cumhuriyet zulm\u00fcne ra\u011fmen hala Pontos Rumcas\u0131n\u0131 konu\u015fabilenler varsa bunu kad\u0131nlara bor\u00e7luyuz.<\/p>\n<p>Soyk\u0131r\u0131m\u0131 s\u00fcrecinde direnen, hayat\u0131n\u0131 kaybeden, s\u00fcrg\u00fcn edilen, ya\u015famlar\u0131n\u0131n son an\u0131na kadar hasretlikleri bitmeyen bu kad\u0131nlar bize bug\u00fcn \u00e7ok b\u00fcy\u00fck bir miras b\u0131rakt\u0131lar.<\/p>\n<p>100 y\u0131l \u00f6nce ya\u015fayan Pontoslu Rum\/Helen\u00a0kad\u0131nlar, bug\u00fcn ya\u015fayan Pontos kad\u0131n\u0131n\u0131n cesaretinin, g\u00fc\u00e7l\u00fcl\u00fc\u011f\u00fcn\u00fcn simgesidir.<\/p>\n<p><strong><em><a href=\"http:\/\/www.etha5.com\/mobile\/mhaber\/pontos-rum-soykiriminin-asil-kurbani-kadinlardi--tamer-cilingir\/10280?fbclid=IwAR3LrttvnzN8633fi_u7cAYT-0cMDmIPOSaLQ9T6YggbPNMOVx1ZulDWRTc\">http:\/\/www.etha5.com\/mobile\/mhaber\/pontos-rum-soykiriminin-asil-kurbani-kadinlardi&#8211;tamer-cilingir\/10280?fbclid=IwAR3LrttvnzN8633fi_u7cAYT-0cMDmIPOSaLQ9T6YggbPNMOVx1ZulDWRTc<\/a>\u00a0<\/em><\/strong><\/p>\n","protected":false},"excerpt":{"rendered":"<p>Vah\u015fi katliamlarla yok olan on binlerce y\u00fcre\u011fi Pontos, sevdas\u0131 Pontos, ad\u0131 Pontos Rumu\/Helen olan 353 bin insan\u0131n neredeyse yar\u0131s\u0131 kad\u0131nd\u0131.\u00a0 Hasreti burnumuzda t\u00fcten Karadeniz\u2019e at\u0131larak bo\u011fularak \u00f6ld\u00fcr\u00fclenlerin yar\u0131s\u0131 kad\u0131nd\u0131. \u00d6l\u00fcm y\u00fcr\u00fcy\u00fc\u015flerinde a\u00e7l\u0131ktan, susuzluktan, dayaktan, zul\u00fcmden \u00f6lenler kad\u0131nd\u0131. E\u015flerinin, karde\u015flerinin g\u00f6zleri \u00f6n\u00fcnde tecav\u00fcze u\u011frayanlar kad\u0131nd\u0131. \u00c7ocuklar\u0131 kollar\u0131ndan kopar\u0131lanlar, haf\u0131zas\u0131z bir hayatla ya\u015famaya zorlananlar kad\u0131nd\u0131. Ya\u015fad\u0131klar\u0131 i\u00e7in [&hellip;]<\/p>\n","protected":false},"author":7,"featured_media":51667,"comment_status":"open","ping_status":"open","sticky":false,"template":"","format":"standard","meta":{"footnotes":""},"categories":[1,20,53],"tags":[],"class_list":["post-51665","post","type-post","status-publish","format-standard","has-post-thumbnail","hentry","category-haberler","category-tarih-sayfalari","category-turkiyede-azinliklar"],"yoast_head":"<!-- This site is optimized with the Yoast SEO plugin v27.4 - https:\/\/yoast.com\/product\/yoast-seo-wordpress\/ -->\n<title>Pontos Rum Soyk\u0131r\u0131m\u0131&#039;n\u0131n as\u0131l kurban\u0131 kad\u0131nlard\u0131 - Tamer \u00c7ilingir - Bati Ermenistan Ve Bati Ermenileri Sorunlari Ara\u015ftirmalar Merkezi<\/title>\n<meta name=\"robots\" content=\"index, follow, max-snippet:-1, max-image-preview:large, max-video-preview:-1\" \/>\n<link rel=\"canonical\" href=\"https:\/\/akunq.net\/tr\/?p=51665\" \/>\n<meta property=\"og:locale\" content=\"en_US\" \/>\n<meta property=\"og:type\" content=\"article\" \/>\n<meta property=\"og:title\" content=\"Pontos Rum Soyk\u0131r\u0131m\u0131&#039;n\u0131n as\u0131l kurban\u0131 kad\u0131nlard\u0131 - Tamer \u00c7ilingir - Bati Ermenistan Ve Bati Ermenileri Sorunlari Ara\u015ftirmalar Merkezi\" \/>\n<meta property=\"og:description\" content=\"Vah\u015fi katliamlarla yok olan on binlerce y\u00fcre\u011fi Pontos, sevdas\u0131 Pontos, ad\u0131 Pontos Rumu\/Helen olan 353 bin insan\u0131n neredeyse yar\u0131s\u0131 kad\u0131nd\u0131.\u00a0 Hasreti burnumuzda t\u00fcten Karadeniz\u2019e at\u0131larak bo\u011fularak \u00f6ld\u00fcr\u00fclenlerin yar\u0131s\u0131 kad\u0131nd\u0131. \u00d6l\u00fcm y\u00fcr\u00fcy\u00fc\u015flerinde a\u00e7l\u0131ktan, susuzluktan, dayaktan, zul\u00fcmden \u00f6lenler kad\u0131nd\u0131. E\u015flerinin, karde\u015flerinin g\u00f6zleri \u00f6n\u00fcnde tecav\u00fcze u\u011frayanlar kad\u0131nd\u0131. \u00c7ocuklar\u0131 kollar\u0131ndan kopar\u0131lanlar, haf\u0131zas\u0131z bir hayatla ya\u015famaya zorlananlar kad\u0131nd\u0131. Ya\u015fad\u0131klar\u0131 i\u00e7in [&hellip;]\" \/>\n<meta property=\"og:url\" content=\"https:\/\/akunq.net\/tr\/?p=51665\" \/>\n<meta property=\"og:site_name\" content=\"Bati Ermenistan Ve Bati Ermenileri Sorunlari Ara\u015ftirmalar Merkezi\" \/>\n<meta property=\"article:published_time\" content=\"2019-03-04T08:11:56+00:00\" \/>\n<meta property=\"og:image\" content=\"https:\/\/akunq.net\/tr\/wp-content\/uploads\/sites\/6\/2019\/03\/Pontos-Rum-Soyk\u0131r\u0131m\u0131-1.jpg\" \/>\n\t<meta property=\"og:image:width\" content=\"1456\" \/>\n\t<meta property=\"og:image:height\" content=\"1162\" \/>\n\t<meta property=\"og:image:type\" content=\"image\/jpeg\" \/>\n<meta name=\"author\" content=\"admin\" \/>\n<meta name=\"twitter:card\" content=\"summary_large_image\" \/>\n<meta name=\"twitter:label1\" content=\"Written by\" \/>\n\t<meta name=\"twitter:data1\" content=\"admin\" \/>\n\t<meta name=\"twitter:label2\" content=\"Est. reading time\" \/>\n\t<meta name=\"twitter:data2\" content=\"5 minutes\" \/>\n<script type=\"application\/ld+json\" class=\"yoast-schema-graph\">{\"@context\":\"https:\\\/\\\/schema.org\",\"@graph\":[{\"@type\":\"Article\",\"@id\":\"https:\\\/\\\/akunq.net\\\/tr\\\/?p=51665#article\",\"isPartOf\":{\"@id\":\"https:\\\/\\\/akunq.net\\\/tr\\\/?p=51665\"},\"author\":{\"name\":\"admin\",\"@id\":\"https:\\\/\\\/akunq.net\\\/tr\\\/#\\\/schema\\\/person\\\/096f1d38a12cce57fb855b485ed24c9e\"},\"headline\":\"Pontos Rum Soyk\u0131r\u0131m\u0131&#8217;n\u0131n as\u0131l kurban\u0131 kad\u0131nlard\u0131 &#8211; Tamer \u00c7ilingir\",\"datePublished\":\"2019-03-04T08:11:56+00:00\",\"mainEntityOfPage\":{\"@id\":\"https:\\\/\\\/akunq.net\\\/tr\\\/?p=51665\"},\"wordCount\":960,\"commentCount\":0,\"image\":{\"@id\":\"https:\\\/\\\/akunq.net\\\/tr\\\/?p=51665#primaryimage\"},\"thumbnailUrl\":\"https:\\\/\\\/akunq.net\\\/tr\\\/wp-content\\\/uploads\\\/sites\\\/6\\\/2019\\\/03\\\/Pontos-Rum-Soyk\u0131r\u0131m\u0131-1.jpg\",\"articleSection\":[\"Haberler\",\"Tarih Sayfalar\u0131\",\"T\u00fcrkiye\u2019de Az\u0131nl\u0131klar\"],\"inLanguage\":\"en-US\",\"potentialAction\":[{\"@type\":\"CommentAction\",\"name\":\"Comment\",\"target\":[\"https:\\\/\\\/akunq.net\\\/tr\\\/?p=51665#respond\"]}]},{\"@type\":\"WebPage\",\"@id\":\"https:\\\/\\\/akunq.net\\\/tr\\\/?p=51665\",\"url\":\"https:\\\/\\\/akunq.net\\\/tr\\\/?p=51665\",\"name\":\"Pontos Rum Soyk\u0131r\u0131m\u0131'n\u0131n as\u0131l kurban\u0131 kad\u0131nlard\u0131 - Tamer \u00c7ilingir - Bati Ermenistan Ve Bati Ermenileri Sorunlari Ara\u015ftirmalar Merkezi\",\"isPartOf\":{\"@id\":\"https:\\\/\\\/akunq.net\\\/tr\\\/#website\"},\"primaryImageOfPage\":{\"@id\":\"https:\\\/\\\/akunq.net\\\/tr\\\/?p=51665#primaryimage\"},\"image\":{\"@id\":\"https:\\\/\\\/akunq.net\\\/tr\\\/?p=51665#primaryimage\"},\"thumbnailUrl\":\"https:\\\/\\\/akunq.net\\\/tr\\\/wp-content\\\/uploads\\\/sites\\\/6\\\/2019\\\/03\\\/Pontos-Rum-Soyk\u0131r\u0131m\u0131-1.jpg\",\"datePublished\":\"2019-03-04T08:11:56+00:00\",\"author\":{\"@id\":\"https:\\\/\\\/akunq.net\\\/tr\\\/#\\\/schema\\\/person\\\/096f1d38a12cce57fb855b485ed24c9e\"},\"breadcrumb\":{\"@id\":\"https:\\\/\\\/akunq.net\\\/tr\\\/?p=51665#breadcrumb\"},\"inLanguage\":\"en-US\",\"potentialAction\":[{\"@type\":\"ReadAction\",\"target\":[\"https:\\\/\\\/akunq.net\\\/tr\\\/?p=51665\"]}]},{\"@type\":\"ImageObject\",\"inLanguage\":\"en-US\",\"@id\":\"https:\\\/\\\/akunq.net\\\/tr\\\/?p=51665#primaryimage\",\"url\":\"https:\\\/\\\/akunq.net\\\/tr\\\/wp-content\\\/uploads\\\/sites\\\/6\\\/2019\\\/03\\\/Pontos-Rum-Soyk\u0131r\u0131m\u0131-1.jpg\",\"contentUrl\":\"https:\\\/\\\/akunq.net\\\/tr\\\/wp-content\\\/uploads\\\/sites\\\/6\\\/2019\\\/03\\\/Pontos-Rum-Soyk\u0131r\u0131m\u0131-1.jpg\",\"width\":1456,\"height\":1162},{\"@type\":\"BreadcrumbList\",\"@id\":\"https:\\\/\\\/akunq.net\\\/tr\\\/?p=51665#breadcrumb\",\"itemListElement\":[{\"@type\":\"ListItem\",\"position\":1,\"name\":\"Home\",\"item\":\"https:\\\/\\\/akunq.net\\\/tr\"},{\"@type\":\"ListItem\",\"position\":2,\"name\":\"Pontos Rum Soyk\u0131r\u0131m\u0131&#8217;n\u0131n as\u0131l kurban\u0131 kad\u0131nlard\u0131 &#8211; Tamer \u00c7ilingir\"}]},{\"@type\":\"WebSite\",\"@id\":\"https:\\\/\\\/akunq.net\\\/tr\\\/#website\",\"url\":\"https:\\\/\\\/akunq.net\\\/tr\\\/\",\"name\":\"Bati Ermenistan Ve Bati Ermenileri Sorunlari Ara\u015ftirmalar Merkezi\",\"description\":\"\",\"potentialAction\":[{\"@type\":\"SearchAction\",\"target\":{\"@type\":\"EntryPoint\",\"urlTemplate\":\"https:\\\/\\\/akunq.net\\\/tr\\\/?s={search_term_string}\"},\"query-input\":{\"@type\":\"PropertyValueSpecification\",\"valueRequired\":true,\"valueName\":\"search_term_string\"}}],\"inLanguage\":\"en-US\"},{\"@type\":\"Person\",\"@id\":\"https:\\\/\\\/akunq.net\\\/tr\\\/#\\\/schema\\\/person\\\/096f1d38a12cce57fb855b485ed24c9e\",\"name\":\"admin\",\"url\":\"https:\\\/\\\/akunq.net\\\/tr\\\/?author=7\"}]}<\/script>\n<!-- \/ Yoast SEO plugin. -->","yoast_head_json":{"title":"Pontos Rum Soyk\u0131r\u0131m\u0131'n\u0131n as\u0131l kurban\u0131 kad\u0131nlard\u0131 - Tamer \u00c7ilingir - Bati Ermenistan Ve Bati Ermenileri Sorunlari Ara\u015ftirmalar Merkezi","robots":{"index":"index","follow":"follow","max-snippet":"max-snippet:-1","max-image-preview":"max-image-preview:large","max-video-preview":"max-video-preview:-1"},"canonical":"https:\/\/akunq.net\/tr\/?p=51665","og_locale":"en_US","og_type":"article","og_title":"Pontos Rum Soyk\u0131r\u0131m\u0131'n\u0131n as\u0131l kurban\u0131 kad\u0131nlard\u0131 - Tamer \u00c7ilingir - Bati Ermenistan Ve Bati Ermenileri Sorunlari Ara\u015ftirmalar Merkezi","og_description":"Vah\u015fi katliamlarla yok olan on binlerce y\u00fcre\u011fi Pontos, sevdas\u0131 Pontos, ad\u0131 Pontos Rumu\/Helen olan 353 bin insan\u0131n neredeyse yar\u0131s\u0131 kad\u0131nd\u0131.\u00a0 Hasreti burnumuzda t\u00fcten Karadeniz\u2019e at\u0131larak bo\u011fularak \u00f6ld\u00fcr\u00fclenlerin yar\u0131s\u0131 kad\u0131nd\u0131. \u00d6l\u00fcm y\u00fcr\u00fcy\u00fc\u015flerinde a\u00e7l\u0131ktan, susuzluktan, dayaktan, zul\u00fcmden \u00f6lenler kad\u0131nd\u0131. E\u015flerinin, karde\u015flerinin g\u00f6zleri \u00f6n\u00fcnde tecav\u00fcze u\u011frayanlar kad\u0131nd\u0131. \u00c7ocuklar\u0131 kollar\u0131ndan kopar\u0131lanlar, haf\u0131zas\u0131z bir hayatla ya\u015famaya zorlananlar kad\u0131nd\u0131. Ya\u015fad\u0131klar\u0131 i\u00e7in [&hellip;]","og_url":"https:\/\/akunq.net\/tr\/?p=51665","og_site_name":"Bati Ermenistan Ve Bati Ermenileri Sorunlari Ara\u015ftirmalar Merkezi","article_published_time":"2019-03-04T08:11:56+00:00","og_image":[{"width":1456,"height":1162,"url":"https:\/\/akunq.net\/tr\/wp-content\/uploads\/sites\/6\/2019\/03\/Pontos-Rum-Soyk\u0131r\u0131m\u0131-1.jpg","type":"image\/jpeg"}],"author":"admin","twitter_card":"summary_large_image","twitter_misc":{"Written by":"admin","Est. reading time":"5 minutes"},"schema":{"@context":"https:\/\/schema.org","@graph":[{"@type":"Article","@id":"https:\/\/akunq.net\/tr\/?p=51665#article","isPartOf":{"@id":"https:\/\/akunq.net\/tr\/?p=51665"},"author":{"name":"admin","@id":"https:\/\/akunq.net\/tr\/#\/schema\/person\/096f1d38a12cce57fb855b485ed24c9e"},"headline":"Pontos Rum Soyk\u0131r\u0131m\u0131&#8217;n\u0131n as\u0131l kurban\u0131 kad\u0131nlard\u0131 &#8211; Tamer \u00c7ilingir","datePublished":"2019-03-04T08:11:56+00:00","mainEntityOfPage":{"@id":"https:\/\/akunq.net\/tr\/?p=51665"},"wordCount":960,"commentCount":0,"image":{"@id":"https:\/\/akunq.net\/tr\/?p=51665#primaryimage"},"thumbnailUrl":"https:\/\/akunq.net\/tr\/wp-content\/uploads\/sites\/6\/2019\/03\/Pontos-Rum-Soyk\u0131r\u0131m\u0131-1.jpg","articleSection":["Haberler","Tarih Sayfalar\u0131","T\u00fcrkiye\u2019de Az\u0131nl\u0131klar"],"inLanguage":"en-US","potentialAction":[{"@type":"CommentAction","name":"Comment","target":["https:\/\/akunq.net\/tr\/?p=51665#respond"]}]},{"@type":"WebPage","@id":"https:\/\/akunq.net\/tr\/?p=51665","url":"https:\/\/akunq.net\/tr\/?p=51665","name":"Pontos Rum Soyk\u0131r\u0131m\u0131'n\u0131n as\u0131l kurban\u0131 kad\u0131nlard\u0131 - Tamer \u00c7ilingir - Bati Ermenistan Ve Bati Ermenileri Sorunlari Ara\u015ftirmalar Merkezi","isPartOf":{"@id":"https:\/\/akunq.net\/tr\/#website"},"primaryImageOfPage":{"@id":"https:\/\/akunq.net\/tr\/?p=51665#primaryimage"},"image":{"@id":"https:\/\/akunq.net\/tr\/?p=51665#primaryimage"},"thumbnailUrl":"https:\/\/akunq.net\/tr\/wp-content\/uploads\/sites\/6\/2019\/03\/Pontos-Rum-Soyk\u0131r\u0131m\u0131-1.jpg","datePublished":"2019-03-04T08:11:56+00:00","author":{"@id":"https:\/\/akunq.net\/tr\/#\/schema\/person\/096f1d38a12cce57fb855b485ed24c9e"},"breadcrumb":{"@id":"https:\/\/akunq.net\/tr\/?p=51665#breadcrumb"},"inLanguage":"en-US","potentialAction":[{"@type":"ReadAction","target":["https:\/\/akunq.net\/tr\/?p=51665"]}]},{"@type":"ImageObject","inLanguage":"en-US","@id":"https:\/\/akunq.net\/tr\/?p=51665#primaryimage","url":"https:\/\/akunq.net\/tr\/wp-content\/uploads\/sites\/6\/2019\/03\/Pontos-Rum-Soyk\u0131r\u0131m\u0131-1.jpg","contentUrl":"https:\/\/akunq.net\/tr\/wp-content\/uploads\/sites\/6\/2019\/03\/Pontos-Rum-Soyk\u0131r\u0131m\u0131-1.jpg","width":1456,"height":1162},{"@type":"BreadcrumbList","@id":"https:\/\/akunq.net\/tr\/?p=51665#breadcrumb","itemListElement":[{"@type":"ListItem","position":1,"name":"Home","item":"https:\/\/akunq.net\/tr"},{"@type":"ListItem","position":2,"name":"Pontos Rum Soyk\u0131r\u0131m\u0131&#8217;n\u0131n as\u0131l kurban\u0131 kad\u0131nlard\u0131 &#8211; Tamer \u00c7ilingir"}]},{"@type":"WebSite","@id":"https:\/\/akunq.net\/tr\/#website","url":"https:\/\/akunq.net\/tr\/","name":"Bati Ermenistan Ve Bati Ermenileri Sorunlari Ara\u015ftirmalar Merkezi","description":"","potentialAction":[{"@type":"SearchAction","target":{"@type":"EntryPoint","urlTemplate":"https:\/\/akunq.net\/tr\/?s={search_term_string}"},"query-input":{"@type":"PropertyValueSpecification","valueRequired":true,"valueName":"search_term_string"}}],"inLanguage":"en-US"},{"@type":"Person","@id":"https:\/\/akunq.net\/tr\/#\/schema\/person\/096f1d38a12cce57fb855b485ed24c9e","name":"admin","url":"https:\/\/akunq.net\/tr\/?author=7"}]}},"_links":{"self":[{"href":"https:\/\/akunq.net\/tr\/index.php?rest_route=\/wp\/v2\/posts\/51665","targetHints":{"allow":["GET"]}}],"collection":[{"href":"https:\/\/akunq.net\/tr\/index.php?rest_route=\/wp\/v2\/posts"}],"about":[{"href":"https:\/\/akunq.net\/tr\/index.php?rest_route=\/wp\/v2\/types\/post"}],"author":[{"embeddable":true,"href":"https:\/\/akunq.net\/tr\/index.php?rest_route=\/wp\/v2\/users\/7"}],"replies":[{"embeddable":true,"href":"https:\/\/akunq.net\/tr\/index.php?rest_route=%2Fwp%2Fv2%2Fcomments&post=51665"}],"version-history":[{"count":1,"href":"https:\/\/akunq.net\/tr\/index.php?rest_route=\/wp\/v2\/posts\/51665\/revisions"}],"predecessor-version":[{"id":51668,"href":"https:\/\/akunq.net\/tr\/index.php?rest_route=\/wp\/v2\/posts\/51665\/revisions\/51668"}],"wp:featuredmedia":[{"embeddable":true,"href":"https:\/\/akunq.net\/tr\/index.php?rest_route=\/wp\/v2\/media\/51667"}],"wp:attachment":[{"href":"https:\/\/akunq.net\/tr\/index.php?rest_route=%2Fwp%2Fv2%2Fmedia&parent=51665"}],"wp:term":[{"taxonomy":"category","embeddable":true,"href":"https:\/\/akunq.net\/tr\/index.php?rest_route=%2Fwp%2Fv2%2Fcategories&post=51665"},{"taxonomy":"post_tag","embeddable":true,"href":"https:\/\/akunq.net\/tr\/index.php?rest_route=%2Fwp%2Fv2%2Ftags&post=51665"}],"curies":[{"name":"wp","href":"https:\/\/api.w.org\/{rel}","templated":true}]}}