{"id":50918,"date":"2019-01-30T02:53:27","date_gmt":"2019-01-30T07:53:27","guid":{"rendered":"http:\/\/akunq.net\/tr\/?p=50918"},"modified":"2019-01-30T02:53:27","modified_gmt":"2019-01-30T07:53:27","slug":"diyarbakirin-bulgarlari-ortaya-cikti","status":"publish","type":"post","link":"https:\/\/akunq.net\/tr\/?p=50918","title":{"rendered":"Diyarbak\u0131r\u2019\u0131n Bulgarlar\u0131 ortaya \u00e7\u0131kt\u0131"},"content":{"rendered":"<p><a href=\"http:\/\/akunq.net\/tr\/?attachment_id=50919\" rel=\"attachment wp-att-50919\"><img loading=\"lazy\" decoding=\"async\" class=\"aligncenter size-full wp-image-50919\" src=\"http:\/\/akunq.net\/tr\/wp-content\/uploads\/2019\/01\/Diyarbak\u0131r\u2019\u0131n-Bulgarlar\u0131.jpg\" alt=\"\" width=\"650\" height=\"366\" srcset=\"https:\/\/akunq.net\/tr\/wp-content\/uploads\/sites\/6\/2019\/01\/Diyarbak\u0131r\u2019\u0131n-Bulgarlar\u0131.jpg 650w, https:\/\/akunq.net\/tr\/wp-content\/uploads\/sites\/6\/2019\/01\/Diyarbak\u0131r\u2019\u0131n-Bulgarlar\u0131-360x203.jpg 360w, https:\/\/akunq.net\/tr\/wp-content\/uploads\/sites\/6\/2019\/01\/Diyarbak\u0131r\u2019\u0131n-Bulgarlar\u0131-560x315.jpg 560w, https:\/\/akunq.net\/tr\/wp-content\/uploads\/sites\/6\/2019\/01\/Diyarbak\u0131r\u2019\u0131n-Bulgarlar\u0131-260x146.jpg 260w, https:\/\/akunq.net\/tr\/wp-content\/uploads\/sites\/6\/2019\/01\/Diyarbak\u0131r\u2019\u0131n-Bulgarlar\u0131-160x90.jpg 160w\" sizes=\"auto, (max-width: 650px) 100vw, 650px\" \/><\/a><\/p>\n<p><strong><em>\u015eimdilerde halk taraf\u0131ndan \u201cBorsa Han\u0131\u201d olarak bilinen tarihi han\u0131n, 1850\u2019lerde s\u00fcrg\u00fcn gelen Bulgar devrimcilere ev sahipli\u011fi yapt\u0131\u011f\u0131 belirtildi.<\/em><\/strong><\/p>\n<p>Diyarbak\u0131r\u2019da tarihi bir han\u0131n, Bulgaristan\u2019dan kente s\u00fcrg\u00fcn gelen Bulgaristanl\u0131 devrimcilere de ev sahipli\u011fi yapt\u0131\u011f\u0131 ortaya \u00e7\u0131kt\u0131.<\/p>\n<p>\u015eimdilerde halk taraf\u0131ndan\u00a0<strong>\u201cBorsa Han\u0131\u201d<\/strong>\u00a0olarak bilinen tarihi han\u0131n, 1850\u2019lerde s\u00fcrg\u00fcn gelen Bulgar devrimcilere ev sahipli\u011fi yapt\u0131\u011f\u0131 belirtildi. Halk aras\u0131nda han\u0131n ad\u0131n\u0131n da bu sebeple\u00a0<strong>\u201cBulgar Han\u0131\u201d<\/strong>\u00a0olarak an\u0131ld\u0131.<\/p>\n<p>Osmanl\u0131 d\u00f6neminde be\u015f kafile halinde Diyarbak\u0131r\u2019a s\u00fcrg\u00fcne yollanan Bulgar devrimcilerin, kentte b\u00fcy\u00fck de\u011fi\u015fimlere imza att\u0131\u011f\u0131 ifade edildi.<\/p>\n<p><strong>170 YIL SONRA G\u00dcN Y\u00dcZ\u00dcNE \u00c7IKTI<\/strong><\/p>\n<p>Amerika\u2019n\u0131n Sesi\u2019nden Mahmut Bozarslan\u2019\u0131n haberine g\u00f6re, Diyarbak\u0131r\u2019da art\u0131k harabeye d\u00f6nm\u00fc\u015f tarihi bir han\u0131n hikayesi, yakla\u015f\u0131k 170 y\u0131l sonra g\u00fcn y\u00fcz\u00fcne \u00e7\u0131kt\u0131. Bir d\u00f6nem halk aras\u0131nda Borsa Han\u0131 olarak bilinen han,<strong>\u00a01850\u2019lerde, Bulgaristan\u2019dan kente s\u00fcrg\u00fcn gelen Bulgaristanl\u0131 devrimcilere de ev sahipli\u011fi yapm\u0131\u015f.<\/strong><\/p>\n<p>Kentin tarihi surlar\u0131n\u0131n i\u00e7indeki b\u00f6lgede kalan \u00c7iftehan Sokaktaki bir tarihi yap\u0131 hemen dikkat \u00e7ekiyor. Sokakla ayn\u0131 ad\u0131 ta\u015f\u0131yan yap\u0131 art\u0131k harabe halinde. Bir zamanlar kentin ticaretini d\u00f6nd\u00fc\u011f\u00fc mekanlardan biriymi\u015f. Halk aras\u0131nda Borsa Han\u0131 olarak biliniyor. Di\u011fer bir ad\u0131 da \u00c7iftehane. Ama bu han\u0131n \u015fimdilerde unutulmu\u015f bir hikayesi ve ad\u0131 var; Bulgar Han\u0131.<strong>\u00a0Han\u0131n bu adla an\u0131lmas\u0131n\u0131n 1750 km uzakl\u0131ktaki Bulgaristan\u2019la ili\u015fkisi yeni yeni ortaya \u00e7\u0131k\u0131yor.<\/strong><\/p>\n<p>Han\u0131n bu isimle an\u0131lmas\u0131n\u0131n \u00f6yk\u00fcs\u00fc, 1850\u2019lerde Osmanl\u0131 y\u00f6netiminde olan Bulgaristan\u2019daki devrimcilerin y\u00f6netim kar\u015f\u0131t\u0131 faaliyetlerinin fark edilmesiyle ba\u015flar. Osmanl\u0131 y\u00f6netimi 187 ki\u015fiyi yakalayarak, imparatorlu\u011fun en uzak noktalar\u0131ndan olan Diyarbak\u0131r\u2019a s\u00fcrg\u00fcne g\u00f6nderir. Be\u015f kafile halinde s\u00fcrg\u00fcne g\u00f6nderilen Bulgarlar, kentte \u00f6nemli de\u011fi\u015fikliklere imza atar.<\/p>\n<p><strong>\u201cSEN\u0130 ERMEN\u0130 PAPAZ B\u0130LE KURTARAMAZ\u201d<\/strong><\/p>\n<p>Bulgarlar\u0131n hikayesini Diyarbak\u0131rl\u0131 Yazar \u015eeyhmus Diken ortaya \u00e7\u0131kard\u0131. Bulgarca\u2019ya \u00e7evrilen\u00a0<strong>\u2018Gittiler \u0130\u015fte\u2019\u00a0<\/strong>kitab\u0131n\u0131n s\u00f6yle\u015fisi i\u00e7in Bulgaristan\u2019a giden Diken, bir sohbet s\u0131ras\u0131nda Bulgarlar\u0131n Diyarbak\u0131r\u2019a hi\u00e7 de yabanc\u0131 olmad\u0131klar\u0131n\u0131 fark eder. VOA T\u00fcrk\u00e7e\u2019ye konu\u015fan Diken, hikayeyi nas\u0131l \u00f6\u011frendi\u011fini \u015f\u00f6yle anlatt\u0131; \u201cBir ak\u015fam yeme\u011finde \u00e7evirmenim \u2018<strong>Biz Diyarbak\u0131r\u2019\u0131 biliyoruz\u2019\u00a0<\/strong>dedi. Nereden bildi\u011fini sordum. 1850\u2019li y\u0131llarda Bulgarlar s\u00fcrg\u00fcne g\u00f6nderilirken,\u00a0<strong>\u2018Git seni art\u0131k Diyarbak\u0131r\u2019daki Ermeni papaz bile kurtaramaz\u2019\u00a0<\/strong>s\u00f6z\u00fc s\u00f6ylenmi\u015f. Komitac\u0131lar s\u00fcrg\u00fcne giderken oradan an\u0131lar\u0131n\u0131 mektuplarla yaz\u0131p yollam\u0131\u015flar. O kadar k\u00f6t\u00fc anlat\u0131yorlarm\u0131\u015f ki, cehennem gibi s\u0131cak, akrep var, y\u0131lan var diye s\u00f6ylemi\u015fler. Bir de cezaevi gibi bir yerde kal\u0131yorlarm\u0131\u015f. Oran\u0131n ko\u015fullar\u0131 da \u00e7ok k\u00f6t\u00fcym\u00fc\u015f. G\u00fcn i\u00e7inde \u00e7\u0131k\u0131p \u015fehri dola\u015f\u0131yorlarm\u0131\u015f. Bulgaristan\u2019\u0131n Deliorman b\u00f6lgesi gibi s\u0131k a\u011fa\u00e7l\u0131kl\u0131, serin ortam\u0131ndan, biranda Mezopotamya\u2019n\u0131n kavurucu s\u0131ca\u011f\u0131na gelince insanlar helak olmu\u015f. Metinlerini T\u00fcrk\u00e7eye \u00e7evirmesini istedim. Bir miktar kar\u015f\u0131l\u0131\u011f\u0131 yapmas\u0131 \u00fczerine anla\u015ft\u0131k. Geldim burada birka\u00e7 ki\u015fiye sordum ama ilgi \u00e7ekmedi ve proje \u00f6yle kald\u0131\u201d dedi.<\/p>\n<p>Diken yapt\u0131\u011f\u0131 ara\u015ft\u0131rmalarda, s\u00fcrg\u00fcnlerle ilgili yeni detaylara ula\u015fm\u0131\u015f; \u201cBir s\u00fcre sonra biri bir kitap yazm\u0131\u015f \u2018Diyarbak\u0131r S\u00fcrg\u00fcnleri\u2019 diye. Ondan sonra olaya vak\u0131f oldum. Bulgarlar buraya gelmi\u015fler ve \u0130\u00e7kale\u2019deki cezaevinde kalm\u0131\u015flar. Bu han o zaman yerli \u015fah\u0131slar\u0131n elinde han olarak kullan\u0131l\u0131yormu\u015f.\u00a0<strong>Gelen Bulgarlara g\u00fcn i\u00e7inde, ya\u015famlar\u0131n\u0131 s\u00fcrd\u00fcrebilece\u011fi, i\u015f olanaklar\u0131 f\u0131rsatlar\u0131 da yarat\u0131lm\u0131\u015f.<\/strong>Onlardan biri gelip bu handa yer tutmu\u015f. Kiras\u0131n\u0131 muntazam \u00f6demi\u015f, han\u0131n sahibi bakm\u0131\u015f bunlar \u00e7ok d\u00fcr\u00fcst, di\u011ferlerini \u00e7\u0131kar\u0131p han\u0131n hepsini Bulgarlara vermi\u015f. \u00c7e\u015fitli i\u015fler yapabilen di\u011ferlerine vermi\u015f\u201d<\/p>\n<p>Kentin ilk foto\u011fraf st\u00fcdyosunu kuranlar, ilk yayl\u0131 arabas\u0131n\u0131 yapanlar yine Bulgarlar. 1877\u2019de \u00e7\u0131kan aftan sonra geride izler b\u0131rakarak ayr\u0131ld\u0131klar\u0131n\u0131 s\u00f6yleyen Diken,\u00a0<strong>\u201cMesela Diyarbak\u0131r\u2019da ilk foto\u011fraf st\u00fcdyosunu kurmu\u015flar. O zamana kadar Diyarbak\u0131r\u2019da foto\u011fraf st\u00fcdyosu yokmu\u015f. Sonra ilk tekerlekli yayl\u0131 arabay\u0131 bunlar \u00fcretmi\u015f. Bizim faytonun \u00f6nceki hali. Valilikte \u00e7al\u0131\u015fan memurlara evlerinden oraya servis yapm\u0131\u015flar. 1877\u2019lerde af \u00e7\u0131k\u0131nca hepsi geri d\u00f6nm\u00fc\u015f. Sadece biri \u00f6lm\u00fc\u015f onu burada g\u00f6mm\u00fc\u015fler. \u0130smini yazmad\u0131klar\u0131 biri evlenip burada kalm\u0131\u015f. \u00c7ok ara\u015ft\u0131rd\u0131k belki buluruz diye ama bulamad\u0131k. \u00d6lenin mezar yeri de belli de\u011fil\u201d<\/strong>\u00a0diye konu\u015ftu.<\/p>\n<p>Han zaman i\u00e7inde de\u011fi\u015fik ama\u00e7lar i\u00e7in kullan\u0131ld\u0131. M\u00fclkiyet sorunu nedeniyle onar\u0131lamayarak kaderine terk edildi. Diken, Vak\u0131flar B\u00f6lge M\u00fcd\u00fcrl\u00fc\u011f\u00fc\u2019n\u00fcn han\u0131 restore etme karar\u0131 ald\u0131\u011f\u0131n\u0131 da s\u00f6zlerine ekledi.<\/p>\n<p><a href=\"https:\/\/odatv.com\/diyarbakirin-bulgarlari-ortaya-cikti-28011919.html\"><strong><em>https:\/\/odatv.com\/diyarbakirin-bulgarlari-ortaya-cikti-28011919.html<\/em><\/strong><\/a><\/p>\n","protected":false},"excerpt":{"rendered":"<p>\u015eimdilerde halk taraf\u0131ndan \u201cBorsa Han\u0131\u201d olarak bilinen tarihi han\u0131n, 1850\u2019lerde s\u00fcrg\u00fcn gelen Bulgar devrimcilere ev sahipli\u011fi yapt\u0131\u011f\u0131 belirtildi. Diyarbak\u0131r\u2019da tarihi bir han\u0131n, Bulgaristan\u2019dan kente s\u00fcrg\u00fcn gelen Bulgaristanl\u0131 devrimcilere de ev sahipli\u011fi yapt\u0131\u011f\u0131 ortaya \u00e7\u0131kt\u0131. \u015eimdilerde halk taraf\u0131ndan\u00a0\u201cBorsa Han\u0131\u201d\u00a0olarak bilinen tarihi han\u0131n, 1850\u2019lerde s\u00fcrg\u00fcn gelen Bulgar devrimcilere ev sahipli\u011fi yapt\u0131\u011f\u0131 belirtildi. Halk aras\u0131nda han\u0131n ad\u0131n\u0131n da [&hellip;]<\/p>\n","protected":false},"author":7,"featured_media":50919,"comment_status":"open","ping_status":"open","sticky":false,"template":"","format":"standard","meta":{"footnotes":""},"categories":[1,20,53],"tags":[],"class_list":["post-50918","post","type-post","status-publish","format-standard","has-post-thumbnail","hentry","category-haberler","category-tarih-sayfalari","category-turkiyede-azinliklar"],"yoast_head":"<!-- This site is optimized with the Yoast SEO plugin v27.4 - https:\/\/yoast.com\/product\/yoast-seo-wordpress\/ -->\n<title>Diyarbak\u0131r\u2019\u0131n Bulgarlar\u0131 ortaya \u00e7\u0131kt\u0131 - Bati Ermenistan Ve Bati Ermenileri Sorunlari Ara\u015ftirmalar Merkezi<\/title>\n<meta name=\"robots\" content=\"index, follow, max-snippet:-1, max-image-preview:large, max-video-preview:-1\" \/>\n<link rel=\"canonical\" href=\"https:\/\/akunq.net\/tr\/?p=50918\" \/>\n<meta property=\"og:locale\" content=\"en_US\" \/>\n<meta property=\"og:type\" content=\"article\" \/>\n<meta property=\"og:title\" content=\"Diyarbak\u0131r\u2019\u0131n Bulgarlar\u0131 ortaya \u00e7\u0131kt\u0131 - Bati Ermenistan Ve Bati Ermenileri Sorunlari Ara\u015ftirmalar Merkezi\" \/>\n<meta property=\"og:description\" content=\"\u015eimdilerde halk taraf\u0131ndan \u201cBorsa Han\u0131\u201d olarak bilinen tarihi han\u0131n, 1850\u2019lerde s\u00fcrg\u00fcn gelen Bulgar devrimcilere ev sahipli\u011fi yapt\u0131\u011f\u0131 belirtildi. Diyarbak\u0131r\u2019da tarihi bir han\u0131n, Bulgaristan\u2019dan kente s\u00fcrg\u00fcn gelen Bulgaristanl\u0131 devrimcilere de ev sahipli\u011fi yapt\u0131\u011f\u0131 ortaya \u00e7\u0131kt\u0131. \u015eimdilerde halk taraf\u0131ndan\u00a0\u201cBorsa Han\u0131\u201d\u00a0olarak bilinen tarihi han\u0131n, 1850\u2019lerde s\u00fcrg\u00fcn gelen Bulgar devrimcilere ev sahipli\u011fi yapt\u0131\u011f\u0131 belirtildi. Halk aras\u0131nda han\u0131n ad\u0131n\u0131n da [&hellip;]\" \/>\n<meta property=\"og:url\" content=\"https:\/\/akunq.net\/tr\/?p=50918\" \/>\n<meta property=\"og:site_name\" content=\"Bati Ermenistan Ve Bati Ermenileri Sorunlari Ara\u015ftirmalar Merkezi\" \/>\n<meta property=\"article:published_time\" content=\"2019-01-30T07:53:27+00:00\" \/>\n<meta property=\"og:image\" content=\"https:\/\/akunq.net\/tr\/wp-content\/uploads\/sites\/6\/2019\/01\/Diyarbak\u0131r\u2019\u0131n-Bulgarlar\u0131.jpg\" \/>\n\t<meta property=\"og:image:width\" content=\"650\" \/>\n\t<meta property=\"og:image:height\" content=\"366\" \/>\n\t<meta property=\"og:image:type\" content=\"image\/jpeg\" \/>\n<meta name=\"author\" content=\"admin\" \/>\n<meta name=\"twitter:card\" content=\"summary_large_image\" \/>\n<meta name=\"twitter:label1\" content=\"Written by\" \/>\n\t<meta name=\"twitter:data1\" content=\"admin\" \/>\n\t<meta name=\"twitter:label2\" content=\"Est. reading time\" \/>\n\t<meta name=\"twitter:data2\" content=\"4 minutes\" \/>\n<script type=\"application\/ld+json\" class=\"yoast-schema-graph\">{\"@context\":\"https:\\\/\\\/schema.org\",\"@graph\":[{\"@type\":\"Article\",\"@id\":\"https:\\\/\\\/akunq.net\\\/tr\\\/?p=50918#article\",\"isPartOf\":{\"@id\":\"https:\\\/\\\/akunq.net\\\/tr\\\/?p=50918\"},\"author\":{\"name\":\"admin\",\"@id\":\"https:\\\/\\\/akunq.net\\\/tr\\\/#\\\/schema\\\/person\\\/096f1d38a12cce57fb855b485ed24c9e\"},\"headline\":\"Diyarbak\u0131r\u2019\u0131n Bulgarlar\u0131 ortaya \u00e7\u0131kt\u0131\",\"datePublished\":\"2019-01-30T07:53:27+00:00\",\"mainEntityOfPage\":{\"@id\":\"https:\\\/\\\/akunq.net\\\/tr\\\/?p=50918\"},\"wordCount\":830,\"commentCount\":0,\"image\":{\"@id\":\"https:\\\/\\\/akunq.net\\\/tr\\\/?p=50918#primaryimage\"},\"thumbnailUrl\":\"https:\\\/\\\/akunq.net\\\/tr\\\/wp-content\\\/uploads\\\/sites\\\/6\\\/2019\\\/01\\\/Diyarbak\u0131r\u2019\u0131n-Bulgarlar\u0131.jpg\",\"articleSection\":[\"Haberler\",\"Tarih Sayfalar\u0131\",\"T\u00fcrkiye\u2019de Az\u0131nl\u0131klar\"],\"inLanguage\":\"en-US\",\"potentialAction\":[{\"@type\":\"CommentAction\",\"name\":\"Comment\",\"target\":[\"https:\\\/\\\/akunq.net\\\/tr\\\/?p=50918#respond\"]}]},{\"@type\":\"WebPage\",\"@id\":\"https:\\\/\\\/akunq.net\\\/tr\\\/?p=50918\",\"url\":\"https:\\\/\\\/akunq.net\\\/tr\\\/?p=50918\",\"name\":\"Diyarbak\u0131r\u2019\u0131n Bulgarlar\u0131 ortaya \u00e7\u0131kt\u0131 - Bati Ermenistan Ve Bati Ermenileri Sorunlari Ara\u015ftirmalar Merkezi\",\"isPartOf\":{\"@id\":\"https:\\\/\\\/akunq.net\\\/tr\\\/#website\"},\"primaryImageOfPage\":{\"@id\":\"https:\\\/\\\/akunq.net\\\/tr\\\/?p=50918#primaryimage\"},\"image\":{\"@id\":\"https:\\\/\\\/akunq.net\\\/tr\\\/?p=50918#primaryimage\"},\"thumbnailUrl\":\"https:\\\/\\\/akunq.net\\\/tr\\\/wp-content\\\/uploads\\\/sites\\\/6\\\/2019\\\/01\\\/Diyarbak\u0131r\u2019\u0131n-Bulgarlar\u0131.jpg\",\"datePublished\":\"2019-01-30T07:53:27+00:00\",\"author\":{\"@id\":\"https:\\\/\\\/akunq.net\\\/tr\\\/#\\\/schema\\\/person\\\/096f1d38a12cce57fb855b485ed24c9e\"},\"breadcrumb\":{\"@id\":\"https:\\\/\\\/akunq.net\\\/tr\\\/?p=50918#breadcrumb\"},\"inLanguage\":\"en-US\",\"potentialAction\":[{\"@type\":\"ReadAction\",\"target\":[\"https:\\\/\\\/akunq.net\\\/tr\\\/?p=50918\"]}]},{\"@type\":\"ImageObject\",\"inLanguage\":\"en-US\",\"@id\":\"https:\\\/\\\/akunq.net\\\/tr\\\/?p=50918#primaryimage\",\"url\":\"https:\\\/\\\/akunq.net\\\/tr\\\/wp-content\\\/uploads\\\/sites\\\/6\\\/2019\\\/01\\\/Diyarbak\u0131r\u2019\u0131n-Bulgarlar\u0131.jpg\",\"contentUrl\":\"https:\\\/\\\/akunq.net\\\/tr\\\/wp-content\\\/uploads\\\/sites\\\/6\\\/2019\\\/01\\\/Diyarbak\u0131r\u2019\u0131n-Bulgarlar\u0131.jpg\",\"width\":650,\"height\":366},{\"@type\":\"BreadcrumbList\",\"@id\":\"https:\\\/\\\/akunq.net\\\/tr\\\/?p=50918#breadcrumb\",\"itemListElement\":[{\"@type\":\"ListItem\",\"position\":1,\"name\":\"Home\",\"item\":\"https:\\\/\\\/akunq.net\\\/tr\"},{\"@type\":\"ListItem\",\"position\":2,\"name\":\"Diyarbak\u0131r\u2019\u0131n Bulgarlar\u0131 ortaya \u00e7\u0131kt\u0131\"}]},{\"@type\":\"WebSite\",\"@id\":\"https:\\\/\\\/akunq.net\\\/tr\\\/#website\",\"url\":\"https:\\\/\\\/akunq.net\\\/tr\\\/\",\"name\":\"Bati Ermenistan Ve Bati Ermenileri Sorunlari Ara\u015ftirmalar Merkezi\",\"description\":\"\",\"potentialAction\":[{\"@type\":\"SearchAction\",\"target\":{\"@type\":\"EntryPoint\",\"urlTemplate\":\"https:\\\/\\\/akunq.net\\\/tr\\\/?s={search_term_string}\"},\"query-input\":{\"@type\":\"PropertyValueSpecification\",\"valueRequired\":true,\"valueName\":\"search_term_string\"}}],\"inLanguage\":\"en-US\"},{\"@type\":\"Person\",\"@id\":\"https:\\\/\\\/akunq.net\\\/tr\\\/#\\\/schema\\\/person\\\/096f1d38a12cce57fb855b485ed24c9e\",\"name\":\"admin\",\"url\":\"https:\\\/\\\/akunq.net\\\/tr\\\/?author=7\"}]}<\/script>\n<!-- \/ Yoast SEO plugin. -->","yoast_head_json":{"title":"Diyarbak\u0131r\u2019\u0131n Bulgarlar\u0131 ortaya \u00e7\u0131kt\u0131 - Bati Ermenistan Ve Bati Ermenileri Sorunlari Ara\u015ftirmalar Merkezi","robots":{"index":"index","follow":"follow","max-snippet":"max-snippet:-1","max-image-preview":"max-image-preview:large","max-video-preview":"max-video-preview:-1"},"canonical":"https:\/\/akunq.net\/tr\/?p=50918","og_locale":"en_US","og_type":"article","og_title":"Diyarbak\u0131r\u2019\u0131n Bulgarlar\u0131 ortaya \u00e7\u0131kt\u0131 - Bati Ermenistan Ve Bati Ermenileri Sorunlari Ara\u015ftirmalar Merkezi","og_description":"\u015eimdilerde halk taraf\u0131ndan \u201cBorsa Han\u0131\u201d olarak bilinen tarihi han\u0131n, 1850\u2019lerde s\u00fcrg\u00fcn gelen Bulgar devrimcilere ev sahipli\u011fi yapt\u0131\u011f\u0131 belirtildi. Diyarbak\u0131r\u2019da tarihi bir han\u0131n, Bulgaristan\u2019dan kente s\u00fcrg\u00fcn gelen Bulgaristanl\u0131 devrimcilere de ev sahipli\u011fi yapt\u0131\u011f\u0131 ortaya \u00e7\u0131kt\u0131. \u015eimdilerde halk taraf\u0131ndan\u00a0\u201cBorsa Han\u0131\u201d\u00a0olarak bilinen tarihi han\u0131n, 1850\u2019lerde s\u00fcrg\u00fcn gelen Bulgar devrimcilere ev sahipli\u011fi yapt\u0131\u011f\u0131 belirtildi. Halk aras\u0131nda han\u0131n ad\u0131n\u0131n da [&hellip;]","og_url":"https:\/\/akunq.net\/tr\/?p=50918","og_site_name":"Bati Ermenistan Ve Bati Ermenileri Sorunlari Ara\u015ftirmalar Merkezi","article_published_time":"2019-01-30T07:53:27+00:00","og_image":[{"width":650,"height":366,"url":"https:\/\/akunq.net\/tr\/wp-content\/uploads\/sites\/6\/2019\/01\/Diyarbak\u0131r\u2019\u0131n-Bulgarlar\u0131.jpg","type":"image\/jpeg"}],"author":"admin","twitter_card":"summary_large_image","twitter_misc":{"Written by":"admin","Est. reading time":"4 minutes"},"schema":{"@context":"https:\/\/schema.org","@graph":[{"@type":"Article","@id":"https:\/\/akunq.net\/tr\/?p=50918#article","isPartOf":{"@id":"https:\/\/akunq.net\/tr\/?p=50918"},"author":{"name":"admin","@id":"https:\/\/akunq.net\/tr\/#\/schema\/person\/096f1d38a12cce57fb855b485ed24c9e"},"headline":"Diyarbak\u0131r\u2019\u0131n Bulgarlar\u0131 ortaya \u00e7\u0131kt\u0131","datePublished":"2019-01-30T07:53:27+00:00","mainEntityOfPage":{"@id":"https:\/\/akunq.net\/tr\/?p=50918"},"wordCount":830,"commentCount":0,"image":{"@id":"https:\/\/akunq.net\/tr\/?p=50918#primaryimage"},"thumbnailUrl":"https:\/\/akunq.net\/tr\/wp-content\/uploads\/sites\/6\/2019\/01\/Diyarbak\u0131r\u2019\u0131n-Bulgarlar\u0131.jpg","articleSection":["Haberler","Tarih Sayfalar\u0131","T\u00fcrkiye\u2019de Az\u0131nl\u0131klar"],"inLanguage":"en-US","potentialAction":[{"@type":"CommentAction","name":"Comment","target":["https:\/\/akunq.net\/tr\/?p=50918#respond"]}]},{"@type":"WebPage","@id":"https:\/\/akunq.net\/tr\/?p=50918","url":"https:\/\/akunq.net\/tr\/?p=50918","name":"Diyarbak\u0131r\u2019\u0131n Bulgarlar\u0131 ortaya \u00e7\u0131kt\u0131 - Bati Ermenistan Ve Bati Ermenileri Sorunlari Ara\u015ftirmalar Merkezi","isPartOf":{"@id":"https:\/\/akunq.net\/tr\/#website"},"primaryImageOfPage":{"@id":"https:\/\/akunq.net\/tr\/?p=50918#primaryimage"},"image":{"@id":"https:\/\/akunq.net\/tr\/?p=50918#primaryimage"},"thumbnailUrl":"https:\/\/akunq.net\/tr\/wp-content\/uploads\/sites\/6\/2019\/01\/Diyarbak\u0131r\u2019\u0131n-Bulgarlar\u0131.jpg","datePublished":"2019-01-30T07:53:27+00:00","author":{"@id":"https:\/\/akunq.net\/tr\/#\/schema\/person\/096f1d38a12cce57fb855b485ed24c9e"},"breadcrumb":{"@id":"https:\/\/akunq.net\/tr\/?p=50918#breadcrumb"},"inLanguage":"en-US","potentialAction":[{"@type":"ReadAction","target":["https:\/\/akunq.net\/tr\/?p=50918"]}]},{"@type":"ImageObject","inLanguage":"en-US","@id":"https:\/\/akunq.net\/tr\/?p=50918#primaryimage","url":"https:\/\/akunq.net\/tr\/wp-content\/uploads\/sites\/6\/2019\/01\/Diyarbak\u0131r\u2019\u0131n-Bulgarlar\u0131.jpg","contentUrl":"https:\/\/akunq.net\/tr\/wp-content\/uploads\/sites\/6\/2019\/01\/Diyarbak\u0131r\u2019\u0131n-Bulgarlar\u0131.jpg","width":650,"height":366},{"@type":"BreadcrumbList","@id":"https:\/\/akunq.net\/tr\/?p=50918#breadcrumb","itemListElement":[{"@type":"ListItem","position":1,"name":"Home","item":"https:\/\/akunq.net\/tr"},{"@type":"ListItem","position":2,"name":"Diyarbak\u0131r\u2019\u0131n Bulgarlar\u0131 ortaya \u00e7\u0131kt\u0131"}]},{"@type":"WebSite","@id":"https:\/\/akunq.net\/tr\/#website","url":"https:\/\/akunq.net\/tr\/","name":"Bati Ermenistan Ve Bati Ermenileri Sorunlari Ara\u015ftirmalar Merkezi","description":"","potentialAction":[{"@type":"SearchAction","target":{"@type":"EntryPoint","urlTemplate":"https:\/\/akunq.net\/tr\/?s={search_term_string}"},"query-input":{"@type":"PropertyValueSpecification","valueRequired":true,"valueName":"search_term_string"}}],"inLanguage":"en-US"},{"@type":"Person","@id":"https:\/\/akunq.net\/tr\/#\/schema\/person\/096f1d38a12cce57fb855b485ed24c9e","name":"admin","url":"https:\/\/akunq.net\/tr\/?author=7"}]}},"_links":{"self":[{"href":"https:\/\/akunq.net\/tr\/index.php?rest_route=\/wp\/v2\/posts\/50918","targetHints":{"allow":["GET"]}}],"collection":[{"href":"https:\/\/akunq.net\/tr\/index.php?rest_route=\/wp\/v2\/posts"}],"about":[{"href":"https:\/\/akunq.net\/tr\/index.php?rest_route=\/wp\/v2\/types\/post"}],"author":[{"embeddable":true,"href":"https:\/\/akunq.net\/tr\/index.php?rest_route=\/wp\/v2\/users\/7"}],"replies":[{"embeddable":true,"href":"https:\/\/akunq.net\/tr\/index.php?rest_route=%2Fwp%2Fv2%2Fcomments&post=50918"}],"version-history":[{"count":1,"href":"https:\/\/akunq.net\/tr\/index.php?rest_route=\/wp\/v2\/posts\/50918\/revisions"}],"predecessor-version":[{"id":50920,"href":"https:\/\/akunq.net\/tr\/index.php?rest_route=\/wp\/v2\/posts\/50918\/revisions\/50920"}],"wp:featuredmedia":[{"embeddable":true,"href":"https:\/\/akunq.net\/tr\/index.php?rest_route=\/wp\/v2\/media\/50919"}],"wp:attachment":[{"href":"https:\/\/akunq.net\/tr\/index.php?rest_route=%2Fwp%2Fv2%2Fmedia&parent=50918"}],"wp:term":[{"taxonomy":"category","embeddable":true,"href":"https:\/\/akunq.net\/tr\/index.php?rest_route=%2Fwp%2Fv2%2Fcategories&post=50918"},{"taxonomy":"post_tag","embeddable":true,"href":"https:\/\/akunq.net\/tr\/index.php?rest_route=%2Fwp%2Fv2%2Ftags&post=50918"}],"curies":[{"name":"wp","href":"https:\/\/api.w.org\/{rel}","templated":true}]}}