{"id":50613,"date":"2019-01-15T03:02:58","date_gmt":"2019-01-15T08:02:58","guid":{"rendered":"http:\/\/akunq.net\/tr\/?p=50613"},"modified":"2019-01-15T03:02:58","modified_gmt":"2019-01-15T08:02:58","slug":"kadim-kentin-kadim-halki-suryaniler-7","status":"publish","type":"post","link":"https:\/\/akunq.net\/tr\/?p=50613","title":{"rendered":"Kadim kentin kadim halk\u0131: S\u00fcryaniler \u2013 7"},"content":{"rendered":"<p><a href=\"http:\/\/akunq.net\/tr\/?attachment_id=50614\" rel=\"attachment wp-att-50614\"><img loading=\"lazy\" decoding=\"async\" class=\"aligncenter size-full wp-image-50614\" src=\"http:\/\/akunq.net\/tr\/wp-content\/uploads\/2019\/01\/S\u00fcryaniler.jpg\" alt=\"\" width=\"750\" height=\"452\" srcset=\"https:\/\/akunq.net\/tr\/wp-content\/uploads\/sites\/6\/2019\/01\/S\u00fcryaniler.jpg 750w, https:\/\/akunq.net\/tr\/wp-content\/uploads\/sites\/6\/2019\/01\/S\u00fcryaniler-360x217.jpg 360w, https:\/\/akunq.net\/tr\/wp-content\/uploads\/sites\/6\/2019\/01\/S\u00fcryaniler-560x337.jpg 560w, https:\/\/akunq.net\/tr\/wp-content\/uploads\/sites\/6\/2019\/01\/S\u00fcryaniler-260x157.jpg 260w, https:\/\/akunq.net\/tr\/wp-content\/uploads\/sites\/6\/2019\/01\/S\u00fcryaniler-160x96.jpg 160w\" sizes=\"auto, (max-width: 750px) 100vw, 750px\" \/><\/a><\/p>\n<p><strong><em>D\u0130YARBAKIR \u2013 T\u00fcrkiye\u2019de bulunan S\u00fcryaniler \u00fc\u00e7 ayr\u0131 Patriklik merkezine ba\u011fl\u0131lar. Bunlar, Tur Abdin, Mardin ve \u0130stanbul Metropolitli\u011fidir. Merkezi Midyat\u2019ta olan Tur Abdin Metropolitli\u011fi Midyat, Nusaybin, \u0130dil ve k\u00f6yleri kapsamakta iken, merkezi Mardin\u2019de olan Mardin Metropolitli\u011fi ise Diyarbak\u0131r, Ad\u0131yaman, Malatya ve Elaz\u0131\u011f\u2019\u0131 kapsamaktad\u0131r. T\u00fcm d\u00fcnyadaki S\u00fcryani cemaati aras\u0131nda sayg\u0131n bir yere sahip olan Diyarbak\u0131r\u2019daki Meryem Ana S\u00fcryani Ortodoks Kilisesi, y\u00fczy\u0131llarca Patriklik merkezi olarak kullan\u0131lm\u0131\u015ft\u0131r.<\/em><\/strong><\/p>\n<p><strong>Ahmet S\u00dcMB\u00dcL<\/strong><\/p>\n<p>Diyarbak\u0131r\u2019da bulunan S\u00fcryaniler, bundan y\u00fcz y\u0131l \u00f6ncesine kadar kent merkezi ve baz\u0131 il\u00e7elerde Ermenilerden sonra en b\u00fcy\u00fck H\u0131ristiyan n\u00fcfusuna sahip bir cemaat idi. S\u00fcryani ve Keldaniler \u00fczerine ara\u015ft\u0131rmalar\u0131 ile bilinen yazar Mehmet \u015eim\u015fek, yay\u0131nlad\u0131\u011f\u0131 kitaplar\u0131nda bu konuda ayr\u0131nt\u0131l\u0131 bilgiler sunmaktad\u0131r.<\/p>\n<p><strong>1900\u2019lerin ba\u015f\u0131nda kentte 40 binden fazla S\u00fcryani vard\u0131<\/strong><\/p>\n<p>1857 y\u0131l\u0131nda Diyarbak\u0131r\u2019da do\u011fan yazar, katip ve defterdarl\u0131k da yapan Ali Emiri Efendi, \u201cOsmanl\u0131 Vilayet-i \u015earkiye\u201d adl\u0131 eserinin \u201cDiyarbekir Vilayetinin N\u00fcfus-u Umumisi\u201d ba\u015fl\u0131\u011f\u0131 alt\u0131nda, Diyarbak\u0131r\u2019da bulunan gayrim\u00fcslim n\u00fcfusu ile ilgili olarak \u015fu bilgileri verir:<\/p>\n<p>\u201cDiyarbekir vilayetine ait olmak \u00fczere 20 adet salname ne\u015frolunmu\u015ftur. Bu salnamelerin ekserisinde n\u00fcfus-u umumiye-i vilayetin miktar\u0131 ve bunun ne kadar\u0131 M\u00fcslim ve ne kadar\u0131 gayrim\u00fcslim oldu\u011fu ve gayrim\u00fcslimlerin Ermeni, Protestan, Katolik, Ortodoks S\u00fcryani, Keldani, Yahudi gibi anas\u0131r-\u0131 muhtelifeye nispet adedi g\u00f6sterilmektedir. Bununla beraber 1330 (1911) hicri senesinden bermucibi tahrir n\u00fcfus-u umumiye-i vilayet \u015f\u00f6yledir:<\/p>\n<p>Ermeni 55.890, Keldani Kadim 5.994, S\u00fcryani (Kadim Asuri) 37.976, S\u00fcryani Katolik 4.133, Ermeni Katolik 9.960, Rum 1.925, Protestan 7.376, Yakubi 10, \u00cazidi 2.375, Yahudi 2.085<\/p>\n<p><strong>\u2018Di\u011fer ve bilinmeyenler\u2019 kategorisine sokuldular<\/strong><\/p>\n<p>Cumhuriyetten sonra 1927 y\u0131l\u0131nda yap\u0131lan ilk n\u00fcfus say\u0131m\u0131nda H\u0131ristiyanlar i\u00e7in hangi mezhebe ait olduklar\u0131 da sorulur. Bu mezhepler aras\u0131nda S\u00fcryaniler, \u00cazidiler, Keldaniler ve Nasturiler yer almaz. S\u00fcryaniler, \u201cdi\u011fer ve bilinmeyenler\u201d kategorisinde yer al\u0131r.<\/p>\n<p>Bu yerle\u015fim birimlerinin ba\u015f\u0131nda Mardin, Hakkari, Diyarbak\u0131r ve Siirt gelmektedir. 1927 say\u0131m\u0131na g\u00f6re T\u00fcrkiye\u2019deki \u201cdi\u011fer ve bilinmeyen\u201d din sahipleri 20.000 rakam\u0131na ula\u015fmaktad\u0131r.<\/p>\n<p>Bu rakam\u0131n 11.181\u2019i Mardin, 3.496\u2019s\u0131 Diyarbak\u0131r, 2.091\u2019i Siirt\u2019te iken, 1965 say\u0131m\u0131nda 15.000 ki\u015filik \u201cdi\u011fer ve bilinmeyen\u201d din sahiplerinin 6.500\u2019\u00fc Mardin, 2.000\u2019i Siirt, 2.000\u2019in ise \u0130stanbul\u2019da bulundu\u011fu belirlenmi\u015ftir.<\/p>\n<p>T\u00fcrkiye\u2019de 1965 y\u0131l\u0131ndaki n\u00fcfus say\u0131m\u0131ndan sonraki yap\u0131lan din ve konu\u015fulan ana dil kategorilerine bir daha yer verilmez. Ayn\u0131 \u015fekilde yap\u0131lan bu n\u00fcfus say\u0131m\u0131nda da \u201canadil\u201d tasnifinde S\u00fcryanice yer almam\u0131\u015ft\u0131r.<\/p>\n<p><strong>N\u00fcfus yo\u011funlu\u011fu Sur, Lice ve Silvan\u2019da bulunuyordu<\/strong><\/p>\n<p>Binlerce y\u0131ld\u0131r bu topraklarda yerle\u015fik olan S\u00fcryaniler, il\u00e7elerin d\u0131\u015f\u0131nda Diyarbak\u0131r merkezde Sur il\u00e7esinin g\u00fcneyinde Lale Bey ve Ali Pa\u015fa mahallelerinde yo\u011fun olarak ya\u015famaktayd\u0131. Tarihi belgelerde s\u00f6z konusu b\u00f6lgede Mor Habib, Meryemun, Meryem-i Kebir ve Molla Hennan mahallelerinin de bu b\u00f6lgede bulundu\u011fu ve S\u00fcryanilerin yo\u011fun olarak buralarda ikamet etti\u011fi yaz\u0131l\u0131d\u0131r. Ayn\u0131 \u015fekilde Lice ve Silvan il\u00e7eleri ile merkeze ba\u011fl\u0131 Ba\u011f\u0131var, Karaba\u015f, K\u0131t\u0131rb\u0131l ve \u00c7ar\u0131kl\u0131\u2019da da S\u00fcryani n\u00fcfusu bulunuyordu.<\/p>\n<p><strong>Kent ekonomisine katk\u0131lar\u0131 b\u00fcy\u00fckt\u00fc<\/strong><\/p>\n<p>Diyarbak\u0131r\u2019da bulunan S\u00fcryaniler, kentin ekonomisine b\u00fcy\u00fck katk\u0131lar sunuyorlard\u0131. S\u00fcryaniler kent merkezinde alt\u0131n ve g\u00fcm\u00fc\u015f i\u015flemecili\u011fi, demircilik, ta\u015f ustal\u0131\u011f\u0131, nalbantl\u0131k, semercilik, terzilik, ayakkab\u0131c\u0131l\u0131k, di\u015f\u00e7ilik, dokumac\u0131l\u0131k gibi bir\u00e7ok mesleklerle u\u011fra\u015f\u0131yorlard\u0131. Terzilik, kuyumculuk ve ayakkab\u0131c\u0131l\u0131k sekt\u00f6r\u00fc S\u00fcryani ustalar\u0131n elindeydi. K\u0131rsal alanda bulunan S\u00fcryaniler ise \u00e7ift\u00e7ilik ve hayvanc\u0131l\u0131kla u\u011fra\u015f\u0131yordu.<\/p>\n<p><strong>Her \u00e7e\u015fit sanat dal\u0131nda etkindiler<\/strong><\/p>\n<p>Diyarbak\u0131r Ticaret ve Sanayi Odas\u0131\u2019n\u0131n 1963 y\u0131l\u0131na kadar olan kay\u0131tlar\u0131nda ortaya \u00e7\u0131kan bilgilere g\u00f6re, S\u00fcryaniler her \u00e7e\u015fit sanat dal\u0131nda etkindirler. Ba\u015fta dokumac\u0131l\u0131k, pu\u015ficilik, ipek\u00e7ilik, boyamac\u0131l\u0131k, terzilik, \u00e7\u00f6mlek\u00e7ilik, kuyumculuk, bak\u0131rc\u0131l\u0131k, nalbant\u00e7\u0131l\u0131k, marangozluk, dericilik, ayakkab\u0131c\u0131l\u0131k, susam helvac\u0131l\u0131\u011f\u0131, ta\u015f i\u015f\u00e7ili\u011fi, bina ustac\u0131l\u0131\u011f\u0131 ve ta\u015f s\u00fcslemecili\u011fi alanlar\u0131nda faaliyet g\u00f6stermi\u015flerdir.<\/p>\n<p>S\u00fcryani esnaflar daha \u00e7ok Bu\u011fday Pazar\u0131, Kuyumcular \u00c7ar\u015f\u0131s\u0131, Gazi Caddesi, \u0130n\u00f6n\u00fc Caddesi, \u0130zzetpa\u015fa Caddesi, Mardinkap\u0131 ve Da\u011fkap\u0131 b\u00f6lgelerinde yo\u011fun olarak mesleklerini s\u00fcrd\u00fcr\u00fcyordu.<\/p>\n<p><strong>Y\u00fczy\u0131l \u00f6nce iki dergileri vard\u0131<\/strong><\/p>\n<p>S\u00fcryaniler 1910 y\u0131l\u0131nda, S\u00fcryani harfleri kullan\u0131larak yaz\u0131lan, ancak T\u00fcrk\u00e7e olarak okunan \u201cKevkebMedinho\u201d (\u015eark Y\u0131ld\u0131z\u0131) ve yine 1913 y\u0131l\u0131nda, S\u00fcryani harfleri kullan\u0131larak yaz\u0131lan ve T\u00fcrk\u00e7e<\/p>\n<p>okunan \u201c\u015eifuro\u201d (Borazan) adl\u0131 dergiler ile yay\u0131n hayat\u0131nda yerlerini alm\u0131\u015flard\u0131r. Ancak bu dergilerin yay\u0131n hayat\u0131 pek uzun s\u00fcrmemi\u015f.<\/p>\n<p><strong>Meryem Ana Kilisesi<\/strong><\/p>\n<p>T\u00fcm d\u00fcnyadaki S\u00fcryaniler aras\u0131nda ayr\u0131 bir \u00f6neme ve sayg\u0131nl\u0131\u011fa sahip olan Diyarbak\u0131r\u2019daki Meryem Ana S\u00fcryani Kilisesi, Sur il\u00e7esinde Ali Pa\u015fa mahallesinde bulunmakta. Kilise, cemaati azalmas\u0131na ra\u011fmen halen Diyarbak\u0131r\u2019da ibadete a\u00e7\u0131k olan tek S\u00fcryani kilisesidir. Meryem Ana Kilisesi, ana kiliseyle birlikte k\u00fct\u00fcphane, patriklik konutu, misafirhane ve lojmanlardan olu\u015fan yap\u0131lar olu\u015fur ve \u00fc\u00e7 avlusu vard\u0131r.<\/p>\n<p><strong>Bir\u00e7ok dini eseri bar\u0131nd\u0131r\u0131yor<\/strong><\/p>\n<p>Pek \u00e7ok tarihi eseri b\u00fcnyesinde bar\u0131nd\u0131ran kilisede, ceviz a\u011fac\u0131ndan yap\u0131lm\u0131\u015f kap\u0131lar, azizlere ait tablolar, el i\u015fi g\u00fcm\u00fc\u015f kandiller olduk\u00e7a dikkat \u00e7ekicidir. S\u00fcryani kilise k\u00fclt\u00fcr\u00fcn\u00fcn bir par\u00e7as\u0131 olan patrik mezarlar\u0131n\u0131n kilise i\u00e7ine yerle\u015ftirilmesi gelene\u011fi, bu kilise i\u00e7in de ge\u00e7erlidir. \u00c7e\u015fitli zamanlarda kilisede g\u00f6rev yapm\u0131\u015f ve g\u00f6revi ba\u015f\u0131ndayken \u00f6len pek \u00e7ok patri\u011fin ve rahibin mezarlar\u0131 halen kilise i\u00e7inde korunmaktad\u0131r.<\/p>\n<ol start=\"19\">\n<li><strong> y\u00fczy\u0131l\u0131n sonuna kadar Patriklik merkeziydi<\/strong><\/li>\n<\/ol>\n<p>Kilise, Patrik 4. Diyonosiyos\u2019un, Patriklik merkezini Milattan Sonra 1034 y\u0131l\u0131nda Diyarbak\u0131r Meryem Ana Kilisesi\u2019ne ta\u015f\u0131mas\u0131yla, 11. y\u00fczy\u0131ldan 19. y\u00fczy\u0131l\u0131n sonlar\u0131na kadar \u00e7e\u015fitli tarihlerde S\u00fcryani Patrikhanesi olarak cemaate hizmet etmi\u015ftir. 1933 y\u0131l\u0131nda Mardin Abra\u015fiyesi olan Mardin S\u00fcryani Kadim Metropolitli\u011fine ba\u011flanm\u0131\u015ft\u0131r ve halen bu Metropolitli\u011fin \u00fcyesidir. (S\u00fcrecek)<\/p>\n<p><a href=\"http:\/\/www.guneydoguekspres.com\/kadim-kentin-kadim-halki-suryaniler-h3307.htm\"><strong><em>http:\/\/www.guneydoguekspres.com\/kadim-kentin-kadim-halki-suryaniler-h3307.htm<\/em><\/strong><\/a><\/p>\n<p>&nbsp;<\/p>\n","protected":false},"excerpt":{"rendered":"<p>D\u0130YARBAKIR \u2013 T\u00fcrkiye\u2019de bulunan S\u00fcryaniler \u00fc\u00e7 ayr\u0131 Patriklik merkezine ba\u011fl\u0131lar. Bunlar, Tur Abdin, Mardin ve \u0130stanbul Metropolitli\u011fidir. Merkezi Midyat\u2019ta olan Tur Abdin Metropolitli\u011fi Midyat, Nusaybin, \u0130dil ve k\u00f6yleri kapsamakta iken, merkezi Mardin\u2019de olan Mardin Metropolitli\u011fi ise Diyarbak\u0131r, Ad\u0131yaman, Malatya ve Elaz\u0131\u011f\u2019\u0131 kapsamaktad\u0131r. T\u00fcm d\u00fcnyadaki S\u00fcryani cemaati aras\u0131nda sayg\u0131n bir yere sahip olan Diyarbak\u0131r\u2019daki Meryem Ana [&hellip;]<\/p>\n","protected":false},"author":7,"featured_media":50615,"comment_status":"open","ping_status":"open","sticky":false,"template":"","format":"standard","meta":{"footnotes":""},"categories":[1,20,53],"tags":[],"class_list":["post-50613","post","type-post","status-publish","format-standard","has-post-thumbnail","hentry","category-haberler","category-tarih-sayfalari","category-turkiyede-azinliklar"],"yoast_head":"<!-- This site is optimized with the Yoast SEO plugin v27.4 - https:\/\/yoast.com\/product\/yoast-seo-wordpress\/ -->\n<title>Kadim kentin kadim halk\u0131: S\u00fcryaniler \u2013 7 - Bati Ermenistan Ve Bati Ermenileri Sorunlari Ara\u015ftirmalar Merkezi<\/title>\n<meta name=\"robots\" content=\"index, follow, max-snippet:-1, max-image-preview:large, max-video-preview:-1\" \/>\n<link rel=\"canonical\" href=\"https:\/\/akunq.net\/tr\/?p=50613\" \/>\n<meta property=\"og:locale\" content=\"en_US\" \/>\n<meta property=\"og:type\" content=\"article\" \/>\n<meta property=\"og:title\" content=\"Kadim kentin kadim halk\u0131: S\u00fcryaniler \u2013 7 - Bati Ermenistan Ve Bati Ermenileri Sorunlari Ara\u015ftirmalar Merkezi\" \/>\n<meta property=\"og:description\" content=\"D\u0130YARBAKIR \u2013 T\u00fcrkiye\u2019de bulunan S\u00fcryaniler \u00fc\u00e7 ayr\u0131 Patriklik merkezine ba\u011fl\u0131lar. Bunlar, Tur Abdin, Mardin ve \u0130stanbul Metropolitli\u011fidir. Merkezi Midyat\u2019ta olan Tur Abdin Metropolitli\u011fi Midyat, Nusaybin, \u0130dil ve k\u00f6yleri kapsamakta iken, merkezi Mardin\u2019de olan Mardin Metropolitli\u011fi ise Diyarbak\u0131r, Ad\u0131yaman, Malatya ve Elaz\u0131\u011f\u2019\u0131 kapsamaktad\u0131r. T\u00fcm d\u00fcnyadaki S\u00fcryani cemaati aras\u0131nda sayg\u0131n bir yere sahip olan Diyarbak\u0131r\u2019daki Meryem Ana [&hellip;]\" \/>\n<meta property=\"og:url\" content=\"https:\/\/akunq.net\/tr\/?p=50613\" \/>\n<meta property=\"og:site_name\" content=\"Bati Ermenistan Ve Bati Ermenileri Sorunlari Ara\u015ftirmalar Merkezi\" \/>\n<meta property=\"article:published_time\" content=\"2019-01-15T08:02:58+00:00\" \/>\n<meta property=\"og:image\" content=\"https:\/\/akunq.net\/tr\/wp-content\/uploads\/sites\/6\/2019\/01\/S\u00fcryaniler-1.jpg\" \/>\n\t<meta property=\"og:image:width\" content=\"750\" \/>\n\t<meta property=\"og:image:height\" content=\"452\" \/>\n\t<meta property=\"og:image:type\" content=\"image\/jpeg\" \/>\n<meta name=\"author\" content=\"admin\" \/>\n<meta name=\"twitter:card\" content=\"summary_large_image\" \/>\n<meta name=\"twitter:label1\" content=\"Written by\" \/>\n\t<meta name=\"twitter:data1\" content=\"admin\" \/>\n\t<meta name=\"twitter:label2\" content=\"Est. reading time\" \/>\n\t<meta name=\"twitter:data2\" content=\"5 minutes\" \/>\n<script type=\"application\/ld+json\" class=\"yoast-schema-graph\">{\"@context\":\"https:\\\/\\\/schema.org\",\"@graph\":[{\"@type\":\"Article\",\"@id\":\"https:\\\/\\\/akunq.net\\\/tr\\\/?p=50613#article\",\"isPartOf\":{\"@id\":\"https:\\\/\\\/akunq.net\\\/tr\\\/?p=50613\"},\"author\":{\"name\":\"admin\",\"@id\":\"https:\\\/\\\/akunq.net\\\/tr\\\/#\\\/schema\\\/person\\\/096f1d38a12cce57fb855b485ed24c9e\"},\"headline\":\"Kadim kentin kadim halk\u0131: S\u00fcryaniler \u2013 7\",\"datePublished\":\"2019-01-15T08:02:58+00:00\",\"mainEntityOfPage\":{\"@id\":\"https:\\\/\\\/akunq.net\\\/tr\\\/?p=50613\"},\"wordCount\":1092,\"commentCount\":0,\"image\":{\"@id\":\"https:\\\/\\\/akunq.net\\\/tr\\\/?p=50613#primaryimage\"},\"thumbnailUrl\":\"https:\\\/\\\/akunq.net\\\/tr\\\/wp-content\\\/uploads\\\/sites\\\/6\\\/2019\\\/01\\\/S\u00fcryaniler-1.jpg\",\"articleSection\":[\"Haberler\",\"Tarih Sayfalar\u0131\",\"T\u00fcrkiye\u2019de Az\u0131nl\u0131klar\"],\"inLanguage\":\"en-US\",\"potentialAction\":[{\"@type\":\"CommentAction\",\"name\":\"Comment\",\"target\":[\"https:\\\/\\\/akunq.net\\\/tr\\\/?p=50613#respond\"]}]},{\"@type\":\"WebPage\",\"@id\":\"https:\\\/\\\/akunq.net\\\/tr\\\/?p=50613\",\"url\":\"https:\\\/\\\/akunq.net\\\/tr\\\/?p=50613\",\"name\":\"Kadim kentin kadim halk\u0131: S\u00fcryaniler \u2013 7 - Bati Ermenistan Ve Bati Ermenileri Sorunlari Ara\u015ftirmalar Merkezi\",\"isPartOf\":{\"@id\":\"https:\\\/\\\/akunq.net\\\/tr\\\/#website\"},\"primaryImageOfPage\":{\"@id\":\"https:\\\/\\\/akunq.net\\\/tr\\\/?p=50613#primaryimage\"},\"image\":{\"@id\":\"https:\\\/\\\/akunq.net\\\/tr\\\/?p=50613#primaryimage\"},\"thumbnailUrl\":\"https:\\\/\\\/akunq.net\\\/tr\\\/wp-content\\\/uploads\\\/sites\\\/6\\\/2019\\\/01\\\/S\u00fcryaniler-1.jpg\",\"datePublished\":\"2019-01-15T08:02:58+00:00\",\"author\":{\"@id\":\"https:\\\/\\\/akunq.net\\\/tr\\\/#\\\/schema\\\/person\\\/096f1d38a12cce57fb855b485ed24c9e\"},\"breadcrumb\":{\"@id\":\"https:\\\/\\\/akunq.net\\\/tr\\\/?p=50613#breadcrumb\"},\"inLanguage\":\"en-US\",\"potentialAction\":[{\"@type\":\"ReadAction\",\"target\":[\"https:\\\/\\\/akunq.net\\\/tr\\\/?p=50613\"]}]},{\"@type\":\"ImageObject\",\"inLanguage\":\"en-US\",\"@id\":\"https:\\\/\\\/akunq.net\\\/tr\\\/?p=50613#primaryimage\",\"url\":\"https:\\\/\\\/akunq.net\\\/tr\\\/wp-content\\\/uploads\\\/sites\\\/6\\\/2019\\\/01\\\/S\u00fcryaniler-1.jpg\",\"contentUrl\":\"https:\\\/\\\/akunq.net\\\/tr\\\/wp-content\\\/uploads\\\/sites\\\/6\\\/2019\\\/01\\\/S\u00fcryaniler-1.jpg\",\"width\":750,\"height\":452},{\"@type\":\"BreadcrumbList\",\"@id\":\"https:\\\/\\\/akunq.net\\\/tr\\\/?p=50613#breadcrumb\",\"itemListElement\":[{\"@type\":\"ListItem\",\"position\":1,\"name\":\"Home\",\"item\":\"https:\\\/\\\/akunq.net\\\/tr\"},{\"@type\":\"ListItem\",\"position\":2,\"name\":\"Kadim kentin kadim halk\u0131: S\u00fcryaniler \u2013 7\"}]},{\"@type\":\"WebSite\",\"@id\":\"https:\\\/\\\/akunq.net\\\/tr\\\/#website\",\"url\":\"https:\\\/\\\/akunq.net\\\/tr\\\/\",\"name\":\"Bati Ermenistan Ve Bati Ermenileri Sorunlari Ara\u015ftirmalar Merkezi\",\"description\":\"\",\"potentialAction\":[{\"@type\":\"SearchAction\",\"target\":{\"@type\":\"EntryPoint\",\"urlTemplate\":\"https:\\\/\\\/akunq.net\\\/tr\\\/?s={search_term_string}\"},\"query-input\":{\"@type\":\"PropertyValueSpecification\",\"valueRequired\":true,\"valueName\":\"search_term_string\"}}],\"inLanguage\":\"en-US\"},{\"@type\":\"Person\",\"@id\":\"https:\\\/\\\/akunq.net\\\/tr\\\/#\\\/schema\\\/person\\\/096f1d38a12cce57fb855b485ed24c9e\",\"name\":\"admin\",\"url\":\"https:\\\/\\\/akunq.net\\\/tr\\\/?author=7\"}]}<\/script>\n<!-- \/ Yoast SEO plugin. -->","yoast_head_json":{"title":"Kadim kentin kadim halk\u0131: S\u00fcryaniler \u2013 7 - Bati Ermenistan Ve Bati Ermenileri Sorunlari Ara\u015ftirmalar Merkezi","robots":{"index":"index","follow":"follow","max-snippet":"max-snippet:-1","max-image-preview":"max-image-preview:large","max-video-preview":"max-video-preview:-1"},"canonical":"https:\/\/akunq.net\/tr\/?p=50613","og_locale":"en_US","og_type":"article","og_title":"Kadim kentin kadim halk\u0131: S\u00fcryaniler \u2013 7 - Bati Ermenistan Ve Bati Ermenileri Sorunlari Ara\u015ftirmalar Merkezi","og_description":"D\u0130YARBAKIR \u2013 T\u00fcrkiye\u2019de bulunan S\u00fcryaniler \u00fc\u00e7 ayr\u0131 Patriklik merkezine ba\u011fl\u0131lar. Bunlar, Tur Abdin, Mardin ve \u0130stanbul Metropolitli\u011fidir. Merkezi Midyat\u2019ta olan Tur Abdin Metropolitli\u011fi Midyat, Nusaybin, \u0130dil ve k\u00f6yleri kapsamakta iken, merkezi Mardin\u2019de olan Mardin Metropolitli\u011fi ise Diyarbak\u0131r, Ad\u0131yaman, Malatya ve Elaz\u0131\u011f\u2019\u0131 kapsamaktad\u0131r. T\u00fcm d\u00fcnyadaki S\u00fcryani cemaati aras\u0131nda sayg\u0131n bir yere sahip olan Diyarbak\u0131r\u2019daki Meryem Ana [&hellip;]","og_url":"https:\/\/akunq.net\/tr\/?p=50613","og_site_name":"Bati Ermenistan Ve Bati Ermenileri Sorunlari Ara\u015ftirmalar Merkezi","article_published_time":"2019-01-15T08:02:58+00:00","og_image":[{"width":750,"height":452,"url":"https:\/\/akunq.net\/tr\/wp-content\/uploads\/sites\/6\/2019\/01\/S\u00fcryaniler-1.jpg","type":"image\/jpeg"}],"author":"admin","twitter_card":"summary_large_image","twitter_misc":{"Written by":"admin","Est. reading time":"5 minutes"},"schema":{"@context":"https:\/\/schema.org","@graph":[{"@type":"Article","@id":"https:\/\/akunq.net\/tr\/?p=50613#article","isPartOf":{"@id":"https:\/\/akunq.net\/tr\/?p=50613"},"author":{"name":"admin","@id":"https:\/\/akunq.net\/tr\/#\/schema\/person\/096f1d38a12cce57fb855b485ed24c9e"},"headline":"Kadim kentin kadim halk\u0131: S\u00fcryaniler \u2013 7","datePublished":"2019-01-15T08:02:58+00:00","mainEntityOfPage":{"@id":"https:\/\/akunq.net\/tr\/?p=50613"},"wordCount":1092,"commentCount":0,"image":{"@id":"https:\/\/akunq.net\/tr\/?p=50613#primaryimage"},"thumbnailUrl":"https:\/\/akunq.net\/tr\/wp-content\/uploads\/sites\/6\/2019\/01\/S\u00fcryaniler-1.jpg","articleSection":["Haberler","Tarih Sayfalar\u0131","T\u00fcrkiye\u2019de Az\u0131nl\u0131klar"],"inLanguage":"en-US","potentialAction":[{"@type":"CommentAction","name":"Comment","target":["https:\/\/akunq.net\/tr\/?p=50613#respond"]}]},{"@type":"WebPage","@id":"https:\/\/akunq.net\/tr\/?p=50613","url":"https:\/\/akunq.net\/tr\/?p=50613","name":"Kadim kentin kadim halk\u0131: S\u00fcryaniler \u2013 7 - Bati Ermenistan Ve Bati Ermenileri Sorunlari Ara\u015ftirmalar Merkezi","isPartOf":{"@id":"https:\/\/akunq.net\/tr\/#website"},"primaryImageOfPage":{"@id":"https:\/\/akunq.net\/tr\/?p=50613#primaryimage"},"image":{"@id":"https:\/\/akunq.net\/tr\/?p=50613#primaryimage"},"thumbnailUrl":"https:\/\/akunq.net\/tr\/wp-content\/uploads\/sites\/6\/2019\/01\/S\u00fcryaniler-1.jpg","datePublished":"2019-01-15T08:02:58+00:00","author":{"@id":"https:\/\/akunq.net\/tr\/#\/schema\/person\/096f1d38a12cce57fb855b485ed24c9e"},"breadcrumb":{"@id":"https:\/\/akunq.net\/tr\/?p=50613#breadcrumb"},"inLanguage":"en-US","potentialAction":[{"@type":"ReadAction","target":["https:\/\/akunq.net\/tr\/?p=50613"]}]},{"@type":"ImageObject","inLanguage":"en-US","@id":"https:\/\/akunq.net\/tr\/?p=50613#primaryimage","url":"https:\/\/akunq.net\/tr\/wp-content\/uploads\/sites\/6\/2019\/01\/S\u00fcryaniler-1.jpg","contentUrl":"https:\/\/akunq.net\/tr\/wp-content\/uploads\/sites\/6\/2019\/01\/S\u00fcryaniler-1.jpg","width":750,"height":452},{"@type":"BreadcrumbList","@id":"https:\/\/akunq.net\/tr\/?p=50613#breadcrumb","itemListElement":[{"@type":"ListItem","position":1,"name":"Home","item":"https:\/\/akunq.net\/tr"},{"@type":"ListItem","position":2,"name":"Kadim kentin kadim halk\u0131: S\u00fcryaniler \u2013 7"}]},{"@type":"WebSite","@id":"https:\/\/akunq.net\/tr\/#website","url":"https:\/\/akunq.net\/tr\/","name":"Bati Ermenistan Ve Bati Ermenileri Sorunlari Ara\u015ftirmalar Merkezi","description":"","potentialAction":[{"@type":"SearchAction","target":{"@type":"EntryPoint","urlTemplate":"https:\/\/akunq.net\/tr\/?s={search_term_string}"},"query-input":{"@type":"PropertyValueSpecification","valueRequired":true,"valueName":"search_term_string"}}],"inLanguage":"en-US"},{"@type":"Person","@id":"https:\/\/akunq.net\/tr\/#\/schema\/person\/096f1d38a12cce57fb855b485ed24c9e","name":"admin","url":"https:\/\/akunq.net\/tr\/?author=7"}]}},"_links":{"self":[{"href":"https:\/\/akunq.net\/tr\/index.php?rest_route=\/wp\/v2\/posts\/50613","targetHints":{"allow":["GET"]}}],"collection":[{"href":"https:\/\/akunq.net\/tr\/index.php?rest_route=\/wp\/v2\/posts"}],"about":[{"href":"https:\/\/akunq.net\/tr\/index.php?rest_route=\/wp\/v2\/types\/post"}],"author":[{"embeddable":true,"href":"https:\/\/akunq.net\/tr\/index.php?rest_route=\/wp\/v2\/users\/7"}],"replies":[{"embeddable":true,"href":"https:\/\/akunq.net\/tr\/index.php?rest_route=%2Fwp%2Fv2%2Fcomments&post=50613"}],"version-history":[{"count":1,"href":"https:\/\/akunq.net\/tr\/index.php?rest_route=\/wp\/v2\/posts\/50613\/revisions"}],"predecessor-version":[{"id":50616,"href":"https:\/\/akunq.net\/tr\/index.php?rest_route=\/wp\/v2\/posts\/50613\/revisions\/50616"}],"wp:featuredmedia":[{"embeddable":true,"href":"https:\/\/akunq.net\/tr\/index.php?rest_route=\/wp\/v2\/media\/50615"}],"wp:attachment":[{"href":"https:\/\/akunq.net\/tr\/index.php?rest_route=%2Fwp%2Fv2%2Fmedia&parent=50613"}],"wp:term":[{"taxonomy":"category","embeddable":true,"href":"https:\/\/akunq.net\/tr\/index.php?rest_route=%2Fwp%2Fv2%2Fcategories&post=50613"},{"taxonomy":"post_tag","embeddable":true,"href":"https:\/\/akunq.net\/tr\/index.php?rest_route=%2Fwp%2Fv2%2Ftags&post=50613"}],"curies":[{"name":"wp","href":"https:\/\/api.w.org\/{rel}","templated":true}]}}