{"id":49965,"date":"2018-12-04T01:54:21","date_gmt":"2018-12-04T06:54:21","guid":{"rendered":"http:\/\/akunq.net\/tr\/?p=49965"},"modified":"2018-12-04T01:54:21","modified_gmt":"2018-12-04T06:54:21","slug":"70-yil-once-terk-ettiler","status":"publish","type":"post","link":"https:\/\/akunq.net\/tr\/?p=49965","title":{"rendered":"70 y\u0131l \u00f6nce terk ettiler"},"content":{"rendered":"<p><a href=\"http:\/\/akunq.net\/tr\/?attachment_id=49966\" rel=\"attachment wp-att-49966\"><img loading=\"lazy\" decoding=\"async\" class=\"aligncenter size-full wp-image-49966\" src=\"http:\/\/akunq.net\/tr\/wp-content\/uploads\/2018\/12\/Diyarbak\u0131r.jpg\" alt=\"\" width=\"750\" height=\"452\" srcset=\"https:\/\/akunq.net\/tr\/wp-content\/uploads\/sites\/6\/2018\/12\/Diyarbak\u0131r.jpg 750w, https:\/\/akunq.net\/tr\/wp-content\/uploads\/sites\/6\/2018\/12\/Diyarbak\u0131r-360x217.jpg 360w, https:\/\/akunq.net\/tr\/wp-content\/uploads\/sites\/6\/2018\/12\/Diyarbak\u0131r-560x337.jpg 560w, https:\/\/akunq.net\/tr\/wp-content\/uploads\/sites\/6\/2018\/12\/Diyarbak\u0131r-260x157.jpg 260w, https:\/\/akunq.net\/tr\/wp-content\/uploads\/sites\/6\/2018\/12\/Diyarbak\u0131r-160x96.jpg 160w\" sizes=\"auto, (max-width: 750px) 100vw, 750px\" \/><\/a><\/p>\n<p><strong><em>Medeniyetlere ev sahipli\u011fi yapm\u0131\u015f olan Diyarbak\u0131r; Ermeniler, S\u00fcryaniler, \u00cazidiler ve Keldaniler d\u0131\u015f\u0131nda Yahudilere de ev sahipli\u011fi yapm\u0131\u015f. Ya\u015fad\u0131klar\u0131 bask\u0131lardan sonra varl\u0131kl\u0131 Yahudilerin \u00e7o\u011fu Avrupa \u00fclkeleri ve Amerika\u2019ya g\u00f6\u00e7 ederken, bir k\u0131sm\u0131 ise yak\u0131nlar\u0131n\u0131n bulundu\u011fu Irak\u2019\u0131n Ba\u011fdat ve Musul kentlerine g\u00f6\u00e7 etti.<br \/>\n<\/em><\/strong>D\u0130YARBAKIR \u2013 Medeniyetlere ev sahipli\u011fi yapm\u0131\u015f olan Diyarbak\u0131r, bir\u00e7ok din ve mezhebe ba\u011fl\u0131 halklar\u0131 da b\u00fcnyesinde bar\u0131nd\u0131r\u0131yordu. M\u00fcsl\u00fcmanl\u0131\u011f\u0131n d\u0131\u015f\u0131nda, \u015fuan ancak parmakla say\u0131labilen Ermeniler, S\u00fcryaniler, \u00cazidiler, Keldaniler, Yahudiler de ya\u015f\u0131yordu bu kentte. Kentte manifaturac\u0131l\u0131k, terzilik, zahirecilik, attarl\u0131k ba\u015fta olmak \u00fczere bir\u00e7ok i\u015f kolu ile ilgilenen Yahudiler, Sur il\u00e7esinde \u015fuanda haritadan silinen Yenikap\u0131 ve Arap \u015eeyh b\u00f6lgeleri ile \u00c7ermik il\u00e7esinde ya\u015farlard\u0131.<\/p>\n<p>Tarihte \u201c93 Harbi\u201d de denilen ve 1877-1878 y\u0131llar\u0131 aras\u0131nda Osmanl\u0131 \u0130mparatorlu\u011fu ile Rus \u00c7arl\u0131\u011f\u0131 aras\u0131nda ya\u015fanan sava\u015f sonras\u0131nda Osmanl\u0131\u2019n\u0131n, topraklar\u0131 i\u00e7inde ya\u015fayan gayri m\u00fcslimlere y\u00f6nelik bak\u0131\u015f\u0131 Diyarbak\u0131r\u2019dakilere de yans\u0131d\u0131. 1915 y\u0131l\u0131 ise, bir d\u00f6n\u00fcm noktas\u0131 oldu. T\u00fcm bask\u0131lara ra\u011fmen direnen Sur il\u00e7esinin renklerinden olan Yahudiler, \u00e7evrelerinden g\u00f6rd\u00fckleri bask\u0131lar\u0131n ard\u0131ndan, 1948 y\u0131l\u0131nda \u0130srail\u2019in kurulmas\u0131 ile birlikte bundan 70 y\u0131l \u00f6nce Diyarbak\u0131r\u2019\u0131 terk etmek zorunda kald\u0131lar.<\/p>\n<p>\u0130lk insanlar\u0131n yerle\u015fik hayata ge\u00e7mesiyle hayat bulan Diyarbak\u0131r, Hurri, Med, Akad, Asur, \u0130skit, Pers, Roma, Osmanl\u0131 gibi onlarca medeniyetin hakimiyetinde t\u00fcm ihti\u015fam\u0131 ile b\u00f6lgenin kalbi olma konumunu hep korudu. Diyarbak\u0131r, tarihe y\u00f6n vermi\u015f bir\u00e7ok medeniyete kimi zaman y\u00fczy\u0131llarca ev sahipli\u011fi, kimi zaman da ba\u015fkentlik yapt\u0131. Burada yerle\u015fen her medeniyetin izlerini halen Diyarbak\u0131r surlar\u0131nda g\u00f6rmek m\u00fcmk\u00fcn.<\/p>\n<p>Medeniyetlerin sadece k\u00fclt\u00fcr ve geride b\u0131rakt\u0131klar\u0131 arkeolojik kal\u0131nt\u0131lar\u0131n\u0131n yan\u0131 s\u0131ra dinlerinin izlerini de Diyarbak\u0131r\u2019da g\u00f6rebilirsiniz. Bu dinlerden biri de Yahudilik idi.<\/p>\n<p><strong>En az bilinen cemaat<\/strong><\/p>\n<p>Diyarbak\u0131r\u2019daki Yahudi Cemaati, T\u00fcrkiye\u2019de ve de Diyarbak\u0131r\u2019da en az incelenmi\u015f ve haklar\u0131nda ara\u015ft\u0131rma yap\u0131lm\u0131\u015f cemaatlerin ba\u015f\u0131nda geliyor.<\/p>\n<p>Diyarbak\u0131r Yahudileri incelenmeye ba\u015fland\u0131\u011f\u0131nda kar\u015f\u0131 kar\u015f\u0131ya gelinen temel mesele, bu i\u00e7ine kapan\u0131k cemaat ile ilgili kaynaklar\u0131n yetersizli\u011fidir. Bu konuda kaynak te\u015fkil edecek belgeler, seyyahlar\u0131n b\u00f6lgeye yapm\u0131\u015f olduklar\u0131 seyahatlerde g\u00f6rd\u00fcklerini seyahatnamelere yazd\u0131klar\u0131 an\u0131 ve gezi notlar\u0131, Osmanl\u0131 \u0130mparatorlu\u011fu ve vilayet salnameleri, \u0130srail\u2019de K\u00fcrt Yahudileri ile ilgili yay\u0131nlanm\u0131\u015f olan ara\u015ft\u0131rmalar, Diyarbak\u0131r Yahudileri \u00fczerine ara\u015ft\u0131rma yapan Yazar Rifat N. Bali\u2019nin \u00e7al\u0131\u015fmas\u0131 ve Paris\u2019te bulunan Alliance \u0130sraelite \u0130nuverselle te\u015fkilat\u0131na ba\u011fl\u0131 \u00f6\u011fretmenler ile o d\u00f6nemde yay\u0131nlanan yabanc\u0131 gazete kup\u00fcrleri ile Sinagog\u2019lar\u0131n tuttuklar\u0131 kay\u0131tlard\u0131r.<\/p>\n<p><strong>Tehcir sonras\u0131 Diyarbak\u0131r\u2019a yerle\u015ftiler<\/strong><\/p>\n<p>Yahudi Kral\u0131 S\u00fcleyman\u2019\u0131n \u00f6l\u00fcm\u00fcnden sonra Kud\u00fcs\u2019ten at\u0131larak tehcir edilen Yahudiler, \u00f6zellikle Irak K\u00fcrt B\u00f6lgesi, \u0130ran ve T\u00fcrkiye s\u0131n\u0131rlar\u0131nda K\u00fcrtlerin ya\u015fad\u0131\u011f\u0131 b\u00f6lgelere yerle\u015fmi\u015flerdi.<\/p>\n<p>Halen Kud\u00fcs\u2019te ya\u015fayan Diyarbak\u0131rl\u0131 Yahudilerin yaz\u0131l\u0131 metinlerinde, Asur s\u00fcrg\u00fcn\u00fcnden beri Diyarbak\u0131r\u2019da bir Yahudi Cemaati bulunuyordu ve \u0130srail\u2019in kurulu\u015funa kadar da bu cemaat varl\u0131\u011f\u0131n\u0131 korumay\u0131 ba\u015farm\u0131\u015ft\u0131.<\/p>\n<p>Diyarbak\u0131r\u2019\u0131n renklerinden olan Yahudiler, \u015fu an kal\u0131nt\u0131lar\u0131 bile olmayan Sur il\u00e7esindeki Sinagog\u2019lar\u0131nda ibadetlerini yaparken, dil olarak K\u00fcrt\u00e7e, Arap\u00e7a ve T\u00fcrk\u00e7e konu\u015furlard\u0131. D\u00fc\u011f\u00fcn, ni\u015fan, \u00f6l\u00fcm, bayram gibi di\u011fer Yahudilerden farkl\u0131 olarak kendilerine has gelenekleri vard\u0131.<\/p>\n<p><strong>Sinagog\u2019un izleri kalmad\u0131<\/strong><\/p>\n<p>(Sur\u2019daki Sinagog, Arap \u015eeyh Camisi\u2019nin arkas\u0131nda, Has\u0131rl\u0131 Mahallesi Bah\u00e7ecik Sokak 3. \u00c7\u0131kmaz\u2019da bulunmaktayd\u0131. Yahudiler aras\u0131nda, Hz. \u0130lyas\u2019a peygamberli\u011fin bu odada verildi\u011fi inanc\u0131 vard\u0131r. Sinagog\u2019un i\u00e7inde s\u00fcrekli kapal\u0131 tutulan bir oda kutsal say\u0131l\u0131rd\u0131 ve Haham d\u0131\u015f\u0131nda bu odaya kimsenin girmesi g\u00fcnaht\u0131. Sinagog, Yahudilerin Diyarbak\u0131r\u2019\u0131 terk etmesinden sonra bir s\u00fcre sahipsiz kald\u0131. Daha sonra uzun bir s\u00fcre ev olarak kullan\u0131lan bu yap\u0131, 3 y\u0131l \u00f6nce Sur\u2019da ya\u015fanan \u00e7at\u0131\u015fmalar\u0131n ard\u0131ndan bir\u00e7ok bina gibi y\u0131k\u0131ld\u0131. Bu Sinagog\u2019da bulunan ve Haham \u0130lyas taraf\u0131ndan Halk Evi\u2019ne ba\u011f\u0131\u015flanan ceylan derisine \u0130branice yaz\u0131l\u0131 eski Tevrat halen Diyarbak\u0131r M\u00fczesi\u2019nde sergilenmekte.)<\/p>\n<p><strong>\u0130kinci Sinagog \u00c7ermik\u2019te bulunuyordu<\/strong><\/p>\n<p>Sur il\u00e7esinin d\u0131\u015f\u0131nda, \u00c7ermik il\u00e7esinde de Yahudi Cemaati ya\u015f\u0131yordu. \u00c7ermik il\u00e7esinde bulunan ve \u015fimdilerde depo-samanl\u0131k olarak kullan\u0131lan Sinagog\u2019un kitabesinde, buran\u0131n y\u00fczy\u0131llar \u00f6nce in\u015fa edildi\u011fi anla\u015f\u0131l\u0131yor.<\/p>\n<p>(\u00c7ermik\u2019te halen ayakta bulunan Sinagog, Kale Mahallesi\u2019nde bulunmakta. Ah\u0131r-depo olarak kullan\u0131lan Sinagog\u2019un kap\u0131s\u0131n\u0131n \u00fcst\u00fcnde \u0130branice yaz\u0131l\u0131 bir kitabe bulunuyor. Siyah ve beyaz ta\u015flarla yap\u0131lan Sinagog, 14 \u015eubat 2002 tarih ve 202 say\u0131l\u0131 karar ile Diyarbak\u0131r K\u00fclt\u00fcr ve Tabiat Varl\u0131klar\u0131n\u0131 Koruma Kurulu M\u00fcd\u00fcrl\u00fc\u011f\u00fc\u2019nce \u201ckorunmas\u0131 gereken k\u00fclt\u00fcr varl\u0131\u011f\u0131\u201d olarak tescil edildi. Ancak, korumaya y\u00f6nelik \u015fu ana kadar herhangi bir giri\u015fimde bulunulmad\u0131.)<\/p>\n<p><strong>Varl\u0131kl\u0131 olanlar ABD ve Avrupa\u2019ya g\u00f6\u00e7 etti<\/strong><\/p>\n<p>Diyarbak\u0131rl\u0131 Yahudilerin ilk g\u00f6\u00e7\u00fc, 1915 y\u0131l\u0131ndaki Ermeni tehciri sonras\u0131nda ya\u015fand\u0131. Diyarbak\u0131r\u2019dan ilk Yahudi g\u00f6\u00e7leri de 1916 tarihinden itibaren ba\u015flad\u0131. Ya\u015fad\u0131klar\u0131 bask\u0131lardan sonra varl\u0131kl\u0131 Yahudilerin \u00e7o\u011fu Avrupa \u00fclkeleri ve Amerika\u2019ya g\u00f6\u00e7 ederken, bir k\u0131sm\u0131 ise yak\u0131nlar\u0131n\u0131n bulundu\u011fu Irak\u2019\u0131n Ba\u011fdat ve Musul kentlerine g\u00f6\u00e7 etti.<\/p>\n<p>Bu g\u00f6\u00e7, 1940\u2019lara kadar devam etti. Diyarbak\u0131r\u2019da kalan Yahudilerin \u00e7o\u011fu ise yoksul kesimi olu\u015fturuyordu ve bir yere gidecek durumlar\u0131 yoktu.<\/p>\n<p><strong>G\u00f6\u00e7\u00fc h\u0131zland\u0131ran cinayet!<\/strong><\/p>\n<p>Diyarbak\u0131r\u2019da kalan son Yahudilerin g\u00f6\u00e7\u00fc ise, bir cinayet sonras\u0131nda son buldu. 1947 y\u0131l\u0131nda Bu\u011fday Pazar\u0131\u2019nda ya\u015fanan bir cinayet olay\u0131, Diyarbak\u0131r\u2019da son kalan Yahudileri de g\u00f6\u00e7e zorlad\u0131.<\/p>\n<p>Halk aras\u0131nda anlat\u0131lanlara g\u00f6re, Bu\u011fday Pazar\u0131\u2019nda manifaturac\u0131l\u0131k yapan Yona isimli Yahudi ile Siverek\u2019ten Diyarbak\u0131r\u2019a yerle\u015fen bir K\u00fcrt \u00e7ayc\u0131 aras\u0131nda ya\u015fanan tart\u0131\u015fmadan sonra, Yona, \u00e7ayc\u0131y\u0131 mahkemeye \u015fikayet etti.<\/p>\n<p>Dava g\u00fcn\u00fc Yahudi Yona karde\u015fleri ile birlikte mahkemeye giderken, \u00e7ayc\u0131n\u0131n yak\u0131nlar\u0131 taraf\u0131ndan s\u0131rt\u0131ndan b\u0131\u00e7aklanarak \u00f6ld\u00fcr\u00fcld\u00fc. Bu olay Diyarbak\u0131r Yahudileri aras\u0131nda b\u00fcy\u00fck bir korku ve tedirginli\u011fe yol a\u00e7t\u0131. 1948 y\u0131l\u0131nda \u0130srail Devleti kurulunca, bu olaydan da etkilenen Yahudiler Diyarbak\u0131r\u2019dan g\u00f6\u00e7 etmeye ba\u015flad\u0131lar.<\/p>\n<p><strong>\u0130srail kurulunca g\u00f6\u00e7ler buraya yo\u011funla\u015ft\u0131<\/strong><\/p>\n<p>2. D\u00fcnya Sava\u015f\u0131 sonras\u0131nda Birle\u015fmi\u015f Milletler taraf\u0131ndan al\u0131nan karar ile \u0130srail Devleti kuruldu. \u0130srail Devleti\u2019nin kurulmas\u0131, Anadolu, Irak, \u0130ran, Avrupa ve Rusya\u2019da ya\u015fayan Yahudiler i\u00e7in bir umut oldu.<\/p>\n<p>Ya\u015fad\u0131klar\u0131 \u00fclkelerde bask\u0131lara maruz kalan Yahudiler 1948\u2019den sonra yava\u015f yava\u015f \u0130srail\u2019e g\u00f6\u00e7 etmeye ba\u015flad\u0131. Diyarbak\u0131r\u2019\u0131 terk eden Yahudiler, bir daha geri d\u00f6nmeyeceklerini d\u00fc\u015f\u00fcnd\u00fckleri i\u00e7in ellerindeki t\u00fcm gayri menkulleri de satarak buradan g\u00f6\u00e7 ettiler. Sadece Diyarbak\u0131r\u2019dan de\u011fil, Urfa, Siverek, Nusaybin, Hakkari, Cizre ve Mardin\u2019de ya\u015fayan Yahudilerin tamam\u0131na yak\u0131n\u0131 da \u0130srail\u2019e g\u00f6\u00e7 etti.<\/p>\n<p>Halen Kud\u00fcs\u2019te Silvan ad\u0131yla bir mahalle ve Hakkari ad\u0131yla bir cadde var. Kud\u00fcs\u2019te ayn\u0131 \u015fekilde, Diyarbak\u0131r\u2019dan g\u00f6\u00e7 eden Yahudi g\u00f6\u00e7menlerin kurdu\u011fu \u201cNetsah Yisrael\u201d adl\u0131 bir Sinagog bulunuyor.<\/p>\n<p><strong><em>(S\u00fcrecek)<\/em><\/strong><\/p>\n<p><a href=\"http:\/\/www.guneydoguekspres.com\/yil-once-terk-ettiler-h2626.htm\"><strong><em>http:\/\/www.guneydoguekspres.com\/yil-once-terk-ettiler-h2626.htm<\/em><\/strong><\/a><\/p>\n<p>&nbsp;<\/p>\n","protected":false},"excerpt":{"rendered":"<p>Medeniyetlere ev sahipli\u011fi yapm\u0131\u015f olan Diyarbak\u0131r; Ermeniler, S\u00fcryaniler, \u00cazidiler ve Keldaniler d\u0131\u015f\u0131nda Yahudilere de ev sahipli\u011fi yapm\u0131\u015f. Ya\u015fad\u0131klar\u0131 bask\u0131lardan sonra varl\u0131kl\u0131 Yahudilerin \u00e7o\u011fu Avrupa \u00fclkeleri ve Amerika\u2019ya g\u00f6\u00e7 ederken, bir k\u0131sm\u0131 ise yak\u0131nlar\u0131n\u0131n bulundu\u011fu Irak\u2019\u0131n Ba\u011fdat ve Musul kentlerine g\u00f6\u00e7 etti. D\u0130YARBAKIR \u2013 Medeniyetlere ev sahipli\u011fi yapm\u0131\u015f olan Diyarbak\u0131r, bir\u00e7ok din ve mezhebe ba\u011fl\u0131 halklar\u0131 [&hellip;]<\/p>\n","protected":false},"author":7,"featured_media":49967,"comment_status":"open","ping_status":"open","sticky":false,"template":"","format":"standard","meta":{"footnotes":""},"categories":[1,70,20,53],"tags":[],"class_list":["post-49965","post","type-post","status-publish","format-standard","has-post-thumbnail","hentry","category-haberler","category-makaleler","category-tarih-sayfalari","category-turkiyede-azinliklar"],"yoast_head":"<!-- This site is optimized with the Yoast SEO plugin v27.4 - https:\/\/yoast.com\/product\/yoast-seo-wordpress\/ -->\n<title>70 y\u0131l \u00f6nce terk ettiler - Bati Ermenistan Ve Bati Ermenileri Sorunlari Ara\u015ftirmalar Merkezi<\/title>\n<meta name=\"robots\" content=\"index, follow, max-snippet:-1, max-image-preview:large, max-video-preview:-1\" \/>\n<link rel=\"canonical\" href=\"https:\/\/akunq.net\/tr\/?p=49965\" \/>\n<meta property=\"og:locale\" content=\"en_US\" \/>\n<meta property=\"og:type\" content=\"article\" \/>\n<meta property=\"og:title\" content=\"70 y\u0131l \u00f6nce terk ettiler - Bati Ermenistan Ve Bati Ermenileri Sorunlari Ara\u015ftirmalar Merkezi\" \/>\n<meta property=\"og:description\" content=\"Medeniyetlere ev sahipli\u011fi yapm\u0131\u015f olan Diyarbak\u0131r; Ermeniler, S\u00fcryaniler, \u00cazidiler ve Keldaniler d\u0131\u015f\u0131nda Yahudilere de ev sahipli\u011fi yapm\u0131\u015f. Ya\u015fad\u0131klar\u0131 bask\u0131lardan sonra varl\u0131kl\u0131 Yahudilerin \u00e7o\u011fu Avrupa \u00fclkeleri ve Amerika\u2019ya g\u00f6\u00e7 ederken, bir k\u0131sm\u0131 ise yak\u0131nlar\u0131n\u0131n bulundu\u011fu Irak\u2019\u0131n Ba\u011fdat ve Musul kentlerine g\u00f6\u00e7 etti. D\u0130YARBAKIR \u2013 Medeniyetlere ev sahipli\u011fi yapm\u0131\u015f olan Diyarbak\u0131r, bir\u00e7ok din ve mezhebe ba\u011fl\u0131 halklar\u0131 [&hellip;]\" \/>\n<meta property=\"og:url\" content=\"https:\/\/akunq.net\/tr\/?p=49965\" \/>\n<meta property=\"og:site_name\" content=\"Bati Ermenistan Ve Bati Ermenileri Sorunlari Ara\u015ftirmalar Merkezi\" \/>\n<meta property=\"article:published_time\" content=\"2018-12-04T06:54:21+00:00\" \/>\n<meta property=\"og:image\" content=\"https:\/\/akunq.net\/tr\/wp-content\/uploads\/sites\/6\/2018\/12\/Diyarbak\u0131r-1.jpg\" \/>\n\t<meta property=\"og:image:width\" content=\"750\" \/>\n\t<meta property=\"og:image:height\" content=\"452\" \/>\n\t<meta property=\"og:image:type\" content=\"image\/jpeg\" \/>\n<meta name=\"author\" content=\"admin\" \/>\n<meta name=\"twitter:card\" content=\"summary_large_image\" \/>\n<meta name=\"twitter:label1\" content=\"Written by\" \/>\n\t<meta name=\"twitter:data1\" content=\"admin\" \/>\n\t<meta name=\"twitter:label2\" content=\"Est. reading time\" \/>\n\t<meta name=\"twitter:data2\" content=\"6 minutes\" \/>\n<script type=\"application\/ld+json\" class=\"yoast-schema-graph\">{\"@context\":\"https:\\\/\\\/schema.org\",\"@graph\":[{\"@type\":\"Article\",\"@id\":\"https:\\\/\\\/akunq.net\\\/tr\\\/?p=49965#article\",\"isPartOf\":{\"@id\":\"https:\\\/\\\/akunq.net\\\/tr\\\/?p=49965\"},\"author\":{\"name\":\"admin\",\"@id\":\"https:\\\/\\\/akunq.net\\\/tr\\\/#\\\/schema\\\/person\\\/096f1d38a12cce57fb855b485ed24c9e\"},\"headline\":\"70 y\u0131l \u00f6nce terk ettiler\",\"datePublished\":\"2018-12-04T06:54:21+00:00\",\"mainEntityOfPage\":{\"@id\":\"https:\\\/\\\/akunq.net\\\/tr\\\/?p=49965\"},\"wordCount\":1294,\"commentCount\":0,\"image\":{\"@id\":\"https:\\\/\\\/akunq.net\\\/tr\\\/?p=49965#primaryimage\"},\"thumbnailUrl\":\"https:\\\/\\\/akunq.net\\\/tr\\\/wp-content\\\/uploads\\\/sites\\\/6\\\/2018\\\/12\\\/Diyarbak\u0131r-1.jpg\",\"articleSection\":[\"Haberler\",\"Makaleler\",\"Tarih Sayfalar\u0131\",\"T\u00fcrkiye\u2019de Az\u0131nl\u0131klar\"],\"inLanguage\":\"en-US\",\"potentialAction\":[{\"@type\":\"CommentAction\",\"name\":\"Comment\",\"target\":[\"https:\\\/\\\/akunq.net\\\/tr\\\/?p=49965#respond\"]}]},{\"@type\":\"WebPage\",\"@id\":\"https:\\\/\\\/akunq.net\\\/tr\\\/?p=49965\",\"url\":\"https:\\\/\\\/akunq.net\\\/tr\\\/?p=49965\",\"name\":\"70 y\u0131l \u00f6nce terk ettiler - Bati Ermenistan Ve Bati Ermenileri Sorunlari Ara\u015ftirmalar Merkezi\",\"isPartOf\":{\"@id\":\"https:\\\/\\\/akunq.net\\\/tr\\\/#website\"},\"primaryImageOfPage\":{\"@id\":\"https:\\\/\\\/akunq.net\\\/tr\\\/?p=49965#primaryimage\"},\"image\":{\"@id\":\"https:\\\/\\\/akunq.net\\\/tr\\\/?p=49965#primaryimage\"},\"thumbnailUrl\":\"https:\\\/\\\/akunq.net\\\/tr\\\/wp-content\\\/uploads\\\/sites\\\/6\\\/2018\\\/12\\\/Diyarbak\u0131r-1.jpg\",\"datePublished\":\"2018-12-04T06:54:21+00:00\",\"author\":{\"@id\":\"https:\\\/\\\/akunq.net\\\/tr\\\/#\\\/schema\\\/person\\\/096f1d38a12cce57fb855b485ed24c9e\"},\"breadcrumb\":{\"@id\":\"https:\\\/\\\/akunq.net\\\/tr\\\/?p=49965#breadcrumb\"},\"inLanguage\":\"en-US\",\"potentialAction\":[{\"@type\":\"ReadAction\",\"target\":[\"https:\\\/\\\/akunq.net\\\/tr\\\/?p=49965\"]}]},{\"@type\":\"ImageObject\",\"inLanguage\":\"en-US\",\"@id\":\"https:\\\/\\\/akunq.net\\\/tr\\\/?p=49965#primaryimage\",\"url\":\"https:\\\/\\\/akunq.net\\\/tr\\\/wp-content\\\/uploads\\\/sites\\\/6\\\/2018\\\/12\\\/Diyarbak\u0131r-1.jpg\",\"contentUrl\":\"https:\\\/\\\/akunq.net\\\/tr\\\/wp-content\\\/uploads\\\/sites\\\/6\\\/2018\\\/12\\\/Diyarbak\u0131r-1.jpg\",\"width\":750,\"height\":452},{\"@type\":\"BreadcrumbList\",\"@id\":\"https:\\\/\\\/akunq.net\\\/tr\\\/?p=49965#breadcrumb\",\"itemListElement\":[{\"@type\":\"ListItem\",\"position\":1,\"name\":\"Home\",\"item\":\"https:\\\/\\\/akunq.net\\\/tr\"},{\"@type\":\"ListItem\",\"position\":2,\"name\":\"70 y\u0131l \u00f6nce terk ettiler\"}]},{\"@type\":\"WebSite\",\"@id\":\"https:\\\/\\\/akunq.net\\\/tr\\\/#website\",\"url\":\"https:\\\/\\\/akunq.net\\\/tr\\\/\",\"name\":\"Bati Ermenistan Ve Bati Ermenileri Sorunlari Ara\u015ftirmalar Merkezi\",\"description\":\"\",\"potentialAction\":[{\"@type\":\"SearchAction\",\"target\":{\"@type\":\"EntryPoint\",\"urlTemplate\":\"https:\\\/\\\/akunq.net\\\/tr\\\/?s={search_term_string}\"},\"query-input\":{\"@type\":\"PropertyValueSpecification\",\"valueRequired\":true,\"valueName\":\"search_term_string\"}}],\"inLanguage\":\"en-US\"},{\"@type\":\"Person\",\"@id\":\"https:\\\/\\\/akunq.net\\\/tr\\\/#\\\/schema\\\/person\\\/096f1d38a12cce57fb855b485ed24c9e\",\"name\":\"admin\",\"url\":\"https:\\\/\\\/akunq.net\\\/tr\\\/?author=7\"}]}<\/script>\n<!-- \/ Yoast SEO plugin. -->","yoast_head_json":{"title":"70 y\u0131l \u00f6nce terk ettiler - Bati Ermenistan Ve Bati Ermenileri Sorunlari Ara\u015ftirmalar Merkezi","robots":{"index":"index","follow":"follow","max-snippet":"max-snippet:-1","max-image-preview":"max-image-preview:large","max-video-preview":"max-video-preview:-1"},"canonical":"https:\/\/akunq.net\/tr\/?p=49965","og_locale":"en_US","og_type":"article","og_title":"70 y\u0131l \u00f6nce terk ettiler - Bati Ermenistan Ve Bati Ermenileri Sorunlari Ara\u015ftirmalar Merkezi","og_description":"Medeniyetlere ev sahipli\u011fi yapm\u0131\u015f olan Diyarbak\u0131r; Ermeniler, S\u00fcryaniler, \u00cazidiler ve Keldaniler d\u0131\u015f\u0131nda Yahudilere de ev sahipli\u011fi yapm\u0131\u015f. Ya\u015fad\u0131klar\u0131 bask\u0131lardan sonra varl\u0131kl\u0131 Yahudilerin \u00e7o\u011fu Avrupa \u00fclkeleri ve Amerika\u2019ya g\u00f6\u00e7 ederken, bir k\u0131sm\u0131 ise yak\u0131nlar\u0131n\u0131n bulundu\u011fu Irak\u2019\u0131n Ba\u011fdat ve Musul kentlerine g\u00f6\u00e7 etti. D\u0130YARBAKIR \u2013 Medeniyetlere ev sahipli\u011fi yapm\u0131\u015f olan Diyarbak\u0131r, bir\u00e7ok din ve mezhebe ba\u011fl\u0131 halklar\u0131 [&hellip;]","og_url":"https:\/\/akunq.net\/tr\/?p=49965","og_site_name":"Bati Ermenistan Ve Bati Ermenileri Sorunlari Ara\u015ftirmalar Merkezi","article_published_time":"2018-12-04T06:54:21+00:00","og_image":[{"width":750,"height":452,"url":"https:\/\/akunq.net\/tr\/wp-content\/uploads\/sites\/6\/2018\/12\/Diyarbak\u0131r-1.jpg","type":"image\/jpeg"}],"author":"admin","twitter_card":"summary_large_image","twitter_misc":{"Written by":"admin","Est. reading time":"6 minutes"},"schema":{"@context":"https:\/\/schema.org","@graph":[{"@type":"Article","@id":"https:\/\/akunq.net\/tr\/?p=49965#article","isPartOf":{"@id":"https:\/\/akunq.net\/tr\/?p=49965"},"author":{"name":"admin","@id":"https:\/\/akunq.net\/tr\/#\/schema\/person\/096f1d38a12cce57fb855b485ed24c9e"},"headline":"70 y\u0131l \u00f6nce terk ettiler","datePublished":"2018-12-04T06:54:21+00:00","mainEntityOfPage":{"@id":"https:\/\/akunq.net\/tr\/?p=49965"},"wordCount":1294,"commentCount":0,"image":{"@id":"https:\/\/akunq.net\/tr\/?p=49965#primaryimage"},"thumbnailUrl":"https:\/\/akunq.net\/tr\/wp-content\/uploads\/sites\/6\/2018\/12\/Diyarbak\u0131r-1.jpg","articleSection":["Haberler","Makaleler","Tarih Sayfalar\u0131","T\u00fcrkiye\u2019de Az\u0131nl\u0131klar"],"inLanguage":"en-US","potentialAction":[{"@type":"CommentAction","name":"Comment","target":["https:\/\/akunq.net\/tr\/?p=49965#respond"]}]},{"@type":"WebPage","@id":"https:\/\/akunq.net\/tr\/?p=49965","url":"https:\/\/akunq.net\/tr\/?p=49965","name":"70 y\u0131l \u00f6nce terk ettiler - Bati Ermenistan Ve Bati Ermenileri Sorunlari Ara\u015ftirmalar Merkezi","isPartOf":{"@id":"https:\/\/akunq.net\/tr\/#website"},"primaryImageOfPage":{"@id":"https:\/\/akunq.net\/tr\/?p=49965#primaryimage"},"image":{"@id":"https:\/\/akunq.net\/tr\/?p=49965#primaryimage"},"thumbnailUrl":"https:\/\/akunq.net\/tr\/wp-content\/uploads\/sites\/6\/2018\/12\/Diyarbak\u0131r-1.jpg","datePublished":"2018-12-04T06:54:21+00:00","author":{"@id":"https:\/\/akunq.net\/tr\/#\/schema\/person\/096f1d38a12cce57fb855b485ed24c9e"},"breadcrumb":{"@id":"https:\/\/akunq.net\/tr\/?p=49965#breadcrumb"},"inLanguage":"en-US","potentialAction":[{"@type":"ReadAction","target":["https:\/\/akunq.net\/tr\/?p=49965"]}]},{"@type":"ImageObject","inLanguage":"en-US","@id":"https:\/\/akunq.net\/tr\/?p=49965#primaryimage","url":"https:\/\/akunq.net\/tr\/wp-content\/uploads\/sites\/6\/2018\/12\/Diyarbak\u0131r-1.jpg","contentUrl":"https:\/\/akunq.net\/tr\/wp-content\/uploads\/sites\/6\/2018\/12\/Diyarbak\u0131r-1.jpg","width":750,"height":452},{"@type":"BreadcrumbList","@id":"https:\/\/akunq.net\/tr\/?p=49965#breadcrumb","itemListElement":[{"@type":"ListItem","position":1,"name":"Home","item":"https:\/\/akunq.net\/tr"},{"@type":"ListItem","position":2,"name":"70 y\u0131l \u00f6nce terk ettiler"}]},{"@type":"WebSite","@id":"https:\/\/akunq.net\/tr\/#website","url":"https:\/\/akunq.net\/tr\/","name":"Bati Ermenistan Ve Bati Ermenileri Sorunlari Ara\u015ftirmalar Merkezi","description":"","potentialAction":[{"@type":"SearchAction","target":{"@type":"EntryPoint","urlTemplate":"https:\/\/akunq.net\/tr\/?s={search_term_string}"},"query-input":{"@type":"PropertyValueSpecification","valueRequired":true,"valueName":"search_term_string"}}],"inLanguage":"en-US"},{"@type":"Person","@id":"https:\/\/akunq.net\/tr\/#\/schema\/person\/096f1d38a12cce57fb855b485ed24c9e","name":"admin","url":"https:\/\/akunq.net\/tr\/?author=7"}]}},"_links":{"self":[{"href":"https:\/\/akunq.net\/tr\/index.php?rest_route=\/wp\/v2\/posts\/49965","targetHints":{"allow":["GET"]}}],"collection":[{"href":"https:\/\/akunq.net\/tr\/index.php?rest_route=\/wp\/v2\/posts"}],"about":[{"href":"https:\/\/akunq.net\/tr\/index.php?rest_route=\/wp\/v2\/types\/post"}],"author":[{"embeddable":true,"href":"https:\/\/akunq.net\/tr\/index.php?rest_route=\/wp\/v2\/users\/7"}],"replies":[{"embeddable":true,"href":"https:\/\/akunq.net\/tr\/index.php?rest_route=%2Fwp%2Fv2%2Fcomments&post=49965"}],"version-history":[{"count":1,"href":"https:\/\/akunq.net\/tr\/index.php?rest_route=\/wp\/v2\/posts\/49965\/revisions"}],"predecessor-version":[{"id":49968,"href":"https:\/\/akunq.net\/tr\/index.php?rest_route=\/wp\/v2\/posts\/49965\/revisions\/49968"}],"wp:featuredmedia":[{"embeddable":true,"href":"https:\/\/akunq.net\/tr\/index.php?rest_route=\/wp\/v2\/media\/49967"}],"wp:attachment":[{"href":"https:\/\/akunq.net\/tr\/index.php?rest_route=%2Fwp%2Fv2%2Fmedia&parent=49965"}],"wp:term":[{"taxonomy":"category","embeddable":true,"href":"https:\/\/akunq.net\/tr\/index.php?rest_route=%2Fwp%2Fv2%2Fcategories&post=49965"},{"taxonomy":"post_tag","embeddable":true,"href":"https:\/\/akunq.net\/tr\/index.php?rest_route=%2Fwp%2Fv2%2Ftags&post=49965"}],"curies":[{"name":"wp","href":"https:\/\/api.w.org\/{rel}","templated":true}]}}