{"id":49836,"date":"2018-11-27T04:02:16","date_gmt":"2018-11-27T09:02:16","guid":{"rendered":"http:\/\/akunq.net\/tr\/?p=49836"},"modified":"2018-11-27T04:02:43","modified_gmt":"2018-11-27T09:02:43","slug":"soykirim-yarasini-sarmak-icin-tarihimizin-kanli-karanlik-sayfalari-ile-yuzleselim-soykirimin-inkarina-karsi-el-ele-verelim-dogru-bir-cizgide-mucadele-edelim","status":"publish","type":"post","link":"https:\/\/akunq.net\/tr\/?p=49836","title":{"rendered":"Soyk\u0131r\u0131m yaras\u0131n\u0131 sarmak i\u00e7in tarihimizin kanl\u0131 karanl\u0131k sayfalar\u0131 ile y\u00fczle\u015felim! Soyk\u0131r\u0131m\u0131n inkar\u0131na kar\u015f\u0131 el ele verelim, do\u011fru bir \u00e7izgide m\u00fccadele edelim!"},"content":{"rendered":"<p><a href=\"http:\/\/akunq.net\/tr\/?attachment_id=49837\" rel=\"attachment wp-att-49837\"><img loading=\"lazy\" decoding=\"async\" class=\"aligncenter size-full wp-image-49837\" src=\"http:\/\/akunq.net\/tr\/wp-content\/uploads\/2018\/11\/Soykirim-Karsitlari-Dernegi.jpg\" alt=\"\" width=\"448\" height=\"336\" srcset=\"https:\/\/akunq.net\/tr\/wp-content\/uploads\/sites\/6\/2018\/11\/Soykirim-Karsitlari-Dernegi.jpg 448w, https:\/\/akunq.net\/tr\/wp-content\/uploads\/sites\/6\/2018\/11\/Soykirim-Karsitlari-Dernegi-360x270.jpg 360w, https:\/\/akunq.net\/tr\/wp-content\/uploads\/sites\/6\/2018\/11\/Soykirim-Karsitlari-Dernegi-260x195.jpg 260w, https:\/\/akunq.net\/tr\/wp-content\/uploads\/sites\/6\/2018\/11\/Soykirim-Karsitlari-Dernegi-160x120.jpg 160w\" sizes=\"auto, (max-width: 448px) 100vw, 448px\" \/><\/a><\/p>\n<p><strong>Ali Ertem<\/strong><\/p>\n<p><strong>\u00d6n A\u00e7\u0131klama<\/strong><\/p>\n<p>A\u015fa\u011f\u0131da bilginize sunmu\u015f oldu\u011fumuz a\u00e7\u0131klama, toplumumuzun inkar edilen \u201ctarihi soyk\u0131r\u0131m ger\u00e7e\u011fi, \u0131rk\u00e7\u0131l\u0131k, antisemitizm\u201d gibi hayati \u00f6neme sahip konular\u0131 \u00fczerine d\u00fc\u015f\u00fcncelerimizi ve m\u00fccadele \u00f6nerilerimizi i\u00e7ermektedir.<\/p>\n<p>\u00d6yle tahmin ediyoruz ki, son birka\u00e7 y\u0131ll\u0131k T\u00fcrkiye siyasal geli\u015fmelerini yakinen takip eden her insan, \u201cDemokratik sol-muhalefet\u201d dendi\u011finde, \u00f6ncelikle akla gelen K\u00fcrt Ulusal Hareketine yak\u0131nl\u0131\u011f\u0131yla bilinen Halklar\u0131n Demokratik Partisi (HDP) ve onun taban bile\u015fenlerini olu\u015fturan \u201cHalklar\u0131n Demokratik Kongresi (HDK)\u201d oldu\u011funu kabul eder.<br \/>\nGeni\u015f bilgi i\u00e7in bak\u0131n\u0131z:<br \/>\n<a href=\"https:\/\/tr.wikipedia.org\/wiki\/Halklar%C4%B1n_Demokratik_Partisi?fbclid=IwAR0xtXBiKxgqE6BXHe7ZyVrpAukiAw9CDDRBzRkmNfF9SnR6hNsJrj84gT4\">https:\/\/tr.wikipedia.org\/\u2026\/Halklar%C4%B1n_Demokratik_Partisi<\/a><\/p>\n<p><a href=\"http:\/\/www.halklarindemokratikkongresi.net\/hdk\/bilesenler\/hdk-bileseni-kurumlar\/517?fbclid=IwAR0tXlxJym-uRIn7SrXbHTWGWZeZzfEHym85vhYuUks4HF-1sW0a6VKsQOg\">http:\/\/www.halklarindemokratikkongresi.net\/\u2026\/hdk-bilese\u2026\/517<\/a><\/p>\n<p>Ayr\u0131ca,\u00a0<a href=\"https:\/\/l.facebook.com\/l.php?u=https%3A%2F%2Ftr.wikipedia.org%2Fwiki%2FHalklar%25C4%25B1n_Demokratik_Kongresi%3Ffbclid%3DIwAR1SCHszgE-OVnWIemJ4TSQ6m99QBqqcAW2HdNoko6maeR7fG-QLxPxP1rE&amp;h=AT0UjaER9L0V6EfpHT4LiXiQ4Q-7LLrbw6yy1mDEc1tIv1YkNasrKWH_BCQgJPdKEV1yLlKz9z4cgSZ6e0KLXlKEfJ4L0end7PvPSTiUuiktsoNHQ-ve5kq4sXRLMboKvABzkPQdbYxTx8fNAGY2vWV3tPWKXGw\">https:\/\/tr.wikipedia.org\/\u2026\/Halklar%C4%B1n_Demokratik_Kongre\u2026<\/a><\/p>\n<p>HDK, darbe niteli\u011fi ta\u015f\u0131yan anti demokratik y\u00f6ntemlerle E\u015f ba\u015fkanlar\u0131 (Figen Y\u00fcksekda\u011f, Selahattin Demirta\u015f ve daha ba\u015fka se\u00e7ilmi\u015f millet vekilleri, belediye ba\u015fkanlar\u0131) dokunulmazl\u0131klar\u0131 kald\u0131r\u0131lm\u0131\u015f, sudan bahanelerle tutuklan\u0131p hapse at\u0131lm\u0131\u015flar, belediye meclisleri feshedilerek yerlerine \u201ckayyum\u201d ad\u0131 verilen devlet memurlar\u0131 atanm\u0131\u015ft\u0131r.<\/p>\n<p>HDP\u2019nin kurulmas\u0131nda ve 2015 T\u00fcrkiye genel se\u00e7ilerinde %10 anti demokratik baraj\u0131n\u0131 a\u015f\u0131p, %13,1 oy alarak parlamentoya 81 milletvekili ile girmesinde de HDK, aktif ve \u00f6nemli bir rol oynam\u0131\u015ft\u0131r. Bu ba\u015far\u0131 t\u00fcm demokratik \u00e7evrede oldu\u011fu gibi Soyk\u0131r\u0131m Kar\u015f\u0131tlar\u0131 Derne\u011fi (SKD) \u00fcyeleri ve dost \u00e7evresinde de heyecan ve memnuniyet yaratm\u0131\u015ft\u0131r.<\/p>\n<p>2015 genel se\u00e7imlerinden sonra HDK, Avrupada da \u00f6rg\u00fctlenmesini yaparak, HDK-A (Halklar\u0131n Demokratik Kongresi-Avrupa) y\u0131 kurmu\u015ftur. T\u00fcrkiye\u2019de oldu\u011fu gibi Avrupa\u2019da da demokratik sol muhalefeti, sivil toplum kurulu\u015flar\u0131n\u0131 kendi \u00e7at\u0131s\u0131 alt\u0131nda \u00f6rg\u00fctlemeye \u00e7al\u0131\u015fm\u0131\u015ft\u0131r. Soyk\u0131r\u0131m Kar\u015f\u0131tlar\u0131 Derne\u011fi (SKD) de, HDK-A\u2019 i\u00e7inde yer alm\u0131\u015f, kendi ba\u011f\u0131ms\u0131z \u00e7al\u0131\u015fmalar\u0131n\u0131n yan\u0131 s\u0131ra, insan haklar\u0131, demokrasi ve ADALET m\u00fccadelesine HDK-A \u00e7at\u0131s\u0131 alt\u0131nda da aktif olarak kat\u0131lmaya \u00e7al\u0131\u015fm\u0131\u015ft\u0131r. Fakat s\u00fcre\u00e7 i\u00e7erisinde \u00e7ok \u00f6nemli baz\u0131 konularda d\u00fc\u015f\u00fcnce farkl\u0131l\u0131klar\u0131 ve m\u00fccadele anlay\u0131\u015f\u0131 g\u00fcn \u0131\u015f\u0131\u011f\u0131na \u00e7\u0131km\u0131\u015ft\u0131r.<\/p>\n<p>SKD, bu farkl\u0131l\u0131klar\u0131n a\u00e7\u0131k bir bi\u00e7imde anla\u015f\u0131labilesi, dostluk ve dayan\u0131\u015fma i\u00e7erisinde a\u015f\u0131la bilmesi i\u00e7in fakl\u0131 platformlarda g\u00fcndeme getirmi\u015fse de kolektif bir tart\u0131\u015fma sa\u011flanamam\u0131\u015ft\u0131r.<\/p>\n<p>SKD, 26 Eyl\u00fcl 2017 tarihli mektubunda HDK-A E\u015f Ba\u015fkanlar\u0131na, konuya ili\u015fkin talep ve \u00f6nerilerini \u015fu sat\u0131rlarla dile getirmi\u015ftir: \u201cSoyk\u0131r\u0131m Kar\u015f\u0131tlar\u0131 Derne\u011fi (SKD), HDK-A t\u00fcz\u00fck ve program\u0131n\u0131 inceleyerek \u201cinsanl\u0131\u011fa kar\u015f\u0131 i\u015flenmi\u015f su\u00e7larla y\u00fczle\u015fme ve yeni soyk\u0131r\u0131mlar\u0131n engellenmesi i\u00e7in m\u00fccadele\u201d konular\u0131nda, ele\u015ftirel yakla\u015f\u0131m\u0131n\u0131 ve d\u00fczelteme \u00f6nerilerini, Siz E\u015f Ba\u015fkanlar\u0131m\u0131z\u0131n ve HDK-A \u00e7at\u0131s\u0131 alt\u0131ndaki arkada\u015flar\u0131m\u0131z\u0131n bilgisine sunmaktad\u0131r. E\u015f ba\u015fkanlar\u0131m\u0131z olarak Sizlerden, s\u00f6z konusu d\u00fc\u015f\u00fcnce<br \/>\nfarkl\u0131l\u0131klar\u0131na ili\u015fkin sa\u011fl\u0131kl\u0131 bir tart\u0131\u015fma y\u00fcr\u00fct\u00fclmesine yard\u0131mc\u0131 olman\u0131z\u0131 rica ediyoruz.\u201d<\/p>\n<p>HDK-A E\u015f Ba\u015fkanl\u0131\u011f\u0131 ve y\u00fcr\u00fctmesi, ne bu taleb ne de ele\u015ftirilerimize ili\u015fkin her hangi bir yan\u0131t vermemi\u015ftir.<br \/>\n6 May\u0131s 2018 Tarihinde HDK-Almanya Kongresi topland\u0131\u011f\u0131nda, kongreye sunulan faaliyet raporunda da b\u00f6yle bir ele\u015ftirinin varl\u0131\u011f\u0131ndan s\u00f6z edilmemi\u015ftir. Bunun \u00fczerine SKD ad\u0131na s\u00f6z alan Ali Ertem, kendisine tan\u0131nan be\u015f dakikal\u0131k \u201cs\u00f6z hakk\u0131n\u0131\u201d kullanarak, ele\u015ftiri ve \u00f6nerilerinin dikkate al\u0131nmamas\u0131 ve \u00fczerinde tart\u0131\u015fma imkan\u0131 bulamamalar\u0131 nedeniyle, kongre huzurunda HDK-Avrupa\u2019dan ayr\u0131ld\u0131klar\u0131n\u0131 duyurmu\u015ftur.<\/p>\n<p>Belki de bu ele\u015ftirel yakla\u015f\u0131m\u0131n\u0131z ve \u00f6nerilerimiz, HDK-A a\u00e7\u0131s\u0131ndan \u00fczerinde durmaya de\u011fmez kabul edilebilir. Fakat bizler, ba\u015fta soyk\u0131r\u0131m ma\u011fduru halklar\u0131n adalet kurumlar\u0131, ayd\u0131nlar\u0131, kanaat \u00f6nderleri olmak \u00fczere kamu oyunu, bu tart\u0131\u015fmalardan haberdar etmeyi ve neden SKD olarak, HDK-A saflar\u0131ndan ayr\u0131ld\u0131\u011f\u0131m\u0131z\u0131 anlatmay\u0131 sorululu\u011fumuzun gere\u011fi kabul ediyoruz. Zira soyk\u0131r\u0131m ma\u011fduru halklar\u0131n t\u00fczel ki\u015filiklerinden ve ayd\u0131nlar\u0131ndan bize olan ele\u015ftirel yakla\u015f\u0131mlar, kamu oyunun tepkisi, tarihimizin kanl\u0131 karanl\u0131k sayfalar\u0131yla y\u00fczle\u015fmemizde, tayin edici bir rol oynayacakt\u0131r.<br \/>\nSoyk\u0131r\u0131m Kar\u015f\u0131tlar\u0131 Derne\u011fi (SKD)<br \/>\nFrankfurt, 10 Kas\u0131m 2018<\/p>\n<p>Verein der V\u00f6lkermordgegner e.V. Frankfurt \/ Main<br \/>\nSoyk\u0131r\u0131m Kar\u015f\u0131tlar\u0131 Derne\u011fi (SKD); Kontakt : Ali Ertem<br \/>\nTel.: 01772995985; E-Mail: skd@gmx.net<br \/>\n&#8212;&#8212;&#8212;&#8212;&#8212;&#8212;&#8212;&#8212;&#8212;&#8212;&#8212;&#8212;&#8212;&#8212;&#8212;&#8212;&#8212;&#8212;&#8212;&#8212;&#8212;&#8211;<\/p>\n<p><strong>\u0130nsanl\u0131\u011fa kar\u015f\u0131 i\u015flenmi\u015f su\u00e7lar ba\u011flam\u0131nda HDK-A T\u00fcz\u00fck ve Program\u0131na ele\u015ftirel yakla\u015f\u0131m<\/strong><\/p>\n<p>&nbsp;<\/p>\n<p>ELE\u015eT\u0130R\u0130 VE \u00d6NER\u0130LER\u0130M\u0130Z SADECE VE SADECE ADALET \u0130\u00c7\u0130N M\u00dcCADELE B\u0130RL\u0130\u011e\u0130M\u0130Z\u0130N SA\u011eLAM TEMELLER \u00dcZER\u0130NDE GEL\u0130\u015e\u0130P G\u00dc\u00c7LENMES\u0130N\u0130 AMA\u00c7LAR<\/p>\n<p>HDK\u2013A E\u015f S\u00f6zc\u00fclerine, HDK \u00e7at\u0131s\u0131 alt\u0131ndaki Kurum ve \u015eahsiyetlere<br \/>\nDe\u011ferli Arkada\u015flar,<\/p>\n<p>HDK-A(Halklar\u0131n Demokratik Kongresi- Avrupa) \u00e7at\u0131s\u0131 alt\u0131nda gerek tek tek bireyler, gerekse kurum temsilcileri olarak bir araya gelen arkada\u015flar\u0131m\u0131z\u0131n, insan\u0131n insan taraf\u0131ndan s\u00f6m\u00fcr\u00fcs\u00fc temeli \u00fczerine kurulmu\u015f hem global sistemin, hem de onun yap\u0131 ta\u015flar\u0131 olan tek tek devletlerin ve onlar\u0131n iktidar\u0131n\u0131 ayakta tutan yap\u0131sal kumlar\u0131n\u0131n, \u00fczerimizdeki maddi ve manevi bask\u0131lar\u0131na kar\u015f\u0131 duran ve de\u011fi\u015ftirilmesine katk\u0131 sunmaya \u00e7al\u0131\u015fan m\u00fccadele g\u00f6n\u00fcll\u00fcleri oldu\u011fundan ku\u015fkumuzun olmad\u0131\u011f\u0131n\u0131, ele\u015ftirel de\u011ferlendirmemizin ba\u015f\u0131ndan itibaren belirtmek isteriz.<\/p>\n<p>Genel yap\u0131m\u0131z itibariyle, resmi ideolojiye muhalif olmam\u0131za ra\u011fmen, onun \u00fczerimizdeki kurumsal etkileri (toplumsal \u00f6n yarg\u0131lar, e\u011fitim kurumlar\u0131n\u0131n bilincimizde b\u0131rakt\u0131\u011f\u0131 izler, aile e\u011fitimi vs.), her birimizin i\u00e7inde bulundu\u011fumuz ko\u015fullar, m\u00fccadele tecr\u00fcbelerimiz, \u00fczerinde yo\u011funla\u015ft\u0131\u011f\u0131m\u0131z konular\u0131n farkl\u0131l\u0131\u011f\u0131 ve daha da \u00f6nemlisi, farkl\u0131 insanlar olmam\u0131z nedeniyle, d\u00fc\u015f\u00fcncelerimizin nesnellikleri ve olaylar\u0131 alg\u0131lamada farkl\u0131l\u0131klar i\u00e7ermesinin de do\u011fal oldu\u011fu d\u00fc\u015f\u00fcncesindeyiz. Bu farkl\u0131l\u0131klar \u00fczerine \u00f6zg\u00fcrce tart\u0131\u015f\u0131p, sonu\u00e7lar\u0131n\u0131 m\u00fcmk\u00fcn olan en geni\u015f kamu oyu ile payla\u015farak a\u015fmam\u0131z gerekti\u011fi inanc\u0131nday\u0131z. Halklar\u0131m\u0131z\u0131n farkl\u0131 ulusal aidiyetlerine ve farkl\u0131 inan\u00e7lara sayg\u0131l\u0131, insan onuruna lay\u0131k bir gelecek i\u00e7in ayn\u0131 ama\u00e7lar u\u011fruna m\u00fccadele birli\u011fimizi geli\u015ftirip g\u00fc\u00e7lendirmek i\u00e7in, d\u00fc\u015f\u00fcnce farkl\u0131l\u0131klar\u0131m\u0131z aras\u0131nda derin u\u00e7urumlar ortaya \u00e7\u0131kmadan, t\u00fcm iyi niyetimizle biribirimizi ikna yollar\u0131n\u0131 aramay\u0131 prensip edinmenin \u00f6nemini \u00f6zellikle vurgulamak isteriz.<\/p>\n<p>Bu k\u0131sa giri\u015ften sonra, HDK-A\u2019n\u0131n, SOYKIRIM, SOYKIRIMIN \u0130NKARINA KAR\u015eI M\u00dcCADELE ve KANLI KARANLIK TAR\u0130H\u0130M\u0130Z\u0130N UTAN\u00c7 SAYFALARIYLA Y\u00dcZLE\u015eME meselesine ili\u015fkin eksik buldu\u011fumuz ya da farkl\u0131 d\u00fc\u015f\u00fcnd\u00fc\u011f\u00fcm\u00fcz konularda g\u00f6r\u00fc\u015flerimizi ve \u00e7\u00f6z\u00fcm \u00f6nerilerimizi sizlerle payla\u015fmak istiyoruz. D\u00fc\u015f\u00fcncelerimiz aras\u0131ndaki farkl\u0131l\u0131\u011f\u0131n ve \u00e7\u0131k\u0131\u015f yolu olarak \u00f6nerilerimizin iyi anla\u015f\u0131labilmesi i\u00e7in HDK-A&#8217;n\u0131n, \u0131rk\u00e7\u0131 \u015fiddete ve d\u0131\u015flanmaya maruz kalan baz\u0131 toplumsal katmanlar\u0131n (kad\u0131nlar, gen\u00e7lik, engelliler, LGBT\u0130 bireyleri) sorunlar\u0131 ile, soyk\u0131r\u0131ma maruz kalm\u0131\u015f ma\u011fdur halklar\u0131n (Ermeniler, S\u00fcryaniler, Helenler, Ezidiler) sorunlar\u0131na g\u00f6sterdi\u011fi ilgi ve hassasiyetler konusunda bir kar\u015f\u0131la\u015ft\u0131rma y\u00f6ntemine ba\u015fvurman\u0131n faydal\u0131 olaca\u011f\u0131 inanc\u0131nday\u0131z. B\u00f6yle bir kar\u015f\u0131la\u015ft\u0131rma, ne bu sorunlar\u0131 kar\u015f\u0131 kar\u015f\u0131ya getirmeyi, ne de birini di\u011ferinden \u201cdaha \u00f6nemli\u201d g\u00f6stermeyi ama\u00e7lar. B\u00f6yle bir kar\u015f\u0131la\u015ft\u0131rman\u0131n, hem bu sorunlar\u0131n \u00e7\u00f6z\u00fcm\u00fc i\u00e7in aralar\u0131ndaki benzerlikleri ve farkl\u0131l\u0131klar\u0131 g\u00f6rmek bak\u0131m\u0131ndan, hem de \u00e7\u00f6z\u00fcmleri \u00f6n\u00fcndeki engelin, yani TC devletinin, niteli\u011fi hakk\u0131ndaki d\u00fc\u015f\u00fcncelerimizin anla\u015f\u0131labilmesi bak\u0131m\u0131ndan da faydal\u0131 olaca\u011f\u0131na inan\u0131yoruz.<\/p>\n<p>Bu konuda HDK-A Frankfurt i\u00e7inde y\u00fcr\u00fctt\u00fc\u011f\u00fcm\u00fcz k\u0131sa bir tart\u0131\u015fma en az\u0131ndan yakla\u015f\u0131mlar\u0131m\u0131z aras\u0131ndaki \u00f6nemli farl\u0131l\u0131klar\u0131n varl\u0131\u011f\u0131n\u0131 g\u00f6sterdi. Bizler, HDK-A\u2019n\u0131n t\u00fcz\u00fck ve program\u0131n\u0131 inceledikten sonra, bu sorunun \u015fehrimize \u00f6zg\u00fc yerel bir sorun olmad\u0131\u011f\u0131, genelde HDK eksenli birli\u011fimizin bir sorunu oldu\u011fu sonucuna var\u0131yoruz.<\/p>\n<p>\u0130nsanl\u0131\u011fa kar\u015f\u0131 i\u015flenmi\u015f soyk\u0131r\u0131m su\u00e7lar\u0131na ve inkar\u0131na, gereken hassasiyeti g\u00f6steremeyen bir kurulu\u015f, en \u00f6nemli toplumsal sorunlar\u0131 \u00e7\u00f6zmede, \u00f6nc\u00fcl\u00fck etti\u011fi kitlelere do\u011fru bilin\u00e7 vermede ba\u015far\u0131s\u0131z kal\u0131rHDK-A, soyk\u0131r\u0131m sorununu program\u0131nda \u015fu sat\u0131rlarla dile getirmi\u015f: \u201cAvrupa ve d\u00fcnya d\u00fczleminde i\u015flenen soyk\u0131r\u0131m, katliam, zorunlu g\u00f6\u00e7, s\u00fcrg\u00fcn i\u015fkence gibi insanl\u0131\u011fa kar\u015f\u0131 i\u015flenen her t\u00fcrl\u00fc su\u00e7a kar\u015f\u0131 m\u00fccadele eder. Soyk\u0131r\u0131m su\u00e7lar\u0131yla ve sonu\u00e7lar\u0131yla y\u00fczle\u015filmesi i\u00e7in gerekli \u00e7al\u0131\u015fmay\u0131 y\u00fcr\u00fct\u00fcr. \u00d6zel olarak T\u00fcrkiye Cumhuriyeti\u2019nin \u00fczerine in\u015fa oldu\u011fu soyk\u0131r\u0131mc\u0131 zihniyetle y\u00fczle\u015filmesi, bu soyk\u0131r\u0131mlarda Avrupa devletlerinin rollerinin a\u00e7\u0131\u011fa \u00e7\u0131kart\u0131lmas\u0131, ulusal ve uluslar aras\u0131 kurumlarda gereken kararlar\u0131n al\u0131nmas\u0131 i\u00e7in m\u00fccadele eder. Soyk\u0131r\u0131mlardan ve sonu\u00e7lar\u0131ndan ka\u00e7arak Avrupa\u2019ya yerle\u015fen halklar ve inan\u00e7 topluluklar\u0131yla bulu\u015fmak i\u00e7in \u00f6zel \u00e7al\u0131\u015fmalar yapar.\u201d (HDK-A Program s. 4)<\/p>\n<p>Bu form\u00fclasyonun, baz\u0131 \u00f6nemli sorunlar i\u00e7erse de, yine de olumlu bir geli\u015fme ve ileri at\u0131lm\u0131\u015f bir ad\u0131m olarak de\u011ferlendirilmesi gerekir. Bununla birlikte hen\u00fcz ete kemi\u011fe b\u00fcr\u00fcnmemi\u015f, tabana mal olmam\u0131\u015f bir iyi niyet a\u00e7\u0131klamas\u0131 olarak g\u00f6r\u00fclmesi gerekir.<\/p>\n<p>Bu iyi niyet a\u00e7\u0131klamas\u0131na ra\u011fmen, esas sorun, \u0131rk\u00e7\u0131l\u0131\u011fa, ayr\u0131mc\u0131l\u0131\u011fa maruz kalan, farkl\u0131l\u0131klar\u0131ndan \u00f6t\u00fcr\u00fc d\u0131\u015flanan toplumsal katmanlar\u0131n, HDK-A i\u00e7indeki yerleri ve sorunlar\u0131n\u0131n \u00e7\u00f6z\u00fcmleri i\u00e7in gereken hassasiyetin g\u00f6sterilmesi ve ihtiya\u00e7 olan ara\u00e7lar\u0131n yarat\u0131lmas\u0131 gibi konular\u0131n ele al\u0131nd\u0131\u011f\u0131 yerde ortaya \u00e7\u0131kmaktad\u0131r. Bu tespitimizi, ilkesel \u00f6neme sahip konularda sergilenen farkl\u0131 tutuma dair iki \u00f6rnekle a\u00e7\u0131klamak istiyoruz.<\/p>\n<p>B\u0130R\u0130NC\u0130 \u00d6RNEK:<\/p>\n<p>HDK-A, kad\u0131n, gen\u00e7lik, engelliler ve LGBT\u0130 gibi toplumsal katmanlar\u0131n hem temsil hakk\u0131n\u0131 garanti alt\u0131na almak i\u00e7in kota \u00f6nermekte, (kad\u0131nlar i\u00e7in %50, gen\u00e7lik i\u00e7in %20, LGBT\u0130 bireyler i\u00e7i %5, engelliler i\u00e7in temsil hakk\u0131) hem de sorunlar\u0131n\u0131n \u00e7\u00f6z\u00fcmleri do\u011frultusunda somut ad\u0131mlar\u0131n at\u0131lmas\u0131 i\u00e7in \u00e7al\u0131\u015fma yapacak \u201cmeclis\u201d (kad\u0131n meclisi) ve \u201ckomisyonlar\u201d \u00f6nermekte ve \u201cpozitif ayr\u0131mc\u0131l\u0131k\u201d ilkesini benimsedi\u011fini a\u00e7\u0131klamaktad\u0131r. (bak\u0131n\u0131z: HDK-A Program, sayfa 3, g ve k maddeleri, \u00c7al\u0131\u015fma ilkeleri, sayfa 5, madde 8, 9, 10, 11, 12; HDK-A T\u00fcz\u00fck sayfa 9, i, j, k, l maddeleri; sayfa 10, d maddesi; sayfa 11, m, n maddeleri).<\/p>\n<p>\u201cKota uygulamas\u0131\u201d ve \u201cpozitif ayr\u0131mc\u0131l\u0131k\u201d gibi tedbirler, \u00f6zel durumlarda elbette ki do\u011fru ve hatta zorunludur da. Kendini ilericilikle, devrimcilikle \u00f6zde\u015fle\u015ftiren e\u015fitlikten ve adaletten yana her \u00f6rg\u00fctlenmeye, \u0131rk\u00e7\u0131 ayr\u0131mc\u0131l\u0131\u011fa, toplumsal d\u0131\u015flanmaya ve \u015fiddete maruz kalan toplumsal katmanlar i\u00e7in somut ko\u015fullar\u0131n dayatt\u0131\u011f\u0131 zorunlu tedbirlerdir. Elbette ki bizler de HDK-A\u2019n\u0131n, bu toplumsal katmanlar\u0131n sorunlar\u0131na ciddiyetle e\u011filmesini, onlar\u0131n \u00f6rg\u00fctlenmesine ve sorunlar\u0131n\u0131n \u00e7\u00f6z\u00fcm\u00fcne elinden gelen her t\u00fcrl\u00fc katk\u0131y\u0131 sunmas\u0131n\u0131 bekleriz.<\/p>\n<p>Ancak sorun soyk\u0131r\u0131m ma\u011fduru halklar oldu\u011funda HDK-A, yukar\u0131daki iyi niyet a\u00e7\u0131klamas\u0131na ra\u011fmen, onlar\u0131n, HDK-A i\u00e7inde temsil hakk\u0131 i\u00e7in ne pozitif ayr\u0131mc\u0131l\u0131ktan ne de bir kota ayr\u0131lmas\u0131ndan, tek kelime s\u00f6z etmektedir. Bu yakla\u015f\u0131m\u0131n, soyk\u0131r\u0131m sab\u0131kal\u0131 TC devletine alternatif, \u201ctoplumsal muhalefetin sesi ve k\u00fcrs\u00fcs\u00fc, ezilen ve s\u00f6m\u00fcr\u00fclenlerin umudu ve gelece\u011fi\u201d olma misyonuna talip olan bir olu\u015fum i\u00e7in \u00e7ok ciddi hayal k\u0131r\u0131kl\u0131\u011f\u0131 yaratan bir pozisyon oldu\u011funu, HDK-A \u00e7at\u0131s\u0131 alt\u0131ndaki t\u00fcm dostlar\u0131n bilmesi gerekti\u011fi inanc\u0131nday\u0131z.<\/p>\n<p>Dikkat \u00e7eken di\u011fer bir nokta ise, HDK-A\u2019n\u0131n kota uygulamas\u0131 ve pozitif ayr\u0131mc\u0131l\u0131ktan yararlanmas\u0131n\u0131 program ve t\u00fcz\u00fc\u011f\u00fcne i\u015fledi\u011fi toplumsal katmanlar\u0131n (kad\u0131n, gen\u00e7lik, engelliler, LGBT\u0130 bireyleri) sorunlar\u0131n\u0131n \u00e7\u00f6z\u00fcm\u00fc i\u00e7in HDK-A politikas\u0131n\u0131 pratikte hayata ge\u00e7irecek gerekli ara\u00e7 ve gere\u00e7lerin (kad\u0131n meclisi, gen\u00e7lik meclisi, komisyonlar vs.) yarat\u0131lmas\u0131n\u0131 program\u0131na yazarken, soyk\u0131r\u0131m ma\u011fduru halklar i\u00e7in pratik \u00e7al\u0131\u015fmalar y\u00fcr\u00fctecek ara\u00e7lara ise gerek duymamaktad\u0131r.<\/p>\n<p>HDK-A Frankfurt toplant\u0131s\u0131nda (7 May\u0131s 2017) tam da bu konuda tart\u0131\u015fma \u00e7\u0131kt\u0131. Ali Ertem\u2019in \u201csoyk\u0131r\u0131m\u0131n inkar\u0131na kar\u015f\u0131 m\u00fccadele ve yeni soyk\u0131r\u0131mlar\u0131n engellenmesi\u201d \u00e7al\u0131\u015fmalar\u0131n\u0131 y\u00fcr\u00fctecek bir komisyon kurulmas\u0131n\u0131 \u00f6nermesi \u00fczerine, e\u015f ba\u015fkanlar\u0131m\u0131z ve baz\u0131 arkada\u015flar b\u00f6yle bir komisyon kurulmas\u0131na hararetle kar\u015f\u0131 \u00e7\u0131kt\u0131lar. Ancak bu kar\u015f\u0131 \u00e7\u0131k\u0131\u015f\u0131n nedenini a\u00e7\u0131klayan ikna edici hi\u00e7bir gerek\u00e7e ortaya koymad\u0131lar. Yanl\u0131\u015fl\u0131\u011f\u0131 bir yana, HDK-A t\u00fcz\u00fck ve program\u0131na dayanarak, b\u00f6yle bir \u00f6nerinin geri \u00e7evrilmesini, gerek\u00e7elendirmenize gerek bile kalmamaktad\u0131r.<\/p>\n<p>Bu \u00f6neriye kar\u015f\u0131 \u00e7\u0131kan arkada\u015flar, soyk\u0131r\u0131m\u0131n y\u0131l d\u00f6n\u00fcm\u00fcnde \u201cbir ka\u00e7 g\u00fcnl\u00fck etkinlikle\u201d ihtiyaca cevap vereceklerini d\u00fc\u015f\u00fcnm\u00fc\u015fler. Asl\u0131nda b\u00f6yle bir yakla\u015f\u0131m, soyk\u0131r\u0131m\u0131 inkar\u0131n ne demek oldu\u011fundan ve bask\u0131 alt\u0131ndaki halklar\u0131 tehdit eden tehlikeden hi\u00e7 bir \u015fey anlamamak, ya da onu, konj\u00fckt\u00fcrel bir sorun olarak iktidar m\u00fccadelesinin bir malzemesi olarak g\u00f6rmek, yeri geldi\u011finde rakibine kar\u015f\u0131 kullanmak, ihtiya\u00e7 olmad\u0131\u011f\u0131 zaman da unutulmaya terk etmek anlam\u0131na gelir.<\/p>\n<p>Bu hatal\u0131 tutuma ili\u015fkin d\u00fc\u015f\u00fcncelerimizi bundan sonraki alt ba\u015fl\u0131kta daha da a\u00e7arak anlatmak istiyoruz. Zira bu konularda y\u00fcr\u00fct\u00fclecek sa\u011fl\u0131kl\u0131 bir tart\u0131\u015fman\u0131n sonucunda ortaya \u00e7\u0131kacak d\u00fc\u015f\u00fcnce berrakl\u0131\u011f\u0131 ve buna uygun ilkeli bir duru\u015fun sahibi olmak, bizi soyk\u0131r\u0131m sab\u0131kl\u0131 TC devletine ba\u011fl\u0131 olan b\u00fct\u00fcn d\u00fczen partilerinden ay\u0131racak ve gelece\u011fin alternatifi ger\u00e7ek bir \u00e7ekim merkezi haline getirecektir.<\/p>\n<p>Tersine bu konularda belirsizlik, sallant\u0131l\u0131 tutum, 102 y\u0131ll\u0131k yalan\u0131n ve iftiran\u0131n yaratt\u0131\u011f\u0131 toplumsal \u00f6n yarg\u0131lar\u0131n etkisi, soyk\u0131r\u0131m ganimetlerini kaybetmekten kaynakl\u0131 korkular, bizi \u00e7\u00fcr\u00fcmekte olan soyk\u0131r\u0131m rejiminin koltuk de\u011fneklerine d\u00f6n\u00fc\u015ft\u00fcrecek ve onunla birlikte yok olmaya mahkum edecektir.<\/p>\n<p>Soyk\u0131r\u0131m ma\u011fduru halklar sorunu, kad\u0131n, gen\u00e7lik, engelliler ve LGBT sorunlar\u0131 ile benzerlik g\u00f6stermesine kar\u015f\u0131n nitel olarak onlardan fakl\u0131 yanlara sahiptir; hem \u201cpozitif ayr\u0131mc\u0131l\u0131k\u201d uygulanmas\u0131na, hem kota ayr\u0131m\u0131na, ayn\u0131 zamanda m\u00fccadeleyi koordine edecek, hayata ge\u00e7irecek ara\u00e7 ve gere\u00e7lere ihtiyac\u0131 vard\u0131r!<\/p>\n<p>D\u00fcnyan\u0131n en modern devletlerince y\u00f6netilen demokratik toplumlardan anti-demokratik, gerici devletlerin y\u00f6netti\u011fi toplumlara kadar, her toplumda az ya da \u00e7ok kad\u0131n, gen\u00e7lik, engelliler ve LGBT ve daha ba\u015fka toplumsal sorunlar vard\u0131r. T\u00fcm bu devletlerin s\u0131n\u0131f karakterine ra\u011fmen, toplumsal dengelerin g\u00f6reli bir bar\u0131\u015f ortam\u0131nda devam ettirilebilmesi i\u00e7in belli farkl\u0131l\u0131klarla demokratik kurallar \u00e7er\u00e7evesinde bazen s\u0131n\u0131fsal tavizler, bazen manip\u00fclasyonlar, bazen de kural d\u0131\u015f\u0131 toplumsal \u00e7at\u0131\u015fmalar temelinde, \u00fcsttekiler ya da alttakiler lehine k\u00f6kl\u00fc d\u00fczenlemeler ka\u00e7\u0131n\u0131lmaz hale gelebilmektedir. \u00d6zg\u00fcn \u00f6rg\u00fctlenmeler ve m\u00fccadeleler yoluyla s\u00f6z konusu sorunlar\u0131n (kad\u0131n, engelliler, LGBT vs.), b\u00fct\u00fcn\u00fcyle ortadan kald\u0131r\u0131lamasa bile belli \u00f6l\u00e7\u00fcde a\u015f\u0131lmas\u0131 en az\u0131ndan asgariye indirgenmesi m\u00fcmk\u00fcnd\u00fcr. Sorunlar\u0131n muhataplar\u0131n\u0131n da rollerini oynama \u015fans\u0131 vard\u0131r.<\/p>\n<p>Fakat buna kar\u015f\u0131n her devlet, bir ya da birka\u00e7 halk\u0131n soyk\u0131r\u0131m\u0131, yurdundan s\u00fcrg\u00fcn edilmesi, ta\u015f\u0131n\u0131r ta\u015f\u0131nmaz mal varl\u0131klar\u0131n\u0131n ve namusunun talan\u0131 \u00fczerine kurulmam\u0131\u015ft\u0131r. Her devlet iktidar\u0131, kendine temel te\u015fkil eden \u201c\u00e7o\u011funluk\u201d toplumu, i\u015fledi\u011fi mega halklar cinayetini inkar temelinde, ma\u011fdur etti\u011fi halklara kar\u015f\u0131 kesintisiz olarak, kin ve nefretle kurgulayarak y\u00f6nlendirmemektedir. Her devlet, bir etnik kimli\u011fi ya da dini inan\u00e7 toplulu\u011funu ortadan kald\u0131rmak i\u00e7in toplumun di\u011fer kesimlerini soyk\u0131r\u0131m su\u00e7una ortak etme ihtiyac\u0131 duymamakta ve hatta ihtiya\u00e7 duysa bile, soyk\u0131r\u0131m su\u00e7una ortak etmeyi ba\u015faramamaktad\u0131r. Her devletin temel stratejisi, kendi benimsedi\u011fi ulusal kimlik ve dini inan\u00e7 d\u0131\u015f\u0131nda egemenli\u011fi alt\u0131ndaki b\u00fct\u00fcn etnik kimlileri ve dini inan\u00e7lar\u0131, soyk\u0131r\u0131m ve s\u00fcrg\u00fcnler de dahil olmak \u00fczere, barbar y\u00f6ntemlerle tek\u00e7i zihniyet temelinde (tek millet, tek inan\u00e7, tek bayrak) ortadan kald\u0131rmak de\u011fildir.<\/p>\n<p>1915 Soyk\u0131r\u0131m\u0131n\u2019dan \u00f6nce Osmanl\u0131 despotizminin b\u00fct\u00fcn bask\u0131 ve katliamlar\u0131na ra\u011fmen toplam n\u00fcfusun en az %30\u2019unu H\u0131ristiyan halklar olu\u015fturuyordu. 1915 Soyk\u0131r\u0131m\u0131 ve s\u00fcrg\u00fcnleri ile \u00fclkenin demografik yap\u0131s\u0131 ba\u015ftan a\u015fa\u011f\u0131 de\u011fi\u015ftirilmi\u015f, ba\u015fta Ermeni halk\u0131 olmak \u00fczere Helenler, S\u00fcryaniler ve Ezidiler, tarihi yurtlar\u0131ndan s\u00fcrg\u00fcn edilerek, kitleler halinde katledilerek, \u201cm\u00fcbadele\u201d ad\u0131 alt\u0131nda k\u00f6klerinden s\u00f6k\u00fcl\u00fcp at\u0131larak, toplam n\u00fcfus i\u00e7indeki yerleri, 1924\u2019lere gelindi\u011finde %8\u2019e d\u00fc\u015f\u00fcr\u00fclen \u201c\u00f6nemsiz\u201d birer az\u0131nl\u0131klar haline getirilmi\u015flerdir. Bu mega halklar cinayeti, cezas\u0131z kald\u0131\u011f\u0131 gibi o g\u00fcnden bu yana TC devletince, kararl\u0131 bir \u015fekilde inkar edilmektedir. Devlet, soyk\u0131r\u0131m ve s\u00fcrg\u00fcnlerle ma\u011fdur edilmi\u015f halklara kar\u015f\u0131 yalan ve iftira temelinde insanl\u0131k su\u00e7lar\u0131n\u0131 umursamayan, gittik\u00e7e yozla\u015fan ve \u00e7\u00fcr\u00fcyen bir inkar toplumu yaratm\u0131\u015ft\u0131r. Soyk\u0131r\u0131m ma\u011fduru halklar\u0131n, 100 y\u0131l\u0131 a\u015fk\u0131n bir s\u00fcredir devlet ter\u00f6r\u00fc alt\u0131nda \u201cM\u00fcsl\u00fcmanla\u015ft\u0131r\u0131lmalar\u0131\u201c, \u201cT\u00fcrkle\u015ftirilmeleri\u201d ve hatta \u201cK\u00fcrtle\u015ftirilmeleri\u201d ve de \u201cAlevile\u015ftirilmeleri\u201d, \u201cVarl\u0131k Vergisi\u201d gibi \u0131rk\u00e7\u0131 yasalarla ekonomik olarak \u00e7\u00f6kertilmeleri, tekrar tekrar k\u0131\u015fk\u0131rt\u0131lan pogromlar sonucu \u00fclkeyi terk etmeye mecbur edilmeleri, say\u0131lar\u0131n\u0131n daha da azalmas\u0131na, gelinen a\u015famada %0,1\u2019e d\u00fc\u015f\u00fcr\u00fclmesine neden olmu\u015ftur. Fakat buna ra\u011fmen toplumsal gerilim hi\u00e7bir \u015fekilde ortadan kalkmam\u0131\u015f, tam tersine artarak devam etmektedir. Soyk\u0131r\u0131m sab\u0131kal\u0131 devlet, \u201ctek millet, tek din, tek bayrak\u201d hedefi \u00f6n\u00fcnde \u015fimdi de \u201cdin karde\u015fi\u201d K\u00fcrt halk\u0131n\u0131 ve Alevi inanc\u0131 mensubu halklar\u0131, ortadan kald\u0131r\u0131lmas\u0131 gereken engeller olarak g\u00f6rmektedir.<\/p>\n<p>\u0130\u015fte bu soyk\u0131r\u0131mc\u0131 karakteristik TC devletini, hali haz\u0131rda var olan b\u00fct\u00fcn di\u011fer devletlerden ay\u0131ran en belirleyici \u00f6zelliktir!<\/p>\n<p>TC devletinin bu \u00f6zelli\u011fi, onun \u00e7at\u0131s\u0131 alt\u0131ndaki ezilen halklar\u0131n, dini inan\u00e7 gruplar\u0131n\u0131n, ezilen s\u0131n\u0131f ve tabakalar\u0131n, ezilen kad\u0131n cinsiyetinin, \u00f6tekile\u015ftirilerek ezilen toplumsal katmanlar\u0131n (LGBT, Engelliler) kaderlerini, soyk\u0131r\u0131m ma\u011fduru halklar\u0131n kaderi ile b\u00fct\u00fcnle\u015ftirmi\u015ftir. Bununla birlikte soyk\u0131r\u0131m ve s\u00fcrg\u00fcnlerle ma\u011fdur edilmi\u015f halklar i\u00e7in ADALET M\u00dcCADELES\u0130, TC devlet \u00e7at\u0131s\u0131 alt\u0131nda soyk\u0131r\u0131m ma\u011fduru halklar\u0131n sorunlar\u0131 olmaktan \u00e7\u0131km\u0131\u015f, atalar\u0131 soyk\u0131r\u0131m su\u00e7una ortak olmu\u015f halklar\u0131n, \u00f6zellikle de onlar\u0131n ilerici devrimci \u015fahsiyetlerinin, HDK-A gibi anti-fa\u015fist \u00f6rg\u00fctlerinin sorunu haline gelmi\u015ftir. Art\u0131k bu g\u00f6rev bizlerin omuzlar\u0131ndad\u0131r. \u00c7\u00fcnk\u00fc ma\u011fdur edilmi\u015f halklar\u0131n nicel olarak bu m\u00fccadeleyi kald\u0131rabilecek g\u00fc\u00e7leri kalmam\u0131\u015ft\u0131r. Onlar\u0131n, se\u00e7imlerin kaderini de\u011fi\u015ftirebilecek oy potansiyelleri de yoktur. Fakat buna ra\u011fmen soyk\u0131r\u0131m ma\u011fduru halklar, toplumumuzun vicdan\u0131 ve \u00f6zlemini \u00e7ekti\u011fimiz, insan onuruna lay\u0131k gelece\u011fimizin teminat\u0131d\u0131rlar. Bu nedenle ya\u015fad\u0131\u011f\u0131m\u0131z cenneti cehenneme \u00e7eviren devlet iktidar\u0131, yalan ve iftiralarla, dini ve \u0131rk\u00e7\u0131 \u00f6n yarg\u0131larla g\u00f6z\u00fcn\u00fc k\u00f6r etti\u011fi milyonlardan korkmuyor; uykudaki, \u00f6ng\u00f6r\u00fcden yoksun, k\u00f6r milyonlar\u0131n vicdan\u0131n\u0131 sarsacak, g\u00f6z\u00fcn\u00fc a\u00e7acak, g\u00fcc\u00fcn\u00fc ger\u00e7eklerden alan %0,1 (binde bir) \u201caz\u0131nl\u0131ktan\u201d korkuyor! Onun i\u00e7in TC devletinin egemenleri, \u00e7ark\u0131na dokunan her ta\u015f\u0131n alt\u0131nda ya bir \u201cErmeni parma\u011f\u0131\u201d ya da bir \u201cYahudi komplosu\u201d ar\u0131yor. Onun i\u00e7in Hrant\u2019\u0131 sokak ortas\u0131nda, g\u00fcpeg\u00fcnd\u00fcz herkesin g\u00f6z\u00fc \u00f6n\u00fcnde ensesinden vuruyor. Onun i\u00e7in \u00e7at\u0131\u015fmalarda d\u00fc\u015fen PKK\u2019li erkek sava\u015f\u00e7\u0131lar\u0131n s\u00fcnnetlerini kontrol ediyor. Bir ba\u015fka ifadeyle onlar\u0131n i\u00e7inde \u201cK\u00fcrd\u2019\u00fc devlete isyan ettiren Ermeni\u201d ar\u0131yor.<\/p>\n<p>B\u00fct\u00fcn bu nedenlerden dolay\u0131, soyk\u0131r\u0131m yaras\u0131n\u0131n sar\u0131lmas\u0131 i\u00e7in y\u00fcr\u00fct\u00fclmesi zorunlu olan adalet m\u00fccadelesi bizim en y\u00fcce davam\u0131z ve bu m\u00fccadeleyi sahiplenip sahiplenmeme tutumumuz ise, insanl\u0131\u011f\u0131m\u0131z\u0131n tarih sahnesindeki en b\u00fcy\u00fck s\u0131nav\u0131 meselesi haline geliyor.<\/p>\n<p>E\u011fer ki, bizler, bu m\u00fccadeleyi hi\u00e7 bir kayg\u0131ya kap\u0131lmadan boynumuzun borcu kabul edip y\u00fcrekten \u00fcstlenebilirsek, hem insanl\u0131k onurumuzu, katilin, h\u0131rs\u0131z\u0131n, tecav\u00fczc\u00fc i\u015fkencecinin, ayaklar\u0131 alt\u0131ndan kurtarmay\u0131 ba\u015faraca\u011f\u0131z; hem de soyk\u0131r\u0131m\u0131n anl\u0131m\u0131za s\u00fcrd\u00fc\u011f\u00fc kara lekeyi temizleyerek, atalar\u0131m\u0131z\u0131n ma\u011fdur etti\u011fi kom\u015fular\u0131m\u0131z\u0131n, y\u00fcz\u00fcne bakmaya hak kazanaca\u011f\u0131z.<\/p>\n<p>Tersine, soyk\u0131r\u0131m\u0131n toplumumuza sa\u011flad\u0131\u011f\u0131 ganimetleri kaybetme kayg\u0131s\u0131yla, b\u00fct\u00fcn davalar\u0131n davas\u0131 olan ADALET davam\u0131za s\u0131rt\u0131m\u0131z\u0131 d\u00f6nersek, insanl\u0131k onurumuzla birlikte gelece\u011fi kaybedece\u011fiz.<\/p>\n<p>Tekrar kad\u0131n, gen\u00e7lik, engelliler, LBGT\u0130 sorunlar\u0131na d\u00f6necek olursak: Soyk\u0131r\u0131m sab\u0131kal\u0131 devletin \u015fekillendirdi\u011fi \u0131rk\u00e7\u0131, gerici, militarist hastal\u0131klardan muzdarip toplumun, bask\u0131s\u0131na maruz kalan kad\u0131nlar, engelliler ve LGBT\u0130 bireyler, ve gelece\u011fi karart\u0131lan gen\u00e7lik, toplumu olu\u015fturan katmanlar\u0131n birer unsurudurlar ve toplumun yar\u0131s\u0131ndan fazlas\u0131n\u0131 olu\u015fturmaktad\u0131rlar. \u00d6rg\u00fctlenme ve kendilerini her alanda ifade etme, adaletsizli\u011fe kar\u015f\u0131 ba\u015far\u0131l\u0131 bir m\u00fccadele verme \u015fans\u0131na ve olanaklar\u0131na sahiptirler. Onlar\u0131, \u00f6rg\u00fctlenmeye te\u015fvik etmek, \u00f6rg\u00fctlenmelerine yard\u0131mc\u0131 olmak, HDK\u2019n\u0131n da savundu\u011fu gibi her ilerici, devrimci \u00f6rg\u00fct\u00fcn ve bireyin g\u00f6revidir. Yukar\u0131da da belirtti\u011fimiz gibi \u201cpozitif ayr\u0131mc\u0131l\u0131k\u201d ilkesi ve temsiliyet haklar\u0131 i\u00e7in \u201ckota\u201d ayr\u0131m\u0131nda yap\u0131lan \u00f6nerilerin, zaten itiraz edilecek hi\u00e7bir yan\u0131 yoktur.<\/p>\n<p>Yanl\u0131\u015f olan, ayn\u0131 hassasiyetin, ma\u011fduriyetleri s\u00f6z konusu toplumsal katmanlardan nitel olarak farkl\u0131 olan, soyk\u0131r\u0131m ve s\u00fcrg\u00fcnlerle azalt\u0131lm\u0131\u015f olmalar\u0131 nedeniyle, tamamen yok edilme tehlikesi ile y\u00fcz y\u00fcze olan soyk\u0131r\u0131m ma\u011fduru halklar i\u00e7in g\u00f6sterilmemi\u015f olmas\u0131d\u0131r. Soyk\u0131r\u0131m ma\u011fdurlar\u0131n\u0131n, \u201cpozitif ayr\u0131mc\u0131l\u0131k\u201d ve \u201ckota\u201d konusunda g\u00f6zard\u0131 edilmi\u015f olmalar\u0131d\u0131r.<\/p>\n<p>HDK-A bu hatan\u0131n ortadan kald\u0131r\u0131lmas\u0131 i\u00e7in b\u00fct\u00fcn bile\u015fenleri i\u00e7inde y\u00fcr\u00fct\u00fclecek canl\u0131 bir tart\u0131\u015fma ile d\u00fc\u015f\u00fcnsel bir de\u011fi\u015fim sa\u011flamal\u0131d\u0131r. HDK-A programa yazd\u0131\u011f\u0131 iyi niyet a\u00e7\u0131klamas\u0131n\u0131 ete kemi\u011fe b\u00fcr\u00fcnd\u00fcrmek i\u00e7in temel prensipleri a\u00e7\u0131k ve net olarak belirleyen kararlar almal\u0131 ve o kararlar\u0131 hayata ge\u00e7irecek ara\u00e7-gere\u00e7leri maddi ve manevi imkanlar\u0131 yaratmal\u0131d\u0131r.<\/p>\n<p>\u0130K\u0130NC\u0130 \u00d6RNEK:<br \/>\n\u201cHDK- Kuramsal Yap\u0131s\u0131\u201d ba\u015fl\u0131\u011f\u0131 alt\u0131nda (sayfa 10, 5. madde), \u201cHDK-A\u2019ya kat\u0131l\u0131m\u201d konusunda \u015fu \u201cilkesel\u201d saptamay\u0131 okuyoruz: \u201cKad\u0131na y\u00f6nelik \u015fiddet uygulayan kurum veya ki\u015filer HDK-A i\u00e7inde yer alamaz. HDK-A \u00e7al\u0131\u015fmalar\u0131 i\u00e7inde bulunan kurum veya bireylerin kad\u0131na y\u00f6nelik \u015fiddet uygulamas\u0131 durumunda HDK-A i\u00e7indeki varl\u0131\u011f\u0131 sona erer.\u201d<\/p>\n<p>HDK-A t\u00fcz\u00fc\u011f\u00fcn\u00fcn \u201ckuramsal yap\u0131s\u0131\u201d alt ba\u015fl\u0131\u011f\u0131nda b\u00f6yle ilkesel \u00f6neme sahip bir meselede a\u00e7\u0131k\u00e7a form\u00fcle edilmi\u015f bir tavr\u0131 g\u00f6rmek, bizi son derece memnun etmi\u015ftir. \u0130ktidardan g\u00fc\u00e7 alarak, kad\u0131nlar\u0131n zorlu m\u00fccadeleler sonucu edindikleri en son hak k\u0131r\u0131nt\u0131lar\u0131n\u0131 da yok edip, onlar\u0131 k\u00f6leci toplumun karanl\u0131\u011f\u0131na mahkum etmek isteyen despotik zihniyetin \u00fcr\u00fcn\u00fc davran\u0131\u015flara (kad\u0131na \u015fiddet ve tecav\u00fcz), HDK-A\u2019nin kap\u0131lar\u0131n\u0131 kapatm\u0131\u015f olmas\u0131, gayet gerekli ve yerinde at\u0131lm\u0131\u015f bir ad\u0131md\u0131r.<\/p>\n<p>Bizler bu ilkesel tutumun, HDK-A \u201cKuramsal Yap\u0131s\u0131\u201dna, soyk\u0131r\u0131m inkarc\u0131lar\u0131na kar\u015f\u0131 da ayn\u0131 kararl\u0131l\u0131kla i\u015flenmesini ve HDK-A kap\u0131lar\u0131n\u0131n, soyk\u0131r\u0131m inkarc\u0131lar\u0131na kapal\u0131 oldu\u011funu, HDK-A \u00e7at\u0131s\u0131 alt\u0131nda hi\u00e7 bir kurumun ve \u015fahs\u0131n soyk\u0131r\u0131m\u0131 inkar\u0131na tolerans tan\u0131mad\u0131\u011f\u0131n\u0131, kamuoyuna a\u00e7\u0131k\u00e7a ilan etmesini beklerdik.<\/p>\n<p>HDK-A, en az kad\u0131na \u015fiddet kadar ilkesel \u00f6neme sahip olan bu tavr\u0131, soyk\u0131r\u0131m inkarc\u0131s\u0131 potansiyel su\u00e7lulara (katillere, katil adaylar\u0131na) ayn\u0131 hassasiyeti g\u00f6stermemekle, bizleri hayal k\u0131r\u0131kl\u0131\u011f\u0131na u\u011fratm\u0131\u015ft\u0131r.<\/p>\n<p>Halbuki, hi\u00e7bir toplumsal katman, Osmanl\u0131 \u0130mparatorlu\u011fu ve onun devam\u0131 olan TC devleti \u00e7at\u0131s\u0131 alt\u0131nda \u015fiddeti, tecav\u00fcz\u00fc, i\u015fkenceyi, adaletsizli\u011fi, en a\u00e7\u0131k ifadeyle vicdans\u0131z barbarl\u0131\u011f\u0131, soyk\u0131r\u0131m ma\u011fduru halklar gibi, iliklerine kadar ya\u015famam\u0131\u015ft\u0131r. Ger\u00e7ekler bu kadar a\u00e7\u0131k ve net olmas\u0131na ra\u011fmen, devlet, topluma ge\u00e7mi\u015findeki soyk\u0131r\u0131m su\u00e7lar\u0131n\u0131, \u201cemperyalizmin uydurdu\u011fu bir yalan!\u201d ve \u201ci\u00e7imizdeki hainlerin bir iftiras\u0131d\u0131r!\u201d \u015feklinde propaganda etmektedir. Ama di\u011fer taraftan top yekun bir halk\u0131n soyk\u0131r\u0131mla namusunu talan etmenin itiraf\u0131 olan \u201cHepiniz Ermenisiniz. Hepiniz Pi\u00e7siniz.\u201d nefret s\u00f6ylemi ile, Ermeni halk\u0131n\u0131 tekrar hedef g\u00f6stermektedir. Toplumsal hayat\u0131n her alan\u0131nda, \u201csoyk\u0131r\u0131m\u201d kavram\u0131n\u0131n ge\u00e7ti\u011fi her yerde, ba\u015f\u0131na \u201cs\u00f6zde\u201ds\u00f6zc\u00fc\u011f\u00fc eklenerek \u201cs\u00f6zde soyk\u0131r\u0131m\u201d, yani \u201csoyk\u0131r\u0131m yalan\u0131\u201d \u015feklinde ifade edilmesine g\u00f6sterilen \u00f6zen, mutlak inkar\u0131n \u00f6z\u00fcn\u00fc a\u00e7\u0131klar. Sonu\u00e7 olarak hi\u00e7bir k\u00f6t\u00fcl\u00fck, soyk\u0131r\u0131m\u0131n inkar\u0131 kadar ma\u011fdur halklar\u0131, tarifi s\u00f6zlerle m\u00fcmk\u00fcn olmayacak derecede rencide etmemekte ve toplumsal ortak ya\u015fam atmosferini \u00e7ekilemeyecek kadar zehirlememektedir.<\/p>\n<p>Soyk\u0131r\u0131m\u0131n inkar\u0131, soyk\u0131r\u0131m ma\u011fduru halklar\u0131 itibars\u0131zla\u015ft\u0131rmak i\u00e7in devletin tercih etti\u011fi, bilin\u00e7li olarak se\u00e7ilmi\u015f bir k\u00f6k kaz\u0131ma siyasetidir. \u0130nkar, faili \u201cma\u011fdur\u201d g\u00f6stermenin, soyk\u0131r\u0131m ma\u011fdurlar\u0131na kar\u015f\u0131 kin ve nefretle bilenmi\u015f toplumsal d\u00fc\u015fmanl\u0131\u011f\u0131 zinde tutman\u0131n, soyk\u0131r\u0131m ma\u011fduru halklar\u0131 son ferdine kadar yok etme amac\u0131n\u0131 kamufle etme ve yeni soyk\u0131r\u0131mlar\u0131 topluma, \u201ckendini savunmak i\u00e7in bir mecburiyet\u201d olarak benimsetmenin y\u00f6ntemidir.<\/p>\n<p>Bu bak\u0131mdan soyk\u0131r\u0131m inkarc\u0131lar\u0131na kar\u015f\u0131 al\u0131nmas\u0131 gereken tav\u0131r, bizler a\u00e7\u0131s\u0131ndan ilkesel \u00f6nem ta\u015f\u0131r. HDK-A ilkesel \u00f6neme sahip bu eksili\u011fi ortadan kald\u0131rmal\u0131 ve kap\u0131lar\u0131n\u0131n,soyk\u0131r\u0131m inkarc\u0131lar\u0131na prensip olarak kapal\u0131 oldu\u011fu, kamuoyuna a\u00e7\u0131k\u00e7a ilan edilmelidir.<\/p>\n<p>HDK \u00e7at\u0131s\u0131 alt\u0131nda \u00f6rg\u00fctlenen kurumlar ve bireyler, \u0130lhaklar\u0131 a\u00e7\u0131k\u00e7a reddetmeli ve Soyk\u0131r\u0131m\u0131n kavramlar alt\u0131na gizlenen inkar\u0131na son vermelidir<\/p>\n<p>T\u00fcrkiye sol camias\u0131, bu konuda onlarca y\u0131l soyk\u0131r\u0131m\u0131n inkar\u0131na sessiz kalmakla objektif olarak su\u00e7 orta\u011f\u0131 konumuna d\u00fc\u015fm\u00fc\u015ft\u00fcr. Hal b\u00f6yle olunca, 1915 soyk\u0131r\u0131m\u0131n\u0131n ortaya \u00e7\u0131kard\u0131\u011f\u0131 fiili durumu da sahiplenme \u201cal\u0131\u015fkanl\u0131\u011f\u0131\u201d kazanm\u0131\u015ft\u0131r. 80 y\u0131la yak\u0131n bir s\u00fcre, soyk\u0131r\u0131m ganimetlerinden toplum olarak nemalanmaya kar\u015f\u0131, ahlaki a\u00e7\u0131dan dikkate de\u011fer her hangi bir itiraza, ele\u015ftirel bir yakla\u015f\u0131ma rastlamak m\u00fcmk\u00fcn de\u011fildir. Bu nedenle \u201cT\u00fcrkiye\u201d sol camias\u0131, jenosit rejiminin ilhaklar\u0131n\u0131 ve ya\u011fmac\u0131 gelene\u011fini de ciddi bir sorgulama gere\u011fi duymam\u0131\u015ft\u0131r. Namuslu bir ka\u00e7 ayd\u0131n d\u0131\u015f\u0131nda, kimse bu alan\u0131 \u201ckar\u0131\u015ft\u0131rma\u201d ihtiyac\u0131 hissetmemektedir. Ele\u015ftirel yakla\u015f\u0131mlar\u0131n mazisi hen\u00fcz \u00e7ok yenidir. Bu objektif durumun dile getirilmesi, sol camiada \u00f6zellikle de son y\u0131llarda soyk\u0131r\u0131m su\u00e7lar\u0131na kar\u015f\u0131, karanl\u0131k ge\u00e7mi\u015fi sorgulay\u0131c\u0131 g\u00f6zle g\u00f6r\u00fcl\u00fcr bir geli\u015fmenin varl\u0131\u011f\u0131n\u0131 inkar etmek anlam\u0131na gelmez.<\/p>\n<p>Genel olarak bak\u0131ld\u0131\u011f\u0131nda hala \u201cortalama\u201d bir T\u00fcrkiye solcusu i\u00e7in \u201cT\u00fcrkiye\u201d kavram\u0131nda sorgulanacak \u00f6nemli bir sorun \u201cyoktur\u201d. Ama \u201chalk\u0131n, s\u0131n\u0131f\u0131n, vatan\u0131n, b\u00f6l\u00fcnmesine kar\u015f\u0131\u201d itiraz\u0131n haddi hesab\u0131 yoktur. Halbuki, \u201cT\u00fcrkiye\u201d olarak belirlenen topraklar bir halklar mezarl\u0131\u011f\u0131, TC de, soyk\u0131r\u0131m kurbanlar\u0131n\u0131n \u00f6l\u00fcleri ve hala ezilmekte olan halklar \u00fczerine kurulmu\u015f bir ilhaklar zorbal\u0131\u011f\u0131d\u0131r. 1923\u2019ten beri \u201cT\u00fcrkiye\u201d terimi ile belirlenmi\u015f s\u0131n\u0131rlar i\u00e7inde ifade edilen \u00fclke ve ona h\u00fckmeden TC devlet iktidar\u0131, \u015faibeli me\u015fruiyetine ra\u011fmen, var olan d\u00fcnya devletleri nezdinde ve uluslar aras\u0131 kurumlarda (BM, AB, NATO vs.) resmen kabul g\u00f6ren bir realitedir. Fakat soyk\u0131r\u0131m ve s\u00fcrg\u00fcnlerle, insanl\u0131\u011fa kar\u015f\u0131 i\u015flenmi\u015f en a\u011f\u0131r su\u00e7lar\u0131n otaya \u00e7\u0131kard\u0131\u011f\u0131 bir realitedir. \u00c7ok uluslu \u00e7ok inan\u00e7l\u0131 bir imparatorlu\u011fun envanteri (art\u0131\u011f\u0131) olmas\u0131na ra\u011fmen, \u201cT\u00fcrk milletinden\u201d ba\u015fka bir millet ve S\u00fcnni \u0130slamdan ba\u015fka bir inan\u00e7 tan\u0131mayan bir realitedir. Baz\u0131 \u201caz\u0131nl\u0131klar\u0131\u201d (Ermeni, Helen, Yahudi) ve haklar\u0131n\u0131, uluslararas\u0131 Lozan Antla\u015fmas\u0131 gere\u011fince tan\u0131mak zorunda kalm\u0131\u015f bile olsa, alt\u0131na imza koydu\u011fu s\u00f6zle\u015fmeleri pervas\u0131zca \u00e7i\u011fneyen bir realitedir.<\/p>\n<p>\u00d6rne\u011fin, hen\u00fcz bundan 30 \u2013 40 y\u0131l \u00f6ncesine kadar, T\u00fcrk hakim s\u0131n\u0131flar\u0131na g\u00f6re \u201cT\u00fcrkiye\u201d olarak tan\u0131mlanan \u201cvatan topraklar\u0131nda\u201d ne K\u00fcrt ne de K\u00fcrdistan vard\u0131. Soyk\u0131r\u0131m ma\u011fduru halklar\u0131n ve binlerce y\u0131l \u00fczerinde ya\u015fad\u0131klar\u0131, ama soyk\u0131r\u0131m ve s\u00fcrg\u00fcnlerle s\u00f6k\u00fcl\u00fcp at\u0131ld\u0131klar\u0131 tarihi yurtlar\u0131n\u0131n, esamesi bile okunmazd\u0131. Onlar, zaten \u201cd\u00fc\u015fman\u201d ve \u201cd\u00fc\u015fman\u0131n i\u015fbirlik\u00e7ileri\u201d olarak 30 A\u011fustos 1922&#8217;de \u00e7oktan \u201cdenize d\u00f6k\u00fclm\u00fc\u015flerdi.\u201d Bir ba\u015fka ifadeyle, \u201cT\u00fcrk vatan\u0131n\u0131n\u201d \u00f6z\u00fcn\u00fc, halklar\u0131n soyk\u0131r\u0131m\u0131, inkar\u0131 ve yurtlar\u0131n\u0131n ilhak\u0131 olu\u015fturur.<\/p>\n<p>K\u00fcrt Ulusal Kurtulu\u015f Hareketi\u2019nin, b\u00fcy\u00fck bedeller ve zorlu m\u00fccadeleler sonucu inkar tabusunu y\u0131k\u0131p, \u201cK\u00fcrt ve K\u00fcrdistan realitesini\u201d kabul ettirmesinden bu yana, \u015f\u00f6yle bir ka\u00e7 on y\u0131ldan beridir solcu, ilerici camia \u201cT\u00fcrkiye\u201d ve \u201cKuzey K\u00fcrdistan\u201d kavramlar\u0131n\u0131n kullan\u0131lmas\u0131n\u0131 \u201centernasyonalizmin\u201d bir gere\u011fi saymaktad\u0131r. Ama hi\u00e7 kimse, \u201cK\u00fcrt realitesinin\u201d tan\u0131nmas\u0131nda olumlu rol oynayan bu kavramlar ikilisinin de, 1915 Soyk\u0131r\u0131m\u0131\u2019n\u0131n ortaya \u00e7\u0131kard\u0131\u011f\u0131 fiili bir durum oldu\u011fu ger\u00e7e\u011fi \u00fczerine, d\u00fc\u015f\u00fcnme gere\u011fi duymamaktad\u0131r. Dolay\u0131s\u0131yla soyk\u0131r\u0131m sonras\u0131, T\u00fcrkiye ve K\u00fcrdistan olarak ifade edilen \u00fclkeler, soyk\u0131r\u0131m ma\u011fduru halklar\u0131n ve yok say\u0131lan Lazlar\u0131n, Araplar\u0131n yurtlar\u0131n\u0131 da (\u0130yonya, Kapadokya, Pontos, Lazistan, Bat\u0131 Ermenistan, Antakya Turabdin, Betnahrin) i\u00e7erir.<\/p>\n<p>Burada ama\u00e7, K\u00fcrt halk\u0131n\u0131n \u00fclkesi Kurdistan\u2019\u0131 \u201ctart\u0131\u015fma konusu\u201d yapmak de\u011fildir. K\u00fcrt Ulusal Hareketinin kendini, tam da bu noktada ilhak\u00e7\u0131 TC devletinden ger\u00e7ekten ay\u0131rmas\u0131 i\u00e7in dost\u00e7a bir uyar\u0131d\u0131r. K\u00fcrt Ulusal Hareketi, soyk\u0131r\u0131m su\u00e7lar\u0131 ile y\u00fczle\u015firken, soyk\u0131r\u0131m\u0131n bir sonucu olarak ger\u00e7ekle\u015ftirilmi\u015f ilhaklar\u0131 g\u00f6rmesi, bilin\u00e7li olarak kendini TC devletinden ay\u0131rmas\u0131, ma\u011fdur edilmi\u015f halklar\u0131n yurtlar\u0131n\u0131 teredd\u00fcts\u00fcz tan\u0131mas\u0131, ona, uluslar aras\u0131 alanda ve d\u00fcnya demokratik kamuyu nazar\u0131nda b\u00fcy\u00fck bir sayg\u0131nl\u0131k kazand\u0131racakt\u0131r.<\/p>\n<p>HDK\u2019n\u0131n, T\u00fcz\u00fck ve Program\u0131nda, T\u00fcrkiye ve K\u00fcrdistan\u2019dan s\u00f6z edilirken, (bak\u0131n\u0131z: HDK-A Program ve T\u00fcz\u00fck, sayfa 9, sayfa 18) soyk\u0131r\u0131m ve s\u00fcrg\u00fcnlerle yok edilerek yurtlar\u0131 ilhak edilmi\u015f ma\u011fdur halklar\u0131n yurtlar\u0131n\u0131n varl\u0131\u011f\u0131ndan hi\u00e7 s\u00f6z etmemek, adlar\u0131n\u0131 anmaktan ka\u00e7\u0131nmak, soyk\u0131r\u0131m\u0131n dolayl\u0131 olarak inkar\u0131 anlam\u0131n\u0131 ta\u015f\u0131r. Zira bu tutum, objektif olarak soyk\u0131r\u0131m ma\u011fduru halklar\u0131 devletin zihniyetiyle alg\u0131lamak, onlar\u0131 bu topraklarda \u201cyabanc\u0131lar\u201d olarak g\u00f6rmek ve bizim \u201cho\u015fg\u00f6r\u00fc\u201d s\u0131n\u0131rlar\u0131m\u0131z\u0131 a\u015fmad\u0131klar\u0131 s\u00fcrece varl\u0131klar\u0131na tahamm\u00fcl etmek anlam\u0131n\u0131 ta\u015f\u0131r. Diaspora s\u00fcrg\u00fcnlerine de \u201cHer \u015fey bitti, kaderinize raz\u0131 olun ve sak\u0131n ha, kovuldu\u011funuz topraklara geri d\u00f6n\u00fcp yerle\u015fmeye ve \u00f6zellikle de kendi kaderinizi ellerinize almaya kalk\u0131\u015fmay\u0131n\u201d demek anlam\u0131n\u0131 ta\u015f\u0131r.<\/p>\n<p>Halbuki soyk\u0131r\u0131m ma\u011fdur halklar, bu topraklar\u0131n otokton halklar\u0131d\u0131r. Bu topraklarda, y\u00fcz\u00fcm\u00fcz\u00fc ne tarafa \u00e7evirsek, onlar\u0131n y\u0131k\u0131l\u0131p tahrip edilmekle bitirilemeyen tarihsel miraslar\u0131, medeniyetleri g\u00f6z\u00fcm\u00fcze \u00e7arpar. Kendi yurtlar\u0131nda istedikleri gibi \u00f6zg\u00fcrce ya\u015famak soyk\u0131r\u0131m ma\u011fduru halklar\u0131n da hakk\u0131d\u0131r. Bu hakk\u0131 onlar\u0131n elinden alm\u0131\u015f olan, yurtlar\u0131n\u0131n ve b\u00fct\u00fcn yerle\u015fim birimlerinin k\u00f6y, \u015fehir, kasaba, da\u011f, nehir adlar\u0131n\u0131 de\u011fi\u015ftiren Soyk\u0131r\u0131mc\u0131 Osmanl\u0131 ve onun devam\u0131 olan TC devletleridir. Ancak insanl\u0131\u011fa kar\u015f\u0131 i\u015flenmi\u015f soyk\u0131r\u0131m su\u00e7lar\u0131n\u0131n zaman a\u015f\u0131m\u0131 yoktur. TC devleti soyk\u0131r\u0131m\u0131n hesab\u0131n\u0131, bu g\u00fcn olmazsa yar\u0131n, mutlaka vermek zorundad\u0131r. Adaletin tecellisi i\u00e7in inkara ve ilhaklara kar\u015f\u0131 tavr\u0131m\u0131z, gelece\u011fimiz i\u00e7in de tayin edici bir rol oynayacakt\u0131r.<\/p>\n<p>HDK-A ve bile\u015fenleri olarak bizler, bilerek ya da bilmeyerek soyk\u0131r\u0131m ma\u011fdurlar\u0131n\u0131n ve devlet ter\u00f6r\u00fc alt\u0131nda zorla asimle edilmek istenen halklar\u0131n, yurtlar\u0131n\u0131n inkar edilmesi su\u00e7una ortak<br \/>\nolmaktan titizlikle ka\u00e7\u0131nmal\u0131 ve adlar\u0131n\u0131n de\u011fi\u015ftirilmesine kar\u015f\u0131 karal\u0131l\u0131kla m\u00fccadele etmeliyiz.TC devletinin inkar ve unutturma politikas\u0131na kar\u015f\u0131, kamu oyunda, soyk\u0131r\u0131m ma\u011fduru halklar\u0131n<br \/>\nyurtlar\u0131n\u0131n varl\u0131\u011f\u0131n\u0131, adlar\u0131n\u0131, yurtlar\u0131 \u00fczerinde yurtta\u015fl\u0131k haklar\u0131n\u0131, HDK-A ad\u0131na lay\u0131k bir \u015fekilde tavizsiz ve kararl\u0131l\u0131kla savunmal\u0131y\u0131z.<\/p>\n<p>Anti-Semitizme ve Anti-Ziganizme Kar\u015f\u0131 M\u00fccadele, HDK-A\u2019n\u0131n da Omuzlar\u0131nda duran bir \u0130nsanl\u0131k G\u00f6revidir!<\/p>\n<p>Gerek Yahudi halk\u0131, gerekse Sinti-Roman halk\u0131, Orta\u00e7a\u011fdan bu yana, d\u00fcnyada strerotiple\u015ftirilmi\u015f<br \/>\nen eski d\u00fc\u015fmanl\u0131klara maruz kalm\u0131\u015f olan halklard\u0131rlar. Hem T\u00fcrkiye toplumunda hem de Avrupa\u2019da bu halklara kar\u015f\u0131 yerle\u015fik \u00f6n yarg\u0131 ve d\u00fc\u015fmanl\u0131k fazlas\u0131yla mevcuttur.<\/p>\n<p>Her iki halkta, \u00f6zellikle de Avrupa\u2019da meslek yasaklamalar\u0131na, \u015fehirlerden d\u0131\u015far\u0131 at\u0131lmalara gettolara hapsedilmelere, bitmek bilmez pogromlara, modern \u00e7a\u011f\u0131n temerk\u00fcz kamplar\u0131na, deportasyonlara, en sonunda Nazi Fa\u015fizminin gaz odalar\u0131na kadar uzanan ve Holokost\u2019la sonu\u00e7lanan barbarl\u0131\u011fa maruz kalm\u0131\u015flard\u0131r.<\/p>\n<p>\u00dclkemizde baz\u0131 insan haklar\u0131 kurulu\u015flar\u0131 ve \u00e7ok az say\u0131da devrimci yap\u0131 ve bir elin parma\u011f\u0131yla say\u0131lacak kadar az istisna ayd\u0131nlar d\u0131\u015f\u0131nda \u201cbu\u00e7uk\u201d olarak nitelenen \u201c\u00c7ingenelere\u201d ve Yahudilere kar\u015f\u0131 herkes \u00f6n yarg\u0131l\u0131d\u0131r. \u00d6zellikle de Yahudi d\u00fc\u015fmanl\u0131\u011f\u0131 toplumun vicdan\u0131n\u0131 kemiren bir hastal\u0131k haline gelmi\u015ftir. Hitler karanl\u0131\u011f\u0131n\u0131n ba\u015f yap\u0131t\u0131 \u201cKavgam\u201d 21. y\u00fcz y\u0131lda \u201cbestseller\u201d olarak T\u00fcrkiye\u2019de g\u00f6rd\u00fc\u011f\u00fc ilgiyi d\u00fcnyan\u0131n hi\u00e7bir yerinde g\u00f6rmemi\u015ftir. T\u00fcrkiye\u2019de Yahudi halk\u0131na mensup TC vatanda\u015flar\u0131, do\u011frulu\u011fu ve yanl\u0131\u015fl\u0131\u011f\u0131ndan ba\u011f\u0131ms\u0131z olarak \u0130srail devletinin politikas\u0131ndan sorumlu tutulmaktad\u0131rlar. Sokak ortas\u0131nda, i\u015f yerlerinde, ibadethanelerinde fiili sald\u0131r\u0131lara, toplu katliamlara maruz kalmaktad\u0131rlar.<\/p>\n<p>Esas itibari ile Holokostun sonucu olarak Yahudi halk\u0131n\u0131n topyekun imhas\u0131n\u0131n engellenmesi i\u00e7in kurulmu\u015f olan \u0130srail devleti, T\u00fcrkiye\u2019de \u00e7ok az istisna d\u0131\u015f\u0131nda, sa\u011f\u0131c\u0131s\u0131yla, solcusuyla, dincisi ve ateistiyle haritadan silinmesi gereken bir yap\u0131 olarak alg\u0131lanmaktad\u0131r. Kendine ilericilik, devrimcilik s\u0131fat\u0131 yak\u0131\u015ft\u0131ran \u015fahsiyetlerin ve kurulu\u015flar\u0131n bu derece \u015fuursuz Yahudi d\u00fc\u015fmanl\u0131\u011f\u0131na tav\u0131rs\u0131z kalmas\u0131 veya ortak olmas\u0131, ilerici insanl\u0131k hareketi i\u00e7in tam bir y\u00fcz karas\u0131d\u0131r.<\/p>\n<p>HDK gerek birinci genel kurul sonu\u00e7lar\u0131 a\u00e7\u0131klamas\u0131nda, gerekse 3. Kongre kararlar\u0131nda Filistin halk\u0131yla dayan\u0131\u015fmas\u0131n\u0131 dile getirirken, Filistinli \u00f6rg\u00fctlerin neredeyse tamam\u0131na temel te\u015fkil eden ne Anti-Semit Orta Ca\u011f karanl\u0131\u011f\u0131 \u0130slami gericili\u011fe, ne de T\u00fcrkiye\u2019de tavan yapan Anti-Semitizme ses \u00e7\u0131karmaktad\u0131r. Bu tutumun kendisi Anti-Semitdir. HDK\u2019n\u0131n \u201cizd\u00fc\u015f\u00fcm\u00fc\u201d olan HDK-A ise, bu konuda susmay\u0131 terci etmektedir. Ama susmak, \u201cikrardan\u201d gelir; ayn\u0131 politikay\u0131 benimsemek anlam\u0131na gelir. Bu ger\u00e7e\u011fin fark\u0131nda olup da susmak, hem global Anti-Semitizme hemde T\u00fcrkiy\u2019de \u00e7\u0131\u011f\u0131r\u0131ndan \u00e7\u0131km\u0131\u015f Yahudi d\u00fc\u015fmanl\u0131\u011f\u0131na ortak olmak anlam\u0131na gelir.<\/p>\n<p>Kapitalist sistemin egemen oldu\u011fu modern devletlerde i\u015f\u00e7i s\u0131n\u0131f\u0131na ve ezilen halklara d\u00fc\u015fmanl\u0131k, haklar\u0131na dolu dizgin sald\u0131r\u0131, daima Anti-Semitizmin yayg\u0131nl\u0131k kazanmas\u0131yla ba\u015flam\u0131\u015ft\u0131r. Toplumu su\u00e7una ortak etmeyi ba\u015faran g\u00fc\u00e7ler, (Nazi Almanya&#8217;s\u0131nda oldu\u011fu gibi) iktidarlar\u0131n\u0131 fa\u015fizmle ta\u00e7land\u0131rd\u0131ktan sonra, ezilen s\u0131n\u0131f ve tabakalar i\u00e7in i\u015f i\u015ften ge\u00e7mi\u015ftir. Fa\u015fist iktidarlarsa, sadece egemen olduklar\u0131 \u00fclkeleri de\u011fil, ayn\u0131 zamanda d\u00fcnyay\u0131 kan g\u00f6l\u00fcne \u00e7evirmekten \u00e7ekinmemi\u015flerdir. Bu g\u00fcn de, Bat\u0131 Avrupa\u2019da sa\u011f pop\u00fclizmin atakta olmas\u0131nda, ge\u00e7mi\u015finden gereken dersi \u00e7\u0131kartamayan, Holokost\u2019u \u00e7ok \u00e7abuk unutan \u201cAnti-Siyonist demokrasi g\u00fc\u00e7leri\u201d, \u00f6nemli bir vebalin alt\u0131ndad\u0131rlar. Zira \u201cAnti-Siyonizm\u201d, kitleler aras\u0131nda kolayca taban bulan, demokrasi g\u00fc\u00e7lerini yanl\u0131\u015f hedefe y\u00f6nlendiren, sefaletin kayna\u011f\u0131n\u0131 yanl\u0131\u015f adreste aratan, \u00f6zellikle de sol i\u00e7inde yayg\u0131n olan en pop\u00fclist Yahudi d\u00fc\u015fmanl\u0131\u011f\u0131d\u0131r.<\/p>\n<p>Anti-Semitizm devrimci bir kurulu\u015f i\u00e7in \u00f6l\u00fcmc\u00fcl tehlikedir. \u201cAnti-Siyonizm\u201d temelinde uzla\u015ft\u0131\u011f\u0131 \u0131rk\u00e7\u0131 gericili\u011fin bata\u011f\u0131na d\u00fc\u015fmesi ka\u00e7\u0131n\u0131lmazd\u0131r. Gerek HDK\u2019nin, gerekse HDK-A\u2019n\u0131n Anti-Semitizm kar\u015f\u0131s\u0131ndaki ilkesel tutumu, gelece\u011fini belirleyecek olan en \u00f6nemli etkenlerden biri olacakt\u0131r.<\/p>\n<p>Bu bak\u0131mdan HDK ve onun iz d\u00fc\u015f\u00fcm\u00fc olan HDK-A, Anti-Semitizme kar\u015f\u0131, \u0131rk\u00e7\u0131 \u0130slami gericili\u011fin \u201chassasiyetine\u201d boyun e\u011fmeden, a\u00e7\u0131k ve net bir tav\u0131r tak\u0131nmal\u0131d\u0131r. HDK hem kendi i\u00e7inde hem de taban\u0131nda Anti-Semitizme ve Anti-Ziganizme kar\u015f\u0131, \u00f6zellikle de Holokost\u2019un do\u011fru anla\u015f\u0131lmas\u0131 i\u00e7in bilin\u00e7lendirme kampanyalar\u0131 y\u00fcr\u00fctmelidir.<\/p>\n<p><em>Dosta\u00e7a, yolda\u015f\u00e7a sayg\u0131 ve selamlar\u0131m\u0131zla<\/em><\/p>\n<p><em>Soyk\u0131r\u0131m Kar\u015f\u0131tlar\u0131 Derne\u011fi (SKD) ad\u0131na: Ali Ertem,<\/em><\/p>\n<p><em>Frankfurt, 16.08.2017<\/em><\/p>\n<p><strong>Ekler: HDK-A genel kuruluna sunulmak \u00fczere haz\u0131rlanan karat tasar\u0131lar\u0131:<\/strong><\/p>\n<ol>\n<li><em> Anti-Semitizme ve Anti-Ziganizme kar\u015f\u0131 M\u00fccadele bir \u0130nsanl\u0131k g\u00f6revidir (bak\u0131n\u0131z saya: 11)<\/em><\/li>\n<li><em> HDK-A, 24 Nisan\u2019\u0131 Halklar\u0131m\u0131z\u0131n Ortak Yas G\u00fcn\u00fc Kabul Eder (bak\u0131n\u0131z saya: 12 )<\/em><\/li>\n<li><em> HDK Soyk\u0131r\u0131m\u0131n \u0130nkar\u0131n\u0131, Soyk\u0131r\u0131m\u0131n Devam\u0131 Olarak G\u00f6r\u00fcr! Yeni Soyk\u0131r\u0131mlar\u0131n Engellenmesi \u0130\u00e7in Canla Ba\u015fla M\u00fccadele Eder! (bak\u0131n\u0131z saya: 13)<\/em><\/li>\n<li><em> Soyk\u0131r\u0131m ma\u011fduru halklar i\u00e7in Vatan ve vatanda\u015fl\u0131k hakk\u0131 (bak\u0131n\u0131z saya: 14)<br \/>\n<\/em>&#8212;&#8212;&#8212;&#8212;&#8212;&#8212;&#8212;&#8212;&#8212;&#8212;&#8212;&#8212;&#8212;&#8212;&#8212;&#8212;&#8212;&#8212;&#8212;&#8212;&#8211;<\/li>\n<\/ol>\n<p><strong>HDK-A GENEL KONGRES\u0130NE SUNULMAK \u00dcZERE \u0130LET\u0130LEN KARAR TASARILARI<\/strong><\/p>\n<ol>\n<li><strong> Anti-Semitizme ve Anti-Ziganizme Kar\u015f\u0131 M\u00fccadele Bir \u0130nsanl\u0131k G\u00f6revidir<\/strong><\/li>\n<\/ol>\n<p>HDK, Anti-Semitizmin ve Anti-Ziganizmin global, tarihi k\u00f6kleri \u00e7ok derinlerde olan, Yahudi ve \u201c\u00c7ingene\u201d (Roman-Sinti) d\u00fc\u015fman\u0131 bir d\u00fc\u015f\u00fcnce ak\u0131m\u0131 oldu\u011fu ger\u00e7e\u011finin bilincindedir. HDK, d\u00fcnya g\u00fcndeminde \u00f6nemli bir yeri olan bu gayri insani d\u00fc\u015f\u00fcnce ak\u0131m\u0131na (Anti-Semitizm ve Anti-Ziganizm) kar\u015f\u0131 m\u00fccadeleyi, hayati \u00f6neme sahip bir insanl\u0131k g\u00f6revi olarak kabul eder. Anti-Semitizm ve Anti-Ziganizm, hem T\u00fcrkiye\u2019de hem de g\u00f6\u00e7men olarak ya\u015fad\u0131\u011f\u0131m\u0131z Avrupa \u00fclkelerinde, \u201cyabanc\u0131\u201d d\u00fc\u015fmanl\u0131\u011f\u0131na, etnik ve dini farkl\u0131lara kar\u015f\u0131 beslenen kin ve nefrete temel te\u015fkil eden kli\u015fele\u015ftirilmi\u015f en k\u00f6kl\u00fc bilin\u00e7 kirlili\u011fidir.<\/p>\n<p>Hitler karanl\u0131\u011f\u0131n\u0131n temel yap\u0131t\u0131 olan \u201cKavgam\u201d kitab\u0131, 21. y\u00fczy\u0131lda T\u00fcrkiye\u2019de \u201cbestseller\u201d olma \u2018ayr\u0131cal\u0131\u011f\u0131n\u0131\u2019 kazanm\u0131\u015ft\u0131r. Sadece bu ger\u00e7e\u011fi g\u00f6z \u00f6n\u00fcnde bulundurmam\u0131z dahi, geldi\u011fimiz \u00fclkede Yahudi d\u00fc\u015fmanl\u0131\u011f\u0131n\u0131n hangi boyutlarda oldu\u011funu anlamam\u0131z i\u00e7in yeterlidir. D\u00fcnyan\u0131n bir \u00e7ok yerinde oldu\u011fu gibi \u00fclkemizde de Yahudi halk\u0131na kar\u015f\u0131, hem tek tek ki\u015fileri hem de toplumu hedef alan ( \u00dczeyir Garih cinayeti, \u0130shak Alaton\u2019a suikast giri\u015fimi, Yahudi ibadethanelerine y\u00f6nelik belli aral\u0131klarla yap\u0131lan imha ama\u00e7l\u0131 eylemler gibi) sald\u0131r\u0131lar, T\u00fcrkiye\u2019de TC vatanda\u015f\u0131 Yahudilerin ya\u015fam hakk\u0131n\u0131n tehlikede oldu\u011funun a\u00e7\u0131k g\u00f6stergesidir. Benzer d\u00fc\u015fmanl\u0131k temelinde \u201cbu\u00e7uk\u201d olarak a\u015fa\u011f\u0131lanan Roman ve ba\u015fka adlarla (Po\u015fa, Abdal, Dom vs.) an\u0131lan \u201c\u00c7ingene\u201d halk\u0131 da, benzer sald\u0131r\u0131lar\u0131n hedefi olmaktad\u0131r. Selendi Pogromu ve daha ba\u015fka yerlerde meydana gelen benzer sald\u0131r\u0131lar, \u201c\u00c7ingene\u201dd\u00fc\u015fmanl\u0131\u011f\u0131n\u0131n somut ifadeleridir.<\/p>\n<p>Almanya\u2019da, Macaristan\u2019da, \u0130talya\u2019da, Fransa\u2019da \u00c7ek Cumhuriyetinde ve Slovakya\u2019da k\u0131sacas\u0131 Avrupa\u2019da da durum bundan farkl\u0131 de\u011fildir.<\/p>\n<p>Bu nedenle HDK, hem kendi taban\u0131nda hem de kamuoyunda Anti-Semit, Anti-Zigan \u00f6n yarg\u0131lara kar\u015f\u0131 m\u00fccadeleyi insani bir g\u00f6rev kabul eder. Yak\u0131n tarihimizde Yahudi ve \u201c\u00c7ingene\u201d d\u00fc\u015fmanl\u0131\u011f\u0131n\u0131n nelere mal oldu\u011funun ve gelecekte de nelere mal olabilece\u011finin bilince \u00e7\u0131kar\u0131lmas\u0131 i\u00e7in Holokost konusunda bilin\u00e7lenmeye \u00f6zel bir \u00f6nem verir.<\/p>\n<p><em>Karar tasar\u0131s\u0131n\u0131 sunan ki\u015fi \/ kurum: Soyk\u0131r\u0131m Kar\u015f\u0131tlar\u0131 Derne\u011fi (SKD)<\/em><\/p>\n<p><em>Kabul eden oy say\u0131s\u0131:<\/em><\/p>\n<p><em>Red eden oy say\u0131s\u0131:<\/em><\/p>\n<p><em>\u00c7ekimser oy say\u0131s\u0131:<\/em><\/p>\n<ol start=\"2\">\n<li><strong> HDK-A, 24 Nisan\u2019\u0131 Halklar\u0131m\u0131z\u0131n Ortak Yas G\u00fcn\u00fc Kabul Eder<\/strong><\/li>\n<\/ol>\n<p>Osmanl\u0131 despotizminin 1894\u2019te Ermeni halk\u0131na kar\u015f\u0131 ba\u015flatm\u0131\u015f oldu\u011fu kitlesel katliamlar, 1915 senesinde doruk noktaya ula\u015farak planl\u0131 bir soyk\u0131r\u0131m harekat\u0131na d\u00f6n\u00fc\u015fm\u00fc\u015ft\u00fcr. 24 Nisan 1915 tarihinde ba\u015fta \u0130stanbul olmak \u00fczere, \u00fclke \u00e7ap\u0131nda Ermeni ayd\u0131nlar\u0131n tutuklanarak \u00f6l\u00fcme yollanmalar\u0131 ve ard\u0131ndan 1.500.000 (bir bu\u00e7uk milyon) Ermeni\u2019nin katli ve y\u00fcz binlercesinin Bat\u0131 Ermenistan\u2019dan ve \u00fclke genelinde ya\u015fad\u0131klar\u0131 di\u011fer alanlardan s\u00fcrg\u00fcn edilmeleri, Ermeni halk\u0131 taraf\u0131ndan sistematik planl\u0131 soyk\u0131r\u0131m\u0131n, ba\u015flang\u0131\u00e7 tarihi kabul edilmi\u015ftir. 24 Nisan\u2019da Ermeni halk\u0131, Do\u011fu Ermenistan\u2019da ve d\u00fcnyada bulunduklar\u0131 her yerde katledilen atalar\u0131n\u0131n, her ya\u015f ve cinsiyetten soyk\u0131r\u0131m kurbanlar\u0131n\u0131n, ellerinden al\u0131nan evlatlar\u0131n\u0131n, gasp edilen yurtlar\u0131n\u0131n ve kaybettikleri t\u00fcm varl\u0131klar\u0131n\u0131n yas\u0131n\u0131 tutmaktad\u0131r. O g\u00fcn, soyk\u0131r\u0131m kurbanlar\u0131n\u0131n an\u0131s\u0131na, \u00e7i\u00e7ekler \u00e7elenkler b\u0131rakarak sayg\u0131da bulunmaktad\u0131rlar.<\/p>\n<p>S\u00fcryani halk\u0131 da (aralar\u0131nda hen\u00fcz bir ulusal mutabakat sa\u011flamam\u0131\u015f olmas\u0131na ra\u011fmen) son y\u0131llarda 24 Nisan\u2019da, S\u00fcryani soyk\u0131r\u0131m\u0131 kurbanlar\u0131n\u0131 anmamaktad\u0131r.<\/p>\n<p>Tarihi soyk\u0131r\u0131m ger\u00e7e\u011fi, TC devleti d\u0131\u015f\u0131nda d\u00fcnyan\u0131n hi\u00e7bir uygar \u00fclkesi taraf\u0131ndan inkar edilmemektedir. Tersine TC devletinin inkar\u0131na kar\u015f\u0131 27 \u00dclkenin ulusal karar mekanizmalar\u0131, Ermeni Soyk\u0131r\u0131m\u0131\u2019n\u0131, 1948 tarihli Birle\u015fmi\u015f Milletler Soyk\u0131r\u0131m Konvansiyonu anlam\u0131nda resmen tan\u0131d\u0131\u011f\u0131n\u0131 a\u00e7\u0131klam\u0131\u015ft\u0131r. Soyk\u0131r\u0131m\u0131 tan\u0131ma karar\u0131na her ge\u00e7en y\u0131l yeni devletler kat\u0131lmaktad\u0131r.<\/p>\n<p>Pontos Helenleri ise, Mustafa Kemal\u2019in Samsuna \u00e7\u0131k\u0131\u015f tarihi olan 19 May\u0131s 1919\u2019u, Pontos soyk\u0131r\u0131m\u0131n\u0131n ba\u015flang\u0131c\u0131 olarak kabul etmektedirler. O g\u00fcn Pontos Helenleri soyk\u0131r\u0131m kurbanlar\u0131n\u0131 anmaktad\u0131rlar.<\/p>\n<p>HDK-A soyk\u0131r\u0131m kurbanlar\u0131n\u0131n an\u0131lar\u0131na sayg\u0131 ve itibarlar\u0131n\u0131n iadesi i\u00e7in 24 Nisan\u2019\u0131n halklar\u0131m\u0131z\u0131n ortak yas g\u00fcn\u00fc olmas\u0131n\u0131 ve 24 Nisan\u2019da soyk\u0131r\u0131m ma\u011fduru halklar\u0131n yanlar\u0131nda olmay\u0131 insani bir g\u00f6rev kabul eder. HDK-A ayn\u0131 zamanda, T\u00fcrkiye B\u00fcy\u00fck Millet Meclisinden (T.B.M.M.), 24 Nisan\u2019\u0131n soyk\u0131r\u0131m kurbanlar\u0131n\u0131 anmak i\u00e7in resmi tatil g\u00fcn\u00fc olmas\u0131n\u0131 talep eder. 24 Nisana denk gelen b\u00fct\u00fcn etkinliklerin (parti ve dernek kongreleri, d\u00fc\u011f\u00fcn, do\u011fum g\u00fcn\u00fc, piknik partileri vs.) ba\u015fka bir tarihe ertelenmesine \u00f6zen g\u00f6sterir. HDK, hem \u00fclke genelinde hem de yurtd\u0131\u015f\u0131nda soyk\u0131r\u0131m kurbanlar\u0131n\u0131 anma etkinliklerine \u00f6nc\u00fcl\u00fck eder.<\/p>\n<p>Karar tasar\u0131s\u0131n\u0131 sunan ki\u015fi\/ kurum: Soyk\u0131r\u0131m Kar\u015f\u0131tlar\u0131 Derne\u011fi (SKD)<\/p>\n<p><em>Kabul eden oy say\u0131s\u0131:<\/em><\/p>\n<p><em>Red eden oy say\u0131s\u0131:<\/em><\/p>\n<p><em>\u00c7ekimser oy say\u0131s\u0131:<\/em><\/p>\n<ol start=\"3\">\n<li><strong> HDK-A Soyk\u0131r\u0131m\u0131n \u0130nkar\u0131n\u0131, Soyk\u0131r\u0131m\u0131n Devam\u0131 Olarak G\u00f6r\u00fcr!<br \/>\nYeni Soyk\u0131r\u0131mlar\u0131n Engellenmesi \u0130\u00e7in Canla Ba\u015fla M\u00fccadele Eder!<\/strong><\/li>\n<\/ol>\n<p>Ba\u015fta Ermeni halk\u0131 olmak \u00fczere, onunla ayn\u0131 kaderi payla\u015fan halklar (Helenler, Pontoslu Helenler, Asuri-S\u00fcryaniler, Ezidiler) Osmanl\u0131 devletinin ve onun devam\u0131 olan TC devletinin planl\u0131 soyk\u0131r\u0131m\u0131 ve s\u00fcrg\u00fcn harekat\u0131 ile1895 \u2013 1923 y\u0131llar\u0131 aras\u0131nda katledilmi\u015f ve gelinen a\u015famada bitme noktas\u0131na getirilen birer \u201caz\u0131nl\u0131\u011fa\u201d d\u00f6n\u00fc\u015ft\u00fcr\u00fclm\u00fc\u015flerdir. Kadim Ermeni yurdu Bat\u0131 Ermenistan ve Klikya Ermenisizle\u015ftirilmi\u015f, Bethnahrin, Mardin-Turabdin S\u00fcryanisizle\u015ftirilmi\u015f, Pontos, Kapadokya, \u0130yonya ve \u0130stanbul (Konstantinopel) dahil olmak \u00fczere Marmara y\u00f6resi tamamen Helensizle\u015ftirilmi\u015f, \u00fclke ve y\u00f6re adlar\u0131, da\u011f ve nehir, ada isimleri de\u011fi\u015ftirilmi\u015ftir. Tarih ve k\u00fclt\u00fcr miraslar\u0131, kutsal mek\u00e2nlar\u0131 \u00f6nemli \u00f6l\u00e7\u00fcde ya\u011fmalanm\u0131\u015f, tahrip edilmi\u015f, amac\u0131na ayk\u0131r\u0131 bi\u00e7imde kullan\u0131m i\u00e7in \u00f6zel ki\u015filere ve kamuya devredilmi\u015ftir.<\/p>\n<p>100 y\u0131l\u0131 a\u015fk\u0131n bir s\u00fcredir i\u015flenmi\u015f devasa insanl\u0131k su\u00e7lar\u0131 inkar edilmekte, 1000 y\u0131la yak\u0131n bir s\u00fcredir \u201cgavur\u201d tabiri ile a\u015fa\u011f\u0131lanan soyk\u0131r\u0131m ma\u011fduru halklar, sistematik olarak yalan ve iftiralarla d\u00fc\u015fmanla\u015ft\u0131r\u0131lmaktad\u0131r. Tarihi soyk\u0131r\u0131m ger\u00e7e\u011fi TC devleti taraf\u0131ndan inkar edilmekte, toplumun gelece\u011fi yalan ve iftira temelinde soyk\u0131r\u0131m kurbanlar\u0131n\u0131n cesetleri \u00fczerinde in\u015fa edilmek istenmektedir. \u00c7ok uluslu, \u00e7ok inan\u00e7l\u0131 bir imparatorluk miras\u0131 olan TC\u2019nden, \u00f6zellikle de balkan harbi yenilgisinden sonra dev\u015firilmi\u015f, T\u00fcrkle\u015ftirilmi\u015f, M\u00fcsl\u00fcmanla\u015ft\u0131r\u0131lm\u0131\u015f halklar (Bo\u015fnak, Pomak, Arnavut, \u00c7erkez, \u00c7e\u00e7en vs.) Anadolu T\u00fcrkmenlerine kar\u0131\u015ft\u0131r\u0131larak, S\u00fcnni \u0130slam inan\u00e7l\u0131 bir \u201cT\u00fcrk milleti\u201d yarat\u0131lmak istenmektedir. Devlet ter\u00f6r\u00fc alt\u0131nda zoraki asimilasyona direnen halklar, soyk\u0131r\u0131mc\u0131 y\u00f6ntemlerle yok edilmek istenmektedir. D\u00fcn bu \u00fclkenin Ermenilerini ve M\u00fcsl\u00fcman olmayan di\u011fer halklar\u0131n\u0131, kendi varl\u0131\u011f\u0131 i\u00e7in yok edilmesi gereken d\u00fc\u015fman g\u00f6ren zihniyet, bu g\u00fcn de K\u00fcrt halk\u0131n\u0131 ve Alevi inanc\u0131 mensubu halklar\u0131, \u201cazaltmak\u201d i\u00e7in f\u0131rsat kollamaktad\u0131r. Dersim Tertelesi (1934-1938) ve dur durak bilmeyen pogromlar (Trakya, 6 \u2013 7 Eyl\u00fcl, Mara\u015f, \u00c7orum, Sivas, ve HKP\u2019nin antidemokratik baraj\u0131 a\u015farak meclise girmesi ard\u0131ndan K\u00fcrt halk\u0131na kar\u015f\u0131 ordu ve \u00f6zel katliam timleriyle y\u00fcr\u00fct\u00fclen imha harekat\u0131) bunun en bariz kan\u0131t\u0131d\u0131rlar.<\/p>\n<p>HDK-A, soyk\u0131r\u0131m ma\u011fduru halklara kar\u015f\u0131 i\u015flenmi\u015f insanl\u0131k su\u00e7lar\u0131n\u0131 mahk\u00fbm eder; tarihi soyk\u0131r\u0131m ger\u00e7e\u011finin inkar\u0131n\u0131, yeni soyk\u0131r\u0131m haz\u0131rl\u0131klar\u0131n\u0131n habercisi kabul eder. 1915 Soyk\u0131r\u0131m\u0131&#8217;n\u0131n derhal tan\u0131nmas\u0131n\u0131, yeni soyk\u0131r\u0131mlar\u0131n engellenmesi ve halklar\u0131m\u0131z\u0131n kar\u015f\u0131l\u0131kl\u0131 sayg\u0131 temelinde, insan onuruna lay\u0131k bir gelecek kurabilmesinin, \u00f6n ko\u015fulu kabul eder. Soyk\u0131r\u0131mlarla y\u00fczle\u015fmek i\u00e7in ink\u00e2r edilen ger\u00e7eklerin g\u00fcn \u0131\u015f\u0131\u011f\u0131na \u00e7\u0131kmas\u0131na ve toplumumuzun tarihi ger\u00e7ekler temelinde ayd\u0131nlat\u0131lmas\u0131na \u00f6nc\u00fcl\u00fck eder. T\u00fcrkiye B\u00fcy\u00fck Millet Meclisi&#8217;nden soyk\u0131r\u0131m\u0131 tan\u0131mas\u0131n\u0131 ve soyk\u0131r\u0131mdan kaynaklanan b\u00fct\u00fcn y\u00fck\u00fcml\u00fcl\u00fcklerini yerine getirmesini talep eder<\/p>\n<p>Karar tasar\u0131s\u0131n\u0131 sunan ki\u015fi \/ kurum: Soyk\u0131r\u0131m Kar\u015f\u0131tlar\u0131 Derne\u011fi (SKD)<\/p>\n<p><em>Kabul eden oy say\u0131s\u0131:<\/em><\/p>\n<p><em>Ret eden oy say\u0131s\u0131:<\/em><\/p>\n<p><em>\u00c7ekimser oy say\u0131s\u0131:<\/em><\/p>\n<ol start=\"4\">\n<li><strong> Soyk\u0131r\u0131m Ma\u011fduru Halklar i\u00e7in Vatan ve Vatanda\u015fl\u0131k Hakk\u0131<\/strong><\/li>\n<\/ol>\n<p>HDK-A (Halklar\u0131n Demokratik kongresi-Avrupa), soyk\u0131r\u0131m ve s\u00fcrg\u00fcnlerle k\u00f6klerinden s\u00f6k\u00fclm\u00fc\u015f, canlar\u0131n\u0131 kurtarmak i\u00e7in d\u00fcnyan\u0131n d\u00f6rt bir yan\u0131na savrulmu\u015f, ku\u015faklar boyu s\u00fcrg\u00fcn hayat\u0131 ya\u015fayan soyk\u0131r\u0131m ma\u011fduru halklar\u0131n, tarihi yurtlar\u0131na (Bat\u0131 Ermenistan, Klikya, Pontos, Bethnahrin, Konstantinopel \/ \u0130stanbul, Kappadokya, Do\u011fu Trakya vs.) istedikleri takdirde geri d\u00f6nmelerinin, temel bir hak oldu\u011funu kay\u0131ts\u0131z ko\u015fulsuz kabul eder. Soyk\u0131r\u0131m\u0131 kabul etmenin bir gere\u011fi olarak kendilerine, vatanda\u015fl\u0131k haklar\u0131n\u0131n geri verilmesini savunur. S\u00fcrg\u00fcn hayat\u0131n\u0131n sona erdirilmesi i\u00e7in T\u00fcrkiye B\u00fcy\u00fck Millet Meclisi\u2019nden diaspora s\u00fcrg\u00fcnlerinin tarihi yurtlar\u0131na geri d\u00f6nmeleri \u00f6n\u00fcndeki b\u00fct\u00fcn engellerin kald\u0131r\u0131lmas\u0131n\u0131, ya\u015fam haklar\u0131n\u0131n ve ge\u00e7im ko\u015fullar\u0131n\u0131n garanti alt\u0131na al\u0131nmas\u0131n\u0131 talep eder.<\/p>\n<p><em>Karat Tasar\u0131s\u0131n\u0131 sunan ki\u015fi \/ Kurulu\u015f: SKD (Soyk\u0131r\u0131m Kar\u015f\u0131tlar\u0131 Derne\u011fi)<\/em><\/p>\n<p><em>Kabul eden oy say\u0131s\u0131:<\/em><\/p>\n<p><em>Ret eden oy say\u0131s\u0131:<\/em><\/p>\n<p><em>\u00c7ekimser oy say\u0131s\u0131:<\/em><\/p>\n<p><strong><em>Akunq.net <\/em><\/strong><\/p>\n","protected":false},"excerpt":{"rendered":"<p>Ali Ertem \u00d6n A\u00e7\u0131klama A\u015fa\u011f\u0131da bilginize sunmu\u015f oldu\u011fumuz a\u00e7\u0131klama, toplumumuzun inkar edilen \u201ctarihi soyk\u0131r\u0131m ger\u00e7e\u011fi, \u0131rk\u00e7\u0131l\u0131k, antisemitizm\u201d gibi hayati \u00f6neme sahip konular\u0131 \u00fczerine d\u00fc\u015f\u00fcncelerimizi ve m\u00fccadele \u00f6nerilerimizi i\u00e7ermektedir. \u00d6yle tahmin ediyoruz ki, son birka\u00e7 y\u0131ll\u0131k T\u00fcrkiye siyasal geli\u015fmelerini yakinen takip eden her insan, \u201cDemokratik sol-muhalefet\u201d dendi\u011finde, \u00f6ncelikle akla gelen K\u00fcrt Ulusal Hareketine yak\u0131nl\u0131\u011f\u0131yla bilinen Halklar\u0131n [&hellip;]<\/p>\n","protected":false},"author":7,"featured_media":49838,"comment_status":"open","ping_status":"open","sticky":false,"template":"","format":"standard","meta":{"footnotes":""},"categories":[44,1,70,53],"tags":[],"class_list":["post-49836","post","type-post","status-publish","format-standard","has-post-thumbnail","hentry","category-ermeni-soykirimi","category-haberler","category-makaleler","category-turkiyede-azinliklar"],"yoast_head":"<!-- This site is optimized with the Yoast SEO plugin v27.4 - https:\/\/yoast.com\/product\/yoast-seo-wordpress\/ -->\n<title>Soyk\u0131r\u0131m yaras\u0131n\u0131 sarmak i\u00e7in tarihimizin kanl\u0131 karanl\u0131k sayfalar\u0131 ile y\u00fczle\u015felim! Soyk\u0131r\u0131m\u0131n inkar\u0131na kar\u015f\u0131 el ele verelim, do\u011fru bir \u00e7izgide m\u00fccadele edelim! - Bati Ermenistan Ve Bati Ermenileri Sorunlari Ara\u015ftirmalar Merkezi<\/title>\n<meta name=\"robots\" content=\"index, follow, max-snippet:-1, max-image-preview:large, max-video-preview:-1\" \/>\n<link rel=\"canonical\" href=\"https:\/\/akunq.net\/tr\/?p=49836\" \/>\n<meta property=\"og:locale\" content=\"en_US\" \/>\n<meta property=\"og:type\" content=\"article\" \/>\n<meta property=\"og:title\" content=\"Soyk\u0131r\u0131m yaras\u0131n\u0131 sarmak i\u00e7in tarihimizin kanl\u0131 karanl\u0131k sayfalar\u0131 ile y\u00fczle\u015felim! Soyk\u0131r\u0131m\u0131n inkar\u0131na kar\u015f\u0131 el ele verelim, do\u011fru bir \u00e7izgide m\u00fccadele edelim! - Bati Ermenistan Ve Bati Ermenileri Sorunlari Ara\u015ftirmalar Merkezi\" \/>\n<meta property=\"og:description\" content=\"Ali Ertem \u00d6n A\u00e7\u0131klama A\u015fa\u011f\u0131da bilginize sunmu\u015f oldu\u011fumuz a\u00e7\u0131klama, toplumumuzun inkar edilen \u201ctarihi soyk\u0131r\u0131m ger\u00e7e\u011fi, \u0131rk\u00e7\u0131l\u0131k, antisemitizm\u201d gibi hayati \u00f6neme sahip konular\u0131 \u00fczerine d\u00fc\u015f\u00fcncelerimizi ve m\u00fccadele \u00f6nerilerimizi i\u00e7ermektedir. \u00d6yle tahmin ediyoruz ki, son birka\u00e7 y\u0131ll\u0131k T\u00fcrkiye siyasal geli\u015fmelerini yakinen takip eden her insan, \u201cDemokratik sol-muhalefet\u201d dendi\u011finde, \u00f6ncelikle akla gelen K\u00fcrt Ulusal Hareketine yak\u0131nl\u0131\u011f\u0131yla bilinen Halklar\u0131n [&hellip;]\" \/>\n<meta property=\"og:url\" content=\"https:\/\/akunq.net\/tr\/?p=49836\" \/>\n<meta property=\"og:site_name\" content=\"Bati Ermenistan Ve Bati Ermenileri Sorunlari Ara\u015ftirmalar Merkezi\" \/>\n<meta property=\"article:published_time\" content=\"2018-11-27T09:02:16+00:00\" \/>\n<meta property=\"article:modified_time\" content=\"2018-11-27T09:02:43+00:00\" \/>\n<meta property=\"og:image\" content=\"https:\/\/akunq.net\/tr\/wp-content\/uploads\/sites\/6\/2018\/11\/Soykirim-Karsitlari-Dernegi-1.jpg\" \/>\n\t<meta property=\"og:image:width\" content=\"448\" \/>\n\t<meta property=\"og:image:height\" content=\"336\" \/>\n\t<meta property=\"og:image:type\" content=\"image\/jpeg\" \/>\n<meta name=\"author\" content=\"admin\" \/>\n<meta name=\"twitter:card\" content=\"summary_large_image\" \/>\n<meta name=\"twitter:label1\" content=\"Written by\" \/>\n\t<meta name=\"twitter:data1\" content=\"admin\" \/>\n\t<meta name=\"twitter:label2\" content=\"Est. reading time\" \/>\n\t<meta name=\"twitter:data2\" content=\"41 minutes\" \/>\n<script type=\"application\/ld+json\" class=\"yoast-schema-graph\">{\"@context\":\"https:\\\/\\\/schema.org\",\"@graph\":[{\"@type\":\"Article\",\"@id\":\"https:\\\/\\\/akunq.net\\\/tr\\\/?p=49836#article\",\"isPartOf\":{\"@id\":\"https:\\\/\\\/akunq.net\\\/tr\\\/?p=49836\"},\"author\":{\"name\":\"admin\",\"@id\":\"https:\\\/\\\/akunq.net\\\/tr\\\/#\\\/schema\\\/person\\\/096f1d38a12cce57fb855b485ed24c9e\"},\"headline\":\"Soyk\u0131r\u0131m yaras\u0131n\u0131 sarmak i\u00e7in tarihimizin kanl\u0131 karanl\u0131k sayfalar\u0131 ile y\u00fczle\u015felim! Soyk\u0131r\u0131m\u0131n inkar\u0131na kar\u015f\u0131 el ele verelim, do\u011fru bir \u00e7izgide m\u00fccadele edelim!\",\"datePublished\":\"2018-11-27T09:02:16+00:00\",\"dateModified\":\"2018-11-27T09:02:43+00:00\",\"mainEntityOfPage\":{\"@id\":\"https:\\\/\\\/akunq.net\\\/tr\\\/?p=49836\"},\"wordCount\":8210,\"commentCount\":0,\"image\":{\"@id\":\"https:\\\/\\\/akunq.net\\\/tr\\\/?p=49836#primaryimage\"},\"thumbnailUrl\":\"https:\\\/\\\/akunq.net\\\/tr\\\/wp-content\\\/uploads\\\/sites\\\/6\\\/2018\\\/11\\\/Soykirim-Karsitlari-Dernegi-1.jpg\",\"articleSection\":[\"Ermeni Soyk\u0131r\u0131m\u0131\",\"Haberler\",\"Makaleler\",\"T\u00fcrkiye\u2019de Az\u0131nl\u0131klar\"],\"inLanguage\":\"en-US\",\"potentialAction\":[{\"@type\":\"CommentAction\",\"name\":\"Comment\",\"target\":[\"https:\\\/\\\/akunq.net\\\/tr\\\/?p=49836#respond\"]}]},{\"@type\":\"WebPage\",\"@id\":\"https:\\\/\\\/akunq.net\\\/tr\\\/?p=49836\",\"url\":\"https:\\\/\\\/akunq.net\\\/tr\\\/?p=49836\",\"name\":\"Soyk\u0131r\u0131m yaras\u0131n\u0131 sarmak i\u00e7in tarihimizin kanl\u0131 karanl\u0131k sayfalar\u0131 ile y\u00fczle\u015felim! Soyk\u0131r\u0131m\u0131n inkar\u0131na kar\u015f\u0131 el ele verelim, do\u011fru bir \u00e7izgide m\u00fccadele edelim! - Bati Ermenistan Ve Bati Ermenileri Sorunlari Ara\u015ftirmalar Merkezi\",\"isPartOf\":{\"@id\":\"https:\\\/\\\/akunq.net\\\/tr\\\/#website\"},\"primaryImageOfPage\":{\"@id\":\"https:\\\/\\\/akunq.net\\\/tr\\\/?p=49836#primaryimage\"},\"image\":{\"@id\":\"https:\\\/\\\/akunq.net\\\/tr\\\/?p=49836#primaryimage\"},\"thumbnailUrl\":\"https:\\\/\\\/akunq.net\\\/tr\\\/wp-content\\\/uploads\\\/sites\\\/6\\\/2018\\\/11\\\/Soykirim-Karsitlari-Dernegi-1.jpg\",\"datePublished\":\"2018-11-27T09:02:16+00:00\",\"dateModified\":\"2018-11-27T09:02:43+00:00\",\"author\":{\"@id\":\"https:\\\/\\\/akunq.net\\\/tr\\\/#\\\/schema\\\/person\\\/096f1d38a12cce57fb855b485ed24c9e\"},\"breadcrumb\":{\"@id\":\"https:\\\/\\\/akunq.net\\\/tr\\\/?p=49836#breadcrumb\"},\"inLanguage\":\"en-US\",\"potentialAction\":[{\"@type\":\"ReadAction\",\"target\":[\"https:\\\/\\\/akunq.net\\\/tr\\\/?p=49836\"]}]},{\"@type\":\"ImageObject\",\"inLanguage\":\"en-US\",\"@id\":\"https:\\\/\\\/akunq.net\\\/tr\\\/?p=49836#primaryimage\",\"url\":\"https:\\\/\\\/akunq.net\\\/tr\\\/wp-content\\\/uploads\\\/sites\\\/6\\\/2018\\\/11\\\/Soykirim-Karsitlari-Dernegi-1.jpg\",\"contentUrl\":\"https:\\\/\\\/akunq.net\\\/tr\\\/wp-content\\\/uploads\\\/sites\\\/6\\\/2018\\\/11\\\/Soykirim-Karsitlari-Dernegi-1.jpg\",\"width\":448,\"height\":336},{\"@type\":\"BreadcrumbList\",\"@id\":\"https:\\\/\\\/akunq.net\\\/tr\\\/?p=49836#breadcrumb\",\"itemListElement\":[{\"@type\":\"ListItem\",\"position\":1,\"name\":\"Home\",\"item\":\"https:\\\/\\\/akunq.net\\\/tr\"},{\"@type\":\"ListItem\",\"position\":2,\"name\":\"Soyk\u0131r\u0131m yaras\u0131n\u0131 sarmak i\u00e7in tarihimizin kanl\u0131 karanl\u0131k sayfalar\u0131 ile y\u00fczle\u015felim! Soyk\u0131r\u0131m\u0131n inkar\u0131na kar\u015f\u0131 el ele verelim, do\u011fru bir \u00e7izgide m\u00fccadele edelim!\"}]},{\"@type\":\"WebSite\",\"@id\":\"https:\\\/\\\/akunq.net\\\/tr\\\/#website\",\"url\":\"https:\\\/\\\/akunq.net\\\/tr\\\/\",\"name\":\"Bati Ermenistan Ve Bati Ermenileri Sorunlari Ara\u015ftirmalar Merkezi\",\"description\":\"\",\"potentialAction\":[{\"@type\":\"SearchAction\",\"target\":{\"@type\":\"EntryPoint\",\"urlTemplate\":\"https:\\\/\\\/akunq.net\\\/tr\\\/?s={search_term_string}\"},\"query-input\":{\"@type\":\"PropertyValueSpecification\",\"valueRequired\":true,\"valueName\":\"search_term_string\"}}],\"inLanguage\":\"en-US\"},{\"@type\":\"Person\",\"@id\":\"https:\\\/\\\/akunq.net\\\/tr\\\/#\\\/schema\\\/person\\\/096f1d38a12cce57fb855b485ed24c9e\",\"name\":\"admin\",\"url\":\"https:\\\/\\\/akunq.net\\\/tr\\\/?author=7\"}]}<\/script>\n<!-- \/ Yoast SEO plugin. -->","yoast_head_json":{"title":"Soyk\u0131r\u0131m yaras\u0131n\u0131 sarmak i\u00e7in tarihimizin kanl\u0131 karanl\u0131k sayfalar\u0131 ile y\u00fczle\u015felim! Soyk\u0131r\u0131m\u0131n inkar\u0131na kar\u015f\u0131 el ele verelim, do\u011fru bir \u00e7izgide m\u00fccadele edelim! - Bati Ermenistan Ve Bati Ermenileri Sorunlari Ara\u015ftirmalar Merkezi","robots":{"index":"index","follow":"follow","max-snippet":"max-snippet:-1","max-image-preview":"max-image-preview:large","max-video-preview":"max-video-preview:-1"},"canonical":"https:\/\/akunq.net\/tr\/?p=49836","og_locale":"en_US","og_type":"article","og_title":"Soyk\u0131r\u0131m yaras\u0131n\u0131 sarmak i\u00e7in tarihimizin kanl\u0131 karanl\u0131k sayfalar\u0131 ile y\u00fczle\u015felim! Soyk\u0131r\u0131m\u0131n inkar\u0131na kar\u015f\u0131 el ele verelim, do\u011fru bir \u00e7izgide m\u00fccadele edelim! - Bati Ermenistan Ve Bati Ermenileri Sorunlari Ara\u015ftirmalar Merkezi","og_description":"Ali Ertem \u00d6n A\u00e7\u0131klama A\u015fa\u011f\u0131da bilginize sunmu\u015f oldu\u011fumuz a\u00e7\u0131klama, toplumumuzun inkar edilen \u201ctarihi soyk\u0131r\u0131m ger\u00e7e\u011fi, \u0131rk\u00e7\u0131l\u0131k, antisemitizm\u201d gibi hayati \u00f6neme sahip konular\u0131 \u00fczerine d\u00fc\u015f\u00fcncelerimizi ve m\u00fccadele \u00f6nerilerimizi i\u00e7ermektedir. \u00d6yle tahmin ediyoruz ki, son birka\u00e7 y\u0131ll\u0131k T\u00fcrkiye siyasal geli\u015fmelerini yakinen takip eden her insan, \u201cDemokratik sol-muhalefet\u201d dendi\u011finde, \u00f6ncelikle akla gelen K\u00fcrt Ulusal Hareketine yak\u0131nl\u0131\u011f\u0131yla bilinen Halklar\u0131n [&hellip;]","og_url":"https:\/\/akunq.net\/tr\/?p=49836","og_site_name":"Bati Ermenistan Ve Bati Ermenileri Sorunlari Ara\u015ftirmalar Merkezi","article_published_time":"2018-11-27T09:02:16+00:00","article_modified_time":"2018-11-27T09:02:43+00:00","og_image":[{"width":448,"height":336,"url":"https:\/\/akunq.net\/tr\/wp-content\/uploads\/sites\/6\/2018\/11\/Soykirim-Karsitlari-Dernegi-1.jpg","type":"image\/jpeg"}],"author":"admin","twitter_card":"summary_large_image","twitter_misc":{"Written by":"admin","Est. reading time":"41 minutes"},"schema":{"@context":"https:\/\/schema.org","@graph":[{"@type":"Article","@id":"https:\/\/akunq.net\/tr\/?p=49836#article","isPartOf":{"@id":"https:\/\/akunq.net\/tr\/?p=49836"},"author":{"name":"admin","@id":"https:\/\/akunq.net\/tr\/#\/schema\/person\/096f1d38a12cce57fb855b485ed24c9e"},"headline":"Soyk\u0131r\u0131m yaras\u0131n\u0131 sarmak i\u00e7in tarihimizin kanl\u0131 karanl\u0131k sayfalar\u0131 ile y\u00fczle\u015felim! Soyk\u0131r\u0131m\u0131n inkar\u0131na kar\u015f\u0131 el ele verelim, do\u011fru bir \u00e7izgide m\u00fccadele edelim!","datePublished":"2018-11-27T09:02:16+00:00","dateModified":"2018-11-27T09:02:43+00:00","mainEntityOfPage":{"@id":"https:\/\/akunq.net\/tr\/?p=49836"},"wordCount":8210,"commentCount":0,"image":{"@id":"https:\/\/akunq.net\/tr\/?p=49836#primaryimage"},"thumbnailUrl":"https:\/\/akunq.net\/tr\/wp-content\/uploads\/sites\/6\/2018\/11\/Soykirim-Karsitlari-Dernegi-1.jpg","articleSection":["Ermeni Soyk\u0131r\u0131m\u0131","Haberler","Makaleler","T\u00fcrkiye\u2019de Az\u0131nl\u0131klar"],"inLanguage":"en-US","potentialAction":[{"@type":"CommentAction","name":"Comment","target":["https:\/\/akunq.net\/tr\/?p=49836#respond"]}]},{"@type":"WebPage","@id":"https:\/\/akunq.net\/tr\/?p=49836","url":"https:\/\/akunq.net\/tr\/?p=49836","name":"Soyk\u0131r\u0131m yaras\u0131n\u0131 sarmak i\u00e7in tarihimizin kanl\u0131 karanl\u0131k sayfalar\u0131 ile y\u00fczle\u015felim! Soyk\u0131r\u0131m\u0131n inkar\u0131na kar\u015f\u0131 el ele verelim, do\u011fru bir \u00e7izgide m\u00fccadele edelim! - Bati Ermenistan Ve Bati Ermenileri Sorunlari Ara\u015ftirmalar Merkezi","isPartOf":{"@id":"https:\/\/akunq.net\/tr\/#website"},"primaryImageOfPage":{"@id":"https:\/\/akunq.net\/tr\/?p=49836#primaryimage"},"image":{"@id":"https:\/\/akunq.net\/tr\/?p=49836#primaryimage"},"thumbnailUrl":"https:\/\/akunq.net\/tr\/wp-content\/uploads\/sites\/6\/2018\/11\/Soykirim-Karsitlari-Dernegi-1.jpg","datePublished":"2018-11-27T09:02:16+00:00","dateModified":"2018-11-27T09:02:43+00:00","author":{"@id":"https:\/\/akunq.net\/tr\/#\/schema\/person\/096f1d38a12cce57fb855b485ed24c9e"},"breadcrumb":{"@id":"https:\/\/akunq.net\/tr\/?p=49836#breadcrumb"},"inLanguage":"en-US","potentialAction":[{"@type":"ReadAction","target":["https:\/\/akunq.net\/tr\/?p=49836"]}]},{"@type":"ImageObject","inLanguage":"en-US","@id":"https:\/\/akunq.net\/tr\/?p=49836#primaryimage","url":"https:\/\/akunq.net\/tr\/wp-content\/uploads\/sites\/6\/2018\/11\/Soykirim-Karsitlari-Dernegi-1.jpg","contentUrl":"https:\/\/akunq.net\/tr\/wp-content\/uploads\/sites\/6\/2018\/11\/Soykirim-Karsitlari-Dernegi-1.jpg","width":448,"height":336},{"@type":"BreadcrumbList","@id":"https:\/\/akunq.net\/tr\/?p=49836#breadcrumb","itemListElement":[{"@type":"ListItem","position":1,"name":"Home","item":"https:\/\/akunq.net\/tr"},{"@type":"ListItem","position":2,"name":"Soyk\u0131r\u0131m yaras\u0131n\u0131 sarmak i\u00e7in tarihimizin kanl\u0131 karanl\u0131k sayfalar\u0131 ile y\u00fczle\u015felim! Soyk\u0131r\u0131m\u0131n inkar\u0131na kar\u015f\u0131 el ele verelim, do\u011fru bir \u00e7izgide m\u00fccadele edelim!"}]},{"@type":"WebSite","@id":"https:\/\/akunq.net\/tr\/#website","url":"https:\/\/akunq.net\/tr\/","name":"Bati Ermenistan Ve Bati Ermenileri Sorunlari Ara\u015ftirmalar Merkezi","description":"","potentialAction":[{"@type":"SearchAction","target":{"@type":"EntryPoint","urlTemplate":"https:\/\/akunq.net\/tr\/?s={search_term_string}"},"query-input":{"@type":"PropertyValueSpecification","valueRequired":true,"valueName":"search_term_string"}}],"inLanguage":"en-US"},{"@type":"Person","@id":"https:\/\/akunq.net\/tr\/#\/schema\/person\/096f1d38a12cce57fb855b485ed24c9e","name":"admin","url":"https:\/\/akunq.net\/tr\/?author=7"}]}},"_links":{"self":[{"href":"https:\/\/akunq.net\/tr\/index.php?rest_route=\/wp\/v2\/posts\/49836","targetHints":{"allow":["GET"]}}],"collection":[{"href":"https:\/\/akunq.net\/tr\/index.php?rest_route=\/wp\/v2\/posts"}],"about":[{"href":"https:\/\/akunq.net\/tr\/index.php?rest_route=\/wp\/v2\/types\/post"}],"author":[{"embeddable":true,"href":"https:\/\/akunq.net\/tr\/index.php?rest_route=\/wp\/v2\/users\/7"}],"replies":[{"embeddable":true,"href":"https:\/\/akunq.net\/tr\/index.php?rest_route=%2Fwp%2Fv2%2Fcomments&post=49836"}],"version-history":[{"count":1,"href":"https:\/\/akunq.net\/tr\/index.php?rest_route=\/wp\/v2\/posts\/49836\/revisions"}],"predecessor-version":[{"id":49839,"href":"https:\/\/akunq.net\/tr\/index.php?rest_route=\/wp\/v2\/posts\/49836\/revisions\/49839"}],"wp:featuredmedia":[{"embeddable":true,"href":"https:\/\/akunq.net\/tr\/index.php?rest_route=\/wp\/v2\/media\/49838"}],"wp:attachment":[{"href":"https:\/\/akunq.net\/tr\/index.php?rest_route=%2Fwp%2Fv2%2Fmedia&parent=49836"}],"wp:term":[{"taxonomy":"category","embeddable":true,"href":"https:\/\/akunq.net\/tr\/index.php?rest_route=%2Fwp%2Fv2%2Fcategories&post=49836"},{"taxonomy":"post_tag","embeddable":true,"href":"https:\/\/akunq.net\/tr\/index.php?rest_route=%2Fwp%2Fv2%2Ftags&post=49836"}],"curies":[{"name":"wp","href":"https:\/\/api.w.org\/{rel}","templated":true}]}}