{"id":49678,"date":"2018-11-19T05:04:36","date_gmt":"2018-11-19T10:04:36","guid":{"rendered":"http:\/\/akunq.net\/tr\/?p=49678"},"modified":"2018-11-19T05:04:36","modified_gmt":"2018-11-19T10:04:36","slug":"adina-varlik-vergisi-dediler","status":"publish","type":"post","link":"https:\/\/akunq.net\/tr\/?p=49678","title":{"rendered":"Ad\u0131na Varl\u0131k Vergisi Dediler"},"content":{"rendered":"<p><a href=\"http:\/\/akunq.net\/tr\/?attachment_id=49679\" rel=\"attachment wp-att-49679\"><img loading=\"lazy\" decoding=\"async\" class=\"aligncenter size-full wp-image-49679\" src=\"http:\/\/akunq.net\/tr\/wp-content\/uploads\/2018\/11\/Varl\u0131k-Vergisi-2.jpg\" alt=\"\" width=\"560\" height=\"429\" srcset=\"https:\/\/akunq.net\/tr\/wp-content\/uploads\/sites\/6\/2018\/11\/Varl\u0131k-Vergisi-2.jpg 560w, https:\/\/akunq.net\/tr\/wp-content\/uploads\/sites\/6\/2018\/11\/Varl\u0131k-Vergisi-2-352x270.jpg 352w, https:\/\/akunq.net\/tr\/wp-content\/uploads\/sites\/6\/2018\/11\/Varl\u0131k-Vergisi-2-260x199.jpg 260w, https:\/\/akunq.net\/tr\/wp-content\/uploads\/sites\/6\/2018\/11\/Varl\u0131k-Vergisi-2-160x123.jpg 160w\" sizes=\"auto, (max-width: 560px) 100vw, 560px\" \/><\/a><\/p>\n<p><strong>Yervant \u00d6zuzun<\/strong><\/p>\n<p><strong><em>Asl\u0131nda d\u00f6nemin ideolojisine uygun, Nazilerden esintili bir yasayd\u0131.<\/em><\/strong><\/p>\n<p>Yirmi y\u0131l \u00f6nce, 12 Kas\u0131m 1998 de Varl\u0131k Vergisini yazm\u0131\u015ft\u0131m. Y\u0131l d\u00f6n\u00fcm\u00fcyd\u00fc.<\/p>\n<p>Devlet G\u00fcvenlik Mahkemesi su\u00e7 unsuru buldu.<\/p>\n<p>Yaz\u0131mda vergiden, uygulamadan \u00f6rnekler vermi\u015f, tan\u0131d\u0131\u011f\u0131m bir Yahudi ailesini anlatm\u0131\u015ft\u0131m. Baba Eskenazi var\u0131n\u0131, yo\u011funu satt\u0131\u011f\u0131 halde borcunu \u00f6deyemez. Kalan borcunu kazma, k\u00fcrek \u00e7al\u0131\u015farak \u00f6demesi i\u00e7in A\u015fkale\u2019ye \u00e7al\u0131\u015fma kamplar\u0131na g\u00f6nderilir.<\/p>\n<p>A\u015fkale s\u00fcrg\u00fcnleri \u00f6nce kamplarda toplan\u0131r, oradan asker e\u015fli\u011finde Haydarpa\u015fa\u2019ya sevk edilirdi. \u0130lk kafile 27. Ocak.1943\u2019de hayvan vagonlar\u0131yla yola \u00e7\u0131kar.<\/p>\n<p>O g\u00fcnlerde Kara Trenin A\u015fkale yolcular\u0131n\u0131n tamam\u0131 vergi ma\u011fduru Gayrim\u00fcslimlerdir. \u00dclkem insanlar\u0131n\u0131n binlercesi, ya\u015f\u0131na, ba\u015f\u0131na, sa\u011fl\u0131\u011f\u0131na bak\u0131lmadan, s\u0131rf farkl\u0131 din ve \u0131rktan olduklar\u0131 i\u00e7in (\u00f6nce A\u015fkale sonra Sivrihisar) \u00e7al\u0131\u015fma kamplar\u0131na s\u00fcrg\u00fcn edilirler.<\/p>\n<p>Bu insanlar 1941\u2019in May\u0131s\u2019\u0131nda 20-45 ya\u015f aras\u0131, babadan o\u011fula Amele Taburlar\u0131 denen, 20 kura Naf\u0131a Askerli\u011fine gitmi\u015fler ve Temmuz 1942 de yani d\u00f6rt ay \u00f6nce gelmi\u015flerdi.<\/p>\n<p>Bunlar Cumhuriyetimizin az\u0131nl\u0131k vatanda\u015flar\u0131yd\u0131 ve s\u00f6zde e\u015fit haklara sahiptiler.<\/p>\n<p>Vakti zaman\u0131 geldi\u011finde, ama\u00e7 has\u0131l oldu\u011funda da A\u015fkale\u2019den d\u00f6nerler.<\/p>\n<p>03 Aral\u0131k 1943 tarihinde \u0130n\u00f6n\u00fc, Kahire\u2019de Churchill ve Roosevelt ile g\u00f6r\u00fc\u015fecekti. A\u015fkale s\u00fcrg\u00fcn\u00fcn\u00fc sona erdirmenin zaman\u0131 gelmi\u015fti. Ve toplant\u0131dan \u00f6nce, 17 Aral\u0131k 1943\u2019te s\u00fcrg\u00fcn sona erer.<\/p>\n<p>Dadalo\u011flu\u2019nun s\u00f6yledi\u011fi gibi \u201c\u00d6len \u00f6l\u00fcr kalan sa\u011flar bizimdir.\u201d Ve kalanlar geri d\u00f6ner. Gelenlerin kimi gurbet ellere savrulur, kimi de hayata yeniden tutunur.<\/p>\n<p>Eskenazi de d\u00f6ner. D\u00f6ner ama ev yok, i\u015f yok, a\u015f yok, elde, avu\u00e7ta bir \u015fey yok; ya\u015f yetmi\u015fi ge\u00e7mi\u015f, \u00e7aresizdir. Zor g\u00fcnler ge\u00e7irir.<\/p>\n<p>Sat\u0131\u015fa \u00e7\u0131kan d\u00fckkan\u0131n\u0131 hara\u00e7, mezat sat\u0131n alan, \u00fclkemin asli unsur vatanda\u015f\u0131, i\u015fyerinden eski kom\u015fusudur, durumuna \u00fcz\u00fcl\u00fcr. \u201cGel burada \u00e7al\u0131\u015f.\u201d der.<\/p>\n<p>Art\u0131k kendi d\u00fckkan\u0131nda ay sonunu getiremeyen, ge\u00e7im derdinde bir ya\u015fl\u0131d\u0131r.<\/p>\n<p>Ve bir sabah \u00dcsk\u00fcdar vapuruyla Emin\u00f6n\u00fc\u2019ne gelirken ya\u015fam\u0131 son bulur.<\/p>\n<p>Yaz\u0131m\u0131 \u201cVarl\u0131k Vergisi: Ermeni, Rum ve Yahudilerin ba\u015f\u0131na gelen yukar\u0131daki \u00f6rne\u011fin binlerce benzeriydi.Fa\u015fizan bir zihniyet taraf\u0131ndan uygulanan fa\u015fist bir vergi yasas\u0131yd\u0131\u201d diye tan\u0131mlam\u0131\u015ft\u0131m.<\/p>\n<p>Varl\u0131k Vergisi d\u00f6neminde \u0130n\u00f6n\u00fc Cumhurba\u015fkan\u0131, \u015e\u00fckr\u00fc Sara\u00e7o\u011flu Ba\u015fbakand\u0131, yasa 11 Kas\u0131m 1942\u2019de TBMM\u2019de kabul edilir, 12 Kas\u0131m\u2019da y\u00fcr\u00fcrl\u00fc\u011fe girer.<\/p>\n<p>O d\u00f6nemi, Atilla \u0130lhan \u015f\u00f6yle tan\u0131ml\u0131yor: \u201cAvrupa\u2019da etkisini \u015fiddetle art\u0131ran Nazili\u011fin ve fa\u015fistli\u011fin \u0130n\u00f6n\u00fc d\u00f6nemini etkiledi\u011fi Sara\u00e7o\u011flu\u2019ndan ba\u015flayarak da y\u00fczeysel bat\u0131c\u0131 fa\u015fizan bir dikta uygulamas\u0131na ge\u00e7ildi\u011fi meydandad\u0131r.\u201d(Bilgi Yay\u0131nlar\u0131 \u201cHangi Atat\u00fcrk\u201d kitab\u0131 s.44)<\/p>\n<p>Esasen, Varl\u0131k Vergisi de o d\u00f6nemin ideolojisine uygun, bir vergi uygulamayd\u0131.<\/p>\n<p>\u00c7a\u011fr\u0131lan g\u00fcn DGM\u2019ye gittim. Soru\u015fturma savc\u0131s\u0131 rutin sorulardan sonra \u201cBu yaz\u0131y\u0131 neden yazd\u0131n\u0131z?\u201d diye sordu.<\/p>\n<p>Yan\u0131t\u0131mda: Varl\u0131k Vergisi uygulamas\u0131nda, vatanda\u015flar\u0131n gelirlerine ve mal varl\u0131klar\u0131na g\u00f6re de\u011fil, \u0131rk, din ve mezhep esas\u0131na g\u00f6re gruplara ayr\u0131ld\u0131\u011f\u0131n\u0131,vergicili\u011fin ve hukukun temel ilkelerine ayk\u0131r\u0131, ay\u0131pl\u0131, \u0131rk\u00e7\u0131 bir vergi oldu\u011funu,hedef kitlenin Anadolu ve Trakya\u2019dan s\u00fcr\u00fcld\u00fckten sonra \u0130stanbul\u2019da kalan \u2018Gayrim\u00fcslimler\u2019 oldu\u011funu anlatt\u0131m.<\/p>\n<p>Y\u0131l d\u00f6n\u00fcm\u00fcnde Varl\u0131k Vergisini ele\u015ftirmek i\u00e7in yazd\u0131\u011f\u0131m\u0131 s\u00f6yledim.<\/p>\n<p>S\u00f6ze girdi: \u201cBenim dedem Yemen Sava\u015f\u0131na gitmi\u015f bir daha gelmemi\u015f. Bizim dedelerimiz \u015fehit d\u00fc\u015ferken sizin dedeleriniz karaborsac\u0131l\u0131k yap\u0131yordu\u201d dedi.<\/p>\n<p>Ve \u00f6n\u00fcndeki dosyayla ilgilenmeye ba\u015flad\u0131.<\/p>\n<p>Biraz duraksad\u0131m, devam ettim: \u201cKaraborsac\u0131 dedi\u011finiz o insanlar, s\u00f6z\u00fcn\u00fc etti\u011finiz tarihlerde t\u00fcm \u00fclke sath\u0131nda, ta\u015f\u0131n\u0131r ta\u015f\u0131nmaz, her \u015feylerini, binlerce okul ve kiliselerini ganimet olarak b\u0131rak\u0131p \u00f6l\u00fcm yollar\u0131na s\u00fcr\u00fclen bu topraklar\u0131n insanlar\u0131yd\u0131. Bu vergi ma\u011fdurlar\u0131 da onlar\u0131n sa\u011f kalabilen \u00e7ocuklar\u0131, torunlar\u0131. \u0130smini ta\u015f\u0131d\u0131\u011f\u0131m dedem de seferberlikte asker olur, Sar\u0131kam\u0131\u015f\u2019a gitti\u011fi \u00f6\u011frenilir, o da bir daha geri gelmez. Y\u00fczlerce y\u0131l s\u00fcren Yemen Sava\u015f\u0131 da Sar\u0131kam\u0131\u015f Sava\u015f\u0131 da asl\u0131nda sava\u015f de\u011fil dramd\u0131, faciayd\u0131\u201d dedim.<\/p>\n<p>\u201cGidebilirsiniz\u201d dedi.<\/p>\n<p>\u0130ddianameye g\u00f6re TCK 312\/2-3\u2019ye g\u00f6re Halk\u0131 \u0131rk ve b\u00f6lge farkl\u0131l\u0131\u011f\u0131 g\u00f6zeterek kin ve d\u00fc\u015fmanl\u0131\u011fa a\u00e7\u0131k\u00e7a tahrik etmekle su\u00e7land\u0131\u011f\u0131m\u0131 \u00f6\u011frendim.<\/p>\n<p>Yasaya g\u00f6re M\u00fcsl\u00fcmanlar (M), Gayrim\u00fcslimler (G), D\u00f6nmeler-sonradan M\u00fcsl\u00fcman olanlar- (D), Ecnebiler-yabanc\u0131lar- (E) olarak \u0131rk, din, mezhep ayr\u0131m\u0131 yap\u0131larak listelenmi\u015f, ayr\u0131 ayr\u0131 oranlarda vergilendirilmi\u015flerdi. Az\u0131nl\u0131klar\u0131n okul, hastane, yetimhane, huzurevi ve dini kurumlar\u0131 da bu vergi kapsam\u0131na al\u0131nm\u0131\u015ft\u0131.<\/p>\n<p>Savunmamda da s\u00f6yledi\u011fim gibi, asl\u0131nda bu iddianame bana ve benim yazd\u0131klar\u0131ma de\u011fil Varl\u0131k Vergisinin ruhuna ve uygulayanlara daha uygundu.<\/p>\n<p>Varl\u0131k Vergisinin en yetkin ismi \u0130stanbul Defterdar\u0131 Faik \u00d6kte bak\u0131n ne diyor:<\/p>\n<p>\u201cAlman mektebinden su i\u00e7en Varl\u0131k Vergisinde \u015foven milliyet\u00e7ili\u011fin, \u0131rk\u00e7\u0131l\u0131\u011f\u0131n damgas\u0131 vard\u0131r.\u201d<\/p>\n<p>\u201cBen kendi hesab\u0131ma bu mevzuda devletim vakar ve haysiyetine vurulan bu darbe dolay\u0131s\u0131yla ba\u015fta Ba\u015fbakan olmak \u00fczere hepimizin toptan y\u00fcce divana sevk edilmeyi\u015fimize hala hayret ederim. (\u2026) Yan yana iki d\u00fckk\u00e2nda \u00e7al\u0131\u015fan, ayn\u0131 kiray\u0131 veren, ayn\u0131 istidatta olan M\u00fcslim ve gayrim\u00fcslim iki vatanda\u015fa tarh etti\u011fimiz vergilerin aras\u0131ndaki \u00f6l\u00e7\u00fcs\u00fcz fark verginin ilan\u0131 g\u00fcn\u00fc foyam\u0131z\u0131 meydana vurmu\u015ftu\u201d. (Varl\u0131k Vergisi Facias\u0131 s.39-211)<\/p>\n<p>Sonu\u00e7ta Varl\u0131k Vergisi amac\u0131na ula\u015fm\u0131\u015ft\u0131. Bu topraklarda \u00f6nce onlar vard\u0131. K\u00f6k salm\u0131\u015flard\u0131, topra\u011f\u0131yla, insan\u0131yla harman olmu\u015flard\u0131. G\u00f6n\u00fcl ba\u011flar\u0131 de\u011fil ama aidiyet ba\u011flar\u0131 kopart\u0131ld\u0131. Y\u00fczlerce y\u0131ll\u0131k, k\u00fclt\u00fcr, sanat, meslek birikimleriyle d\u00fcnyan\u0131n d\u00f6rt bir yana savruldular.<\/p>\n<p>Hangi \u0131rktan, hangi inan\u00e7tan, hangi co\u011frafyada olursa olsun ayr\u0131mc\u0131l\u0131\u011fa maruz kalan, yurtlar\u0131ndan olan t\u00fcm mazlumlar\u0131 sayg\u0131yla an\u0131yorum.<\/p>\n<p><strong><em>https:\/\/hyetert.org\/2018\/11\/17\/adina-varlik-vergisi-dediler\/\u00a0<\/em><\/strong><\/p>\n","protected":false},"excerpt":{"rendered":"<p>Yervant \u00d6zuzun Asl\u0131nda d\u00f6nemin ideolojisine uygun, Nazilerden esintili bir yasayd\u0131. Yirmi y\u0131l \u00f6nce, 12 Kas\u0131m 1998 de Varl\u0131k Vergisini yazm\u0131\u015ft\u0131m. Y\u0131l d\u00f6n\u00fcm\u00fcyd\u00fc. Devlet G\u00fcvenlik Mahkemesi su\u00e7 unsuru buldu. Yaz\u0131mda vergiden, uygulamadan \u00f6rnekler vermi\u015f, tan\u0131d\u0131\u011f\u0131m bir Yahudi ailesini anlatm\u0131\u015ft\u0131m. Baba Eskenazi var\u0131n\u0131, yo\u011funu satt\u0131\u011f\u0131 halde borcunu \u00f6deyemez. Kalan borcunu kazma, k\u00fcrek \u00e7al\u0131\u015farak \u00f6demesi i\u00e7in A\u015fkale\u2019ye \u00e7al\u0131\u015fma [&hellip;]<\/p>\n","protected":false},"author":7,"featured_media":49680,"comment_status":"open","ping_status":"open","sticky":false,"template":"","format":"standard","meta":{"footnotes":""},"categories":[1,70,20,53],"tags":[],"class_list":["post-49678","post","type-post","status-publish","format-standard","has-post-thumbnail","hentry","category-haberler","category-makaleler","category-tarih-sayfalari","category-turkiyede-azinliklar"],"yoast_head":"<!-- This site is optimized with the Yoast SEO plugin v27.4 - https:\/\/yoast.com\/product\/yoast-seo-wordpress\/ -->\n<title>Ad\u0131na Varl\u0131k Vergisi Dediler - Bati Ermenistan Ve Bati Ermenileri Sorunlari Ara\u015ftirmalar Merkezi<\/title>\n<meta name=\"robots\" content=\"index, follow, max-snippet:-1, max-image-preview:large, max-video-preview:-1\" \/>\n<link rel=\"canonical\" href=\"https:\/\/akunq.net\/tr\/?p=49678\" \/>\n<meta property=\"og:locale\" content=\"en_US\" \/>\n<meta property=\"og:type\" content=\"article\" \/>\n<meta property=\"og:title\" content=\"Ad\u0131na Varl\u0131k Vergisi Dediler - Bati Ermenistan Ve Bati Ermenileri Sorunlari Ara\u015ftirmalar Merkezi\" \/>\n<meta property=\"og:description\" content=\"Yervant \u00d6zuzun Asl\u0131nda d\u00f6nemin ideolojisine uygun, Nazilerden esintili bir yasayd\u0131. Yirmi y\u0131l \u00f6nce, 12 Kas\u0131m 1998 de Varl\u0131k Vergisini yazm\u0131\u015ft\u0131m. Y\u0131l d\u00f6n\u00fcm\u00fcyd\u00fc. Devlet G\u00fcvenlik Mahkemesi su\u00e7 unsuru buldu. Yaz\u0131mda vergiden, uygulamadan \u00f6rnekler vermi\u015f, tan\u0131d\u0131\u011f\u0131m bir Yahudi ailesini anlatm\u0131\u015ft\u0131m. Baba Eskenazi var\u0131n\u0131, yo\u011funu satt\u0131\u011f\u0131 halde borcunu \u00f6deyemez. Kalan borcunu kazma, k\u00fcrek \u00e7al\u0131\u015farak \u00f6demesi i\u00e7in A\u015fkale\u2019ye \u00e7al\u0131\u015fma [&hellip;]\" \/>\n<meta property=\"og:url\" content=\"https:\/\/akunq.net\/tr\/?p=49678\" \/>\n<meta property=\"og:site_name\" content=\"Bati Ermenistan Ve Bati Ermenileri Sorunlari Ara\u015ftirmalar Merkezi\" \/>\n<meta property=\"article:published_time\" content=\"2018-11-19T10:04:36+00:00\" \/>\n<meta property=\"og:image\" content=\"https:\/\/akunq.net\/tr\/wp-content\/uploads\/sites\/6\/2018\/11\/Varl\u0131k-Vergisi-3.jpg\" \/>\n\t<meta property=\"og:image:width\" content=\"560\" \/>\n\t<meta property=\"og:image:height\" content=\"429\" \/>\n\t<meta property=\"og:image:type\" content=\"image\/jpeg\" \/>\n<meta name=\"author\" content=\"admin\" \/>\n<meta name=\"twitter:card\" content=\"summary_large_image\" \/>\n<meta name=\"twitter:label1\" content=\"Written by\" \/>\n\t<meta name=\"twitter:data1\" content=\"admin\" \/>\n\t<meta name=\"twitter:label2\" content=\"Est. reading time\" \/>\n\t<meta name=\"twitter:data2\" content=\"5 minutes\" \/>\n<script type=\"application\/ld+json\" class=\"yoast-schema-graph\">{\"@context\":\"https:\\\/\\\/schema.org\",\"@graph\":[{\"@type\":\"Article\",\"@id\":\"https:\\\/\\\/akunq.net\\\/tr\\\/?p=49678#article\",\"isPartOf\":{\"@id\":\"https:\\\/\\\/akunq.net\\\/tr\\\/?p=49678\"},\"author\":{\"name\":\"admin\",\"@id\":\"https:\\\/\\\/akunq.net\\\/tr\\\/#\\\/schema\\\/person\\\/096f1d38a12cce57fb855b485ed24c9e\"},\"headline\":\"Ad\u0131na Varl\u0131k Vergisi Dediler\",\"datePublished\":\"2018-11-19T10:04:36+00:00\",\"mainEntityOfPage\":{\"@id\":\"https:\\\/\\\/akunq.net\\\/tr\\\/?p=49678\"},\"wordCount\":1077,\"commentCount\":0,\"image\":{\"@id\":\"https:\\\/\\\/akunq.net\\\/tr\\\/?p=49678#primaryimage\"},\"thumbnailUrl\":\"https:\\\/\\\/akunq.net\\\/tr\\\/wp-content\\\/uploads\\\/sites\\\/6\\\/2018\\\/11\\\/Varl\u0131k-Vergisi-3.jpg\",\"articleSection\":[\"Haberler\",\"Makaleler\",\"Tarih Sayfalar\u0131\",\"T\u00fcrkiye\u2019de Az\u0131nl\u0131klar\"],\"inLanguage\":\"en-US\",\"potentialAction\":[{\"@type\":\"CommentAction\",\"name\":\"Comment\",\"target\":[\"https:\\\/\\\/akunq.net\\\/tr\\\/?p=49678#respond\"]}]},{\"@type\":\"WebPage\",\"@id\":\"https:\\\/\\\/akunq.net\\\/tr\\\/?p=49678\",\"url\":\"https:\\\/\\\/akunq.net\\\/tr\\\/?p=49678\",\"name\":\"Ad\u0131na Varl\u0131k Vergisi Dediler - Bati Ermenistan Ve Bati Ermenileri Sorunlari Ara\u015ftirmalar Merkezi\",\"isPartOf\":{\"@id\":\"https:\\\/\\\/akunq.net\\\/tr\\\/#website\"},\"primaryImageOfPage\":{\"@id\":\"https:\\\/\\\/akunq.net\\\/tr\\\/?p=49678#primaryimage\"},\"image\":{\"@id\":\"https:\\\/\\\/akunq.net\\\/tr\\\/?p=49678#primaryimage\"},\"thumbnailUrl\":\"https:\\\/\\\/akunq.net\\\/tr\\\/wp-content\\\/uploads\\\/sites\\\/6\\\/2018\\\/11\\\/Varl\u0131k-Vergisi-3.jpg\",\"datePublished\":\"2018-11-19T10:04:36+00:00\",\"author\":{\"@id\":\"https:\\\/\\\/akunq.net\\\/tr\\\/#\\\/schema\\\/person\\\/096f1d38a12cce57fb855b485ed24c9e\"},\"breadcrumb\":{\"@id\":\"https:\\\/\\\/akunq.net\\\/tr\\\/?p=49678#breadcrumb\"},\"inLanguage\":\"en-US\",\"potentialAction\":[{\"@type\":\"ReadAction\",\"target\":[\"https:\\\/\\\/akunq.net\\\/tr\\\/?p=49678\"]}]},{\"@type\":\"ImageObject\",\"inLanguage\":\"en-US\",\"@id\":\"https:\\\/\\\/akunq.net\\\/tr\\\/?p=49678#primaryimage\",\"url\":\"https:\\\/\\\/akunq.net\\\/tr\\\/wp-content\\\/uploads\\\/sites\\\/6\\\/2018\\\/11\\\/Varl\u0131k-Vergisi-3.jpg\",\"contentUrl\":\"https:\\\/\\\/akunq.net\\\/tr\\\/wp-content\\\/uploads\\\/sites\\\/6\\\/2018\\\/11\\\/Varl\u0131k-Vergisi-3.jpg\",\"width\":560,\"height\":429},{\"@type\":\"BreadcrumbList\",\"@id\":\"https:\\\/\\\/akunq.net\\\/tr\\\/?p=49678#breadcrumb\",\"itemListElement\":[{\"@type\":\"ListItem\",\"position\":1,\"name\":\"Home\",\"item\":\"https:\\\/\\\/akunq.net\\\/tr\"},{\"@type\":\"ListItem\",\"position\":2,\"name\":\"Ad\u0131na Varl\u0131k Vergisi Dediler\"}]},{\"@type\":\"WebSite\",\"@id\":\"https:\\\/\\\/akunq.net\\\/tr\\\/#website\",\"url\":\"https:\\\/\\\/akunq.net\\\/tr\\\/\",\"name\":\"Bati Ermenistan Ve Bati Ermenileri Sorunlari Ara\u015ftirmalar Merkezi\",\"description\":\"\",\"potentialAction\":[{\"@type\":\"SearchAction\",\"target\":{\"@type\":\"EntryPoint\",\"urlTemplate\":\"https:\\\/\\\/akunq.net\\\/tr\\\/?s={search_term_string}\"},\"query-input\":{\"@type\":\"PropertyValueSpecification\",\"valueRequired\":true,\"valueName\":\"search_term_string\"}}],\"inLanguage\":\"en-US\"},{\"@type\":\"Person\",\"@id\":\"https:\\\/\\\/akunq.net\\\/tr\\\/#\\\/schema\\\/person\\\/096f1d38a12cce57fb855b485ed24c9e\",\"name\":\"admin\",\"url\":\"https:\\\/\\\/akunq.net\\\/tr\\\/?author=7\"}]}<\/script>\n<!-- \/ Yoast SEO plugin. -->","yoast_head_json":{"title":"Ad\u0131na Varl\u0131k Vergisi Dediler - Bati Ermenistan Ve Bati Ermenileri Sorunlari Ara\u015ftirmalar Merkezi","robots":{"index":"index","follow":"follow","max-snippet":"max-snippet:-1","max-image-preview":"max-image-preview:large","max-video-preview":"max-video-preview:-1"},"canonical":"https:\/\/akunq.net\/tr\/?p=49678","og_locale":"en_US","og_type":"article","og_title":"Ad\u0131na Varl\u0131k Vergisi Dediler - Bati Ermenistan Ve Bati Ermenileri Sorunlari Ara\u015ftirmalar Merkezi","og_description":"Yervant \u00d6zuzun Asl\u0131nda d\u00f6nemin ideolojisine uygun, Nazilerden esintili bir yasayd\u0131. Yirmi y\u0131l \u00f6nce, 12 Kas\u0131m 1998 de Varl\u0131k Vergisini yazm\u0131\u015ft\u0131m. Y\u0131l d\u00f6n\u00fcm\u00fcyd\u00fc. Devlet G\u00fcvenlik Mahkemesi su\u00e7 unsuru buldu. Yaz\u0131mda vergiden, uygulamadan \u00f6rnekler vermi\u015f, tan\u0131d\u0131\u011f\u0131m bir Yahudi ailesini anlatm\u0131\u015ft\u0131m. Baba Eskenazi var\u0131n\u0131, yo\u011funu satt\u0131\u011f\u0131 halde borcunu \u00f6deyemez. Kalan borcunu kazma, k\u00fcrek \u00e7al\u0131\u015farak \u00f6demesi i\u00e7in A\u015fkale\u2019ye \u00e7al\u0131\u015fma [&hellip;]","og_url":"https:\/\/akunq.net\/tr\/?p=49678","og_site_name":"Bati Ermenistan Ve Bati Ermenileri Sorunlari Ara\u015ftirmalar Merkezi","article_published_time":"2018-11-19T10:04:36+00:00","og_image":[{"width":560,"height":429,"url":"https:\/\/akunq.net\/tr\/wp-content\/uploads\/sites\/6\/2018\/11\/Varl\u0131k-Vergisi-3.jpg","type":"image\/jpeg"}],"author":"admin","twitter_card":"summary_large_image","twitter_misc":{"Written by":"admin","Est. reading time":"5 minutes"},"schema":{"@context":"https:\/\/schema.org","@graph":[{"@type":"Article","@id":"https:\/\/akunq.net\/tr\/?p=49678#article","isPartOf":{"@id":"https:\/\/akunq.net\/tr\/?p=49678"},"author":{"name":"admin","@id":"https:\/\/akunq.net\/tr\/#\/schema\/person\/096f1d38a12cce57fb855b485ed24c9e"},"headline":"Ad\u0131na Varl\u0131k Vergisi Dediler","datePublished":"2018-11-19T10:04:36+00:00","mainEntityOfPage":{"@id":"https:\/\/akunq.net\/tr\/?p=49678"},"wordCount":1077,"commentCount":0,"image":{"@id":"https:\/\/akunq.net\/tr\/?p=49678#primaryimage"},"thumbnailUrl":"https:\/\/akunq.net\/tr\/wp-content\/uploads\/sites\/6\/2018\/11\/Varl\u0131k-Vergisi-3.jpg","articleSection":["Haberler","Makaleler","Tarih Sayfalar\u0131","T\u00fcrkiye\u2019de Az\u0131nl\u0131klar"],"inLanguage":"en-US","potentialAction":[{"@type":"CommentAction","name":"Comment","target":["https:\/\/akunq.net\/tr\/?p=49678#respond"]}]},{"@type":"WebPage","@id":"https:\/\/akunq.net\/tr\/?p=49678","url":"https:\/\/akunq.net\/tr\/?p=49678","name":"Ad\u0131na Varl\u0131k Vergisi Dediler - Bati Ermenistan Ve Bati Ermenileri Sorunlari Ara\u015ftirmalar Merkezi","isPartOf":{"@id":"https:\/\/akunq.net\/tr\/#website"},"primaryImageOfPage":{"@id":"https:\/\/akunq.net\/tr\/?p=49678#primaryimage"},"image":{"@id":"https:\/\/akunq.net\/tr\/?p=49678#primaryimage"},"thumbnailUrl":"https:\/\/akunq.net\/tr\/wp-content\/uploads\/sites\/6\/2018\/11\/Varl\u0131k-Vergisi-3.jpg","datePublished":"2018-11-19T10:04:36+00:00","author":{"@id":"https:\/\/akunq.net\/tr\/#\/schema\/person\/096f1d38a12cce57fb855b485ed24c9e"},"breadcrumb":{"@id":"https:\/\/akunq.net\/tr\/?p=49678#breadcrumb"},"inLanguage":"en-US","potentialAction":[{"@type":"ReadAction","target":["https:\/\/akunq.net\/tr\/?p=49678"]}]},{"@type":"ImageObject","inLanguage":"en-US","@id":"https:\/\/akunq.net\/tr\/?p=49678#primaryimage","url":"https:\/\/akunq.net\/tr\/wp-content\/uploads\/sites\/6\/2018\/11\/Varl\u0131k-Vergisi-3.jpg","contentUrl":"https:\/\/akunq.net\/tr\/wp-content\/uploads\/sites\/6\/2018\/11\/Varl\u0131k-Vergisi-3.jpg","width":560,"height":429},{"@type":"BreadcrumbList","@id":"https:\/\/akunq.net\/tr\/?p=49678#breadcrumb","itemListElement":[{"@type":"ListItem","position":1,"name":"Home","item":"https:\/\/akunq.net\/tr"},{"@type":"ListItem","position":2,"name":"Ad\u0131na Varl\u0131k Vergisi Dediler"}]},{"@type":"WebSite","@id":"https:\/\/akunq.net\/tr\/#website","url":"https:\/\/akunq.net\/tr\/","name":"Bati Ermenistan Ve Bati Ermenileri Sorunlari Ara\u015ftirmalar Merkezi","description":"","potentialAction":[{"@type":"SearchAction","target":{"@type":"EntryPoint","urlTemplate":"https:\/\/akunq.net\/tr\/?s={search_term_string}"},"query-input":{"@type":"PropertyValueSpecification","valueRequired":true,"valueName":"search_term_string"}}],"inLanguage":"en-US"},{"@type":"Person","@id":"https:\/\/akunq.net\/tr\/#\/schema\/person\/096f1d38a12cce57fb855b485ed24c9e","name":"admin","url":"https:\/\/akunq.net\/tr\/?author=7"}]}},"_links":{"self":[{"href":"https:\/\/akunq.net\/tr\/index.php?rest_route=\/wp\/v2\/posts\/49678","targetHints":{"allow":["GET"]}}],"collection":[{"href":"https:\/\/akunq.net\/tr\/index.php?rest_route=\/wp\/v2\/posts"}],"about":[{"href":"https:\/\/akunq.net\/tr\/index.php?rest_route=\/wp\/v2\/types\/post"}],"author":[{"embeddable":true,"href":"https:\/\/akunq.net\/tr\/index.php?rest_route=\/wp\/v2\/users\/7"}],"replies":[{"embeddable":true,"href":"https:\/\/akunq.net\/tr\/index.php?rest_route=%2Fwp%2Fv2%2Fcomments&post=49678"}],"version-history":[{"count":1,"href":"https:\/\/akunq.net\/tr\/index.php?rest_route=\/wp\/v2\/posts\/49678\/revisions"}],"predecessor-version":[{"id":49681,"href":"https:\/\/akunq.net\/tr\/index.php?rest_route=\/wp\/v2\/posts\/49678\/revisions\/49681"}],"wp:featuredmedia":[{"embeddable":true,"href":"https:\/\/akunq.net\/tr\/index.php?rest_route=\/wp\/v2\/media\/49680"}],"wp:attachment":[{"href":"https:\/\/akunq.net\/tr\/index.php?rest_route=%2Fwp%2Fv2%2Fmedia&parent=49678"}],"wp:term":[{"taxonomy":"category","embeddable":true,"href":"https:\/\/akunq.net\/tr\/index.php?rest_route=%2Fwp%2Fv2%2Fcategories&post=49678"},{"taxonomy":"post_tag","embeddable":true,"href":"https:\/\/akunq.net\/tr\/index.php?rest_route=%2Fwp%2Fv2%2Ftags&post=49678"}],"curies":[{"name":"wp","href":"https:\/\/api.w.org\/{rel}","templated":true}]}}