{"id":49632,"date":"2018-11-16T02:53:22","date_gmt":"2018-11-16T07:53:22","guid":{"rendered":"http:\/\/akunq.net\/tr\/?p=49632"},"modified":"2018-11-16T02:53:22","modified_gmt":"2018-11-16T07:53:22","slug":"zor-gecmislerle-yuzlesme-varlik-vergisinin-dusundurdukleri","status":"publish","type":"post","link":"https:\/\/akunq.net\/tr\/?p=49632","title":{"rendered":"Zor Ge\u00e7mi\u015flerle Y\u00fczle\u015fme Varl\u0131k Vergisinin D\u00fc\u015f\u00fcnd\u00fcrd\u00fckleri"},"content":{"rendered":"<p><a href=\"http:\/\/akunq.net\/tr\/?attachment_id=49633\" rel=\"attachment wp-att-49633\"><img loading=\"lazy\" decoding=\"async\" class=\"aligncenter size-full wp-image-49633\" src=\"http:\/\/akunq.net\/tr\/wp-content\/uploads\/2018\/11\/Mois-GABAY.jpg\" alt=\"\" width=\"140\" height=\"215\" \/><\/a><\/p>\n<p><a href=\"http:\/\/www.salom.com.tr\/authordetails.asp?id=265\"><strong>Mois GABAY<\/strong><\/a><\/p>\n<p><strong><em>Tarih, \u00e7evremizi saran ve bizi i\u015fgal eden bug\u00fcn\u00fcn sorunlar\u0131 hatta kayg\u0131lar\u0131 ve s\u0131k\u0131nt\u0131lar\u0131 ad\u0131na ge\u00e7mi\u015f zamanlar\u0131n s\u00fcrekli sorgulanmas\u0131ndan ba\u015fka bir \u015fey de\u011fildir.<\/em><\/strong><\/p>\n<p>Ge\u00e7mi\u015fte var olmu\u015f olmak, varl\u0131\u011f\u0131n\u0131 bug\u00fcn de s\u00fcrd\u00fcrmenin bir ko\u015fuludur.\u201d Akdeniz (Tarih, Mek\u00e2nlar, \u0130nsanlar ve Miras) kitab\u0131n\u0131n \u00f6ns\u00f6z\u00fcne Fernand Braudel bu s\u00f6zlerle ba\u015flar. Annales Okulunun temsilcilerinden, hayat\u0131n\u0131n be\u015f y\u0131l\u0131n\u0131 Nazilere esir d\u00fc\u015ferek ge\u00e7irmi\u015f tarih\u00e7i Braudel, tarihin merkezinde insan oldu\u011funu ve de\u011fi\u015fimleri dert edinmi\u015f bir s\u00fcreci inceleme g\u00f6revini de ancak tarihin \u00fcstlenebilece\u011fini bizlere vurgulamak ister. Bug\u00fcn belki de toplumsal bir bar\u0131\u015f\u0131n ger\u00e7ekle\u015febilmesi i\u00e7in eksik olan en \u00f6nemli olgu, ya\u015fad\u0131\u011f\u0131m\u0131z t\u00fcm ac\u0131larla y\u00fczle\u015fmemiz, vicdani de\u011ferler ve empati ile birlikte bunlar\u0131 senin benim demeden sahiplenebilmemizle m\u00fcmk\u00fcnd\u00fcr. Bizler hem ele\u015ftirip hem y\u00fczle\u015fmekle hem de gurur duyman\u0131n ayn\u0131 anda farkl\u0131 olaylarla m\u00fcmk\u00fcn oldu\u011funu g\u00f6rmezden geldik\u00e7e kendimizce yaratt\u0131\u011f\u0131m\u0131z o ho\u015fg\u00f6r\u00fc, mozaik masallar\u0131n\u0131n i\u00e7inde her ge\u00e7en g\u00fcn tekd\u00fczele\u015fip, eriyip gitti\u011fimizin fark\u0131nda bile olamayaca\u011f\u0131z.<\/p>\n<p>Ge\u00e7ti\u011fimiz hafta sonu \u00c7an, Ezan, Hazan\u2019\u0131n \u015fehri Antakya\u2019da bir yandan sosyal medyadan Sunay Ak\u0131n\u2019\u0131n bizlere hat\u0131rlatt\u0131\u011f\u0131 \u201cAtat\u00fcrk\u2019\u00fcn cenazesi ve d\u00fc\u011fme\u201d hik\u00e2yesini gururla okurken, i\u00e7imde karmakar\u0131\u015f\u0131k duygularla iki bini a\u015fk\u0131n y\u0131ld\u0131r burada var olan ancak g\u00fcn\u00fcm\u00fczde sadece 14 Yahudi\u2019si kalm\u0131\u015f \u015fehrin sokaklar\u0131n\u0131 turlad\u0131m. 2300 y\u0131ld\u0131r kesintisiz Antakya\u2019da ya\u015fam\u0131\u015f karde\u015flerimiz ile tan\u0131\u015fmak, say\u0131lar\u0131 azald\u0131k\u00e7a ya\u015fad\u0131klar\u0131 s\u0131k\u0131nt\u0131lar\u0131 \u00f6\u011frenmek ve sokaklarda y\u00fcr\u00fcrken mezuza izlerinin oldu\u011fu evlere dokunmak i\u00e7imde tarifi zor bir h\u00fcz\u00fcn yaratt\u0131. T\u0131pk\u0131 Varl\u0131k Vergisi yasas\u0131n\u0131n y\u00fcr\u00fcrl\u00fc\u011fe kondu\u011fu zaman ya\u015fananlar gibi as\u0131l kaybedenin hepimiz oldu\u011funu bir kez daha g\u00f6zlemledim. Nitekim Varl\u0131k Vergisi\u2019ni uygulamaya koyanlar da y\u00fczy\u0131llard\u0131r ayn\u0131 mahalle de bar\u0131\u015f i\u00e7in de ya\u015fayanlar da benim \u00fclkemin insanlar\u0131yd\u0131. T\u00fcrkiye\u2019nin \u201cson\u201d Ermeni k\u00f6y\u00fc Vak\u0131fl\u0131\u2019da ya\u015fanan dostluk da, 1915\u2019in y\u00fczle\u015femedi\u011fimiz ger\u00e7ekleri de bizim \u00fclkemizin ayd\u0131nl\u0131k ve karanl\u0131k y\u00fczleri de\u011fil mi? \u0130nsan\u0131n bu topraklar\u0131 hakk\u0131 ile ke\u015ffettik\u00e7e isyan edesi geliyor. Ke\u015fke bu topraklar\u0131n asli unsurlar\u0131n\u0131 ya\u015fatt\u0131\u011f\u0131m\u0131z ortak ac\u0131lar ile sessizli\u011fe g\u00f6mmeyip, ortak bir gelece\u011fi in\u015fa edebilseydik.<\/p>\n<p>Bug\u00fcn e\u011fer \u0130stanbul\u2019un bir\u00e7ok semtinde, o \u00e7ok k\u00fclt\u00fcrl\u00fcl\u00fc\u011f\u00fcn nas\u0131l sonland\u0131\u011f\u0131n\u0131 anlamay\u0131 arzu ediyorsak Varl\u0131k Vergisi\u2019nin nas\u0131l bir ortamda ortaya \u00e7\u0131kt\u0131\u011f\u0131 ve sonu\u00e7lar\u0131n\u0131 \u00f6\u011frenip gelecekte benzerlerinin bir daha ya\u015fanmamas\u0131 i\u00e7in nas\u0131l vicdanl\u0131 gen\u00e7lik yeti\u015ftirmemizin gereklili\u011fini hep beraber d\u00fc\u015f\u00fcnmemiz gerekir. Toplumsal travmalara yol a\u00e7an, kamu vicdan\u0131n\u0131 yaralayan olaylar bir daha ya\u015fanmas\u0131n diye yeni nesillere en do\u011fru \u015fekilde nas\u0131l aktar\u0131l\u0131r? Zor sorularla nas\u0131l ba\u015f edilir? Bu sorunun Yahudi toplumu i\u00e7in cevab\u0131 ne \u00e7o\u011fu medyan\u0131n her g\u00fcn \u00e7arp\u0131k \u00e7urpuk ve tarafl\u0131 \u0130srail haberleriyle s\u00fcsledi\u011fi antisemitizmde ne de belle\u011fimize \u201cYahudiler zengindir\u201d gibi i\u015flenmi\u015f \u00f6nyarg\u0131larda gizlidir. Bizler e\u011fer bir yandan Holokost d\u00f6neminde Yahudileri kurtaran Selahattin \u00dclk\u00fcmen gibi vicdanl\u0131 insanlar\u0131 anlat\u0131rken, ya\u015fanan s\u0131k\u0131nt\u0131lardan tek kelime bile s\u00f6z etmezsek kendi tarihimizi reddetmi\u015f oluruz. Tarihi hep kazananlar\u0131n yazd\u0131\u011f\u0131 bir iklimde ya\u015fananlar\u0131 tek bir ideolojinin \u00f6ng\u00f6r\u00fcs\u00fcnde tek y\u00f6nl\u00fc bir okuma ile anlamaya \u00e7al\u0131\u015fmak bizi ileri g\u00f6t\u00fcrmeyecektir.<\/p>\n<p>Ayd\u0131nl\u0131k pe\u015finde ko\u015fup karanl\u0131\u011f\u0131 g\u00f6rmezden gelmek ve onu yok saymak onu g\u00fc\u00e7lendirmekten ba\u015fka i\u015fe yaramayacakt\u0131r. Bireyin kendini tan\u0131mas\u0131 ve kendi ile objektif olarak y\u00fczle\u015fmesi ancak kendi g\u00f6lgesini de varsay\u0131p onu da ki\u015fili\u011finin bir par\u00e7as\u0131 olarak kabul etmesi ile olur. Z\u0131tl\u0131klar ile b\u00fct\u00fcnle\u015fmek bireyin g\u00f6revidir. Bu \u015fekilde sembolik cehenneme ini\u015f fayda sa\u011flayacakt\u0131r. Kaybedilen hazine yani b\u00fct\u00fcnl\u00fck bilin\u00e7 ve bilin\u00e7d\u0131\u015f\u0131nda sa\u011flanacakt\u0131r.<\/p>\n<p>Kepenk ya\u011flayan Yahudi\u2019nin ya\u011fc\u0131, iki kavanoz akide \u015fekeri satan bakkal\u0131n pastaneci diye not edilip, elde avu\u00e7ta ne varsa satt\u0131r\u0131l\u0131p, \u00f6deyemeyenlerin A\u015fkale\u2019ye g\u00f6nderildi\u011fi, zor \u015fartlar neticesinde kiminin hayat\u0131n\u0131 kaybedip, \u00e7o\u011funun da bir daha asla eski haline d\u00f6nemedi\u011fi, demografik yap\u0131m\u0131z\u0131 geri d\u00f6n\u00fclmeyecek \u015fekilde de\u011fi\u015ftiren o karanl\u0131k g\u00fcnleri anarken, zor zamanlarda vicdan\u0131n sesini dinleyebilenlerin de bu \u00fclkenin insanlar\u0131 oldu\u011funu unutmadan, ge\u00e7mi\u015fimizle y\u00fczle\u015febildi\u011fimiz ayd\u0131nl\u0131k bir gelecek dilekleriyle\u2026<\/p>\n<p><a href=\"http:\/\/www.salom.com.tr\/koseyazisi-108665-zor_gecmislerle_yuzlesme__varlik_vergisinin__dusundurdukleri.html\"><strong><em>http:\/\/www.salom.com.tr\/\/koseyazisi-108665-zor_gecmislerle_yuzlesme__varlik_vergisinin__dusundurdukleri.html<\/em><\/strong><\/a><\/p>\n","protected":false},"excerpt":{"rendered":"<p>Mois GABAY Tarih, \u00e7evremizi saran ve bizi i\u015fgal eden bug\u00fcn\u00fcn sorunlar\u0131 hatta kayg\u0131lar\u0131 ve s\u0131k\u0131nt\u0131lar\u0131 ad\u0131na ge\u00e7mi\u015f zamanlar\u0131n s\u00fcrekli sorgulanmas\u0131ndan ba\u015fka bir \u015fey de\u011fildir. Ge\u00e7mi\u015fte var olmu\u015f olmak, varl\u0131\u011f\u0131n\u0131 bug\u00fcn de s\u00fcrd\u00fcrmenin bir ko\u015fuludur.\u201d Akdeniz (Tarih, Mek\u00e2nlar, \u0130nsanlar ve Miras) kitab\u0131n\u0131n \u00f6ns\u00f6z\u00fcne Fernand Braudel bu s\u00f6zlerle ba\u015flar. Annales Okulunun temsilcilerinden, hayat\u0131n\u0131n be\u015f y\u0131l\u0131n\u0131 Nazilere esir [&hellip;]<\/p>\n","protected":false},"author":7,"featured_media":49634,"comment_status":"open","ping_status":"open","sticky":false,"template":"","format":"standard","meta":{"footnotes":""},"categories":[1,70,20,53],"tags":[],"class_list":["post-49632","post","type-post","status-publish","format-standard","has-post-thumbnail","hentry","category-haberler","category-makaleler","category-tarih-sayfalari","category-turkiyede-azinliklar"],"yoast_head":"<!-- This site is optimized with the Yoast SEO plugin v27.4 - https:\/\/yoast.com\/product\/yoast-seo-wordpress\/ -->\n<title>Zor Ge\u00e7mi\u015flerle Y\u00fczle\u015fme Varl\u0131k Vergisinin D\u00fc\u015f\u00fcnd\u00fcrd\u00fckleri - Bati Ermenistan Ve Bati Ermenileri Sorunlari Ara\u015ftirmalar Merkezi<\/title>\n<meta name=\"robots\" content=\"index, follow, max-snippet:-1, max-image-preview:large, max-video-preview:-1\" \/>\n<link rel=\"canonical\" href=\"https:\/\/akunq.net\/tr\/?p=49632\" \/>\n<meta property=\"og:locale\" content=\"en_US\" \/>\n<meta property=\"og:type\" content=\"article\" \/>\n<meta property=\"og:title\" content=\"Zor Ge\u00e7mi\u015flerle Y\u00fczle\u015fme Varl\u0131k Vergisinin D\u00fc\u015f\u00fcnd\u00fcrd\u00fckleri - Bati Ermenistan Ve Bati Ermenileri Sorunlari Ara\u015ftirmalar Merkezi\" \/>\n<meta property=\"og:description\" content=\"Mois GABAY Tarih, \u00e7evremizi saran ve bizi i\u015fgal eden bug\u00fcn\u00fcn sorunlar\u0131 hatta kayg\u0131lar\u0131 ve s\u0131k\u0131nt\u0131lar\u0131 ad\u0131na ge\u00e7mi\u015f zamanlar\u0131n s\u00fcrekli sorgulanmas\u0131ndan ba\u015fka bir \u015fey de\u011fildir. Ge\u00e7mi\u015fte var olmu\u015f olmak, varl\u0131\u011f\u0131n\u0131 bug\u00fcn de s\u00fcrd\u00fcrmenin bir ko\u015fuludur.\u201d Akdeniz (Tarih, Mek\u00e2nlar, \u0130nsanlar ve Miras) kitab\u0131n\u0131n \u00f6ns\u00f6z\u00fcne Fernand Braudel bu s\u00f6zlerle ba\u015flar. Annales Okulunun temsilcilerinden, hayat\u0131n\u0131n be\u015f y\u0131l\u0131n\u0131 Nazilere esir [&hellip;]\" \/>\n<meta property=\"og:url\" content=\"https:\/\/akunq.net\/tr\/?p=49632\" \/>\n<meta property=\"og:site_name\" content=\"Bati Ermenistan Ve Bati Ermenileri Sorunlari Ara\u015ftirmalar Merkezi\" \/>\n<meta property=\"article:published_time\" content=\"2018-11-16T07:53:22+00:00\" \/>\n<meta property=\"og:image\" content=\"https:\/\/akunq.net\/tr\/wp-content\/uploads\/sites\/6\/2018\/11\/Mois-GABAY-1.jpg\" \/>\n\t<meta property=\"og:image:width\" content=\"140\" \/>\n\t<meta property=\"og:image:height\" content=\"215\" \/>\n\t<meta property=\"og:image:type\" content=\"image\/jpeg\" \/>\n<meta name=\"author\" content=\"admin\" \/>\n<meta name=\"twitter:card\" content=\"summary_large_image\" \/>\n<meta name=\"twitter:label1\" content=\"Written by\" \/>\n\t<meta name=\"twitter:data1\" content=\"admin\" \/>\n\t<meta name=\"twitter:label2\" content=\"Est. reading time\" \/>\n\t<meta name=\"twitter:data2\" content=\"4 minutes\" \/>\n<script type=\"application\/ld+json\" class=\"yoast-schema-graph\">{\"@context\":\"https:\\\/\\\/schema.org\",\"@graph\":[{\"@type\":\"Article\",\"@id\":\"https:\\\/\\\/akunq.net\\\/tr\\\/?p=49632#article\",\"isPartOf\":{\"@id\":\"https:\\\/\\\/akunq.net\\\/tr\\\/?p=49632\"},\"author\":{\"name\":\"admin\",\"@id\":\"https:\\\/\\\/akunq.net\\\/tr\\\/#\\\/schema\\\/person\\\/096f1d38a12cce57fb855b485ed24c9e\"},\"headline\":\"Zor Ge\u00e7mi\u015flerle Y\u00fczle\u015fme Varl\u0131k Vergisinin D\u00fc\u015f\u00fcnd\u00fcrd\u00fckleri\",\"datePublished\":\"2018-11-16T07:53:22+00:00\",\"mainEntityOfPage\":{\"@id\":\"https:\\\/\\\/akunq.net\\\/tr\\\/?p=49632\"},\"wordCount\":868,\"commentCount\":0,\"image\":{\"@id\":\"https:\\\/\\\/akunq.net\\\/tr\\\/?p=49632#primaryimage\"},\"thumbnailUrl\":\"https:\\\/\\\/akunq.net\\\/tr\\\/wp-content\\\/uploads\\\/sites\\\/6\\\/2018\\\/11\\\/Mois-GABAY-1.jpg\",\"articleSection\":[\"Haberler\",\"Makaleler\",\"Tarih Sayfalar\u0131\",\"T\u00fcrkiye\u2019de Az\u0131nl\u0131klar\"],\"inLanguage\":\"en-US\",\"potentialAction\":[{\"@type\":\"CommentAction\",\"name\":\"Comment\",\"target\":[\"https:\\\/\\\/akunq.net\\\/tr\\\/?p=49632#respond\"]}]},{\"@type\":\"WebPage\",\"@id\":\"https:\\\/\\\/akunq.net\\\/tr\\\/?p=49632\",\"url\":\"https:\\\/\\\/akunq.net\\\/tr\\\/?p=49632\",\"name\":\"Zor Ge\u00e7mi\u015flerle Y\u00fczle\u015fme Varl\u0131k Vergisinin D\u00fc\u015f\u00fcnd\u00fcrd\u00fckleri - Bati Ermenistan Ve Bati Ermenileri Sorunlari Ara\u015ftirmalar Merkezi\",\"isPartOf\":{\"@id\":\"https:\\\/\\\/akunq.net\\\/tr\\\/#website\"},\"primaryImageOfPage\":{\"@id\":\"https:\\\/\\\/akunq.net\\\/tr\\\/?p=49632#primaryimage\"},\"image\":{\"@id\":\"https:\\\/\\\/akunq.net\\\/tr\\\/?p=49632#primaryimage\"},\"thumbnailUrl\":\"https:\\\/\\\/akunq.net\\\/tr\\\/wp-content\\\/uploads\\\/sites\\\/6\\\/2018\\\/11\\\/Mois-GABAY-1.jpg\",\"datePublished\":\"2018-11-16T07:53:22+00:00\",\"author\":{\"@id\":\"https:\\\/\\\/akunq.net\\\/tr\\\/#\\\/schema\\\/person\\\/096f1d38a12cce57fb855b485ed24c9e\"},\"breadcrumb\":{\"@id\":\"https:\\\/\\\/akunq.net\\\/tr\\\/?p=49632#breadcrumb\"},\"inLanguage\":\"en-US\",\"potentialAction\":[{\"@type\":\"ReadAction\",\"target\":[\"https:\\\/\\\/akunq.net\\\/tr\\\/?p=49632\"]}]},{\"@type\":\"ImageObject\",\"inLanguage\":\"en-US\",\"@id\":\"https:\\\/\\\/akunq.net\\\/tr\\\/?p=49632#primaryimage\",\"url\":\"https:\\\/\\\/akunq.net\\\/tr\\\/wp-content\\\/uploads\\\/sites\\\/6\\\/2018\\\/11\\\/Mois-GABAY-1.jpg\",\"contentUrl\":\"https:\\\/\\\/akunq.net\\\/tr\\\/wp-content\\\/uploads\\\/sites\\\/6\\\/2018\\\/11\\\/Mois-GABAY-1.jpg\",\"width\":140,\"height\":215},{\"@type\":\"BreadcrumbList\",\"@id\":\"https:\\\/\\\/akunq.net\\\/tr\\\/?p=49632#breadcrumb\",\"itemListElement\":[{\"@type\":\"ListItem\",\"position\":1,\"name\":\"Home\",\"item\":\"https:\\\/\\\/akunq.net\\\/tr\"},{\"@type\":\"ListItem\",\"position\":2,\"name\":\"Zor Ge\u00e7mi\u015flerle Y\u00fczle\u015fme Varl\u0131k Vergisinin D\u00fc\u015f\u00fcnd\u00fcrd\u00fckleri\"}]},{\"@type\":\"WebSite\",\"@id\":\"https:\\\/\\\/akunq.net\\\/tr\\\/#website\",\"url\":\"https:\\\/\\\/akunq.net\\\/tr\\\/\",\"name\":\"Bati Ermenistan Ve Bati Ermenileri Sorunlari Ara\u015ftirmalar Merkezi\",\"description\":\"\",\"potentialAction\":[{\"@type\":\"SearchAction\",\"target\":{\"@type\":\"EntryPoint\",\"urlTemplate\":\"https:\\\/\\\/akunq.net\\\/tr\\\/?s={search_term_string}\"},\"query-input\":{\"@type\":\"PropertyValueSpecification\",\"valueRequired\":true,\"valueName\":\"search_term_string\"}}],\"inLanguage\":\"en-US\"},{\"@type\":\"Person\",\"@id\":\"https:\\\/\\\/akunq.net\\\/tr\\\/#\\\/schema\\\/person\\\/096f1d38a12cce57fb855b485ed24c9e\",\"name\":\"admin\",\"url\":\"https:\\\/\\\/akunq.net\\\/tr\\\/?author=7\"}]}<\/script>\n<!-- \/ Yoast SEO plugin. -->","yoast_head_json":{"title":"Zor Ge\u00e7mi\u015flerle Y\u00fczle\u015fme Varl\u0131k Vergisinin D\u00fc\u015f\u00fcnd\u00fcrd\u00fckleri - Bati Ermenistan Ve Bati Ermenileri Sorunlari Ara\u015ftirmalar Merkezi","robots":{"index":"index","follow":"follow","max-snippet":"max-snippet:-1","max-image-preview":"max-image-preview:large","max-video-preview":"max-video-preview:-1"},"canonical":"https:\/\/akunq.net\/tr\/?p=49632","og_locale":"en_US","og_type":"article","og_title":"Zor Ge\u00e7mi\u015flerle Y\u00fczle\u015fme Varl\u0131k Vergisinin D\u00fc\u015f\u00fcnd\u00fcrd\u00fckleri - Bati Ermenistan Ve Bati Ermenileri Sorunlari Ara\u015ftirmalar Merkezi","og_description":"Mois GABAY Tarih, \u00e7evremizi saran ve bizi i\u015fgal eden bug\u00fcn\u00fcn sorunlar\u0131 hatta kayg\u0131lar\u0131 ve s\u0131k\u0131nt\u0131lar\u0131 ad\u0131na ge\u00e7mi\u015f zamanlar\u0131n s\u00fcrekli sorgulanmas\u0131ndan ba\u015fka bir \u015fey de\u011fildir. Ge\u00e7mi\u015fte var olmu\u015f olmak, varl\u0131\u011f\u0131n\u0131 bug\u00fcn de s\u00fcrd\u00fcrmenin bir ko\u015fuludur.\u201d Akdeniz (Tarih, Mek\u00e2nlar, \u0130nsanlar ve Miras) kitab\u0131n\u0131n \u00f6ns\u00f6z\u00fcne Fernand Braudel bu s\u00f6zlerle ba\u015flar. Annales Okulunun temsilcilerinden, hayat\u0131n\u0131n be\u015f y\u0131l\u0131n\u0131 Nazilere esir [&hellip;]","og_url":"https:\/\/akunq.net\/tr\/?p=49632","og_site_name":"Bati Ermenistan Ve Bati Ermenileri Sorunlari Ara\u015ftirmalar Merkezi","article_published_time":"2018-11-16T07:53:22+00:00","og_image":[{"width":140,"height":215,"url":"https:\/\/akunq.net\/tr\/wp-content\/uploads\/sites\/6\/2018\/11\/Mois-GABAY-1.jpg","type":"image\/jpeg"}],"author":"admin","twitter_card":"summary_large_image","twitter_misc":{"Written by":"admin","Est. reading time":"4 minutes"},"schema":{"@context":"https:\/\/schema.org","@graph":[{"@type":"Article","@id":"https:\/\/akunq.net\/tr\/?p=49632#article","isPartOf":{"@id":"https:\/\/akunq.net\/tr\/?p=49632"},"author":{"name":"admin","@id":"https:\/\/akunq.net\/tr\/#\/schema\/person\/096f1d38a12cce57fb855b485ed24c9e"},"headline":"Zor Ge\u00e7mi\u015flerle Y\u00fczle\u015fme Varl\u0131k Vergisinin D\u00fc\u015f\u00fcnd\u00fcrd\u00fckleri","datePublished":"2018-11-16T07:53:22+00:00","mainEntityOfPage":{"@id":"https:\/\/akunq.net\/tr\/?p=49632"},"wordCount":868,"commentCount":0,"image":{"@id":"https:\/\/akunq.net\/tr\/?p=49632#primaryimage"},"thumbnailUrl":"https:\/\/akunq.net\/tr\/wp-content\/uploads\/sites\/6\/2018\/11\/Mois-GABAY-1.jpg","articleSection":["Haberler","Makaleler","Tarih Sayfalar\u0131","T\u00fcrkiye\u2019de Az\u0131nl\u0131klar"],"inLanguage":"en-US","potentialAction":[{"@type":"CommentAction","name":"Comment","target":["https:\/\/akunq.net\/tr\/?p=49632#respond"]}]},{"@type":"WebPage","@id":"https:\/\/akunq.net\/tr\/?p=49632","url":"https:\/\/akunq.net\/tr\/?p=49632","name":"Zor Ge\u00e7mi\u015flerle Y\u00fczle\u015fme Varl\u0131k Vergisinin D\u00fc\u015f\u00fcnd\u00fcrd\u00fckleri - Bati Ermenistan Ve Bati Ermenileri Sorunlari Ara\u015ftirmalar Merkezi","isPartOf":{"@id":"https:\/\/akunq.net\/tr\/#website"},"primaryImageOfPage":{"@id":"https:\/\/akunq.net\/tr\/?p=49632#primaryimage"},"image":{"@id":"https:\/\/akunq.net\/tr\/?p=49632#primaryimage"},"thumbnailUrl":"https:\/\/akunq.net\/tr\/wp-content\/uploads\/sites\/6\/2018\/11\/Mois-GABAY-1.jpg","datePublished":"2018-11-16T07:53:22+00:00","author":{"@id":"https:\/\/akunq.net\/tr\/#\/schema\/person\/096f1d38a12cce57fb855b485ed24c9e"},"breadcrumb":{"@id":"https:\/\/akunq.net\/tr\/?p=49632#breadcrumb"},"inLanguage":"en-US","potentialAction":[{"@type":"ReadAction","target":["https:\/\/akunq.net\/tr\/?p=49632"]}]},{"@type":"ImageObject","inLanguage":"en-US","@id":"https:\/\/akunq.net\/tr\/?p=49632#primaryimage","url":"https:\/\/akunq.net\/tr\/wp-content\/uploads\/sites\/6\/2018\/11\/Mois-GABAY-1.jpg","contentUrl":"https:\/\/akunq.net\/tr\/wp-content\/uploads\/sites\/6\/2018\/11\/Mois-GABAY-1.jpg","width":140,"height":215},{"@type":"BreadcrumbList","@id":"https:\/\/akunq.net\/tr\/?p=49632#breadcrumb","itemListElement":[{"@type":"ListItem","position":1,"name":"Home","item":"https:\/\/akunq.net\/tr"},{"@type":"ListItem","position":2,"name":"Zor Ge\u00e7mi\u015flerle Y\u00fczle\u015fme Varl\u0131k Vergisinin D\u00fc\u015f\u00fcnd\u00fcrd\u00fckleri"}]},{"@type":"WebSite","@id":"https:\/\/akunq.net\/tr\/#website","url":"https:\/\/akunq.net\/tr\/","name":"Bati Ermenistan Ve Bati Ermenileri Sorunlari Ara\u015ftirmalar Merkezi","description":"","potentialAction":[{"@type":"SearchAction","target":{"@type":"EntryPoint","urlTemplate":"https:\/\/akunq.net\/tr\/?s={search_term_string}"},"query-input":{"@type":"PropertyValueSpecification","valueRequired":true,"valueName":"search_term_string"}}],"inLanguage":"en-US"},{"@type":"Person","@id":"https:\/\/akunq.net\/tr\/#\/schema\/person\/096f1d38a12cce57fb855b485ed24c9e","name":"admin","url":"https:\/\/akunq.net\/tr\/?author=7"}]}},"_links":{"self":[{"href":"https:\/\/akunq.net\/tr\/index.php?rest_route=\/wp\/v2\/posts\/49632","targetHints":{"allow":["GET"]}}],"collection":[{"href":"https:\/\/akunq.net\/tr\/index.php?rest_route=\/wp\/v2\/posts"}],"about":[{"href":"https:\/\/akunq.net\/tr\/index.php?rest_route=\/wp\/v2\/types\/post"}],"author":[{"embeddable":true,"href":"https:\/\/akunq.net\/tr\/index.php?rest_route=\/wp\/v2\/users\/7"}],"replies":[{"embeddable":true,"href":"https:\/\/akunq.net\/tr\/index.php?rest_route=%2Fwp%2Fv2%2Fcomments&post=49632"}],"version-history":[{"count":1,"href":"https:\/\/akunq.net\/tr\/index.php?rest_route=\/wp\/v2\/posts\/49632\/revisions"}],"predecessor-version":[{"id":49635,"href":"https:\/\/akunq.net\/tr\/index.php?rest_route=\/wp\/v2\/posts\/49632\/revisions\/49635"}],"wp:featuredmedia":[{"embeddable":true,"href":"https:\/\/akunq.net\/tr\/index.php?rest_route=\/wp\/v2\/media\/49634"}],"wp:attachment":[{"href":"https:\/\/akunq.net\/tr\/index.php?rest_route=%2Fwp%2Fv2%2Fmedia&parent=49632"}],"wp:term":[{"taxonomy":"category","embeddable":true,"href":"https:\/\/akunq.net\/tr\/index.php?rest_route=%2Fwp%2Fv2%2Fcategories&post=49632"},{"taxonomy":"post_tag","embeddable":true,"href":"https:\/\/akunq.net\/tr\/index.php?rest_route=%2Fwp%2Fv2%2Ftags&post=49632"}],"curies":[{"name":"wp","href":"https:\/\/api.w.org\/{rel}","templated":true}]}}