{"id":49511,"date":"2018-11-09T02:19:37","date_gmt":"2018-11-09T07:19:37","guid":{"rendered":"http:\/\/akunq.net\/tr\/?p=49511"},"modified":"2018-11-09T02:19:37","modified_gmt":"2018-11-09T07:19:37","slug":"yetim-kalmis-bir-yetimhane-sessiz-kalan-206-oda","status":"publish","type":"post","link":"https:\/\/akunq.net\/tr\/?p=49511","title":{"rendered":"Yetim kalm\u0131\u015f bir yetimhane, sessiz kalan 206 oda"},"content":{"rendered":"<header class=\"post-header cf\">\n<h1 class=\"post-title\"><a href=\"http:\/\/akunq.net\/tr\/?attachment_id=49512\" rel=\"attachment wp-att-49512\"><img loading=\"lazy\" decoding=\"async\" class=\"aligncenter size-full wp-image-49512\" src=\"http:\/\/akunq.net\/tr\/wp-content\/uploads\/2018\/11\/1berge-photo-206-odali-sessizlik-sergi-1.jpg\" alt=\"\" width=\"702\" height=\"467\" srcset=\"https:\/\/akunq.net\/tr\/wp-content\/uploads\/sites\/6\/2018\/11\/1berge-photo-206-odali-sessizlik-sergi-1.jpg 702w, https:\/\/akunq.net\/tr\/wp-content\/uploads\/sites\/6\/2018\/11\/1berge-photo-206-odali-sessizlik-sergi-1-360x239.jpg 360w, https:\/\/akunq.net\/tr\/wp-content\/uploads\/sites\/6\/2018\/11\/1berge-photo-206-odali-sessizlik-sergi-1-560x373.jpg 560w, https:\/\/akunq.net\/tr\/wp-content\/uploads\/sites\/6\/2018\/11\/1berge-photo-206-odali-sessizlik-sergi-1-260x173.jpg 260w, https:\/\/akunq.net\/tr\/wp-content\/uploads\/sites\/6\/2018\/11\/1berge-photo-206-odali-sessizlik-sergi-1-160x106.jpg 160w\" sizes=\"auto, (max-width: 702px) 100vw, 702px\" \/><\/a><\/h1>\n<\/header>\n<div class=\"post-meta\"><span class=\"posted-by\"><span class=\"reviewer\"><a title=\"Vartan Estukyan\" href=\"http:\/\/www.agos.com.tr\/tr\/yazar\/25\/vartan-estukyan\" rel=\"author\">Vartan Estukyan<\/a><\/span>\u00a0<\/span><\/div>\n<div class=\"post-container cf\">\n<div class=\"post-content-right\">\n<div class=\"post-content description \">\n<blockquote>\n<h4>Galata Rum Okulu, bug\u00fcnlerde B\u00fcy\u00fckada\u2019daki Rum Yetimhanesi\u2019ni konu alan bir sergiye ev sahipli\u011fi yap\u0131yor. \u2018206 Odal\u0131 Sessizlik\u2019 ad\u0131n\u0131 ta\u015f\u0131yan sergide Hera B\u00fcy\u00fckta\u015f\u00e7\u0131yan, Ali Kazma, Dilek Winchester ve Murat Germen\u2019in eserleri sergileniyor. B\u00fcy\u00fckta\u015f\u0131yan, serginin k\u00fcrat\u00f6rl\u00fc\u011f\u00fcn\u00fc de \u00fcstleniyor.<\/h4>\n<\/blockquote>\n<p>\u2018206 Odal\u0131 Sessizlik\u2019in en etkileyici \u00f6zelliklerinden biri, uzun zamand\u0131r i\u015flevini s\u00fcrd\u00fcremeyen bir Rum yetimhanesinin, yine uzun s\u00fcredir devletin elinde olan ancak 2012\u2019de Rum toplumuna iade edilen ve o g\u00fcnden bu yana k\u00fclt\u00fcrel etkinliklere ev sahipli\u011fi yapan bir Rum okulunda sergilenmesi. Binan\u0131n ilk kat\u0131nda, yetimhanenin eski foto\u011fraflar\u0131, okulda kullan\u0131lan bir kazan ve iki kep\u00e7e, okulun 1977 y\u0131l\u0131na ait baz\u0131 belgeleri sergileniyor. Bu belgeler, okul s\u0131ralar\u0131n\u0131n ve masalar\u0131n \u00fczerine yerle\u015ftirilmi\u015f.<\/p>\n<p>Serginin ikinci kat\u0131nda yetimhanenin tarihi, kronolojik olarak, foto\u011fraflarla birlikte anlat\u0131l\u0131yor; 6-7 Eyl\u00fcl 1955 Pogromu, 1964 K\u0131br\u0131s Olaylar\u0131 gibi badirelerin okulu nas\u0131l etkiledi\u011fine dair metinler yer al\u0131yor. \u00dc\u00e7\u00fcnc\u00fc katta ise bir video enstalasyonuyla yetimhanenin sessizli\u011fine tan\u0131kl\u0131k ediyoruz. Ali Kazma\u2019n\u0131n foto\u011fraflar\u0131yla y\u0131k\u0131m\u0131 g\u00f6r\u00fcyor, videolar\u0131yla kap\u0131 g\u0131c\u0131rt\u0131lar\u0131 ve ku\u015f sesleri e\u015fli\u011finde yetimhanenin yetim kalm\u0131\u015fl\u0131\u011f\u0131n\u0131 i\u015fitiyoruz. Bu \u00fcrpertici g\u00f6r\u00fcnt\u00fclerin ard\u0131ndan, bir \u00fcst katta Hera B\u00fcy\u00fckta\u015f\u00e7\u0131yan\u2019\u0131n i\u015fi olan asimetrik, ah\u015fap basamaklarla kar\u015f\u0131la\u015f\u0131yoruz.<\/p>\n<p>10 Kas\u0131m\u2019a dek ziyarete a\u00e7\u0131k olan sergi, Ali Kazma\u2019n\u0131n ifadesiyle, \u201cyetim kalm\u0131\u015f bir yetimhane\u201dyi neredeyse t\u00fcm ayr\u0131nt\u0131lar\u0131yla izleyiciye sunuyor.<\/p>\n<blockquote>\n<h3>Yetimhanenin kurulu\u015fu<\/h3>\n<p>Patrik IV. Yermanos\u2019un \u00e7abalar\u0131yla a\u00e7\u0131lan \u0130stanbul\u2019daki ilk Rum yetimhanesi, Bal\u0131kl\u0131 Rum Hastanesi\u2019nin \u00e7at\u0131s\u0131 alt\u0131nda kurulmu\u015f. 1894\u2019te meydana gelen depremde binan\u0131n a\u011f\u0131r hasar almas\u0131yla yetimler, hastanenin arkas\u0131nda yer alan ve k\u00f6t\u00fc ko\u015fullar\u0131 nedeniyle \u2018Ton Psillon\u2019 [Perilerin Yeri] olarak adland\u0131r\u0131lan eski bir binaya nakledilmi\u015f. D\u00f6nemin Rum toplumunun \u00f6nde gelen isimlerinden Andrea Signos, \u00e7ocuklar\u0131n ma\u011fduriyetini gidermek i\u00e7in yeni bir yetimhane in\u015fa etmek istemi\u015f ama ani \u00f6l\u00fcm\u00fc bu iste\u011fini hayata ge\u00e7irmesine engel olmu\u015f. Vefat\u0131ndan \u00f6nce yetimhane in\u015fas\u0131 i\u00e7in y\u00fckl\u00fc bir mebla\u011f b\u0131rakan Signos\u2019un tek \u015fart\u0131, binan\u0131n hastaneden m\u00fcmk\u00fcn oldu\u011funca uzakta in\u015fa edilmesi olmu\u015f.<\/p>\n<h3>6-7 Eyl\u00fcl Pogromu<\/h3>\n<p>Okul, yetimhane mezunlar\u0131ndan Vaso Kokkof\u2019un anlatt\u0131klar\u0131na g\u00f6re 6-7 Eyl\u00fcl Pogromu\u2019nu ucuz atlatm\u0131\u015f. Kalabal\u0131k bir grup ellerinde me\u015falelerle okula yakla\u015fm\u0131\u015f, bunu g\u00f6ren 13 ya\u015f\u0131ndaki Hurmuzis Tzimulakis adl\u0131 \u00f6\u011frencii eline bir T\u00fcrk bayra\u011f\u0131 al\u0131p grubun \u00f6n\u00fcne ge\u00e7mi\u015f. G\u00fcruh, bayra\u011f\u0131 g\u00f6r\u00fcnce geri \u00e7ekilmi\u015f ve okul, 6-7 Eyl\u00fcl\u2019\u00fc kazas\u0131z atlatm\u0131\u015f.<\/p>\n<h3>1964 K\u0131br\u0131s Olaylar\u0131<\/h3>\n<p>Sergide, yetimhanenin 1964\u2019teki olaylardan nas\u0131l etkilendi\u011fi \u015fu s\u00f6zlerle \u00f6zetlenmi\u015f: \u201cCemaati saran tehlikenin yetimhaneye ula\u015fmas\u0131 uzun s\u00fcrmez. 20 Nisan 1964 tarihinde resm\u00ee makamlarca g\u00f6nderilen bir talimat ile \u2018\u00e7aml\u0131k b\u00f6lgede yang\u0131na sebep olabilece\u011fi\u2019 \u00f6ne s\u00fcr\u00fclerek binan\u0131n iki g\u00fcn i\u00e7erisinde tahliye edilmesi istenir. Yap\u0131lan itirazlar, okulu y\u0131k\u0131p ta\u015f bir bina in\u015fa etme y\u00f6n\u00fcndeki \u00f6neriler sonucu de\u011fi\u015ftirmez ve (kaynaklara g\u00f6re 1903 ila 1956\u2019ya kadar 5744 \u00e7ocu\u011fun bar\u0131nd\u0131\u011f\u0131) yetimhanenin kap\u0131s\u0131na kilit vurulur. Bu iki g\u00fcn ise okulda \u00e7al\u0131\u015fanlar ve \u00f6\u011frenciler i\u00e7in b\u00fcy\u00fck bir seferberli\u011fe d\u00f6n\u00fc\u015f\u00fcr; resm\u00ee yaz\u0131\u015fmalardan mutfak te\u015fekk\u00fcl\u00fcne kadar her \u015fey b\u00fcy\u00fck bir gayretle tasfiye edilir. Mevcut 177 \u00f6\u011frenciden k\u0131zlar Hristos Manast\u0131r\u0131\u2019na, erkekler de Ayios Nikolaos Manast\u0131r\u0131\u2019na nakledilirken derslerin B\u00fcy\u00fckada Rum \u0130lkokulu\u2019nda yap\u0131lmas\u0131na karar verilir.\u201d<\/p>\n<h3>M\u00fclk\u00fcn gasp\u0131 ve iadesi<\/h3>\n<p>1997\u2019de Vak\u0131flar Genel M\u00fcd\u00fcrl\u00fc\u011f\u00fc, Yetimhane Vakf\u0131\u2019n\u0131, art\u0131k yard\u0131m ama\u00e7l\u0131 bir faaliyette bulunmad\u0131\u011f\u0131 i\u00e7in mazbut vak\u0131f ilan eder, vakf\u0131n y\u00f6netim kurulunun g\u00f6revden al\u0131nmas\u0131na ve y\u00f6netimin Vak\u0131flar Genel M\u00fcd\u00fcrl\u00fc\u011f\u00fc\u2019ne devredilmesine karar verir. Asliye mahkemelerine ve Yarg\u0131tay\u2019a yap\u0131lan iptal ba\u015fvurular\u0131 ve itirazlar reddedilir.<\/p>\n<p>19 Nisan 2005\u2019te Avrupa \u0130nsan Haklar\u0131 Mahkemesi, m\u00fclk\u00fcn iadesi i\u00e7in ba\u015fvuruda bulunur. A\u0130HM, yetkili makamlarca, davac\u0131n\u0131n m\u00fclkiyet hakk\u0131na m\u00fcdahalede bulunurken yasall\u0131k prensibine uyulmad\u0131\u011f\u0131na, kamu yarar\u0131 kapsam\u0131 d\u0131\u015f\u0131na \u00e7\u0131k\u0131ld\u0131\u011f\u0131 ve orant\u0131l\u0131l\u0131k ilkesinin a\u015f\u0131ld\u0131\u011f\u0131 gerek\u00e7esiyle m\u00fclkiyetin iadesinin h\u00fckmedilmesi gerekti\u011fine dikkat \u00e7eker. Bunun \u00fczerine 2009\u2019da Adalar Asliye Hukuk Mahkemesi\u2019nde yarg\u0131laman\u0131n yenilenmesi davas\u0131 a\u00e7\u0131l\u0131r ve 2010\u2019da mahkeme, yetimhanenin \u0130stanbul Fener Rum Patrikhanesi ad\u0131na tapuya tesciline karar verir.<\/p>\n<p>D\u00fcnyan\u0131n ikinci, Avrupa\u2019n\u0131n en b\u00fcy\u00fck ah\u015fap yap\u0131s\u0131 olma \u00f6zelli\u011fi ta\u015f\u0131yan B\u00fcy\u00fckada Rum Yetimhanesi, Europa Nostra ile Avrupa Yat\u0131r\u0131m Bankas\u0131 Enstit\u00fcs\u00fc taraf\u0131ndan haz\u0131rlanan \u2018Avrupa\u2019n\u0131n Tehlike Alt\u0131ndaki 12 K\u00fclt\u00fcrel Miras\u0131\u2019 listesinde yer al\u0131yor.<\/p>\n<p>http:\/\/www.agos.com.tr\/tr\/yazi\/21520\/yetim-kalmis-bir-yetimhane-sessiz-kalan-206-oda<\/p><\/blockquote>\n<\/div>\n<\/div>\n<\/div>\n","protected":false},"excerpt":{"rendered":"<p>Vartan Estukyan\u00a0 Galata Rum Okulu, bug\u00fcnlerde B\u00fcy\u00fckada\u2019daki Rum Yetimhanesi\u2019ni konu alan bir sergiye ev sahipli\u011fi yap\u0131yor. \u2018206 Odal\u0131 Sessizlik\u2019 ad\u0131n\u0131 ta\u015f\u0131yan sergide Hera B\u00fcy\u00fckta\u015f\u00e7\u0131yan, Ali Kazma, Dilek Winchester ve Murat Germen\u2019in eserleri sergileniyor. B\u00fcy\u00fckta\u015f\u0131yan, serginin k\u00fcrat\u00f6rl\u00fc\u011f\u00fcn\u00fc de \u00fcstleniyor. \u2018206 Odal\u0131 Sessizlik\u2019in en etkileyici \u00f6zelliklerinden biri, uzun zamand\u0131r i\u015flevini s\u00fcrd\u00fcremeyen bir Rum yetimhanesinin, yine uzun s\u00fcredir [&hellip;]<\/p>\n","protected":false},"author":7,"featured_media":49512,"comment_status":"open","ping_status":"open","sticky":false,"template":"","format":"standard","meta":{"footnotes":""},"categories":[1,70,53],"tags":[],"class_list":["post-49511","post","type-post","status-publish","format-standard","has-post-thumbnail","hentry","category-haberler","category-makaleler","category-turkiyede-azinliklar"],"yoast_head":"<!-- This site is optimized with the Yoast SEO plugin v27.4 - https:\/\/yoast.com\/product\/yoast-seo-wordpress\/ -->\n<title>Yetim kalm\u0131\u015f bir yetimhane, sessiz kalan 206 oda - Bati Ermenistan Ve Bati Ermenileri Sorunlari Ara\u015ftirmalar Merkezi<\/title>\n<meta name=\"robots\" content=\"index, follow, max-snippet:-1, max-image-preview:large, max-video-preview:-1\" \/>\n<link rel=\"canonical\" href=\"https:\/\/akunq.net\/tr\/?p=49511\" \/>\n<meta property=\"og:locale\" content=\"en_US\" \/>\n<meta property=\"og:type\" content=\"article\" \/>\n<meta property=\"og:title\" content=\"Yetim kalm\u0131\u015f bir yetimhane, sessiz kalan 206 oda - Bati Ermenistan Ve Bati Ermenileri Sorunlari Ara\u015ftirmalar Merkezi\" \/>\n<meta property=\"og:description\" content=\"Vartan Estukyan\u00a0 Galata Rum Okulu, bug\u00fcnlerde B\u00fcy\u00fckada\u2019daki Rum Yetimhanesi\u2019ni konu alan bir sergiye ev sahipli\u011fi yap\u0131yor. \u2018206 Odal\u0131 Sessizlik\u2019 ad\u0131n\u0131 ta\u015f\u0131yan sergide Hera B\u00fcy\u00fckta\u015f\u00e7\u0131yan, Ali Kazma, Dilek Winchester ve Murat Germen\u2019in eserleri sergileniyor. B\u00fcy\u00fckta\u015f\u0131yan, serginin k\u00fcrat\u00f6rl\u00fc\u011f\u00fcn\u00fc de \u00fcstleniyor. \u2018206 Odal\u0131 Sessizlik\u2019in en etkileyici \u00f6zelliklerinden biri, uzun zamand\u0131r i\u015flevini s\u00fcrd\u00fcremeyen bir Rum yetimhanesinin, yine uzun s\u00fcredir [&hellip;]\" \/>\n<meta property=\"og:url\" content=\"https:\/\/akunq.net\/tr\/?p=49511\" \/>\n<meta property=\"og:site_name\" content=\"Bati Ermenistan Ve Bati Ermenileri Sorunlari Ara\u015ftirmalar Merkezi\" \/>\n<meta property=\"article:published_time\" content=\"2018-11-09T07:19:37+00:00\" \/>\n<meta property=\"og:image\" content=\"https:\/\/akunq.net\/tr\/wp-content\/uploads\/sites\/6\/2018\/11\/1berge-photo-206-odali-sessizlik-sergi-1.jpg\" \/>\n\t<meta property=\"og:image:width\" content=\"702\" \/>\n\t<meta property=\"og:image:height\" content=\"467\" \/>\n\t<meta property=\"og:image:type\" content=\"image\/jpeg\" \/>\n<meta name=\"author\" content=\"admin\" \/>\n<meta name=\"twitter:card\" content=\"summary_large_image\" \/>\n<meta name=\"twitter:label1\" content=\"Written by\" \/>\n\t<meta name=\"twitter:data1\" content=\"admin\" \/>\n\t<meta name=\"twitter:label2\" content=\"Est. reading time\" \/>\n\t<meta name=\"twitter:data2\" content=\"4 minutes\" \/>\n<script type=\"application\/ld+json\" class=\"yoast-schema-graph\">{\"@context\":\"https:\\\/\\\/schema.org\",\"@graph\":[{\"@type\":\"Article\",\"@id\":\"https:\\\/\\\/akunq.net\\\/tr\\\/?p=49511#article\",\"isPartOf\":{\"@id\":\"https:\\\/\\\/akunq.net\\\/tr\\\/?p=49511\"},\"author\":{\"name\":\"admin\",\"@id\":\"https:\\\/\\\/akunq.net\\\/tr\\\/#\\\/schema\\\/person\\\/096f1d38a12cce57fb855b485ed24c9e\"},\"headline\":\"Yetim kalm\u0131\u015f bir yetimhane, sessiz kalan 206 oda\",\"datePublished\":\"2018-11-09T07:19:37+00:00\",\"mainEntityOfPage\":{\"@id\":\"https:\\\/\\\/akunq.net\\\/tr\\\/?p=49511\"},\"wordCount\":866,\"commentCount\":0,\"image\":{\"@id\":\"https:\\\/\\\/akunq.net\\\/tr\\\/?p=49511#primaryimage\"},\"thumbnailUrl\":\"https:\\\/\\\/akunq.net\\\/tr\\\/wp-content\\\/uploads\\\/sites\\\/6\\\/2018\\\/11\\\/1berge-photo-206-odali-sessizlik-sergi-1.jpg\",\"articleSection\":[\"Haberler\",\"Makaleler\",\"T\u00fcrkiye\u2019de Az\u0131nl\u0131klar\"],\"inLanguage\":\"en-US\",\"potentialAction\":[{\"@type\":\"CommentAction\",\"name\":\"Comment\",\"target\":[\"https:\\\/\\\/akunq.net\\\/tr\\\/?p=49511#respond\"]}]},{\"@type\":\"WebPage\",\"@id\":\"https:\\\/\\\/akunq.net\\\/tr\\\/?p=49511\",\"url\":\"https:\\\/\\\/akunq.net\\\/tr\\\/?p=49511\",\"name\":\"Yetim kalm\u0131\u015f bir yetimhane, sessiz kalan 206 oda - Bati Ermenistan Ve Bati Ermenileri Sorunlari Ara\u015ftirmalar Merkezi\",\"isPartOf\":{\"@id\":\"https:\\\/\\\/akunq.net\\\/tr\\\/#website\"},\"primaryImageOfPage\":{\"@id\":\"https:\\\/\\\/akunq.net\\\/tr\\\/?p=49511#primaryimage\"},\"image\":{\"@id\":\"https:\\\/\\\/akunq.net\\\/tr\\\/?p=49511#primaryimage\"},\"thumbnailUrl\":\"https:\\\/\\\/akunq.net\\\/tr\\\/wp-content\\\/uploads\\\/sites\\\/6\\\/2018\\\/11\\\/1berge-photo-206-odali-sessizlik-sergi-1.jpg\",\"datePublished\":\"2018-11-09T07:19:37+00:00\",\"author\":{\"@id\":\"https:\\\/\\\/akunq.net\\\/tr\\\/#\\\/schema\\\/person\\\/096f1d38a12cce57fb855b485ed24c9e\"},\"breadcrumb\":{\"@id\":\"https:\\\/\\\/akunq.net\\\/tr\\\/?p=49511#breadcrumb\"},\"inLanguage\":\"en-US\",\"potentialAction\":[{\"@type\":\"ReadAction\",\"target\":[\"https:\\\/\\\/akunq.net\\\/tr\\\/?p=49511\"]}]},{\"@type\":\"ImageObject\",\"inLanguage\":\"en-US\",\"@id\":\"https:\\\/\\\/akunq.net\\\/tr\\\/?p=49511#primaryimage\",\"url\":\"https:\\\/\\\/akunq.net\\\/tr\\\/wp-content\\\/uploads\\\/sites\\\/6\\\/2018\\\/11\\\/1berge-photo-206-odali-sessizlik-sergi-1.jpg\",\"contentUrl\":\"https:\\\/\\\/akunq.net\\\/tr\\\/wp-content\\\/uploads\\\/sites\\\/6\\\/2018\\\/11\\\/1berge-photo-206-odali-sessizlik-sergi-1.jpg\",\"width\":702,\"height\":467},{\"@type\":\"BreadcrumbList\",\"@id\":\"https:\\\/\\\/akunq.net\\\/tr\\\/?p=49511#breadcrumb\",\"itemListElement\":[{\"@type\":\"ListItem\",\"position\":1,\"name\":\"Home\",\"item\":\"https:\\\/\\\/akunq.net\\\/tr\"},{\"@type\":\"ListItem\",\"position\":2,\"name\":\"Yetim kalm\u0131\u015f bir yetimhane, sessiz kalan 206 oda\"}]},{\"@type\":\"WebSite\",\"@id\":\"https:\\\/\\\/akunq.net\\\/tr\\\/#website\",\"url\":\"https:\\\/\\\/akunq.net\\\/tr\\\/\",\"name\":\"Bati Ermenistan Ve Bati Ermenileri Sorunlari Ara\u015ftirmalar Merkezi\",\"description\":\"\",\"potentialAction\":[{\"@type\":\"SearchAction\",\"target\":{\"@type\":\"EntryPoint\",\"urlTemplate\":\"https:\\\/\\\/akunq.net\\\/tr\\\/?s={search_term_string}\"},\"query-input\":{\"@type\":\"PropertyValueSpecification\",\"valueRequired\":true,\"valueName\":\"search_term_string\"}}],\"inLanguage\":\"en-US\"},{\"@type\":\"Person\",\"@id\":\"https:\\\/\\\/akunq.net\\\/tr\\\/#\\\/schema\\\/person\\\/096f1d38a12cce57fb855b485ed24c9e\",\"name\":\"admin\",\"url\":\"https:\\\/\\\/akunq.net\\\/tr\\\/?author=7\"}]}<\/script>\n<!-- \/ Yoast SEO plugin. -->","yoast_head_json":{"title":"Yetim kalm\u0131\u015f bir yetimhane, sessiz kalan 206 oda - Bati Ermenistan Ve Bati Ermenileri Sorunlari Ara\u015ftirmalar Merkezi","robots":{"index":"index","follow":"follow","max-snippet":"max-snippet:-1","max-image-preview":"max-image-preview:large","max-video-preview":"max-video-preview:-1"},"canonical":"https:\/\/akunq.net\/tr\/?p=49511","og_locale":"en_US","og_type":"article","og_title":"Yetim kalm\u0131\u015f bir yetimhane, sessiz kalan 206 oda - Bati Ermenistan Ve Bati Ermenileri Sorunlari Ara\u015ftirmalar Merkezi","og_description":"Vartan Estukyan\u00a0 Galata Rum Okulu, bug\u00fcnlerde B\u00fcy\u00fckada\u2019daki Rum Yetimhanesi\u2019ni konu alan bir sergiye ev sahipli\u011fi yap\u0131yor. \u2018206 Odal\u0131 Sessizlik\u2019 ad\u0131n\u0131 ta\u015f\u0131yan sergide Hera B\u00fcy\u00fckta\u015f\u00e7\u0131yan, Ali Kazma, Dilek Winchester ve Murat Germen\u2019in eserleri sergileniyor. B\u00fcy\u00fckta\u015f\u0131yan, serginin k\u00fcrat\u00f6rl\u00fc\u011f\u00fcn\u00fc de \u00fcstleniyor. \u2018206 Odal\u0131 Sessizlik\u2019in en etkileyici \u00f6zelliklerinden biri, uzun zamand\u0131r i\u015flevini s\u00fcrd\u00fcremeyen bir Rum yetimhanesinin, yine uzun s\u00fcredir [&hellip;]","og_url":"https:\/\/akunq.net\/tr\/?p=49511","og_site_name":"Bati Ermenistan Ve Bati Ermenileri Sorunlari Ara\u015ftirmalar Merkezi","article_published_time":"2018-11-09T07:19:37+00:00","og_image":[{"width":702,"height":467,"url":"https:\/\/akunq.net\/tr\/wp-content\/uploads\/sites\/6\/2018\/11\/1berge-photo-206-odali-sessizlik-sergi-1.jpg","type":"image\/jpeg"}],"author":"admin","twitter_card":"summary_large_image","twitter_misc":{"Written by":"admin","Est. reading time":"4 minutes"},"schema":{"@context":"https:\/\/schema.org","@graph":[{"@type":"Article","@id":"https:\/\/akunq.net\/tr\/?p=49511#article","isPartOf":{"@id":"https:\/\/akunq.net\/tr\/?p=49511"},"author":{"name":"admin","@id":"https:\/\/akunq.net\/tr\/#\/schema\/person\/096f1d38a12cce57fb855b485ed24c9e"},"headline":"Yetim kalm\u0131\u015f bir yetimhane, sessiz kalan 206 oda","datePublished":"2018-11-09T07:19:37+00:00","mainEntityOfPage":{"@id":"https:\/\/akunq.net\/tr\/?p=49511"},"wordCount":866,"commentCount":0,"image":{"@id":"https:\/\/akunq.net\/tr\/?p=49511#primaryimage"},"thumbnailUrl":"https:\/\/akunq.net\/tr\/wp-content\/uploads\/sites\/6\/2018\/11\/1berge-photo-206-odali-sessizlik-sergi-1.jpg","articleSection":["Haberler","Makaleler","T\u00fcrkiye\u2019de Az\u0131nl\u0131klar"],"inLanguage":"en-US","potentialAction":[{"@type":"CommentAction","name":"Comment","target":["https:\/\/akunq.net\/tr\/?p=49511#respond"]}]},{"@type":"WebPage","@id":"https:\/\/akunq.net\/tr\/?p=49511","url":"https:\/\/akunq.net\/tr\/?p=49511","name":"Yetim kalm\u0131\u015f bir yetimhane, sessiz kalan 206 oda - Bati Ermenistan Ve Bati Ermenileri Sorunlari Ara\u015ftirmalar Merkezi","isPartOf":{"@id":"https:\/\/akunq.net\/tr\/#website"},"primaryImageOfPage":{"@id":"https:\/\/akunq.net\/tr\/?p=49511#primaryimage"},"image":{"@id":"https:\/\/akunq.net\/tr\/?p=49511#primaryimage"},"thumbnailUrl":"https:\/\/akunq.net\/tr\/wp-content\/uploads\/sites\/6\/2018\/11\/1berge-photo-206-odali-sessizlik-sergi-1.jpg","datePublished":"2018-11-09T07:19:37+00:00","author":{"@id":"https:\/\/akunq.net\/tr\/#\/schema\/person\/096f1d38a12cce57fb855b485ed24c9e"},"breadcrumb":{"@id":"https:\/\/akunq.net\/tr\/?p=49511#breadcrumb"},"inLanguage":"en-US","potentialAction":[{"@type":"ReadAction","target":["https:\/\/akunq.net\/tr\/?p=49511"]}]},{"@type":"ImageObject","inLanguage":"en-US","@id":"https:\/\/akunq.net\/tr\/?p=49511#primaryimage","url":"https:\/\/akunq.net\/tr\/wp-content\/uploads\/sites\/6\/2018\/11\/1berge-photo-206-odali-sessizlik-sergi-1.jpg","contentUrl":"https:\/\/akunq.net\/tr\/wp-content\/uploads\/sites\/6\/2018\/11\/1berge-photo-206-odali-sessizlik-sergi-1.jpg","width":702,"height":467},{"@type":"BreadcrumbList","@id":"https:\/\/akunq.net\/tr\/?p=49511#breadcrumb","itemListElement":[{"@type":"ListItem","position":1,"name":"Home","item":"https:\/\/akunq.net\/tr"},{"@type":"ListItem","position":2,"name":"Yetim kalm\u0131\u015f bir yetimhane, sessiz kalan 206 oda"}]},{"@type":"WebSite","@id":"https:\/\/akunq.net\/tr\/#website","url":"https:\/\/akunq.net\/tr\/","name":"Bati Ermenistan Ve Bati Ermenileri Sorunlari Ara\u015ftirmalar Merkezi","description":"","potentialAction":[{"@type":"SearchAction","target":{"@type":"EntryPoint","urlTemplate":"https:\/\/akunq.net\/tr\/?s={search_term_string}"},"query-input":{"@type":"PropertyValueSpecification","valueRequired":true,"valueName":"search_term_string"}}],"inLanguage":"en-US"},{"@type":"Person","@id":"https:\/\/akunq.net\/tr\/#\/schema\/person\/096f1d38a12cce57fb855b485ed24c9e","name":"admin","url":"https:\/\/akunq.net\/tr\/?author=7"}]}},"_links":{"self":[{"href":"https:\/\/akunq.net\/tr\/index.php?rest_route=\/wp\/v2\/posts\/49511","targetHints":{"allow":["GET"]}}],"collection":[{"href":"https:\/\/akunq.net\/tr\/index.php?rest_route=\/wp\/v2\/posts"}],"about":[{"href":"https:\/\/akunq.net\/tr\/index.php?rest_route=\/wp\/v2\/types\/post"}],"author":[{"embeddable":true,"href":"https:\/\/akunq.net\/tr\/index.php?rest_route=\/wp\/v2\/users\/7"}],"replies":[{"embeddable":true,"href":"https:\/\/akunq.net\/tr\/index.php?rest_route=%2Fwp%2Fv2%2Fcomments&post=49511"}],"version-history":[{"count":1,"href":"https:\/\/akunq.net\/tr\/index.php?rest_route=\/wp\/v2\/posts\/49511\/revisions"}],"predecessor-version":[{"id":49513,"href":"https:\/\/akunq.net\/tr\/index.php?rest_route=\/wp\/v2\/posts\/49511\/revisions\/49513"}],"wp:featuredmedia":[{"embeddable":true,"href":"https:\/\/akunq.net\/tr\/index.php?rest_route=\/wp\/v2\/media\/49512"}],"wp:attachment":[{"href":"https:\/\/akunq.net\/tr\/index.php?rest_route=%2Fwp%2Fv2%2Fmedia&parent=49511"}],"wp:term":[{"taxonomy":"category","embeddable":true,"href":"https:\/\/akunq.net\/tr\/index.php?rest_route=%2Fwp%2Fv2%2Fcategories&post=49511"},{"taxonomy":"post_tag","embeddable":true,"href":"https:\/\/akunq.net\/tr\/index.php?rest_route=%2Fwp%2Fv2%2Ftags&post=49511"}],"curies":[{"name":"wp","href":"https:\/\/api.w.org\/{rel}","templated":true}]}}