{"id":49083,"date":"2018-10-23T03:37:45","date_gmt":"2018-10-23T08:37:45","guid":{"rendered":"http:\/\/akunq.net\/tr\/?p=49083"},"modified":"2018-10-23T03:37:45","modified_gmt":"2018-10-23T08:37:45","slug":"turkum-kurdum-rumum-ermeniyim-dogruyum-caliskanim","status":"publish","type":"post","link":"https:\/\/akunq.net\/tr\/?p=49083","title":{"rendered":"T\u00fcrk\u00fcm, K\u00fcrd\u00fcm, Rumum, Ermeniyim; do\u011fruyum, \u00e7al\u0131\u015fkan\u0131m!"},"content":{"rendered":"<p><a href=\"http:\/\/akunq.net\/tr\/?attachment_id=49084\" rel=\"attachment wp-att-49084\"><img loading=\"lazy\" decoding=\"async\" class=\"aligncenter size-full wp-image-49084\" src=\"http:\/\/akunq.net\/tr\/wp-content\/uploads\/2018\/10\/Oya-Baydar.jpg\" alt=\"\" width=\"300\" height=\"300\" srcset=\"https:\/\/akunq.net\/tr\/wp-content\/uploads\/sites\/6\/2018\/10\/Oya-Baydar.jpg 300w, https:\/\/akunq.net\/tr\/wp-content\/uploads\/sites\/6\/2018\/10\/Oya-Baydar-150x150.jpg 150w, https:\/\/akunq.net\/tr\/wp-content\/uploads\/sites\/6\/2018\/10\/Oya-Baydar-270x270.jpg 270w, https:\/\/akunq.net\/tr\/wp-content\/uploads\/sites\/6\/2018\/10\/Oya-Baydar-260x260.jpg 260w, https:\/\/akunq.net\/tr\/wp-content\/uploads\/sites\/6\/2018\/10\/Oya-Baydar-160x160.jpg 160w\" sizes=\"auto, (max-width: 300px) 100vw, 300px\" \/><\/a><\/p>\n<p><strong>Oya Baydar<\/strong><\/p>\n<p><strong><em>Vallahi yalan, hele de \u015fu g\u00fcnlerde k\u00fclliyen yalan. T\u00fcrk oldu\u011fumuz veya K\u00fcrt oldu\u011fumuz i\u00e7in do\u011fru ve \u00e7al\u0131\u015fkan de\u011filiz. Do\u011frumuz da var e\u011frimiz de, \u00e7al\u0131\u015fkan\u0131m\u0131z da var tembelimiz de, iyimiz de var k\u00f6t\u00fcm\u00fcz de. K\u00f6t\u00fcc\u00fcll\u00fc\u011f\u00fcn, ac\u0131mas\u0131zl\u0131\u011f\u0131n, gaddarl\u0131\u011f\u0131n, yalan\u0131n, talan\u0131n, haks\u0131zl\u0131\u011f\u0131n, adaletsizli\u011fin tavan yapt\u0131\u011f\u0131; akl\u0131 ba\u015f\u0131nda, vicdanl\u0131 insanlar\u0131n \u201cBize ne oldu\u201d diye feryad etti\u011fi; siyasetin kin ve nefret s\u00f6ylemi \u00fczerine kuruldu\u011fu, insanlar\u0131n birbirinin bo\u011faz\u0131na sar\u0131lmak i\u00e7in f\u0131rsat kollad\u0131\u011f\u0131 bir d\u00f6nemde bu s\u00f6zler \u201cAnlat, anlat heyecanl\u0131 oluyor, kula\u011fa ho\u015f geliyor\u201d k\u0131vam\u0131nda kal\u0131yor.<\/em><\/strong><\/p>\n<p><strong>Hepimiz T\u00fcrk m\u00fcy\u00fcz?<\/strong><\/p>\n<p>Ancak, as\u0131l sorun bu de\u011fil, kopan yaygara da bundan kaynaklanm\u0131yor. Bu \u00fclkede T\u00fcrkler, K\u00fcrtler, Lazlar, \u00c7erkezler, Romanlar, Rumlar, Ermeniler, Yahudiler, Araplar<strong>,\u00a0<\/strong>S\u00fcryaniler, ve daha da ba\u015fka milletlerden, halklardan insanlar ya\u015f\u0131yor. \u0130lkokullarda okutulan Ant, ulus devlet in\u015fa s\u00fcrecinde T\u00fcrkl\u00fck bilincini gen\u00e7 ku\u015faklar\u0131n kafas\u0131na kaz\u0131may\u0131 ama\u00e7l\u0131yordu. Cumhuriyetin T\u00fcrkle\u015ftirme politikas\u0131, Nazizm\u2019den Sovyetizm\u2019e, 1930\u2019lar\u0131n totaliter toplum m\u00fchendisli\u011fi uygulamalar\u0131n\u0131n da bir yans\u0131mas\u0131yd\u0131.<\/p>\n<p>Y\u0131llar ge\u00e7ti. D\u00fcnya da T\u00fcrkiye de 1930\u2019lar\u0131, 40\u2019lar\u0131 a\u015ft\u0131, 21. Y\u00fczy\u0131la ula\u015f\u0131ld\u0131. Toplumlar\u0131n, milletlerin, halklar\u0131n talepleri de de\u011fi\u015fti; aidiyetler, kimlikler \u00f6nem kazand\u0131. Ulus devletlerin asimilasyonist bask\u0131lar\u0131na, etnik, dinsel, mezhepsel ayr\u0131mc\u0131l\u0131k politikalar\u0131na kar\u015f\u0131 bilin\u00e7 olu\u015ftu. K\u00fcrt K\u00fcrtl\u00fc\u011f\u00fcn\u00fc, Ermeni Ermenili\u011fini, Alev\u00ee Alev\u00eeli\u011fini e\u015fit yurtta\u015fl\u0131k temelinde \u00f6zg\u00fcrce ya\u015famak, \u00f6zg\u00fcrce dile getirmek, kimli\u011finden korkmamak, kimli\u011fini yitirmemek istiyor art\u0131k.<\/p>\n<p>\u201cT\u00fcrk\u00fcm\u201d diye ba\u015flayan, varl\u0131\u011f\u0131n\u0131 T\u00fcrk varl\u0131\u011f\u0131na arma\u011fan eden bir metin; T\u00fcrkiye\u2019yi vatan\u0131 bilen, g\u00f6rd\u00fc\u011f\u00fc ayr\u0131mc\u0131l\u0131\u011fa, bask\u0131ya, zulme ra\u011fmen (Hrant Dink\u2019in katledilmesini, Roboski\u2019yi, sadece K\u00fcrt olduklar\u0131, K\u00fcrt\u00e7e konu\u015ftuklar\u0131 i\u00e7in lin\u00e7 edilenleri, Dersim\u2019de \u00e7oluk \u00e7ocuk k\u0131r\u0131ma u\u011frat\u0131lanlar\u0131, vb,vb\u2026hat\u0131rlay\u0131n) bu topraklara sizden benden fazla ba\u011fl\u0131 K\u00fcrtleri, Ermenileri, Rumlar\u0131, b\u00fct\u00fcn di\u011fer kimlikleri yok sayan, asimile etmeye \u00e7al\u0131\u015fan bir zihniyetin yans\u0131mas\u0131 de\u011fil midir?<\/p>\n<p><strong>T\u00fcrk herkesi kapsar m\u0131?<\/strong><\/p>\n<p>Cevab\u0131 biliyorum: T\u00fcrk b\u00fct\u00fcn di\u011fer milletleri, halklar\u0131, etnik gruplar\u0131 kapsar, T\u00fcrkiye&#8217; de ya\u015fayan herkes T\u00fcrk olarak adland\u0131r\u0131l\u0131r, denecektir. Yak\u0131n zamanlara kadar milliyet\u00e7i\/ ulusalc\u0131 \u00e7evrelerin s\u00f6zc\u00fclerinin varl\u0131\u011f\u0131n\u0131 bile ink\u00e2r etti\u011fi, anl\u0131 \u015fanl\u0131 generallerimizin, valilerimizin da\u011flarda karda y\u00fcr\u00fcrken kart kurt diye ses \u00e7\u0131kard\u0131klar\u0131 i\u00e7in o b\u00f6lgede ya\u015fayan halka K\u00fcrt denmi\u015f komikli\u011fini dillendirebildi\u011fi, K\u00fcrt halk\u0131 demenin bile 7,5 y\u0131la kadar hapisle cezaland\u0131r\u0131ld\u0131\u011f\u0131, her d\u00f6nemde ayr\u0131mc\u0131l\u0131\u011fa u\u011fram\u0131\u015f, ikinci s\u0131n\u0131f vatanda\u015f say\u0131lm\u0131\u015f K\u00fcrtler bu konuda ne d\u00fc\u015f\u00fcn\u00fcyorlar? Okullarda And\u0131m\u0131z\u2019\u0131 okuyan Ermeni, Yahudi, Rum \u00e7ocuklar, \u201cT\u00fcrk\u00fcm\u201d derken ne hissediyorlar acaba? 1930\u2019larda belki \u00e7o\u011funluk fark\u0131nda bile de\u011fildi, ama kimlik bilincinin bunca geli\u015fti\u011fi, \u00fclkenin en \u00f6nemli sorunlar\u0131ndan birinin K\u00fcrt sorunu oldu\u011fu bir ortamda istedi\u011finiz kadar T\u00fcrk K\u00fcrd\u00fc de i\u00e7erir, herkesi i\u00e7erir diyin, kimseyi ikna edemezsiniz.<\/p>\n<p>Kald\u0131 ki bu bir aldatmacadan ya da zevahir\u00ee kurtarma \u00e7abas\u0131ndan ibarettir. Ant\u2019\u0131n \u201cT\u00fcrk\u00fcm\u201d diye ba\u015flamas\u0131, 1930\u2019lar\u0131n son derece bilin\u00e7li ve ama\u00e7l\u0131 T\u00fcrkle\u015ftirme siyasetinin, asimilasyonist zihniyetin sonucudur. Aksi halde cumhuriyetin ad\u0131n\u0131 T\u00fcrkiye Cumhuriyeti olarak belirleyenler, ilkokul \u00e7ocuklar\u0131n\u0131n and\u0131n\u0131 da \u201cT\u00fcrkiyeliyim\u201d diye ba\u015flatabilirlerdi.<\/p>\n<p><strong>Biraz duyguda\u015fl\u0131k (empati) g\u00f6sterelim<\/strong><\/p>\n<p>Diyelim ki Almanya\u2019da ya\u015fayan bir T\u00fcrks\u00fcn\u00fcz. Alman okuluna giden \u00e7ocu\u011funuzun \u201cAlman\u0131m, do\u011fruyum \u00e7al\u0131\u015fkan\u0131m\u2026\u2026varl\u0131\u011f\u0131m Alman varl\u0131\u011f\u0131na arma\u011fan olsun\u201d diye ant i\u00e7mesini nas\u0131l kar\u015f\u0131lard\u0131n\u0131z? O\u011flum Almanya\u2019da ilkokula giderken, \u00e7ok \u015f\u00fck\u00fcr ki Hitler d\u00f6neminin benzer rit\u00fcelleri \u00e7oktan tarihe kar\u0131\u015fm\u0131\u015ft\u0131. Yoksa T\u00fcrk milliyet\u00e7isi falan olmad\u0131\u011f\u0131m halde \u015fiddetle itiraz eder, \u00e7ocu\u011fumu okuldan al\u0131rd\u0131m. \u00c7\u00fcnk\u00fc kimsenin kimseye kimlik dayatma hakk\u0131 olmad\u0131\u011f\u0131na inan\u0131r\u0131m: ne etnik, ne dinsel, ne mezhepsel, ne de ideolojik.<\/p>\n<p>Ya da, siyasal \u0130slamc\u0131 iktidar\u0131n dindar ve kindar nesiller yeti\u015ftirme amac\u0131yla okullarda dersten \u00f6nce kurandan bir ayet okutmas\u0131n\u0131 veya \u201cDindar\u0131m, M\u00fcsl\u00fcman\u0131m\u2026\u2026..varl\u0131\u011f\u0131m \u0130slam \u00e2lemine arma\u011fan olsun\u201d diye alternatif bir ant \u00f6nermesini nas\u0131l kar\u015f\u0131lard\u0131n\u0131z? Laik kesim sokaklara d\u00f6k\u00fcl\u00fcrd\u00fc, ben de en ba\u015fta giderdim. \u00c7\u00fcnk\u00fc \u00e7ocu\u011fuma inan\u00e7 dayat\u0131ltmas\u0131n\u0131, re\u015fit oldu\u011funda kendisinin \u00f6zg\u00fcrce se\u00e7mesi gereken inanc\u0131 (veya inan\u00e7s\u0131zl\u0131\u011f\u0131) iktidar\u0131n zorlamas\u0131yla edinmesini kabul etmezdim.<\/p>\n<p>N\u00fcfusunun d\u00f6rtte birinin kendini K\u00fcrt sayd\u0131\u011f\u0131 bir \u00fclkede, hay\u0131r sen T\u00fcrks\u00fcn zorlamas\u0131n\u0131n nas\u0131l bir ruh hali yarataca\u011f\u0131n\u0131 anlayabilmek i\u00e7in y\u00fcz y\u0131ll\u0131k tarihe ve sonu\u00e7lar\u0131na bakmak yeter.<\/p>\n<p><strong>\u201cT\u00fcrk\u201d\u00fcn nereme batt\u0131\u011f\u0131n\u0131 s\u00f6yleyeyim<\/strong><\/p>\n<p>Usta bir k\u00f6\u015fe yazar\u0131m\u0131z, \u201cT\u00fcrk nerenize bat\u0131yor?\u201d ba\u015fl\u0131kl\u0131 bir yaz\u0131 yazm\u0131\u015f. Benim gibi terbiyesiz de\u011fildir, kibar bir adamd\u0131r bildi\u011fim kadar\u0131yla; kendisine yak\u0131\u015fmam\u0131\u015f. \u00c7\u00fcnk\u00fc T\u00fcrk\u00e7e bilen herkes \u201cnerenize bat\u0131yor\u201dun asl\u0131n\u0131n \u201ck\u0131\u00e7\u0131n\u0131za m\u0131 bat\u0131yor\u201d oldu\u011funu bilir. Zaten sorun da, kendinizden farkl\u0131 d\u00fc\u015f\u00fcnenlere, farkl\u0131 g\u00f6r\u00fc\u015fler savunanlara nerenize bat\u0131yor diye \u00e7emkirdi\u011finizde ba\u015fl\u0131yor.<\/p>\n<p>Ben T\u00fcrk\u00fcm, T\u00fcrk olarak adland\u0131r\u0131lan k\u00fcmedeyim. T\u00fcrk s\u0131fat\u0131 benim bir yerime batm\u0131yor. Oram\u0131za buram\u0131za askeri darbelerde, i\u015fkencehanelerde, kontrgerilla operasyonlar\u0131nda, Diyarbak\u0131r zindanlar\u0131nda bat\u0131racaklar\u0131n\u0131 bat\u0131rd\u0131lar, \u015ferbetliyiz yani.<\/p>\n<p>Kimli\u011fini K\u00fcrt, Ermeni, Zaza, \u00c7erkes, Rum, vb. olarak tan\u0131mlayanlara -bunun yarataca\u011f\u0131 sorunlar\u0131, tepkileri, ruh halini hesaba katmadan- T\u00fcrk kimli\u011fi dayat\u0131lmas\u0131 benim vicdan\u0131ma, siyasal etik anlay\u0131\u015f\u0131ma, hak ve adalet duyguma, e\u015fit yurtta\u015fl\u0131k ve karde\u015flik talebime bat\u0131yor.\u00a0 Toplumun normalle\u015fmesine, birbirimizi t\u00fcketmek yerine anlamaya \u00e7al\u0131\u015fmam\u0131za, giderek yayg\u0131nla\u015fan k\u00f6t\u00fcc\u00fcll\u00fc\u011f\u00fc alt edip iyili\u011fi \u00e7o\u011faltma umudumuza bat\u0131yor.<\/p>\n<p><strong>\u0130\u015fin siyas\u00ee boyutuna gelecek olursak\u2026<\/strong><\/p>\n<p>Dev boyuttaki bunca sorun aras\u0131nda, Dan\u0131\u015ftay 8. Dairesi\u2019nin 5 y\u0131l \u00f6nce kald\u0131r\u0131lan Ant\u2019\u0131n yeniden okunmaya ba\u015flamas\u0131 karar\u0131n\u0131n nedenini anlamak i\u00e7in a\u011f\u0131r komplo teorisyeni olmak gerekmiyor.<\/p>\n<p>AKP, \u201cT\u00fcrk\u00fcm, do\u011fruyum\u201du 2013\u2019te \u00c7\u00f6z\u00fcm S\u00fcreci s\u0131ras\u0131nda K\u00fcrt halk\u0131n\u0131n r\u0131zas\u0131n\u0131 ve tabii ki oyunu almak i\u00e7in kald\u0131rd\u0131. O g\u00fcnlerde \u0130slam\u00ee yan\u0131, \u00fcmmet\u00e7ili\u011fi a\u011f\u0131r bas\u0131yordu ve hen\u00fcz T\u00fcrk milliyet\u00e7ili\u011fi iskelesine bordalamam\u0131\u015ft\u0131. Aradan ge\u00e7en s\u00fcrede, K\u00fcrtlerden umdu\u011funu bulamayan, \u00fcstelik de G\u00fcneydo\u011fu\u2019da HDP\u2019nin ezici rekabetiyle kar\u015f\u0131la\u015fan Erdo\u011fan f\u0131trat\u0131nda olan K\u00fcrt fobisinin de a\u011f\u0131r basmas\u0131yla T\u00fcrk devletinin geleneksel K\u00fcrt siyasetinin rotas\u0131na girdi. Arkas\u0131n\u0131 derin devletin s\u00f6zc\u00fcs\u00fc ve denet\u00e7isi Devlet Bah\u00e7eli ile kurulan T\u00fcrk-\u0130slam sentezcisi koalisyona (Cumhur ittifak\u0131) dayad\u0131, giderek teslim oldu. Ku\u015fkusuz bu g\u00f6n\u00fcll\u00fc bir teslimiyet, daha do\u011frusu ayn\u0131 \u00e7izgide bulu\u015fmayd\u0131. Ne var ki Bah\u00e7eli\u2019nin baz\u0131 dayatmalar\u0131 Reis\u2019i zorlamaya, tek adam otoritesini kemirme izlenimi vermeye ba\u015flad\u0131. AKP taban\u0131ndan, adam Reis\u2019e ne isterse yapt\u0131r\u0131yor, m\u0131r\u0131ldanmalar\u0131 duyuldu.<\/p>\n<p>Dan\u0131\u015ftay\u2019\u0131n bir dairesinin T\u00fcrkiye\u2019nin her anlamda g\u00fc\u00e7 g\u00fcnlerden ge\u00e7ti\u011fi bir d\u00f6nemde ortaya pimi \u00e7ekilmi\u015f bomba gibi att\u0131\u011f\u0131 And\u0131m\u0131z karar\u0131, devletin \u201cGururlanma Reis, senden b\u00fcy\u00fck derin bah\u00e7eli devlet var\u201d uyar\u0131s\u0131d\u0131r. T\u00fcrkiye\u2019deki yarg\u0131 aparat\u0131, her ne kadar bug\u00fcn Tayyip Erdo\u011fan\u2019\u0131n emri ve g\u00fcd\u00fcm\u00fcndeyse de, bilin ki en sonunda derinlerden gelen sese ve uyar\u0131lara kulak verir. \u00d6te yandan bu karar yerel se\u00e7imler arifesinde Tayyip Erdo\u011fan\u2019\u0131, \u201cTarzan g\u00fc\u00e7 durumda\u201d pozisyonuna s\u00fcr\u00fckleyerek hizaya getirmeye de yarar.<\/p>\n<p>Bir de, K\u00fcrtleri bir kez daha rencide ederek, iterek, y\u00fcrek so\u011fumas\u0131n\u0131 derinle\u015ftirerek toplumsal bar\u0131\u015f ve normalle\u015fme umutlar\u0131m\u0131z\u0131, \u00e7abalar\u0131m\u0131z\u0131 dinamitlemeye yarar. \u0130stenen de budur zaten.<\/p>\n<p><strong><em><a href=\"http:\/\/t24.com.tr\/yazarlar\/bilinmeyen\/turkum-kurdum-rumum-ermeniyim-dogruyum-caliskanim,20660\">http:\/\/t24.com.tr\/yazarlar\/bilinmeyen\/turkum-kurdum-rumum-ermeniyim-dogruyum-caliskanim,20660<\/a>\u00a0<\/em><\/strong><\/p>\n","protected":false},"excerpt":{"rendered":"<p>Oya Baydar Vallahi yalan, hele de \u015fu g\u00fcnlerde k\u00fclliyen yalan. T\u00fcrk oldu\u011fumuz veya K\u00fcrt oldu\u011fumuz i\u00e7in do\u011fru ve \u00e7al\u0131\u015fkan de\u011filiz. Do\u011frumuz da var e\u011frimiz de, \u00e7al\u0131\u015fkan\u0131m\u0131z da var tembelimiz de, iyimiz de var k\u00f6t\u00fcm\u00fcz de. K\u00f6t\u00fcc\u00fcll\u00fc\u011f\u00fcn, ac\u0131mas\u0131zl\u0131\u011f\u0131n, gaddarl\u0131\u011f\u0131n, yalan\u0131n, talan\u0131n, haks\u0131zl\u0131\u011f\u0131n, adaletsizli\u011fin tavan yapt\u0131\u011f\u0131; akl\u0131 ba\u015f\u0131nda, vicdanl\u0131 insanlar\u0131n \u201cBize ne oldu\u201d diye feryad etti\u011fi; siyasetin [&hellip;]<\/p>\n","protected":false},"author":7,"featured_media":49085,"comment_status":"open","ping_status":"open","sticky":false,"template":"","format":"standard","meta":{"footnotes":""},"categories":[1,70,53],"tags":[],"class_list":["post-49083","post","type-post","status-publish","format-standard","has-post-thumbnail","hentry","category-haberler","category-makaleler","category-turkiyede-azinliklar"],"yoast_head":"<!-- This site is optimized with the Yoast SEO plugin v27.4 - https:\/\/yoast.com\/product\/yoast-seo-wordpress\/ -->\n<title>T\u00fcrk\u00fcm, K\u00fcrd\u00fcm, Rumum, Ermeniyim; do\u011fruyum, \u00e7al\u0131\u015fkan\u0131m! - Bati Ermenistan Ve Bati Ermenileri Sorunlari Ara\u015ftirmalar Merkezi<\/title>\n<meta name=\"robots\" content=\"index, follow, max-snippet:-1, max-image-preview:large, max-video-preview:-1\" \/>\n<link rel=\"canonical\" href=\"https:\/\/akunq.net\/tr\/?p=49083\" \/>\n<meta property=\"og:locale\" content=\"en_US\" \/>\n<meta property=\"og:type\" content=\"article\" \/>\n<meta property=\"og:title\" content=\"T\u00fcrk\u00fcm, K\u00fcrd\u00fcm, Rumum, Ermeniyim; do\u011fruyum, \u00e7al\u0131\u015fkan\u0131m! - Bati Ermenistan Ve Bati Ermenileri Sorunlari Ara\u015ftirmalar Merkezi\" \/>\n<meta property=\"og:description\" content=\"Oya Baydar Vallahi yalan, hele de \u015fu g\u00fcnlerde k\u00fclliyen yalan. T\u00fcrk oldu\u011fumuz veya K\u00fcrt oldu\u011fumuz i\u00e7in do\u011fru ve \u00e7al\u0131\u015fkan de\u011filiz. Do\u011frumuz da var e\u011frimiz de, \u00e7al\u0131\u015fkan\u0131m\u0131z da var tembelimiz de, iyimiz de var k\u00f6t\u00fcm\u00fcz de. K\u00f6t\u00fcc\u00fcll\u00fc\u011f\u00fcn, ac\u0131mas\u0131zl\u0131\u011f\u0131n, gaddarl\u0131\u011f\u0131n, yalan\u0131n, talan\u0131n, haks\u0131zl\u0131\u011f\u0131n, adaletsizli\u011fin tavan yapt\u0131\u011f\u0131; akl\u0131 ba\u015f\u0131nda, vicdanl\u0131 insanlar\u0131n \u201cBize ne oldu\u201d diye feryad etti\u011fi; siyasetin [&hellip;]\" \/>\n<meta property=\"og:url\" content=\"https:\/\/akunq.net\/tr\/?p=49083\" \/>\n<meta property=\"og:site_name\" content=\"Bati Ermenistan Ve Bati Ermenileri Sorunlari Ara\u015ftirmalar Merkezi\" \/>\n<meta property=\"article:published_time\" content=\"2018-10-23T08:37:45+00:00\" \/>\n<meta property=\"og:image\" content=\"https:\/\/akunq.net\/tr\/wp-content\/uploads\/sites\/6\/2018\/10\/Oya-Baydar-1.jpg\" \/>\n\t<meta property=\"og:image:width\" content=\"300\" \/>\n\t<meta property=\"og:image:height\" content=\"300\" \/>\n\t<meta property=\"og:image:type\" content=\"image\/jpeg\" \/>\n<meta name=\"author\" content=\"admin\" \/>\n<meta name=\"twitter:card\" content=\"summary_large_image\" \/>\n<meta name=\"twitter:label1\" content=\"Written by\" \/>\n\t<meta name=\"twitter:data1\" content=\"admin\" \/>\n\t<meta name=\"twitter:label2\" content=\"Est. reading time\" \/>\n\t<meta name=\"twitter:data2\" content=\"7 minutes\" \/>\n<script type=\"application\/ld+json\" class=\"yoast-schema-graph\">{\"@context\":\"https:\\\/\\\/schema.org\",\"@graph\":[{\"@type\":\"Article\",\"@id\":\"https:\\\/\\\/akunq.net\\\/tr\\\/?p=49083#article\",\"isPartOf\":{\"@id\":\"https:\\\/\\\/akunq.net\\\/tr\\\/?p=49083\"},\"author\":{\"name\":\"admin\",\"@id\":\"https:\\\/\\\/akunq.net\\\/tr\\\/#\\\/schema\\\/person\\\/096f1d38a12cce57fb855b485ed24c9e\"},\"headline\":\"T\u00fcrk\u00fcm, K\u00fcrd\u00fcm, Rumum, Ermeniyim; do\u011fruyum, \u00e7al\u0131\u015fkan\u0131m!\",\"datePublished\":\"2018-10-23T08:37:45+00:00\",\"mainEntityOfPage\":{\"@id\":\"https:\\\/\\\/akunq.net\\\/tr\\\/?p=49083\"},\"wordCount\":1457,\"commentCount\":0,\"image\":{\"@id\":\"https:\\\/\\\/akunq.net\\\/tr\\\/?p=49083#primaryimage\"},\"thumbnailUrl\":\"https:\\\/\\\/akunq.net\\\/tr\\\/wp-content\\\/uploads\\\/sites\\\/6\\\/2018\\\/10\\\/Oya-Baydar-1.jpg\",\"articleSection\":[\"Haberler\",\"Makaleler\",\"T\u00fcrkiye\u2019de Az\u0131nl\u0131klar\"],\"inLanguage\":\"en-US\",\"potentialAction\":[{\"@type\":\"CommentAction\",\"name\":\"Comment\",\"target\":[\"https:\\\/\\\/akunq.net\\\/tr\\\/?p=49083#respond\"]}]},{\"@type\":\"WebPage\",\"@id\":\"https:\\\/\\\/akunq.net\\\/tr\\\/?p=49083\",\"url\":\"https:\\\/\\\/akunq.net\\\/tr\\\/?p=49083\",\"name\":\"T\u00fcrk\u00fcm, K\u00fcrd\u00fcm, Rumum, Ermeniyim; do\u011fruyum, \u00e7al\u0131\u015fkan\u0131m! - Bati Ermenistan Ve Bati Ermenileri Sorunlari Ara\u015ftirmalar Merkezi\",\"isPartOf\":{\"@id\":\"https:\\\/\\\/akunq.net\\\/tr\\\/#website\"},\"primaryImageOfPage\":{\"@id\":\"https:\\\/\\\/akunq.net\\\/tr\\\/?p=49083#primaryimage\"},\"image\":{\"@id\":\"https:\\\/\\\/akunq.net\\\/tr\\\/?p=49083#primaryimage\"},\"thumbnailUrl\":\"https:\\\/\\\/akunq.net\\\/tr\\\/wp-content\\\/uploads\\\/sites\\\/6\\\/2018\\\/10\\\/Oya-Baydar-1.jpg\",\"datePublished\":\"2018-10-23T08:37:45+00:00\",\"author\":{\"@id\":\"https:\\\/\\\/akunq.net\\\/tr\\\/#\\\/schema\\\/person\\\/096f1d38a12cce57fb855b485ed24c9e\"},\"breadcrumb\":{\"@id\":\"https:\\\/\\\/akunq.net\\\/tr\\\/?p=49083#breadcrumb\"},\"inLanguage\":\"en-US\",\"potentialAction\":[{\"@type\":\"ReadAction\",\"target\":[\"https:\\\/\\\/akunq.net\\\/tr\\\/?p=49083\"]}]},{\"@type\":\"ImageObject\",\"inLanguage\":\"en-US\",\"@id\":\"https:\\\/\\\/akunq.net\\\/tr\\\/?p=49083#primaryimage\",\"url\":\"https:\\\/\\\/akunq.net\\\/tr\\\/wp-content\\\/uploads\\\/sites\\\/6\\\/2018\\\/10\\\/Oya-Baydar-1.jpg\",\"contentUrl\":\"https:\\\/\\\/akunq.net\\\/tr\\\/wp-content\\\/uploads\\\/sites\\\/6\\\/2018\\\/10\\\/Oya-Baydar-1.jpg\",\"width\":300,\"height\":300},{\"@type\":\"BreadcrumbList\",\"@id\":\"https:\\\/\\\/akunq.net\\\/tr\\\/?p=49083#breadcrumb\",\"itemListElement\":[{\"@type\":\"ListItem\",\"position\":1,\"name\":\"Home\",\"item\":\"https:\\\/\\\/akunq.net\\\/tr\"},{\"@type\":\"ListItem\",\"position\":2,\"name\":\"T\u00fcrk\u00fcm, K\u00fcrd\u00fcm, Rumum, Ermeniyim; do\u011fruyum, \u00e7al\u0131\u015fkan\u0131m!\"}]},{\"@type\":\"WebSite\",\"@id\":\"https:\\\/\\\/akunq.net\\\/tr\\\/#website\",\"url\":\"https:\\\/\\\/akunq.net\\\/tr\\\/\",\"name\":\"Bati Ermenistan Ve Bati Ermenileri Sorunlari Ara\u015ftirmalar Merkezi\",\"description\":\"\",\"potentialAction\":[{\"@type\":\"SearchAction\",\"target\":{\"@type\":\"EntryPoint\",\"urlTemplate\":\"https:\\\/\\\/akunq.net\\\/tr\\\/?s={search_term_string}\"},\"query-input\":{\"@type\":\"PropertyValueSpecification\",\"valueRequired\":true,\"valueName\":\"search_term_string\"}}],\"inLanguage\":\"en-US\"},{\"@type\":\"Person\",\"@id\":\"https:\\\/\\\/akunq.net\\\/tr\\\/#\\\/schema\\\/person\\\/096f1d38a12cce57fb855b485ed24c9e\",\"name\":\"admin\",\"url\":\"https:\\\/\\\/akunq.net\\\/tr\\\/?author=7\"}]}<\/script>\n<!-- \/ Yoast SEO plugin. -->","yoast_head_json":{"title":"T\u00fcrk\u00fcm, K\u00fcrd\u00fcm, Rumum, Ermeniyim; do\u011fruyum, \u00e7al\u0131\u015fkan\u0131m! - Bati Ermenistan Ve Bati Ermenileri Sorunlari Ara\u015ftirmalar Merkezi","robots":{"index":"index","follow":"follow","max-snippet":"max-snippet:-1","max-image-preview":"max-image-preview:large","max-video-preview":"max-video-preview:-1"},"canonical":"https:\/\/akunq.net\/tr\/?p=49083","og_locale":"en_US","og_type":"article","og_title":"T\u00fcrk\u00fcm, K\u00fcrd\u00fcm, Rumum, Ermeniyim; do\u011fruyum, \u00e7al\u0131\u015fkan\u0131m! - Bati Ermenistan Ve Bati Ermenileri Sorunlari Ara\u015ftirmalar Merkezi","og_description":"Oya Baydar Vallahi yalan, hele de \u015fu g\u00fcnlerde k\u00fclliyen yalan. T\u00fcrk oldu\u011fumuz veya K\u00fcrt oldu\u011fumuz i\u00e7in do\u011fru ve \u00e7al\u0131\u015fkan de\u011filiz. Do\u011frumuz da var e\u011frimiz de, \u00e7al\u0131\u015fkan\u0131m\u0131z da var tembelimiz de, iyimiz de var k\u00f6t\u00fcm\u00fcz de. K\u00f6t\u00fcc\u00fcll\u00fc\u011f\u00fcn, ac\u0131mas\u0131zl\u0131\u011f\u0131n, gaddarl\u0131\u011f\u0131n, yalan\u0131n, talan\u0131n, haks\u0131zl\u0131\u011f\u0131n, adaletsizli\u011fin tavan yapt\u0131\u011f\u0131; akl\u0131 ba\u015f\u0131nda, vicdanl\u0131 insanlar\u0131n \u201cBize ne oldu\u201d diye feryad etti\u011fi; siyasetin [&hellip;]","og_url":"https:\/\/akunq.net\/tr\/?p=49083","og_site_name":"Bati Ermenistan Ve Bati Ermenileri Sorunlari Ara\u015ftirmalar Merkezi","article_published_time":"2018-10-23T08:37:45+00:00","og_image":[{"width":300,"height":300,"url":"https:\/\/akunq.net\/tr\/wp-content\/uploads\/sites\/6\/2018\/10\/Oya-Baydar-1.jpg","type":"image\/jpeg"}],"author":"admin","twitter_card":"summary_large_image","twitter_misc":{"Written by":"admin","Est. reading time":"7 minutes"},"schema":{"@context":"https:\/\/schema.org","@graph":[{"@type":"Article","@id":"https:\/\/akunq.net\/tr\/?p=49083#article","isPartOf":{"@id":"https:\/\/akunq.net\/tr\/?p=49083"},"author":{"name":"admin","@id":"https:\/\/akunq.net\/tr\/#\/schema\/person\/096f1d38a12cce57fb855b485ed24c9e"},"headline":"T\u00fcrk\u00fcm, K\u00fcrd\u00fcm, Rumum, Ermeniyim; do\u011fruyum, \u00e7al\u0131\u015fkan\u0131m!","datePublished":"2018-10-23T08:37:45+00:00","mainEntityOfPage":{"@id":"https:\/\/akunq.net\/tr\/?p=49083"},"wordCount":1457,"commentCount":0,"image":{"@id":"https:\/\/akunq.net\/tr\/?p=49083#primaryimage"},"thumbnailUrl":"https:\/\/akunq.net\/tr\/wp-content\/uploads\/sites\/6\/2018\/10\/Oya-Baydar-1.jpg","articleSection":["Haberler","Makaleler","T\u00fcrkiye\u2019de Az\u0131nl\u0131klar"],"inLanguage":"en-US","potentialAction":[{"@type":"CommentAction","name":"Comment","target":["https:\/\/akunq.net\/tr\/?p=49083#respond"]}]},{"@type":"WebPage","@id":"https:\/\/akunq.net\/tr\/?p=49083","url":"https:\/\/akunq.net\/tr\/?p=49083","name":"T\u00fcrk\u00fcm, K\u00fcrd\u00fcm, Rumum, Ermeniyim; do\u011fruyum, \u00e7al\u0131\u015fkan\u0131m! - Bati Ermenistan Ve Bati Ermenileri Sorunlari Ara\u015ftirmalar Merkezi","isPartOf":{"@id":"https:\/\/akunq.net\/tr\/#website"},"primaryImageOfPage":{"@id":"https:\/\/akunq.net\/tr\/?p=49083#primaryimage"},"image":{"@id":"https:\/\/akunq.net\/tr\/?p=49083#primaryimage"},"thumbnailUrl":"https:\/\/akunq.net\/tr\/wp-content\/uploads\/sites\/6\/2018\/10\/Oya-Baydar-1.jpg","datePublished":"2018-10-23T08:37:45+00:00","author":{"@id":"https:\/\/akunq.net\/tr\/#\/schema\/person\/096f1d38a12cce57fb855b485ed24c9e"},"breadcrumb":{"@id":"https:\/\/akunq.net\/tr\/?p=49083#breadcrumb"},"inLanguage":"en-US","potentialAction":[{"@type":"ReadAction","target":["https:\/\/akunq.net\/tr\/?p=49083"]}]},{"@type":"ImageObject","inLanguage":"en-US","@id":"https:\/\/akunq.net\/tr\/?p=49083#primaryimage","url":"https:\/\/akunq.net\/tr\/wp-content\/uploads\/sites\/6\/2018\/10\/Oya-Baydar-1.jpg","contentUrl":"https:\/\/akunq.net\/tr\/wp-content\/uploads\/sites\/6\/2018\/10\/Oya-Baydar-1.jpg","width":300,"height":300},{"@type":"BreadcrumbList","@id":"https:\/\/akunq.net\/tr\/?p=49083#breadcrumb","itemListElement":[{"@type":"ListItem","position":1,"name":"Home","item":"https:\/\/akunq.net\/tr"},{"@type":"ListItem","position":2,"name":"T\u00fcrk\u00fcm, K\u00fcrd\u00fcm, Rumum, Ermeniyim; do\u011fruyum, \u00e7al\u0131\u015fkan\u0131m!"}]},{"@type":"WebSite","@id":"https:\/\/akunq.net\/tr\/#website","url":"https:\/\/akunq.net\/tr\/","name":"Bati Ermenistan Ve Bati Ermenileri Sorunlari Ara\u015ftirmalar Merkezi","description":"","potentialAction":[{"@type":"SearchAction","target":{"@type":"EntryPoint","urlTemplate":"https:\/\/akunq.net\/tr\/?s={search_term_string}"},"query-input":{"@type":"PropertyValueSpecification","valueRequired":true,"valueName":"search_term_string"}}],"inLanguage":"en-US"},{"@type":"Person","@id":"https:\/\/akunq.net\/tr\/#\/schema\/person\/096f1d38a12cce57fb855b485ed24c9e","name":"admin","url":"https:\/\/akunq.net\/tr\/?author=7"}]}},"_links":{"self":[{"href":"https:\/\/akunq.net\/tr\/index.php?rest_route=\/wp\/v2\/posts\/49083","targetHints":{"allow":["GET"]}}],"collection":[{"href":"https:\/\/akunq.net\/tr\/index.php?rest_route=\/wp\/v2\/posts"}],"about":[{"href":"https:\/\/akunq.net\/tr\/index.php?rest_route=\/wp\/v2\/types\/post"}],"author":[{"embeddable":true,"href":"https:\/\/akunq.net\/tr\/index.php?rest_route=\/wp\/v2\/users\/7"}],"replies":[{"embeddable":true,"href":"https:\/\/akunq.net\/tr\/index.php?rest_route=%2Fwp%2Fv2%2Fcomments&post=49083"}],"version-history":[{"count":1,"href":"https:\/\/akunq.net\/tr\/index.php?rest_route=\/wp\/v2\/posts\/49083\/revisions"}],"predecessor-version":[{"id":49086,"href":"https:\/\/akunq.net\/tr\/index.php?rest_route=\/wp\/v2\/posts\/49083\/revisions\/49086"}],"wp:featuredmedia":[{"embeddable":true,"href":"https:\/\/akunq.net\/tr\/index.php?rest_route=\/wp\/v2\/media\/49085"}],"wp:attachment":[{"href":"https:\/\/akunq.net\/tr\/index.php?rest_route=%2Fwp%2Fv2%2Fmedia&parent=49083"}],"wp:term":[{"taxonomy":"category","embeddable":true,"href":"https:\/\/akunq.net\/tr\/index.php?rest_route=%2Fwp%2Fv2%2Fcategories&post=49083"},{"taxonomy":"post_tag","embeddable":true,"href":"https:\/\/akunq.net\/tr\/index.php?rest_route=%2Fwp%2Fv2%2Ftags&post=49083"}],"curies":[{"name":"wp","href":"https:\/\/api.w.org\/{rel}","templated":true}]}}