{"id":48823,"date":"2018-10-04T04:40:12","date_gmt":"2018-10-04T09:40:12","guid":{"rendered":"http:\/\/akunq.net\/tr\/?p=48823"},"modified":"2018-10-04T04:40:12","modified_gmt":"2018-10-04T09:40:12","slug":"hdpnin-hristiyan-mardin-milletvekili-tuma-celikin-meclis-kimlik-kartina-islam-yazildi","status":"publish","type":"post","link":"https:\/\/akunq.net\/tr\/?p=48823","title":{"rendered":"HDP\u2019nin Hristiyan Mardin Milletvekili Tuma \u00c7elik\u2019in Meclis kimlik kart\u0131na \u2018\u0130slam\u2019 yaz\u0131ld\u0131!"},"content":{"rendered":"<p><a href=\"http:\/\/akunq.net\/tr\/?attachment_id=48824\" rel=\"attachment wp-att-48824\"><img loading=\"lazy\" decoding=\"async\" class=\"aligncenter size-full wp-image-48824\" src=\"http:\/\/akunq.net\/tr\/wp-content\/uploads\/2018\/10\/Tuma-\u00c7elik.jpg\" alt=\"\" width=\"620\" height=\"310\" srcset=\"https:\/\/akunq.net\/tr\/wp-content\/uploads\/sites\/6\/2018\/10\/Tuma-\u00c7elik.jpg 620w, https:\/\/akunq.net\/tr\/wp-content\/uploads\/sites\/6\/2018\/10\/Tuma-\u00c7elik-360x180.jpg 360w, https:\/\/akunq.net\/tr\/wp-content\/uploads\/sites\/6\/2018\/10\/Tuma-\u00c7elik-560x280.jpg 560w, https:\/\/akunq.net\/tr\/wp-content\/uploads\/sites\/6\/2018\/10\/Tuma-\u00c7elik-260x130.jpg 260w, https:\/\/akunq.net\/tr\/wp-content\/uploads\/sites\/6\/2018\/10\/Tuma-\u00c7elik-160x80.jpg 160w\" sizes=\"auto, (max-width: 620px) 100vw, 620px\" \/><\/a><\/p>\n<p><strong><em>BMM Ba\u015fkan\u0131 Bina Y\u0131ld\u0131r\u0131m imzas\u0131yla 27. Yasama d\u00f6neminin 600 milletvekiline da\u011f\u0131t\u0131lan \u2018TBMM Milletvekili Kimlik Belgesi\u2019nde, \u00fc\u00e7 Hristiyan milletvekilinden biri olan HDP Mardin Milletvekili\u00a0Tuma \u00c7elik\u2019in kart\u0131nda yer alan din hanesine \u0130slam diye yaz\u0131ld\u0131.\u00a0<\/em><\/strong><\/p>\n<p>Kimlik belgesinin \u00fczerinde imzas\u0131 bulunan TBMM Ba\u015fkan\u0131 Y\u0131ld\u0131r\u0131m\u2019\u0131n kendisinde \u00f6zel olarak \u00f6z\u00fcr dilemesi\u00a0\u00a0gerekti\u011fini ifade eden HDP\u2019li \u00c7elik, Meclis kimli\u011finde din hanesinin olmamas\u0131 gerekti\u011fine dikkat \u00e7ekti. \u0130mzas\u0131yla kimlik belgesinin da\u011f\u0131t\u0131lmas\u0131 nedeniyle bu yanl\u0131\u015fl\u0131\u011f\u0131n d\u00fczeltilmesi konusunda Meclis Ba\u015fkan\u0131na bizzat ba\u015fvuruda bulunaca\u011f\u0131n\u0131 belirten Tuma \u00c7elik, \u201cBir yanl\u0131\u015fl\u0131kt\u0131r, bir eksikliktir,\u00a0\u00a0fakat 600 milletvekili i\u00e7erisinde \u015fimdiye kadar hi\u00e7 kimsenin \u0130slam, M\u00fcsl\u00fcman olan milletvekilinin kimli\u011finde Hristiyan yaz\u0131ld\u0131\u011f\u0131n\u0131 g\u00f6rmedik. \u015eu anda g\u00f6rev yapan bilinen \u00fc\u00e7 tane Hristiyan milletvekili var. Bu \u00fc\u00e7 ki\u015fi i\u00e7erisinde bir tane yanl\u0131\u015fl\u0131k yap\u0131l\u0131yorsa, bir dikkatsizlik ortaya \u00e7\u0131k\u0131yorsa demek ki ulusal haf\u0131zan\u0131n, yani devlet haf\u0131zas\u0131nda T\u00fcrkiye Cumhuriyeti M\u00fcsl\u00fcman bir \u00fclkedir anlay\u0131\u015f\u0131 yat\u0131yor\u201d dedi.<\/p>\n<p>Tuma \u00c7elik, Meclis\u2019in resmi kimlik kart\u0131nda ortaya \u00e7\u0131kan bu durumun ilk kez kar\u015f\u0131s\u0131na \u00e7\u0131kan bir mesele olmad\u0131\u011f\u0131n\u0131 arka plan\u0131n\u0131 da dikkat \u00e7ekti\u011fi T24\u2019e de\u011ferlendirmeleri \u015f\u00f6yle:<\/p>\n<p><strong>Hatay\u0131 kimlik kart\u0131na bakan arkada\u015f\u0131 farketti<\/strong><\/p>\n<p>A\u00e7\u0131k\u00e7as\u0131 kart\u0131 ald\u0131\u011f\u0131mda dikkatimi \u00e7ekmedi. Din hanesinde ne yaz\u0131yor ne yazm\u0131yor \u00e7ok ilgilendi\u011fim bir \u015fey de\u011fil.\u00a0\u00a0Ki\u015finin dini inan\u0131c\u0131n\u0131n ki\u015fiyle inand\u0131\u011f\u0131 alan aras\u0131nda oldu\u011funu d\u00fc\u015f\u00fcn\u00fcyorum. Hi\u00e7 kimse de kimsenin din alan\u0131na kar\u0131\u015fmamas\u0131 gerekti\u011fini d\u00fc\u015f\u00fcn\u00fcyorum onun i\u00e7inde bakmad\u0131m, g\u00f6rmedim. Bir arkada\u015f\u0131m merak etti sizin kimlikleriniz var m\u0131 dedi. Bakt\u0131\u011f\u0131nda arkada\u015f\u0131m g\u00f6rd\u00fc. Ger\u00e7ekten din hanesi var ve burada \u0130slam yaz\u0131yor. Bunu g\u00f6r\u00fcnce rahats\u0131z oldum her \u015feyden \u00f6nce. \u0130slam dinine kar\u015f\u0131 bir alerjim olu\u015fundan de\u011fil rahats\u0131zl\u0131\u011f\u0131m. Rahats\u0131zl\u0131\u011f\u0131m\u0131n nedeni, T\u00fcrkiye Cumhuriyeti B\u00fcy\u00fck Millet Meclisi \u00fcyelerine verdi\u011fi 600 tane kimliktir, binlerce, milyonlarca say\u0131 de\u011fil bu. 80 milyonluk bir \u00fclkede, T\u00fcrkiye B\u00fcy\u00fck Millet Meclisi \u00fcyelerine verdi\u011fi kimliklerinin bu kadar d\u00fczensiz yap\u0131lm\u0131\u015f olmas\u0131 beni rahats\u0131z etti.<\/p>\n<p><strong>\u201cT\u00fcrkiye M\u00fcsl\u00fcman bir \u00fclkedir yakla\u015f\u0131m\u0131 s\u00f6z konusu\u201d<\/strong><\/p>\n<p>Yaz\u0131l\u0131 b\u00fct\u00fcn belgelerinde T\u00fcrkiye Cumhuriyeti\u2019nin laik bir devlet oldu\u011fu i\u00e7inde farkl\u0131 dinlerin, inan\u00e7lar\u0131n olabilece\u011fi ve bunlar\u0131n devlet nezdinde e\u015fit oldu\u011fu yazar. B\u00f6yle bir devlette T\u00fcrkiye B\u00fcy\u00fck Millet Meclisi kimli\u011finde b\u00f6yle bir hanenin yer al\u0131yor olmas\u0131 da asl\u0131nda rahats\u0131zl\u0131k verici do\u011fru bir yakla\u015f\u0131m olarak g\u00f6rm\u00fcyorum. Ben \u0130slam de\u011filim niye o zaman yaz\u0131ld\u0131 sorusunu kendimle tart\u0131\u015fmaya ba\u015flad\u0131m. Sonra farkettim ki, bu asl\u0131nda ilk kez kar\u015f\u0131ma \u00e7\u0131kan bir mesele de\u011fil. Bir\u00e7ok yerde belki benim ailemle, ki\u015fili\u011fimle ilgili de\u011fil ama etraf\u0131mdaki Hristiyan, S\u00fcryani ailesinde bazen din hanesinde \u0130slam yaz\u0131ld\u0131\u011f\u0131n\u0131 g\u00f6rd\u00fcm. Bir dikkatsizlik olarak alg\u0131lad\u0131k bunu ama bu dikkatsizli\u011fin arka plan\u0131nda ba\u015fka bir \u015fey oldu\u011funu farkettim. Devleti y\u00f6netenlerin, iktidarda bulunan y\u00f6neticilerin, T\u00fcrkiye M\u00fcsl\u00fcman bir \u00fclkedir yakla\u015f\u0131m\u0131 s\u00f6z konusu. Y\u00fczde 99\u2019u M\u00fcsl\u00fcman olan bir \u00fclkeyiz derler sonra e\u011fitim anlay\u0131\u015f\u0131na bak\u0131yorsunuz tamamen M\u00fcsl\u00fcman bir anlay\u0131\u015fla belirleniyor. B\u00fct\u00fcn ders kitaplar\u0131, m\u00fcfredat b\u00f6yle bir bak\u0131\u015f a\u00e7\u0131s\u0131yla hatta di\u011fer dinleri anlat\u0131l\u0131rken mesela Hristiyanl\u0131k, Yahudilik bak\u0131\u015f a\u00e7\u0131s\u0131 da M\u00fcsl\u00fcman-S\u00fcnni bak\u0131\u015f\u0131n egemen oldu\u011fu anlay\u0131\u015f \u00e7er\u00e7evesinde anlat\u0131l\u0131yor ve bu toplumda bir haf\u0131za olu\u015fturuyor. Bu asl\u0131nda T\u00fcrkiye Cumhuriyeti M\u00fcsl\u00fcman-S\u00fcnni bir \u00fclkedir, bunun d\u0131\u015f\u0131ndaki kimlikler yok say\u0131l\u0131r, e\u011fitimde zaten yok say\u0131l\u0131yor. Yani devlet haf\u0131zas\u0131nda T\u00fcrkiye M\u00fcsl\u00fcman bir \u00fclkedir, M\u00fcsl\u00fcmanlardan ba\u015fka kimse yoktur.<\/p>\n<p><strong>\u201c\u015eimdiye kadar hi\u00e7 Hristiyan yaz\u0131ld\u0131\u011f\u0131n\u0131 g\u00f6rmedik\u201d<\/strong><\/p>\n<p>Bir yanl\u0131\u015fl\u0131kt\u0131r, bir eksikliktir,\u00a0\u00a0fakat 600 milletvekili i\u00e7erisinde \u015fimdiye kadar hi\u00e7 kimsenin \u0130slam,\u00a0\u00a0M\u00fcsl\u00fcman olan milletvekilinin kimli\u011finde Hristiyan yaz\u0131ld\u0131\u011f\u0131n\u0131 g\u00f6rmedik. \u015eu anda g\u00f6rev yapan bilinen \u00fc\u00e7 tane Hristiyan milletvekili var. Bu \u00fc\u00e7 ki\u015fi i\u00e7erisinde bir tane yanl\u0131\u015fl\u0131k yap\u0131l\u0131yorsa, bir dikkatsizlik ortaya \u00e7\u0131k\u0131yorsa demek ki ulusal haf\u0131zan\u0131n, yani devlet haf\u0131zas\u0131nda T\u00fcrkiye Cumhuriyeti M\u00fcsl\u00fcman bir \u00fclkedir anlay\u0131\u015f\u0131 yat\u0131yor. Son d\u00f6nemde geli\u015fen dini yakla\u015f\u0131mlar\u0131n devlete egemen olmaya ba\u015flamas\u0131\u00a0\u00a0iktidar\u0131n zaten\u00a0\u00a0\u00f6yle bir s\u00f6ylemi \u00e7ok\u00a0\u00a0geli\u015fkin bir i\u00e7imde s\u00f6yl\u00fcyor olmas\u0131 da\u00a0\u00a0bunun beraberinde getiriyor. Burada iki tane \u00f6nemli nokta var, e\u011fitim sisteminin sorgulanmas\u0131 gerekiyor,\u00a0\u00a0laik bir devlet ise b\u00fct\u00fcn inan\u0131\u015flar\u0131, farkl\u0131 bir din, mezhep, farkl\u0131 bir tarikat olabilir ve hepsine e\u015fit yakla\u015fmak zorunday\u0131z,\u00a0\u00a0ayr\u0131m yapmamas\u0131 gerekiyor, devletin n\u00f6tr olmas\u0131 laz\u0131m.<\/p>\n<p><strong>\u201cSon 15 y\u0131lda bir\u00e7ok e\u011fitimde at\u0131lan ad\u0131m\u0131n din temelli, din kaynakl\u0131 oldu\u011funu g\u00f6r\u00fcyoruz\u201d<\/strong><\/p>\n<p>Parlamento, T\u00fcrkiye Cumhuriyeti\u2019nin b\u00fct\u00fcn yasalar\u0131n\u0131 yapmakla m\u00fckellef, o iddiada olan bir kurum\u00a0\u00a0dolay\u0131s\u0131yla dini benzeri kimliklerin \u00f6n plana \u00e7\u0131kmamas\u0131 gerekiyor. Laik bir devlette kimliklerde din hanesinin olmamas\u0131 gerekiyor. \u00d6zellikle e\u011fitim m\u00fcfredat\u0131n\u0131n ciddi bir bi\u00e7imde ele al\u0131nmas\u0131 gerekiyor. Son 15 y\u0131lda bir\u00e7ok e\u011fitimde at\u0131lan ad\u0131m\u0131n din temelli, din kaynakl\u0131 oldu\u011funu g\u00f6r\u00fcyoruz. \u0130mam Hatip\u00a0\u00a0okullar\u0131n\u0131n \u00e7ok ciddi bir bi\u00e7imde ortaokul d\u00fczeyine indi ve art\u0131\u015f g\u00f6sterdi\u011fini g\u00f6r\u00fcyoruz.<\/p>\n<p>\u015eu anda T\u00fcrkiye\u2019de var olan e\u011fitimin, orta \u00f6\u011fretimin yar\u0131s\u0131 kadar imam hatip haline geldi. M\u00fcfredattaki verilen derslerde bir \u00e7ok felsefeden, din ve ahlak k\u00fclt\u00fcr\u00fcne kadar neredeyse fizik ve kimyaya girecek kadar dini bir bak\u0131\u015f a\u00e7\u0131s\u0131 \u0130slam-S\u00fcnni temelli yap\u0131l\u0131yor. Bunlar\u0131n ciddi bir bi\u00e7imde ele al\u0131nmas\u0131 gerekiyor.<\/p>\n<p><strong>\u201cMeclis ba\u015fkan\u0131n\u0131n benden \u00f6zel olarak \u00f6z\u00fcr dilemesi gerekiyor\u201d<\/strong><\/p>\n<p>Bunlar\u0131n d\u0131\u015f\u0131nda bu kimlikten dolay\u0131 Meclis ba\u015fkan\u0131 olarak Binali Y\u0131ld\u0131r\u0131m\u2019\u0131n imzas\u0131 var benim kart\u0131m\u0131n \u00fczerinde onun \u00f6zel olarak benden \u00f6z\u00fcr dilemesi gerekiyor. Birincisi dikkatsizlikten dolay\u0131,\u00a0\u00a0ikincisi Meclis kimli\u011finde din hanesinin olmamas\u0131 gerekti\u011fi konusunda bir d\u00fczenleme yap\u0131lmas\u0131 gerekiyor, ortaya \u00e7\u0131kan bu yanl\u0131\u015ftan dolay\u0131 da \u00f6z\u00fcr dilemesi gerekiyor.\u00a0\u00a0D\u00fczeltilmesi konusunda direkt Say\u0131n Meclis Ba\u015fkan\u0131 Binali Y\u0131ld\u0131r\u0131m\u2019a ba\u015fvuruda bulunaca\u011f\u0131m.<\/p>\n<p><strong>HDP\u2019li Tuma \u00c7elik kimdir?<\/strong><\/p>\n<p>TBMM\u2019nin sayfas\u0131nda Tuma \u00c7elik\u2019in biyografisi \u015f\u00f6yle yer al\u0131yor.<\/p>\n<p>1966 y\u0131l\u0131nda Midyat\u2019\u0131n Yemi\u015fli k\u00f6y\u00fcnde do\u011fdu. Ayn\u0131 k\u00f6yde ba\u015flad\u0131\u011f\u0131 ilkokulu, 1977 y\u0131l\u0131nda \u0130stanbul\u2019da bitirdi. 1984 y\u0131l\u0131nda \u0130stanbul \u00dcniversitesi \u0130ktisat Fak\u00fcltesi, \u00c7al\u0131\u015fma Ekonomisi ve End\u00fcstri ili\u015fkiler B\u00f6l\u00fcm\u00fcnde iki y\u0131l okudu. Sonras\u0131nda Anadolu \u00dcniversitesi A\u00d6F \u0130ktisat B\u00f6l\u00fcm\u00fcnden mezun oldu. 1985 y\u0131l\u0131nda itibaren \u0130svi\u00e7re\u2019de ya\u015famaya ba\u015flad\u0131. 2011 y\u0131l\u0131nda tekrar T\u00fcrkiye\u2019ye geri d\u00f6n\u00fcp Mardin\u2019in Midyat il\u00e7esinde yerle\u015fti.<\/p>\n<p>Halen Avrupa S\u00fcryaniler Birli\u011fi (ESU)\u2019nun T\u00fcrkiye Sorumlulu\u011funu y\u00fcr\u00fctmek olup \u015fu ana kadar Mezopotamya Uygarl\u0131\u011f\u0131nda S\u00fcryani Tarihi, Umudumuz Ba\u015fka Bahara Kalmas\u0131n, M\u0131zrak \u00c7uvala S\u0131\u011fm\u0131yor, Turabdin\u2019de Kalanlar ve Var ile Yok Aras\u0131nda olmak \u00fczere yay\u0131nlanm\u0131\u015f 5 (be\u015f) kitab\u0131 bulunmaktad\u0131r.<\/p>\n<p>Ayr\u0131ca, 1990 y\u0131l\u0131ndan itibaren S\u00fcryaniler\u2019in ya\u015fad\u0131\u011f\u0131 b\u00fct\u00fcn \u00fclkelerde S\u00fcryaniler aras\u0131nda olu\u015fturulan \u00f6rg\u00fctlenme \u00e7al\u0131\u015fmalar\u0131nda aktif rol ald\u0131. Bu s\u00fcre i\u00e7inde S\u00fcryanilerin Televizyonu (Suroyo TV)\u2019de y\u00f6netici olarak g\u00f6rev yapt\u0131. Ayn\u0131 zamanda Avrupa\u2019da yay\u0131n yapan S\u00fcryani dergisi Renyo Hiro\u2019nun kurulu\u015funda ve daha sonra y\u00f6netiminde yer ald\u0131. \u015eu anda Merkezi Midyat\u2019ta bulunan ve 2012 y\u0131l\u0131nda yay\u0131n hayat\u0131na ba\u015flayan S\u00fcryanice-T\u00fcrk\u00e7e yay\u0131n yapan ayl\u0131k S\u00fcryani gazetesi Sabro\u2019nun genel yay\u0131n y\u00f6netmenli\u011fini yapmaktad\u0131r<\/p>\n<p>Ana dili olan S\u00fcryanice\u2019nin yan\u0131nda, iyi derecede Almanca, orta derece \u0130ngilizce ile K\u00fcrt\u00e7e bilen \u00c7elik, Evli ve 4 \u00e7ocuk babas\u0131d\u0131r.<\/p>\n<p><a href=\"http:\/\/t24.com.tr\/haber\/hdpnin-hristiyan-mardin-milletvekili-tuma-celikin-meclis-kimlik-kartina-islam-yazildi,714642\"><strong><em>http:\/\/t24.com.tr\/haber\/hdpnin-hristiyan-mardin-milletvekili-tuma-celikin-meclis-kimlik-kartina-islam-yazildi,714642<\/em><\/strong><\/a><\/p>\n<p><strong><em>\u00a0\u00a0<\/em><\/strong><\/p>\n","protected":false},"excerpt":{"rendered":"<p>BMM Ba\u015fkan\u0131 Bina Y\u0131ld\u0131r\u0131m imzas\u0131yla 27. Yasama d\u00f6neminin 600 milletvekiline da\u011f\u0131t\u0131lan \u2018TBMM Milletvekili Kimlik Belgesi\u2019nde, \u00fc\u00e7 Hristiyan milletvekilinden biri olan HDP Mardin Milletvekili\u00a0Tuma \u00c7elik\u2019in kart\u0131nda yer alan din hanesine \u0130slam diye yaz\u0131ld\u0131.\u00a0 Kimlik belgesinin \u00fczerinde imzas\u0131 bulunan TBMM Ba\u015fkan\u0131 Y\u0131ld\u0131r\u0131m\u2019\u0131n kendisinde \u00f6zel olarak \u00f6z\u00fcr dilemesi\u00a0\u00a0gerekti\u011fini ifade eden HDP\u2019li \u00c7elik, Meclis kimli\u011finde din hanesinin olmamas\u0131 gerekti\u011fine [&hellip;]<\/p>\n","protected":false},"author":7,"featured_media":48825,"comment_status":"open","ping_status":"open","sticky":false,"template":"","format":"standard","meta":{"footnotes":""},"categories":[1,53],"tags":[],"class_list":["post-48823","post","type-post","status-publish","format-standard","has-post-thumbnail","hentry","category-haberler","category-turkiyede-azinliklar"],"yoast_head":"<!-- This site is optimized with the Yoast SEO plugin v27.4 - https:\/\/yoast.com\/product\/yoast-seo-wordpress\/ -->\n<title>HDP\u2019nin Hristiyan Mardin Milletvekili Tuma \u00c7elik\u2019in Meclis kimlik kart\u0131na \u2018\u0130slam\u2019 yaz\u0131ld\u0131! - Bati Ermenistan Ve Bati Ermenileri Sorunlari Ara\u015ftirmalar Merkezi<\/title>\n<meta name=\"robots\" content=\"index, follow, max-snippet:-1, max-image-preview:large, max-video-preview:-1\" \/>\n<link rel=\"canonical\" href=\"https:\/\/akunq.net\/tr\/?p=48823\" \/>\n<meta property=\"og:locale\" content=\"en_US\" \/>\n<meta property=\"og:type\" content=\"article\" \/>\n<meta property=\"og:title\" content=\"HDP\u2019nin Hristiyan Mardin Milletvekili Tuma \u00c7elik\u2019in Meclis kimlik kart\u0131na \u2018\u0130slam\u2019 yaz\u0131ld\u0131! - Bati Ermenistan Ve Bati Ermenileri Sorunlari Ara\u015ftirmalar Merkezi\" \/>\n<meta property=\"og:description\" content=\"BMM Ba\u015fkan\u0131 Bina Y\u0131ld\u0131r\u0131m imzas\u0131yla 27. Yasama d\u00f6neminin 600 milletvekiline da\u011f\u0131t\u0131lan \u2018TBMM Milletvekili Kimlik Belgesi\u2019nde, \u00fc\u00e7 Hristiyan milletvekilinden biri olan HDP Mardin Milletvekili\u00a0Tuma \u00c7elik\u2019in kart\u0131nda yer alan din hanesine \u0130slam diye yaz\u0131ld\u0131.\u00a0 Kimlik belgesinin \u00fczerinde imzas\u0131 bulunan TBMM Ba\u015fkan\u0131 Y\u0131ld\u0131r\u0131m\u2019\u0131n kendisinde \u00f6zel olarak \u00f6z\u00fcr dilemesi\u00a0\u00a0gerekti\u011fini ifade eden HDP\u2019li \u00c7elik, Meclis kimli\u011finde din hanesinin olmamas\u0131 gerekti\u011fine [&hellip;]\" \/>\n<meta property=\"og:url\" content=\"https:\/\/akunq.net\/tr\/?p=48823\" \/>\n<meta property=\"og:site_name\" content=\"Bati Ermenistan Ve Bati Ermenileri Sorunlari Ara\u015ftirmalar Merkezi\" \/>\n<meta property=\"article:published_time\" content=\"2018-10-04T09:40:12+00:00\" \/>\n<meta property=\"og:image\" content=\"https:\/\/akunq.net\/tr\/wp-content\/uploads\/sites\/6\/2018\/10\/Tuma-\u00c7elik-1.jpg\" \/>\n\t<meta property=\"og:image:width\" content=\"620\" \/>\n\t<meta property=\"og:image:height\" content=\"310\" \/>\n\t<meta property=\"og:image:type\" content=\"image\/jpeg\" \/>\n<meta name=\"author\" content=\"admin\" \/>\n<meta name=\"twitter:card\" content=\"summary_large_image\" \/>\n<meta name=\"twitter:label1\" content=\"Written by\" \/>\n\t<meta name=\"twitter:data1\" content=\"admin\" \/>\n\t<meta name=\"twitter:label2\" content=\"Est. reading time\" \/>\n\t<meta name=\"twitter:data2\" content=\"7 minutes\" \/>\n<script type=\"application\/ld+json\" class=\"yoast-schema-graph\">{\"@context\":\"https:\\\/\\\/schema.org\",\"@graph\":[{\"@type\":\"Article\",\"@id\":\"https:\\\/\\\/akunq.net\\\/tr\\\/?p=48823#article\",\"isPartOf\":{\"@id\":\"https:\\\/\\\/akunq.net\\\/tr\\\/?p=48823\"},\"author\":{\"name\":\"admin\",\"@id\":\"https:\\\/\\\/akunq.net\\\/tr\\\/#\\\/schema\\\/person\\\/096f1d38a12cce57fb855b485ed24c9e\"},\"headline\":\"HDP\u2019nin Hristiyan Mardin Milletvekili Tuma \u00c7elik\u2019in Meclis kimlik kart\u0131na \u2018\u0130slam\u2019 yaz\u0131ld\u0131!\",\"datePublished\":\"2018-10-04T09:40:12+00:00\",\"mainEntityOfPage\":{\"@id\":\"https:\\\/\\\/akunq.net\\\/tr\\\/?p=48823\"},\"wordCount\":1442,\"commentCount\":0,\"image\":{\"@id\":\"https:\\\/\\\/akunq.net\\\/tr\\\/?p=48823#primaryimage\"},\"thumbnailUrl\":\"https:\\\/\\\/akunq.net\\\/tr\\\/wp-content\\\/uploads\\\/sites\\\/6\\\/2018\\\/10\\\/Tuma-\u00c7elik-1.jpg\",\"articleSection\":[\"Haberler\",\"T\u00fcrkiye\u2019de Az\u0131nl\u0131klar\"],\"inLanguage\":\"en-US\",\"potentialAction\":[{\"@type\":\"CommentAction\",\"name\":\"Comment\",\"target\":[\"https:\\\/\\\/akunq.net\\\/tr\\\/?p=48823#respond\"]}]},{\"@type\":\"WebPage\",\"@id\":\"https:\\\/\\\/akunq.net\\\/tr\\\/?p=48823\",\"url\":\"https:\\\/\\\/akunq.net\\\/tr\\\/?p=48823\",\"name\":\"HDP\u2019nin Hristiyan Mardin Milletvekili Tuma \u00c7elik\u2019in Meclis kimlik kart\u0131na \u2018\u0130slam\u2019 yaz\u0131ld\u0131! - Bati Ermenistan Ve Bati Ermenileri Sorunlari Ara\u015ftirmalar Merkezi\",\"isPartOf\":{\"@id\":\"https:\\\/\\\/akunq.net\\\/tr\\\/#website\"},\"primaryImageOfPage\":{\"@id\":\"https:\\\/\\\/akunq.net\\\/tr\\\/?p=48823#primaryimage\"},\"image\":{\"@id\":\"https:\\\/\\\/akunq.net\\\/tr\\\/?p=48823#primaryimage\"},\"thumbnailUrl\":\"https:\\\/\\\/akunq.net\\\/tr\\\/wp-content\\\/uploads\\\/sites\\\/6\\\/2018\\\/10\\\/Tuma-\u00c7elik-1.jpg\",\"datePublished\":\"2018-10-04T09:40:12+00:00\",\"author\":{\"@id\":\"https:\\\/\\\/akunq.net\\\/tr\\\/#\\\/schema\\\/person\\\/096f1d38a12cce57fb855b485ed24c9e\"},\"breadcrumb\":{\"@id\":\"https:\\\/\\\/akunq.net\\\/tr\\\/?p=48823#breadcrumb\"},\"inLanguage\":\"en-US\",\"potentialAction\":[{\"@type\":\"ReadAction\",\"target\":[\"https:\\\/\\\/akunq.net\\\/tr\\\/?p=48823\"]}]},{\"@type\":\"ImageObject\",\"inLanguage\":\"en-US\",\"@id\":\"https:\\\/\\\/akunq.net\\\/tr\\\/?p=48823#primaryimage\",\"url\":\"https:\\\/\\\/akunq.net\\\/tr\\\/wp-content\\\/uploads\\\/sites\\\/6\\\/2018\\\/10\\\/Tuma-\u00c7elik-1.jpg\",\"contentUrl\":\"https:\\\/\\\/akunq.net\\\/tr\\\/wp-content\\\/uploads\\\/sites\\\/6\\\/2018\\\/10\\\/Tuma-\u00c7elik-1.jpg\",\"width\":620,\"height\":310},{\"@type\":\"BreadcrumbList\",\"@id\":\"https:\\\/\\\/akunq.net\\\/tr\\\/?p=48823#breadcrumb\",\"itemListElement\":[{\"@type\":\"ListItem\",\"position\":1,\"name\":\"Home\",\"item\":\"https:\\\/\\\/akunq.net\\\/tr\"},{\"@type\":\"ListItem\",\"position\":2,\"name\":\"HDP\u2019nin Hristiyan Mardin Milletvekili Tuma \u00c7elik\u2019in Meclis kimlik kart\u0131na \u2018\u0130slam\u2019 yaz\u0131ld\u0131!\"}]},{\"@type\":\"WebSite\",\"@id\":\"https:\\\/\\\/akunq.net\\\/tr\\\/#website\",\"url\":\"https:\\\/\\\/akunq.net\\\/tr\\\/\",\"name\":\"Bati Ermenistan Ve Bati Ermenileri Sorunlari Ara\u015ftirmalar Merkezi\",\"description\":\"\",\"potentialAction\":[{\"@type\":\"SearchAction\",\"target\":{\"@type\":\"EntryPoint\",\"urlTemplate\":\"https:\\\/\\\/akunq.net\\\/tr\\\/?s={search_term_string}\"},\"query-input\":{\"@type\":\"PropertyValueSpecification\",\"valueRequired\":true,\"valueName\":\"search_term_string\"}}],\"inLanguage\":\"en-US\"},{\"@type\":\"Person\",\"@id\":\"https:\\\/\\\/akunq.net\\\/tr\\\/#\\\/schema\\\/person\\\/096f1d38a12cce57fb855b485ed24c9e\",\"name\":\"admin\",\"url\":\"https:\\\/\\\/akunq.net\\\/tr\\\/?author=7\"}]}<\/script>\n<!-- \/ Yoast SEO plugin. -->","yoast_head_json":{"title":"HDP\u2019nin Hristiyan Mardin Milletvekili Tuma \u00c7elik\u2019in Meclis kimlik kart\u0131na \u2018\u0130slam\u2019 yaz\u0131ld\u0131! - Bati Ermenistan Ve Bati Ermenileri Sorunlari Ara\u015ftirmalar Merkezi","robots":{"index":"index","follow":"follow","max-snippet":"max-snippet:-1","max-image-preview":"max-image-preview:large","max-video-preview":"max-video-preview:-1"},"canonical":"https:\/\/akunq.net\/tr\/?p=48823","og_locale":"en_US","og_type":"article","og_title":"HDP\u2019nin Hristiyan Mardin Milletvekili Tuma \u00c7elik\u2019in Meclis kimlik kart\u0131na \u2018\u0130slam\u2019 yaz\u0131ld\u0131! - Bati Ermenistan Ve Bati Ermenileri Sorunlari Ara\u015ftirmalar Merkezi","og_description":"BMM Ba\u015fkan\u0131 Bina Y\u0131ld\u0131r\u0131m imzas\u0131yla 27. Yasama d\u00f6neminin 600 milletvekiline da\u011f\u0131t\u0131lan \u2018TBMM Milletvekili Kimlik Belgesi\u2019nde, \u00fc\u00e7 Hristiyan milletvekilinden biri olan HDP Mardin Milletvekili\u00a0Tuma \u00c7elik\u2019in kart\u0131nda yer alan din hanesine \u0130slam diye yaz\u0131ld\u0131.\u00a0 Kimlik belgesinin \u00fczerinde imzas\u0131 bulunan TBMM Ba\u015fkan\u0131 Y\u0131ld\u0131r\u0131m\u2019\u0131n kendisinde \u00f6zel olarak \u00f6z\u00fcr dilemesi\u00a0\u00a0gerekti\u011fini ifade eden HDP\u2019li \u00c7elik, Meclis kimli\u011finde din hanesinin olmamas\u0131 gerekti\u011fine [&hellip;]","og_url":"https:\/\/akunq.net\/tr\/?p=48823","og_site_name":"Bati Ermenistan Ve Bati Ermenileri Sorunlari Ara\u015ftirmalar Merkezi","article_published_time":"2018-10-04T09:40:12+00:00","og_image":[{"width":620,"height":310,"url":"https:\/\/akunq.net\/tr\/wp-content\/uploads\/sites\/6\/2018\/10\/Tuma-\u00c7elik-1.jpg","type":"image\/jpeg"}],"author":"admin","twitter_card":"summary_large_image","twitter_misc":{"Written by":"admin","Est. reading time":"7 minutes"},"schema":{"@context":"https:\/\/schema.org","@graph":[{"@type":"Article","@id":"https:\/\/akunq.net\/tr\/?p=48823#article","isPartOf":{"@id":"https:\/\/akunq.net\/tr\/?p=48823"},"author":{"name":"admin","@id":"https:\/\/akunq.net\/tr\/#\/schema\/person\/096f1d38a12cce57fb855b485ed24c9e"},"headline":"HDP\u2019nin Hristiyan Mardin Milletvekili Tuma \u00c7elik\u2019in Meclis kimlik kart\u0131na \u2018\u0130slam\u2019 yaz\u0131ld\u0131!","datePublished":"2018-10-04T09:40:12+00:00","mainEntityOfPage":{"@id":"https:\/\/akunq.net\/tr\/?p=48823"},"wordCount":1442,"commentCount":0,"image":{"@id":"https:\/\/akunq.net\/tr\/?p=48823#primaryimage"},"thumbnailUrl":"https:\/\/akunq.net\/tr\/wp-content\/uploads\/sites\/6\/2018\/10\/Tuma-\u00c7elik-1.jpg","articleSection":["Haberler","T\u00fcrkiye\u2019de Az\u0131nl\u0131klar"],"inLanguage":"en-US","potentialAction":[{"@type":"CommentAction","name":"Comment","target":["https:\/\/akunq.net\/tr\/?p=48823#respond"]}]},{"@type":"WebPage","@id":"https:\/\/akunq.net\/tr\/?p=48823","url":"https:\/\/akunq.net\/tr\/?p=48823","name":"HDP\u2019nin Hristiyan Mardin Milletvekili Tuma \u00c7elik\u2019in Meclis kimlik kart\u0131na \u2018\u0130slam\u2019 yaz\u0131ld\u0131! - Bati Ermenistan Ve Bati Ermenileri Sorunlari Ara\u015ftirmalar Merkezi","isPartOf":{"@id":"https:\/\/akunq.net\/tr\/#website"},"primaryImageOfPage":{"@id":"https:\/\/akunq.net\/tr\/?p=48823#primaryimage"},"image":{"@id":"https:\/\/akunq.net\/tr\/?p=48823#primaryimage"},"thumbnailUrl":"https:\/\/akunq.net\/tr\/wp-content\/uploads\/sites\/6\/2018\/10\/Tuma-\u00c7elik-1.jpg","datePublished":"2018-10-04T09:40:12+00:00","author":{"@id":"https:\/\/akunq.net\/tr\/#\/schema\/person\/096f1d38a12cce57fb855b485ed24c9e"},"breadcrumb":{"@id":"https:\/\/akunq.net\/tr\/?p=48823#breadcrumb"},"inLanguage":"en-US","potentialAction":[{"@type":"ReadAction","target":["https:\/\/akunq.net\/tr\/?p=48823"]}]},{"@type":"ImageObject","inLanguage":"en-US","@id":"https:\/\/akunq.net\/tr\/?p=48823#primaryimage","url":"https:\/\/akunq.net\/tr\/wp-content\/uploads\/sites\/6\/2018\/10\/Tuma-\u00c7elik-1.jpg","contentUrl":"https:\/\/akunq.net\/tr\/wp-content\/uploads\/sites\/6\/2018\/10\/Tuma-\u00c7elik-1.jpg","width":620,"height":310},{"@type":"BreadcrumbList","@id":"https:\/\/akunq.net\/tr\/?p=48823#breadcrumb","itemListElement":[{"@type":"ListItem","position":1,"name":"Home","item":"https:\/\/akunq.net\/tr"},{"@type":"ListItem","position":2,"name":"HDP\u2019nin Hristiyan Mardin Milletvekili Tuma \u00c7elik\u2019in Meclis kimlik kart\u0131na \u2018\u0130slam\u2019 yaz\u0131ld\u0131!"}]},{"@type":"WebSite","@id":"https:\/\/akunq.net\/tr\/#website","url":"https:\/\/akunq.net\/tr\/","name":"Bati Ermenistan Ve Bati Ermenileri Sorunlari Ara\u015ftirmalar Merkezi","description":"","potentialAction":[{"@type":"SearchAction","target":{"@type":"EntryPoint","urlTemplate":"https:\/\/akunq.net\/tr\/?s={search_term_string}"},"query-input":{"@type":"PropertyValueSpecification","valueRequired":true,"valueName":"search_term_string"}}],"inLanguage":"en-US"},{"@type":"Person","@id":"https:\/\/akunq.net\/tr\/#\/schema\/person\/096f1d38a12cce57fb855b485ed24c9e","name":"admin","url":"https:\/\/akunq.net\/tr\/?author=7"}]}},"_links":{"self":[{"href":"https:\/\/akunq.net\/tr\/index.php?rest_route=\/wp\/v2\/posts\/48823","targetHints":{"allow":["GET"]}}],"collection":[{"href":"https:\/\/akunq.net\/tr\/index.php?rest_route=\/wp\/v2\/posts"}],"about":[{"href":"https:\/\/akunq.net\/tr\/index.php?rest_route=\/wp\/v2\/types\/post"}],"author":[{"embeddable":true,"href":"https:\/\/akunq.net\/tr\/index.php?rest_route=\/wp\/v2\/users\/7"}],"replies":[{"embeddable":true,"href":"https:\/\/akunq.net\/tr\/index.php?rest_route=%2Fwp%2Fv2%2Fcomments&post=48823"}],"version-history":[{"count":1,"href":"https:\/\/akunq.net\/tr\/index.php?rest_route=\/wp\/v2\/posts\/48823\/revisions"}],"predecessor-version":[{"id":48826,"href":"https:\/\/akunq.net\/tr\/index.php?rest_route=\/wp\/v2\/posts\/48823\/revisions\/48826"}],"wp:featuredmedia":[{"embeddable":true,"href":"https:\/\/akunq.net\/tr\/index.php?rest_route=\/wp\/v2\/media\/48825"}],"wp:attachment":[{"href":"https:\/\/akunq.net\/tr\/index.php?rest_route=%2Fwp%2Fv2%2Fmedia&parent=48823"}],"wp:term":[{"taxonomy":"category","embeddable":true,"href":"https:\/\/akunq.net\/tr\/index.php?rest_route=%2Fwp%2Fv2%2Fcategories&post=48823"},{"taxonomy":"post_tag","embeddable":true,"href":"https:\/\/akunq.net\/tr\/index.php?rest_route=%2Fwp%2Fv2%2Ftags&post=48823"}],"curies":[{"name":"wp","href":"https:\/\/api.w.org\/{rel}","templated":true}]}}