{"id":48451,"date":"2018-09-10T02:57:00","date_gmt":"2018-09-10T07:57:00","guid":{"rendered":"http:\/\/akunq.net\/tr\/?p=48451"},"modified":"2018-09-10T02:57:00","modified_gmt":"2018-09-10T07:57:00","slug":"rejimin-mesrulastirilmasinda-azinliklarin-aracsallastirilmasi","status":"publish","type":"post","link":"https:\/\/akunq.net\/tr\/?p=48451","title":{"rendered":"Rejimin Me\u015frula\u015ft\u0131r\u0131lmas\u0131nda Az\u0131nl\u0131klar\u0131n Ara\u00e7salla\u015ft\u0131r\u0131lmas\u0131"},"content":{"rendered":"<p><a href=\"http:\/\/akunq.net\/tr\/?attachment_id=48452\" rel=\"attachment wp-att-48452\"><img loading=\"lazy\" decoding=\"async\" class=\"aligncenter size-full wp-image-48452\" src=\"http:\/\/akunq.net\/tr\/wp-content\/uploads\/2018\/09\/Te\u015fekk\u00fcr-notu.jpg\" alt=\"\" width=\"1844\" height=\"3000\" srcset=\"https:\/\/akunq.net\/tr\/wp-content\/uploads\/sites\/6\/2018\/09\/Te\u015fekk\u00fcr-notu.jpg 1844w, https:\/\/akunq.net\/tr\/wp-content\/uploads\/sites\/6\/2018\/09\/Te\u015fekk\u00fcr-notu-166x270.jpg 166w, https:\/\/akunq.net\/tr\/wp-content\/uploads\/sites\/6\/2018\/09\/Te\u015fekk\u00fcr-notu-768x1249.jpg 768w, https:\/\/akunq.net\/tr\/wp-content\/uploads\/sites\/6\/2018\/09\/Te\u015fekk\u00fcr-notu-560x911.jpg 560w, https:\/\/akunq.net\/tr\/wp-content\/uploads\/sites\/6\/2018\/09\/Te\u015fekk\u00fcr-notu-260x423.jpg 260w, https:\/\/akunq.net\/tr\/wp-content\/uploads\/sites\/6\/2018\/09\/Te\u015fekk\u00fcr-notu-160x260.jpg 160w\" sizes=\"auto, (max-width: 1844px) 100vw, 1844px\" \/><\/a><\/p>\n<p><strong>Sait \u00c7etino\u011flu<\/strong><\/p>\n<p><strong><em>Rejimin her s\u0131k\u0131\u015fmas\u0131nda, kendini yeniden \u00fcretmede ve me\u015frula\u015ft\u0131rmada, ara\u00e7salla\u015ft\u0131rarak en kolay kullanabilece\u011fi toplumsal grup az\u0131nl\u0131klard\u0131r. K\u0131saca muktedir olmayanlar\u0131 ara\u00e7salla\u015ft\u0131r\u0131r. Ge\u00e7ti\u011fimiz g\u00fcnlerde\u00a0\u0130zmir\u00a0Dirili\u015f\u00a0Kilisesi Rahibi\u00a0Andrew CraigBrunson\u2019un aylarca s\u00fcren T\u00fcrkiye\u2019deki tutuklulu\u011fu dolay\u0131s\u0131yla ABD ile ya\u015fanan gerilim nedeniyle, ABD Ba\u015fkan Yard\u0131mc\u0131s\u0131 Mike Pence, Dini \u00d6zg\u00fcrl\u00fckler Panelinde bu tutuklulu\u011fa de\u011finerek, Rahip Brunson\u2019a verilen cezan\u0131n din\u00ee oldu\u011funu vurgulamas\u0131 kar\u015f\u0131s\u0131nda, T\u00fcrkiye\u2019deki az\u0131nl\u0131k cemaatleri vak\u0131f ve dini temsilcileri \u201c\u00f6zg\u00fcr\u00fcz\u201d bildirisi yay\u0131nlam\u0131\u015flard\u0131r.<\/em><\/strong><\/p>\n<p>A\u00e7\u0131klamada, \u201c\u0130nanc\u0131m\u0131z\u0131 \u00f6zg\u00fcrce ya\u015famakta ve geleneklerimize g\u00f6re ibadetlerimizi \u00f6zg\u00fcrce yerine getirmekteyiz. Bask\u0131 oldu\u011funu iddia eden ve\/veya ima eden beyanlar tamamen as\u0131ls\u0131zd\u0131r ve maksad\u0131n\u0131 a\u015fmaktad\u0131r\u201d denilmi\u015fti.<a name=\"_ednref1\"><\/a><a href=\"https:\/\/eae8030c-05a1-40ee-ac49-ec8e308ff88a\/#_edn1\">[i]<\/a><\/p>\n<p><em>Bir y\u0131l tutuklu kald\u0131ktan sonra hi\u00e7bir a\u00e7\u0131klama yap\u0131lmadan serbest b\u0131rak\u0131lan Alman<\/em>\u00a0Die Welt\u00a0<em>gazetesi<\/em>\u00a0T\u00fcrkiye muhabiri Deniz Y\u00fccel\u2019in rehin olarak alg\u0131land\u0131\u011f\u0131 gibi,\u00a0<em>Rahip Brunson da rehin olarak alg\u0131lanm\u0131\u015f T. C., hem ABD kamuoyunda hem de Bat\u0131 d\u00fcnyas\u0131nda b\u00fcy\u00fck bir prestij kayb\u0131na u\u011fram\u0131\u015ft\u0131r.\u00a0<\/em>Erdo\u011fan\u2019\u0131n Polis Akademisi mezuniyet t\u00f6renindeki; \u201cVer papaz\u0131, al papaz\u0131 \u201c<a name=\"_ednref2\"><\/a><a href=\"https:\/\/eae8030c-05a1-40ee-ac49-ec8e308ff88a\/#_edn2\">[ii]<\/a>s\u00f6ylemi durumu daha vahim bir boyuta ta\u015f\u0131m\u0131\u015ft\u0131r.<\/p>\n<p>Bask\u0131n Oran bu durumu \u015fu s\u00f6zlerle \u00f6zetler: \u201cBizden papaz istiyorlar, sizde de bir papaz var, verin yarg\u0131layal\u0131m\u00a0<a href=\"http:\/\/www.hurriyet.com.tr\/dunya\/kim-bu-amerikanin-israrla-istedigi-papaz-40594210\">diyorum<\/a>\u201d\u00a0zihniyeti ve politikas\u0131, T\u00fcrkiye\u2019yi \u201cKom\u015fularla S\u0131f\u0131r Sorun\u201d politikas\u0131ndan art\u0131k sistematik \u201cHerkesle Sorun\u201d ve hatta esir takas\u0131 evresine getirdi.<a name=\"_ednref3\"><\/a><a href=\"https:\/\/eae8030c-05a1-40ee-ac49-ec8e308ff88a\/#_edn3\">[iii]<\/a><\/p>\n<p>Krizden\u00a0<em>\u015eark kurnazl\u0131\u011f\u0131 kurtulmak ve yap\u0131lan haks\u0131zl\u0131\u011f\u0131 me\u015frula\u015ft\u0131rarak bu durumdan \u00e7\u0131kabilmek i\u00e7in, Bat\u0131 ile ba\u011flar\u0131n\u0131n bulundu\u011fu ve etkisinin olabilece\u011fini d\u00fc\u015f\u00fcnd\u00fc\u011f\u00fc irili ufakl\u0131 t\u00fcm az\u0131nl\u0131klar\u0131n vak\u0131f ve dini temsilcilerini bir araya getirerek yapt\u0131rd\u0131\u011f\u0131 a\u00e7\u0131klama ile krizin kal\u0131c\u0131l\u0131\u011f\u0131n\u0131 ve me\u015frulu\u011funu sa\u011flamak istemi\u015ftir.<\/em><\/p>\n<p>A\u00e7\u0131klaman\u0131n bir g\u00fcn sonras\u0131nda Cumhurba\u015fkanl\u0131\u011f\u0131 S\u00f6zc\u00fcs\u00fc\u00a0<a href=\"https:\/\/www.haberturk.com\/kisi\/ibrahim-kalin\">\u0130brahim Kal\u0131n<\/a>, az\u0131nl\u0131k cemaatleri temsilcileri ile Cumhurba\u015fkanl\u0131\u011f\u0131 Dolmabah\u00e7e Ofisi\u2019nde yakla\u015f\u0131k 4 saat s\u00fcren yemekli \u201cg\u00f6r\u00fc\u015fme\u201d yapm\u0131\u015ft\u0131r. \u00a0Yeme\u011fin ard\u0131ndan, cemaatler ad\u0131na T\u00fcrkiye Hahamba\u015f\u0131s\u0131 \u0130sak Haleva\u2019ya yeni bir a\u00e7\u0131klama yapt\u0131r\u0131lm\u0131\u015ft\u0131r. \u00a0Haleva, \u201cBu bildirinin T\u00fcrkiye\u2019mizin \u00fc\u00e7 taraf\u0131ndaki denizlerinin \u0131l\u0131k dalgalar\u0131 t\u00fcm d\u00fcnyaya yay\u0131ls\u0131n. D\u00fcnyan\u0131n b\u00f6yle bir manzaraya ihtiyac\u0131 vard\u0131r. T\u00fcrkiye \u00f6rnek devlet olabilir\u201d s\u00f6zleriyle bildiriye vurgu yaparak. A\u00e7\u0131klama ihtiyac\u0131n\u0131n \u201c\u00e7atlak sesler\u201de y\u00f6nelik oldu\u011funu ekler.<br \/>\nS\u00f6zc\u00fc \u0130brahim Kal\u0131n, inisiyatifin az\u0131nl\u0131k temsilcilerinden gelmesinin memnuniyet verici oldu\u011funu vurgulayarak, yurt d\u0131\u015f\u0131nda \u00fclkemiz aleyhinde kullan\u0131lan baz\u0131 kampanyalarla dini az\u0131nl\u0131klar\u0131n dinini ya\u015fayamad\u0131\u011f\u0131 gibi iddialar\u0131na en g\u00fczel cevab\u0131 cemaat vak\u0131flar\u0131 kendileri kendi \u015fahitlikleri ile ortak bildiri ile vermi\u015f olduklar\u0131n\u0131n alt\u0131n\u0131 \u00e7izer.<a name=\"_ednref4\"><\/a><a href=\"https:\/\/eae8030c-05a1-40ee-ac49-ec8e308ff88a\/#_edn4\">[iv]<\/a><\/p>\n<p>Ancak bu kullan\u0131m ya da ara\u00e7salla\u015ft\u0131rma, rejimi me\u015frula\u015ft\u0131rmaya bir etkisinin olmamas\u0131n\u0131n verejimi daha fazla te\u015fhir etmesinin yan\u0131nda, rejime destek niteli\u011findeki a\u00e7\u0131klamalar a\u00e7\u0131klamay\u0131 yapan gruplar\u0131 da k\u00fc\u00e7\u00fck d\u00fc\u015f\u00fcrmektedir.<\/p>\n<p>Tarih bu konuda birbirleriyle yar\u0131\u015facak \u00f6rneklerle doludur. Biz bunlardan Hamid rejiminin 1894-96 Ermeni Katliamlar\u0131 s\u0131ras\u0131nda yay\u0131nlat\u0131lan bildiriyle meram\u0131m\u0131z\u0131 anlatmay\u0131 s\u00fcrd\u00fcrece\u011fiz; D\u00f6nemin S\u00fcryani cemaat temsilcilerince Hamidi istibdat rejimine destek mahiyetinde ve katliamlar\u0131 me\u015frula\u015ft\u0131r\u0131c\u0131 ortak bir te\u015fekk\u00fcrname imzalanm\u0131\u015ft\u0131r.<\/p>\n<p>Sultan Abd\u00fclhamid\u2019e\u00a0\u00a0<em>K\u0131z\u0131l Sultan<\/em>unvan\u0131n\u0131 kazand\u0131racak olan\u00a0 ve\u00a0d\u00f6neminin en b\u00fcy\u00fck k\u0131y\u0131mlar\u0131ndan biri olan, 1894 y\u0131l\u0131ndaki Sason Katliamlar\u0131\u2019ndan ba\u015flayarak\u00a0 1895-96 y\u0131llar\u0131nda devam eden Katliamlar, \u00a0Ermeni vilayetlerindeki 300 bin Ermeni\u2019nin yok edilmesi,\u00a0 kad\u0131n ve \u00e7ocuklar\u0131n M\u00fcsl\u00fcmanla\u015ft\u0131r\u0131larak Ermeni mallar\u0131na el konulmas\u0131, kiliselerin camiye \u00e7evrilmesi, a\u00e7l\u0131ktan \u00f6l\u00fcmler, \u0130htiyatl\u0131g\u00f6zlemciler \u00a0i\u00e7indahi 1896 yaz\u0131nda, kitle katliamlar\u0131 sonras\u0131ndan kalan on iki ya\u015f\u00a0alt\u0131nda en az elli bin yetim\u2026gibi korkun\u00e7 bir tablo ile sonu\u00e7lanm\u0131\u015ft\u0131r.<\/p>\n<p>Utanc\u0131n \u00f6l\u00fcmden beter oldu\u011fu bir s\u00fcre\u00e7 olarak tan\u0131mlanan Hamidi d\u00f6nemin katliamlar\u0131 s\u00fcrecinde a\u015fa\u011f\u0131daki te\u015fekk\u00fcrname yay\u0131nlanm\u0131\u015ft\u0131r:<\/p>\n<p><strong>[S\u00fcryani Ortodoks Patrikli\u011fi, rahipler ve e\u015fraftan 1895 Katliamlar\u0131 \u2013Seyfo \u2013 sonras\u0131nda Sultan II. Abd\u00fclhamid\u2019e hitaben g\u00f6nderilen] Te\u015fekk\u00fcr notu<a name=\"_ednref5\"><\/a><a href=\"https:\/\/eae8030c-05a1-40ee-ac49-ec8e308ff88a\/#_edn5\">[v]<\/a><\/strong><\/p>\n<p>\u201cBu duac\u0131 hizmetkarlar, islam h\u00fck\u00fcmetinin \u00fcnl\u00fc fatihi Halife \u00d6mer d\u00f6neminden beri ve huzur i\u00e7inde ya\u015famam\u0131z i\u00e7in gerekli himayeyi sa\u011flayan ebed\u00ee Osmanl\u0131 [devletinin] kanatlar\u0131 alt\u0131nda ge\u00e7en be\u015f y\u00fcz y\u0131l i\u00e7in \u015f\u00fckran doludur.<\/p>\n<p>Dinimiz, mezhebimiz, dilimiz, mal\/m\u00fclk\u00fcm\u00fcz ve emniyet ve onurumuz y\u00fcce h\u00fck\u00fcmetin himayesi alt\u0131nda ve yurtta\u015flar\u0131m\u0131z ve sevgili kom\u015fular\u0131m\u0131z olarak bizi her t\u00fcrl\u00fc sald\u0131r\u0131 ve husumetten koruyan Bu vesileyle, devlet idaresi ve h\u00fck\u00fcmdarl\u0131\u011f\u0131na \u015f\u00fckran duydu\u011fumuz hilafetin [halifenin] \u015fanl\u0131 s\u0131\u011f\u0131na\u011f\u0131n\u0131n ihti\u015fam\u0131 ve hayat\u0131n devaml\u0131l\u0131\u011f\u0131 i\u00e7in imparatorluk hazretlerine duac\u0131y\u0131z.<\/p>\n<p>Son zamanlarda Diyarbak\u0131r\u2019da ve civar\u0131m\u0131zda, Osmanl\u0131 devletinin bu sad\u0131k ve eski tebaalar\u0131 olan biz hizmetkarlara kar\u015f\u0131 Ermeni huzur bozucular\u0131n yaratt\u0131klar\u0131 her \u015feyin tamamen fark\u0131nday\u0131z.<\/p>\n<p>Onlara kat\u0131lmaya zorland\u0131k ve tehdit edildik ve her ne kadar bizi, her zaman minnettar oldu\u011fumuz babalar\u0131m\u0131zdan ve dedelerimizden bize kalan en de\u011ferli miras\u0131m\u0131z olan hizmet yolundan ay\u0131rmaya \u00e7al\u0131\u015fsalar da bizler hizmet ve ba\u011fl\u0131l\u0131\u011f\u0131m\u0131z\u0131 s\u00fcrd\u00fcrd\u00fck.<\/p>\n<p>Cehaletten muzdarip olanlar\u0131m\u0131z\u0131 sadakat ihsan\u0131n\u0131 takdir etti\u011fimiz Sultan Hazretlerinin bize bah\u015fetti\u011fi sevginin fark\u0131ndal\u0131\u011f\u0131yla velinimetimize kar\u015f\u0131 yanl\u0131\u015ftan uzak tuttuk, engelledik ve uyard\u0131k.<\/p>\n<p>Emniyeti tercih ederek her t\u00fcrl\u00fc tats\u0131zl\u0131ktan ka\u00e7\u0131n\u0131yor; fesat\u00e7\u0131lar\u0131n niyetlerini reddediyor ve eski ba\u011fl\u0131l\u0131\u011f\u0131m\u0131z\u0131n gereklerine itaat ve sadakatle ba\u011fl\u0131 oldu\u011fumuzu onayl\u0131yor ve b\u00f6yle de devam etti\u011fimizi size bildirmek istiyoruz.<\/p>\n<p>[bizler] krallar kral\u0131 ekselanslar\u0131n\u0131n r\u0131zk\u0131n\u0131 ve iste\u011fini bahtiyarl\u0131kla kabul etmek suretiyla kullu\u011fumuza devam\u0131 tercih etti\u011fimizi bildirmek istiyoruz.<\/p>\n<p>Tahkikat komitesine sunulan bu te\u015fekk\u00fcr notuyla da sadakatimizi beyan ediyoruz.<\/p>\n<p>19 Aral\u0131k 1895<\/p>\n<p>Birinci s\u0131rada, sa\u011fdan sola imzac\u0131lar\u0131n Osmanl\u0131ca harflerle adlar\u0131:<\/p>\n<p>1- \u0160ammas [Diyakoz] H\u0331annu\u0161; 2- Ya\u02c1qub; 3- Quryaqos; 4- Quryaqos; 5- Tomas Ibn H\u0331anna; 6-Qas [Papaz] H\u0331anna \u02c1Abde; 7- Xuri [Ba\u015fpapaz] Yusuf; 8- Ya ra\u1e96man, twaff\u00ebq umur \u02c1Abdulmasi\u1e96, ba\u0163\u00ebryark as-suryan [velinimetimiz efendimizin, s\u00fcryanilerin patriki \u02c1Abdulmesi\u1e96\u2019in \u00e7abalar\u0131n\u0131 takdir etmesini dileriz].<\/p>\n<p>Orta s\u0131rada, sa\u011fdan sola, Arap\u00e7a ve klasik S\u00fcryanice:<\/p>\n<p>1- Maqdisi\u00a0Jirjis \u02c1Abde; \u00a02- Ya\u02c1qub Borakji (klasik s\u00fcryanice yaz\u0131m); 3- Yusuf (klasik s\u00fcryanice yaz\u0131m); 4- Fat\u1e96alla; 5- Ya\u02c1qub; 6- Na\u02c1um; 7- H\u0331annu\u0161; 8- \u015ealiba<\/p>\n<p>A<em>rap\u00e7a ve klasik S\u00fcryanice m\u00fch\u00fcrler<\/em>:<\/p>\n<ul>\n<li>Kadim S\u00fcryani [Ortodoks] DaniyalMan\u015furiye cemaatiRamzi Yusuf; 2- Tuma (klasik s\u00fcryani yaz\u0131yla); 3- H\u0331annu\u0161; 4- Asya walad-i \u02c1Amaniyel; 5- Na\u02c1um; 6- Abla\u1e96at; 7- Na\u02c1um\u201d<\/li>\n<\/ul>\n<p>Alttaki sat\u0131r, sa\u01e7dan sola do\u01e7ru, m\u00fch\u00fcrl\u00fc imzac\u0131lar\u0131n adlar\u0131, Arap\u00e7a ve Klasik S\u00fcryanice harflerle kaz\u0131l\u0131.1- S\u00fcryan kadim DaniyalMansuriye cemaati<\/p>\n<p>Ramzi Yusuf ; 2- Tuma (Klasik S\u00fcryanice harfle); 3- H\u0331annu\u0161; 4- Asya walad-i \u02c1Amaniyel; 5- Na\u02c1um; 6- Abla\u1e96at; 7- Na\u02c1um<a name=\"_ednref6\"><\/a><a href=\"https:\/\/eae8030c-05a1-40ee-ac49-ec8e308ff88a\/#_edn6\">[vi]<\/a><\/p>\n<p>Meram\u0131m\u0131z\u0131 anlatt\u0131\u011f\u0131m\u0131z\u0131 d\u00fc\u015f\u00fcnd\u00fc\u011f\u00fcm\u00fczden\u00a0<em>Te\u015fekk\u00fcrname<\/em>ye dair herhangi bir yoruma gerek duymadan, Katliamlar\u0131 raporlayan\u00a0Alman din adam\u0131 Johannes Lepsius\u2019un\u00a0s\u00f6zleriyle bitiriyoruz:<em>\u201c\u00dcz\u00fcnt\u00fc ve korkudan \u00e7\u0131lg\u0131na d\u00f6nm\u00fc\u015f erkek, kad\u0131n ve \u00e7ocuklar s\u00fcr\u00fc s\u00fcr\u00fc s\u0131\u011f\u0131nak olarak kiliselere dolu\u015furken orada kurban edilmeyeceklerini san\u0131yorlar. Ba\u015fka da yapacak ne var ki zaten? Fakat y\u00fczlerce kilise ve manast\u0131r\u0131n k\u00fcle d\u00f6n\u00fc\u015ft\u00fcr\u00fclmesi ve bu Hristiyan g\u00e2vurlu\u011funun k\u00f6k\u00fc kaz\u0131nmak isteniyorsa geriye kalanlar teferruattan ibarettir\u2026\u201d<a name=\"_ednref7\"><\/a><a href=\"https:\/\/eae8030c-05a1-40ee-ac49-ec8e308ff88a\/#_edn7\"><strong>[vii]<\/strong><\/a><\/em><\/p>\n<p><strong><em>Kaynak: AGOS, Say\u0131 1159, 31 A\u011fustos 2018<\/em><\/strong><\/p>\n<p><a name=\"_edn1\"><\/a><a href=\"https:\/\/eae8030c-05a1-40ee-ac49-ec8e308ff88a\/#_ednref1\"><em>[i]<\/em><\/a><a href=\"http:\/\/www.cumhuriyet.com.tr\/haber\/siyaset\/1043315\/ibrahim_Kalin___azinlik_cemaatleri__temsilcileriyle_gorustu.html\"><em>http:\/\/www.cumhuriyet.com.tr\/haber\/siyaset\/1043315\/ibrahim_Kalin___azinlik_cemaatleri__temsilcileriyle_gorustu.html<\/em><\/a><\/p>\n<p><a name=\"_edn2\"><\/a><a href=\"https:\/\/eae8030c-05a1-40ee-ac49-ec8e308ff88a\/#_ednref2\"><em>[ii]<\/em><\/a><a href=\"http:\/\/www.cumhuriyet.com.tr\/haber\/siyaset\/833488\/Erdogan__Sizde_de_bir_papaz_var__bize_verin.html\"><em>http:\/\/www.cumhuriyet.com.tr\/haber\/siyaset\/833488\/Erdogan__Sizde_de_bir_papaz_var__bize_verin.html<\/em><\/a><\/p>\n<p><a name=\"_edn3\"><\/a><a href=\"https:\/\/eae8030c-05a1-40ee-ac49-ec8e308ff88a\/#_ednref3\"><em>[iii]<\/em><\/a><a href=\"http:\/\/www.agos.com.tr\/tr\/yazi\/21058\/turkiyenin-bagimsizligina-mudahale-meselesi\"><em>http:\/\/www.agos.com.tr\/tr\/yazi\/21058\/turkiyenin-bagimsizligina-mudahale-meselesi<\/em><\/a><\/p>\n<p><a name=\"_edn4\"><\/a><a href=\"https:\/\/eae8030c-05a1-40ee-ac49-ec8e308ff88a\/#_ednref4\"><em>[iv]<\/em><\/a><a href=\"https:\/\/www.haberturk.com\/cumhurbaskanligi-sozcusu-kalin-dini-cemaat-liderleri-ile-bir-araya-geldi-2085451\"><em>https:\/\/www.haberturk.com\/cumhurbaskanligi-sozcusu-kalin-dini-cemaat-liderleri-ile-bir-araya-geldi-2085451<\/em><\/a><\/p>\n<p><a name=\"_edn5\"><\/a><a href=\"https:\/\/eae8030c-05a1-40ee-ac49-ec8e308ff88a\/#_ednref5\"><em>[v]<\/em><\/a><em>BOA, Y. PRK. AZN, 15\/1, (S\u00fcryani ve Rum ruhanileri ve mu<\/em><em>\u02c1<\/em><em>tebaran\u0131 tanzim edilen 19 Aral\u0131k 1895 (7 Kanun-\u0131 Evvel 1311) tarihli te\u015fekk\u00fcr mektubu.<\/em><\/p>\n<p><a name=\"_edn6\"><\/a><a href=\"https:\/\/eae8030c-05a1-40ee-ac49-ec8e308ff88a\/#_ednref6\"><em>[vi]<\/em><\/a><em>Transliterasyonve terc\u00fcmeler, Yusuf Baluken, Jan Be<\/em><em>\u1e6f<\/em><em>-\u015eawoce, Attila Tuygan<\/em><\/p>\n<p><a name=\"_edn7\"><\/a><a href=\"https:\/\/eae8030c-05a1-40ee-ac49-ec8e308ff88a\/#_ednref7\"><em>[vii]<\/em><\/a><em>Johannes Lepsius, Ermenistan ve Avrupa, G\u00fc\u00e7l\u00fc Hristiyan Devletlerine Kar\u015f\u0131 Bir Su\u00e7lama Metni, Lausanne, F.Payot Yay\u0131nevi. 1896 (Lepsius\u2019un raporu Belge Yay\u0131nlar\u0131 taraf\u0131ndan yay\u0131na haz\u0131rlanmaktad\u0131r)<\/em><\/p>\n<p><strong><em>https:\/\/hyetert.org\/2018\/09\/09\/rejimin-mesrulastirilmasinda-azinliklarin-aracsallastirilmasi\/ <\/em><\/strong><\/p>\n","protected":false},"excerpt":{"rendered":"<p>Sait \u00c7etino\u011flu Rejimin her s\u0131k\u0131\u015fmas\u0131nda, kendini yeniden \u00fcretmede ve me\u015frula\u015ft\u0131rmada, ara\u00e7salla\u015ft\u0131rarak en kolay kullanabilece\u011fi toplumsal grup az\u0131nl\u0131klard\u0131r. K\u0131saca muktedir olmayanlar\u0131 ara\u00e7salla\u015ft\u0131r\u0131r. Ge\u00e7ti\u011fimiz g\u00fcnlerde\u00a0\u0130zmir\u00a0Dirili\u015f\u00a0Kilisesi Rahibi\u00a0Andrew CraigBrunson\u2019un aylarca s\u00fcren T\u00fcrkiye\u2019deki tutuklulu\u011fu dolay\u0131s\u0131yla ABD ile ya\u015fanan gerilim nedeniyle, ABD Ba\u015fkan Yard\u0131mc\u0131s\u0131 Mike Pence, Dini \u00d6zg\u00fcrl\u00fckler Panelinde bu tutuklulu\u011fa de\u011finerek, Rahip Brunson\u2019a verilen cezan\u0131n din\u00ee oldu\u011funu vurgulamas\u0131 kar\u015f\u0131s\u0131nda, T\u00fcrkiye\u2019deki [&hellip;]<\/p>\n","protected":false},"author":7,"featured_media":48453,"comment_status":"open","ping_status":"open","sticky":false,"template":"","format":"standard","meta":{"footnotes":""},"categories":[1,70,53],"tags":[],"class_list":["post-48451","post","type-post","status-publish","format-standard","has-post-thumbnail","hentry","category-haberler","category-makaleler","category-turkiyede-azinliklar"],"yoast_head":"<!-- This site is optimized with the Yoast SEO plugin v27.4 - https:\/\/yoast.com\/product\/yoast-seo-wordpress\/ -->\n<title>Rejimin Me\u015frula\u015ft\u0131r\u0131lmas\u0131nda Az\u0131nl\u0131klar\u0131n Ara\u00e7salla\u015ft\u0131r\u0131lmas\u0131 - Bati Ermenistan Ve Bati Ermenileri Sorunlari Ara\u015ftirmalar Merkezi<\/title>\n<meta name=\"robots\" content=\"index, follow, max-snippet:-1, max-image-preview:large, max-video-preview:-1\" \/>\n<link rel=\"canonical\" href=\"https:\/\/akunq.net\/tr\/?p=48451\" \/>\n<meta property=\"og:locale\" content=\"en_US\" \/>\n<meta property=\"og:type\" content=\"article\" \/>\n<meta property=\"og:title\" content=\"Rejimin Me\u015frula\u015ft\u0131r\u0131lmas\u0131nda Az\u0131nl\u0131klar\u0131n Ara\u00e7salla\u015ft\u0131r\u0131lmas\u0131 - Bati Ermenistan Ve Bati Ermenileri Sorunlari Ara\u015ftirmalar Merkezi\" \/>\n<meta property=\"og:description\" content=\"Sait \u00c7etino\u011flu Rejimin her s\u0131k\u0131\u015fmas\u0131nda, kendini yeniden \u00fcretmede ve me\u015frula\u015ft\u0131rmada, ara\u00e7salla\u015ft\u0131rarak en kolay kullanabilece\u011fi toplumsal grup az\u0131nl\u0131klard\u0131r. K\u0131saca muktedir olmayanlar\u0131 ara\u00e7salla\u015ft\u0131r\u0131r. Ge\u00e7ti\u011fimiz g\u00fcnlerde\u00a0\u0130zmir\u00a0Dirili\u015f\u00a0Kilisesi Rahibi\u00a0Andrew CraigBrunson\u2019un aylarca s\u00fcren T\u00fcrkiye\u2019deki tutuklulu\u011fu dolay\u0131s\u0131yla ABD ile ya\u015fanan gerilim nedeniyle, ABD Ba\u015fkan Yard\u0131mc\u0131s\u0131 Mike Pence, Dini \u00d6zg\u00fcrl\u00fckler Panelinde bu tutuklulu\u011fa de\u011finerek, Rahip Brunson\u2019a verilen cezan\u0131n din\u00ee oldu\u011funu vurgulamas\u0131 kar\u015f\u0131s\u0131nda, T\u00fcrkiye\u2019deki [&hellip;]\" \/>\n<meta property=\"og:url\" content=\"https:\/\/akunq.net\/tr\/?p=48451\" \/>\n<meta property=\"og:site_name\" content=\"Bati Ermenistan Ve Bati Ermenileri Sorunlari Ara\u015ftirmalar Merkezi\" \/>\n<meta property=\"article:published_time\" content=\"2018-09-10T07:57:00+00:00\" \/>\n<meta property=\"og:image\" content=\"https:\/\/akunq.net\/tr\/wp-content\/uploads\/sites\/6\/2018\/09\/Te\u015fekk\u00fcr-notu-1.jpg\" \/>\n\t<meta property=\"og:image:width\" content=\"1844\" \/>\n\t<meta property=\"og:image:height\" content=\"3000\" \/>\n\t<meta property=\"og:image:type\" content=\"image\/jpeg\" \/>\n<meta name=\"author\" content=\"admin\" \/>\n<meta name=\"twitter:card\" content=\"summary_large_image\" \/>\n<meta name=\"twitter:label1\" content=\"Written by\" \/>\n\t<meta name=\"twitter:data1\" content=\"admin\" \/>\n\t<meta name=\"twitter:label2\" content=\"Est. reading time\" \/>\n\t<meta name=\"twitter:data2\" content=\"8 minutes\" \/>\n<script type=\"application\/ld+json\" class=\"yoast-schema-graph\">{\"@context\":\"https:\\\/\\\/schema.org\",\"@graph\":[{\"@type\":\"Article\",\"@id\":\"https:\\\/\\\/akunq.net\\\/tr\\\/?p=48451#article\",\"isPartOf\":{\"@id\":\"https:\\\/\\\/akunq.net\\\/tr\\\/?p=48451\"},\"author\":{\"name\":\"admin\",\"@id\":\"https:\\\/\\\/akunq.net\\\/tr\\\/#\\\/schema\\\/person\\\/096f1d38a12cce57fb855b485ed24c9e\"},\"headline\":\"Rejimin Me\u015frula\u015ft\u0131r\u0131lmas\u0131nda Az\u0131nl\u0131klar\u0131n Ara\u00e7salla\u015ft\u0131r\u0131lmas\u0131\",\"datePublished\":\"2018-09-10T07:57:00+00:00\",\"mainEntityOfPage\":{\"@id\":\"https:\\\/\\\/akunq.net\\\/tr\\\/?p=48451\"},\"wordCount\":1550,\"commentCount\":0,\"image\":{\"@id\":\"https:\\\/\\\/akunq.net\\\/tr\\\/?p=48451#primaryimage\"},\"thumbnailUrl\":\"https:\\\/\\\/akunq.net\\\/tr\\\/wp-content\\\/uploads\\\/sites\\\/6\\\/2018\\\/09\\\/Te\u015fekk\u00fcr-notu-1.jpg\",\"articleSection\":[\"Haberler\",\"Makaleler\",\"T\u00fcrkiye\u2019de Az\u0131nl\u0131klar\"],\"inLanguage\":\"en-US\",\"potentialAction\":[{\"@type\":\"CommentAction\",\"name\":\"Comment\",\"target\":[\"https:\\\/\\\/akunq.net\\\/tr\\\/?p=48451#respond\"]}]},{\"@type\":\"WebPage\",\"@id\":\"https:\\\/\\\/akunq.net\\\/tr\\\/?p=48451\",\"url\":\"https:\\\/\\\/akunq.net\\\/tr\\\/?p=48451\",\"name\":\"Rejimin Me\u015frula\u015ft\u0131r\u0131lmas\u0131nda Az\u0131nl\u0131klar\u0131n Ara\u00e7salla\u015ft\u0131r\u0131lmas\u0131 - Bati Ermenistan Ve Bati Ermenileri Sorunlari Ara\u015ftirmalar Merkezi\",\"isPartOf\":{\"@id\":\"https:\\\/\\\/akunq.net\\\/tr\\\/#website\"},\"primaryImageOfPage\":{\"@id\":\"https:\\\/\\\/akunq.net\\\/tr\\\/?p=48451#primaryimage\"},\"image\":{\"@id\":\"https:\\\/\\\/akunq.net\\\/tr\\\/?p=48451#primaryimage\"},\"thumbnailUrl\":\"https:\\\/\\\/akunq.net\\\/tr\\\/wp-content\\\/uploads\\\/sites\\\/6\\\/2018\\\/09\\\/Te\u015fekk\u00fcr-notu-1.jpg\",\"datePublished\":\"2018-09-10T07:57:00+00:00\",\"author\":{\"@id\":\"https:\\\/\\\/akunq.net\\\/tr\\\/#\\\/schema\\\/person\\\/096f1d38a12cce57fb855b485ed24c9e\"},\"breadcrumb\":{\"@id\":\"https:\\\/\\\/akunq.net\\\/tr\\\/?p=48451#breadcrumb\"},\"inLanguage\":\"en-US\",\"potentialAction\":[{\"@type\":\"ReadAction\",\"target\":[\"https:\\\/\\\/akunq.net\\\/tr\\\/?p=48451\"]}]},{\"@type\":\"ImageObject\",\"inLanguage\":\"en-US\",\"@id\":\"https:\\\/\\\/akunq.net\\\/tr\\\/?p=48451#primaryimage\",\"url\":\"https:\\\/\\\/akunq.net\\\/tr\\\/wp-content\\\/uploads\\\/sites\\\/6\\\/2018\\\/09\\\/Te\u015fekk\u00fcr-notu-1.jpg\",\"contentUrl\":\"https:\\\/\\\/akunq.net\\\/tr\\\/wp-content\\\/uploads\\\/sites\\\/6\\\/2018\\\/09\\\/Te\u015fekk\u00fcr-notu-1.jpg\",\"width\":1844,\"height\":3000},{\"@type\":\"BreadcrumbList\",\"@id\":\"https:\\\/\\\/akunq.net\\\/tr\\\/?p=48451#breadcrumb\",\"itemListElement\":[{\"@type\":\"ListItem\",\"position\":1,\"name\":\"Home\",\"item\":\"https:\\\/\\\/akunq.net\\\/tr\"},{\"@type\":\"ListItem\",\"position\":2,\"name\":\"Rejimin Me\u015frula\u015ft\u0131r\u0131lmas\u0131nda Az\u0131nl\u0131klar\u0131n Ara\u00e7salla\u015ft\u0131r\u0131lmas\u0131\"}]},{\"@type\":\"WebSite\",\"@id\":\"https:\\\/\\\/akunq.net\\\/tr\\\/#website\",\"url\":\"https:\\\/\\\/akunq.net\\\/tr\\\/\",\"name\":\"Bati Ermenistan Ve Bati Ermenileri Sorunlari Ara\u015ftirmalar Merkezi\",\"description\":\"\",\"potentialAction\":[{\"@type\":\"SearchAction\",\"target\":{\"@type\":\"EntryPoint\",\"urlTemplate\":\"https:\\\/\\\/akunq.net\\\/tr\\\/?s={search_term_string}\"},\"query-input\":{\"@type\":\"PropertyValueSpecification\",\"valueRequired\":true,\"valueName\":\"search_term_string\"}}],\"inLanguage\":\"en-US\"},{\"@type\":\"Person\",\"@id\":\"https:\\\/\\\/akunq.net\\\/tr\\\/#\\\/schema\\\/person\\\/096f1d38a12cce57fb855b485ed24c9e\",\"name\":\"admin\",\"url\":\"https:\\\/\\\/akunq.net\\\/tr\\\/?author=7\"}]}<\/script>\n<!-- \/ Yoast SEO plugin. -->","yoast_head_json":{"title":"Rejimin Me\u015frula\u015ft\u0131r\u0131lmas\u0131nda Az\u0131nl\u0131klar\u0131n Ara\u00e7salla\u015ft\u0131r\u0131lmas\u0131 - Bati Ermenistan Ve Bati Ermenileri Sorunlari Ara\u015ftirmalar Merkezi","robots":{"index":"index","follow":"follow","max-snippet":"max-snippet:-1","max-image-preview":"max-image-preview:large","max-video-preview":"max-video-preview:-1"},"canonical":"https:\/\/akunq.net\/tr\/?p=48451","og_locale":"en_US","og_type":"article","og_title":"Rejimin Me\u015frula\u015ft\u0131r\u0131lmas\u0131nda Az\u0131nl\u0131klar\u0131n Ara\u00e7salla\u015ft\u0131r\u0131lmas\u0131 - Bati Ermenistan Ve Bati Ermenileri Sorunlari Ara\u015ftirmalar Merkezi","og_description":"Sait \u00c7etino\u011flu Rejimin her s\u0131k\u0131\u015fmas\u0131nda, kendini yeniden \u00fcretmede ve me\u015frula\u015ft\u0131rmada, ara\u00e7salla\u015ft\u0131rarak en kolay kullanabilece\u011fi toplumsal grup az\u0131nl\u0131klard\u0131r. K\u0131saca muktedir olmayanlar\u0131 ara\u00e7salla\u015ft\u0131r\u0131r. Ge\u00e7ti\u011fimiz g\u00fcnlerde\u00a0\u0130zmir\u00a0Dirili\u015f\u00a0Kilisesi Rahibi\u00a0Andrew CraigBrunson\u2019un aylarca s\u00fcren T\u00fcrkiye\u2019deki tutuklulu\u011fu dolay\u0131s\u0131yla ABD ile ya\u015fanan gerilim nedeniyle, ABD Ba\u015fkan Yard\u0131mc\u0131s\u0131 Mike Pence, Dini \u00d6zg\u00fcrl\u00fckler Panelinde bu tutuklulu\u011fa de\u011finerek, Rahip Brunson\u2019a verilen cezan\u0131n din\u00ee oldu\u011funu vurgulamas\u0131 kar\u015f\u0131s\u0131nda, T\u00fcrkiye\u2019deki [&hellip;]","og_url":"https:\/\/akunq.net\/tr\/?p=48451","og_site_name":"Bati Ermenistan Ve Bati Ermenileri Sorunlari Ara\u015ftirmalar Merkezi","article_published_time":"2018-09-10T07:57:00+00:00","og_image":[{"width":1844,"height":3000,"url":"https:\/\/akunq.net\/tr\/wp-content\/uploads\/sites\/6\/2018\/09\/Te\u015fekk\u00fcr-notu-1.jpg","type":"image\/jpeg"}],"author":"admin","twitter_card":"summary_large_image","twitter_misc":{"Written by":"admin","Est. reading time":"8 minutes"},"schema":{"@context":"https:\/\/schema.org","@graph":[{"@type":"Article","@id":"https:\/\/akunq.net\/tr\/?p=48451#article","isPartOf":{"@id":"https:\/\/akunq.net\/tr\/?p=48451"},"author":{"name":"admin","@id":"https:\/\/akunq.net\/tr\/#\/schema\/person\/096f1d38a12cce57fb855b485ed24c9e"},"headline":"Rejimin Me\u015frula\u015ft\u0131r\u0131lmas\u0131nda Az\u0131nl\u0131klar\u0131n Ara\u00e7salla\u015ft\u0131r\u0131lmas\u0131","datePublished":"2018-09-10T07:57:00+00:00","mainEntityOfPage":{"@id":"https:\/\/akunq.net\/tr\/?p=48451"},"wordCount":1550,"commentCount":0,"image":{"@id":"https:\/\/akunq.net\/tr\/?p=48451#primaryimage"},"thumbnailUrl":"https:\/\/akunq.net\/tr\/wp-content\/uploads\/sites\/6\/2018\/09\/Te\u015fekk\u00fcr-notu-1.jpg","articleSection":["Haberler","Makaleler","T\u00fcrkiye\u2019de Az\u0131nl\u0131klar"],"inLanguage":"en-US","potentialAction":[{"@type":"CommentAction","name":"Comment","target":["https:\/\/akunq.net\/tr\/?p=48451#respond"]}]},{"@type":"WebPage","@id":"https:\/\/akunq.net\/tr\/?p=48451","url":"https:\/\/akunq.net\/tr\/?p=48451","name":"Rejimin Me\u015frula\u015ft\u0131r\u0131lmas\u0131nda Az\u0131nl\u0131klar\u0131n Ara\u00e7salla\u015ft\u0131r\u0131lmas\u0131 - Bati Ermenistan Ve Bati Ermenileri Sorunlari Ara\u015ftirmalar Merkezi","isPartOf":{"@id":"https:\/\/akunq.net\/tr\/#website"},"primaryImageOfPage":{"@id":"https:\/\/akunq.net\/tr\/?p=48451#primaryimage"},"image":{"@id":"https:\/\/akunq.net\/tr\/?p=48451#primaryimage"},"thumbnailUrl":"https:\/\/akunq.net\/tr\/wp-content\/uploads\/sites\/6\/2018\/09\/Te\u015fekk\u00fcr-notu-1.jpg","datePublished":"2018-09-10T07:57:00+00:00","author":{"@id":"https:\/\/akunq.net\/tr\/#\/schema\/person\/096f1d38a12cce57fb855b485ed24c9e"},"breadcrumb":{"@id":"https:\/\/akunq.net\/tr\/?p=48451#breadcrumb"},"inLanguage":"en-US","potentialAction":[{"@type":"ReadAction","target":["https:\/\/akunq.net\/tr\/?p=48451"]}]},{"@type":"ImageObject","inLanguage":"en-US","@id":"https:\/\/akunq.net\/tr\/?p=48451#primaryimage","url":"https:\/\/akunq.net\/tr\/wp-content\/uploads\/sites\/6\/2018\/09\/Te\u015fekk\u00fcr-notu-1.jpg","contentUrl":"https:\/\/akunq.net\/tr\/wp-content\/uploads\/sites\/6\/2018\/09\/Te\u015fekk\u00fcr-notu-1.jpg","width":1844,"height":3000},{"@type":"BreadcrumbList","@id":"https:\/\/akunq.net\/tr\/?p=48451#breadcrumb","itemListElement":[{"@type":"ListItem","position":1,"name":"Home","item":"https:\/\/akunq.net\/tr"},{"@type":"ListItem","position":2,"name":"Rejimin Me\u015frula\u015ft\u0131r\u0131lmas\u0131nda Az\u0131nl\u0131klar\u0131n Ara\u00e7salla\u015ft\u0131r\u0131lmas\u0131"}]},{"@type":"WebSite","@id":"https:\/\/akunq.net\/tr\/#website","url":"https:\/\/akunq.net\/tr\/","name":"Bati Ermenistan Ve Bati Ermenileri Sorunlari Ara\u015ftirmalar Merkezi","description":"","potentialAction":[{"@type":"SearchAction","target":{"@type":"EntryPoint","urlTemplate":"https:\/\/akunq.net\/tr\/?s={search_term_string}"},"query-input":{"@type":"PropertyValueSpecification","valueRequired":true,"valueName":"search_term_string"}}],"inLanguage":"en-US"},{"@type":"Person","@id":"https:\/\/akunq.net\/tr\/#\/schema\/person\/096f1d38a12cce57fb855b485ed24c9e","name":"admin","url":"https:\/\/akunq.net\/tr\/?author=7"}]}},"_links":{"self":[{"href":"https:\/\/akunq.net\/tr\/index.php?rest_route=\/wp\/v2\/posts\/48451","targetHints":{"allow":["GET"]}}],"collection":[{"href":"https:\/\/akunq.net\/tr\/index.php?rest_route=\/wp\/v2\/posts"}],"about":[{"href":"https:\/\/akunq.net\/tr\/index.php?rest_route=\/wp\/v2\/types\/post"}],"author":[{"embeddable":true,"href":"https:\/\/akunq.net\/tr\/index.php?rest_route=\/wp\/v2\/users\/7"}],"replies":[{"embeddable":true,"href":"https:\/\/akunq.net\/tr\/index.php?rest_route=%2Fwp%2Fv2%2Fcomments&post=48451"}],"version-history":[{"count":1,"href":"https:\/\/akunq.net\/tr\/index.php?rest_route=\/wp\/v2\/posts\/48451\/revisions"}],"predecessor-version":[{"id":48454,"href":"https:\/\/akunq.net\/tr\/index.php?rest_route=\/wp\/v2\/posts\/48451\/revisions\/48454"}],"wp:featuredmedia":[{"embeddable":true,"href":"https:\/\/akunq.net\/tr\/index.php?rest_route=\/wp\/v2\/media\/48453"}],"wp:attachment":[{"href":"https:\/\/akunq.net\/tr\/index.php?rest_route=%2Fwp%2Fv2%2Fmedia&parent=48451"}],"wp:term":[{"taxonomy":"category","embeddable":true,"href":"https:\/\/akunq.net\/tr\/index.php?rest_route=%2Fwp%2Fv2%2Fcategories&post=48451"},{"taxonomy":"post_tag","embeddable":true,"href":"https:\/\/akunq.net\/tr\/index.php?rest_route=%2Fwp%2Fv2%2Ftags&post=48451"}],"curies":[{"name":"wp","href":"https:\/\/api.w.org\/{rel}","templated":true}]}}