{"id":48373,"date":"2018-09-06T03:43:49","date_gmt":"2018-09-06T08:43:49","guid":{"rendered":"http:\/\/akunq.net\/tr\/?p=48373"},"modified":"2018-09-06T03:43:49","modified_gmt":"2018-09-06T08:43:49","slug":"milli-bir-proje-olarak-6-7-eylul","status":"publish","type":"post","link":"https:\/\/akunq.net\/tr\/?p=48373","title":{"rendered":"Milli bir proje olarak 6-7 Eyl\u00fcl"},"content":{"rendered":"<p><a href=\"http:\/\/akunq.net\/tr\/?attachment_id=48374\" rel=\"attachment wp-att-48374\"><img loading=\"lazy\" decoding=\"async\" class=\"aligncenter size-full wp-image-48374\" src=\"http:\/\/akunq.net\/tr\/wp-content\/uploads\/2018\/09\/\u0532\u0561\u0563\u0580\u0561\u057f-\u0537\u057d\u057f\u0578\u0582\u056f\u0575\u0561\u0576-2.jpg\" alt=\"\" width=\"604\" height=\"399\" srcset=\"https:\/\/akunq.net\/tr\/wp-content\/uploads\/sites\/6\/2018\/09\/\u0532\u0561\u0563\u0580\u0561\u057f-\u0537\u057d\u057f\u0578\u0582\u056f\u0575\u0561\u0576-2.jpg 604w, https:\/\/akunq.net\/tr\/wp-content\/uploads\/sites\/6\/2018\/09\/\u0532\u0561\u0563\u0580\u0561\u057f-\u0537\u057d\u057f\u0578\u0582\u056f\u0575\u0561\u0576-2-360x238.jpg 360w, https:\/\/akunq.net\/tr\/wp-content\/uploads\/sites\/6\/2018\/09\/\u0532\u0561\u0563\u0580\u0561\u057f-\u0537\u057d\u057f\u0578\u0582\u056f\u0575\u0561\u0576-2-560x370.jpg 560w, https:\/\/akunq.net\/tr\/wp-content\/uploads\/sites\/6\/2018\/09\/\u0532\u0561\u0563\u0580\u0561\u057f-\u0537\u057d\u057f\u0578\u0582\u056f\u0575\u0561\u0576-2-260x172.jpg 260w, https:\/\/akunq.net\/tr\/wp-content\/uploads\/sites\/6\/2018\/09\/\u0532\u0561\u0563\u0580\u0561\u057f-\u0537\u057d\u057f\u0578\u0582\u056f\u0575\u0561\u0576-2-160x106.jpg 160w\" sizes=\"auto, (max-width: 604px) 100vw, 604px\" \/><\/a><\/p>\n<p><strong><em>Viyana ku\u015fatmas\u0131ndan bu yana bat\u0131ya do\u011fru talan ve fetih seferleri d\u00fczenleme g\u00fcc\u00fcn\u00fc yitiren siyasi ak\u0131l, 1915 sonras\u0131n\u0131n son ve b\u00fcy\u00fck talan\u0131n\u0131 6-7 Eyl\u00fcl 1955 tarihinde ger\u00e7ekle\u015ftirdi. Bu olay sadece \u00fc\u00e7 g\u00fcn boyunca \u015fehrin H\u0131ristiyan toplumlar\u0131n\u0131n varl\u0131klar\u0131n\u0131 talan etmenin \u00e7ok daha \u00f6tesinde bir anlam ta\u015f\u0131yordu.<\/em><\/strong><\/p>\n<p><strong>Pakrat Estukyan<\/strong><\/p>\n<p>\u015eehri \u0130stanbul\u2019a adanan \u00fc\u00e7 \u00f6nemli tarih var: 29 May\u0131s 1453, Sultan 2. Mehmed\u2019in Konstantinopolis\u2019i fethi, 6 Ekim 1923, \u0130ngiliz i\u015fgal g\u00fc\u00e7lerinin \u015fehri Ankara h\u00fck\u00fcmetine teslim edi\u015fi ve 6-7 Eyl\u00fcl 1955, \u0130stanbul\u2019un ger\u00e7ek anlamda T\u00fcrkler taraf\u0131ndan ele ge\u00e7irilmesi.<\/p>\n<p>Bu \u00fc\u00e7 tarih i\u00e7erisinde sonu\u00e7lar\u0131 bak\u0131m\u0131ndan en etkili olan \u015f\u00fcphesiz ki sonuncusu olmu\u015ftur. Ne var ki bunlardan ilk ikisi tarih kitaplar\u0131nda yer alm\u0131\u015fken, \u00fc\u00e7\u00fcnc\u00fcs\u00fc olabildi\u011fince unutturulmaya \u00e7al\u0131\u015f\u0131lm\u0131\u015ft\u0131r. Oysa bug\u00fcn istenen veya istenmeyen t\u00fcm \u00f6zellikleri ile var olan \u0130stanbul bu sonuncu seferin eseridir.<\/p>\n<p>1453 y\u0131l\u0131nda sonradan Fatih ad\u0131yla an\u0131lacak olan Sultan 2. Mehmed \u015fehri ele ge\u00e7irdi\u011finde Konstantinopolis ufac\u0131k bir isim de\u011fi\u015fikli\u011fi ile Konstantiniye\u2019ye d\u00f6n\u00fc\u015fm\u00fc\u015ft\u00fc sadece. \u015eehir halk\u0131, sava\u015f esnas\u0131nda ve sonras\u0131ndaki talan s\u00fcrecinde \u00f6lenler hari\u00e7, yerli yerinde durmaktayd\u0131. Ba\u015fta Aya Sofya olmak \u00fczere birka\u00e7 kilisenin bu \u00f6nemli fethin \u015fan\u0131 niyetine camiye d\u00f6n\u00fc\u015ft\u00fcr\u00fclmesi d\u0131\u015f\u0131nda \u015fehir yine Rum Ortodoks kimli\u011fini korumaktayd\u0131. Sahibi de\u011fi\u015fmi\u015fti sadece.<\/p>\n<p>Ancak burada Osmanl\u0131\u2019n\u0131n geleneksel olarak bat\u0131ya y\u00f6nelik yay\u0131lmac\u0131l\u0131\u011f\u0131nda, kar\u015f\u0131s\u0131na \u00e7\u0131kan herhangi bir \u015fehri fethetmesinden farkl\u0131 bir durum ya\u015fanmaktayd\u0131. Orta Asya\u2019dan beri i\u015fleyen istila gelene\u011fine g\u00f6re bir kent ku\u015fat\u0131l\u0131r, uzun ku\u015fatma sonras\u0131 direnci k\u0131r\u0131l\u0131r ve i\u015fgal edilirdi. \u00dc\u00e7 g\u00fcn boyunca talana izin verilir, ard\u0131ndan da \u015fehir haraca ba\u011flan\u0131r ve bat\u0131ya do\u011fru yeni bir ak\u0131n\u0131n haz\u0131rl\u0131klar\u0131na ba\u015flan\u0131rd\u0131.<\/p>\n<p>Ancak Sultan 2. Mehmed \u0130stanbul\u2019un fethini di\u011ferlerinden ayr\u0131 tutarak buray\u0131 payitaht yapmak isteyince ortaya farkl\u0131 bir durum \u00e7\u0131kt\u0131.<\/p>\n<p>Kabul etmek gerekir ki payitaht\u0131n demografik yap\u0131s\u0131 askeri strateji anlam\u0131nda \u00e7ok da tekin olmayacakt\u0131. \u015eehir ele ge\u00e7irilmi\u015f, ama n\u00fcfusunda, buna ba\u011fl\u0131 olarak g\u00fcndelik ya\u015fam\u0131nda \u00f6nemli bir de\u011fi\u015fiklik ya\u015fanmam\u0131\u015ft\u0131. Esasen bu toy padi\u015fah\u0131 o denli rahats\u0131z eden bir durum da de\u011fildi. Ne de olsa kendisini T\u00fcrk soyunun bir temsilcisi, Osmanl\u0131 hanedanl\u0131\u011f\u0131n\u0131n bir sultan\u0131 olmaktan \u00e7ok yeni Bizans imparatoru olarak g\u00f6rmekteydi. Ancak arka planda kalmakla birlikte gen\u00e7 padi\u015fah\u0131n kararlar\u0131na y\u00f6n veren akil insanlar, durumu k\u0131sa s\u00fcrede kontrol alt\u0131na ald\u0131lar ve g\u00fcn\u00fcm\u00fcz tarih anlat\u0131m\u0131n\u0131 \u00e7ok da zora sokmayacak \u00e7\u00f6z\u00fcmler \u00fcrettiler.<\/p>\n<p>Bu \u00e7\u00f6z\u00fcmlerin ba\u015f\u0131nda da art\u0131k payitaht olan \u015fehrin Rum ahalisinin n\u00fcfus \u00fcst\u00fcnl\u00fc\u011f\u00fcn\u00fc g\u00f6rece kendilerine daha yak\u0131n bulduklar\u0131 Ermenilerle dengelemek geliyordu. Bizans ve Ermenistan Ortodoks kiliseleri aras\u0131nda 451 tarihinde toplanan Kad\u0131k\u00f6y (Kalkedon) kons\u00fcl\u00fcnden itibaren devam eden ayr\u0131\u015fma iki halk\u0131n da birbirine kar\u015f\u0131 hasmane tutum almalar\u0131na yol a\u00e7m\u0131\u015ft\u0131. Bu ayr\u0131\u015fmay\u0131 de\u011ferlendiren siyasi ak\u0131l, Bursa Ermenilerinin ruhani \u00f6nderi Piskopos Hovagim\u2019i Konsatntiniye\u2019ye \u00e7a\u011f\u0131rd\u0131 ve Ermeni patri\u011fi ilan etti. Dahas\u0131, \u015fehrin birtak\u0131m Rum kiliselerini de onlar\u0131n kullan\u0131m\u0131na verdi. S\u00f6z konusu kar\u015f\u0131tl\u0131k kilise uygulamalar\u0131 anlam\u0131nda g\u00fcn\u00fcm\u00fcze kadar s\u00fcrmektedir. Ek\u00fcmenik Patrikhane Pazar ayinlerinde Ermeniler, S\u00fcryaniler, Keldaniler veya K\u0131ptiler gibi do\u011fu kiliselerinin mensuplar\u0131na kom\u00fcnyon vermeyi reddediyor. Kimi Ermenilerin hakaret amac\u0131yla dillendirdikleri \u201cT\u00fcrkiye Ermenileri Patrikhanesi esas olarak bir T\u00fcrk kurumudur\u201d ifadesi asl\u0131nda somut ve tarihsel bir ger\u00e7e\u011fi yans\u0131tmaktad\u0131r.<\/p>\n<p>Zaman i\u00e7erisinde \u015fehrin T\u00fcrk ve M\u00fcsl\u00fcman n\u00fcfusu ne kadar da artsa, \u0130stanbul\u2019un \u00f6zg\u00fcn dokusu 1955 y\u0131l\u0131na kadar varl\u0131\u011f\u0131n\u0131 s\u00fcrd\u00fcrd\u00fc.<\/p>\n<p>1915 soyk\u0131r\u0131m\u0131 ve 1922 n\u00fcfus m\u00fcbadelesi uygulamalar\u0131n\u0131n ard\u0131ndan imparatorlu\u011fun b\u00fct\u00fcn \u015fehirlerinde g\u00f6r\u00fclen mahalle ayr\u0131\u015fmalar\u0131 \u0130stanbul\u2019da \u00e7ok daha yak\u0131n zamanlara kadar varl\u0131\u011f\u0131n\u0131 s\u00fcrd\u00fcrd\u00fc. Nitekim Osmanl\u0131 bakiyesi diye an\u0131lan kimi Ortado\u011fu kentlerinde mahalle \u00f6l\u00e7ekli ayr\u0131\u015fma halen devam ediyor.<\/p>\n<p>Viyana ku\u015fatmas\u0131ndan bu yana bat\u0131ya do\u011fru talan ve fetih seferleri d\u00fczenleme g\u00fcc\u00fcn\u00fc yitiren siyasi ak\u0131l, 1915 sonras\u0131n\u0131n son ve b\u00fcy\u00fck talan\u0131n\u0131 6-7 Eyl\u00fcl 1955 tarihinde ger\u00e7ekle\u015ftirdi. Bu olay sadece \u00fc\u00e7 g\u00fcn boyunca \u015fehrin H\u0131ristiyan toplumlar\u0131n\u0131n varl\u0131klar\u0131n\u0131 talan etmenin \u00e7ok daha \u00f6tesinde bir anlam ta\u015f\u0131yordu. Nitekim 1955 sonras\u0131nda, gecekondu yap\u0131la\u015fmas\u0131 yolu ile bizatihi \u015fehir talan edildi. Gecekondula\u015fma, Ye\u015fil\u00e7am filmlerinin ucuz romantizmine aldanmadan g\u00f6zlendi\u011finde, arazi mafyalar\u0131n\u0131n planlar\u0131yla kotar\u0131lan ger\u00e7ek bir talan operasyonudur. Vitrine konan her ne olursa olsun, gecekondu yoksullara \u00f6zg\u00fc bir hal de\u011fil, kafa koparma d\u00fcrt\u00fcs\u00fcn\u00fcn d\u0131\u015favurumudur.<\/p>\n<p>Arazi talan\u0131n\u0131n ard\u0131ndan da k\u00fclt\u00fcr talan\u0131 ya\u015fand\u0131. O tarihe kadar \u0130stanbul\u2019a d\u0131\u015far\u0131dan gelenler, kentin de\u011ferlerine uyum sa\u011flamaya \u00e7abalarken, bu yeni d\u00f6n\u00fc\u015f\u00fcmle birlikte kendi de\u011ferlerini \u0130stanbul\u2019a dayatmaya ba\u015flad\u0131lar.<\/p>\n<p>\u0130ktidar\u0131n se\u00e7im yolu ile el de\u011fi\u015ftirdi\u011fi \u00e7ok partili sistem yap\u0131sal bir hastal\u0131k olarak pop\u00fclizmi, halk dalkavuklu\u011funu \u00fcretti.<\/p>\n<p>\u201c\u0130stanbul\u2019un ta\u015f\u0131 topra\u011f\u0131 alt\u0131n\u201d s\u00f6z\u00fc esasen bir deneyimi de\u011fil, projeyi ifade etmektedir. Aynen 1915 y\u0131l\u0131nda \u201cYedi Ermeni kesen cennete gider\u201d, \u201cDevletin (ihtiyaca g\u00f6re g\u00e2vurun) mal\u0131 deniz, yemeyen domuz\u201d s\u00f6zleri gibi. Bu proje \u015fimdilerde \u0130stanbullu Rumlar\u0131n 1964 y\u0131l\u0131nda \u201820 dolar ve 20 kilo valiz\u2019 limitiyle s\u0131n\u0131r d\u0131\u015f\u0131 edilmelerinden sonra i\u015fgale u\u011frayan Tarlaba\u015f\u0131\u2019ndaki Rum m\u00fclklerini talan etmekle me\u015fgul. \u00dcstelik bu operasyonlar sadece H\u0131ristiyanlara y\u00f6nelik de de\u011fil. Sulukule\u2019de ya\u015fanan da farkl\u0131 de\u011fildi.<\/p>\n<p>\u00d6zetle bug\u00fcn sadece \u0130stanbul de\u011fil, nehirleri kurutarak, siyan\u00fcrl\u00fc madencilikle yeralt\u0131 sular\u0131n\u0131, plans\u0131z sanayile\u015fmeyle kentleri ve \u00e7evreyi zehirleyerek, ovalar\u0131 \u00e7orakla\u015ft\u0131rarak, meralar\u0131 \u00e7\u00f6lle\u015ftirerek ve ormanlar\u0131 yakarak t\u00fcm \u00fclkenin do\u011fas\u0131n\u0131 talan eden anlay\u0131\u015f a\u00e7\u0131s\u0131ndan 29 May\u0131s veya 6 Ekim tarihlerinden \u00e7ok daha \u00f6nemli ve an\u0131lmay\u0131 hak eden bir tarihtir 6-7 Eyl\u00fcl 1955. Aynen Ermenilerin tasfiyesini simgeleyen 24 Nisan 1915, \u0130zmir halk\u0131n\u0131n denize d\u00f6k\u00fcld\u00fc\u011f\u00fc 9 Eyl\u00fcl 1922 veya Rum m\u00fcbadelesinin imzaland\u0131\u011f\u0131 1923 gibi.<\/p>\n<p>Trabzon\u2019da veya \u0130zmir\u2019de 9 Eyl\u00fcl 1922\u2019de sa\u011flanan ba\u015far\u0131 30 y\u0131l kadar sonra da \u0130stanbul\u2019da hayata ge\u00e7irilmi\u015f oldu.<\/p>\n<p>Bu a\u00e7\u0131dan bak\u0131ld\u0131\u011f\u0131nda 6-7 Eyl\u00fcl meselesi ge\u00e7mi\u015fte ya\u015fanm\u0131\u015f utan\u00e7 verici ve unutulmas\u0131 gereken bir olay de\u011fil, general Sabri Yirmibe\u015fo\u011flu veya eski bakanlardan Vecdi G\u00f6n\u00fcl\u2019\u00fcn de i\u015faret etti\u011fi gibi ulusal devletimizin harc\u0131n\u0131 peki\u015ftiren ola\u011fan\u00fcst\u00fc ba\u015far\u0131l\u0131 bir milli projedir.<\/p>\n<p>9 Eyl\u00fcl tarihini \u00fcniversitelerde, caddelerde, stadyumlarda ya\u015fatanlar\u0131n, Giresun\u2019a Topal Osman heykeli dikenlerin 6-7 Eyl\u00fcl tarihini g\u00f6rmezden gelmeleri ise tarihin garip bir cilvesi olmal\u0131.<\/p>\n<p><strong><em>https:\/\/www.gazeteduvar.com.tr\/forum\/2018\/09\/06\/milli-bir-proje-olarak-6-7-eylul\/ <\/em><\/strong><\/p>\n","protected":false},"excerpt":{"rendered":"<p>Viyana ku\u015fatmas\u0131ndan bu yana bat\u0131ya do\u011fru talan ve fetih seferleri d\u00fczenleme g\u00fcc\u00fcn\u00fc yitiren siyasi ak\u0131l, 1915 sonras\u0131n\u0131n son ve b\u00fcy\u00fck talan\u0131n\u0131 6-7 Eyl\u00fcl 1955 tarihinde ger\u00e7ekle\u015ftirdi. Bu olay sadece \u00fc\u00e7 g\u00fcn boyunca \u015fehrin H\u0131ristiyan toplumlar\u0131n\u0131n varl\u0131klar\u0131n\u0131 talan etmenin \u00e7ok daha \u00f6tesinde bir anlam ta\u015f\u0131yordu. Pakrat Estukyan \u015eehri \u0130stanbul\u2019a adanan \u00fc\u00e7 \u00f6nemli tarih var: 29 May\u0131s [&hellip;]<\/p>\n","protected":false},"author":7,"featured_media":48375,"comment_status":"open","ping_status":"open","sticky":false,"template":"","format":"standard","meta":{"footnotes":""},"categories":[1,70,20,53],"tags":[],"class_list":["post-48373","post","type-post","status-publish","format-standard","has-post-thumbnail","hentry","category-haberler","category-makaleler","category-tarih-sayfalari","category-turkiyede-azinliklar"],"yoast_head":"<!-- This site is optimized with the Yoast SEO plugin v27.4 - https:\/\/yoast.com\/product\/yoast-seo-wordpress\/ -->\n<title>Milli bir proje olarak 6-7 Eyl\u00fcl - Bati Ermenistan Ve Bati Ermenileri Sorunlari Ara\u015ftirmalar Merkezi<\/title>\n<meta name=\"robots\" content=\"index, follow, max-snippet:-1, max-image-preview:large, max-video-preview:-1\" \/>\n<link rel=\"canonical\" href=\"https:\/\/akunq.net\/tr\/?p=48373\" \/>\n<meta property=\"og:locale\" content=\"en_US\" \/>\n<meta property=\"og:type\" content=\"article\" \/>\n<meta property=\"og:title\" content=\"Milli bir proje olarak 6-7 Eyl\u00fcl - Bati Ermenistan Ve Bati Ermenileri Sorunlari Ara\u015ftirmalar Merkezi\" \/>\n<meta property=\"og:description\" content=\"Viyana ku\u015fatmas\u0131ndan bu yana bat\u0131ya do\u011fru talan ve fetih seferleri d\u00fczenleme g\u00fcc\u00fcn\u00fc yitiren siyasi ak\u0131l, 1915 sonras\u0131n\u0131n son ve b\u00fcy\u00fck talan\u0131n\u0131 6-7 Eyl\u00fcl 1955 tarihinde ger\u00e7ekle\u015ftirdi. Bu olay sadece \u00fc\u00e7 g\u00fcn boyunca \u015fehrin H\u0131ristiyan toplumlar\u0131n\u0131n varl\u0131klar\u0131n\u0131 talan etmenin \u00e7ok daha \u00f6tesinde bir anlam ta\u015f\u0131yordu. Pakrat Estukyan \u015eehri \u0130stanbul\u2019a adanan \u00fc\u00e7 \u00f6nemli tarih var: 29 May\u0131s [&hellip;]\" \/>\n<meta property=\"og:url\" content=\"https:\/\/akunq.net\/tr\/?p=48373\" \/>\n<meta property=\"og:site_name\" content=\"Bati Ermenistan Ve Bati Ermenileri Sorunlari Ara\u015ftirmalar Merkezi\" \/>\n<meta property=\"article:published_time\" content=\"2018-09-06T08:43:49+00:00\" \/>\n<meta property=\"og:image\" content=\"https:\/\/akunq.net\/tr\/wp-content\/uploads\/sites\/6\/2018\/09\/\u0532\u0561\u0563\u0580\u0561\u057f-\u0537\u057d\u057f\u0578\u0582\u056f\u0575\u0561\u0576-3.jpg\" \/>\n\t<meta property=\"og:image:width\" content=\"604\" \/>\n\t<meta property=\"og:image:height\" content=\"399\" \/>\n\t<meta property=\"og:image:type\" content=\"image\/jpeg\" \/>\n<meta name=\"author\" content=\"admin\" \/>\n<meta name=\"twitter:card\" content=\"summary_large_image\" \/>\n<meta name=\"twitter:label1\" content=\"Written by\" \/>\n\t<meta name=\"twitter:data1\" content=\"admin\" \/>\n\t<meta name=\"twitter:label2\" content=\"Est. reading time\" \/>\n\t<meta name=\"twitter:data2\" content=\"6 minutes\" \/>\n<script type=\"application\/ld+json\" class=\"yoast-schema-graph\">{\"@context\":\"https:\\\/\\\/schema.org\",\"@graph\":[{\"@type\":\"Article\",\"@id\":\"https:\\\/\\\/akunq.net\\\/tr\\\/?p=48373#article\",\"isPartOf\":{\"@id\":\"https:\\\/\\\/akunq.net\\\/tr\\\/?p=48373\"},\"author\":{\"name\":\"admin\",\"@id\":\"https:\\\/\\\/akunq.net\\\/tr\\\/#\\\/schema\\\/person\\\/096f1d38a12cce57fb855b485ed24c9e\"},\"headline\":\"Milli bir proje olarak 6-7 Eyl\u00fcl\",\"datePublished\":\"2018-09-06T08:43:49+00:00\",\"mainEntityOfPage\":{\"@id\":\"https:\\\/\\\/akunq.net\\\/tr\\\/?p=48373\"},\"wordCount\":1227,\"commentCount\":0,\"image\":{\"@id\":\"https:\\\/\\\/akunq.net\\\/tr\\\/?p=48373#primaryimage\"},\"thumbnailUrl\":\"https:\\\/\\\/akunq.net\\\/tr\\\/wp-content\\\/uploads\\\/sites\\\/6\\\/2018\\\/09\\\/\u0532\u0561\u0563\u0580\u0561\u057f-\u0537\u057d\u057f\u0578\u0582\u056f\u0575\u0561\u0576-3.jpg\",\"articleSection\":[\"Haberler\",\"Makaleler\",\"Tarih Sayfalar\u0131\",\"T\u00fcrkiye\u2019de Az\u0131nl\u0131klar\"],\"inLanguage\":\"en-US\",\"potentialAction\":[{\"@type\":\"CommentAction\",\"name\":\"Comment\",\"target\":[\"https:\\\/\\\/akunq.net\\\/tr\\\/?p=48373#respond\"]}]},{\"@type\":\"WebPage\",\"@id\":\"https:\\\/\\\/akunq.net\\\/tr\\\/?p=48373\",\"url\":\"https:\\\/\\\/akunq.net\\\/tr\\\/?p=48373\",\"name\":\"Milli bir proje olarak 6-7 Eyl\u00fcl - Bati Ermenistan Ve Bati Ermenileri Sorunlari Ara\u015ftirmalar Merkezi\",\"isPartOf\":{\"@id\":\"https:\\\/\\\/akunq.net\\\/tr\\\/#website\"},\"primaryImageOfPage\":{\"@id\":\"https:\\\/\\\/akunq.net\\\/tr\\\/?p=48373#primaryimage\"},\"image\":{\"@id\":\"https:\\\/\\\/akunq.net\\\/tr\\\/?p=48373#primaryimage\"},\"thumbnailUrl\":\"https:\\\/\\\/akunq.net\\\/tr\\\/wp-content\\\/uploads\\\/sites\\\/6\\\/2018\\\/09\\\/\u0532\u0561\u0563\u0580\u0561\u057f-\u0537\u057d\u057f\u0578\u0582\u056f\u0575\u0561\u0576-3.jpg\",\"datePublished\":\"2018-09-06T08:43:49+00:00\",\"author\":{\"@id\":\"https:\\\/\\\/akunq.net\\\/tr\\\/#\\\/schema\\\/person\\\/096f1d38a12cce57fb855b485ed24c9e\"},\"breadcrumb\":{\"@id\":\"https:\\\/\\\/akunq.net\\\/tr\\\/?p=48373#breadcrumb\"},\"inLanguage\":\"en-US\",\"potentialAction\":[{\"@type\":\"ReadAction\",\"target\":[\"https:\\\/\\\/akunq.net\\\/tr\\\/?p=48373\"]}]},{\"@type\":\"ImageObject\",\"inLanguage\":\"en-US\",\"@id\":\"https:\\\/\\\/akunq.net\\\/tr\\\/?p=48373#primaryimage\",\"url\":\"https:\\\/\\\/akunq.net\\\/tr\\\/wp-content\\\/uploads\\\/sites\\\/6\\\/2018\\\/09\\\/\u0532\u0561\u0563\u0580\u0561\u057f-\u0537\u057d\u057f\u0578\u0582\u056f\u0575\u0561\u0576-3.jpg\",\"contentUrl\":\"https:\\\/\\\/akunq.net\\\/tr\\\/wp-content\\\/uploads\\\/sites\\\/6\\\/2018\\\/09\\\/\u0532\u0561\u0563\u0580\u0561\u057f-\u0537\u057d\u057f\u0578\u0582\u056f\u0575\u0561\u0576-3.jpg\",\"width\":604,\"height\":399},{\"@type\":\"BreadcrumbList\",\"@id\":\"https:\\\/\\\/akunq.net\\\/tr\\\/?p=48373#breadcrumb\",\"itemListElement\":[{\"@type\":\"ListItem\",\"position\":1,\"name\":\"Home\",\"item\":\"https:\\\/\\\/akunq.net\\\/tr\"},{\"@type\":\"ListItem\",\"position\":2,\"name\":\"Milli bir proje olarak 6-7 Eyl\u00fcl\"}]},{\"@type\":\"WebSite\",\"@id\":\"https:\\\/\\\/akunq.net\\\/tr\\\/#website\",\"url\":\"https:\\\/\\\/akunq.net\\\/tr\\\/\",\"name\":\"Bati Ermenistan Ve Bati Ermenileri Sorunlari Ara\u015ftirmalar Merkezi\",\"description\":\"\",\"potentialAction\":[{\"@type\":\"SearchAction\",\"target\":{\"@type\":\"EntryPoint\",\"urlTemplate\":\"https:\\\/\\\/akunq.net\\\/tr\\\/?s={search_term_string}\"},\"query-input\":{\"@type\":\"PropertyValueSpecification\",\"valueRequired\":true,\"valueName\":\"search_term_string\"}}],\"inLanguage\":\"en-US\"},{\"@type\":\"Person\",\"@id\":\"https:\\\/\\\/akunq.net\\\/tr\\\/#\\\/schema\\\/person\\\/096f1d38a12cce57fb855b485ed24c9e\",\"name\":\"admin\",\"url\":\"https:\\\/\\\/akunq.net\\\/tr\\\/?author=7\"}]}<\/script>\n<!-- \/ Yoast SEO plugin. -->","yoast_head_json":{"title":"Milli bir proje olarak 6-7 Eyl\u00fcl - Bati Ermenistan Ve Bati Ermenileri Sorunlari Ara\u015ftirmalar Merkezi","robots":{"index":"index","follow":"follow","max-snippet":"max-snippet:-1","max-image-preview":"max-image-preview:large","max-video-preview":"max-video-preview:-1"},"canonical":"https:\/\/akunq.net\/tr\/?p=48373","og_locale":"en_US","og_type":"article","og_title":"Milli bir proje olarak 6-7 Eyl\u00fcl - Bati Ermenistan Ve Bati Ermenileri Sorunlari Ara\u015ftirmalar Merkezi","og_description":"Viyana ku\u015fatmas\u0131ndan bu yana bat\u0131ya do\u011fru talan ve fetih seferleri d\u00fczenleme g\u00fcc\u00fcn\u00fc yitiren siyasi ak\u0131l, 1915 sonras\u0131n\u0131n son ve b\u00fcy\u00fck talan\u0131n\u0131 6-7 Eyl\u00fcl 1955 tarihinde ger\u00e7ekle\u015ftirdi. Bu olay sadece \u00fc\u00e7 g\u00fcn boyunca \u015fehrin H\u0131ristiyan toplumlar\u0131n\u0131n varl\u0131klar\u0131n\u0131 talan etmenin \u00e7ok daha \u00f6tesinde bir anlam ta\u015f\u0131yordu. Pakrat Estukyan \u015eehri \u0130stanbul\u2019a adanan \u00fc\u00e7 \u00f6nemli tarih var: 29 May\u0131s [&hellip;]","og_url":"https:\/\/akunq.net\/tr\/?p=48373","og_site_name":"Bati Ermenistan Ve Bati Ermenileri Sorunlari Ara\u015ftirmalar Merkezi","article_published_time":"2018-09-06T08:43:49+00:00","og_image":[{"width":604,"height":399,"url":"https:\/\/akunq.net\/tr\/wp-content\/uploads\/sites\/6\/2018\/09\/\u0532\u0561\u0563\u0580\u0561\u057f-\u0537\u057d\u057f\u0578\u0582\u056f\u0575\u0561\u0576-3.jpg","type":"image\/jpeg"}],"author":"admin","twitter_card":"summary_large_image","twitter_misc":{"Written by":"admin","Est. reading time":"6 minutes"},"schema":{"@context":"https:\/\/schema.org","@graph":[{"@type":"Article","@id":"https:\/\/akunq.net\/tr\/?p=48373#article","isPartOf":{"@id":"https:\/\/akunq.net\/tr\/?p=48373"},"author":{"name":"admin","@id":"https:\/\/akunq.net\/tr\/#\/schema\/person\/096f1d38a12cce57fb855b485ed24c9e"},"headline":"Milli bir proje olarak 6-7 Eyl\u00fcl","datePublished":"2018-09-06T08:43:49+00:00","mainEntityOfPage":{"@id":"https:\/\/akunq.net\/tr\/?p=48373"},"wordCount":1227,"commentCount":0,"image":{"@id":"https:\/\/akunq.net\/tr\/?p=48373#primaryimage"},"thumbnailUrl":"https:\/\/akunq.net\/tr\/wp-content\/uploads\/sites\/6\/2018\/09\/\u0532\u0561\u0563\u0580\u0561\u057f-\u0537\u057d\u057f\u0578\u0582\u056f\u0575\u0561\u0576-3.jpg","articleSection":["Haberler","Makaleler","Tarih Sayfalar\u0131","T\u00fcrkiye\u2019de Az\u0131nl\u0131klar"],"inLanguage":"en-US","potentialAction":[{"@type":"CommentAction","name":"Comment","target":["https:\/\/akunq.net\/tr\/?p=48373#respond"]}]},{"@type":"WebPage","@id":"https:\/\/akunq.net\/tr\/?p=48373","url":"https:\/\/akunq.net\/tr\/?p=48373","name":"Milli bir proje olarak 6-7 Eyl\u00fcl - Bati Ermenistan Ve Bati Ermenileri Sorunlari Ara\u015ftirmalar Merkezi","isPartOf":{"@id":"https:\/\/akunq.net\/tr\/#website"},"primaryImageOfPage":{"@id":"https:\/\/akunq.net\/tr\/?p=48373#primaryimage"},"image":{"@id":"https:\/\/akunq.net\/tr\/?p=48373#primaryimage"},"thumbnailUrl":"https:\/\/akunq.net\/tr\/wp-content\/uploads\/sites\/6\/2018\/09\/\u0532\u0561\u0563\u0580\u0561\u057f-\u0537\u057d\u057f\u0578\u0582\u056f\u0575\u0561\u0576-3.jpg","datePublished":"2018-09-06T08:43:49+00:00","author":{"@id":"https:\/\/akunq.net\/tr\/#\/schema\/person\/096f1d38a12cce57fb855b485ed24c9e"},"breadcrumb":{"@id":"https:\/\/akunq.net\/tr\/?p=48373#breadcrumb"},"inLanguage":"en-US","potentialAction":[{"@type":"ReadAction","target":["https:\/\/akunq.net\/tr\/?p=48373"]}]},{"@type":"ImageObject","inLanguage":"en-US","@id":"https:\/\/akunq.net\/tr\/?p=48373#primaryimage","url":"https:\/\/akunq.net\/tr\/wp-content\/uploads\/sites\/6\/2018\/09\/\u0532\u0561\u0563\u0580\u0561\u057f-\u0537\u057d\u057f\u0578\u0582\u056f\u0575\u0561\u0576-3.jpg","contentUrl":"https:\/\/akunq.net\/tr\/wp-content\/uploads\/sites\/6\/2018\/09\/\u0532\u0561\u0563\u0580\u0561\u057f-\u0537\u057d\u057f\u0578\u0582\u056f\u0575\u0561\u0576-3.jpg","width":604,"height":399},{"@type":"BreadcrumbList","@id":"https:\/\/akunq.net\/tr\/?p=48373#breadcrumb","itemListElement":[{"@type":"ListItem","position":1,"name":"Home","item":"https:\/\/akunq.net\/tr"},{"@type":"ListItem","position":2,"name":"Milli bir proje olarak 6-7 Eyl\u00fcl"}]},{"@type":"WebSite","@id":"https:\/\/akunq.net\/tr\/#website","url":"https:\/\/akunq.net\/tr\/","name":"Bati Ermenistan Ve Bati Ermenileri Sorunlari Ara\u015ftirmalar Merkezi","description":"","potentialAction":[{"@type":"SearchAction","target":{"@type":"EntryPoint","urlTemplate":"https:\/\/akunq.net\/tr\/?s={search_term_string}"},"query-input":{"@type":"PropertyValueSpecification","valueRequired":true,"valueName":"search_term_string"}}],"inLanguage":"en-US"},{"@type":"Person","@id":"https:\/\/akunq.net\/tr\/#\/schema\/person\/096f1d38a12cce57fb855b485ed24c9e","name":"admin","url":"https:\/\/akunq.net\/tr\/?author=7"}]}},"_links":{"self":[{"href":"https:\/\/akunq.net\/tr\/index.php?rest_route=\/wp\/v2\/posts\/48373","targetHints":{"allow":["GET"]}}],"collection":[{"href":"https:\/\/akunq.net\/tr\/index.php?rest_route=\/wp\/v2\/posts"}],"about":[{"href":"https:\/\/akunq.net\/tr\/index.php?rest_route=\/wp\/v2\/types\/post"}],"author":[{"embeddable":true,"href":"https:\/\/akunq.net\/tr\/index.php?rest_route=\/wp\/v2\/users\/7"}],"replies":[{"embeddable":true,"href":"https:\/\/akunq.net\/tr\/index.php?rest_route=%2Fwp%2Fv2%2Fcomments&post=48373"}],"version-history":[{"count":1,"href":"https:\/\/akunq.net\/tr\/index.php?rest_route=\/wp\/v2\/posts\/48373\/revisions"}],"predecessor-version":[{"id":48376,"href":"https:\/\/akunq.net\/tr\/index.php?rest_route=\/wp\/v2\/posts\/48373\/revisions\/48376"}],"wp:featuredmedia":[{"embeddable":true,"href":"https:\/\/akunq.net\/tr\/index.php?rest_route=\/wp\/v2\/media\/48375"}],"wp:attachment":[{"href":"https:\/\/akunq.net\/tr\/index.php?rest_route=%2Fwp%2Fv2%2Fmedia&parent=48373"}],"wp:term":[{"taxonomy":"category","embeddable":true,"href":"https:\/\/akunq.net\/tr\/index.php?rest_route=%2Fwp%2Fv2%2Fcategories&post=48373"},{"taxonomy":"post_tag","embeddable":true,"href":"https:\/\/akunq.net\/tr\/index.php?rest_route=%2Fwp%2Fv2%2Ftags&post=48373"}],"curies":[{"name":"wp","href":"https:\/\/api.w.org\/{rel}","templated":true}]}}