{"id":48363,"date":"2018-09-06T03:28:35","date_gmt":"2018-09-06T08:28:35","guid":{"rendered":"http:\/\/akunq.net\/tr\/?p=48363"},"modified":"2018-09-06T03:28:35","modified_gmt":"2018-09-06T08:28:35","slug":"tarih-6-7-eylul-olaylariyla-dolu","status":"publish","type":"post","link":"https:\/\/akunq.net\/tr\/?p=48363","title":{"rendered":"\u2018Tarih 6-7 Eyl\u00fcl Olaylar\u0131\u2019yla dolu\u2019"},"content":{"rendered":"<p><a href=\"http:\/\/akunq.net\/tr\/?attachment_id=48364\" rel=\"attachment wp-att-48364\"><img loading=\"lazy\" decoding=\"async\" class=\"aligncenter size-full wp-image-48364\" src=\"http:\/\/akunq.net\/tr\/wp-content\/uploads\/2018\/09\/6-7-Eyl\u00fcl-Olaylar\u0131.jpg\" alt=\"\" width=\"730\" height=\"487\" srcset=\"https:\/\/akunq.net\/tr\/wp-content\/uploads\/sites\/6\/2018\/09\/6-7-Eyl\u00fcl-Olaylar\u0131.jpg 730w, https:\/\/akunq.net\/tr\/wp-content\/uploads\/sites\/6\/2018\/09\/6-7-Eyl\u00fcl-Olaylar\u0131-360x240.jpg 360w, https:\/\/akunq.net\/tr\/wp-content\/uploads\/sites\/6\/2018\/09\/6-7-Eyl\u00fcl-Olaylar\u0131-560x374.jpg 560w, https:\/\/akunq.net\/tr\/wp-content\/uploads\/sites\/6\/2018\/09\/6-7-Eyl\u00fcl-Olaylar\u0131-260x173.jpg 260w, https:\/\/akunq.net\/tr\/wp-content\/uploads\/sites\/6\/2018\/09\/6-7-Eyl\u00fcl-Olaylar\u0131-160x107.jpg 160w\" sizes=\"auto, (max-width: 730px) 100vw, 730px\" \/><\/a><\/p>\n<p><strong><em>Gazeteci Mihail Vasiliadis ve Yazar Foti Benlisoy 6-7 Eyl\u00fcl Olaylar\u0131\u2019n\u0131 de\u011ferlendirdi. \u0130HD de nefret su\u00e7unu bir kez daha lanetledi.<\/em><\/strong><\/p>\n<p>D\u00f6nemin \u00d6zel Harp Dairesi Ba\u015fkan\u0131 emekli Orgeneral Sabri Yirmibe\u015fo\u011flu\u2019nun, \u201cBa\u015far\u0131l\u0131 bir \u00f6zel harp i\u015fidir\u201d \u015feklinde tan\u0131mlad\u0131\u011f\u0131 6-7 Eyl\u00fcl Olaylar\u0131\u2019n\u0131n \u00fczerinden 63 y\u0131l ge\u00e7ti. Gazeteci Mihail Vasiliadis, 6-7 Eyl\u00fcl\u2019\u00fcn gayrim\u00fcslim halklar\u0131 eritme politikas\u0131n\u0131n bir halkas\u0131 oldu\u011funu s\u00f6ylerken Yazar Foti Benlisoy da tarihin bu t\u00fcr sald\u0131r\u0131larla dolu oldu\u011funu vurgulad\u0131.<\/p>\n<p>D\u00f6nemin \u00d6zel Harp Dairesi Ba\u015fkan\u0131 emekli Orgeneral Sabri Yirmibe\u015fo\u011flu\u2019nun, \u201cBa\u015far\u0131l\u0131 bir \u00f6zel harp i\u015fidir\u201d \u015feklinde tan\u0131mlad\u0131\u011f\u0131; Rum, Ermeni ve Yahudi yurtta\u015flara y\u00f6nelik sald\u0131r\u0131lar\u0131n yap\u0131ld\u0131\u011f\u0131 6-7 Eyl\u00fcl Olaylar\u0131\u2019n\u0131n \u00fczerinden 63 y\u0131l ge\u00e7ti. 6-7 Eyl\u00fcl tan\u0131klar\u0131ndan Apoyevmatini gazetesi Genel Yay\u0131n Y\u00f6netmeni Mihail Vasiliadis 6-7 Eyl\u00fcl g\u00fcn\u00fc ya\u015fad\u0131klar\u0131n\u0131 anlatt\u0131. Olaylar\u0131n ya\u015fand\u0131\u011f\u0131 tarihte 15 ya\u015f\u0131nda bir tezgahtar olan Vasiliadis, \u201cHi\u00e7 tan\u0131mad\u0131\u011f\u0131m\u0131z ki\u015filer sabah\u0131n erken saatlerinde d\u00fckkanlar\u0131n \u00f6n\u00fcnden gidip geliyorlard\u0131. Bir \u015fey bekliyor gibi bir halleri vard\u0131. Esnaf \u2018Bunlar\u0131n burada ne i\u015fi var\u2019 diye soruyordu. T\u00fcrk kom\u015fular ise \u00fcz\u00fcnt\u00fcl\u00fc ve tedirgin gibiydiler. Baz\u0131 T\u00fcrkler, gayrim\u00fcslim dostlar\u0131na tavsiyelerde bulunuyordu. \u2018Bug\u00fcn pek iyi de\u011fil, d\u00fckkanlar\u0131 kapat\u0131p gidelim\u2019 diyorlard\u0131. Ama bunun nedenini s\u00f6yleyemiyorlard\u0131. Nedenini s\u00f6yleseler dostlar\u0131 olmayan az\u0131nl\u0131k mensuplar\u0131 da bundan istifade edebileceklerdi. \u00c7\u00fcnk\u00fc tan\u0131d\u0131klar\u0131 ki\u015filer kendi de\u011ferlendirdikleri ki\u015filerdi. Dolay\u0131s\u0131yla, onlara zarar gelmemesi gerekir fikri hakimdi. T\u00fcrk dostlar\u0131n tavsiyesiyle d\u00fckkanlar kapat\u0131ld\u0131. Ben eve gitmek \u00fczere yola \u00e7\u0131kt\u0131m\u201d s\u00f6zleriyle o g\u00fcn ya\u015fananlar\u0131 anlatt\u0131.<\/p>\n<p><strong>\u2018ATAT\u00dcRK\u2019\u00dcN EV\u0130 BOMBALANDI\u2019 HABER\u0130 GEL\u0130NCE\u2026<\/strong><\/p>\n<p>Eve do\u011fru giderken Yunanistan\u2019dan \u201cAtat\u00fcrk\u2019\u00fcn evi bombaland\u0131\u201d haberi geldi\u011fini ifade eden Vasilidais, \u015f\u00f6yle devam etti: \u201cO s\u0131rada Tarlaba\u015f\u0131\u2019nda bulunan evime ula\u015fmaya \u00e7al\u0131\u015f\u0131yordum. Yoldayken az\u0131nl\u0131klar\u0131n b\u00fct\u00fcn d\u00fckkanlar\u0131n\u0131 par\u00e7alamaya ba\u015flad\u0131lar. Sandalyelerin \u00fczerine \u00e7\u0131karak Rumlar aleyhinde slogan atan insanlar vard\u0131. Eve vard\u0131\u011f\u0131mda kap\u0131c\u0131 beni g\u00f6r\u00fcp \u2018Gel i\u00e7eri gel i\u00e7eri\u2019 diye ba\u011f\u0131rd\u0131. \u2018Ne oluyor Ahmet efendi?\u2019 dedim. Beni i\u00e7eri al\u0131p \u00fczerimden kap\u0131y\u0131 kapatt\u0131. Kap\u0131c\u0131 apartmandaki herkese telkin etti. Bir m\u00fcddet sonra yaygara patlad\u0131. Bir g\u00fcruh y\u00fcr\u00fcrken her yeri talan ediyor, k\u0131r\u0131p d\u00f6k\u00fcyordu. Bizim bildi\u011fimiz T\u00fcrk evlerine ise dokunmuyordu. Ahmet Efendi T\u00fcrk bayra\u011f\u0131n\u0131 sallayarak \u2018Burada gavur yok, hepsi M\u00fcsl\u00fcman\u2019 diye ba\u011f\u0131r\u0131yordu ge\u00e7enlere. Adamlar bizim eve dokunmadan ge\u00e7ip gittiler. Ahmet Efendi ise onlar gittikten sonra kap\u0131y\u0131 a\u00e7\u0131p bayra\u011f\u0131 i\u00e7eri b\u0131rakt\u0131. Eline kazma al\u0131p \u00f6nden giden gruba kat\u0131larak di\u011fer Rum evleri talan etmeye gitti.\u201d<\/p>\n<p><strong>\u2018VATAN\u0130 G\u00d6REV\u0130N\u0130 YER\u0130NE GET\u0130REN T\u00dcRKLER\u2026\u2019<\/strong><\/p>\n<p>Vasiliadis, kap\u0131c\u0131lar\u0131 olan Ahmet Efendi\u2019nin tavr\u0131n\u0131 ise \u015fu s\u00f6zlerle a\u00e7\u0131klad\u0131: \u201cAhmet Efendi bizim kim oldu\u011fumuzu kendi ya\u015fam\u0131ndan biliyordu. Bayramda bayram har\u00e7l\u0131\u011f\u0131n\u0131 al\u0131rd\u0131. Yemek pi\u015firdi\u011fimizde muhakkak ona verirdik. Dolay\u0131s\u0131yla \u2018Bunlar iyi adam, bunlar\u0131 kurtarmak gerekir\u2019 diye d\u00fc\u015f\u00fcn\u00fcyordu. Di\u011fer Rumlar\u0131 ise tan\u0131m\u0131yordu. Rumlar\u0131 toplum olarak bildi\u011fini zannediyordu. K\u0131br\u0131s\u2019ta meydana gelen ve verildi\u011fi bi\u00e7imiyle T\u00fcrkiye\u2019de duyulan olaylar intihal uyand\u0131r\u0131yor, k\u0131zg\u0131nl\u0131k yarat\u0131yordu. Ve Rumlar hakk\u0131nda bir imaj yarat\u0131l\u0131yordu. Ahmet Efendi de bu imajdan etkilenerek g\u00f6rd\u00fc\u011f\u00fc Rumlara sald\u0131rmada engel g\u00f6rm\u00fcyordu. Yani \u00f6nce vicdani, sonra vatani g\u00f6revini yerine getirmi\u015fti.\u201d Vasiliadis, \u201cGelen kalabal\u0131k grup evimizin yan\u0131ndaki pastaneyi de tahrip edip k\u0131rd\u0131. Pastac\u0131 karakola veri\u015ftiriyor, \u2018Neden m\u00fcdahale etmediniz?\u2019 diye soruyordu. Komiser \u2018Ben bug\u00fcn polis de\u011filim, T\u00fcrk\u00fcm\u2019 dedi. Ayn\u0131 cevab\u0131 o g\u00fcn \u0130stanbul\u2019un pek \u00e7ok yerinde pek \u00e7ok polis verdi. Belli ki daha \u00f6nceden birileri bunlar\u0131 toplam\u0131\u015f. 6 Eyl\u00fcl\u2019de hi\u00e7bir \u015feye kar\u0131\u015fmayacaks\u0131n\u0131z denilmi\u015fti\u201d dedi.<\/p>\n<p><strong>\u2018T\u00dcRK ULUSU \u0130N\u015eA ETME PROJES\u0130\u2019<\/strong><\/p>\n<p>6-7 Eyl\u00fcl\u2019\u00fcn politikalar\u0131n\u0131n devam\u0131 oldu\u011funa dikkat \u00e7eken ara\u015ft\u0131rmac\u0131 yazar Foti Benlisoy da, \u201cT\u00fcrk ulusu in\u015fa etme projesi i\u00e7erisinde gayrim\u00fcslim topluluklar, T\u00fcrkl\u00fc\u011fe bir tehdit unsuru olan ya da olabilecek unsurlar olarak g\u00f6r\u00fcl\u00fcyordu. 6-7 Eyl\u00fcl, T\u00fcrkle\u015fmenin asla m\u00fcmk\u00fcn olmad\u0131\u011f\u0131 d\u00fc\u015f\u00fcn\u00fclen, vatanda\u015fl\u0131klar\u0131n\u0131n da esas itibariyle sadece yasal bir detay, kanuni esasi T\u00fcrkl\u00fc\u011f\u00fcyle olu\u015fan bir Anayasa itibariyle say\u0131lan topluluklar\u0131n temizlenmesi tasfiyesidir. Gayrim\u00fcslimlerin g\u00f6\u00e7 ettirilmesine, ortadan kald\u0131r\u0131lmas\u0131na d\u00f6n\u00fck bir politikalar b\u00fct\u00fcn\u00fcn\u00fcn devam\u0131d\u0131r\u201d s\u00f6zleriyle anlatt\u0131.<\/p>\n<p>\u201c6-7 Eyl\u00fcl g\u00fcn\u00fcn\u00fc biricikle\u015ftirmemek laz\u0131m\u201d diyen Benlisoy, tarihin bu t\u00fcr sald\u0131r\u0131larla dolu oldu\u011funa vurgu yapt\u0131. Benlisoy, \u201cRum, Ermeni ve gayrim\u00fcslim topluluklarla ilgili tarihe bakt\u0131\u011f\u0131m\u0131zda esas itibariyle Varl\u0131k Vergisi\u2019ni,\u00a0 6-7 Eyl\u00fcl Olaylar\u0131\u2019n\u0131 tart\u0131\u015f\u0131yoruz. Ama bu anlar d\u0131\u015f\u0131nda da gayrim\u00fcslim topluluklar s\u00fcrekli bir kayg\u0131 i\u00e7erisindeydiler. G\u00fcndelik hadiseler vard\u0131r. Bu g\u00fcndelik hadiseler 1920\u2019li y\u0131llar\u0131nda ba\u015flar. \u2018T\u00fcrk\u00e7e konu\u015f\u2019 kampanyalar\u0131n\u0131 d\u00fc\u015f\u00fcn\u00fcn mesela. O d\u00f6nemde vapurda, tramvayda T\u00fcrk\u00e7e d\u0131\u015f\u0131nda ba\u015fka bir dil konu\u015fanlar uyar\u0131l\u0131r, kamu arac\u0131ndan, d\u00fckkandan d\u0131\u015far\u0131 at\u0131l\u0131r, tartaklan\u0131r, d\u00f6v\u00fcl\u00fcr. Bug\u00fcn nas\u0131l Cumhurba\u015fkan\u0131\u2019na hakaret davalar\u0131 bir siyasal ve toplumsal olaysa 1920-1930\u2019lu y\u0131llarda T\u00fcrkl\u00fc\u011fe hakaret davalar\u0131 vard\u0131. Dolay\u0131s\u0131yla gayrim\u00fcslimler s\u00fcrekli bir korku ve \u00f6tekili\u011finin hissettirilmesiyle d\u0131\u015far\u0131da olan bir varl\u0131k oldular\u201d diye konu\u015ftu.<\/p>\n<p><strong>\u20186-7 EYL\u00dcL B\u0130R ANDA G\u00d6KTEN A\u015eA\u011eI D\u00dc\u015eMED\u0130\u2019<\/strong><\/p>\n<p>6-7 Eyl\u00fcl\u2019\u00fcn T\u00fcrkiye\u2019deki politik lin\u00e7 giri\u015fimleri a\u00e7\u0131s\u0131ndan bir arketip oldu\u011funa vurgu yapan Benlisoy, \u201c6-7 Eyl\u00fcl\u2019\u00fc tart\u0131\u015f\u0131rken bug\u00fcn ya\u015fanan lin\u00e7 ili\u015fkilerini de tart\u0131\u015fmak gerekiyor. 6-7 Eyl\u00fcl bir anda g\u00f6ky\u00fcz\u00fcnden a\u015fa\u011f\u0131 d\u00fc\u015fmedi. Havada pogrom, lin\u00e7 olay\u0131 vard\u0131. Bug\u00fcn\u00fcn gazetelerine bakt\u0131\u011f\u0131n\u0131zda da Suriyeli g\u00f6\u00e7menlerle ilgili yine havada pogrom kokusu vard\u0131r. Mesela g\u00fcndelik bir mahalle kavgas\u0131, Suriyeli g\u00f6\u00e7menlere kar\u015f\u0131 bir sald\u0131r\u0131n\u0131n vesilesi olabilmektedir\u201d diye belirtti.<\/p>\n<p><strong>\u2018NEFRET SU\u00c7UNU B\u0130R KEZ DAHA LANETL\u0130YORUZ\u2019<\/strong><\/p>\n<p>6-7 Eyl\u00fcl\u2019\u00fcn y\u0131l d\u00f6n\u00fcm\u00fcnde \u0130nsan Haklar\u0131 Derne\u011fi (\u0130HD) de bir a\u00e7\u0131klama yapt\u0131. \u201cYa\u015fananlar bir devlet operasyonuydu. Titizlikle \u00f6rg\u00fctlenmi\u015f bir \u00f6zel harp faaliyetiydi. Milli \u0130stihbarat Te\u015fkilat\u0131 taraf\u0131ndan planland\u0131, devlet dersini iyi ezberlemi\u015f kalabal\u0131klar taraf\u0131ndan \u015fevkle uyguland\u0131.\u201d denilen a\u00e7\u0131klamada \u201cAma ger\u00e7e\u011fin yeterince bilinmeyen bir yan\u0131 var\u201d denilerek \u015fu ifadelere yer verildi: \u201cFoto\u011fraflarda d\u00fckkanl\u00e2ra sald\u0131ranlar\u0131, \u0130stiklal Caddesi\u2019nin boydan boya kuma\u015fla, ya\u011fmadan arta kalan mallarla kapland\u0131\u011f\u0131n\u0131 izleriz. B\u00f6yle bir temsil, insan zihninde yanl\u0131\u015f bir alg\u0131ya hizmet eder. Bu, \u201caz\u0131nl\u0131klar zengindir ve sald\u0131r\u0131 bu zenginli\u011fe kar\u015f\u0131 yap\u0131ld\u0131\u201d alg\u0131s\u0131d\u0131r. 6-7 Eyl\u00fcl\u2019\u00fcn bir \u201cservet d\u00fc\u015fmanl\u0131\u011f\u0131\u201d olarak sunulmas\u0131d\u0131r. Oysa vah\u015fet, bu iki g\u00fcn boyunca bitmeyen enerjisini a\u011f\u0131rl\u0131kl\u0131 olarak H\u0131ristiyan nefretinden alm\u0131\u015f, korkun\u00e7 sald\u0131r\u0131lar H\u0131ristiyan inanc\u0131na kar\u015f\u0131 yap\u0131lm\u0131\u015ft\u0131r. Bunun somut kan\u0131t\u0131 kiliseler ve mezarl\u0131klard\u0131r. Sald\u0131r\u0131lar en y\u0131k\u0131c\u0131, en tahrip edici y\u00fcz\u00fcn\u00fc ba\u015fta Rumlar\u0131n olmak \u00fczere gayrim\u00fcslimlerin kutsallar\u0131na, kiliselerine, sinagoglar\u0131na, mezarl\u0131klar\u0131na kar\u015f\u0131 g\u00f6stermi\u015ftir. Kiliseler birka\u00e7 saat i\u00e7inde harabeye \u00e7evrilmi\u015f, dinamitle patlat\u0131lm\u0131\u015f, ate\u015fe verilmi\u015ftir. Kilise i\u00e7inde kutsal e\u015fyalar tahrip edilmi\u015f, \u0130sa tasvirlerinin g\u00f6zleri oyulmu\u015f, ha\u00e7lar k\u0131r\u0131lm\u0131\u015f, mezarlar a\u00e7\u0131l\u0131p cenazelerin kemikleri ortal\u0131\u011fa sa\u00e7\u0131lm\u0131\u015f, yeni g\u00f6m\u00fclm\u00fc\u015f bir cenaze a\u011faca as\u0131larak karn\u0131na T\u00fcrk bayra\u011f\u0131 saplanm\u0131\u015ft\u0131r.\u201d<\/p>\n<p><strong>\u2018B\u0130R \u00d6Z\u00dcR B\u0130LE D\u0130LENMED\u0130\u2019<\/strong><\/p>\n<p>Rum toplumunun a\u011f\u0131r kay\u0131plar\u0131n\u0131 tazmin edilmedi\u011finin ve\u00a0 \u00f6z\u00fcr bile dilemedi\u011finin alt\u0131 \u00e7izilen \u0130HD a\u00e7\u0131klamas\u0131nda \u201cAma alt\u0131 yeterince \u00e7izilmeyen bir ger\u00e7ek, halk\u0131n kat\u0131l\u0131m\u0131d\u0131r. Su\u00e7un bir avu\u00e7 y\u00f6netici taraf\u0131ndan i\u015flendi\u011fi i\u00e7imizi rahatlat\u0131r, halk\u0131n kat\u0131l\u0131m\u0131n\u0131 konu\u015fmak rahats\u0131z edicidir. Speros Vryonis halk kat\u0131l\u0131m\u0131 konusunda da titiz bir \u00e7al\u0131\u015fma yapm\u0131\u015f, \u0130stanbul Emniyet M\u00fcd\u00fcr\u00fc\u2019n\u00fcn Yass\u0131ada duru\u015fmalar\u0131nda verdi\u011fi 300.000 ki\u015fi bilgisini inand\u0131r\u0131c\u0131 bulmam\u0131\u015f, elindeki verilerle bu say\u0131n\u0131n 100.000 oldu\u011funu belirtmi\u015ftir. Yani o g\u00fcnk\u00fc \u0130stanbul n\u00fcfusunun onda biri. \u015eehrin bug\u00fcnk\u00fc n\u00fcfusuna oranlarsak bu, iki milyona yak\u0131n ki\u015fi demektir. Bug\u00fcn b\u00f6yle bir y\u0131k\u0131c\u0131l\u0131\u011fa iki milyona yak\u0131n ki\u015finin bilfiil kat\u0131ld\u0131\u011f\u0131n\u0131 d\u00fc\u015f\u00fcn\u00fcrsek, halk kat\u0131l\u0131m\u0131n\u0131n boyutlar\u0131n\u0131 daha iyi g\u00f6rebiliriz. \u0130nsan haklar\u0131 savunucular\u0131, \u0131rk\u00e7\u0131l\u0131k ve ayr\u0131mc\u0131l\u0131k kar\u015f\u0131tlar\u0131 olarak bizler, bug\u00fcn, 6-7 Eyl\u00fcl pogromunun 62. y\u0131l\u0131nda, hem T\u00fcrkiye\u2019de devlet gelene\u011finin, hem de devletin dayand\u0131\u011f\u0131 taban\u0131n, yani T\u00fcrkiye\u2019nin M\u00fcsl\u00fcman n\u00fcfusunun tarihini sorguluyor, H\u0131ristiyan ve Yahudi d\u00fc\u015fmanl\u0131\u011f\u0131n\u0131 bir nefret su\u00e7u olarak bir kez daha lanetliyoruz.\u201d<\/p>\n<p><strong><em>Melike CEYHAN<\/em><\/strong><\/p>\n<p><a href=\"https:\/\/www.evrensel.net\/haber\/360665\/tarih-6-7-eylul-olaylariyla-dolu\"><strong><em>www.evrensel.net<\/em><\/strong><\/a><\/p>\n<p>&nbsp;<\/p>\n","protected":false},"excerpt":{"rendered":"<p>Gazeteci Mihail Vasiliadis ve Yazar Foti Benlisoy 6-7 Eyl\u00fcl Olaylar\u0131\u2019n\u0131 de\u011ferlendirdi. \u0130HD de nefret su\u00e7unu bir kez daha lanetledi. D\u00f6nemin \u00d6zel Harp Dairesi Ba\u015fkan\u0131 emekli Orgeneral Sabri Yirmibe\u015fo\u011flu\u2019nun, \u201cBa\u015far\u0131l\u0131 bir \u00f6zel harp i\u015fidir\u201d \u015feklinde tan\u0131mlad\u0131\u011f\u0131 6-7 Eyl\u00fcl Olaylar\u0131\u2019n\u0131n \u00fczerinden 63 y\u0131l ge\u00e7ti. Gazeteci Mihail Vasiliadis, 6-7 Eyl\u00fcl\u2019\u00fcn gayrim\u00fcslim halklar\u0131 eritme politikas\u0131n\u0131n bir halkas\u0131 oldu\u011funu s\u00f6ylerken [&hellip;]<\/p>\n","protected":false},"author":7,"featured_media":48365,"comment_status":"open","ping_status":"open","sticky":false,"template":"","format":"standard","meta":{"footnotes":""},"categories":[1,20,53],"tags":[],"class_list":["post-48363","post","type-post","status-publish","format-standard","has-post-thumbnail","hentry","category-haberler","category-tarih-sayfalari","category-turkiyede-azinliklar"],"yoast_head":"<!-- This site is optimized with the Yoast SEO plugin v27.4 - https:\/\/yoast.com\/product\/yoast-seo-wordpress\/ -->\n<title>\u2018Tarih 6-7 Eyl\u00fcl Olaylar\u0131\u2019yla dolu\u2019 - Bati Ermenistan Ve Bati Ermenileri Sorunlari Ara\u015ftirmalar Merkezi<\/title>\n<meta name=\"robots\" content=\"index, follow, max-snippet:-1, max-image-preview:large, max-video-preview:-1\" \/>\n<link rel=\"canonical\" href=\"https:\/\/akunq.net\/tr\/?p=48363\" \/>\n<meta property=\"og:locale\" content=\"en_US\" \/>\n<meta property=\"og:type\" content=\"article\" \/>\n<meta property=\"og:title\" content=\"\u2018Tarih 6-7 Eyl\u00fcl Olaylar\u0131\u2019yla dolu\u2019 - Bati Ermenistan Ve Bati Ermenileri Sorunlari Ara\u015ftirmalar Merkezi\" \/>\n<meta property=\"og:description\" content=\"Gazeteci Mihail Vasiliadis ve Yazar Foti Benlisoy 6-7 Eyl\u00fcl Olaylar\u0131\u2019n\u0131 de\u011ferlendirdi. \u0130HD de nefret su\u00e7unu bir kez daha lanetledi. D\u00f6nemin \u00d6zel Harp Dairesi Ba\u015fkan\u0131 emekli Orgeneral Sabri Yirmibe\u015fo\u011flu\u2019nun, \u201cBa\u015far\u0131l\u0131 bir \u00f6zel harp i\u015fidir\u201d \u015feklinde tan\u0131mlad\u0131\u011f\u0131 6-7 Eyl\u00fcl Olaylar\u0131\u2019n\u0131n \u00fczerinden 63 y\u0131l ge\u00e7ti. Gazeteci Mihail Vasiliadis, 6-7 Eyl\u00fcl\u2019\u00fcn gayrim\u00fcslim halklar\u0131 eritme politikas\u0131n\u0131n bir halkas\u0131 oldu\u011funu s\u00f6ylerken [&hellip;]\" \/>\n<meta property=\"og:url\" content=\"https:\/\/akunq.net\/tr\/?p=48363\" \/>\n<meta property=\"og:site_name\" content=\"Bati Ermenistan Ve Bati Ermenileri Sorunlari Ara\u015ftirmalar Merkezi\" \/>\n<meta property=\"article:published_time\" content=\"2018-09-06T08:28:35+00:00\" \/>\n<meta property=\"og:image\" content=\"https:\/\/akunq.net\/tr\/wp-content\/uploads\/sites\/6\/2018\/09\/6-7-Eyl\u00fcl-Olaylar\u0131-1.jpg\" \/>\n\t<meta property=\"og:image:width\" content=\"730\" \/>\n\t<meta property=\"og:image:height\" content=\"487\" \/>\n\t<meta property=\"og:image:type\" content=\"image\/jpeg\" \/>\n<meta name=\"author\" content=\"admin\" \/>\n<meta name=\"twitter:card\" content=\"summary_large_image\" \/>\n<meta name=\"twitter:label1\" content=\"Written by\" \/>\n\t<meta name=\"twitter:data1\" content=\"admin\" \/>\n\t<meta name=\"twitter:label2\" content=\"Est. reading time\" \/>\n\t<meta name=\"twitter:data2\" content=\"8 minutes\" \/>\n<script type=\"application\/ld+json\" class=\"yoast-schema-graph\">{\"@context\":\"https:\\\/\\\/schema.org\",\"@graph\":[{\"@type\":\"Article\",\"@id\":\"https:\\\/\\\/akunq.net\\\/tr\\\/?p=48363#article\",\"isPartOf\":{\"@id\":\"https:\\\/\\\/akunq.net\\\/tr\\\/?p=48363\"},\"author\":{\"name\":\"admin\",\"@id\":\"https:\\\/\\\/akunq.net\\\/tr\\\/#\\\/schema\\\/person\\\/096f1d38a12cce57fb855b485ed24c9e\"},\"headline\":\"\u2018Tarih 6-7 Eyl\u00fcl Olaylar\u0131\u2019yla dolu\u2019\",\"datePublished\":\"2018-09-06T08:28:35+00:00\",\"mainEntityOfPage\":{\"@id\":\"https:\\\/\\\/akunq.net\\\/tr\\\/?p=48363\"},\"wordCount\":1624,\"commentCount\":0,\"image\":{\"@id\":\"https:\\\/\\\/akunq.net\\\/tr\\\/?p=48363#primaryimage\"},\"thumbnailUrl\":\"https:\\\/\\\/akunq.net\\\/tr\\\/wp-content\\\/uploads\\\/sites\\\/6\\\/2018\\\/09\\\/6-7-Eyl\u00fcl-Olaylar\u0131-1.jpg\",\"articleSection\":[\"Haberler\",\"Tarih Sayfalar\u0131\",\"T\u00fcrkiye\u2019de Az\u0131nl\u0131klar\"],\"inLanguage\":\"en-US\",\"potentialAction\":[{\"@type\":\"CommentAction\",\"name\":\"Comment\",\"target\":[\"https:\\\/\\\/akunq.net\\\/tr\\\/?p=48363#respond\"]}]},{\"@type\":\"WebPage\",\"@id\":\"https:\\\/\\\/akunq.net\\\/tr\\\/?p=48363\",\"url\":\"https:\\\/\\\/akunq.net\\\/tr\\\/?p=48363\",\"name\":\"\u2018Tarih 6-7 Eyl\u00fcl Olaylar\u0131\u2019yla dolu\u2019 - Bati Ermenistan Ve Bati Ermenileri Sorunlari Ara\u015ftirmalar Merkezi\",\"isPartOf\":{\"@id\":\"https:\\\/\\\/akunq.net\\\/tr\\\/#website\"},\"primaryImageOfPage\":{\"@id\":\"https:\\\/\\\/akunq.net\\\/tr\\\/?p=48363#primaryimage\"},\"image\":{\"@id\":\"https:\\\/\\\/akunq.net\\\/tr\\\/?p=48363#primaryimage\"},\"thumbnailUrl\":\"https:\\\/\\\/akunq.net\\\/tr\\\/wp-content\\\/uploads\\\/sites\\\/6\\\/2018\\\/09\\\/6-7-Eyl\u00fcl-Olaylar\u0131-1.jpg\",\"datePublished\":\"2018-09-06T08:28:35+00:00\",\"author\":{\"@id\":\"https:\\\/\\\/akunq.net\\\/tr\\\/#\\\/schema\\\/person\\\/096f1d38a12cce57fb855b485ed24c9e\"},\"breadcrumb\":{\"@id\":\"https:\\\/\\\/akunq.net\\\/tr\\\/?p=48363#breadcrumb\"},\"inLanguage\":\"en-US\",\"potentialAction\":[{\"@type\":\"ReadAction\",\"target\":[\"https:\\\/\\\/akunq.net\\\/tr\\\/?p=48363\"]}]},{\"@type\":\"ImageObject\",\"inLanguage\":\"en-US\",\"@id\":\"https:\\\/\\\/akunq.net\\\/tr\\\/?p=48363#primaryimage\",\"url\":\"https:\\\/\\\/akunq.net\\\/tr\\\/wp-content\\\/uploads\\\/sites\\\/6\\\/2018\\\/09\\\/6-7-Eyl\u00fcl-Olaylar\u0131-1.jpg\",\"contentUrl\":\"https:\\\/\\\/akunq.net\\\/tr\\\/wp-content\\\/uploads\\\/sites\\\/6\\\/2018\\\/09\\\/6-7-Eyl\u00fcl-Olaylar\u0131-1.jpg\",\"width\":730,\"height\":487},{\"@type\":\"BreadcrumbList\",\"@id\":\"https:\\\/\\\/akunq.net\\\/tr\\\/?p=48363#breadcrumb\",\"itemListElement\":[{\"@type\":\"ListItem\",\"position\":1,\"name\":\"Home\",\"item\":\"https:\\\/\\\/akunq.net\\\/tr\"},{\"@type\":\"ListItem\",\"position\":2,\"name\":\"\u2018Tarih 6-7 Eyl\u00fcl Olaylar\u0131\u2019yla dolu\u2019\"}]},{\"@type\":\"WebSite\",\"@id\":\"https:\\\/\\\/akunq.net\\\/tr\\\/#website\",\"url\":\"https:\\\/\\\/akunq.net\\\/tr\\\/\",\"name\":\"Bati Ermenistan Ve Bati Ermenileri Sorunlari Ara\u015ftirmalar Merkezi\",\"description\":\"\",\"potentialAction\":[{\"@type\":\"SearchAction\",\"target\":{\"@type\":\"EntryPoint\",\"urlTemplate\":\"https:\\\/\\\/akunq.net\\\/tr\\\/?s={search_term_string}\"},\"query-input\":{\"@type\":\"PropertyValueSpecification\",\"valueRequired\":true,\"valueName\":\"search_term_string\"}}],\"inLanguage\":\"en-US\"},{\"@type\":\"Person\",\"@id\":\"https:\\\/\\\/akunq.net\\\/tr\\\/#\\\/schema\\\/person\\\/096f1d38a12cce57fb855b485ed24c9e\",\"name\":\"admin\",\"url\":\"https:\\\/\\\/akunq.net\\\/tr\\\/?author=7\"}]}<\/script>\n<!-- \/ Yoast SEO plugin. -->","yoast_head_json":{"title":"\u2018Tarih 6-7 Eyl\u00fcl Olaylar\u0131\u2019yla dolu\u2019 - Bati Ermenistan Ve Bati Ermenileri Sorunlari Ara\u015ftirmalar Merkezi","robots":{"index":"index","follow":"follow","max-snippet":"max-snippet:-1","max-image-preview":"max-image-preview:large","max-video-preview":"max-video-preview:-1"},"canonical":"https:\/\/akunq.net\/tr\/?p=48363","og_locale":"en_US","og_type":"article","og_title":"\u2018Tarih 6-7 Eyl\u00fcl Olaylar\u0131\u2019yla dolu\u2019 - Bati Ermenistan Ve Bati Ermenileri Sorunlari Ara\u015ftirmalar Merkezi","og_description":"Gazeteci Mihail Vasiliadis ve Yazar Foti Benlisoy 6-7 Eyl\u00fcl Olaylar\u0131\u2019n\u0131 de\u011ferlendirdi. \u0130HD de nefret su\u00e7unu bir kez daha lanetledi. D\u00f6nemin \u00d6zel Harp Dairesi Ba\u015fkan\u0131 emekli Orgeneral Sabri Yirmibe\u015fo\u011flu\u2019nun, \u201cBa\u015far\u0131l\u0131 bir \u00f6zel harp i\u015fidir\u201d \u015feklinde tan\u0131mlad\u0131\u011f\u0131 6-7 Eyl\u00fcl Olaylar\u0131\u2019n\u0131n \u00fczerinden 63 y\u0131l ge\u00e7ti. Gazeteci Mihail Vasiliadis, 6-7 Eyl\u00fcl\u2019\u00fcn gayrim\u00fcslim halklar\u0131 eritme politikas\u0131n\u0131n bir halkas\u0131 oldu\u011funu s\u00f6ylerken [&hellip;]","og_url":"https:\/\/akunq.net\/tr\/?p=48363","og_site_name":"Bati Ermenistan Ve Bati Ermenileri Sorunlari Ara\u015ftirmalar Merkezi","article_published_time":"2018-09-06T08:28:35+00:00","og_image":[{"width":730,"height":487,"url":"https:\/\/akunq.net\/tr\/wp-content\/uploads\/sites\/6\/2018\/09\/6-7-Eyl\u00fcl-Olaylar\u0131-1.jpg","type":"image\/jpeg"}],"author":"admin","twitter_card":"summary_large_image","twitter_misc":{"Written by":"admin","Est. reading time":"8 minutes"},"schema":{"@context":"https:\/\/schema.org","@graph":[{"@type":"Article","@id":"https:\/\/akunq.net\/tr\/?p=48363#article","isPartOf":{"@id":"https:\/\/akunq.net\/tr\/?p=48363"},"author":{"name":"admin","@id":"https:\/\/akunq.net\/tr\/#\/schema\/person\/096f1d38a12cce57fb855b485ed24c9e"},"headline":"\u2018Tarih 6-7 Eyl\u00fcl Olaylar\u0131\u2019yla dolu\u2019","datePublished":"2018-09-06T08:28:35+00:00","mainEntityOfPage":{"@id":"https:\/\/akunq.net\/tr\/?p=48363"},"wordCount":1624,"commentCount":0,"image":{"@id":"https:\/\/akunq.net\/tr\/?p=48363#primaryimage"},"thumbnailUrl":"https:\/\/akunq.net\/tr\/wp-content\/uploads\/sites\/6\/2018\/09\/6-7-Eyl\u00fcl-Olaylar\u0131-1.jpg","articleSection":["Haberler","Tarih Sayfalar\u0131","T\u00fcrkiye\u2019de Az\u0131nl\u0131klar"],"inLanguage":"en-US","potentialAction":[{"@type":"CommentAction","name":"Comment","target":["https:\/\/akunq.net\/tr\/?p=48363#respond"]}]},{"@type":"WebPage","@id":"https:\/\/akunq.net\/tr\/?p=48363","url":"https:\/\/akunq.net\/tr\/?p=48363","name":"\u2018Tarih 6-7 Eyl\u00fcl Olaylar\u0131\u2019yla dolu\u2019 - Bati Ermenistan Ve Bati Ermenileri Sorunlari Ara\u015ftirmalar Merkezi","isPartOf":{"@id":"https:\/\/akunq.net\/tr\/#website"},"primaryImageOfPage":{"@id":"https:\/\/akunq.net\/tr\/?p=48363#primaryimage"},"image":{"@id":"https:\/\/akunq.net\/tr\/?p=48363#primaryimage"},"thumbnailUrl":"https:\/\/akunq.net\/tr\/wp-content\/uploads\/sites\/6\/2018\/09\/6-7-Eyl\u00fcl-Olaylar\u0131-1.jpg","datePublished":"2018-09-06T08:28:35+00:00","author":{"@id":"https:\/\/akunq.net\/tr\/#\/schema\/person\/096f1d38a12cce57fb855b485ed24c9e"},"breadcrumb":{"@id":"https:\/\/akunq.net\/tr\/?p=48363#breadcrumb"},"inLanguage":"en-US","potentialAction":[{"@type":"ReadAction","target":["https:\/\/akunq.net\/tr\/?p=48363"]}]},{"@type":"ImageObject","inLanguage":"en-US","@id":"https:\/\/akunq.net\/tr\/?p=48363#primaryimage","url":"https:\/\/akunq.net\/tr\/wp-content\/uploads\/sites\/6\/2018\/09\/6-7-Eyl\u00fcl-Olaylar\u0131-1.jpg","contentUrl":"https:\/\/akunq.net\/tr\/wp-content\/uploads\/sites\/6\/2018\/09\/6-7-Eyl\u00fcl-Olaylar\u0131-1.jpg","width":730,"height":487},{"@type":"BreadcrumbList","@id":"https:\/\/akunq.net\/tr\/?p=48363#breadcrumb","itemListElement":[{"@type":"ListItem","position":1,"name":"Home","item":"https:\/\/akunq.net\/tr"},{"@type":"ListItem","position":2,"name":"\u2018Tarih 6-7 Eyl\u00fcl Olaylar\u0131\u2019yla dolu\u2019"}]},{"@type":"WebSite","@id":"https:\/\/akunq.net\/tr\/#website","url":"https:\/\/akunq.net\/tr\/","name":"Bati Ermenistan Ve Bati Ermenileri Sorunlari Ara\u015ftirmalar Merkezi","description":"","potentialAction":[{"@type":"SearchAction","target":{"@type":"EntryPoint","urlTemplate":"https:\/\/akunq.net\/tr\/?s={search_term_string}"},"query-input":{"@type":"PropertyValueSpecification","valueRequired":true,"valueName":"search_term_string"}}],"inLanguage":"en-US"},{"@type":"Person","@id":"https:\/\/akunq.net\/tr\/#\/schema\/person\/096f1d38a12cce57fb855b485ed24c9e","name":"admin","url":"https:\/\/akunq.net\/tr\/?author=7"}]}},"_links":{"self":[{"href":"https:\/\/akunq.net\/tr\/index.php?rest_route=\/wp\/v2\/posts\/48363","targetHints":{"allow":["GET"]}}],"collection":[{"href":"https:\/\/akunq.net\/tr\/index.php?rest_route=\/wp\/v2\/posts"}],"about":[{"href":"https:\/\/akunq.net\/tr\/index.php?rest_route=\/wp\/v2\/types\/post"}],"author":[{"embeddable":true,"href":"https:\/\/akunq.net\/tr\/index.php?rest_route=\/wp\/v2\/users\/7"}],"replies":[{"embeddable":true,"href":"https:\/\/akunq.net\/tr\/index.php?rest_route=%2Fwp%2Fv2%2Fcomments&post=48363"}],"version-history":[{"count":1,"href":"https:\/\/akunq.net\/tr\/index.php?rest_route=\/wp\/v2\/posts\/48363\/revisions"}],"predecessor-version":[{"id":48366,"href":"https:\/\/akunq.net\/tr\/index.php?rest_route=\/wp\/v2\/posts\/48363\/revisions\/48366"}],"wp:featuredmedia":[{"embeddable":true,"href":"https:\/\/akunq.net\/tr\/index.php?rest_route=\/wp\/v2\/media\/48365"}],"wp:attachment":[{"href":"https:\/\/akunq.net\/tr\/index.php?rest_route=%2Fwp%2Fv2%2Fmedia&parent=48363"}],"wp:term":[{"taxonomy":"category","embeddable":true,"href":"https:\/\/akunq.net\/tr\/index.php?rest_route=%2Fwp%2Fv2%2Fcategories&post=48363"},{"taxonomy":"post_tag","embeddable":true,"href":"https:\/\/akunq.net\/tr\/index.php?rest_route=%2Fwp%2Fv2%2Ftags&post=48363"}],"curies":[{"name":"wp","href":"https:\/\/api.w.org\/{rel}","templated":true}]}}