{"id":47875,"date":"2018-08-10T03:57:53","date_gmt":"2018-08-10T08:57:53","guid":{"rendered":"http:\/\/akunq.net\/tr\/?p=47875"},"modified":"2018-08-10T03:57:53","modified_gmt":"2018-08-10T08:57:53","slug":"dolmabahcedeki-toplantinin-perde-arkasi","status":"publish","type":"post","link":"https:\/\/akunq.net\/tr\/?p=47875","title":{"rendered":"Dolmabah\u00e7e\u2019deki toplant\u0131n\u0131n perde arkas\u0131"},"content":{"rendered":"<p><a href=\"http:\/\/akunq.net\/tr\/?attachment_id=47876\" rel=\"attachment wp-att-47876\"><img loading=\"lazy\" decoding=\"async\" class=\"aligncenter size-full wp-image-47876\" src=\"http:\/\/akunq.net\/tr\/wp-content\/uploads\/2018\/08\/Dolmabah\u00e7e\u2019deki-toplant\u0131.jpg\" alt=\"\" width=\"650\" height=\"433\" srcset=\"https:\/\/akunq.net\/tr\/wp-content\/uploads\/sites\/6\/2018\/08\/Dolmabah\u00e7e\u2019deki-toplant\u0131.jpg 650w, https:\/\/akunq.net\/tr\/wp-content\/uploads\/sites\/6\/2018\/08\/Dolmabah\u00e7e\u2019deki-toplant\u0131-360x240.jpg 360w, https:\/\/akunq.net\/tr\/wp-content\/uploads\/sites\/6\/2018\/08\/Dolmabah\u00e7e\u2019deki-toplant\u0131-560x373.jpg 560w, https:\/\/akunq.net\/tr\/wp-content\/uploads\/sites\/6\/2018\/08\/Dolmabah\u00e7e\u2019deki-toplant\u0131-260x173.jpg 260w, https:\/\/akunq.net\/tr\/wp-content\/uploads\/sites\/6\/2018\/08\/Dolmabah\u00e7e\u2019deki-toplant\u0131-160x107.jpg 160w\" sizes=\"auto, (max-width: 650px) 100vw, 650px\" \/><\/a><\/p>\n<p><strong><em>Ge\u00e7ti\u011fimiz hafta T\u00fcrkiye\u2019de \u00f6zg\u00fcrce ibadetlerini yerine getirdikleri y\u00f6n\u00fcnde bir bildiriye imza atan az\u0131nl\u0131k vak\u0131flar\u0131 y\u00f6neticileri ve ruhani \u00f6nderler 1 A\u011fustos \u00c7ar\u015famba g\u00fcn\u00fc \u0130stanbul Dolmabah\u00e7e\u2019deki Cumhurba\u015fkanl\u0131\u011f\u0131 Ofisi\u2019nde Cumhurba\u015fkanl\u0131\u011f\u0131 S\u00f6zc\u00fcs\u00fc \u0130brahim Kal\u0131n ile biraraya geldi. Toplant\u0131n\u0131n bas\u0131na kapal\u0131 b\u00f6l\u00fcm\u00fcnde vak\u0131f temsilcileri ve ruhani \u00f6nderlerin ya\u015fad\u0131klar\u0131 sorunlar\u0131 dile getirdi\u011fi \u00f6\u011frenildi.<br \/>\n<\/em><\/strong>Edinilen bilgilere g\u00f6re toplant\u0131n\u0131n a\u00e7\u0131l\u0131\u015f konu\u015fmas\u0131n\u0131 yapan Kal\u0131n bildiri i\u00e7in te\u015fekk\u00fcrlerini ifade etti, jeopolitik sorunlardan bahsetti. Kal\u0131n T\u00fcrkiye\u2019de dini \u00f6zg\u00fcrl\u00fckler olmad\u0131\u011f\u0131 konusunda yurtd\u0131\u015f\u0131nda kara propaganda yap\u0131ld\u0131\u011f\u0131n\u0131 belirtti. Az\u0131nl\u0131k vak\u0131flar\u0131 ve ruhani \u00f6nderlerinin verdi\u011fi deste\u011fi de\u011ferli bulduklar\u0131n\u0131 belirten Kal\u0131n, bunun ileri ta\u015f\u0131nmas\u0131 gerekti\u011fini s\u00f6yledi.<br \/>\nKal\u0131n\u2019\u0131n a\u00e7\u0131l\u0131\u015f konu\u015fmas\u0131ndan sonra kat\u0131l\u0131mc\u0131lar sorunlar\u0131n\u0131 dile getirdiler. Ek\u00fcmenik Patrik Bartholomeos hala kapal\u0131 olan Heybeliada Ruhban Okulu konusunu g\u00fcndeme getirirken Rum toplumuna iade edilmesi karar\u0131 verilen kimi arazilerde de hukuki sorunlar ya\u015fand\u0131\u011f\u0131n\u0131 hat\u0131rlatt\u0131 ve \u201cDevlet bir eliyle verdi\u011fini \u00f6b\u00fcr eliyle al\u0131yor\u201d dedi. Ek\u00fcmenik Patrik bu kapsamda Bozcaada ve Heybeliada \u00dcmit Tepesi\u2019ndeki arazilerle ilgili ya\u015fanan sorunlar\u0131 \u00f6rnek g\u00f6sterdi.<br \/>\nBa\u015fepiskopos Aram\u00a0Ate\u015fyan ise T\u00fcrkiye Ermenileri Patrikli\u011fi\u2019nin hala t\u00fczel ki\u015fili\u011fi olmad\u0131\u011f\u0131na dikkat \u00e7ekti ve bu \u00e7er\u00e7evede Patrikhane\u2019nin gelir elde edemedi\u011fini vurgulad\u0131. Toplant\u0131da ayr\u0131ca Vak\u0131flar Genel M\u00fcd\u00fcrl\u00fc\u011f\u00fc\u2019nce 2013\u2019te y\u00fcr\u00fcrl\u00fckten kald\u0131r\u0131lan y\u00f6netmeli\u011fin yerine yenisi konmad\u0131\u011f\u0131 i\u00e7in y\u0131llard\u0131r yap\u0131lamayan vak\u0131f se\u00e7imleri de g\u00fcndeme geldi ve bu nedenle az\u0131nl\u0131k toplumlar\u0131n\u0131n ya\u015fad\u0131\u011f\u0131 ma\u011fduriyet dile getirildi. Ermeni toplumundan isimlerin toplant\u0131da b\u00fcrokratik engeller nedeniyle yap\u0131lamayan Patrik se\u00e7imi konusunu g\u00fcndeme getirmedikleri \u00f6\u011frenildi. Kal\u0131n\u2019\u0131n g\u00fcndeme getirilen sorunlar\u0131 not etti\u011fi \u00f6\u011frenildi.<br \/>\nToplant\u0131ya Ek\u00fcmenik Patrik Bartholomeos, Ba\u015fepiskopos Aram Ate\u015fyan, T\u00fcrkiye Hahamba\u015f\u0131s\u0131 \u0130sak Haleva, S\u00fcryani Kadim Cemaati Patrik Vekili Mor Fil\u00fcksinos Yusuf \u00c7etin, T\u00fcrkiye Ermeni Katolikleri Ruhani Lideri Ba\u015fepiskopos Levon Zekiyan, Keldani Cemaati Patrik Vekili Fran\u00e7ois Yakan, T\u00fcrkiye S\u00fcryani Katolik Patrik Genel Vekili Korepiskopos Orhan \u00c7anl\u0131, Yedikule Surp P\u0131rgi\u00e7 Ermeni Hastanesi Vakf\u0131 Ba\u015fkan\u0131 Bedros \u015eirino\u011flu, T\u00fcrk Yahudi Toplumu ve T\u00fcrkiye Hahamba\u015f\u0131l\u0131\u011f\u0131 Vakf\u0131 Ba\u015fkan\u0131 \u0130shak \u0130brahimzadeh, Beyo\u011flu S\u00fcryani Kad\u0131n Meryemana Kilisesi Vakf\u0131 Ba\u015fkan\u0131 Sait Susin, Surp Agop Ermeni Katolik Hastanesi Vakf\u0131 Ba\u015fkan\u0131 Bernard Sar\u0131bay, Keldani Katolik Kilisesi Vakf\u0131 Ba\u015fkan\u0131 Teoman \u00d6nder ve Bulgar Ekzarhl\u0131\u011f\u0131 Ortodoks Kilisesi Vakf\u0131 Ba\u015fkan\u0131 Vasil Liaze kat\u0131ld\u0131. Toplant\u0131da, Vak\u0131flar Genel M\u00fcd\u00fcr\u00fc Adnan Ertem ile Cemaat (Az\u0131nl\u0131k) Vak\u0131flar\u0131 Temsilcisi Moris Levi de haz\u0131r bulundu.<\/p>\n<p><strong><em>http:\/\/www.agos.com.tr\/tr\/yazi\/21094\/dolmabahcedeki-toplantinin-perde-arkasi<\/em><\/strong><\/p>\n","protected":false},"excerpt":{"rendered":"<p>Ge\u00e7ti\u011fimiz hafta T\u00fcrkiye\u2019de \u00f6zg\u00fcrce ibadetlerini yerine getirdikleri y\u00f6n\u00fcnde bir bildiriye imza atan az\u0131nl\u0131k vak\u0131flar\u0131 y\u00f6neticileri ve ruhani \u00f6nderler 1 A\u011fustos \u00c7ar\u015famba g\u00fcn\u00fc \u0130stanbul Dolmabah\u00e7e\u2019deki Cumhurba\u015fkanl\u0131\u011f\u0131 Ofisi\u2019nde Cumhurba\u015fkanl\u0131\u011f\u0131 S\u00f6zc\u00fcs\u00fc \u0130brahim Kal\u0131n ile biraraya geldi. Toplant\u0131n\u0131n bas\u0131na kapal\u0131 b\u00f6l\u00fcm\u00fcnde vak\u0131f temsilcileri ve ruhani \u00f6nderlerin ya\u015fad\u0131klar\u0131 sorunlar\u0131 dile getirdi\u011fi \u00f6\u011frenildi. Edinilen bilgilere g\u00f6re toplant\u0131n\u0131n a\u00e7\u0131l\u0131\u015f konu\u015fmas\u0131n\u0131 yapan Kal\u0131n [&hellip;]<\/p>\n","protected":false},"author":7,"featured_media":47877,"comment_status":"open","ping_status":"open","sticky":false,"template":"","format":"standard","meta":{"footnotes":""},"categories":[1,70,53],"tags":[],"class_list":["post-47875","post","type-post","status-publish","format-standard","has-post-thumbnail","hentry","category-haberler","category-makaleler","category-turkiyede-azinliklar"],"yoast_head":"<!-- This site is optimized with the Yoast SEO plugin v27.4 - https:\/\/yoast.com\/product\/yoast-seo-wordpress\/ -->\n<title>Dolmabah\u00e7e\u2019deki toplant\u0131n\u0131n perde arkas\u0131 - Bati Ermenistan Ve Bati Ermenileri Sorunlari Ara\u015ftirmalar Merkezi<\/title>\n<meta name=\"robots\" content=\"index, follow, max-snippet:-1, max-image-preview:large, max-video-preview:-1\" \/>\n<link rel=\"canonical\" href=\"https:\/\/akunq.net\/tr\/?p=47875\" \/>\n<meta property=\"og:locale\" content=\"en_US\" \/>\n<meta property=\"og:type\" content=\"article\" \/>\n<meta property=\"og:title\" content=\"Dolmabah\u00e7e\u2019deki toplant\u0131n\u0131n perde arkas\u0131 - Bati Ermenistan Ve Bati Ermenileri Sorunlari Ara\u015ftirmalar Merkezi\" \/>\n<meta property=\"og:description\" content=\"Ge\u00e7ti\u011fimiz hafta T\u00fcrkiye\u2019de \u00f6zg\u00fcrce ibadetlerini yerine getirdikleri y\u00f6n\u00fcnde bir bildiriye imza atan az\u0131nl\u0131k vak\u0131flar\u0131 y\u00f6neticileri ve ruhani \u00f6nderler 1 A\u011fustos \u00c7ar\u015famba g\u00fcn\u00fc \u0130stanbul Dolmabah\u00e7e\u2019deki Cumhurba\u015fkanl\u0131\u011f\u0131 Ofisi\u2019nde Cumhurba\u015fkanl\u0131\u011f\u0131 S\u00f6zc\u00fcs\u00fc \u0130brahim Kal\u0131n ile biraraya geldi. Toplant\u0131n\u0131n bas\u0131na kapal\u0131 b\u00f6l\u00fcm\u00fcnde vak\u0131f temsilcileri ve ruhani \u00f6nderlerin ya\u015fad\u0131klar\u0131 sorunlar\u0131 dile getirdi\u011fi \u00f6\u011frenildi. Edinilen bilgilere g\u00f6re toplant\u0131n\u0131n a\u00e7\u0131l\u0131\u015f konu\u015fmas\u0131n\u0131 yapan Kal\u0131n [&hellip;]\" \/>\n<meta property=\"og:url\" content=\"https:\/\/akunq.net\/tr\/?p=47875\" \/>\n<meta property=\"og:site_name\" content=\"Bati Ermenistan Ve Bati Ermenileri Sorunlari Ara\u015ftirmalar Merkezi\" \/>\n<meta property=\"article:published_time\" content=\"2018-08-10T08:57:53+00:00\" \/>\n<meta property=\"og:image\" content=\"https:\/\/akunq.net\/tr\/wp-content\/uploads\/sites\/6\/2018\/08\/Dolmabah\u00e7e\u2019deki-toplant\u0131-1.jpg\" \/>\n\t<meta property=\"og:image:width\" content=\"650\" \/>\n\t<meta property=\"og:image:height\" content=\"433\" \/>\n\t<meta property=\"og:image:type\" content=\"image\/jpeg\" \/>\n<meta name=\"author\" content=\"admin\" \/>\n<meta name=\"twitter:card\" content=\"summary_large_image\" \/>\n<meta name=\"twitter:label1\" content=\"Written by\" \/>\n\t<meta name=\"twitter:data1\" content=\"admin\" \/>\n\t<meta name=\"twitter:label2\" content=\"Est. reading time\" \/>\n\t<meta name=\"twitter:data2\" content=\"3 minutes\" \/>\n<script type=\"application\/ld+json\" class=\"yoast-schema-graph\">{\"@context\":\"https:\\\/\\\/schema.org\",\"@graph\":[{\"@type\":\"Article\",\"@id\":\"https:\\\/\\\/akunq.net\\\/tr\\\/?p=47875#article\",\"isPartOf\":{\"@id\":\"https:\\\/\\\/akunq.net\\\/tr\\\/?p=47875\"},\"author\":{\"name\":\"admin\",\"@id\":\"https:\\\/\\\/akunq.net\\\/tr\\\/#\\\/schema\\\/person\\\/096f1d38a12cce57fb855b485ed24c9e\"},\"headline\":\"Dolmabah\u00e7e\u2019deki toplant\u0131n\u0131n perde arkas\u0131\",\"datePublished\":\"2018-08-10T08:57:53+00:00\",\"mainEntityOfPage\":{\"@id\":\"https:\\\/\\\/akunq.net\\\/tr\\\/?p=47875\"},\"wordCount\":512,\"commentCount\":0,\"image\":{\"@id\":\"https:\\\/\\\/akunq.net\\\/tr\\\/?p=47875#primaryimage\"},\"thumbnailUrl\":\"https:\\\/\\\/akunq.net\\\/tr\\\/wp-content\\\/uploads\\\/sites\\\/6\\\/2018\\\/08\\\/Dolmabah\u00e7e\u2019deki-toplant\u0131-1.jpg\",\"articleSection\":[\"Haberler\",\"Makaleler\",\"T\u00fcrkiye\u2019de Az\u0131nl\u0131klar\"],\"inLanguage\":\"en-US\",\"potentialAction\":[{\"@type\":\"CommentAction\",\"name\":\"Comment\",\"target\":[\"https:\\\/\\\/akunq.net\\\/tr\\\/?p=47875#respond\"]}]},{\"@type\":\"WebPage\",\"@id\":\"https:\\\/\\\/akunq.net\\\/tr\\\/?p=47875\",\"url\":\"https:\\\/\\\/akunq.net\\\/tr\\\/?p=47875\",\"name\":\"Dolmabah\u00e7e\u2019deki toplant\u0131n\u0131n perde arkas\u0131 - Bati Ermenistan Ve Bati Ermenileri Sorunlari Ara\u015ftirmalar Merkezi\",\"isPartOf\":{\"@id\":\"https:\\\/\\\/akunq.net\\\/tr\\\/#website\"},\"primaryImageOfPage\":{\"@id\":\"https:\\\/\\\/akunq.net\\\/tr\\\/?p=47875#primaryimage\"},\"image\":{\"@id\":\"https:\\\/\\\/akunq.net\\\/tr\\\/?p=47875#primaryimage\"},\"thumbnailUrl\":\"https:\\\/\\\/akunq.net\\\/tr\\\/wp-content\\\/uploads\\\/sites\\\/6\\\/2018\\\/08\\\/Dolmabah\u00e7e\u2019deki-toplant\u0131-1.jpg\",\"datePublished\":\"2018-08-10T08:57:53+00:00\",\"author\":{\"@id\":\"https:\\\/\\\/akunq.net\\\/tr\\\/#\\\/schema\\\/person\\\/096f1d38a12cce57fb855b485ed24c9e\"},\"breadcrumb\":{\"@id\":\"https:\\\/\\\/akunq.net\\\/tr\\\/?p=47875#breadcrumb\"},\"inLanguage\":\"en-US\",\"potentialAction\":[{\"@type\":\"ReadAction\",\"target\":[\"https:\\\/\\\/akunq.net\\\/tr\\\/?p=47875\"]}]},{\"@type\":\"ImageObject\",\"inLanguage\":\"en-US\",\"@id\":\"https:\\\/\\\/akunq.net\\\/tr\\\/?p=47875#primaryimage\",\"url\":\"https:\\\/\\\/akunq.net\\\/tr\\\/wp-content\\\/uploads\\\/sites\\\/6\\\/2018\\\/08\\\/Dolmabah\u00e7e\u2019deki-toplant\u0131-1.jpg\",\"contentUrl\":\"https:\\\/\\\/akunq.net\\\/tr\\\/wp-content\\\/uploads\\\/sites\\\/6\\\/2018\\\/08\\\/Dolmabah\u00e7e\u2019deki-toplant\u0131-1.jpg\",\"width\":650,\"height\":433},{\"@type\":\"BreadcrumbList\",\"@id\":\"https:\\\/\\\/akunq.net\\\/tr\\\/?p=47875#breadcrumb\",\"itemListElement\":[{\"@type\":\"ListItem\",\"position\":1,\"name\":\"Home\",\"item\":\"https:\\\/\\\/akunq.net\\\/tr\"},{\"@type\":\"ListItem\",\"position\":2,\"name\":\"Dolmabah\u00e7e\u2019deki toplant\u0131n\u0131n perde arkas\u0131\"}]},{\"@type\":\"WebSite\",\"@id\":\"https:\\\/\\\/akunq.net\\\/tr\\\/#website\",\"url\":\"https:\\\/\\\/akunq.net\\\/tr\\\/\",\"name\":\"Bati Ermenistan Ve Bati Ermenileri Sorunlari Ara\u015ftirmalar Merkezi\",\"description\":\"\",\"potentialAction\":[{\"@type\":\"SearchAction\",\"target\":{\"@type\":\"EntryPoint\",\"urlTemplate\":\"https:\\\/\\\/akunq.net\\\/tr\\\/?s={search_term_string}\"},\"query-input\":{\"@type\":\"PropertyValueSpecification\",\"valueRequired\":true,\"valueName\":\"search_term_string\"}}],\"inLanguage\":\"en-US\"},{\"@type\":\"Person\",\"@id\":\"https:\\\/\\\/akunq.net\\\/tr\\\/#\\\/schema\\\/person\\\/096f1d38a12cce57fb855b485ed24c9e\",\"name\":\"admin\",\"url\":\"https:\\\/\\\/akunq.net\\\/tr\\\/?author=7\"}]}<\/script>\n<!-- \/ Yoast SEO plugin. -->","yoast_head_json":{"title":"Dolmabah\u00e7e\u2019deki toplant\u0131n\u0131n perde arkas\u0131 - Bati Ermenistan Ve Bati Ermenileri Sorunlari Ara\u015ftirmalar Merkezi","robots":{"index":"index","follow":"follow","max-snippet":"max-snippet:-1","max-image-preview":"max-image-preview:large","max-video-preview":"max-video-preview:-1"},"canonical":"https:\/\/akunq.net\/tr\/?p=47875","og_locale":"en_US","og_type":"article","og_title":"Dolmabah\u00e7e\u2019deki toplant\u0131n\u0131n perde arkas\u0131 - Bati Ermenistan Ve Bati Ermenileri Sorunlari Ara\u015ftirmalar Merkezi","og_description":"Ge\u00e7ti\u011fimiz hafta T\u00fcrkiye\u2019de \u00f6zg\u00fcrce ibadetlerini yerine getirdikleri y\u00f6n\u00fcnde bir bildiriye imza atan az\u0131nl\u0131k vak\u0131flar\u0131 y\u00f6neticileri ve ruhani \u00f6nderler 1 A\u011fustos \u00c7ar\u015famba g\u00fcn\u00fc \u0130stanbul Dolmabah\u00e7e\u2019deki Cumhurba\u015fkanl\u0131\u011f\u0131 Ofisi\u2019nde Cumhurba\u015fkanl\u0131\u011f\u0131 S\u00f6zc\u00fcs\u00fc \u0130brahim Kal\u0131n ile biraraya geldi. Toplant\u0131n\u0131n bas\u0131na kapal\u0131 b\u00f6l\u00fcm\u00fcnde vak\u0131f temsilcileri ve ruhani \u00f6nderlerin ya\u015fad\u0131klar\u0131 sorunlar\u0131 dile getirdi\u011fi \u00f6\u011frenildi. Edinilen bilgilere g\u00f6re toplant\u0131n\u0131n a\u00e7\u0131l\u0131\u015f konu\u015fmas\u0131n\u0131 yapan Kal\u0131n [&hellip;]","og_url":"https:\/\/akunq.net\/tr\/?p=47875","og_site_name":"Bati Ermenistan Ve Bati Ermenileri Sorunlari Ara\u015ftirmalar Merkezi","article_published_time":"2018-08-10T08:57:53+00:00","og_image":[{"width":650,"height":433,"url":"https:\/\/akunq.net\/tr\/wp-content\/uploads\/sites\/6\/2018\/08\/Dolmabah\u00e7e\u2019deki-toplant\u0131-1.jpg","type":"image\/jpeg"}],"author":"admin","twitter_card":"summary_large_image","twitter_misc":{"Written by":"admin","Est. reading time":"3 minutes"},"schema":{"@context":"https:\/\/schema.org","@graph":[{"@type":"Article","@id":"https:\/\/akunq.net\/tr\/?p=47875#article","isPartOf":{"@id":"https:\/\/akunq.net\/tr\/?p=47875"},"author":{"name":"admin","@id":"https:\/\/akunq.net\/tr\/#\/schema\/person\/096f1d38a12cce57fb855b485ed24c9e"},"headline":"Dolmabah\u00e7e\u2019deki toplant\u0131n\u0131n perde arkas\u0131","datePublished":"2018-08-10T08:57:53+00:00","mainEntityOfPage":{"@id":"https:\/\/akunq.net\/tr\/?p=47875"},"wordCount":512,"commentCount":0,"image":{"@id":"https:\/\/akunq.net\/tr\/?p=47875#primaryimage"},"thumbnailUrl":"https:\/\/akunq.net\/tr\/wp-content\/uploads\/sites\/6\/2018\/08\/Dolmabah\u00e7e\u2019deki-toplant\u0131-1.jpg","articleSection":["Haberler","Makaleler","T\u00fcrkiye\u2019de Az\u0131nl\u0131klar"],"inLanguage":"en-US","potentialAction":[{"@type":"CommentAction","name":"Comment","target":["https:\/\/akunq.net\/tr\/?p=47875#respond"]}]},{"@type":"WebPage","@id":"https:\/\/akunq.net\/tr\/?p=47875","url":"https:\/\/akunq.net\/tr\/?p=47875","name":"Dolmabah\u00e7e\u2019deki toplant\u0131n\u0131n perde arkas\u0131 - Bati Ermenistan Ve Bati Ermenileri Sorunlari Ara\u015ftirmalar Merkezi","isPartOf":{"@id":"https:\/\/akunq.net\/tr\/#website"},"primaryImageOfPage":{"@id":"https:\/\/akunq.net\/tr\/?p=47875#primaryimage"},"image":{"@id":"https:\/\/akunq.net\/tr\/?p=47875#primaryimage"},"thumbnailUrl":"https:\/\/akunq.net\/tr\/wp-content\/uploads\/sites\/6\/2018\/08\/Dolmabah\u00e7e\u2019deki-toplant\u0131-1.jpg","datePublished":"2018-08-10T08:57:53+00:00","author":{"@id":"https:\/\/akunq.net\/tr\/#\/schema\/person\/096f1d38a12cce57fb855b485ed24c9e"},"breadcrumb":{"@id":"https:\/\/akunq.net\/tr\/?p=47875#breadcrumb"},"inLanguage":"en-US","potentialAction":[{"@type":"ReadAction","target":["https:\/\/akunq.net\/tr\/?p=47875"]}]},{"@type":"ImageObject","inLanguage":"en-US","@id":"https:\/\/akunq.net\/tr\/?p=47875#primaryimage","url":"https:\/\/akunq.net\/tr\/wp-content\/uploads\/sites\/6\/2018\/08\/Dolmabah\u00e7e\u2019deki-toplant\u0131-1.jpg","contentUrl":"https:\/\/akunq.net\/tr\/wp-content\/uploads\/sites\/6\/2018\/08\/Dolmabah\u00e7e\u2019deki-toplant\u0131-1.jpg","width":650,"height":433},{"@type":"BreadcrumbList","@id":"https:\/\/akunq.net\/tr\/?p=47875#breadcrumb","itemListElement":[{"@type":"ListItem","position":1,"name":"Home","item":"https:\/\/akunq.net\/tr"},{"@type":"ListItem","position":2,"name":"Dolmabah\u00e7e\u2019deki toplant\u0131n\u0131n perde arkas\u0131"}]},{"@type":"WebSite","@id":"https:\/\/akunq.net\/tr\/#website","url":"https:\/\/akunq.net\/tr\/","name":"Bati Ermenistan Ve Bati Ermenileri Sorunlari Ara\u015ftirmalar Merkezi","description":"","potentialAction":[{"@type":"SearchAction","target":{"@type":"EntryPoint","urlTemplate":"https:\/\/akunq.net\/tr\/?s={search_term_string}"},"query-input":{"@type":"PropertyValueSpecification","valueRequired":true,"valueName":"search_term_string"}}],"inLanguage":"en-US"},{"@type":"Person","@id":"https:\/\/akunq.net\/tr\/#\/schema\/person\/096f1d38a12cce57fb855b485ed24c9e","name":"admin","url":"https:\/\/akunq.net\/tr\/?author=7"}]}},"_links":{"self":[{"href":"https:\/\/akunq.net\/tr\/index.php?rest_route=\/wp\/v2\/posts\/47875","targetHints":{"allow":["GET"]}}],"collection":[{"href":"https:\/\/akunq.net\/tr\/index.php?rest_route=\/wp\/v2\/posts"}],"about":[{"href":"https:\/\/akunq.net\/tr\/index.php?rest_route=\/wp\/v2\/types\/post"}],"author":[{"embeddable":true,"href":"https:\/\/akunq.net\/tr\/index.php?rest_route=\/wp\/v2\/users\/7"}],"replies":[{"embeddable":true,"href":"https:\/\/akunq.net\/tr\/index.php?rest_route=%2Fwp%2Fv2%2Fcomments&post=47875"}],"version-history":[{"count":1,"href":"https:\/\/akunq.net\/tr\/index.php?rest_route=\/wp\/v2\/posts\/47875\/revisions"}],"predecessor-version":[{"id":47878,"href":"https:\/\/akunq.net\/tr\/index.php?rest_route=\/wp\/v2\/posts\/47875\/revisions\/47878"}],"wp:featuredmedia":[{"embeddable":true,"href":"https:\/\/akunq.net\/tr\/index.php?rest_route=\/wp\/v2\/media\/47877"}],"wp:attachment":[{"href":"https:\/\/akunq.net\/tr\/index.php?rest_route=%2Fwp%2Fv2%2Fmedia&parent=47875"}],"wp:term":[{"taxonomy":"category","embeddable":true,"href":"https:\/\/akunq.net\/tr\/index.php?rest_route=%2Fwp%2Fv2%2Fcategories&post=47875"},{"taxonomy":"post_tag","embeddable":true,"href":"https:\/\/akunq.net\/tr\/index.php?rest_route=%2Fwp%2Fv2%2Ftags&post=47875"}],"curies":[{"name":"wp","href":"https:\/\/api.w.org\/{rel}","templated":true}]}}