{"id":47356,"date":"2018-07-10T04:16:52","date_gmt":"2018-07-10T09:16:52","guid":{"rendered":"http:\/\/akunq.net\/tr\/?p=47356"},"modified":"2018-07-10T04:16:52","modified_gmt":"2018-07-10T09:16:52","slug":"6-7-eylul-pogromunda-cocuga-cinsel-istismar","status":"publish","type":"post","link":"https:\/\/akunq.net\/tr\/?p=47356","title":{"rendered":"6-7 Eyl\u00fcl Pogromu\u2019nda \u00c7ocu\u011fa Cinsel \u0130stismar"},"content":{"rendered":"<p><a href=\"http:\/\/akunq.net\/tr\/?attachment_id=47358\" rel=\"attachment wp-att-47358\"><img loading=\"lazy\" decoding=\"async\" class=\"alignright size-medium wp-image-47358\" src=\"http:\/\/akunq.net\/tr\/wp-content\/uploads\/2018\/07\/6-7-Eyl\u00fcl-Pogromu-360x233.jpg\" alt=\"\" width=\"360\" height=\"233\" srcset=\"https:\/\/akunq.net\/tr\/wp-content\/uploads\/sites\/6\/2018\/07\/6-7-Eyl\u00fcl-Pogromu-360x233.jpg 360w, https:\/\/akunq.net\/tr\/wp-content\/uploads\/sites\/6\/2018\/07\/6-7-Eyl\u00fcl-Pogromu-260x168.jpg 260w, https:\/\/akunq.net\/tr\/wp-content\/uploads\/sites\/6\/2018\/07\/6-7-Eyl\u00fcl-Pogromu-160x104.jpg 160w, https:\/\/akunq.net\/tr\/wp-content\/uploads\/sites\/6\/2018\/07\/6-7-Eyl\u00fcl-Pogromu.jpg 510w\" sizes=\"auto, (max-width: 360px) 100vw, 360px\" \/><\/a><\/p>\n<p><strong>Serdar Korucu <\/strong><\/p>\n<p><strong><em>Eyl\u00fcl ve Leyla\u2019n\u0131n \u00f6ld\u00fcr\u00fclmesi, g\u00f6zleri bir kez daha \u00e7ocuk istismar\u0131 ve \u00e7ocuk cinayetlerine \u00e7evirdi. T\u00fcrkiye\u2019de unutulan cinsel istismarlar\u0131ndan biri ise 6-7 Eyl\u00fcl Pogromu\u2019nda ya\u015fand\u0131.<\/em><\/strong><\/p>\n<p>* Dimitrios Kalumenos\u2019a ait foto\u011fraflar ve di\u011fer anlat\u0131lar, gazeteci-foto\u011fraf\u00e7\u0131 Nikolaos Manginas\u2019\u0131n katk\u0131s\u0131yla Az\u0131nl\u0131k Vak\u0131flar\u0131\u2019n\u0131n ilk temsilcisi Laki Vingas\u2019\u0131n dan\u0131\u015fmanl\u0131\u011f\u0131nda haz\u0131rlanan \u0130stos Yay\u0131nlar\u0131\u2019ndan iki cilt olarak yay\u0131mlanan \u201cPatriklik Foto\u011fraf\u00e7\u0131s\u0131 Dimitrios Kalumenos\u2019un Objektifinden 6\/7 Eyl\u00fcl 1955\u201d kitab\u0131ndan al\u0131nm\u0131\u015ft\u0131r.<\/p>\n<p>T\u00fcrkiye, 8 ya\u015f\u0131ndaki Eyl\u00fcl Ya\u011fl\u0131kara ve 4 ya\u015f\u0131ndaki Leyla Aydemir\u2019in ka\u00e7\u0131r\u0131ld\u0131ktan g\u00fcnler sonra cans\u0131z bedenlerinin bulunmas\u0131 \u00fczerine \u00e7ocuk istismar\u0131 ve \u00e7ocuk cinayetlerini tart\u0131\u015f\u0131yor. Yakla\u015f\u0131k 63 y\u0131l \u00f6nce, 6-7 Eyl\u00fcl 1955\u2019te ya\u015fananlar sonras\u0131 da \u0130stanbul Rum toplumu ve Yunanistan\u2019\u0131n g\u00fcndeminde benzeri bir konu vard\u0131. \u00c7\u00fcnk\u00fc pogrom s\u0131ras\u0131nda \u00e7ok say\u0131da cinsel istismar ya\u015fanm\u0131\u015ft\u0131 ve biri de 6 ya\u015f\u0131ndaki bir \u00e7ocu\u011fa y\u00f6nelikti.<\/p>\n<p>Pogromda ya\u015fananlar\u0131 foto\u011fraflar\u0131yla belgeleyen Ek\u00fcmenik Patrikhane\u2019nin foto\u011fraf\u00e7\u0131s\u0131 Dimitrios Kalumenos, Atina\u2019da 1966 y\u0131l\u0131nda \u0130ngilizce ve Yunanca olarak yay\u0131mlad\u0131\u011f\u0131 \u201cThe Crucifixion Of Christianity\u201d (H\u0131ristiyanl\u0131\u011f\u0131n \u00c7arm\u0131ha Gerili\u015fi) kitab\u0131nda o geceki cinsel istismarlar\u0131 da anlat\u0131yordu.<\/p>\n<p>\u201c6-7 Eyl\u00fcl\u2019de yaln\u0131zca cans\u0131z e\u015fyalar m\u0131 ac\u0131 \u00e7ekti?\u201d<br \/>\n9 A\u011fustos 1967\u2019de Resmi Gazete\u2019de yay\u0131nlanan kararla T\u00fcrkiye\u2019ye sokulmas\u0131 ve da\u011f\u0131t\u0131lmas\u0131 yasaklanan bu kitapta Kalumenos, \u201cYaln\u0131zca cans\u0131z e\u015fyalar m\u0131 ac\u0131 \u00e7ekti? Hay\u0131r!\u201d diyor ve ekliyordu: \u201cBelgradkap\u0131 semtinde oturan zavall\u0131 ya\u015fl\u0131 bah\u00e7\u0131van\u0131n tecav\u00fcze u\u011frayan \u00fc\u00e7 gen\u00e7 k\u0131z\u0131ndan bahsedelim mi? Tecav\u00fcze u\u011frad\u0131ktan hemen sonra akl\u0131n\u0131 ka\u00e7\u0131ran seksen ya\u015f\u0131ndaki kad\u0131ndan bahsedelim mi? Di\u011fer toplu tecav\u00fczleri anlatal\u0131m m\u0131? Her T\u00fcrk berdu\u015funun kirletilen ve \u00f6l\u00fcmlerine sebep olunan g\u00fczel kad\u0131nlar\u0131 soymakta serbest oldu\u011fundan bahsedelim mi? K\u0131ymetli e\u015fyalar\u0131n ya\u011fmalanmas\u0131n\u0131n yan\u0131 s\u0131ra \u00e7arp\u0131c\u0131 bir \u015fekilde ahlakd\u0131\u015f\u0131 olaylar meydana geldi\u201d<\/p>\n<p>Kalumenos kitab\u0131nda 200 Rum gen\u00e7 k\u0131z\u0131na \u201cvah\u015fice tecav\u00fcz ve i\u015fkence\u201d edildi\u011fini ifade ediyor, baz\u0131lar\u0131n\u0131n ayr\u0131nt\u0131lar\u0131n\u0131 payla\u015f\u0131yordu: \u201cRum k\u0131zlar\u0131na tecav\u00fcz ettiler, k\u0131zlardan birini ac\u0131nas\u0131 bir halde sokakta \u00e7\u0131plak b\u0131rakt\u0131lar; T\u00fcrk bir aile onu sokaktan ald\u0131, ona sar\u0131nmas\u0131 i\u00e7in bir \u00e7ar\u015faf verdiler ve s\u0131\u011f\u0131nmas\u0131 i\u00e7in bir yer sundular. Vah\u015fice tecav\u00fcze u\u011frayan bir\u00e7ok k\u0131z ertesi g\u00fcn fiziksel tedaviye de ihtiya\u00e7 duyduklar\u0131 i\u00e7in hastaneye kald\u0131r\u0131ld\u0131. Benzer durumdaki bir s\u00fcr\u00fc kad\u0131n bu ac\u0131kl\u0131 faciadan sonra ya\u015fad\u0131klar\u0131 ruhsal sars\u0131nt\u0131 ve \u015foktan dolay\u0131 \u00e7ok ac\u0131 \u00e7ekti. Maddi ve manevi hasarlara ili\u015fkin t\u00fcm resmi raporlara Konstandinupolis\u2019teki Yunan Konsoloslu\u011fu ve Atina\u2019daki Yunan D\u0131\u015fi\u015fleri Bakanl\u0131\u011f\u0131\u2019nda ula\u015f\u0131labilir.\u201d<\/p>\n<p><strong>\u201cSoka\u011f\u0131n ortas\u0131nda Rum \u00e7ocu\u011fa tecav\u00fcz etti\u201d<\/strong><br \/>\nDimitrios Kalumenos\u2019un kitab\u0131nda yer alan bir ba\u015fka cinsel istismar anlat\u0131s\u0131 ise bir \u00e7ocu\u011fa y\u00f6nelikti: \u201c6 Eyl\u00fcl 1955 g\u00fcn\u00fc \u00f6\u011fleden sonra, hen\u00fcz karga\u015falar patlak vermeden \u00f6nce y\u00fcz\u00fc ve g\u00f6r\u00fcn\u00fcm\u00fc a\u00e7 g\u00f6zl\u00fc bir hayvana benzeyen \u2013bednam T\u00fcrk semti Kas\u0131mpa\u015fa\u2019n\u0131n ayaktak\u0131m\u0131ndan\u2013 bir T\u00fcrk berdu\u015f (hamal oldu\u011fu s\u00f6yleniyor) soka\u011f\u0131n ortas\u0131nda k\u00fc\u00e7\u00fck bir Rum \u00e7ocu\u011funa tecav\u00fcz etti ve \u015f\u00f6yle ba\u011f\u0131rd\u0131: \u2018Rumlar bu i\u015fe yarar ve bu muameleyi g\u00f6recekler. Ba\u015flar\u0131na bu gelecek.\u2019<\/p>\n<p>Sadece Kalumenos de\u011fil, Speros Vryonis\u2019in 6-7 Eyl\u00fcl\u2019\u00fc konu alan \u201cThe Mechanism of Catastrophe\u201d (Felaketin Mekanizmas\u0131) kitab\u0131nda at\u0131fta bulundu\u011fu Leonidas\u2009Koumakis imzal\u0131 \u201cThe Miracle: A True Story\u201d (Mucize: Ger\u00e7ek Bir Hikaye) eserde de bu cinsel istismar yer al\u0131yordu. Anlat\u0131da cezas\u0131n\u0131 \u00e7ekmeyecek olan fail de betimleniyordu: \u201cAk\u015fam saat 7\u2019de bir g\u00fcruh soka\u011f\u0131n ortas\u0131nda alt\u0131 ya\u015f\u0131nda k\u00fc\u00e7\u00fck bir k\u0131z\u0131n etraf\u0131n\u0131 ku\u015fat\u0131p onu Goril lakapl\u0131 yar\u0131 deli bir hamala teslim etti. Kap\u0131c\u0131 k\u0131za durmadan tecav\u00fcz ederken g\u00fcruh \u015f\u00f6yle ba\u011f\u0131r\u0131yordu: \u201cRumlar\u0131n lay\u0131\u011f\u0131 budur. \u00d6ld\u00fcr onu, \u00f6ld\u00fcr Rum k\u00f6pe\u011fini.\u201d<\/p>\n<p><a href=\"https:\/\/bianet.org\/biamag\/diger\/198920-6-7-eylul-pogromu-nda-cocuga-cinsel-istismar\"><strong><em>https:\/\/bianet.org\/biamag\/diger\/198920-6-7-eylul-pogromu-nda-cocuga-cinsel-istismar<\/em><\/strong><\/a><\/p>\n<p>&nbsp;<\/p>\n","protected":false},"excerpt":{"rendered":"<p>Serdar Korucu Eyl\u00fcl ve Leyla\u2019n\u0131n \u00f6ld\u00fcr\u00fclmesi, g\u00f6zleri bir kez daha \u00e7ocuk istismar\u0131 ve \u00e7ocuk cinayetlerine \u00e7evirdi. T\u00fcrkiye\u2019de unutulan cinsel istismarlar\u0131ndan biri ise 6-7 Eyl\u00fcl Pogromu\u2019nda ya\u015fand\u0131. * Dimitrios Kalumenos\u2019a ait foto\u011fraflar ve di\u011fer anlat\u0131lar, gazeteci-foto\u011fraf\u00e7\u0131 Nikolaos Manginas\u2019\u0131n katk\u0131s\u0131yla Az\u0131nl\u0131k Vak\u0131flar\u0131\u2019n\u0131n ilk temsilcisi Laki Vingas\u2019\u0131n dan\u0131\u015fmanl\u0131\u011f\u0131nda haz\u0131rlanan \u0130stos Yay\u0131nlar\u0131\u2019ndan iki cilt olarak yay\u0131mlanan \u201cPatriklik Foto\u011fraf\u00e7\u0131s\u0131 Dimitrios [&hellip;]<\/p>\n","protected":false},"author":7,"featured_media":47359,"comment_status":"open","ping_status":"open","sticky":false,"template":"","format":"standard","meta":{"footnotes":""},"categories":[1,70,20,53],"tags":[],"class_list":["post-47356","post","type-post","status-publish","format-standard","has-post-thumbnail","hentry","category-haberler","category-makaleler","category-tarih-sayfalari","category-turkiyede-azinliklar"],"yoast_head":"<!-- This site is optimized with the Yoast SEO plugin v27.4 - https:\/\/yoast.com\/product\/yoast-seo-wordpress\/ -->\n<title>6-7 Eyl\u00fcl Pogromu\u2019nda \u00c7ocu\u011fa Cinsel \u0130stismar - Bati Ermenistan Ve Bati Ermenileri Sorunlari Ara\u015ftirmalar Merkezi<\/title>\n<meta name=\"robots\" content=\"index, follow, max-snippet:-1, max-image-preview:large, max-video-preview:-1\" \/>\n<link rel=\"canonical\" href=\"https:\/\/akunq.net\/tr\/?p=47356\" \/>\n<meta property=\"og:locale\" content=\"en_US\" \/>\n<meta property=\"og:type\" content=\"article\" \/>\n<meta property=\"og:title\" content=\"6-7 Eyl\u00fcl Pogromu\u2019nda \u00c7ocu\u011fa Cinsel \u0130stismar - Bati Ermenistan Ve Bati Ermenileri Sorunlari Ara\u015ftirmalar Merkezi\" \/>\n<meta property=\"og:description\" content=\"Serdar Korucu Eyl\u00fcl ve Leyla\u2019n\u0131n \u00f6ld\u00fcr\u00fclmesi, g\u00f6zleri bir kez daha \u00e7ocuk istismar\u0131 ve \u00e7ocuk cinayetlerine \u00e7evirdi. T\u00fcrkiye\u2019de unutulan cinsel istismarlar\u0131ndan biri ise 6-7 Eyl\u00fcl Pogromu\u2019nda ya\u015fand\u0131. * Dimitrios Kalumenos\u2019a ait foto\u011fraflar ve di\u011fer anlat\u0131lar, gazeteci-foto\u011fraf\u00e7\u0131 Nikolaos Manginas\u2019\u0131n katk\u0131s\u0131yla Az\u0131nl\u0131k Vak\u0131flar\u0131\u2019n\u0131n ilk temsilcisi Laki Vingas\u2019\u0131n dan\u0131\u015fmanl\u0131\u011f\u0131nda haz\u0131rlanan \u0130stos Yay\u0131nlar\u0131\u2019ndan iki cilt olarak yay\u0131mlanan \u201cPatriklik Foto\u011fraf\u00e7\u0131s\u0131 Dimitrios [&hellip;]\" \/>\n<meta property=\"og:url\" content=\"https:\/\/akunq.net\/tr\/?p=47356\" \/>\n<meta property=\"og:site_name\" content=\"Bati Ermenistan Ve Bati Ermenileri Sorunlari Ara\u015ftirmalar Merkezi\" \/>\n<meta property=\"article:published_time\" content=\"2018-07-10T09:16:52+00:00\" \/>\n<meta property=\"og:image\" content=\"https:\/\/akunq.net\/tr\/wp-content\/uploads\/sites\/6\/2018\/07\/6-7-Eyl\u00fcl-Pogromu-1.jpg\" \/>\n\t<meta property=\"og:image:width\" content=\"510\" \/>\n\t<meta property=\"og:image:height\" content=\"330\" \/>\n\t<meta property=\"og:image:type\" content=\"image\/jpeg\" \/>\n<meta name=\"author\" content=\"admin\" \/>\n<meta name=\"twitter:card\" content=\"summary_large_image\" \/>\n<meta name=\"twitter:label1\" content=\"Written by\" \/>\n\t<meta name=\"twitter:data1\" content=\"admin\" \/>\n\t<meta name=\"twitter:label2\" content=\"Est. reading time\" \/>\n\t<meta name=\"twitter:data2\" content=\"4 minutes\" \/>\n<script type=\"application\/ld+json\" class=\"yoast-schema-graph\">{\"@context\":\"https:\\\/\\\/schema.org\",\"@graph\":[{\"@type\":\"Article\",\"@id\":\"https:\\\/\\\/akunq.net\\\/tr\\\/?p=47356#article\",\"isPartOf\":{\"@id\":\"https:\\\/\\\/akunq.net\\\/tr\\\/?p=47356\"},\"author\":{\"name\":\"admin\",\"@id\":\"https:\\\/\\\/akunq.net\\\/tr\\\/#\\\/schema\\\/person\\\/096f1d38a12cce57fb855b485ed24c9e\"},\"headline\":\"6-7 Eyl\u00fcl Pogromu\u2019nda \u00c7ocu\u011fa Cinsel \u0130stismar\",\"datePublished\":\"2018-07-10T09:16:52+00:00\",\"mainEntityOfPage\":{\"@id\":\"https:\\\/\\\/akunq.net\\\/tr\\\/?p=47356\"},\"wordCount\":750,\"commentCount\":0,\"image\":{\"@id\":\"https:\\\/\\\/akunq.net\\\/tr\\\/?p=47356#primaryimage\"},\"thumbnailUrl\":\"https:\\\/\\\/akunq.net\\\/tr\\\/wp-content\\\/uploads\\\/sites\\\/6\\\/2018\\\/07\\\/6-7-Eyl\u00fcl-Pogromu-1.jpg\",\"articleSection\":[\"Haberler\",\"Makaleler\",\"Tarih Sayfalar\u0131\",\"T\u00fcrkiye\u2019de Az\u0131nl\u0131klar\"],\"inLanguage\":\"en-US\",\"potentialAction\":[{\"@type\":\"CommentAction\",\"name\":\"Comment\",\"target\":[\"https:\\\/\\\/akunq.net\\\/tr\\\/?p=47356#respond\"]}]},{\"@type\":\"WebPage\",\"@id\":\"https:\\\/\\\/akunq.net\\\/tr\\\/?p=47356\",\"url\":\"https:\\\/\\\/akunq.net\\\/tr\\\/?p=47356\",\"name\":\"6-7 Eyl\u00fcl Pogromu\u2019nda \u00c7ocu\u011fa Cinsel \u0130stismar - Bati Ermenistan Ve Bati Ermenileri Sorunlari Ara\u015ftirmalar Merkezi\",\"isPartOf\":{\"@id\":\"https:\\\/\\\/akunq.net\\\/tr\\\/#website\"},\"primaryImageOfPage\":{\"@id\":\"https:\\\/\\\/akunq.net\\\/tr\\\/?p=47356#primaryimage\"},\"image\":{\"@id\":\"https:\\\/\\\/akunq.net\\\/tr\\\/?p=47356#primaryimage\"},\"thumbnailUrl\":\"https:\\\/\\\/akunq.net\\\/tr\\\/wp-content\\\/uploads\\\/sites\\\/6\\\/2018\\\/07\\\/6-7-Eyl\u00fcl-Pogromu-1.jpg\",\"datePublished\":\"2018-07-10T09:16:52+00:00\",\"author\":{\"@id\":\"https:\\\/\\\/akunq.net\\\/tr\\\/#\\\/schema\\\/person\\\/096f1d38a12cce57fb855b485ed24c9e\"},\"breadcrumb\":{\"@id\":\"https:\\\/\\\/akunq.net\\\/tr\\\/?p=47356#breadcrumb\"},\"inLanguage\":\"en-US\",\"potentialAction\":[{\"@type\":\"ReadAction\",\"target\":[\"https:\\\/\\\/akunq.net\\\/tr\\\/?p=47356\"]}]},{\"@type\":\"ImageObject\",\"inLanguage\":\"en-US\",\"@id\":\"https:\\\/\\\/akunq.net\\\/tr\\\/?p=47356#primaryimage\",\"url\":\"https:\\\/\\\/akunq.net\\\/tr\\\/wp-content\\\/uploads\\\/sites\\\/6\\\/2018\\\/07\\\/6-7-Eyl\u00fcl-Pogromu-1.jpg\",\"contentUrl\":\"https:\\\/\\\/akunq.net\\\/tr\\\/wp-content\\\/uploads\\\/sites\\\/6\\\/2018\\\/07\\\/6-7-Eyl\u00fcl-Pogromu-1.jpg\",\"width\":510,\"height\":330},{\"@type\":\"BreadcrumbList\",\"@id\":\"https:\\\/\\\/akunq.net\\\/tr\\\/?p=47356#breadcrumb\",\"itemListElement\":[{\"@type\":\"ListItem\",\"position\":1,\"name\":\"Home\",\"item\":\"https:\\\/\\\/akunq.net\\\/tr\"},{\"@type\":\"ListItem\",\"position\":2,\"name\":\"6-7 Eyl\u00fcl Pogromu\u2019nda \u00c7ocu\u011fa Cinsel \u0130stismar\"}]},{\"@type\":\"WebSite\",\"@id\":\"https:\\\/\\\/akunq.net\\\/tr\\\/#website\",\"url\":\"https:\\\/\\\/akunq.net\\\/tr\\\/\",\"name\":\"Bati Ermenistan Ve Bati Ermenileri Sorunlari Ara\u015ftirmalar Merkezi\",\"description\":\"\",\"potentialAction\":[{\"@type\":\"SearchAction\",\"target\":{\"@type\":\"EntryPoint\",\"urlTemplate\":\"https:\\\/\\\/akunq.net\\\/tr\\\/?s={search_term_string}\"},\"query-input\":{\"@type\":\"PropertyValueSpecification\",\"valueRequired\":true,\"valueName\":\"search_term_string\"}}],\"inLanguage\":\"en-US\"},{\"@type\":\"Person\",\"@id\":\"https:\\\/\\\/akunq.net\\\/tr\\\/#\\\/schema\\\/person\\\/096f1d38a12cce57fb855b485ed24c9e\",\"name\":\"admin\",\"url\":\"https:\\\/\\\/akunq.net\\\/tr\\\/?author=7\"}]}<\/script>\n<!-- \/ Yoast SEO plugin. -->","yoast_head_json":{"title":"6-7 Eyl\u00fcl Pogromu\u2019nda \u00c7ocu\u011fa Cinsel \u0130stismar - Bati Ermenistan Ve Bati Ermenileri Sorunlari Ara\u015ftirmalar Merkezi","robots":{"index":"index","follow":"follow","max-snippet":"max-snippet:-1","max-image-preview":"max-image-preview:large","max-video-preview":"max-video-preview:-1"},"canonical":"https:\/\/akunq.net\/tr\/?p=47356","og_locale":"en_US","og_type":"article","og_title":"6-7 Eyl\u00fcl Pogromu\u2019nda \u00c7ocu\u011fa Cinsel \u0130stismar - Bati Ermenistan Ve Bati Ermenileri Sorunlari Ara\u015ftirmalar Merkezi","og_description":"Serdar Korucu Eyl\u00fcl ve Leyla\u2019n\u0131n \u00f6ld\u00fcr\u00fclmesi, g\u00f6zleri bir kez daha \u00e7ocuk istismar\u0131 ve \u00e7ocuk cinayetlerine \u00e7evirdi. T\u00fcrkiye\u2019de unutulan cinsel istismarlar\u0131ndan biri ise 6-7 Eyl\u00fcl Pogromu\u2019nda ya\u015fand\u0131. * Dimitrios Kalumenos\u2019a ait foto\u011fraflar ve di\u011fer anlat\u0131lar, gazeteci-foto\u011fraf\u00e7\u0131 Nikolaos Manginas\u2019\u0131n katk\u0131s\u0131yla Az\u0131nl\u0131k Vak\u0131flar\u0131\u2019n\u0131n ilk temsilcisi Laki Vingas\u2019\u0131n dan\u0131\u015fmanl\u0131\u011f\u0131nda haz\u0131rlanan \u0130stos Yay\u0131nlar\u0131\u2019ndan iki cilt olarak yay\u0131mlanan \u201cPatriklik Foto\u011fraf\u00e7\u0131s\u0131 Dimitrios [&hellip;]","og_url":"https:\/\/akunq.net\/tr\/?p=47356","og_site_name":"Bati Ermenistan Ve Bati Ermenileri Sorunlari Ara\u015ftirmalar Merkezi","article_published_time":"2018-07-10T09:16:52+00:00","og_image":[{"width":510,"height":330,"url":"https:\/\/akunq.net\/tr\/wp-content\/uploads\/sites\/6\/2018\/07\/6-7-Eyl\u00fcl-Pogromu-1.jpg","type":"image\/jpeg"}],"author":"admin","twitter_card":"summary_large_image","twitter_misc":{"Written by":"admin","Est. reading time":"4 minutes"},"schema":{"@context":"https:\/\/schema.org","@graph":[{"@type":"Article","@id":"https:\/\/akunq.net\/tr\/?p=47356#article","isPartOf":{"@id":"https:\/\/akunq.net\/tr\/?p=47356"},"author":{"name":"admin","@id":"https:\/\/akunq.net\/tr\/#\/schema\/person\/096f1d38a12cce57fb855b485ed24c9e"},"headline":"6-7 Eyl\u00fcl Pogromu\u2019nda \u00c7ocu\u011fa Cinsel \u0130stismar","datePublished":"2018-07-10T09:16:52+00:00","mainEntityOfPage":{"@id":"https:\/\/akunq.net\/tr\/?p=47356"},"wordCount":750,"commentCount":0,"image":{"@id":"https:\/\/akunq.net\/tr\/?p=47356#primaryimage"},"thumbnailUrl":"https:\/\/akunq.net\/tr\/wp-content\/uploads\/sites\/6\/2018\/07\/6-7-Eyl\u00fcl-Pogromu-1.jpg","articleSection":["Haberler","Makaleler","Tarih Sayfalar\u0131","T\u00fcrkiye\u2019de Az\u0131nl\u0131klar"],"inLanguage":"en-US","potentialAction":[{"@type":"CommentAction","name":"Comment","target":["https:\/\/akunq.net\/tr\/?p=47356#respond"]}]},{"@type":"WebPage","@id":"https:\/\/akunq.net\/tr\/?p=47356","url":"https:\/\/akunq.net\/tr\/?p=47356","name":"6-7 Eyl\u00fcl Pogromu\u2019nda \u00c7ocu\u011fa Cinsel \u0130stismar - Bati Ermenistan Ve Bati Ermenileri Sorunlari Ara\u015ftirmalar Merkezi","isPartOf":{"@id":"https:\/\/akunq.net\/tr\/#website"},"primaryImageOfPage":{"@id":"https:\/\/akunq.net\/tr\/?p=47356#primaryimage"},"image":{"@id":"https:\/\/akunq.net\/tr\/?p=47356#primaryimage"},"thumbnailUrl":"https:\/\/akunq.net\/tr\/wp-content\/uploads\/sites\/6\/2018\/07\/6-7-Eyl\u00fcl-Pogromu-1.jpg","datePublished":"2018-07-10T09:16:52+00:00","author":{"@id":"https:\/\/akunq.net\/tr\/#\/schema\/person\/096f1d38a12cce57fb855b485ed24c9e"},"breadcrumb":{"@id":"https:\/\/akunq.net\/tr\/?p=47356#breadcrumb"},"inLanguage":"en-US","potentialAction":[{"@type":"ReadAction","target":["https:\/\/akunq.net\/tr\/?p=47356"]}]},{"@type":"ImageObject","inLanguage":"en-US","@id":"https:\/\/akunq.net\/tr\/?p=47356#primaryimage","url":"https:\/\/akunq.net\/tr\/wp-content\/uploads\/sites\/6\/2018\/07\/6-7-Eyl\u00fcl-Pogromu-1.jpg","contentUrl":"https:\/\/akunq.net\/tr\/wp-content\/uploads\/sites\/6\/2018\/07\/6-7-Eyl\u00fcl-Pogromu-1.jpg","width":510,"height":330},{"@type":"BreadcrumbList","@id":"https:\/\/akunq.net\/tr\/?p=47356#breadcrumb","itemListElement":[{"@type":"ListItem","position":1,"name":"Home","item":"https:\/\/akunq.net\/tr"},{"@type":"ListItem","position":2,"name":"6-7 Eyl\u00fcl Pogromu\u2019nda \u00c7ocu\u011fa Cinsel \u0130stismar"}]},{"@type":"WebSite","@id":"https:\/\/akunq.net\/tr\/#website","url":"https:\/\/akunq.net\/tr\/","name":"Bati Ermenistan Ve Bati Ermenileri Sorunlari Ara\u015ftirmalar Merkezi","description":"","potentialAction":[{"@type":"SearchAction","target":{"@type":"EntryPoint","urlTemplate":"https:\/\/akunq.net\/tr\/?s={search_term_string}"},"query-input":{"@type":"PropertyValueSpecification","valueRequired":true,"valueName":"search_term_string"}}],"inLanguage":"en-US"},{"@type":"Person","@id":"https:\/\/akunq.net\/tr\/#\/schema\/person\/096f1d38a12cce57fb855b485ed24c9e","name":"admin","url":"https:\/\/akunq.net\/tr\/?author=7"}]}},"_links":{"self":[{"href":"https:\/\/akunq.net\/tr\/index.php?rest_route=\/wp\/v2\/posts\/47356","targetHints":{"allow":["GET"]}}],"collection":[{"href":"https:\/\/akunq.net\/tr\/index.php?rest_route=\/wp\/v2\/posts"}],"about":[{"href":"https:\/\/akunq.net\/tr\/index.php?rest_route=\/wp\/v2\/types\/post"}],"author":[{"embeddable":true,"href":"https:\/\/akunq.net\/tr\/index.php?rest_route=\/wp\/v2\/users\/7"}],"replies":[{"embeddable":true,"href":"https:\/\/akunq.net\/tr\/index.php?rest_route=%2Fwp%2Fv2%2Fcomments&post=47356"}],"version-history":[{"count":1,"href":"https:\/\/akunq.net\/tr\/index.php?rest_route=\/wp\/v2\/posts\/47356\/revisions"}],"predecessor-version":[{"id":47360,"href":"https:\/\/akunq.net\/tr\/index.php?rest_route=\/wp\/v2\/posts\/47356\/revisions\/47360"}],"wp:featuredmedia":[{"embeddable":true,"href":"https:\/\/akunq.net\/tr\/index.php?rest_route=\/wp\/v2\/media\/47359"}],"wp:attachment":[{"href":"https:\/\/akunq.net\/tr\/index.php?rest_route=%2Fwp%2Fv2%2Fmedia&parent=47356"}],"wp:term":[{"taxonomy":"category","embeddable":true,"href":"https:\/\/akunq.net\/tr\/index.php?rest_route=%2Fwp%2Fv2%2Fcategories&post=47356"},{"taxonomy":"post_tag","embeddable":true,"href":"https:\/\/akunq.net\/tr\/index.php?rest_route=%2Fwp%2Fv2%2Ftags&post=47356"}],"curies":[{"name":"wp","href":"https:\/\/api.w.org\/{rel}","templated":true}]}}