{"id":46865,"date":"2018-05-30T04:09:20","date_gmt":"2018-05-30T09:09:20","guid":{"rendered":"http:\/\/akunq.net\/tr\/?p=46865"},"modified":"2018-05-30T04:09:20","modified_gmt":"2018-05-30T09:09:20","slug":"garo-paylan-akunqa-konustu","status":"publish","type":"post","link":"https:\/\/akunq.net\/tr\/?p=46865","title":{"rendered":"Garo Paylan \u2018Akunq\u2019a konu\u015ftu"},"content":{"rendered":"<p><a href=\"http:\/\/akunq.net\/tr\/?attachment_id=46866\" rel=\"attachment wp-att-46866\"><img loading=\"lazy\" decoding=\"async\" class=\"alignright size-medium wp-image-46866\" src=\"http:\/\/akunq.net\/tr\/wp-content\/uploads\/2018\/05\/Garod-Sasunyan-Garo-Paylan-360x249.jpg\" alt=\"\" width=\"360\" height=\"249\" srcset=\"https:\/\/akunq.net\/tr\/wp-content\/uploads\/sites\/6\/2018\/05\/Garod-Sasunyan-Garo-Paylan-360x249.jpg 360w, https:\/\/akunq.net\/tr\/wp-content\/uploads\/sites\/6\/2018\/05\/Garod-Sasunyan-Garo-Paylan-260x180.jpg 260w, https:\/\/akunq.net\/tr\/wp-content\/uploads\/sites\/6\/2018\/05\/Garod-Sasunyan-Garo-Paylan-160x111.jpg 160w, https:\/\/akunq.net\/tr\/wp-content\/uploads\/sites\/6\/2018\/05\/Garod-Sasunyan-Garo-Paylan.jpg 364w\" sizes=\"auto, (max-width: 360px) 100vw, 360px\" \/><\/a><\/p>\n<p><strong>Garod Sasunyan <\/strong><\/p>\n<p><strong><em>Bilindi\u011fi gibi T\u00fcrkiye\u2019de 24 Haziran\u2019da se\u00e7im yap\u0131lacak. Bu se\u00e7imlere daha \u00f6nce \u0130stanbul\u2019dan HDP\u2019den (Halklar\u0131n demokrasi Partisi) aday olmu\u015ftu. Garo Paylan 24 Haziran 2018 tarihinde yap\u0131lacak milletvekili se\u00e7imlerine yine ayn\u0131 partiden (HDP) ancak bu sefer Diyarbak\u0131r\u2019dan aday oldu. Akunq muhabiri Garod Sasunian Garo Paylan ile Diyarbak\u0131r\u2019da bir r\u00f6portaj ger\u00e7ekle\u015ftirdi. Garod Sasunian r\u00f6portaja ba\u015flamadan \u00f6nce kendisine \u015fans getirmesi ve Sasunlular\u0131n kendisine destek vereceklerini simgeleyen Sasun Spor\u2019a ait bir atk\u0131 hediye etti. Garo Paylan bu hediyeyi ve Sasunlular\u0131n deste\u011fini ald\u0131\u011f\u0131 i\u00e7in te\u015fekk\u00fcr etti.<\/em><\/strong><\/p>\n<p><strong>-Say\u0131n Paylan, Siz daha \u00f6nce \u0130stanbul\u2019dan aday olup milletvekili oldunuz. Bu sefer neden \u0130stanbul yerine Diyarbak\u0131r\u2019dan aday oldunuz? \u00a0<\/strong><\/p>\n<p>-Biliyorsunuz \u015fuanda Ermenilerin, Rumlar\u0131n, S\u00fcryanilerin, Yahudilerin T\u00fcrkiye\u2019de kalan ve kendini Ermeni, S\u00fcryani, Rum, Yahudi olarak tan\u0131mlayanlar\u0131n b\u00fcy\u00fck \u00e7o\u011funlu\u011fu \u0130stanbul\u2019da ya\u015f\u0131yorlar. Ancak Anadolu\u2019da tabii ki pek \u00e7ok Ermeni\u2019yim diyen insan var. Belki y\u00fczbinlerce insan var. Ama bunlar \u00e7ok fazla bilinmiyorlar. Ben ge\u00e7en d\u00f6nem \u0130stanbul\u2019dan milletvekili se\u00e7ildim. Ben yaln\u0131zca \u0130stanbul\u2019un vekili de\u011fil, T\u00fcrkiye\u2019nin milletvekili ve d\u00fcnyadaki Ermenilerin milletvekili olarak ve b\u00fct\u00fcn T\u00fcrkiye\u2019deki insanlar\u0131n milletvekili olarak \u00e7al\u0131\u015ft\u0131m. Ama ben Malatyal\u0131y\u0131m. Her zaman\u00a0 kendimi Malatyal\u0131 hissettim. Diyarbak\u0131r\u2019da da y\u0131llarca \u00e7al\u0131\u015ft\u0131m. Diyarbak\u0131r\u2019daki \u00e7ok k\u00fclt\u00fcrl\u00fc\u011f\u00fc tekrar hayata ge\u00e7irmek i\u00e7in m\u00fccadele verdim. Bu anlamda da Diyarbak\u0131r\u2019da, Diyarbak\u0131rl\u0131 bir milletvekili olmaktan gurur duyuyorum. Ve burada\u00a0 kendimi topra\u011f\u0131ma daha yak\u0131n hissediyorum. Ama dedi\u011fim gibi T\u00fcrkiye\u2019nin her yeri benim topra\u011f\u0131m. Veya b\u00f6lgenin her yeri benim topra\u011f\u0131m. Ben yaln\u0131zca tek bir yerin milletvekili de\u011fil, HDP\u2019nin ve T\u00fcrkiye\u2019nin Ermeni milletvekili olarak b\u00fct\u00fcn halklar\u0131n karde\u015fli\u011fi i\u00e7in m\u00fccadele edece\u011fim.<\/p>\n<p><strong>-T\u00fcrkiye\u2019nin \u015fimdiki siyasi durumunu nas\u0131l de\u011ferlendirirsiniz?<\/strong><\/p>\n<p>-\u015eu anda T\u00fcrkiye \u00f6nemli bir kav\u015fakta. Y\u0131llard\u0131r tek adam bask\u0131 rejimi, hepimizi susturmaya \u00e7al\u0131\u015f\u0131yor ve \u015fimdi b\u00fct\u00fcn yapt\u0131klar\u0131n\u0131 da se\u00e7ime\u00a0 g\u00f6t\u00fcr\u00fcyor. Diyor ki; bunlar\u0131 evet mi, hay\u0131r m\u0131 diyorsun? Ben\u00a0 T\u00fcrkiye toplumunun, tek adam rejimine hay\u0131r diyece\u011fini d\u00fc\u015f\u00fcn\u00fcyorum. \u00c7\u00fcnk\u00fc referandumda bu mesele tam olarak anla\u015f\u0131lmam\u0131\u015ft\u0131 ama art\u0131k g\u00f6rd\u00fck. Tek adam rejiminin ne demek oldu\u011funu, siyasi bir kriz ekonomik bir kriz oldu\u011funu herkes g\u00f6rd\u00fc. Ve bu anlamda, toplumumuzun 24 Haziran\u2019da tek adam rejimine hay\u0131r diyece\u011fini d\u00fc\u015f\u00fcn\u00fcyorum. \u00d6nemli bir kav\u015faktay\u0131z. Ve biz o tek adam Diktas\u0131n\u0131 (Diktat\u00f6rl\u00fck) durduraca\u011f\u0131z.<\/p>\n<p><strong>-Ermeni sorunu konusunda ne gibi siyaset izleyeceksiniz?<\/strong><\/p>\n<p>-Partimin Ermeni siyaseti ile ilgili veya b\u00fct\u00fcn halklar\u0131n siyaseti ile ilgili pozisyonu nettir. B\u00fct\u00fcn halklar\u0131n hem ge\u00e7mi\u015fte ya\u015fad\u0131klar\u0131 soyk\u0131r\u0131m ve katliamlar ile y\u00fczle\u015fmek, hem de tabii ki\u00a0 bug\u00fcne\u00a0 dair siyasetimizde e\u015fitlik hukukuna dayal\u0131 bir ya\u015fam\u0131 hayata ge\u00e7irmek. M\u00fccadelemiz bu y\u00f6ndedir. Bu y\u00f6nde partimin herhangi bir amas\u0131, fakat\u0131 yoktur. B\u00fct\u00fcn halklar\u0131n karde\u015fli\u011fi, e\u015fitli\u011fi hem tesis etmek, hem de ge\u00e7mi\u015f ile y\u00fczle\u015fmek \u00fczere\u00a0 politikas\u0131 var. Bu politikam\u0131z ile m\u00fccadele etmeye devam edece\u011fiz.<\/p>\n<p><strong>-Az\u0131nl\u0131klar konusunda T\u00fcrkiye\u2019de halen ya\u015fanan s\u00fcre\u00e7leri nas\u0131l de\u011ferlendiriyorsunuz?<\/strong><\/p>\n<p>-Yak\u0131n zamana kadar T\u00fcrkiye\u2019de demokrasi ve demokratikle\u015fme ad\u0131mlar\u0131 at\u0131lmaya ba\u015fland\u0131\u011f\u0131nda az\u0131nl\u0131klarda art\u0131k o sessizliklerini terkedip haklar\u0131n\u0131 talep etmeye ba\u015flam\u0131\u015flar idi. Ama \u00f6zellikle K\u00fcrt meselesinde tak\u0131l\u0131nan sert tutum, tabii az\u0131nl\u0131klar\u0131da tekrar bir sessizli\u011fe g\u00f6t\u00fcrd\u00fc. Az\u0131nl\u0131klar\u0131n haklar\u0131n\u0131 elde etmeleri genel siyasi iklimin normalle\u015fmesine ba\u011fl\u0131d\u0131r. Bu anlamda da 24 Haziran se\u00e7imleri hayati \u00f6nemdedir. B\u00fct\u00fcn az\u0131nl\u0131k ve \u00e7o\u011funluk temsilcilerinin bu konuda duyarl\u0131l\u0131\u011fa \u00e7a\u011f\u0131r\u0131yorum. \u00d6nemli bir kav\u015faktay\u0131z. E\u011fer yeniden sessizli\u011fe b\u00fcr\u00fcnmek istemiyorsak 24 Haziran\u2019da (se\u00e7imde) ses \u00e7\u0131karal\u0131m. Diyorum.<\/p>\n<p><strong>-B\u00f6lgede yani Arevmedyan Hayastan\u2019da say\u0131lar\u0131 az\u0131msanmayacak gizli ve m\u00fcsl\u00fcmanla\u015fm\u0131\u015f Ermeniler var. Bunlar hakk\u0131ndaki g\u00f6r\u00fc\u015fleriniz nelerdir? Bunlar hakk\u0131nda bir \u00e7al\u0131\u015fman\u0131z olacak m\u0131?<\/strong><\/p>\n<p>-\u015e\u00f6yle s\u00f6yleyeyim: Sonu\u00e7ta y\u00fcz y\u0131ll\u0131k bir sessizlikten bahsediyoruz ve aradan \u00fc\u00e7 ku\u015fak ge\u00e7mi\u015f. Ama o haf\u0131za hep insanlar\u0131n\u00a0 i\u00e7inde duruyor. Ve \u00f6zellikle o normalle\u015fme d\u00f6neminde, ben Anadolu\u2019nun neresine gitsem, herkes kolumdan \u00e7ekip, babaannem Ermeni, ninem Ermeni, dedem Ermeni veya biztopyek\u00fcn bir k\u00f6y olarak m\u00fcsl\u00fcmanla\u015fm\u0131\u015f\u0131z diyen binlerce, onbinlerce insan ile kar\u015f\u0131la\u015ft\u0131m. Ve rakamlar\u0131n \u00e7ok b\u00fcy\u00fck oldu\u011funu d\u00fc\u015f\u00fcn\u00fcyorum. Ancak b\u00fct\u00fcn bu hikayede, yani Ermeni\u00a0 kimli\u011fi ile ilgili insanlar\u0131n rahat davranmas\u0131\u00a0 T\u00fcrkiye\u2019nin demokrasi hikayesi ile ilgilidir. Demokratikle\u015ftik\u00e7e herkes utanmadan s\u0131k\u0131lmadan cesaretle\u00a0 kimli\u011fi ile ilgili daha rahat davranacakt\u0131r diye d\u00fc\u015f\u00fcn\u00fcyorum. Bu anlamda demokrasi\u00a0 i\u00e7erisinde ataca\u011f\u0131m\u0131z ad\u0131mlar Ermeni kimli\u011fi ile\u00a0 ilgili haf\u0131zas\u0131nda yer alan ama bununla ilgili bir ad\u0131m atma cesareti olmayan insanlara cesaret verecektir diye d\u00fc\u015f\u00fcn\u00fcyorum. Bizimde \u0130stanbul\u2019daki kurumlar\u0131m\u0131z, Patrikhanemiz di\u011fer kurumlar\u0131m\u0131z\u0131n, bu konuda ad\u0131mlar atmas\u0131 gerekiyor. Ama dedi\u011fim gibi korku ikliminde bu ad\u0131mlar\u0131n at\u0131lmas\u0131 zor. \u00d6nemli olan cesaret ikliminde demokratik bir ekip ile\u00a0 bu ad\u0131mlar\u0131n at\u0131lmas\u0131n\u0131n \u00e7ok kolay olaca\u011f\u0131n\u0131 d\u00fc\u015f\u00fcn\u00fcyorum. Bu anlamda da 24 Haziran \u00e7ok \u00f6nemli bir Milat olacakt\u0131r. Burada ya\u015fayan Ermeniler i\u00e7in bir\u015feyler yapmak i\u00e7in; T\u00fcrkiye\u2019nin\u00a0 bu bask\u0131 rejiminden kurtulmas\u0131 \u00a0gerekiyor. Sonu\u00e7 olarak ortadaki iktidar tek adam ve kimlik tek din dayatmas\u0131nda bulunuyor ve bu b\u00f6yle bir iklimde bu tip\u00a0 \u015feyleri\u00a0 konu\u015fmam\u0131z ger\u00e7ekten imkans\u0131za yak\u0131nd\u0131r. \u00d6nemli olan bu bask\u0131 rejimini, tek adam rejimini ortadan kald\u0131r\u0131p, tekrar \u00e7o\u011fulcu ve demokratik bir m\u00fccadelenin, \u00e7o\u011fulcu bir iklimin hayata ge\u00e7irmemiz ile bunlar olacakt\u0131r. Bunu ge\u00e7mi\u015fte g\u00f6rd\u00fck, daha \u00fc\u00e7 y\u0131l \u00f6ncesine kadar, herkes kimli\u011fi ile ilgili pek \u00e7ok ayd\u0131nlatmaya \u00e7al\u0131\u015f\u0131yordu. Buradaki kilisemizi <em>(Surp Giragos Kilisesi-\u2018Akunq\u2019 web sayfas\u0131 y\u00f6neticileri)<\/em> restore edip a\u00e7t\u0131k. Her g\u00fcn y\u00fczlerce insan gelip kimli\u011fi ile ilgili ili\u015fkiye ge\u00e7meye \u00e7al\u0131\u015f\u0131yordu. Bu iklimi tekrar yarataca\u011f\u0131m\u0131za inan\u0131yorum. Ben bununla ilgili m\u00fccadele edece\u011fim. Bu tip ad\u0131mlar <em>(Ari Tun \/Eve Gel\/ program\u0131n\u0131-\u2018Akunq\u2019 web sayfas\u0131 y\u00f6neticileri) <\/em>tabii ki \u00f6nemlidir, bunlar\u0131 yapar\u0131z. Esas olan bu tek adam rejimini, tek kimlik, tek kimlik\u00a0\u00a0 meselesini, idelojisini ortadan kald\u0131rmakt\u0131r. Bunun kald\u0131rd\u0131\u011f\u0131 anda herkes tekrar 2015 ve \u00f6ncesindeki gibi birka\u00e7 y\u0131ll\u0131k bahar d\u00f6neminde oldu\u011fu gibi kimli\u011fi ile \u00e7ok daha rahat ili\u015fkiye ge\u00e7ebilecektir. \u00d6zg\u00fcrce kimli\u011fi ile m\u00fccadelesini yapacakt\u0131r.<\/p>\n<p><strong>-Biliyorsunuz \u00e7ok k\u0131sa s\u00fcre \u00f6nce Ermenistan\u2019ta da Nikol Pa\u015finyan \u00f6nc\u00fcl\u00fc\u011f\u00fcnde yeni bir h\u00fckumet kuruldu. Ba\u015fbakan Pa\u015finyan \u00f6nc\u00fcl\u00fc\u011f\u00fcndeki bu h\u00fckumet hakk\u0131nda neler d\u00fc\u015f\u00fcn\u00fcyorsunuz? Nas\u0131l kar\u015f\u0131l\u0131yorsunuz?<\/strong><\/p>\n<p>-En son Ermenistan ziyaretimde Yelk Partisi\u2019nin temsilcileri ve say\u0131n Nikol Pa\u015finyan ile bir g\u00f6r\u00fc\u015fme \u015fans\u0131m olmu\u015ftu. Kendilerini m\u00fctevazi bir parti olarak g\u00f6r\u00fcyorlar idi. Ben onlara dedim ki; ben sizin parti\u00a0 program\u0131n\u0131z\u0131 takip ediyorum. HDP\u2019nin program\u0131n\u0131n \u00e7ok benzeri bir program\u0131n\u0131z var. Ve onlara mutlaka ba\u015faracaklar\u0131n\u0131 s\u00f6ylemi\u015ftim. B\u00fct\u00fcn deste\u011fimi veriyordum. Ama bu kadar \u00e7abuk ba\u015far\u0131l\u0131 olacaklar\u0131n\u0131 ger\u00e7ekten ben de beklemiyordum. Alt\u0131 ay sonra Ermenistan\u2019da sessiz bir devrim yapt\u0131lar ve yoksullar\u0131n, ezilenlerin sesini sokaklardan demokratik bir de\u011fi\u015fim r\u00fczgar\u0131 ile iktidara ta\u015f\u0131d\u0131lar. Ben kendilerine\u00a0 ba\u015far\u0131lar diliyorum. Ve her t\u00fcrl\u00fc deste\u011fi vermeye haz\u0131r oldu\u011fuma dair kendisi (Nikol Pa\u015finyan ile g\u00f6r\u00fc\u015ft\u00fcm) g\u00f6r\u00fc\u015ft\u00fcm. Yak\u0131n zamanda da, se\u00e7imlerden hemen sonra Ermenistan\u2019a\u00a0 gidip y\u00fcz y\u00fcze de g\u00f6r\u00fc\u015fmeyi planl\u0131yorum.<\/p>\n<p><strong><em>Akunq.net<\/em><\/strong><\/p>\n","protected":false},"excerpt":{"rendered":"<p>Garod Sasunyan Bilindi\u011fi gibi T\u00fcrkiye\u2019de 24 Haziran\u2019da se\u00e7im yap\u0131lacak. Bu se\u00e7imlere daha \u00f6nce \u0130stanbul\u2019dan HDP\u2019den (Halklar\u0131n demokrasi Partisi) aday olmu\u015ftu. Garo Paylan 24 Haziran 2018 tarihinde yap\u0131lacak milletvekili se\u00e7imlerine yine ayn\u0131 partiden (HDP) ancak bu sefer Diyarbak\u0131r\u2019dan aday oldu. Akunq muhabiri Garod Sasunian Garo Paylan ile Diyarbak\u0131r\u2019da bir r\u00f6portaj ger\u00e7ekle\u015ftirdi. Garod Sasunian r\u00f6portaja ba\u015flamadan \u00f6nce [&hellip;]<\/p>\n","protected":false},"author":7,"featured_media":46867,"comment_status":"open","ping_status":"open","sticky":false,"template":"","format":"standard","meta":{"footnotes":""},"categories":[21,1,71,53],"tags":[],"class_list":["post-46865","post","type-post","status-publish","format-standard","has-post-thumbnail","hentry","category-gunumuzde-bati-ermenileri","category-haberler","category-mulakatlar","category-turkiyede-azinliklar"],"yoast_head":"<!-- This site is optimized with the Yoast SEO plugin v27.4 - https:\/\/yoast.com\/product\/yoast-seo-wordpress\/ -->\n<title>Garo Paylan \u2018Akunq\u2019a konu\u015ftu - Bati Ermenistan Ve Bati Ermenileri Sorunlari Ara\u015ftirmalar Merkezi<\/title>\n<meta name=\"robots\" content=\"index, follow, max-snippet:-1, max-image-preview:large, max-video-preview:-1\" \/>\n<link rel=\"canonical\" href=\"https:\/\/akunq.net\/tr\/?p=46865\" \/>\n<meta property=\"og:locale\" content=\"en_US\" \/>\n<meta property=\"og:type\" content=\"article\" \/>\n<meta property=\"og:title\" content=\"Garo Paylan \u2018Akunq\u2019a konu\u015ftu - Bati Ermenistan Ve Bati Ermenileri Sorunlari Ara\u015ftirmalar Merkezi\" \/>\n<meta property=\"og:description\" content=\"Garod Sasunyan Bilindi\u011fi gibi T\u00fcrkiye\u2019de 24 Haziran\u2019da se\u00e7im yap\u0131lacak. Bu se\u00e7imlere daha \u00f6nce \u0130stanbul\u2019dan HDP\u2019den (Halklar\u0131n demokrasi Partisi) aday olmu\u015ftu. Garo Paylan 24 Haziran 2018 tarihinde yap\u0131lacak milletvekili se\u00e7imlerine yine ayn\u0131 partiden (HDP) ancak bu sefer Diyarbak\u0131r\u2019dan aday oldu. Akunq muhabiri Garod Sasunian Garo Paylan ile Diyarbak\u0131r\u2019da bir r\u00f6portaj ger\u00e7ekle\u015ftirdi. Garod Sasunian r\u00f6portaja ba\u015flamadan \u00f6nce [&hellip;]\" \/>\n<meta property=\"og:url\" content=\"https:\/\/akunq.net\/tr\/?p=46865\" \/>\n<meta property=\"og:site_name\" content=\"Bati Ermenistan Ve Bati Ermenileri Sorunlari Ara\u015ftirmalar Merkezi\" \/>\n<meta property=\"article:published_time\" content=\"2018-05-30T09:09:20+00:00\" \/>\n<meta property=\"og:image\" content=\"https:\/\/akunq.net\/tr\/wp-content\/uploads\/sites\/6\/2018\/05\/Garod-Sasunyan-Garo-Paylan-1.jpg\" \/>\n\t<meta property=\"og:image:width\" content=\"364\" \/>\n\t<meta property=\"og:image:height\" content=\"252\" \/>\n\t<meta property=\"og:image:type\" content=\"image\/jpeg\" \/>\n<meta name=\"author\" content=\"admin\" \/>\n<meta name=\"twitter:card\" content=\"summary_large_image\" \/>\n<meta name=\"twitter:label1\" content=\"Written by\" \/>\n\t<meta name=\"twitter:data1\" content=\"admin\" \/>\n\t<meta name=\"twitter:label2\" content=\"Est. reading time\" \/>\n\t<meta name=\"twitter:data2\" content=\"7 minutes\" \/>\n<script type=\"application\/ld+json\" class=\"yoast-schema-graph\">{\"@context\":\"https:\\\/\\\/schema.org\",\"@graph\":[{\"@type\":\"Article\",\"@id\":\"https:\\\/\\\/akunq.net\\\/tr\\\/?p=46865#article\",\"isPartOf\":{\"@id\":\"https:\\\/\\\/akunq.net\\\/tr\\\/?p=46865\"},\"author\":{\"name\":\"admin\",\"@id\":\"https:\\\/\\\/akunq.net\\\/tr\\\/#\\\/schema\\\/person\\\/096f1d38a12cce57fb855b485ed24c9e\"},\"headline\":\"Garo Paylan \u2018Akunq\u2019a konu\u015ftu\",\"datePublished\":\"2018-05-30T09:09:20+00:00\",\"mainEntityOfPage\":{\"@id\":\"https:\\\/\\\/akunq.net\\\/tr\\\/?p=46865\"},\"wordCount\":1426,\"commentCount\":0,\"image\":{\"@id\":\"https:\\\/\\\/akunq.net\\\/tr\\\/?p=46865#primaryimage\"},\"thumbnailUrl\":\"https:\\\/\\\/akunq.net\\\/tr\\\/wp-content\\\/uploads\\\/sites\\\/6\\\/2018\\\/05\\\/Garod-Sasunyan-Garo-Paylan-1.jpg\",\"articleSection\":[\"G\u00fcn\u00fcm\u00fczde Bat\u0131 Ermenileri\",\"Haberler\",\"M\u00fclakatlar\",\"T\u00fcrkiye\u2019de Az\u0131nl\u0131klar\"],\"inLanguage\":\"en-US\",\"potentialAction\":[{\"@type\":\"CommentAction\",\"name\":\"Comment\",\"target\":[\"https:\\\/\\\/akunq.net\\\/tr\\\/?p=46865#respond\"]}]},{\"@type\":\"WebPage\",\"@id\":\"https:\\\/\\\/akunq.net\\\/tr\\\/?p=46865\",\"url\":\"https:\\\/\\\/akunq.net\\\/tr\\\/?p=46865\",\"name\":\"Garo Paylan \u2018Akunq\u2019a konu\u015ftu - Bati Ermenistan Ve Bati Ermenileri Sorunlari Ara\u015ftirmalar Merkezi\",\"isPartOf\":{\"@id\":\"https:\\\/\\\/akunq.net\\\/tr\\\/#website\"},\"primaryImageOfPage\":{\"@id\":\"https:\\\/\\\/akunq.net\\\/tr\\\/?p=46865#primaryimage\"},\"image\":{\"@id\":\"https:\\\/\\\/akunq.net\\\/tr\\\/?p=46865#primaryimage\"},\"thumbnailUrl\":\"https:\\\/\\\/akunq.net\\\/tr\\\/wp-content\\\/uploads\\\/sites\\\/6\\\/2018\\\/05\\\/Garod-Sasunyan-Garo-Paylan-1.jpg\",\"datePublished\":\"2018-05-30T09:09:20+00:00\",\"author\":{\"@id\":\"https:\\\/\\\/akunq.net\\\/tr\\\/#\\\/schema\\\/person\\\/096f1d38a12cce57fb855b485ed24c9e\"},\"breadcrumb\":{\"@id\":\"https:\\\/\\\/akunq.net\\\/tr\\\/?p=46865#breadcrumb\"},\"inLanguage\":\"en-US\",\"potentialAction\":[{\"@type\":\"ReadAction\",\"target\":[\"https:\\\/\\\/akunq.net\\\/tr\\\/?p=46865\"]}]},{\"@type\":\"ImageObject\",\"inLanguage\":\"en-US\",\"@id\":\"https:\\\/\\\/akunq.net\\\/tr\\\/?p=46865#primaryimage\",\"url\":\"https:\\\/\\\/akunq.net\\\/tr\\\/wp-content\\\/uploads\\\/sites\\\/6\\\/2018\\\/05\\\/Garod-Sasunyan-Garo-Paylan-1.jpg\",\"contentUrl\":\"https:\\\/\\\/akunq.net\\\/tr\\\/wp-content\\\/uploads\\\/sites\\\/6\\\/2018\\\/05\\\/Garod-Sasunyan-Garo-Paylan-1.jpg\",\"width\":364,\"height\":252},{\"@type\":\"BreadcrumbList\",\"@id\":\"https:\\\/\\\/akunq.net\\\/tr\\\/?p=46865#breadcrumb\",\"itemListElement\":[{\"@type\":\"ListItem\",\"position\":1,\"name\":\"Home\",\"item\":\"https:\\\/\\\/akunq.net\\\/tr\"},{\"@type\":\"ListItem\",\"position\":2,\"name\":\"Garo Paylan \u2018Akunq\u2019a konu\u015ftu\"}]},{\"@type\":\"WebSite\",\"@id\":\"https:\\\/\\\/akunq.net\\\/tr\\\/#website\",\"url\":\"https:\\\/\\\/akunq.net\\\/tr\\\/\",\"name\":\"Bati Ermenistan Ve Bati Ermenileri Sorunlari Ara\u015ftirmalar Merkezi\",\"description\":\"\",\"potentialAction\":[{\"@type\":\"SearchAction\",\"target\":{\"@type\":\"EntryPoint\",\"urlTemplate\":\"https:\\\/\\\/akunq.net\\\/tr\\\/?s={search_term_string}\"},\"query-input\":{\"@type\":\"PropertyValueSpecification\",\"valueRequired\":true,\"valueName\":\"search_term_string\"}}],\"inLanguage\":\"en-US\"},{\"@type\":\"Person\",\"@id\":\"https:\\\/\\\/akunq.net\\\/tr\\\/#\\\/schema\\\/person\\\/096f1d38a12cce57fb855b485ed24c9e\",\"name\":\"admin\",\"url\":\"https:\\\/\\\/akunq.net\\\/tr\\\/?author=7\"}]}<\/script>\n<!-- \/ Yoast SEO plugin. -->","yoast_head_json":{"title":"Garo Paylan \u2018Akunq\u2019a konu\u015ftu - Bati Ermenistan Ve Bati Ermenileri Sorunlari Ara\u015ftirmalar Merkezi","robots":{"index":"index","follow":"follow","max-snippet":"max-snippet:-1","max-image-preview":"max-image-preview:large","max-video-preview":"max-video-preview:-1"},"canonical":"https:\/\/akunq.net\/tr\/?p=46865","og_locale":"en_US","og_type":"article","og_title":"Garo Paylan \u2018Akunq\u2019a konu\u015ftu - Bati Ermenistan Ve Bati Ermenileri Sorunlari Ara\u015ftirmalar Merkezi","og_description":"Garod Sasunyan Bilindi\u011fi gibi T\u00fcrkiye\u2019de 24 Haziran\u2019da se\u00e7im yap\u0131lacak. Bu se\u00e7imlere daha \u00f6nce \u0130stanbul\u2019dan HDP\u2019den (Halklar\u0131n demokrasi Partisi) aday olmu\u015ftu. Garo Paylan 24 Haziran 2018 tarihinde yap\u0131lacak milletvekili se\u00e7imlerine yine ayn\u0131 partiden (HDP) ancak bu sefer Diyarbak\u0131r\u2019dan aday oldu. Akunq muhabiri Garod Sasunian Garo Paylan ile Diyarbak\u0131r\u2019da bir r\u00f6portaj ger\u00e7ekle\u015ftirdi. Garod Sasunian r\u00f6portaja ba\u015flamadan \u00f6nce [&hellip;]","og_url":"https:\/\/akunq.net\/tr\/?p=46865","og_site_name":"Bati Ermenistan Ve Bati Ermenileri Sorunlari Ara\u015ftirmalar Merkezi","article_published_time":"2018-05-30T09:09:20+00:00","og_image":[{"width":364,"height":252,"url":"https:\/\/akunq.net\/tr\/wp-content\/uploads\/sites\/6\/2018\/05\/Garod-Sasunyan-Garo-Paylan-1.jpg","type":"image\/jpeg"}],"author":"admin","twitter_card":"summary_large_image","twitter_misc":{"Written by":"admin","Est. reading time":"7 minutes"},"schema":{"@context":"https:\/\/schema.org","@graph":[{"@type":"Article","@id":"https:\/\/akunq.net\/tr\/?p=46865#article","isPartOf":{"@id":"https:\/\/akunq.net\/tr\/?p=46865"},"author":{"name":"admin","@id":"https:\/\/akunq.net\/tr\/#\/schema\/person\/096f1d38a12cce57fb855b485ed24c9e"},"headline":"Garo Paylan \u2018Akunq\u2019a konu\u015ftu","datePublished":"2018-05-30T09:09:20+00:00","mainEntityOfPage":{"@id":"https:\/\/akunq.net\/tr\/?p=46865"},"wordCount":1426,"commentCount":0,"image":{"@id":"https:\/\/akunq.net\/tr\/?p=46865#primaryimage"},"thumbnailUrl":"https:\/\/akunq.net\/tr\/wp-content\/uploads\/sites\/6\/2018\/05\/Garod-Sasunyan-Garo-Paylan-1.jpg","articleSection":["G\u00fcn\u00fcm\u00fczde Bat\u0131 Ermenileri","Haberler","M\u00fclakatlar","T\u00fcrkiye\u2019de Az\u0131nl\u0131klar"],"inLanguage":"en-US","potentialAction":[{"@type":"CommentAction","name":"Comment","target":["https:\/\/akunq.net\/tr\/?p=46865#respond"]}]},{"@type":"WebPage","@id":"https:\/\/akunq.net\/tr\/?p=46865","url":"https:\/\/akunq.net\/tr\/?p=46865","name":"Garo Paylan \u2018Akunq\u2019a konu\u015ftu - Bati Ermenistan Ve Bati Ermenileri Sorunlari Ara\u015ftirmalar Merkezi","isPartOf":{"@id":"https:\/\/akunq.net\/tr\/#website"},"primaryImageOfPage":{"@id":"https:\/\/akunq.net\/tr\/?p=46865#primaryimage"},"image":{"@id":"https:\/\/akunq.net\/tr\/?p=46865#primaryimage"},"thumbnailUrl":"https:\/\/akunq.net\/tr\/wp-content\/uploads\/sites\/6\/2018\/05\/Garod-Sasunyan-Garo-Paylan-1.jpg","datePublished":"2018-05-30T09:09:20+00:00","author":{"@id":"https:\/\/akunq.net\/tr\/#\/schema\/person\/096f1d38a12cce57fb855b485ed24c9e"},"breadcrumb":{"@id":"https:\/\/akunq.net\/tr\/?p=46865#breadcrumb"},"inLanguage":"en-US","potentialAction":[{"@type":"ReadAction","target":["https:\/\/akunq.net\/tr\/?p=46865"]}]},{"@type":"ImageObject","inLanguage":"en-US","@id":"https:\/\/akunq.net\/tr\/?p=46865#primaryimage","url":"https:\/\/akunq.net\/tr\/wp-content\/uploads\/sites\/6\/2018\/05\/Garod-Sasunyan-Garo-Paylan-1.jpg","contentUrl":"https:\/\/akunq.net\/tr\/wp-content\/uploads\/sites\/6\/2018\/05\/Garod-Sasunyan-Garo-Paylan-1.jpg","width":364,"height":252},{"@type":"BreadcrumbList","@id":"https:\/\/akunq.net\/tr\/?p=46865#breadcrumb","itemListElement":[{"@type":"ListItem","position":1,"name":"Home","item":"https:\/\/akunq.net\/tr"},{"@type":"ListItem","position":2,"name":"Garo Paylan \u2018Akunq\u2019a konu\u015ftu"}]},{"@type":"WebSite","@id":"https:\/\/akunq.net\/tr\/#website","url":"https:\/\/akunq.net\/tr\/","name":"Bati Ermenistan Ve Bati Ermenileri Sorunlari Ara\u015ftirmalar Merkezi","description":"","potentialAction":[{"@type":"SearchAction","target":{"@type":"EntryPoint","urlTemplate":"https:\/\/akunq.net\/tr\/?s={search_term_string}"},"query-input":{"@type":"PropertyValueSpecification","valueRequired":true,"valueName":"search_term_string"}}],"inLanguage":"en-US"},{"@type":"Person","@id":"https:\/\/akunq.net\/tr\/#\/schema\/person\/096f1d38a12cce57fb855b485ed24c9e","name":"admin","url":"https:\/\/akunq.net\/tr\/?author=7"}]}},"_links":{"self":[{"href":"https:\/\/akunq.net\/tr\/index.php?rest_route=\/wp\/v2\/posts\/46865","targetHints":{"allow":["GET"]}}],"collection":[{"href":"https:\/\/akunq.net\/tr\/index.php?rest_route=\/wp\/v2\/posts"}],"about":[{"href":"https:\/\/akunq.net\/tr\/index.php?rest_route=\/wp\/v2\/types\/post"}],"author":[{"embeddable":true,"href":"https:\/\/akunq.net\/tr\/index.php?rest_route=\/wp\/v2\/users\/7"}],"replies":[{"embeddable":true,"href":"https:\/\/akunq.net\/tr\/index.php?rest_route=%2Fwp%2Fv2%2Fcomments&post=46865"}],"version-history":[{"count":1,"href":"https:\/\/akunq.net\/tr\/index.php?rest_route=\/wp\/v2\/posts\/46865\/revisions"}],"predecessor-version":[{"id":46868,"href":"https:\/\/akunq.net\/tr\/index.php?rest_route=\/wp\/v2\/posts\/46865\/revisions\/46868"}],"wp:featuredmedia":[{"embeddable":true,"href":"https:\/\/akunq.net\/tr\/index.php?rest_route=\/wp\/v2\/media\/46867"}],"wp:attachment":[{"href":"https:\/\/akunq.net\/tr\/index.php?rest_route=%2Fwp%2Fv2%2Fmedia&parent=46865"}],"wp:term":[{"taxonomy":"category","embeddable":true,"href":"https:\/\/akunq.net\/tr\/index.php?rest_route=%2Fwp%2Fv2%2Fcategories&post=46865"},{"taxonomy":"post_tag","embeddable":true,"href":"https:\/\/akunq.net\/tr\/index.php?rest_route=%2Fwp%2Fv2%2Ftags&post=46865"}],"curies":[{"name":"wp","href":"https:\/\/api.w.org\/{rel}","templated":true}]}}