{"id":45532,"date":"2018-03-28T02:57:03","date_gmt":"2018-03-28T07:57:03","guid":{"rendered":"http:\/\/akunq.net\/tr\/?p=45532"},"modified":"2018-03-28T02:57:03","modified_gmt":"2018-03-28T07:57:03","slug":"bitmeyen-beka-sorun","status":"publish","type":"post","link":"https:\/\/akunq.net\/tr\/?p=45532","title":{"rendered":"Bitmeyen beka sorun"},"content":{"rendered":"<p><a href=\"http:\/\/akunq.net\/tr\/?attachment_id=45533\" rel=\"attachment wp-att-45533\"><img loading=\"lazy\" decoding=\"async\" class=\"alignright size-medium wp-image-45533\" src=\"http:\/\/akunq.net\/tr\/wp-content\/uploads\/2018\/03\/\u0546\u0578\u0582\u0580\u057b\u0561\u0576-\u0532\u0561\u0575\u057d\u0561\u056c-360x238.jpg\" alt=\"\" width=\"360\" height=\"238\" srcset=\"https:\/\/akunq.net\/tr\/wp-content\/uploads\/sites\/6\/2018\/03\/\u0546\u0578\u0582\u0580\u057b\u0561\u0576-\u0532\u0561\u0575\u057d\u0561\u056c-360x238.jpg 360w, https:\/\/akunq.net\/tr\/wp-content\/uploads\/sites\/6\/2018\/03\/\u0546\u0578\u0582\u0580\u057b\u0561\u0576-\u0532\u0561\u0575\u057d\u0561\u056c-560x370.jpg 560w, https:\/\/akunq.net\/tr\/wp-content\/uploads\/sites\/6\/2018\/03\/\u0546\u0578\u0582\u0580\u057b\u0561\u0576-\u0532\u0561\u0575\u057d\u0561\u056c-260x172.jpg 260w, https:\/\/akunq.net\/tr\/wp-content\/uploads\/sites\/6\/2018\/03\/\u0546\u0578\u0582\u0580\u057b\u0561\u0576-\u0532\u0561\u0575\u057d\u0561\u056c-160x106.jpg 160w, https:\/\/akunq.net\/tr\/wp-content\/uploads\/sites\/6\/2018\/03\/\u0546\u0578\u0582\u0580\u057b\u0561\u0576-\u0532\u0561\u0575\u057d\u0561\u056c.jpg 604w\" sizes=\"auto, (max-width: 360px) 100vw, 360px\" \/><\/a><\/p>\n<p><strong>Nurcan Baysal <\/strong><\/p>\n<p><strong><em>Beka laf\u0131n\u0131 ilk ne zaman duydu\u011fumu d\u00fc\u015f\u00fcn\u00fcyorum da bulam\u0131yorum. Kendimi bildim bileli var gibi geliyor bana. \u00d6zal, Demirel, \u00c7iller de s\u0131k s\u0131k bahsederlerdi T\u00fcrkiye\u2019nin beka sorunundan.<\/em><\/strong><\/p>\n<p>T\u00fcrk Dil Kurumu bekay\u0131 \u201ckal\u0131c\u0131l\u0131k, \u00f6lmezlik\u201d diye tan\u0131mlam\u0131\u015f. Bu \u00fclkenin bitmeyen bir \u00f6lmekten korkma, kal\u0131c\u0131l\u0131k sorunu var demek ki\u2026<\/p>\n<p>Kuruldu\u011fundan beri T\u00fcrkiye Cumhuriyetinin bekas\u0131 i\u00e7in yap\u0131lm\u0131\u015ft\u0131r her \u015fey. B\u00fct\u00fcn d\u00fcnya i\u015fini g\u00fcc\u00fcn\u00fc b\u0131rakm\u0131\u015f T\u00fcrkiye\u2019yi yok etmekle u\u011fra\u015fmaktad\u0131r. S\u00fcrekli yedi d\u00fcvele kar\u015f\u0131 m\u00fccadele edilmektedir.<\/p>\n<p>\u00dclkenin bekas\u0131 i\u00e7in \u00f6l\u00fcme y\u00fcr\u00fct\u00fclm\u00fc\u015ft\u00fcr Ermeniler. \u00dclkenin bekas\u0131 i\u00e7in s\u00fcr\u00fclm\u00fc\u015ft\u00fcr Rumlar, Yahudiler, bu \u00fclke dar edilmi\u015ftir T\u00fcrk olmayana. \u00dclkenin bekas\u0131 i\u00e7in Dersim \u201cbir fare gibi\u201d zehirlenmi\u015f, Mara\u015f \u201cAllah yoluna kesin \u201c diyerek ezilmi\u015ftir.<\/p>\n<p>\u00dclkenin bekas\u0131 i\u00e7in binlerce insan zindanlarda \u00e7\u00fcr\u00fct\u00fclm\u00fc\u015f, \u00fclkenin bekas\u0131 i\u00e7in \u00e7ocuklar ya\u015flar\u0131 b\u00fcy\u00fct\u00fclerek as\u0131lm\u0131\u015f, Mad\u0131mak\u2019ta \u015fairler, yazarlar yak\u0131lm\u0131\u015ft\u0131r.<\/p>\n<p>\u00c7ocuklu\u011fumda da s\u0131k s\u0131k duyard\u0131m \u201cbeka\u201d laf\u0131n\u0131. 1991 Temmuzunda Vedat Ayd\u0131n\u2019\u0131n cenaze t\u00f6reninde, hemen evimizin arkas\u0131nda, Surlar\u0131n \u00fczerinden taran\u0131rken Diyarbak\u0131rl\u0131lar, devlet b\u00fcy\u00fckleri beka sorunundan bahsediyorlard\u0131.<\/p>\n<p>1993\u2019te kom\u015fumuz Adnan amca k\u00fc\u00e7\u00fck bakkal\u0131nda \u00d6zg\u00fcr G\u00fcndem satt\u0131\u011f\u0131 i\u00e7in \u00f6ld\u00fcr\u00fcl\u00fcrken Demirel televizyonda \u201cher \u015fey T\u00fcrkiye\u2019nin bekas\u0131 i\u00e7in\u201d \u00a0diyordu. 3500 k\u00f6y bu \u00fclkenin bekas\u0131 i\u00e7in bo\u015falt\u0131l\u0131p yak\u0131l\u0131yordu.<\/p>\n<p>\u0130nsanlar yal\u0131nayak k\u00f6ylerinden \u00e7\u0131k\u0131p kentlerin \u00e7eperlerine s\u0131\u011f\u0131nmaya \u00e7al\u0131\u015f\u0131rken, \u00c7iller elinde \u201c\u00fclkenin bekas\u0131n\u0131 tehdit eden\u201d K\u00fcrt i\u015fadamlar\u0131n\u0131n listesi bas bas ba\u011f\u0131r\u0131yordu.<\/p>\n<p>Bu \u00fclkenin \u201cbekas\u0131 u\u011fruna\u201d bombalan\u0131yordu da\u011flar. Olur da devletin \u00e7\u00fcr\u00fcm\u00fc\u015fl\u00fc\u011f\u00fc Susurluk gibi fa\u015f ederse, \u201cbeka sorunu\u201d yine devreye sokuluyordu.<\/p>\n<p>Ne diyordu \u00c7iller Susurluk sonras\u0131: \u201cSusurluk olay\u0131n\u0131 sahipleniyoruz. \u00c7\u00fcnk\u00fc g\u00fcvenlik g\u00fc\u00e7lerinin ve devletin \u00e7ete il\u00e2n edilmesi, T\u00fcrkiye\u2019nin savunma refleksini zay\u0131flat\u0131yor, milletin b\u00fct\u00fcnl\u00fc\u011f\u00fcn\u00fc tehdit ediyor. Bu olay, d\u0131\u015f g\u00fc\u00e7lerin federal pl\u00e2nlar\u0131n\u0131 destekler\u201d. D\u0131\u015f g\u00fc\u00e7ler hep haz\u0131rd\u0131, t\u00fcm d\u00fcnya bu \u00fclkeyi yok etmeye \u00e7al\u0131\u015f\u0131yordu.<\/p>\n<p>Bir ara bu sefer ulusalc\u0131lar Avrupa Birli\u011fi adayl\u0131\u011f\u0131na \u201cT\u00fcrkiye\u2019nin bekas\u0131 i\u00e7in\u201d kar\u015f\u0131 \u00e7\u0131k\u0131yorlard\u0131. AB \u00fcyeli\u011fi \u00fclkeyi b\u00f6lebilirdi. Yarg\u0131lanan J\u0130TEM\u2019ciler de t\u00fcm cinayetleri, faili me\u00e7hulleri \u201cdevletin bekas\u0131 i\u00e7in\u201d i\u015flediklerini s\u00f6yl\u00fcyorlard\u0131.<\/p>\n<p>On y\u0131llar ge\u00e7ti. \u00dclkenin bekas\u0131 i\u00e7in on binler \u00f6ld\u00fc, on binlerce eve ate\u015f d\u00fc\u015ft\u00fc. \u00dclkenin gelece\u011fi sava\u015fa, bombalara, tanklara, toplara d\u00f6k\u00fcld\u00fc. Ama \u201cbeka sorunu\u201d bitmedi, bitemedi. \u00a0\u015eimdilerde \u201cdevletin bekas\u0131\u201d bir ki\u015fiye endeksli hale getirildi.<\/p>\n<p>Cumhurba\u015fkan\u0131 Erdo\u011fan \u201cBen gidersem devlet y\u0131k\u0131l\u0131r\u201d derken, iktidar da T\u00fcrkiye\u2019nin bekas\u0131 i\u00e7in ba\u015fkanl\u0131k sistemi gerekli diyor. Mesele elbette T\u00fcrkiye Cumhuriyetinin kendi istedikleri gibi bir otoriter devlet olarak bekas\u0131. As\u0131l korktuklar\u0131 kendilerinin yok edilmesi. Bu nedenle, iktidarlar\u0131n\u0131 sarsabilecek en ufak \u015feyi bile ezmek istiyorlar.<\/p>\n<p>\u015eimdi iktidar yine T\u00fcrkiye\u2019nin bekas\u0131 i\u00e7in m\u00fccadele etti\u011fini s\u00f6yl\u00fcyor. \u00dclkenin bekas\u0131 i\u00e7in OHAL neredeyse 2 y\u0131ld\u0131r s\u00fcrd\u00fcr\u00fcl\u00fcyor. \u00dclkenin bekas\u0131 i\u00e7in KHK\u2019lar \u00e7\u0131kar\u0131l\u0131yor, parlamento i\u015flevsiz hale getiriliyor.<\/p>\n<p>Y\u00fcz binlerce insan i\u015fsizli\u011fe, a\u00e7l\u0131\u011fa mahk\u00fbm ediliyor. Binlercesi \u00fclkeyi terk ederken Meri\u00e7\u2019te hayatlar\u0131 son buluyor. \u00dclkeyi d\u0131\u015f g\u00fc\u00e7lerle birlikte b\u00f6lmek, yok etmek isteyen \u201cter\u00f6rist\u201d gazeteciler, yazarlar, ayd\u0131nlar, siyaset\u00e7iler cezaevine t\u0131k\u0131l\u0131yor.<\/p>\n<p>Mezarl\u0131klar da bekay\u0131 tehdit etti\u011fi i\u00e7in bombalan\u0131yor, \u201cinsan insana yapamaz\u201d dedi\u011fimiz her \u015fey yap\u0131l\u0131yor. O s\u0131rada Cizre\u2019de \u00e7ocuk mezarl\u0131\u011f\u0131nda isimsiz mezarlar yat\u0131yor.<\/p>\n<p>Beka zilleri en y\u00fcksekten \u00e7al\u0131yor. Tek bir kur\u015fun at\u0131lmazken T\u00fcrkiye\u2019ye, \u00fclkenin bekas\u0131 i\u00e7in Afrin\u2019e giriliyor. Medya haz\u0131r olda halka Afrin\u2019deki \u201cter\u00f6ristleri\u201d anlat\u0131yor.<\/p>\n<p>Olur da hala \u201cama Afrin bizim topra\u011f\u0131m\u0131z de\u011fil\u201d diyecek olan olursa, daha s\u00f6z\u00fcn\u00fc s\u00f6yleyemeden cezaevine t\u0131k\u0131l\u0131yor. \u201cBar\u0131\u015f\u201d bekay\u0131 tehdit eden ana kelime haline geliyor.<\/p>\n<p>Beka i\u00e7in AKP-MHP se\u00e7im ittifak\u0131 d\u00fczenlemesi h\u0131zla yasala\u015f\u0131yor. Bah\u00e7eli birka\u00e7 g\u00fcn \u00f6nceki partisinin 12. B\u00fcy\u00fck genel kurulunda, \u201ctehlike hen\u00fcz ge\u00e7mi\u015f de\u011fil\u201d diye uyararak, \u015f\u00f6yle diyor:<\/p>\n<p>\u201cDuru\u015fumuz T\u00fcrkiye&#8217;dir, T\u00fcrkl\u00fckt\u00fcr, M\u00fcsl\u00fcman T\u00fcrk milletinin ta kendisidir. Vefa ise duru\u015fa manevi \u00f6z katan iman\u0131 asalettir\u2026 MHP demek \u015f\u00fchedaya vefa demektir, millete beka demektir. Beka, var olu\u015fumuzdur, payidarl\u0131\u011f\u0131m\u0131zd\u0131r (acep kimin payidarl\u0131\u011f\u0131, \u00fclkenin mi, kendi ve kendi gibi d\u00fc\u015f\u00fcnenlerin mi?) Sonsuzluk \u0131rma\u011f\u0131na ak\u0131\u015f\u0131m\u0131z\u0131n ana yata\u011f\u0131d\u0131r.<br \/>\nHem MHP hem de partisiyle birlikte Say\u0131n Cumhurba\u015fkan\u0131 Recep Tayyip Erdo\u011fan, k\u00fcresel ku\u015fatmaya al\u0131nd\u0131. Bu ku\u015fatmaya tesir d\u00fczeyi y\u00fcksek ilk vuru\u015f 15 Temmuz&#8217;da T\u00fcrk milleti taraf\u0131ndan ger\u00e7ekle\u015ftirilmi\u015ftir. \u0130kinci vuru\u015f 24 A\u011fustos 2016 F\u0131rat Kalkan\u0131 Harek\u00e2t\u0131, \u00fc\u00e7\u00fcnc\u00fcs\u00fc ise Zeytin Dal\u0131 Harek\u00e2t\u0131\u2019d\u0131r. Tehlike ge\u00e7ti mi? Asla.\u201d<\/p>\n<p>Bu \u00fclkenin kurulu\u015fundan bu yana neredeyse 100 y\u0131l ge\u00e7ti, ama g\u00fcne\u015fin alt\u0131nda yeni bir \u015fey yok! \u00dclkenin bekas\u0131 yine tehlike alt\u0131ndad\u0131r. Beka tehlikesi i\u00e7in Afrin\u2019e \u00d6SO\u2019cu gruplarla girilir. S\u0131rada daha Menbi\u00e7 vard\u0131r, Sincar vard\u0131r\u2026<\/p>\n<p>\u0130lerideki olu\u015facak beka tehlikesini bertaraf etmek i\u00e7in Afrin\u2019e vali atamak laz\u0131md\u0131r. Zaten \u00d6SO\u2019cular da bu devletin bekas\u0131 i\u00e7in sava\u015ftan ka\u00e7arak Afrin\u2019de kendine bir hayat kurmaya \u00e7al\u0131\u015fan insanlar\u0131n evlerini, d\u00fckk\u00e2nlar\u0131n\u0131 ya\u011fmadad\u0131r.<\/p>\n<p>Sonunda ne mi olur?<\/p>\n<p>O bitmeyen beka sorunu, bir \u00fclkenin haysiyetini, destek verdi\u011fi gruplar\u0131n kuca\u011f\u0131nda ta\u015f\u0131d\u0131klar\u0131 ket\u00e7ap, mayoneze d\u00f6n\u00fc\u015ft\u00fcr\u00fcr!<\/p>\n<p>Halbuki insanl\u0131\u011f\u0131n, insan olman\u0131n, toplum olman\u0131n bekas\u0131 ancak o toplumun insanlar\u0131 birbiriyle iyi ge\u00e7iniyorsa, o \u00fclkede ya\u015famaktan mutluluk duyuyorsa m\u00fcmk\u00fcnd\u00fcr.<\/p>\n<p>Kom\u015fular\u0131n\u0131n bakkal\u0131ndan ket\u00e7ap, mayonez \u00e7almakla de\u011fil; adil ticaret yapmakla, birbirini ziyaret etmekle, birlikte yas tutup, birlikte g\u00fcl\u00fcp e\u011flenmekle, birbirinin ya\u015fam\u0131na, haklar\u0131na sayg\u0131 g\u00f6stermekle olur.<\/p>\n<p><strong><em>https:\/\/ahvalnews.com\/tr\/kurt-sorunu\/bitmeyen-beka-sorunu<\/em><\/strong><\/p>\n","protected":false},"excerpt":{"rendered":"<p>Nurcan Baysal Beka laf\u0131n\u0131 ilk ne zaman duydu\u011fumu d\u00fc\u015f\u00fcn\u00fcyorum da bulam\u0131yorum. Kendimi bildim bileli var gibi geliyor bana. \u00d6zal, Demirel, \u00c7iller de s\u0131k s\u0131k bahsederlerdi T\u00fcrkiye\u2019nin beka sorunundan. T\u00fcrk Dil Kurumu bekay\u0131 \u201ckal\u0131c\u0131l\u0131k, \u00f6lmezlik\u201d diye tan\u0131mlam\u0131\u015f. Bu \u00fclkenin bitmeyen bir \u00f6lmekten korkma, kal\u0131c\u0131l\u0131k sorunu var demek ki\u2026 Kuruldu\u011fundan beri T\u00fcrkiye Cumhuriyetinin bekas\u0131 i\u00e7in yap\u0131lm\u0131\u015ft\u0131r her [&hellip;]<\/p>\n","protected":false},"author":7,"featured_media":45534,"comment_status":"open","ping_status":"open","sticky":false,"template":"","format":"standard","meta":{"footnotes":""},"categories":[1,70,53],"tags":[],"class_list":["post-45532","post","type-post","status-publish","format-standard","has-post-thumbnail","hentry","category-haberler","category-makaleler","category-turkiyede-azinliklar"],"yoast_head":"<!-- This site is optimized with the Yoast SEO plugin v27.4 - https:\/\/yoast.com\/product\/yoast-seo-wordpress\/ -->\n<title>Bitmeyen beka sorun - Bati Ermenistan Ve Bati Ermenileri Sorunlari Ara\u015ftirmalar Merkezi<\/title>\n<meta name=\"robots\" content=\"index, follow, max-snippet:-1, max-image-preview:large, max-video-preview:-1\" \/>\n<link rel=\"canonical\" href=\"https:\/\/akunq.net\/tr\/?p=45532\" \/>\n<meta property=\"og:locale\" content=\"en_US\" \/>\n<meta property=\"og:type\" content=\"article\" \/>\n<meta property=\"og:title\" content=\"Bitmeyen beka sorun - Bati Ermenistan Ve Bati Ermenileri Sorunlari Ara\u015ftirmalar Merkezi\" \/>\n<meta property=\"og:description\" content=\"Nurcan Baysal Beka laf\u0131n\u0131 ilk ne zaman duydu\u011fumu d\u00fc\u015f\u00fcn\u00fcyorum da bulam\u0131yorum. Kendimi bildim bileli var gibi geliyor bana. \u00d6zal, Demirel, \u00c7iller de s\u0131k s\u0131k bahsederlerdi T\u00fcrkiye\u2019nin beka sorunundan. T\u00fcrk Dil Kurumu bekay\u0131 \u201ckal\u0131c\u0131l\u0131k, \u00f6lmezlik\u201d diye tan\u0131mlam\u0131\u015f. Bu \u00fclkenin bitmeyen bir \u00f6lmekten korkma, kal\u0131c\u0131l\u0131k sorunu var demek ki\u2026 Kuruldu\u011fundan beri T\u00fcrkiye Cumhuriyetinin bekas\u0131 i\u00e7in yap\u0131lm\u0131\u015ft\u0131r her [&hellip;]\" \/>\n<meta property=\"og:url\" content=\"https:\/\/akunq.net\/tr\/?p=45532\" \/>\n<meta property=\"og:site_name\" content=\"Bati Ermenistan Ve Bati Ermenileri Sorunlari Ara\u015ftirmalar Merkezi\" \/>\n<meta property=\"article:published_time\" content=\"2018-03-28T07:57:03+00:00\" \/>\n<meta property=\"og:image\" content=\"https:\/\/akunq.net\/tr\/wp-content\/uploads\/sites\/6\/2018\/03\/\u0546\u0578\u0582\u0580\u057b\u0561\u0576-\u0532\u0561\u0575\u057d\u0561\u056c-1.jpg\" \/>\n\t<meta property=\"og:image:width\" content=\"604\" \/>\n\t<meta property=\"og:image:height\" content=\"399\" \/>\n\t<meta property=\"og:image:type\" content=\"image\/jpeg\" \/>\n<meta name=\"author\" content=\"admin\" \/>\n<meta name=\"twitter:card\" content=\"summary_large_image\" \/>\n<meta name=\"twitter:label1\" content=\"Written by\" \/>\n\t<meta name=\"twitter:data1\" content=\"admin\" \/>\n\t<meta name=\"twitter:label2\" content=\"Est. reading time\" \/>\n\t<meta name=\"twitter:data2\" content=\"5 minutes\" \/>\n<script type=\"application\/ld+json\" class=\"yoast-schema-graph\">{\"@context\":\"https:\\\/\\\/schema.org\",\"@graph\":[{\"@type\":\"Article\",\"@id\":\"https:\\\/\\\/akunq.net\\\/tr\\\/?p=45532#article\",\"isPartOf\":{\"@id\":\"https:\\\/\\\/akunq.net\\\/tr\\\/?p=45532\"},\"author\":{\"name\":\"admin\",\"@id\":\"https:\\\/\\\/akunq.net\\\/tr\\\/#\\\/schema\\\/person\\\/096f1d38a12cce57fb855b485ed24c9e\"},\"headline\":\"Bitmeyen beka sorun\",\"datePublished\":\"2018-03-28T07:57:03+00:00\",\"mainEntityOfPage\":{\"@id\":\"https:\\\/\\\/akunq.net\\\/tr\\\/?p=45532\"},\"wordCount\":1085,\"commentCount\":0,\"image\":{\"@id\":\"https:\\\/\\\/akunq.net\\\/tr\\\/?p=45532#primaryimage\"},\"thumbnailUrl\":\"https:\\\/\\\/akunq.net\\\/tr\\\/wp-content\\\/uploads\\\/sites\\\/6\\\/2018\\\/03\\\/\u0546\u0578\u0582\u0580\u057b\u0561\u0576-\u0532\u0561\u0575\u057d\u0561\u056c-1.jpg\",\"articleSection\":[\"Haberler\",\"Makaleler\",\"T\u00fcrkiye\u2019de Az\u0131nl\u0131klar\"],\"inLanguage\":\"en-US\",\"potentialAction\":[{\"@type\":\"CommentAction\",\"name\":\"Comment\",\"target\":[\"https:\\\/\\\/akunq.net\\\/tr\\\/?p=45532#respond\"]}]},{\"@type\":\"WebPage\",\"@id\":\"https:\\\/\\\/akunq.net\\\/tr\\\/?p=45532\",\"url\":\"https:\\\/\\\/akunq.net\\\/tr\\\/?p=45532\",\"name\":\"Bitmeyen beka sorun - Bati Ermenistan Ve Bati Ermenileri Sorunlari Ara\u015ftirmalar Merkezi\",\"isPartOf\":{\"@id\":\"https:\\\/\\\/akunq.net\\\/tr\\\/#website\"},\"primaryImageOfPage\":{\"@id\":\"https:\\\/\\\/akunq.net\\\/tr\\\/?p=45532#primaryimage\"},\"image\":{\"@id\":\"https:\\\/\\\/akunq.net\\\/tr\\\/?p=45532#primaryimage\"},\"thumbnailUrl\":\"https:\\\/\\\/akunq.net\\\/tr\\\/wp-content\\\/uploads\\\/sites\\\/6\\\/2018\\\/03\\\/\u0546\u0578\u0582\u0580\u057b\u0561\u0576-\u0532\u0561\u0575\u057d\u0561\u056c-1.jpg\",\"datePublished\":\"2018-03-28T07:57:03+00:00\",\"author\":{\"@id\":\"https:\\\/\\\/akunq.net\\\/tr\\\/#\\\/schema\\\/person\\\/096f1d38a12cce57fb855b485ed24c9e\"},\"breadcrumb\":{\"@id\":\"https:\\\/\\\/akunq.net\\\/tr\\\/?p=45532#breadcrumb\"},\"inLanguage\":\"en-US\",\"potentialAction\":[{\"@type\":\"ReadAction\",\"target\":[\"https:\\\/\\\/akunq.net\\\/tr\\\/?p=45532\"]}]},{\"@type\":\"ImageObject\",\"inLanguage\":\"en-US\",\"@id\":\"https:\\\/\\\/akunq.net\\\/tr\\\/?p=45532#primaryimage\",\"url\":\"https:\\\/\\\/akunq.net\\\/tr\\\/wp-content\\\/uploads\\\/sites\\\/6\\\/2018\\\/03\\\/\u0546\u0578\u0582\u0580\u057b\u0561\u0576-\u0532\u0561\u0575\u057d\u0561\u056c-1.jpg\",\"contentUrl\":\"https:\\\/\\\/akunq.net\\\/tr\\\/wp-content\\\/uploads\\\/sites\\\/6\\\/2018\\\/03\\\/\u0546\u0578\u0582\u0580\u057b\u0561\u0576-\u0532\u0561\u0575\u057d\u0561\u056c-1.jpg\",\"width\":604,\"height\":399},{\"@type\":\"BreadcrumbList\",\"@id\":\"https:\\\/\\\/akunq.net\\\/tr\\\/?p=45532#breadcrumb\",\"itemListElement\":[{\"@type\":\"ListItem\",\"position\":1,\"name\":\"Home\",\"item\":\"https:\\\/\\\/akunq.net\\\/tr\"},{\"@type\":\"ListItem\",\"position\":2,\"name\":\"Bitmeyen beka sorun\"}]},{\"@type\":\"WebSite\",\"@id\":\"https:\\\/\\\/akunq.net\\\/tr\\\/#website\",\"url\":\"https:\\\/\\\/akunq.net\\\/tr\\\/\",\"name\":\"Bati Ermenistan Ve Bati Ermenileri Sorunlari Ara\u015ftirmalar Merkezi\",\"description\":\"\",\"potentialAction\":[{\"@type\":\"SearchAction\",\"target\":{\"@type\":\"EntryPoint\",\"urlTemplate\":\"https:\\\/\\\/akunq.net\\\/tr\\\/?s={search_term_string}\"},\"query-input\":{\"@type\":\"PropertyValueSpecification\",\"valueRequired\":true,\"valueName\":\"search_term_string\"}}],\"inLanguage\":\"en-US\"},{\"@type\":\"Person\",\"@id\":\"https:\\\/\\\/akunq.net\\\/tr\\\/#\\\/schema\\\/person\\\/096f1d38a12cce57fb855b485ed24c9e\",\"name\":\"admin\",\"url\":\"https:\\\/\\\/akunq.net\\\/tr\\\/?author=7\"}]}<\/script>\n<!-- \/ Yoast SEO plugin. -->","yoast_head_json":{"title":"Bitmeyen beka sorun - Bati Ermenistan Ve Bati Ermenileri Sorunlari Ara\u015ftirmalar Merkezi","robots":{"index":"index","follow":"follow","max-snippet":"max-snippet:-1","max-image-preview":"max-image-preview:large","max-video-preview":"max-video-preview:-1"},"canonical":"https:\/\/akunq.net\/tr\/?p=45532","og_locale":"en_US","og_type":"article","og_title":"Bitmeyen beka sorun - Bati Ermenistan Ve Bati Ermenileri Sorunlari Ara\u015ftirmalar Merkezi","og_description":"Nurcan Baysal Beka laf\u0131n\u0131 ilk ne zaman duydu\u011fumu d\u00fc\u015f\u00fcn\u00fcyorum da bulam\u0131yorum. Kendimi bildim bileli var gibi geliyor bana. \u00d6zal, Demirel, \u00c7iller de s\u0131k s\u0131k bahsederlerdi T\u00fcrkiye\u2019nin beka sorunundan. T\u00fcrk Dil Kurumu bekay\u0131 \u201ckal\u0131c\u0131l\u0131k, \u00f6lmezlik\u201d diye tan\u0131mlam\u0131\u015f. Bu \u00fclkenin bitmeyen bir \u00f6lmekten korkma, kal\u0131c\u0131l\u0131k sorunu var demek ki\u2026 Kuruldu\u011fundan beri T\u00fcrkiye Cumhuriyetinin bekas\u0131 i\u00e7in yap\u0131lm\u0131\u015ft\u0131r her [&hellip;]","og_url":"https:\/\/akunq.net\/tr\/?p=45532","og_site_name":"Bati Ermenistan Ve Bati Ermenileri Sorunlari Ara\u015ftirmalar Merkezi","article_published_time":"2018-03-28T07:57:03+00:00","og_image":[{"width":604,"height":399,"url":"https:\/\/akunq.net\/tr\/wp-content\/uploads\/sites\/6\/2018\/03\/\u0546\u0578\u0582\u0580\u057b\u0561\u0576-\u0532\u0561\u0575\u057d\u0561\u056c-1.jpg","type":"image\/jpeg"}],"author":"admin","twitter_card":"summary_large_image","twitter_misc":{"Written by":"admin","Est. reading time":"5 minutes"},"schema":{"@context":"https:\/\/schema.org","@graph":[{"@type":"Article","@id":"https:\/\/akunq.net\/tr\/?p=45532#article","isPartOf":{"@id":"https:\/\/akunq.net\/tr\/?p=45532"},"author":{"name":"admin","@id":"https:\/\/akunq.net\/tr\/#\/schema\/person\/096f1d38a12cce57fb855b485ed24c9e"},"headline":"Bitmeyen beka sorun","datePublished":"2018-03-28T07:57:03+00:00","mainEntityOfPage":{"@id":"https:\/\/akunq.net\/tr\/?p=45532"},"wordCount":1085,"commentCount":0,"image":{"@id":"https:\/\/akunq.net\/tr\/?p=45532#primaryimage"},"thumbnailUrl":"https:\/\/akunq.net\/tr\/wp-content\/uploads\/sites\/6\/2018\/03\/\u0546\u0578\u0582\u0580\u057b\u0561\u0576-\u0532\u0561\u0575\u057d\u0561\u056c-1.jpg","articleSection":["Haberler","Makaleler","T\u00fcrkiye\u2019de Az\u0131nl\u0131klar"],"inLanguage":"en-US","potentialAction":[{"@type":"CommentAction","name":"Comment","target":["https:\/\/akunq.net\/tr\/?p=45532#respond"]}]},{"@type":"WebPage","@id":"https:\/\/akunq.net\/tr\/?p=45532","url":"https:\/\/akunq.net\/tr\/?p=45532","name":"Bitmeyen beka sorun - Bati Ermenistan Ve Bati Ermenileri Sorunlari Ara\u015ftirmalar Merkezi","isPartOf":{"@id":"https:\/\/akunq.net\/tr\/#website"},"primaryImageOfPage":{"@id":"https:\/\/akunq.net\/tr\/?p=45532#primaryimage"},"image":{"@id":"https:\/\/akunq.net\/tr\/?p=45532#primaryimage"},"thumbnailUrl":"https:\/\/akunq.net\/tr\/wp-content\/uploads\/sites\/6\/2018\/03\/\u0546\u0578\u0582\u0580\u057b\u0561\u0576-\u0532\u0561\u0575\u057d\u0561\u056c-1.jpg","datePublished":"2018-03-28T07:57:03+00:00","author":{"@id":"https:\/\/akunq.net\/tr\/#\/schema\/person\/096f1d38a12cce57fb855b485ed24c9e"},"breadcrumb":{"@id":"https:\/\/akunq.net\/tr\/?p=45532#breadcrumb"},"inLanguage":"en-US","potentialAction":[{"@type":"ReadAction","target":["https:\/\/akunq.net\/tr\/?p=45532"]}]},{"@type":"ImageObject","inLanguage":"en-US","@id":"https:\/\/akunq.net\/tr\/?p=45532#primaryimage","url":"https:\/\/akunq.net\/tr\/wp-content\/uploads\/sites\/6\/2018\/03\/\u0546\u0578\u0582\u0580\u057b\u0561\u0576-\u0532\u0561\u0575\u057d\u0561\u056c-1.jpg","contentUrl":"https:\/\/akunq.net\/tr\/wp-content\/uploads\/sites\/6\/2018\/03\/\u0546\u0578\u0582\u0580\u057b\u0561\u0576-\u0532\u0561\u0575\u057d\u0561\u056c-1.jpg","width":604,"height":399},{"@type":"BreadcrumbList","@id":"https:\/\/akunq.net\/tr\/?p=45532#breadcrumb","itemListElement":[{"@type":"ListItem","position":1,"name":"Home","item":"https:\/\/akunq.net\/tr"},{"@type":"ListItem","position":2,"name":"Bitmeyen beka sorun"}]},{"@type":"WebSite","@id":"https:\/\/akunq.net\/tr\/#website","url":"https:\/\/akunq.net\/tr\/","name":"Bati Ermenistan Ve Bati Ermenileri Sorunlari Ara\u015ftirmalar Merkezi","description":"","potentialAction":[{"@type":"SearchAction","target":{"@type":"EntryPoint","urlTemplate":"https:\/\/akunq.net\/tr\/?s={search_term_string}"},"query-input":{"@type":"PropertyValueSpecification","valueRequired":true,"valueName":"search_term_string"}}],"inLanguage":"en-US"},{"@type":"Person","@id":"https:\/\/akunq.net\/tr\/#\/schema\/person\/096f1d38a12cce57fb855b485ed24c9e","name":"admin","url":"https:\/\/akunq.net\/tr\/?author=7"}]}},"_links":{"self":[{"href":"https:\/\/akunq.net\/tr\/index.php?rest_route=\/wp\/v2\/posts\/45532","targetHints":{"allow":["GET"]}}],"collection":[{"href":"https:\/\/akunq.net\/tr\/index.php?rest_route=\/wp\/v2\/posts"}],"about":[{"href":"https:\/\/akunq.net\/tr\/index.php?rest_route=\/wp\/v2\/types\/post"}],"author":[{"embeddable":true,"href":"https:\/\/akunq.net\/tr\/index.php?rest_route=\/wp\/v2\/users\/7"}],"replies":[{"embeddable":true,"href":"https:\/\/akunq.net\/tr\/index.php?rest_route=%2Fwp%2Fv2%2Fcomments&post=45532"}],"version-history":[{"count":1,"href":"https:\/\/akunq.net\/tr\/index.php?rest_route=\/wp\/v2\/posts\/45532\/revisions"}],"predecessor-version":[{"id":45535,"href":"https:\/\/akunq.net\/tr\/index.php?rest_route=\/wp\/v2\/posts\/45532\/revisions\/45535"}],"wp:featuredmedia":[{"embeddable":true,"href":"https:\/\/akunq.net\/tr\/index.php?rest_route=\/wp\/v2\/media\/45534"}],"wp:attachment":[{"href":"https:\/\/akunq.net\/tr\/index.php?rest_route=%2Fwp%2Fv2%2Fmedia&parent=45532"}],"wp:term":[{"taxonomy":"category","embeddable":true,"href":"https:\/\/akunq.net\/tr\/index.php?rest_route=%2Fwp%2Fv2%2Fcategories&post=45532"},{"taxonomy":"post_tag","embeddable":true,"href":"https:\/\/akunq.net\/tr\/index.php?rest_route=%2Fwp%2Fv2%2Ftags&post=45532"}],"curies":[{"name":"wp","href":"https:\/\/api.w.org\/{rel}","templated":true}]}}