{"id":43069,"date":"2016-12-10T02:19:41","date_gmt":"2016-12-10T07:19:41","guid":{"rendered":"http:\/\/akunq.net\/tr\/?p=43069"},"modified":"2016-12-10T02:19:41","modified_gmt":"2016-12-10T07:19:41","slug":"gavura-gavur-deme-meselesi","status":"publish","type":"post","link":"https:\/\/akunq.net\/tr\/?p=43069","title":{"rendered":"\u2018G\u00e2vura g\u00e2vur deme\u2019 meselesi"},"content":{"rendered":"<p style=\"text-align: justify;\"><a href=\"http:\/\/www.agos.com.tr\/tr\/yazar\/20\/yetvart-danzikyan\"><strong><a href=\"http:\/\/akunq.net\/tr\/?attachment_id=43070\" rel=\"attachment wp-att-43070\"><img loading=\"lazy\" decoding=\"async\" class=\"alignright size-medium wp-image-43070\" src=\"http:\/\/akunq.net\/tr\/wp-content\/uploads\/2016\/12\/\u0535\u0564\u057e\u0561\u0580\u0564-\u054f\u0561\u0576\u0571\u056b\u056f\u0575\u0561\u0576-360x238.jpg\" alt=\"%d5%a5%d5%a4%d5%be%d5%a1%d6%80%d5%a4-%d5%bf%d5%a1%d5%b6%d5%b1%d5%ab%d5%af%d5%b5%d5%a1%d5%b6\" width=\"360\" height=\"238\" srcset=\"https:\/\/akunq.net\/tr\/wp-content\/uploads\/sites\/6\/2016\/12\/\u0535\u0564\u057e\u0561\u0580\u0564-\u054f\u0561\u0576\u0571\u056b\u056f\u0575\u0561\u0576-360x238.jpg 360w, https:\/\/akunq.net\/tr\/wp-content\/uploads\/sites\/6\/2016\/12\/\u0535\u0564\u057e\u0561\u0580\u0564-\u054f\u0561\u0576\u0571\u056b\u056f\u0575\u0561\u0576-560x370.jpg 560w, https:\/\/akunq.net\/tr\/wp-content\/uploads\/sites\/6\/2016\/12\/\u0535\u0564\u057e\u0561\u0580\u0564-\u054f\u0561\u0576\u0571\u056b\u056f\u0575\u0561\u0576-260x172.jpg 260w, https:\/\/akunq.net\/tr\/wp-content\/uploads\/sites\/6\/2016\/12\/\u0535\u0564\u057e\u0561\u0580\u0564-\u054f\u0561\u0576\u0571\u056b\u056f\u0575\u0561\u0576-160x106.jpg 160w, https:\/\/akunq.net\/tr\/wp-content\/uploads\/sites\/6\/2016\/12\/\u0535\u0564\u057e\u0561\u0580\u0564-\u054f\u0561\u0576\u0571\u056b\u056f\u0575\u0561\u0576.jpg 604w\" sizes=\"auto, (max-width: 360px) 100vw, 360px\" \/><\/a>Yetvart Danzikyan<\/strong><\/a><strong>\u00a0<\/strong><\/p>\n<p style=\"text-align: justify;\"><strong><em>Ba\u015fbakan Yard\u0131mc\u0131s\u0131 Numan Kurtulmu\u015f\u2019un \u201cBizim i\u00e7in ba\u011f\u0131ms\u0131zl\u0131k g\u00e2vura \u2018g\u00e2vur\u2019 demektir\u201d a\u00e7\u0131klamas\u0131 bir \u00e7oklar\u0131m\u0131z\u0131 irkiltti. Kurtulmu\u015f bu s\u00f6z\u00fcyle gayrim\u00fcslimleri kastetmedi\u011fini \u00f6ne s\u00fcr\u00fcyor. Bir bakal\u0131m, tam olarak ne demi\u015f?<\/em><\/strong><\/p>\n<p style=\"text-align: justify;\">\u201cBiz, bu millet, bu topraklar\u0131n M\u00fcsl\u00fcmanlar\u0131 nas\u0131l d\u00fc\u015f\u00fcn\u00fcrse \u00f6yle d\u00fc\u015f\u00fcn\u00fcyoruz. Bizim bu ba\u011f\u0131ms\u0131zl\u0131k meselesini ciddiye almam\u0131z laz\u0131m. Bizim i\u00e7in ba\u011f\u0131ms\u0131zl\u0131k g\u00e2vura \u2018g\u00e2vur\u2019 diyerek kar\u015f\u0131s\u0131na dikilebilmektir. \u00c7anakkale\u2019de yoksa direnemezdik. G\u00e2vur, gayrim\u00fcslime verilen isim de\u011fildir, bizim l\u00fcgatimizde. Bizim l\u00fcgatimizde g\u00e2vur despota, zalime, insanlara kar\u015f\u0131 zul\u00fcm edene, emperyaliste verilen isimdir. Bu topraklarda iktisadi ve siyasi ba\u011f\u0131ms\u0131zl\u0131\u011f\u0131m\u0131z i\u00e7in s\u00f6yl\u00fcyorum. Biz Allah\u2019\u0131 bir bilir, Allah\u2019tan ba\u015fka kimsenin kar\u015f\u0131s\u0131nda e\u011filmeyiz, diz \u00e7\u00f6kmeyiz.\u201d<\/p>\n<p style=\"text-align: justify;\">\u015eu kadar maceradan sonra h\u00e2l\u00e2, yani 2016 y\u0131l\u0131nda, bir h\u00fck\u00fcmet yetkilisinin bu s\u00f6zleriyle kar\u015f\u0131 kar\u015f\u0131ya kalmam\u0131za ne demeli? \u2018G\u00e2vur\u2019un ne manaya geldi\u011fini herhalde hepimiz biliyoruz. \u0130lk olarak \u015funu s\u00f6ylememiz laz\u0131m: \u2018G\u00e2vur\u2019 despota, zalime, emperyaliste verilen isim ise, neden \u2018despot\u2019, \u2018zalim\u2019 ya da \u2018emperyalist\u2019 demiyorsunuz? Bu tan\u0131mlamalar neden eksik kal\u0131yor da \u2018g\u00e2vur\u2019 deme ihtiyac\u0131 hissediyorsunuz? Ayr\u0131ca sizin l\u00fcgatiniz nedir? T\u00fcrkiye\u2019de konu\u015fulan ve anla\u015f\u0131lan dilden ayr\u0131 bir l\u00fcgatiniz daha m\u0131 var AKP olarak? Ya da kim olarak? AKP i\u00e7inde k\u00fc\u00e7\u00fck bir grup musunuz? Siz \u00f6yle deseniz bile bu kelimenin ne manaya geldi\u011fi belli. \u015eunu yapsayd\u0131n\u0131z anlard\u0131m, \u201cBundan sonra kimseye \u2018g\u00e2vur\u2019 denmeyecek\u201d. S\u00f6ylenen, istenen bu de\u011fil, tam tersine \u2018g\u00e2vur\u2019 kelimesini daha da fazla dola\u015f\u0131ma sokmak, bol bol, ferah ferah, \u015f\u00f6yle \u00e7a\u011flayanlar gibi kullanmak. Biri bir \u015fey deyince de \u201cYok can\u0131m, biz onu kastetmedik.\u201d \u0130nan\u0131rsan\u0131z&#8230;<\/p>\n<p style=\"text-align: justify;\">Yine de d\u00f6n\u00fcp d\u00f6n\u00fcp tekrar o a\u00e7\u0131klamaya bakmadan edemiyorum. Despota, zalime, emperyaliste verilen isimmi\u015f. E peki, o zaman bakal\u0131m m\u0131 T\u00fcrkiye ve Osmanl\u0131 tarihine? Sizce zul\u00fcm ve despotluk Osmanl\u0131 tarihinde hi\u00e7 yok muydu say\u0131n Kurtulmu\u015f? \u2018Fetih\u2019 denen i\u015fgaller hep r\u0131za ile mi yap\u0131ld\u0131? B\u0131rak\u0131n ba\u015fka milletleri, Osmanl\u0131 kendi insanlar\u0131na az m\u0131 zul\u00fcm yapt\u0131? B\u0131rak\u0131n kendi insanlar\u0131n\u0131, sultanlar kendi karde\u015flerini bile, kimi zaman tek seferde onlarcas\u0131n\u0131 birden, bo\u011fdurmad\u0131 m\u0131? Bilhassa Osmanl\u0131\u2019n\u0131n son d\u00f6nemlerine, yani Abd\u00fclhamit d\u00f6nemine damga vuran katliamlar\u0131 ne yapaca\u011f\u0131z mesela? 1915\u2019i, 1938\u2019i saym\u0131yorum bile.<\/p>\n<p style=\"text-align: justify;\">Keza emperyalizm. Evet, daha \u00e7ok 20. y\u00fczy\u0131lda kullan\u0131ma girmi\u015f bir kavramd\u0131r, ama ne kastetti\u011fi bellidir. \u00c7ok \u00e7ok basit\u00e7e, b\u00fcy\u00fck devletlerin yabanc\u0131 topraklarda s\u00f6m\u00fcrge kurmas\u0131 ve bunu ekonomik\/insani olarak da sistematik hale getirmesi . Peki, bu kavram neden sadece Bat\u0131l\u0131 \u00fclkelere mahsus bir kavram oluyor? Ba\u015fka bir \u00fclkeyi i\u015fgal edip s\u00f6m\u00fcrge haline getirmek neden sadece Bat\u0131\u2019ya \u00f6zg\u00fc oluyor? Evet, Bat\u0131\u2019n\u0131n bu konudaki sicili korkun\u00e7tur ancak mesela Osmanl\u0131 bu konuda s\u00fctten \u00e7\u0131km\u0131\u015f ak ka\u015f\u0131k m\u0131d\u0131r? O kadar isyan neden patlak verdi Osmanl\u0131 co\u011frafyas\u0131nda? Osmanl\u0131\u2019ya da m\u0131 \u2018g\u00e2vur\u2019 diyeceksiniz?<\/p>\n<p style=\"text-align: justify;\">Gelelim \u015fu ba\u011f\u0131ms\u0131zl\u0131k meselesine. Yani ba\u011f\u0131ms\u0131zl\u0131k g\u00e2vura \u2018g\u00e2vur\u2019 demekmi\u015f. O da bir tuhaf. \u00d6ncelikle, ba\u011f\u0131ms\u0131z de\u011fil misiniz? Bildi\u011fim kadar\u0131yla T\u00fcrkiye ba\u011f\u0131ms\u0131z bir \u00fclke. \u0130kincisi, bug\u00fcne kadar sizin anlad\u0131\u011f\u0131n\u0131z ya da anlamad\u0131\u011f\u0131n\u0131z bi\u00e7imde g\u00e2vura \u2018g\u00e2vur\u2019 deme konusunda bir s\u0131k\u0131nt\u0131 m\u0131 ya\u015fad\u0131n\u0131z? Hay\u0131r, az \u00f6nce bahsetti\u011fim gibi, g\u00fcr\u00fcl g\u00fcr\u00fcl s\u00f6ylediniz, kimse de size \u201cNe diyorsun?\u201d demedi. Ha, belki Tanzimat Ferman\u0131\u2019na g\u00f6nderme yap\u0131yorsunuz, hani halk aras\u0131nda \u201cArt\u0131k g\u00e2vura \u2018g\u00e2vur\u2019 demek yasak\u201d diye anla\u015f\u0131ld\u0131\u011f\u0131 rivayet edilen padi\u015fah ferman\u0131. Bunun neresi k\u00f6t\u00fc? O \u00e7ok \u00f6v\u00fcnd\u00fc\u011f\u00fcn\u00fcz Ermeni pa\u015falar, Rum pa\u015falar ancak Tanzimat\u2019tan sonra g\u00f6rev almad\u0131lar m\u0131, Osmanl\u0131 y\u00f6netiminde?<\/p>\n<p style=\"text-align: justify;\">Bir de \u00c7anakkale meselesi&#8230; B\u00fct\u00fcn Avrupa\u2019n\u0131n birbiriyle bo\u011fazla\u015ft\u0131\u011f\u0131 sava\u015f\u0131n, 1. D\u00fcnya Sava\u015f\u0131\u2019n\u0131n bir cephesidir asl\u0131nda bu. Mesela yine 1. D\u00fcnya Sava\u015f\u0131\u2019nda Almanlar ile Frans\u0131zlar aras\u0131nda cereyan eden sava\u015f da az kanl\u0131 de\u011fildi. Hatta ilk kimyasal silahlar\u0131n o cephede kullan\u0131ld\u0131\u011f\u0131 bilinir. T\u00fcrkiye de bu sava\u015fa bilerek, g\u00f6n\u00fcll\u00fc olarak girdi. \u015eimdi buradan \u2018g\u00e2vura g\u00e2vur deme\u2019 meselesi nas\u0131l \u00e7\u0131k\u0131yor? Ba\u015fl\u0131 ba\u015f\u0131na bir dosya bu \u00c7anakkale meselesi zaten.<\/p>\n<p style=\"text-align: justify;\">Son olarak gelelim \u201cBiz, bu millet, bu topraklar\u0131n M\u00fcsl\u00fcmanlar\u0131 nas\u0131l d\u00fc\u015f\u00fcn\u00fcrse \u00f6yle d\u00fc\u015f\u00fcn\u00fcyoruz\u201d \u015feklindeki s\u00f6zlerinize. Bu devlet kimin devletidir Allah a\u015fk\u0131na? Bir onu s\u00f6yleyin de bilelim. Sadece bu topraklardaki M\u00fcsl\u00fcmanlar\u0131n devleti midir, yoksa S\u00fcnni\u2019siyle, Alevi\u2019siyle, H\u0131ristiyan\u0131\u2019yla, Yahudi\u2019siyle, Ezidi\u2019siyle, inanmayan\u0131yla bu topraklar \u00fczerinde ya\u015fam\u0131\u015f ve ya\u015fayan herkesin devleti midir? Herhalde ikincisi olmal\u0131d\u0131r ve zaten bir y\u00f6netim bi\u00e7imini bir dinle tan\u0131mlamak da Cumhuriyet gelene\u011finde yoktur. Yani, olmasa gerektir.<\/p>\n<p style=\"text-align: justify;\">Uzatmayaca\u011f\u0131m. S\u00f6yleyece\u011fim \u015fudur: Bu topraklarda ya\u015fayan herkesin devleti olun. \u0130nsanlar\u0131n zihninde k\u00f6t\u00fc, olumsuz, a\u015fa\u011f\u0131lay\u0131c\u0131, d\u00fc\u015fmanla\u015ft\u0131r\u0131c\u0131 \u00e7a\u011fr\u0131\u015f\u0131mlar ta\u015f\u0131yan kelimeleri sevimlile\u015ftirmeye, onlar\u0131 yeniden ba\u015fka bir vesileyle dola\u015f\u0131ma sokmaya \u00e7al\u0131\u015fmay\u0131n. Nefret b\u00f6yle b\u00f6yle \u00f6r\u00fcl\u00fcyor toplumda. Zaten \u00f6r\u00fclece\u011fi kadar \u00f6r\u00fcld\u00fc bug\u00fcne kadar. Herkes \u015fu ya da bu \u00e7apta bunun ceremesini \u00e7ekti.<\/p>\n<p style=\"text-align: justify;\"><strong><em>http:\/\/www.agos.com.tr\/tr\/yazi\/17201\/gvura-gvur-deme-meselesi<\/em><\/strong><\/p>\n","protected":false},"excerpt":{"rendered":"<p>Yetvart Danzikyan\u00a0 Ba\u015fbakan Yard\u0131mc\u0131s\u0131 Numan Kurtulmu\u015f\u2019un \u201cBizim i\u00e7in ba\u011f\u0131ms\u0131zl\u0131k g\u00e2vura \u2018g\u00e2vur\u2019 demektir\u201d a\u00e7\u0131klamas\u0131 bir \u00e7oklar\u0131m\u0131z\u0131 irkiltti. Kurtulmu\u015f bu s\u00f6z\u00fcyle gayrim\u00fcslimleri kastetmedi\u011fini \u00f6ne s\u00fcr\u00fcyor. Bir bakal\u0131m, tam olarak ne demi\u015f? \u201cBiz, bu millet, bu topraklar\u0131n M\u00fcsl\u00fcmanlar\u0131 nas\u0131l d\u00fc\u015f\u00fcn\u00fcrse \u00f6yle d\u00fc\u015f\u00fcn\u00fcyoruz. Bizim bu ba\u011f\u0131ms\u0131zl\u0131k meselesini ciddiye almam\u0131z laz\u0131m. Bizim i\u00e7in ba\u011f\u0131ms\u0131zl\u0131k g\u00e2vura \u2018g\u00e2vur\u2019 diyerek kar\u015f\u0131s\u0131na dikilebilmektir. \u00c7anakkale\u2019de [&hellip;]<\/p>\n","protected":false},"author":7,"featured_media":43070,"comment_status":"open","ping_status":"open","sticky":false,"template":"","format":"standard","meta":{"footnotes":""},"categories":[1,70,53],"tags":[],"class_list":["post-43069","post","type-post","status-publish","format-standard","has-post-thumbnail","hentry","category-haberler","category-makaleler","category-turkiyede-azinliklar"],"yoast_head":"<!-- This site is optimized with the Yoast SEO plugin v27.4 - https:\/\/yoast.com\/product\/yoast-seo-wordpress\/ -->\n<title>\u2018G\u00e2vura g\u00e2vur deme\u2019 meselesi - Bati Ermenistan Ve Bati Ermenileri Sorunlari Ara\u015ftirmalar Merkezi<\/title>\n<meta name=\"robots\" content=\"index, follow, max-snippet:-1, max-image-preview:large, max-video-preview:-1\" \/>\n<link rel=\"canonical\" href=\"https:\/\/akunq.net\/tr\/?p=43069\" \/>\n<meta property=\"og:locale\" content=\"en_US\" \/>\n<meta property=\"og:type\" content=\"article\" \/>\n<meta property=\"og:title\" content=\"\u2018G\u00e2vura g\u00e2vur deme\u2019 meselesi - Bati Ermenistan Ve Bati Ermenileri Sorunlari Ara\u015ftirmalar Merkezi\" \/>\n<meta property=\"og:description\" content=\"Yetvart Danzikyan\u00a0 Ba\u015fbakan Yard\u0131mc\u0131s\u0131 Numan Kurtulmu\u015f\u2019un \u201cBizim i\u00e7in ba\u011f\u0131ms\u0131zl\u0131k g\u00e2vura \u2018g\u00e2vur\u2019 demektir\u201d a\u00e7\u0131klamas\u0131 bir \u00e7oklar\u0131m\u0131z\u0131 irkiltti. Kurtulmu\u015f bu s\u00f6z\u00fcyle gayrim\u00fcslimleri kastetmedi\u011fini \u00f6ne s\u00fcr\u00fcyor. Bir bakal\u0131m, tam olarak ne demi\u015f? \u201cBiz, bu millet, bu topraklar\u0131n M\u00fcsl\u00fcmanlar\u0131 nas\u0131l d\u00fc\u015f\u00fcn\u00fcrse \u00f6yle d\u00fc\u015f\u00fcn\u00fcyoruz. Bizim bu ba\u011f\u0131ms\u0131zl\u0131k meselesini ciddiye almam\u0131z laz\u0131m. Bizim i\u00e7in ba\u011f\u0131ms\u0131zl\u0131k g\u00e2vura \u2018g\u00e2vur\u2019 diyerek kar\u015f\u0131s\u0131na dikilebilmektir. \u00c7anakkale\u2019de [&hellip;]\" \/>\n<meta property=\"og:url\" content=\"https:\/\/akunq.net\/tr\/?p=43069\" \/>\n<meta property=\"og:site_name\" content=\"Bati Ermenistan Ve Bati Ermenileri Sorunlari Ara\u015ftirmalar Merkezi\" \/>\n<meta property=\"article:published_time\" content=\"2016-12-10T07:19:41+00:00\" \/>\n<meta property=\"og:image\" content=\"https:\/\/akunq.net\/tr\/wp-content\/uploads\/sites\/6\/2016\/12\/\u0535\u0564\u057e\u0561\u0580\u0564-\u054f\u0561\u0576\u0571\u056b\u056f\u0575\u0561\u0576.jpg\" \/>\n\t<meta property=\"og:image:width\" content=\"604\" \/>\n\t<meta property=\"og:image:height\" content=\"399\" \/>\n\t<meta property=\"og:image:type\" content=\"image\/jpeg\" \/>\n<meta name=\"author\" content=\"admin\" \/>\n<meta name=\"twitter:card\" content=\"summary_large_image\" \/>\n<meta name=\"twitter:label1\" content=\"Written by\" \/>\n\t<meta name=\"twitter:data1\" content=\"admin\" \/>\n\t<meta name=\"twitter:label2\" content=\"Est. reading time\" \/>\n\t<meta name=\"twitter:data2\" content=\"5 minutes\" \/>\n<script type=\"application\/ld+json\" class=\"yoast-schema-graph\">{\"@context\":\"https:\\\/\\\/schema.org\",\"@graph\":[{\"@type\":\"Article\",\"@id\":\"https:\\\/\\\/akunq.net\\\/tr\\\/?p=43069#article\",\"isPartOf\":{\"@id\":\"https:\\\/\\\/akunq.net\\\/tr\\\/?p=43069\"},\"author\":{\"name\":\"admin\",\"@id\":\"https:\\\/\\\/akunq.net\\\/tr\\\/#\\\/schema\\\/person\\\/096f1d38a12cce57fb855b485ed24c9e\"},\"headline\":\"\u2018G\u00e2vura g\u00e2vur deme\u2019 meselesi\",\"datePublished\":\"2016-12-10T07:19:41+00:00\",\"mainEntityOfPage\":{\"@id\":\"https:\\\/\\\/akunq.net\\\/tr\\\/?p=43069\"},\"wordCount\":976,\"commentCount\":0,\"image\":{\"@id\":\"https:\\\/\\\/akunq.net\\\/tr\\\/?p=43069#primaryimage\"},\"thumbnailUrl\":\"https:\\\/\\\/akunq.net\\\/tr\\\/wp-content\\\/uploads\\\/sites\\\/6\\\/2016\\\/12\\\/\u0535\u0564\u057e\u0561\u0580\u0564-\u054f\u0561\u0576\u0571\u056b\u056f\u0575\u0561\u0576.jpg\",\"articleSection\":[\"Haberler\",\"Makaleler\",\"T\u00fcrkiye\u2019de Az\u0131nl\u0131klar\"],\"inLanguage\":\"en-US\",\"potentialAction\":[{\"@type\":\"CommentAction\",\"name\":\"Comment\",\"target\":[\"https:\\\/\\\/akunq.net\\\/tr\\\/?p=43069#respond\"]}]},{\"@type\":\"WebPage\",\"@id\":\"https:\\\/\\\/akunq.net\\\/tr\\\/?p=43069\",\"url\":\"https:\\\/\\\/akunq.net\\\/tr\\\/?p=43069\",\"name\":\"\u2018G\u00e2vura g\u00e2vur deme\u2019 meselesi - Bati Ermenistan Ve Bati Ermenileri Sorunlari Ara\u015ftirmalar Merkezi\",\"isPartOf\":{\"@id\":\"https:\\\/\\\/akunq.net\\\/tr\\\/#website\"},\"primaryImageOfPage\":{\"@id\":\"https:\\\/\\\/akunq.net\\\/tr\\\/?p=43069#primaryimage\"},\"image\":{\"@id\":\"https:\\\/\\\/akunq.net\\\/tr\\\/?p=43069#primaryimage\"},\"thumbnailUrl\":\"https:\\\/\\\/akunq.net\\\/tr\\\/wp-content\\\/uploads\\\/sites\\\/6\\\/2016\\\/12\\\/\u0535\u0564\u057e\u0561\u0580\u0564-\u054f\u0561\u0576\u0571\u056b\u056f\u0575\u0561\u0576.jpg\",\"datePublished\":\"2016-12-10T07:19:41+00:00\",\"author\":{\"@id\":\"https:\\\/\\\/akunq.net\\\/tr\\\/#\\\/schema\\\/person\\\/096f1d38a12cce57fb855b485ed24c9e\"},\"breadcrumb\":{\"@id\":\"https:\\\/\\\/akunq.net\\\/tr\\\/?p=43069#breadcrumb\"},\"inLanguage\":\"en-US\",\"potentialAction\":[{\"@type\":\"ReadAction\",\"target\":[\"https:\\\/\\\/akunq.net\\\/tr\\\/?p=43069\"]}]},{\"@type\":\"ImageObject\",\"inLanguage\":\"en-US\",\"@id\":\"https:\\\/\\\/akunq.net\\\/tr\\\/?p=43069#primaryimage\",\"url\":\"https:\\\/\\\/akunq.net\\\/tr\\\/wp-content\\\/uploads\\\/sites\\\/6\\\/2016\\\/12\\\/\u0535\u0564\u057e\u0561\u0580\u0564-\u054f\u0561\u0576\u0571\u056b\u056f\u0575\u0561\u0576.jpg\",\"contentUrl\":\"https:\\\/\\\/akunq.net\\\/tr\\\/wp-content\\\/uploads\\\/sites\\\/6\\\/2016\\\/12\\\/\u0535\u0564\u057e\u0561\u0580\u0564-\u054f\u0561\u0576\u0571\u056b\u056f\u0575\u0561\u0576.jpg\",\"width\":604,\"height\":399},{\"@type\":\"BreadcrumbList\",\"@id\":\"https:\\\/\\\/akunq.net\\\/tr\\\/?p=43069#breadcrumb\",\"itemListElement\":[{\"@type\":\"ListItem\",\"position\":1,\"name\":\"Home\",\"item\":\"https:\\\/\\\/akunq.net\\\/tr\"},{\"@type\":\"ListItem\",\"position\":2,\"name\":\"\u2018G\u00e2vura g\u00e2vur deme\u2019 meselesi\"}]},{\"@type\":\"WebSite\",\"@id\":\"https:\\\/\\\/akunq.net\\\/tr\\\/#website\",\"url\":\"https:\\\/\\\/akunq.net\\\/tr\\\/\",\"name\":\"Bati Ermenistan Ve Bati Ermenileri Sorunlari Ara\u015ftirmalar Merkezi\",\"description\":\"\",\"potentialAction\":[{\"@type\":\"SearchAction\",\"target\":{\"@type\":\"EntryPoint\",\"urlTemplate\":\"https:\\\/\\\/akunq.net\\\/tr\\\/?s={search_term_string}\"},\"query-input\":{\"@type\":\"PropertyValueSpecification\",\"valueRequired\":true,\"valueName\":\"search_term_string\"}}],\"inLanguage\":\"en-US\"},{\"@type\":\"Person\",\"@id\":\"https:\\\/\\\/akunq.net\\\/tr\\\/#\\\/schema\\\/person\\\/096f1d38a12cce57fb855b485ed24c9e\",\"name\":\"admin\",\"url\":\"https:\\\/\\\/akunq.net\\\/tr\\\/?author=7\"}]}<\/script>\n<!-- \/ Yoast SEO plugin. -->","yoast_head_json":{"title":"\u2018G\u00e2vura g\u00e2vur deme\u2019 meselesi - Bati Ermenistan Ve Bati Ermenileri Sorunlari Ara\u015ftirmalar Merkezi","robots":{"index":"index","follow":"follow","max-snippet":"max-snippet:-1","max-image-preview":"max-image-preview:large","max-video-preview":"max-video-preview:-1"},"canonical":"https:\/\/akunq.net\/tr\/?p=43069","og_locale":"en_US","og_type":"article","og_title":"\u2018G\u00e2vura g\u00e2vur deme\u2019 meselesi - Bati Ermenistan Ve Bati Ermenileri Sorunlari Ara\u015ftirmalar Merkezi","og_description":"Yetvart Danzikyan\u00a0 Ba\u015fbakan Yard\u0131mc\u0131s\u0131 Numan Kurtulmu\u015f\u2019un \u201cBizim i\u00e7in ba\u011f\u0131ms\u0131zl\u0131k g\u00e2vura \u2018g\u00e2vur\u2019 demektir\u201d a\u00e7\u0131klamas\u0131 bir \u00e7oklar\u0131m\u0131z\u0131 irkiltti. Kurtulmu\u015f bu s\u00f6z\u00fcyle gayrim\u00fcslimleri kastetmedi\u011fini \u00f6ne s\u00fcr\u00fcyor. Bir bakal\u0131m, tam olarak ne demi\u015f? \u201cBiz, bu millet, bu topraklar\u0131n M\u00fcsl\u00fcmanlar\u0131 nas\u0131l d\u00fc\u015f\u00fcn\u00fcrse \u00f6yle d\u00fc\u015f\u00fcn\u00fcyoruz. Bizim bu ba\u011f\u0131ms\u0131zl\u0131k meselesini ciddiye almam\u0131z laz\u0131m. Bizim i\u00e7in ba\u011f\u0131ms\u0131zl\u0131k g\u00e2vura \u2018g\u00e2vur\u2019 diyerek kar\u015f\u0131s\u0131na dikilebilmektir. \u00c7anakkale\u2019de [&hellip;]","og_url":"https:\/\/akunq.net\/tr\/?p=43069","og_site_name":"Bati Ermenistan Ve Bati Ermenileri Sorunlari Ara\u015ftirmalar Merkezi","article_published_time":"2016-12-10T07:19:41+00:00","og_image":[{"width":604,"height":399,"url":"https:\/\/akunq.net\/tr\/wp-content\/uploads\/sites\/6\/2016\/12\/\u0535\u0564\u057e\u0561\u0580\u0564-\u054f\u0561\u0576\u0571\u056b\u056f\u0575\u0561\u0576.jpg","type":"image\/jpeg"}],"author":"admin","twitter_card":"summary_large_image","twitter_misc":{"Written by":"admin","Est. reading time":"5 minutes"},"schema":{"@context":"https:\/\/schema.org","@graph":[{"@type":"Article","@id":"https:\/\/akunq.net\/tr\/?p=43069#article","isPartOf":{"@id":"https:\/\/akunq.net\/tr\/?p=43069"},"author":{"name":"admin","@id":"https:\/\/akunq.net\/tr\/#\/schema\/person\/096f1d38a12cce57fb855b485ed24c9e"},"headline":"\u2018G\u00e2vura g\u00e2vur deme\u2019 meselesi","datePublished":"2016-12-10T07:19:41+00:00","mainEntityOfPage":{"@id":"https:\/\/akunq.net\/tr\/?p=43069"},"wordCount":976,"commentCount":0,"image":{"@id":"https:\/\/akunq.net\/tr\/?p=43069#primaryimage"},"thumbnailUrl":"https:\/\/akunq.net\/tr\/wp-content\/uploads\/sites\/6\/2016\/12\/\u0535\u0564\u057e\u0561\u0580\u0564-\u054f\u0561\u0576\u0571\u056b\u056f\u0575\u0561\u0576.jpg","articleSection":["Haberler","Makaleler","T\u00fcrkiye\u2019de Az\u0131nl\u0131klar"],"inLanguage":"en-US","potentialAction":[{"@type":"CommentAction","name":"Comment","target":["https:\/\/akunq.net\/tr\/?p=43069#respond"]}]},{"@type":"WebPage","@id":"https:\/\/akunq.net\/tr\/?p=43069","url":"https:\/\/akunq.net\/tr\/?p=43069","name":"\u2018G\u00e2vura g\u00e2vur deme\u2019 meselesi - Bati Ermenistan Ve Bati Ermenileri Sorunlari Ara\u015ftirmalar Merkezi","isPartOf":{"@id":"https:\/\/akunq.net\/tr\/#website"},"primaryImageOfPage":{"@id":"https:\/\/akunq.net\/tr\/?p=43069#primaryimage"},"image":{"@id":"https:\/\/akunq.net\/tr\/?p=43069#primaryimage"},"thumbnailUrl":"https:\/\/akunq.net\/tr\/wp-content\/uploads\/sites\/6\/2016\/12\/\u0535\u0564\u057e\u0561\u0580\u0564-\u054f\u0561\u0576\u0571\u056b\u056f\u0575\u0561\u0576.jpg","datePublished":"2016-12-10T07:19:41+00:00","author":{"@id":"https:\/\/akunq.net\/tr\/#\/schema\/person\/096f1d38a12cce57fb855b485ed24c9e"},"breadcrumb":{"@id":"https:\/\/akunq.net\/tr\/?p=43069#breadcrumb"},"inLanguage":"en-US","potentialAction":[{"@type":"ReadAction","target":["https:\/\/akunq.net\/tr\/?p=43069"]}]},{"@type":"ImageObject","inLanguage":"en-US","@id":"https:\/\/akunq.net\/tr\/?p=43069#primaryimage","url":"https:\/\/akunq.net\/tr\/wp-content\/uploads\/sites\/6\/2016\/12\/\u0535\u0564\u057e\u0561\u0580\u0564-\u054f\u0561\u0576\u0571\u056b\u056f\u0575\u0561\u0576.jpg","contentUrl":"https:\/\/akunq.net\/tr\/wp-content\/uploads\/sites\/6\/2016\/12\/\u0535\u0564\u057e\u0561\u0580\u0564-\u054f\u0561\u0576\u0571\u056b\u056f\u0575\u0561\u0576.jpg","width":604,"height":399},{"@type":"BreadcrumbList","@id":"https:\/\/akunq.net\/tr\/?p=43069#breadcrumb","itemListElement":[{"@type":"ListItem","position":1,"name":"Home","item":"https:\/\/akunq.net\/tr"},{"@type":"ListItem","position":2,"name":"\u2018G\u00e2vura g\u00e2vur deme\u2019 meselesi"}]},{"@type":"WebSite","@id":"https:\/\/akunq.net\/tr\/#website","url":"https:\/\/akunq.net\/tr\/","name":"Bati Ermenistan Ve Bati Ermenileri Sorunlari Ara\u015ftirmalar Merkezi","description":"","potentialAction":[{"@type":"SearchAction","target":{"@type":"EntryPoint","urlTemplate":"https:\/\/akunq.net\/tr\/?s={search_term_string}"},"query-input":{"@type":"PropertyValueSpecification","valueRequired":true,"valueName":"search_term_string"}}],"inLanguage":"en-US"},{"@type":"Person","@id":"https:\/\/akunq.net\/tr\/#\/schema\/person\/096f1d38a12cce57fb855b485ed24c9e","name":"admin","url":"https:\/\/akunq.net\/tr\/?author=7"}]}},"_links":{"self":[{"href":"https:\/\/akunq.net\/tr\/index.php?rest_route=\/wp\/v2\/posts\/43069","targetHints":{"allow":["GET"]}}],"collection":[{"href":"https:\/\/akunq.net\/tr\/index.php?rest_route=\/wp\/v2\/posts"}],"about":[{"href":"https:\/\/akunq.net\/tr\/index.php?rest_route=\/wp\/v2\/types\/post"}],"author":[{"embeddable":true,"href":"https:\/\/akunq.net\/tr\/index.php?rest_route=\/wp\/v2\/users\/7"}],"replies":[{"embeddable":true,"href":"https:\/\/akunq.net\/tr\/index.php?rest_route=%2Fwp%2Fv2%2Fcomments&post=43069"}],"version-history":[{"count":1,"href":"https:\/\/akunq.net\/tr\/index.php?rest_route=\/wp\/v2\/posts\/43069\/revisions"}],"predecessor-version":[{"id":43071,"href":"https:\/\/akunq.net\/tr\/index.php?rest_route=\/wp\/v2\/posts\/43069\/revisions\/43071"}],"wp:featuredmedia":[{"embeddable":true,"href":"https:\/\/akunq.net\/tr\/index.php?rest_route=\/wp\/v2\/media\/43070"}],"wp:attachment":[{"href":"https:\/\/akunq.net\/tr\/index.php?rest_route=%2Fwp%2Fv2%2Fmedia&parent=43069"}],"wp:term":[{"taxonomy":"category","embeddable":true,"href":"https:\/\/akunq.net\/tr\/index.php?rest_route=%2Fwp%2Fv2%2Fcategories&post=43069"},{"taxonomy":"post_tag","embeddable":true,"href":"https:\/\/akunq.net\/tr\/index.php?rest_route=%2Fwp%2Fv2%2Ftags&post=43069"}],"curies":[{"name":"wp","href":"https:\/\/api.w.org\/{rel}","templated":true}]}}