{"id":42802,"date":"2016-11-23T01:44:49","date_gmt":"2016-11-23T06:44:49","guid":{"rendered":"http:\/\/akunq.net\/tr\/?p=42802"},"modified":"2016-11-23T01:44:49","modified_gmt":"2016-11-23T06:44:49","slug":"hdp-meclis-calismalarina-geri-donuyor","status":"publish","type":"post","link":"https:\/\/akunq.net\/tr\/?p=42802","title":{"rendered":"HDP Meclis \u00e7al\u0131\u015fmalar\u0131na geri d\u00f6n\u00fcyor"},"content":{"rendered":"<div class=\"share-this-links\">\n<div style=\"text-align: justify;\"><a href=\"http:\/\/akunq.net\/tr\/?attachment_id=42803\" rel=\"attachment wp-att-42803\"><img loading=\"lazy\" decoding=\"async\" class=\"size-full wp-image-42803\" src=\"http:\/\/akunq.net\/tr\/wp-content\/uploads\/2016\/11\/gruptop_hdp.jpg\" alt=\"gruptop_hdp\" width=\"702\" height=\"336\" srcset=\"https:\/\/akunq.net\/tr\/wp-content\/uploads\/sites\/6\/2016\/11\/gruptop_hdp.jpg 702w, https:\/\/akunq.net\/tr\/wp-content\/uploads\/sites\/6\/2016\/11\/gruptop_hdp-360x172.jpg 360w, https:\/\/akunq.net\/tr\/wp-content\/uploads\/sites\/6\/2016\/11\/gruptop_hdp-560x268.jpg 560w, https:\/\/akunq.net\/tr\/wp-content\/uploads\/sites\/6\/2016\/11\/gruptop_hdp-260x124.jpg 260w, https:\/\/akunq.net\/tr\/wp-content\/uploads\/sites\/6\/2016\/11\/gruptop_hdp-160x77.jpg 160w\" sizes=\"auto, (max-width: 702px) 100vw, 702px\" \/><\/a><\/div>\n<div style=\"text-align: justify;\"><\/div>\n<div style=\"text-align: justify;\"><\/div>\n<div style=\"text-align: justify;\"><\/div>\n<\/div>\n<div class=\"post-container cf\">\n<div class=\"post-content-right\">\n<div class=\"post-content description \">\n<blockquote>\n<h4>HDP S\u00f6zc\u00fcs\u00fc Ayhan Bilgen, 6 Kas\u0131m&#8217;da E\u015f Genel Ba\u015fkanlar\u0131 ve yedi milletvekilinin tutuklanmas\u0131n\u0131n ard\u0131ndan verilen \u201cmeclis \u00e7al\u0131\u015fmalar\u0131na kat\u0131lmama\u201d karar\u0131n\u0131 de\u011fi\u015ftirdiklerini, yeniden \u00e7al\u0131\u015fmalara kat\u0131lacaklar\u0131n\u0131 a\u00e7\u0131klad\u0131.<\/h4>\n<\/blockquote>\n<p style=\"text-align: justify;\">Halklar\u0131n Demokratik Partisi (HDP) S\u00f6zc\u00fcs\u00fc Ayhan Bilgen, partisinin grup toplant\u0131s\u0131nda E\u015f Genel Ba\u015fkanlar Selahattin Demirta\u015f ve Figen Y\u00fcksekda\u011f&#8217;\u0131n da aralar\u0131nda bulundu\u011fu milletvekillerinin tutuklanmas\u0131n\u0131n ard\u0131ndan Meclis \u00e7al\u0131\u015fmalar\u0131na kat\u0131lmama karar\u0131n\u0131 kald\u0131rd\u0131.<\/p>\n<p style=\"text-align: justify;\">Bilgen, &#8220;\u015eimdilik buraday\u0131z, siz istemeseniz de \u00e7al\u0131\u015fmalara kat\u0131laca\u011f\u0131z&#8221; dedi.<\/p>\n<p style=\"text-align: justify;\">HDP, 6 Kas\u0131m&#8217;da E\u015f Genel Ba\u015fkanlar\u0131 ve yedi milletvekilinin tutuklanmas\u0131n\u0131n ard\u0131ndan Meclis \u00e7al\u0131\u015fmalar\u0131na kat\u0131lmama karar\u0131 alm\u0131\u015ft\u0131.<\/p>\n<p style=\"text-align: justify;\">Aralar\u0131nda yazar, akademisyen, aktivist, gazeteci ve sanat\u00e7\u0131lar\u0131n bulundu\u011fu 61 ki\u015fi, Meclis \u00e7al\u0131\u015fmalar\u0131n\u0131 durdurma karar\u0131 alan HDP&#8217;ye \u201cMeclis\u2019e d\u00f6n\u201d \u00e7a\u011fr\u0131s\u0131 yapm\u0131\u015ft\u0131.<\/p>\n<p style=\"text-align: justify;\">HDP S\u00f6zc\u00fcs\u00fc Ayhan Bilgen&#8217;in konu\u015fma yapt\u0131\u011f\u0131 bug\u00fcnk\u00fc grup toplant\u0131s\u0131nda, Figen Y\u00fcksekda\u011f&#8217;\u0131n &#8220;Cinsel istismara af yasas\u0131na kar\u015f\u0131 ger\u00e7ekle\u015ftirilen birle\u015fik m\u00fccadeleyi selaml\u0131yorum. Tecav\u00fcz\u00fc kutsayanlar kar\u015f\u0131s\u0131nda e\u015fit bir ya\u015fama inanmak su\u00e7sa, bu &#8220;su\u00e7u&#8221; i\u015flemeye devam&#8221; mesaj\u0131 okundu.<\/p>\n<h4 style=\"text-align: justify;\">\u201cT\u00fcrk\u2019\u00fc bile g\u00f6zalt\u0131na alacak kadar korkuyorsunuz\u2019<\/h4>\n<p style=\"text-align: justify;\">Bilgen, konu\u015fmas\u0131nda Mardin B\u00fcy\u00fck\u015fehir Belediye Ba\u015fkan\u0131 Ahmet T\u00fcrk&#8217;\u00fcn g\u00f6zalt\u0131na al\u0131nmas\u0131na tepki g\u00f6stererek &#8220;\u015eimdiye kadar \u00e7ok i\u015fkence tezgah\u0131 g\u00f6rm\u00fc\u015f ama asla teslim olmam\u0131\u015f Ahmet T\u00fcrk\u2019\u00fc bile g\u00f6zalt\u0131na alacak kadar korkuyorsunuz&#8221; ifadelerini kulland\u0131. H\u00fck\u00fcmete seslenen Bilgen &#8220;B\u00fcy\u00fcmek istiyorsan\u0131z, K\u00fcrtlerle bar\u0131\u015facaks\u0131n\u0131z. K\u00fc\u00e7\u00fclmek istemiyorsan\u0131z, yine K\u00fcrtlerle bar\u0131\u015facaks\u0131n\u0131z. Ba\u015fka \u00e7areniz yok&#8221; dedi.<\/p>\n<p style=\"text-align: justify;\">CHP&#8217;ye de ele\u015ftiri y\u00f6nelten Bilgen, &#8220;CHP Kartal&#8217;da &#8216;teslim olmayaca\u011f\u0131z&#8217; mitingine kat\u0131lmaya \u00e7ekindi. Adana&#8217;da &#8216;T\u00fcrkiye&#8217;yi b\u00f6ld\u00fcrmeyece\u011fiz&#8217; mitingi yapacaklarm\u0131\u015f. Bence Adana&#8217;n\u0131n havas\u0131na uygun ne \u015fi\u015f yans\u0131n ne kebap&#8221; diye konu\u015ftu.<\/p>\n<p style=\"text-align: justify;\"><strong>Bilgen&#8217;in a\u00e7\u0131klamalar\u0131ndan sat\u0131r ba\u015flar\u0131 \u015f\u00f6yle:\u00a0<\/strong><\/p>\n<p style=\"text-align: justify;\">\u201cGece yar\u0131s\u0131 Cumhurba\u015fkan\u0131&#8217;n\u0131n verdi\u011fi deme\u00e7le istismar tasar\u0131s\u0131n\u0131n Meclis&#8217;ten \u00e7ekilmesi yeterli de\u011fil ama sevindirici.\u201d<\/p>\n<p style=\"text-align: justify;\">\u201cKar h\u0131rs\u0131 u\u011fruna Zonguldak&#8217;ta da, Soma&#8217;da da Siirt \u015eirvan&#8217;da da insanlar\u0131m\u0131z toprak alt\u0131nda. \u0130nsan\u0131n bu kadar de\u011fersiz oldu\u011fu bir d\u00fcnya g\u00f6r\u00fc\u015f\u00fcyle ne yaz\u0131k ki daha \u00e7ok insan\u0131m\u0131z\u0131 kaybedece\u011fiz. Belediyelerde g\u00f6revlendirdikleri kadar m\u00fcfetti\u015fi o madene g\u00f6nderselerdi, onca insan topra\u011f\u0131n alt\u0131nda kalmayacakt\u0131. \u201c<\/p>\n<h4 style=\"text-align: justify;\">\u0130ki yeni KHK<\/h4>\n<p style=\"text-align: justify;\">\u201cD\u00fcn yine bir KHK yay\u0131mland\u0131. 16 bin ki\u015fi i\u015finden eme\u011finden oldu. Bu tabloya dikkat \u00e7ekenler ma\u011fdur edebiyat\u0131 yapmakla su\u00e7lan\u0131yor. \u00d6n\u00fcm\u00fczdeki g\u00fcnlerde \u00f6\u011fretmenler g\u00fcn\u00fc kutlanacak. 15 bin tane insan\u0131 sorgusuz sualsiz i\u015fsiz b\u0131rakanlar ge\u00e7ecekler orada \u00f6\u011fretmenlerle ilgili g\u00fczel s\u00f6zler s\u00f6yleyecekler. Hangi y\u00fczle? Binlerce \u00f6\u011fretmeni i\u015fsiz b\u0131rakanlar \u00fc\u00e7 g\u00fcn sonra nutuk at\u0131p &#8220;Bir harf \u00f6\u011fretenin k\u0131rk y\u0131l k\u00f6lesi olurum&#8221; diyecekler. Ne y\u00fczle?\u201d<\/p>\n<p style=\"text-align: justify;\">\u201cBa\u015fbakan ekonomiye ili\u015fkin \u201celle gelen d\u00fc\u011f\u00fcn bayram&#8221; diyor. B\u00f6yle derin analizi ekonomistler haftalarca d\u00fc\u015f\u00fcnse bulamazd\u0131. Ba\u015fbakan ekonomideki durum i\u00e7in Trump\u2019un se\u00e7ilmesini sorumlu g\u00f6steriyor. Yani sorumlu ABD\u2019li se\u00e7men, bunlar\u0131n hi\u00e7 kusuru yok.\u201d<\/p>\n<p style=\"text-align: justify;\">\u201cNe sizin hesap etti\u011finiz gibi buray\u0131 size terk edece\u011fiz, ne de burada oynanan oyunun fig\u00fcran\u0131 olaca\u011f\u0131z! Bizler ne zorluklarla burada oldu\u011fumuzu, kimlere borcumuz oldu\u011funu biliyoruz. Partisi i\u00e7in can verenlerin y\u00fck\u00fc omzumuzdad\u0131r!\u201d<\/p>\n<p style=\"text-align: justify;\">&#8220;80 milyonun kaderi 8 ki\u015fiyle belirleniyorsa ona anayasa denilmez. Sana-yasa olur ama anayasa olmaz o.&#8221;<\/p>\n<p>http:\/\/www.agos.com.tr\/tr\/yazi\/17084\/hdp-meclis-calismalarina-geri-donuyor<\/p>\n<\/div>\n<\/div>\n<\/div>\n","protected":false},"excerpt":{"rendered":"<p>HDP S\u00f6zc\u00fcs\u00fc Ayhan Bilgen, 6 Kas\u0131m&#8217;da E\u015f Genel Ba\u015fkanlar\u0131 ve yedi milletvekilinin tutuklanmas\u0131n\u0131n ard\u0131ndan verilen \u201cmeclis \u00e7al\u0131\u015fmalar\u0131na kat\u0131lmama\u201d karar\u0131n\u0131 de\u011fi\u015ftirdiklerini, yeniden \u00e7al\u0131\u015fmalara kat\u0131lacaklar\u0131n\u0131 a\u00e7\u0131klad\u0131. Halklar\u0131n Demokratik Partisi (HDP) S\u00f6zc\u00fcs\u00fc Ayhan Bilgen, partisinin grup toplant\u0131s\u0131nda E\u015f Genel Ba\u015fkanlar Selahattin Demirta\u015f ve Figen Y\u00fcksekda\u011f&#8217;\u0131n da aralar\u0131nda bulundu\u011fu milletvekillerinin tutuklanmas\u0131n\u0131n ard\u0131ndan Meclis \u00e7al\u0131\u015fmalar\u0131na kat\u0131lmama karar\u0131n\u0131 kald\u0131rd\u0131. Bilgen, &#8220;\u015eimdilik [&hellip;]<\/p>\n","protected":false},"author":7,"featured_media":0,"comment_status":"open","ping_status":"open","sticky":false,"template":"","format":"standard","meta":{"footnotes":""},"categories":[1,70,53],"tags":[],"class_list":["post-42802","post","type-post","status-publish","format-standard","hentry","category-haberler","category-makaleler","category-turkiyede-azinliklar"],"yoast_head":"<!-- This site is optimized with the Yoast SEO plugin v27.4 - https:\/\/yoast.com\/product\/yoast-seo-wordpress\/ -->\n<title>HDP Meclis \u00e7al\u0131\u015fmalar\u0131na geri d\u00f6n\u00fcyor - Bati Ermenistan Ve Bati Ermenileri Sorunlari Ara\u015ftirmalar Merkezi<\/title>\n<meta name=\"robots\" content=\"index, follow, max-snippet:-1, max-image-preview:large, max-video-preview:-1\" \/>\n<link rel=\"canonical\" href=\"https:\/\/akunq.net\/tr\/?p=42802\" \/>\n<meta property=\"og:locale\" content=\"en_US\" \/>\n<meta property=\"og:type\" content=\"article\" \/>\n<meta property=\"og:title\" content=\"HDP Meclis \u00e7al\u0131\u015fmalar\u0131na geri d\u00f6n\u00fcyor - Bati Ermenistan Ve Bati Ermenileri Sorunlari Ara\u015ftirmalar Merkezi\" \/>\n<meta property=\"og:description\" content=\"HDP S\u00f6zc\u00fcs\u00fc Ayhan Bilgen, 6 Kas\u0131m&#8217;da E\u015f Genel Ba\u015fkanlar\u0131 ve yedi milletvekilinin tutuklanmas\u0131n\u0131n ard\u0131ndan verilen \u201cmeclis \u00e7al\u0131\u015fmalar\u0131na kat\u0131lmama\u201d karar\u0131n\u0131 de\u011fi\u015ftirdiklerini, yeniden \u00e7al\u0131\u015fmalara kat\u0131lacaklar\u0131n\u0131 a\u00e7\u0131klad\u0131. Halklar\u0131n Demokratik Partisi (HDP) S\u00f6zc\u00fcs\u00fc Ayhan Bilgen, partisinin grup toplant\u0131s\u0131nda E\u015f Genel Ba\u015fkanlar Selahattin Demirta\u015f ve Figen Y\u00fcksekda\u011f&#8217;\u0131n da aralar\u0131nda bulundu\u011fu milletvekillerinin tutuklanmas\u0131n\u0131n ard\u0131ndan Meclis \u00e7al\u0131\u015fmalar\u0131na kat\u0131lmama karar\u0131n\u0131 kald\u0131rd\u0131. Bilgen, &#8220;\u015eimdilik [&hellip;]\" \/>\n<meta property=\"og:url\" content=\"https:\/\/akunq.net\/tr\/?p=42802\" \/>\n<meta property=\"og:site_name\" content=\"Bati Ermenistan Ve Bati Ermenileri Sorunlari Ara\u015ftirmalar Merkezi\" \/>\n<meta property=\"article:published_time\" content=\"2016-11-23T06:44:49+00:00\" \/>\n<meta property=\"og:image\" content=\"http:\/\/akunq.net\/tr\/wp-content\/uploads\/2016\/11\/gruptop_hdp.jpg\" \/>\n<meta name=\"author\" content=\"admin\" \/>\n<meta name=\"twitter:card\" content=\"summary_large_image\" \/>\n<meta name=\"twitter:label1\" content=\"Written by\" \/>\n\t<meta name=\"twitter:data1\" content=\"admin\" \/>\n\t<meta name=\"twitter:label2\" content=\"Est. reading time\" \/>\n\t<meta name=\"twitter:data2\" content=\"3 minutes\" \/>\n<script type=\"application\/ld+json\" class=\"yoast-schema-graph\">{\"@context\":\"https:\\\/\\\/schema.org\",\"@graph\":[{\"@type\":\"Article\",\"@id\":\"https:\\\/\\\/akunq.net\\\/tr\\\/?p=42802#article\",\"isPartOf\":{\"@id\":\"https:\\\/\\\/akunq.net\\\/tr\\\/?p=42802\"},\"author\":{\"name\":\"admin\",\"@id\":\"https:\\\/\\\/akunq.net\\\/tr\\\/#\\\/schema\\\/person\\\/096f1d38a12cce57fb855b485ed24c9e\"},\"headline\":\"HDP Meclis \u00e7al\u0131\u015fmalar\u0131na geri d\u00f6n\u00fcyor\",\"datePublished\":\"2016-11-23T06:44:49+00:00\",\"mainEntityOfPage\":{\"@id\":\"https:\\\/\\\/akunq.net\\\/tr\\\/?p=42802\"},\"wordCount\":638,\"commentCount\":0,\"image\":{\"@id\":\"https:\\\/\\\/akunq.net\\\/tr\\\/?p=42802#primaryimage\"},\"thumbnailUrl\":\"http:\\\/\\\/akunq.net\\\/tr\\\/wp-content\\\/uploads\\\/2016\\\/11\\\/gruptop_hdp.jpg\",\"articleSection\":[\"Haberler\",\"Makaleler\",\"T\u00fcrkiye\u2019de Az\u0131nl\u0131klar\"],\"inLanguage\":\"en-US\",\"potentialAction\":[{\"@type\":\"CommentAction\",\"name\":\"Comment\",\"target\":[\"https:\\\/\\\/akunq.net\\\/tr\\\/?p=42802#respond\"]}]},{\"@type\":\"WebPage\",\"@id\":\"https:\\\/\\\/akunq.net\\\/tr\\\/?p=42802\",\"url\":\"https:\\\/\\\/akunq.net\\\/tr\\\/?p=42802\",\"name\":\"HDP Meclis \u00e7al\u0131\u015fmalar\u0131na geri d\u00f6n\u00fcyor - Bati Ermenistan Ve Bati Ermenileri Sorunlari Ara\u015ftirmalar Merkezi\",\"isPartOf\":{\"@id\":\"https:\\\/\\\/akunq.net\\\/tr\\\/#website\"},\"primaryImageOfPage\":{\"@id\":\"https:\\\/\\\/akunq.net\\\/tr\\\/?p=42802#primaryimage\"},\"image\":{\"@id\":\"https:\\\/\\\/akunq.net\\\/tr\\\/?p=42802#primaryimage\"},\"thumbnailUrl\":\"http:\\\/\\\/akunq.net\\\/tr\\\/wp-content\\\/uploads\\\/2016\\\/11\\\/gruptop_hdp.jpg\",\"datePublished\":\"2016-11-23T06:44:49+00:00\",\"author\":{\"@id\":\"https:\\\/\\\/akunq.net\\\/tr\\\/#\\\/schema\\\/person\\\/096f1d38a12cce57fb855b485ed24c9e\"},\"breadcrumb\":{\"@id\":\"https:\\\/\\\/akunq.net\\\/tr\\\/?p=42802#breadcrumb\"},\"inLanguage\":\"en-US\",\"potentialAction\":[{\"@type\":\"ReadAction\",\"target\":[\"https:\\\/\\\/akunq.net\\\/tr\\\/?p=42802\"]}]},{\"@type\":\"ImageObject\",\"inLanguage\":\"en-US\",\"@id\":\"https:\\\/\\\/akunq.net\\\/tr\\\/?p=42802#primaryimage\",\"url\":\"https:\\\/\\\/akunq.net\\\/tr\\\/wp-content\\\/uploads\\\/sites\\\/6\\\/2016\\\/11\\\/gruptop_hdp.jpg\",\"contentUrl\":\"https:\\\/\\\/akunq.net\\\/tr\\\/wp-content\\\/uploads\\\/sites\\\/6\\\/2016\\\/11\\\/gruptop_hdp.jpg\",\"width\":702,\"height\":336},{\"@type\":\"BreadcrumbList\",\"@id\":\"https:\\\/\\\/akunq.net\\\/tr\\\/?p=42802#breadcrumb\",\"itemListElement\":[{\"@type\":\"ListItem\",\"position\":1,\"name\":\"Home\",\"item\":\"https:\\\/\\\/akunq.net\\\/tr\"},{\"@type\":\"ListItem\",\"position\":2,\"name\":\"HDP Meclis \u00e7al\u0131\u015fmalar\u0131na geri d\u00f6n\u00fcyor\"}]},{\"@type\":\"WebSite\",\"@id\":\"https:\\\/\\\/akunq.net\\\/tr\\\/#website\",\"url\":\"https:\\\/\\\/akunq.net\\\/tr\\\/\",\"name\":\"Bati Ermenistan Ve Bati Ermenileri Sorunlari Ara\u015ftirmalar Merkezi\",\"description\":\"\",\"potentialAction\":[{\"@type\":\"SearchAction\",\"target\":{\"@type\":\"EntryPoint\",\"urlTemplate\":\"https:\\\/\\\/akunq.net\\\/tr\\\/?s={search_term_string}\"},\"query-input\":{\"@type\":\"PropertyValueSpecification\",\"valueRequired\":true,\"valueName\":\"search_term_string\"}}],\"inLanguage\":\"en-US\"},{\"@type\":\"Person\",\"@id\":\"https:\\\/\\\/akunq.net\\\/tr\\\/#\\\/schema\\\/person\\\/096f1d38a12cce57fb855b485ed24c9e\",\"name\":\"admin\",\"url\":\"https:\\\/\\\/akunq.net\\\/tr\\\/?author=7\"}]}<\/script>\n<!-- \/ Yoast SEO plugin. -->","yoast_head_json":{"title":"HDP Meclis \u00e7al\u0131\u015fmalar\u0131na geri d\u00f6n\u00fcyor - Bati Ermenistan Ve Bati Ermenileri Sorunlari Ara\u015ftirmalar Merkezi","robots":{"index":"index","follow":"follow","max-snippet":"max-snippet:-1","max-image-preview":"max-image-preview:large","max-video-preview":"max-video-preview:-1"},"canonical":"https:\/\/akunq.net\/tr\/?p=42802","og_locale":"en_US","og_type":"article","og_title":"HDP Meclis \u00e7al\u0131\u015fmalar\u0131na geri d\u00f6n\u00fcyor - Bati Ermenistan Ve Bati Ermenileri Sorunlari Ara\u015ftirmalar Merkezi","og_description":"HDP S\u00f6zc\u00fcs\u00fc Ayhan Bilgen, 6 Kas\u0131m&#8217;da E\u015f Genel Ba\u015fkanlar\u0131 ve yedi milletvekilinin tutuklanmas\u0131n\u0131n ard\u0131ndan verilen \u201cmeclis \u00e7al\u0131\u015fmalar\u0131na kat\u0131lmama\u201d karar\u0131n\u0131 de\u011fi\u015ftirdiklerini, yeniden \u00e7al\u0131\u015fmalara kat\u0131lacaklar\u0131n\u0131 a\u00e7\u0131klad\u0131. Halklar\u0131n Demokratik Partisi (HDP) S\u00f6zc\u00fcs\u00fc Ayhan Bilgen, partisinin grup toplant\u0131s\u0131nda E\u015f Genel Ba\u015fkanlar Selahattin Demirta\u015f ve Figen Y\u00fcksekda\u011f&#8217;\u0131n da aralar\u0131nda bulundu\u011fu milletvekillerinin tutuklanmas\u0131n\u0131n ard\u0131ndan Meclis \u00e7al\u0131\u015fmalar\u0131na kat\u0131lmama karar\u0131n\u0131 kald\u0131rd\u0131. Bilgen, &#8220;\u015eimdilik [&hellip;]","og_url":"https:\/\/akunq.net\/tr\/?p=42802","og_site_name":"Bati Ermenistan Ve Bati Ermenileri Sorunlari Ara\u015ftirmalar Merkezi","article_published_time":"2016-11-23T06:44:49+00:00","og_image":[{"url":"http:\/\/akunq.net\/tr\/wp-content\/uploads\/2016\/11\/gruptop_hdp.jpg","type":"","width":"","height":""}],"author":"admin","twitter_card":"summary_large_image","twitter_misc":{"Written by":"admin","Est. reading time":"3 minutes"},"schema":{"@context":"https:\/\/schema.org","@graph":[{"@type":"Article","@id":"https:\/\/akunq.net\/tr\/?p=42802#article","isPartOf":{"@id":"https:\/\/akunq.net\/tr\/?p=42802"},"author":{"name":"admin","@id":"https:\/\/akunq.net\/tr\/#\/schema\/person\/096f1d38a12cce57fb855b485ed24c9e"},"headline":"HDP Meclis \u00e7al\u0131\u015fmalar\u0131na geri d\u00f6n\u00fcyor","datePublished":"2016-11-23T06:44:49+00:00","mainEntityOfPage":{"@id":"https:\/\/akunq.net\/tr\/?p=42802"},"wordCount":638,"commentCount":0,"image":{"@id":"https:\/\/akunq.net\/tr\/?p=42802#primaryimage"},"thumbnailUrl":"http:\/\/akunq.net\/tr\/wp-content\/uploads\/2016\/11\/gruptop_hdp.jpg","articleSection":["Haberler","Makaleler","T\u00fcrkiye\u2019de Az\u0131nl\u0131klar"],"inLanguage":"en-US","potentialAction":[{"@type":"CommentAction","name":"Comment","target":["https:\/\/akunq.net\/tr\/?p=42802#respond"]}]},{"@type":"WebPage","@id":"https:\/\/akunq.net\/tr\/?p=42802","url":"https:\/\/akunq.net\/tr\/?p=42802","name":"HDP Meclis \u00e7al\u0131\u015fmalar\u0131na geri d\u00f6n\u00fcyor - Bati Ermenistan Ve Bati Ermenileri Sorunlari Ara\u015ftirmalar Merkezi","isPartOf":{"@id":"https:\/\/akunq.net\/tr\/#website"},"primaryImageOfPage":{"@id":"https:\/\/akunq.net\/tr\/?p=42802#primaryimage"},"image":{"@id":"https:\/\/akunq.net\/tr\/?p=42802#primaryimage"},"thumbnailUrl":"http:\/\/akunq.net\/tr\/wp-content\/uploads\/2016\/11\/gruptop_hdp.jpg","datePublished":"2016-11-23T06:44:49+00:00","author":{"@id":"https:\/\/akunq.net\/tr\/#\/schema\/person\/096f1d38a12cce57fb855b485ed24c9e"},"breadcrumb":{"@id":"https:\/\/akunq.net\/tr\/?p=42802#breadcrumb"},"inLanguage":"en-US","potentialAction":[{"@type":"ReadAction","target":["https:\/\/akunq.net\/tr\/?p=42802"]}]},{"@type":"ImageObject","inLanguage":"en-US","@id":"https:\/\/akunq.net\/tr\/?p=42802#primaryimage","url":"https:\/\/akunq.net\/tr\/wp-content\/uploads\/sites\/6\/2016\/11\/gruptop_hdp.jpg","contentUrl":"https:\/\/akunq.net\/tr\/wp-content\/uploads\/sites\/6\/2016\/11\/gruptop_hdp.jpg","width":702,"height":336},{"@type":"BreadcrumbList","@id":"https:\/\/akunq.net\/tr\/?p=42802#breadcrumb","itemListElement":[{"@type":"ListItem","position":1,"name":"Home","item":"https:\/\/akunq.net\/tr"},{"@type":"ListItem","position":2,"name":"HDP Meclis \u00e7al\u0131\u015fmalar\u0131na geri d\u00f6n\u00fcyor"}]},{"@type":"WebSite","@id":"https:\/\/akunq.net\/tr\/#website","url":"https:\/\/akunq.net\/tr\/","name":"Bati Ermenistan Ve Bati Ermenileri Sorunlari Ara\u015ftirmalar Merkezi","description":"","potentialAction":[{"@type":"SearchAction","target":{"@type":"EntryPoint","urlTemplate":"https:\/\/akunq.net\/tr\/?s={search_term_string}"},"query-input":{"@type":"PropertyValueSpecification","valueRequired":true,"valueName":"search_term_string"}}],"inLanguage":"en-US"},{"@type":"Person","@id":"https:\/\/akunq.net\/tr\/#\/schema\/person\/096f1d38a12cce57fb855b485ed24c9e","name":"admin","url":"https:\/\/akunq.net\/tr\/?author=7"}]}},"_links":{"self":[{"href":"https:\/\/akunq.net\/tr\/index.php?rest_route=\/wp\/v2\/posts\/42802","targetHints":{"allow":["GET"]}}],"collection":[{"href":"https:\/\/akunq.net\/tr\/index.php?rest_route=\/wp\/v2\/posts"}],"about":[{"href":"https:\/\/akunq.net\/tr\/index.php?rest_route=\/wp\/v2\/types\/post"}],"author":[{"embeddable":true,"href":"https:\/\/akunq.net\/tr\/index.php?rest_route=\/wp\/v2\/users\/7"}],"replies":[{"embeddable":true,"href":"https:\/\/akunq.net\/tr\/index.php?rest_route=%2Fwp%2Fv2%2Fcomments&post=42802"}],"version-history":[{"count":1,"href":"https:\/\/akunq.net\/tr\/index.php?rest_route=\/wp\/v2\/posts\/42802\/revisions"}],"predecessor-version":[{"id":42804,"href":"https:\/\/akunq.net\/tr\/index.php?rest_route=\/wp\/v2\/posts\/42802\/revisions\/42804"}],"wp:attachment":[{"href":"https:\/\/akunq.net\/tr\/index.php?rest_route=%2Fwp%2Fv2%2Fmedia&parent=42802"}],"wp:term":[{"taxonomy":"category","embeddable":true,"href":"https:\/\/akunq.net\/tr\/index.php?rest_route=%2Fwp%2Fv2%2Fcategories&post=42802"},{"taxonomy":"post_tag","embeddable":true,"href":"https:\/\/akunq.net\/tr\/index.php?rest_route=%2Fwp%2Fv2%2Ftags&post=42802"}],"curies":[{"name":"wp","href":"https:\/\/api.w.org\/{rel}","templated":true}]}}