{"id":42633,"date":"2016-11-05T04:09:35","date_gmt":"2016-11-05T09:09:35","guid":{"rendered":"http:\/\/akunq.net\/tr\/?p=42633"},"modified":"2016-11-05T04:09:35","modified_gmt":"2016-11-05T09:09:35","slug":"nereden-bakarsan-bak-akilsizlik-hukuksuzluk","status":"publish","type":"post","link":"https:\/\/akunq.net\/tr\/?p=42633","title":{"rendered":"Nereden bakarsan bak ak\u0131ls\u0131zl\u0131k, hukuksuzluk"},"content":{"rendered":"<p style=\"text-align: justify;\"><span style=\"text-decoration: underline;\"><a href=\"http:\/\/akunq.net\/tr\/?attachment_id=42634\" rel=\"attachment wp-att-42634\"><img loading=\"lazy\" decoding=\"async\" class=\"alignright size-medium wp-image-42634\" src=\"http:\/\/akunq.net\/tr\/wp-content\/uploads\/2016\/11\/\u0537\u0580\u0563\u0575\u0578\u0582\u0576-\u0532\u0561\u0562\u0561\u0570\u0561\u0576-360x200.jpg\" alt=\"%d5%a7%d6%80%d5%a3%d5%b5%d5%b8%d6%82%d5%b6-%d5%a2%d5%a1%d5%a2%d5%a1%d5%b0%d5%a1%d5%b6\" width=\"360\" height=\"200\" srcset=\"https:\/\/akunq.net\/tr\/wp-content\/uploads\/sites\/6\/2016\/11\/\u0537\u0580\u0563\u0575\u0578\u0582\u0576-\u0532\u0561\u0562\u0561\u0570\u0561\u0576-360x200.jpg 360w, https:\/\/akunq.net\/tr\/wp-content\/uploads\/sites\/6\/2016\/11\/\u0537\u0580\u0563\u0575\u0578\u0582\u0576-\u0532\u0561\u0562\u0561\u0570\u0561\u0576-560x311.jpg 560w, https:\/\/akunq.net\/tr\/wp-content\/uploads\/sites\/6\/2016\/11\/\u0537\u0580\u0563\u0575\u0578\u0582\u0576-\u0532\u0561\u0562\u0561\u0570\u0561\u0576-260x144.jpg 260w, https:\/\/akunq.net\/tr\/wp-content\/uploads\/sites\/6\/2016\/11\/\u0537\u0580\u0563\u0575\u0578\u0582\u0576-\u0532\u0561\u0562\u0561\u0570\u0561\u0576-160x89.jpg 160w, https:\/\/akunq.net\/tr\/wp-content\/uploads\/sites\/6\/2016\/11\/\u0537\u0580\u0563\u0575\u0578\u0582\u0576-\u0532\u0561\u0562\u0561\u0570\u0561\u0576.jpg 630w\" sizes=\"auto, (max-width: 360px) 100vw, 360px\" \/><\/a><\/span><strong><em>Ermeniler\u2019in 24 Nisan\u2019da ya\u015fad\u0131\u011f\u0131na benzer bir geli\u015fmeye tan\u0131kl\u0131k etti Anadolu topraklar\u0131. Bu kez evleri bas\u0131l\u0131p g\u00f6zalt\u0131na al\u0131nanlar Ermeni siyaset\u00e7i ve ayd\u0131nlar de\u011fildi; K\u00fcrtlerdi. \u00c7ar\u015famba\u2019n\u0131n geli\u015fi Per\u015fembe\u2019den belliydi. Erdo\u011fan\u2019\u0131n ki\u015fisel \u00f6fkesine, devletin genlerine i\u015flenmi\u015f b\u00f6l\u00fcnme korkusu eklendi\u011finde K\u00fcrt siyasetinin lider kadrosuna b\u00f6yle bir operasyonun yap\u0131lmas\u0131 ka\u00e7\u0131n\u0131lmazd\u0131.<\/em><\/strong><\/p>\n<p style=\"text-align: justify;\">Bu topraklar\u0131n devletleri nobran ve sayg\u0131s\u0131zd\u0131r. Kural tan\u0131maz. Konu\u015ftu\u011fu tek dil g\u00fc\u00e7t\u00fcr. Bu co\u011frafyada g\u00fcc\u00fcn kadar vars\u0131n ve paran kadar konu\u015fursun. Devlet, K\u00fcrtlere \u2018sus\u2019 d\u00fcd\u00fc\u011f\u00fc \u00e7ald\u0131.<\/p>\n<p style=\"text-align: justify;\">K\u00fcrtlere kar\u015f\u0131 ittifak yapan devlet, sadece Erdo\u011fan ve onun b\u00fcrokratlar\u0131ndan ibaret de\u011fil. CHP de var i\u00e7inde, MHP de, Vatan Partisi de. \u00c7\u00fcnk\u00fc hepsinin genlerinde b\u00f6l\u00fcnme korkusu var ve de hi\u00e7biri K\u00fcrtlerin e\u015fit stat\u00fcye sahip olmas\u0131n\u0131 sindirebilmi\u015f de\u011fil.<\/p>\n<p style=\"text-align: justify;\">CHP\u2019nin yapaca\u011f\u0131 tek \u015fey, s\u0131radan bir k\u0131nama a\u00e7\u0131klamas\u0131 yap\u0131p olay\u0131 \u00e7\u00fcr\u00fcmeye b\u0131rakmak olacakt\u0131r. CHP\u2019nin resmi g\u00f6r\u00fc\u015f\u00fc, demokratik ittifak \u00e7a\u011fr\u0131s\u0131 yapan Demirta\u015f\u2019a Selin B\u00f6ke\u2019nin verdi\u011fi cevapt\u0131r. CHP i\u00e7in K\u00fcrtler ve siyasi yap\u0131lanmas\u0131 en az AKP i\u00e7in oldu\u011fu kadar bir tehdittir \u00e7\u00fcnk\u00fc.<\/p>\n<p style=\"text-align: justify;\">Bu a\u00e7\u0131dan bakt\u0131\u011f\u0131n\u0131zda, \u0130slamc\u0131s\u0131 ve sek\u00fcleri ile K\u00fcrtlerin temel haklar\u0131n\u0131 inkarda uzla\u015fm\u0131\u015f, bu u\u011furda \u015fiddet dahil her yola ba\u015fvurmay\u0131 m\u00fcbah g\u00f6ren bir ittifak ile kar\u015f\u0131 kar\u015f\u0131yay\u0131z. K\u00fcrt meselesinde K\u0131l\u0131\u00e7daro\u011flu, Erdo\u011fan ve Bah\u00e7eli\u2019nin yumu\u015fak \u00fcslubuyla konu\u015fan versiyonudur ne yaz\u0131k ki. K\u00fcrtlerle demokratik ittifak\u0131 \u0131srarla red eden CHP, devletin bekas\u0131 u\u011fruna, ge\u00e7ici g\u00f6rd\u00fc\u011f\u00fc bir fa\u015fizme teslim olmay\u0131, \u00f6tesi onunla i\u015fbirli\u011fi yapmay\u0131 kabullenmi\u015ftir. Yenikap\u0131 ruhu denilen \u015fey, tam da budur. K\u00fcrts\u00fcz bir demokrasi manifestosudur Yenikap\u0131 ve K\u0131l\u0131\u00e7daro\u011flu ko\u015farak gitmeyi i\u00e7ine sindirebilmi\u015ftir oraya.<\/p>\n<p style=\"text-align: justify;\">Tarihin bu noktas\u0131nda K\u00fcrtler\u2019in konumu, S\u00fcnni m\u00fcsl\u00fcmanlar kar\u015f\u0131s\u0131nda yaln\u0131z kalan Ermeniler\u2019den farkl\u0131 de\u011fildir. Farkl\u0131 olan tek \u015fey, b\u00f6lgenin ve d\u00fcnyan\u0131n ger\u00e7ekli\u011fidir ancak devletin bu ak\u0131l yap\u0131s\u0131nda uluslararas\u0131 sistemin yapabilece\u011fi fazla bir \u015fey de yoktur.<\/p>\n<p style=\"text-align: justify;\">T\u00fcrkiye\u2019de her ge\u00e7en g\u00fcn koyula\u015fan fa\u015fizme Avrupa Birli\u011fi ve Amerika\u2019dan verilmekte olan tepkinin c\u0131l\u0131zlar\u0131 bunun a\u00e7\u0131k g\u00f6stergesidir. Bat\u0131, t\u00fcm h\u00fcmanist s\u00f6ylemine ra\u011fmen \u00e7\u0131kar\u0131n\u0131 \u00f6ne koymakta ve T\u00fcrkiye\u2019de olup bitene seyirci kalmay\u0131 tercih etmektedir. Aksi halde Erdo\u011fan dedi\u011fini yap\u0131p milyonlarca Suriyeli Avrupa s\u0131n\u0131r\u0131na dayay\u0131p uluslararas\u0131 sistemi alt\u00fcst edebilir. O y\u00fczden, de\u011fi\u015fim i\u00e7in Bat\u0131\u2019dan destek beklemek ger\u00e7ek\u00e7i de\u011fildir ama bu topraklardaki t\u00fcm reform hareketleri sadece d\u0131\u015f g\u00fc\u00e7lerin ve Bat\u0131\u2019n\u0131n bask\u0131s\u0131yla ger\u00e7ekle\u015fmi\u015ftir. Bu iki tesbit, i\u00e7inde bulunulan durumun korkun\u00e7lu\u011funu a\u00e7\u0131k\u00e7a ortaya koymaktad\u0131r.<\/p>\n<p style=\"text-align: justify;\">Anadolu\u2019nun kadim halk\u0131 bu topraklardan s\u00f6k\u00fcl\u00fcp at\u0131l\u0131rken Osmanl\u0131\u2019n\u0131n m\u00fcttefiki Almanya idi. Bug\u00fcn Rusya. Bat\u0131 ise T\u00fcrkiye\u2019yi b\u00f6lmeye \u00e7al\u0131\u015fan \u015feytan olarak de\u011ferlendiriliyor. Uzun vadede K\u00fcrt meselesinin hep ba\u015f\u0131n\u0131 a\u011fr\u0131taca\u011f\u0131n\u0131 ve kendini yok edecek tohumlar\u0131 i\u00e7inde ta\u015f\u0131d\u0131\u011f\u0131na ikna olmu\u015f vaziyette T\u00fcrk devleti.<\/p>\n<p style=\"text-align: justify;\">\u015eu anda d\u00fc\u015f\u00fcnd\u00fc\u011f\u00fc k\u00f6kten bir \u00e7\u00f6z\u00fcm. Orta Do\u011fu\u2019nun i\u00e7inde bulundu\u011fu durumun da elini g\u00fc\u00e7lendirdi\u011fine inan\u0131yor. \u015eu andaki ilk hedefi, yumu\u015fak kar\u0131n g\u00f6rd\u00fc\u011f\u00fc Suriye s\u0131n\u0131r\u0131n\u0131 K\u00fcrts\u00fczle\u015ftirip b\u00f6lgeyi Arapla\u015ft\u0131rmak. \u015e\u0131rnak\u2019ta her t\u00fcrl\u00fc yap\u0131la\u015fma \u00e7abas\u0131n\u0131n engellenmesi, insanlar\u0131n g\u00f6\u00e7e zorlanmas\u0131 bu y\u00fczden. K\u00fcrtlere g\u00f6sterilen b\u00f6lge s\u0131n\u0131rdan uzak K\u00fcrt b\u00f6lgeleri. Suriye \u00e7\u00f6llerine giden trenler, kayalara \u00e7arp\u0131l\u0131p \u00f6ld\u00fcr\u00fclen bebekler yok belki ama g\u00fcn\u00fcm\u00fcz ko\u015fullar\u0131nda anlams\u0131z, ak\u0131l d\u0131\u015f\u0131 bir zul\u00fcm var.<\/p>\n<p style=\"text-align: justify;\">T\u00fcrkiye\u2019nin Bat\u0131s\u0131\u2019nda bu gidi\u015fata dur diyebilecek bir organize ak\u0131l yok. Erdo\u011fan ve AKP\u2019den nefret eden kesimleri bile, en hafif deyimle K\u00fcrt antipatisi daha fazla. K\u00fcrtler, demokratlar, insan haklar\u0131 savunucular\u0131, solcular yapayaln\u0131z.<\/p>\n<p style=\"text-align: justify;\">K\u00fcrt halk\u0131 kimliksizle\u015ftirilmek, s\u00fcnnile\u015ftirilip ehlile\u015ftirilmek isteniyor. Alevi kimli\u011fini asimile etmekte kendi a\u00e7\u0131s\u0131ndan ba\u015far\u0131l\u0131 olan, Ermenileri bu topraklardan s\u00f6k\u00fcp atan devletin bu hedefe de ula\u015fabilece\u011fine inanc\u0131 tam. Ge\u00e7mi\u015fte yapt\u0131m, yine yapar\u0131m diyor.<\/p>\n<p style=\"text-align: justify;\">Sosyal medyada yaz\u0131l\u0131p s\u00f6ylenenin aksine de hedefine ad\u0131m ad\u0131m yakla\u015f\u0131yor.<\/p>\n<p style=\"text-align: justify;\">Bundan sonra ya\u015fanacak geli\u015fmeleri, devletin tavr\u0131 kadar K\u00fcrt Siyasi Hareketi de belirleyecek. K\u00fcrtler\u2019in g\u00fcvenece\u011fi bir da\u011f yok, sadece kendileri var.<\/p>\n<p style=\"text-align: justify;\">G\u00f6r\u00fcnen o ki, gelinen noktada Anadolu yeni bir trajedinin e\u015fi\u011finde. Toplumu farkl\u0131 renklerin biraraya geldi\u011fi bir mozaik olarak de\u011fil de, tek tip askeri bir birlik gibi g\u00f6ren zihniyetin bize dayatt\u0131\u011f\u0131 ger\u00e7eklik bu. Ya 1915 benzeri bir kanl\u0131 vah\u015fete tan\u0131kl\u0131k edecek ya da birlik ve beraberli\u011fini kaybedip par\u00e7alanacak. Sonucu da dedi\u011fim gibi sadece T\u00fcrk devletinin tutumu de\u011fil, K\u00fcrtlerin g\u00f6sterece\u011fi tepki belirleyecek.<\/p>\n<p style=\"text-align: justify;\"><strong><em>http:\/\/haberdar.com\/nereden-bakarsan-bak-akilsizlik-hukuksuzluk-makale,1257.html<\/em><\/strong><\/p>\n","protected":false},"excerpt":{"rendered":"<p>Ermeniler\u2019in 24 Nisan\u2019da ya\u015fad\u0131\u011f\u0131na benzer bir geli\u015fmeye tan\u0131kl\u0131k etti Anadolu topraklar\u0131. Bu kez evleri bas\u0131l\u0131p g\u00f6zalt\u0131na al\u0131nanlar Ermeni siyaset\u00e7i ve ayd\u0131nlar de\u011fildi; K\u00fcrtlerdi. \u00c7ar\u015famba\u2019n\u0131n geli\u015fi Per\u015fembe\u2019den belliydi. Erdo\u011fan\u2019\u0131n ki\u015fisel \u00f6fkesine, devletin genlerine i\u015flenmi\u015f b\u00f6l\u00fcnme korkusu eklendi\u011finde K\u00fcrt siyasetinin lider kadrosuna b\u00f6yle bir operasyonun yap\u0131lmas\u0131 ka\u00e7\u0131n\u0131lmazd\u0131. Bu topraklar\u0131n devletleri nobran ve sayg\u0131s\u0131zd\u0131r. Kural tan\u0131maz. Konu\u015ftu\u011fu tek [&hellip;]<\/p>\n","protected":false},"author":7,"featured_media":42634,"comment_status":"open","ping_status":"open","sticky":false,"template":"","format":"standard","meta":{"footnotes":""},"categories":[44,1,53],"tags":[],"class_list":["post-42633","post","type-post","status-publish","format-standard","has-post-thumbnail","hentry","category-ermeni-soykirimi","category-haberler","category-turkiyede-azinliklar"],"yoast_head":"<!-- This site is optimized with the Yoast SEO plugin v27.4 - https:\/\/yoast.com\/product\/yoast-seo-wordpress\/ -->\n<title>Nereden bakarsan bak ak\u0131ls\u0131zl\u0131k, hukuksuzluk - Bati Ermenistan Ve Bati Ermenileri Sorunlari Ara\u015ftirmalar Merkezi<\/title>\n<meta name=\"robots\" content=\"index, follow, max-snippet:-1, max-image-preview:large, max-video-preview:-1\" \/>\n<link rel=\"canonical\" href=\"https:\/\/akunq.net\/tr\/?p=42633\" \/>\n<meta property=\"og:locale\" content=\"en_US\" \/>\n<meta property=\"og:type\" content=\"article\" \/>\n<meta property=\"og:title\" content=\"Nereden bakarsan bak ak\u0131ls\u0131zl\u0131k, hukuksuzluk - Bati Ermenistan Ve Bati Ermenileri Sorunlari Ara\u015ftirmalar Merkezi\" \/>\n<meta property=\"og:description\" content=\"Ermeniler\u2019in 24 Nisan\u2019da ya\u015fad\u0131\u011f\u0131na benzer bir geli\u015fmeye tan\u0131kl\u0131k etti Anadolu topraklar\u0131. Bu kez evleri bas\u0131l\u0131p g\u00f6zalt\u0131na al\u0131nanlar Ermeni siyaset\u00e7i ve ayd\u0131nlar de\u011fildi; K\u00fcrtlerdi. \u00c7ar\u015famba\u2019n\u0131n geli\u015fi Per\u015fembe\u2019den belliydi. Erdo\u011fan\u2019\u0131n ki\u015fisel \u00f6fkesine, devletin genlerine i\u015flenmi\u015f b\u00f6l\u00fcnme korkusu eklendi\u011finde K\u00fcrt siyasetinin lider kadrosuna b\u00f6yle bir operasyonun yap\u0131lmas\u0131 ka\u00e7\u0131n\u0131lmazd\u0131. Bu topraklar\u0131n devletleri nobran ve sayg\u0131s\u0131zd\u0131r. Kural tan\u0131maz. Konu\u015ftu\u011fu tek [&hellip;]\" \/>\n<meta property=\"og:url\" content=\"https:\/\/akunq.net\/tr\/?p=42633\" \/>\n<meta property=\"og:site_name\" content=\"Bati Ermenistan Ve Bati Ermenileri Sorunlari Ara\u015ftirmalar Merkezi\" \/>\n<meta property=\"article:published_time\" content=\"2016-11-05T09:09:35+00:00\" \/>\n<meta property=\"og:image\" content=\"https:\/\/akunq.net\/tr\/wp-content\/uploads\/sites\/6\/2016\/11\/\u0537\u0580\u0563\u0575\u0578\u0582\u0576-\u0532\u0561\u0562\u0561\u0570\u0561\u0576.jpg\" \/>\n\t<meta property=\"og:image:width\" content=\"630\" \/>\n\t<meta property=\"og:image:height\" content=\"350\" \/>\n\t<meta property=\"og:image:type\" content=\"image\/jpeg\" \/>\n<meta name=\"author\" content=\"admin\" \/>\n<meta name=\"twitter:card\" content=\"summary_large_image\" \/>\n<meta name=\"twitter:label1\" content=\"Written by\" \/>\n\t<meta name=\"twitter:data1\" content=\"admin\" \/>\n\t<meta name=\"twitter:label2\" content=\"Est. reading time\" \/>\n\t<meta name=\"twitter:data2\" content=\"5 minutes\" \/>\n<script type=\"application\/ld+json\" class=\"yoast-schema-graph\">{\"@context\":\"https:\\\/\\\/schema.org\",\"@graph\":[{\"@type\":\"Article\",\"@id\":\"https:\\\/\\\/akunq.net\\\/tr\\\/?p=42633#article\",\"isPartOf\":{\"@id\":\"https:\\\/\\\/akunq.net\\\/tr\\\/?p=42633\"},\"author\":{\"name\":\"admin\",\"@id\":\"https:\\\/\\\/akunq.net\\\/tr\\\/#\\\/schema\\\/person\\\/096f1d38a12cce57fb855b485ed24c9e\"},\"headline\":\"Nereden bakarsan bak ak\u0131ls\u0131zl\u0131k, hukuksuzluk\",\"datePublished\":\"2016-11-05T09:09:35+00:00\",\"mainEntityOfPage\":{\"@id\":\"https:\\\/\\\/akunq.net\\\/tr\\\/?p=42633\"},\"wordCount\":938,\"commentCount\":0,\"image\":{\"@id\":\"https:\\\/\\\/akunq.net\\\/tr\\\/?p=42633#primaryimage\"},\"thumbnailUrl\":\"https:\\\/\\\/akunq.net\\\/tr\\\/wp-content\\\/uploads\\\/sites\\\/6\\\/2016\\\/11\\\/\u0537\u0580\u0563\u0575\u0578\u0582\u0576-\u0532\u0561\u0562\u0561\u0570\u0561\u0576.jpg\",\"articleSection\":[\"Ermeni Soyk\u0131r\u0131m\u0131\",\"Haberler\",\"T\u00fcrkiye\u2019de Az\u0131nl\u0131klar\"],\"inLanguage\":\"en-US\",\"potentialAction\":[{\"@type\":\"CommentAction\",\"name\":\"Comment\",\"target\":[\"https:\\\/\\\/akunq.net\\\/tr\\\/?p=42633#respond\"]}]},{\"@type\":\"WebPage\",\"@id\":\"https:\\\/\\\/akunq.net\\\/tr\\\/?p=42633\",\"url\":\"https:\\\/\\\/akunq.net\\\/tr\\\/?p=42633\",\"name\":\"Nereden bakarsan bak ak\u0131ls\u0131zl\u0131k, hukuksuzluk - Bati Ermenistan Ve Bati Ermenileri Sorunlari Ara\u015ftirmalar Merkezi\",\"isPartOf\":{\"@id\":\"https:\\\/\\\/akunq.net\\\/tr\\\/#website\"},\"primaryImageOfPage\":{\"@id\":\"https:\\\/\\\/akunq.net\\\/tr\\\/?p=42633#primaryimage\"},\"image\":{\"@id\":\"https:\\\/\\\/akunq.net\\\/tr\\\/?p=42633#primaryimage\"},\"thumbnailUrl\":\"https:\\\/\\\/akunq.net\\\/tr\\\/wp-content\\\/uploads\\\/sites\\\/6\\\/2016\\\/11\\\/\u0537\u0580\u0563\u0575\u0578\u0582\u0576-\u0532\u0561\u0562\u0561\u0570\u0561\u0576.jpg\",\"datePublished\":\"2016-11-05T09:09:35+00:00\",\"author\":{\"@id\":\"https:\\\/\\\/akunq.net\\\/tr\\\/#\\\/schema\\\/person\\\/096f1d38a12cce57fb855b485ed24c9e\"},\"breadcrumb\":{\"@id\":\"https:\\\/\\\/akunq.net\\\/tr\\\/?p=42633#breadcrumb\"},\"inLanguage\":\"en-US\",\"potentialAction\":[{\"@type\":\"ReadAction\",\"target\":[\"https:\\\/\\\/akunq.net\\\/tr\\\/?p=42633\"]}]},{\"@type\":\"ImageObject\",\"inLanguage\":\"en-US\",\"@id\":\"https:\\\/\\\/akunq.net\\\/tr\\\/?p=42633#primaryimage\",\"url\":\"https:\\\/\\\/akunq.net\\\/tr\\\/wp-content\\\/uploads\\\/sites\\\/6\\\/2016\\\/11\\\/\u0537\u0580\u0563\u0575\u0578\u0582\u0576-\u0532\u0561\u0562\u0561\u0570\u0561\u0576.jpg\",\"contentUrl\":\"https:\\\/\\\/akunq.net\\\/tr\\\/wp-content\\\/uploads\\\/sites\\\/6\\\/2016\\\/11\\\/\u0537\u0580\u0563\u0575\u0578\u0582\u0576-\u0532\u0561\u0562\u0561\u0570\u0561\u0576.jpg\",\"width\":630,\"height\":350},{\"@type\":\"BreadcrumbList\",\"@id\":\"https:\\\/\\\/akunq.net\\\/tr\\\/?p=42633#breadcrumb\",\"itemListElement\":[{\"@type\":\"ListItem\",\"position\":1,\"name\":\"Home\",\"item\":\"https:\\\/\\\/akunq.net\\\/tr\"},{\"@type\":\"ListItem\",\"position\":2,\"name\":\"Nereden bakarsan bak ak\u0131ls\u0131zl\u0131k, hukuksuzluk\"}]},{\"@type\":\"WebSite\",\"@id\":\"https:\\\/\\\/akunq.net\\\/tr\\\/#website\",\"url\":\"https:\\\/\\\/akunq.net\\\/tr\\\/\",\"name\":\"Bati Ermenistan Ve Bati Ermenileri Sorunlari Ara\u015ftirmalar Merkezi\",\"description\":\"\",\"potentialAction\":[{\"@type\":\"SearchAction\",\"target\":{\"@type\":\"EntryPoint\",\"urlTemplate\":\"https:\\\/\\\/akunq.net\\\/tr\\\/?s={search_term_string}\"},\"query-input\":{\"@type\":\"PropertyValueSpecification\",\"valueRequired\":true,\"valueName\":\"search_term_string\"}}],\"inLanguage\":\"en-US\"},{\"@type\":\"Person\",\"@id\":\"https:\\\/\\\/akunq.net\\\/tr\\\/#\\\/schema\\\/person\\\/096f1d38a12cce57fb855b485ed24c9e\",\"name\":\"admin\",\"url\":\"https:\\\/\\\/akunq.net\\\/tr\\\/?author=7\"}]}<\/script>\n<!-- \/ Yoast SEO plugin. -->","yoast_head_json":{"title":"Nereden bakarsan bak ak\u0131ls\u0131zl\u0131k, hukuksuzluk - Bati Ermenistan Ve Bati Ermenileri Sorunlari Ara\u015ftirmalar Merkezi","robots":{"index":"index","follow":"follow","max-snippet":"max-snippet:-1","max-image-preview":"max-image-preview:large","max-video-preview":"max-video-preview:-1"},"canonical":"https:\/\/akunq.net\/tr\/?p=42633","og_locale":"en_US","og_type":"article","og_title":"Nereden bakarsan bak ak\u0131ls\u0131zl\u0131k, hukuksuzluk - Bati Ermenistan Ve Bati Ermenileri Sorunlari Ara\u015ftirmalar Merkezi","og_description":"Ermeniler\u2019in 24 Nisan\u2019da ya\u015fad\u0131\u011f\u0131na benzer bir geli\u015fmeye tan\u0131kl\u0131k etti Anadolu topraklar\u0131. Bu kez evleri bas\u0131l\u0131p g\u00f6zalt\u0131na al\u0131nanlar Ermeni siyaset\u00e7i ve ayd\u0131nlar de\u011fildi; K\u00fcrtlerdi. \u00c7ar\u015famba\u2019n\u0131n geli\u015fi Per\u015fembe\u2019den belliydi. Erdo\u011fan\u2019\u0131n ki\u015fisel \u00f6fkesine, devletin genlerine i\u015flenmi\u015f b\u00f6l\u00fcnme korkusu eklendi\u011finde K\u00fcrt siyasetinin lider kadrosuna b\u00f6yle bir operasyonun yap\u0131lmas\u0131 ka\u00e7\u0131n\u0131lmazd\u0131. Bu topraklar\u0131n devletleri nobran ve sayg\u0131s\u0131zd\u0131r. Kural tan\u0131maz. Konu\u015ftu\u011fu tek [&hellip;]","og_url":"https:\/\/akunq.net\/tr\/?p=42633","og_site_name":"Bati Ermenistan Ve Bati Ermenileri Sorunlari Ara\u015ftirmalar Merkezi","article_published_time":"2016-11-05T09:09:35+00:00","og_image":[{"width":630,"height":350,"url":"https:\/\/akunq.net\/tr\/wp-content\/uploads\/sites\/6\/2016\/11\/\u0537\u0580\u0563\u0575\u0578\u0582\u0576-\u0532\u0561\u0562\u0561\u0570\u0561\u0576.jpg","type":"image\/jpeg"}],"author":"admin","twitter_card":"summary_large_image","twitter_misc":{"Written by":"admin","Est. reading time":"5 minutes"},"schema":{"@context":"https:\/\/schema.org","@graph":[{"@type":"Article","@id":"https:\/\/akunq.net\/tr\/?p=42633#article","isPartOf":{"@id":"https:\/\/akunq.net\/tr\/?p=42633"},"author":{"name":"admin","@id":"https:\/\/akunq.net\/tr\/#\/schema\/person\/096f1d38a12cce57fb855b485ed24c9e"},"headline":"Nereden bakarsan bak ak\u0131ls\u0131zl\u0131k, hukuksuzluk","datePublished":"2016-11-05T09:09:35+00:00","mainEntityOfPage":{"@id":"https:\/\/akunq.net\/tr\/?p=42633"},"wordCount":938,"commentCount":0,"image":{"@id":"https:\/\/akunq.net\/tr\/?p=42633#primaryimage"},"thumbnailUrl":"https:\/\/akunq.net\/tr\/wp-content\/uploads\/sites\/6\/2016\/11\/\u0537\u0580\u0563\u0575\u0578\u0582\u0576-\u0532\u0561\u0562\u0561\u0570\u0561\u0576.jpg","articleSection":["Ermeni Soyk\u0131r\u0131m\u0131","Haberler","T\u00fcrkiye\u2019de Az\u0131nl\u0131klar"],"inLanguage":"en-US","potentialAction":[{"@type":"CommentAction","name":"Comment","target":["https:\/\/akunq.net\/tr\/?p=42633#respond"]}]},{"@type":"WebPage","@id":"https:\/\/akunq.net\/tr\/?p=42633","url":"https:\/\/akunq.net\/tr\/?p=42633","name":"Nereden bakarsan bak ak\u0131ls\u0131zl\u0131k, hukuksuzluk - Bati Ermenistan Ve Bati Ermenileri Sorunlari Ara\u015ftirmalar Merkezi","isPartOf":{"@id":"https:\/\/akunq.net\/tr\/#website"},"primaryImageOfPage":{"@id":"https:\/\/akunq.net\/tr\/?p=42633#primaryimage"},"image":{"@id":"https:\/\/akunq.net\/tr\/?p=42633#primaryimage"},"thumbnailUrl":"https:\/\/akunq.net\/tr\/wp-content\/uploads\/sites\/6\/2016\/11\/\u0537\u0580\u0563\u0575\u0578\u0582\u0576-\u0532\u0561\u0562\u0561\u0570\u0561\u0576.jpg","datePublished":"2016-11-05T09:09:35+00:00","author":{"@id":"https:\/\/akunq.net\/tr\/#\/schema\/person\/096f1d38a12cce57fb855b485ed24c9e"},"breadcrumb":{"@id":"https:\/\/akunq.net\/tr\/?p=42633#breadcrumb"},"inLanguage":"en-US","potentialAction":[{"@type":"ReadAction","target":["https:\/\/akunq.net\/tr\/?p=42633"]}]},{"@type":"ImageObject","inLanguage":"en-US","@id":"https:\/\/akunq.net\/tr\/?p=42633#primaryimage","url":"https:\/\/akunq.net\/tr\/wp-content\/uploads\/sites\/6\/2016\/11\/\u0537\u0580\u0563\u0575\u0578\u0582\u0576-\u0532\u0561\u0562\u0561\u0570\u0561\u0576.jpg","contentUrl":"https:\/\/akunq.net\/tr\/wp-content\/uploads\/sites\/6\/2016\/11\/\u0537\u0580\u0563\u0575\u0578\u0582\u0576-\u0532\u0561\u0562\u0561\u0570\u0561\u0576.jpg","width":630,"height":350},{"@type":"BreadcrumbList","@id":"https:\/\/akunq.net\/tr\/?p=42633#breadcrumb","itemListElement":[{"@type":"ListItem","position":1,"name":"Home","item":"https:\/\/akunq.net\/tr"},{"@type":"ListItem","position":2,"name":"Nereden bakarsan bak ak\u0131ls\u0131zl\u0131k, hukuksuzluk"}]},{"@type":"WebSite","@id":"https:\/\/akunq.net\/tr\/#website","url":"https:\/\/akunq.net\/tr\/","name":"Bati Ermenistan Ve Bati Ermenileri Sorunlari Ara\u015ftirmalar Merkezi","description":"","potentialAction":[{"@type":"SearchAction","target":{"@type":"EntryPoint","urlTemplate":"https:\/\/akunq.net\/tr\/?s={search_term_string}"},"query-input":{"@type":"PropertyValueSpecification","valueRequired":true,"valueName":"search_term_string"}}],"inLanguage":"en-US"},{"@type":"Person","@id":"https:\/\/akunq.net\/tr\/#\/schema\/person\/096f1d38a12cce57fb855b485ed24c9e","name":"admin","url":"https:\/\/akunq.net\/tr\/?author=7"}]}},"_links":{"self":[{"href":"https:\/\/akunq.net\/tr\/index.php?rest_route=\/wp\/v2\/posts\/42633","targetHints":{"allow":["GET"]}}],"collection":[{"href":"https:\/\/akunq.net\/tr\/index.php?rest_route=\/wp\/v2\/posts"}],"about":[{"href":"https:\/\/akunq.net\/tr\/index.php?rest_route=\/wp\/v2\/types\/post"}],"author":[{"embeddable":true,"href":"https:\/\/akunq.net\/tr\/index.php?rest_route=\/wp\/v2\/users\/7"}],"replies":[{"embeddable":true,"href":"https:\/\/akunq.net\/tr\/index.php?rest_route=%2Fwp%2Fv2%2Fcomments&post=42633"}],"version-history":[{"count":1,"href":"https:\/\/akunq.net\/tr\/index.php?rest_route=\/wp\/v2\/posts\/42633\/revisions"}],"predecessor-version":[{"id":42635,"href":"https:\/\/akunq.net\/tr\/index.php?rest_route=\/wp\/v2\/posts\/42633\/revisions\/42635"}],"wp:featuredmedia":[{"embeddable":true,"href":"https:\/\/akunq.net\/tr\/index.php?rest_route=\/wp\/v2\/media\/42634"}],"wp:attachment":[{"href":"https:\/\/akunq.net\/tr\/index.php?rest_route=%2Fwp%2Fv2%2Fmedia&parent=42633"}],"wp:term":[{"taxonomy":"category","embeddable":true,"href":"https:\/\/akunq.net\/tr\/index.php?rest_route=%2Fwp%2Fv2%2Fcategories&post=42633"},{"taxonomy":"post_tag","embeddable":true,"href":"https:\/\/akunq.net\/tr\/index.php?rest_route=%2Fwp%2Fv2%2Ftags&post=42633"}],"curies":[{"name":"wp","href":"https:\/\/api.w.org\/{rel}","templated":true}]}}