{"id":42085,"date":"2016-09-28T03:12:10","date_gmt":"2016-09-28T08:12:10","guid":{"rendered":"http:\/\/akunq.net\/tr\/?p=42085"},"modified":"2016-09-28T03:12:10","modified_gmt":"2016-09-28T08:12:10","slug":"turkiyedeki-dini-azinliklarin-artan-isid-korkusu","status":"publish","type":"post","link":"https:\/\/akunq.net\/tr\/?p=42085","title":{"rendered":"T\u00fcrkiye&#8217;deki Dini Az\u0131nl\u0131klar\u0131n Artan I\u015e\u0130D Korkusu"},"content":{"rendered":"<p style=\"text-align: justify;\"><strong><a href=\"http:\/\/akunq.net\/tr\/?attachment_id=42086\" rel=\"attachment wp-att-42086\"><img loading=\"lazy\" decoding=\"async\" class=\"alignright size-full wp-image-42086\" src=\"http:\/\/akunq.net\/tr\/wp-content\/uploads\/2016\/09\/T\u00fcrkiyedeki-Dini-Az\u0131nl\u0131klar.jpg\" alt=\"turkiyedeki-dini-azinliklar\" width=\"200\" height=\"112\" srcset=\"https:\/\/akunq.net\/tr\/wp-content\/uploads\/sites\/6\/2016\/09\/T\u00fcrkiyedeki-Dini-Az\u0131nl\u0131klar.jpg 200w, https:\/\/akunq.net\/tr\/wp-content\/uploads\/sites\/6\/2016\/09\/T\u00fcrkiyedeki-Dini-Az\u0131nl\u0131klar-160x90.jpg 160w\" sizes=\"auto, (max-width: 200px) 100vw, 200px\" \/><\/a>Kas\u0131m Cindemir\/ Uzay Bulut<\/strong><\/p>\n<p style=\"text-align: justify;\"><strong><em>Ankara I\u015e\u0130D\u2019e kar\u015f\u0131 sert \u00f6nlemleri ya\u015fama ge\u00e7irirken, T\u00fcrkiye\u2019deki dini az\u0131nl\u0131klar\u0131n radikal \u0130slamc\u0131 ter\u00f6rist eylemlere hedef olma yolundaki korkular\u0131 giderek art\u0131yor. Amerikan resmi verilerine g\u00f6re, 79 milyonluk T\u00fcrkiye\u2019de ya\u015fayan H\u0131ristiyan ve Yahudiler\u2019in oran\u0131 sadece y\u00fczde 0,2 civar\u0131nda. Ancak bu az\u0131nl\u0131klar, iktidar yanl\u0131s\u0131 medya taraf\u0131ndan 15 Temmuz darbe giri\u015fiminin ard\u0131nda olma su\u00e7lamalar\u0131na maruz kal\u0131yor. Ge\u00e7en ay yap\u0131lan ve halktan olduk\u00e7a yo\u011fun ilgi g\u00f6ren \u201cDemokrasi ve \u015eehitler\u201d mitinginde s\u00f6z alan konu\u015fmac\u0131lar\u0131n baz\u0131lar\u0131 bu az\u0131nl\u0131k gruplarla darbe komplocular\u0131 aras\u0131nda ba\u011flant\u0131 kurdu. Bu konu\u015fmac\u0131lar, \u201cBizans\u2019\u0131n tohumlar\u0131 ve Ha\u00e7l\u0131lar\u201d gibi ifadeler kulland\u0131. Cumhurba\u015fkan\u0131 Tayyip Erdo\u011fan\u2019\u0131n da bir konu\u015fma yapt\u0131\u011f\u0131 bu darbe kar\u015f\u0131t\u0131 mitinge H\u0131ristiyan ve Yahudi toplumlar\u0131n\u0131n liderleri de kat\u0131lm\u0131\u015ft\u0131.<\/em><\/strong><\/p>\n<p style=\"text-align: justify;\">\u0130nsan haklar\u0131 savunucusu avukat ve yazar Orhan Kemal Cengiz, VOA\u2019ye yapt\u0131\u011f\u0131 a\u00e7\u0131klamada, iktidar partisi AKP yanl\u0131s\u0131 medyan\u0131n darbe giri\u015fimi ile dini az\u0131nl\u0131klar aras\u0131nda ba\u011flant\u0131 kurarak \u201cg\u00fcnah ke\u00e7isi\u201d yaratmaya \u00e7al\u0131\u015fmas\u0131n\u0131n alarm verici oldu\u011funu s\u00f6yledi.Cengiz, AKP yanl\u0131s\u0131 medyan\u0131n anti-Amerikan ve anti-AB bir s\u00f6ylem kulland\u0131\u011f\u0131n\u0131 ve bu s\u00f6ylemin M\u00fcsl\u00fcman olmayan az\u0131nl\u0131k gruplara zarar verdi\u011fini belirtti.<\/p>\n<p style=\"text-align: justify;\">T\u00fcrk Yahudileri ile ilgili \u00e7e\u015fitli kitaplar\u0131 kaleme alan ara\u015ft\u0131rmac\u0131 yazar Rifat Bali ise, dini az\u0131nl\u0131klar\u0131n darbe giri\u015fimiyle hi\u00e7bir ilgisi olmamas\u0131na ra\u011fmen su\u00e7lamalar\u0131n hedefi yap\u0131ld\u0131\u011f\u0131n\u0131 savundu. Bali, \u201cKomplo teorilerinin yayg\u0131n kabul g\u00f6rd\u00fc\u011f\u00fc bir ortamda, her\u015feyin arkas\u0131nda dini az\u0131nl\u0131klar\u0131n bulundu\u011funu s\u00f6ylemek normal bir davran\u0131\u015f haline geliyor\u201d dedi.<\/p>\n<p style=\"text-align: justify;\">As\u0131rlard\u0131r T\u00fcrkiye\u2019de ya\u015fayan bir dini az\u0131nl\u0131k olan Yahudiler 1934\u2019te Trakya\u2019da, H\u0131ristiyan Rumlar ise 1955\u2019te \u0130stanbul\u2019da \u0131rk\u00e7\u0131 \u015fiddet eylemlerinin hedefleri olmu\u015flard\u0131. I\u015e\u0130D\u2019in T\u00fcrkiye\u2019de halka korku veren bir yap\u0131lanma olu\u015fturabilmesi, son bir y\u0131lda ya\u015fanan ve \u00e7ok say\u0131da ki\u015finin \u00f6l\u00fcm\u00fcne yol a\u00e7an I\u015e\u0130D canl\u0131 bomba eylemleri ise bu dini az\u0131nl\u0131klar\u0131n ge\u00e7mi\u015ften gelen endi\u015fe ve korkular\u0131n\u0131 daha da art\u0131rd\u0131. I\u015e\u0130D\u2019in T\u00fcrkiye\u2019de son bir y\u0131l i\u00e7inde d\u00fczenledi\u011fi eylemlerde, Almanlar, \u0130srailliler ve farkl\u0131 \u00fclkelerden yabanc\u0131lar da can verdi.<\/p>\n<p style=\"text-align: justify;\">T\u00fcrk Protestan Kiliseleri Genel Sekreteri Umut \u015eahin, VOA\u2019ya yapt\u0131\u011f\u0131 a\u00e7\u0131klamada, 15 papaz\u0131n cep telefonuna \u00f6l\u00fcm tehdidi mesajlar\u0131 yolland\u0131\u011f\u0131n\u0131 kaydetti. \u015eahin, \u201cBu mesajlarda kullan\u0131lan videolar ile arg\u00fcmanlar I\u015e\u0130D\u2019in ideolojik s\u00f6ylemi ile ayn\u0131yd\u0131\u201d dedi.<\/p>\n<p style=\"text-align: justify;\">T\u00fcrkiye\u2019de 10 bin kadar Protestan ya\u015f\u0131yor. Ankara\u2019daki bir Protestan Kilisesi\u2019nin Papaz\u0131 olan \u0130lhan \u00d6zbek, I\u015e\u0130D korkusundan dolay\u0131 Pazar ayinlerini iptal ettiklerini s\u00f6yledi. \u00d6zbek, \u201cI\u015e\u0130D ter\u00f6r eylemleri, toplumumuzda derin bir panik ve korku do\u011fmas\u0131na neden oldu\u201d dedi.<\/p>\n<p style=\"text-align: justify;\">\u0130nsan haklar\u0131 savunucusu Avukat Erkan Metin, Suriye\u2019de I\u015e\u0130D\u2019in barbarca eylemlerine hedef olan \u00e7ok say\u0131da S\u00fcryani\u2019nin ka\u00e7t\u0131\u011f\u0131n\u0131 ve T\u00fcrkiye\u2019de olanlar\u0131n iseya ayr\u0131ld\u0131\u011f\u0131n\u0131 veya ayr\u0131lmay\u0131 planlad\u0131\u011f\u0131n\u0131 s\u00f6yledi. T\u00fcrkiye\u2019de 25 bin kadar S\u00fcryani ya\u015f\u0131yor.<\/p>\n<p style=\"text-align: justify;\">Bir antropolog olan I\u015f\u0131l Demirel, cihad\u0131 ba\u015flatan grubun \u201c\u0130slam Devleti\u201d ad\u0131n\u0131 ta\u015f\u0131mas\u0131n\u0131n do\u011fal olarak az\u0131nl\u0131klar\u0131n kayg\u0131 ve korkular\u0131n\u0131 art\u0131rd\u0131\u011f\u0131n\u0131 s\u00f6yledi.<\/p>\n<p style=\"text-align: justify;\">Radikal \u0130slamc\u0131lar, 13 y\u0131l \u00f6nce \u0130stanbul\u2019da iki sinagogu bombalam\u0131\u015ft\u0131. Rifat Bali, \u201cYahudiler o sald\u0131r\u0131lardan gerekli dersleri \u00e7\u0131kard\u0131. Potansiyel sald\u0131r\u0131lara kar\u015f\u0131 da ellerinden gelen her t\u00fcrl\u00fc \u00f6nlemi al\u0131yorlar\u201d diye konu\u015ftu.<\/p>\n<p style=\"text-align: justify;\">20\u2019inci y\u00fczy\u0131l\u0131n ba\u015f\u0131nda T\u00fcrkiye\u2019de 200 bin Yahudi ya\u015f\u0131yordu. Bug\u00fcn ise T\u00fcrkiye\u2019de 18 bin kadar Yahudi ya\u015f\u0131yor. Osmanl\u0131 \u0130mparatorlu\u011fu, 15. Y\u00fczy\u0131lda \u0130spanya ve Portekiz\u2019den kovulan Sefarad Yahudileri\u2019ne kucak a\u00e7m\u0131\u015ft\u0131.<\/p>\n<p style=\"text-align: justify;\">Cumhurba\u015fkan\u0131 Tayyip Erdo\u011fan, k\u0131sa bir s\u00fcre \u00f6nce yapt\u0131\u011f\u0131 a\u00e7\u0131klamada T\u00fcrkiye\u2019de I\u015e\u0130D\u2019in bitirilece\u011fini s\u00f6yledi. Ger\u00e7ekten de T\u00fcrkiye i\u00e7inde I\u015e\u0130D\u2019e kar\u015f\u0131 \u00f6nlemlerin ve bask\u0131nlar\u0131n giderek art\u0131r\u0131ld\u0131\u011f\u0131 dikkatleri \u00e7ekiyor.<\/p>\n<p style=\"text-align: justify;\"><a href=\"http:\/\/www.amerikaninsesi.com\/a\/turkiyedeki-dini-azinliklerin-artan-isid-korkusu-ewd\/3525905.html\"><strong><em>http:\/\/www.amerikaninsesi.com\/a\/turkiyedeki-dini-azinliklerin-artan-isid-korkusu-ewd\/3525905.html<\/em><\/strong><\/a><\/p>\n","protected":false},"excerpt":{"rendered":"<p>Kas\u0131m Cindemir\/ Uzay Bulut Ankara I\u015e\u0130D\u2019e kar\u015f\u0131 sert \u00f6nlemleri ya\u015fama ge\u00e7irirken, T\u00fcrkiye\u2019deki dini az\u0131nl\u0131klar\u0131n radikal \u0130slamc\u0131 ter\u00f6rist eylemlere hedef olma yolundaki korkular\u0131 giderek art\u0131yor. Amerikan resmi verilerine g\u00f6re, 79 milyonluk T\u00fcrkiye\u2019de ya\u015fayan H\u0131ristiyan ve Yahudiler\u2019in oran\u0131 sadece y\u00fczde 0,2 civar\u0131nda. Ancak bu az\u0131nl\u0131klar, iktidar yanl\u0131s\u0131 medya taraf\u0131ndan 15 Temmuz darbe giri\u015fiminin ard\u0131nda olma su\u00e7lamalar\u0131na maruz [&hellip;]<\/p>\n","protected":false},"author":7,"featured_media":42086,"comment_status":"open","ping_status":"open","sticky":false,"template":"","format":"standard","meta":{"footnotes":""},"categories":[1,70,53],"tags":[],"class_list":["post-42085","post","type-post","status-publish","format-standard","has-post-thumbnail","hentry","category-haberler","category-makaleler","category-turkiyede-azinliklar"],"yoast_head":"<!-- This site is optimized with the Yoast SEO plugin v27.4 - https:\/\/yoast.com\/product\/yoast-seo-wordpress\/ -->\n<title>T\u00fcrkiye&#039;deki Dini Az\u0131nl\u0131klar\u0131n Artan I\u015e\u0130D Korkusu - Bati Ermenistan Ve Bati Ermenileri Sorunlari Ara\u015ftirmalar Merkezi<\/title>\n<meta name=\"robots\" content=\"index, follow, max-snippet:-1, max-image-preview:large, max-video-preview:-1\" \/>\n<link rel=\"canonical\" href=\"https:\/\/akunq.net\/tr\/?p=42085\" \/>\n<meta property=\"og:locale\" content=\"en_US\" \/>\n<meta property=\"og:type\" content=\"article\" \/>\n<meta property=\"og:title\" content=\"T\u00fcrkiye&#039;deki Dini Az\u0131nl\u0131klar\u0131n Artan I\u015e\u0130D Korkusu - Bati Ermenistan Ve Bati Ermenileri Sorunlari Ara\u015ftirmalar Merkezi\" \/>\n<meta property=\"og:description\" content=\"Kas\u0131m Cindemir\/ Uzay Bulut Ankara I\u015e\u0130D\u2019e kar\u015f\u0131 sert \u00f6nlemleri ya\u015fama ge\u00e7irirken, T\u00fcrkiye\u2019deki dini az\u0131nl\u0131klar\u0131n radikal \u0130slamc\u0131 ter\u00f6rist eylemlere hedef olma yolundaki korkular\u0131 giderek art\u0131yor. Amerikan resmi verilerine g\u00f6re, 79 milyonluk T\u00fcrkiye\u2019de ya\u015fayan H\u0131ristiyan ve Yahudiler\u2019in oran\u0131 sadece y\u00fczde 0,2 civar\u0131nda. Ancak bu az\u0131nl\u0131klar, iktidar yanl\u0131s\u0131 medya taraf\u0131ndan 15 Temmuz darbe giri\u015fiminin ard\u0131nda olma su\u00e7lamalar\u0131na maruz [&hellip;]\" \/>\n<meta property=\"og:url\" content=\"https:\/\/akunq.net\/tr\/?p=42085\" \/>\n<meta property=\"og:site_name\" content=\"Bati Ermenistan Ve Bati Ermenileri Sorunlari Ara\u015ftirmalar Merkezi\" \/>\n<meta property=\"article:published_time\" content=\"2016-09-28T08:12:10+00:00\" \/>\n<meta property=\"og:image\" content=\"https:\/\/akunq.net\/tr\/wp-content\/uploads\/sites\/6\/2016\/09\/T\u00fcrkiyedeki-Dini-Az\u0131nl\u0131klar.jpg\" \/>\n\t<meta property=\"og:image:width\" content=\"200\" \/>\n\t<meta property=\"og:image:height\" content=\"112\" \/>\n\t<meta property=\"og:image:type\" content=\"image\/jpeg\" \/>\n<meta name=\"author\" content=\"admin\" \/>\n<meta name=\"twitter:card\" content=\"summary_large_image\" \/>\n<meta name=\"twitter:label1\" content=\"Written by\" \/>\n\t<meta name=\"twitter:data1\" content=\"admin\" \/>\n\t<meta name=\"twitter:label2\" content=\"Est. reading time\" \/>\n\t<meta name=\"twitter:data2\" content=\"4 minutes\" \/>\n<script type=\"application\/ld+json\" class=\"yoast-schema-graph\">{\"@context\":\"https:\\\/\\\/schema.org\",\"@graph\":[{\"@type\":\"Article\",\"@id\":\"https:\\\/\\\/akunq.net\\\/tr\\\/?p=42085#article\",\"isPartOf\":{\"@id\":\"https:\\\/\\\/akunq.net\\\/tr\\\/?p=42085\"},\"author\":{\"name\":\"admin\",\"@id\":\"https:\\\/\\\/akunq.net\\\/tr\\\/#\\\/schema\\\/person\\\/096f1d38a12cce57fb855b485ed24c9e\"},\"headline\":\"T\u00fcrkiye&#8217;deki Dini Az\u0131nl\u0131klar\u0131n Artan I\u015e\u0130D Korkusu\",\"datePublished\":\"2016-09-28T08:12:10+00:00\",\"mainEntityOfPage\":{\"@id\":\"https:\\\/\\\/akunq.net\\\/tr\\\/?p=42085\"},\"wordCount\":744,\"commentCount\":0,\"image\":{\"@id\":\"https:\\\/\\\/akunq.net\\\/tr\\\/?p=42085#primaryimage\"},\"thumbnailUrl\":\"https:\\\/\\\/akunq.net\\\/tr\\\/wp-content\\\/uploads\\\/sites\\\/6\\\/2016\\\/09\\\/T\u00fcrkiyedeki-Dini-Az\u0131nl\u0131klar.jpg\",\"articleSection\":[\"Haberler\",\"Makaleler\",\"T\u00fcrkiye\u2019de Az\u0131nl\u0131klar\"],\"inLanguage\":\"en-US\",\"potentialAction\":[{\"@type\":\"CommentAction\",\"name\":\"Comment\",\"target\":[\"https:\\\/\\\/akunq.net\\\/tr\\\/?p=42085#respond\"]}]},{\"@type\":\"WebPage\",\"@id\":\"https:\\\/\\\/akunq.net\\\/tr\\\/?p=42085\",\"url\":\"https:\\\/\\\/akunq.net\\\/tr\\\/?p=42085\",\"name\":\"T\u00fcrkiye'deki Dini Az\u0131nl\u0131klar\u0131n Artan I\u015e\u0130D Korkusu - Bati Ermenistan Ve Bati Ermenileri Sorunlari Ara\u015ftirmalar Merkezi\",\"isPartOf\":{\"@id\":\"https:\\\/\\\/akunq.net\\\/tr\\\/#website\"},\"primaryImageOfPage\":{\"@id\":\"https:\\\/\\\/akunq.net\\\/tr\\\/?p=42085#primaryimage\"},\"image\":{\"@id\":\"https:\\\/\\\/akunq.net\\\/tr\\\/?p=42085#primaryimage\"},\"thumbnailUrl\":\"https:\\\/\\\/akunq.net\\\/tr\\\/wp-content\\\/uploads\\\/sites\\\/6\\\/2016\\\/09\\\/T\u00fcrkiyedeki-Dini-Az\u0131nl\u0131klar.jpg\",\"datePublished\":\"2016-09-28T08:12:10+00:00\",\"author\":{\"@id\":\"https:\\\/\\\/akunq.net\\\/tr\\\/#\\\/schema\\\/person\\\/096f1d38a12cce57fb855b485ed24c9e\"},\"breadcrumb\":{\"@id\":\"https:\\\/\\\/akunq.net\\\/tr\\\/?p=42085#breadcrumb\"},\"inLanguage\":\"en-US\",\"potentialAction\":[{\"@type\":\"ReadAction\",\"target\":[\"https:\\\/\\\/akunq.net\\\/tr\\\/?p=42085\"]}]},{\"@type\":\"ImageObject\",\"inLanguage\":\"en-US\",\"@id\":\"https:\\\/\\\/akunq.net\\\/tr\\\/?p=42085#primaryimage\",\"url\":\"https:\\\/\\\/akunq.net\\\/tr\\\/wp-content\\\/uploads\\\/sites\\\/6\\\/2016\\\/09\\\/T\u00fcrkiyedeki-Dini-Az\u0131nl\u0131klar.jpg\",\"contentUrl\":\"https:\\\/\\\/akunq.net\\\/tr\\\/wp-content\\\/uploads\\\/sites\\\/6\\\/2016\\\/09\\\/T\u00fcrkiyedeki-Dini-Az\u0131nl\u0131klar.jpg\",\"width\":200,\"height\":112},{\"@type\":\"BreadcrumbList\",\"@id\":\"https:\\\/\\\/akunq.net\\\/tr\\\/?p=42085#breadcrumb\",\"itemListElement\":[{\"@type\":\"ListItem\",\"position\":1,\"name\":\"Home\",\"item\":\"https:\\\/\\\/akunq.net\\\/tr\"},{\"@type\":\"ListItem\",\"position\":2,\"name\":\"T\u00fcrkiye&#8217;deki Dini Az\u0131nl\u0131klar\u0131n Artan I\u015e\u0130D Korkusu\"}]},{\"@type\":\"WebSite\",\"@id\":\"https:\\\/\\\/akunq.net\\\/tr\\\/#website\",\"url\":\"https:\\\/\\\/akunq.net\\\/tr\\\/\",\"name\":\"Bati Ermenistan Ve Bati Ermenileri Sorunlari Ara\u015ftirmalar Merkezi\",\"description\":\"\",\"potentialAction\":[{\"@type\":\"SearchAction\",\"target\":{\"@type\":\"EntryPoint\",\"urlTemplate\":\"https:\\\/\\\/akunq.net\\\/tr\\\/?s={search_term_string}\"},\"query-input\":{\"@type\":\"PropertyValueSpecification\",\"valueRequired\":true,\"valueName\":\"search_term_string\"}}],\"inLanguage\":\"en-US\"},{\"@type\":\"Person\",\"@id\":\"https:\\\/\\\/akunq.net\\\/tr\\\/#\\\/schema\\\/person\\\/096f1d38a12cce57fb855b485ed24c9e\",\"name\":\"admin\",\"url\":\"https:\\\/\\\/akunq.net\\\/tr\\\/?author=7\"}]}<\/script>\n<!-- \/ Yoast SEO plugin. -->","yoast_head_json":{"title":"T\u00fcrkiye'deki Dini Az\u0131nl\u0131klar\u0131n Artan I\u015e\u0130D Korkusu - Bati Ermenistan Ve Bati Ermenileri Sorunlari Ara\u015ftirmalar Merkezi","robots":{"index":"index","follow":"follow","max-snippet":"max-snippet:-1","max-image-preview":"max-image-preview:large","max-video-preview":"max-video-preview:-1"},"canonical":"https:\/\/akunq.net\/tr\/?p=42085","og_locale":"en_US","og_type":"article","og_title":"T\u00fcrkiye'deki Dini Az\u0131nl\u0131klar\u0131n Artan I\u015e\u0130D Korkusu - Bati Ermenistan Ve Bati Ermenileri Sorunlari Ara\u015ftirmalar Merkezi","og_description":"Kas\u0131m Cindemir\/ Uzay Bulut Ankara I\u015e\u0130D\u2019e kar\u015f\u0131 sert \u00f6nlemleri ya\u015fama ge\u00e7irirken, T\u00fcrkiye\u2019deki dini az\u0131nl\u0131klar\u0131n radikal \u0130slamc\u0131 ter\u00f6rist eylemlere hedef olma yolundaki korkular\u0131 giderek art\u0131yor. Amerikan resmi verilerine g\u00f6re, 79 milyonluk T\u00fcrkiye\u2019de ya\u015fayan H\u0131ristiyan ve Yahudiler\u2019in oran\u0131 sadece y\u00fczde 0,2 civar\u0131nda. Ancak bu az\u0131nl\u0131klar, iktidar yanl\u0131s\u0131 medya taraf\u0131ndan 15 Temmuz darbe giri\u015fiminin ard\u0131nda olma su\u00e7lamalar\u0131na maruz [&hellip;]","og_url":"https:\/\/akunq.net\/tr\/?p=42085","og_site_name":"Bati Ermenistan Ve Bati Ermenileri Sorunlari Ara\u015ftirmalar Merkezi","article_published_time":"2016-09-28T08:12:10+00:00","og_image":[{"width":200,"height":112,"url":"https:\/\/akunq.net\/tr\/wp-content\/uploads\/sites\/6\/2016\/09\/T\u00fcrkiyedeki-Dini-Az\u0131nl\u0131klar.jpg","type":"image\/jpeg"}],"author":"admin","twitter_card":"summary_large_image","twitter_misc":{"Written by":"admin","Est. reading time":"4 minutes"},"schema":{"@context":"https:\/\/schema.org","@graph":[{"@type":"Article","@id":"https:\/\/akunq.net\/tr\/?p=42085#article","isPartOf":{"@id":"https:\/\/akunq.net\/tr\/?p=42085"},"author":{"name":"admin","@id":"https:\/\/akunq.net\/tr\/#\/schema\/person\/096f1d38a12cce57fb855b485ed24c9e"},"headline":"T\u00fcrkiye&#8217;deki Dini Az\u0131nl\u0131klar\u0131n Artan I\u015e\u0130D Korkusu","datePublished":"2016-09-28T08:12:10+00:00","mainEntityOfPage":{"@id":"https:\/\/akunq.net\/tr\/?p=42085"},"wordCount":744,"commentCount":0,"image":{"@id":"https:\/\/akunq.net\/tr\/?p=42085#primaryimage"},"thumbnailUrl":"https:\/\/akunq.net\/tr\/wp-content\/uploads\/sites\/6\/2016\/09\/T\u00fcrkiyedeki-Dini-Az\u0131nl\u0131klar.jpg","articleSection":["Haberler","Makaleler","T\u00fcrkiye\u2019de Az\u0131nl\u0131klar"],"inLanguage":"en-US","potentialAction":[{"@type":"CommentAction","name":"Comment","target":["https:\/\/akunq.net\/tr\/?p=42085#respond"]}]},{"@type":"WebPage","@id":"https:\/\/akunq.net\/tr\/?p=42085","url":"https:\/\/akunq.net\/tr\/?p=42085","name":"T\u00fcrkiye'deki Dini Az\u0131nl\u0131klar\u0131n Artan I\u015e\u0130D Korkusu - Bati Ermenistan Ve Bati Ermenileri Sorunlari Ara\u015ftirmalar Merkezi","isPartOf":{"@id":"https:\/\/akunq.net\/tr\/#website"},"primaryImageOfPage":{"@id":"https:\/\/akunq.net\/tr\/?p=42085#primaryimage"},"image":{"@id":"https:\/\/akunq.net\/tr\/?p=42085#primaryimage"},"thumbnailUrl":"https:\/\/akunq.net\/tr\/wp-content\/uploads\/sites\/6\/2016\/09\/T\u00fcrkiyedeki-Dini-Az\u0131nl\u0131klar.jpg","datePublished":"2016-09-28T08:12:10+00:00","author":{"@id":"https:\/\/akunq.net\/tr\/#\/schema\/person\/096f1d38a12cce57fb855b485ed24c9e"},"breadcrumb":{"@id":"https:\/\/akunq.net\/tr\/?p=42085#breadcrumb"},"inLanguage":"en-US","potentialAction":[{"@type":"ReadAction","target":["https:\/\/akunq.net\/tr\/?p=42085"]}]},{"@type":"ImageObject","inLanguage":"en-US","@id":"https:\/\/akunq.net\/tr\/?p=42085#primaryimage","url":"https:\/\/akunq.net\/tr\/wp-content\/uploads\/sites\/6\/2016\/09\/T\u00fcrkiyedeki-Dini-Az\u0131nl\u0131klar.jpg","contentUrl":"https:\/\/akunq.net\/tr\/wp-content\/uploads\/sites\/6\/2016\/09\/T\u00fcrkiyedeki-Dini-Az\u0131nl\u0131klar.jpg","width":200,"height":112},{"@type":"BreadcrumbList","@id":"https:\/\/akunq.net\/tr\/?p=42085#breadcrumb","itemListElement":[{"@type":"ListItem","position":1,"name":"Home","item":"https:\/\/akunq.net\/tr"},{"@type":"ListItem","position":2,"name":"T\u00fcrkiye&#8217;deki Dini Az\u0131nl\u0131klar\u0131n Artan I\u015e\u0130D Korkusu"}]},{"@type":"WebSite","@id":"https:\/\/akunq.net\/tr\/#website","url":"https:\/\/akunq.net\/tr\/","name":"Bati Ermenistan Ve Bati Ermenileri Sorunlari Ara\u015ftirmalar Merkezi","description":"","potentialAction":[{"@type":"SearchAction","target":{"@type":"EntryPoint","urlTemplate":"https:\/\/akunq.net\/tr\/?s={search_term_string}"},"query-input":{"@type":"PropertyValueSpecification","valueRequired":true,"valueName":"search_term_string"}}],"inLanguage":"en-US"},{"@type":"Person","@id":"https:\/\/akunq.net\/tr\/#\/schema\/person\/096f1d38a12cce57fb855b485ed24c9e","name":"admin","url":"https:\/\/akunq.net\/tr\/?author=7"}]}},"_links":{"self":[{"href":"https:\/\/akunq.net\/tr\/index.php?rest_route=\/wp\/v2\/posts\/42085","targetHints":{"allow":["GET"]}}],"collection":[{"href":"https:\/\/akunq.net\/tr\/index.php?rest_route=\/wp\/v2\/posts"}],"about":[{"href":"https:\/\/akunq.net\/tr\/index.php?rest_route=\/wp\/v2\/types\/post"}],"author":[{"embeddable":true,"href":"https:\/\/akunq.net\/tr\/index.php?rest_route=\/wp\/v2\/users\/7"}],"replies":[{"embeddable":true,"href":"https:\/\/akunq.net\/tr\/index.php?rest_route=%2Fwp%2Fv2%2Fcomments&post=42085"}],"version-history":[{"count":1,"href":"https:\/\/akunq.net\/tr\/index.php?rest_route=\/wp\/v2\/posts\/42085\/revisions"}],"predecessor-version":[{"id":42087,"href":"https:\/\/akunq.net\/tr\/index.php?rest_route=\/wp\/v2\/posts\/42085\/revisions\/42087"}],"wp:featuredmedia":[{"embeddable":true,"href":"https:\/\/akunq.net\/tr\/index.php?rest_route=\/wp\/v2\/media\/42086"}],"wp:attachment":[{"href":"https:\/\/akunq.net\/tr\/index.php?rest_route=%2Fwp%2Fv2%2Fmedia&parent=42085"}],"wp:term":[{"taxonomy":"category","embeddable":true,"href":"https:\/\/akunq.net\/tr\/index.php?rest_route=%2Fwp%2Fv2%2Fcategories&post=42085"},{"taxonomy":"post_tag","embeddable":true,"href":"https:\/\/akunq.net\/tr\/index.php?rest_route=%2Fwp%2Fv2%2Ftags&post=42085"}],"curies":[{"name":"wp","href":"https:\/\/api.w.org\/{rel}","templated":true}]}}